{"id":75482,"date":"2021-10-05T02:18:00","date_gmt":"2021-10-05T00:18:00","guid":{"rendered":"https:\/\/www.sonnenseite.com\/?p=75482"},"modified":"2021-10-04T08:20:22","modified_gmt":"2021-10-04T06:20:22","slug":"grasland-in-gefahr","status":"publish","type":"post","link":"https:\/\/www.sonnenseite.com\/de\/umwelt\/grasland-in-gefahr\/","title":{"rendered":"Grasland in Gefahr"},"content":{"rendered":"\n<p><br>Graslandschaften sind weltweit Oasen biologischer Vielfalt und stellen eine Vielzahl von Leistungen f\u00fcr den Menschen bereit \u2013 darunter Nahrungsmittel, Wasserversorgung und die Speicherung von Kohlenstoff. <\/p>\n\n\n\n<p>Die Zukunft dieser \u00d6kosysteme sieht jedoch d\u00fcster aus, sollten keine Ma\u00dfnahmen ergriffen werden, um die Degradierung der Grasl\u00e4nder aufzuhalten und ihre Renaturierung zu f\u00f6rdern, so die Autor*innen einer Studie im Fachjournal \u201eNature Reviews Earth &amp; Environment\u201c. Ein internationales Expert*innenteam, unter der Leitung der Universit\u00e4t Manchester, schl\u00e4gt in der k\u00fcrzlich erschienenen Publikation eine Reihe von Strategien vor, um die weltweite Zerst\u00f6rung von Graslandschaften zu stoppen und ihre Wiederherstellung zu f\u00f6rdern.<\/p>\n\n\n\n<p>Das Forscher*innen-Team, unter ihnen <a href=\"https:\/\/www.senckenberg.de\/de\/Mitarbeiter\/dr-peter-manning\/\">Dr. Peter Manning vom Senckenberg Biodiversit\u00e4t und Klima Forschungszentrum Frankfurt<\/a>, hebt hervor, dass die Graslandschaften der Welt \u2013 die etwa 40 Prozent der Landoberfl\u00e4che der Erde und rund 69 Prozent der landwirtschaftlichen Nutzfl\u00e4che einnehmen \u2013 durch die fortschreitende Degradierung stark bedroht sind. Dennoch werden Graslandfl\u00e4chen in den Programmen f\u00fcr nachhaltige Entwicklung bislang weitgehend ignoriert. Die Autor*innen zeigen auf, dass dies eine gro\u00dfe Bedrohung f\u00fcr Millionen von Menschen auf der ganzen Welt darstellt, die auf Grasland angewiesen sind und diese Landschaften auf unterschiedliche Weise in ihre Kultur einbinden \u2013beispielsweise f\u00fcr die Nahrungsmittelproduktion, als Brennstofflieferant oder als Quelle f\u00fcr medizinische Produkte.<\/p>\n\n\n\n<p>Das Expert*innen-Team aus den wichtigsten Graslandregionen der Welt schl\u00e4gt eine Reihe von Punkten zur Bek\u00e4mpfung der Degradierung sowie zur F\u00f6rderung der Renaturierung vor. Zu diesen Strategien geh\u00f6ren die verst\u00e4rkte Anerkennung von Grasland in der globalen Politik, die Entwicklung standardisierter Indikatoren f\u00fcr die Degradierung, die Nutzung wissenschaftlicher Innovationen f\u00fcr eine wirksame Renaturierung auf regionaler und naturr\u00e4umlicher Ebene sowie die Verbesserung des Wissenstransfers und des Datenaustauschs bez\u00fcglich der Erfahrungen mit Renaturierungsma\u00dfnahmen. Die Autor*innen warnen zudem, dass der fortschreitende Klimawandel das Problem verst\u00e4rkt und die Umsetzung der Strategien immer dringlicher wird.<\/p>\n\n\n\n<p>Erstautor der Studie Prof. Richard Bardgett von der Universit\u00e4t Manchester erl\u00e4utert: \u201eDie Degradierung von Grasland stellt eine gro\u00dfe globale Herausforderung dar, die wir bew\u00e4ltigen m\u00fcssen, wenn wir die zentralen Ziele der Biodiversit\u00e4tsagenden wie die Aichi-Ziele des \u00dcbereinkommens \u00fcber die biologische Vielfalt (CBD) oder die \u201aSustainable Development Goals\u2018 (SDGs) der Vereinten Nationen erreichen wollen. Unter den Herausforderungen befinden sich so entscheidende Punkte, wie die Wiederherstellung und die nachhaltige Nutzung terrestrischer \u00d6kosysteme, die Bek\u00e4mpfung von Hunger und Armut und die Eind\u00e4mmung des globalen Klimawandels.\u201c<\/p>\n\n\n\n<div class=\"wp-block-image\"><figure class=\"aligncenter size-full\"><img loading=\"lazy\" decoding=\"async\" width=\"770\" height=\"420\" src=\"https:\/\/www.sonnenseite.com\/wp-content\/uploads\/2021\/10\/Senckenberg_Grasland1.jpg\" alt=\"\" class=\"wp-image-75486\" srcset=\"https:\/\/www.sonnenseite.com\/wp-content\/uploads\/2021\/10\/Senckenberg_Grasland1.jpg 770w, https:\/\/www.sonnenseite.com\/wp-content\/uploads\/2021\/10\/Senckenberg_Grasland1-300x164.jpg 300w, https:\/\/www.sonnenseite.com\/wp-content\/uploads\/2021\/10\/Senckenberg_Grasland1-768x419.jpg 768w\" sizes=\"auto, (max-width: 770px) 100vw, 770px\" \/><figcaption>\u00a9 Senckenberg.de | Richard Bardgett | Bodenerosion sowie Verlust der Biodiversit\u00e4t und \u00d6kosystemleistungen sind die Folgen dieser Bewirtschaftung.<\/figcaption><\/figure><\/div>\n\n\n\n<p>Die Eind\u00e4mmung und Umkehrung der Landver\u00f6dung ist eine der gr\u00f6\u00dften Herausforderungen bei der Verwirklichung der UN-Ziele. \u201eDie Bek\u00e4mpfung der Degradierung ist ein zentrales Anliegen der UN-Dekade zur Wiederherstellung von \u00d6kosystemen (2021-2030)\u201c, erg\u00e4nzt Manning und f\u00e4hrt fort: \u201eEinfach ausgedr\u00fcckt: Wenn Grasland nachhaltig bewirtschaftet werden soll, dann muss sowohl die globale, als auch die regionale Politik umdenken, um den Wert von Graslandschaften f\u00fcr verschiedene \u00d6kosystemleistungen zu w\u00fcrdigen und Ziele f\u00fcr deren Schutz, Wiederherstellung und nachhaltige Bewirtschaftung festzulegen.\u201c<\/p>\n\n\n\n<p>Die Autor*innen schlagen einen standardisierten Ansatz zur Bewertung der Gr\u00fcnlanddegradation und -wiederherstellung vor, der auf einem gemeinsamen Verst\u00e4ndnis der Interessengruppen hinsichtlich potenzieller Kompromisse bei \u00d6kosystemleistungen in degradierten und wiederhergestellten Gr\u00fcnlandfl\u00e4chen basiert. Sie zeigen, wie ihr Ansatz in verschiedenen Situationen angewendet werden kann \u2013 von landwirtschaftlich genutztem Gr\u00fcnland in Europa bis zu nat\u00fcrlichem Grasland in ariden und semiariden Regionen Ostafrikas. Dabei werden Renaturierungsoptionen identifiziert, die den Bed\u00fcrfnissen verschiedener Interessengruppen, wie Landwirt*innen oder Hirt*innen, Natursch\u00fctzer*innen und Tourist*innen, am besten gerecht werden.<\/p>\n\n\n\n<p>Dr. Urs Schaffner von CABI Schweiz, der sich auf L\u00f6sungen zur Bek\u00e4mpfung invasiver Geh\u00f6lzarten in Graslandschaften in Ostafrika spezialisiert hat, erkl\u00e4rt: \u201eW\u00e4hrend wir anhand konkreter Fallstudien zeigen, wie sich unser standardisierter Ansatz anwenden l\u00e4sst, sind weitere Studien erforderlich, um diesen Ansatz unter standortspezifischen Bedingungen auf lokaler und \u00fcbergeordneter Ebene zu testen.\u201c<\/p>\n\n\n\n<p>Laut der Studie sind au\u00dferdem weitere Arbeiten n\u00f6tig, um die unterschiedliche Wahrnehmung von Graslandschaften in der Gesellschaft und die Gr\u00fcnde f\u00fcr die Vernachl\u00e4ssigung von Grasland in der Nachhaltigkeitspolitik besser zu verstehen. Auf dieser Basis k\u00f6nnen vielversprechende neue Methoden zur Bewertung der Degradierung und Wiederherstellung von Grasland entwickelt und getestet werden. \u00d6kologisches Wissen lie\u00dfe sich so f\u00fcr eine erfolgreiche Wiederherstellung der Landschaften nutzbar machen, so das Forscher*innen-Team. In Gro\u00dfbritannien und in weiten Teilen Westeuropas werde beispielsweise ein gro\u00dfer Teil des Graslandes intensiv f\u00fcr die Viehhaltung genutzt. Eine intensive Nutzung hat aber negative Auswirkungen auf die Biodiversit\u00e4t und auf verschiedene \u00d6kosystemleistungen von Grasland.<\/p>\n\n\n\n<p>\u201eUnsere wenigen verbliebenen artenreichen Graslandfl\u00e4chen beherbergen viele seltene Tiere und Pflanzen, binden Kohlenstoff und halten Hochwasser zur\u00fcck, aber sie sind durch Bauprojekte, intensive Landwirtschaft, Umweltverschmutzung und auch Aufforstungen bedroht\u201c, f\u00fcgt Manning hinzu.<\/p>\n\n\n\n<p>Die Autor*innen argumentieren, dass Graslandschaften und die von ihnen erbrachten Leistungen in der Nachhaltigkeitspolitik einen gleichen Rang wie W\u00e4lder erhalten sollten. Sie hoffen, dass ihre Empfehlungen dazu beitragen werden, dass der Schutz von Grasland auf der bevorstehenden COP 15-Konferenz im Oktober eine gr\u00f6\u00dfere Rolle spielt. \u201eWir w\u00fcnschen uns, dass unsere Studie das Bewusstsein f\u00fcr die weltweite Graslandkrise und die akute Notwendigkeit von Ma\u00dfnahmen zur Verhinderung der Graslanddegradierung und f\u00fcr eine erfolgreichere Renaturierung sch\u00e4rft. Nur so k\u00f6nnen die zahlreichen von Graslandschaften gebotenen Nutzleistungen f\u00fcr Mensch und Tier erhalten bleiben,\u201c res\u00fcmiert Manning.<\/p>\n\n\n\n<ul class=\"wp-block-list\"><li>Publikation: <a href=\"https:\/\/www.nature.com\/articles\/s43017-021-00207-2\">Bardgett, R.D., Bullock, J.M., Lavorel, S. et al. Combatting global grassland degradation. Nat Rev Earth Environ (2021). https:\/\/doi.org\/10.1038\/s43017-021-00207-2<\/a><\/li><\/ul>\n\n\n<h5 class=\"green\">Quelle<\/h5>\r\n\n\n\n<p><a href=\"https:\/\/www.senckenberg.de\/de\/pressemeldungen\/grasland-in-gefahr\/\">Senckenberg Forschungsinstitut und Naturmuseen 2021<\/a><\/p>\n<div class=\"shariff shariff-align-flex-start shariff-widget-align-flex-start\"><div class=\"ShariffHeadline\">Diese Meldung teilen<\/div><ul class=\"shariff-buttons theme-round orientation-horizontal buttonsize-medium\"><li class=\"shariff-button facebook shariff-nocustomcolor\" style=\"background-color:#4273c8;border-radius:1%\"><a href=\"https:\/\/www.facebook.com\/sharer\/sharer.php?u=https%3A%2F%2Fwww.sonnenseite.com%2Fde%2Fumwelt%2Fgrasland-in-gefahr%2F\" title=\"Bei Facebook teilen\" aria-label=\"Bei Facebook teilen\" role=\"button\" rel=\"nofollow\" class=\"shariff-link\" style=\";border-radius:1%; background-color:#3b5998; color:#fff\" target=\"_blank\"><span class=\"shariff-icon\" style=\"\"><svg width=\"32px\" height=\"20px\" xmlns=\"http:\/\/www.w3.org\/2000\/svg\" viewBox=\"0 0 18 32\"><path fill=\"#3b5998\" d=\"M17.1 0.2v4.7h-2.8q-1.5 0-2.1 0.6t-0.5 1.9v3.4h5.2l-0.7 5.3h-4.5v13.6h-5.5v-13.6h-4.5v-5.3h4.5v-3.9q0-3.3 1.9-5.2t5-1.8q2.6 0 4.1 0.2z\"\/><\/svg><\/span><\/a><\/li><li class=\"shariff-button twitter shariff-nocustomcolor\" style=\"background-color:#595959;border-radius:1%\"><a href=\"https:\/\/twitter.com\/share?url=https%3A%2F%2Fwww.sonnenseite.com%2Fde%2Fumwelt%2Fgrasland-in-gefahr%2F&text=Grasland%20in%20Gefahr\" title=\"Bei X teilen\" aria-label=\"Bei X teilen\" role=\"button\" rel=\"noopener nofollow\" class=\"shariff-link\" style=\";border-radius:1%; background-color:#000; color:#fff\" target=\"_blank\"><span class=\"shariff-icon\" style=\"\"><svg width=\"32px\" height=\"20px\" xmlns=\"http:\/\/www.w3.org\/2000\/svg\" viewBox=\"0 0 24 24\"><path fill=\"#000\" d=\"M14.258 10.152L23.176 0h-2.113l-7.747 8.813L7.133 0H0l9.352 13.328L0 23.973h2.113l8.176-9.309 6.531 9.309h7.133zm-2.895 3.293l-.949-1.328L2.875 1.56h3.246l6.086 8.523.945 1.328 7.91 11.078h-3.246zm0 0\"\/><\/svg><\/span><\/a><\/li><li class=\"shariff-button xing shariff-nocustomcolor\" style=\"background-color:#29888a;border-radius:1%\"><a href=\"https:\/\/www.xing.com\/spi\/shares\/new?url=https%3A%2F%2Fwww.sonnenseite.com%2Fde%2Fumwelt%2Fgrasland-in-gefahr%2F\" title=\"Bei XING teilen\" aria-label=\"Bei XING teilen\" role=\"button\" rel=\"noopener nofollow\" class=\"shariff-link\" style=\";border-radius:1%; background-color:#126567; color:#fff\" target=\"_blank\"><span class=\"shariff-icon\" style=\"\"><svg width=\"32px\" height=\"20px\" xmlns=\"http:\/\/www.w3.org\/2000\/svg\" viewBox=\"0 0 25 32\"><path fill=\"#126567\" d=\"M10.7 11.9q-0.2 0.3-4.6 8.2-0.5 0.8-1.2 0.8h-4.3q-0.4 0-0.5-0.3t0-0.6l4.5-8q0 0 0 0l-2.9-5q-0.2-0.4 0-0.7 0.2-0.3 0.5-0.3h4.3q0.7 0 1.2 0.8zM25.1 0.4q0.2 0.3 0 0.7l-9.4 16.7 6 11q0.2 0.4 0 0.6-0.2 0.3-0.6 0.3h-4.3q-0.7 0-1.2-0.8l-6-11.1q0.3-0.6 9.5-16.8 0.4-0.8 1.2-0.8h4.3q0.4 0 0.5 0.3z\"\/><\/svg><\/span><\/a><\/li><li class=\"shariff-button linkedin shariff-nocustomcolor\" style=\"background-color:#1488bf;border-radius:1%\"><a href=\"https:\/\/www.linkedin.com\/sharing\/share-offsite\/?url=https%3A%2F%2Fwww.sonnenseite.com%2Fde%2Fumwelt%2Fgrasland-in-gefahr%2F\" title=\"Bei LinkedIn teilen\" aria-label=\"Bei LinkedIn teilen\" role=\"button\" rel=\"noopener nofollow\" class=\"shariff-link\" style=\";border-radius:1%; background-color:#0077b5; color:#fff\" target=\"_blank\"><span class=\"shariff-icon\" style=\"\"><svg width=\"32px\" height=\"20px\" xmlns=\"http:\/\/www.w3.org\/2000\/svg\" viewBox=\"0 0 27 32\"><path fill=\"#0077b5\" d=\"M6.2 11.2v17.7h-5.9v-17.7h5.9zM6.6 5.7q0 1.3-0.9 2.2t-2.4 0.9h0q-1.5 0-2.4-0.9t-0.9-2.2 0.9-2.2 2.4-0.9 2.4 0.9 0.9 2.2zM27.4 18.7v10.1h-5.9v-9.5q0-1.9-0.7-2.9t-2.3-1.1q-1.1 0-1.9 0.6t-1.2 1.5q-0.2 0.5-0.2 1.4v9.9h-5.9q0-7.1 0-11.6t0-5.3l0-0.9h5.9v2.6h0q0.4-0.6 0.7-1t1-0.9 1.6-0.8 2-0.3q3 0 4.9 2t1.9 6z\"\/><\/svg><\/span><\/a><\/li><li class=\"shariff-button printer shariff-nocustomcolor\" style=\"background-color:#a8a8a8;border-radius:1%\"><a href=\"javascript:window.print()\" title=\"drucken\" aria-label=\"drucken\" role=\"button\" rel=\"noopener nofollow\" class=\"shariff-link\" style=\";border-radius:1%; background-color:#999; color:#fff\"><span class=\"shariff-icon\" style=\"\"><svg width=\"32px\" height=\"20px\" xmlns=\"http:\/\/www.w3.org\/2000\/svg\" viewBox=\"0 0 30 32\"><path fill=\"#999\" d=\"M6.8 27.4h16v-4.6h-16v4.6zM6.8 16h16v-6.8h-2.8q-0.7 0-1.2-0.5t-0.5-1.2v-2.8h-11.4v11.4zM27.4 17.2q0-0.5-0.3-0.8t-0.8-0.4-0.8 0.4-0.3 0.8 0.3 0.8 0.8 0.3 0.8-0.3 0.3-0.8zM29.7 17.2v7.4q0 0.2-0.2 0.4t-0.4 0.2h-4v2.8q0 0.7-0.5 1.2t-1.2 0.5h-17.2q-0.7 0-1.2-0.5t-0.5-1.2v-2.8h-4q-0.2 0-0.4-0.2t-0.2-0.4v-7.4q0-1.4 1-2.4t2.4-1h1.2v-9.7q0-0.7 0.5-1.2t1.2-0.5h12q0.7 0 1.6 0.4t1.3 0.8l2.7 2.7q0.5 0.5 0.9 1.4t0.4 1.6v4.6h1.1q1.4 0 2.4 1t1 2.4z\"\/><\/svg><\/span><\/a><\/li><li class=\"shariff-button mailto shariff-nocustomcolor\" style=\"background-color:#a8a8a8;border-radius:1%\"><a href=\"mailto:?body=https%3A%2F%2Fwww.sonnenseite.com%2Fde%2Fumwelt%2Fgrasland-in-gefahr%2F&subject=Grasland%20in%20Gefahr\" title=\"Per E-Mail versenden\" aria-label=\"Per E-Mail versenden\" role=\"button\" rel=\"noopener nofollow\" class=\"shariff-link\" style=\";border-radius:1%; background-color:#999; color:#fff\"><span class=\"shariff-icon\" style=\"\"><svg width=\"32px\" height=\"20px\" xmlns=\"http:\/\/www.w3.org\/2000\/svg\" viewBox=\"0 0 32 32\"><path fill=\"#999\" d=\"M32 12.7v14.2q0 1.2-0.8 2t-2 0.9h-26.3q-1.2 0-2-0.9t-0.8-2v-14.2q0.8 0.9 1.8 1.6 6.5 4.4 8.9 6.1 1 0.8 1.6 1.2t1.7 0.9 2 0.4h0.1q0.9 0 2-0.4t1.7-0.9 1.6-1.2q3-2.2 8.9-6.1 1-0.7 1.8-1.6zM32 7.4q0 1.4-0.9 2.7t-2.2 2.2q-6.7 4.7-8.4 5.8-0.2 0.1-0.7 0.5t-1 0.7-0.9 0.6-1.1 0.5-0.9 0.2h-0.1q-0.4 0-0.9-0.2t-1.1-0.5-0.9-0.6-1-0.7-0.7-0.5q-1.6-1.1-4.7-3.2t-3.6-2.6q-1.1-0.7-2.1-2t-1-2.5q0-1.4 0.7-2.3t2.1-0.9h26.3q1.2 0 2 0.8t0.9 2z\"\/><\/svg><\/span><\/a><\/li><\/ul><\/div>","protected":false},"excerpt":{"rendered":"<p>Graslandschaften sind weltweit Oasen biologischer Vielfalt und stellen eine Vielzahl von Leistungen f\u00fcr den Menschen bereit [&hellip;]<\/p>\n","protected":false},"author":3,"featured_media":75484,"comment_status":"closed","ping_status":"closed","sticky":false,"template":"","format":"standard","meta":{"inline_featured_image":false,"footnotes":""},"categories":[23],"tags":[],"class_list":["post-75482","post","type-post","status-publish","format-standard","has-post-thumbnail","hentry","category-umwelt"],"yoast_head":"<!-- This site is optimized with the Yoast SEO plugin v26.5 - https:\/\/yoast.com\/wordpress\/plugins\/seo\/ -->\n<title>Grasland in Gefahr - Sonnenseite - \u00d6kologische Kommunikation mit Franz Alt<\/title>\n<meta name=\"description\" content=\"Graslandschaften sind weltweit Oasen biologischer Vielfalt und stellen eine Vielzahl von Leistungen f\u00fcr den Menschen bereit \u2013 darunter Nahrungsmittel,\" \/>\n<meta name=\"robots\" content=\"index, follow, max-snippet:-1, max-image-preview:large, max-video-preview:-1\" \/>\n<link rel=\"canonical\" href=\"https:\/\/www.sonnenseite.com\/de\/umwelt\/grasland-in-gefahr\/\" \/>\n<meta property=\"og:locale\" content=\"de_DE\" \/>\n<meta property=\"og:type\" content=\"article\" \/>\n<meta property=\"og:title\" content=\"Grasland in Gefahr - Sonnenseite - \u00d6kologische Kommunikation mit Franz Alt\" \/>\n<meta property=\"og:description\" content=\"Graslandschaften sind weltweit Oasen biologischer Vielfalt und stellen eine Vielzahl von Leistungen f\u00fcr den Menschen bereit \u2013 darunter Nahrungsmittel,\" \/>\n<meta property=\"og:url\" content=\"https:\/\/www.sonnenseite.com\/de\/umwelt\/grasland-in-gefahr\/\" \/>\n<meta property=\"og:site_name\" content=\"Sonnenseite\" \/>\n<meta property=\"article:publisher\" content=\"https:\/\/www.facebook.com\/pages\/Franz-Alt-SONNENSEITECOM\/221072987903953?fref=ts\" \/>\n<meta property=\"article:published_time\" content=\"2021-10-05T00:18:00+00:00\" \/>\n<meta property=\"og:image\" content=\"https:\/\/www.sonnenseite.com\/wp-content\/uploads\/2021\/10\/Senckenberg_Grasland.jpg\" \/>\n\t<meta property=\"og:image:width\" content=\"770\" \/>\n\t<meta property=\"og:image:height\" content=\"420\" \/>\n\t<meta property=\"og:image:type\" content=\"image\/jpeg\" \/>\n<meta name=\"author\" content=\"Bigi Alt\" \/>\n<meta name=\"twitter:card\" content=\"summary_large_image\" \/>\n<meta name=\"twitter:creator\" content=\"@franzalt\" \/>\n<meta name=\"twitter:site\" content=\"@franzalt\" \/>\n<meta name=\"twitter:label1\" content=\"Verfasst von\" \/>\n\t<meta name=\"twitter:data1\" content=\"Bigi Alt\" \/>\n\t<meta name=\"twitter:label2\" content=\"Gesch\u00e4tzte Lesezeit\" \/>\n\t<meta name=\"twitter:data2\" content=\"4\u00a0Minuten\" \/>\n<script type=\"application\/ld+json\" class=\"yoast-schema-graph\">{\"@context\":\"https:\/\/schema.org\",\"@graph\":[{\"@type\":\"Article\",\"@id\":\"https:\/\/www.sonnenseite.com\/de\/umwelt\/grasland-in-gefahr\/#article\",\"isPartOf\":{\"@id\":\"https:\/\/www.sonnenseite.com\/de\/umwelt\/grasland-in-gefahr\/\"},\"author\":{\"name\":\"Bigi Alt\",\"@id\":\"https:\/\/www.sonnenseite.com\/de\/#\/schema\/person\/50fda0e926597684c7cc6695238a4eb9\"},\"headline\":\"Grasland in Gefahr\",\"datePublished\":\"2021-10-05T00:18:00+00:00\",\"mainEntityOfPage\":{\"@id\":\"https:\/\/www.sonnenseite.com\/de\/umwelt\/grasland-in-gefahr\/\"},\"wordCount\":939,\"publisher\":{\"@id\":\"https:\/\/www.sonnenseite.com\/de\/#organization\"},\"image\":{\"@id\":\"https:\/\/www.sonnenseite.com\/de\/umwelt\/grasland-in-gefahr\/#primaryimage\"},\"thumbnailUrl\":\"https:\/\/www.sonnenseite.com\/wp-content\/uploads\/2021\/10\/Senckenberg_Grasland.jpg\",\"articleSection\":[\"Umwelt\"],\"inLanguage\":\"de\"},{\"@type\":\"WebPage\",\"@id\":\"https:\/\/www.sonnenseite.com\/de\/umwelt\/grasland-in-gefahr\/\",\"url\":\"https:\/\/www.sonnenseite.com\/de\/umwelt\/grasland-in-gefahr\/\",\"name\":\"Grasland in Gefahr - Sonnenseite - \u00d6kologische Kommunikation mit Franz Alt\",\"isPartOf\":{\"@id\":\"https:\/\/www.sonnenseite.com\/de\/#website\"},\"primaryImageOfPage\":{\"@id\":\"https:\/\/www.sonnenseite.com\/de\/umwelt\/grasland-in-gefahr\/#primaryimage\"},\"image\":{\"@id\":\"https:\/\/www.sonnenseite.com\/de\/umwelt\/grasland-in-gefahr\/#primaryimage\"},\"thumbnailUrl\":\"https:\/\/www.sonnenseite.com\/wp-content\/uploads\/2021\/10\/Senckenberg_Grasland.jpg\",\"datePublished\":\"2021-10-05T00:18:00+00:00\",\"description\":\"Graslandschaften sind weltweit Oasen biologischer Vielfalt und stellen eine Vielzahl von Leistungen f\u00fcr den Menschen bereit \u2013 darunter Nahrungsmittel,\",\"breadcrumb\":{\"@id\":\"https:\/\/www.sonnenseite.com\/de\/umwelt\/grasland-in-gefahr\/#breadcrumb\"},\"inLanguage\":\"de\",\"potentialAction\":[{\"@type\":\"ReadAction\",\"target\":[\"https:\/\/www.sonnenseite.com\/de\/umwelt\/grasland-in-gefahr\/\"]}]},{\"@type\":\"ImageObject\",\"inLanguage\":\"de\",\"@id\":\"https:\/\/www.sonnenseite.com\/de\/umwelt\/grasland-in-gefahr\/#primaryimage\",\"url\":\"https:\/\/www.sonnenseite.com\/wp-content\/uploads\/2021\/10\/Senckenberg_Grasland.jpg\",\"contentUrl\":\"https:\/\/www.sonnenseite.com\/wp-content\/uploads\/2021\/10\/Senckenberg_Grasland.jpg\",\"width\":770,\"height\":420,\"caption\":\"Senckenberg.de | Grasland | Die Zukunft dieser \u00d6kosysteme sieht schlecht aus, sollten keine Ma\u00dfnahmen ergriffen werden, um die Degradierung der Grasl\u00e4nder aufzuhalten und ihre Renaturierung zu f\u00f6rdern.\"},{\"@type\":\"BreadcrumbList\",\"@id\":\"https:\/\/www.sonnenseite.com\/de\/umwelt\/grasland-in-gefahr\/#breadcrumb\",\"itemListElement\":[{\"@type\":\"ListItem\",\"position\":1,\"name\":\"Startseite\",\"item\":\"https:\/\/www.sonnenseite.com\/de\/\"},{\"@type\":\"ListItem\",\"position\":2,\"name\":\"Grasland in Gefahr\"}]},{\"@type\":\"WebSite\",\"@id\":\"https:\/\/www.sonnenseite.com\/de\/#website\",\"url\":\"https:\/\/www.sonnenseite.com\/de\/\",\"name\":\"Sonnenseite\",\"description\":\"\u00d6kologische Kommunikation mit Franz Alt\",\"publisher\":{\"@id\":\"https:\/\/www.sonnenseite.com\/de\/#organization\"},\"potentialAction\":[{\"@type\":\"SearchAction\",\"target\":{\"@type\":\"EntryPoint\",\"urlTemplate\":\"https:\/\/www.sonnenseite.com\/de\/?s={search_term_string}\"},\"query-input\":{\"@type\":\"PropertyValueSpecification\",\"valueRequired\":true,\"valueName\":\"search_term_string\"}}],\"inLanguage\":\"de\"},{\"@type\":\"Organization\",\"@id\":\"https:\/\/www.sonnenseite.com\/de\/#organization\",\"name\":\"Sonnenseite\",\"url\":\"https:\/\/www.sonnenseite.com\/de\/\",\"logo\":{\"@type\":\"ImageObject\",\"inLanguage\":\"de\",\"@id\":\"https:\/\/www.sonnenseite.com\/de\/#\/schema\/logo\/image\/\",\"url\":\"https:\/\/www.sonnenseite.com\/wp-content\/uploads\/2020\/05\/Sonnenseite_Logo.png\",\"contentUrl\":\"https:\/\/www.sonnenseite.com\/wp-content\/uploads\/2020\/05\/Sonnenseite_Logo.png\",\"width\":377,\"height\":90,\"caption\":\"Sonnenseite\"},\"image\":{\"@id\":\"https:\/\/www.sonnenseite.com\/de\/#\/schema\/logo\/image\/\"},\"sameAs\":[\"https:\/\/www.facebook.com\/pages\/Franz-Alt-SONNENSEITECOM\/221072987903953?fref=ts\",\"https:\/\/x.com\/franzalt\",\"http:\/\/www.youtube.com\/results?search_query&amp;amp;quot;franz_alt&amp;amp;quot;&amp;amp;amp;amp;search_type&amp;amp;amp;amp;aq=f\"]},{\"@type\":\"Person\",\"@id\":\"https:\/\/www.sonnenseite.com\/de\/#\/schema\/person\/50fda0e926597684c7cc6695238a4eb9\",\"name\":\"Bigi Alt\"}]}<\/script>\n<!-- \/ Yoast SEO plugin. -->","yoast_head_json":{"title":"Grasland in Gefahr - Sonnenseite - \u00d6kologische Kommunikation mit Franz Alt","description":"Graslandschaften sind weltweit Oasen biologischer Vielfalt und stellen eine Vielzahl von Leistungen f\u00fcr den Menschen bereit \u2013 darunter Nahrungsmittel,","robots":{"index":"index","follow":"follow","max-snippet":"max-snippet:-1","max-image-preview":"max-image-preview:large","max-video-preview":"max-video-preview:-1"},"canonical":"https:\/\/www.sonnenseite.com\/de\/umwelt\/grasland-in-gefahr\/","og_locale":"de_DE","og_type":"article","og_title":"Grasland in Gefahr - Sonnenseite - \u00d6kologische Kommunikation mit Franz Alt","og_description":"Graslandschaften sind weltweit Oasen biologischer Vielfalt und stellen eine Vielzahl von Leistungen f\u00fcr den Menschen bereit \u2013 darunter Nahrungsmittel,","og_url":"https:\/\/www.sonnenseite.com\/de\/umwelt\/grasland-in-gefahr\/","og_site_name":"Sonnenseite","article_publisher":"https:\/\/www.facebook.com\/pages\/Franz-Alt-SONNENSEITECOM\/221072987903953?fref=ts","article_published_time":"2021-10-05T00:18:00+00:00","og_image":[{"width":770,"height":420,"url":"https:\/\/www.sonnenseite.com\/wp-content\/uploads\/2021\/10\/Senckenberg_Grasland.jpg","type":"image\/jpeg"}],"author":"Bigi Alt","twitter_card":"summary_large_image","twitter_creator":"@franzalt","twitter_site":"@franzalt","twitter_misc":{"Verfasst von":"Bigi Alt","Gesch\u00e4tzte Lesezeit":"4\u00a0Minuten"},"schema":{"@context":"https:\/\/schema.org","@graph":[{"@type":"Article","@id":"https:\/\/www.sonnenseite.com\/de\/umwelt\/grasland-in-gefahr\/#article","isPartOf":{"@id":"https:\/\/www.sonnenseite.com\/de\/umwelt\/grasland-in-gefahr\/"},"author":{"name":"Bigi Alt","@id":"https:\/\/www.sonnenseite.com\/de\/#\/schema\/person\/50fda0e926597684c7cc6695238a4eb9"},"headline":"Grasland in Gefahr","datePublished":"2021-10-05T00:18:00+00:00","mainEntityOfPage":{"@id":"https:\/\/www.sonnenseite.com\/de\/umwelt\/grasland-in-gefahr\/"},"wordCount":939,"publisher":{"@id":"https:\/\/www.sonnenseite.com\/de\/#organization"},"image":{"@id":"https:\/\/www.sonnenseite.com\/de\/umwelt\/grasland-in-gefahr\/#primaryimage"},"thumbnailUrl":"https:\/\/www.sonnenseite.com\/wp-content\/uploads\/2021\/10\/Senckenberg_Grasland.jpg","articleSection":["Umwelt"],"inLanguage":"de"},{"@type":"WebPage","@id":"https:\/\/www.sonnenseite.com\/de\/umwelt\/grasland-in-gefahr\/","url":"https:\/\/www.sonnenseite.com\/de\/umwelt\/grasland-in-gefahr\/","name":"Grasland in Gefahr - Sonnenseite - \u00d6kologische Kommunikation mit Franz Alt","isPartOf":{"@id":"https:\/\/www.sonnenseite.com\/de\/#website"},"primaryImageOfPage":{"@id":"https:\/\/www.sonnenseite.com\/de\/umwelt\/grasland-in-gefahr\/#primaryimage"},"image":{"@id":"https:\/\/www.sonnenseite.com\/de\/umwelt\/grasland-in-gefahr\/#primaryimage"},"thumbnailUrl":"https:\/\/www.sonnenseite.com\/wp-content\/uploads\/2021\/10\/Senckenberg_Grasland.jpg","datePublished":"2021-10-05T00:18:00+00:00","description":"Graslandschaften sind weltweit Oasen biologischer Vielfalt und stellen eine Vielzahl von Leistungen f\u00fcr den Menschen bereit \u2013 darunter Nahrungsmittel,","breadcrumb":{"@id":"https:\/\/www.sonnenseite.com\/de\/umwelt\/grasland-in-gefahr\/#breadcrumb"},"inLanguage":"de","potentialAction":[{"@type":"ReadAction","target":["https:\/\/www.sonnenseite.com\/de\/umwelt\/grasland-in-gefahr\/"]}]},{"@type":"ImageObject","inLanguage":"de","@id":"https:\/\/www.sonnenseite.com\/de\/umwelt\/grasland-in-gefahr\/#primaryimage","url":"https:\/\/www.sonnenseite.com\/wp-content\/uploads\/2021\/10\/Senckenberg_Grasland.jpg","contentUrl":"https:\/\/www.sonnenseite.com\/wp-content\/uploads\/2021\/10\/Senckenberg_Grasland.jpg","width":770,"height":420,"caption":"Senckenberg.de | Grasland | Die Zukunft dieser \u00d6kosysteme sieht schlecht aus, sollten keine Ma\u00dfnahmen ergriffen werden, um die Degradierung der Grasl\u00e4nder aufzuhalten und ihre Renaturierung zu f\u00f6rdern."},{"@type":"BreadcrumbList","@id":"https:\/\/www.sonnenseite.com\/de\/umwelt\/grasland-in-gefahr\/#breadcrumb","itemListElement":[{"@type":"ListItem","position":1,"name":"Startseite","item":"https:\/\/www.sonnenseite.com\/de\/"},{"@type":"ListItem","position":2,"name":"Grasland in Gefahr"}]},{"@type":"WebSite","@id":"https:\/\/www.sonnenseite.com\/de\/#website","url":"https:\/\/www.sonnenseite.com\/de\/","name":"Sonnenseite","description":"\u00d6kologische Kommunikation mit Franz Alt","publisher":{"@id":"https:\/\/www.sonnenseite.com\/de\/#organization"},"potentialAction":[{"@type":"SearchAction","target":{"@type":"EntryPoint","urlTemplate":"https:\/\/www.sonnenseite.com\/de\/?s={search_term_string}"},"query-input":{"@type":"PropertyValueSpecification","valueRequired":true,"valueName":"search_term_string"}}],"inLanguage":"de"},{"@type":"Organization","@id":"https:\/\/www.sonnenseite.com\/de\/#organization","name":"Sonnenseite","url":"https:\/\/www.sonnenseite.com\/de\/","logo":{"@type":"ImageObject","inLanguage":"de","@id":"https:\/\/www.sonnenseite.com\/de\/#\/schema\/logo\/image\/","url":"https:\/\/www.sonnenseite.com\/wp-content\/uploads\/2020\/05\/Sonnenseite_Logo.png","contentUrl":"https:\/\/www.sonnenseite.com\/wp-content\/uploads\/2020\/05\/Sonnenseite_Logo.png","width":377,"height":90,"caption":"Sonnenseite"},"image":{"@id":"https:\/\/www.sonnenseite.com\/de\/#\/schema\/logo\/image\/"},"sameAs":["https:\/\/www.facebook.com\/pages\/Franz-Alt-SONNENSEITECOM\/221072987903953?fref=ts","https:\/\/x.com\/franzalt","http:\/\/www.youtube.com\/results?search_query&amp;amp;quot;franz_alt&amp;amp;quot;&amp;amp;amp;amp;search_type&amp;amp;amp;amp;aq=f"]},{"@type":"Person","@id":"https:\/\/www.sonnenseite.com\/de\/#\/schema\/person\/50fda0e926597684c7cc6695238a4eb9","name":"Bigi Alt"}]}},"_links":{"self":[{"href":"https:\/\/www.sonnenseite.com\/de\/wp-json\/wp\/v2\/posts\/75482","targetHints":{"allow":["GET"]}}],"collection":[{"href":"https:\/\/www.sonnenseite.com\/de\/wp-json\/wp\/v2\/posts"}],"about":[{"href":"https:\/\/www.sonnenseite.com\/de\/wp-json\/wp\/v2\/types\/post"}],"author":[{"embeddable":true,"href":"https:\/\/www.sonnenseite.com\/de\/wp-json\/wp\/v2\/users\/3"}],"replies":[{"embeddable":true,"href":"https:\/\/www.sonnenseite.com\/de\/wp-json\/wp\/v2\/comments?post=75482"}],"version-history":[{"count":2,"href":"https:\/\/www.sonnenseite.com\/de\/wp-json\/wp\/v2\/posts\/75482\/revisions"}],"predecessor-version":[{"id":75488,"href":"https:\/\/www.sonnenseite.com\/de\/wp-json\/wp\/v2\/posts\/75482\/revisions\/75488"}],"wp:featuredmedia":[{"embeddable":true,"href":"https:\/\/www.sonnenseite.com\/de\/wp-json\/wp\/v2\/media\/75484"}],"wp:attachment":[{"href":"https:\/\/www.sonnenseite.com\/de\/wp-json\/wp\/v2\/media?parent=75482"}],"wp:term":[{"taxonomy":"category","embeddable":true,"href":"https:\/\/www.sonnenseite.com\/de\/wp-json\/wp\/v2\/categories?post=75482"},{"taxonomy":"post_tag","embeddable":true,"href":"https:\/\/www.sonnenseite.com\/de\/wp-json\/wp\/v2\/tags?post=75482"}],"curies":[{"name":"wp","href":"https:\/\/api.w.org\/{rel}","templated":true}]}}