{"id":75694,"date":"2021-10-09T15:20:00","date_gmt":"2021-10-09T13:20:00","guid":{"rendered":"https:\/\/www.sonnenseite.com\/?p=75694"},"modified":"2021-10-09T14:59:45","modified_gmt":"2021-10-09T12:59:45","slug":"deutscher-solarpreis-2021-an-fuenf-akteurinnen-und-akteure-der-energiewende-verliehen","status":"publish","type":"post","link":"https:\/\/www.sonnenseite.com\/de\/tipps\/deutscher-solarpreis-2021-an-fuenf-akteurinnen-und-akteure-der-energiewende-verliehen\/","title":{"rendered":"Deutscher Solarpreis 2021 an f\u00fcnf Akteurinnen und Akteure der Energiewende verliehen!"},"content":{"rendered":"\n<p>In diesem Jahr hatte <strong>EUROSOLAR<\/strong> \u2013 Europ\u00e4ische Vereinigung f\u00fcr Erneuerbare Energien e.V. die Ehre, in ihrer Heimatstadt Bonn zusammen mit der <strong>EnergieAgentur.NRW<\/strong> den Deutschen Solarpreis 2021 an innovative Akteurinnen und Akteure der Energiewende zu \u00fcberreichen. <\/p>\n\n\n\n<p>Bei der feierlichen Preisverleihung unter dem Motto<strong> \u201eEine B\u00fchne f\u00fcr die Energiewende\u201c im Kunstmuseum Bonn <\/strong>zeigten die Preistr\u00e4gerinnen und Preistr\u00e4ger anschaulich, wie den Herausforderungen der Klimakrise und Energiewende kreativ und engagiert begegnet werden kann. Bei der Verleihung herrschte unter den G\u00e4sten eine feierliche Stimmung. Der Optimismus, der von den Preistr\u00e4gerinnen und Preistr\u00e4gern ausgeht, soll weitere Menschen zum Engagement f\u00fcr das Klima und die b\u00fcrgernahe Energiewende inspirieren.<\/p>\n\n\n\n<p>In seinem Gru\u00dfwort fand EUROSOLAR-Pr\u00e4sident <strong>Prof. Peter Droege<\/strong> deutliche Worte: \u201eDer Deutsche Solarpreis zeichnet Errungenschaften aus, die zeigen, wie unsere Wirtschaft und Gesellschaft schon heute fl\u00e4chendeckend aussehen sollte, damit wir erst gar nicht in die Situation gekommen w\u00e4ren, aus der wir uns heute m\u00fchsam befreien m\u00fcssen. Das haben wir bremsenden Ma\u00dfnahmen seitens Bund und L\u00e4ndern zu verdanken, sowie der Lobby der konventionellen Energieindustrie. Dass sich hier deutsche Menschen, Gemeinden und Organisationen aus eigener Initiative dieser gesamtgesellschaftlichen Herausforderung so praktisch \u00fcberzeugend wie vortrefflich modellhaft gestellt haben, macht sie zu Deutschlands Energiehelden.\u201c<\/p>\n\n\n\n<p><strong>Gabi Mayer<\/strong>, B\u00fcrgermeisterin der Bundesstadt Bonn, hob in ihrer Ansprache hervor: \u201eNeben der unbedingt notwendigen Reduzierung des Energieverbrauchs kommt der Nutzung erneuerbarer Energien eine zentrale Bedeutung bei der Erreichung der Klimaneutralit\u00e4t zu. Die Stadt muss hier mit gutem Beispiel vorangehen und hat deshalb die Errichtung von Photovoltaikanlagen auf ihren eigenen Liegenschaften mit Hilfe der Stadtwerke Bonn intensiviert. Die Energiewende ist ein Muss. Sie zu gestalten, ist unser aller Aufgabe.\u201c<\/p>\n\n\n\n<p><strong>Lothar Schneider<\/strong>, Gesch\u00e4ftsf\u00fchrer der EnergieAgentur.NRW, stellte heraus: \u201eProjekte wie die innovative solare Gew\u00e4chshausarchitektur in B\u00fcren sind wegweisend: Mit der Vereinigung von Solarenergie und landwirtschaftlichen B\u00f6den schaffen die Landwirte den Sprung zum Multigebrauch des f\u00fcr die Energiewende raren Faktors ,Fl\u00e4che\u2018. Die ausgezeichneten Projekte zeugen von einem Fortschrittsdenken, welches f\u00fcr die Energiewende in NRW und der ganzen Bundesrepublik dringend gebraucht wird. Die Preistr\u00e4ger mussten auf ihrem Weg \u00f6konomische Risiken und technische H\u00fcrden \u00fcberwinden \u2013 und waren letztlich dank ihrer Innovationen erfolgreich. Damit signalisieren sie uns, dass wir bei der Energiewende auf dem richtigen Weg sind.\u201c<\/p>\n\n\n\n<p><strong>Luisa Neubauer<\/strong>, Solarpreistr\u00e4gerin 2021, wies zum Abschluss der Verleihung auf die Bedeutung der dezentralen B\u00fcrgerenergie f\u00fcr das Gelingen der Energiewende hin. Trotz der immer noch nicht ausreichenden politischen Bem\u00fchungen zeigte sie sich optimistisch: \u201eWir haben das Wissen, dass es anders gehen kann. Dass eine vollst\u00e4ndige Energiewende in naher Zukunft m\u00f6glich ist. Ich sehe, dass diese Gesellschaft immer mehr Mut entwickelt und das ist was wir brauchen&#8220;. Weiter machte sie darauf aufmerksam, dass w\u00e4hrend diese Preisverleihung stattfand, immer noch D\u00f6rfer wie L\u00fctzerath f\u00fcr den Kohletagebau zerst\u00f6rt werden sollen, obwohl \u201ewir wissen, dass wir die Kohle weder brauchen noch nutzen d\u00fcrfen laut unserem CO2-Budget\u201c.<\/p>\n\n\n\n<p><em><strong>Den Deutschen Solarpreis 2021 erhalten:\u00a0<\/strong><\/em><\/p>\n\n\n\n<ul class=\"wp-block-list\"><li><em>In der Kategorie St\u00e4dte\/Gemeinden, Landkreise, Stadtwerke \u2013 die <strong>Stadtwerke Trier <\/strong>f\u00fcr die klimaneutrale Trinkwasserversorgung mithilfe von Wasserkraft, PV und intelligenten Speicherl\u00f6sungen.<\/em><\/li><li><em>In der Kategorie Betriebe\/Unternehmen (industriell, landwirtschaftlich, kommerziell) \u2013 <strong>Fabian Karthaus und Josef Kneer <\/strong>(Projekt LAND allerliebst) aus B\u00fcren (NRW) f\u00fcr die effiziente und innovative Nutzung von Agri-Photovoltaik auf einer Beerenobstplantage.<\/em><\/li><li><em>In der Kategorie Lokale oder regionale Vereine\/Gemeinschaften \u2013 die <strong>Arbeitsgemeinschaft Hessische Wasserkraftwerke<\/strong> mit Sitz in Friedrichsdorf (Hessen) f\u00fcr die F\u00f6rderung der Wasserkraft als wichtige Erneuerbare Energie.&nbsp;<\/em><\/li><li><em>In der Kategorie Bildung und Ausbildung \u2013 die <strong>Deutsche Meisterschaft \u201eSolarmobil\u201c <\/strong>aus Recklinghausen \/ Halle (Westf.). f\u00fcr die Durchf\u00fchrung der Solarmobil-Meisterschaften, bei denen Sch\u00fclerinnen und Sch\u00fcler f\u00fcr Solarenergie begeistert werden.&nbsp;<\/em><\/li><li><em>In der Kategorie Sonderpreis f\u00fcr pers\u00f6nliches Engagement \u2013 <strong>Luisa Neubauer <\/strong>aus Berlin f\u00fcr ihr Engagement als Botschafterin f\u00fcr Erneuerbaren Energien und den Klimaschutz.&nbsp;<\/em><\/li><\/ul>\n\n\n\n<p>Der Deutsche Solarpreis wurde von Dr. Hermann Scheer (\u2020), Tr\u00e4ger des Alternativen Nobelpreises, ins Leben gerufen. Gemeinden, Unternehmen, Vereine oder Organisationen, Journalisten und Privatpersonen erhalten seit 1994 den Preis von EUROSOLAR e.V. f\u00fcr ihr Engagement rund um Erneuerbare Energien. Ausgezeichnet werden besondere und herausragende Projekte und Initiativen, die eine konsequente und dezentrale Energiewende verfolgen.\u00a0<\/p>\n\n\n\n<p>Die ausf\u00fchrlichen W\u00fcrdigungen finden Sie <a href=\"http:\/\/3xcj.nltconfirm.ionos.com\/lnk\/AUsAAD1t52YAAchgzoAAAHDqOpwAAYAyEYMAnA2HAA5oGwBhYW1xfd2hHcV3TamOO6YaUyJsTgAOQdc\/2\/eVR_-kCRLrOYvaF9VpWWwg\/aHR0cHM6Ly93d3cuZXVyb3NvbGFyLmRlL3dwLWNvbnRlbnQvdXBsb2Fkcy8yMDIxLzA5L1d1ZXJkaWd1bmdlbl9EU1AyMDIxLnBkZg\" target=\"_blank\" rel=\"noreferrer noopener\">hier<\/a>.\u00a0<\/p>\n\n\n<h5 class=\"green\">Quelle<\/h5>\r\n\n\n\n<p><a href=\"http:\/\/www.eurosolar.de\">EUROSOLAR 2021<\/a><\/p>\n<div class=\"shariff shariff-align-flex-start shariff-widget-align-flex-start\"><div class=\"ShariffHeadline\">Diese Meldung teilen<\/div><ul class=\"shariff-buttons theme-round orientation-horizontal buttonsize-medium\"><li class=\"shariff-button facebook shariff-nocustomcolor\" style=\"background-color:#4273c8;border-radius:1%\"><a href=\"https:\/\/www.facebook.com\/sharer\/sharer.php?u=https%3A%2F%2Fwww.sonnenseite.com%2Fde%2Ftipps%2Fdeutscher-solarpreis-2021-an-fuenf-akteurinnen-und-akteure-der-energiewende-verliehen%2F\" title=\"Bei Facebook teilen\" aria-label=\"Bei Facebook teilen\" role=\"button\" rel=\"nofollow\" class=\"shariff-link\" style=\";border-radius:1%; background-color:#3b5998; color:#fff\" target=\"_blank\"><span class=\"shariff-icon\" style=\"\"><svg width=\"32px\" height=\"20px\" xmlns=\"http:\/\/www.w3.org\/2000\/svg\" viewBox=\"0 0 18 32\"><path fill=\"#3b5998\" d=\"M17.1 0.2v4.7h-2.8q-1.5 0-2.1 0.6t-0.5 1.9v3.4h5.2l-0.7 5.3h-4.5v13.6h-5.5v-13.6h-4.5v-5.3h4.5v-3.9q0-3.3 1.9-5.2t5-1.8q2.6 0 4.1 0.2z\"\/><\/svg><\/span><\/a><\/li><li class=\"shariff-button twitter shariff-nocustomcolor\" style=\"background-color:#595959;border-radius:1%\"><a href=\"https:\/\/twitter.com\/share?url=https%3A%2F%2Fwww.sonnenseite.com%2Fde%2Ftipps%2Fdeutscher-solarpreis-2021-an-fuenf-akteurinnen-und-akteure-der-energiewende-verliehen%2F&text=Deutscher%20Solarpreis%202021%20an%20f%C3%BCnf%20Akteurinnen%20und%20Akteure%20der%20Energiewende%20verliehen%21\" title=\"Bei X teilen\" aria-label=\"Bei X teilen\" role=\"button\" rel=\"noopener nofollow\" class=\"shariff-link\" style=\";border-radius:1%; background-color:#000; color:#fff\" target=\"_blank\"><span class=\"shariff-icon\" style=\"\"><svg width=\"32px\" height=\"20px\" xmlns=\"http:\/\/www.w3.org\/2000\/svg\" viewBox=\"0 0 24 24\"><path fill=\"#000\" d=\"M14.258 10.152L23.176 0h-2.113l-7.747 8.813L7.133 0H0l9.352 13.328L0 23.973h2.113l8.176-9.309 6.531 9.309h7.133zm-2.895 3.293l-.949-1.328L2.875 1.56h3.246l6.086 8.523.945 1.328 7.91 11.078h-3.246zm0 0\"\/><\/svg><\/span><\/a><\/li><li class=\"shariff-button xing shariff-nocustomcolor\" style=\"background-color:#29888a;border-radius:1%\"><a href=\"https:\/\/www.xing.com\/spi\/shares\/new?url=https%3A%2F%2Fwww.sonnenseite.com%2Fde%2Ftipps%2Fdeutscher-solarpreis-2021-an-fuenf-akteurinnen-und-akteure-der-energiewende-verliehen%2F\" title=\"Bei XING teilen\" aria-label=\"Bei XING teilen\" role=\"button\" rel=\"noopener nofollow\" class=\"shariff-link\" style=\";border-radius:1%; background-color:#126567; color:#fff\" target=\"_blank\"><span class=\"shariff-icon\" style=\"\"><svg width=\"32px\" height=\"20px\" xmlns=\"http:\/\/www.w3.org\/2000\/svg\" viewBox=\"0 0 25 32\"><path fill=\"#126567\" d=\"M10.7 11.9q-0.2 0.3-4.6 8.2-0.5 0.8-1.2 0.8h-4.3q-0.4 0-0.5-0.3t0-0.6l4.5-8q0 0 0 0l-2.9-5q-0.2-0.4 0-0.7 0.2-0.3 0.5-0.3h4.3q0.7 0 1.2 0.8zM25.1 0.4q0.2 0.3 0 0.7l-9.4 16.7 6 11q0.2 0.4 0 0.6-0.2 0.3-0.6 0.3h-4.3q-0.7 0-1.2-0.8l-6-11.1q0.3-0.6 9.5-16.8 0.4-0.8 1.2-0.8h4.3q0.4 0 0.5 0.3z\"\/><\/svg><\/span><\/a><\/li><li class=\"shariff-button linkedin shariff-nocustomcolor\" style=\"background-color:#1488bf;border-radius:1%\"><a href=\"https:\/\/www.linkedin.com\/sharing\/share-offsite\/?url=https%3A%2F%2Fwww.sonnenseite.com%2Fde%2Ftipps%2Fdeutscher-solarpreis-2021-an-fuenf-akteurinnen-und-akteure-der-energiewende-verliehen%2F\" title=\"Bei LinkedIn teilen\" aria-label=\"Bei LinkedIn teilen\" role=\"button\" rel=\"noopener nofollow\" class=\"shariff-link\" style=\";border-radius:1%; background-color:#0077b5; color:#fff\" target=\"_blank\"><span class=\"shariff-icon\" style=\"\"><svg width=\"32px\" height=\"20px\" xmlns=\"http:\/\/www.w3.org\/2000\/svg\" viewBox=\"0 0 27 32\"><path fill=\"#0077b5\" d=\"M6.2 11.2v17.7h-5.9v-17.7h5.9zM6.6 5.7q0 1.3-0.9 2.2t-2.4 0.9h0q-1.5 0-2.4-0.9t-0.9-2.2 0.9-2.2 2.4-0.9 2.4 0.9 0.9 2.2zM27.4 18.7v10.1h-5.9v-9.5q0-1.9-0.7-2.9t-2.3-1.1q-1.1 0-1.9 0.6t-1.2 1.5q-0.2 0.5-0.2 1.4v9.9h-5.9q0-7.1 0-11.6t0-5.3l0-0.9h5.9v2.6h0q0.4-0.6 0.7-1t1-0.9 1.6-0.8 2-0.3q3 0 4.9 2t1.9 6z\"\/><\/svg><\/span><\/a><\/li><li class=\"shariff-button printer shariff-nocustomcolor\" style=\"background-color:#a8a8a8;border-radius:1%\"><a href=\"javascript:window.print()\" title=\"drucken\" aria-label=\"drucken\" role=\"button\" rel=\"noopener nofollow\" class=\"shariff-link\" style=\";border-radius:1%; background-color:#999; color:#fff\"><span class=\"shariff-icon\" style=\"\"><svg width=\"32px\" height=\"20px\" xmlns=\"http:\/\/www.w3.org\/2000\/svg\" viewBox=\"0 0 30 32\"><path fill=\"#999\" d=\"M6.8 27.4h16v-4.6h-16v4.6zM6.8 16h16v-6.8h-2.8q-0.7 0-1.2-0.5t-0.5-1.2v-2.8h-11.4v11.4zM27.4 17.2q0-0.5-0.3-0.8t-0.8-0.4-0.8 0.4-0.3 0.8 0.3 0.8 0.8 0.3 0.8-0.3 0.3-0.8zM29.7 17.2v7.4q0 0.2-0.2 0.4t-0.4 0.2h-4v2.8q0 0.7-0.5 1.2t-1.2 0.5h-17.2q-0.7 0-1.2-0.5t-0.5-1.2v-2.8h-4q-0.2 0-0.4-0.2t-0.2-0.4v-7.4q0-1.4 1-2.4t2.4-1h1.2v-9.7q0-0.7 0.5-1.2t1.2-0.5h12q0.7 0 1.6 0.4t1.3 0.8l2.7 2.7q0.5 0.5 0.9 1.4t0.4 1.6v4.6h1.1q1.4 0 2.4 1t1 2.4z\"\/><\/svg><\/span><\/a><\/li><li class=\"shariff-button mailto shariff-nocustomcolor\" style=\"background-color:#a8a8a8;border-radius:1%\"><a href=\"mailto:?body=https%3A%2F%2Fwww.sonnenseite.com%2Fde%2Ftipps%2Fdeutscher-solarpreis-2021-an-fuenf-akteurinnen-und-akteure-der-energiewende-verliehen%2F&subject=Deutscher%20Solarpreis%202021%20an%20f%C3%BCnf%20Akteurinnen%20und%20Akteure%20der%20Energiewende%20verliehen%21\" title=\"Per E-Mail versenden\" aria-label=\"Per E-Mail versenden\" role=\"button\" rel=\"noopener nofollow\" class=\"shariff-link\" style=\";border-radius:1%; background-color:#999; color:#fff\"><span class=\"shariff-icon\" style=\"\"><svg width=\"32px\" height=\"20px\" xmlns=\"http:\/\/www.w3.org\/2000\/svg\" viewBox=\"0 0 32 32\"><path fill=\"#999\" d=\"M32 12.7v14.2q0 1.2-0.8 2t-2 0.9h-26.3q-1.2 0-2-0.9t-0.8-2v-14.2q0.8 0.9 1.8 1.6 6.5 4.4 8.9 6.1 1 0.8 1.6 1.2t1.7 0.9 2 0.4h0.1q0.9 0 2-0.4t1.7-0.9 1.6-1.2q3-2.2 8.9-6.1 1-0.7 1.8-1.6zM32 7.4q0 1.4-0.9 2.7t-2.2 2.2q-6.7 4.7-8.4 5.8-0.2 0.1-0.7 0.5t-1 0.7-0.9 0.6-1.1 0.5-0.9 0.2h-0.1q-0.4 0-0.9-0.2t-1.1-0.5-0.9-0.6-1-0.7-0.7-0.5q-1.6-1.1-4.7-3.2t-3.6-2.6q-1.1-0.7-2.1-2t-1-2.5q0-1.4 0.7-2.3t2.1-0.9h26.3q1.2 0 2 0.8t0.9 2z\"\/><\/svg><\/span><\/a><\/li><\/ul><\/div>","protected":false},"excerpt":{"rendered":"<p>In diesem Jahr hatte EUROSOLAR \u2013 Europ\u00e4ische Vereinigung f\u00fcr Erneuerbare Energien e.V. die Ehre, in ihrer [&hellip;]<\/p>\n","protected":false},"author":3,"featured_media":62914,"comment_status":"closed","ping_status":"closed","sticky":false,"template":"","format":"standard","meta":{"inline_featured_image":false,"footnotes":""},"categories":[28],"tags":[],"class_list":["post-75694","post","type-post","status-publish","format-standard","has-post-thumbnail","hentry","category-tipps"],"yoast_head":"<!-- This site is optimized with the Yoast SEO plugin v26.5 - https:\/\/yoast.com\/wordpress\/plugins\/seo\/ -->\n<title>Deutscher Solarpreis 2021 an f\u00fcnf Akteurinnen und Akteure der Energiewende verliehen! - Sonnenseite - \u00d6kologische Kommunikation mit Franz Alt<\/title>\n<meta name=\"description\" content=\"In diesem Jahr hatte EUROSOLAR \u2013 Europ\u00e4ische Vereinigung f\u00fcr Erneuerbare Energien e.V. die Ehre, in ihrer Heimatstadt Bonn zusammen mit der\" \/>\n<meta name=\"robots\" content=\"index, follow, max-snippet:-1, max-image-preview:large, max-video-preview:-1\" \/>\n<link rel=\"canonical\" href=\"https:\/\/www.sonnenseite.com\/de\/tipps\/deutscher-solarpreis-2021-an-fuenf-akteurinnen-und-akteure-der-energiewende-verliehen\/\" \/>\n<meta property=\"og:locale\" content=\"de_DE\" \/>\n<meta property=\"og:type\" content=\"article\" \/>\n<meta property=\"og:title\" content=\"Deutscher Solarpreis 2021 an f\u00fcnf Akteurinnen und Akteure der Energiewende verliehen! - Sonnenseite - \u00d6kologische Kommunikation mit Franz Alt\" \/>\n<meta property=\"og:description\" content=\"In diesem Jahr hatte EUROSOLAR \u2013 Europ\u00e4ische Vereinigung f\u00fcr Erneuerbare Energien e.V. die Ehre, in ihrer Heimatstadt Bonn zusammen mit der\" \/>\n<meta property=\"og:url\" content=\"https:\/\/www.sonnenseite.com\/de\/tipps\/deutscher-solarpreis-2021-an-fuenf-akteurinnen-und-akteure-der-energiewende-verliehen\/\" \/>\n<meta property=\"og:site_name\" content=\"Sonnenseite\" \/>\n<meta property=\"article:publisher\" content=\"https:\/\/www.facebook.com\/pages\/Franz-Alt-SONNENSEITECOM\/221072987903953?fref=ts\" \/>\n<meta property=\"article:published_time\" content=\"2021-10-09T13:20:00+00:00\" \/>\n<meta property=\"og:image\" content=\"https:\/\/www.sonnenseite.com\/wp-content\/uploads\/2020\/09\/Solarpreis-dtsch-2020_energieAgenturNRW.jpg\" \/>\n\t<meta property=\"og:image:width\" content=\"770\" \/>\n\t<meta property=\"og:image:height\" content=\"420\" \/>\n\t<meta property=\"og:image:type\" content=\"image\/jpeg\" \/>\n<meta name=\"author\" content=\"Bigi Alt\" \/>\n<meta name=\"twitter:card\" content=\"summary_large_image\" \/>\n<meta name=\"twitter:creator\" content=\"@franzalt\" \/>\n<meta name=\"twitter:site\" content=\"@franzalt\" \/>\n<meta name=\"twitter:label1\" content=\"Verfasst von\" \/>\n\t<meta name=\"twitter:data1\" content=\"Bigi Alt\" \/>\n\t<meta name=\"twitter:label2\" content=\"Gesch\u00e4tzte Lesezeit\" \/>\n\t<meta name=\"twitter:data2\" content=\"3\u00a0Minuten\" \/>\n<script type=\"application\/ld+json\" class=\"yoast-schema-graph\">{\"@context\":\"https:\/\/schema.org\",\"@graph\":[{\"@type\":\"Article\",\"@id\":\"https:\/\/www.sonnenseite.com\/de\/tipps\/deutscher-solarpreis-2021-an-fuenf-akteurinnen-und-akteure-der-energiewende-verliehen\/#article\",\"isPartOf\":{\"@id\":\"https:\/\/www.sonnenseite.com\/de\/tipps\/deutscher-solarpreis-2021-an-fuenf-akteurinnen-und-akteure-der-energiewende-verliehen\/\"},\"author\":{\"name\":\"Bigi Alt\",\"@id\":\"https:\/\/www.sonnenseite.com\/de\/#\/schema\/person\/50fda0e926597684c7cc6695238a4eb9\"},\"headline\":\"Deutscher Solarpreis 2021 an f\u00fcnf Akteurinnen und Akteure der Energiewende verliehen!\",\"datePublished\":\"2021-10-09T13:20:00+00:00\",\"mainEntityOfPage\":{\"@id\":\"https:\/\/www.sonnenseite.com\/de\/tipps\/deutscher-solarpreis-2021-an-fuenf-akteurinnen-und-akteure-der-energiewende-verliehen\/\"},\"wordCount\":723,\"publisher\":{\"@id\":\"https:\/\/www.sonnenseite.com\/de\/#organization\"},\"image\":{\"@id\":\"https:\/\/www.sonnenseite.com\/de\/tipps\/deutscher-solarpreis-2021-an-fuenf-akteurinnen-und-akteure-der-energiewende-verliehen\/#primaryimage\"},\"thumbnailUrl\":\"https:\/\/www.sonnenseite.com\/wp-content\/uploads\/2020\/09\/Solarpreis-dtsch-2020_energieAgenturNRW.jpg\",\"articleSection\":[\"Tipps\"],\"inLanguage\":\"de\"},{\"@type\":\"WebPage\",\"@id\":\"https:\/\/www.sonnenseite.com\/de\/tipps\/deutscher-solarpreis-2021-an-fuenf-akteurinnen-und-akteure-der-energiewende-verliehen\/\",\"url\":\"https:\/\/www.sonnenseite.com\/de\/tipps\/deutscher-solarpreis-2021-an-fuenf-akteurinnen-und-akteure-der-energiewende-verliehen\/\",\"name\":\"Deutscher Solarpreis 2021 an f\u00fcnf Akteurinnen und Akteure der Energiewende verliehen! - Sonnenseite - \u00d6kologische Kommunikation mit Franz Alt\",\"isPartOf\":{\"@id\":\"https:\/\/www.sonnenseite.com\/de\/#website\"},\"primaryImageOfPage\":{\"@id\":\"https:\/\/www.sonnenseite.com\/de\/tipps\/deutscher-solarpreis-2021-an-fuenf-akteurinnen-und-akteure-der-energiewende-verliehen\/#primaryimage\"},\"image\":{\"@id\":\"https:\/\/www.sonnenseite.com\/de\/tipps\/deutscher-solarpreis-2021-an-fuenf-akteurinnen-und-akteure-der-energiewende-verliehen\/#primaryimage\"},\"thumbnailUrl\":\"https:\/\/www.sonnenseite.com\/wp-content\/uploads\/2020\/09\/Solarpreis-dtsch-2020_energieAgenturNRW.jpg\",\"datePublished\":\"2021-10-09T13:20:00+00:00\",\"description\":\"In diesem Jahr hatte EUROSOLAR \u2013 Europ\u00e4ische Vereinigung f\u00fcr Erneuerbare Energien e.V. die Ehre, in ihrer Heimatstadt Bonn zusammen mit der\",\"breadcrumb\":{\"@id\":\"https:\/\/www.sonnenseite.com\/de\/tipps\/deutscher-solarpreis-2021-an-fuenf-akteurinnen-und-akteure-der-energiewende-verliehen\/#breadcrumb\"},\"inLanguage\":\"de\",\"potentialAction\":[{\"@type\":\"ReadAction\",\"target\":[\"https:\/\/www.sonnenseite.com\/de\/tipps\/deutscher-solarpreis-2021-an-fuenf-akteurinnen-und-akteure-der-energiewende-verliehen\/\"]}]},{\"@type\":\"ImageObject\",\"inLanguage\":\"de\",\"@id\":\"https:\/\/www.sonnenseite.com\/de\/tipps\/deutscher-solarpreis-2021-an-fuenf-akteurinnen-und-akteure-der-energiewende-verliehen\/#primaryimage\",\"url\":\"https:\/\/www.sonnenseite.com\/wp-content\/uploads\/2020\/09\/Solarpreis-dtsch-2020_energieAgenturNRW.jpg\",\"contentUrl\":\"https:\/\/www.sonnenseite.com\/wp-content\/uploads\/2020\/09\/Solarpreis-dtsch-2020_energieAgenturNRW.jpg\",\"width\":770,\"height\":420,\"caption\":\"EnergieAgentur NRW | Deutscher Solarpreis\"},{\"@type\":\"BreadcrumbList\",\"@id\":\"https:\/\/www.sonnenseite.com\/de\/tipps\/deutscher-solarpreis-2021-an-fuenf-akteurinnen-und-akteure-der-energiewende-verliehen\/#breadcrumb\",\"itemListElement\":[{\"@type\":\"ListItem\",\"position\":1,\"name\":\"Startseite\",\"item\":\"https:\/\/www.sonnenseite.com\/de\/\"},{\"@type\":\"ListItem\",\"position\":2,\"name\":\"Deutscher Solarpreis 2021 an f\u00fcnf Akteurinnen und Akteure der Energiewende verliehen!\"}]},{\"@type\":\"WebSite\",\"@id\":\"https:\/\/www.sonnenseite.com\/de\/#website\",\"url\":\"https:\/\/www.sonnenseite.com\/de\/\",\"name\":\"Sonnenseite\",\"description\":\"\u00d6kologische Kommunikation mit Franz Alt\",\"publisher\":{\"@id\":\"https:\/\/www.sonnenseite.com\/de\/#organization\"},\"potentialAction\":[{\"@type\":\"SearchAction\",\"target\":{\"@type\":\"EntryPoint\",\"urlTemplate\":\"https:\/\/www.sonnenseite.com\/de\/?s={search_term_string}\"},\"query-input\":{\"@type\":\"PropertyValueSpecification\",\"valueRequired\":true,\"valueName\":\"search_term_string\"}}],\"inLanguage\":\"de\"},{\"@type\":\"Organization\",\"@id\":\"https:\/\/www.sonnenseite.com\/de\/#organization\",\"name\":\"Sonnenseite\",\"url\":\"https:\/\/www.sonnenseite.com\/de\/\",\"logo\":{\"@type\":\"ImageObject\",\"inLanguage\":\"de\",\"@id\":\"https:\/\/www.sonnenseite.com\/de\/#\/schema\/logo\/image\/\",\"url\":\"https:\/\/www.sonnenseite.com\/wp-content\/uploads\/2020\/05\/Sonnenseite_Logo.png\",\"contentUrl\":\"https:\/\/www.sonnenseite.com\/wp-content\/uploads\/2020\/05\/Sonnenseite_Logo.png\",\"width\":377,\"height\":90,\"caption\":\"Sonnenseite\"},\"image\":{\"@id\":\"https:\/\/www.sonnenseite.com\/de\/#\/schema\/logo\/image\/\"},\"sameAs\":[\"https:\/\/www.facebook.com\/pages\/Franz-Alt-SONNENSEITECOM\/221072987903953?fref=ts\",\"https:\/\/x.com\/franzalt\",\"http:\/\/www.youtube.com\/results?search_query&amp;amp;quot;franz_alt&amp;amp;quot;&amp;amp;amp;amp;search_type&amp;amp;amp;amp;aq=f\"]},{\"@type\":\"Person\",\"@id\":\"https:\/\/www.sonnenseite.com\/de\/#\/schema\/person\/50fda0e926597684c7cc6695238a4eb9\",\"name\":\"Bigi Alt\"}]}<\/script>\n<!-- \/ Yoast SEO plugin. -->","yoast_head_json":{"title":"Deutscher Solarpreis 2021 an f\u00fcnf Akteurinnen und Akteure der Energiewende verliehen! - Sonnenseite - \u00d6kologische Kommunikation mit Franz Alt","description":"In diesem Jahr hatte EUROSOLAR \u2013 Europ\u00e4ische Vereinigung f\u00fcr Erneuerbare Energien e.V. die Ehre, in ihrer Heimatstadt Bonn zusammen mit der","robots":{"index":"index","follow":"follow","max-snippet":"max-snippet:-1","max-image-preview":"max-image-preview:large","max-video-preview":"max-video-preview:-1"},"canonical":"https:\/\/www.sonnenseite.com\/de\/tipps\/deutscher-solarpreis-2021-an-fuenf-akteurinnen-und-akteure-der-energiewende-verliehen\/","og_locale":"de_DE","og_type":"article","og_title":"Deutscher Solarpreis 2021 an f\u00fcnf Akteurinnen und Akteure der Energiewende verliehen! - Sonnenseite - \u00d6kologische Kommunikation mit Franz Alt","og_description":"In diesem Jahr hatte EUROSOLAR \u2013 Europ\u00e4ische Vereinigung f\u00fcr Erneuerbare Energien e.V. die Ehre, in ihrer Heimatstadt Bonn zusammen mit der","og_url":"https:\/\/www.sonnenseite.com\/de\/tipps\/deutscher-solarpreis-2021-an-fuenf-akteurinnen-und-akteure-der-energiewende-verliehen\/","og_site_name":"Sonnenseite","article_publisher":"https:\/\/www.facebook.com\/pages\/Franz-Alt-SONNENSEITECOM\/221072987903953?fref=ts","article_published_time":"2021-10-09T13:20:00+00:00","og_image":[{"width":770,"height":420,"url":"https:\/\/www.sonnenseite.com\/wp-content\/uploads\/2020\/09\/Solarpreis-dtsch-2020_energieAgenturNRW.jpg","type":"image\/jpeg"}],"author":"Bigi Alt","twitter_card":"summary_large_image","twitter_creator":"@franzalt","twitter_site":"@franzalt","twitter_misc":{"Verfasst von":"Bigi Alt","Gesch\u00e4tzte Lesezeit":"3\u00a0Minuten"},"schema":{"@context":"https:\/\/schema.org","@graph":[{"@type":"Article","@id":"https:\/\/www.sonnenseite.com\/de\/tipps\/deutscher-solarpreis-2021-an-fuenf-akteurinnen-und-akteure-der-energiewende-verliehen\/#article","isPartOf":{"@id":"https:\/\/www.sonnenseite.com\/de\/tipps\/deutscher-solarpreis-2021-an-fuenf-akteurinnen-und-akteure-der-energiewende-verliehen\/"},"author":{"name":"Bigi Alt","@id":"https:\/\/www.sonnenseite.com\/de\/#\/schema\/person\/50fda0e926597684c7cc6695238a4eb9"},"headline":"Deutscher Solarpreis 2021 an f\u00fcnf Akteurinnen und Akteure der Energiewende verliehen!","datePublished":"2021-10-09T13:20:00+00:00","mainEntityOfPage":{"@id":"https:\/\/www.sonnenseite.com\/de\/tipps\/deutscher-solarpreis-2021-an-fuenf-akteurinnen-und-akteure-der-energiewende-verliehen\/"},"wordCount":723,"publisher":{"@id":"https:\/\/www.sonnenseite.com\/de\/#organization"},"image":{"@id":"https:\/\/www.sonnenseite.com\/de\/tipps\/deutscher-solarpreis-2021-an-fuenf-akteurinnen-und-akteure-der-energiewende-verliehen\/#primaryimage"},"thumbnailUrl":"https:\/\/www.sonnenseite.com\/wp-content\/uploads\/2020\/09\/Solarpreis-dtsch-2020_energieAgenturNRW.jpg","articleSection":["Tipps"],"inLanguage":"de"},{"@type":"WebPage","@id":"https:\/\/www.sonnenseite.com\/de\/tipps\/deutscher-solarpreis-2021-an-fuenf-akteurinnen-und-akteure-der-energiewende-verliehen\/","url":"https:\/\/www.sonnenseite.com\/de\/tipps\/deutscher-solarpreis-2021-an-fuenf-akteurinnen-und-akteure-der-energiewende-verliehen\/","name":"Deutscher Solarpreis 2021 an f\u00fcnf Akteurinnen und Akteure der Energiewende verliehen! - Sonnenseite - \u00d6kologische Kommunikation mit Franz Alt","isPartOf":{"@id":"https:\/\/www.sonnenseite.com\/de\/#website"},"primaryImageOfPage":{"@id":"https:\/\/www.sonnenseite.com\/de\/tipps\/deutscher-solarpreis-2021-an-fuenf-akteurinnen-und-akteure-der-energiewende-verliehen\/#primaryimage"},"image":{"@id":"https:\/\/www.sonnenseite.com\/de\/tipps\/deutscher-solarpreis-2021-an-fuenf-akteurinnen-und-akteure-der-energiewende-verliehen\/#primaryimage"},"thumbnailUrl":"https:\/\/www.sonnenseite.com\/wp-content\/uploads\/2020\/09\/Solarpreis-dtsch-2020_energieAgenturNRW.jpg","datePublished":"2021-10-09T13:20:00+00:00","description":"In diesem Jahr hatte EUROSOLAR \u2013 Europ\u00e4ische Vereinigung f\u00fcr Erneuerbare Energien e.V. die Ehre, in ihrer Heimatstadt Bonn zusammen mit der","breadcrumb":{"@id":"https:\/\/www.sonnenseite.com\/de\/tipps\/deutscher-solarpreis-2021-an-fuenf-akteurinnen-und-akteure-der-energiewende-verliehen\/#breadcrumb"},"inLanguage":"de","potentialAction":[{"@type":"ReadAction","target":["https:\/\/www.sonnenseite.com\/de\/tipps\/deutscher-solarpreis-2021-an-fuenf-akteurinnen-und-akteure-der-energiewende-verliehen\/"]}]},{"@type":"ImageObject","inLanguage":"de","@id":"https:\/\/www.sonnenseite.com\/de\/tipps\/deutscher-solarpreis-2021-an-fuenf-akteurinnen-und-akteure-der-energiewende-verliehen\/#primaryimage","url":"https:\/\/www.sonnenseite.com\/wp-content\/uploads\/2020\/09\/Solarpreis-dtsch-2020_energieAgenturNRW.jpg","contentUrl":"https:\/\/www.sonnenseite.com\/wp-content\/uploads\/2020\/09\/Solarpreis-dtsch-2020_energieAgenturNRW.jpg","width":770,"height":420,"caption":"EnergieAgentur NRW | Deutscher Solarpreis"},{"@type":"BreadcrumbList","@id":"https:\/\/www.sonnenseite.com\/de\/tipps\/deutscher-solarpreis-2021-an-fuenf-akteurinnen-und-akteure-der-energiewende-verliehen\/#breadcrumb","itemListElement":[{"@type":"ListItem","position":1,"name":"Startseite","item":"https:\/\/www.sonnenseite.com\/de\/"},{"@type":"ListItem","position":2,"name":"Deutscher Solarpreis 2021 an f\u00fcnf Akteurinnen und Akteure der Energiewende verliehen!"}]},{"@type":"WebSite","@id":"https:\/\/www.sonnenseite.com\/de\/#website","url":"https:\/\/www.sonnenseite.com\/de\/","name":"Sonnenseite","description":"\u00d6kologische Kommunikation mit Franz Alt","publisher":{"@id":"https:\/\/www.sonnenseite.com\/de\/#organization"},"potentialAction":[{"@type":"SearchAction","target":{"@type":"EntryPoint","urlTemplate":"https:\/\/www.sonnenseite.com\/de\/?s={search_term_string}"},"query-input":{"@type":"PropertyValueSpecification","valueRequired":true,"valueName":"search_term_string"}}],"inLanguage":"de"},{"@type":"Organization","@id":"https:\/\/www.sonnenseite.com\/de\/#organization","name":"Sonnenseite","url":"https:\/\/www.sonnenseite.com\/de\/","logo":{"@type":"ImageObject","inLanguage":"de","@id":"https:\/\/www.sonnenseite.com\/de\/#\/schema\/logo\/image\/","url":"https:\/\/www.sonnenseite.com\/wp-content\/uploads\/2020\/05\/Sonnenseite_Logo.png","contentUrl":"https:\/\/www.sonnenseite.com\/wp-content\/uploads\/2020\/05\/Sonnenseite_Logo.png","width":377,"height":90,"caption":"Sonnenseite"},"image":{"@id":"https:\/\/www.sonnenseite.com\/de\/#\/schema\/logo\/image\/"},"sameAs":["https:\/\/www.facebook.com\/pages\/Franz-Alt-SONNENSEITECOM\/221072987903953?fref=ts","https:\/\/x.com\/franzalt","http:\/\/www.youtube.com\/results?search_query&amp;amp;quot;franz_alt&amp;amp;quot;&amp;amp;amp;amp;search_type&amp;amp;amp;amp;aq=f"]},{"@type":"Person","@id":"https:\/\/www.sonnenseite.com\/de\/#\/schema\/person\/50fda0e926597684c7cc6695238a4eb9","name":"Bigi Alt"}]}},"_links":{"self":[{"href":"https:\/\/www.sonnenseite.com\/de\/wp-json\/wp\/v2\/posts\/75694","targetHints":{"allow":["GET"]}}],"collection":[{"href":"https:\/\/www.sonnenseite.com\/de\/wp-json\/wp\/v2\/posts"}],"about":[{"href":"https:\/\/www.sonnenseite.com\/de\/wp-json\/wp\/v2\/types\/post"}],"author":[{"embeddable":true,"href":"https:\/\/www.sonnenseite.com\/de\/wp-json\/wp\/v2\/users\/3"}],"replies":[{"embeddable":true,"href":"https:\/\/www.sonnenseite.com\/de\/wp-json\/wp\/v2\/comments?post=75694"}],"version-history":[{"count":1,"href":"https:\/\/www.sonnenseite.com\/de\/wp-json\/wp\/v2\/posts\/75694\/revisions"}],"predecessor-version":[{"id":75695,"href":"https:\/\/www.sonnenseite.com\/de\/wp-json\/wp\/v2\/posts\/75694\/revisions\/75695"}],"wp:featuredmedia":[{"embeddable":true,"href":"https:\/\/www.sonnenseite.com\/de\/wp-json\/wp\/v2\/media\/62914"}],"wp:attachment":[{"href":"https:\/\/www.sonnenseite.com\/de\/wp-json\/wp\/v2\/media?parent=75694"}],"wp:term":[{"taxonomy":"category","embeddable":true,"href":"https:\/\/www.sonnenseite.com\/de\/wp-json\/wp\/v2\/categories?post=75694"},{"taxonomy":"post_tag","embeddable":true,"href":"https:\/\/www.sonnenseite.com\/de\/wp-json\/wp\/v2\/tags?post=75694"}],"curies":[{"name":"wp","href":"https:\/\/api.w.org\/{rel}","templated":true}]}}