{"id":75919,"date":"2021-10-17T12:01:12","date_gmt":"2021-10-17T10:01:12","guid":{"rendered":"https:\/\/www.sonnenseite.com\/?p=75919"},"modified":"2021-10-17T12:01:12","modified_gmt":"2021-10-17T10:01:12","slug":"deutschlands-neue-agenda","status":"publish","type":"post","link":"https:\/\/www.sonnenseite.com\/de\/tipps\/deutschlands-neue-agenda\/","title":{"rendered":"Deutschlands Neue Agenda"},"content":{"rendered":"\n<p>CEODie Transformation von Wirtschaft und Staat in eine klimaneutrale und digitale Gesellschaft<\/p>\n\n\n\n<p>Von Automobil bis Zement, von Handel bis Flugverkehr, von Verwaltung bis Forschung \u2013 Deutschland will bis 2045 in allen Bereichen klimaneutral werden. Mehr als 50 namhafte CEOs, Wissenschaftler und Experten legten dazu mit <a href=\"https:\/\/deutschlands-neue-agenda.de\/de\/buch\/\" target=\"_blank\" rel=\"noreferrer noopener\">\u201eDeutschlands Neue Agenda\u201c eine konkrete Roadmap<\/a> f\u00fcr die Parlamente und Regierungen der n\u00e4chsten Jahrzehnte vor. Die Politik erh\u00e4lt damit einen genauen Fahrplan, welche Voraussetzungen bis 2022, 2025, 2030 erf\u00fcllt sein m\u00fcssen, damit die Unternehmen die bereits beschlossenen Klimaziele f\u00fcr 2045 wirklich erreichen k\u00f6nnen und welche Rolle die Digitalisierung dabei spielen muss. Pr\u00e4sentiert am 14.10.2021 in Berlin von den Mit-Herausgeberinnen Veronika Grimm (Sachverst\u00e4ndigenrat zur Begutachtung der gesamtwirtschaftlichen Entwicklung), Dirk Messner (Pr\u00e4sident des Umweltbundesamtes) und Stefan Schaible (Global Managing Partner Roland Berger).<\/p>\n\n\n\n<h5 class=\"wp-block-heading\">Wie erreichen wir Klimaneutralit\u00e4t bis 2045? <\/h5>\n\n\n\n<p>\u201eDeutschlands Neue Agenda\u201c zeigt auf, welche Voraussetzungen bis 2022, 2025 und 2030 erf\u00fcllt sein m\u00fcssen, damit die beschlossenen Klimaziele erreicht werden k\u00f6nnen. Neben einem schl\u00fcssigen Gesamtkonzept der neuen Bundesregierung fordern die Herausgeberinnen und Herausgeber unter anderem eine Reform des Steuer-, Abgaben- und Umlagensystems inklusive Abschaffung der EEG-Umlage, eine Senkung der Stromsteuer sowie die Einf\u00fchrung eines nationalen, planbar steigenden CO2-Mindestpreises.<\/p>\n\n\n\n<p>Sie wird anschlie\u00dfend an die Verhandlungsdelegationen der k\u00fcnftigen Regierungsparteien sowie an die Spitzen aller Fraktionen im Deutschen Bundestag, die CEOs aller DAX- und MDax-Unternehmen sowie an alle wichtigen Forschungsinstitute und Thinktanks \u00fcbergeben.<\/p>\n\n\n\n<p>\u201eOhne ambitionierten Klimaschutz erodieren Wohlstand, Stabilit\u00e4t und Freiheit. Europa kann durch seine Innovationskraft und durch Mut zur Ver\u00e4nderung Vorbild f\u00fcr eine Wirtschaft und Gesellschaft werden, die nachhaltig mit den nat\u00fcrlichen Ressourcen umgeht. Wenn wir es richtig orchestrieren, erw\u00e4chst daraus wirtschaftliche St\u00e4rke und zuk\u00fcnftiger Wohlstand \u2013 daf\u00fcr wird es auch starke globale Allianzen brauchen, zun\u00e4chst insbesondere mit den USA und China\u201c, so Dirk Messner, Pr\u00e4sident des Umweltbundesamtes.<\/p>\n\n\n\n<p>\u201eDeutschlands Neue Agenda ist eine Roadmap f\u00fcr die Parlamente und Regierungen der n\u00e4chsten Jahrzehnte. Viele Unternehmen und ganze Branchen sind weiter als der Staat. Die neue Regierung muss jetzt Tempo machen, bessere Rahmenbedingungen etablieren und den Unternehmen ein berechenbares Umfeld schaffen\u201c, so Stefan Schaible, Mitherausgeber und Global Managing Partner der Unternehmensberatung Roland Berger. \u201eWir brauchen schnell ein schl\u00fcssiges Gesamtkonzept in der Energie- und Klimapolitik, damit die Unternehmen die gewaltigen Investitionen in die Transformation in eine klimaneutrale Produktion jetzt auch t\u00e4tigen\u201c, fordert Veronika Grimm vom Sachverst\u00e4ndigenrat zur Begutachtung der gesamtwirtschaftlichen Entwicklung.<\/p>\n\n\n\n<p><strong>Fahrplan f\u00fcr Klimaneutralit\u00e4t und eine umfassende Digitalisierung<\/strong><\/p>\n\n\n\n<p>In einem sechsmonatigen, von der Unternehmensberatung Roland Berger unterst\u00fctzten Projekt haben die Autorinnen und Autoren beschrieben, welche Weichenstellungen n\u00f6tig sind, um Klimaneutralit\u00e4t und eine bessere Digitalisierung zu erreichen. <\/p>\n\n\n\n<p><strong>Zu den konkreten Forderungen geh\u00f6ren:<\/strong><\/p>\n\n\n\n<ul class=\"wp-block-list\"><li>Die Reform des Steuer-, Abgaben- und Umlagensystems inklusive Abschaffung der EEG-Umlage bis sp\u00e4testens 2025,<\/li><li>die Senkung der Stromsteuer auf das europ\u00e4ische Minimum sowie steuerliche F\u00f6rderung der Kreislaufwirtschaft,<\/li><li>die Einf\u00fchrung eines nationalen, planbar steigenden CO<sub>2<\/sub>-Mindestpreisesin den EU-ETS-Sektoren sowie die St\u00e4rkung des nationalen Emissionshandels f\u00fcr W\u00e4rme und Verkehr,<\/li><li>eine schrittweise Zusammenf\u00fchrung der europ\u00e4ischen Emissionshandelssysteme mit dem nationalen Emissionshandel zu einem sektor\u00fcbergreifenden Emissionshandel in Europa,<\/li><li>die Einf\u00fchrung von CO<sub>2<\/sub>-Schattenpreisen f\u00fcr die \u00f6ffentliche Beschaffung sowie die Beendigung von klimasch\u00e4dlichen Subventionen und Investitionen in fossile Infrastruktur<\/li><li>der Ausbau von glasfaserbasierten gigabitf\u00e4higen Netzen, auch in l\u00e4ndlichen Gebieten, bis 2025 sowie europaweite Abschaltung der 3G-Netze (UMTS) im Jahr 2022<\/li><li>eine verzahnte Planung von Strom-, W\u00e4rme-, Gas- und Wasserstoffinfrastrukturen,<\/li><li>die Beschleunigung des Stromnetzausbaus, schnellstm\u00f6glich Auf- und Ausbau einer Wasserstoff- Netzinfrastruktur,<\/li><li>ein beschleunigter Aus- und Umbau der W\u00e4rmenetze,<\/li><li>die St\u00e4rkung des klimafreundlichen Schieneng\u00fcterverkehrs \u2013 er soll mit Anreizsystemen und Digitalisierung von 18 auf 25 Prozent Anteil am Gesamtg\u00fcterverkehr den CO<sub>2<\/sub>-Aussto\u00df des Verkehrssektors relevant senken,<\/li><li>ein verbindlicher Ausbau der Ladeinfrastruktur f\u00fcr Elektroautos in allen Mitgliedstaaten der EU sowie der Aufbau einer europaweiten Lade- und Tankinfrastruktur f\u00fcr Wasserstoff- und E-Lkw,<\/li><li>eine Verdoppelung der Geschwindigkeit der energetischen Sanierung des Geba?udebestands,<\/li><li>die Schaffung der rechtlichen Grundlagen f\u00fcr umweltvertr\u00e4gliches Carbon Capture and Storage (CCS) sowie f\u00fcr Carbon Capture and Usage (CCU),<\/li><\/ul>\n\n\n\n<p><strong>Breites Meinungsbild aus Wissenschaft, Wirtschaft und Verwaltung<\/strong><\/p>\n\n\n\n<p>Zu den Autorinnen und Autoren des mehr als 400 Seiten umfassenden Bandes \u00a0z\u00e4hlen f\u00fchrende CEOs, Wissenschaftlerinnen und Experten in Deutschland, darunter Frank Appel (Vorstandsvorsitzender Deutsche Post), Werner Baumann (CEO Bayer), Antje Boetius (Biodiversit\u00e4tsforscherin), Ottmar \u00a0Edenhofer (Direktor Potsdam Institut f\u00fcr Klimaforschung), Manfred Fischedick (Gesch\u00e4ftsf\u00fchrer Wuppertal-Institut), Christina Foerster \u00a0(Vorstand Lufthansa), Timotheus H\u00f6ttges (CEO Telekom), Sabina Jeschke \u00a0(Digitalisierungsexpertin), Ulf K\u00e4mpfer (Oberb\u00fcrgermeister Kiel), Sabine Mauderer (Vorstand Deutsche Bundesbank), Markus Mosa (Vorstandsvorsitzender EDEKA), Karen Pittel (Energie\u00f6konomin), Hans Joachim Schnellnhuber (Klimaforscher) sowie Marion Weissenberger-Eibl \u00a0(Innovationsforscherin).<\/p>\n\n\n\n<div class=\"wp-block-image\"><figure class=\"alignright size-full\"><img loading=\"lazy\" decoding=\"async\" width=\"268\" height=\"401\" src=\"https:\/\/www.sonnenseite.com\/wp-content\/uploads\/2021\/10\/Deutschlands-neue-Agenda.jpg\" alt=\"\" class=\"wp-image-75921\" srcset=\"https:\/\/www.sonnenseite.com\/wp-content\/uploads\/2021\/10\/Deutschlands-neue-Agenda.jpg 268w, https:\/\/www.sonnenseite.com\/wp-content\/uploads\/2021\/10\/Deutschlands-neue-Agenda-200x300.jpg 200w\" sizes=\"auto, (max-width: 268px) 100vw, 268px\" \/><figcaption><em>\u00a9 Ullstein\/Econ<\/em><\/figcaption><\/figure><\/div>\n\n\n\n<p>Herausgeberinnen und Herausgeber des Buches mit eigenen Beitr\u00e4gen sind \u00a0Veronika Grimm (Sachverst\u00e4ndigenrat zur Begutachtung der \u00a0gesamtwirtschaftlichen Entwicklung), Joachim Lang (Hauptgesch\u00e4ftsf\u00fchrer \u00a0des Bundesverbands der Deutschen Industrie e. V. (BDI), Dirk Messner \u00a0(Pr\u00e4sident des Umweltbundesamtes), Dirk Meyer (Abteilungsleiter im \u00a0BMU), Lutz Meyer (Kommunikationschef des VDA), Sigrid Nikutta (Vorstand \u00a0G\u00fcterverkehr der Deutschen Bahn AG und Vorstandsvorsitzende der DB Cargo \u00a0AG) sowie Stefan Schaible (Global Managing Partner Roland Berger).<\/p>\n\n\n\n<ul class=\"wp-block-list\"><li><a href=\"https:\/\/www.amazon.de\/gp\/product\/3430210690\/ref=as_li_tl?ie=UTF8&amp;camp=1638&amp;creative=6742&amp;creativeASIN=3430210690&amp;linkCode=as2&amp;tag=altini1938-21&amp;linkId=be0aea02d6f6ef621b7291612ff58be7\">Deutschlands Neue Agenda: Die Transformation von Wirtschaft und Staat in eine klimaneutrale und digitale Gesellschaft | Klimawandel und Digitalisierung werden uns ver\u00e4ndern<\/a><\/li><\/ul>\n\n\n\n<ul class=\"wp-block-list\"><li><a href=\"https:\/\/www.ullstein-buchverlage.de\/nc\/buch\/details\/deutschlands-neue-agenda-9783430210690.html\">\u201eDeutschlands Neue Agenda\u201c erscheint am 18. Oktober im Econ Verlag als klimaneutrales Produkt.<\/a> <\/li><li>Alle Beitr\u00e4ge sind ab sofort einzeln abrufbar unter <a href=\"http:\/\/www.deutschlands-neue-agenda.de\">www.deutschlands-neue-agenda.de.<\/a><\/li><\/ul>\n\n\n<h5 class=\"green\">Quelle<\/h5>\r\n\n\n\n<p>Der Bericht wurde von der\u00a0<a href=\"https:\/\/www.solarify.eu\/2021\/10\/15\/221-deutschlands-neue-agenda\/\">Redaktion &#8222;SOLARIFY\u201c 2021<\/a>\u00a0verfasst!\u00a0 Quelle: <a href=\"https:\/\/deutschlands-neue-agenda.de\/de\/buch\/\" target=\"_blank\" rel=\"noreferrer noopener\">deutschlands-neue-agenda.de<\/a><\/p>\n<div class=\"shariff shariff-align-flex-start shariff-widget-align-flex-start\"><div class=\"ShariffHeadline\">Diese Meldung teilen<\/div><ul class=\"shariff-buttons theme-round orientation-horizontal buttonsize-medium\"><li class=\"shariff-button facebook shariff-nocustomcolor\" style=\"background-color:#4273c8;border-radius:1%\"><a href=\"https:\/\/www.facebook.com\/sharer\/sharer.php?u=https%3A%2F%2Fwww.sonnenseite.com%2Fde%2Ftipps%2Fdeutschlands-neue-agenda%2F\" title=\"Bei Facebook teilen\" aria-label=\"Bei Facebook teilen\" role=\"button\" rel=\"nofollow\" class=\"shariff-link\" style=\";border-radius:1%; background-color:#3b5998; color:#fff\" target=\"_blank\"><span class=\"shariff-icon\" style=\"\"><svg width=\"32px\" height=\"20px\" xmlns=\"http:\/\/www.w3.org\/2000\/svg\" viewBox=\"0 0 18 32\"><path fill=\"#3b5998\" d=\"M17.1 0.2v4.7h-2.8q-1.5 0-2.1 0.6t-0.5 1.9v3.4h5.2l-0.7 5.3h-4.5v13.6h-5.5v-13.6h-4.5v-5.3h4.5v-3.9q0-3.3 1.9-5.2t5-1.8q2.6 0 4.1 0.2z\"\/><\/svg><\/span><\/a><\/li><li class=\"shariff-button twitter shariff-nocustomcolor\" style=\"background-color:#595959;border-radius:1%\"><a href=\"https:\/\/twitter.com\/share?url=https%3A%2F%2Fwww.sonnenseite.com%2Fde%2Ftipps%2Fdeutschlands-neue-agenda%2F&text=Deutschlands%20Neue%20Agenda\" title=\"Bei X teilen\" aria-label=\"Bei X teilen\" role=\"button\" rel=\"noopener nofollow\" class=\"shariff-link\" style=\";border-radius:1%; background-color:#000; color:#fff\" target=\"_blank\"><span class=\"shariff-icon\" style=\"\"><svg width=\"32px\" height=\"20px\" xmlns=\"http:\/\/www.w3.org\/2000\/svg\" viewBox=\"0 0 24 24\"><path fill=\"#000\" d=\"M14.258 10.152L23.176 0h-2.113l-7.747 8.813L7.133 0H0l9.352 13.328L0 23.973h2.113l8.176-9.309 6.531 9.309h7.133zm-2.895 3.293l-.949-1.328L2.875 1.56h3.246l6.086 8.523.945 1.328 7.91 11.078h-3.246zm0 0\"\/><\/svg><\/span><\/a><\/li><li class=\"shariff-button xing shariff-nocustomcolor\" style=\"background-color:#29888a;border-radius:1%\"><a href=\"https:\/\/www.xing.com\/spi\/shares\/new?url=https%3A%2F%2Fwww.sonnenseite.com%2Fde%2Ftipps%2Fdeutschlands-neue-agenda%2F\" title=\"Bei XING teilen\" aria-label=\"Bei XING teilen\" role=\"button\" rel=\"noopener nofollow\" class=\"shariff-link\" style=\";border-radius:1%; background-color:#126567; color:#fff\" target=\"_blank\"><span class=\"shariff-icon\" style=\"\"><svg width=\"32px\" height=\"20px\" xmlns=\"http:\/\/www.w3.org\/2000\/svg\" viewBox=\"0 0 25 32\"><path fill=\"#126567\" d=\"M10.7 11.9q-0.2 0.3-4.6 8.2-0.5 0.8-1.2 0.8h-4.3q-0.4 0-0.5-0.3t0-0.6l4.5-8q0 0 0 0l-2.9-5q-0.2-0.4 0-0.7 0.2-0.3 0.5-0.3h4.3q0.7 0 1.2 0.8zM25.1 0.4q0.2 0.3 0 0.7l-9.4 16.7 6 11q0.2 0.4 0 0.6-0.2 0.3-0.6 0.3h-4.3q-0.7 0-1.2-0.8l-6-11.1q0.3-0.6 9.5-16.8 0.4-0.8 1.2-0.8h4.3q0.4 0 0.5 0.3z\"\/><\/svg><\/span><\/a><\/li><li class=\"shariff-button linkedin shariff-nocustomcolor\" style=\"background-color:#1488bf;border-radius:1%\"><a href=\"https:\/\/www.linkedin.com\/sharing\/share-offsite\/?url=https%3A%2F%2Fwww.sonnenseite.com%2Fde%2Ftipps%2Fdeutschlands-neue-agenda%2F\" title=\"Bei LinkedIn teilen\" aria-label=\"Bei LinkedIn teilen\" role=\"button\" rel=\"noopener nofollow\" class=\"shariff-link\" style=\";border-radius:1%; background-color:#0077b5; color:#fff\" target=\"_blank\"><span class=\"shariff-icon\" style=\"\"><svg width=\"32px\" height=\"20px\" xmlns=\"http:\/\/www.w3.org\/2000\/svg\" viewBox=\"0 0 27 32\"><path fill=\"#0077b5\" d=\"M6.2 11.2v17.7h-5.9v-17.7h5.9zM6.6 5.7q0 1.3-0.9 2.2t-2.4 0.9h0q-1.5 0-2.4-0.9t-0.9-2.2 0.9-2.2 2.4-0.9 2.4 0.9 0.9 2.2zM27.4 18.7v10.1h-5.9v-9.5q0-1.9-0.7-2.9t-2.3-1.1q-1.1 0-1.9 0.6t-1.2 1.5q-0.2 0.5-0.2 1.4v9.9h-5.9q0-7.1 0-11.6t0-5.3l0-0.9h5.9v2.6h0q0.4-0.6 0.7-1t1-0.9 1.6-0.8 2-0.3q3 0 4.9 2t1.9 6z\"\/><\/svg><\/span><\/a><\/li><li class=\"shariff-button printer shariff-nocustomcolor\" style=\"background-color:#a8a8a8;border-radius:1%\"><a href=\"javascript:window.print()\" title=\"drucken\" aria-label=\"drucken\" role=\"button\" rel=\"noopener nofollow\" class=\"shariff-link\" style=\";border-radius:1%; background-color:#999; color:#fff\"><span class=\"shariff-icon\" style=\"\"><svg width=\"32px\" height=\"20px\" xmlns=\"http:\/\/www.w3.org\/2000\/svg\" viewBox=\"0 0 30 32\"><path fill=\"#999\" d=\"M6.8 27.4h16v-4.6h-16v4.6zM6.8 16h16v-6.8h-2.8q-0.7 0-1.2-0.5t-0.5-1.2v-2.8h-11.4v11.4zM27.4 17.2q0-0.5-0.3-0.8t-0.8-0.4-0.8 0.4-0.3 0.8 0.3 0.8 0.8 0.3 0.8-0.3 0.3-0.8zM29.7 17.2v7.4q0 0.2-0.2 0.4t-0.4 0.2h-4v2.8q0 0.7-0.5 1.2t-1.2 0.5h-17.2q-0.7 0-1.2-0.5t-0.5-1.2v-2.8h-4q-0.2 0-0.4-0.2t-0.2-0.4v-7.4q0-1.4 1-2.4t2.4-1h1.2v-9.7q0-0.7 0.5-1.2t1.2-0.5h12q0.7 0 1.6 0.4t1.3 0.8l2.7 2.7q0.5 0.5 0.9 1.4t0.4 1.6v4.6h1.1q1.4 0 2.4 1t1 2.4z\"\/><\/svg><\/span><\/a><\/li><li class=\"shariff-button mailto shariff-nocustomcolor\" style=\"background-color:#a8a8a8;border-radius:1%\"><a href=\"mailto:?body=https%3A%2F%2Fwww.sonnenseite.com%2Fde%2Ftipps%2Fdeutschlands-neue-agenda%2F&subject=Deutschlands%20Neue%20Agenda\" title=\"Per E-Mail versenden\" aria-label=\"Per E-Mail versenden\" role=\"button\" rel=\"noopener nofollow\" class=\"shariff-link\" style=\";border-radius:1%; background-color:#999; color:#fff\"><span class=\"shariff-icon\" style=\"\"><svg width=\"32px\" height=\"20px\" xmlns=\"http:\/\/www.w3.org\/2000\/svg\" viewBox=\"0 0 32 32\"><path fill=\"#999\" d=\"M32 12.7v14.2q0 1.2-0.8 2t-2 0.9h-26.3q-1.2 0-2-0.9t-0.8-2v-14.2q0.8 0.9 1.8 1.6 6.5 4.4 8.9 6.1 1 0.8 1.6 1.2t1.7 0.9 2 0.4h0.1q0.9 0 2-0.4t1.7-0.9 1.6-1.2q3-2.2 8.9-6.1 1-0.7 1.8-1.6zM32 7.4q0 1.4-0.9 2.7t-2.2 2.2q-6.7 4.7-8.4 5.8-0.2 0.1-0.7 0.5t-1 0.7-0.9 0.6-1.1 0.5-0.9 0.2h-0.1q-0.4 0-0.9-0.2t-1.1-0.5-0.9-0.6-1-0.7-0.7-0.5q-1.6-1.1-4.7-3.2t-3.6-2.6q-1.1-0.7-2.1-2t-1-2.5q0-1.4 0.7-2.3t2.1-0.9h26.3q1.2 0 2 0.8t0.9 2z\"\/><\/svg><\/span><\/a><\/li><\/ul><\/div>","protected":false},"excerpt":{"rendered":"<p>CEODie Transformation von Wirtschaft und Staat in eine klimaneutrale und digitale Gesellschaft Von Automobil bis Zement, [&hellip;]<\/p>\n","protected":false},"author":3,"featured_media":9535,"comment_status":"closed","ping_status":"closed","sticky":false,"template":"","format":"standard","meta":{"inline_featured_image":false,"footnotes":""},"categories":[28],"tags":[],"class_list":["post-75919","post","type-post","status-publish","format-standard","has-post-thumbnail","hentry","category-tipps"],"yoast_head":"<!-- This site is optimized with the Yoast SEO plugin v26.5 - https:\/\/yoast.com\/wordpress\/plugins\/seo\/ -->\n<title>Deutschlands Neue Agenda - Sonnenseite - \u00d6kologische Kommunikation mit Franz Alt<\/title>\n<meta name=\"description\" content=\"CEODie Transformation von Wirtschaft und Staat in eine klimaneutrale und digitale Gesellschaft Von Automobil bis Zement, von Handel bis Flugverkehr, von\" \/>\n<meta name=\"robots\" content=\"index, follow, max-snippet:-1, max-image-preview:large, max-video-preview:-1\" \/>\n<link rel=\"canonical\" href=\"https:\/\/www.sonnenseite.com\/de\/tipps\/deutschlands-neue-agenda\/\" \/>\n<meta property=\"og:locale\" content=\"de_DE\" \/>\n<meta property=\"og:type\" content=\"article\" \/>\n<meta property=\"og:title\" content=\"Deutschlands Neue Agenda - Sonnenseite - \u00d6kologische Kommunikation mit Franz Alt\" \/>\n<meta property=\"og:description\" content=\"CEODie Transformation von Wirtschaft und Staat in eine klimaneutrale und digitale Gesellschaft Von Automobil bis Zement, von Handel bis Flugverkehr, von\" \/>\n<meta property=\"og:url\" content=\"https:\/\/www.sonnenseite.com\/de\/tipps\/deutschlands-neue-agenda\/\" \/>\n<meta property=\"og:site_name\" content=\"Sonnenseite\" \/>\n<meta property=\"article:publisher\" content=\"https:\/\/www.facebook.com\/pages\/Franz-Alt-SONNENSEITECOM\/221072987903953?fref=ts\" \/>\n<meta property=\"article:published_time\" content=\"2021-10-17T10:01:12+00:00\" \/>\n<meta property=\"og:image\" content=\"https:\/\/www.sonnenseite.com\/wp-content\/uploads\/2019\/05\/Deutschland_Flagge_moritz320.jpg\" \/>\n\t<meta property=\"og:image:width\" content=\"770\" \/>\n\t<meta property=\"og:image:height\" content=\"420\" \/>\n\t<meta property=\"og:image:type\" content=\"image\/jpeg\" \/>\n<meta name=\"author\" content=\"Bigi Alt\" \/>\n<meta name=\"twitter:card\" content=\"summary_large_image\" \/>\n<meta name=\"twitter:creator\" content=\"@franzalt\" \/>\n<meta name=\"twitter:site\" content=\"@franzalt\" \/>\n<meta name=\"twitter:label1\" content=\"Verfasst von\" \/>\n\t<meta name=\"twitter:data1\" content=\"Bigi Alt\" \/>\n\t<meta name=\"twitter:label2\" content=\"Gesch\u00e4tzte Lesezeit\" \/>\n\t<meta name=\"twitter:data2\" content=\"4\u00a0Minuten\" \/>\n<script type=\"application\/ld+json\" class=\"yoast-schema-graph\">{\"@context\":\"https:\/\/schema.org\",\"@graph\":[{\"@type\":\"Article\",\"@id\":\"https:\/\/www.sonnenseite.com\/de\/tipps\/deutschlands-neue-agenda\/#article\",\"isPartOf\":{\"@id\":\"https:\/\/www.sonnenseite.com\/de\/tipps\/deutschlands-neue-agenda\/\"},\"author\":{\"name\":\"Bigi Alt\",\"@id\":\"https:\/\/www.sonnenseite.com\/de\/#\/schema\/person\/50fda0e926597684c7cc6695238a4eb9\"},\"headline\":\"Deutschlands Neue Agenda\",\"datePublished\":\"2021-10-17T10:01:12+00:00\",\"mainEntityOfPage\":{\"@id\":\"https:\/\/www.sonnenseite.com\/de\/tipps\/deutschlands-neue-agenda\/\"},\"wordCount\":904,\"publisher\":{\"@id\":\"https:\/\/www.sonnenseite.com\/de\/#organization\"},\"image\":{\"@id\":\"https:\/\/www.sonnenseite.com\/de\/tipps\/deutschlands-neue-agenda\/#primaryimage\"},\"thumbnailUrl\":\"https:\/\/www.sonnenseite.com\/wp-content\/uploads\/2019\/05\/Deutschland_Flagge_moritz320.jpg\",\"articleSection\":[\"Tipps\"],\"inLanguage\":\"de\"},{\"@type\":\"WebPage\",\"@id\":\"https:\/\/www.sonnenseite.com\/de\/tipps\/deutschlands-neue-agenda\/\",\"url\":\"https:\/\/www.sonnenseite.com\/de\/tipps\/deutschlands-neue-agenda\/\",\"name\":\"Deutschlands Neue Agenda - Sonnenseite - \u00d6kologische Kommunikation mit Franz Alt\",\"isPartOf\":{\"@id\":\"https:\/\/www.sonnenseite.com\/de\/#website\"},\"primaryImageOfPage\":{\"@id\":\"https:\/\/www.sonnenseite.com\/de\/tipps\/deutschlands-neue-agenda\/#primaryimage\"},\"image\":{\"@id\":\"https:\/\/www.sonnenseite.com\/de\/tipps\/deutschlands-neue-agenda\/#primaryimage\"},\"thumbnailUrl\":\"https:\/\/www.sonnenseite.com\/wp-content\/uploads\/2019\/05\/Deutschland_Flagge_moritz320.jpg\",\"datePublished\":\"2021-10-17T10:01:12+00:00\",\"description\":\"CEODie Transformation von Wirtschaft und Staat in eine klimaneutrale und digitale Gesellschaft Von Automobil bis Zement, von Handel bis Flugverkehr, von\",\"breadcrumb\":{\"@id\":\"https:\/\/www.sonnenseite.com\/de\/tipps\/deutschlands-neue-agenda\/#breadcrumb\"},\"inLanguage\":\"de\",\"potentialAction\":[{\"@type\":\"ReadAction\",\"target\":[\"https:\/\/www.sonnenseite.com\/de\/tipps\/deutschlands-neue-agenda\/\"]}]},{\"@type\":\"ImageObject\",\"inLanguage\":\"de\",\"@id\":\"https:\/\/www.sonnenseite.com\/de\/tipps\/deutschlands-neue-agenda\/#primaryimage\",\"url\":\"https:\/\/www.sonnenseite.com\/wp-content\/uploads\/2019\/05\/Deutschland_Flagge_moritz320.jpg\",\"contentUrl\":\"https:\/\/www.sonnenseite.com\/wp-content\/uploads\/2019\/05\/Deutschland_Flagge_moritz320.jpg\",\"width\":770,\"height\":420,\"caption\":\"pixabay.com | moritz320\"},{\"@type\":\"BreadcrumbList\",\"@id\":\"https:\/\/www.sonnenseite.com\/de\/tipps\/deutschlands-neue-agenda\/#breadcrumb\",\"itemListElement\":[{\"@type\":\"ListItem\",\"position\":1,\"name\":\"Startseite\",\"item\":\"https:\/\/www.sonnenseite.com\/de\/\"},{\"@type\":\"ListItem\",\"position\":2,\"name\":\"Deutschlands Neue Agenda\"}]},{\"@type\":\"WebSite\",\"@id\":\"https:\/\/www.sonnenseite.com\/de\/#website\",\"url\":\"https:\/\/www.sonnenseite.com\/de\/\",\"name\":\"Sonnenseite\",\"description\":\"\u00d6kologische Kommunikation mit Franz Alt\",\"publisher\":{\"@id\":\"https:\/\/www.sonnenseite.com\/de\/#organization\"},\"potentialAction\":[{\"@type\":\"SearchAction\",\"target\":{\"@type\":\"EntryPoint\",\"urlTemplate\":\"https:\/\/www.sonnenseite.com\/de\/?s={search_term_string}\"},\"query-input\":{\"@type\":\"PropertyValueSpecification\",\"valueRequired\":true,\"valueName\":\"search_term_string\"}}],\"inLanguage\":\"de\"},{\"@type\":\"Organization\",\"@id\":\"https:\/\/www.sonnenseite.com\/de\/#organization\",\"name\":\"Sonnenseite\",\"url\":\"https:\/\/www.sonnenseite.com\/de\/\",\"logo\":{\"@type\":\"ImageObject\",\"inLanguage\":\"de\",\"@id\":\"https:\/\/www.sonnenseite.com\/de\/#\/schema\/logo\/image\/\",\"url\":\"https:\/\/www.sonnenseite.com\/wp-content\/uploads\/2020\/05\/Sonnenseite_Logo.png\",\"contentUrl\":\"https:\/\/www.sonnenseite.com\/wp-content\/uploads\/2020\/05\/Sonnenseite_Logo.png\",\"width\":377,\"height\":90,\"caption\":\"Sonnenseite\"},\"image\":{\"@id\":\"https:\/\/www.sonnenseite.com\/de\/#\/schema\/logo\/image\/\"},\"sameAs\":[\"https:\/\/www.facebook.com\/pages\/Franz-Alt-SONNENSEITECOM\/221072987903953?fref=ts\",\"https:\/\/x.com\/franzalt\",\"http:\/\/www.youtube.com\/results?search_query&amp;amp;quot;franz_alt&amp;amp;quot;&amp;amp;amp;amp;search_type&amp;amp;amp;amp;aq=f\"]},{\"@type\":\"Person\",\"@id\":\"https:\/\/www.sonnenseite.com\/de\/#\/schema\/person\/50fda0e926597684c7cc6695238a4eb9\",\"name\":\"Bigi Alt\"}]}<\/script>\n<!-- \/ Yoast SEO plugin. -->","yoast_head_json":{"title":"Deutschlands Neue Agenda - Sonnenseite - \u00d6kologische Kommunikation mit Franz Alt","description":"CEODie Transformation von Wirtschaft und Staat in eine klimaneutrale und digitale Gesellschaft Von Automobil bis Zement, von Handel bis Flugverkehr, von","robots":{"index":"index","follow":"follow","max-snippet":"max-snippet:-1","max-image-preview":"max-image-preview:large","max-video-preview":"max-video-preview:-1"},"canonical":"https:\/\/www.sonnenseite.com\/de\/tipps\/deutschlands-neue-agenda\/","og_locale":"de_DE","og_type":"article","og_title":"Deutschlands Neue Agenda - Sonnenseite - \u00d6kologische Kommunikation mit Franz Alt","og_description":"CEODie Transformation von Wirtschaft und Staat in eine klimaneutrale und digitale Gesellschaft Von Automobil bis Zement, von Handel bis Flugverkehr, von","og_url":"https:\/\/www.sonnenseite.com\/de\/tipps\/deutschlands-neue-agenda\/","og_site_name":"Sonnenseite","article_publisher":"https:\/\/www.facebook.com\/pages\/Franz-Alt-SONNENSEITECOM\/221072987903953?fref=ts","article_published_time":"2021-10-17T10:01:12+00:00","og_image":[{"width":770,"height":420,"url":"https:\/\/www.sonnenseite.com\/wp-content\/uploads\/2019\/05\/Deutschland_Flagge_moritz320.jpg","type":"image\/jpeg"}],"author":"Bigi Alt","twitter_card":"summary_large_image","twitter_creator":"@franzalt","twitter_site":"@franzalt","twitter_misc":{"Verfasst von":"Bigi Alt","Gesch\u00e4tzte Lesezeit":"4\u00a0Minuten"},"schema":{"@context":"https:\/\/schema.org","@graph":[{"@type":"Article","@id":"https:\/\/www.sonnenseite.com\/de\/tipps\/deutschlands-neue-agenda\/#article","isPartOf":{"@id":"https:\/\/www.sonnenseite.com\/de\/tipps\/deutschlands-neue-agenda\/"},"author":{"name":"Bigi Alt","@id":"https:\/\/www.sonnenseite.com\/de\/#\/schema\/person\/50fda0e926597684c7cc6695238a4eb9"},"headline":"Deutschlands Neue Agenda","datePublished":"2021-10-17T10:01:12+00:00","mainEntityOfPage":{"@id":"https:\/\/www.sonnenseite.com\/de\/tipps\/deutschlands-neue-agenda\/"},"wordCount":904,"publisher":{"@id":"https:\/\/www.sonnenseite.com\/de\/#organization"},"image":{"@id":"https:\/\/www.sonnenseite.com\/de\/tipps\/deutschlands-neue-agenda\/#primaryimage"},"thumbnailUrl":"https:\/\/www.sonnenseite.com\/wp-content\/uploads\/2019\/05\/Deutschland_Flagge_moritz320.jpg","articleSection":["Tipps"],"inLanguage":"de"},{"@type":"WebPage","@id":"https:\/\/www.sonnenseite.com\/de\/tipps\/deutschlands-neue-agenda\/","url":"https:\/\/www.sonnenseite.com\/de\/tipps\/deutschlands-neue-agenda\/","name":"Deutschlands Neue Agenda - Sonnenseite - \u00d6kologische Kommunikation mit Franz Alt","isPartOf":{"@id":"https:\/\/www.sonnenseite.com\/de\/#website"},"primaryImageOfPage":{"@id":"https:\/\/www.sonnenseite.com\/de\/tipps\/deutschlands-neue-agenda\/#primaryimage"},"image":{"@id":"https:\/\/www.sonnenseite.com\/de\/tipps\/deutschlands-neue-agenda\/#primaryimage"},"thumbnailUrl":"https:\/\/www.sonnenseite.com\/wp-content\/uploads\/2019\/05\/Deutschland_Flagge_moritz320.jpg","datePublished":"2021-10-17T10:01:12+00:00","description":"CEODie Transformation von Wirtschaft und Staat in eine klimaneutrale und digitale Gesellschaft Von Automobil bis Zement, von Handel bis Flugverkehr, von","breadcrumb":{"@id":"https:\/\/www.sonnenseite.com\/de\/tipps\/deutschlands-neue-agenda\/#breadcrumb"},"inLanguage":"de","potentialAction":[{"@type":"ReadAction","target":["https:\/\/www.sonnenseite.com\/de\/tipps\/deutschlands-neue-agenda\/"]}]},{"@type":"ImageObject","inLanguage":"de","@id":"https:\/\/www.sonnenseite.com\/de\/tipps\/deutschlands-neue-agenda\/#primaryimage","url":"https:\/\/www.sonnenseite.com\/wp-content\/uploads\/2019\/05\/Deutschland_Flagge_moritz320.jpg","contentUrl":"https:\/\/www.sonnenseite.com\/wp-content\/uploads\/2019\/05\/Deutschland_Flagge_moritz320.jpg","width":770,"height":420,"caption":"pixabay.com | moritz320"},{"@type":"BreadcrumbList","@id":"https:\/\/www.sonnenseite.com\/de\/tipps\/deutschlands-neue-agenda\/#breadcrumb","itemListElement":[{"@type":"ListItem","position":1,"name":"Startseite","item":"https:\/\/www.sonnenseite.com\/de\/"},{"@type":"ListItem","position":2,"name":"Deutschlands Neue Agenda"}]},{"@type":"WebSite","@id":"https:\/\/www.sonnenseite.com\/de\/#website","url":"https:\/\/www.sonnenseite.com\/de\/","name":"Sonnenseite","description":"\u00d6kologische Kommunikation mit Franz Alt","publisher":{"@id":"https:\/\/www.sonnenseite.com\/de\/#organization"},"potentialAction":[{"@type":"SearchAction","target":{"@type":"EntryPoint","urlTemplate":"https:\/\/www.sonnenseite.com\/de\/?s={search_term_string}"},"query-input":{"@type":"PropertyValueSpecification","valueRequired":true,"valueName":"search_term_string"}}],"inLanguage":"de"},{"@type":"Organization","@id":"https:\/\/www.sonnenseite.com\/de\/#organization","name":"Sonnenseite","url":"https:\/\/www.sonnenseite.com\/de\/","logo":{"@type":"ImageObject","inLanguage":"de","@id":"https:\/\/www.sonnenseite.com\/de\/#\/schema\/logo\/image\/","url":"https:\/\/www.sonnenseite.com\/wp-content\/uploads\/2020\/05\/Sonnenseite_Logo.png","contentUrl":"https:\/\/www.sonnenseite.com\/wp-content\/uploads\/2020\/05\/Sonnenseite_Logo.png","width":377,"height":90,"caption":"Sonnenseite"},"image":{"@id":"https:\/\/www.sonnenseite.com\/de\/#\/schema\/logo\/image\/"},"sameAs":["https:\/\/www.facebook.com\/pages\/Franz-Alt-SONNENSEITECOM\/221072987903953?fref=ts","https:\/\/x.com\/franzalt","http:\/\/www.youtube.com\/results?search_query&amp;amp;quot;franz_alt&amp;amp;quot;&amp;amp;amp;amp;search_type&amp;amp;amp;amp;aq=f"]},{"@type":"Person","@id":"https:\/\/www.sonnenseite.com\/de\/#\/schema\/person\/50fda0e926597684c7cc6695238a4eb9","name":"Bigi Alt"}]}},"_links":{"self":[{"href":"https:\/\/www.sonnenseite.com\/de\/wp-json\/wp\/v2\/posts\/75919","targetHints":{"allow":["GET"]}}],"collection":[{"href":"https:\/\/www.sonnenseite.com\/de\/wp-json\/wp\/v2\/posts"}],"about":[{"href":"https:\/\/www.sonnenseite.com\/de\/wp-json\/wp\/v2\/types\/post"}],"author":[{"embeddable":true,"href":"https:\/\/www.sonnenseite.com\/de\/wp-json\/wp\/v2\/users\/3"}],"replies":[{"embeddable":true,"href":"https:\/\/www.sonnenseite.com\/de\/wp-json\/wp\/v2\/comments?post=75919"}],"version-history":[{"count":3,"href":"https:\/\/www.sonnenseite.com\/de\/wp-json\/wp\/v2\/posts\/75919\/revisions"}],"predecessor-version":[{"id":75924,"href":"https:\/\/www.sonnenseite.com\/de\/wp-json\/wp\/v2\/posts\/75919\/revisions\/75924"}],"wp:featuredmedia":[{"embeddable":true,"href":"https:\/\/www.sonnenseite.com\/de\/wp-json\/wp\/v2\/media\/9535"}],"wp:attachment":[{"href":"https:\/\/www.sonnenseite.com\/de\/wp-json\/wp\/v2\/media?parent=75919"}],"wp:term":[{"taxonomy":"category","embeddable":true,"href":"https:\/\/www.sonnenseite.com\/de\/wp-json\/wp\/v2\/categories?post=75919"},{"taxonomy":"post_tag","embeddable":true,"href":"https:\/\/www.sonnenseite.com\/de\/wp-json\/wp\/v2\/tags?post=75919"}],"curies":[{"name":"wp","href":"https:\/\/api.w.org\/{rel}","templated":true}]}}