{"id":75964,"date":"2021-10-19T08:13:19","date_gmt":"2021-10-19T06:13:19","guid":{"rendered":"https:\/\/www.sonnenseite.com\/?p=75964"},"modified":"2021-10-19T08:13:20","modified_gmt":"2021-10-19T06:13:20","slug":"ampel-koalitionsvertrag-muss-klimaschutz-geschichte-schreiben","status":"publish","type":"post","link":"https:\/\/www.sonnenseite.com\/de\/politik\/ampel-koalitionsvertrag-muss-klimaschutz-geschichte-schreiben\/","title":{"rendered":"Ampel-Koalitionsvertrag muss Klimaschutz-Geschichte schreiben"},"content":{"rendered":"\n<p>Breite Unterst\u00fctzung aus der Wirtschaft f\u00fcr sozial-\u00f6kologische Transformationspl\u00e4ne<\/p>\n\n\n\n<p><em>Als das wichtigste Problem in Deutschland nannten die W\u00e4hler:innen die Klimakrise. Auch die <a href=\"https:\/\/www.zukunftswirtschaft.org\/\">Wirtschaft<\/a> zeigt breite Unterst\u00fctzung f\u00fcr ein Umsteuern und warnt davor, dass k\u00fcnftig mangelnder Klimaschutz zum Standortnachteil wird. Der Bundesverband Nachhaltige Wirtschaft (BNW) fordert deshalb von SPD, Gr\u00fcnen und FDP konkrete L\u00f6sungen.<\/em><\/p>\n\n\n\n<p>\u201eDie n\u00e4chste Bundesregierung k\u00f6nnte daf\u00fcr sorgen, dass Deutschland Klimaschutz-Geschichte schreibt, wenn sie die Transformation der Wirtschaft ernsthaft und entschlossen angeht. Wir begr\u00fc\u00dfen eine m\u00f6gliche Ampel-Konstellation, da wir in diesem B\u00fcndnis die gr\u00f6\u00dften Schnittmengen f\u00fcr unsere Anliegen sehen\u201c erkl\u00e4rt <strong>Dr. Katharina Reuter, BNW-Gesch\u00e4ftsf\u00fchrerin<\/strong>.<\/p>\n\n\n\n<p>\u201eUnsere knapp 500 Mitgliedsunternehmen aus den verschiedensten Branchen wie Weleda, Vaillant, elobau, HiPP, GLS Bank, VAUDE, Entega, Jobrad, BKK Provita, BioCompany oder Riese &amp; M\u00fcller zeigen schon heute, dass sich die Wirtschaft auf den Weg zur Klimaneutralit\u00e4t gemacht hat\u201c, so <strong>Reuter<\/strong> weiter. Die Unternehmerinnen und Unternehmer fordern nun von der Politik ebenfalls entschlossene Klimaschutz-Ma\u00dfnahmen.<\/p>\n\n\n\n<p>\u201eWir als BNW sehen daher Licht und Schatten in dem Sondierungsergebnis. Gut ist das Bekenntnis zum Ziel, die Erderhitzung bei 1,5 Grad gegen\u00fcber vorindustriellen Zeiten zu begrenzen. Wichtige Forderungen von uns wie der vorzeitige Kohleausstieg, erh\u00f6hte Abschreibungsm\u00f6glichkeiten f\u00fcr Investitionen in Klimaschutz oder die Vorschrift, bei gewerblichen Neubauten die Installation von Photovoltaik-Anlagen verpflichtend zu machen, wurden aufgegriffen\u201c, erkl\u00e4rt <strong>Reuter<\/strong>. Sie kritisiert allerdings an anderer Stelle die mangelnde Detailsch\u00e4rfe der Pl\u00e4ne: Ein Ausstiegsdatum f\u00fcr den Verbrennungsmotor oder konkrete Ausbauziele f\u00fcr einzelne Technologien. Der BNW fordert dazu den Ausbau der erneuerbaren Energien auf j\u00e4hrlich mindestens 20 GW Photovoltaik, 8 GW Wind Onshore und 3,5 GW Offshore festzuschreiben.<\/p>\n\n\n\n<h5 class=\"wp-block-heading\">Arbeitswelt sozialer gestalten<\/h5>\n\n\n\n<p>\u201eIm Gegensatz zum BDA halten wir den Mindestlohn von 12 Euro keinesfalls f\u00fcr \u201abrandgef\u00e4hrlich\u2018 f\u00fcr die Unternehmen. Untersuchungen zeigen, dass ein hoher Mindestlohn nicht zu Arbeitsplatzverlusten f\u00fchrt\u201c, so <strong>Klaus St\u00e4hle, BNW-Vorstand und Arbeitsrechtler<\/strong>. \u201eWir begr\u00fc\u00dfen au\u00dferdem die Flexibilisierung und Durchbrechung von arbeitszeitgesetzlichen Rahmenbedingungen, die Erh\u00f6hung der MIDI-Job Grenze auf 1600 Euro und offensichtlich die Beibehaltung und zugleich eventuell auch Anhebung des Mini-Jobbereichs\u201c, so <strong>St\u00e4hle<\/strong> weiter.<\/p>\n\n\n\n<h5 class=\"wp-block-heading\">Pestizidabgabe f\u00fcr wirksamen Artenschutz<\/h5>\n\n\n\n<p>Die Biodiversit\u00e4tskrise wird im Papier bisher zu wenig adressiert. Es gibt von der Sondierungsgruppe ein grunds\u00e4tzliches Bekenntnis zur Artenvielfalt. \u201eDer Verlust der Arten ist aber nicht blo\u00df eine \u201eweitere \u00f6kologische Krise\u201c\u201c, hebt <strong>BNW-Gesch\u00e4ftsf\u00fchrerin Dr. Katharina Reuter<\/strong> hervor. \u201eWir brauchen hier f\u00fcr den Schutz der Arten einen echten Schutz vor Pestizidauswirkungen. Die von uns geforderte Pestizidabgabe w\u00e4re ein marktwirtschaftliches Instrument, um den Einsatz von Pestiziden zu reduzieren\u201c, so <strong>Reuter<\/strong> weiter. Die Vorschl\u00e4ge der Zukunftskommission Landwirtschaft sollten daher im Koalitionsvertrag noch st\u00e4rker Beachtung finden. Der BNW fordert ein Ausbauziel von 30 % f\u00fcr den \u00f6kologischen Landbau in Deutschland bis 2030 und Steuern, Abgaben und F\u00f6rdermittel an Nachhaltigkeitskriterien zu kn\u00fcpfen.<\/p>\n\n\n\n<h5 class=\"wp-block-heading\">Klare Standards f\u00fcr \u201eSustainable Finance\u201c (im \u00f6ffentlichen und privaten Sektor)<\/h5>\n\n\n\n<p>Der BNW pl\u00e4diert daf\u00fcr, Investitionen und private und \u00f6ffentliche Finanzstr\u00f6me in zukunftsf\u00e4hige Unternehmen und Branchen umzulenken, um die gro\u00dfe Hebelfunktion eines nachhaltigen Finanzmarktes f\u00fcr die Transformation der deutschen Wirtschaft zu nutzen. <strong>Reuter<\/strong>: \u201eWir w\u00fcnschen uns im Koalitionsvertrag das Festschreiben von klaren Standards und eine ambitionierte Umsetzung der Sustainable Finance Strategie, um so Deutschland zu einem f\u00fchrenden Sustainable Finance Standort zu machen.\u201c<\/p>\n\n\n\n<h5 class=\"wp-block-heading\">Soziale Innovationen und Gemeinwohlorientierung st\u00e4rken<\/h5>\n\n\n\n<p>\u201eWir freuen uns, dass sich die Parteien zur F\u00f6rderung wirtschaftlicher und gesellschaftlicher Innovationsprozesse bekennen\u201c, erg\u00e4nzt <strong>BNW-Vorst\u00e4ndin Alyssa Jade McDonald-B\u00e4rtl<\/strong>. Gemeinsam mit weiteren Wirtschaftsinitiativen hatte sich der BNW dar\u00fcber hinaus daf\u00fcr eingesetzt, dass Sozialunternehmer:innen und eine neue Rechtsform f\u00fcr Unternehmen mit gebundenem Verm\u00f6gen explizit Erw\u00e4hnung finden. Nun komme es auf die Verankerung im Koalitionsvertrag an. \u201eAuch ein wichtiger Erfolg f\u00fcr uns ist, dass die Parteien vereinbart haben, verst\u00e4rkt privates Kapital f\u00fcr Transformationsprojekte zu aktivieren\u201c freut sich <strong>McDonald-B\u00e4rtl<\/strong>.<\/p>\n\n\n\n<h5 class=\"wp-block-heading\">L\u00fccken auf dem Weg zum Koalitionsvertrag schlie\u00dfen<\/h5>\n\n\n\n<p>Der BNW hatte eine Reihe von <a href=\"https:\/\/www.bnw-bundesverband.de\/blog\/2021\/09\/27\/5-saetze-die-wir-im-koalitionsvertrag-lesen-wollen\/\">Wahlpr\u00fcfsteinen und Anforderungen an die n\u00e4chste Bundesregierung<\/a> aufgestellt. \u201eGerade bei der Frage der CO2-Bepreisung weist das Sondierungspapier noch L\u00fccken auf, wie hier wirklich lenkungswirksam Klimaschutz in der Wirtschaft angereizt werden soll. Diese L\u00fccken auf dem Weg zum Koalitionsvertrag zu f\u00fcllen, ist nun die Aufgabe der weiteren Verhandlungen\u201c, ist sich <strong>BNW-Gesch\u00e4ftsf\u00fchrerin Reuter<\/strong> sicher.<\/p>\n\n\n<h5 class=\"green\">Quelle<\/h5>\r\n\n\n\n<p><a href=\"https:\/\/www.bnw-bundesverband.de\">BNW \/ Bundesverband Nachhaltige Wirtschaft e.V. 2021<\/a><\/p>\n<div class=\"shariff shariff-align-flex-start shariff-widget-align-flex-start\"><div class=\"ShariffHeadline\">Diese Meldung teilen<\/div><ul class=\"shariff-buttons theme-round orientation-horizontal buttonsize-medium\"><li class=\"shariff-button facebook shariff-nocustomcolor\" style=\"background-color:#4273c8;border-radius:1%\"><a href=\"https:\/\/www.facebook.com\/sharer\/sharer.php?u=https%3A%2F%2Fwww.sonnenseite.com%2Fde%2Fpolitik%2Fampel-koalitionsvertrag-muss-klimaschutz-geschichte-schreiben%2F\" title=\"Bei Facebook teilen\" aria-label=\"Bei Facebook teilen\" role=\"button\" rel=\"nofollow\" class=\"shariff-link\" style=\";border-radius:1%; background-color:#3b5998; color:#fff\" target=\"_blank\"><span class=\"shariff-icon\" style=\"\"><svg width=\"32px\" height=\"20px\" xmlns=\"http:\/\/www.w3.org\/2000\/svg\" viewBox=\"0 0 18 32\"><path fill=\"#3b5998\" d=\"M17.1 0.2v4.7h-2.8q-1.5 0-2.1 0.6t-0.5 1.9v3.4h5.2l-0.7 5.3h-4.5v13.6h-5.5v-13.6h-4.5v-5.3h4.5v-3.9q0-3.3 1.9-5.2t5-1.8q2.6 0 4.1 0.2z\"\/><\/svg><\/span><\/a><\/li><li class=\"shariff-button twitter shariff-nocustomcolor\" style=\"background-color:#595959;border-radius:1%\"><a href=\"https:\/\/twitter.com\/share?url=https%3A%2F%2Fwww.sonnenseite.com%2Fde%2Fpolitik%2Fampel-koalitionsvertrag-muss-klimaschutz-geschichte-schreiben%2F&text=Ampel-Koalitionsvertrag%20muss%20Klimaschutz-Geschichte%20schreiben\" title=\"Bei X teilen\" aria-label=\"Bei X teilen\" role=\"button\" rel=\"noopener nofollow\" class=\"shariff-link\" style=\";border-radius:1%; background-color:#000; color:#fff\" target=\"_blank\"><span class=\"shariff-icon\" style=\"\"><svg width=\"32px\" height=\"20px\" xmlns=\"http:\/\/www.w3.org\/2000\/svg\" viewBox=\"0 0 24 24\"><path fill=\"#000\" d=\"M14.258 10.152L23.176 0h-2.113l-7.747 8.813L7.133 0H0l9.352 13.328L0 23.973h2.113l8.176-9.309 6.531 9.309h7.133zm-2.895 3.293l-.949-1.328L2.875 1.56h3.246l6.086 8.523.945 1.328 7.91 11.078h-3.246zm0 0\"\/><\/svg><\/span><\/a><\/li><li class=\"shariff-button xing shariff-nocustomcolor\" style=\"background-color:#29888a;border-radius:1%\"><a href=\"https:\/\/www.xing.com\/spi\/shares\/new?url=https%3A%2F%2Fwww.sonnenseite.com%2Fde%2Fpolitik%2Fampel-koalitionsvertrag-muss-klimaschutz-geschichte-schreiben%2F\" title=\"Bei XING teilen\" aria-label=\"Bei XING teilen\" role=\"button\" rel=\"noopener nofollow\" class=\"shariff-link\" style=\";border-radius:1%; background-color:#126567; color:#fff\" target=\"_blank\"><span class=\"shariff-icon\" style=\"\"><svg width=\"32px\" height=\"20px\" xmlns=\"http:\/\/www.w3.org\/2000\/svg\" viewBox=\"0 0 25 32\"><path fill=\"#126567\" d=\"M10.7 11.9q-0.2 0.3-4.6 8.2-0.5 0.8-1.2 0.8h-4.3q-0.4 0-0.5-0.3t0-0.6l4.5-8q0 0 0 0l-2.9-5q-0.2-0.4 0-0.7 0.2-0.3 0.5-0.3h4.3q0.7 0 1.2 0.8zM25.1 0.4q0.2 0.3 0 0.7l-9.4 16.7 6 11q0.2 0.4 0 0.6-0.2 0.3-0.6 0.3h-4.3q-0.7 0-1.2-0.8l-6-11.1q0.3-0.6 9.5-16.8 0.4-0.8 1.2-0.8h4.3q0.4 0 0.5 0.3z\"\/><\/svg><\/span><\/a><\/li><li class=\"shariff-button linkedin shariff-nocustomcolor\" style=\"background-color:#1488bf;border-radius:1%\"><a href=\"https:\/\/www.linkedin.com\/sharing\/share-offsite\/?url=https%3A%2F%2Fwww.sonnenseite.com%2Fde%2Fpolitik%2Fampel-koalitionsvertrag-muss-klimaschutz-geschichte-schreiben%2F\" title=\"Bei LinkedIn teilen\" aria-label=\"Bei LinkedIn teilen\" role=\"button\" rel=\"noopener nofollow\" class=\"shariff-link\" style=\";border-radius:1%; background-color:#0077b5; color:#fff\" target=\"_blank\"><span class=\"shariff-icon\" style=\"\"><svg width=\"32px\" height=\"20px\" xmlns=\"http:\/\/www.w3.org\/2000\/svg\" viewBox=\"0 0 27 32\"><path fill=\"#0077b5\" d=\"M6.2 11.2v17.7h-5.9v-17.7h5.9zM6.6 5.7q0 1.3-0.9 2.2t-2.4 0.9h0q-1.5 0-2.4-0.9t-0.9-2.2 0.9-2.2 2.4-0.9 2.4 0.9 0.9 2.2zM27.4 18.7v10.1h-5.9v-9.5q0-1.9-0.7-2.9t-2.3-1.1q-1.1 0-1.9 0.6t-1.2 1.5q-0.2 0.5-0.2 1.4v9.9h-5.9q0-7.1 0-11.6t0-5.3l0-0.9h5.9v2.6h0q0.4-0.6 0.7-1t1-0.9 1.6-0.8 2-0.3q3 0 4.9 2t1.9 6z\"\/><\/svg><\/span><\/a><\/li><li class=\"shariff-button printer shariff-nocustomcolor\" style=\"background-color:#a8a8a8;border-radius:1%\"><a href=\"javascript:window.print()\" title=\"drucken\" aria-label=\"drucken\" role=\"button\" rel=\"noopener nofollow\" class=\"shariff-link\" style=\";border-radius:1%; background-color:#999; color:#fff\"><span class=\"shariff-icon\" style=\"\"><svg width=\"32px\" height=\"20px\" xmlns=\"http:\/\/www.w3.org\/2000\/svg\" viewBox=\"0 0 30 32\"><path fill=\"#999\" d=\"M6.8 27.4h16v-4.6h-16v4.6zM6.8 16h16v-6.8h-2.8q-0.7 0-1.2-0.5t-0.5-1.2v-2.8h-11.4v11.4zM27.4 17.2q0-0.5-0.3-0.8t-0.8-0.4-0.8 0.4-0.3 0.8 0.3 0.8 0.8 0.3 0.8-0.3 0.3-0.8zM29.7 17.2v7.4q0 0.2-0.2 0.4t-0.4 0.2h-4v2.8q0 0.7-0.5 1.2t-1.2 0.5h-17.2q-0.7 0-1.2-0.5t-0.5-1.2v-2.8h-4q-0.2 0-0.4-0.2t-0.2-0.4v-7.4q0-1.4 1-2.4t2.4-1h1.2v-9.7q0-0.7 0.5-1.2t1.2-0.5h12q0.7 0 1.6 0.4t1.3 0.8l2.7 2.7q0.5 0.5 0.9 1.4t0.4 1.6v4.6h1.1q1.4 0 2.4 1t1 2.4z\"\/><\/svg><\/span><\/a><\/li><li class=\"shariff-button mailto shariff-nocustomcolor\" style=\"background-color:#a8a8a8;border-radius:1%\"><a href=\"mailto:?body=https%3A%2F%2Fwww.sonnenseite.com%2Fde%2Fpolitik%2Fampel-koalitionsvertrag-muss-klimaschutz-geschichte-schreiben%2F&subject=Ampel-Koalitionsvertrag%20muss%20Klimaschutz-Geschichte%20schreiben\" title=\"Per E-Mail versenden\" aria-label=\"Per E-Mail versenden\" role=\"button\" rel=\"noopener nofollow\" class=\"shariff-link\" style=\";border-radius:1%; background-color:#999; color:#fff\"><span class=\"shariff-icon\" style=\"\"><svg width=\"32px\" height=\"20px\" xmlns=\"http:\/\/www.w3.org\/2000\/svg\" viewBox=\"0 0 32 32\"><path fill=\"#999\" d=\"M32 12.7v14.2q0 1.2-0.8 2t-2 0.9h-26.3q-1.2 0-2-0.9t-0.8-2v-14.2q0.8 0.9 1.8 1.6 6.5 4.4 8.9 6.1 1 0.8 1.6 1.2t1.7 0.9 2 0.4h0.1q0.9 0 2-0.4t1.7-0.9 1.6-1.2q3-2.2 8.9-6.1 1-0.7 1.8-1.6zM32 7.4q0 1.4-0.9 2.7t-2.2 2.2q-6.7 4.7-8.4 5.8-0.2 0.1-0.7 0.5t-1 0.7-0.9 0.6-1.1 0.5-0.9 0.2h-0.1q-0.4 0-0.9-0.2t-1.1-0.5-0.9-0.6-1-0.7-0.7-0.5q-1.6-1.1-4.7-3.2t-3.6-2.6q-1.1-0.7-2.1-2t-1-2.5q0-1.4 0.7-2.3t2.1-0.9h26.3q1.2 0 2 0.8t0.9 2z\"\/><\/svg><\/span><\/a><\/li><\/ul><\/div>","protected":false},"excerpt":{"rendered":"<p>Breite Unterst\u00fctzung aus der Wirtschaft f\u00fcr sozial-\u00f6kologische Transformationspl\u00e4ne Als das wichtigste Problem in Deutschland nannten die [&hellip;]<\/p>\n","protected":false},"author":3,"featured_media":75967,"comment_status":"closed","ping_status":"closed","sticky":false,"template":"","format":"standard","meta":{"inline_featured_image":false,"footnotes":""},"categories":[21],"tags":[],"class_list":["post-75964","post","type-post","status-publish","format-standard","has-post-thumbnail","hentry","category-politik"],"yoast_head":"<!-- This site is optimized with the Yoast SEO plugin v26.5 - https:\/\/yoast.com\/wordpress\/plugins\/seo\/ -->\n<title>Ampel-Koalitionsvertrag muss Klimaschutz-Geschichte schreiben - Sonnenseite - \u00d6kologische Kommunikation mit Franz Alt<\/title>\n<meta name=\"description\" content=\"Breite Unterst\u00fctzung aus der Wirtschaft f\u00fcr sozial-\u00f6kologische Transformationspl\u00e4ne Als das wichtigste Problem in Deutschland nannten die W\u00e4hler:innen die\" \/>\n<meta name=\"robots\" content=\"index, follow, max-snippet:-1, max-image-preview:large, max-video-preview:-1\" \/>\n<link rel=\"canonical\" href=\"https:\/\/www.sonnenseite.com\/de\/politik\/ampel-koalitionsvertrag-muss-klimaschutz-geschichte-schreiben\/\" \/>\n<meta property=\"og:locale\" content=\"de_DE\" \/>\n<meta property=\"og:type\" content=\"article\" \/>\n<meta property=\"og:title\" content=\"Ampel-Koalitionsvertrag muss Klimaschutz-Geschichte schreiben - Sonnenseite - \u00d6kologische Kommunikation mit Franz Alt\" \/>\n<meta property=\"og:description\" content=\"Breite Unterst\u00fctzung aus der Wirtschaft f\u00fcr sozial-\u00f6kologische Transformationspl\u00e4ne Als das wichtigste Problem in Deutschland nannten die W\u00e4hler:innen die\" \/>\n<meta property=\"og:url\" content=\"https:\/\/www.sonnenseite.com\/de\/politik\/ampel-koalitionsvertrag-muss-klimaschutz-geschichte-schreiben\/\" \/>\n<meta property=\"og:site_name\" content=\"Sonnenseite\" \/>\n<meta property=\"article:publisher\" content=\"https:\/\/www.facebook.com\/pages\/Franz-Alt-SONNENSEITECOM\/221072987903953?fref=ts\" \/>\n<meta property=\"article:published_time\" content=\"2021-10-19T06:13:19+00:00\" \/>\n<meta property=\"article:modified_time\" content=\"2021-10-19T06:13:20+00:00\" \/>\n<meta property=\"og:image\" content=\"https:\/\/www.sonnenseite.com\/wp-content\/uploads\/2021\/10\/BNW_Wertschaften_logo.jpg\" \/>\n\t<meta property=\"og:image:width\" content=\"770\" \/>\n\t<meta property=\"og:image:height\" content=\"420\" \/>\n\t<meta property=\"og:image:type\" content=\"image\/jpeg\" \/>\n<meta name=\"author\" content=\"Bigi Alt\" \/>\n<meta name=\"twitter:card\" content=\"summary_large_image\" \/>\n<meta name=\"twitter:creator\" content=\"@franzalt\" \/>\n<meta name=\"twitter:site\" content=\"@franzalt\" \/>\n<meta name=\"twitter:label1\" content=\"Verfasst von\" \/>\n\t<meta name=\"twitter:data1\" content=\"Bigi Alt\" \/>\n\t<meta name=\"twitter:label2\" content=\"Gesch\u00e4tzte Lesezeit\" \/>\n\t<meta name=\"twitter:data2\" content=\"3\u00a0Minuten\" \/>\n<script type=\"application\/ld+json\" class=\"yoast-schema-graph\">{\"@context\":\"https:\/\/schema.org\",\"@graph\":[{\"@type\":\"Article\",\"@id\":\"https:\/\/www.sonnenseite.com\/de\/politik\/ampel-koalitionsvertrag-muss-klimaschutz-geschichte-schreiben\/#article\",\"isPartOf\":{\"@id\":\"https:\/\/www.sonnenseite.com\/de\/politik\/ampel-koalitionsvertrag-muss-klimaschutz-geschichte-schreiben\/\"},\"author\":{\"name\":\"Bigi Alt\",\"@id\":\"https:\/\/www.sonnenseite.com\/de\/#\/schema\/person\/50fda0e926597684c7cc6695238a4eb9\"},\"headline\":\"Ampel-Koalitionsvertrag muss Klimaschutz-Geschichte schreiben\",\"datePublished\":\"2021-10-19T06:13:19+00:00\",\"dateModified\":\"2021-10-19T06:13:20+00:00\",\"mainEntityOfPage\":{\"@id\":\"https:\/\/www.sonnenseite.com\/de\/politik\/ampel-koalitionsvertrag-muss-klimaschutz-geschichte-schreiben\/\"},\"wordCount\":738,\"publisher\":{\"@id\":\"https:\/\/www.sonnenseite.com\/de\/#organization\"},\"image\":{\"@id\":\"https:\/\/www.sonnenseite.com\/de\/politik\/ampel-koalitionsvertrag-muss-klimaschutz-geschichte-schreiben\/#primaryimage\"},\"thumbnailUrl\":\"https:\/\/www.sonnenseite.com\/wp-content\/uploads\/2021\/10\/BNW_Wertschaften_logo.jpg\",\"articleSection\":[\"Politik\"],\"inLanguage\":\"de\"},{\"@type\":\"WebPage\",\"@id\":\"https:\/\/www.sonnenseite.com\/de\/politik\/ampel-koalitionsvertrag-muss-klimaschutz-geschichte-schreiben\/\",\"url\":\"https:\/\/www.sonnenseite.com\/de\/politik\/ampel-koalitionsvertrag-muss-klimaschutz-geschichte-schreiben\/\",\"name\":\"Ampel-Koalitionsvertrag muss Klimaschutz-Geschichte schreiben - Sonnenseite - \u00d6kologische Kommunikation mit Franz Alt\",\"isPartOf\":{\"@id\":\"https:\/\/www.sonnenseite.com\/de\/#website\"},\"primaryImageOfPage\":{\"@id\":\"https:\/\/www.sonnenseite.com\/de\/politik\/ampel-koalitionsvertrag-muss-klimaschutz-geschichte-schreiben\/#primaryimage\"},\"image\":{\"@id\":\"https:\/\/www.sonnenseite.com\/de\/politik\/ampel-koalitionsvertrag-muss-klimaschutz-geschichte-schreiben\/#primaryimage\"},\"thumbnailUrl\":\"https:\/\/www.sonnenseite.com\/wp-content\/uploads\/2021\/10\/BNW_Wertschaften_logo.jpg\",\"datePublished\":\"2021-10-19T06:13:19+00:00\",\"dateModified\":\"2021-10-19T06:13:20+00:00\",\"description\":\"Breite Unterst\u00fctzung aus der Wirtschaft f\u00fcr sozial-\u00f6kologische Transformationspl\u00e4ne Als das wichtigste Problem in Deutschland nannten die W\u00e4hler:innen die\",\"breadcrumb\":{\"@id\":\"https:\/\/www.sonnenseite.com\/de\/politik\/ampel-koalitionsvertrag-muss-klimaschutz-geschichte-schreiben\/#breadcrumb\"},\"inLanguage\":\"de\",\"potentialAction\":[{\"@type\":\"ReadAction\",\"target\":[\"https:\/\/www.sonnenseite.com\/de\/politik\/ampel-koalitionsvertrag-muss-klimaschutz-geschichte-schreiben\/\"]}]},{\"@type\":\"ImageObject\",\"inLanguage\":\"de\",\"@id\":\"https:\/\/www.sonnenseite.com\/de\/politik\/ampel-koalitionsvertrag-muss-klimaschutz-geschichte-schreiben\/#primaryimage\",\"url\":\"https:\/\/www.sonnenseite.com\/wp-content\/uploads\/2021\/10\/BNW_Wertschaften_logo.jpg\",\"contentUrl\":\"https:\/\/www.sonnenseite.com\/wp-content\/uploads\/2021\/10\/BNW_Wertschaften_logo.jpg\",\"width\":770,\"height\":420,\"caption\":\"BNW | bnw-bundesverband.de | #WERTschaften\"},{\"@type\":\"BreadcrumbList\",\"@id\":\"https:\/\/www.sonnenseite.com\/de\/politik\/ampel-koalitionsvertrag-muss-klimaschutz-geschichte-schreiben\/#breadcrumb\",\"itemListElement\":[{\"@type\":\"ListItem\",\"position\":1,\"name\":\"Startseite\",\"item\":\"https:\/\/www.sonnenseite.com\/de\/\"},{\"@type\":\"ListItem\",\"position\":2,\"name\":\"Ampel-Koalitionsvertrag muss Klimaschutz-Geschichte schreiben\"}]},{\"@type\":\"WebSite\",\"@id\":\"https:\/\/www.sonnenseite.com\/de\/#website\",\"url\":\"https:\/\/www.sonnenseite.com\/de\/\",\"name\":\"Sonnenseite\",\"description\":\"\u00d6kologische Kommunikation mit Franz Alt\",\"publisher\":{\"@id\":\"https:\/\/www.sonnenseite.com\/de\/#organization\"},\"potentialAction\":[{\"@type\":\"SearchAction\",\"target\":{\"@type\":\"EntryPoint\",\"urlTemplate\":\"https:\/\/www.sonnenseite.com\/de\/?s={search_term_string}\"},\"query-input\":{\"@type\":\"PropertyValueSpecification\",\"valueRequired\":true,\"valueName\":\"search_term_string\"}}],\"inLanguage\":\"de\"},{\"@type\":\"Organization\",\"@id\":\"https:\/\/www.sonnenseite.com\/de\/#organization\",\"name\":\"Sonnenseite\",\"url\":\"https:\/\/www.sonnenseite.com\/de\/\",\"logo\":{\"@type\":\"ImageObject\",\"inLanguage\":\"de\",\"@id\":\"https:\/\/www.sonnenseite.com\/de\/#\/schema\/logo\/image\/\",\"url\":\"https:\/\/www.sonnenseite.com\/wp-content\/uploads\/2020\/05\/Sonnenseite_Logo.png\",\"contentUrl\":\"https:\/\/www.sonnenseite.com\/wp-content\/uploads\/2020\/05\/Sonnenseite_Logo.png\",\"width\":377,\"height\":90,\"caption\":\"Sonnenseite\"},\"image\":{\"@id\":\"https:\/\/www.sonnenseite.com\/de\/#\/schema\/logo\/image\/\"},\"sameAs\":[\"https:\/\/www.facebook.com\/pages\/Franz-Alt-SONNENSEITECOM\/221072987903953?fref=ts\",\"https:\/\/x.com\/franzalt\",\"http:\/\/www.youtube.com\/results?search_query&amp;amp;quot;franz_alt&amp;amp;quot;&amp;amp;amp;amp;search_type&amp;amp;amp;amp;aq=f\"]},{\"@type\":\"Person\",\"@id\":\"https:\/\/www.sonnenseite.com\/de\/#\/schema\/person\/50fda0e926597684c7cc6695238a4eb9\",\"name\":\"Bigi Alt\"}]}<\/script>\n<!-- \/ Yoast SEO plugin. -->","yoast_head_json":{"title":"Ampel-Koalitionsvertrag muss Klimaschutz-Geschichte schreiben - Sonnenseite - \u00d6kologische Kommunikation mit Franz Alt","description":"Breite Unterst\u00fctzung aus der Wirtschaft f\u00fcr sozial-\u00f6kologische Transformationspl\u00e4ne Als das wichtigste Problem in Deutschland nannten die W\u00e4hler:innen die","robots":{"index":"index","follow":"follow","max-snippet":"max-snippet:-1","max-image-preview":"max-image-preview:large","max-video-preview":"max-video-preview:-1"},"canonical":"https:\/\/www.sonnenseite.com\/de\/politik\/ampel-koalitionsvertrag-muss-klimaschutz-geschichte-schreiben\/","og_locale":"de_DE","og_type":"article","og_title":"Ampel-Koalitionsvertrag muss Klimaschutz-Geschichte schreiben - Sonnenseite - \u00d6kologische Kommunikation mit Franz Alt","og_description":"Breite Unterst\u00fctzung aus der Wirtschaft f\u00fcr sozial-\u00f6kologische Transformationspl\u00e4ne Als das wichtigste Problem in Deutschland nannten die W\u00e4hler:innen die","og_url":"https:\/\/www.sonnenseite.com\/de\/politik\/ampel-koalitionsvertrag-muss-klimaschutz-geschichte-schreiben\/","og_site_name":"Sonnenseite","article_publisher":"https:\/\/www.facebook.com\/pages\/Franz-Alt-SONNENSEITECOM\/221072987903953?fref=ts","article_published_time":"2021-10-19T06:13:19+00:00","article_modified_time":"2021-10-19T06:13:20+00:00","og_image":[{"width":770,"height":420,"url":"https:\/\/www.sonnenseite.com\/wp-content\/uploads\/2021\/10\/BNW_Wertschaften_logo.jpg","type":"image\/jpeg"}],"author":"Bigi Alt","twitter_card":"summary_large_image","twitter_creator":"@franzalt","twitter_site":"@franzalt","twitter_misc":{"Verfasst von":"Bigi Alt","Gesch\u00e4tzte Lesezeit":"3\u00a0Minuten"},"schema":{"@context":"https:\/\/schema.org","@graph":[{"@type":"Article","@id":"https:\/\/www.sonnenseite.com\/de\/politik\/ampel-koalitionsvertrag-muss-klimaschutz-geschichte-schreiben\/#article","isPartOf":{"@id":"https:\/\/www.sonnenseite.com\/de\/politik\/ampel-koalitionsvertrag-muss-klimaschutz-geschichte-schreiben\/"},"author":{"name":"Bigi Alt","@id":"https:\/\/www.sonnenseite.com\/de\/#\/schema\/person\/50fda0e926597684c7cc6695238a4eb9"},"headline":"Ampel-Koalitionsvertrag muss Klimaschutz-Geschichte schreiben","datePublished":"2021-10-19T06:13:19+00:00","dateModified":"2021-10-19T06:13:20+00:00","mainEntityOfPage":{"@id":"https:\/\/www.sonnenseite.com\/de\/politik\/ampel-koalitionsvertrag-muss-klimaschutz-geschichte-schreiben\/"},"wordCount":738,"publisher":{"@id":"https:\/\/www.sonnenseite.com\/de\/#organization"},"image":{"@id":"https:\/\/www.sonnenseite.com\/de\/politik\/ampel-koalitionsvertrag-muss-klimaschutz-geschichte-schreiben\/#primaryimage"},"thumbnailUrl":"https:\/\/www.sonnenseite.com\/wp-content\/uploads\/2021\/10\/BNW_Wertschaften_logo.jpg","articleSection":["Politik"],"inLanguage":"de"},{"@type":"WebPage","@id":"https:\/\/www.sonnenseite.com\/de\/politik\/ampel-koalitionsvertrag-muss-klimaschutz-geschichte-schreiben\/","url":"https:\/\/www.sonnenseite.com\/de\/politik\/ampel-koalitionsvertrag-muss-klimaschutz-geschichte-schreiben\/","name":"Ampel-Koalitionsvertrag muss Klimaschutz-Geschichte schreiben - Sonnenseite - \u00d6kologische Kommunikation mit Franz Alt","isPartOf":{"@id":"https:\/\/www.sonnenseite.com\/de\/#website"},"primaryImageOfPage":{"@id":"https:\/\/www.sonnenseite.com\/de\/politik\/ampel-koalitionsvertrag-muss-klimaschutz-geschichte-schreiben\/#primaryimage"},"image":{"@id":"https:\/\/www.sonnenseite.com\/de\/politik\/ampel-koalitionsvertrag-muss-klimaschutz-geschichte-schreiben\/#primaryimage"},"thumbnailUrl":"https:\/\/www.sonnenseite.com\/wp-content\/uploads\/2021\/10\/BNW_Wertschaften_logo.jpg","datePublished":"2021-10-19T06:13:19+00:00","dateModified":"2021-10-19T06:13:20+00:00","description":"Breite Unterst\u00fctzung aus der Wirtschaft f\u00fcr sozial-\u00f6kologische Transformationspl\u00e4ne Als das wichtigste Problem in Deutschland nannten die W\u00e4hler:innen die","breadcrumb":{"@id":"https:\/\/www.sonnenseite.com\/de\/politik\/ampel-koalitionsvertrag-muss-klimaschutz-geschichte-schreiben\/#breadcrumb"},"inLanguage":"de","potentialAction":[{"@type":"ReadAction","target":["https:\/\/www.sonnenseite.com\/de\/politik\/ampel-koalitionsvertrag-muss-klimaschutz-geschichte-schreiben\/"]}]},{"@type":"ImageObject","inLanguage":"de","@id":"https:\/\/www.sonnenseite.com\/de\/politik\/ampel-koalitionsvertrag-muss-klimaschutz-geschichte-schreiben\/#primaryimage","url":"https:\/\/www.sonnenseite.com\/wp-content\/uploads\/2021\/10\/BNW_Wertschaften_logo.jpg","contentUrl":"https:\/\/www.sonnenseite.com\/wp-content\/uploads\/2021\/10\/BNW_Wertschaften_logo.jpg","width":770,"height":420,"caption":"BNW | bnw-bundesverband.de | #WERTschaften"},{"@type":"BreadcrumbList","@id":"https:\/\/www.sonnenseite.com\/de\/politik\/ampel-koalitionsvertrag-muss-klimaschutz-geschichte-schreiben\/#breadcrumb","itemListElement":[{"@type":"ListItem","position":1,"name":"Startseite","item":"https:\/\/www.sonnenseite.com\/de\/"},{"@type":"ListItem","position":2,"name":"Ampel-Koalitionsvertrag muss Klimaschutz-Geschichte schreiben"}]},{"@type":"WebSite","@id":"https:\/\/www.sonnenseite.com\/de\/#website","url":"https:\/\/www.sonnenseite.com\/de\/","name":"Sonnenseite","description":"\u00d6kologische Kommunikation mit Franz Alt","publisher":{"@id":"https:\/\/www.sonnenseite.com\/de\/#organization"},"potentialAction":[{"@type":"SearchAction","target":{"@type":"EntryPoint","urlTemplate":"https:\/\/www.sonnenseite.com\/de\/?s={search_term_string}"},"query-input":{"@type":"PropertyValueSpecification","valueRequired":true,"valueName":"search_term_string"}}],"inLanguage":"de"},{"@type":"Organization","@id":"https:\/\/www.sonnenseite.com\/de\/#organization","name":"Sonnenseite","url":"https:\/\/www.sonnenseite.com\/de\/","logo":{"@type":"ImageObject","inLanguage":"de","@id":"https:\/\/www.sonnenseite.com\/de\/#\/schema\/logo\/image\/","url":"https:\/\/www.sonnenseite.com\/wp-content\/uploads\/2020\/05\/Sonnenseite_Logo.png","contentUrl":"https:\/\/www.sonnenseite.com\/wp-content\/uploads\/2020\/05\/Sonnenseite_Logo.png","width":377,"height":90,"caption":"Sonnenseite"},"image":{"@id":"https:\/\/www.sonnenseite.com\/de\/#\/schema\/logo\/image\/"},"sameAs":["https:\/\/www.facebook.com\/pages\/Franz-Alt-SONNENSEITECOM\/221072987903953?fref=ts","https:\/\/x.com\/franzalt","http:\/\/www.youtube.com\/results?search_query&amp;amp;quot;franz_alt&amp;amp;quot;&amp;amp;amp;amp;search_type&amp;amp;amp;amp;aq=f"]},{"@type":"Person","@id":"https:\/\/www.sonnenseite.com\/de\/#\/schema\/person\/50fda0e926597684c7cc6695238a4eb9","name":"Bigi Alt"}]}},"_links":{"self":[{"href":"https:\/\/www.sonnenseite.com\/de\/wp-json\/wp\/v2\/posts\/75964","targetHints":{"allow":["GET"]}}],"collection":[{"href":"https:\/\/www.sonnenseite.com\/de\/wp-json\/wp\/v2\/posts"}],"about":[{"href":"https:\/\/www.sonnenseite.com\/de\/wp-json\/wp\/v2\/types\/post"}],"author":[{"embeddable":true,"href":"https:\/\/www.sonnenseite.com\/de\/wp-json\/wp\/v2\/users\/3"}],"replies":[{"embeddable":true,"href":"https:\/\/www.sonnenseite.com\/de\/wp-json\/wp\/v2\/comments?post=75964"}],"version-history":[{"count":2,"href":"https:\/\/www.sonnenseite.com\/de\/wp-json\/wp\/v2\/posts\/75964\/revisions"}],"predecessor-version":[{"id":75966,"href":"https:\/\/www.sonnenseite.com\/de\/wp-json\/wp\/v2\/posts\/75964\/revisions\/75966"}],"wp:featuredmedia":[{"embeddable":true,"href":"https:\/\/www.sonnenseite.com\/de\/wp-json\/wp\/v2\/media\/75967"}],"wp:attachment":[{"href":"https:\/\/www.sonnenseite.com\/de\/wp-json\/wp\/v2\/media?parent=75964"}],"wp:term":[{"taxonomy":"category","embeddable":true,"href":"https:\/\/www.sonnenseite.com\/de\/wp-json\/wp\/v2\/categories?post=75964"},{"taxonomy":"post_tag","embeddable":true,"href":"https:\/\/www.sonnenseite.com\/de\/wp-json\/wp\/v2\/tags?post=75964"}],"curies":[{"name":"wp","href":"https:\/\/api.w.org\/{rel}","templated":true}]}}