{"id":76123,"date":"2021-10-25T18:23:24","date_gmt":"2021-10-25T16:23:24","guid":{"rendered":"https:\/\/www.sonnenseite.com\/?p=76123"},"modified":"2021-11-07T12:46:26","modified_gmt":"2021-11-07T11:46:26","slug":"neue-hoechstwerte-bei-allen-treibhausgasen","status":"publish","type":"post","link":"https:\/\/www.sonnenseite.com\/de\/umwelt\/neue-hoechstwerte-bei-allen-treibhausgasen\/","title":{"rendered":"Neue H\u00f6chstwerte bei allen Treibhausgasen"},"content":{"rendered":"\n<p>Die Konzentration der drei wichtigsten Treibhausgase hat auch im Coronajahr 2020 neue Rekordwerte erreicht, zeigen die Daten der Weltmeteorologieorganisation WMO. Auch die Zuwachsraten sind so hoch wie nie.<\/p>\n\n\n\n<p>Vor einem Jahr <a href=\"https:\/\/www.klimareporter.de\/erdsystem\/corona-hilft-dem-klima-nicht\" target=\"_blank\" rel=\"noreferrer noopener\">warnte<\/a> die Weltorganisation f\u00fcr Meteorologie (WMO) bereits: Corona wird dem Klima weniger bringen, als viele erhoffen. Auch wenn es weniger Emissionen gibt, wird die Konzentration von Treibhausgasen in der Atmosph\u00e4re trotzdem weiter steigen.<\/p>\n\n\n\n<p>Genauso ist es gekommen, wie nun die ausgewerteten Zahlen f\u00fcr das Coronajahr 2020 zeigen, die von der WMO am heutigen Montag in ihrem allj\u00e4hrlichen <a href=\"https:\/\/www.klimareporter.de\/images\/dokumente\/2021\/10\/GHG_17_en.pdf\" target=\"_blank\" rel=\"noreferrer noopener\">Greenhouse Gas Bulletin<\/a> ver\u00f6ffentlicht wurden.<\/p>\n\n\n\n<p>Bei allen drei wichtigen Treibhausgasen&nbsp;\u2013 neben CO<sub>2<\/sub> auch Methan und Lachgas&nbsp;\u2013 sind demnach neue H\u00f6chstst\u00e4nde erreicht. Die Kurven steigen weiter an.<\/p>\n\n\n\n<p>Beim <a href=\"https:\/\/www.klimareporter.de\/erdsystem\/co2-konzentration-steigt-trotz-corona\" target=\"_blank\" rel=\"noreferrer noopener\">Klimagas CO<sub>2<\/sub><\/a>, das f\u00fcr zwei Drittel des Erw\u00e4rmungseffekts verantwortlich ist, liegt die Konzentration nun bei 413,2 ppm (<a href=\"https:\/\/de.wikipedia.org\/wiki\/Millionstel\" target=\"_blank\" rel=\"noreferrer noopener\">parts per million<\/a>). Im Jahr davor waren es 410,7 ppm.<\/p>\n\n\n\n<p>Das Plus von 2,5 ppm ist zwar etwas geringer als der Anstieg von <a href=\"https:\/\/www.klimareporter.de\/erdsystem\/treibhausgas-konzentration-erreicht-neuen-rekordwert\" target=\"_blank\" rel=\"noreferrer noopener\">2018 auf 2019<\/a> (damals waren es knapp drei ppm mehr), aber doch leicht h\u00f6her als die durchschnittliche Wachstumsrate der letzten zehn Jahre (diese liegt bei 2,4 ppm im Jahr) \u2013 und das, obwohl die CO<sub>2<\/sub>-Emissionen 2020 <a href=\"https:\/\/www.klimareporter.de\/erdsystem\/corona-rettet-das-klima-nicht\" target=\"_blank\" rel=\"noreferrer noopener\">um sieben Prozent<\/a> oder 2,4 Milliarden Tonnen zur\u00fcckgegangen waren.<\/p>\n\n\n\n<p>Ein solcher R\u00fcckgang um 2,4 Milliarden Tonnen klingt zwar erstmal beeindruckend. Einen sp\u00fcrbaren Effekt auf den atmosph\u00e4rischen CO<sub>2<\/sub>-Gehalt hat dies dennoch nicht&nbsp;\u2013 einfach, weil sehr viele Milliarden Tonnen trotzdem ausgesto\u00dfen wurden und somit zus\u00e4tzlich zu den bereits in der Atmosph\u00e4re befindlichen Mengen an Klimagasen hinzukamen.<\/p>\n\n\n\n<p>Die Menge an Klimagasen, die sich in der Atmosph\u00e4re angereichert haben und f\u00fcr Aufheizung sorgen, wird erst dann zur\u00fcckgehen, wenn die Netto-Emissionen gegen null tendieren. &#8222;Erst dann wird die Netto-Aufnahme durch \u00d6kosysteme und Ozeane beginnen, den CO<sub>2<\/sub>-Gehalt in der Atmosph\u00e4re zu reduzieren&#8220;, betont die WMO. &#8222;Solange es Emissionen gibt, steigt die Temperatur weiter an.&#8220;<\/p>\n\n\n\n<h5 class=\"wp-block-heading\">Beschleunigung auch bei Methan und Lachgas<\/h5>\n\n\n\n<p>Auch beim <a href=\"https:\/\/www.klimareporter.de\/erdsystem\/dem-methan-auf-der-spur\" target=\"_blank\" rel=\"noreferrer noopener\">Methan<\/a>, das f\u00fcr rund 16 Prozent des Erw\u00e4rmungseffekts sorgt, stellt die WMO einen neuen H\u00f6chststand fest. Auf 1.889 ppb (<a href=\"https:\/\/de.wikipedia.org\/wiki\/Milliardstel\" target=\"_blank\" rel=\"noreferrer noopener\">parts per billion<\/a>) ist der Methan-Gehalt in der Atmosph\u00e4re 2020 gestiegen, elf ppb mehr als im Vorjahr. Auch hier ist der Anstieg \u00fcberdurchschnittlich\u00a0\u2013 von 2018 auf 2019 lag er bei acht ppb.<\/p>\n\n\n\n<ul class=\"wp-block-list\"><li><a href=\"https:\/\/www.klimareporter.de\/erdsystem\/neue-hoechstwerte-bei-allen-treibhausgasen\">Hier k\u00f6nnen Sie den Bericht weiterlesen<\/a><\/li><\/ul>\n\n\n\n<p>Der Bericht wurde von der\u00a0<a href=\"https:\/\/www.klimareporter.de\/erdsystem\/neue-hoechstwerte-bei-allen-treibhausgasen\">Redaktion \u201eklimareporter.de\u201c (Verena Kern) 2021\u00a0verfasst<\/a> &#8211; der Artikel darf nicht ohne Genehmigung\u00a0(<a href=\"mailto:post@klimareporter.de\">post@klimareporter.de<\/a>) weiterverbreitet werden!\u00a0<\/p>\n<div class=\"shariff shariff-align-flex-start shariff-widget-align-flex-start\"><div class=\"ShariffHeadline\">Diese Meldung teilen<\/div><ul class=\"shariff-buttons theme-round orientation-horizontal buttonsize-medium\"><li class=\"shariff-button facebook shariff-nocustomcolor\" style=\"background-color:#4273c8;border-radius:1%\"><a href=\"https:\/\/www.facebook.com\/sharer\/sharer.php?u=https%3A%2F%2Fwww.sonnenseite.com%2Fde%2Fumwelt%2Fneue-hoechstwerte-bei-allen-treibhausgasen%2F\" title=\"Bei Facebook teilen\" aria-label=\"Bei Facebook teilen\" role=\"button\" rel=\"nofollow\" class=\"shariff-link\" style=\";border-radius:1%; background-color:#3b5998; color:#fff\" target=\"_blank\"><span class=\"shariff-icon\" style=\"\"><svg width=\"32px\" height=\"20px\" xmlns=\"http:\/\/www.w3.org\/2000\/svg\" viewBox=\"0 0 18 32\"><path fill=\"#3b5998\" d=\"M17.1 0.2v4.7h-2.8q-1.5 0-2.1 0.6t-0.5 1.9v3.4h5.2l-0.7 5.3h-4.5v13.6h-5.5v-13.6h-4.5v-5.3h4.5v-3.9q0-3.3 1.9-5.2t5-1.8q2.6 0 4.1 0.2z\"\/><\/svg><\/span><\/a><\/li><li class=\"shariff-button twitter shariff-nocustomcolor\" style=\"background-color:#595959;border-radius:1%\"><a href=\"https:\/\/twitter.com\/share?url=https%3A%2F%2Fwww.sonnenseite.com%2Fde%2Fumwelt%2Fneue-hoechstwerte-bei-allen-treibhausgasen%2F&text=Neue%20H%C3%B6chstwerte%20bei%20allen%20Treibhausgasen\" title=\"Bei X teilen\" aria-label=\"Bei X teilen\" role=\"button\" rel=\"noopener nofollow\" class=\"shariff-link\" style=\";border-radius:1%; background-color:#000; color:#fff\" target=\"_blank\"><span class=\"shariff-icon\" style=\"\"><svg width=\"32px\" height=\"20px\" xmlns=\"http:\/\/www.w3.org\/2000\/svg\" viewBox=\"0 0 24 24\"><path fill=\"#000\" d=\"M14.258 10.152L23.176 0h-2.113l-7.747 8.813L7.133 0H0l9.352 13.328L0 23.973h2.113l8.176-9.309 6.531 9.309h7.133zm-2.895 3.293l-.949-1.328L2.875 1.56h3.246l6.086 8.523.945 1.328 7.91 11.078h-3.246zm0 0\"\/><\/svg><\/span><\/a><\/li><li class=\"shariff-button xing shariff-nocustomcolor\" style=\"background-color:#29888a;border-radius:1%\"><a href=\"https:\/\/www.xing.com\/spi\/shares\/new?url=https%3A%2F%2Fwww.sonnenseite.com%2Fde%2Fumwelt%2Fneue-hoechstwerte-bei-allen-treibhausgasen%2F\" title=\"Bei XING teilen\" aria-label=\"Bei XING teilen\" role=\"button\" rel=\"noopener nofollow\" class=\"shariff-link\" style=\";border-radius:1%; background-color:#126567; color:#fff\" target=\"_blank\"><span class=\"shariff-icon\" style=\"\"><svg width=\"32px\" height=\"20px\" xmlns=\"http:\/\/www.w3.org\/2000\/svg\" viewBox=\"0 0 25 32\"><path fill=\"#126567\" d=\"M10.7 11.9q-0.2 0.3-4.6 8.2-0.5 0.8-1.2 0.8h-4.3q-0.4 0-0.5-0.3t0-0.6l4.5-8q0 0 0 0l-2.9-5q-0.2-0.4 0-0.7 0.2-0.3 0.5-0.3h4.3q0.7 0 1.2 0.8zM25.1 0.4q0.2 0.3 0 0.7l-9.4 16.7 6 11q0.2 0.4 0 0.6-0.2 0.3-0.6 0.3h-4.3q-0.7 0-1.2-0.8l-6-11.1q0.3-0.6 9.5-16.8 0.4-0.8 1.2-0.8h4.3q0.4 0 0.5 0.3z\"\/><\/svg><\/span><\/a><\/li><li class=\"shariff-button linkedin shariff-nocustomcolor\" style=\"background-color:#1488bf;border-radius:1%\"><a href=\"https:\/\/www.linkedin.com\/sharing\/share-offsite\/?url=https%3A%2F%2Fwww.sonnenseite.com%2Fde%2Fumwelt%2Fneue-hoechstwerte-bei-allen-treibhausgasen%2F\" title=\"Bei LinkedIn teilen\" aria-label=\"Bei LinkedIn teilen\" role=\"button\" rel=\"noopener nofollow\" class=\"shariff-link\" style=\";border-radius:1%; background-color:#0077b5; color:#fff\" target=\"_blank\"><span class=\"shariff-icon\" style=\"\"><svg width=\"32px\" height=\"20px\" xmlns=\"http:\/\/www.w3.org\/2000\/svg\" viewBox=\"0 0 27 32\"><path fill=\"#0077b5\" d=\"M6.2 11.2v17.7h-5.9v-17.7h5.9zM6.6 5.7q0 1.3-0.9 2.2t-2.4 0.9h0q-1.5 0-2.4-0.9t-0.9-2.2 0.9-2.2 2.4-0.9 2.4 0.9 0.9 2.2zM27.4 18.7v10.1h-5.9v-9.5q0-1.9-0.7-2.9t-2.3-1.1q-1.1 0-1.9 0.6t-1.2 1.5q-0.2 0.5-0.2 1.4v9.9h-5.9q0-7.1 0-11.6t0-5.3l0-0.9h5.9v2.6h0q0.4-0.6 0.7-1t1-0.9 1.6-0.8 2-0.3q3 0 4.9 2t1.9 6z\"\/><\/svg><\/span><\/a><\/li><li class=\"shariff-button printer shariff-nocustomcolor\" style=\"background-color:#a8a8a8;border-radius:1%\"><a href=\"javascript:window.print()\" title=\"drucken\" aria-label=\"drucken\" role=\"button\" rel=\"noopener nofollow\" class=\"shariff-link\" style=\";border-radius:1%; background-color:#999; color:#fff\"><span class=\"shariff-icon\" style=\"\"><svg width=\"32px\" height=\"20px\" xmlns=\"http:\/\/www.w3.org\/2000\/svg\" viewBox=\"0 0 30 32\"><path fill=\"#999\" d=\"M6.8 27.4h16v-4.6h-16v4.6zM6.8 16h16v-6.8h-2.8q-0.7 0-1.2-0.5t-0.5-1.2v-2.8h-11.4v11.4zM27.4 17.2q0-0.5-0.3-0.8t-0.8-0.4-0.8 0.4-0.3 0.8 0.3 0.8 0.8 0.3 0.8-0.3 0.3-0.8zM29.7 17.2v7.4q0 0.2-0.2 0.4t-0.4 0.2h-4v2.8q0 0.7-0.5 1.2t-1.2 0.5h-17.2q-0.7 0-1.2-0.5t-0.5-1.2v-2.8h-4q-0.2 0-0.4-0.2t-0.2-0.4v-7.4q0-1.4 1-2.4t2.4-1h1.2v-9.7q0-0.7 0.5-1.2t1.2-0.5h12q0.7 0 1.6 0.4t1.3 0.8l2.7 2.7q0.5 0.5 0.9 1.4t0.4 1.6v4.6h1.1q1.4 0 2.4 1t1 2.4z\"\/><\/svg><\/span><\/a><\/li><li class=\"shariff-button mailto shariff-nocustomcolor\" style=\"background-color:#a8a8a8;border-radius:1%\"><a href=\"mailto:?body=https%3A%2F%2Fwww.sonnenseite.com%2Fde%2Fumwelt%2Fneue-hoechstwerte-bei-allen-treibhausgasen%2F&subject=Neue%20H%C3%B6chstwerte%20bei%20allen%20Treibhausgasen\" title=\"Per E-Mail versenden\" aria-label=\"Per E-Mail versenden\" role=\"button\" rel=\"noopener nofollow\" class=\"shariff-link\" style=\";border-radius:1%; background-color:#999; color:#fff\"><span class=\"shariff-icon\" style=\"\"><svg width=\"32px\" height=\"20px\" xmlns=\"http:\/\/www.w3.org\/2000\/svg\" viewBox=\"0 0 32 32\"><path fill=\"#999\" d=\"M32 12.7v14.2q0 1.2-0.8 2t-2 0.9h-26.3q-1.2 0-2-0.9t-0.8-2v-14.2q0.8 0.9 1.8 1.6 6.5 4.4 8.9 6.1 1 0.8 1.6 1.2t1.7 0.9 2 0.4h0.1q0.9 0 2-0.4t1.7-0.9 1.6-1.2q3-2.2 8.9-6.1 1-0.7 1.8-1.6zM32 7.4q0 1.4-0.9 2.7t-2.2 2.2q-6.7 4.7-8.4 5.8-0.2 0.1-0.7 0.5t-1 0.7-0.9 0.6-1.1 0.5-0.9 0.2h-0.1q-0.4 0-0.9-0.2t-1.1-0.5-0.9-0.6-1-0.7-0.7-0.5q-1.6-1.1-4.7-3.2t-3.6-2.6q-1.1-0.7-2.1-2t-1-2.5q0-1.4 0.7-2.3t2.1-0.9h26.3q1.2 0 2 0.8t0.9 2z\"\/><\/svg><\/span><\/a><\/li><\/ul><\/div>","protected":false},"excerpt":{"rendered":"<p>Die Konzentration der drei wichtigsten Treibhausgase hat auch im Coronajahr 2020 neue Rekordwerte erreicht, zeigen die [&hellip;]<\/p>\n","protected":false},"author":3,"featured_media":68654,"comment_status":"closed","ping_status":"closed","sticky":false,"template":"","format":"standard","meta":{"inline_featured_image":false,"footnotes":""},"categories":[23],"tags":[],"class_list":["post-76123","post","type-post","status-publish","format-standard","has-post-thumbnail","hentry","category-umwelt"],"yoast_head":"<!-- This site is optimized with the Yoast SEO plugin v26.5 - https:\/\/yoast.com\/wordpress\/plugins\/seo\/ -->\n<title>Neue H\u00f6chstwerte bei allen Treibhausgasen - Sonnenseite - \u00d6kologische Kommunikation mit Franz Alt<\/title>\n<meta name=\"description\" content=\"Die Konzentration der drei wichtigsten Treibhausgase hat auch im Coronajahr 2020 neue Rekordwerte erreicht, zeigen die Daten der\" \/>\n<meta name=\"robots\" content=\"index, follow, max-snippet:-1, max-image-preview:large, max-video-preview:-1\" \/>\n<link rel=\"canonical\" href=\"https:\/\/www.sonnenseite.com\/de\/umwelt\/neue-hoechstwerte-bei-allen-treibhausgasen\/\" \/>\n<meta property=\"og:locale\" content=\"de_DE\" \/>\n<meta property=\"og:type\" content=\"article\" \/>\n<meta property=\"og:title\" content=\"Neue H\u00f6chstwerte bei allen Treibhausgasen - Sonnenseite - \u00d6kologische Kommunikation mit Franz Alt\" \/>\n<meta property=\"og:description\" content=\"Die Konzentration der drei wichtigsten Treibhausgase hat auch im Coronajahr 2020 neue Rekordwerte erreicht, zeigen die Daten der\" \/>\n<meta property=\"og:url\" content=\"https:\/\/www.sonnenseite.com\/de\/umwelt\/neue-hoechstwerte-bei-allen-treibhausgasen\/\" \/>\n<meta property=\"og:site_name\" content=\"Sonnenseite\" \/>\n<meta property=\"article:publisher\" content=\"https:\/\/www.facebook.com\/pages\/Franz-Alt-SONNENSEITECOM\/221072987903953?fref=ts\" \/>\n<meta property=\"article:published_time\" content=\"2021-10-25T16:23:24+00:00\" \/>\n<meta property=\"article:modified_time\" content=\"2021-11-07T11:46:26+00:00\" \/>\n<meta property=\"og:image\" content=\"https:\/\/www.sonnenseite.com\/wp-content\/uploads\/2021\/02\/ERDE_Weltall_JohanSwanepoel.jpg\" \/>\n\t<meta property=\"og:image:width\" content=\"770\" \/>\n\t<meta property=\"og:image:height\" content=\"420\" \/>\n\t<meta property=\"og:image:type\" content=\"image\/jpeg\" \/>\n<meta name=\"author\" content=\"Bigi Alt\" \/>\n<meta name=\"twitter:card\" content=\"summary_large_image\" \/>\n<meta name=\"twitter:creator\" content=\"@franzalt\" \/>\n<meta name=\"twitter:site\" content=\"@franzalt\" \/>\n<meta name=\"twitter:label1\" content=\"Verfasst von\" \/>\n\t<meta name=\"twitter:data1\" content=\"Bigi Alt\" \/>\n\t<meta name=\"twitter:label2\" content=\"Gesch\u00e4tzte Lesezeit\" \/>\n\t<meta name=\"twitter:data2\" content=\"2\u00a0Minuten\" \/>\n<script type=\"application\/ld+json\" class=\"yoast-schema-graph\">{\"@context\":\"https:\/\/schema.org\",\"@graph\":[{\"@type\":\"Article\",\"@id\":\"https:\/\/www.sonnenseite.com\/de\/umwelt\/neue-hoechstwerte-bei-allen-treibhausgasen\/#article\",\"isPartOf\":{\"@id\":\"https:\/\/www.sonnenseite.com\/de\/umwelt\/neue-hoechstwerte-bei-allen-treibhausgasen\/\"},\"author\":{\"name\":\"Bigi Alt\",\"@id\":\"https:\/\/www.sonnenseite.com\/de\/#\/schema\/person\/50fda0e926597684c7cc6695238a4eb9\"},\"headline\":\"Neue H\u00f6chstwerte bei allen Treibhausgasen\",\"datePublished\":\"2021-10-25T16:23:24+00:00\",\"dateModified\":\"2021-11-07T11:46:26+00:00\",\"mainEntityOfPage\":{\"@id\":\"https:\/\/www.sonnenseite.com\/de\/umwelt\/neue-hoechstwerte-bei-allen-treibhausgasen\/\"},\"wordCount\":408,\"publisher\":{\"@id\":\"https:\/\/www.sonnenseite.com\/de\/#organization\"},\"image\":{\"@id\":\"https:\/\/www.sonnenseite.com\/de\/umwelt\/neue-hoechstwerte-bei-allen-treibhausgasen\/#primaryimage\"},\"thumbnailUrl\":\"https:\/\/www.sonnenseite.com\/wp-content\/uploads\/2021\/02\/ERDE_Weltall_JohanSwanepoel.jpg\",\"articleSection\":[\"Umwelt\"],\"inLanguage\":\"de\"},{\"@type\":\"WebPage\",\"@id\":\"https:\/\/www.sonnenseite.com\/de\/umwelt\/neue-hoechstwerte-bei-allen-treibhausgasen\/\",\"url\":\"https:\/\/www.sonnenseite.com\/de\/umwelt\/neue-hoechstwerte-bei-allen-treibhausgasen\/\",\"name\":\"Neue H\u00f6chstwerte bei allen Treibhausgasen - Sonnenseite - \u00d6kologische Kommunikation mit Franz Alt\",\"isPartOf\":{\"@id\":\"https:\/\/www.sonnenseite.com\/de\/#website\"},\"primaryImageOfPage\":{\"@id\":\"https:\/\/www.sonnenseite.com\/de\/umwelt\/neue-hoechstwerte-bei-allen-treibhausgasen\/#primaryimage\"},\"image\":{\"@id\":\"https:\/\/www.sonnenseite.com\/de\/umwelt\/neue-hoechstwerte-bei-allen-treibhausgasen\/#primaryimage\"},\"thumbnailUrl\":\"https:\/\/www.sonnenseite.com\/wp-content\/uploads\/2021\/02\/ERDE_Weltall_JohanSwanepoel.jpg\",\"datePublished\":\"2021-10-25T16:23:24+00:00\",\"dateModified\":\"2021-11-07T11:46:26+00:00\",\"description\":\"Die Konzentration der drei wichtigsten Treibhausgase hat auch im Coronajahr 2020 neue Rekordwerte erreicht, zeigen die Daten der\",\"breadcrumb\":{\"@id\":\"https:\/\/www.sonnenseite.com\/de\/umwelt\/neue-hoechstwerte-bei-allen-treibhausgasen\/#breadcrumb\"},\"inLanguage\":\"de\",\"potentialAction\":[{\"@type\":\"ReadAction\",\"target\":[\"https:\/\/www.sonnenseite.com\/de\/umwelt\/neue-hoechstwerte-bei-allen-treibhausgasen\/\"]}]},{\"@type\":\"ImageObject\",\"inLanguage\":\"de\",\"@id\":\"https:\/\/www.sonnenseite.com\/de\/umwelt\/neue-hoechstwerte-bei-allen-treibhausgasen\/#primaryimage\",\"url\":\"https:\/\/www.sonnenseite.com\/wp-content\/uploads\/2021\/02\/ERDE_Weltall_JohanSwanepoel.jpg\",\"contentUrl\":\"https:\/\/www.sonnenseite.com\/wp-content\/uploads\/2021\/02\/ERDE_Weltall_JohanSwanepoel.jpg\",\"width\":770,\"height\":420,\"caption\":\"Depositphotos.com | Johan Swanepoel | Unser Planet: Die Verschlechterung des Zustands der Erdsysteme l\u00e4sst sich aufhalten und umkehren.\"},{\"@type\":\"BreadcrumbList\",\"@id\":\"https:\/\/www.sonnenseite.com\/de\/umwelt\/neue-hoechstwerte-bei-allen-treibhausgasen\/#breadcrumb\",\"itemListElement\":[{\"@type\":\"ListItem\",\"position\":1,\"name\":\"Startseite\",\"item\":\"https:\/\/www.sonnenseite.com\/de\/\"},{\"@type\":\"ListItem\",\"position\":2,\"name\":\"Neue H\u00f6chstwerte bei allen Treibhausgasen\"}]},{\"@type\":\"WebSite\",\"@id\":\"https:\/\/www.sonnenseite.com\/de\/#website\",\"url\":\"https:\/\/www.sonnenseite.com\/de\/\",\"name\":\"Sonnenseite\",\"description\":\"\u00d6kologische Kommunikation mit Franz Alt\",\"publisher\":{\"@id\":\"https:\/\/www.sonnenseite.com\/de\/#organization\"},\"potentialAction\":[{\"@type\":\"SearchAction\",\"target\":{\"@type\":\"EntryPoint\",\"urlTemplate\":\"https:\/\/www.sonnenseite.com\/de\/?s={search_term_string}\"},\"query-input\":{\"@type\":\"PropertyValueSpecification\",\"valueRequired\":true,\"valueName\":\"search_term_string\"}}],\"inLanguage\":\"de\"},{\"@type\":\"Organization\",\"@id\":\"https:\/\/www.sonnenseite.com\/de\/#organization\",\"name\":\"Sonnenseite\",\"url\":\"https:\/\/www.sonnenseite.com\/de\/\",\"logo\":{\"@type\":\"ImageObject\",\"inLanguage\":\"de\",\"@id\":\"https:\/\/www.sonnenseite.com\/de\/#\/schema\/logo\/image\/\",\"url\":\"https:\/\/www.sonnenseite.com\/wp-content\/uploads\/2020\/05\/Sonnenseite_Logo.png\",\"contentUrl\":\"https:\/\/www.sonnenseite.com\/wp-content\/uploads\/2020\/05\/Sonnenseite_Logo.png\",\"width\":377,\"height\":90,\"caption\":\"Sonnenseite\"},\"image\":{\"@id\":\"https:\/\/www.sonnenseite.com\/de\/#\/schema\/logo\/image\/\"},\"sameAs\":[\"https:\/\/www.facebook.com\/pages\/Franz-Alt-SONNENSEITECOM\/221072987903953?fref=ts\",\"https:\/\/x.com\/franzalt\",\"http:\/\/www.youtube.com\/results?search_query&amp;amp;quot;franz_alt&amp;amp;quot;&amp;amp;amp;amp;search_type&amp;amp;amp;amp;aq=f\"]},{\"@type\":\"Person\",\"@id\":\"https:\/\/www.sonnenseite.com\/de\/#\/schema\/person\/50fda0e926597684c7cc6695238a4eb9\",\"name\":\"Bigi Alt\"}]}<\/script>\n<!-- \/ Yoast SEO plugin. -->","yoast_head_json":{"title":"Neue H\u00f6chstwerte bei allen Treibhausgasen - Sonnenseite - \u00d6kologische Kommunikation mit Franz Alt","description":"Die Konzentration der drei wichtigsten Treibhausgase hat auch im Coronajahr 2020 neue Rekordwerte erreicht, zeigen die Daten der","robots":{"index":"index","follow":"follow","max-snippet":"max-snippet:-1","max-image-preview":"max-image-preview:large","max-video-preview":"max-video-preview:-1"},"canonical":"https:\/\/www.sonnenseite.com\/de\/umwelt\/neue-hoechstwerte-bei-allen-treibhausgasen\/","og_locale":"de_DE","og_type":"article","og_title":"Neue H\u00f6chstwerte bei allen Treibhausgasen - Sonnenseite - \u00d6kologische Kommunikation mit Franz Alt","og_description":"Die Konzentration der drei wichtigsten Treibhausgase hat auch im Coronajahr 2020 neue Rekordwerte erreicht, zeigen die Daten der","og_url":"https:\/\/www.sonnenseite.com\/de\/umwelt\/neue-hoechstwerte-bei-allen-treibhausgasen\/","og_site_name":"Sonnenseite","article_publisher":"https:\/\/www.facebook.com\/pages\/Franz-Alt-SONNENSEITECOM\/221072987903953?fref=ts","article_published_time":"2021-10-25T16:23:24+00:00","article_modified_time":"2021-11-07T11:46:26+00:00","og_image":[{"width":770,"height":420,"url":"https:\/\/www.sonnenseite.com\/wp-content\/uploads\/2021\/02\/ERDE_Weltall_JohanSwanepoel.jpg","type":"image\/jpeg"}],"author":"Bigi Alt","twitter_card":"summary_large_image","twitter_creator":"@franzalt","twitter_site":"@franzalt","twitter_misc":{"Verfasst von":"Bigi Alt","Gesch\u00e4tzte Lesezeit":"2\u00a0Minuten"},"schema":{"@context":"https:\/\/schema.org","@graph":[{"@type":"Article","@id":"https:\/\/www.sonnenseite.com\/de\/umwelt\/neue-hoechstwerte-bei-allen-treibhausgasen\/#article","isPartOf":{"@id":"https:\/\/www.sonnenseite.com\/de\/umwelt\/neue-hoechstwerte-bei-allen-treibhausgasen\/"},"author":{"name":"Bigi Alt","@id":"https:\/\/www.sonnenseite.com\/de\/#\/schema\/person\/50fda0e926597684c7cc6695238a4eb9"},"headline":"Neue H\u00f6chstwerte bei allen Treibhausgasen","datePublished":"2021-10-25T16:23:24+00:00","dateModified":"2021-11-07T11:46:26+00:00","mainEntityOfPage":{"@id":"https:\/\/www.sonnenseite.com\/de\/umwelt\/neue-hoechstwerte-bei-allen-treibhausgasen\/"},"wordCount":408,"publisher":{"@id":"https:\/\/www.sonnenseite.com\/de\/#organization"},"image":{"@id":"https:\/\/www.sonnenseite.com\/de\/umwelt\/neue-hoechstwerte-bei-allen-treibhausgasen\/#primaryimage"},"thumbnailUrl":"https:\/\/www.sonnenseite.com\/wp-content\/uploads\/2021\/02\/ERDE_Weltall_JohanSwanepoel.jpg","articleSection":["Umwelt"],"inLanguage":"de"},{"@type":"WebPage","@id":"https:\/\/www.sonnenseite.com\/de\/umwelt\/neue-hoechstwerte-bei-allen-treibhausgasen\/","url":"https:\/\/www.sonnenseite.com\/de\/umwelt\/neue-hoechstwerte-bei-allen-treibhausgasen\/","name":"Neue H\u00f6chstwerte bei allen Treibhausgasen - Sonnenseite - \u00d6kologische Kommunikation mit Franz Alt","isPartOf":{"@id":"https:\/\/www.sonnenseite.com\/de\/#website"},"primaryImageOfPage":{"@id":"https:\/\/www.sonnenseite.com\/de\/umwelt\/neue-hoechstwerte-bei-allen-treibhausgasen\/#primaryimage"},"image":{"@id":"https:\/\/www.sonnenseite.com\/de\/umwelt\/neue-hoechstwerte-bei-allen-treibhausgasen\/#primaryimage"},"thumbnailUrl":"https:\/\/www.sonnenseite.com\/wp-content\/uploads\/2021\/02\/ERDE_Weltall_JohanSwanepoel.jpg","datePublished":"2021-10-25T16:23:24+00:00","dateModified":"2021-11-07T11:46:26+00:00","description":"Die Konzentration der drei wichtigsten Treibhausgase hat auch im Coronajahr 2020 neue Rekordwerte erreicht, zeigen die Daten der","breadcrumb":{"@id":"https:\/\/www.sonnenseite.com\/de\/umwelt\/neue-hoechstwerte-bei-allen-treibhausgasen\/#breadcrumb"},"inLanguage":"de","potentialAction":[{"@type":"ReadAction","target":["https:\/\/www.sonnenseite.com\/de\/umwelt\/neue-hoechstwerte-bei-allen-treibhausgasen\/"]}]},{"@type":"ImageObject","inLanguage":"de","@id":"https:\/\/www.sonnenseite.com\/de\/umwelt\/neue-hoechstwerte-bei-allen-treibhausgasen\/#primaryimage","url":"https:\/\/www.sonnenseite.com\/wp-content\/uploads\/2021\/02\/ERDE_Weltall_JohanSwanepoel.jpg","contentUrl":"https:\/\/www.sonnenseite.com\/wp-content\/uploads\/2021\/02\/ERDE_Weltall_JohanSwanepoel.jpg","width":770,"height":420,"caption":"Depositphotos.com | Johan Swanepoel | Unser Planet: Die Verschlechterung des Zustands der Erdsysteme l\u00e4sst sich aufhalten und umkehren."},{"@type":"BreadcrumbList","@id":"https:\/\/www.sonnenseite.com\/de\/umwelt\/neue-hoechstwerte-bei-allen-treibhausgasen\/#breadcrumb","itemListElement":[{"@type":"ListItem","position":1,"name":"Startseite","item":"https:\/\/www.sonnenseite.com\/de\/"},{"@type":"ListItem","position":2,"name":"Neue H\u00f6chstwerte bei allen Treibhausgasen"}]},{"@type":"WebSite","@id":"https:\/\/www.sonnenseite.com\/de\/#website","url":"https:\/\/www.sonnenseite.com\/de\/","name":"Sonnenseite","description":"\u00d6kologische Kommunikation mit Franz Alt","publisher":{"@id":"https:\/\/www.sonnenseite.com\/de\/#organization"},"potentialAction":[{"@type":"SearchAction","target":{"@type":"EntryPoint","urlTemplate":"https:\/\/www.sonnenseite.com\/de\/?s={search_term_string}"},"query-input":{"@type":"PropertyValueSpecification","valueRequired":true,"valueName":"search_term_string"}}],"inLanguage":"de"},{"@type":"Organization","@id":"https:\/\/www.sonnenseite.com\/de\/#organization","name":"Sonnenseite","url":"https:\/\/www.sonnenseite.com\/de\/","logo":{"@type":"ImageObject","inLanguage":"de","@id":"https:\/\/www.sonnenseite.com\/de\/#\/schema\/logo\/image\/","url":"https:\/\/www.sonnenseite.com\/wp-content\/uploads\/2020\/05\/Sonnenseite_Logo.png","contentUrl":"https:\/\/www.sonnenseite.com\/wp-content\/uploads\/2020\/05\/Sonnenseite_Logo.png","width":377,"height":90,"caption":"Sonnenseite"},"image":{"@id":"https:\/\/www.sonnenseite.com\/de\/#\/schema\/logo\/image\/"},"sameAs":["https:\/\/www.facebook.com\/pages\/Franz-Alt-SONNENSEITECOM\/221072987903953?fref=ts","https:\/\/x.com\/franzalt","http:\/\/www.youtube.com\/results?search_query&amp;amp;quot;franz_alt&amp;amp;quot;&amp;amp;amp;amp;search_type&amp;amp;amp;amp;aq=f"]},{"@type":"Person","@id":"https:\/\/www.sonnenseite.com\/de\/#\/schema\/person\/50fda0e926597684c7cc6695238a4eb9","name":"Bigi Alt"}]}},"_links":{"self":[{"href":"https:\/\/www.sonnenseite.com\/de\/wp-json\/wp\/v2\/posts\/76123","targetHints":{"allow":["GET"]}}],"collection":[{"href":"https:\/\/www.sonnenseite.com\/de\/wp-json\/wp\/v2\/posts"}],"about":[{"href":"https:\/\/www.sonnenseite.com\/de\/wp-json\/wp\/v2\/types\/post"}],"author":[{"embeddable":true,"href":"https:\/\/www.sonnenseite.com\/de\/wp-json\/wp\/v2\/users\/3"}],"replies":[{"embeddable":true,"href":"https:\/\/www.sonnenseite.com\/de\/wp-json\/wp\/v2\/comments?post=76123"}],"version-history":[{"count":1,"href":"https:\/\/www.sonnenseite.com\/de\/wp-json\/wp\/v2\/posts\/76123\/revisions"}],"predecessor-version":[{"id":76124,"href":"https:\/\/www.sonnenseite.com\/de\/wp-json\/wp\/v2\/posts\/76123\/revisions\/76124"}],"wp:featuredmedia":[{"embeddable":true,"href":"https:\/\/www.sonnenseite.com\/de\/wp-json\/wp\/v2\/media\/68654"}],"wp:attachment":[{"href":"https:\/\/www.sonnenseite.com\/de\/wp-json\/wp\/v2\/media?parent=76123"}],"wp:term":[{"taxonomy":"category","embeddable":true,"href":"https:\/\/www.sonnenseite.com\/de\/wp-json\/wp\/v2\/categories?post=76123"},{"taxonomy":"post_tag","embeddable":true,"href":"https:\/\/www.sonnenseite.com\/de\/wp-json\/wp\/v2\/tags?post=76123"}],"curies":[{"name":"wp","href":"https:\/\/api.w.org\/{rel}","templated":true}]}}