{"id":76125,"date":"2021-10-26T08:58:49","date_gmt":"2021-10-26T06:58:49","guid":{"rendered":"https:\/\/www.sonnenseite.com\/?p=76125"},"modified":"2021-10-26T08:58:49","modified_gmt":"2021-10-26T06:58:49","slug":"vorschlag-fuer-ein-windenergie-an-land-gesetz","status":"publish","type":"post","link":"https:\/\/www.sonnenseite.com\/de\/energie\/vorschlag-fuer-ein-windenergie-an-land-gesetz\/","title":{"rendered":"Vorschlag f\u00fcr ein \u201eWindenergie-an-Land\u201c-Gesetz"},"content":{"rendered":"\n<p>Bundesweit einheitliche Regelungen f\u00fcr den Ausbau der Windenergie an Land helfen, schnell mehr Windenergieanlagen zu errichten und bringen so den Klimaschutz voran. <\/p>\n\n\n\n<p>Ein neues \u201eWindenergie-an-Land\u201c-Gesetz kann daf\u00fcr die Gr\u00f6\u00dfen der Fl\u00e4chen pro Bundesland benennen, Vorgaben f\u00fcr die Beteiligung der \u00d6ffentlichkeit machen und einheitliche Regeln f\u00fcr den Natur- und Artenschutz festlegen. Das \u00d6ko-Institut hat daf\u00fcr heute Eckpunkte in einem Empfehlungspapier an die Politik vorgelegt.<\/p>\n\n\n\n<p>\u201eEin solches Gesetz kann H\u00fcrden beseitigen, die in den vergangenen Jahren den Neubau von Windkraftanlagen verhindert haben\u201c, betont Silvia Sch\u00fctte, Juristin am \u00d6ko-Institut. \u201eWir hoffen, damit auch einen Input f\u00fcr die Koalitionsverhandlungen zu liefern, in denen der schnellere Ausbau der erneuerbaren Energien zweifellos eine Rolle spielen wird.\u201c<\/p>\n\n\n\n<h5 class=\"wp-block-heading\">Zentrale Anlaufstelle f\u00fcr Genehmigungen<\/h5>\n\n\n\n<p>Im neuen \u201eWindenergie-an-Land\u201c-Gesetz sollte der Bund vor allem einheitliche Vorgaben f\u00fcr die Fl\u00e4chenausweisung und die Genehmigung insgesamt festlegen. Das ist heute auf der Ebene der Bundesl\u00e4nder geregelt und ein Grund daf\u00fcr, dass die Errichtung neuer Windkraftanlagen zum Teil mehrere Jahre dauert.<\/p>\n\n\n\n<p>So sollten alle Projektantr\u00e4ge zun\u00e4chst in einer zentralen Anlaufstelle f\u00fcr Genehmigungen eingehen. Zentrale Stellen in den Bundesl\u00e4ndern leiten die Antr\u00e4ge an Beh\u00f6rden oder Netzbetreiber weiter und geleiten Projektierende durch den kompletten Genehmigungsprozess. Digitale Antragsformulare und Checklisten beschleunigen den Antragsprozess zus\u00e4tzlich.<\/p>\n\n\n\n<h5 class=\"wp-block-heading\">Mindestfl\u00e4chen und fr\u00fchere \u00d6ffentlichkeitsbeteiligung<\/h5>\n\n\n\n<p>Die vom Bund berechneten Mindestfl\u00e4chen pro Bundesland beziehen sich direkt auf die Klimaschutzziele und den daf\u00fcr ben\u00f6tigten Ausbau der erneuerbaren Energien. Die Landespolitik ist \u00fcber eine Planungspflicht gebunden, die ben\u00f6tigten Fl\u00e4chen weiter auf die kommunale Ebene herunterzubrechen. Sie hat dabei Spielr\u00e4ume, Fl\u00e4chenziele durch Kooperationen zwischen den Kommunen zu erreichen. Die Mindestfl\u00e4chen pro Bundesland sollten in einer Rechtsverordnung festgelegt werden, damit sie bei Bedarf ohne parlamentarisches Verfahren ge\u00e4ndert werden kann.<\/p>\n\n\n\n<p>Das \u00d6ko-Institut schl\u00e4gt zudem vor, die \u00d6ffentlichkeit fr\u00fcher als heute einzubeziehen, das hei\u00dft bereits bei der Ausweisung der potenziellen Fl\u00e4chen auf kommunaler Ebene. So k\u00f6nnen fr\u00fchzeitig Bedenken und Anregungen aufgenommen werden, was heute w\u00e4hrend des Genehmigungsverfahrens nicht mehr m\u00f6glich ist.<\/p>\n\n\n\n<h5 class=\"wp-block-heading\">Artenschutz bundeseinheitlich ber\u00fccksichtigen<\/h5>\n\n\n\n<p>Auch die Anwendung der Vorgaben f\u00fcr den Artenschutz sollte \u00fcber eine Rechtsverordnung f\u00fcr alle Bundesl\u00e4nder vereinheitlicht werden. Das schafft die dringend n\u00f6tige Rechtssicherheit. \u201eDie Praxis zeigt, dass hier Unsicherheit besteht, wie mit den artenschutzrechtlichen Anforderungen umzugehen ist. Dies f\u00fchrt zu Verz\u00f6gerungen auf Seiten der Projektierer und Beh\u00f6rden und oftmals landen diese Vorhaben dann vor Gericht \u2013 mit ungewissem Ausgang\u201c, stellt Moritz Vogel, Co-Autor der Studie und Energieexperte am \u00d6ko-Institut, fest.<\/p>\n\n\n\n<p>Das Gutachten und die Empfehlungen an die Politik wurden im Projekt \u201eEnergiewende m\u00f6glich machen\u201c entwickelt und aus Eigenmitteln des Instituts, das hei\u00dft Auftraggeber-unabh\u00e4ngig, finanziert. Das vollst\u00e4ndige Gutachten wird in K\u00fcrze ver\u00f6ffentlicht.<\/p>\n\n\n\n<p><a href=\"https:\/\/www.oeko.de\/fileadmin\/oekodoc\/Policy-Brief_Oeko-Institut_Windenergie-an-Land-Gesetz.pdf\" target=\"_blank\" rel=\"noreferrer noopener\">Policy Brief \u201eWindenergie an Land\u201c des \u00d6ko-Instituts<\/a><\/p>\n\n\n<h5 class=\"green\">Quelle<\/h5>\r\n\n\n\n<p><a href=\"http:\/\/www.oeko.de\">\u00d6ko-Institut 2021<\/a><\/p>\n<div class=\"shariff shariff-align-flex-start shariff-widget-align-flex-start\"><div class=\"ShariffHeadline\">Diese Meldung teilen<\/div><ul class=\"shariff-buttons theme-round orientation-horizontal buttonsize-medium\"><li class=\"shariff-button facebook shariff-nocustomcolor\" style=\"background-color:#4273c8;border-radius:1%\"><a href=\"https:\/\/www.facebook.com\/sharer\/sharer.php?u=https%3A%2F%2Fwww.sonnenseite.com%2Fde%2Fenergie%2Fvorschlag-fuer-ein-windenergie-an-land-gesetz%2F\" title=\"Bei Facebook teilen\" aria-label=\"Bei Facebook teilen\" role=\"button\" rel=\"nofollow\" class=\"shariff-link\" style=\";border-radius:1%; background-color:#3b5998; color:#fff\" target=\"_blank\"><span class=\"shariff-icon\" style=\"\"><svg width=\"32px\" height=\"20px\" xmlns=\"http:\/\/www.w3.org\/2000\/svg\" viewBox=\"0 0 18 32\"><path fill=\"#3b5998\" d=\"M17.1 0.2v4.7h-2.8q-1.5 0-2.1 0.6t-0.5 1.9v3.4h5.2l-0.7 5.3h-4.5v13.6h-5.5v-13.6h-4.5v-5.3h4.5v-3.9q0-3.3 1.9-5.2t5-1.8q2.6 0 4.1 0.2z\"\/><\/svg><\/span><\/a><\/li><li class=\"shariff-button twitter shariff-nocustomcolor\" style=\"background-color:#595959;border-radius:1%\"><a href=\"https:\/\/twitter.com\/share?url=https%3A%2F%2Fwww.sonnenseite.com%2Fde%2Fenergie%2Fvorschlag-fuer-ein-windenergie-an-land-gesetz%2F&text=Vorschlag%20f%C3%BCr%20ein%20%E2%80%9EWindenergie-an-Land%E2%80%9C-Gesetz\" title=\"Bei X teilen\" aria-label=\"Bei X teilen\" role=\"button\" rel=\"noopener nofollow\" class=\"shariff-link\" style=\";border-radius:1%; background-color:#000; color:#fff\" target=\"_blank\"><span class=\"shariff-icon\" style=\"\"><svg width=\"32px\" height=\"20px\" xmlns=\"http:\/\/www.w3.org\/2000\/svg\" viewBox=\"0 0 24 24\"><path fill=\"#000\" d=\"M14.258 10.152L23.176 0h-2.113l-7.747 8.813L7.133 0H0l9.352 13.328L0 23.973h2.113l8.176-9.309 6.531 9.309h7.133zm-2.895 3.293l-.949-1.328L2.875 1.56h3.246l6.086 8.523.945 1.328 7.91 11.078h-3.246zm0 0\"\/><\/svg><\/span><\/a><\/li><li class=\"shariff-button xing shariff-nocustomcolor\" style=\"background-color:#29888a;border-radius:1%\"><a href=\"https:\/\/www.xing.com\/spi\/shares\/new?url=https%3A%2F%2Fwww.sonnenseite.com%2Fde%2Fenergie%2Fvorschlag-fuer-ein-windenergie-an-land-gesetz%2F\" title=\"Bei XING teilen\" aria-label=\"Bei XING teilen\" role=\"button\" rel=\"noopener nofollow\" class=\"shariff-link\" style=\";border-radius:1%; background-color:#126567; color:#fff\" target=\"_blank\"><span class=\"shariff-icon\" style=\"\"><svg width=\"32px\" height=\"20px\" xmlns=\"http:\/\/www.w3.org\/2000\/svg\" viewBox=\"0 0 25 32\"><path fill=\"#126567\" d=\"M10.7 11.9q-0.2 0.3-4.6 8.2-0.5 0.8-1.2 0.8h-4.3q-0.4 0-0.5-0.3t0-0.6l4.5-8q0 0 0 0l-2.9-5q-0.2-0.4 0-0.7 0.2-0.3 0.5-0.3h4.3q0.7 0 1.2 0.8zM25.1 0.4q0.2 0.3 0 0.7l-9.4 16.7 6 11q0.2 0.4 0 0.6-0.2 0.3-0.6 0.3h-4.3q-0.7 0-1.2-0.8l-6-11.1q0.3-0.6 9.5-16.8 0.4-0.8 1.2-0.8h4.3q0.4 0 0.5 0.3z\"\/><\/svg><\/span><\/a><\/li><li class=\"shariff-button linkedin shariff-nocustomcolor\" style=\"background-color:#1488bf;border-radius:1%\"><a href=\"https:\/\/www.linkedin.com\/sharing\/share-offsite\/?url=https%3A%2F%2Fwww.sonnenseite.com%2Fde%2Fenergie%2Fvorschlag-fuer-ein-windenergie-an-land-gesetz%2F\" title=\"Bei LinkedIn teilen\" aria-label=\"Bei LinkedIn teilen\" role=\"button\" rel=\"noopener nofollow\" class=\"shariff-link\" style=\";border-radius:1%; background-color:#0077b5; color:#fff\" target=\"_blank\"><span class=\"shariff-icon\" style=\"\"><svg width=\"32px\" height=\"20px\" xmlns=\"http:\/\/www.w3.org\/2000\/svg\" viewBox=\"0 0 27 32\"><path fill=\"#0077b5\" d=\"M6.2 11.2v17.7h-5.9v-17.7h5.9zM6.6 5.7q0 1.3-0.9 2.2t-2.4 0.9h0q-1.5 0-2.4-0.9t-0.9-2.2 0.9-2.2 2.4-0.9 2.4 0.9 0.9 2.2zM27.4 18.7v10.1h-5.9v-9.5q0-1.9-0.7-2.9t-2.3-1.1q-1.1 0-1.9 0.6t-1.2 1.5q-0.2 0.5-0.2 1.4v9.9h-5.9q0-7.1 0-11.6t0-5.3l0-0.9h5.9v2.6h0q0.4-0.6 0.7-1t1-0.9 1.6-0.8 2-0.3q3 0 4.9 2t1.9 6z\"\/><\/svg><\/span><\/a><\/li><li class=\"shariff-button printer shariff-nocustomcolor\" style=\"background-color:#a8a8a8;border-radius:1%\"><a href=\"javascript:window.print()\" title=\"drucken\" aria-label=\"drucken\" role=\"button\" rel=\"noopener nofollow\" class=\"shariff-link\" style=\";border-radius:1%; background-color:#999; color:#fff\"><span class=\"shariff-icon\" style=\"\"><svg width=\"32px\" height=\"20px\" xmlns=\"http:\/\/www.w3.org\/2000\/svg\" viewBox=\"0 0 30 32\"><path fill=\"#999\" d=\"M6.8 27.4h16v-4.6h-16v4.6zM6.8 16h16v-6.8h-2.8q-0.7 0-1.2-0.5t-0.5-1.2v-2.8h-11.4v11.4zM27.4 17.2q0-0.5-0.3-0.8t-0.8-0.4-0.8 0.4-0.3 0.8 0.3 0.8 0.8 0.3 0.8-0.3 0.3-0.8zM29.7 17.2v7.4q0 0.2-0.2 0.4t-0.4 0.2h-4v2.8q0 0.7-0.5 1.2t-1.2 0.5h-17.2q-0.7 0-1.2-0.5t-0.5-1.2v-2.8h-4q-0.2 0-0.4-0.2t-0.2-0.4v-7.4q0-1.4 1-2.4t2.4-1h1.2v-9.7q0-0.7 0.5-1.2t1.2-0.5h12q0.7 0 1.6 0.4t1.3 0.8l2.7 2.7q0.5 0.5 0.9 1.4t0.4 1.6v4.6h1.1q1.4 0 2.4 1t1 2.4z\"\/><\/svg><\/span><\/a><\/li><li class=\"shariff-button mailto shariff-nocustomcolor\" style=\"background-color:#a8a8a8;border-radius:1%\"><a href=\"mailto:?body=https%3A%2F%2Fwww.sonnenseite.com%2Fde%2Fenergie%2Fvorschlag-fuer-ein-windenergie-an-land-gesetz%2F&subject=Vorschlag%20f%C3%BCr%20ein%20%E2%80%9EWindenergie-an-Land%E2%80%9C-Gesetz\" title=\"Per E-Mail versenden\" aria-label=\"Per E-Mail versenden\" role=\"button\" rel=\"noopener nofollow\" class=\"shariff-link\" style=\";border-radius:1%; background-color:#999; color:#fff\"><span class=\"shariff-icon\" style=\"\"><svg width=\"32px\" height=\"20px\" xmlns=\"http:\/\/www.w3.org\/2000\/svg\" viewBox=\"0 0 32 32\"><path fill=\"#999\" d=\"M32 12.7v14.2q0 1.2-0.8 2t-2 0.9h-26.3q-1.2 0-2-0.9t-0.8-2v-14.2q0.8 0.9 1.8 1.6 6.5 4.4 8.9 6.1 1 0.8 1.6 1.2t1.7 0.9 2 0.4h0.1q0.9 0 2-0.4t1.7-0.9 1.6-1.2q3-2.2 8.9-6.1 1-0.7 1.8-1.6zM32 7.4q0 1.4-0.9 2.7t-2.2 2.2q-6.7 4.7-8.4 5.8-0.2 0.1-0.7 0.5t-1 0.7-0.9 0.6-1.1 0.5-0.9 0.2h-0.1q-0.4 0-0.9-0.2t-1.1-0.5-0.9-0.6-1-0.7-0.7-0.5q-1.6-1.1-4.7-3.2t-3.6-2.6q-1.1-0.7-2.1-2t-1-2.5q0-1.4 0.7-2.3t2.1-0.9h26.3q1.2 0 2 0.8t0.9 2z\"\/><\/svg><\/span><\/a><\/li><\/ul><\/div>","protected":false},"excerpt":{"rendered":"<p>Bundesweit einheitliche Regelungen f\u00fcr den Ausbau der Windenergie an Land helfen, schnell mehr Windenergieanlagen zu errichten [&hellip;]<\/p>\n","protected":false},"author":3,"featured_media":8457,"comment_status":"closed","ping_status":"closed","sticky":false,"template":"","format":"standard","meta":{"inline_featured_image":false,"footnotes":""},"categories":[22],"tags":[],"class_list":["post-76125","post","type-post","status-publish","format-standard","has-post-thumbnail","hentry","category-energie"],"yoast_head":"<!-- This site is optimized with the Yoast SEO plugin v26.5 - https:\/\/yoast.com\/wordpress\/plugins\/seo\/ -->\n<title>Vorschlag f\u00fcr ein \u201eWindenergie-an-Land\u201c-Gesetz - Sonnenseite - \u00d6kologische Kommunikation mit Franz Alt<\/title>\n<meta name=\"description\" content=\"Bundesweit einheitliche Regelungen f\u00fcr den Ausbau der Windenergie an Land helfen, schnell mehr Windenergieanlagen zu errichten und bringen so den\" \/>\n<meta name=\"robots\" content=\"index, follow, max-snippet:-1, max-image-preview:large, max-video-preview:-1\" \/>\n<link rel=\"canonical\" href=\"https:\/\/www.sonnenseite.com\/de\/energie\/vorschlag-fuer-ein-windenergie-an-land-gesetz\/\" \/>\n<meta property=\"og:locale\" content=\"de_DE\" \/>\n<meta property=\"og:type\" content=\"article\" \/>\n<meta property=\"og:title\" content=\"Vorschlag f\u00fcr ein \u201eWindenergie-an-Land\u201c-Gesetz - Sonnenseite - \u00d6kologische Kommunikation mit Franz Alt\" \/>\n<meta property=\"og:description\" content=\"Bundesweit einheitliche Regelungen f\u00fcr den Ausbau der Windenergie an Land helfen, schnell mehr Windenergieanlagen zu errichten und bringen so den\" \/>\n<meta property=\"og:url\" content=\"https:\/\/www.sonnenseite.com\/de\/energie\/vorschlag-fuer-ein-windenergie-an-land-gesetz\/\" \/>\n<meta property=\"og:site_name\" content=\"Sonnenseite\" \/>\n<meta property=\"article:publisher\" content=\"https:\/\/www.facebook.com\/pages\/Franz-Alt-SONNENSEITECOM\/221072987903953?fref=ts\" \/>\n<meta property=\"article:published_time\" content=\"2021-10-26T06:58:49+00:00\" \/>\n<meta property=\"og:image\" content=\"https:\/\/www.sonnenseite.com\/wp-content\/uploads\/2019\/07\/windenergie_makunin.jpg\" \/>\n\t<meta property=\"og:image:width\" content=\"770\" \/>\n\t<meta property=\"og:image:height\" content=\"420\" \/>\n\t<meta property=\"og:image:type\" content=\"image\/jpeg\" \/>\n<meta name=\"author\" content=\"Bigi Alt\" \/>\n<meta name=\"twitter:card\" content=\"summary_large_image\" \/>\n<meta name=\"twitter:creator\" content=\"@franzalt\" \/>\n<meta name=\"twitter:site\" content=\"@franzalt\" \/>\n<meta name=\"twitter:label1\" content=\"Verfasst von\" \/>\n\t<meta name=\"twitter:data1\" content=\"Bigi Alt\" \/>\n\t<meta name=\"twitter:label2\" content=\"Gesch\u00e4tzte Lesezeit\" \/>\n\t<meta name=\"twitter:data2\" content=\"2\u00a0Minuten\" \/>\n<script type=\"application\/ld+json\" class=\"yoast-schema-graph\">{\"@context\":\"https:\/\/schema.org\",\"@graph\":[{\"@type\":\"Article\",\"@id\":\"https:\/\/www.sonnenseite.com\/de\/energie\/vorschlag-fuer-ein-windenergie-an-land-gesetz\/#article\",\"isPartOf\":{\"@id\":\"https:\/\/www.sonnenseite.com\/de\/energie\/vorschlag-fuer-ein-windenergie-an-land-gesetz\/\"},\"author\":{\"name\":\"Bigi Alt\",\"@id\":\"https:\/\/www.sonnenseite.com\/de\/#\/schema\/person\/50fda0e926597684c7cc6695238a4eb9\"},\"headline\":\"Vorschlag f\u00fcr ein \u201eWindenergie-an-Land\u201c-Gesetz\",\"datePublished\":\"2021-10-26T06:58:49+00:00\",\"mainEntityOfPage\":{\"@id\":\"https:\/\/www.sonnenseite.com\/de\/energie\/vorschlag-fuer-ein-windenergie-an-land-gesetz\/\"},\"wordCount\":482,\"publisher\":{\"@id\":\"https:\/\/www.sonnenseite.com\/de\/#organization\"},\"image\":{\"@id\":\"https:\/\/www.sonnenseite.com\/de\/energie\/vorschlag-fuer-ein-windenergie-an-land-gesetz\/#primaryimage\"},\"thumbnailUrl\":\"https:\/\/www.sonnenseite.com\/wp-content\/uploads\/2019\/07\/windenergie_makunin.jpg\",\"articleSection\":[\"Energie\"],\"inLanguage\":\"de\"},{\"@type\":\"WebPage\",\"@id\":\"https:\/\/www.sonnenseite.com\/de\/energie\/vorschlag-fuer-ein-windenergie-an-land-gesetz\/\",\"url\":\"https:\/\/www.sonnenseite.com\/de\/energie\/vorschlag-fuer-ein-windenergie-an-land-gesetz\/\",\"name\":\"Vorschlag f\u00fcr ein \u201eWindenergie-an-Land\u201c-Gesetz - Sonnenseite - \u00d6kologische Kommunikation mit Franz Alt\",\"isPartOf\":{\"@id\":\"https:\/\/www.sonnenseite.com\/de\/#website\"},\"primaryImageOfPage\":{\"@id\":\"https:\/\/www.sonnenseite.com\/de\/energie\/vorschlag-fuer-ein-windenergie-an-land-gesetz\/#primaryimage\"},\"image\":{\"@id\":\"https:\/\/www.sonnenseite.com\/de\/energie\/vorschlag-fuer-ein-windenergie-an-land-gesetz\/#primaryimage\"},\"thumbnailUrl\":\"https:\/\/www.sonnenseite.com\/wp-content\/uploads\/2019\/07\/windenergie_makunin.jpg\",\"datePublished\":\"2021-10-26T06:58:49+00:00\",\"description\":\"Bundesweit einheitliche Regelungen f\u00fcr den Ausbau der Windenergie an Land helfen, schnell mehr Windenergieanlagen zu errichten und bringen so den\",\"breadcrumb\":{\"@id\":\"https:\/\/www.sonnenseite.com\/de\/energie\/vorschlag-fuer-ein-windenergie-an-land-gesetz\/#breadcrumb\"},\"inLanguage\":\"de\",\"potentialAction\":[{\"@type\":\"ReadAction\",\"target\":[\"https:\/\/www.sonnenseite.com\/de\/energie\/vorschlag-fuer-ein-windenergie-an-land-gesetz\/\"]}]},{\"@type\":\"ImageObject\",\"inLanguage\":\"de\",\"@id\":\"https:\/\/www.sonnenseite.com\/de\/energie\/vorschlag-fuer-ein-windenergie-an-land-gesetz\/#primaryimage\",\"url\":\"https:\/\/www.sonnenseite.com\/wp-content\/uploads\/2019\/07\/windenergie_makunin.jpg\",\"contentUrl\":\"https:\/\/www.sonnenseite.com\/wp-content\/uploads\/2019\/07\/windenergie_makunin.jpg\",\"width\":770,\"height\":420,\"caption\":\"pixabay.com | makunin\"},{\"@type\":\"BreadcrumbList\",\"@id\":\"https:\/\/www.sonnenseite.com\/de\/energie\/vorschlag-fuer-ein-windenergie-an-land-gesetz\/#breadcrumb\",\"itemListElement\":[{\"@type\":\"ListItem\",\"position\":1,\"name\":\"Startseite\",\"item\":\"https:\/\/www.sonnenseite.com\/de\/\"},{\"@type\":\"ListItem\",\"position\":2,\"name\":\"Vorschlag f\u00fcr ein \u201eWindenergie-an-Land\u201c-Gesetz\"}]},{\"@type\":\"WebSite\",\"@id\":\"https:\/\/www.sonnenseite.com\/de\/#website\",\"url\":\"https:\/\/www.sonnenseite.com\/de\/\",\"name\":\"Sonnenseite\",\"description\":\"\u00d6kologische Kommunikation mit Franz Alt\",\"publisher\":{\"@id\":\"https:\/\/www.sonnenseite.com\/de\/#organization\"},\"potentialAction\":[{\"@type\":\"SearchAction\",\"target\":{\"@type\":\"EntryPoint\",\"urlTemplate\":\"https:\/\/www.sonnenseite.com\/de\/?s={search_term_string}\"},\"query-input\":{\"@type\":\"PropertyValueSpecification\",\"valueRequired\":true,\"valueName\":\"search_term_string\"}}],\"inLanguage\":\"de\"},{\"@type\":\"Organization\",\"@id\":\"https:\/\/www.sonnenseite.com\/de\/#organization\",\"name\":\"Sonnenseite\",\"url\":\"https:\/\/www.sonnenseite.com\/de\/\",\"logo\":{\"@type\":\"ImageObject\",\"inLanguage\":\"de\",\"@id\":\"https:\/\/www.sonnenseite.com\/de\/#\/schema\/logo\/image\/\",\"url\":\"https:\/\/www.sonnenseite.com\/wp-content\/uploads\/2020\/05\/Sonnenseite_Logo.png\",\"contentUrl\":\"https:\/\/www.sonnenseite.com\/wp-content\/uploads\/2020\/05\/Sonnenseite_Logo.png\",\"width\":377,\"height\":90,\"caption\":\"Sonnenseite\"},\"image\":{\"@id\":\"https:\/\/www.sonnenseite.com\/de\/#\/schema\/logo\/image\/\"},\"sameAs\":[\"https:\/\/www.facebook.com\/pages\/Franz-Alt-SONNENSEITECOM\/221072987903953?fref=ts\",\"https:\/\/x.com\/franzalt\",\"http:\/\/www.youtube.com\/results?search_query&amp;amp;quot;franz_alt&amp;amp;quot;&amp;amp;amp;amp;search_type&amp;amp;amp;amp;aq=f\"]},{\"@type\":\"Person\",\"@id\":\"https:\/\/www.sonnenseite.com\/de\/#\/schema\/person\/50fda0e926597684c7cc6695238a4eb9\",\"name\":\"Bigi Alt\"}]}<\/script>\n<!-- \/ Yoast SEO plugin. -->","yoast_head_json":{"title":"Vorschlag f\u00fcr ein \u201eWindenergie-an-Land\u201c-Gesetz - Sonnenseite - \u00d6kologische Kommunikation mit Franz Alt","description":"Bundesweit einheitliche Regelungen f\u00fcr den Ausbau der Windenergie an Land helfen, schnell mehr Windenergieanlagen zu errichten und bringen so den","robots":{"index":"index","follow":"follow","max-snippet":"max-snippet:-1","max-image-preview":"max-image-preview:large","max-video-preview":"max-video-preview:-1"},"canonical":"https:\/\/www.sonnenseite.com\/de\/energie\/vorschlag-fuer-ein-windenergie-an-land-gesetz\/","og_locale":"de_DE","og_type":"article","og_title":"Vorschlag f\u00fcr ein \u201eWindenergie-an-Land\u201c-Gesetz - Sonnenseite - \u00d6kologische Kommunikation mit Franz Alt","og_description":"Bundesweit einheitliche Regelungen f\u00fcr den Ausbau der Windenergie an Land helfen, schnell mehr Windenergieanlagen zu errichten und bringen so den","og_url":"https:\/\/www.sonnenseite.com\/de\/energie\/vorschlag-fuer-ein-windenergie-an-land-gesetz\/","og_site_name":"Sonnenseite","article_publisher":"https:\/\/www.facebook.com\/pages\/Franz-Alt-SONNENSEITECOM\/221072987903953?fref=ts","article_published_time":"2021-10-26T06:58:49+00:00","og_image":[{"width":770,"height":420,"url":"https:\/\/www.sonnenseite.com\/wp-content\/uploads\/2019\/07\/windenergie_makunin.jpg","type":"image\/jpeg"}],"author":"Bigi Alt","twitter_card":"summary_large_image","twitter_creator":"@franzalt","twitter_site":"@franzalt","twitter_misc":{"Verfasst von":"Bigi Alt","Gesch\u00e4tzte Lesezeit":"2\u00a0Minuten"},"schema":{"@context":"https:\/\/schema.org","@graph":[{"@type":"Article","@id":"https:\/\/www.sonnenseite.com\/de\/energie\/vorschlag-fuer-ein-windenergie-an-land-gesetz\/#article","isPartOf":{"@id":"https:\/\/www.sonnenseite.com\/de\/energie\/vorschlag-fuer-ein-windenergie-an-land-gesetz\/"},"author":{"name":"Bigi Alt","@id":"https:\/\/www.sonnenseite.com\/de\/#\/schema\/person\/50fda0e926597684c7cc6695238a4eb9"},"headline":"Vorschlag f\u00fcr ein \u201eWindenergie-an-Land\u201c-Gesetz","datePublished":"2021-10-26T06:58:49+00:00","mainEntityOfPage":{"@id":"https:\/\/www.sonnenseite.com\/de\/energie\/vorschlag-fuer-ein-windenergie-an-land-gesetz\/"},"wordCount":482,"publisher":{"@id":"https:\/\/www.sonnenseite.com\/de\/#organization"},"image":{"@id":"https:\/\/www.sonnenseite.com\/de\/energie\/vorschlag-fuer-ein-windenergie-an-land-gesetz\/#primaryimage"},"thumbnailUrl":"https:\/\/www.sonnenseite.com\/wp-content\/uploads\/2019\/07\/windenergie_makunin.jpg","articleSection":["Energie"],"inLanguage":"de"},{"@type":"WebPage","@id":"https:\/\/www.sonnenseite.com\/de\/energie\/vorschlag-fuer-ein-windenergie-an-land-gesetz\/","url":"https:\/\/www.sonnenseite.com\/de\/energie\/vorschlag-fuer-ein-windenergie-an-land-gesetz\/","name":"Vorschlag f\u00fcr ein \u201eWindenergie-an-Land\u201c-Gesetz - Sonnenseite - \u00d6kologische Kommunikation mit Franz Alt","isPartOf":{"@id":"https:\/\/www.sonnenseite.com\/de\/#website"},"primaryImageOfPage":{"@id":"https:\/\/www.sonnenseite.com\/de\/energie\/vorschlag-fuer-ein-windenergie-an-land-gesetz\/#primaryimage"},"image":{"@id":"https:\/\/www.sonnenseite.com\/de\/energie\/vorschlag-fuer-ein-windenergie-an-land-gesetz\/#primaryimage"},"thumbnailUrl":"https:\/\/www.sonnenseite.com\/wp-content\/uploads\/2019\/07\/windenergie_makunin.jpg","datePublished":"2021-10-26T06:58:49+00:00","description":"Bundesweit einheitliche Regelungen f\u00fcr den Ausbau der Windenergie an Land helfen, schnell mehr Windenergieanlagen zu errichten und bringen so den","breadcrumb":{"@id":"https:\/\/www.sonnenseite.com\/de\/energie\/vorschlag-fuer-ein-windenergie-an-land-gesetz\/#breadcrumb"},"inLanguage":"de","potentialAction":[{"@type":"ReadAction","target":["https:\/\/www.sonnenseite.com\/de\/energie\/vorschlag-fuer-ein-windenergie-an-land-gesetz\/"]}]},{"@type":"ImageObject","inLanguage":"de","@id":"https:\/\/www.sonnenseite.com\/de\/energie\/vorschlag-fuer-ein-windenergie-an-land-gesetz\/#primaryimage","url":"https:\/\/www.sonnenseite.com\/wp-content\/uploads\/2019\/07\/windenergie_makunin.jpg","contentUrl":"https:\/\/www.sonnenseite.com\/wp-content\/uploads\/2019\/07\/windenergie_makunin.jpg","width":770,"height":420,"caption":"pixabay.com | makunin"},{"@type":"BreadcrumbList","@id":"https:\/\/www.sonnenseite.com\/de\/energie\/vorschlag-fuer-ein-windenergie-an-land-gesetz\/#breadcrumb","itemListElement":[{"@type":"ListItem","position":1,"name":"Startseite","item":"https:\/\/www.sonnenseite.com\/de\/"},{"@type":"ListItem","position":2,"name":"Vorschlag f\u00fcr ein \u201eWindenergie-an-Land\u201c-Gesetz"}]},{"@type":"WebSite","@id":"https:\/\/www.sonnenseite.com\/de\/#website","url":"https:\/\/www.sonnenseite.com\/de\/","name":"Sonnenseite","description":"\u00d6kologische Kommunikation mit Franz Alt","publisher":{"@id":"https:\/\/www.sonnenseite.com\/de\/#organization"},"potentialAction":[{"@type":"SearchAction","target":{"@type":"EntryPoint","urlTemplate":"https:\/\/www.sonnenseite.com\/de\/?s={search_term_string}"},"query-input":{"@type":"PropertyValueSpecification","valueRequired":true,"valueName":"search_term_string"}}],"inLanguage":"de"},{"@type":"Organization","@id":"https:\/\/www.sonnenseite.com\/de\/#organization","name":"Sonnenseite","url":"https:\/\/www.sonnenseite.com\/de\/","logo":{"@type":"ImageObject","inLanguage":"de","@id":"https:\/\/www.sonnenseite.com\/de\/#\/schema\/logo\/image\/","url":"https:\/\/www.sonnenseite.com\/wp-content\/uploads\/2020\/05\/Sonnenseite_Logo.png","contentUrl":"https:\/\/www.sonnenseite.com\/wp-content\/uploads\/2020\/05\/Sonnenseite_Logo.png","width":377,"height":90,"caption":"Sonnenseite"},"image":{"@id":"https:\/\/www.sonnenseite.com\/de\/#\/schema\/logo\/image\/"},"sameAs":["https:\/\/www.facebook.com\/pages\/Franz-Alt-SONNENSEITECOM\/221072987903953?fref=ts","https:\/\/x.com\/franzalt","http:\/\/www.youtube.com\/results?search_query&amp;amp;quot;franz_alt&amp;amp;quot;&amp;amp;amp;amp;search_type&amp;amp;amp;amp;aq=f"]},{"@type":"Person","@id":"https:\/\/www.sonnenseite.com\/de\/#\/schema\/person\/50fda0e926597684c7cc6695238a4eb9","name":"Bigi Alt"}]}},"_links":{"self":[{"href":"https:\/\/www.sonnenseite.com\/de\/wp-json\/wp\/v2\/posts\/76125","targetHints":{"allow":["GET"]}}],"collection":[{"href":"https:\/\/www.sonnenseite.com\/de\/wp-json\/wp\/v2\/posts"}],"about":[{"href":"https:\/\/www.sonnenseite.com\/de\/wp-json\/wp\/v2\/types\/post"}],"author":[{"embeddable":true,"href":"https:\/\/www.sonnenseite.com\/de\/wp-json\/wp\/v2\/users\/3"}],"replies":[{"embeddable":true,"href":"https:\/\/www.sonnenseite.com\/de\/wp-json\/wp\/v2\/comments?post=76125"}],"version-history":[{"count":1,"href":"https:\/\/www.sonnenseite.com\/de\/wp-json\/wp\/v2\/posts\/76125\/revisions"}],"predecessor-version":[{"id":76126,"href":"https:\/\/www.sonnenseite.com\/de\/wp-json\/wp\/v2\/posts\/76125\/revisions\/76126"}],"wp:featuredmedia":[{"embeddable":true,"href":"https:\/\/www.sonnenseite.com\/de\/wp-json\/wp\/v2\/media\/8457"}],"wp:attachment":[{"href":"https:\/\/www.sonnenseite.com\/de\/wp-json\/wp\/v2\/media?parent=76125"}],"wp:term":[{"taxonomy":"category","embeddable":true,"href":"https:\/\/www.sonnenseite.com\/de\/wp-json\/wp\/v2\/categories?post=76125"},{"taxonomy":"post_tag","embeddable":true,"href":"https:\/\/www.sonnenseite.com\/de\/wp-json\/wp\/v2\/tags?post=76125"}],"curies":[{"name":"wp","href":"https:\/\/api.w.org\/{rel}","templated":true}]}}