{"id":76233,"date":"2021-10-29T02:54:00","date_gmt":"2021-10-29T00:54:00","guid":{"rendered":"https:\/\/www.sonnenseite.com\/?p=76233"},"modified":"2021-11-07T12:45:57","modified_gmt":"2021-11-07T11:45:57","slug":"umweltschaedliche-subventionen-fast-die-haelfte-fuer-strassen-und-flugverkehr","status":"publish","type":"post","link":"https:\/\/www.sonnenseite.com\/de\/umwelt\/umweltschaedliche-subventionen-fast-die-haelfte-fuer-strassen-und-flugverkehr\/","title":{"rendered":"Umweltsch\u00e4dliche Subventionen: fast die H\u00e4lfte f\u00fcr Stra\u00dfen- und Flugverkehr"},"content":{"rendered":"\n<p>\u201eAus umweltsch\u00e4dlichen Subventionen schrittweise sozial-\u00f6kologische Investitionen machen\u201c<\/p>\n\n\n\n<p>Der Abbau von Steuerverg\u00fcnstigungen f\u00fcr Pkw- und Agrardiesel, die private Nutzung fossiler Dienstwagen und landwirtschaftliche Fahrzeuge sowie bei der Entfernungspauschale w\u00fcrde der \u00f6ffentlichen Hand Mehreinnahmen im zweistelligen Milliardenbereich bringen. Das zeigt eine neue Studie des Umweltbundesamtes (UBA) zu umweltsch\u00e4dlichen Subventionen im Jahr 2018. Diese oben genannten Subventionen lassen sich national abschaffen. Weitere zw\u00f6lf Milliarden Euro entfallen auf Steuerverg\u00fcnstigungen f\u00fcr Kerosin und die Mehrwertsteuerbefreiung f\u00fcr internationale Fl\u00fcge. Dies m\u00fcsste allerdings auf europ\u00e4ischer Ebene angegangen werden. \u201eEs ist paradox, wenn der Staat mit vielen Milliarden den Klimaschutz f\u00f6rdert und gleichzeitig klimasch\u00e4dliche Produktions- und Verhaltensweisen subventioniert. Beim Klimaschutz rennt uns bekanntlich die Zeit davon. Es ist daher wichtig, auch beim Abbau umweltsch\u00e4dlicher Subventionen schnell voranzukommen. Das entlastet die \u00f6ffentlichen Haushalte und erm\u00f6glicht klimagerechte Investitionen, die mit Augenma\u00df f\u00fcr die sozialen und wirtschaftlichen Folgen erfolgen m\u00fcssen\u201c, sagte UBA-Pr\u00e4sident Dirk Messner.<\/p>\n\n\n\n<p>Insgesamt entfiel 2018 nahezu die H\u00e4lfte der vom \u2060UBA\u2060 identifizierten umweltsch\u00e4dlichen Subventionen auf den Verkehrsbereich (47 Prozent), 39 Prozent auf Energiebereitstellung und -nutzung, neun Prozent auf die Land- und Forstwirtschaft sowie f\u00fcnf Prozent auf Bau- und Wohnungswesen. Tats\u00e4chlich ist die Summe der umweltsch\u00e4dlichen Subventionen h\u00f6her als die f\u00fcr 2018 insgesamt gesch\u00e4tzten 65,4 Milliarden Euro, da einige umweltsch\u00e4dliche Subventionen nicht quantifiziert werden k\u00f6nnen und die Studie vor allem die Bundesebene betrachtet.<\/p>\n\n\n\n<div class=\"wp-block-image\"><figure class=\"aligncenter size-large is-resized\"><a href=\"https:\/\/www.sonnenseite.com\/wp-content\/uploads\/2021\/10\/Umweltbundesamt_umweltschaedliche_subventionen.jpg\"><img loading=\"lazy\" decoding=\"async\" src=\"https:\/\/www.sonnenseite.com\/wp-content\/uploads\/2021\/10\/Umweltbundesamt_umweltschaedliche_subventionen-1024x514.jpg\" alt=\"\" class=\"wp-image-76235\" width=\"768\" height=\"386\" srcset=\"https:\/\/www.sonnenseite.com\/wp-content\/uploads\/2021\/10\/Umweltbundesamt_umweltschaedliche_subventionen-1024x514.jpg 1024w, https:\/\/www.sonnenseite.com\/wp-content\/uploads\/2021\/10\/Umweltbundesamt_umweltschaedliche_subventionen-300x151.jpg 300w, https:\/\/www.sonnenseite.com\/wp-content\/uploads\/2021\/10\/Umweltbundesamt_umweltschaedliche_subventionen-768x385.jpg 768w, https:\/\/www.sonnenseite.com\/wp-content\/uploads\/2021\/10\/Umweltbundesamt_umweltschaedliche_subventionen.jpg 1395w\" sizes=\"auto, (max-width: 768px) 100vw, 768px\" \/><\/a><figcaption>\u00a9 Umweltbundesamt.de | Gesamtvolumen umweltsch\u00e4dlicher Subventionen | Zum Vergr\u00f6\u00dfern anklicken!<\/figcaption><\/figure><\/div>\n\n\n\n<p>Umweltsch\u00e4dliche Subventionen hemmen die Entwicklung und Marktdurchdringung umweltfreundlicher Produkte und gef\u00e4hrden die Umwelt- und Klimaziele. Au\u00dferdem verteuern sie den Umwelt- und \u2060Klimaschutz\u2060, weil der Staat beides st\u00e4rker f\u00f6rdern muss, wenn er gleichzeitig umweltsch\u00e4dliche Produkte und Verfahren subventioniert. \u201eAktuell werden \u00f6konomische Anreize in gegens\u00e4tzliche Richtungen gesetzt \u2013 mal f\u00fcr, mal gegen den Umwelt- und Klimaschutz. Ein Beispiel daf\u00fcr ist das unsinnige Nebeneinander von Dieselprivileg f\u00fcr Verbrenner und Kaufpr\u00e4mien f\u00fcr Elektroautos\u201c, so Messner.<\/p>\n\n\n\n<p>Seit der letzten Sch\u00e4tzung 2012 gab es nur geringe Fortschritte beim Abbau von umweltsch\u00e4dlichen Subventionen. Inzwischen sind zwar einige Subventionen ausgelaufen (etwa die Hilfen f\u00fcr die Steinkohlef\u00f6rderung), parallel wurden jedoch neue eingef\u00fchrt. Im Verkehr sind die Subventionen von 2012 bis 2018 sogar von 28,6 auf 30,8&nbsp;Milliarden Euro angestiegen. Dies steht im Widerspruch zur Aufstockung der F\u00f6rderprogramme f\u00fcr den \u2060<a target=\"_blank\" href=\"https:\/\/www.umweltbundesamt.de\/service\/glossar\/k?tag=Klima#alphabar\" rel=\"noreferrer noopener\">Klima<\/a>\u2060- und Umweltschutz in den vergangenen Jahren. Rund 90 Prozent der analysierten Subventionen sind klimasch\u00e4dlich und wirken h\u00e4ufig gleichzeitig negativ auf Luftqualit\u00e4t, Gesundheit und Rohstoffverbrauch.<\/p>\n\n\n\n<p>Das in der Studie angegebene Subventionsvolumen von 65,4&nbsp;Milliarden Euro im Jahr 2018 ist nicht identisch mit dem bei einem Abbau zus\u00e4tzlich gewonnenen Finanzierungsspielraum f\u00fcr die \u00f6ffentliche Hand. So kann z.B. der Abbau umweltsch\u00e4dlicher Steuerverg\u00fcnstigungen zu umweltpolitisch erw\u00fcnschten Anpassungsreaktionen f\u00fchren, die das Steueraufkommen schm\u00e4lern. So erh\u00f6ht zum Beispiel ein Anstieg des Energiesteuersatzes auf Diesel den Anreiz, Sprit zu sparen und auf ein Elektro-Fahrzeug umzusteigen. Manchmal empfiehlt sich auch ein schrittweiser Abbau, so dass die Gelder nur teilweise sofort zur Verf\u00fcgung stehen. Au\u00dferdem sind beim Abbau von Subventionen flankierende Ma\u00dfnahmen zur Abfederung sozialer und \u00f6konomischer Folgen n\u00f6tig, die erhebliche Teile der frei gewordenen Mittel binden k\u00f6nnen.<\/p>\n\n\n\n<p>Einige wichtige umweltsch\u00e4dliche Subventionen lassen sich nur teilweise auf nationaler Ebene abbauen. Ein Beispiel ist die Kerosinsteuerbefreiung auf inner- und au\u00dfereurop\u00e4ische Fl\u00fcge. Die aktuellen Pl\u00e4ne der EU-Kommission sehen vor, die Luft- und Schifffahrt schrittweise in die Energiebesteuerung einzubeziehen sowie Diesel und Benzin einheitlich entsprechend ihres Energiegehalts zu besteuern. Dies w\u00fcrde den Abbau deutlich voranbringen. \u201eDie Bundesregierung sollte den R\u00fcckenwind aus Br\u00fcssel nutzen und sich f\u00fcr einen ambitionierten Abbau umweltsch\u00e4dlicher Subventionen auf EU-Ebene einsetzen\u201c, so Dirk Messner. Durch internationale Vereinbarungen zur CO<sub>2<\/sub>-Bepreisung oder die Einf\u00fchrung von CO<sub>2<\/sub>-Grenzausgleichsmechanismen k\u00f6nnten auch solche Subventionen \u00fcberfl\u00fcssig werden, die einheimische Industrien bislang vor Umweltdumping sch\u00fctzen.<\/p>\n\n\n\n<p>Die UBA-Studie enth\u00e4lt Reformvorschl\u00e4ge, wie sich die Subventionen abbauen lie\u00dfen. Im Wohnungswesen, bei den energiebezogenen Subventionen f\u00fcr die Wirtschaft oder in der Landwirtschaft geht nicht in erster Linie darum, das Subventionsvolumen insgesamt zu verringern. Vielmehr sind die Subventionen so umzubauen, dass sie Investitionen f\u00fcr die sozial-\u00f6kologische Transformation mobilisieren und ein umweltgerechtes Leben erleichtern.<\/p>\n\n\n\n<p>In manchen F\u00e4llen ist der Abbau umweltsch\u00e4dlicher Subventionen schon sinnvoll, weil sie ineffizient sind und die urspr\u00fcnglichen F\u00f6rderziele ihren Sinn verloren haben \u2013 etwa die geringere Energiesteuer f\u00fcr Agrardiesel und die Kraftfahrzeugsteuerbefreiung f\u00fcr landwirtschaftliche Fahrzeuge. Bei anderen umweltsch\u00e4dlichen Subventionen ist der Abbau auch aus Gr\u00fcnden der sozialen Gerechtigkeit geboten. Ein Beispiel ist die private Nutzung von Dienstwagen, die der Staat mit mindestens drei Milliarden Euro pro Jahr subventioniert. \u201eDavon profitieren \u00fcberwiegend Haushalte mit hohen Einkommen. Diese Subvention ist nicht nur umweltsch\u00e4dlich, sondern auch sozial ungerecht. Sie geh\u00f6rt abgeschafft\u201c, so Dirk Messner.<\/p>\n\n\n\n<p>Gelder, die durch den Abbau umweltsch\u00e4dlicher Subventionen freiwerden, m\u00fcssen genutzt werden, um Unternehmen beim Umstieg auf treibhausgasneutrale Produktionsweisen zu helfen. Freiwerdende Gelder muss der Staat au\u00dferdem nutzen, um die privaten Haushalte zu entlasten. Bei einer Reform der Entfernungspauschale w\u00e4re etwa eine L\u00f6sung n\u00f6tig, die sowohl die Sozialvertr\u00e4glichkeit sichert und die positive Umweltwirkung verst\u00e4rkt. Besonders wichtig w\u00e4re eine H\u00e4rtefallregelung f\u00fcr Fernpendler sowie der massive Ausbau des \u00d6PNV gerade auch auf dem Land. Auch der von UBA f\u00fcr ratsam gehaltene Abbau der niedrigen Mehrwertsteuer auf Fleisch und andere tierische Produkte m\u00fcsste sozial flankiert und in eine umfassende Reform der Mehrwertsteuer eingebettet werden, die die B\u00fcrgerinnen und B\u00fcrger an anderer Stelle entlastet \u2013 etwa durch eine geringe Mehrwertsteuer f\u00fcr Obst, Gem\u00fcse und andere pflanzliche Nahrungsmittel sowie g\u00fcnstige Bus- und Bahntickets.<\/p>\n\n\n\n<p>Damit der Abbau bzw. die Reform umweltsch\u00e4dlicher Subventionen k\u00fcnftig systematisch erfolgt und die Subventionspolitik effektiver und effizienter wird, formuliert die UBA-Studie Leitlinien f\u00fcr eine umweltorientierte Subventionspolitik und empfiehlt einen \u201eUmweltcheck\u201c f\u00fcr alle Subventionen. Grunds\u00e4tzlich sollten nur noch Subventionen gew\u00e4hrt werden, die in Einklang mit einer nachhaltigen Entwicklung stehen. Um dies zu gew\u00e4hrleisten, sollte k\u00fcnftig stets gepr\u00fcft werden, ob es umweltfreundlichere Alternativen f\u00fcr die Subvention gibt.<\/p>\n\n\n\n<ul class=\"wp-block-list\"><li><a href=\"https:\/\/www.umweltbundesamt.de\/o-toene-umweltschaedliche-subventionen\" target=\"_blank\" rel=\"noreferrer noopener\">Radio O-T\u00f6ne mit UBA-Pr\u00e4sident Dirk Messner<\/a><\/li><li><a href=\"https:\/\/www.umweltbundesamt.de\/bild\/gesamtvolumen-umweltschaedlicher-subventionen\" target=\"_blank\" rel=\"noreferrer noopener\">Grafik: Gesamtvolumen umweltsch\u00e4dlicher Subventionen<\/a><\/li><li><a href=\"https:\/\/www.umweltbundesamt.de\/sites\/default\/files\/medien\/479\/publikationen\/texte_143-2021_umweltschaedliche_subventionen.pdf\">Umweltsch\u00e4dliche Subventionen in Deutschland | Aktualisierte Ausgabe 2021 (pdf)<\/a><\/li><\/ul>\n\n\n<h5 class=\"green\">Quelle<\/h5>\r\n\n\n\n<p><a href=\"https:\/\/www.umweltbundesamt.de\/presse\/pressemitteilungen\/umweltschaedliche-subventionen-fast-die-haelfte\">Umweltbundesamt 2021<\/a><\/p>\n<div class=\"shariff shariff-align-flex-start shariff-widget-align-flex-start\"><div class=\"ShariffHeadline\">Diese Meldung teilen<\/div><ul class=\"shariff-buttons theme-round orientation-horizontal buttonsize-medium\"><li class=\"shariff-button facebook shariff-nocustomcolor\" style=\"background-color:#4273c8;border-radius:1%\"><a href=\"https:\/\/www.facebook.com\/sharer\/sharer.php?u=https%3A%2F%2Fwww.sonnenseite.com%2Fde%2Fumwelt%2Fumweltschaedliche-subventionen-fast-die-haelfte-fuer-strassen-und-flugverkehr%2F\" title=\"Bei Facebook teilen\" aria-label=\"Bei Facebook teilen\" role=\"button\" rel=\"nofollow\" class=\"shariff-link\" style=\";border-radius:1%; background-color:#3b5998; color:#fff\" target=\"_blank\"><span class=\"shariff-icon\" style=\"\"><svg width=\"32px\" height=\"20px\" xmlns=\"http:\/\/www.w3.org\/2000\/svg\" viewBox=\"0 0 18 32\"><path fill=\"#3b5998\" d=\"M17.1 0.2v4.7h-2.8q-1.5 0-2.1 0.6t-0.5 1.9v3.4h5.2l-0.7 5.3h-4.5v13.6h-5.5v-13.6h-4.5v-5.3h4.5v-3.9q0-3.3 1.9-5.2t5-1.8q2.6 0 4.1 0.2z\"\/><\/svg><\/span><\/a><\/li><li class=\"shariff-button twitter shariff-nocustomcolor\" style=\"background-color:#595959;border-radius:1%\"><a href=\"https:\/\/twitter.com\/share?url=https%3A%2F%2Fwww.sonnenseite.com%2Fde%2Fumwelt%2Fumweltschaedliche-subventionen-fast-die-haelfte-fuer-strassen-und-flugverkehr%2F&text=Umweltsch%C3%A4dliche%20Subventionen%3A%20fast%20die%20H%C3%A4lfte%20f%C3%BCr%20Stra%C3%9Fen-%20und%20Flugverkehr\" title=\"Bei X teilen\" aria-label=\"Bei X teilen\" role=\"button\" rel=\"noopener nofollow\" class=\"shariff-link\" style=\";border-radius:1%; background-color:#000; color:#fff\" target=\"_blank\"><span class=\"shariff-icon\" style=\"\"><svg width=\"32px\" height=\"20px\" xmlns=\"http:\/\/www.w3.org\/2000\/svg\" viewBox=\"0 0 24 24\"><path fill=\"#000\" d=\"M14.258 10.152L23.176 0h-2.113l-7.747 8.813L7.133 0H0l9.352 13.328L0 23.973h2.113l8.176-9.309 6.531 9.309h7.133zm-2.895 3.293l-.949-1.328L2.875 1.56h3.246l6.086 8.523.945 1.328 7.91 11.078h-3.246zm0 0\"\/><\/svg><\/span><\/a><\/li><li class=\"shariff-button xing shariff-nocustomcolor\" style=\"background-color:#29888a;border-radius:1%\"><a href=\"https:\/\/www.xing.com\/spi\/shares\/new?url=https%3A%2F%2Fwww.sonnenseite.com%2Fde%2Fumwelt%2Fumweltschaedliche-subventionen-fast-die-haelfte-fuer-strassen-und-flugverkehr%2F\" title=\"Bei XING teilen\" aria-label=\"Bei XING teilen\" role=\"button\" rel=\"noopener nofollow\" class=\"shariff-link\" style=\";border-radius:1%; background-color:#126567; color:#fff\" target=\"_blank\"><span class=\"shariff-icon\" style=\"\"><svg width=\"32px\" height=\"20px\" xmlns=\"http:\/\/www.w3.org\/2000\/svg\" viewBox=\"0 0 25 32\"><path fill=\"#126567\" d=\"M10.7 11.9q-0.2 0.3-4.6 8.2-0.5 0.8-1.2 0.8h-4.3q-0.4 0-0.5-0.3t0-0.6l4.5-8q0 0 0 0l-2.9-5q-0.2-0.4 0-0.7 0.2-0.3 0.5-0.3h4.3q0.7 0 1.2 0.8zM25.1 0.4q0.2 0.3 0 0.7l-9.4 16.7 6 11q0.2 0.4 0 0.6-0.2 0.3-0.6 0.3h-4.3q-0.7 0-1.2-0.8l-6-11.1q0.3-0.6 9.5-16.8 0.4-0.8 1.2-0.8h4.3q0.4 0 0.5 0.3z\"\/><\/svg><\/span><\/a><\/li><li class=\"shariff-button linkedin shariff-nocustomcolor\" style=\"background-color:#1488bf;border-radius:1%\"><a href=\"https:\/\/www.linkedin.com\/sharing\/share-offsite\/?url=https%3A%2F%2Fwww.sonnenseite.com%2Fde%2Fumwelt%2Fumweltschaedliche-subventionen-fast-die-haelfte-fuer-strassen-und-flugverkehr%2F\" title=\"Bei LinkedIn teilen\" aria-label=\"Bei LinkedIn teilen\" role=\"button\" rel=\"noopener nofollow\" class=\"shariff-link\" style=\";border-radius:1%; background-color:#0077b5; color:#fff\" target=\"_blank\"><span class=\"shariff-icon\" style=\"\"><svg width=\"32px\" height=\"20px\" xmlns=\"http:\/\/www.w3.org\/2000\/svg\" viewBox=\"0 0 27 32\"><path fill=\"#0077b5\" d=\"M6.2 11.2v17.7h-5.9v-17.7h5.9zM6.6 5.7q0 1.3-0.9 2.2t-2.4 0.9h0q-1.5 0-2.4-0.9t-0.9-2.2 0.9-2.2 2.4-0.9 2.4 0.9 0.9 2.2zM27.4 18.7v10.1h-5.9v-9.5q0-1.9-0.7-2.9t-2.3-1.1q-1.1 0-1.9 0.6t-1.2 1.5q-0.2 0.5-0.2 1.4v9.9h-5.9q0-7.1 0-11.6t0-5.3l0-0.9h5.9v2.6h0q0.4-0.6 0.7-1t1-0.9 1.6-0.8 2-0.3q3 0 4.9 2t1.9 6z\"\/><\/svg><\/span><\/a><\/li><li class=\"shariff-button printer shariff-nocustomcolor\" style=\"background-color:#a8a8a8;border-radius:1%\"><a href=\"javascript:window.print()\" title=\"drucken\" aria-label=\"drucken\" role=\"button\" rel=\"noopener nofollow\" class=\"shariff-link\" style=\";border-radius:1%; background-color:#999; color:#fff\"><span class=\"shariff-icon\" style=\"\"><svg width=\"32px\" height=\"20px\" xmlns=\"http:\/\/www.w3.org\/2000\/svg\" viewBox=\"0 0 30 32\"><path fill=\"#999\" d=\"M6.8 27.4h16v-4.6h-16v4.6zM6.8 16h16v-6.8h-2.8q-0.7 0-1.2-0.5t-0.5-1.2v-2.8h-11.4v11.4zM27.4 17.2q0-0.5-0.3-0.8t-0.8-0.4-0.8 0.4-0.3 0.8 0.3 0.8 0.8 0.3 0.8-0.3 0.3-0.8zM29.7 17.2v7.4q0 0.2-0.2 0.4t-0.4 0.2h-4v2.8q0 0.7-0.5 1.2t-1.2 0.5h-17.2q-0.7 0-1.2-0.5t-0.5-1.2v-2.8h-4q-0.2 0-0.4-0.2t-0.2-0.4v-7.4q0-1.4 1-2.4t2.4-1h1.2v-9.7q0-0.7 0.5-1.2t1.2-0.5h12q0.7 0 1.6 0.4t1.3 0.8l2.7 2.7q0.5 0.5 0.9 1.4t0.4 1.6v4.6h1.1q1.4 0 2.4 1t1 2.4z\"\/><\/svg><\/span><\/a><\/li><li class=\"shariff-button mailto shariff-nocustomcolor\" style=\"background-color:#a8a8a8;border-radius:1%\"><a href=\"mailto:?body=https%3A%2F%2Fwww.sonnenseite.com%2Fde%2Fumwelt%2Fumweltschaedliche-subventionen-fast-die-haelfte-fuer-strassen-und-flugverkehr%2F&subject=Umweltsch%C3%A4dliche%20Subventionen%3A%20fast%20die%20H%C3%A4lfte%20f%C3%BCr%20Stra%C3%9Fen-%20und%20Flugverkehr\" title=\"Per E-Mail versenden\" aria-label=\"Per E-Mail versenden\" role=\"button\" rel=\"noopener nofollow\" class=\"shariff-link\" style=\";border-radius:1%; background-color:#999; color:#fff\"><span class=\"shariff-icon\" style=\"\"><svg width=\"32px\" height=\"20px\" xmlns=\"http:\/\/www.w3.org\/2000\/svg\" viewBox=\"0 0 32 32\"><path fill=\"#999\" d=\"M32 12.7v14.2q0 1.2-0.8 2t-2 0.9h-26.3q-1.2 0-2-0.9t-0.8-2v-14.2q0.8 0.9 1.8 1.6 6.5 4.4 8.9 6.1 1 0.8 1.6 1.2t1.7 0.9 2 0.4h0.1q0.9 0 2-0.4t1.7-0.9 1.6-1.2q3-2.2 8.9-6.1 1-0.7 1.8-1.6zM32 7.4q0 1.4-0.9 2.7t-2.2 2.2q-6.7 4.7-8.4 5.8-0.2 0.1-0.7 0.5t-1 0.7-0.9 0.6-1.1 0.5-0.9 0.2h-0.1q-0.4 0-0.9-0.2t-1.1-0.5-0.9-0.6-1-0.7-0.7-0.5q-1.6-1.1-4.7-3.2t-3.6-2.6q-1.1-0.7-2.1-2t-1-2.5q0-1.4 0.7-2.3t2.1-0.9h26.3q1.2 0 2 0.8t0.9 2z\"\/><\/svg><\/span><\/a><\/li><\/ul><\/div>","protected":false},"excerpt":{"rendered":"<p>\u201eAus umweltsch\u00e4dlichen Subventionen schrittweise sozial-\u00f6kologische Investitionen machen\u201c Der Abbau von Steuerverg\u00fcnstigungen f\u00fcr Pkw- und Agrardiesel, die [&hellip;]<\/p>\n","protected":false},"author":3,"featured_media":3572,"comment_status":"closed","ping_status":"closed","sticky":false,"template":"","format":"standard","meta":{"inline_featured_image":false,"footnotes":""},"categories":[23],"tags":[],"class_list":["post-76233","post","type-post","status-publish","format-standard","has-post-thumbnail","hentry","category-umwelt"],"yoast_head":"<!-- This site is optimized with the Yoast SEO plugin v26.5 - https:\/\/yoast.com\/wordpress\/plugins\/seo\/ -->\n<title>Umweltsch\u00e4dliche Subventionen: fast die H\u00e4lfte f\u00fcr Stra\u00dfen- und Flugverkehr - Sonnenseite - \u00d6kologische Kommunikation mit Franz Alt<\/title>\n<meta name=\"description\" content=\"\u201eAus umweltsch\u00e4dlichen Subventionen schrittweise sozial-\u00f6kologische Investitionen machen\u201c Der Abbau von Steuerverg\u00fcnstigungen f\u00fcr Pkw- und Agrardiesel,\" \/>\n<meta name=\"robots\" content=\"index, follow, max-snippet:-1, max-image-preview:large, max-video-preview:-1\" \/>\n<link rel=\"canonical\" href=\"https:\/\/www.sonnenseite.com\/de\/umwelt\/umweltschaedliche-subventionen-fast-die-haelfte-fuer-strassen-und-flugverkehr\/\" \/>\n<meta property=\"og:locale\" content=\"de_DE\" \/>\n<meta property=\"og:type\" content=\"article\" \/>\n<meta property=\"og:title\" content=\"Umweltsch\u00e4dliche Subventionen: fast die H\u00e4lfte f\u00fcr Stra\u00dfen- und Flugverkehr - Sonnenseite - \u00d6kologische Kommunikation mit Franz Alt\" \/>\n<meta property=\"og:description\" content=\"\u201eAus umweltsch\u00e4dlichen Subventionen schrittweise sozial-\u00f6kologische Investitionen machen\u201c Der Abbau von Steuerverg\u00fcnstigungen f\u00fcr Pkw- und Agrardiesel,\" \/>\n<meta property=\"og:url\" content=\"https:\/\/www.sonnenseite.com\/de\/umwelt\/umweltschaedliche-subventionen-fast-die-haelfte-fuer-strassen-und-flugverkehr\/\" \/>\n<meta property=\"og:site_name\" content=\"Sonnenseite\" \/>\n<meta property=\"article:publisher\" content=\"https:\/\/www.facebook.com\/pages\/Franz-Alt-SONNENSEITECOM\/221072987903953?fref=ts\" \/>\n<meta property=\"article:published_time\" content=\"2021-10-29T00:54:00+00:00\" \/>\n<meta property=\"article:modified_time\" content=\"2021-11-07T11:45:57+00:00\" \/>\n<meta property=\"og:image\" content=\"https:\/\/www.sonnenseite.com\/wp-content\/uploads\/2020\/01\/GeldRegen_FrankPeters.jpg\" \/>\n\t<meta property=\"og:image:width\" content=\"770\" \/>\n\t<meta property=\"og:image:height\" content=\"420\" \/>\n\t<meta property=\"og:image:type\" content=\"image\/jpeg\" \/>\n<meta name=\"author\" content=\"Bigi Alt\" \/>\n<meta name=\"twitter:card\" content=\"summary_large_image\" \/>\n<meta name=\"twitter:creator\" content=\"@franzalt\" \/>\n<meta name=\"twitter:site\" content=\"@franzalt\" \/>\n<meta name=\"twitter:label1\" content=\"Verfasst von\" \/>\n\t<meta name=\"twitter:data1\" content=\"Bigi Alt\" \/>\n\t<meta name=\"twitter:label2\" content=\"Gesch\u00e4tzte Lesezeit\" \/>\n\t<meta name=\"twitter:data2\" content=\"5\u00a0Minuten\" \/>\n<script type=\"application\/ld+json\" class=\"yoast-schema-graph\">{\"@context\":\"https:\/\/schema.org\",\"@graph\":[{\"@type\":\"Article\",\"@id\":\"https:\/\/www.sonnenseite.com\/de\/umwelt\/umweltschaedliche-subventionen-fast-die-haelfte-fuer-strassen-und-flugverkehr\/#article\",\"isPartOf\":{\"@id\":\"https:\/\/www.sonnenseite.com\/de\/umwelt\/umweltschaedliche-subventionen-fast-die-haelfte-fuer-strassen-und-flugverkehr\/\"},\"author\":{\"name\":\"Bigi Alt\",\"@id\":\"https:\/\/www.sonnenseite.com\/de\/#\/schema\/person\/50fda0e926597684c7cc6695238a4eb9\"},\"headline\":\"Umweltsch\u00e4dliche Subventionen: fast die H\u00e4lfte f\u00fcr Stra\u00dfen- und Flugverkehr\",\"datePublished\":\"2021-10-29T00:54:00+00:00\",\"dateModified\":\"2021-11-07T11:45:57+00:00\",\"mainEntityOfPage\":{\"@id\":\"https:\/\/www.sonnenseite.com\/de\/umwelt\/umweltschaedliche-subventionen-fast-die-haelfte-fuer-strassen-und-flugverkehr\/\"},\"wordCount\":1065,\"publisher\":{\"@id\":\"https:\/\/www.sonnenseite.com\/de\/#organization\"},\"image\":{\"@id\":\"https:\/\/www.sonnenseite.com\/de\/umwelt\/umweltschaedliche-subventionen-fast-die-haelfte-fuer-strassen-und-flugverkehr\/#primaryimage\"},\"thumbnailUrl\":\"https:\/\/www.sonnenseite.com\/wp-content\/uploads\/2020\/01\/GeldRegen_FrankPeters.jpg\",\"articleSection\":[\"Umwelt\"],\"inLanguage\":\"de\"},{\"@type\":\"WebPage\",\"@id\":\"https:\/\/www.sonnenseite.com\/de\/umwelt\/umweltschaedliche-subventionen-fast-die-haelfte-fuer-strassen-und-flugverkehr\/\",\"url\":\"https:\/\/www.sonnenseite.com\/de\/umwelt\/umweltschaedliche-subventionen-fast-die-haelfte-fuer-strassen-und-flugverkehr\/\",\"name\":\"Umweltsch\u00e4dliche Subventionen: fast die H\u00e4lfte f\u00fcr Stra\u00dfen- und Flugverkehr - Sonnenseite - \u00d6kologische Kommunikation mit Franz Alt\",\"isPartOf\":{\"@id\":\"https:\/\/www.sonnenseite.com\/de\/#website\"},\"primaryImageOfPage\":{\"@id\":\"https:\/\/www.sonnenseite.com\/de\/umwelt\/umweltschaedliche-subventionen-fast-die-haelfte-fuer-strassen-und-flugverkehr\/#primaryimage\"},\"image\":{\"@id\":\"https:\/\/www.sonnenseite.com\/de\/umwelt\/umweltschaedliche-subventionen-fast-die-haelfte-fuer-strassen-und-flugverkehr\/#primaryimage\"},\"thumbnailUrl\":\"https:\/\/www.sonnenseite.com\/wp-content\/uploads\/2020\/01\/GeldRegen_FrankPeters.jpg\",\"datePublished\":\"2021-10-29T00:54:00+00:00\",\"dateModified\":\"2021-11-07T11:45:57+00:00\",\"description\":\"\u201eAus umweltsch\u00e4dlichen Subventionen schrittweise sozial-\u00f6kologische Investitionen machen\u201c Der Abbau von Steuerverg\u00fcnstigungen f\u00fcr Pkw- und Agrardiesel,\",\"breadcrumb\":{\"@id\":\"https:\/\/www.sonnenseite.com\/de\/umwelt\/umweltschaedliche-subventionen-fast-die-haelfte-fuer-strassen-und-flugverkehr\/#breadcrumb\"},\"inLanguage\":\"de\",\"potentialAction\":[{\"@type\":\"ReadAction\",\"target\":[\"https:\/\/www.sonnenseite.com\/de\/umwelt\/umweltschaedliche-subventionen-fast-die-haelfte-fuer-strassen-und-flugverkehr\/\"]}]},{\"@type\":\"ImageObject\",\"inLanguage\":\"de\",\"@id\":\"https:\/\/www.sonnenseite.com\/de\/umwelt\/umweltschaedliche-subventionen-fast-die-haelfte-fuer-strassen-und-flugverkehr\/#primaryimage\",\"url\":\"https:\/\/www.sonnenseite.com\/wp-content\/uploads\/2020\/01\/GeldRegen_FrankPeters.jpg\",\"contentUrl\":\"https:\/\/www.sonnenseite.com\/wp-content\/uploads\/2020\/01\/GeldRegen_FrankPeters.jpg\",\"width\":770,\"height\":420,\"caption\":\"Depositphotos | Frank Peters\"},{\"@type\":\"BreadcrumbList\",\"@id\":\"https:\/\/www.sonnenseite.com\/de\/umwelt\/umweltschaedliche-subventionen-fast-die-haelfte-fuer-strassen-und-flugverkehr\/#breadcrumb\",\"itemListElement\":[{\"@type\":\"ListItem\",\"position\":1,\"name\":\"Startseite\",\"item\":\"https:\/\/www.sonnenseite.com\/de\/\"},{\"@type\":\"ListItem\",\"position\":2,\"name\":\"Umweltsch\u00e4dliche Subventionen: fast die H\u00e4lfte f\u00fcr Stra\u00dfen- und Flugverkehr\"}]},{\"@type\":\"WebSite\",\"@id\":\"https:\/\/www.sonnenseite.com\/de\/#website\",\"url\":\"https:\/\/www.sonnenseite.com\/de\/\",\"name\":\"Sonnenseite\",\"description\":\"\u00d6kologische Kommunikation mit Franz Alt\",\"publisher\":{\"@id\":\"https:\/\/www.sonnenseite.com\/de\/#organization\"},\"potentialAction\":[{\"@type\":\"SearchAction\",\"target\":{\"@type\":\"EntryPoint\",\"urlTemplate\":\"https:\/\/www.sonnenseite.com\/de\/?s={search_term_string}\"},\"query-input\":{\"@type\":\"PropertyValueSpecification\",\"valueRequired\":true,\"valueName\":\"search_term_string\"}}],\"inLanguage\":\"de\"},{\"@type\":\"Organization\",\"@id\":\"https:\/\/www.sonnenseite.com\/de\/#organization\",\"name\":\"Sonnenseite\",\"url\":\"https:\/\/www.sonnenseite.com\/de\/\",\"logo\":{\"@type\":\"ImageObject\",\"inLanguage\":\"de\",\"@id\":\"https:\/\/www.sonnenseite.com\/de\/#\/schema\/logo\/image\/\",\"url\":\"https:\/\/www.sonnenseite.com\/wp-content\/uploads\/2020\/05\/Sonnenseite_Logo.png\",\"contentUrl\":\"https:\/\/www.sonnenseite.com\/wp-content\/uploads\/2020\/05\/Sonnenseite_Logo.png\",\"width\":377,\"height\":90,\"caption\":\"Sonnenseite\"},\"image\":{\"@id\":\"https:\/\/www.sonnenseite.com\/de\/#\/schema\/logo\/image\/\"},\"sameAs\":[\"https:\/\/www.facebook.com\/pages\/Franz-Alt-SONNENSEITECOM\/221072987903953?fref=ts\",\"https:\/\/x.com\/franzalt\",\"http:\/\/www.youtube.com\/results?search_query&amp;amp;quot;franz_alt&amp;amp;quot;&amp;amp;amp;amp;search_type&amp;amp;amp;amp;aq=f\"]},{\"@type\":\"Person\",\"@id\":\"https:\/\/www.sonnenseite.com\/de\/#\/schema\/person\/50fda0e926597684c7cc6695238a4eb9\",\"name\":\"Bigi Alt\"}]}<\/script>\n<!-- \/ Yoast SEO plugin. -->","yoast_head_json":{"title":"Umweltsch\u00e4dliche Subventionen: fast die H\u00e4lfte f\u00fcr Stra\u00dfen- und Flugverkehr - Sonnenseite - \u00d6kologische Kommunikation mit Franz Alt","description":"\u201eAus umweltsch\u00e4dlichen Subventionen schrittweise sozial-\u00f6kologische Investitionen machen\u201c Der Abbau von Steuerverg\u00fcnstigungen f\u00fcr Pkw- und Agrardiesel,","robots":{"index":"index","follow":"follow","max-snippet":"max-snippet:-1","max-image-preview":"max-image-preview:large","max-video-preview":"max-video-preview:-1"},"canonical":"https:\/\/www.sonnenseite.com\/de\/umwelt\/umweltschaedliche-subventionen-fast-die-haelfte-fuer-strassen-und-flugverkehr\/","og_locale":"de_DE","og_type":"article","og_title":"Umweltsch\u00e4dliche Subventionen: fast die H\u00e4lfte f\u00fcr Stra\u00dfen- und Flugverkehr - Sonnenseite - \u00d6kologische Kommunikation mit Franz Alt","og_description":"\u201eAus umweltsch\u00e4dlichen Subventionen schrittweise sozial-\u00f6kologische Investitionen machen\u201c Der Abbau von Steuerverg\u00fcnstigungen f\u00fcr Pkw- und Agrardiesel,","og_url":"https:\/\/www.sonnenseite.com\/de\/umwelt\/umweltschaedliche-subventionen-fast-die-haelfte-fuer-strassen-und-flugverkehr\/","og_site_name":"Sonnenseite","article_publisher":"https:\/\/www.facebook.com\/pages\/Franz-Alt-SONNENSEITECOM\/221072987903953?fref=ts","article_published_time":"2021-10-29T00:54:00+00:00","article_modified_time":"2021-11-07T11:45:57+00:00","og_image":[{"width":770,"height":420,"url":"https:\/\/www.sonnenseite.com\/wp-content\/uploads\/2020\/01\/GeldRegen_FrankPeters.jpg","type":"image\/jpeg"}],"author":"Bigi Alt","twitter_card":"summary_large_image","twitter_creator":"@franzalt","twitter_site":"@franzalt","twitter_misc":{"Verfasst von":"Bigi Alt","Gesch\u00e4tzte Lesezeit":"5\u00a0Minuten"},"schema":{"@context":"https:\/\/schema.org","@graph":[{"@type":"Article","@id":"https:\/\/www.sonnenseite.com\/de\/umwelt\/umweltschaedliche-subventionen-fast-die-haelfte-fuer-strassen-und-flugverkehr\/#article","isPartOf":{"@id":"https:\/\/www.sonnenseite.com\/de\/umwelt\/umweltschaedliche-subventionen-fast-die-haelfte-fuer-strassen-und-flugverkehr\/"},"author":{"name":"Bigi Alt","@id":"https:\/\/www.sonnenseite.com\/de\/#\/schema\/person\/50fda0e926597684c7cc6695238a4eb9"},"headline":"Umweltsch\u00e4dliche Subventionen: fast die H\u00e4lfte f\u00fcr Stra\u00dfen- und Flugverkehr","datePublished":"2021-10-29T00:54:00+00:00","dateModified":"2021-11-07T11:45:57+00:00","mainEntityOfPage":{"@id":"https:\/\/www.sonnenseite.com\/de\/umwelt\/umweltschaedliche-subventionen-fast-die-haelfte-fuer-strassen-und-flugverkehr\/"},"wordCount":1065,"publisher":{"@id":"https:\/\/www.sonnenseite.com\/de\/#organization"},"image":{"@id":"https:\/\/www.sonnenseite.com\/de\/umwelt\/umweltschaedliche-subventionen-fast-die-haelfte-fuer-strassen-und-flugverkehr\/#primaryimage"},"thumbnailUrl":"https:\/\/www.sonnenseite.com\/wp-content\/uploads\/2020\/01\/GeldRegen_FrankPeters.jpg","articleSection":["Umwelt"],"inLanguage":"de"},{"@type":"WebPage","@id":"https:\/\/www.sonnenseite.com\/de\/umwelt\/umweltschaedliche-subventionen-fast-die-haelfte-fuer-strassen-und-flugverkehr\/","url":"https:\/\/www.sonnenseite.com\/de\/umwelt\/umweltschaedliche-subventionen-fast-die-haelfte-fuer-strassen-und-flugverkehr\/","name":"Umweltsch\u00e4dliche Subventionen: fast die H\u00e4lfte f\u00fcr Stra\u00dfen- und Flugverkehr - Sonnenseite - \u00d6kologische Kommunikation mit Franz Alt","isPartOf":{"@id":"https:\/\/www.sonnenseite.com\/de\/#website"},"primaryImageOfPage":{"@id":"https:\/\/www.sonnenseite.com\/de\/umwelt\/umweltschaedliche-subventionen-fast-die-haelfte-fuer-strassen-und-flugverkehr\/#primaryimage"},"image":{"@id":"https:\/\/www.sonnenseite.com\/de\/umwelt\/umweltschaedliche-subventionen-fast-die-haelfte-fuer-strassen-und-flugverkehr\/#primaryimage"},"thumbnailUrl":"https:\/\/www.sonnenseite.com\/wp-content\/uploads\/2020\/01\/GeldRegen_FrankPeters.jpg","datePublished":"2021-10-29T00:54:00+00:00","dateModified":"2021-11-07T11:45:57+00:00","description":"\u201eAus umweltsch\u00e4dlichen Subventionen schrittweise sozial-\u00f6kologische Investitionen machen\u201c Der Abbau von Steuerverg\u00fcnstigungen f\u00fcr Pkw- und Agrardiesel,","breadcrumb":{"@id":"https:\/\/www.sonnenseite.com\/de\/umwelt\/umweltschaedliche-subventionen-fast-die-haelfte-fuer-strassen-und-flugverkehr\/#breadcrumb"},"inLanguage":"de","potentialAction":[{"@type":"ReadAction","target":["https:\/\/www.sonnenseite.com\/de\/umwelt\/umweltschaedliche-subventionen-fast-die-haelfte-fuer-strassen-und-flugverkehr\/"]}]},{"@type":"ImageObject","inLanguage":"de","@id":"https:\/\/www.sonnenseite.com\/de\/umwelt\/umweltschaedliche-subventionen-fast-die-haelfte-fuer-strassen-und-flugverkehr\/#primaryimage","url":"https:\/\/www.sonnenseite.com\/wp-content\/uploads\/2020\/01\/GeldRegen_FrankPeters.jpg","contentUrl":"https:\/\/www.sonnenseite.com\/wp-content\/uploads\/2020\/01\/GeldRegen_FrankPeters.jpg","width":770,"height":420,"caption":"Depositphotos | Frank Peters"},{"@type":"BreadcrumbList","@id":"https:\/\/www.sonnenseite.com\/de\/umwelt\/umweltschaedliche-subventionen-fast-die-haelfte-fuer-strassen-und-flugverkehr\/#breadcrumb","itemListElement":[{"@type":"ListItem","position":1,"name":"Startseite","item":"https:\/\/www.sonnenseite.com\/de\/"},{"@type":"ListItem","position":2,"name":"Umweltsch\u00e4dliche Subventionen: fast die H\u00e4lfte f\u00fcr Stra\u00dfen- und Flugverkehr"}]},{"@type":"WebSite","@id":"https:\/\/www.sonnenseite.com\/de\/#website","url":"https:\/\/www.sonnenseite.com\/de\/","name":"Sonnenseite","description":"\u00d6kologische Kommunikation mit Franz Alt","publisher":{"@id":"https:\/\/www.sonnenseite.com\/de\/#organization"},"potentialAction":[{"@type":"SearchAction","target":{"@type":"EntryPoint","urlTemplate":"https:\/\/www.sonnenseite.com\/de\/?s={search_term_string}"},"query-input":{"@type":"PropertyValueSpecification","valueRequired":true,"valueName":"search_term_string"}}],"inLanguage":"de"},{"@type":"Organization","@id":"https:\/\/www.sonnenseite.com\/de\/#organization","name":"Sonnenseite","url":"https:\/\/www.sonnenseite.com\/de\/","logo":{"@type":"ImageObject","inLanguage":"de","@id":"https:\/\/www.sonnenseite.com\/de\/#\/schema\/logo\/image\/","url":"https:\/\/www.sonnenseite.com\/wp-content\/uploads\/2020\/05\/Sonnenseite_Logo.png","contentUrl":"https:\/\/www.sonnenseite.com\/wp-content\/uploads\/2020\/05\/Sonnenseite_Logo.png","width":377,"height":90,"caption":"Sonnenseite"},"image":{"@id":"https:\/\/www.sonnenseite.com\/de\/#\/schema\/logo\/image\/"},"sameAs":["https:\/\/www.facebook.com\/pages\/Franz-Alt-SONNENSEITECOM\/221072987903953?fref=ts","https:\/\/x.com\/franzalt","http:\/\/www.youtube.com\/results?search_query&amp;amp;quot;franz_alt&amp;amp;quot;&amp;amp;amp;amp;search_type&amp;amp;amp;amp;aq=f"]},{"@type":"Person","@id":"https:\/\/www.sonnenseite.com\/de\/#\/schema\/person\/50fda0e926597684c7cc6695238a4eb9","name":"Bigi Alt"}]}},"_links":{"self":[{"href":"https:\/\/www.sonnenseite.com\/de\/wp-json\/wp\/v2\/posts\/76233","targetHints":{"allow":["GET"]}}],"collection":[{"href":"https:\/\/www.sonnenseite.com\/de\/wp-json\/wp\/v2\/posts"}],"about":[{"href":"https:\/\/www.sonnenseite.com\/de\/wp-json\/wp\/v2\/types\/post"}],"author":[{"embeddable":true,"href":"https:\/\/www.sonnenseite.com\/de\/wp-json\/wp\/v2\/users\/3"}],"replies":[{"embeddable":true,"href":"https:\/\/www.sonnenseite.com\/de\/wp-json\/wp\/v2\/comments?post=76233"}],"version-history":[{"count":2,"href":"https:\/\/www.sonnenseite.com\/de\/wp-json\/wp\/v2\/posts\/76233\/revisions"}],"predecessor-version":[{"id":76237,"href":"https:\/\/www.sonnenseite.com\/de\/wp-json\/wp\/v2\/posts\/76233\/revisions\/76237"}],"wp:featuredmedia":[{"embeddable":true,"href":"https:\/\/www.sonnenseite.com\/de\/wp-json\/wp\/v2\/media\/3572"}],"wp:attachment":[{"href":"https:\/\/www.sonnenseite.com\/de\/wp-json\/wp\/v2\/media?parent=76233"}],"wp:term":[{"taxonomy":"category","embeddable":true,"href":"https:\/\/www.sonnenseite.com\/de\/wp-json\/wp\/v2\/categories?post=76233"},{"taxonomy":"post_tag","embeddable":true,"href":"https:\/\/www.sonnenseite.com\/de\/wp-json\/wp\/v2\/tags?post=76233"}],"curies":[{"name":"wp","href":"https:\/\/api.w.org\/{rel}","templated":true}]}}