{"id":76464,"date":"2021-11-04T10:07:54","date_gmt":"2021-11-04T09:07:54","guid":{"rendered":"https:\/\/www.sonnenseite.com\/?p=76464"},"modified":"2021-11-04T10:07:54","modified_gmt":"2021-11-04T09:07:54","slug":"ruestungsexportverbot-in-drittlaender-koennten-deutsche-unternehmen-wirtschaftlich-ausgleichen","status":"publish","type":"post","link":"https:\/\/www.sonnenseite.com\/de\/politik\/ruestungsexportverbot-in-drittlaender-koennten-deutsche-unternehmen-wirtschaftlich-ausgleichen\/","title":{"rendered":"R\u00fcstungsexportverbot in Drittl\u00e4nder k\u00f6nnten deutsche Unternehmen wirtschaftlich ausgleichen"},"content":{"rendered":"\n<p>R\u00fcstungsunternehmen k\u00f6nnen vielf\u00e4ltige Alternativen ergreifen, um den m\u00f6glichen Wegfall von Waffenexporten in sogenannte Drittl\u00e4nder betriebswirtschaftlich auszugleichen. Die neue Bundesregierung kann daher ein R\u00fcstungsexportverbot in Drittl\u00e4nder auf den Weg bringen, ohne dass wirtschaftliche Argumente dagegen spr\u00e4chen.<\/p>\n\n\n\n<p>Dies ist das Ergebnis einer neuen <a href=\"http:\/\/act.gp\/Drittlaenderexporte\">Studie der Universit\u00e4t Erfurt<\/a> im Auftrag von Greenpeace. Als Drittl\u00e4nder definiert die Bundesregierung Staaten, die nicht Mitglied der EU, der Nato oder der Nato gleichgestellt sind. \u201eDeutsche Waffen landen bislang in Staaten, die zu einem gro\u00dfen Teil autokratisch oder diktatorisch regiert werden, systematisch Menschenrechte verletzen oder in Kriegs- oder Krisengebieten liegen\u201c, sagt Alexander Lurz, Greenpeace-Abr\u00fcstungsexperte. \u201eWenn R\u00fcstungskonzerne in Deutschland wirtschaftlich nicht auf Drittl\u00e4nderexporte angewiesen sind, dann sprechen alle Argumente f\u00fcr ein Verbot von R\u00fcstungsexporten. Jetzt muss auch der politische Wille daf\u00fcr sichtbar werden.\u201c<\/p>\n\n\n\n<p>R\u00fcstungsexporte in Drittl\u00e4nder hatten im Jahr 2020 ein Genehmigungsvolumen von 2,93 Milliarden Euro. Von 2015 bis 2020 hat sich das Budget der Bundeswehr f\u00fcr Materialbeschaffung und -erhalt um rund 4 Milliarden Euro erh\u00f6ht. Somit deckt allein der Zuwachs auf dem Inlandsmarkt der deutschen R\u00fcstungsindustrie einen Wegfall der Drittl\u00e4nderexporte ab.<\/p>\n\n\n\n<h5 class=\"wp-block-heading\">Gro\u00dfe R\u00fcstungskonzerne k\u00f6nnen Angebot an zivilen Produkten ausweiten<\/h5>\n\n\n\n<p>Bef\u00fcrworter:innen einer wirtschaftsorientierten Waffenexportpolitik behaupten h\u00e4ufig, R\u00fcstungsexporte in Drittstaaten seien notwendig, um eine leistungsf\u00e4hige R\u00fcstungsindustrie im Land zu erhalten. Sonst sei der Absatzmarkt in Deutschland und in den Partnernationen nicht gro\u00df genug. Dagegen zeigt die Studie f\u00fcr Greenpeace, dass es sich bei den gr\u00f6\u00dften Firmen der R\u00fcstungsindustrie in Deutschland beispielsweise um stark diversifizierte Konzerne handelt, die ohnehin bereits zivile Produkte anbieten. Den zivilen Bereich zu erweitern, l\u00e4ge somit nahe. Eine weitere Alternative ist die Konzentration auf die verbleibenden EU-M\u00e4rkte, die als sichere M\u00e4rkte weniger unternehmerische Risiken bergen. Zudem k\u00f6nnte der deutsche Staat seine Nachfrage nach nicht-milit\u00e4rischen G\u00fctern und Dienstleistungen gezielt erh\u00f6hen. Dies k\u00f6nnten G\u00fcter in angrenzenden technischen Gebieten sein wie etwa Systeme zur Energiegewinnung, Systeme f\u00fcr den Transport oder IT-Systeme.<\/p>\n\n\n\n<p>Ein Verzicht von Waffenexporten in Drittl\u00e4nder w\u00e4re ein wichtiger Schritt hin zu einer Au\u00dfenpolitik, die weniger auf Gewalt als Mittel setzt oder Gewalt m\u00f6glich macht. Greenpeace fordert daher von den regierungsbildenden Parteien ein striktes R\u00fcstungsexportkontrollgesetz, das Waffenexporte au\u00dferhalb von EU und EU-gleichgestellten Staaten ausnahmslos verbietet. Einen <a href=\"http:\/\/act.gp\/R\u00fcstungsexportgesetz.\" target=\"_blank\" rel=\"noreferrer noopener\">Entwurf f\u00fcr ein solches Gesetz<\/a> hat die Friedens- und Umweltschutzorganisation vorgelegt.<\/p>\n\n\n\n<h5 class=\"wp-block-heading\">Neue Zeiten f\u00fcr deutsche R\u00fcstungsfirmen?<\/h5>\n\n\n\n<div class=\"wp-block-image\"><figure class=\"alignright size-full is-resized\"><img loading=\"lazy\" decoding=\"async\" src=\"https:\/\/www.sonnenseite.com\/wp-content\/uploads\/2021\/11\/Greenpeace_Report_Ruestungsfirmen.jpg\" alt=\"\" class=\"wp-image-76465\" width=\"270\" height=\"339\" srcset=\"https:\/\/www.sonnenseite.com\/wp-content\/uploads\/2021\/11\/Greenpeace_Report_Ruestungsfirmen.jpg 400w, https:\/\/www.sonnenseite.com\/wp-content\/uploads\/2021\/11\/Greenpeace_Report_Ruestungsfirmen-238x300.jpg 238w\" sizes=\"auto, (max-width: 270px) 100vw, 270px\" \/><figcaption>\u00a9 Greenpeace.de<\/figcaption><\/figure><\/div>\n\n\n\n<p>Die R\u00fcstungsindustrie in Deutschland ist kein Markt im klassischen Sinne. Der wichtigste Abnehmer ist der Staat; Exporte von R\u00fcstungsg\u00fctern aus Deutschland sind grunds\u00e4tzlich genehmigungspflichtig. Die Gesetzgeberin k\u00f6nnte f\u00fcr die Zukunft entscheiden, dass Exportgenehmigungen f\u00fcr R\u00fcstungsg\u00fcter in Drittl\u00e4nder generell verwehrt werden \u2013 Drittl\u00e4nder sind von der Bundesregierung als solche L\u00e4nder definiert, die nicht der EU oder der Nato angeh\u00f6ren oder die nicht der Nato gleichgestellt sind. <\/p>\n\n\n\n<p>W\u00fcrde dieser Fall eintreten, stellte sich die Frage, welche Konsequenzen dies f\u00fcr die Unternehmen der R\u00fcstungsindustrie in Deutschland h\u00e4tte. Die vorliegende Studie stellt potenzielle strategische Ma\u00dfnahmen f\u00fcr die momentan in Drittstaaten exportierenden Unternehmen dar, die gew\u00e4hrleisten k\u00f6nnten, dass die Unternehmen weiterhin rentabel arbeiten k\u00f6nnen.<\/p>\n\n\n\n<ul class=\"wp-block-list\"><li><a href=\"https:\/\/www.greenpeace.de\/sites\/www.greenpeace.de\/files\/publications\/greenpeace_unierfurt_waffenexporte_drittlaender.pdf\">Studie: Waffenexporte in Drittl\u00e4nder<\/a> <\/li><li><a href=\"https:\/\/www.greenpeace.de\/sites\/www.greenpeace.de\/files\/publications\/ruestungsexportgesetz_03_2020.pdf\">Greenpeace Vorlage eines R\u00fcstungsexportgesetz<\/a> <\/li><li><a href=\"https:\/\/www.greenpeace.de\/waffenexporte-und-mythen\">Waffenexporte und Mythen<\/a> | Ein Waffenexportstopp in Drittl\u00e4nder? Das gehe nicht, so die R\u00fcstungslobby. Doch die vorgebrachten Argumente sind Mythen \u2013 wie Greenpeace-Ver\u00f6ffentlichungen zeigen.<\/li><\/ul>\n\n\n<h5 class=\"green\">Quelle<\/h5>\r\n\n\n\n<p><a href=\"http:\/\/www.greenpeace.de\">Greenpeace.de 2021<\/a><\/p>\n<div class=\"shariff shariff-align-flex-start shariff-widget-align-flex-start\"><div class=\"ShariffHeadline\">Diese Meldung teilen<\/div><ul class=\"shariff-buttons theme-round orientation-horizontal buttonsize-medium\"><li class=\"shariff-button facebook shariff-nocustomcolor\" style=\"background-color:#4273c8;border-radius:1%\"><a href=\"https:\/\/www.facebook.com\/sharer\/sharer.php?u=https%3A%2F%2Fwww.sonnenseite.com%2Fde%2Fpolitik%2Fruestungsexportverbot-in-drittlaender-koennten-deutsche-unternehmen-wirtschaftlich-ausgleichen%2F\" title=\"Bei Facebook teilen\" aria-label=\"Bei Facebook teilen\" role=\"button\" rel=\"nofollow\" class=\"shariff-link\" style=\";border-radius:1%; background-color:#3b5998; color:#fff\" target=\"_blank\"><span class=\"shariff-icon\" style=\"\"><svg width=\"32px\" height=\"20px\" xmlns=\"http:\/\/www.w3.org\/2000\/svg\" viewBox=\"0 0 18 32\"><path fill=\"#3b5998\" d=\"M17.1 0.2v4.7h-2.8q-1.5 0-2.1 0.6t-0.5 1.9v3.4h5.2l-0.7 5.3h-4.5v13.6h-5.5v-13.6h-4.5v-5.3h4.5v-3.9q0-3.3 1.9-5.2t5-1.8q2.6 0 4.1 0.2z\"\/><\/svg><\/span><\/a><\/li><li class=\"shariff-button twitter shariff-nocustomcolor\" style=\"background-color:#595959;border-radius:1%\"><a href=\"https:\/\/twitter.com\/share?url=https%3A%2F%2Fwww.sonnenseite.com%2Fde%2Fpolitik%2Fruestungsexportverbot-in-drittlaender-koennten-deutsche-unternehmen-wirtschaftlich-ausgleichen%2F&text=R%C3%BCstungsexportverbot%20in%20Drittl%C3%A4nder%20k%C3%B6nnten%20deutsche%20Unternehmen%20wirtschaftlich%20ausgleichen\" title=\"Bei X teilen\" aria-label=\"Bei X teilen\" role=\"button\" rel=\"noopener nofollow\" class=\"shariff-link\" style=\";border-radius:1%; background-color:#000; color:#fff\" target=\"_blank\"><span class=\"shariff-icon\" style=\"\"><svg width=\"32px\" height=\"20px\" xmlns=\"http:\/\/www.w3.org\/2000\/svg\" viewBox=\"0 0 24 24\"><path fill=\"#000\" d=\"M14.258 10.152L23.176 0h-2.113l-7.747 8.813L7.133 0H0l9.352 13.328L0 23.973h2.113l8.176-9.309 6.531 9.309h7.133zm-2.895 3.293l-.949-1.328L2.875 1.56h3.246l6.086 8.523.945 1.328 7.91 11.078h-3.246zm0 0\"\/><\/svg><\/span><\/a><\/li><li class=\"shariff-button xing shariff-nocustomcolor\" style=\"background-color:#29888a;border-radius:1%\"><a href=\"https:\/\/www.xing.com\/spi\/shares\/new?url=https%3A%2F%2Fwww.sonnenseite.com%2Fde%2Fpolitik%2Fruestungsexportverbot-in-drittlaender-koennten-deutsche-unternehmen-wirtschaftlich-ausgleichen%2F\" title=\"Bei XING teilen\" aria-label=\"Bei XING teilen\" role=\"button\" rel=\"noopener nofollow\" class=\"shariff-link\" style=\";border-radius:1%; background-color:#126567; color:#fff\" target=\"_blank\"><span class=\"shariff-icon\" style=\"\"><svg width=\"32px\" height=\"20px\" xmlns=\"http:\/\/www.w3.org\/2000\/svg\" viewBox=\"0 0 25 32\"><path fill=\"#126567\" d=\"M10.7 11.9q-0.2 0.3-4.6 8.2-0.5 0.8-1.2 0.8h-4.3q-0.4 0-0.5-0.3t0-0.6l4.5-8q0 0 0 0l-2.9-5q-0.2-0.4 0-0.7 0.2-0.3 0.5-0.3h4.3q0.7 0 1.2 0.8zM25.1 0.4q0.2 0.3 0 0.7l-9.4 16.7 6 11q0.2 0.4 0 0.6-0.2 0.3-0.6 0.3h-4.3q-0.7 0-1.2-0.8l-6-11.1q0.3-0.6 9.5-16.8 0.4-0.8 1.2-0.8h4.3q0.4 0 0.5 0.3z\"\/><\/svg><\/span><\/a><\/li><li class=\"shariff-button linkedin shariff-nocustomcolor\" style=\"background-color:#1488bf;border-radius:1%\"><a href=\"https:\/\/www.linkedin.com\/sharing\/share-offsite\/?url=https%3A%2F%2Fwww.sonnenseite.com%2Fde%2Fpolitik%2Fruestungsexportverbot-in-drittlaender-koennten-deutsche-unternehmen-wirtschaftlich-ausgleichen%2F\" title=\"Bei LinkedIn teilen\" aria-label=\"Bei LinkedIn teilen\" role=\"button\" rel=\"noopener nofollow\" class=\"shariff-link\" style=\";border-radius:1%; background-color:#0077b5; color:#fff\" target=\"_blank\"><span class=\"shariff-icon\" style=\"\"><svg width=\"32px\" height=\"20px\" xmlns=\"http:\/\/www.w3.org\/2000\/svg\" viewBox=\"0 0 27 32\"><path fill=\"#0077b5\" d=\"M6.2 11.2v17.7h-5.9v-17.7h5.9zM6.6 5.7q0 1.3-0.9 2.2t-2.4 0.9h0q-1.5 0-2.4-0.9t-0.9-2.2 0.9-2.2 2.4-0.9 2.4 0.9 0.9 2.2zM27.4 18.7v10.1h-5.9v-9.5q0-1.9-0.7-2.9t-2.3-1.1q-1.1 0-1.9 0.6t-1.2 1.5q-0.2 0.5-0.2 1.4v9.9h-5.9q0-7.1 0-11.6t0-5.3l0-0.9h5.9v2.6h0q0.4-0.6 0.7-1t1-0.9 1.6-0.8 2-0.3q3 0 4.9 2t1.9 6z\"\/><\/svg><\/span><\/a><\/li><li class=\"shariff-button printer shariff-nocustomcolor\" style=\"background-color:#a8a8a8;border-radius:1%\"><a href=\"javascript:window.print()\" title=\"drucken\" aria-label=\"drucken\" role=\"button\" rel=\"noopener nofollow\" class=\"shariff-link\" style=\";border-radius:1%; background-color:#999; color:#fff\"><span class=\"shariff-icon\" style=\"\"><svg width=\"32px\" height=\"20px\" xmlns=\"http:\/\/www.w3.org\/2000\/svg\" viewBox=\"0 0 30 32\"><path fill=\"#999\" d=\"M6.8 27.4h16v-4.6h-16v4.6zM6.8 16h16v-6.8h-2.8q-0.7 0-1.2-0.5t-0.5-1.2v-2.8h-11.4v11.4zM27.4 17.2q0-0.5-0.3-0.8t-0.8-0.4-0.8 0.4-0.3 0.8 0.3 0.8 0.8 0.3 0.8-0.3 0.3-0.8zM29.7 17.2v7.4q0 0.2-0.2 0.4t-0.4 0.2h-4v2.8q0 0.7-0.5 1.2t-1.2 0.5h-17.2q-0.7 0-1.2-0.5t-0.5-1.2v-2.8h-4q-0.2 0-0.4-0.2t-0.2-0.4v-7.4q0-1.4 1-2.4t2.4-1h1.2v-9.7q0-0.7 0.5-1.2t1.2-0.5h12q0.7 0 1.6 0.4t1.3 0.8l2.7 2.7q0.5 0.5 0.9 1.4t0.4 1.6v4.6h1.1q1.4 0 2.4 1t1 2.4z\"\/><\/svg><\/span><\/a><\/li><li class=\"shariff-button mailto shariff-nocustomcolor\" style=\"background-color:#a8a8a8;border-radius:1%\"><a href=\"mailto:?body=https%3A%2F%2Fwww.sonnenseite.com%2Fde%2Fpolitik%2Fruestungsexportverbot-in-drittlaender-koennten-deutsche-unternehmen-wirtschaftlich-ausgleichen%2F&subject=R%C3%BCstungsexportverbot%20in%20Drittl%C3%A4nder%20k%C3%B6nnten%20deutsche%20Unternehmen%20wirtschaftlich%20ausgleichen\" title=\"Per E-Mail versenden\" aria-label=\"Per E-Mail versenden\" role=\"button\" rel=\"noopener nofollow\" class=\"shariff-link\" style=\";border-radius:1%; background-color:#999; color:#fff\"><span class=\"shariff-icon\" style=\"\"><svg width=\"32px\" height=\"20px\" xmlns=\"http:\/\/www.w3.org\/2000\/svg\" viewBox=\"0 0 32 32\"><path fill=\"#999\" d=\"M32 12.7v14.2q0 1.2-0.8 2t-2 0.9h-26.3q-1.2 0-2-0.9t-0.8-2v-14.2q0.8 0.9 1.8 1.6 6.5 4.4 8.9 6.1 1 0.8 1.6 1.2t1.7 0.9 2 0.4h0.1q0.9 0 2-0.4t1.7-0.9 1.6-1.2q3-2.2 8.9-6.1 1-0.7 1.8-1.6zM32 7.4q0 1.4-0.9 2.7t-2.2 2.2q-6.7 4.7-8.4 5.8-0.2 0.1-0.7 0.5t-1 0.7-0.9 0.6-1.1 0.5-0.9 0.2h-0.1q-0.4 0-0.9-0.2t-1.1-0.5-0.9-0.6-1-0.7-0.7-0.5q-1.6-1.1-4.7-3.2t-3.6-2.6q-1.1-0.7-2.1-2t-1-2.5q0-1.4 0.7-2.3t2.1-0.9h26.3q1.2 0 2 0.8t0.9 2z\"\/><\/svg><\/span><\/a><\/li><\/ul><\/div>","protected":false},"excerpt":{"rendered":"<p>R\u00fcstungsunternehmen k\u00f6nnen vielf\u00e4ltige Alternativen ergreifen, um den m\u00f6glichen Wegfall von Waffenexporten in sogenannte Drittl\u00e4nder betriebswirtschaftlich auszugleichen. [&hellip;]<\/p>\n","protected":false},"author":3,"featured_media":76470,"comment_status":"closed","ping_status":"closed","sticky":false,"template":"","format":"standard","meta":{"inline_featured_image":false,"footnotes":""},"categories":[21],"tags":[],"class_list":["post-76464","post","type-post","status-publish","format-standard","has-post-thumbnail","hentry","category-politik"],"yoast_head":"<!-- This site is optimized with the Yoast SEO plugin v26.5 - https:\/\/yoast.com\/wordpress\/plugins\/seo\/ -->\n<title>R\u00fcstungsexportverbot in Drittl\u00e4nder k\u00f6nnten deutsche Unternehmen wirtschaftlich ausgleichen - Sonnenseite - \u00d6kologische Kommunikation mit Franz Alt<\/title>\n<meta name=\"description\" content=\"R\u00fcstungsunternehmen k\u00f6nnen vielf\u00e4ltige Alternativen ergreifen, um den m\u00f6glichen Wegfall von Waffenexporten in sogenannte Drittl\u00e4nder\" \/>\n<meta name=\"robots\" content=\"index, follow, max-snippet:-1, max-image-preview:large, max-video-preview:-1\" \/>\n<link rel=\"canonical\" href=\"https:\/\/www.sonnenseite.com\/de\/politik\/ruestungsexportverbot-in-drittlaender-koennten-deutsche-unternehmen-wirtschaftlich-ausgleichen\/\" \/>\n<meta property=\"og:locale\" content=\"de_DE\" \/>\n<meta property=\"og:type\" content=\"article\" \/>\n<meta property=\"og:title\" content=\"R\u00fcstungsexportverbot in Drittl\u00e4nder k\u00f6nnten deutsche Unternehmen wirtschaftlich ausgleichen - Sonnenseite - \u00d6kologische Kommunikation mit Franz Alt\" \/>\n<meta property=\"og:description\" content=\"R\u00fcstungsunternehmen k\u00f6nnen vielf\u00e4ltige Alternativen ergreifen, um den m\u00f6glichen Wegfall von Waffenexporten in sogenannte Drittl\u00e4nder\" \/>\n<meta property=\"og:url\" content=\"https:\/\/www.sonnenseite.com\/de\/politik\/ruestungsexportverbot-in-drittlaender-koennten-deutsche-unternehmen-wirtschaftlich-ausgleichen\/\" \/>\n<meta property=\"og:site_name\" content=\"Sonnenseite\" \/>\n<meta property=\"article:publisher\" content=\"https:\/\/www.facebook.com\/pages\/Franz-Alt-SONNENSEITECOM\/221072987903953?fref=ts\" \/>\n<meta property=\"article:published_time\" content=\"2021-11-04T09:07:54+00:00\" \/>\n<meta property=\"og:image\" content=\"https:\/\/www.sonnenseite.com\/wp-content\/uploads\/2021\/11\/Panzer_vicnt2815.jpg\" \/>\n\t<meta property=\"og:image:width\" content=\"770\" \/>\n\t<meta property=\"og:image:height\" content=\"420\" \/>\n\t<meta property=\"og:image:type\" content=\"image\/jpeg\" \/>\n<meta name=\"author\" content=\"Bigi Alt\" \/>\n<meta name=\"twitter:card\" content=\"summary_large_image\" \/>\n<meta name=\"twitter:creator\" content=\"@franzalt\" \/>\n<meta name=\"twitter:site\" content=\"@franzalt\" \/>\n<meta name=\"twitter:label1\" content=\"Verfasst von\" \/>\n\t<meta name=\"twitter:data1\" content=\"Bigi Alt\" \/>\n\t<meta name=\"twitter:label2\" content=\"Gesch\u00e4tzte Lesezeit\" \/>\n\t<meta name=\"twitter:data2\" content=\"3\u00a0Minuten\" \/>\n<script type=\"application\/ld+json\" class=\"yoast-schema-graph\">{\"@context\":\"https:\/\/schema.org\",\"@graph\":[{\"@type\":\"Article\",\"@id\":\"https:\/\/www.sonnenseite.com\/de\/politik\/ruestungsexportverbot-in-drittlaender-koennten-deutsche-unternehmen-wirtschaftlich-ausgleichen\/#article\",\"isPartOf\":{\"@id\":\"https:\/\/www.sonnenseite.com\/de\/politik\/ruestungsexportverbot-in-drittlaender-koennten-deutsche-unternehmen-wirtschaftlich-ausgleichen\/\"},\"author\":{\"name\":\"Bigi Alt\",\"@id\":\"https:\/\/www.sonnenseite.com\/de\/#\/schema\/person\/50fda0e926597684c7cc6695238a4eb9\"},\"headline\":\"R\u00fcstungsexportverbot in Drittl\u00e4nder k\u00f6nnten deutsche Unternehmen wirtschaftlich ausgleichen\",\"datePublished\":\"2021-11-04T09:07:54+00:00\",\"mainEntityOfPage\":{\"@id\":\"https:\/\/www.sonnenseite.com\/de\/politik\/ruestungsexportverbot-in-drittlaender-koennten-deutsche-unternehmen-wirtschaftlich-ausgleichen\/\"},\"wordCount\":592,\"publisher\":{\"@id\":\"https:\/\/www.sonnenseite.com\/de\/#organization\"},\"image\":{\"@id\":\"https:\/\/www.sonnenseite.com\/de\/politik\/ruestungsexportverbot-in-drittlaender-koennten-deutsche-unternehmen-wirtschaftlich-ausgleichen\/#primaryimage\"},\"thumbnailUrl\":\"https:\/\/www.sonnenseite.com\/wp-content\/uploads\/2021\/11\/Panzer_vicnt2815.jpg\",\"articleSection\":[\"Politik\"],\"inLanguage\":\"de\"},{\"@type\":\"WebPage\",\"@id\":\"https:\/\/www.sonnenseite.com\/de\/politik\/ruestungsexportverbot-in-drittlaender-koennten-deutsche-unternehmen-wirtschaftlich-ausgleichen\/\",\"url\":\"https:\/\/www.sonnenseite.com\/de\/politik\/ruestungsexportverbot-in-drittlaender-koennten-deutsche-unternehmen-wirtschaftlich-ausgleichen\/\",\"name\":\"R\u00fcstungsexportverbot in Drittl\u00e4nder k\u00f6nnten deutsche Unternehmen wirtschaftlich ausgleichen - Sonnenseite - \u00d6kologische Kommunikation mit Franz Alt\",\"isPartOf\":{\"@id\":\"https:\/\/www.sonnenseite.com\/de\/#website\"},\"primaryImageOfPage\":{\"@id\":\"https:\/\/www.sonnenseite.com\/de\/politik\/ruestungsexportverbot-in-drittlaender-koennten-deutsche-unternehmen-wirtschaftlich-ausgleichen\/#primaryimage\"},\"image\":{\"@id\":\"https:\/\/www.sonnenseite.com\/de\/politik\/ruestungsexportverbot-in-drittlaender-koennten-deutsche-unternehmen-wirtschaftlich-ausgleichen\/#primaryimage\"},\"thumbnailUrl\":\"https:\/\/www.sonnenseite.com\/wp-content\/uploads\/2021\/11\/Panzer_vicnt2815.jpg\",\"datePublished\":\"2021-11-04T09:07:54+00:00\",\"description\":\"R\u00fcstungsunternehmen k\u00f6nnen vielf\u00e4ltige Alternativen ergreifen, um den m\u00f6glichen Wegfall von Waffenexporten in sogenannte Drittl\u00e4nder\",\"breadcrumb\":{\"@id\":\"https:\/\/www.sonnenseite.com\/de\/politik\/ruestungsexportverbot-in-drittlaender-koennten-deutsche-unternehmen-wirtschaftlich-ausgleichen\/#breadcrumb\"},\"inLanguage\":\"de\",\"potentialAction\":[{\"@type\":\"ReadAction\",\"target\":[\"https:\/\/www.sonnenseite.com\/de\/politik\/ruestungsexportverbot-in-drittlaender-koennten-deutsche-unternehmen-wirtschaftlich-ausgleichen\/\"]}]},{\"@type\":\"ImageObject\",\"inLanguage\":\"de\",\"@id\":\"https:\/\/www.sonnenseite.com\/de\/politik\/ruestungsexportverbot-in-drittlaender-koennten-deutsche-unternehmen-wirtschaftlich-ausgleichen\/#primaryimage\",\"url\":\"https:\/\/www.sonnenseite.com\/wp-content\/uploads\/2021\/11\/Panzer_vicnt2815.jpg\",\"contentUrl\":\"https:\/\/www.sonnenseite.com\/wp-content\/uploads\/2021\/11\/Panzer_vicnt2815.jpg\",\"width\":770,\"height\":420,\"caption\":\"Depositphotos.com | vicnt2815 | \u201eWenn R\u00fcstungskonzerne in Deutschland sogar wirtschaftlich nicht auf Drittl\u00e4nderexporte angewiesen sind, dann sprechen alle Argumente f\u00fcr ein Verbot dieser Exporte\u201c, sagt Alexander Lurz, Greenpeace-Abr\u00fcstungsexperte. \u201eJetzt muss auch der politische Wille daf\u00fcr sichtbar werden.\u201c\"},{\"@type\":\"BreadcrumbList\",\"@id\":\"https:\/\/www.sonnenseite.com\/de\/politik\/ruestungsexportverbot-in-drittlaender-koennten-deutsche-unternehmen-wirtschaftlich-ausgleichen\/#breadcrumb\",\"itemListElement\":[{\"@type\":\"ListItem\",\"position\":1,\"name\":\"Startseite\",\"item\":\"https:\/\/www.sonnenseite.com\/de\/\"},{\"@type\":\"ListItem\",\"position\":2,\"name\":\"R\u00fcstungsexportverbot in Drittl\u00e4nder k\u00f6nnten deutsche Unternehmen wirtschaftlich ausgleichen\"}]},{\"@type\":\"WebSite\",\"@id\":\"https:\/\/www.sonnenseite.com\/de\/#website\",\"url\":\"https:\/\/www.sonnenseite.com\/de\/\",\"name\":\"Sonnenseite\",\"description\":\"\u00d6kologische Kommunikation mit Franz Alt\",\"publisher\":{\"@id\":\"https:\/\/www.sonnenseite.com\/de\/#organization\"},\"potentialAction\":[{\"@type\":\"SearchAction\",\"target\":{\"@type\":\"EntryPoint\",\"urlTemplate\":\"https:\/\/www.sonnenseite.com\/de\/?s={search_term_string}\"},\"query-input\":{\"@type\":\"PropertyValueSpecification\",\"valueRequired\":true,\"valueName\":\"search_term_string\"}}],\"inLanguage\":\"de\"},{\"@type\":\"Organization\",\"@id\":\"https:\/\/www.sonnenseite.com\/de\/#organization\",\"name\":\"Sonnenseite\",\"url\":\"https:\/\/www.sonnenseite.com\/de\/\",\"logo\":{\"@type\":\"ImageObject\",\"inLanguage\":\"de\",\"@id\":\"https:\/\/www.sonnenseite.com\/de\/#\/schema\/logo\/image\/\",\"url\":\"https:\/\/www.sonnenseite.com\/wp-content\/uploads\/2020\/05\/Sonnenseite_Logo.png\",\"contentUrl\":\"https:\/\/www.sonnenseite.com\/wp-content\/uploads\/2020\/05\/Sonnenseite_Logo.png\",\"width\":377,\"height\":90,\"caption\":\"Sonnenseite\"},\"image\":{\"@id\":\"https:\/\/www.sonnenseite.com\/de\/#\/schema\/logo\/image\/\"},\"sameAs\":[\"https:\/\/www.facebook.com\/pages\/Franz-Alt-SONNENSEITECOM\/221072987903953?fref=ts\",\"https:\/\/x.com\/franzalt\",\"http:\/\/www.youtube.com\/results?search_query&amp;amp;quot;franz_alt&amp;amp;quot;&amp;amp;amp;amp;search_type&amp;amp;amp;amp;aq=f\"]},{\"@type\":\"Person\",\"@id\":\"https:\/\/www.sonnenseite.com\/de\/#\/schema\/person\/50fda0e926597684c7cc6695238a4eb9\",\"name\":\"Bigi Alt\"}]}<\/script>\n<!-- \/ Yoast SEO plugin. -->","yoast_head_json":{"title":"R\u00fcstungsexportverbot in Drittl\u00e4nder k\u00f6nnten deutsche Unternehmen wirtschaftlich ausgleichen - Sonnenseite - \u00d6kologische Kommunikation mit Franz Alt","description":"R\u00fcstungsunternehmen k\u00f6nnen vielf\u00e4ltige Alternativen ergreifen, um den m\u00f6glichen Wegfall von Waffenexporten in sogenannte Drittl\u00e4nder","robots":{"index":"index","follow":"follow","max-snippet":"max-snippet:-1","max-image-preview":"max-image-preview:large","max-video-preview":"max-video-preview:-1"},"canonical":"https:\/\/www.sonnenseite.com\/de\/politik\/ruestungsexportverbot-in-drittlaender-koennten-deutsche-unternehmen-wirtschaftlich-ausgleichen\/","og_locale":"de_DE","og_type":"article","og_title":"R\u00fcstungsexportverbot in Drittl\u00e4nder k\u00f6nnten deutsche Unternehmen wirtschaftlich ausgleichen - Sonnenseite - \u00d6kologische Kommunikation mit Franz Alt","og_description":"R\u00fcstungsunternehmen k\u00f6nnen vielf\u00e4ltige Alternativen ergreifen, um den m\u00f6glichen Wegfall von Waffenexporten in sogenannte Drittl\u00e4nder","og_url":"https:\/\/www.sonnenseite.com\/de\/politik\/ruestungsexportverbot-in-drittlaender-koennten-deutsche-unternehmen-wirtschaftlich-ausgleichen\/","og_site_name":"Sonnenseite","article_publisher":"https:\/\/www.facebook.com\/pages\/Franz-Alt-SONNENSEITECOM\/221072987903953?fref=ts","article_published_time":"2021-11-04T09:07:54+00:00","og_image":[{"width":770,"height":420,"url":"https:\/\/www.sonnenseite.com\/wp-content\/uploads\/2021\/11\/Panzer_vicnt2815.jpg","type":"image\/jpeg"}],"author":"Bigi Alt","twitter_card":"summary_large_image","twitter_creator":"@franzalt","twitter_site":"@franzalt","twitter_misc":{"Verfasst von":"Bigi Alt","Gesch\u00e4tzte Lesezeit":"3\u00a0Minuten"},"schema":{"@context":"https:\/\/schema.org","@graph":[{"@type":"Article","@id":"https:\/\/www.sonnenseite.com\/de\/politik\/ruestungsexportverbot-in-drittlaender-koennten-deutsche-unternehmen-wirtschaftlich-ausgleichen\/#article","isPartOf":{"@id":"https:\/\/www.sonnenseite.com\/de\/politik\/ruestungsexportverbot-in-drittlaender-koennten-deutsche-unternehmen-wirtschaftlich-ausgleichen\/"},"author":{"name":"Bigi Alt","@id":"https:\/\/www.sonnenseite.com\/de\/#\/schema\/person\/50fda0e926597684c7cc6695238a4eb9"},"headline":"R\u00fcstungsexportverbot in Drittl\u00e4nder k\u00f6nnten deutsche Unternehmen wirtschaftlich ausgleichen","datePublished":"2021-11-04T09:07:54+00:00","mainEntityOfPage":{"@id":"https:\/\/www.sonnenseite.com\/de\/politik\/ruestungsexportverbot-in-drittlaender-koennten-deutsche-unternehmen-wirtschaftlich-ausgleichen\/"},"wordCount":592,"publisher":{"@id":"https:\/\/www.sonnenseite.com\/de\/#organization"},"image":{"@id":"https:\/\/www.sonnenseite.com\/de\/politik\/ruestungsexportverbot-in-drittlaender-koennten-deutsche-unternehmen-wirtschaftlich-ausgleichen\/#primaryimage"},"thumbnailUrl":"https:\/\/www.sonnenseite.com\/wp-content\/uploads\/2021\/11\/Panzer_vicnt2815.jpg","articleSection":["Politik"],"inLanguage":"de"},{"@type":"WebPage","@id":"https:\/\/www.sonnenseite.com\/de\/politik\/ruestungsexportverbot-in-drittlaender-koennten-deutsche-unternehmen-wirtschaftlich-ausgleichen\/","url":"https:\/\/www.sonnenseite.com\/de\/politik\/ruestungsexportverbot-in-drittlaender-koennten-deutsche-unternehmen-wirtschaftlich-ausgleichen\/","name":"R\u00fcstungsexportverbot in Drittl\u00e4nder k\u00f6nnten deutsche Unternehmen wirtschaftlich ausgleichen - Sonnenseite - \u00d6kologische Kommunikation mit Franz Alt","isPartOf":{"@id":"https:\/\/www.sonnenseite.com\/de\/#website"},"primaryImageOfPage":{"@id":"https:\/\/www.sonnenseite.com\/de\/politik\/ruestungsexportverbot-in-drittlaender-koennten-deutsche-unternehmen-wirtschaftlich-ausgleichen\/#primaryimage"},"image":{"@id":"https:\/\/www.sonnenseite.com\/de\/politik\/ruestungsexportverbot-in-drittlaender-koennten-deutsche-unternehmen-wirtschaftlich-ausgleichen\/#primaryimage"},"thumbnailUrl":"https:\/\/www.sonnenseite.com\/wp-content\/uploads\/2021\/11\/Panzer_vicnt2815.jpg","datePublished":"2021-11-04T09:07:54+00:00","description":"R\u00fcstungsunternehmen k\u00f6nnen vielf\u00e4ltige Alternativen ergreifen, um den m\u00f6glichen Wegfall von Waffenexporten in sogenannte Drittl\u00e4nder","breadcrumb":{"@id":"https:\/\/www.sonnenseite.com\/de\/politik\/ruestungsexportverbot-in-drittlaender-koennten-deutsche-unternehmen-wirtschaftlich-ausgleichen\/#breadcrumb"},"inLanguage":"de","potentialAction":[{"@type":"ReadAction","target":["https:\/\/www.sonnenseite.com\/de\/politik\/ruestungsexportverbot-in-drittlaender-koennten-deutsche-unternehmen-wirtschaftlich-ausgleichen\/"]}]},{"@type":"ImageObject","inLanguage":"de","@id":"https:\/\/www.sonnenseite.com\/de\/politik\/ruestungsexportverbot-in-drittlaender-koennten-deutsche-unternehmen-wirtschaftlich-ausgleichen\/#primaryimage","url":"https:\/\/www.sonnenseite.com\/wp-content\/uploads\/2021\/11\/Panzer_vicnt2815.jpg","contentUrl":"https:\/\/www.sonnenseite.com\/wp-content\/uploads\/2021\/11\/Panzer_vicnt2815.jpg","width":770,"height":420,"caption":"Depositphotos.com | vicnt2815 | \u201eWenn R\u00fcstungskonzerne in Deutschland sogar wirtschaftlich nicht auf Drittl\u00e4nderexporte angewiesen sind, dann sprechen alle Argumente f\u00fcr ein Verbot dieser Exporte\u201c, sagt Alexander Lurz, Greenpeace-Abr\u00fcstungsexperte. \u201eJetzt muss auch der politische Wille daf\u00fcr sichtbar werden.\u201c"},{"@type":"BreadcrumbList","@id":"https:\/\/www.sonnenseite.com\/de\/politik\/ruestungsexportverbot-in-drittlaender-koennten-deutsche-unternehmen-wirtschaftlich-ausgleichen\/#breadcrumb","itemListElement":[{"@type":"ListItem","position":1,"name":"Startseite","item":"https:\/\/www.sonnenseite.com\/de\/"},{"@type":"ListItem","position":2,"name":"R\u00fcstungsexportverbot in Drittl\u00e4nder k\u00f6nnten deutsche Unternehmen wirtschaftlich ausgleichen"}]},{"@type":"WebSite","@id":"https:\/\/www.sonnenseite.com\/de\/#website","url":"https:\/\/www.sonnenseite.com\/de\/","name":"Sonnenseite","description":"\u00d6kologische Kommunikation mit Franz Alt","publisher":{"@id":"https:\/\/www.sonnenseite.com\/de\/#organization"},"potentialAction":[{"@type":"SearchAction","target":{"@type":"EntryPoint","urlTemplate":"https:\/\/www.sonnenseite.com\/de\/?s={search_term_string}"},"query-input":{"@type":"PropertyValueSpecification","valueRequired":true,"valueName":"search_term_string"}}],"inLanguage":"de"},{"@type":"Organization","@id":"https:\/\/www.sonnenseite.com\/de\/#organization","name":"Sonnenseite","url":"https:\/\/www.sonnenseite.com\/de\/","logo":{"@type":"ImageObject","inLanguage":"de","@id":"https:\/\/www.sonnenseite.com\/de\/#\/schema\/logo\/image\/","url":"https:\/\/www.sonnenseite.com\/wp-content\/uploads\/2020\/05\/Sonnenseite_Logo.png","contentUrl":"https:\/\/www.sonnenseite.com\/wp-content\/uploads\/2020\/05\/Sonnenseite_Logo.png","width":377,"height":90,"caption":"Sonnenseite"},"image":{"@id":"https:\/\/www.sonnenseite.com\/de\/#\/schema\/logo\/image\/"},"sameAs":["https:\/\/www.facebook.com\/pages\/Franz-Alt-SONNENSEITECOM\/221072987903953?fref=ts","https:\/\/x.com\/franzalt","http:\/\/www.youtube.com\/results?search_query&amp;amp;quot;franz_alt&amp;amp;quot;&amp;amp;amp;amp;search_type&amp;amp;amp;amp;aq=f"]},{"@type":"Person","@id":"https:\/\/www.sonnenseite.com\/de\/#\/schema\/person\/50fda0e926597684c7cc6695238a4eb9","name":"Bigi Alt"}]}},"_links":{"self":[{"href":"https:\/\/www.sonnenseite.com\/de\/wp-json\/wp\/v2\/posts\/76464","targetHints":{"allow":["GET"]}}],"collection":[{"href":"https:\/\/www.sonnenseite.com\/de\/wp-json\/wp\/v2\/posts"}],"about":[{"href":"https:\/\/www.sonnenseite.com\/de\/wp-json\/wp\/v2\/types\/post"}],"author":[{"embeddable":true,"href":"https:\/\/www.sonnenseite.com\/de\/wp-json\/wp\/v2\/users\/3"}],"replies":[{"embeddable":true,"href":"https:\/\/www.sonnenseite.com\/de\/wp-json\/wp\/v2\/comments?post=76464"}],"version-history":[{"count":3,"href":"https:\/\/www.sonnenseite.com\/de\/wp-json\/wp\/v2\/posts\/76464\/revisions"}],"predecessor-version":[{"id":76469,"href":"https:\/\/www.sonnenseite.com\/de\/wp-json\/wp\/v2\/posts\/76464\/revisions\/76469"}],"wp:featuredmedia":[{"embeddable":true,"href":"https:\/\/www.sonnenseite.com\/de\/wp-json\/wp\/v2\/media\/76470"}],"wp:attachment":[{"href":"https:\/\/www.sonnenseite.com\/de\/wp-json\/wp\/v2\/media?parent=76464"}],"wp:term":[{"taxonomy":"category","embeddable":true,"href":"https:\/\/www.sonnenseite.com\/de\/wp-json\/wp\/v2\/categories?post=76464"},{"taxonomy":"post_tag","embeddable":true,"href":"https:\/\/www.sonnenseite.com\/de\/wp-json\/wp\/v2\/tags?post=76464"}],"curies":[{"name":"wp","href":"https:\/\/api.w.org\/{rel}","templated":true}]}}