{"id":76489,"date":"2021-11-05T11:38:31","date_gmt":"2021-11-05T10:38:31","guid":{"rendered":"https:\/\/www.sonnenseite.com\/?p=76489"},"modified":"2021-11-14T09:50:00","modified_gmt":"2021-11-14T08:50:00","slug":"mehr-laender-steigen-in-den-kohle-ausstieg-ein","status":"publish","type":"post","link":"https:\/\/www.sonnenseite.com\/de\/politik\/mehr-laender-steigen-in-den-kohle-ausstieg-ein\/","title":{"rendered":"Mehr L\u00e4nder steigen in den Kohle-Ausstieg ein"},"content":{"rendered":"\n<p>Wichtige Kohle-L\u00e4nder wie die Ukraine und Polen sind auf dem Glasgower Klimagipfel Initiativen zum Kohleausstieg beigetreten. Die beschleunigte Abkehr vom klimasch\u00e4dlichsten Energietr\u00e4ger strahlt auch auf Deutschland aus.<\/p>\n\n\n\n<p>Wenigstens das Kohlezeitalter scheint sich langsam dem Ende zu n\u00e4hern. Am Donnerstag wuchs auf dem Weltklimagipfel COP&nbsp;26 in Glasgow die weltweite Kohle-Ausstiegsinitiative <a href=\"https:\/\/www.poweringpastcoal.org\/\" target=\"_blank\" rel=\"noreferrer noopener\">&#8222;Powering Past Coal Alliance&#8220;<\/a> um mehr als 30 auf \u00fcber 160 Mitglieder.<\/p>\n\n\n\n<p>Unter den Neuzug\u00e4ngen sind L\u00e4nder wie die Ukraine, Chile, Singapur, Mauritius, Slowenien und Estland. Beigetreten sind auch Regionen und St\u00e4dte wie New Mexico (USA), Wa\u0142brzych und Koszalin (Polen), mehrere Regionen der Philippinen sowie die s\u00fcdafrikanische Stadt Durban.<\/p>\n\n\n\n<p>Etwa zwei Drittel der wirtschaftlich starken <a href=\"https:\/\/de.wikipedia.org\/wiki\/Organisation_f%C3%BCr_wirtschaftliche_Zusammenarbeit_und_Entwicklung\" target=\"_blank\" rel=\"noreferrer noopener\">OECD-<\/a> und EU-L\u00e4nder sind inzwischen Mitglied der Initiative und verpflichteten sich, m\u00f6glichst bis 2030 aus der Kohle auszusteigen und den weltweiten \u00dcbergang von Kohle zu sauberen Energien zu beschleunigen.<\/p>\n\n\n\n<p>Wichtigstes neues Mitglied bei der Powering Past Coal Alliance ist zweifellos die Ukraine. Mit dem Beitritt verpflichtet sich das Land konkret, die Kohleverstromung bis 2035 zu beenden. Anzeige <a href=\"https:\/\/www.klimareporter.de\/banners\/click28\" target=\"_blank\" rel=\"noreferrer noopener\"><\/a><\/p>\n\n\n\n<p>Die Ukraine verf\u00fcgt mit mehr als 20.000 Megawatt Kohlekapazit\u00e4t \u00fcber die drittgr\u00f6\u00dfte Kohlekraftwerksflotte in Europa nach Deutschland und Polen. Etwa 30 Prozent ihres Stroms <a href=\"https:\/\/www.klimareporter.de\/international\/fuer-manche-deutsche-ist-energiewende-lebenssinn\" target=\"_blank\" rel=\"noreferrer noopener\">erzeugt die Ukraine<\/a> noch auf Kohlebasis, einen noch gr\u00f6\u00dferen Anteil haben mit mehr als 50 Prozent allerdings Atomkraftwerke inne.<\/p>\n\n\n\n<h5 class=\"wp-block-heading\">&#8222;Deutschland ger\u00e4t ins Hintertreffen&#8220;<\/h5>\n\n\n\n<p><a href=\"https:\/\/www.klimareporter.de\/tag\/polen\" target=\"_blank\" rel=\"noreferrer noopener\">Polen<\/a> wiederum signierte am Donnerstag die <a href=\"https:\/\/ukcop26.org\/global-coal-to-clean-power-transition-statement\/\" target=\"_blank\" rel=\"noreferrer noopener\">&#8222;Global Coal to Clean&#8220;-Initiative<\/a> des COP-26-Pr\u00e4sidenten Alok Sharma. Auch Vietnam, Chile und eine Reihe weiterer L\u00e4nder verpflichteten sich damit, aus der Kohleverstromung auszusteigen und keine neuen Kohlekraftwerke zu bauen oder in diese zu investieren. Sp\u00e4testens 2040 soll die Abkehr von der Kohle vollzogen sein.<\/p>\n\n\n\n<p>Das &#8222;Ende der Kohle&#8220; sei in Sicht, <a href=\"https:\/\/www.gov.uk\/government\/news\/end-of-coal-in-sight-as-uk-secures-ambitious-commitments-at-cop26-summit\" target=\"_blank\" rel=\"noreferrer noopener\">erkl\u00e4rte Sharma<\/a> ungeachtet des Umstands, dass <a href=\"https:\/\/www.klimareporter.de\/strom\/nur-china-haelt-an-der-kohle-fest\" target=\"_blank\" rel=\"noreferrer noopener\">China<\/a>, die USA und <a href=\"https:\/\/www.klimareporter.de\/international\/indien-setzt-auf-kohle\" target=\"_blank\" rel=\"noreferrer noopener\">Indien<\/a> die Zusage bisher nicht unterzeichneten. Beobachter erkl\u00e4ren die Weigerung der USA vor allem mit innenpolitischen R\u00fccksichtnahmen der Biden-Administration.<\/p>\n\n\n\n<p>Die Umweltorganisation Greenpeace kritisierte die Coal-to-Clean-Vereinbarung als unzureichend. &#8222;Das Kleingedruckte scheint den L\u00e4ndern erheblichen Spielraum zu geben, um ihr eigenes Ausstiegsdatum zu w\u00e4hlen, trotz der schillernden \u00dcberschrift&#8220;, sagte Delegationsleiter Juan Pablo Osornio dem britischen Sender <em>BBC<\/em>.<\/p>\n\n\n\n<p>Alle Verpflichtungen zusammengenommen, k\u00f6nnten in den n\u00e4chsten Jahren um die 40.000 Megawatt Kohlekapazit\u00e4t in 20 L\u00e4ndern abgeschaltet werden. Das ist so viel, wie in Deutschland zu den besten Zeiten der Kohle insgesamt am Netz war.<\/p>\n\n\n\n<p>W\u00e4hrend seine Nachbarn und der Rest Europas ihre Pl\u00e4ne f\u00fcr den Kohleausstieg beschleunigten, gerate Deutschland ins Hintertreffen, kommentierte <a href=\"https:\/\/ember-climate.org\/about\/people\/charles-moore\/\" target=\"_blank\" rel=\"noreferrer noopener\">Charles Moore<\/a> vom britischen Thinktank Ember die Entwicklung. Gerade im Vergleich zur Ukraine wirkten die Pl\u00e4ne Deutschlands &#8222;peinlich und wenig anspruchsvoll&#8220;. Es wachse der Druck auf die neue deutsche Regierung, ein glaubw\u00fcrdiges Ausstiegsdatum vorzulegen.<\/p>\n\n\n\n<p>Der Kohleausstieg passiere nicht &#8222;idealerweise&#8220; bis 2030, ein Ausstieg bis dahin sei essenziell, erkl\u00e4rte <a href=\"https:\/\/twitter.com\/kathringoodman\" target=\"_blank\" rel=\"noreferrer noopener\">Kathrin Gutmann<\/a> vom B\u00fcndnis <a href=\"https:\/\/beyond-coal.eu\/about-us\/who-we-are\/\" target=\"_blank\" rel=\"noreferrer noopener\">Europe Beyond Coal<\/a> in Anspielung auf <a href=\"https:\/\/www.klimareporter.de\/deutschland\/ampel-sondierer-innen-wollen-frueheren-kohleausstieg\" target=\"_blank\" rel=\"noreferrer noopener\">eine Formulierung<\/a> im Sondierungspapier der angehenden deutschen Ampel-Koalition.<\/p>\n\n\n\n<p>Die Weltgemeinschaft, so Gutmann weiter, brauche von der kommenden deutschen Regierung schon auf der jetzigen Klimakonferenz ein klares Bekenntnis, dass 2030 Schluss mit der Kohle ist. &#8222;Nur so kann Deutschland im Klimaschutz noch ernst genommen werden.&#8220;<\/p>\n\n\n\n<h5 class=\"wp-block-heading\">Neuer NRW-Landeschef f\u00fcr Kohleausstieg 2030<\/h5>\n\n\n\n<p>In Deutschland ist zumindest das gr\u00f6\u00dfte Braunkohle-Land Nordrhein-Westfalen nach den Worten des neuen Ministerpr\u00e4sidenten <a href=\"https:\/\/de.wikipedia.org\/wiki\/Hendrik_W%C3%BCst\" target=\"_blank\" rel=\"noreferrer noopener\">Hendrik W\u00fcst<\/a> (CDU) bereit, schon 2030 aus der Kohleverstromung auszusteigen \u2013 nicht erst 2038, wie <a href=\"https:\/\/www.klimareporter.de\/deutschland\/der-kohleausstieg-bleibt-vorerst-wie-er-ist\" target=\"_blank\" rel=\"noreferrer noopener\">bisher geplant<\/a>. Seine Landesregierung wolle &#8222;alles daf\u00fcr tun, dass uns das gelingt&#8220;, sagte W\u00fcst am Mittwoch in seiner ersten <a href=\"https:\/\/www.land.nrw\/de\/regierungserklaerung-wuest\" target=\"_blank\" rel=\"noreferrer noopener\">Regierungserkl\u00e4rung<\/a>.<\/p>\n\n\n\n<p>Bedingung sei dabei, so W\u00fcst, dass die k\u00fcnftige Ampelkoalition eiligst den Ausbau von Windkraft, Solarenergie und Stromnetzen vorantreibe. Dann werde Nordrhein-Westfalen seine Braunkohle-Planungen revidieren.<\/p>\n\n\n\n<p>Auch auf die Anti-Kohle-Aktivisten im Rheinland ging W\u00fcst einen Schritt zu. Von den <a href=\"https:\/\/www.klimareporter.de\/strom\/rheinische-doerfer-sollen-bis-2026-warten\" target=\"_blank\" rel=\"noreferrer noopener\">f\u00fcnf Weilern<\/a> am Westrand des Tagebaus Garzweiler&nbsp;II wolle er &#8222;so viele D\u00f6rfer wie m\u00f6glich retten&#8220;, k\u00fcndigte er an. Bei einem Kohleausstieg 2030 w\u00fcrde die Kohle unter den D\u00f6rfern Kuckum, Keyenberg, Berverath, Oberwestrich und Unterwestrich nicht mehr ben\u00f6tigt.<\/p>\n\n\n\n<p>In der Ank\u00fcndigung sieht das Anti-Kohle-B\u00fcndnis <a href=\"https:\/\/twitter.com\/alledoerfer\" target=\"_blank\" rel=\"noreferrer noopener\">Alle D\u00f6rfer bleiben<\/a> einen &#8222;riesigen Teilerfolg&#8220; des Widerstands vor Ort. Allerdings m\u00fcsse auch die akut bedrohte Ortschaft <a href=\"https:\/\/www.klimareporter.de\/protest\/luetzerath-als-1-5-grad-grenze\" target=\"_blank\" rel=\"noreferrer noopener\">L\u00fctzerath<\/a> erhalten bleiben. Das sei zur Einhaltung der Klimaziele n\u00f6tig. Zudem m\u00fcsse der Tagebau Garzweiler&nbsp;II 2026 komplett stillgelegt werden, sagte <a href=\"https:\/\/www.klimareporter.de\/protest\/die-doerfer-werden-garzweiler-ueberleben\" target=\"_blank\" rel=\"noreferrer noopener\">David Dresen<\/a> aus Kuckum.<\/p>\n\n\n\n<p>Das B\u00fcndnis k\u00fcndigte an, dass die laufenden Proteste am Tagebau Garzweiler weitergehen sollen. Man k\u00e4mpfe so lange, bis auch L\u00fctzerath gerettet sei und &#8222;die Kohlebagger stillstehen&#8220;.<\/p>\n\n\n<h5 class=\"green\">Quelle<\/h5>\r\n\n\n\n<p>Der Bericht wurde von der\u00a0<a href=\"https:\/\/www.klimareporter.de\/klimakonferenzen\/mehr-laender-steigen-in-den-kohle-ausstieg-ein\">Redaktion \u201eklimareporter.de\u201c (J\u00f6rg Staude) 2021<\/a>\u00a0verfasst &#8211; der Artikel darf nicht ohne Genehmigung\u00a0(<a href=\"mailto:post@klimareporter.de\">post@klimareporter.de<\/a>) weiterverbreitet werden!\u00a0<\/p>\n<div class=\"shariff shariff-align-flex-start shariff-widget-align-flex-start\"><div class=\"ShariffHeadline\">Diese Meldung teilen<\/div><ul class=\"shariff-buttons theme-round orientation-horizontal buttonsize-medium\"><li class=\"shariff-button facebook shariff-nocustomcolor\" style=\"background-color:#4273c8;border-radius:1%\"><a href=\"https:\/\/www.facebook.com\/sharer\/sharer.php?u=https%3A%2F%2Fwww.sonnenseite.com%2Fde%2Fpolitik%2Fmehr-laender-steigen-in-den-kohle-ausstieg-ein%2F\" title=\"Bei Facebook teilen\" aria-label=\"Bei Facebook teilen\" role=\"button\" rel=\"nofollow\" class=\"shariff-link\" style=\";border-radius:1%; background-color:#3b5998; color:#fff\" target=\"_blank\"><span class=\"shariff-icon\" style=\"\"><svg width=\"32px\" height=\"20px\" xmlns=\"http:\/\/www.w3.org\/2000\/svg\" viewBox=\"0 0 18 32\"><path fill=\"#3b5998\" d=\"M17.1 0.2v4.7h-2.8q-1.5 0-2.1 0.6t-0.5 1.9v3.4h5.2l-0.7 5.3h-4.5v13.6h-5.5v-13.6h-4.5v-5.3h4.5v-3.9q0-3.3 1.9-5.2t5-1.8q2.6 0 4.1 0.2z\"\/><\/svg><\/span><\/a><\/li><li class=\"shariff-button twitter shariff-nocustomcolor\" style=\"background-color:#595959;border-radius:1%\"><a href=\"https:\/\/twitter.com\/share?url=https%3A%2F%2Fwww.sonnenseite.com%2Fde%2Fpolitik%2Fmehr-laender-steigen-in-den-kohle-ausstieg-ein%2F&text=Mehr%20L%C3%A4nder%20steigen%20in%20den%20Kohle-Ausstieg%20ein\" title=\"Bei X teilen\" aria-label=\"Bei X teilen\" role=\"button\" rel=\"noopener nofollow\" class=\"shariff-link\" style=\";border-radius:1%; background-color:#000; color:#fff\" target=\"_blank\"><span class=\"shariff-icon\" style=\"\"><svg width=\"32px\" height=\"20px\" xmlns=\"http:\/\/www.w3.org\/2000\/svg\" viewBox=\"0 0 24 24\"><path fill=\"#000\" d=\"M14.258 10.152L23.176 0h-2.113l-7.747 8.813L7.133 0H0l9.352 13.328L0 23.973h2.113l8.176-9.309 6.531 9.309h7.133zm-2.895 3.293l-.949-1.328L2.875 1.56h3.246l6.086 8.523.945 1.328 7.91 11.078h-3.246zm0 0\"\/><\/svg><\/span><\/a><\/li><li class=\"shariff-button xing shariff-nocustomcolor\" style=\"background-color:#29888a;border-radius:1%\"><a href=\"https:\/\/www.xing.com\/spi\/shares\/new?url=https%3A%2F%2Fwww.sonnenseite.com%2Fde%2Fpolitik%2Fmehr-laender-steigen-in-den-kohle-ausstieg-ein%2F\" title=\"Bei XING teilen\" aria-label=\"Bei XING teilen\" role=\"button\" rel=\"noopener nofollow\" class=\"shariff-link\" style=\";border-radius:1%; background-color:#126567; color:#fff\" target=\"_blank\"><span class=\"shariff-icon\" style=\"\"><svg width=\"32px\" height=\"20px\" xmlns=\"http:\/\/www.w3.org\/2000\/svg\" viewBox=\"0 0 25 32\"><path fill=\"#126567\" d=\"M10.7 11.9q-0.2 0.3-4.6 8.2-0.5 0.8-1.2 0.8h-4.3q-0.4 0-0.5-0.3t0-0.6l4.5-8q0 0 0 0l-2.9-5q-0.2-0.4 0-0.7 0.2-0.3 0.5-0.3h4.3q0.7 0 1.2 0.8zM25.1 0.4q0.2 0.3 0 0.7l-9.4 16.7 6 11q0.2 0.4 0 0.6-0.2 0.3-0.6 0.3h-4.3q-0.7 0-1.2-0.8l-6-11.1q0.3-0.6 9.5-16.8 0.4-0.8 1.2-0.8h4.3q0.4 0 0.5 0.3z\"\/><\/svg><\/span><\/a><\/li><li class=\"shariff-button linkedin shariff-nocustomcolor\" style=\"background-color:#1488bf;border-radius:1%\"><a href=\"https:\/\/www.linkedin.com\/sharing\/share-offsite\/?url=https%3A%2F%2Fwww.sonnenseite.com%2Fde%2Fpolitik%2Fmehr-laender-steigen-in-den-kohle-ausstieg-ein%2F\" title=\"Bei LinkedIn teilen\" aria-label=\"Bei LinkedIn teilen\" role=\"button\" rel=\"noopener nofollow\" class=\"shariff-link\" style=\";border-radius:1%; background-color:#0077b5; color:#fff\" target=\"_blank\"><span class=\"shariff-icon\" style=\"\"><svg width=\"32px\" height=\"20px\" xmlns=\"http:\/\/www.w3.org\/2000\/svg\" viewBox=\"0 0 27 32\"><path fill=\"#0077b5\" d=\"M6.2 11.2v17.7h-5.9v-17.7h5.9zM6.6 5.7q0 1.3-0.9 2.2t-2.4 0.9h0q-1.5 0-2.4-0.9t-0.9-2.2 0.9-2.2 2.4-0.9 2.4 0.9 0.9 2.2zM27.4 18.7v10.1h-5.9v-9.5q0-1.9-0.7-2.9t-2.3-1.1q-1.1 0-1.9 0.6t-1.2 1.5q-0.2 0.5-0.2 1.4v9.9h-5.9q0-7.1 0-11.6t0-5.3l0-0.9h5.9v2.6h0q0.4-0.6 0.7-1t1-0.9 1.6-0.8 2-0.3q3 0 4.9 2t1.9 6z\"\/><\/svg><\/span><\/a><\/li><li class=\"shariff-button printer shariff-nocustomcolor\" style=\"background-color:#a8a8a8;border-radius:1%\"><a href=\"javascript:window.print()\" title=\"drucken\" aria-label=\"drucken\" role=\"button\" rel=\"noopener nofollow\" class=\"shariff-link\" style=\";border-radius:1%; background-color:#999; color:#fff\"><span class=\"shariff-icon\" style=\"\"><svg width=\"32px\" height=\"20px\" xmlns=\"http:\/\/www.w3.org\/2000\/svg\" viewBox=\"0 0 30 32\"><path fill=\"#999\" d=\"M6.8 27.4h16v-4.6h-16v4.6zM6.8 16h16v-6.8h-2.8q-0.7 0-1.2-0.5t-0.5-1.2v-2.8h-11.4v11.4zM27.4 17.2q0-0.5-0.3-0.8t-0.8-0.4-0.8 0.4-0.3 0.8 0.3 0.8 0.8 0.3 0.8-0.3 0.3-0.8zM29.7 17.2v7.4q0 0.2-0.2 0.4t-0.4 0.2h-4v2.8q0 0.7-0.5 1.2t-1.2 0.5h-17.2q-0.7 0-1.2-0.5t-0.5-1.2v-2.8h-4q-0.2 0-0.4-0.2t-0.2-0.4v-7.4q0-1.4 1-2.4t2.4-1h1.2v-9.7q0-0.7 0.5-1.2t1.2-0.5h12q0.7 0 1.6 0.4t1.3 0.8l2.7 2.7q0.5 0.5 0.9 1.4t0.4 1.6v4.6h1.1q1.4 0 2.4 1t1 2.4z\"\/><\/svg><\/span><\/a><\/li><li class=\"shariff-button mailto shariff-nocustomcolor\" style=\"background-color:#a8a8a8;border-radius:1%\"><a href=\"mailto:?body=https%3A%2F%2Fwww.sonnenseite.com%2Fde%2Fpolitik%2Fmehr-laender-steigen-in-den-kohle-ausstieg-ein%2F&subject=Mehr%20L%C3%A4nder%20steigen%20in%20den%20Kohle-Ausstieg%20ein\" title=\"Per E-Mail versenden\" aria-label=\"Per E-Mail versenden\" role=\"button\" rel=\"noopener nofollow\" class=\"shariff-link\" style=\";border-radius:1%; background-color:#999; color:#fff\"><span class=\"shariff-icon\" style=\"\"><svg width=\"32px\" height=\"20px\" xmlns=\"http:\/\/www.w3.org\/2000\/svg\" viewBox=\"0 0 32 32\"><path fill=\"#999\" d=\"M32 12.7v14.2q0 1.2-0.8 2t-2 0.9h-26.3q-1.2 0-2-0.9t-0.8-2v-14.2q0.8 0.9 1.8 1.6 6.5 4.4 8.9 6.1 1 0.8 1.6 1.2t1.7 0.9 2 0.4h0.1q0.9 0 2-0.4t1.7-0.9 1.6-1.2q3-2.2 8.9-6.1 1-0.7 1.8-1.6zM32 7.4q0 1.4-0.9 2.7t-2.2 2.2q-6.7 4.7-8.4 5.8-0.2 0.1-0.7 0.5t-1 0.7-0.9 0.6-1.1 0.5-0.9 0.2h-0.1q-0.4 0-0.9-0.2t-1.1-0.5-0.9-0.6-1-0.7-0.7-0.5q-1.6-1.1-4.7-3.2t-3.6-2.6q-1.1-0.7-2.1-2t-1-2.5q0-1.4 0.7-2.3t2.1-0.9h26.3q1.2 0 2 0.8t0.9 2z\"\/><\/svg><\/span><\/a><\/li><\/ul><\/div>","protected":false},"excerpt":{"rendered":"<p>Wichtige Kohle-L\u00e4nder wie die Ukraine und Polen sind auf dem Glasgower Klimagipfel Initiativen zum Kohleausstieg beigetreten. [&hellip;]<\/p>\n","protected":false},"author":3,"featured_media":3787,"comment_status":"closed","ping_status":"closed","sticky":false,"template":"","format":"standard","meta":{"inline_featured_image":false,"footnotes":""},"categories":[21],"tags":[],"class_list":["post-76489","post","type-post","status-publish","format-standard","has-post-thumbnail","hentry","category-politik"],"yoast_head":"<!-- This site is optimized with the Yoast SEO plugin v26.5 - https:\/\/yoast.com\/wordpress\/plugins\/seo\/ -->\n<title>Mehr L\u00e4nder steigen in den Kohle-Ausstieg ein - Sonnenseite - \u00d6kologische Kommunikation mit Franz Alt<\/title>\n<meta name=\"description\" content=\"Wichtige Kohle-L\u00e4nder wie die Ukraine und Polen sind auf dem Glasgower Klimagipfel Initiativen zum Kohleausstieg beigetreten. Die beschleunigte Abkehr vom\" \/>\n<meta name=\"robots\" content=\"index, follow, max-snippet:-1, max-image-preview:large, max-video-preview:-1\" \/>\n<link rel=\"canonical\" href=\"https:\/\/www.sonnenseite.com\/de\/politik\/mehr-laender-steigen-in-den-kohle-ausstieg-ein\/\" \/>\n<meta property=\"og:locale\" content=\"de_DE\" \/>\n<meta property=\"og:type\" content=\"article\" \/>\n<meta property=\"og:title\" content=\"Mehr L\u00e4nder steigen in den Kohle-Ausstieg ein - Sonnenseite - \u00d6kologische Kommunikation mit Franz Alt\" \/>\n<meta property=\"og:description\" content=\"Wichtige Kohle-L\u00e4nder wie die Ukraine und Polen sind auf dem Glasgower Klimagipfel Initiativen zum Kohleausstieg beigetreten. Die beschleunigte Abkehr vom\" \/>\n<meta property=\"og:url\" content=\"https:\/\/www.sonnenseite.com\/de\/politik\/mehr-laender-steigen-in-den-kohle-ausstieg-ein\/\" \/>\n<meta property=\"og:site_name\" content=\"Sonnenseite\" \/>\n<meta property=\"article:publisher\" content=\"https:\/\/www.facebook.com\/pages\/Franz-Alt-SONNENSEITECOM\/221072987903953?fref=ts\" \/>\n<meta property=\"article:published_time\" content=\"2021-11-05T10:38:31+00:00\" \/>\n<meta property=\"article:modified_time\" content=\"2021-11-14T08:50:00+00:00\" \/>\n<meta property=\"og:image\" content=\"https:\/\/www.sonnenseite.com\/wp-content\/uploads\/2020\/01\/Kohleabbau_Garzweiler_herbert2512.jpg\" \/>\n\t<meta property=\"og:image:width\" content=\"770\" \/>\n\t<meta property=\"og:image:height\" content=\"420\" \/>\n\t<meta property=\"og:image:type\" content=\"image\/jpeg\" \/>\n<meta name=\"author\" content=\"Bigi Alt\" \/>\n<meta name=\"twitter:card\" content=\"summary_large_image\" \/>\n<meta name=\"twitter:creator\" content=\"@franzalt\" \/>\n<meta name=\"twitter:site\" content=\"@franzalt\" \/>\n<meta name=\"twitter:label1\" content=\"Verfasst von\" \/>\n\t<meta name=\"twitter:data1\" content=\"Bigi Alt\" \/>\n\t<meta name=\"twitter:label2\" content=\"Gesch\u00e4tzte Lesezeit\" \/>\n\t<meta name=\"twitter:data2\" content=\"4\u00a0Minuten\" \/>\n<script type=\"application\/ld+json\" class=\"yoast-schema-graph\">{\"@context\":\"https:\/\/schema.org\",\"@graph\":[{\"@type\":\"Article\",\"@id\":\"https:\/\/www.sonnenseite.com\/de\/politik\/mehr-laender-steigen-in-den-kohle-ausstieg-ein\/#article\",\"isPartOf\":{\"@id\":\"https:\/\/www.sonnenseite.com\/de\/politik\/mehr-laender-steigen-in-den-kohle-ausstieg-ein\/\"},\"author\":{\"name\":\"Bigi Alt\",\"@id\":\"https:\/\/www.sonnenseite.com\/de\/#\/schema\/person\/50fda0e926597684c7cc6695238a4eb9\"},\"headline\":\"Mehr L\u00e4nder steigen in den Kohle-Ausstieg ein\",\"datePublished\":\"2021-11-05T10:38:31+00:00\",\"dateModified\":\"2021-11-14T08:50:00+00:00\",\"mainEntityOfPage\":{\"@id\":\"https:\/\/www.sonnenseite.com\/de\/politik\/mehr-laender-steigen-in-den-kohle-ausstieg-ein\/\"},\"wordCount\":770,\"publisher\":{\"@id\":\"https:\/\/www.sonnenseite.com\/de\/#organization\"},\"image\":{\"@id\":\"https:\/\/www.sonnenseite.com\/de\/politik\/mehr-laender-steigen-in-den-kohle-ausstieg-ein\/#primaryimage\"},\"thumbnailUrl\":\"https:\/\/www.sonnenseite.com\/wp-content\/uploads\/2020\/01\/Kohleabbau_Garzweiler_herbert2512.jpg\",\"articleSection\":[\"Politik\"],\"inLanguage\":\"de\"},{\"@type\":\"WebPage\",\"@id\":\"https:\/\/www.sonnenseite.com\/de\/politik\/mehr-laender-steigen-in-den-kohle-ausstieg-ein\/\",\"url\":\"https:\/\/www.sonnenseite.com\/de\/politik\/mehr-laender-steigen-in-den-kohle-ausstieg-ein\/\",\"name\":\"Mehr L\u00e4nder steigen in den Kohle-Ausstieg ein - Sonnenseite - \u00d6kologische Kommunikation mit Franz Alt\",\"isPartOf\":{\"@id\":\"https:\/\/www.sonnenseite.com\/de\/#website\"},\"primaryImageOfPage\":{\"@id\":\"https:\/\/www.sonnenseite.com\/de\/politik\/mehr-laender-steigen-in-den-kohle-ausstieg-ein\/#primaryimage\"},\"image\":{\"@id\":\"https:\/\/www.sonnenseite.com\/de\/politik\/mehr-laender-steigen-in-den-kohle-ausstieg-ein\/#primaryimage\"},\"thumbnailUrl\":\"https:\/\/www.sonnenseite.com\/wp-content\/uploads\/2020\/01\/Kohleabbau_Garzweiler_herbert2512.jpg\",\"datePublished\":\"2021-11-05T10:38:31+00:00\",\"dateModified\":\"2021-11-14T08:50:00+00:00\",\"description\":\"Wichtige Kohle-L\u00e4nder wie die Ukraine und Polen sind auf dem Glasgower Klimagipfel Initiativen zum Kohleausstieg beigetreten. Die beschleunigte Abkehr vom\",\"breadcrumb\":{\"@id\":\"https:\/\/www.sonnenseite.com\/de\/politik\/mehr-laender-steigen-in-den-kohle-ausstieg-ein\/#breadcrumb\"},\"inLanguage\":\"de\",\"potentialAction\":[{\"@type\":\"ReadAction\",\"target\":[\"https:\/\/www.sonnenseite.com\/de\/politik\/mehr-laender-steigen-in-den-kohle-ausstieg-ein\/\"]}]},{\"@type\":\"ImageObject\",\"inLanguage\":\"de\",\"@id\":\"https:\/\/www.sonnenseite.com\/de\/politik\/mehr-laender-steigen-in-den-kohle-ausstieg-ein\/#primaryimage\",\"url\":\"https:\/\/www.sonnenseite.com\/wp-content\/uploads\/2020\/01\/Kohleabbau_Garzweiler_herbert2512.jpg\",\"contentUrl\":\"https:\/\/www.sonnenseite.com\/wp-content\/uploads\/2020\/01\/Kohleabbau_Garzweiler_herbert2512.jpg\",\"width\":770,\"height\":420,\"caption\":\"pixabay.com | Herbert2512 | Kohleabbau Garzweiler | Nachdem auch osteurop\u00e4ische Kohle-L\u00e4nder schneller aussteigen wollen, steht Deutschland ziemlich einsam da.\"},{\"@type\":\"BreadcrumbList\",\"@id\":\"https:\/\/www.sonnenseite.com\/de\/politik\/mehr-laender-steigen-in-den-kohle-ausstieg-ein\/#breadcrumb\",\"itemListElement\":[{\"@type\":\"ListItem\",\"position\":1,\"name\":\"Startseite\",\"item\":\"https:\/\/www.sonnenseite.com\/de\/\"},{\"@type\":\"ListItem\",\"position\":2,\"name\":\"Mehr L\u00e4nder steigen in den Kohle-Ausstieg ein\"}]},{\"@type\":\"WebSite\",\"@id\":\"https:\/\/www.sonnenseite.com\/de\/#website\",\"url\":\"https:\/\/www.sonnenseite.com\/de\/\",\"name\":\"Sonnenseite\",\"description\":\"\u00d6kologische Kommunikation mit Franz Alt\",\"publisher\":{\"@id\":\"https:\/\/www.sonnenseite.com\/de\/#organization\"},\"potentialAction\":[{\"@type\":\"SearchAction\",\"target\":{\"@type\":\"EntryPoint\",\"urlTemplate\":\"https:\/\/www.sonnenseite.com\/de\/?s={search_term_string}\"},\"query-input\":{\"@type\":\"PropertyValueSpecification\",\"valueRequired\":true,\"valueName\":\"search_term_string\"}}],\"inLanguage\":\"de\"},{\"@type\":\"Organization\",\"@id\":\"https:\/\/www.sonnenseite.com\/de\/#organization\",\"name\":\"Sonnenseite\",\"url\":\"https:\/\/www.sonnenseite.com\/de\/\",\"logo\":{\"@type\":\"ImageObject\",\"inLanguage\":\"de\",\"@id\":\"https:\/\/www.sonnenseite.com\/de\/#\/schema\/logo\/image\/\",\"url\":\"https:\/\/www.sonnenseite.com\/wp-content\/uploads\/2020\/05\/Sonnenseite_Logo.png\",\"contentUrl\":\"https:\/\/www.sonnenseite.com\/wp-content\/uploads\/2020\/05\/Sonnenseite_Logo.png\",\"width\":377,\"height\":90,\"caption\":\"Sonnenseite\"},\"image\":{\"@id\":\"https:\/\/www.sonnenseite.com\/de\/#\/schema\/logo\/image\/\"},\"sameAs\":[\"https:\/\/www.facebook.com\/pages\/Franz-Alt-SONNENSEITECOM\/221072987903953?fref=ts\",\"https:\/\/x.com\/franzalt\",\"http:\/\/www.youtube.com\/results?search_query&amp;amp;quot;franz_alt&amp;amp;quot;&amp;amp;amp;amp;search_type&amp;amp;amp;amp;aq=f\"]},{\"@type\":\"Person\",\"@id\":\"https:\/\/www.sonnenseite.com\/de\/#\/schema\/person\/50fda0e926597684c7cc6695238a4eb9\",\"name\":\"Bigi Alt\"}]}<\/script>\n<!-- \/ Yoast SEO plugin. -->","yoast_head_json":{"title":"Mehr L\u00e4nder steigen in den Kohle-Ausstieg ein - Sonnenseite - \u00d6kologische Kommunikation mit Franz Alt","description":"Wichtige Kohle-L\u00e4nder wie die Ukraine und Polen sind auf dem Glasgower Klimagipfel Initiativen zum Kohleausstieg beigetreten. Die beschleunigte Abkehr vom","robots":{"index":"index","follow":"follow","max-snippet":"max-snippet:-1","max-image-preview":"max-image-preview:large","max-video-preview":"max-video-preview:-1"},"canonical":"https:\/\/www.sonnenseite.com\/de\/politik\/mehr-laender-steigen-in-den-kohle-ausstieg-ein\/","og_locale":"de_DE","og_type":"article","og_title":"Mehr L\u00e4nder steigen in den Kohle-Ausstieg ein - Sonnenseite - \u00d6kologische Kommunikation mit Franz Alt","og_description":"Wichtige Kohle-L\u00e4nder wie die Ukraine und Polen sind auf dem Glasgower Klimagipfel Initiativen zum Kohleausstieg beigetreten. Die beschleunigte Abkehr vom","og_url":"https:\/\/www.sonnenseite.com\/de\/politik\/mehr-laender-steigen-in-den-kohle-ausstieg-ein\/","og_site_name":"Sonnenseite","article_publisher":"https:\/\/www.facebook.com\/pages\/Franz-Alt-SONNENSEITECOM\/221072987903953?fref=ts","article_published_time":"2021-11-05T10:38:31+00:00","article_modified_time":"2021-11-14T08:50:00+00:00","og_image":[{"width":770,"height":420,"url":"https:\/\/www.sonnenseite.com\/wp-content\/uploads\/2020\/01\/Kohleabbau_Garzweiler_herbert2512.jpg","type":"image\/jpeg"}],"author":"Bigi Alt","twitter_card":"summary_large_image","twitter_creator":"@franzalt","twitter_site":"@franzalt","twitter_misc":{"Verfasst von":"Bigi Alt","Gesch\u00e4tzte Lesezeit":"4\u00a0Minuten"},"schema":{"@context":"https:\/\/schema.org","@graph":[{"@type":"Article","@id":"https:\/\/www.sonnenseite.com\/de\/politik\/mehr-laender-steigen-in-den-kohle-ausstieg-ein\/#article","isPartOf":{"@id":"https:\/\/www.sonnenseite.com\/de\/politik\/mehr-laender-steigen-in-den-kohle-ausstieg-ein\/"},"author":{"name":"Bigi Alt","@id":"https:\/\/www.sonnenseite.com\/de\/#\/schema\/person\/50fda0e926597684c7cc6695238a4eb9"},"headline":"Mehr L\u00e4nder steigen in den Kohle-Ausstieg ein","datePublished":"2021-11-05T10:38:31+00:00","dateModified":"2021-11-14T08:50:00+00:00","mainEntityOfPage":{"@id":"https:\/\/www.sonnenseite.com\/de\/politik\/mehr-laender-steigen-in-den-kohle-ausstieg-ein\/"},"wordCount":770,"publisher":{"@id":"https:\/\/www.sonnenseite.com\/de\/#organization"},"image":{"@id":"https:\/\/www.sonnenseite.com\/de\/politik\/mehr-laender-steigen-in-den-kohle-ausstieg-ein\/#primaryimage"},"thumbnailUrl":"https:\/\/www.sonnenseite.com\/wp-content\/uploads\/2020\/01\/Kohleabbau_Garzweiler_herbert2512.jpg","articleSection":["Politik"],"inLanguage":"de"},{"@type":"WebPage","@id":"https:\/\/www.sonnenseite.com\/de\/politik\/mehr-laender-steigen-in-den-kohle-ausstieg-ein\/","url":"https:\/\/www.sonnenseite.com\/de\/politik\/mehr-laender-steigen-in-den-kohle-ausstieg-ein\/","name":"Mehr L\u00e4nder steigen in den Kohle-Ausstieg ein - Sonnenseite - \u00d6kologische Kommunikation mit Franz Alt","isPartOf":{"@id":"https:\/\/www.sonnenseite.com\/de\/#website"},"primaryImageOfPage":{"@id":"https:\/\/www.sonnenseite.com\/de\/politik\/mehr-laender-steigen-in-den-kohle-ausstieg-ein\/#primaryimage"},"image":{"@id":"https:\/\/www.sonnenseite.com\/de\/politik\/mehr-laender-steigen-in-den-kohle-ausstieg-ein\/#primaryimage"},"thumbnailUrl":"https:\/\/www.sonnenseite.com\/wp-content\/uploads\/2020\/01\/Kohleabbau_Garzweiler_herbert2512.jpg","datePublished":"2021-11-05T10:38:31+00:00","dateModified":"2021-11-14T08:50:00+00:00","description":"Wichtige Kohle-L\u00e4nder wie die Ukraine und Polen sind auf dem Glasgower Klimagipfel Initiativen zum Kohleausstieg beigetreten. Die beschleunigte Abkehr vom","breadcrumb":{"@id":"https:\/\/www.sonnenseite.com\/de\/politik\/mehr-laender-steigen-in-den-kohle-ausstieg-ein\/#breadcrumb"},"inLanguage":"de","potentialAction":[{"@type":"ReadAction","target":["https:\/\/www.sonnenseite.com\/de\/politik\/mehr-laender-steigen-in-den-kohle-ausstieg-ein\/"]}]},{"@type":"ImageObject","inLanguage":"de","@id":"https:\/\/www.sonnenseite.com\/de\/politik\/mehr-laender-steigen-in-den-kohle-ausstieg-ein\/#primaryimage","url":"https:\/\/www.sonnenseite.com\/wp-content\/uploads\/2020\/01\/Kohleabbau_Garzweiler_herbert2512.jpg","contentUrl":"https:\/\/www.sonnenseite.com\/wp-content\/uploads\/2020\/01\/Kohleabbau_Garzweiler_herbert2512.jpg","width":770,"height":420,"caption":"pixabay.com | Herbert2512 | Kohleabbau Garzweiler | Nachdem auch osteurop\u00e4ische Kohle-L\u00e4nder schneller aussteigen wollen, steht Deutschland ziemlich einsam da."},{"@type":"BreadcrumbList","@id":"https:\/\/www.sonnenseite.com\/de\/politik\/mehr-laender-steigen-in-den-kohle-ausstieg-ein\/#breadcrumb","itemListElement":[{"@type":"ListItem","position":1,"name":"Startseite","item":"https:\/\/www.sonnenseite.com\/de\/"},{"@type":"ListItem","position":2,"name":"Mehr L\u00e4nder steigen in den Kohle-Ausstieg ein"}]},{"@type":"WebSite","@id":"https:\/\/www.sonnenseite.com\/de\/#website","url":"https:\/\/www.sonnenseite.com\/de\/","name":"Sonnenseite","description":"\u00d6kologische Kommunikation mit Franz Alt","publisher":{"@id":"https:\/\/www.sonnenseite.com\/de\/#organization"},"potentialAction":[{"@type":"SearchAction","target":{"@type":"EntryPoint","urlTemplate":"https:\/\/www.sonnenseite.com\/de\/?s={search_term_string}"},"query-input":{"@type":"PropertyValueSpecification","valueRequired":true,"valueName":"search_term_string"}}],"inLanguage":"de"},{"@type":"Organization","@id":"https:\/\/www.sonnenseite.com\/de\/#organization","name":"Sonnenseite","url":"https:\/\/www.sonnenseite.com\/de\/","logo":{"@type":"ImageObject","inLanguage":"de","@id":"https:\/\/www.sonnenseite.com\/de\/#\/schema\/logo\/image\/","url":"https:\/\/www.sonnenseite.com\/wp-content\/uploads\/2020\/05\/Sonnenseite_Logo.png","contentUrl":"https:\/\/www.sonnenseite.com\/wp-content\/uploads\/2020\/05\/Sonnenseite_Logo.png","width":377,"height":90,"caption":"Sonnenseite"},"image":{"@id":"https:\/\/www.sonnenseite.com\/de\/#\/schema\/logo\/image\/"},"sameAs":["https:\/\/www.facebook.com\/pages\/Franz-Alt-SONNENSEITECOM\/221072987903953?fref=ts","https:\/\/x.com\/franzalt","http:\/\/www.youtube.com\/results?search_query&amp;amp;quot;franz_alt&amp;amp;quot;&amp;amp;amp;amp;search_type&amp;amp;amp;amp;aq=f"]},{"@type":"Person","@id":"https:\/\/www.sonnenseite.com\/de\/#\/schema\/person\/50fda0e926597684c7cc6695238a4eb9","name":"Bigi Alt"}]}},"_links":{"self":[{"href":"https:\/\/www.sonnenseite.com\/de\/wp-json\/wp\/v2\/posts\/76489","targetHints":{"allow":["GET"]}}],"collection":[{"href":"https:\/\/www.sonnenseite.com\/de\/wp-json\/wp\/v2\/posts"}],"about":[{"href":"https:\/\/www.sonnenseite.com\/de\/wp-json\/wp\/v2\/types\/post"}],"author":[{"embeddable":true,"href":"https:\/\/www.sonnenseite.com\/de\/wp-json\/wp\/v2\/users\/3"}],"replies":[{"embeddable":true,"href":"https:\/\/www.sonnenseite.com\/de\/wp-json\/wp\/v2\/comments?post=76489"}],"version-history":[{"count":1,"href":"https:\/\/www.sonnenseite.com\/de\/wp-json\/wp\/v2\/posts\/76489\/revisions"}],"predecessor-version":[{"id":76490,"href":"https:\/\/www.sonnenseite.com\/de\/wp-json\/wp\/v2\/posts\/76489\/revisions\/76490"}],"wp:featuredmedia":[{"embeddable":true,"href":"https:\/\/www.sonnenseite.com\/de\/wp-json\/wp\/v2\/media\/3787"}],"wp:attachment":[{"href":"https:\/\/www.sonnenseite.com\/de\/wp-json\/wp\/v2\/media?parent=76489"}],"wp:term":[{"taxonomy":"category","embeddable":true,"href":"https:\/\/www.sonnenseite.com\/de\/wp-json\/wp\/v2\/categories?post=76489"},{"taxonomy":"post_tag","embeddable":true,"href":"https:\/\/www.sonnenseite.com\/de\/wp-json\/wp\/v2\/tags?post=76489"}],"curies":[{"name":"wp","href":"https:\/\/api.w.org\/{rel}","templated":true}]}}