{"id":76628,"date":"2021-11-11T02:49:00","date_gmt":"2021-11-11T01:49:00","guid":{"rendered":"https:\/\/www.sonnenseite.com\/?p=76628"},"modified":"2021-11-10T09:50:08","modified_gmt":"2021-11-10T08:50:08","slug":"ein-natuerlicher-co2-speicher-dank-symbiotischer-bakterien","status":"publish","type":"post","link":"https:\/\/www.sonnenseite.com\/de\/wissenschaft\/ein-natuerlicher-co2-speicher-dank-symbiotischer-bakterien\/","title":{"rendered":"Ein na\u00adt\u00fcr\u00adli\u00adcher CO2-Spei\u00adcher dank sym\u00adbio\u00adti\u00adscher Bak\u00adte\u00adri\u00aden"},"content":{"rendered":"\n<p>Ganz \u00e4hn\u00adlich wie vie\u00adle Land\u00adpflan\u00adzen le\u00adben See\u00adgr\u00e4\u00adser in Sym\u00adbio\u00adse mit stick\u00adstoff\u00adfi\u00adxie\u00adren\u00adden Bak\u00adte\u00adri\u00aden.<\/p>\n\n\n\n<p>Seegraswiesen bedecken gro\u00dfe K\u00fcstenbereiche unseres Planeten und bieten dort einen vielseitigen Lebensraum. Au\u00dferdem nehmen sie gro\u00dfe Mengen Kohlendioxid (CO<sub>2<\/sub>) aus der Atmosph\u00e4re auf und speichern ihn im \u00d6kosystem. Um so gut zu gedeihen, brauchen die Seegr\u00e4ser N\u00e4hrstoffe, haupts\u00e4chlich Stickstoff. Bisher glaubte man, dass die Pflanzen den Stickstoff vorwiegend aus dem umgebenden Wasser und Sediment aufnehmen. Diese sind allerdings extrem n\u00e4hrstoffarm. Nun zeigt eine im Fachmagazin Na\u00adtu\u00adre ver\u00f6ffentlichte Studie von Forschenden des Bremer Max-Planck-Instituts f\u00fcr Marine Mikrobiologie, dass Seegras im Mittelmeer in seinen Wurzeln eine Symbiose mit einem Bakterium unterh\u00e4lt, welches den f\u00fcr das Wachstum notwendigen Stickstoff liefert. Solche Symbiosen waren bisher nur von Landpflanzen bekannt.<\/p>\n\n\n\n<p>See\u00adgr\u00e4\u00adser sind weit ver\u00adbrei\u00adtet in den fla\u00adchen K\u00fcs\u00adten\u00adre\u00adgio\u00adnen ge\u00adm\u00e4\u00ad\u00dfig\u00adter und tro\u00adpi\u00adscher Mee\u00adre. Sie be\u00adde\u00adcken bis zu 600.000 Qua\u00addrat\u00adki\u00adlo\u00adme\u00adter welt\u00adweit, was etwa der Fl\u00e4\u00adche von Frank\u00adreich ent\u00adspricht. Sie bil\u00adden die Grund\u00adla\u00adge f\u00fcr das ge\u00adsam\u00adte \u00d6ko\u00adsys\u00adtem, das zahl\u00adrei\u00adchen Tie\u00adren, dar\u00adun\u00adter auch be\u00addroh\u00adte Ar\u00adten, wie Mee\u00adres\u00adschild\u00adkr\u00f6\u00adten, See\u00adpferd\u00adchen und See\u00adk\u00fc\u00adhe, ein Zu\u00adhau\u00adse ist und vie\u00adlen Fisch\u00adar\u00adten eine si\u00adche\u00adre Kin\u00adder\u00adstu\u00adbe bie\u00adtet. Au\u00ad\u00dfer\u00addem sch\u00fct\u00adzen See\u00adgr\u00e4\u00adser die da\u00adhin\u00adter\u00adlie\u00adgen\u00adden K\u00fcs\u00adten vor Ab\u00adtra\u00adgung durch Sturm\u00adflu\u00adten und neh\u00admen je\u00addes Jahr Mil\u00adlio\u00adnen von Ton\u00adnen an Koh\u00adlen\u00addi\u00adoxid auf, das f\u00fcr lan\u00adge Zei\u00adten im \u00d6ko\u00adsys\u00adtem als so\u00adge\u00adnann\u00adter \u201eblau\u00ader Koh\u00adlen\u00adstoff\u201c ge\u00adspei\u00adchert wird.<\/p>\n\n\n\n<h5 class=\"wp-block-heading\">\u00dcppiges Leben trotz N\u00e4hrstoffarmut<\/h5>\n\n\n\n<p>Der Le\u00adbens\u00adraum vie\u00adler See\u00adgr\u00e4\u00adser ist f\u00fcr ei\u00adnen Gro\u00df\u00adteil des Jah\u00adres arm an N\u00e4hr\u00adstof\u00adfen, wie bei\u00adspiels\u00adwei\u00adse Stick\u00adstoff. Der Stick\u00adstoff ist zwar in sei\u00adner ele\u00admen\u00adta\u00adren Form (N<sub>2<\/sub>) reich\u00adlich im Meer vor\u00adhan\u00adden, doch in die\u00adser Form k\u00f6n\u00adnen ihn die See\u00adgr\u00e4\u00adser nicht auf\u00adneh\u00admen. Dass die Pflan\u00adzen den\u00adnoch \u00fcp\u00adpig ge\u00addei\u00adhen, liegt an ih\u00adren jetzt ent\u00addeck\u00adten klei\u00adnen Hel\u00adfern: bak\u00adte\u00adri\u00adel\u00adle Sym\u00adbi\u00adon\u00adten, die N<sub>2<\/sub> in\u00adner\u00adhalb der Wur\u00adzeln fi\u00adxie\u00adren und den Pflan\u00adzen in nutz\u00adba\u00adrer Form zur Ver\u00adf\u00fc\u00adgung stel\u00adlen. Wieb\u00adke Mohr und ihre Kol\u00adle\u00adgin\u00adnen und Kol\u00adle\u00adgen vom Max-Planck-In\u00adsti\u00adtut f\u00fcr Ma\u00adri\u00adne Mi\u00adkro\u00adbio\u00adlo\u00adgie in Bre\u00admen, Hy\u00addra Ma\u00adri\u00adne Sci\u00aden\u00adces in B\u00fchl und dem Schwei\u00adzer Was\u00adser\u00adfor\u00adschungs\u00adin\u00adsti\u00adtut Ea\u00adwag be\u00adschrei\u00adben nun in ih\u00adrer Stu\u00addie, wie die\u00adse in\u00adni\u00adge Be\u00adzie\u00adhung zwi\u00adschen See\u00adgras und Bak\u00adte\u00adri\u00adum or\u00adga\u00adni\u00adsiert ist.<\/p>\n\n\n\n<h5 class=\"wp-block-heading\">Harmonie in den Wurzeln<\/h5>\n\n\n\n<p>\u201eBis\u00adlang ver\u00admu\u00adte\u00adte man, dass der so\u00adge\u00adnann\u00adte fi\u00adxier\u00adte Stick\u00adstoff f\u00fcr die See\u00adgr\u00e4\u00adser von Bak\u00adte\u00adri\u00aden stammt, die <em>rund um<\/em> die Wur\u00adzeln der Pflan\u00adzen im Mee\u00adres\u00adbo\u00adden le\u00adben\u201c, er\u00adkl\u00e4rt Mohr. \u201eWir zei\u00adgen nun, dass die Be\u00adzie\u00adhung viel en\u00adger ist: Die Bak\u00adte\u00adri\u00aden le\u00adben <em>in<\/em> den Wur\u00adzeln der See\u00adgr\u00e4\u00adser. Das ist das ers\u00adte Mal, dass so eine im wahrs\u00adten Sinn des Wor\u00adtes in\u00adni\u00adge Sym\u00adbio\u00adse bei See\u00adgr\u00e4\u00adsern ge\u00adzeigt wird. Bis\u00adher war sie nur von Land\u00adpflan\u00adzen be\u00adkannt, ins\u00adbe\u00adson\u00adde\u00adre bei land\u00adwirt\u00adschaft\u00adlich wich\u00adti\u00adgen Ar\u00adten, wie den H\u00fcl\u00adsen\u00adfr\u00fccht\u00adlern, Wei\u00adzen oder auch Zu\u00adcker\u00adrohr.\u201c Auch die\u00adse las\u00adsen sich den Luft\u00adstick\u00adstoff von Bak\u00adte\u00adri\u00aden auf\u00adbe\u00adrei\u00adten, de\u00adnen sie im Ge\u00adgen\u00adzug Koh\u00adlen\u00adhy\u00addra\u00adte und an\u00adde\u00adre N\u00e4hr\u00adstof\u00adfe lie\u00adfern. Ei\u00adnen sehr \u00e4hn\u00adli\u00adchen Aus\u00adtausch von Stoff\u00adwech\u00adsel\u00adpro\u00adduk\u00adten gibt es auch zwi\u00adschen dem See\u00adgras und sei\u00adnem Sym\u00adbi\u00adon\u00adten.<\/p>\n\n\n\n<div class=\"wp-block-image\"><figure class=\"alignright size-full is-resized\"><img loading=\"lazy\" decoding=\"async\" src=\"https:\/\/www.sonnenseite.com\/wp-content\/uploads\/2021\/11\/Wiebke-Mohr-Max-Planck-Institut-fuer-Marine-Mikrobiologie-Bucht.jpg\" alt=\"\" class=\"wp-image-76631\" width=\"376\" height=\"282\" srcset=\"https:\/\/www.sonnenseite.com\/wp-content\/uploads\/2021\/11\/Wiebke-Mohr-Max-Planck-Institut-fuer-Marine-Mikrobiologie-Bucht.jpg 666w, https:\/\/www.sonnenseite.com\/wp-content\/uploads\/2021\/11\/Wiebke-Mohr-Max-Planck-Institut-fuer-Marine-Mikrobiologie-Bucht-300x225.jpg 300w\" sizes=\"auto, (max-width: 376px) 100vw, 376px\" \/><figcaption>\u00a9 Wiebke Mohr \/ Max-Planck-Institut f\u00fcr Marine Mikrobiologie | Ein Teil der Bucht von Fetovaia, wo die meisten Proben dieser Studie gesammelt wurden.<\/figcaption><\/figure><\/div>\n\n\n\n<p>Die Bak\u00adte\u00adri\u00aden, die in den Pflan\u00adzen\u00adwur\u00adzeln le\u00adben, sind eine Neu\u00adent\u00adde\u00adckung. Mohr und ihr Team ga\u00adben ih\u00adnen den Na\u00admen <em>Celerinatantimonas neptuna<\/em>, nach ih\u00adrem Gast\u00adge\u00adber, dem Nep\u00adtung\u00adras (<em>Posidonia<\/em>). Ver\u00adwand\u00adte von <em>C. neptuna<\/em> wur\u00adden bis\u00adher auch bei Al\u00adgen im Meer ge\u00adfun\u00adden, etwa beim See\u00adtang. \u201eAls die See\u00adgr\u00e4\u00adser vor etwa 100 Mil\u00adlio\u00adnen Jah\u00adren vom Land ins Meer ge\u00adzo\u00adgen sind, ha\u00adben sie wohl die Bak\u00adte\u00adri\u00aden von den gro\u00ad\u00dfen Al\u00adgen \u00fcber\u00adnom\u00admen\u201c, ver\u00admu\u00adtet Mohr. \u201eSie ha\u00adben das an Land h\u00f6chst er\u00adfolg\u00adrei\u00adche Sys\u00adtem so\u00adzu\u00adsa\u00adgen ko\u00adpiert und sich dann, um im n\u00e4hr\u00adstoff\u00adar\u00admen Meer\u00adwas\u00adser \u00fcber\u00adle\u00adben zu k\u00f6n\u00adnen, ei\u00adnen ma\u00adri\u00adnen Sym\u00adbi\u00adon\u00adten er\u00adwor\u00adben.\u201c Die ak\u00adtu\u00adel\u00adle Stu\u00addie be\u00adsch\u00e4f\u00adtig\u00adte sich mit See\u00adgras der Gat\u00adtung <em>Posidonia<\/em> im Mit\u00adtel\u00admeer. M\u00f6g\u00adli\u00adcher\u00adwei\u00adse be\u00adw\u00e4hrt sich das Kon\u00adzept aber auch an\u00addern\u00adorts. \u201eGen\u00adana\u00adly\u00adsen deu\u00adten dar\u00adauf hin, dass es auch an tro\u00adpi\u00adschen See\u00adgr\u00e4\u00adsern und in Salz\u00adwie\u00adsen sol\u00adche Sym\u00adbio\u00adsen gibt\u201c, sagt Mohr. \u201eSo schaf\u00adfen es die\u00adse Bl\u00fc\u00adten\u00adpflan\u00adzen, ver\u00adschie\u00addens\u00adte, au\u00adgen\u00adschein\u00adlich n\u00e4hr\u00adstoff\u00adar\u00adme Le\u00adbens\u00adr\u00e4u\u00adme zu be\u00adsie\u00addeln, im Was\u00adser eben\u00adso wie an Land.\u201c<\/p>\n\n\n\n<p><strong>Symbiose im Wandel der Jahreszeiten<\/strong><\/p>\n\n\n\n<p>Je nach Jah\u00adres\u00adzeit sind in den K\u00fcs\u00adten\u00adge\u00adw\u00e4s\u00adsern un\u00adter\u00adschied\u00adlich vie\u00adle N\u00e4hr\u00adstof\u00adfe vor\u00adhan\u00adden. Im Win\u00adter und Fr\u00fch\u00adjahr rei\u00adchen die im Was\u00adser und Se\u00addi\u00adment vor\u00adhan\u00adde\u00adnen N\u00e4hr\u00adstof\u00adfe den See\u00adgr\u00e4\u00adsern aus. \u201eDie Sym\u00adbi\u00adon\u00adten sind dann zwar ver\u00adein\u00adzelt in den Wur\u00adzeln der Pflan\u00adzen vor\u00adhan\u00adden, sind aber wahr\u00adschein\u00adlich nicht sehr ak\u00adtiv\u201c, so Mohr. Im Som\u00admer, wenn das Son\u00adnen\u00adlicht zu\u00adnimmt und im\u00admer mehr Al\u00adgen wach\u00adsen und die we\u00adni\u00adgen vor\u00adhan\u00adde\u00adnen N\u00e4hr\u00adstof\u00adfen auf\u00adzeh\u00adren, wird der Stick\u00adstoff schnell knapp. Dann \u00fcber\u00adneh\u00admen die Sym\u00adbi\u00adon\u00adten. Sie lie\u00adfern den See\u00adgr\u00e4\u00adsern di\u00adrekt den Stick\u00adstoff, den sie brau\u00adchen. So ist es m\u00f6g\u00adlich, dass die See\u00adgr\u00e4\u00adser im Som\u00admer, wenn ei\u00adgent\u00adlich kar\u00adge Zei\u00adten an\u00adbre\u00adchen, ihr gr\u00f6\u00df\u00adtes Wachs\u00adtum auf\u00adwei\u00adsen.<\/p>\n\n\n\n<div class=\"wp-block-image\"><figure class=\"aligncenter size-full\"><img loading=\"lazy\" decoding=\"async\" width=\"741\" height=\"350\" src=\"https:\/\/www.sonnenseite.com\/wp-content\/uploads\/2021\/11\/Daniela-Tienken-Soeren-Ahmerkamp-Max-Planck-Institut-fuer-Marine-Mikrobiologie.jpg\" alt=\"\" class=\"wp-image-76633\" srcset=\"https:\/\/www.sonnenseite.com\/wp-content\/uploads\/2021\/11\/Daniela-Tienken-Soeren-Ahmerkamp-Max-Planck-Institut-fuer-Marine-Mikrobiologie.jpg 741w, https:\/\/www.sonnenseite.com\/wp-content\/uploads\/2021\/11\/Daniela-Tienken-Soeren-Ahmerkamp-Max-Planck-Institut-fuer-Marine-Mikrobiologie-300x142.jpg 300w\" sizes=\"auto, (max-width: 741px) 100vw, 741px\" \/><figcaption>\u00a9 Daniela Tienken\/Soeren Ahmerkamp\/Max-Planck-Institut f\u00fcr Marine Mikrobiologie | Die Symbiose unter dem Mikroskop: Links ein Querschnitt durch eine Seegraswurzel, rechts eine Fluoreszenzaufnahme der Bakterien (in pink) im Inneren der Seegraswurzel.<\/figcaption><\/figure><\/div>\n\n\n\n<p><strong>Viele Methoden ergeben ein klares Bild<\/strong><\/p>\n\n\n\n<p>Die nun vor\u00adlie\u00adgen\u00adde Stu\u00addie schl\u00e4gt eine Br\u00fc\u00adcke \u00fcber das ge\u00adsam\u00adte \u00d6ko\u00adsys\u00adtem, von der Pro\u00adduk\u00adti\u00advi\u00adt\u00e4t des See\u00adgra\u00adses bis hin zu den da\u00adf\u00fcr ver\u00adant\u00adwort\u00adli\u00adchen Sym\u00adbi\u00adon\u00adten im Wur\u00adzel\u00adwerk. Um das zu er\u00adm\u00f6g\u00adli\u00adchen nutz\u00adten die For\u00adschen\u00adden eine Viel\u00adzahl ver\u00adschie\u00adde\u00adner Me\u00adtho\u00adden und ka\u00admen der Sym\u00adbio\u00adse so de\u00adtail\u00adliert wie m\u00f6g\u00adlich auf die Spur: Sau\u00ader\u00adstoff\u00admes\u00adsun\u00adgen un\u00admit\u00adtel\u00adbar vor Ort ver\u00adrie\u00adten die Pro\u00adduk\u00adti\u00advi\u00adt\u00e4t der See\u00adgras\u00adwie\u00adse. Mi\u00adkro\u00adsko\u00adpie\u00adtech\u00adni\u00adken, bei de\u00adnen ein\u00adzel\u00adne Bak\u00adte\u00adri\u00aden\u00adar\u00adten farb\u00adlich mar\u00adkiert wer\u00adden k\u00f6n\u00adnen (das so\u00adge\u00adnann\u00adte FISH) hal\u00adfen da\u00adbei, die Bak\u00adte\u00adri\u00aden in und zwi\u00adschen den Wur\u00adzel\u00adzel\u00adlen der See\u00adgr\u00e4\u00adser zu lo\u00adka\u00adli\u00adsie\u00adren. Im Na\u00adno\u00adSIMS, ei\u00adnem hoch\u00admo\u00adder\u00adnen Mas\u00adsen\u00adspek\u00adtro\u00adme\u00adter, zeig\u00adten sie die Ak\u00adti\u00advi\u00adt\u00e4t der ein\u00adzel\u00adnen Bak\u00adte\u00adri\u00aden. So\u00adge\u00adnann\u00adte ge\u00adno\u00admi\u00adsche und tran\u00adskrip\u00adto\u00admi\u00adsche Ana\u00adly\u00adsen er\u00adga\u00adben, wel\u00adche Gene f\u00fcr die In\u00adter\u00adak\u00adti\u00adon ver\u00admut\u00adlich be\u00adson\u00adders wich\u00adtig sind und dass die\u00adse stark ge\u00adnutzt wer\u00adden. So ge\u00adlang den For\u00adschen\u00adden eine fun\u00addier\u00adte und de\u00adtail\u00adlier\u00adte Be\u00adschrei\u00adbung die\u00adser er\u00adstaun\u00adli\u00adchen Zu\u00adsam\u00admen\u00adar\u00adbeit. \u201eAls n\u00e4chs\u00adtes wol\u00adlen wir nun die\u00adse neu\u00aden Bak\u00adte\u00adri\u00aden ge\u00adnau\u00ader un\u00adter\u00adsu\u00adchen\u201c, sagt Mohr. \u201eWir wol\u00adlen sie im La\u00adbor iso\u00adlie\u00adren um ge\u00adnau\u00ader zu un\u00adter\u00adsu\u00adchen, wie die Sym\u00adbio\u00adse funk\u00adtio\u00adniert und ent\u00adstan\u00adden ist. Span\u00adnend wird si\u00adcher auch die Su\u00adche nach ver\u00adgleich\u00adba\u00adren Sys\u00adte\u00admen in an\u00adde\u00adren Re\u00adgio\u00adnen und Le\u00adbens\u00adr\u00e4u\u00admen.\u201c &nbsp;<\/p>\n\n\n\n<p>Wieb\u00adke Mohr, Na\u00addi\u00adne Leh\u00adnen, Soe\u00adren Ah\u00admer\u00adkamp, Han\u00adnah K. Mar\u00adchant, Jon S. Graf, Bern\u00adhard Tschitsch\u00adko, Pe\u00adlin Yil\u00admaz, Sten Litt\u00admann, Ha\u00adrald Gru\u00adber-Vo\u00addi\u00adcka, Ni\u00adko\u00adlaus Leisch, Mi\u00adri\u00adam We\u00adber, Chris\u00adti\u00adan Lott, Cars\u00adten J. Schu\u00adbert, Jana Mi\u00adlucka, Mar\u00adcel M. M. Kuy\u00adpers (2021):\u00a0<a href=\"DOI: 10.1038\/s41586-021-04063-4\">Ter\u00adrestri\u00adal-type ni\u00adtro\u00adgen-fi\u00adxing sym\u00adbio\u00adsis bet\u00adween se\u00adagrass and a ma\u00adri\u00adne bac\u00adte\u00adri\u00adum. Na\u00adtu\u00adre (2021)<\/a><\/p>\n\n\n<h5 class=\"green\">Quelle<\/h5>\r\n\n\n\n<p><a href=\"https:\/\/www.mpi-bremen.de\/Ein-natuerlicher-CO2-Speicher-dank-symbiotischer-Bakterien.html\">Max-Planck-Institut f\u00fcr Marine Mikrobiologie 2021<\/a><\/p>\n<div class=\"shariff shariff-align-flex-start shariff-widget-align-flex-start\"><div class=\"ShariffHeadline\">Diese Meldung teilen<\/div><ul class=\"shariff-buttons theme-round orientation-horizontal buttonsize-medium\"><li class=\"shariff-button facebook shariff-nocustomcolor\" style=\"background-color:#4273c8;border-radius:1%\"><a href=\"https:\/\/www.facebook.com\/sharer\/sharer.php?u=https%3A%2F%2Fwww.sonnenseite.com%2Fde%2Fwissenschaft%2Fein-natuerlicher-co2-speicher-dank-symbiotischer-bakterien%2F\" title=\"Bei Facebook teilen\" aria-label=\"Bei Facebook teilen\" role=\"button\" rel=\"nofollow\" class=\"shariff-link\" style=\";border-radius:1%; background-color:#3b5998; color:#fff\" target=\"_blank\"><span class=\"shariff-icon\" style=\"\"><svg width=\"32px\" height=\"20px\" xmlns=\"http:\/\/www.w3.org\/2000\/svg\" viewBox=\"0 0 18 32\"><path fill=\"#3b5998\" d=\"M17.1 0.2v4.7h-2.8q-1.5 0-2.1 0.6t-0.5 1.9v3.4h5.2l-0.7 5.3h-4.5v13.6h-5.5v-13.6h-4.5v-5.3h4.5v-3.9q0-3.3 1.9-5.2t5-1.8q2.6 0 4.1 0.2z\"\/><\/svg><\/span><\/a><\/li><li class=\"shariff-button twitter shariff-nocustomcolor\" style=\"background-color:#595959;border-radius:1%\"><a href=\"https:\/\/twitter.com\/share?url=https%3A%2F%2Fwww.sonnenseite.com%2Fde%2Fwissenschaft%2Fein-natuerlicher-co2-speicher-dank-symbiotischer-bakterien%2F&text=Ein%20na%C2%ADt%C3%BCr%C2%ADli%C2%ADcher%20CO2-Spei%C2%ADcher%20dank%20sym%C2%ADbio%C2%ADti%C2%ADscher%20Bak%C2%ADte%C2%ADri%C2%ADen\" title=\"Bei X teilen\" aria-label=\"Bei X teilen\" role=\"button\" rel=\"noopener nofollow\" class=\"shariff-link\" style=\";border-radius:1%; background-color:#000; color:#fff\" target=\"_blank\"><span class=\"shariff-icon\" style=\"\"><svg width=\"32px\" height=\"20px\" xmlns=\"http:\/\/www.w3.org\/2000\/svg\" viewBox=\"0 0 24 24\"><path fill=\"#000\" d=\"M14.258 10.152L23.176 0h-2.113l-7.747 8.813L7.133 0H0l9.352 13.328L0 23.973h2.113l8.176-9.309 6.531 9.309h7.133zm-2.895 3.293l-.949-1.328L2.875 1.56h3.246l6.086 8.523.945 1.328 7.91 11.078h-3.246zm0 0\"\/><\/svg><\/span><\/a><\/li><li class=\"shariff-button xing shariff-nocustomcolor\" style=\"background-color:#29888a;border-radius:1%\"><a href=\"https:\/\/www.xing.com\/spi\/shares\/new?url=https%3A%2F%2Fwww.sonnenseite.com%2Fde%2Fwissenschaft%2Fein-natuerlicher-co2-speicher-dank-symbiotischer-bakterien%2F\" title=\"Bei XING teilen\" aria-label=\"Bei XING teilen\" role=\"button\" rel=\"noopener nofollow\" class=\"shariff-link\" style=\";border-radius:1%; background-color:#126567; color:#fff\" target=\"_blank\"><span class=\"shariff-icon\" style=\"\"><svg width=\"32px\" height=\"20px\" xmlns=\"http:\/\/www.w3.org\/2000\/svg\" viewBox=\"0 0 25 32\"><path fill=\"#126567\" d=\"M10.7 11.9q-0.2 0.3-4.6 8.2-0.5 0.8-1.2 0.8h-4.3q-0.4 0-0.5-0.3t0-0.6l4.5-8q0 0 0 0l-2.9-5q-0.2-0.4 0-0.7 0.2-0.3 0.5-0.3h4.3q0.7 0 1.2 0.8zM25.1 0.4q0.2 0.3 0 0.7l-9.4 16.7 6 11q0.2 0.4 0 0.6-0.2 0.3-0.6 0.3h-4.3q-0.7 0-1.2-0.8l-6-11.1q0.3-0.6 9.5-16.8 0.4-0.8 1.2-0.8h4.3q0.4 0 0.5 0.3z\"\/><\/svg><\/span><\/a><\/li><li class=\"shariff-button linkedin shariff-nocustomcolor\" style=\"background-color:#1488bf;border-radius:1%\"><a href=\"https:\/\/www.linkedin.com\/sharing\/share-offsite\/?url=https%3A%2F%2Fwww.sonnenseite.com%2Fde%2Fwissenschaft%2Fein-natuerlicher-co2-speicher-dank-symbiotischer-bakterien%2F\" title=\"Bei LinkedIn teilen\" aria-label=\"Bei LinkedIn teilen\" role=\"button\" rel=\"noopener nofollow\" class=\"shariff-link\" style=\";border-radius:1%; background-color:#0077b5; color:#fff\" target=\"_blank\"><span class=\"shariff-icon\" style=\"\"><svg width=\"32px\" height=\"20px\" xmlns=\"http:\/\/www.w3.org\/2000\/svg\" viewBox=\"0 0 27 32\"><path fill=\"#0077b5\" d=\"M6.2 11.2v17.7h-5.9v-17.7h5.9zM6.6 5.7q0 1.3-0.9 2.2t-2.4 0.9h0q-1.5 0-2.4-0.9t-0.9-2.2 0.9-2.2 2.4-0.9 2.4 0.9 0.9 2.2zM27.4 18.7v10.1h-5.9v-9.5q0-1.9-0.7-2.9t-2.3-1.1q-1.1 0-1.9 0.6t-1.2 1.5q-0.2 0.5-0.2 1.4v9.9h-5.9q0-7.1 0-11.6t0-5.3l0-0.9h5.9v2.6h0q0.4-0.6 0.7-1t1-0.9 1.6-0.8 2-0.3q3 0 4.9 2t1.9 6z\"\/><\/svg><\/span><\/a><\/li><li class=\"shariff-button printer shariff-nocustomcolor\" style=\"background-color:#a8a8a8;border-radius:1%\"><a href=\"javascript:window.print()\" title=\"drucken\" aria-label=\"drucken\" role=\"button\" rel=\"noopener nofollow\" class=\"shariff-link\" style=\";border-radius:1%; background-color:#999; color:#fff\"><span class=\"shariff-icon\" style=\"\"><svg width=\"32px\" height=\"20px\" xmlns=\"http:\/\/www.w3.org\/2000\/svg\" viewBox=\"0 0 30 32\"><path fill=\"#999\" d=\"M6.8 27.4h16v-4.6h-16v4.6zM6.8 16h16v-6.8h-2.8q-0.7 0-1.2-0.5t-0.5-1.2v-2.8h-11.4v11.4zM27.4 17.2q0-0.5-0.3-0.8t-0.8-0.4-0.8 0.4-0.3 0.8 0.3 0.8 0.8 0.3 0.8-0.3 0.3-0.8zM29.7 17.2v7.4q0 0.2-0.2 0.4t-0.4 0.2h-4v2.8q0 0.7-0.5 1.2t-1.2 0.5h-17.2q-0.7 0-1.2-0.5t-0.5-1.2v-2.8h-4q-0.2 0-0.4-0.2t-0.2-0.4v-7.4q0-1.4 1-2.4t2.4-1h1.2v-9.7q0-0.7 0.5-1.2t1.2-0.5h12q0.7 0 1.6 0.4t1.3 0.8l2.7 2.7q0.5 0.5 0.9 1.4t0.4 1.6v4.6h1.1q1.4 0 2.4 1t1 2.4z\"\/><\/svg><\/span><\/a><\/li><li class=\"shariff-button mailto shariff-nocustomcolor\" style=\"background-color:#a8a8a8;border-radius:1%\"><a href=\"mailto:?body=https%3A%2F%2Fwww.sonnenseite.com%2Fde%2Fwissenschaft%2Fein-natuerlicher-co2-speicher-dank-symbiotischer-bakterien%2F&subject=Ein%20na%C2%ADt%C3%BCr%C2%ADli%C2%ADcher%20CO2-Spei%C2%ADcher%20dank%20sym%C2%ADbio%C2%ADti%C2%ADscher%20Bak%C2%ADte%C2%ADri%C2%ADen\" title=\"Per E-Mail versenden\" aria-label=\"Per E-Mail versenden\" role=\"button\" rel=\"noopener nofollow\" class=\"shariff-link\" style=\";border-radius:1%; background-color:#999; color:#fff\"><span class=\"shariff-icon\" style=\"\"><svg width=\"32px\" height=\"20px\" xmlns=\"http:\/\/www.w3.org\/2000\/svg\" viewBox=\"0 0 32 32\"><path fill=\"#999\" d=\"M32 12.7v14.2q0 1.2-0.8 2t-2 0.9h-26.3q-1.2 0-2-0.9t-0.8-2v-14.2q0.8 0.9 1.8 1.6 6.5 4.4 8.9 6.1 1 0.8 1.6 1.2t1.7 0.9 2 0.4h0.1q0.9 0 2-0.4t1.7-0.9 1.6-1.2q3-2.2 8.9-6.1 1-0.7 1.8-1.6zM32 7.4q0 1.4-0.9 2.7t-2.2 2.2q-6.7 4.7-8.4 5.8-0.2 0.1-0.7 0.5t-1 0.7-0.9 0.6-1.1 0.5-0.9 0.2h-0.1q-0.4 0-0.9-0.2t-1.1-0.5-0.9-0.6-1-0.7-0.7-0.5q-1.6-1.1-4.7-3.2t-3.6-2.6q-1.1-0.7-2.1-2t-1-2.5q0-1.4 0.7-2.3t2.1-0.9h26.3q1.2 0 2 0.8t0.9 2z\"\/><\/svg><\/span><\/a><\/li><\/ul><\/div>","protected":false},"excerpt":{"rendered":"<p>Ganz \u00e4hn\u00adlich wie vie\u00adle Land\u00adpflan\u00adzen le\u00adben See\u00adgr\u00e4\u00adser in Sym\u00adbio\u00adse mit stick\u00adstoff\u00adfi\u00adxie\u00adren\u00adden Bak\u00adte\u00adri\u00aden. Seegraswiesen bedecken gro\u00dfe K\u00fcstenbereiche [&hellip;]<\/p>\n","protected":false},"author":3,"featured_media":76629,"comment_status":"closed","ping_status":"closed","sticky":false,"template":"","format":"standard","meta":{"inline_featured_image":false,"footnotes":""},"categories":[26],"tags":[],"class_list":["post-76628","post","type-post","status-publish","format-standard","has-post-thumbnail","hentry","category-wissenschaft"],"yoast_head":"<!-- This site is optimized with the Yoast SEO plugin v26.5 - https:\/\/yoast.com\/wordpress\/plugins\/seo\/ -->\n<title>Ein na\u00adt\u00fcr\u00adli\u00adcher CO2-Spei\u00adcher dank sym\u00adbio\u00adti\u00adscher Bak\u00adte\u00adri\u00aden - Sonnenseite - \u00d6kologische Kommunikation mit Franz Alt<\/title>\n<meta name=\"description\" content=\"Ganz \u00e4hn\u00adlich wie vie\u00adle Land\u00adpflan\u00adzen le\u00adben See\u00adgr\u00e4\u00adser in Sym\u00adbio\u00adse mit stick\u00adstoff\u00adfi\u00adxie\u00adren\u00adden Bak\u00adte\u00adri\u00aden. Seegraswiesen bedecken gro\u00dfe\" \/>\n<meta name=\"robots\" content=\"index, follow, max-snippet:-1, max-image-preview:large, max-video-preview:-1\" \/>\n<link rel=\"canonical\" href=\"https:\/\/www.sonnenseite.com\/de\/wissenschaft\/ein-natuerlicher-co2-speicher-dank-symbiotischer-bakterien\/\" \/>\n<meta property=\"og:locale\" content=\"de_DE\" \/>\n<meta property=\"og:type\" content=\"article\" \/>\n<meta property=\"og:title\" content=\"Ein na\u00adt\u00fcr\u00adli\u00adcher CO2-Spei\u00adcher dank sym\u00adbio\u00adti\u00adscher Bak\u00adte\u00adri\u00aden - Sonnenseite - \u00d6kologische Kommunikation mit Franz Alt\" \/>\n<meta property=\"og:description\" content=\"Ganz \u00e4hn\u00adlich wie vie\u00adle Land\u00adpflan\u00adzen le\u00adben See\u00adgr\u00e4\u00adser in Sym\u00adbio\u00adse mit stick\u00adstoff\u00adfi\u00adxie\u00adren\u00adden Bak\u00adte\u00adri\u00aden. Seegraswiesen bedecken gro\u00dfe\" \/>\n<meta property=\"og:url\" content=\"https:\/\/www.sonnenseite.com\/de\/wissenschaft\/ein-natuerlicher-co2-speicher-dank-symbiotischer-bakterien\/\" \/>\n<meta property=\"og:site_name\" content=\"Sonnenseite\" \/>\n<meta property=\"article:publisher\" content=\"https:\/\/www.facebook.com\/pages\/Franz-Alt-SONNENSEITECOM\/221072987903953?fref=ts\" \/>\n<meta property=\"article:published_time\" content=\"2021-11-11T01:49:00+00:00\" \/>\n<meta property=\"og:image\" content=\"https:\/\/www.sonnenseite.com\/wp-content\/uploads\/2021\/11\/Hydra-Marine-Sciences-GmbH_CO2-Speicher.jpg\" \/>\n\t<meta property=\"og:image:width\" content=\"770\" \/>\n\t<meta property=\"og:image:height\" content=\"420\" \/>\n\t<meta property=\"og:image:type\" content=\"image\/jpeg\" \/>\n<meta name=\"author\" content=\"Bigi Alt\" \/>\n<meta name=\"twitter:card\" content=\"summary_large_image\" \/>\n<meta name=\"twitter:creator\" content=\"@franzalt\" \/>\n<meta name=\"twitter:site\" content=\"@franzalt\" \/>\n<meta name=\"twitter:label1\" content=\"Verfasst von\" \/>\n\t<meta name=\"twitter:data1\" content=\"Bigi Alt\" \/>\n\t<meta name=\"twitter:label2\" content=\"Gesch\u00e4tzte Lesezeit\" \/>\n\t<meta name=\"twitter:data2\" content=\"5\u00a0Minuten\" \/>\n<script type=\"application\/ld+json\" class=\"yoast-schema-graph\">{\"@context\":\"https:\/\/schema.org\",\"@graph\":[{\"@type\":\"Article\",\"@id\":\"https:\/\/www.sonnenseite.com\/de\/wissenschaft\/ein-natuerlicher-co2-speicher-dank-symbiotischer-bakterien\/#article\",\"isPartOf\":{\"@id\":\"https:\/\/www.sonnenseite.com\/de\/wissenschaft\/ein-natuerlicher-co2-speicher-dank-symbiotischer-bakterien\/\"},\"author\":{\"name\":\"Bigi Alt\",\"@id\":\"https:\/\/www.sonnenseite.com\/de\/#\/schema\/person\/50fda0e926597684c7cc6695238a4eb9\"},\"headline\":\"Ein na\u00adt\u00fcr\u00adli\u00adcher CO2-Spei\u00adcher dank sym\u00adbio\u00adti\u00adscher Bak\u00adte\u00adri\u00aden\",\"datePublished\":\"2021-11-11T01:49:00+00:00\",\"mainEntityOfPage\":{\"@id\":\"https:\/\/www.sonnenseite.com\/de\/wissenschaft\/ein-natuerlicher-co2-speicher-dank-symbiotischer-bakterien\/\"},\"wordCount\":1802,\"publisher\":{\"@id\":\"https:\/\/www.sonnenseite.com\/de\/#organization\"},\"image\":{\"@id\":\"https:\/\/www.sonnenseite.com\/de\/wissenschaft\/ein-natuerlicher-co2-speicher-dank-symbiotischer-bakterien\/#primaryimage\"},\"thumbnailUrl\":\"https:\/\/www.sonnenseite.com\/wp-content\/uploads\/2021\/11\/Hydra-Marine-Sciences-GmbH_CO2-Speicher.jpg\",\"articleSection\":[\"Wissenschaft\"],\"inLanguage\":\"de\"},{\"@type\":\"WebPage\",\"@id\":\"https:\/\/www.sonnenseite.com\/de\/wissenschaft\/ein-natuerlicher-co2-speicher-dank-symbiotischer-bakterien\/\",\"url\":\"https:\/\/www.sonnenseite.com\/de\/wissenschaft\/ein-natuerlicher-co2-speicher-dank-symbiotischer-bakterien\/\",\"name\":\"Ein na\u00adt\u00fcr\u00adli\u00adcher CO2-Spei\u00adcher dank sym\u00adbio\u00adti\u00adscher Bak\u00adte\u00adri\u00aden - Sonnenseite - \u00d6kologische Kommunikation mit Franz Alt\",\"isPartOf\":{\"@id\":\"https:\/\/www.sonnenseite.com\/de\/#website\"},\"primaryImageOfPage\":{\"@id\":\"https:\/\/www.sonnenseite.com\/de\/wissenschaft\/ein-natuerlicher-co2-speicher-dank-symbiotischer-bakterien\/#primaryimage\"},\"image\":{\"@id\":\"https:\/\/www.sonnenseite.com\/de\/wissenschaft\/ein-natuerlicher-co2-speicher-dank-symbiotischer-bakterien\/#primaryimage\"},\"thumbnailUrl\":\"https:\/\/www.sonnenseite.com\/wp-content\/uploads\/2021\/11\/Hydra-Marine-Sciences-GmbH_CO2-Speicher.jpg\",\"datePublished\":\"2021-11-11T01:49:00+00:00\",\"description\":\"Ganz \u00e4hn\u00adlich wie vie\u00adle Land\u00adpflan\u00adzen le\u00adben See\u00adgr\u00e4\u00adser in Sym\u00adbio\u00adse mit stick\u00adstoff\u00adfi\u00adxie\u00adren\u00adden Bak\u00adte\u00adri\u00aden. Seegraswiesen bedecken gro\u00dfe\",\"breadcrumb\":{\"@id\":\"https:\/\/www.sonnenseite.com\/de\/wissenschaft\/ein-natuerlicher-co2-speicher-dank-symbiotischer-bakterien\/#breadcrumb\"},\"inLanguage\":\"de\",\"potentialAction\":[{\"@type\":\"ReadAction\",\"target\":[\"https:\/\/www.sonnenseite.com\/de\/wissenschaft\/ein-natuerlicher-co2-speicher-dank-symbiotischer-bakterien\/\"]}]},{\"@type\":\"ImageObject\",\"inLanguage\":\"de\",\"@id\":\"https:\/\/www.sonnenseite.com\/de\/wissenschaft\/ein-natuerlicher-co2-speicher-dank-symbiotischer-bakterien\/#primaryimage\",\"url\":\"https:\/\/www.sonnenseite.com\/wp-content\/uploads\/2021\/11\/Hydra-Marine-Sciences-GmbH_CO2-Speicher.jpg\",\"contentUrl\":\"https:\/\/www.sonnenseite.com\/wp-content\/uploads\/2021\/11\/Hydra-Marine-Sciences-GmbH_CO2-Speicher.jpg\",\"width\":770,\"height\":420,\"caption\":\"Hydra Marine Sciences GmbH | Ein Forschender des Max-Planck-Instituts f\u00fcr Marine Mikrobiologie bei der Probennahme in Seegraswiesen im Mittelmeer. Das Messger\u00e4t bestimmt den Sauerstoffgehalt im Meeresboden.\"},{\"@type\":\"BreadcrumbList\",\"@id\":\"https:\/\/www.sonnenseite.com\/de\/wissenschaft\/ein-natuerlicher-co2-speicher-dank-symbiotischer-bakterien\/#breadcrumb\",\"itemListElement\":[{\"@type\":\"ListItem\",\"position\":1,\"name\":\"Startseite\",\"item\":\"https:\/\/www.sonnenseite.com\/de\/\"},{\"@type\":\"ListItem\",\"position\":2,\"name\":\"Ein na\u00adt\u00fcr\u00adli\u00adcher CO2-Spei\u00adcher dank sym\u00adbio\u00adti\u00adscher Bak\u00adte\u00adri\u00aden\"}]},{\"@type\":\"WebSite\",\"@id\":\"https:\/\/www.sonnenseite.com\/de\/#website\",\"url\":\"https:\/\/www.sonnenseite.com\/de\/\",\"name\":\"Sonnenseite\",\"description\":\"\u00d6kologische Kommunikation mit Franz Alt\",\"publisher\":{\"@id\":\"https:\/\/www.sonnenseite.com\/de\/#organization\"},\"potentialAction\":[{\"@type\":\"SearchAction\",\"target\":{\"@type\":\"EntryPoint\",\"urlTemplate\":\"https:\/\/www.sonnenseite.com\/de\/?s={search_term_string}\"},\"query-input\":{\"@type\":\"PropertyValueSpecification\",\"valueRequired\":true,\"valueName\":\"search_term_string\"}}],\"inLanguage\":\"de\"},{\"@type\":\"Organization\",\"@id\":\"https:\/\/www.sonnenseite.com\/de\/#organization\",\"name\":\"Sonnenseite\",\"url\":\"https:\/\/www.sonnenseite.com\/de\/\",\"logo\":{\"@type\":\"ImageObject\",\"inLanguage\":\"de\",\"@id\":\"https:\/\/www.sonnenseite.com\/de\/#\/schema\/logo\/image\/\",\"url\":\"https:\/\/www.sonnenseite.com\/wp-content\/uploads\/2020\/05\/Sonnenseite_Logo.png\",\"contentUrl\":\"https:\/\/www.sonnenseite.com\/wp-content\/uploads\/2020\/05\/Sonnenseite_Logo.png\",\"width\":377,\"height\":90,\"caption\":\"Sonnenseite\"},\"image\":{\"@id\":\"https:\/\/www.sonnenseite.com\/de\/#\/schema\/logo\/image\/\"},\"sameAs\":[\"https:\/\/www.facebook.com\/pages\/Franz-Alt-SONNENSEITECOM\/221072987903953?fref=ts\",\"https:\/\/x.com\/franzalt\",\"http:\/\/www.youtube.com\/results?search_query&amp;amp;quot;franz_alt&amp;amp;quot;&amp;amp;amp;amp;search_type&amp;amp;amp;amp;aq=f\"]},{\"@type\":\"Person\",\"@id\":\"https:\/\/www.sonnenseite.com\/de\/#\/schema\/person\/50fda0e926597684c7cc6695238a4eb9\",\"name\":\"Bigi Alt\"}]}<\/script>\n<!-- \/ Yoast SEO plugin. -->","yoast_head_json":{"title":"Ein na\u00adt\u00fcr\u00adli\u00adcher CO2-Spei\u00adcher dank sym\u00adbio\u00adti\u00adscher Bak\u00adte\u00adri\u00aden - Sonnenseite - \u00d6kologische Kommunikation mit Franz Alt","description":"Ganz \u00e4hn\u00adlich wie vie\u00adle Land\u00adpflan\u00adzen le\u00adben See\u00adgr\u00e4\u00adser in Sym\u00adbio\u00adse mit stick\u00adstoff\u00adfi\u00adxie\u00adren\u00adden Bak\u00adte\u00adri\u00aden. Seegraswiesen bedecken gro\u00dfe","robots":{"index":"index","follow":"follow","max-snippet":"max-snippet:-1","max-image-preview":"max-image-preview:large","max-video-preview":"max-video-preview:-1"},"canonical":"https:\/\/www.sonnenseite.com\/de\/wissenschaft\/ein-natuerlicher-co2-speicher-dank-symbiotischer-bakterien\/","og_locale":"de_DE","og_type":"article","og_title":"Ein na\u00adt\u00fcr\u00adli\u00adcher CO2-Spei\u00adcher dank sym\u00adbio\u00adti\u00adscher Bak\u00adte\u00adri\u00aden - Sonnenseite - \u00d6kologische Kommunikation mit Franz Alt","og_description":"Ganz \u00e4hn\u00adlich wie vie\u00adle Land\u00adpflan\u00adzen le\u00adben See\u00adgr\u00e4\u00adser in Sym\u00adbio\u00adse mit stick\u00adstoff\u00adfi\u00adxie\u00adren\u00adden Bak\u00adte\u00adri\u00aden. Seegraswiesen bedecken gro\u00dfe","og_url":"https:\/\/www.sonnenseite.com\/de\/wissenschaft\/ein-natuerlicher-co2-speicher-dank-symbiotischer-bakterien\/","og_site_name":"Sonnenseite","article_publisher":"https:\/\/www.facebook.com\/pages\/Franz-Alt-SONNENSEITECOM\/221072987903953?fref=ts","article_published_time":"2021-11-11T01:49:00+00:00","og_image":[{"width":770,"height":420,"url":"https:\/\/www.sonnenseite.com\/wp-content\/uploads\/2021\/11\/Hydra-Marine-Sciences-GmbH_CO2-Speicher.jpg","type":"image\/jpeg"}],"author":"Bigi Alt","twitter_card":"summary_large_image","twitter_creator":"@franzalt","twitter_site":"@franzalt","twitter_misc":{"Verfasst von":"Bigi Alt","Gesch\u00e4tzte Lesezeit":"5\u00a0Minuten"},"schema":{"@context":"https:\/\/schema.org","@graph":[{"@type":"Article","@id":"https:\/\/www.sonnenseite.com\/de\/wissenschaft\/ein-natuerlicher-co2-speicher-dank-symbiotischer-bakterien\/#article","isPartOf":{"@id":"https:\/\/www.sonnenseite.com\/de\/wissenschaft\/ein-natuerlicher-co2-speicher-dank-symbiotischer-bakterien\/"},"author":{"name":"Bigi Alt","@id":"https:\/\/www.sonnenseite.com\/de\/#\/schema\/person\/50fda0e926597684c7cc6695238a4eb9"},"headline":"Ein na\u00adt\u00fcr\u00adli\u00adcher CO2-Spei\u00adcher dank sym\u00adbio\u00adti\u00adscher Bak\u00adte\u00adri\u00aden","datePublished":"2021-11-11T01:49:00+00:00","mainEntityOfPage":{"@id":"https:\/\/www.sonnenseite.com\/de\/wissenschaft\/ein-natuerlicher-co2-speicher-dank-symbiotischer-bakterien\/"},"wordCount":1802,"publisher":{"@id":"https:\/\/www.sonnenseite.com\/de\/#organization"},"image":{"@id":"https:\/\/www.sonnenseite.com\/de\/wissenschaft\/ein-natuerlicher-co2-speicher-dank-symbiotischer-bakterien\/#primaryimage"},"thumbnailUrl":"https:\/\/www.sonnenseite.com\/wp-content\/uploads\/2021\/11\/Hydra-Marine-Sciences-GmbH_CO2-Speicher.jpg","articleSection":["Wissenschaft"],"inLanguage":"de"},{"@type":"WebPage","@id":"https:\/\/www.sonnenseite.com\/de\/wissenschaft\/ein-natuerlicher-co2-speicher-dank-symbiotischer-bakterien\/","url":"https:\/\/www.sonnenseite.com\/de\/wissenschaft\/ein-natuerlicher-co2-speicher-dank-symbiotischer-bakterien\/","name":"Ein na\u00adt\u00fcr\u00adli\u00adcher CO2-Spei\u00adcher dank sym\u00adbio\u00adti\u00adscher Bak\u00adte\u00adri\u00aden - Sonnenseite - \u00d6kologische Kommunikation mit Franz Alt","isPartOf":{"@id":"https:\/\/www.sonnenseite.com\/de\/#website"},"primaryImageOfPage":{"@id":"https:\/\/www.sonnenseite.com\/de\/wissenschaft\/ein-natuerlicher-co2-speicher-dank-symbiotischer-bakterien\/#primaryimage"},"image":{"@id":"https:\/\/www.sonnenseite.com\/de\/wissenschaft\/ein-natuerlicher-co2-speicher-dank-symbiotischer-bakterien\/#primaryimage"},"thumbnailUrl":"https:\/\/www.sonnenseite.com\/wp-content\/uploads\/2021\/11\/Hydra-Marine-Sciences-GmbH_CO2-Speicher.jpg","datePublished":"2021-11-11T01:49:00+00:00","description":"Ganz \u00e4hn\u00adlich wie vie\u00adle Land\u00adpflan\u00adzen le\u00adben See\u00adgr\u00e4\u00adser in Sym\u00adbio\u00adse mit stick\u00adstoff\u00adfi\u00adxie\u00adren\u00adden Bak\u00adte\u00adri\u00aden. Seegraswiesen bedecken gro\u00dfe","breadcrumb":{"@id":"https:\/\/www.sonnenseite.com\/de\/wissenschaft\/ein-natuerlicher-co2-speicher-dank-symbiotischer-bakterien\/#breadcrumb"},"inLanguage":"de","potentialAction":[{"@type":"ReadAction","target":["https:\/\/www.sonnenseite.com\/de\/wissenschaft\/ein-natuerlicher-co2-speicher-dank-symbiotischer-bakterien\/"]}]},{"@type":"ImageObject","inLanguage":"de","@id":"https:\/\/www.sonnenseite.com\/de\/wissenschaft\/ein-natuerlicher-co2-speicher-dank-symbiotischer-bakterien\/#primaryimage","url":"https:\/\/www.sonnenseite.com\/wp-content\/uploads\/2021\/11\/Hydra-Marine-Sciences-GmbH_CO2-Speicher.jpg","contentUrl":"https:\/\/www.sonnenseite.com\/wp-content\/uploads\/2021\/11\/Hydra-Marine-Sciences-GmbH_CO2-Speicher.jpg","width":770,"height":420,"caption":"Hydra Marine Sciences GmbH | Ein Forschender des Max-Planck-Instituts f\u00fcr Marine Mikrobiologie bei der Probennahme in Seegraswiesen im Mittelmeer. Das Messger\u00e4t bestimmt den Sauerstoffgehalt im Meeresboden."},{"@type":"BreadcrumbList","@id":"https:\/\/www.sonnenseite.com\/de\/wissenschaft\/ein-natuerlicher-co2-speicher-dank-symbiotischer-bakterien\/#breadcrumb","itemListElement":[{"@type":"ListItem","position":1,"name":"Startseite","item":"https:\/\/www.sonnenseite.com\/de\/"},{"@type":"ListItem","position":2,"name":"Ein na\u00adt\u00fcr\u00adli\u00adcher CO2-Spei\u00adcher dank sym\u00adbio\u00adti\u00adscher Bak\u00adte\u00adri\u00aden"}]},{"@type":"WebSite","@id":"https:\/\/www.sonnenseite.com\/de\/#website","url":"https:\/\/www.sonnenseite.com\/de\/","name":"Sonnenseite","description":"\u00d6kologische Kommunikation mit Franz Alt","publisher":{"@id":"https:\/\/www.sonnenseite.com\/de\/#organization"},"potentialAction":[{"@type":"SearchAction","target":{"@type":"EntryPoint","urlTemplate":"https:\/\/www.sonnenseite.com\/de\/?s={search_term_string}"},"query-input":{"@type":"PropertyValueSpecification","valueRequired":true,"valueName":"search_term_string"}}],"inLanguage":"de"},{"@type":"Organization","@id":"https:\/\/www.sonnenseite.com\/de\/#organization","name":"Sonnenseite","url":"https:\/\/www.sonnenseite.com\/de\/","logo":{"@type":"ImageObject","inLanguage":"de","@id":"https:\/\/www.sonnenseite.com\/de\/#\/schema\/logo\/image\/","url":"https:\/\/www.sonnenseite.com\/wp-content\/uploads\/2020\/05\/Sonnenseite_Logo.png","contentUrl":"https:\/\/www.sonnenseite.com\/wp-content\/uploads\/2020\/05\/Sonnenseite_Logo.png","width":377,"height":90,"caption":"Sonnenseite"},"image":{"@id":"https:\/\/www.sonnenseite.com\/de\/#\/schema\/logo\/image\/"},"sameAs":["https:\/\/www.facebook.com\/pages\/Franz-Alt-SONNENSEITECOM\/221072987903953?fref=ts","https:\/\/x.com\/franzalt","http:\/\/www.youtube.com\/results?search_query&amp;amp;quot;franz_alt&amp;amp;quot;&amp;amp;amp;amp;search_type&amp;amp;amp;amp;aq=f"]},{"@type":"Person","@id":"https:\/\/www.sonnenseite.com\/de\/#\/schema\/person\/50fda0e926597684c7cc6695238a4eb9","name":"Bigi Alt"}]}},"_links":{"self":[{"href":"https:\/\/www.sonnenseite.com\/de\/wp-json\/wp\/v2\/posts\/76628","targetHints":{"allow":["GET"]}}],"collection":[{"href":"https:\/\/www.sonnenseite.com\/de\/wp-json\/wp\/v2\/posts"}],"about":[{"href":"https:\/\/www.sonnenseite.com\/de\/wp-json\/wp\/v2\/types\/post"}],"author":[{"embeddable":true,"href":"https:\/\/www.sonnenseite.com\/de\/wp-json\/wp\/v2\/users\/3"}],"replies":[{"embeddable":true,"href":"https:\/\/www.sonnenseite.com\/de\/wp-json\/wp\/v2\/comments?post=76628"}],"version-history":[{"count":1,"href":"https:\/\/www.sonnenseite.com\/de\/wp-json\/wp\/v2\/posts\/76628\/revisions"}],"predecessor-version":[{"id":76635,"href":"https:\/\/www.sonnenseite.com\/de\/wp-json\/wp\/v2\/posts\/76628\/revisions\/76635"}],"wp:featuredmedia":[{"embeddable":true,"href":"https:\/\/www.sonnenseite.com\/de\/wp-json\/wp\/v2\/media\/76629"}],"wp:attachment":[{"href":"https:\/\/www.sonnenseite.com\/de\/wp-json\/wp\/v2\/media?parent=76628"}],"wp:term":[{"taxonomy":"category","embeddable":true,"href":"https:\/\/www.sonnenseite.com\/de\/wp-json\/wp\/v2\/categories?post=76628"},{"taxonomy":"post_tag","embeddable":true,"href":"https:\/\/www.sonnenseite.com\/de\/wp-json\/wp\/v2\/tags?post=76628"}],"curies":[{"name":"wp","href":"https:\/\/api.w.org\/{rel}","templated":true}]}}