{"id":76980,"date":"2021-11-21T10:05:01","date_gmt":"2021-11-21T09:05:01","guid":{"rendered":"https:\/\/www.sonnenseite.com\/?p=76980"},"modified":"2021-11-28T09:41:55","modified_gmt":"2021-11-28T08:41:55","slug":"franz-alt-die-sonne-schickt-uns-keine-rechnung","status":"publish","type":"post","link":"https:\/\/www.sonnenseite.com\/de\/franz-alt\/kommentare-interviews\/franz-alt-die-sonne-schickt-uns-keine-rechnung\/","title":{"rendered":"Franz Alt: &#8222;Die Sonne schickt uns keine Rechnung&#8220;"},"content":{"rendered":"\n<p>Transparenz TV vom 22. November 2021 jetzt auf <a href=\"https:\/\/www.youtube.com\/watch?v=UEBVYvKChnc&amp;t=1s\">youtube.com<\/a>.<\/p>\n\n\n\n<p>Vor 30 Jahren schrieb Franz Alt das Buch &#8222;Die Sonne schickt uns keine Rechnung&#8220;. Es wurde ein Welt-Bestseller und ist heute so aktuell wie damals.<\/p>\n\n\n\n<p><strong>D<\/strong>en Bestseller gab es auch auf Vortr\u00e4gen zu h\u00f6ren. Jetzt kommt der Vortrag erstmals ins Fernsehen. Auf zwei Veranstaltungen in Strausberg und Sch\u00f6nhagen pr\u00e4sentierte Franz Alt wesentliche Ausschnitte des legend\u00e4ren Vortrags und Bestsellers.<\/p>\n\n\n\n<p>Die erneuerbaren Energien sind nicht nur \u00f6kologisch, sondern auch \u00f6konomisch unschlagbar, weil Sonne und Wind kostenlose Geschenke des Himmels sind. Vor allem deshalb geh\u00f6rt die Zukunft den Erneuerbaren.<\/p>\n\n\n\n<div class=\"wp-block-image\"><figure class=\"alignright size-full is-resized\"><img loading=\"lazy\" decoding=\"async\" src=\"https:\/\/www.sonnenseite.com\/wp-content\/uploads\/2021\/11\/FA_die-sonne-schickt-uns-keine-rechnung.jpg\" alt=\"\" class=\"wp-image-76984\" width=\"198\" height=\"312\" srcset=\"https:\/\/www.sonnenseite.com\/wp-content\/uploads\/2021\/11\/FA_die-sonne-schickt-uns-keine-rechnung.jpg 316w, https:\/\/www.sonnenseite.com\/wp-content\/uploads\/2021\/11\/FA_die-sonne-schickt-uns-keine-rechnung-190x300.jpg 190w\" sizes=\"auto, (max-width: 198px) 100vw, 198px\" \/><figcaption>Piper Verlag <\/figcaption><\/figure><\/div>\n\n\n\n<p>Unsere Energiepolitik ist im Grunde verfassungswidrig. Sie verst\u00f6\u00dft gegen die W\u00fcrde des Menschen, gegen das Recht auf Leben und in elementarer Weise gegen die allgemeinen Menschenrechte. Nur eine neue gro\u00dfe Bewegung von unten, eine Volksbewegung f\u00fcr das Leben kann uns noch vor dem Untergang retten. Wir m\u00fcssen die Rettung der Umwelt selbst organisieren. Solare Zukunft w\u00e4chst allein aus der Erneuerungskraft und Widerstandsf\u00e4higkeit vieler Menschen.<\/p>\n\n\n\n<p>Franz Alt unterstreicht seine These mit positiven Beispielen aus der ganzen Welt.<\/p>\n\n\n\n<ul class=\"wp-block-list\"><li><a href=\"https:\/\/www.sonnenseite.com\/de\/themen\/sonne-und-wind-schicken-uns-keine-rechnung-die-energiewende-ist-moeglich\/\">Sonne und Wind schicken uns keine Rechnung<\/a> | Warum uns die Energiewende zu Gewinnern macht &#8211; Die Energiewende ist m\u00f6glich<\/li><li><a href=\"http:\/\/www.amazon.de\/gp\/product\/3492254985\/ref=as_li_tl?ie=UTF8&amp;camp=1638&amp;creative=6742&amp;creativeASIN=3492254985&amp;linkCode=as2&amp;tag=drfranzaltferns\">Franz Alt &#8222;Die Sonne schickt uns keine Rechnung | Neue Energie &#8211; Neue Arbeit &#8211; Neue Mobilit\u00e4t<\/a><br><\/li><\/ul>\n\n\n\n<div style=\"height:11px\" aria-hidden=\"true\" class=\"wp-block-spacer\"><\/div>\n\n\n\n<ul class=\"wp-block-list\" id=\"block-81f40187-1b49-4547-b32d-67ffe6aebe37\"><li><strong>Studiogast: <\/strong>Franz Alt \u2013 Transparenz TV<\/li><li><strong>Moderation:<\/strong> <a href=\"https:\/\/de.wikipedia.org\/wiki\/Leben_mit_der_Energiewende\" target=\"_blank\" rel=\"noreferrer noopener\">Frank Farenski, Journalist<\/a> <\/li><\/ul>\n\n\n\n<figure class=\"wp-block-embed is-type-video is-provider-youtube wp-block-embed-youtube wp-embed-aspect-16-9 wp-has-aspect-ratio\"><div class=\"wp-block-embed__wrapper\">\n<iframe loading=\"lazy\" title=\"DIE SONNE SCHICKT UNS KEINE RECHNUNG\" width=\"640\" height=\"360\" src=\"https:\/\/www.youtube.com\/embed\/UEBVYvKChnc?feature=oembed\" frameborder=\"0\" allow=\"accelerometer; autoplay; clipboard-write; encrypted-media; gyroscope; picture-in-picture; web-share\" referrerpolicy=\"strict-origin-when-cross-origin\" allowfullscreen><\/iframe>\n<\/div><\/figure>\n\n\n\n<hr class=\"wp-block-separator\"\/>\n\n\n\n<ul class=\"wp-block-list\" id=\"block-c954b0aa-b3fb-4dbc-afec-c266e6af15cc\"><li>ALLE SENDUNGEN mit FRANZ ALT finden Sie <a href=\"https:\/\/www.sonnenseite.com\/de\/tipps\/juni-report-2020-mit-franz-alt\/de\/franz-alt\/transparenz-tv\/\" target=\"_blank\" rel=\"noreferrer noopener\">hier<\/a> oder auf seinem&nbsp;<a href=\"https:\/\/www.youtube.com\/watch?v=F5uWcsc6NPs&amp;list=PLzWM_p_m7snFcq5XJJ54RUUjD5NZexFBr\" target=\"_blank\" rel=\"noreferrer noopener\">Youtube-Channel Franz Alt \/ Transparenz TV<\/a><\/li><li><a href=\"https:\/\/www.transparenztv.com\/vorschau\/\" target=\"_blank\" rel=\"noreferrer noopener\">Die Sendungen sind hier angek\u00fcndigt<\/a><\/li><\/ul>\n\n\n\n<hr class=\"wp-block-separator\" id=\"block-6a5716fe-c668-4d25-a16a-223c43c07914\"\/>\n\n\n\n<h5 class=\"wp-block-heading\" id=\"block-24a55663-374c-482c-93e9-9a0df9c5eb53\">Quelle<\/h5>\n\n\n\n<p id=\"block-f2a53217-5da4-4245-bb0c-c77245387c0c\"><strong>Transparenz TV:<\/strong> Frank Farenski Film UG, Pariser Platz&nbsp;6, 10117 Berlin | Telefon: +49 (0) 30 \/ 844 370 89 \/\/\/ Mobil: +49 152 \/ 539 601 83 |&nbsp;<a href=\"mailto:kontakt@farenskifilm.com\">Kontakt zum Team<\/a>&nbsp;|&nbsp;Internet:&nbsp;<a href=\"http:\/\/www.transparenztv.com\/\" target=\"_blank\" rel=\"noreferrer noopener\">www.transparenztv.com<\/a><\/p>\n<div class=\"shariff shariff-align-flex-start shariff-widget-align-flex-start\"><div class=\"ShariffHeadline\">Diese Meldung teilen<\/div><ul class=\"shariff-buttons theme-round orientation-horizontal buttonsize-medium\"><li class=\"shariff-button facebook shariff-nocustomcolor\" style=\"background-color:#4273c8;border-radius:1%\"><a href=\"https:\/\/www.facebook.com\/sharer\/sharer.php?u=https%3A%2F%2Fwww.sonnenseite.com%2Fde%2Ffranz-alt%2Fkommentare-interviews%2Ffranz-alt-die-sonne-schickt-uns-keine-rechnung%2F\" title=\"Bei Facebook teilen\" aria-label=\"Bei Facebook teilen\" role=\"button\" rel=\"nofollow\" class=\"shariff-link\" style=\";border-radius:1%; background-color:#3b5998; color:#fff\" target=\"_blank\"><span class=\"shariff-icon\" style=\"\"><svg width=\"32px\" height=\"20px\" xmlns=\"http:\/\/www.w3.org\/2000\/svg\" viewBox=\"0 0 18 32\"><path fill=\"#3b5998\" d=\"M17.1 0.2v4.7h-2.8q-1.5 0-2.1 0.6t-0.5 1.9v3.4h5.2l-0.7 5.3h-4.5v13.6h-5.5v-13.6h-4.5v-5.3h4.5v-3.9q0-3.3 1.9-5.2t5-1.8q2.6 0 4.1 0.2z\"\/><\/svg><\/span><\/a><\/li><li class=\"shariff-button twitter shariff-nocustomcolor\" style=\"background-color:#595959;border-radius:1%\"><a href=\"https:\/\/twitter.com\/share?url=https%3A%2F%2Fwww.sonnenseite.com%2Fde%2Ffranz-alt%2Fkommentare-interviews%2Ffranz-alt-die-sonne-schickt-uns-keine-rechnung%2F&text=Franz%20Alt%3A%20%E2%80%9EDie%20Sonne%20schickt%20uns%20keine%20Rechnung%E2%80%9C\" title=\"Bei X teilen\" aria-label=\"Bei X teilen\" role=\"button\" rel=\"noopener nofollow\" class=\"shariff-link\" style=\";border-radius:1%; background-color:#000; color:#fff\" target=\"_blank\"><span class=\"shariff-icon\" style=\"\"><svg width=\"32px\" height=\"20px\" xmlns=\"http:\/\/www.w3.org\/2000\/svg\" viewBox=\"0 0 24 24\"><path fill=\"#000\" d=\"M14.258 10.152L23.176 0h-2.113l-7.747 8.813L7.133 0H0l9.352 13.328L0 23.973h2.113l8.176-9.309 6.531 9.309h7.133zm-2.895 3.293l-.949-1.328L2.875 1.56h3.246l6.086 8.523.945 1.328 7.91 11.078h-3.246zm0 0\"\/><\/svg><\/span><\/a><\/li><li class=\"shariff-button xing shariff-nocustomcolor\" style=\"background-color:#29888a;border-radius:1%\"><a href=\"https:\/\/www.xing.com\/spi\/shares\/new?url=https%3A%2F%2Fwww.sonnenseite.com%2Fde%2Ffranz-alt%2Fkommentare-interviews%2Ffranz-alt-die-sonne-schickt-uns-keine-rechnung%2F\" title=\"Bei XING teilen\" aria-label=\"Bei XING teilen\" role=\"button\" rel=\"noopener nofollow\" class=\"shariff-link\" style=\";border-radius:1%; background-color:#126567; color:#fff\" target=\"_blank\"><span class=\"shariff-icon\" style=\"\"><svg width=\"32px\" height=\"20px\" xmlns=\"http:\/\/www.w3.org\/2000\/svg\" viewBox=\"0 0 25 32\"><path fill=\"#126567\" d=\"M10.7 11.9q-0.2 0.3-4.6 8.2-0.5 0.8-1.2 0.8h-4.3q-0.4 0-0.5-0.3t0-0.6l4.5-8q0 0 0 0l-2.9-5q-0.2-0.4 0-0.7 0.2-0.3 0.5-0.3h4.3q0.7 0 1.2 0.8zM25.1 0.4q0.2 0.3 0 0.7l-9.4 16.7 6 11q0.2 0.4 0 0.6-0.2 0.3-0.6 0.3h-4.3q-0.7 0-1.2-0.8l-6-11.1q0.3-0.6 9.5-16.8 0.4-0.8 1.2-0.8h4.3q0.4 0 0.5 0.3z\"\/><\/svg><\/span><\/a><\/li><li class=\"shariff-button linkedin shariff-nocustomcolor\" style=\"background-color:#1488bf;border-radius:1%\"><a href=\"https:\/\/www.linkedin.com\/sharing\/share-offsite\/?url=https%3A%2F%2Fwww.sonnenseite.com%2Fde%2Ffranz-alt%2Fkommentare-interviews%2Ffranz-alt-die-sonne-schickt-uns-keine-rechnung%2F\" title=\"Bei LinkedIn teilen\" aria-label=\"Bei LinkedIn teilen\" role=\"button\" rel=\"noopener nofollow\" class=\"shariff-link\" style=\";border-radius:1%; background-color:#0077b5; color:#fff\" target=\"_blank\"><span class=\"shariff-icon\" style=\"\"><svg width=\"32px\" height=\"20px\" xmlns=\"http:\/\/www.w3.org\/2000\/svg\" viewBox=\"0 0 27 32\"><path fill=\"#0077b5\" d=\"M6.2 11.2v17.7h-5.9v-17.7h5.9zM6.6 5.7q0 1.3-0.9 2.2t-2.4 0.9h0q-1.5 0-2.4-0.9t-0.9-2.2 0.9-2.2 2.4-0.9 2.4 0.9 0.9 2.2zM27.4 18.7v10.1h-5.9v-9.5q0-1.9-0.7-2.9t-2.3-1.1q-1.1 0-1.9 0.6t-1.2 1.5q-0.2 0.5-0.2 1.4v9.9h-5.9q0-7.1 0-11.6t0-5.3l0-0.9h5.9v2.6h0q0.4-0.6 0.7-1t1-0.9 1.6-0.8 2-0.3q3 0 4.9 2t1.9 6z\"\/><\/svg><\/span><\/a><\/li><li class=\"shariff-button printer shariff-nocustomcolor\" style=\"background-color:#a8a8a8;border-radius:1%\"><a href=\"javascript:window.print()\" title=\"drucken\" aria-label=\"drucken\" role=\"button\" rel=\"noopener nofollow\" class=\"shariff-link\" style=\";border-radius:1%; background-color:#999; color:#fff\"><span class=\"shariff-icon\" style=\"\"><svg width=\"32px\" height=\"20px\" xmlns=\"http:\/\/www.w3.org\/2000\/svg\" viewBox=\"0 0 30 32\"><path fill=\"#999\" d=\"M6.8 27.4h16v-4.6h-16v4.6zM6.8 16h16v-6.8h-2.8q-0.7 0-1.2-0.5t-0.5-1.2v-2.8h-11.4v11.4zM27.4 17.2q0-0.5-0.3-0.8t-0.8-0.4-0.8 0.4-0.3 0.8 0.3 0.8 0.8 0.3 0.8-0.3 0.3-0.8zM29.7 17.2v7.4q0 0.2-0.2 0.4t-0.4 0.2h-4v2.8q0 0.7-0.5 1.2t-1.2 0.5h-17.2q-0.7 0-1.2-0.5t-0.5-1.2v-2.8h-4q-0.2 0-0.4-0.2t-0.2-0.4v-7.4q0-1.4 1-2.4t2.4-1h1.2v-9.7q0-0.7 0.5-1.2t1.2-0.5h12q0.7 0 1.6 0.4t1.3 0.8l2.7 2.7q0.5 0.5 0.9 1.4t0.4 1.6v4.6h1.1q1.4 0 2.4 1t1 2.4z\"\/><\/svg><\/span><\/a><\/li><li class=\"shariff-button mailto shariff-nocustomcolor\" style=\"background-color:#a8a8a8;border-radius:1%\"><a href=\"mailto:?body=https%3A%2F%2Fwww.sonnenseite.com%2Fde%2Ffranz-alt%2Fkommentare-interviews%2Ffranz-alt-die-sonne-schickt-uns-keine-rechnung%2F&subject=Franz%20Alt%3A%20%E2%80%9EDie%20Sonne%20schickt%20uns%20keine%20Rechnung%E2%80%9C\" title=\"Per E-Mail versenden\" aria-label=\"Per E-Mail versenden\" role=\"button\" rel=\"noopener nofollow\" class=\"shariff-link\" style=\";border-radius:1%; background-color:#999; color:#fff\"><span class=\"shariff-icon\" style=\"\"><svg width=\"32px\" height=\"20px\" xmlns=\"http:\/\/www.w3.org\/2000\/svg\" viewBox=\"0 0 32 32\"><path fill=\"#999\" d=\"M32 12.7v14.2q0 1.2-0.8 2t-2 0.9h-26.3q-1.2 0-2-0.9t-0.8-2v-14.2q0.8 0.9 1.8 1.6 6.5 4.4 8.9 6.1 1 0.8 1.6 1.2t1.7 0.9 2 0.4h0.1q0.9 0 2-0.4t1.7-0.9 1.6-1.2q3-2.2 8.9-6.1 1-0.7 1.8-1.6zM32 7.4q0 1.4-0.9 2.7t-2.2 2.2q-6.7 4.7-8.4 5.8-0.2 0.1-0.7 0.5t-1 0.7-0.9 0.6-1.1 0.5-0.9 0.2h-0.1q-0.4 0-0.9-0.2t-1.1-0.5-0.9-0.6-1-0.7-0.7-0.5q-1.6-1.1-4.7-3.2t-3.6-2.6q-1.1-0.7-2.1-2t-1-2.5q0-1.4 0.7-2.3t2.1-0.9h26.3q1.2 0 2 0.8t0.9 2z\"\/><\/svg><\/span><\/a><\/li><\/ul><\/div>","protected":false},"excerpt":{"rendered":"<p>Transparenz TV vom 22. November 2021 jetzt auf youtube.com. Vor 30 Jahren schrieb Franz Alt das [&hellip;]<\/p>\n","protected":false},"author":3,"featured_media":76989,"comment_status":"closed","ping_status":"closed","sticky":false,"template":"","format":"standard","meta":{"inline_featured_image":false,"footnotes":""},"categories":[29],"tags":[],"class_list":["post-76980","post","type-post","status-publish","format-standard","has-post-thumbnail","hentry","category-kommentare-interviews"],"yoast_head":"<!-- This site is optimized with the Yoast SEO plugin v26.5 - https:\/\/yoast.com\/wordpress\/plugins\/seo\/ -->\n<title>Franz Alt: &quot;Die Sonne schickt uns keine Rechnung&quot; - Sonnenseite - \u00d6kologische Kommunikation mit Franz Alt<\/title>\n<meta name=\"description\" content=\"Transparenz TV vom 22. November 2021 jetzt auf youtube.com. Vor 30 Jahren schrieb Franz Alt das Buch &quot;Die Sonne schickt uns keine Rechnung&quot;. Es wurde ein\" \/>\n<meta name=\"robots\" content=\"index, follow, max-snippet:-1, max-image-preview:large, max-video-preview:-1\" \/>\n<link rel=\"canonical\" href=\"https:\/\/www.sonnenseite.com\/de\/franz-alt\/kommentare-interviews\/franz-alt-die-sonne-schickt-uns-keine-rechnung\/\" \/>\n<meta property=\"og:locale\" content=\"de_DE\" \/>\n<meta property=\"og:type\" content=\"article\" \/>\n<meta property=\"og:title\" content=\"Franz Alt: &quot;Die Sonne schickt uns keine Rechnung&quot; - Sonnenseite - \u00d6kologische Kommunikation mit Franz Alt\" \/>\n<meta property=\"og:description\" content=\"Transparenz TV vom 22. November 2021 jetzt auf youtube.com. Vor 30 Jahren schrieb Franz Alt das Buch &quot;Die Sonne schickt uns keine Rechnung&quot;. Es wurde ein\" \/>\n<meta property=\"og:url\" content=\"https:\/\/www.sonnenseite.com\/de\/franz-alt\/kommentare-interviews\/franz-alt-die-sonne-schickt-uns-keine-rechnung\/\" \/>\n<meta property=\"og:site_name\" content=\"Sonnenseite\" \/>\n<meta property=\"article:publisher\" content=\"https:\/\/www.facebook.com\/pages\/Franz-Alt-SONNENSEITECOM\/221072987903953?fref=ts\" \/>\n<meta property=\"article:published_time\" content=\"2021-11-21T09:05:01+00:00\" \/>\n<meta property=\"article:modified_time\" content=\"2021-11-28T08:41:55+00:00\" \/>\n<meta property=\"og:image\" content=\"https:\/\/www.sonnenseite.com\/wp-content\/uploads\/2021\/11\/TransparenzTV_FA_Sonne-1.jpg\" \/>\n\t<meta property=\"og:image:width\" content=\"770\" \/>\n\t<meta property=\"og:image:height\" content=\"420\" \/>\n\t<meta property=\"og:image:type\" content=\"image\/jpeg\" \/>\n<meta name=\"author\" content=\"Bigi Alt\" \/>\n<meta name=\"twitter:card\" content=\"summary_large_image\" \/>\n<meta name=\"twitter:creator\" content=\"@franzalt\" \/>\n<meta name=\"twitter:site\" content=\"@franzalt\" \/>\n<meta name=\"twitter:label1\" content=\"Verfasst von\" \/>\n\t<meta name=\"twitter:data1\" content=\"Bigi Alt\" \/>\n\t<meta name=\"twitter:label2\" content=\"Gesch\u00e4tzte Lesezeit\" \/>\n\t<meta name=\"twitter:data2\" content=\"2\u00a0Minuten\" \/>\n<script type=\"application\/ld+json\" class=\"yoast-schema-graph\">{\"@context\":\"https:\/\/schema.org\",\"@graph\":[{\"@type\":\"Article\",\"@id\":\"https:\/\/www.sonnenseite.com\/de\/franz-alt\/kommentare-interviews\/franz-alt-die-sonne-schickt-uns-keine-rechnung\/#article\",\"isPartOf\":{\"@id\":\"https:\/\/www.sonnenseite.com\/de\/franz-alt\/kommentare-interviews\/franz-alt-die-sonne-schickt-uns-keine-rechnung\/\"},\"author\":{\"name\":\"Bigi Alt\",\"@id\":\"https:\/\/www.sonnenseite.com\/de\/#\/schema\/person\/50fda0e926597684c7cc6695238a4eb9\"},\"headline\":\"Franz Alt: &#8222;Die Sonne schickt uns keine Rechnung&#8220;\",\"datePublished\":\"2021-11-21T09:05:01+00:00\",\"dateModified\":\"2021-11-28T08:41:55+00:00\",\"mainEntityOfPage\":{\"@id\":\"https:\/\/www.sonnenseite.com\/de\/franz-alt\/kommentare-interviews\/franz-alt-die-sonne-schickt-uns-keine-rechnung\/\"},\"wordCount\":292,\"publisher\":{\"@id\":\"https:\/\/www.sonnenseite.com\/de\/#organization\"},\"image\":{\"@id\":\"https:\/\/www.sonnenseite.com\/de\/franz-alt\/kommentare-interviews\/franz-alt-die-sonne-schickt-uns-keine-rechnung\/#primaryimage\"},\"thumbnailUrl\":\"https:\/\/www.sonnenseite.com\/wp-content\/uploads\/2021\/11\/TransparenzTV_FA_Sonne-1.jpg\",\"articleSection\":[\"Kommentare &amp; Interviews\"],\"inLanguage\":\"de\"},{\"@type\":\"WebPage\",\"@id\":\"https:\/\/www.sonnenseite.com\/de\/franz-alt\/kommentare-interviews\/franz-alt-die-sonne-schickt-uns-keine-rechnung\/\",\"url\":\"https:\/\/www.sonnenseite.com\/de\/franz-alt\/kommentare-interviews\/franz-alt-die-sonne-schickt-uns-keine-rechnung\/\",\"name\":\"Franz Alt: \\\"Die Sonne schickt uns keine Rechnung\\\" - Sonnenseite - \u00d6kologische Kommunikation mit Franz Alt\",\"isPartOf\":{\"@id\":\"https:\/\/www.sonnenseite.com\/de\/#website\"},\"primaryImageOfPage\":{\"@id\":\"https:\/\/www.sonnenseite.com\/de\/franz-alt\/kommentare-interviews\/franz-alt-die-sonne-schickt-uns-keine-rechnung\/#primaryimage\"},\"image\":{\"@id\":\"https:\/\/www.sonnenseite.com\/de\/franz-alt\/kommentare-interviews\/franz-alt-die-sonne-schickt-uns-keine-rechnung\/#primaryimage\"},\"thumbnailUrl\":\"https:\/\/www.sonnenseite.com\/wp-content\/uploads\/2021\/11\/TransparenzTV_FA_Sonne-1.jpg\",\"datePublished\":\"2021-11-21T09:05:01+00:00\",\"dateModified\":\"2021-11-28T08:41:55+00:00\",\"description\":\"Transparenz TV vom 22. November 2021 jetzt auf youtube.com. Vor 30 Jahren schrieb Franz Alt das Buch \\\"Die Sonne schickt uns keine Rechnung\\\". Es wurde ein\",\"breadcrumb\":{\"@id\":\"https:\/\/www.sonnenseite.com\/de\/franz-alt\/kommentare-interviews\/franz-alt-die-sonne-schickt-uns-keine-rechnung\/#breadcrumb\"},\"inLanguage\":\"de\",\"potentialAction\":[{\"@type\":\"ReadAction\",\"target\":[\"https:\/\/www.sonnenseite.com\/de\/franz-alt\/kommentare-interviews\/franz-alt-die-sonne-schickt-uns-keine-rechnung\/\"]}]},{\"@type\":\"ImageObject\",\"inLanguage\":\"de\",\"@id\":\"https:\/\/www.sonnenseite.com\/de\/franz-alt\/kommentare-interviews\/franz-alt-die-sonne-schickt-uns-keine-rechnung\/#primaryimage\",\"url\":\"https:\/\/www.sonnenseite.com\/wp-content\/uploads\/2021\/11\/TransparenzTV_FA_Sonne-1.jpg\",\"contentUrl\":\"https:\/\/www.sonnenseite.com\/wp-content\/uploads\/2021\/11\/TransparenzTV_FA_Sonne-1.jpg\",\"width\":770,\"height\":420,\"caption\":\"Transparenz TV | fotolia.com\"},{\"@type\":\"BreadcrumbList\",\"@id\":\"https:\/\/www.sonnenseite.com\/de\/franz-alt\/kommentare-interviews\/franz-alt-die-sonne-schickt-uns-keine-rechnung\/#breadcrumb\",\"itemListElement\":[{\"@type\":\"ListItem\",\"position\":1,\"name\":\"Startseite\",\"item\":\"https:\/\/www.sonnenseite.com\/de\/\"},{\"@type\":\"ListItem\",\"position\":2,\"name\":\"Franz Alt: &#8222;Die Sonne schickt uns keine Rechnung&#8220;\"}]},{\"@type\":\"WebSite\",\"@id\":\"https:\/\/www.sonnenseite.com\/de\/#website\",\"url\":\"https:\/\/www.sonnenseite.com\/de\/\",\"name\":\"Sonnenseite\",\"description\":\"\u00d6kologische Kommunikation mit Franz Alt\",\"publisher\":{\"@id\":\"https:\/\/www.sonnenseite.com\/de\/#organization\"},\"potentialAction\":[{\"@type\":\"SearchAction\",\"target\":{\"@type\":\"EntryPoint\",\"urlTemplate\":\"https:\/\/www.sonnenseite.com\/de\/?s={search_term_string}\"},\"query-input\":{\"@type\":\"PropertyValueSpecification\",\"valueRequired\":true,\"valueName\":\"search_term_string\"}}],\"inLanguage\":\"de\"},{\"@type\":\"Organization\",\"@id\":\"https:\/\/www.sonnenseite.com\/de\/#organization\",\"name\":\"Sonnenseite\",\"url\":\"https:\/\/www.sonnenseite.com\/de\/\",\"logo\":{\"@type\":\"ImageObject\",\"inLanguage\":\"de\",\"@id\":\"https:\/\/www.sonnenseite.com\/de\/#\/schema\/logo\/image\/\",\"url\":\"https:\/\/www.sonnenseite.com\/wp-content\/uploads\/2020\/05\/Sonnenseite_Logo.png\",\"contentUrl\":\"https:\/\/www.sonnenseite.com\/wp-content\/uploads\/2020\/05\/Sonnenseite_Logo.png\",\"width\":377,\"height\":90,\"caption\":\"Sonnenseite\"},\"image\":{\"@id\":\"https:\/\/www.sonnenseite.com\/de\/#\/schema\/logo\/image\/\"},\"sameAs\":[\"https:\/\/www.facebook.com\/pages\/Franz-Alt-SONNENSEITECOM\/221072987903953?fref=ts\",\"https:\/\/x.com\/franzalt\",\"http:\/\/www.youtube.com\/results?search_query&amp;amp;quot;franz_alt&amp;amp;quot;&amp;amp;amp;amp;search_type&amp;amp;amp;amp;aq=f\"]},{\"@type\":\"Person\",\"@id\":\"https:\/\/www.sonnenseite.com\/de\/#\/schema\/person\/50fda0e926597684c7cc6695238a4eb9\",\"name\":\"Bigi Alt\"}]}<\/script>\n<!-- \/ Yoast SEO plugin. -->","yoast_head_json":{"title":"Franz Alt: \"Die Sonne schickt uns keine Rechnung\" - Sonnenseite - \u00d6kologische Kommunikation mit Franz Alt","description":"Transparenz TV vom 22. November 2021 jetzt auf youtube.com. Vor 30 Jahren schrieb Franz Alt das Buch \"Die Sonne schickt uns keine Rechnung\". Es wurde ein","robots":{"index":"index","follow":"follow","max-snippet":"max-snippet:-1","max-image-preview":"max-image-preview:large","max-video-preview":"max-video-preview:-1"},"canonical":"https:\/\/www.sonnenseite.com\/de\/franz-alt\/kommentare-interviews\/franz-alt-die-sonne-schickt-uns-keine-rechnung\/","og_locale":"de_DE","og_type":"article","og_title":"Franz Alt: \"Die Sonne schickt uns keine Rechnung\" - Sonnenseite - \u00d6kologische Kommunikation mit Franz Alt","og_description":"Transparenz TV vom 22. November 2021 jetzt auf youtube.com. Vor 30 Jahren schrieb Franz Alt das Buch \"Die Sonne schickt uns keine Rechnung\". Es wurde ein","og_url":"https:\/\/www.sonnenseite.com\/de\/franz-alt\/kommentare-interviews\/franz-alt-die-sonne-schickt-uns-keine-rechnung\/","og_site_name":"Sonnenseite","article_publisher":"https:\/\/www.facebook.com\/pages\/Franz-Alt-SONNENSEITECOM\/221072987903953?fref=ts","article_published_time":"2021-11-21T09:05:01+00:00","article_modified_time":"2021-11-28T08:41:55+00:00","og_image":[{"width":770,"height":420,"url":"https:\/\/www.sonnenseite.com\/wp-content\/uploads\/2021\/11\/TransparenzTV_FA_Sonne-1.jpg","type":"image\/jpeg"}],"author":"Bigi Alt","twitter_card":"summary_large_image","twitter_creator":"@franzalt","twitter_site":"@franzalt","twitter_misc":{"Verfasst von":"Bigi Alt","Gesch\u00e4tzte Lesezeit":"2\u00a0Minuten"},"schema":{"@context":"https:\/\/schema.org","@graph":[{"@type":"Article","@id":"https:\/\/www.sonnenseite.com\/de\/franz-alt\/kommentare-interviews\/franz-alt-die-sonne-schickt-uns-keine-rechnung\/#article","isPartOf":{"@id":"https:\/\/www.sonnenseite.com\/de\/franz-alt\/kommentare-interviews\/franz-alt-die-sonne-schickt-uns-keine-rechnung\/"},"author":{"name":"Bigi Alt","@id":"https:\/\/www.sonnenseite.com\/de\/#\/schema\/person\/50fda0e926597684c7cc6695238a4eb9"},"headline":"Franz Alt: &#8222;Die Sonne schickt uns keine Rechnung&#8220;","datePublished":"2021-11-21T09:05:01+00:00","dateModified":"2021-11-28T08:41:55+00:00","mainEntityOfPage":{"@id":"https:\/\/www.sonnenseite.com\/de\/franz-alt\/kommentare-interviews\/franz-alt-die-sonne-schickt-uns-keine-rechnung\/"},"wordCount":292,"publisher":{"@id":"https:\/\/www.sonnenseite.com\/de\/#organization"},"image":{"@id":"https:\/\/www.sonnenseite.com\/de\/franz-alt\/kommentare-interviews\/franz-alt-die-sonne-schickt-uns-keine-rechnung\/#primaryimage"},"thumbnailUrl":"https:\/\/www.sonnenseite.com\/wp-content\/uploads\/2021\/11\/TransparenzTV_FA_Sonne-1.jpg","articleSection":["Kommentare &amp; Interviews"],"inLanguage":"de"},{"@type":"WebPage","@id":"https:\/\/www.sonnenseite.com\/de\/franz-alt\/kommentare-interviews\/franz-alt-die-sonne-schickt-uns-keine-rechnung\/","url":"https:\/\/www.sonnenseite.com\/de\/franz-alt\/kommentare-interviews\/franz-alt-die-sonne-schickt-uns-keine-rechnung\/","name":"Franz Alt: \"Die Sonne schickt uns keine Rechnung\" - Sonnenseite - \u00d6kologische Kommunikation mit Franz Alt","isPartOf":{"@id":"https:\/\/www.sonnenseite.com\/de\/#website"},"primaryImageOfPage":{"@id":"https:\/\/www.sonnenseite.com\/de\/franz-alt\/kommentare-interviews\/franz-alt-die-sonne-schickt-uns-keine-rechnung\/#primaryimage"},"image":{"@id":"https:\/\/www.sonnenseite.com\/de\/franz-alt\/kommentare-interviews\/franz-alt-die-sonne-schickt-uns-keine-rechnung\/#primaryimage"},"thumbnailUrl":"https:\/\/www.sonnenseite.com\/wp-content\/uploads\/2021\/11\/TransparenzTV_FA_Sonne-1.jpg","datePublished":"2021-11-21T09:05:01+00:00","dateModified":"2021-11-28T08:41:55+00:00","description":"Transparenz TV vom 22. November 2021 jetzt auf youtube.com. Vor 30 Jahren schrieb Franz Alt das Buch \"Die Sonne schickt uns keine Rechnung\". Es wurde ein","breadcrumb":{"@id":"https:\/\/www.sonnenseite.com\/de\/franz-alt\/kommentare-interviews\/franz-alt-die-sonne-schickt-uns-keine-rechnung\/#breadcrumb"},"inLanguage":"de","potentialAction":[{"@type":"ReadAction","target":["https:\/\/www.sonnenseite.com\/de\/franz-alt\/kommentare-interviews\/franz-alt-die-sonne-schickt-uns-keine-rechnung\/"]}]},{"@type":"ImageObject","inLanguage":"de","@id":"https:\/\/www.sonnenseite.com\/de\/franz-alt\/kommentare-interviews\/franz-alt-die-sonne-schickt-uns-keine-rechnung\/#primaryimage","url":"https:\/\/www.sonnenseite.com\/wp-content\/uploads\/2021\/11\/TransparenzTV_FA_Sonne-1.jpg","contentUrl":"https:\/\/www.sonnenseite.com\/wp-content\/uploads\/2021\/11\/TransparenzTV_FA_Sonne-1.jpg","width":770,"height":420,"caption":"Transparenz TV | fotolia.com"},{"@type":"BreadcrumbList","@id":"https:\/\/www.sonnenseite.com\/de\/franz-alt\/kommentare-interviews\/franz-alt-die-sonne-schickt-uns-keine-rechnung\/#breadcrumb","itemListElement":[{"@type":"ListItem","position":1,"name":"Startseite","item":"https:\/\/www.sonnenseite.com\/de\/"},{"@type":"ListItem","position":2,"name":"Franz Alt: &#8222;Die Sonne schickt uns keine Rechnung&#8220;"}]},{"@type":"WebSite","@id":"https:\/\/www.sonnenseite.com\/de\/#website","url":"https:\/\/www.sonnenseite.com\/de\/","name":"Sonnenseite","description":"\u00d6kologische Kommunikation mit Franz Alt","publisher":{"@id":"https:\/\/www.sonnenseite.com\/de\/#organization"},"potentialAction":[{"@type":"SearchAction","target":{"@type":"EntryPoint","urlTemplate":"https:\/\/www.sonnenseite.com\/de\/?s={search_term_string}"},"query-input":{"@type":"PropertyValueSpecification","valueRequired":true,"valueName":"search_term_string"}}],"inLanguage":"de"},{"@type":"Organization","@id":"https:\/\/www.sonnenseite.com\/de\/#organization","name":"Sonnenseite","url":"https:\/\/www.sonnenseite.com\/de\/","logo":{"@type":"ImageObject","inLanguage":"de","@id":"https:\/\/www.sonnenseite.com\/de\/#\/schema\/logo\/image\/","url":"https:\/\/www.sonnenseite.com\/wp-content\/uploads\/2020\/05\/Sonnenseite_Logo.png","contentUrl":"https:\/\/www.sonnenseite.com\/wp-content\/uploads\/2020\/05\/Sonnenseite_Logo.png","width":377,"height":90,"caption":"Sonnenseite"},"image":{"@id":"https:\/\/www.sonnenseite.com\/de\/#\/schema\/logo\/image\/"},"sameAs":["https:\/\/www.facebook.com\/pages\/Franz-Alt-SONNENSEITECOM\/221072987903953?fref=ts","https:\/\/x.com\/franzalt","http:\/\/www.youtube.com\/results?search_query&amp;amp;quot;franz_alt&amp;amp;quot;&amp;amp;amp;amp;search_type&amp;amp;amp;amp;aq=f"]},{"@type":"Person","@id":"https:\/\/www.sonnenseite.com\/de\/#\/schema\/person\/50fda0e926597684c7cc6695238a4eb9","name":"Bigi Alt"}]}},"_links":{"self":[{"href":"https:\/\/www.sonnenseite.com\/de\/wp-json\/wp\/v2\/posts\/76980","targetHints":{"allow":["GET"]}}],"collection":[{"href":"https:\/\/www.sonnenseite.com\/de\/wp-json\/wp\/v2\/posts"}],"about":[{"href":"https:\/\/www.sonnenseite.com\/de\/wp-json\/wp\/v2\/types\/post"}],"author":[{"embeddable":true,"href":"https:\/\/www.sonnenseite.com\/de\/wp-json\/wp\/v2\/users\/3"}],"replies":[{"embeddable":true,"href":"https:\/\/www.sonnenseite.com\/de\/wp-json\/wp\/v2\/comments?post=76980"}],"version-history":[{"count":12,"href":"https:\/\/www.sonnenseite.com\/de\/wp-json\/wp\/v2\/posts\/76980\/revisions"}],"predecessor-version":[{"id":77198,"href":"https:\/\/www.sonnenseite.com\/de\/wp-json\/wp\/v2\/posts\/76980\/revisions\/77198"}],"wp:featuredmedia":[{"embeddable":true,"href":"https:\/\/www.sonnenseite.com\/de\/wp-json\/wp\/v2\/media\/76989"}],"wp:attachment":[{"href":"https:\/\/www.sonnenseite.com\/de\/wp-json\/wp\/v2\/media?parent=76980"}],"wp:term":[{"taxonomy":"category","embeddable":true,"href":"https:\/\/www.sonnenseite.com\/de\/wp-json\/wp\/v2\/categories?post=76980"},{"taxonomy":"post_tag","embeddable":true,"href":"https:\/\/www.sonnenseite.com\/de\/wp-json\/wp\/v2\/tags?post=76980"}],"curies":[{"name":"wp","href":"https:\/\/api.w.org\/{rel}","templated":true}]}}