{"id":77361,"date":"2021-12-04T02:05:15","date_gmt":"2021-12-04T01:05:15","guid":{"rendered":"https:\/\/www.sonnenseite.com\/?p=77361"},"modified":"2021-12-12T08:36:06","modified_gmt":"2021-12-12T07:36:06","slug":"oberste-prioritaet-fuer-klimaschutz","status":"publish","type":"post","link":"https:\/\/www.sonnenseite.com\/de\/franz-alt\/kommentare-interviews\/oberste-prioritaet-fuer-klimaschutz\/","title":{"rendered":"Oberste Priorit\u00e4t f\u00fcr Klimaschutz"},"content":{"rendered":"\n<p>Null Prozent Kohle und 80 Prozent \u00d6kostrom bis 2030. Kann die neue Bundesregierung diese Ziele erreichen?<\/p>\n\n\n\n<p><strong>Vorab: <\/strong>Wenn die letzten drei Bundesregierungen das Ausbau-Tempo der Erneuerbaren in den Jahren 2000 bis 2011 fortgef\u00fchrt h\u00e4tten, w\u00e4ren wir schon heute bei 100 Prozent \u00d6kostrom. Das beweist: Selbstverst\u00e4ndlich kann dieses Ziel erreicht oder auch \u00fcbertroffen werden. Alle Technologien sind bekannt und vorhanden. Entscheidend ist allein der politische Wille.<\/p>\n\n\n\n<p>Im <a href=\"https:\/\/cms.gruene.de\/uploads\/documents\/Koalitionsvertrag-SPD-GRUENE-FDP-2021-2025.pdf\">neuen Koalitionsvertrag<\/a> nimmt der Klimaschutz viel Raum ein, wenn auch manche Aussagen sehr vage sind. Schon die Groko beschloss \u2013 angetrieben vom bahnbrechenden Urteil des Bundesverfassungsgerichts \u2013 bis 2030 65% \u00d6kostrom statt nur 55% zu erreichen.<\/p>\n\n\n\n<p>Bald-Kanzler Olaf Scholz hatte schon im Wahlkampf angek\u00fcndigt, dass die b\u00fcrokratischen H\u00fcrden f\u00fcr die Erneuerbaren rasch beseitigt w\u00fcrden. \u201eStatt in sechs Jahren, kann ein Windpark auch in sechs Monaten genehmigt werden\u201c, versprach der n\u00e4chste Kanzler. Er, der sich als \u201eKlimakanzler\u201c plakatieren lie\u00df, wird sich daran messen lassen m\u00fcssen. Es war nicht der fehlende Wille der Bundesb\u00fcrger, es waren die b\u00fcrokratischen H\u00fcrden der Politik, die den rascheren Ausbau der \u00d6koenergien bisher ausgebremst haben.<\/p>\n\n\n\n<h5 class=\"wp-block-heading\">Doppelte Landwirtschaft<\/h5>\n\n\n\n<div class=\"wp-block-image\"><figure class=\"alignleft size-large is-resized\"><img loading=\"lazy\" decoding=\"async\" src=\"https:\/\/www.sonnenseite.com\/wp-content\/uploads\/2021\/12\/Fraunhofer-ISE-Landwirtschaft-1024x687.jpg\" alt=\"Fraunhofer ISE | Solar-Landwirtschaft\" class=\"wp-image-77366\" width=\"412\" height=\"276\" srcset=\"https:\/\/www.sonnenseite.com\/wp-content\/uploads\/2021\/12\/Fraunhofer-ISE-Landwirtschaft-1024x687.jpg 1024w, https:\/\/www.sonnenseite.com\/wp-content\/uploads\/2021\/12\/Fraunhofer-ISE-Landwirtschaft-300x201.jpg 300w, https:\/\/www.sonnenseite.com\/wp-content\/uploads\/2021\/12\/Fraunhofer-ISE-Landwirtschaft-768x515.jpg 768w, https:\/\/www.sonnenseite.com\/wp-content\/uploads\/2021\/12\/Fraunhofer-ISE-Landwirtschaft-750x500.jpg 750w, https:\/\/www.sonnenseite.com\/wp-content\/uploads\/2021\/12\/Fraunhofer-ISE-Landwirtschaft.jpg 1088w\" sizes=\"auto, (max-width: 412px) 100vw, 412px\" \/><figcaption>Fraunhofer ISE | Solar-Landwirtschaft<\/figcaption><\/figure><\/div>\n\n\n\n<p>Im Koalitionsvertrag hei\u00dft es: \u201eDie Klimaschutzziele zu erreichen, hat f\u00fcr uns oberste Priorit\u00e4t\u201c. Oberste Priorit\u00e4t! Deshalb sollen bis 2030 auf See 30 Gigawatt Windenergie installiert werden.&nbsp; 20 Prozent waren bisher vorgesehen. An Land sind zwei Prozent der Fl\u00e4che f\u00fcr Windr\u00e4der geplant. Alle geeigneten Dachfl\u00e4chen sollen k\u00fcnftig f\u00fcr die Solarenergie genutzt werden \u2013 private wie auch gewerbliche sowie die von \u00f6ffentlichen Geb\u00e4uden. Hinzu kommen landwirtschaftliche Fl\u00e4chen, die doppelt genutzt werden k\u00f6nnen: unten traditionelle Landwirtschaft und f\u00fcnf Meter dar\u00fcber Photovoltaik-Anlagen. Neue Agri-Landwirtschaft!<\/p>\n\n\n\n<p>Damit die hehren Ziele auch verwirklicht werden, sollen die erneuerbaren Energien nach dem Koalitionsvertrag als \u201e\u00f6ffentliches Interesse\u201c definiert werden. Wie nach dem Erneuerbaren Energien-Gesetz aus dem Jahr 2000 sollen die \u00d6ko-Energien auch in Zukunft bevorzugt ins Netzt eingespeist werden.<\/p>\n\n\n\n<p>Ein wichtiges Instrument der neuen Bundesregierung ist ein angemessener CO<sub>2<\/sub>-Preis, der zur Zeit bei circa 70 Euro je Tonne liegt. Sollte dieser Preis unter 60 Euro fallen, wird die Bundesregierung durch \u201enationale Ma\u00dfnahmen\u201c eingreifen. So werden die alten fossilen Energietr\u00e4ger immer teurer indem sie sich \u201eder \u00f6kologischen und \u00f6konomischen Wahrheit\u201c (Ernst Ulrich von Weizs\u00e4cker) ann\u00e4hern. Und die erneuerbaren Energien werden immer preiswerter. Die Erneuerbaren wurden seit dem Jahr 2000 um \u00fcber 90% preiswerter, weil ihre Rohstoffe weitgehend kostenlose Geschenke des Himmels sind.<\/p>\n\n\n\n<h5 class=\"wp-block-heading\">Klimaschutz al Konjunkturprogramm<\/h5>\n\n\n\n<p>W\u00e4hrend zur Zeit die Preise der alten Energien weltweit stark steigen, ist Solar- und Windstrom schon seit einiger Zeit Sozialstrom. Wer eine Solaranlage auf dem Dach oder an der Fassade hat, oder Windstrom erzeugt, hat kein Problem mit h\u00f6heren Energiekosten. Das gleiche gilt f\u00fcr E-Autofahrer, die ihren Strom selbst produzieren. Schon deshalb boomt der Markt f\u00fcr E-Autos sowie f\u00fcr Solar- und Windanlagen. So wird Klimaschutz zu einem wichtigen und erfolgreichen Konjunkturprogramm mit vielen neuen Arbeitspl\u00e4tzen.<\/p>\n\n\n\n<h5 class=\"wp-block-heading\">Zur Energiewende geh\u00f6rt auch die Verkehrswende <\/h5>\n\n\n\n<p>Sie wird zur Nagelprobe der neuen Bundesregierung werden. Sollte das FDP-gef\u00fchrte Verkehrsministerium weiterhin eine \u201eFreie Fahrt f\u00fcr freie B\u00fcrger\u201c-Autopolitik betreiben, wird es trotz der Stromwende schwer werden, das Pariser Klimaschutz-Ziel zu erreichen.<\/p>\n\n\n<h5 class=\"green\">Quelle<\/h5>\r\n\n\n\n<p><a href=\"http:\/\/www.sonnenseite.com\">FRANZ ALT 2021<\/a> | <a href=\"mailto:franzalt@sonnenseite.com\">franzalt@sonnenseite.com<\/a> <\/p>\n<div class=\"shariff shariff-align-flex-start shariff-widget-align-flex-start\"><div class=\"ShariffHeadline\">Diese Meldung teilen<\/div><ul class=\"shariff-buttons theme-round orientation-horizontal buttonsize-medium\"><li class=\"shariff-button facebook shariff-nocustomcolor\" style=\"background-color:#4273c8;border-radius:1%\"><a href=\"https:\/\/www.facebook.com\/sharer\/sharer.php?u=https%3A%2F%2Fwww.sonnenseite.com%2Fde%2Ffranz-alt%2Fkommentare-interviews%2Foberste-prioritaet-fuer-klimaschutz%2F\" title=\"Bei Facebook teilen\" aria-label=\"Bei Facebook teilen\" role=\"button\" rel=\"nofollow\" class=\"shariff-link\" style=\";border-radius:1%; background-color:#3b5998; color:#fff\" target=\"_blank\"><span class=\"shariff-icon\" style=\"\"><svg width=\"32px\" height=\"20px\" xmlns=\"http:\/\/www.w3.org\/2000\/svg\" viewBox=\"0 0 18 32\"><path fill=\"#3b5998\" d=\"M17.1 0.2v4.7h-2.8q-1.5 0-2.1 0.6t-0.5 1.9v3.4h5.2l-0.7 5.3h-4.5v13.6h-5.5v-13.6h-4.5v-5.3h4.5v-3.9q0-3.3 1.9-5.2t5-1.8q2.6 0 4.1 0.2z\"\/><\/svg><\/span><\/a><\/li><li class=\"shariff-button twitter shariff-nocustomcolor\" style=\"background-color:#595959;border-radius:1%\"><a href=\"https:\/\/twitter.com\/share?url=https%3A%2F%2Fwww.sonnenseite.com%2Fde%2Ffranz-alt%2Fkommentare-interviews%2Foberste-prioritaet-fuer-klimaschutz%2F&text=Oberste%20Priorit%C3%A4t%20f%C3%BCr%20Klimaschutz\" title=\"Bei X teilen\" aria-label=\"Bei X teilen\" role=\"button\" rel=\"noopener nofollow\" class=\"shariff-link\" style=\";border-radius:1%; background-color:#000; color:#fff\" target=\"_blank\"><span class=\"shariff-icon\" style=\"\"><svg width=\"32px\" height=\"20px\" xmlns=\"http:\/\/www.w3.org\/2000\/svg\" viewBox=\"0 0 24 24\"><path fill=\"#000\" d=\"M14.258 10.152L23.176 0h-2.113l-7.747 8.813L7.133 0H0l9.352 13.328L0 23.973h2.113l8.176-9.309 6.531 9.309h7.133zm-2.895 3.293l-.949-1.328L2.875 1.56h3.246l6.086 8.523.945 1.328 7.91 11.078h-3.246zm0 0\"\/><\/svg><\/span><\/a><\/li><li class=\"shariff-button xing shariff-nocustomcolor\" style=\"background-color:#29888a;border-radius:1%\"><a href=\"https:\/\/www.xing.com\/spi\/shares\/new?url=https%3A%2F%2Fwww.sonnenseite.com%2Fde%2Ffranz-alt%2Fkommentare-interviews%2Foberste-prioritaet-fuer-klimaschutz%2F\" title=\"Bei XING teilen\" aria-label=\"Bei XING teilen\" role=\"button\" rel=\"noopener nofollow\" class=\"shariff-link\" style=\";border-radius:1%; background-color:#126567; color:#fff\" target=\"_blank\"><span class=\"shariff-icon\" style=\"\"><svg width=\"32px\" height=\"20px\" xmlns=\"http:\/\/www.w3.org\/2000\/svg\" viewBox=\"0 0 25 32\"><path fill=\"#126567\" d=\"M10.7 11.9q-0.2 0.3-4.6 8.2-0.5 0.8-1.2 0.8h-4.3q-0.4 0-0.5-0.3t0-0.6l4.5-8q0 0 0 0l-2.9-5q-0.2-0.4 0-0.7 0.2-0.3 0.5-0.3h4.3q0.7 0 1.2 0.8zM25.1 0.4q0.2 0.3 0 0.7l-9.4 16.7 6 11q0.2 0.4 0 0.6-0.2 0.3-0.6 0.3h-4.3q-0.7 0-1.2-0.8l-6-11.1q0.3-0.6 9.5-16.8 0.4-0.8 1.2-0.8h4.3q0.4 0 0.5 0.3z\"\/><\/svg><\/span><\/a><\/li><li class=\"shariff-button linkedin shariff-nocustomcolor\" style=\"background-color:#1488bf;border-radius:1%\"><a href=\"https:\/\/www.linkedin.com\/sharing\/share-offsite\/?url=https%3A%2F%2Fwww.sonnenseite.com%2Fde%2Ffranz-alt%2Fkommentare-interviews%2Foberste-prioritaet-fuer-klimaschutz%2F\" title=\"Bei LinkedIn teilen\" aria-label=\"Bei LinkedIn teilen\" role=\"button\" rel=\"noopener nofollow\" class=\"shariff-link\" style=\";border-radius:1%; background-color:#0077b5; color:#fff\" target=\"_blank\"><span class=\"shariff-icon\" style=\"\"><svg width=\"32px\" height=\"20px\" xmlns=\"http:\/\/www.w3.org\/2000\/svg\" viewBox=\"0 0 27 32\"><path fill=\"#0077b5\" d=\"M6.2 11.2v17.7h-5.9v-17.7h5.9zM6.6 5.7q0 1.3-0.9 2.2t-2.4 0.9h0q-1.5 0-2.4-0.9t-0.9-2.2 0.9-2.2 2.4-0.9 2.4 0.9 0.9 2.2zM27.4 18.7v10.1h-5.9v-9.5q0-1.9-0.7-2.9t-2.3-1.1q-1.1 0-1.9 0.6t-1.2 1.5q-0.2 0.5-0.2 1.4v9.9h-5.9q0-7.1 0-11.6t0-5.3l0-0.9h5.9v2.6h0q0.4-0.6 0.7-1t1-0.9 1.6-0.8 2-0.3q3 0 4.9 2t1.9 6z\"\/><\/svg><\/span><\/a><\/li><li class=\"shariff-button printer shariff-nocustomcolor\" style=\"background-color:#a8a8a8;border-radius:1%\"><a href=\"javascript:window.print()\" title=\"drucken\" aria-label=\"drucken\" role=\"button\" rel=\"noopener nofollow\" class=\"shariff-link\" style=\";border-radius:1%; background-color:#999; color:#fff\"><span class=\"shariff-icon\" style=\"\"><svg width=\"32px\" height=\"20px\" xmlns=\"http:\/\/www.w3.org\/2000\/svg\" viewBox=\"0 0 30 32\"><path fill=\"#999\" d=\"M6.8 27.4h16v-4.6h-16v4.6zM6.8 16h16v-6.8h-2.8q-0.7 0-1.2-0.5t-0.5-1.2v-2.8h-11.4v11.4zM27.4 17.2q0-0.5-0.3-0.8t-0.8-0.4-0.8 0.4-0.3 0.8 0.3 0.8 0.8 0.3 0.8-0.3 0.3-0.8zM29.7 17.2v7.4q0 0.2-0.2 0.4t-0.4 0.2h-4v2.8q0 0.7-0.5 1.2t-1.2 0.5h-17.2q-0.7 0-1.2-0.5t-0.5-1.2v-2.8h-4q-0.2 0-0.4-0.2t-0.2-0.4v-7.4q0-1.4 1-2.4t2.4-1h1.2v-9.7q0-0.7 0.5-1.2t1.2-0.5h12q0.7 0 1.6 0.4t1.3 0.8l2.7 2.7q0.5 0.5 0.9 1.4t0.4 1.6v4.6h1.1q1.4 0 2.4 1t1 2.4z\"\/><\/svg><\/span><\/a><\/li><li class=\"shariff-button mailto shariff-nocustomcolor\" style=\"background-color:#a8a8a8;border-radius:1%\"><a href=\"mailto:?body=https%3A%2F%2Fwww.sonnenseite.com%2Fde%2Ffranz-alt%2Fkommentare-interviews%2Foberste-prioritaet-fuer-klimaschutz%2F&subject=Oberste%20Priorit%C3%A4t%20f%C3%BCr%20Klimaschutz\" title=\"Per E-Mail versenden\" aria-label=\"Per E-Mail versenden\" role=\"button\" rel=\"noopener nofollow\" class=\"shariff-link\" style=\";border-radius:1%; background-color:#999; color:#fff\"><span class=\"shariff-icon\" style=\"\"><svg width=\"32px\" height=\"20px\" xmlns=\"http:\/\/www.w3.org\/2000\/svg\" viewBox=\"0 0 32 32\"><path fill=\"#999\" d=\"M32 12.7v14.2q0 1.2-0.8 2t-2 0.9h-26.3q-1.2 0-2-0.9t-0.8-2v-14.2q0.8 0.9 1.8 1.6 6.5 4.4 8.9 6.1 1 0.8 1.6 1.2t1.7 0.9 2 0.4h0.1q0.9 0 2-0.4t1.7-0.9 1.6-1.2q3-2.2 8.9-6.1 1-0.7 1.8-1.6zM32 7.4q0 1.4-0.9 2.7t-2.2 2.2q-6.7 4.7-8.4 5.8-0.2 0.1-0.7 0.5t-1 0.7-0.9 0.6-1.1 0.5-0.9 0.2h-0.1q-0.4 0-0.9-0.2t-1.1-0.5-0.9-0.6-1-0.7-0.7-0.5q-1.6-1.1-4.7-3.2t-3.6-2.6q-1.1-0.7-2.1-2t-1-2.5q0-1.4 0.7-2.3t2.1-0.9h26.3q1.2 0 2 0.8t0.9 2z\"\/><\/svg><\/span><\/a><\/li><\/ul><\/div>","protected":false},"excerpt":{"rendered":"<p>Null Prozent Kohle und 80 Prozent \u00d6kostrom bis 2030. Kann die neue Bundesregierung diese Ziele erreichen? [&hellip;]<\/p>\n","protected":false},"author":3,"featured_media":76183,"comment_status":"closed","ping_status":"closed","sticky":false,"template":"","format":"standard","meta":{"inline_featured_image":false,"footnotes":""},"categories":[29],"tags":[],"class_list":["post-77361","post","type-post","status-publish","format-standard","has-post-thumbnail","hentry","category-kommentare-interviews"],"yoast_head":"<!-- This site is optimized with the Yoast SEO plugin v26.5 - https:\/\/yoast.com\/wordpress\/plugins\/seo\/ -->\n<title>Oberste Priorit\u00e4t f\u00fcr Klimaschutz - Sonnenseite - \u00d6kologische Kommunikation mit Franz Alt<\/title>\n<meta name=\"description\" content=\"Null Prozent Kohle und 80 Prozent \u00d6kostrom bis 2030. Kann die neue Bundesregierung diese Ziele erreichen? Vorab: Wenn die letzten drei Bundesregierungen\" \/>\n<meta name=\"robots\" content=\"index, follow, max-snippet:-1, max-image-preview:large, max-video-preview:-1\" \/>\n<link rel=\"canonical\" href=\"https:\/\/www.sonnenseite.com\/de\/franz-alt\/kommentare-interviews\/oberste-prioritaet-fuer-klimaschutz\/\" \/>\n<meta property=\"og:locale\" content=\"de_DE\" \/>\n<meta property=\"og:type\" content=\"article\" \/>\n<meta property=\"og:title\" content=\"Oberste Priorit\u00e4t f\u00fcr Klimaschutz - Sonnenseite - \u00d6kologische Kommunikation mit Franz Alt\" \/>\n<meta property=\"og:description\" content=\"Null Prozent Kohle und 80 Prozent \u00d6kostrom bis 2030. Kann die neue Bundesregierung diese Ziele erreichen? Vorab: Wenn die letzten drei Bundesregierungen\" \/>\n<meta property=\"og:url\" content=\"https:\/\/www.sonnenseite.com\/de\/franz-alt\/kommentare-interviews\/oberste-prioritaet-fuer-klimaschutz\/\" \/>\n<meta property=\"og:site_name\" content=\"Sonnenseite\" \/>\n<meta property=\"article:publisher\" content=\"https:\/\/www.facebook.com\/pages\/Franz-Alt-SONNENSEITECOM\/221072987903953?fref=ts\" \/>\n<meta property=\"article:published_time\" content=\"2021-12-04T01:05:15+00:00\" \/>\n<meta property=\"article:modified_time\" content=\"2021-12-12T07:36:06+00:00\" \/>\n<meta property=\"og:image\" content=\"https:\/\/www.sonnenseite.com\/wp-content\/uploads\/2021\/10\/Erneuerbare_Strom_Ai825.jpg\" \/>\n\t<meta property=\"og:image:width\" content=\"770\" \/>\n\t<meta property=\"og:image:height\" content=\"420\" \/>\n\t<meta property=\"og:image:type\" content=\"image\/jpeg\" \/>\n<meta name=\"author\" content=\"Bigi Alt\" \/>\n<meta name=\"twitter:card\" content=\"summary_large_image\" \/>\n<meta name=\"twitter:creator\" content=\"@franzalt\" \/>\n<meta name=\"twitter:site\" content=\"@franzalt\" \/>\n<meta name=\"twitter:label1\" content=\"Verfasst von\" \/>\n\t<meta name=\"twitter:data1\" content=\"Bigi Alt\" \/>\n\t<meta name=\"twitter:label2\" content=\"Gesch\u00e4tzte Lesezeit\" \/>\n\t<meta name=\"twitter:data2\" content=\"3\u00a0Minuten\" \/>\n<script type=\"application\/ld+json\" class=\"yoast-schema-graph\">{\"@context\":\"https:\/\/schema.org\",\"@graph\":[{\"@type\":\"Article\",\"@id\":\"https:\/\/www.sonnenseite.com\/de\/franz-alt\/kommentare-interviews\/oberste-prioritaet-fuer-klimaschutz\/#article\",\"isPartOf\":{\"@id\":\"https:\/\/www.sonnenseite.com\/de\/franz-alt\/kommentare-interviews\/oberste-prioritaet-fuer-klimaschutz\/\"},\"author\":{\"name\":\"Bigi Alt\",\"@id\":\"https:\/\/www.sonnenseite.com\/de\/#\/schema\/person\/50fda0e926597684c7cc6695238a4eb9\"},\"headline\":\"Oberste Priorit\u00e4t f\u00fcr Klimaschutz\",\"datePublished\":\"2021-12-04T01:05:15+00:00\",\"dateModified\":\"2021-12-12T07:36:06+00:00\",\"mainEntityOfPage\":{\"@id\":\"https:\/\/www.sonnenseite.com\/de\/franz-alt\/kommentare-interviews\/oberste-prioritaet-fuer-klimaschutz\/\"},\"wordCount\":534,\"publisher\":{\"@id\":\"https:\/\/www.sonnenseite.com\/de\/#organization\"},\"image\":{\"@id\":\"https:\/\/www.sonnenseite.com\/de\/franz-alt\/kommentare-interviews\/oberste-prioritaet-fuer-klimaschutz\/#primaryimage\"},\"thumbnailUrl\":\"https:\/\/www.sonnenseite.com\/wp-content\/uploads\/2021\/10\/Erneuerbare_Strom_Ai825.jpg\",\"articleSection\":[\"Kommentare &amp; Interviews\"],\"inLanguage\":\"de\"},{\"@type\":\"WebPage\",\"@id\":\"https:\/\/www.sonnenseite.com\/de\/franz-alt\/kommentare-interviews\/oberste-prioritaet-fuer-klimaschutz\/\",\"url\":\"https:\/\/www.sonnenseite.com\/de\/franz-alt\/kommentare-interviews\/oberste-prioritaet-fuer-klimaschutz\/\",\"name\":\"Oberste Priorit\u00e4t f\u00fcr Klimaschutz - Sonnenseite - \u00d6kologische Kommunikation mit Franz Alt\",\"isPartOf\":{\"@id\":\"https:\/\/www.sonnenseite.com\/de\/#website\"},\"primaryImageOfPage\":{\"@id\":\"https:\/\/www.sonnenseite.com\/de\/franz-alt\/kommentare-interviews\/oberste-prioritaet-fuer-klimaschutz\/#primaryimage\"},\"image\":{\"@id\":\"https:\/\/www.sonnenseite.com\/de\/franz-alt\/kommentare-interviews\/oberste-prioritaet-fuer-klimaschutz\/#primaryimage\"},\"thumbnailUrl\":\"https:\/\/www.sonnenseite.com\/wp-content\/uploads\/2021\/10\/Erneuerbare_Strom_Ai825.jpg\",\"datePublished\":\"2021-12-04T01:05:15+00:00\",\"dateModified\":\"2021-12-12T07:36:06+00:00\",\"description\":\"Null Prozent Kohle und 80 Prozent \u00d6kostrom bis 2030. Kann die neue Bundesregierung diese Ziele erreichen? Vorab: Wenn die letzten drei Bundesregierungen\",\"breadcrumb\":{\"@id\":\"https:\/\/www.sonnenseite.com\/de\/franz-alt\/kommentare-interviews\/oberste-prioritaet-fuer-klimaschutz\/#breadcrumb\"},\"inLanguage\":\"de\",\"potentialAction\":[{\"@type\":\"ReadAction\",\"target\":[\"https:\/\/www.sonnenseite.com\/de\/franz-alt\/kommentare-interviews\/oberste-prioritaet-fuer-klimaschutz\/\"]}]},{\"@type\":\"ImageObject\",\"inLanguage\":\"de\",\"@id\":\"https:\/\/www.sonnenseite.com\/de\/franz-alt\/kommentare-interviews\/oberste-prioritaet-fuer-klimaschutz\/#primaryimage\",\"url\":\"https:\/\/www.sonnenseite.com\/wp-content\/uploads\/2021\/10\/Erneuerbare_Strom_Ai825.jpg\",\"contentUrl\":\"https:\/\/www.sonnenseite.com\/wp-content\/uploads\/2021\/10\/Erneuerbare_Strom_Ai825.jpg\",\"width\":770,\"height\":420,\"caption\":\"Depositphotos.com | Ai825\"},{\"@type\":\"BreadcrumbList\",\"@id\":\"https:\/\/www.sonnenseite.com\/de\/franz-alt\/kommentare-interviews\/oberste-prioritaet-fuer-klimaschutz\/#breadcrumb\",\"itemListElement\":[{\"@type\":\"ListItem\",\"position\":1,\"name\":\"Startseite\",\"item\":\"https:\/\/www.sonnenseite.com\/de\/\"},{\"@type\":\"ListItem\",\"position\":2,\"name\":\"Oberste Priorit\u00e4t f\u00fcr Klimaschutz\"}]},{\"@type\":\"WebSite\",\"@id\":\"https:\/\/www.sonnenseite.com\/de\/#website\",\"url\":\"https:\/\/www.sonnenseite.com\/de\/\",\"name\":\"Sonnenseite\",\"description\":\"\u00d6kologische Kommunikation mit Franz Alt\",\"publisher\":{\"@id\":\"https:\/\/www.sonnenseite.com\/de\/#organization\"},\"potentialAction\":[{\"@type\":\"SearchAction\",\"target\":{\"@type\":\"EntryPoint\",\"urlTemplate\":\"https:\/\/www.sonnenseite.com\/de\/?s={search_term_string}\"},\"query-input\":{\"@type\":\"PropertyValueSpecification\",\"valueRequired\":true,\"valueName\":\"search_term_string\"}}],\"inLanguage\":\"de\"},{\"@type\":\"Organization\",\"@id\":\"https:\/\/www.sonnenseite.com\/de\/#organization\",\"name\":\"Sonnenseite\",\"url\":\"https:\/\/www.sonnenseite.com\/de\/\",\"logo\":{\"@type\":\"ImageObject\",\"inLanguage\":\"de\",\"@id\":\"https:\/\/www.sonnenseite.com\/de\/#\/schema\/logo\/image\/\",\"url\":\"https:\/\/www.sonnenseite.com\/wp-content\/uploads\/2020\/05\/Sonnenseite_Logo.png\",\"contentUrl\":\"https:\/\/www.sonnenseite.com\/wp-content\/uploads\/2020\/05\/Sonnenseite_Logo.png\",\"width\":377,\"height\":90,\"caption\":\"Sonnenseite\"},\"image\":{\"@id\":\"https:\/\/www.sonnenseite.com\/de\/#\/schema\/logo\/image\/\"},\"sameAs\":[\"https:\/\/www.facebook.com\/pages\/Franz-Alt-SONNENSEITECOM\/221072987903953?fref=ts\",\"https:\/\/x.com\/franzalt\",\"http:\/\/www.youtube.com\/results?search_query&amp;amp;quot;franz_alt&amp;amp;quot;&amp;amp;amp;amp;search_type&amp;amp;amp;amp;aq=f\"]},{\"@type\":\"Person\",\"@id\":\"https:\/\/www.sonnenseite.com\/de\/#\/schema\/person\/50fda0e926597684c7cc6695238a4eb9\",\"name\":\"Bigi Alt\"}]}<\/script>\n<!-- \/ Yoast SEO plugin. -->","yoast_head_json":{"title":"Oberste Priorit\u00e4t f\u00fcr Klimaschutz - Sonnenseite - \u00d6kologische Kommunikation mit Franz Alt","description":"Null Prozent Kohle und 80 Prozent \u00d6kostrom bis 2030. Kann die neue Bundesregierung diese Ziele erreichen? Vorab: Wenn die letzten drei Bundesregierungen","robots":{"index":"index","follow":"follow","max-snippet":"max-snippet:-1","max-image-preview":"max-image-preview:large","max-video-preview":"max-video-preview:-1"},"canonical":"https:\/\/www.sonnenseite.com\/de\/franz-alt\/kommentare-interviews\/oberste-prioritaet-fuer-klimaschutz\/","og_locale":"de_DE","og_type":"article","og_title":"Oberste Priorit\u00e4t f\u00fcr Klimaschutz - Sonnenseite - \u00d6kologische Kommunikation mit Franz Alt","og_description":"Null Prozent Kohle und 80 Prozent \u00d6kostrom bis 2030. Kann die neue Bundesregierung diese Ziele erreichen? Vorab: Wenn die letzten drei Bundesregierungen","og_url":"https:\/\/www.sonnenseite.com\/de\/franz-alt\/kommentare-interviews\/oberste-prioritaet-fuer-klimaschutz\/","og_site_name":"Sonnenseite","article_publisher":"https:\/\/www.facebook.com\/pages\/Franz-Alt-SONNENSEITECOM\/221072987903953?fref=ts","article_published_time":"2021-12-04T01:05:15+00:00","article_modified_time":"2021-12-12T07:36:06+00:00","og_image":[{"width":770,"height":420,"url":"https:\/\/www.sonnenseite.com\/wp-content\/uploads\/2021\/10\/Erneuerbare_Strom_Ai825.jpg","type":"image\/jpeg"}],"author":"Bigi Alt","twitter_card":"summary_large_image","twitter_creator":"@franzalt","twitter_site":"@franzalt","twitter_misc":{"Verfasst von":"Bigi Alt","Gesch\u00e4tzte Lesezeit":"3\u00a0Minuten"},"schema":{"@context":"https:\/\/schema.org","@graph":[{"@type":"Article","@id":"https:\/\/www.sonnenseite.com\/de\/franz-alt\/kommentare-interviews\/oberste-prioritaet-fuer-klimaschutz\/#article","isPartOf":{"@id":"https:\/\/www.sonnenseite.com\/de\/franz-alt\/kommentare-interviews\/oberste-prioritaet-fuer-klimaschutz\/"},"author":{"name":"Bigi Alt","@id":"https:\/\/www.sonnenseite.com\/de\/#\/schema\/person\/50fda0e926597684c7cc6695238a4eb9"},"headline":"Oberste Priorit\u00e4t f\u00fcr Klimaschutz","datePublished":"2021-12-04T01:05:15+00:00","dateModified":"2021-12-12T07:36:06+00:00","mainEntityOfPage":{"@id":"https:\/\/www.sonnenseite.com\/de\/franz-alt\/kommentare-interviews\/oberste-prioritaet-fuer-klimaschutz\/"},"wordCount":534,"publisher":{"@id":"https:\/\/www.sonnenseite.com\/de\/#organization"},"image":{"@id":"https:\/\/www.sonnenseite.com\/de\/franz-alt\/kommentare-interviews\/oberste-prioritaet-fuer-klimaschutz\/#primaryimage"},"thumbnailUrl":"https:\/\/www.sonnenseite.com\/wp-content\/uploads\/2021\/10\/Erneuerbare_Strom_Ai825.jpg","articleSection":["Kommentare &amp; Interviews"],"inLanguage":"de"},{"@type":"WebPage","@id":"https:\/\/www.sonnenseite.com\/de\/franz-alt\/kommentare-interviews\/oberste-prioritaet-fuer-klimaschutz\/","url":"https:\/\/www.sonnenseite.com\/de\/franz-alt\/kommentare-interviews\/oberste-prioritaet-fuer-klimaschutz\/","name":"Oberste Priorit\u00e4t f\u00fcr Klimaschutz - Sonnenseite - \u00d6kologische Kommunikation mit Franz Alt","isPartOf":{"@id":"https:\/\/www.sonnenseite.com\/de\/#website"},"primaryImageOfPage":{"@id":"https:\/\/www.sonnenseite.com\/de\/franz-alt\/kommentare-interviews\/oberste-prioritaet-fuer-klimaschutz\/#primaryimage"},"image":{"@id":"https:\/\/www.sonnenseite.com\/de\/franz-alt\/kommentare-interviews\/oberste-prioritaet-fuer-klimaschutz\/#primaryimage"},"thumbnailUrl":"https:\/\/www.sonnenseite.com\/wp-content\/uploads\/2021\/10\/Erneuerbare_Strom_Ai825.jpg","datePublished":"2021-12-04T01:05:15+00:00","dateModified":"2021-12-12T07:36:06+00:00","description":"Null Prozent Kohle und 80 Prozent \u00d6kostrom bis 2030. Kann die neue Bundesregierung diese Ziele erreichen? Vorab: Wenn die letzten drei Bundesregierungen","breadcrumb":{"@id":"https:\/\/www.sonnenseite.com\/de\/franz-alt\/kommentare-interviews\/oberste-prioritaet-fuer-klimaschutz\/#breadcrumb"},"inLanguage":"de","potentialAction":[{"@type":"ReadAction","target":["https:\/\/www.sonnenseite.com\/de\/franz-alt\/kommentare-interviews\/oberste-prioritaet-fuer-klimaschutz\/"]}]},{"@type":"ImageObject","inLanguage":"de","@id":"https:\/\/www.sonnenseite.com\/de\/franz-alt\/kommentare-interviews\/oberste-prioritaet-fuer-klimaschutz\/#primaryimage","url":"https:\/\/www.sonnenseite.com\/wp-content\/uploads\/2021\/10\/Erneuerbare_Strom_Ai825.jpg","contentUrl":"https:\/\/www.sonnenseite.com\/wp-content\/uploads\/2021\/10\/Erneuerbare_Strom_Ai825.jpg","width":770,"height":420,"caption":"Depositphotos.com | Ai825"},{"@type":"BreadcrumbList","@id":"https:\/\/www.sonnenseite.com\/de\/franz-alt\/kommentare-interviews\/oberste-prioritaet-fuer-klimaschutz\/#breadcrumb","itemListElement":[{"@type":"ListItem","position":1,"name":"Startseite","item":"https:\/\/www.sonnenseite.com\/de\/"},{"@type":"ListItem","position":2,"name":"Oberste Priorit\u00e4t f\u00fcr Klimaschutz"}]},{"@type":"WebSite","@id":"https:\/\/www.sonnenseite.com\/de\/#website","url":"https:\/\/www.sonnenseite.com\/de\/","name":"Sonnenseite","description":"\u00d6kologische Kommunikation mit Franz Alt","publisher":{"@id":"https:\/\/www.sonnenseite.com\/de\/#organization"},"potentialAction":[{"@type":"SearchAction","target":{"@type":"EntryPoint","urlTemplate":"https:\/\/www.sonnenseite.com\/de\/?s={search_term_string}"},"query-input":{"@type":"PropertyValueSpecification","valueRequired":true,"valueName":"search_term_string"}}],"inLanguage":"de"},{"@type":"Organization","@id":"https:\/\/www.sonnenseite.com\/de\/#organization","name":"Sonnenseite","url":"https:\/\/www.sonnenseite.com\/de\/","logo":{"@type":"ImageObject","inLanguage":"de","@id":"https:\/\/www.sonnenseite.com\/de\/#\/schema\/logo\/image\/","url":"https:\/\/www.sonnenseite.com\/wp-content\/uploads\/2020\/05\/Sonnenseite_Logo.png","contentUrl":"https:\/\/www.sonnenseite.com\/wp-content\/uploads\/2020\/05\/Sonnenseite_Logo.png","width":377,"height":90,"caption":"Sonnenseite"},"image":{"@id":"https:\/\/www.sonnenseite.com\/de\/#\/schema\/logo\/image\/"},"sameAs":["https:\/\/www.facebook.com\/pages\/Franz-Alt-SONNENSEITECOM\/221072987903953?fref=ts","https:\/\/x.com\/franzalt","http:\/\/www.youtube.com\/results?search_query&amp;amp;quot;franz_alt&amp;amp;quot;&amp;amp;amp;amp;search_type&amp;amp;amp;amp;aq=f"]},{"@type":"Person","@id":"https:\/\/www.sonnenseite.com\/de\/#\/schema\/person\/50fda0e926597684c7cc6695238a4eb9","name":"Bigi Alt"}]}},"_links":{"self":[{"href":"https:\/\/www.sonnenseite.com\/de\/wp-json\/wp\/v2\/posts\/77361","targetHints":{"allow":["GET"]}}],"collection":[{"href":"https:\/\/www.sonnenseite.com\/de\/wp-json\/wp\/v2\/posts"}],"about":[{"href":"https:\/\/www.sonnenseite.com\/de\/wp-json\/wp\/v2\/types\/post"}],"author":[{"embeddable":true,"href":"https:\/\/www.sonnenseite.com\/de\/wp-json\/wp\/v2\/users\/3"}],"replies":[{"embeddable":true,"href":"https:\/\/www.sonnenseite.com\/de\/wp-json\/wp\/v2\/comments?post=77361"}],"version-history":[{"count":8,"href":"https:\/\/www.sonnenseite.com\/de\/wp-json\/wp\/v2\/posts\/77361\/revisions"}],"predecessor-version":[{"id":77371,"href":"https:\/\/www.sonnenseite.com\/de\/wp-json\/wp\/v2\/posts\/77361\/revisions\/77371"}],"wp:featuredmedia":[{"embeddable":true,"href":"https:\/\/www.sonnenseite.com\/de\/wp-json\/wp\/v2\/media\/76183"}],"wp:attachment":[{"href":"https:\/\/www.sonnenseite.com\/de\/wp-json\/wp\/v2\/media?parent=77361"}],"wp:term":[{"taxonomy":"category","embeddable":true,"href":"https:\/\/www.sonnenseite.com\/de\/wp-json\/wp\/v2\/categories?post=77361"},{"taxonomy":"post_tag","embeddable":true,"href":"https:\/\/www.sonnenseite.com\/de\/wp-json\/wp\/v2\/tags?post=77361"}],"curies":[{"name":"wp","href":"https:\/\/api.w.org\/{rel}","templated":true}]}}