{"id":77377,"date":"2021-12-04T10:55:04","date_gmt":"2021-12-04T09:55:04","guid":{"rendered":"https:\/\/www.sonnenseite.com\/?p=77377"},"modified":"2021-12-12T08:35:50","modified_gmt":"2021-12-12T07:35:50","slug":"globale-klimabilanz-von-kunststoffen-plastik-ist-dreckiger-als-gedacht","status":"publish","type":"post","link":"https:\/\/www.sonnenseite.com\/de\/umwelt\/globale-klimabilanz-von-kunststoffen-plastik-ist-dreckiger-als-gedacht\/","title":{"rendered":"Globale Klimabilanz von Kunststoffen: Plastik ist dreckiger als gedacht"},"content":{"rendered":"\n<p>Rund f\u00fcnf Prozent der Treibhausgas-Emissionen weltweit gehen auf das Konto von Kunststoffen. Die Treibhausgase, die bei der Herstellung von in der EU genutztem Plastik entstehen, werden zu zwei Dritteln in anderen Teilen der Welt ausgesto\u00dfen, vor allem in Asien.<\/p>\n\n\n\n<p>Die Nutzung von Plastik boomt weltweit. Die weltweite Nachfrage hat sich seit 1980 vervierfacht. Doch das Image des so vielf\u00e4ltig genutzten Materials ist so schlecht wie nie. Seit einem Jahrzehnt gehen die Bilder der gigantischen <a href=\"http:\/\/www.klimaretter.info\/umwelt\/hintergrund\/24232-stranguliert-und-verhungert\" target=\"_blank\" rel=\"noreferrer noopener\">Plastikm\u00fcll-Strudel<\/a> durch die Medien, die sich auf den Weltmeeren gebildet haben.<\/p>\n\n\n\n<p>Doch nicht nur der Abfall ist ein wachsendes Problem. Eine neue Untersuchung zeigt, dass die Kunststoffindustrie auch f\u00fcr einen beachtlichen Teil der globalen Treibhausgas-Emissionen verantwortlich ist, n\u00e4mlich f\u00fcr fast f\u00fcnf Prozent. Der CO<sub>2<\/sub>-Fu\u00dfabdruck von Plastik ist damit in etwa doppelt so gro\u00df, wie in \u00d6kobilanzen <a href=\"https:\/\/www.klimareporter.de\/technik\/kein-ex-und-hopp-mehr\" target=\"_blank\" rel=\"noreferrer noopener\">bisher angenommen<\/a> wurde.<\/p>\n\n\n\n<p>Der allergr\u00f6\u00dfte Teil dieser Emissionen \u2013 rund 96 Prozent \u2013 entsteht laut der <a href=\"https:\/\/www.nature.com\/articles\/s41893-021-00807-2\" target=\"_blank\" rel=\"noreferrer noopener\">Untersuchung<\/a> der ETH Z\u00fcrich bei der Produktion der Kunststoffe, zumeist aus Erd\u00f6l oder Erdgas, teils aber auch aus Kohle.<\/p>\n\n\n\n<p>Das Verbrennen des Materials respektive der Energieaufwand f\u00fcr das Recycling machen dagegen nur einen geringen Anteil aus. F\u00fcr das Jahr 2015, auf das sich die Untersuchung bezieht, kalkulierten die Forschenden den Anteil auf rund zwei Milliarden Tonnen CO<sub>2<\/sub>-\u00c4quivalent oder 4,5 Prozent.<\/p>\n\n\n\n<p>Allerdings steigt der CO<sub>2<\/sub>-Aussto\u00df in dem Sektor weiter an. Die Autor:innen der Studie gehen davon aus, dass die globale Plastikproduktion bis 2030 um 40 Prozent wachsen wird, ausgehend vom Basisjahr 2015. Erschienen ist die Studie jetzt im Fachmagazin&nbsp;<em>Nature Sustainability<\/em>.<\/p>\n\n\n\n<p>F\u00fcr seine Untersuchung bilanzierte das Team die Emissionen \u00fcber den gesamten Lebenszyklus der Kunststoffe \u2013 von der Gewinnung fossiler Ressourcen \u00fcber Verarbeitung und Verwendung bis zur Entsorgung, einschlie\u00dflich Verbrennung und Deponierung.<\/p>\n\n\n\n<p>Es zeigte sich, dass der CO<sub>2<\/sub>-Fu\u00dfabdruck vor allem w\u00e4chst, weil die Kunststoffproduktion in Schwellenl\u00e4ndern wie <a href=\"https:\/\/www.klimareporter.de\/strom\/nur-china-haelt-an-der-kohle-fest\" target=\"_blank\" rel=\"noreferrer noopener\">China<\/a>, <a href=\"https:\/\/www.klimareporter.de\/international\/indien-setzt-auf-kohle\" target=\"_blank\" rel=\"noreferrer noopener\">Indien<\/a>, <a href=\"https:\/\/www.klimareporter.de\/finanzen-wirtschaft\/wie-beschleunigt-man-asiens-kohleausstieg\" target=\"_blank\" rel=\"noreferrer noopener\">Indonesien<\/a> und <a href=\"http:\/\/www.klimaretter.info\/umwelt\/hintergrund\/18902-unterwegs-zu-suedafrikas-kohleminen\" target=\"_blank\" rel=\"noreferrer noopener\">S\u00fcdafrika<\/a> boomt, deren Energieversorgung stark auf Kohle beruht. Die Prozessw\u00e4rme und der Strom f\u00fcr die Plastikherstellung stammen haupts\u00e4chlich aus dieser Quelle. Teils wird Kohle dort auch als Rohstoff f\u00fcr Kunststoffe verwendet.<\/p>\n\n\n\n<h5 class=\"wp-block-heading\">Reiche L\u00e4nder haben Emissionen ausgelagert<\/h5>\n\n\n\n<p>Studien-Leitautorin <a href=\"https:\/\/istp.ethz.ch\/people\/phds\/cabernard.html\" target=\"_blank\" rel=\"noreferrer noopener\">Livia Cabernard<\/a> von der ETH erl\u00e4uterte: &#8222;Bisher ging man vereinfachend davon aus, dass f\u00fcr die Herstellung von Kunststoffen etwa so viel fossile Energie ben\u00f6tigt wird, wie in den Rohstoffen des Kunststoffs enthalten ist \u2013 vor allem Erd\u00f6l.&#8220; Damit werde der Verbrauch durch die Herstellung jedoch stark untersch\u00e4tzt. Tats\u00e4chlich wird laut der Untersuchung dabei doppelt so viel fossile Energie verbrannt, wie als Rohstoff im Plastik enthalten ist.<\/p>\n\n\n\n<p>Die \u00d6kobilanz der Kunststoffe hat sich auch deswegen verschlechtert, weil reiche Staaten sie zunehmend aus Entwicklungs- und Schwellenl\u00e4ndern importieren. So sind laut der ETH-Studie die Treibhausgas-Emissionen aus der Plastikproduktion in der EU in den letzten Jahren zwar gesunken. Das liege aber vor allem daran, dass mit der Produktion auch die damit verbundenen Emissionen ausgelagert werden.<\/p>\n\n\n\n<p>Zwei Drittel der Treibhausgase, die bei der Herstellung von in der EU genutztem Plastik entstehen, werden danach in anderen Teilen der Welt ausgesto\u00dfen \u2013 vor allem in China und dem Nahen Osten. Diese Emissionen gehen also nicht in die europ\u00e4ischen Statistiken ein. Ein \u00e4hnliches Bild ergibt sich laut Studie f\u00fcr L\u00e4nder wie die USA, Australien und Kanada.<\/p>\n\n\n\n<p>Hinzu kommt als Problem, dass durch den Trend zur Kohle auch die weiteren negativen Umweltfolgen wachsen. Bei der Kohleverbrennung <a href=\"https:\/\/www.klimareporter.de\/international\/zu-viel-dicke-luft\" target=\"_blank\" rel=\"noreferrer noopener\">entsteht unter anderem Feinstaub<\/a>, der Asthma, Bronchitis und Herz-Kreislauf-Erkrankungen verursachen kann. Weil immer mehr Kohle f\u00fcr Prozessw\u00e4rme, Elektrizit\u00e4t und als Rohstoff f\u00fcr die Kunststoffherstellung verwendet wird, nehmen <a href=\"https:\/\/ethz.ch\/de\/news-und-veranstaltungen\/eth-news\/news\/2021\/12\/viel-kohle-in-kunststoff.html\" target=\"_blank\" rel=\"noreferrer noopener\">laut dem ETH-Team<\/a> auch die negativen Folgen f\u00fcr die Gesundheit zu.<\/p>\n\n\n\n<p>Doch wie k\u00f6nnte der \u00d6ko-Fu\u00dfabdruck der weltweiten Plastikproduktion verringert werden? Dazu m\u00fcssten vor allem die erneuerbaren Energien in den L\u00e4ndern mit hoher Plastikproduktion wie China ausgebaut werden, r\u00e4t das Forschungsteam. Dabei k\u00f6nne eine konsequente <a href=\"https:\/\/www.klimareporter.de\/finanzen-wirtschaft\/globaler-co2-preis-wuerde-industrielaendern-helfen\" target=\"_blank\" rel=\"noreferrer noopener\">CO<sub>2<\/sub>-Bepreisung<\/a> helfen, die CO<sub>2<\/sub>-intensive Produkte verteuern w\u00fcrde. Das setze Anreize f\u00fcr die Hersteller, in sauberere Anlagen zu investieren.<\/p>\n\n\n\n<p>Alternative Materialien wie <a href=\"https:\/\/www.klimareporter.de\/technik\/bioplastik-ist-nicht-oeko\" target=\"_blank\" rel=\"noreferrer noopener\">Bioplastik<\/a> halten die Expert:innen hingegen kaum f\u00fcr eine L\u00f6sung. Diese h\u00e4tten h\u00e4ufig eine noch schlechtere Umweltbilanz als herk\u00f6mmliche Kunststoffe.<\/p>\n\n\n\n<h5 class=\"wp-block-heading\">Wiederverwenden, nicht verbrennen<\/h5>\n\n\n\n<p>Die EU-Kommission arbeitet seit 2018 an einer Strategie, um die Umwelt- und Klimafolgen von Plastik zu verringern, als Teil ihres <a href=\"https:\/\/www.nabu.de\/umwelt-und-ressourcen\/abfall-und-recycling\/kreislaufwirtschaft\/27943.html\" target=\"_blank\" rel=\"noreferrer noopener\">Aktionsplans zur Kreislaufwirtschaft<\/a>. Einwegkunststoffe sollen dabei reduziert werden. Bis 2030 sollen alle in der EU genutzten Kunststoffverpackungen <a href=\"https:\/\/www.klimareporter.de\/gesellschaft\/mehrweg-als-ausweg\" target=\"_blank\" rel=\"noreferrer noopener\">wiederverwendet<\/a> oder recycelt werden k\u00f6nnen. Au\u00dferdem soll die Umweltverschmutzung durch <a href=\"https:\/\/www.klimareporter.de\/erdsystem\/erdoel-in-der-nahrungskette\" target=\"_blank\" rel=\"noreferrer noopener\">Mikroplastik<\/a> sinken.<\/p>\n\n\n\n<p>Die k\u00fcnftige Ampelkoalition in Deutschland plant eine <a href=\"https:\/\/www.bvse.de\/recycling\/recycling-nachrichten\/7909-die-ampelkoalition-steht-kreislaufwirtschaft-mit-eigenem-kapitel.html\" target=\"_blank\" rel=\"noreferrer noopener\">Kreislaufwirtschaftsstrategie<\/a>, die auch den Kunststoffsektor betrifft. Unter anderem will sie ein ressourcenschonendes und recyclingfreundliches Verpackungsdesign sowie den Einsatz von Recyclingplastik f\u00f6rdern.<\/p>\n\n\n\n<p>&#8222;Wir schreiben h\u00f6here Recyclingquoten und eine produktspezifische Mindestquote f\u00fcr den Einsatz von Rezyklaten und Sekund\u00e4rrohstoffen auf europ\u00e4ischer Ebene fest&#8220;, hei\u00dft es im Koalitionsvertrag. Das w\u00fcrde unter anderem bedeuten, dass weniger Altplastik als bisher <a href=\"https:\/\/www.klimareporter.de\/international\/interpol-auf-der-spur-der-muellbetrueger\" target=\"_blank\" rel=\"noreferrer noopener\">verbrannt wird<\/a>.<\/p>\n\n\n\n<p>Letzteres h\u00e4lt auch <a href=\"https:\/\/www.oeko.de\/e-paper\/ohne-plastik-leben-aber-wie-weniger-kunststoffe-konsumieren-mehr-recyceln\/artikel\/portraet-dr-andreas-koehler-oeko-institut\" target=\"_blank\" rel=\"noreferrer noopener\">Andreas K\u00f6hler<\/a> vom \u00d6ko-Institut in Freiburg f\u00fcr \u00fcberf\u00e4llig, der die Ergebnisse der ETH-Studie analysiert hat. Daraus werde klar, &#8222;wie wichtig es ist, Kunststoffabf\u00e4lle <a href=\"http:\/\/www.klimaretter.info\/umwelt\/hintergrund\/13199-schlechtes-klima-fuer-plastik-recycling\" target=\"_blank\" rel=\"noreferrer noopener\">stofflich anstatt nur energetisch<\/a> durch M\u00fcllverbrennung zu verwerten&#8220;, <a href=\"https:\/\/www.sciencemediacenter.de\/en\/alle-angebote\/research-in-context\/details\/news\/plastikproduktion-verursacht-enorme-treibhausgas-emissionen\/\" target=\"_blank\" rel=\"noreferrer noopener\">sagte er<\/a>. Plastikrecycling k\u00f6nne helfen, &#8222;die vorgelagerten CO<sub>2<\/sub>-Emissionen der Herstellung zu vermeiden&#8220;.<\/p>\n\n\n\n<p>Die Nutzung von Plastikm\u00fcll <a href=\"http:\/\/www.klimaretter.info\/energie\/hintergrund\/16093-gruener-strom-aus-gelbem-sack\" target=\"_blank\" rel=\"noreferrer noopener\">als Ersatzbrennstoff<\/a> sei doppelt ung\u00fcnstig, so K\u00f6hler, weil dabei zur Klimabelastung aus der Herstellung noch das CO<sub>2<\/sub> aus der Verbrennung hinzukomme. Laut Umweltbundesamt wird in Deutschland bisher <a href=\"https:\/\/www.umweltbundesamt.de\/daten\/ressourcen-abfall\/verwertung-entsorgung-ausgewaehlter-abfallarten\/kunststoffabfaelle\" target=\"_blank\" rel=\"noreferrer noopener\">rund die H\u00e4lfte<\/a> aller Kunststoffe bei der Entsorgung verbrannt.<\/p>\n\n\n<h5 class=\"green\">Quelle<\/h5>\r\n\n\n\n<p>Der Bericht wurde von der\u00a0<a href=\"https:\/\/www.klimareporter.de\/technik\/plastik-ist-dreckiger-als-gedacht\">Redaktion \u201eklimareporter.de\u201c (Joachim Wille) 2021<\/a>\u00a0verfasst &#8211; der Artikel darf nicht ohne Genehmigung\u00a0(<a href=\"mailto:post@klimareporter.de\">post@klimareporter.de<\/a>) weiterverbreitet werden!\u00a0<\/p>\n<div class=\"shariff shariff-align-flex-start shariff-widget-align-flex-start\"><div class=\"ShariffHeadline\">Diese Meldung teilen<\/div><ul class=\"shariff-buttons theme-round orientation-horizontal buttonsize-medium\"><li class=\"shariff-button facebook shariff-nocustomcolor\" style=\"background-color:#4273c8;border-radius:1%\"><a href=\"https:\/\/www.facebook.com\/sharer\/sharer.php?u=https%3A%2F%2Fwww.sonnenseite.com%2Fde%2Fumwelt%2Fglobale-klimabilanz-von-kunststoffen-plastik-ist-dreckiger-als-gedacht%2F\" title=\"Bei Facebook teilen\" aria-label=\"Bei Facebook teilen\" role=\"button\" rel=\"nofollow\" class=\"shariff-link\" style=\";border-radius:1%; background-color:#3b5998; color:#fff\" target=\"_blank\"><span class=\"shariff-icon\" style=\"\"><svg width=\"32px\" height=\"20px\" xmlns=\"http:\/\/www.w3.org\/2000\/svg\" viewBox=\"0 0 18 32\"><path fill=\"#3b5998\" d=\"M17.1 0.2v4.7h-2.8q-1.5 0-2.1 0.6t-0.5 1.9v3.4h5.2l-0.7 5.3h-4.5v13.6h-5.5v-13.6h-4.5v-5.3h4.5v-3.9q0-3.3 1.9-5.2t5-1.8q2.6 0 4.1 0.2z\"\/><\/svg><\/span><\/a><\/li><li class=\"shariff-button twitter shariff-nocustomcolor\" style=\"background-color:#595959;border-radius:1%\"><a href=\"https:\/\/twitter.com\/share?url=https%3A%2F%2Fwww.sonnenseite.com%2Fde%2Fumwelt%2Fglobale-klimabilanz-von-kunststoffen-plastik-ist-dreckiger-als-gedacht%2F&text=Globale%20Klimabilanz%20von%20Kunststoffen%3A%20Plastik%20ist%20dreckiger%20als%20gedacht\" title=\"Bei X teilen\" aria-label=\"Bei X teilen\" role=\"button\" rel=\"noopener nofollow\" class=\"shariff-link\" style=\";border-radius:1%; background-color:#000; color:#fff\" target=\"_blank\"><span class=\"shariff-icon\" style=\"\"><svg width=\"32px\" height=\"20px\" xmlns=\"http:\/\/www.w3.org\/2000\/svg\" viewBox=\"0 0 24 24\"><path fill=\"#000\" d=\"M14.258 10.152L23.176 0h-2.113l-7.747 8.813L7.133 0H0l9.352 13.328L0 23.973h2.113l8.176-9.309 6.531 9.309h7.133zm-2.895 3.293l-.949-1.328L2.875 1.56h3.246l6.086 8.523.945 1.328 7.91 11.078h-3.246zm0 0\"\/><\/svg><\/span><\/a><\/li><li class=\"shariff-button xing shariff-nocustomcolor\" style=\"background-color:#29888a;border-radius:1%\"><a href=\"https:\/\/www.xing.com\/spi\/shares\/new?url=https%3A%2F%2Fwww.sonnenseite.com%2Fde%2Fumwelt%2Fglobale-klimabilanz-von-kunststoffen-plastik-ist-dreckiger-als-gedacht%2F\" title=\"Bei XING teilen\" aria-label=\"Bei XING teilen\" role=\"button\" rel=\"noopener nofollow\" class=\"shariff-link\" style=\";border-radius:1%; background-color:#126567; color:#fff\" target=\"_blank\"><span class=\"shariff-icon\" style=\"\"><svg width=\"32px\" height=\"20px\" xmlns=\"http:\/\/www.w3.org\/2000\/svg\" viewBox=\"0 0 25 32\"><path fill=\"#126567\" d=\"M10.7 11.9q-0.2 0.3-4.6 8.2-0.5 0.8-1.2 0.8h-4.3q-0.4 0-0.5-0.3t0-0.6l4.5-8q0 0 0 0l-2.9-5q-0.2-0.4 0-0.7 0.2-0.3 0.5-0.3h4.3q0.7 0 1.2 0.8zM25.1 0.4q0.2 0.3 0 0.7l-9.4 16.7 6 11q0.2 0.4 0 0.6-0.2 0.3-0.6 0.3h-4.3q-0.7 0-1.2-0.8l-6-11.1q0.3-0.6 9.5-16.8 0.4-0.8 1.2-0.8h4.3q0.4 0 0.5 0.3z\"\/><\/svg><\/span><\/a><\/li><li class=\"shariff-button linkedin shariff-nocustomcolor\" style=\"background-color:#1488bf;border-radius:1%\"><a href=\"https:\/\/www.linkedin.com\/sharing\/share-offsite\/?url=https%3A%2F%2Fwww.sonnenseite.com%2Fde%2Fumwelt%2Fglobale-klimabilanz-von-kunststoffen-plastik-ist-dreckiger-als-gedacht%2F\" title=\"Bei LinkedIn teilen\" aria-label=\"Bei LinkedIn teilen\" role=\"button\" rel=\"noopener nofollow\" class=\"shariff-link\" style=\";border-radius:1%; background-color:#0077b5; color:#fff\" target=\"_blank\"><span class=\"shariff-icon\" style=\"\"><svg width=\"32px\" height=\"20px\" xmlns=\"http:\/\/www.w3.org\/2000\/svg\" viewBox=\"0 0 27 32\"><path fill=\"#0077b5\" d=\"M6.2 11.2v17.7h-5.9v-17.7h5.9zM6.6 5.7q0 1.3-0.9 2.2t-2.4 0.9h0q-1.5 0-2.4-0.9t-0.9-2.2 0.9-2.2 2.4-0.9 2.4 0.9 0.9 2.2zM27.4 18.7v10.1h-5.9v-9.5q0-1.9-0.7-2.9t-2.3-1.1q-1.1 0-1.9 0.6t-1.2 1.5q-0.2 0.5-0.2 1.4v9.9h-5.9q0-7.1 0-11.6t0-5.3l0-0.9h5.9v2.6h0q0.4-0.6 0.7-1t1-0.9 1.6-0.8 2-0.3q3 0 4.9 2t1.9 6z\"\/><\/svg><\/span><\/a><\/li><li class=\"shariff-button printer shariff-nocustomcolor\" style=\"background-color:#a8a8a8;border-radius:1%\"><a href=\"javascript:window.print()\" title=\"drucken\" aria-label=\"drucken\" role=\"button\" rel=\"noopener nofollow\" class=\"shariff-link\" style=\";border-radius:1%; background-color:#999; color:#fff\"><span class=\"shariff-icon\" style=\"\"><svg width=\"32px\" height=\"20px\" xmlns=\"http:\/\/www.w3.org\/2000\/svg\" viewBox=\"0 0 30 32\"><path fill=\"#999\" d=\"M6.8 27.4h16v-4.6h-16v4.6zM6.8 16h16v-6.8h-2.8q-0.7 0-1.2-0.5t-0.5-1.2v-2.8h-11.4v11.4zM27.4 17.2q0-0.5-0.3-0.8t-0.8-0.4-0.8 0.4-0.3 0.8 0.3 0.8 0.8 0.3 0.8-0.3 0.3-0.8zM29.7 17.2v7.4q0 0.2-0.2 0.4t-0.4 0.2h-4v2.8q0 0.7-0.5 1.2t-1.2 0.5h-17.2q-0.7 0-1.2-0.5t-0.5-1.2v-2.8h-4q-0.2 0-0.4-0.2t-0.2-0.4v-7.4q0-1.4 1-2.4t2.4-1h1.2v-9.7q0-0.7 0.5-1.2t1.2-0.5h12q0.7 0 1.6 0.4t1.3 0.8l2.7 2.7q0.5 0.5 0.9 1.4t0.4 1.6v4.6h1.1q1.4 0 2.4 1t1 2.4z\"\/><\/svg><\/span><\/a><\/li><li class=\"shariff-button mailto shariff-nocustomcolor\" style=\"background-color:#a8a8a8;border-radius:1%\"><a href=\"mailto:?body=https%3A%2F%2Fwww.sonnenseite.com%2Fde%2Fumwelt%2Fglobale-klimabilanz-von-kunststoffen-plastik-ist-dreckiger-als-gedacht%2F&subject=Globale%20Klimabilanz%20von%20Kunststoffen%3A%20Plastik%20ist%20dreckiger%20als%20gedacht\" title=\"Per E-Mail versenden\" aria-label=\"Per E-Mail versenden\" role=\"button\" rel=\"noopener nofollow\" class=\"shariff-link\" style=\";border-radius:1%; background-color:#999; color:#fff\"><span class=\"shariff-icon\" style=\"\"><svg width=\"32px\" height=\"20px\" xmlns=\"http:\/\/www.w3.org\/2000\/svg\" viewBox=\"0 0 32 32\"><path fill=\"#999\" d=\"M32 12.7v14.2q0 1.2-0.8 2t-2 0.9h-26.3q-1.2 0-2-0.9t-0.8-2v-14.2q0.8 0.9 1.8 1.6 6.5 4.4 8.9 6.1 1 0.8 1.6 1.2t1.7 0.9 2 0.4h0.1q0.9 0 2-0.4t1.7-0.9 1.6-1.2q3-2.2 8.9-6.1 1-0.7 1.8-1.6zM32 7.4q0 1.4-0.9 2.7t-2.2 2.2q-6.7 4.7-8.4 5.8-0.2 0.1-0.7 0.5t-1 0.7-0.9 0.6-1.1 0.5-0.9 0.2h-0.1q-0.4 0-0.9-0.2t-1.1-0.5-0.9-0.6-1-0.7-0.7-0.5q-1.6-1.1-4.7-3.2t-3.6-2.6q-1.1-0.7-2.1-2t-1-2.5q0-1.4 0.7-2.3t2.1-0.9h26.3q1.2 0 2 0.8t0.9 2z\"\/><\/svg><\/span><\/a><\/li><\/ul><\/div>","protected":false},"excerpt":{"rendered":"<p>Rund f\u00fcnf Prozent der Treibhausgas-Emissionen weltweit gehen auf das Konto von Kunststoffen. Die Treibhausgase, die bei [&hellip;]<\/p>\n","protected":false},"author":3,"featured_media":5773,"comment_status":"closed","ping_status":"closed","sticky":false,"template":"","format":"standard","meta":{"inline_featured_image":false,"footnotes":""},"categories":[23],"tags":[],"class_list":["post-77377","post","type-post","status-publish","format-standard","has-post-thumbnail","hentry","category-umwelt"],"yoast_head":"<!-- This site is optimized with the Yoast SEO plugin v26.5 - https:\/\/yoast.com\/wordpress\/plugins\/seo\/ -->\n<title>Globale Klimabilanz von Kunststoffen: Plastik ist dreckiger als gedacht - Sonnenseite - \u00d6kologische Kommunikation mit Franz Alt<\/title>\n<meta name=\"description\" content=\"Rund f\u00fcnf Prozent der Treibhausgas-Emissionen weltweit gehen auf das Konto von Kunststoffen. Die Treibhausgase, die bei der Herstellung von in der EU\" \/>\n<meta name=\"robots\" content=\"index, follow, max-snippet:-1, max-image-preview:large, max-video-preview:-1\" \/>\n<link rel=\"canonical\" href=\"https:\/\/www.sonnenseite.com\/de\/umwelt\/globale-klimabilanz-von-kunststoffen-plastik-ist-dreckiger-als-gedacht\/\" \/>\n<meta property=\"og:locale\" content=\"de_DE\" \/>\n<meta property=\"og:type\" content=\"article\" \/>\n<meta property=\"og:title\" content=\"Globale Klimabilanz von Kunststoffen: Plastik ist dreckiger als gedacht - Sonnenseite - \u00d6kologische Kommunikation mit Franz Alt\" \/>\n<meta property=\"og:description\" content=\"Rund f\u00fcnf Prozent der Treibhausgas-Emissionen weltweit gehen auf das Konto von Kunststoffen. Die Treibhausgase, die bei der Herstellung von in der EU\" \/>\n<meta property=\"og:url\" content=\"https:\/\/www.sonnenseite.com\/de\/umwelt\/globale-klimabilanz-von-kunststoffen-plastik-ist-dreckiger-als-gedacht\/\" \/>\n<meta property=\"og:site_name\" content=\"Sonnenseite\" \/>\n<meta property=\"article:publisher\" content=\"https:\/\/www.facebook.com\/pages\/Franz-Alt-SONNENSEITECOM\/221072987903953?fref=ts\" \/>\n<meta property=\"article:published_time\" content=\"2021-12-04T09:55:04+00:00\" \/>\n<meta property=\"article:modified_time\" content=\"2021-12-12T07:35:50+00:00\" \/>\n<meta property=\"og:image\" content=\"https:\/\/www.sonnenseite.com\/wp-content\/uploads\/2019\/10\/Erde_Plastik_smithore.jpg\" \/>\n\t<meta property=\"og:image:width\" content=\"770\" \/>\n\t<meta property=\"og:image:height\" content=\"420\" \/>\n\t<meta property=\"og:image:type\" content=\"image\/jpeg\" \/>\n<meta name=\"author\" content=\"Bigi Alt\" \/>\n<meta name=\"twitter:card\" content=\"summary_large_image\" \/>\n<meta name=\"twitter:creator\" content=\"@franzalt\" \/>\n<meta name=\"twitter:site\" content=\"@franzalt\" \/>\n<meta name=\"twitter:label1\" content=\"Verfasst von\" \/>\n\t<meta name=\"twitter:data1\" content=\"Bigi Alt\" \/>\n\t<meta name=\"twitter:label2\" content=\"Gesch\u00e4tzte Lesezeit\" \/>\n\t<meta name=\"twitter:data2\" content=\"4\u00a0Minuten\" \/>\n<script type=\"application\/ld+json\" class=\"yoast-schema-graph\">{\"@context\":\"https:\/\/schema.org\",\"@graph\":[{\"@type\":\"Article\",\"@id\":\"https:\/\/www.sonnenseite.com\/de\/umwelt\/globale-klimabilanz-von-kunststoffen-plastik-ist-dreckiger-als-gedacht\/#article\",\"isPartOf\":{\"@id\":\"https:\/\/www.sonnenseite.com\/de\/umwelt\/globale-klimabilanz-von-kunststoffen-plastik-ist-dreckiger-als-gedacht\/\"},\"author\":{\"name\":\"Bigi Alt\",\"@id\":\"https:\/\/www.sonnenseite.com\/de\/#\/schema\/person\/50fda0e926597684c7cc6695238a4eb9\"},\"headline\":\"Globale Klimabilanz von Kunststoffen: Plastik ist dreckiger als gedacht\",\"datePublished\":\"2021-12-04T09:55:04+00:00\",\"dateModified\":\"2021-12-12T07:35:50+00:00\",\"mainEntityOfPage\":{\"@id\":\"https:\/\/www.sonnenseite.com\/de\/umwelt\/globale-klimabilanz-von-kunststoffen-plastik-ist-dreckiger-als-gedacht\/\"},\"wordCount\":947,\"publisher\":{\"@id\":\"https:\/\/www.sonnenseite.com\/de\/#organization\"},\"image\":{\"@id\":\"https:\/\/www.sonnenseite.com\/de\/umwelt\/globale-klimabilanz-von-kunststoffen-plastik-ist-dreckiger-als-gedacht\/#primaryimage\"},\"thumbnailUrl\":\"https:\/\/www.sonnenseite.com\/wp-content\/uploads\/2019\/10\/Erde_Plastik_smithore.jpg\",\"articleSection\":[\"Umwelt\"],\"inLanguage\":\"de\"},{\"@type\":\"WebPage\",\"@id\":\"https:\/\/www.sonnenseite.com\/de\/umwelt\/globale-klimabilanz-von-kunststoffen-plastik-ist-dreckiger-als-gedacht\/\",\"url\":\"https:\/\/www.sonnenseite.com\/de\/umwelt\/globale-klimabilanz-von-kunststoffen-plastik-ist-dreckiger-als-gedacht\/\",\"name\":\"Globale Klimabilanz von Kunststoffen: Plastik ist dreckiger als gedacht - Sonnenseite - \u00d6kologische Kommunikation mit Franz Alt\",\"isPartOf\":{\"@id\":\"https:\/\/www.sonnenseite.com\/de\/#website\"},\"primaryImageOfPage\":{\"@id\":\"https:\/\/www.sonnenseite.com\/de\/umwelt\/globale-klimabilanz-von-kunststoffen-plastik-ist-dreckiger-als-gedacht\/#primaryimage\"},\"image\":{\"@id\":\"https:\/\/www.sonnenseite.com\/de\/umwelt\/globale-klimabilanz-von-kunststoffen-plastik-ist-dreckiger-als-gedacht\/#primaryimage\"},\"thumbnailUrl\":\"https:\/\/www.sonnenseite.com\/wp-content\/uploads\/2019\/10\/Erde_Plastik_smithore.jpg\",\"datePublished\":\"2021-12-04T09:55:04+00:00\",\"dateModified\":\"2021-12-12T07:35:50+00:00\",\"description\":\"Rund f\u00fcnf Prozent der Treibhausgas-Emissionen weltweit gehen auf das Konto von Kunststoffen. Die Treibhausgase, die bei der Herstellung von in der EU\",\"breadcrumb\":{\"@id\":\"https:\/\/www.sonnenseite.com\/de\/umwelt\/globale-klimabilanz-von-kunststoffen-plastik-ist-dreckiger-als-gedacht\/#breadcrumb\"},\"inLanguage\":\"de\",\"potentialAction\":[{\"@type\":\"ReadAction\",\"target\":[\"https:\/\/www.sonnenseite.com\/de\/umwelt\/globale-klimabilanz-von-kunststoffen-plastik-ist-dreckiger-als-gedacht\/\"]}]},{\"@type\":\"ImageObject\",\"inLanguage\":\"de\",\"@id\":\"https:\/\/www.sonnenseite.com\/de\/umwelt\/globale-klimabilanz-von-kunststoffen-plastik-ist-dreckiger-als-gedacht\/#primaryimage\",\"url\":\"https:\/\/www.sonnenseite.com\/wp-content\/uploads\/2019\/10\/Erde_Plastik_smithore.jpg\",\"contentUrl\":\"https:\/\/www.sonnenseite.com\/wp-content\/uploads\/2019\/10\/Erde_Plastik_smithore.jpg\",\"width\":770,\"height\":420,\"caption\":\"Depositphotos | smithore\"},{\"@type\":\"BreadcrumbList\",\"@id\":\"https:\/\/www.sonnenseite.com\/de\/umwelt\/globale-klimabilanz-von-kunststoffen-plastik-ist-dreckiger-als-gedacht\/#breadcrumb\",\"itemListElement\":[{\"@type\":\"ListItem\",\"position\":1,\"name\":\"Startseite\",\"item\":\"https:\/\/www.sonnenseite.com\/de\/\"},{\"@type\":\"ListItem\",\"position\":2,\"name\":\"Globale Klimabilanz von Kunststoffen: Plastik ist dreckiger als gedacht\"}]},{\"@type\":\"WebSite\",\"@id\":\"https:\/\/www.sonnenseite.com\/de\/#website\",\"url\":\"https:\/\/www.sonnenseite.com\/de\/\",\"name\":\"Sonnenseite\",\"description\":\"\u00d6kologische Kommunikation mit Franz Alt\",\"publisher\":{\"@id\":\"https:\/\/www.sonnenseite.com\/de\/#organization\"},\"potentialAction\":[{\"@type\":\"SearchAction\",\"target\":{\"@type\":\"EntryPoint\",\"urlTemplate\":\"https:\/\/www.sonnenseite.com\/de\/?s={search_term_string}\"},\"query-input\":{\"@type\":\"PropertyValueSpecification\",\"valueRequired\":true,\"valueName\":\"search_term_string\"}}],\"inLanguage\":\"de\"},{\"@type\":\"Organization\",\"@id\":\"https:\/\/www.sonnenseite.com\/de\/#organization\",\"name\":\"Sonnenseite\",\"url\":\"https:\/\/www.sonnenseite.com\/de\/\",\"logo\":{\"@type\":\"ImageObject\",\"inLanguage\":\"de\",\"@id\":\"https:\/\/www.sonnenseite.com\/de\/#\/schema\/logo\/image\/\",\"url\":\"https:\/\/www.sonnenseite.com\/wp-content\/uploads\/2020\/05\/Sonnenseite_Logo.png\",\"contentUrl\":\"https:\/\/www.sonnenseite.com\/wp-content\/uploads\/2020\/05\/Sonnenseite_Logo.png\",\"width\":377,\"height\":90,\"caption\":\"Sonnenseite\"},\"image\":{\"@id\":\"https:\/\/www.sonnenseite.com\/de\/#\/schema\/logo\/image\/\"},\"sameAs\":[\"https:\/\/www.facebook.com\/pages\/Franz-Alt-SONNENSEITECOM\/221072987903953?fref=ts\",\"https:\/\/x.com\/franzalt\",\"http:\/\/www.youtube.com\/results?search_query&amp;amp;quot;franz_alt&amp;amp;quot;&amp;amp;amp;amp;search_type&amp;amp;amp;amp;aq=f\"]},{\"@type\":\"Person\",\"@id\":\"https:\/\/www.sonnenseite.com\/de\/#\/schema\/person\/50fda0e926597684c7cc6695238a4eb9\",\"name\":\"Bigi Alt\"}]}<\/script>\n<!-- \/ Yoast SEO plugin. -->","yoast_head_json":{"title":"Globale Klimabilanz von Kunststoffen: Plastik ist dreckiger als gedacht - Sonnenseite - \u00d6kologische Kommunikation mit Franz Alt","description":"Rund f\u00fcnf Prozent der Treibhausgas-Emissionen weltweit gehen auf das Konto von Kunststoffen. Die Treibhausgase, die bei der Herstellung von in der EU","robots":{"index":"index","follow":"follow","max-snippet":"max-snippet:-1","max-image-preview":"max-image-preview:large","max-video-preview":"max-video-preview:-1"},"canonical":"https:\/\/www.sonnenseite.com\/de\/umwelt\/globale-klimabilanz-von-kunststoffen-plastik-ist-dreckiger-als-gedacht\/","og_locale":"de_DE","og_type":"article","og_title":"Globale Klimabilanz von Kunststoffen: Plastik ist dreckiger als gedacht - Sonnenseite - \u00d6kologische Kommunikation mit Franz Alt","og_description":"Rund f\u00fcnf Prozent der Treibhausgas-Emissionen weltweit gehen auf das Konto von Kunststoffen. Die Treibhausgase, die bei der Herstellung von in der EU","og_url":"https:\/\/www.sonnenseite.com\/de\/umwelt\/globale-klimabilanz-von-kunststoffen-plastik-ist-dreckiger-als-gedacht\/","og_site_name":"Sonnenseite","article_publisher":"https:\/\/www.facebook.com\/pages\/Franz-Alt-SONNENSEITECOM\/221072987903953?fref=ts","article_published_time":"2021-12-04T09:55:04+00:00","article_modified_time":"2021-12-12T07:35:50+00:00","og_image":[{"width":770,"height":420,"url":"https:\/\/www.sonnenseite.com\/wp-content\/uploads\/2019\/10\/Erde_Plastik_smithore.jpg","type":"image\/jpeg"}],"author":"Bigi Alt","twitter_card":"summary_large_image","twitter_creator":"@franzalt","twitter_site":"@franzalt","twitter_misc":{"Verfasst von":"Bigi Alt","Gesch\u00e4tzte Lesezeit":"4\u00a0Minuten"},"schema":{"@context":"https:\/\/schema.org","@graph":[{"@type":"Article","@id":"https:\/\/www.sonnenseite.com\/de\/umwelt\/globale-klimabilanz-von-kunststoffen-plastik-ist-dreckiger-als-gedacht\/#article","isPartOf":{"@id":"https:\/\/www.sonnenseite.com\/de\/umwelt\/globale-klimabilanz-von-kunststoffen-plastik-ist-dreckiger-als-gedacht\/"},"author":{"name":"Bigi Alt","@id":"https:\/\/www.sonnenseite.com\/de\/#\/schema\/person\/50fda0e926597684c7cc6695238a4eb9"},"headline":"Globale Klimabilanz von Kunststoffen: Plastik ist dreckiger als gedacht","datePublished":"2021-12-04T09:55:04+00:00","dateModified":"2021-12-12T07:35:50+00:00","mainEntityOfPage":{"@id":"https:\/\/www.sonnenseite.com\/de\/umwelt\/globale-klimabilanz-von-kunststoffen-plastik-ist-dreckiger-als-gedacht\/"},"wordCount":947,"publisher":{"@id":"https:\/\/www.sonnenseite.com\/de\/#organization"},"image":{"@id":"https:\/\/www.sonnenseite.com\/de\/umwelt\/globale-klimabilanz-von-kunststoffen-plastik-ist-dreckiger-als-gedacht\/#primaryimage"},"thumbnailUrl":"https:\/\/www.sonnenseite.com\/wp-content\/uploads\/2019\/10\/Erde_Plastik_smithore.jpg","articleSection":["Umwelt"],"inLanguage":"de"},{"@type":"WebPage","@id":"https:\/\/www.sonnenseite.com\/de\/umwelt\/globale-klimabilanz-von-kunststoffen-plastik-ist-dreckiger-als-gedacht\/","url":"https:\/\/www.sonnenseite.com\/de\/umwelt\/globale-klimabilanz-von-kunststoffen-plastik-ist-dreckiger-als-gedacht\/","name":"Globale Klimabilanz von Kunststoffen: Plastik ist dreckiger als gedacht - Sonnenseite - \u00d6kologische Kommunikation mit Franz Alt","isPartOf":{"@id":"https:\/\/www.sonnenseite.com\/de\/#website"},"primaryImageOfPage":{"@id":"https:\/\/www.sonnenseite.com\/de\/umwelt\/globale-klimabilanz-von-kunststoffen-plastik-ist-dreckiger-als-gedacht\/#primaryimage"},"image":{"@id":"https:\/\/www.sonnenseite.com\/de\/umwelt\/globale-klimabilanz-von-kunststoffen-plastik-ist-dreckiger-als-gedacht\/#primaryimage"},"thumbnailUrl":"https:\/\/www.sonnenseite.com\/wp-content\/uploads\/2019\/10\/Erde_Plastik_smithore.jpg","datePublished":"2021-12-04T09:55:04+00:00","dateModified":"2021-12-12T07:35:50+00:00","description":"Rund f\u00fcnf Prozent der Treibhausgas-Emissionen weltweit gehen auf das Konto von Kunststoffen. Die Treibhausgase, die bei der Herstellung von in der EU","breadcrumb":{"@id":"https:\/\/www.sonnenseite.com\/de\/umwelt\/globale-klimabilanz-von-kunststoffen-plastik-ist-dreckiger-als-gedacht\/#breadcrumb"},"inLanguage":"de","potentialAction":[{"@type":"ReadAction","target":["https:\/\/www.sonnenseite.com\/de\/umwelt\/globale-klimabilanz-von-kunststoffen-plastik-ist-dreckiger-als-gedacht\/"]}]},{"@type":"ImageObject","inLanguage":"de","@id":"https:\/\/www.sonnenseite.com\/de\/umwelt\/globale-klimabilanz-von-kunststoffen-plastik-ist-dreckiger-als-gedacht\/#primaryimage","url":"https:\/\/www.sonnenseite.com\/wp-content\/uploads\/2019\/10\/Erde_Plastik_smithore.jpg","contentUrl":"https:\/\/www.sonnenseite.com\/wp-content\/uploads\/2019\/10\/Erde_Plastik_smithore.jpg","width":770,"height":420,"caption":"Depositphotos | smithore"},{"@type":"BreadcrumbList","@id":"https:\/\/www.sonnenseite.com\/de\/umwelt\/globale-klimabilanz-von-kunststoffen-plastik-ist-dreckiger-als-gedacht\/#breadcrumb","itemListElement":[{"@type":"ListItem","position":1,"name":"Startseite","item":"https:\/\/www.sonnenseite.com\/de\/"},{"@type":"ListItem","position":2,"name":"Globale Klimabilanz von Kunststoffen: Plastik ist dreckiger als gedacht"}]},{"@type":"WebSite","@id":"https:\/\/www.sonnenseite.com\/de\/#website","url":"https:\/\/www.sonnenseite.com\/de\/","name":"Sonnenseite","description":"\u00d6kologische Kommunikation mit Franz Alt","publisher":{"@id":"https:\/\/www.sonnenseite.com\/de\/#organization"},"potentialAction":[{"@type":"SearchAction","target":{"@type":"EntryPoint","urlTemplate":"https:\/\/www.sonnenseite.com\/de\/?s={search_term_string}"},"query-input":{"@type":"PropertyValueSpecification","valueRequired":true,"valueName":"search_term_string"}}],"inLanguage":"de"},{"@type":"Organization","@id":"https:\/\/www.sonnenseite.com\/de\/#organization","name":"Sonnenseite","url":"https:\/\/www.sonnenseite.com\/de\/","logo":{"@type":"ImageObject","inLanguage":"de","@id":"https:\/\/www.sonnenseite.com\/de\/#\/schema\/logo\/image\/","url":"https:\/\/www.sonnenseite.com\/wp-content\/uploads\/2020\/05\/Sonnenseite_Logo.png","contentUrl":"https:\/\/www.sonnenseite.com\/wp-content\/uploads\/2020\/05\/Sonnenseite_Logo.png","width":377,"height":90,"caption":"Sonnenseite"},"image":{"@id":"https:\/\/www.sonnenseite.com\/de\/#\/schema\/logo\/image\/"},"sameAs":["https:\/\/www.facebook.com\/pages\/Franz-Alt-SONNENSEITECOM\/221072987903953?fref=ts","https:\/\/x.com\/franzalt","http:\/\/www.youtube.com\/results?search_query&amp;amp;quot;franz_alt&amp;amp;quot;&amp;amp;amp;amp;search_type&amp;amp;amp;amp;aq=f"]},{"@type":"Person","@id":"https:\/\/www.sonnenseite.com\/de\/#\/schema\/person\/50fda0e926597684c7cc6695238a4eb9","name":"Bigi Alt"}]}},"_links":{"self":[{"href":"https:\/\/www.sonnenseite.com\/de\/wp-json\/wp\/v2\/posts\/77377","targetHints":{"allow":["GET"]}}],"collection":[{"href":"https:\/\/www.sonnenseite.com\/de\/wp-json\/wp\/v2\/posts"}],"about":[{"href":"https:\/\/www.sonnenseite.com\/de\/wp-json\/wp\/v2\/types\/post"}],"author":[{"embeddable":true,"href":"https:\/\/www.sonnenseite.com\/de\/wp-json\/wp\/v2\/users\/3"}],"replies":[{"embeddable":true,"href":"https:\/\/www.sonnenseite.com\/de\/wp-json\/wp\/v2\/comments?post=77377"}],"version-history":[{"count":1,"href":"https:\/\/www.sonnenseite.com\/de\/wp-json\/wp\/v2\/posts\/77377\/revisions"}],"predecessor-version":[{"id":77378,"href":"https:\/\/www.sonnenseite.com\/de\/wp-json\/wp\/v2\/posts\/77377\/revisions\/77378"}],"wp:featuredmedia":[{"embeddable":true,"href":"https:\/\/www.sonnenseite.com\/de\/wp-json\/wp\/v2\/media\/5773"}],"wp:attachment":[{"href":"https:\/\/www.sonnenseite.com\/de\/wp-json\/wp\/v2\/media?parent=77377"}],"wp:term":[{"taxonomy":"category","embeddable":true,"href":"https:\/\/www.sonnenseite.com\/de\/wp-json\/wp\/v2\/categories?post=77377"},{"taxonomy":"post_tag","embeddable":true,"href":"https:\/\/www.sonnenseite.com\/de\/wp-json\/wp\/v2\/tags?post=77377"}],"curies":[{"name":"wp","href":"https:\/\/api.w.org\/{rel}","templated":true}]}}