{"id":77558,"date":"2021-12-11T09:35:02","date_gmt":"2021-12-11T08:35:02","guid":{"rendered":"https:\/\/www.sonnenseite.com\/?p=77558"},"modified":"2021-12-19T14:00:43","modified_gmt":"2021-12-19T13:00:43","slug":"papst-krieg-gegen-fluechtlinge-beenden","status":"publish","type":"post","link":"https:\/\/www.sonnenseite.com\/de\/franz-alt\/kommentare-interviews\/papst-krieg-gegen-fluechtlinge-beenden\/","title":{"rendered":"Papst: \u201eKrieg gegen Fl\u00fcchtlinge beenden\u201c"},"content":{"rendered":"\n<div style=\"height:11px\" aria-hidden=\"true\" class=\"wp-block-spacer\"><\/div>\n\n\n\n<div class=\"wp-block-image\"><figure class=\"alignleft size-full is-resized\"><img loading=\"lazy\" decoding=\"async\" src=\"https:\/\/www.sonnenseite.com\/wp-content\/uploads\/2021\/12\/papstfranciscus01_neneo.jpg\" alt=\"\" class=\"wp-image-77567\" width=\"105\" height=\"110\" srcset=\"https:\/\/www.sonnenseite.com\/wp-content\/uploads\/2021\/12\/papstfranciscus01_neneo.jpg 400w, https:\/\/www.sonnenseite.com\/wp-content\/uploads\/2021\/12\/papstfranciscus01_neneo-286x300.jpg 286w\" sizes=\"auto, (max-width: 105px) 100vw, 105px\" \/><figcaption>\u00a9 bigstock.com | neneo <\/figcaption><\/figure><\/div>\n\n\n\n<p><\/p>\n\n\n\n<p>Das Mittelmeer sei zu einem \u201ekalten Friedhof ohne Grabsteine\u201c geworden, einem \u201eSpiegel des Todes\u201c, sagte <a href=\"https:\/\/www.vaticannews.va\/de\/papst\/news\/2021-12\/wortlaut-4-papst-franziskus-griechenland-lesbos-migranten-lager.html\">Papst Franziskus beim Besuch eines Fl\u00fcchtlingslagers in Griechenland<\/a>. Damit litten nicht nur Boote Schiffbruch, sondern \u201eunsere gesamte Zivilisation\u201c. <\/p>\n\n\n\n<p>(<a href=\"https:\/\/www.tagesschau.de\/ausland\/europa\/papst-lesbos-athen-101.html\">Tagesschau: &#8222;Menschenrechte statt Mauern&#8220;<\/a>)<\/p>\n\n\n\n<div style=\"height:5px\" aria-hidden=\"true\" class=\"wp-block-spacer\"><\/div>\n\n\n\n<p>Der s\u00e4chsische Ministerpr\u00e4sident, ein Christdemokrat, meinte gar mit Blick auf die Fl\u00fcchtlinge an der polnischen Grenze zu Belarus: \u201eWir werden diese Bilder ertragen m\u00fcssen\u201c. F\u00fcr den Papst ist diese Denke keine humane Haltung, sondern ein unertr\u00e4glicher Zynismus. Er nennt die derzeitige Fl\u00fcchtlingspolitik einen \u201eKrieg dieser Zeit\u201c, durch den M\u00e4nner, Frauen und Kinder \u201ezum Tod verurteilt\u201c werden. <\/p>\n\n\n\n<p>Europa werde sich damit selbst untreu. Wir verrieten alle unsere christlich-abendl\u00e4ndischen Werte. Und wie reagiert die deutsche Politik? Weitgehend mit Gleichg\u00fcltigkeit. <\/p>\n\n\n\n<p><strong>Faktisch: Wir ermorden sie. Ihr einziges Vergehen hat darin bestanden, dass sie an europ\u00e4ische<\/strong> <strong>Werte geglaubt haben.<\/strong><\/p>\n\n\n\n<p>Franziskus sagt, diese Fl\u00fcchtenden seien keine \u201eMigranten\u201c, sondern \u201eIndividuen\u201c, Menschen. Im Gegensatz zum christdemokratischen s\u00e4chsischen Ministerpr\u00e4sidenten, mahnt der Papst, m\u00fcsse man den Mut haben, diesen Menschen \u201eins Gesicht zu schauen\u201c und \u201eScham empfinden\u201c. Sonst behandeln wir Fl\u00fcchtlinge wie Feinde und dies sei unmenschlich.<\/p>\n\n\n\n<p>In Deutschland gibt es viele historische Gr\u00fcnde, die Mahnungen des Papstes zu verstehen.<\/p>\n\n\n\n<p><strong>Erstens: <\/strong>Mitte des 19. Jahrhunderts herrschte hierzulande eine unvorstellbare Hungersnot und eine Massenarbeitslosigkeit. Millionen Deutsche wanderten nach Kanada, in die USA, nach Brasilien und Argentinien aus und wurden dort als Fl\u00fcchtlinge willkommen gehei\u00dfen. Nur so konnten sie \u00fcberleben.<\/p>\n\n\n\n<p><strong>Zweitens: <\/strong>Nach 1945 wurden im Osten 12 Millionen Deutsche vertrieben und kamen als Fl\u00fcchtlinge in den Westen. Sie wurden hier integriert und halfen uns, das deutsche Wirtschaftswunder aufzubauen.<\/p>\n\n\n\n<p><strong>Drittens: <\/strong>Ab den Sechzigern des letzten Jahrhunderts kamen Millionen Gastarbeiter nach Deutschland. Auch diese Geschichte wurde ein doppelter Gewinn \u2013 f\u00fcr die Gastarbeiter und f\u00fcr uns Deutsche. Als wertvolle Arbeitskr\u00e4fte und Steuerzahler haben auch die Gastarbeiter unseren Wohlstand vermehrt.<\/p>\n\n\n\n<p><strong>Viertens: <\/strong>2015\u00a0 hat die damalige Bundeskanzlerin die Grenzen offen gelassen und eine Million Fl\u00fcchtlinge kamen ins Land. Merkel: \u201eWir schaffen das.\u201c Schon Ende 2021 k\u00f6nnen wir sagen: \u201eWir haben es geschafft.\u201c<\/p>\n\n\n\n<p>Die ganze Geschichte der Menschheit ist eine Fl\u00fcchtlingsgeschichte. Vor \u00fcber 200.000 Jahren hat sich Homo sapiens aus Ostafrika auf den Weg gemacht und \u00fcber die ganze Welt verbreitet. Wir alle sind Fl\u00fcchtlinge (Rupert Neudeck).<\/p>\n\n\n\n<div class=\"wp-block-image\"><figure class=\"alignright size-full is-resized\"><a href=\"https:\/\/www.sonnenseite.com\/wp-content\/uploads\/2016\/02\/FranzAlt_Fluechtling01.jpg\"><img loading=\"lazy\" decoding=\"async\" src=\"https:\/\/www.sonnenseite.com\/wp-content\/uploads\/2016\/02\/FranzAlt_Fluechtling01.jpg\" alt=\"G\u00fctersloher Verlagshaus\" class=\"wp-image-38971\" width=\"276\" height=\"292\" srcset=\"https:\/\/www.sonnenseite.com\/wp-content\/uploads\/2016\/02\/FranzAlt_Fluechtling01.jpg 433w, https:\/\/www.sonnenseite.com\/wp-content\/uploads\/2016\/02\/FranzAlt_Fluechtling01-284x300.jpg 284w\" sizes=\"auto, (max-width: 276px) 100vw, 276px\" \/><\/a><figcaption>\u00a9 G\u00fctersloher Verlagshaus<\/figcaption><\/figure><\/div>\n\n\n\n<h5 class=\"wp-block-heading\">Wann endlich lernen wir aus unserer Geschichte? <\/h5>\n\n\n\n<p>Einer der prominentesten Fl\u00fcchtlinge der Weltgeschichte, Jesus von Nazareth, w\u00fcrde heute in seiner Bergpredigt sagen: \u201eSelig sind die, welche Fl\u00fcchtlingen helfen.\u201c<\/p>\n\n\n\n<p>Oft h\u00f6re ich hierzulande den Satz: \u201eWir k\u00f6nnen doch nicht das ganze Elend der Welt hier aufnehmen.\u201c Diese Ausrede ist schon deshalb dumm und nichtssagend, weil kein Mensch so etwas fordert. Doch die circa 5.000 Fl\u00fcchtlinge an der polnischen Grenze zu Belarus, k\u00f6nnte Deutschland problemlos aufnehmen und integrieren. Es w\u00e4re wieder einmal eine Bereicherung f\u00fcr unser Land und zudem ein Akt christlicher N\u00e4chstenliebe.<\/p>\n\n\n\n<ul class=\"wp-block-list\"><li><a href=\"http:\/\/www.amazon.de\/gp\/product\/357908643X\/ref=as_li_tl?ie=UTF8&amp;camp=1638&amp;creative=6742&amp;creativeASIN=357908643X&amp;linkCode=as2&amp;tag=drfranzaltferns\">Franz Alt \u201eFl\u00fcchtling \u2013 Jesus, der Dalai Lama und andere Vertriebene &#8211; Wie Heimatlose unser Land bereichern\u201c<\/a> | G\u00fctersloher Verlagshaus<\/li><\/ul>\n\n\n<h5 class=\"green\">Quelle<\/h5>\r\n\n\n\n<p><a href=\"franzalt@sonnenseite.com\">Franz Alt 2021<\/a><\/p>\n<div class=\"shariff shariff-align-flex-start shariff-widget-align-flex-start\"><div class=\"ShariffHeadline\">Diese Meldung teilen<\/div><ul class=\"shariff-buttons theme-round orientation-horizontal buttonsize-medium\"><li class=\"shariff-button facebook shariff-nocustomcolor\" style=\"background-color:#4273c8;border-radius:1%\"><a href=\"https:\/\/www.facebook.com\/sharer\/sharer.php?u=https%3A%2F%2Fwww.sonnenseite.com%2Fde%2Ffranz-alt%2Fkommentare-interviews%2Fpapst-krieg-gegen-fluechtlinge-beenden%2F\" title=\"Bei Facebook teilen\" aria-label=\"Bei Facebook teilen\" role=\"button\" rel=\"nofollow\" class=\"shariff-link\" style=\";border-radius:1%; background-color:#3b5998; color:#fff\" target=\"_blank\"><span class=\"shariff-icon\" style=\"\"><svg width=\"32px\" height=\"20px\" xmlns=\"http:\/\/www.w3.org\/2000\/svg\" viewBox=\"0 0 18 32\"><path fill=\"#3b5998\" d=\"M17.1 0.2v4.7h-2.8q-1.5 0-2.1 0.6t-0.5 1.9v3.4h5.2l-0.7 5.3h-4.5v13.6h-5.5v-13.6h-4.5v-5.3h4.5v-3.9q0-3.3 1.9-5.2t5-1.8q2.6 0 4.1 0.2z\"\/><\/svg><\/span><\/a><\/li><li class=\"shariff-button twitter shariff-nocustomcolor\" style=\"background-color:#595959;border-radius:1%\"><a href=\"https:\/\/twitter.com\/share?url=https%3A%2F%2Fwww.sonnenseite.com%2Fde%2Ffranz-alt%2Fkommentare-interviews%2Fpapst-krieg-gegen-fluechtlinge-beenden%2F&text=Papst%3A%20%E2%80%9EKrieg%20gegen%20Fl%C3%BCchtlinge%20beenden%E2%80%9C\" title=\"Bei X teilen\" aria-label=\"Bei X teilen\" role=\"button\" rel=\"noopener nofollow\" class=\"shariff-link\" style=\";border-radius:1%; background-color:#000; color:#fff\" target=\"_blank\"><span class=\"shariff-icon\" style=\"\"><svg width=\"32px\" height=\"20px\" xmlns=\"http:\/\/www.w3.org\/2000\/svg\" viewBox=\"0 0 24 24\"><path fill=\"#000\" d=\"M14.258 10.152L23.176 0h-2.113l-7.747 8.813L7.133 0H0l9.352 13.328L0 23.973h2.113l8.176-9.309 6.531 9.309h7.133zm-2.895 3.293l-.949-1.328L2.875 1.56h3.246l6.086 8.523.945 1.328 7.91 11.078h-3.246zm0 0\"\/><\/svg><\/span><\/a><\/li><li class=\"shariff-button xing shariff-nocustomcolor\" style=\"background-color:#29888a;border-radius:1%\"><a href=\"https:\/\/www.xing.com\/spi\/shares\/new?url=https%3A%2F%2Fwww.sonnenseite.com%2Fde%2Ffranz-alt%2Fkommentare-interviews%2Fpapst-krieg-gegen-fluechtlinge-beenden%2F\" title=\"Bei XING teilen\" aria-label=\"Bei XING teilen\" role=\"button\" rel=\"noopener nofollow\" class=\"shariff-link\" style=\";border-radius:1%; background-color:#126567; color:#fff\" target=\"_blank\"><span class=\"shariff-icon\" style=\"\"><svg width=\"32px\" height=\"20px\" xmlns=\"http:\/\/www.w3.org\/2000\/svg\" viewBox=\"0 0 25 32\"><path fill=\"#126567\" d=\"M10.7 11.9q-0.2 0.3-4.6 8.2-0.5 0.8-1.2 0.8h-4.3q-0.4 0-0.5-0.3t0-0.6l4.5-8q0 0 0 0l-2.9-5q-0.2-0.4 0-0.7 0.2-0.3 0.5-0.3h4.3q0.7 0 1.2 0.8zM25.1 0.4q0.2 0.3 0 0.7l-9.4 16.7 6 11q0.2 0.4 0 0.6-0.2 0.3-0.6 0.3h-4.3q-0.7 0-1.2-0.8l-6-11.1q0.3-0.6 9.5-16.8 0.4-0.8 1.2-0.8h4.3q0.4 0 0.5 0.3z\"\/><\/svg><\/span><\/a><\/li><li class=\"shariff-button linkedin shariff-nocustomcolor\" style=\"background-color:#1488bf;border-radius:1%\"><a href=\"https:\/\/www.linkedin.com\/sharing\/share-offsite\/?url=https%3A%2F%2Fwww.sonnenseite.com%2Fde%2Ffranz-alt%2Fkommentare-interviews%2Fpapst-krieg-gegen-fluechtlinge-beenden%2F\" title=\"Bei LinkedIn teilen\" aria-label=\"Bei LinkedIn teilen\" role=\"button\" rel=\"noopener nofollow\" class=\"shariff-link\" style=\";border-radius:1%; background-color:#0077b5; color:#fff\" target=\"_blank\"><span class=\"shariff-icon\" style=\"\"><svg width=\"32px\" height=\"20px\" xmlns=\"http:\/\/www.w3.org\/2000\/svg\" viewBox=\"0 0 27 32\"><path fill=\"#0077b5\" d=\"M6.2 11.2v17.7h-5.9v-17.7h5.9zM6.6 5.7q0 1.3-0.9 2.2t-2.4 0.9h0q-1.5 0-2.4-0.9t-0.9-2.2 0.9-2.2 2.4-0.9 2.4 0.9 0.9 2.2zM27.4 18.7v10.1h-5.9v-9.5q0-1.9-0.7-2.9t-2.3-1.1q-1.1 0-1.9 0.6t-1.2 1.5q-0.2 0.5-0.2 1.4v9.9h-5.9q0-7.1 0-11.6t0-5.3l0-0.9h5.9v2.6h0q0.4-0.6 0.7-1t1-0.9 1.6-0.8 2-0.3q3 0 4.9 2t1.9 6z\"\/><\/svg><\/span><\/a><\/li><li class=\"shariff-button printer shariff-nocustomcolor\" style=\"background-color:#a8a8a8;border-radius:1%\"><a href=\"javascript:window.print()\" title=\"drucken\" aria-label=\"drucken\" role=\"button\" rel=\"noopener nofollow\" class=\"shariff-link\" style=\";border-radius:1%; background-color:#999; color:#fff\"><span class=\"shariff-icon\" style=\"\"><svg width=\"32px\" height=\"20px\" xmlns=\"http:\/\/www.w3.org\/2000\/svg\" viewBox=\"0 0 30 32\"><path fill=\"#999\" d=\"M6.8 27.4h16v-4.6h-16v4.6zM6.8 16h16v-6.8h-2.8q-0.7 0-1.2-0.5t-0.5-1.2v-2.8h-11.4v11.4zM27.4 17.2q0-0.5-0.3-0.8t-0.8-0.4-0.8 0.4-0.3 0.8 0.3 0.8 0.8 0.3 0.8-0.3 0.3-0.8zM29.7 17.2v7.4q0 0.2-0.2 0.4t-0.4 0.2h-4v2.8q0 0.7-0.5 1.2t-1.2 0.5h-17.2q-0.7 0-1.2-0.5t-0.5-1.2v-2.8h-4q-0.2 0-0.4-0.2t-0.2-0.4v-7.4q0-1.4 1-2.4t2.4-1h1.2v-9.7q0-0.7 0.5-1.2t1.2-0.5h12q0.7 0 1.6 0.4t1.3 0.8l2.7 2.7q0.5 0.5 0.9 1.4t0.4 1.6v4.6h1.1q1.4 0 2.4 1t1 2.4z\"\/><\/svg><\/span><\/a><\/li><li class=\"shariff-button mailto shariff-nocustomcolor\" style=\"background-color:#a8a8a8;border-radius:1%\"><a href=\"mailto:?body=https%3A%2F%2Fwww.sonnenseite.com%2Fde%2Ffranz-alt%2Fkommentare-interviews%2Fpapst-krieg-gegen-fluechtlinge-beenden%2F&subject=Papst%3A%20%E2%80%9EKrieg%20gegen%20Fl%C3%BCchtlinge%20beenden%E2%80%9C\" title=\"Per E-Mail versenden\" aria-label=\"Per E-Mail versenden\" role=\"button\" rel=\"noopener nofollow\" class=\"shariff-link\" style=\";border-radius:1%; background-color:#999; color:#fff\"><span class=\"shariff-icon\" style=\"\"><svg width=\"32px\" height=\"20px\" xmlns=\"http:\/\/www.w3.org\/2000\/svg\" viewBox=\"0 0 32 32\"><path fill=\"#999\" d=\"M32 12.7v14.2q0 1.2-0.8 2t-2 0.9h-26.3q-1.2 0-2-0.9t-0.8-2v-14.2q0.8 0.9 1.8 1.6 6.5 4.4 8.9 6.1 1 0.8 1.6 1.2t1.7 0.9 2 0.4h0.1q0.9 0 2-0.4t1.7-0.9 1.6-1.2q3-2.2 8.9-6.1 1-0.7 1.8-1.6zM32 7.4q0 1.4-0.9 2.7t-2.2 2.2q-6.7 4.7-8.4 5.8-0.2 0.1-0.7 0.5t-1 0.7-0.9 0.6-1.1 0.5-0.9 0.2h-0.1q-0.4 0-0.9-0.2t-1.1-0.5-0.9-0.6-1-0.7-0.7-0.5q-1.6-1.1-4.7-3.2t-3.6-2.6q-1.1-0.7-2.1-2t-1-2.5q0-1.4 0.7-2.3t2.1-0.9h26.3q1.2 0 2 0.8t0.9 2z\"\/><\/svg><\/span><\/a><\/li><\/ul><\/div>","protected":false},"excerpt":{"rendered":"<p>Das Mittelmeer sei zu einem \u201ekalten Friedhof ohne Grabsteine\u201c geworden, einem \u201eSpiegel des Todes\u201c, sagte Papst [&hellip;]<\/p>\n","protected":false},"author":3,"featured_media":77560,"comment_status":"closed","ping_status":"closed","sticky":false,"template":"","format":"standard","meta":{"inline_featured_image":false,"footnotes":""},"categories":[29],"tags":[],"class_list":["post-77558","post","type-post","status-publish","format-standard","has-post-thumbnail","hentry","category-kommentare-interviews"],"yoast_head":"<!-- This site is optimized with the Yoast SEO plugin v26.5 - https:\/\/yoast.com\/wordpress\/plugins\/seo\/ -->\n<title>Papst: \u201eKrieg gegen Fl\u00fcchtlinge beenden\u201c - Sonnenseite - \u00d6kologische Kommunikation mit Franz Alt<\/title>\n<meta name=\"description\" content=\"\u00a9 bigstock.com | neneo Das Mittelmeer sei zu einem \u201ekalten Friedhof ohne Grabsteine\u201c geworden, einem \u201eSpiegel des Todes\u201c, sagte Papst Franziskus beim\" \/>\n<meta name=\"robots\" content=\"index, follow, max-snippet:-1, max-image-preview:large, max-video-preview:-1\" \/>\n<link rel=\"canonical\" href=\"https:\/\/www.sonnenseite.com\/de\/franz-alt\/kommentare-interviews\/papst-krieg-gegen-fluechtlinge-beenden\/\" \/>\n<meta property=\"og:locale\" content=\"de_DE\" \/>\n<meta property=\"og:type\" content=\"article\" \/>\n<meta property=\"og:title\" content=\"Papst: \u201eKrieg gegen Fl\u00fcchtlinge beenden\u201c - Sonnenseite - \u00d6kologische Kommunikation mit Franz Alt\" \/>\n<meta property=\"og:description\" content=\"\u00a9 bigstock.com | neneo Das Mittelmeer sei zu einem \u201ekalten Friedhof ohne Grabsteine\u201c geworden, einem \u201eSpiegel des Todes\u201c, sagte Papst Franziskus beim\" \/>\n<meta property=\"og:url\" content=\"https:\/\/www.sonnenseite.com\/de\/franz-alt\/kommentare-interviews\/papst-krieg-gegen-fluechtlinge-beenden\/\" \/>\n<meta property=\"og:site_name\" content=\"Sonnenseite\" \/>\n<meta property=\"article:publisher\" content=\"https:\/\/www.facebook.com\/pages\/Franz-Alt-SONNENSEITECOM\/221072987903953?fref=ts\" \/>\n<meta property=\"article:published_time\" content=\"2021-12-11T08:35:02+00:00\" \/>\n<meta property=\"article:modified_time\" content=\"2021-12-19T13:00:43+00:00\" \/>\n<meta property=\"og:image\" content=\"https:\/\/www.sonnenseite.com\/wp-content\/uploads\/2021\/12\/Haende_-karelnoppe.jpg\" \/>\n\t<meta property=\"og:image:width\" content=\"770\" \/>\n\t<meta property=\"og:image:height\" content=\"420\" \/>\n\t<meta property=\"og:image:type\" content=\"image\/jpeg\" \/>\n<meta name=\"author\" content=\"Bigi Alt\" \/>\n<meta name=\"twitter:card\" content=\"summary_large_image\" \/>\n<meta name=\"twitter:creator\" content=\"@franzalt\" \/>\n<meta name=\"twitter:site\" content=\"@franzalt\" \/>\n<meta name=\"twitter:label1\" content=\"Verfasst von\" \/>\n\t<meta name=\"twitter:data1\" content=\"Bigi Alt\" \/>\n\t<meta name=\"twitter:label2\" content=\"Gesch\u00e4tzte Lesezeit\" \/>\n\t<meta name=\"twitter:data2\" content=\"3\u00a0Minuten\" \/>\n<script type=\"application\/ld+json\" class=\"yoast-schema-graph\">{\"@context\":\"https:\/\/schema.org\",\"@graph\":[{\"@type\":\"Article\",\"@id\":\"https:\/\/www.sonnenseite.com\/de\/franz-alt\/kommentare-interviews\/papst-krieg-gegen-fluechtlinge-beenden\/#article\",\"isPartOf\":{\"@id\":\"https:\/\/www.sonnenseite.com\/de\/franz-alt\/kommentare-interviews\/papst-krieg-gegen-fluechtlinge-beenden\/\"},\"author\":{\"name\":\"Bigi Alt\",\"@id\":\"https:\/\/www.sonnenseite.com\/de\/#\/schema\/person\/50fda0e926597684c7cc6695238a4eb9\"},\"headline\":\"Papst: \u201eKrieg gegen Fl\u00fcchtlinge beenden\u201c\",\"datePublished\":\"2021-12-11T08:35:02+00:00\",\"dateModified\":\"2021-12-19T13:00:43+00:00\",\"mainEntityOfPage\":{\"@id\":\"https:\/\/www.sonnenseite.com\/de\/franz-alt\/kommentare-interviews\/papst-krieg-gegen-fluechtlinge-beenden\/\"},\"wordCount\":512,\"publisher\":{\"@id\":\"https:\/\/www.sonnenseite.com\/de\/#organization\"},\"image\":{\"@id\":\"https:\/\/www.sonnenseite.com\/de\/franz-alt\/kommentare-interviews\/papst-krieg-gegen-fluechtlinge-beenden\/#primaryimage\"},\"thumbnailUrl\":\"https:\/\/www.sonnenseite.com\/wp-content\/uploads\/2021\/12\/Haende_-karelnoppe.jpg\",\"articleSection\":[\"Kommentare &amp; Interviews\"],\"inLanguage\":\"de\"},{\"@type\":\"WebPage\",\"@id\":\"https:\/\/www.sonnenseite.com\/de\/franz-alt\/kommentare-interviews\/papst-krieg-gegen-fluechtlinge-beenden\/\",\"url\":\"https:\/\/www.sonnenseite.com\/de\/franz-alt\/kommentare-interviews\/papst-krieg-gegen-fluechtlinge-beenden\/\",\"name\":\"Papst: \u201eKrieg gegen Fl\u00fcchtlinge beenden\u201c - Sonnenseite - \u00d6kologische Kommunikation mit Franz Alt\",\"isPartOf\":{\"@id\":\"https:\/\/www.sonnenseite.com\/de\/#website\"},\"primaryImageOfPage\":{\"@id\":\"https:\/\/www.sonnenseite.com\/de\/franz-alt\/kommentare-interviews\/papst-krieg-gegen-fluechtlinge-beenden\/#primaryimage\"},\"image\":{\"@id\":\"https:\/\/www.sonnenseite.com\/de\/franz-alt\/kommentare-interviews\/papst-krieg-gegen-fluechtlinge-beenden\/#primaryimage\"},\"thumbnailUrl\":\"https:\/\/www.sonnenseite.com\/wp-content\/uploads\/2021\/12\/Haende_-karelnoppe.jpg\",\"datePublished\":\"2021-12-11T08:35:02+00:00\",\"dateModified\":\"2021-12-19T13:00:43+00:00\",\"description\":\"\u00a9 bigstock.com | neneo Das Mittelmeer sei zu einem \u201ekalten Friedhof ohne Grabsteine\u201c geworden, einem \u201eSpiegel des Todes\u201c, sagte Papst Franziskus beim\",\"breadcrumb\":{\"@id\":\"https:\/\/www.sonnenseite.com\/de\/franz-alt\/kommentare-interviews\/papst-krieg-gegen-fluechtlinge-beenden\/#breadcrumb\"},\"inLanguage\":\"de\",\"potentialAction\":[{\"@type\":\"ReadAction\",\"target\":[\"https:\/\/www.sonnenseite.com\/de\/franz-alt\/kommentare-interviews\/papst-krieg-gegen-fluechtlinge-beenden\/\"]}]},{\"@type\":\"ImageObject\",\"inLanguage\":\"de\",\"@id\":\"https:\/\/www.sonnenseite.com\/de\/franz-alt\/kommentare-interviews\/papst-krieg-gegen-fluechtlinge-beenden\/#primaryimage\",\"url\":\"https:\/\/www.sonnenseite.com\/wp-content\/uploads\/2021\/12\/Haende_-karelnoppe.jpg\",\"contentUrl\":\"https:\/\/www.sonnenseite.com\/wp-content\/uploads\/2021\/12\/Haende_-karelnoppe.jpg\",\"width\":770,\"height\":420,\"caption\":\"Depositphotos.com | karelnoppe | H\u00e4nde\"},{\"@type\":\"BreadcrumbList\",\"@id\":\"https:\/\/www.sonnenseite.com\/de\/franz-alt\/kommentare-interviews\/papst-krieg-gegen-fluechtlinge-beenden\/#breadcrumb\",\"itemListElement\":[{\"@type\":\"ListItem\",\"position\":1,\"name\":\"Startseite\",\"item\":\"https:\/\/www.sonnenseite.com\/de\/\"},{\"@type\":\"ListItem\",\"position\":2,\"name\":\"Papst: \u201eKrieg gegen Fl\u00fcchtlinge beenden\u201c\"}]},{\"@type\":\"WebSite\",\"@id\":\"https:\/\/www.sonnenseite.com\/de\/#website\",\"url\":\"https:\/\/www.sonnenseite.com\/de\/\",\"name\":\"Sonnenseite\",\"description\":\"\u00d6kologische Kommunikation mit Franz Alt\",\"publisher\":{\"@id\":\"https:\/\/www.sonnenseite.com\/de\/#organization\"},\"potentialAction\":[{\"@type\":\"SearchAction\",\"target\":{\"@type\":\"EntryPoint\",\"urlTemplate\":\"https:\/\/www.sonnenseite.com\/de\/?s={search_term_string}\"},\"query-input\":{\"@type\":\"PropertyValueSpecification\",\"valueRequired\":true,\"valueName\":\"search_term_string\"}}],\"inLanguage\":\"de\"},{\"@type\":\"Organization\",\"@id\":\"https:\/\/www.sonnenseite.com\/de\/#organization\",\"name\":\"Sonnenseite\",\"url\":\"https:\/\/www.sonnenseite.com\/de\/\",\"logo\":{\"@type\":\"ImageObject\",\"inLanguage\":\"de\",\"@id\":\"https:\/\/www.sonnenseite.com\/de\/#\/schema\/logo\/image\/\",\"url\":\"https:\/\/www.sonnenseite.com\/wp-content\/uploads\/2020\/05\/Sonnenseite_Logo.png\",\"contentUrl\":\"https:\/\/www.sonnenseite.com\/wp-content\/uploads\/2020\/05\/Sonnenseite_Logo.png\",\"width\":377,\"height\":90,\"caption\":\"Sonnenseite\"},\"image\":{\"@id\":\"https:\/\/www.sonnenseite.com\/de\/#\/schema\/logo\/image\/\"},\"sameAs\":[\"https:\/\/www.facebook.com\/pages\/Franz-Alt-SONNENSEITECOM\/221072987903953?fref=ts\",\"https:\/\/x.com\/franzalt\",\"http:\/\/www.youtube.com\/results?search_query&amp;amp;quot;franz_alt&amp;amp;quot;&amp;amp;amp;amp;search_type&amp;amp;amp;amp;aq=f\"]},{\"@type\":\"Person\",\"@id\":\"https:\/\/www.sonnenseite.com\/de\/#\/schema\/person\/50fda0e926597684c7cc6695238a4eb9\",\"name\":\"Bigi Alt\"}]}<\/script>\n<!-- \/ Yoast SEO plugin. -->","yoast_head_json":{"title":"Papst: \u201eKrieg gegen Fl\u00fcchtlinge beenden\u201c - Sonnenseite - \u00d6kologische Kommunikation mit Franz Alt","description":"\u00a9 bigstock.com | neneo Das Mittelmeer sei zu einem \u201ekalten Friedhof ohne Grabsteine\u201c geworden, einem \u201eSpiegel des Todes\u201c, sagte Papst Franziskus beim","robots":{"index":"index","follow":"follow","max-snippet":"max-snippet:-1","max-image-preview":"max-image-preview:large","max-video-preview":"max-video-preview:-1"},"canonical":"https:\/\/www.sonnenseite.com\/de\/franz-alt\/kommentare-interviews\/papst-krieg-gegen-fluechtlinge-beenden\/","og_locale":"de_DE","og_type":"article","og_title":"Papst: \u201eKrieg gegen Fl\u00fcchtlinge beenden\u201c - Sonnenseite - \u00d6kologische Kommunikation mit Franz Alt","og_description":"\u00a9 bigstock.com | neneo Das Mittelmeer sei zu einem \u201ekalten Friedhof ohne Grabsteine\u201c geworden, einem \u201eSpiegel des Todes\u201c, sagte Papst Franziskus beim","og_url":"https:\/\/www.sonnenseite.com\/de\/franz-alt\/kommentare-interviews\/papst-krieg-gegen-fluechtlinge-beenden\/","og_site_name":"Sonnenseite","article_publisher":"https:\/\/www.facebook.com\/pages\/Franz-Alt-SONNENSEITECOM\/221072987903953?fref=ts","article_published_time":"2021-12-11T08:35:02+00:00","article_modified_time":"2021-12-19T13:00:43+00:00","og_image":[{"width":770,"height":420,"url":"https:\/\/www.sonnenseite.com\/wp-content\/uploads\/2021\/12\/Haende_-karelnoppe.jpg","type":"image\/jpeg"}],"author":"Bigi Alt","twitter_card":"summary_large_image","twitter_creator":"@franzalt","twitter_site":"@franzalt","twitter_misc":{"Verfasst von":"Bigi Alt","Gesch\u00e4tzte Lesezeit":"3\u00a0Minuten"},"schema":{"@context":"https:\/\/schema.org","@graph":[{"@type":"Article","@id":"https:\/\/www.sonnenseite.com\/de\/franz-alt\/kommentare-interviews\/papst-krieg-gegen-fluechtlinge-beenden\/#article","isPartOf":{"@id":"https:\/\/www.sonnenseite.com\/de\/franz-alt\/kommentare-interviews\/papst-krieg-gegen-fluechtlinge-beenden\/"},"author":{"name":"Bigi Alt","@id":"https:\/\/www.sonnenseite.com\/de\/#\/schema\/person\/50fda0e926597684c7cc6695238a4eb9"},"headline":"Papst: \u201eKrieg gegen Fl\u00fcchtlinge beenden\u201c","datePublished":"2021-12-11T08:35:02+00:00","dateModified":"2021-12-19T13:00:43+00:00","mainEntityOfPage":{"@id":"https:\/\/www.sonnenseite.com\/de\/franz-alt\/kommentare-interviews\/papst-krieg-gegen-fluechtlinge-beenden\/"},"wordCount":512,"publisher":{"@id":"https:\/\/www.sonnenseite.com\/de\/#organization"},"image":{"@id":"https:\/\/www.sonnenseite.com\/de\/franz-alt\/kommentare-interviews\/papst-krieg-gegen-fluechtlinge-beenden\/#primaryimage"},"thumbnailUrl":"https:\/\/www.sonnenseite.com\/wp-content\/uploads\/2021\/12\/Haende_-karelnoppe.jpg","articleSection":["Kommentare &amp; Interviews"],"inLanguage":"de"},{"@type":"WebPage","@id":"https:\/\/www.sonnenseite.com\/de\/franz-alt\/kommentare-interviews\/papst-krieg-gegen-fluechtlinge-beenden\/","url":"https:\/\/www.sonnenseite.com\/de\/franz-alt\/kommentare-interviews\/papst-krieg-gegen-fluechtlinge-beenden\/","name":"Papst: \u201eKrieg gegen Fl\u00fcchtlinge beenden\u201c - Sonnenseite - \u00d6kologische Kommunikation mit Franz Alt","isPartOf":{"@id":"https:\/\/www.sonnenseite.com\/de\/#website"},"primaryImageOfPage":{"@id":"https:\/\/www.sonnenseite.com\/de\/franz-alt\/kommentare-interviews\/papst-krieg-gegen-fluechtlinge-beenden\/#primaryimage"},"image":{"@id":"https:\/\/www.sonnenseite.com\/de\/franz-alt\/kommentare-interviews\/papst-krieg-gegen-fluechtlinge-beenden\/#primaryimage"},"thumbnailUrl":"https:\/\/www.sonnenseite.com\/wp-content\/uploads\/2021\/12\/Haende_-karelnoppe.jpg","datePublished":"2021-12-11T08:35:02+00:00","dateModified":"2021-12-19T13:00:43+00:00","description":"\u00a9 bigstock.com | neneo Das Mittelmeer sei zu einem \u201ekalten Friedhof ohne Grabsteine\u201c geworden, einem \u201eSpiegel des Todes\u201c, sagte Papst Franziskus beim","breadcrumb":{"@id":"https:\/\/www.sonnenseite.com\/de\/franz-alt\/kommentare-interviews\/papst-krieg-gegen-fluechtlinge-beenden\/#breadcrumb"},"inLanguage":"de","potentialAction":[{"@type":"ReadAction","target":["https:\/\/www.sonnenseite.com\/de\/franz-alt\/kommentare-interviews\/papst-krieg-gegen-fluechtlinge-beenden\/"]}]},{"@type":"ImageObject","inLanguage":"de","@id":"https:\/\/www.sonnenseite.com\/de\/franz-alt\/kommentare-interviews\/papst-krieg-gegen-fluechtlinge-beenden\/#primaryimage","url":"https:\/\/www.sonnenseite.com\/wp-content\/uploads\/2021\/12\/Haende_-karelnoppe.jpg","contentUrl":"https:\/\/www.sonnenseite.com\/wp-content\/uploads\/2021\/12\/Haende_-karelnoppe.jpg","width":770,"height":420,"caption":"Depositphotos.com | karelnoppe | H\u00e4nde"},{"@type":"BreadcrumbList","@id":"https:\/\/www.sonnenseite.com\/de\/franz-alt\/kommentare-interviews\/papst-krieg-gegen-fluechtlinge-beenden\/#breadcrumb","itemListElement":[{"@type":"ListItem","position":1,"name":"Startseite","item":"https:\/\/www.sonnenseite.com\/de\/"},{"@type":"ListItem","position":2,"name":"Papst: \u201eKrieg gegen Fl\u00fcchtlinge beenden\u201c"}]},{"@type":"WebSite","@id":"https:\/\/www.sonnenseite.com\/de\/#website","url":"https:\/\/www.sonnenseite.com\/de\/","name":"Sonnenseite","description":"\u00d6kologische Kommunikation mit Franz Alt","publisher":{"@id":"https:\/\/www.sonnenseite.com\/de\/#organization"},"potentialAction":[{"@type":"SearchAction","target":{"@type":"EntryPoint","urlTemplate":"https:\/\/www.sonnenseite.com\/de\/?s={search_term_string}"},"query-input":{"@type":"PropertyValueSpecification","valueRequired":true,"valueName":"search_term_string"}}],"inLanguage":"de"},{"@type":"Organization","@id":"https:\/\/www.sonnenseite.com\/de\/#organization","name":"Sonnenseite","url":"https:\/\/www.sonnenseite.com\/de\/","logo":{"@type":"ImageObject","inLanguage":"de","@id":"https:\/\/www.sonnenseite.com\/de\/#\/schema\/logo\/image\/","url":"https:\/\/www.sonnenseite.com\/wp-content\/uploads\/2020\/05\/Sonnenseite_Logo.png","contentUrl":"https:\/\/www.sonnenseite.com\/wp-content\/uploads\/2020\/05\/Sonnenseite_Logo.png","width":377,"height":90,"caption":"Sonnenseite"},"image":{"@id":"https:\/\/www.sonnenseite.com\/de\/#\/schema\/logo\/image\/"},"sameAs":["https:\/\/www.facebook.com\/pages\/Franz-Alt-SONNENSEITECOM\/221072987903953?fref=ts","https:\/\/x.com\/franzalt","http:\/\/www.youtube.com\/results?search_query&amp;amp;quot;franz_alt&amp;amp;quot;&amp;amp;amp;amp;search_type&amp;amp;amp;amp;aq=f"]},{"@type":"Person","@id":"https:\/\/www.sonnenseite.com\/de\/#\/schema\/person\/50fda0e926597684c7cc6695238a4eb9","name":"Bigi Alt"}]}},"_links":{"self":[{"href":"https:\/\/www.sonnenseite.com\/de\/wp-json\/wp\/v2\/posts\/77558","targetHints":{"allow":["GET"]}}],"collection":[{"href":"https:\/\/www.sonnenseite.com\/de\/wp-json\/wp\/v2\/posts"}],"about":[{"href":"https:\/\/www.sonnenseite.com\/de\/wp-json\/wp\/v2\/types\/post"}],"author":[{"embeddable":true,"href":"https:\/\/www.sonnenseite.com\/de\/wp-json\/wp\/v2\/users\/3"}],"replies":[{"embeddable":true,"href":"https:\/\/www.sonnenseite.com\/de\/wp-json\/wp\/v2\/comments?post=77558"}],"version-history":[{"count":8,"href":"https:\/\/www.sonnenseite.com\/de\/wp-json\/wp\/v2\/posts\/77558\/revisions"}],"predecessor-version":[{"id":77574,"href":"https:\/\/www.sonnenseite.com\/de\/wp-json\/wp\/v2\/posts\/77558\/revisions\/77574"}],"wp:featuredmedia":[{"embeddable":true,"href":"https:\/\/www.sonnenseite.com\/de\/wp-json\/wp\/v2\/media\/77560"}],"wp:attachment":[{"href":"https:\/\/www.sonnenseite.com\/de\/wp-json\/wp\/v2\/media?parent=77558"}],"wp:term":[{"taxonomy":"category","embeddable":true,"href":"https:\/\/www.sonnenseite.com\/de\/wp-json\/wp\/v2\/categories?post=77558"},{"taxonomy":"post_tag","embeddable":true,"href":"https:\/\/www.sonnenseite.com\/de\/wp-json\/wp\/v2\/tags?post=77558"}],"curies":[{"name":"wp","href":"https:\/\/api.w.org\/{rel}","templated":true}]}}