{"id":77628,"date":"2021-12-13T08:38:39","date_gmt":"2021-12-13T07:38:39","guid":{"rendered":"https:\/\/www.sonnenseite.com\/?p=77628"},"modified":"2021-12-13T08:41:51","modified_gmt":"2021-12-13T07:41:51","slug":"eu-klimapaket-germanwatch-fordert-turbo-fuer-europaweiten-bahnverkehr-und-ausrichtung-des-gassektors-an-klimazielen","status":"publish","type":"post","link":"https:\/\/www.sonnenseite.com\/de\/politik\/eu-klimapaket-germanwatch-fordert-turbo-fuer-europaweiten-bahnverkehr-und-ausrichtung-des-gassektors-an-klimazielen\/","title":{"rendered":"EU-Klimapaket: Germanwatch fordert Turbo f\u00fcr europaweiten Bahnverkehr und Ausrichtung des Gassektors an Klimazielen"},"content":{"rendered":"\n<p>Am Dienstag wird zweiter Teil des <a href=\"https:\/\/de.wikipedia.org\/wiki\/Fit_for_55\">Fit-for-55-Pakets<\/a> vorgelegt: EU-Kommission kann neuer Bundesregierung viel R\u00fcckenwind f\u00fcr h\u00f6heres Tempo beim Klimaschutz geben.<\/p>\n\n\n\n<p>F\u00fcnf Monate nach der Vorstellung des ersten umfangreichen Teils des Fit-for-55-Pakets will die EU an diesem Dienstag weitere Vorschl\u00e4ge zum Erreichen ihrer neuen Klimaziele f\u00fcr 2030 auf den Tisch legen. \u201eWir befinden uns in dem Jahrzehnt, in dem wir die Umsetzung des Klimaschutzes stark beschleunigen m\u00fcssen um die selbst gesetzten Klimaziele auch zu erreichen. Es ist deshalb wichtig, dass die EU-Kommission jetzt nicht das Tempo aus der Erarbeitung von Ma\u00dfnahmenvorschl\u00e4gen nimmt&#8220;, sagt Christoph Bals, Politischer Gesch\u00e4ftsf\u00fchrer der Umwelt- und Entwicklungsorganisation Germanwatch.<br><br>\u201eDie Kommission kann der neuen Bundesregierung nun entscheidenden R\u00fcckenwind f\u00fcr ein schnelleres Vorangehen beim Klimaschutz geben. Die am Dienstag erscheinenden Vorschl\u00e4ge entscheiden wesentlich mit \u00fcber das Erreichen der Klimaziele in Verkehr und Industrie\u201c, so Bals weiter. Zudem sei es zentral, dass die EU zu einer konstruktiven Einigung bei der umstrittenen Taxonomie kommt, also dem Klassifizierungssystem, das k\u00fcnftig definieren wird, welche Investitionen und Aktivit\u00e4ten in der EU als nachhaltig einzustufen sind. Wichtig ist, dass Atomkraft und Gas nicht als \u201enachhaltig\u201c klassifiziert werden.<br><br><strong>EU-Aktionsplan: Bahn muss auch auf l\u00e4ngeren Strecken echte Alternative zum Flugzeug werden<\/strong><br>Die Kommission will dem Flickenteppich im europ\u00e4ischen Bahnverkehr den Kampf ansagen und damit die klimafreundliche Bahn gegen\u00fcber Flugzeug und Auto st\u00e4rken. Erkl\u00e4rtes Ziel ist die Verdopplung des Hochgeschwindigkeitsverkehrs bis 2030 und die Verdreifachung bis 2050. Daf\u00fcr stellt die Kommission einen Aktionsplan zur F\u00f6rderung des Schienenpersonenverkehrs auf grenz\u00fcberschreitenden Fernstrecken (\u201eAction Plan to\u00a0boost\u00a0long-distance\u00a0cross-border passenger rail\u00a0services\u201c) und eine Weiterentwicklung des Schienen-Investitionsplans\u00a0TEN-V vor.<br><br>\u201eDie EU-Kommission muss vor allem beim Aufbau von EU-weiten digitalen Fahrkartenplattformen und bei mehr Fahrgastrechten aktiv werden\u201c, fordert Germanwatch-Verkehrsreferent Jacob Rohm. \u201eAu\u00dferdem brauchen wir von der EU mehr Engagement f\u00fcr die Koordinierung internationaler Zugverbindungen zwischen den Mitgliedsstaaten.\u201c Germanwatch sieht auf EU-Seite zudem Handlungsbedarf insbesondere bei der Absenkung und Angleichung der Schienengeb\u00fchren.<br><br><strong>Drittes Gas-Paket: Klimagerechte Strategie bei Infrastruktur und Wasserstoff gefordert\u00a0<\/strong><br>Oberstes Ziel des Gaspakets muss es aus Sicht von Germanwatch sein, den \u00dcbergang zu einem klimaneutralen Energiesystem im Einklang mit dem European Green Deal voranzutreiben. \u201eDie EU-Klima- und Energieziele m\u00fcssen handlungsleitend f\u00fcr die Regulierung sein\u201c, sagt Andrea Wiesholzer, Energiewende-Referentin bei Germanwatch. \u201eWir brauchen konkrete Emissionsreduktionsziele f\u00fcr den Gassektor, einen verpflichtenden Klimacheck f\u00fcr die Planung von Gas-Infrastruktur und Grundlagen f\u00fcr den Aufbau einer zielgerichteten Wasserstoff-Infrastruktur.\u201c Dabei m\u00fcsse sich die Regulierung eng an den Leitlinien der EU-Wasserstoffstrategie orientieren. Sie sollte vor allem das schnelle Hochfahren von erneuerbarem Wasserstoff unterst\u00fctzen. Im Fokus sollte die Versorgung der Sektoren stehen, in denen eine Elektrifizierung schwer m\u00f6glich ist. Es bedarf klarer Regeln und Anreize f\u00fcr die Umwidmung von Erdgasleitungen f\u00fcr den Wasserstofftransport, damit dies nicht als Ausrede f\u00fcr das Fortf\u00fchren fossiler Gesch\u00e4ftsmodelle benutzt werden kann.<br><br><strong>EU-Taxonomie: Kritische Stelle im Hintergrund\u00a0<\/strong><br>Mehrfach wurde die Entscheidung \u00fcber die Einstufung von Atomenergie und fossilem Erdgas in der EU-Taxonomie vertagt. Die Ver\u00f6ffentlichung des finalen Vorschlags der EU-Kommission zu diesem sehr kontroversen Teil des neuen Klassifizierungssystems soll noch vor Weihnachten erfolgen. Erfreulicherweise hat sich Bundesau\u00dfenministerin Baerbock bei ihrem Antrittsbesuch in Frankreich klar gegen die Einordung von Atomkraft als \u201enachhaltig\u201c in der EU-Taxonomie ge\u00e4u\u00dfert. \u201eFalls Atomenergie und fossiles Gas in die Taxonomie als angeblich gr\u00fcne Aktivit\u00e4ten aufgenommen werden, ist es wahrscheinlich, dass viele weitere Milliarden Euro \u2013 darunter auch viel Steuergeld &#8211; in Infrastruktur f\u00fcr diese klimasch\u00e4dlichen beziehungsweise risikoreichen Energien flie\u00dfen werden. F\u00fcr das internationale Ansehen der EU-Taxonomie, das Herzst\u00fcck der europ\u00e4ischen Sustainable Finance-Strategie, w\u00e4re das ein empfindlicher Schlag\u201c, so Christoph Hoffmann, Referent f\u00fcr klimakompatible Finanzfl\u00fcsse bei Germanwatch. \u201eDie neue Bundesregierung muss hier sehr z\u00fcgig zu einer klaren Positionierung finden, wenn sie international glaubw\u00fcrdig Akzente im Bereich Sustainable Finance setzen will.\u201c<\/p>\n\n\n\n<p><a href=\"https:\/\/ec.europa.eu\/info\/strategy\/priorities-2019-2024\/european-green-deal\/delivering-european-green-deal_de\">Europ\u00e4ische Kommission &#8222;Umsetzung des europ\u00e4ischen Gr\u00fcnen Deals&#8220;<\/a><\/p>\n\n\n<h5 class=\"green\">Quelle<\/h5>\r\n\n\n\n<p><a href=\"http:\/\/www.germanwatch.org\">Germanwatch 2021<\/a><\/p>\n<div class=\"shariff shariff-align-flex-start shariff-widget-align-flex-start\"><div class=\"ShariffHeadline\">Diese Meldung teilen<\/div><ul class=\"shariff-buttons theme-round orientation-horizontal buttonsize-medium\"><li class=\"shariff-button facebook shariff-nocustomcolor\" style=\"background-color:#4273c8;border-radius:1%\"><a href=\"https:\/\/www.facebook.com\/sharer\/sharer.php?u=https%3A%2F%2Fwww.sonnenseite.com%2Fde%2Fpolitik%2Feu-klimapaket-germanwatch-fordert-turbo-fuer-europaweiten-bahnverkehr-und-ausrichtung-des-gassektors-an-klimazielen%2F\" title=\"Bei Facebook teilen\" aria-label=\"Bei Facebook teilen\" role=\"button\" rel=\"nofollow\" class=\"shariff-link\" style=\";border-radius:1%; background-color:#3b5998; color:#fff\" target=\"_blank\"><span class=\"shariff-icon\" style=\"\"><svg width=\"32px\" height=\"20px\" xmlns=\"http:\/\/www.w3.org\/2000\/svg\" viewBox=\"0 0 18 32\"><path fill=\"#3b5998\" d=\"M17.1 0.2v4.7h-2.8q-1.5 0-2.1 0.6t-0.5 1.9v3.4h5.2l-0.7 5.3h-4.5v13.6h-5.5v-13.6h-4.5v-5.3h4.5v-3.9q0-3.3 1.9-5.2t5-1.8q2.6 0 4.1 0.2z\"\/><\/svg><\/span><\/a><\/li><li class=\"shariff-button twitter shariff-nocustomcolor\" style=\"background-color:#595959;border-radius:1%\"><a href=\"https:\/\/twitter.com\/share?url=https%3A%2F%2Fwww.sonnenseite.com%2Fde%2Fpolitik%2Feu-klimapaket-germanwatch-fordert-turbo-fuer-europaweiten-bahnverkehr-und-ausrichtung-des-gassektors-an-klimazielen%2F&text=EU-Klimapaket%3A%20Germanwatch%20fordert%20Turbo%20f%C3%BCr%20europaweiten%20Bahnverkehr%20und%20Ausrichtung%20des%20Gassektors%20an%20Klimazielen\" title=\"Bei X teilen\" aria-label=\"Bei X teilen\" role=\"button\" rel=\"noopener nofollow\" class=\"shariff-link\" style=\";border-radius:1%; background-color:#000; color:#fff\" target=\"_blank\"><span class=\"shariff-icon\" style=\"\"><svg width=\"32px\" height=\"20px\" xmlns=\"http:\/\/www.w3.org\/2000\/svg\" viewBox=\"0 0 24 24\"><path fill=\"#000\" d=\"M14.258 10.152L23.176 0h-2.113l-7.747 8.813L7.133 0H0l9.352 13.328L0 23.973h2.113l8.176-9.309 6.531 9.309h7.133zm-2.895 3.293l-.949-1.328L2.875 1.56h3.246l6.086 8.523.945 1.328 7.91 11.078h-3.246zm0 0\"\/><\/svg><\/span><\/a><\/li><li class=\"shariff-button xing shariff-nocustomcolor\" style=\"background-color:#29888a;border-radius:1%\"><a href=\"https:\/\/www.xing.com\/spi\/shares\/new?url=https%3A%2F%2Fwww.sonnenseite.com%2Fde%2Fpolitik%2Feu-klimapaket-germanwatch-fordert-turbo-fuer-europaweiten-bahnverkehr-und-ausrichtung-des-gassektors-an-klimazielen%2F\" title=\"Bei XING teilen\" aria-label=\"Bei XING teilen\" role=\"button\" rel=\"noopener nofollow\" class=\"shariff-link\" style=\";border-radius:1%; background-color:#126567; color:#fff\" target=\"_blank\"><span class=\"shariff-icon\" style=\"\"><svg width=\"32px\" height=\"20px\" xmlns=\"http:\/\/www.w3.org\/2000\/svg\" viewBox=\"0 0 25 32\"><path fill=\"#126567\" d=\"M10.7 11.9q-0.2 0.3-4.6 8.2-0.5 0.8-1.2 0.8h-4.3q-0.4 0-0.5-0.3t0-0.6l4.5-8q0 0 0 0l-2.9-5q-0.2-0.4 0-0.7 0.2-0.3 0.5-0.3h4.3q0.7 0 1.2 0.8zM25.1 0.4q0.2 0.3 0 0.7l-9.4 16.7 6 11q0.2 0.4 0 0.6-0.2 0.3-0.6 0.3h-4.3q-0.7 0-1.2-0.8l-6-11.1q0.3-0.6 9.5-16.8 0.4-0.8 1.2-0.8h4.3q0.4 0 0.5 0.3z\"\/><\/svg><\/span><\/a><\/li><li class=\"shariff-button linkedin shariff-nocustomcolor\" style=\"background-color:#1488bf;border-radius:1%\"><a href=\"https:\/\/www.linkedin.com\/sharing\/share-offsite\/?url=https%3A%2F%2Fwww.sonnenseite.com%2Fde%2Fpolitik%2Feu-klimapaket-germanwatch-fordert-turbo-fuer-europaweiten-bahnverkehr-und-ausrichtung-des-gassektors-an-klimazielen%2F\" title=\"Bei LinkedIn teilen\" aria-label=\"Bei LinkedIn teilen\" role=\"button\" rel=\"noopener nofollow\" class=\"shariff-link\" style=\";border-radius:1%; background-color:#0077b5; color:#fff\" target=\"_blank\"><span class=\"shariff-icon\" style=\"\"><svg width=\"32px\" height=\"20px\" xmlns=\"http:\/\/www.w3.org\/2000\/svg\" viewBox=\"0 0 27 32\"><path fill=\"#0077b5\" d=\"M6.2 11.2v17.7h-5.9v-17.7h5.9zM6.6 5.7q0 1.3-0.9 2.2t-2.4 0.9h0q-1.5 0-2.4-0.9t-0.9-2.2 0.9-2.2 2.4-0.9 2.4 0.9 0.9 2.2zM27.4 18.7v10.1h-5.9v-9.5q0-1.9-0.7-2.9t-2.3-1.1q-1.1 0-1.9 0.6t-1.2 1.5q-0.2 0.5-0.2 1.4v9.9h-5.9q0-7.1 0-11.6t0-5.3l0-0.9h5.9v2.6h0q0.4-0.6 0.7-1t1-0.9 1.6-0.8 2-0.3q3 0 4.9 2t1.9 6z\"\/><\/svg><\/span><\/a><\/li><li class=\"shariff-button printer shariff-nocustomcolor\" style=\"background-color:#a8a8a8;border-radius:1%\"><a href=\"javascript:window.print()\" title=\"drucken\" aria-label=\"drucken\" role=\"button\" rel=\"noopener nofollow\" class=\"shariff-link\" style=\";border-radius:1%; background-color:#999; color:#fff\"><span class=\"shariff-icon\" style=\"\"><svg width=\"32px\" height=\"20px\" xmlns=\"http:\/\/www.w3.org\/2000\/svg\" viewBox=\"0 0 30 32\"><path fill=\"#999\" d=\"M6.8 27.4h16v-4.6h-16v4.6zM6.8 16h16v-6.8h-2.8q-0.7 0-1.2-0.5t-0.5-1.2v-2.8h-11.4v11.4zM27.4 17.2q0-0.5-0.3-0.8t-0.8-0.4-0.8 0.4-0.3 0.8 0.3 0.8 0.8 0.3 0.8-0.3 0.3-0.8zM29.7 17.2v7.4q0 0.2-0.2 0.4t-0.4 0.2h-4v2.8q0 0.7-0.5 1.2t-1.2 0.5h-17.2q-0.7 0-1.2-0.5t-0.5-1.2v-2.8h-4q-0.2 0-0.4-0.2t-0.2-0.4v-7.4q0-1.4 1-2.4t2.4-1h1.2v-9.7q0-0.7 0.5-1.2t1.2-0.5h12q0.7 0 1.6 0.4t1.3 0.8l2.7 2.7q0.5 0.5 0.9 1.4t0.4 1.6v4.6h1.1q1.4 0 2.4 1t1 2.4z\"\/><\/svg><\/span><\/a><\/li><li class=\"shariff-button mailto shariff-nocustomcolor\" style=\"background-color:#a8a8a8;border-radius:1%\"><a href=\"mailto:?body=https%3A%2F%2Fwww.sonnenseite.com%2Fde%2Fpolitik%2Feu-klimapaket-germanwatch-fordert-turbo-fuer-europaweiten-bahnverkehr-und-ausrichtung-des-gassektors-an-klimazielen%2F&subject=EU-Klimapaket%3A%20Germanwatch%20fordert%20Turbo%20f%C3%BCr%20europaweiten%20Bahnverkehr%20und%20Ausrichtung%20des%20Gassektors%20an%20Klimazielen\" title=\"Per E-Mail versenden\" aria-label=\"Per E-Mail versenden\" role=\"button\" rel=\"noopener nofollow\" class=\"shariff-link\" style=\";border-radius:1%; background-color:#999; color:#fff\"><span class=\"shariff-icon\" style=\"\"><svg width=\"32px\" height=\"20px\" xmlns=\"http:\/\/www.w3.org\/2000\/svg\" viewBox=\"0 0 32 32\"><path fill=\"#999\" d=\"M32 12.7v14.2q0 1.2-0.8 2t-2 0.9h-26.3q-1.2 0-2-0.9t-0.8-2v-14.2q0.8 0.9 1.8 1.6 6.5 4.4 8.9 6.1 1 0.8 1.6 1.2t1.7 0.9 2 0.4h0.1q0.9 0 2-0.4t1.7-0.9 1.6-1.2q3-2.2 8.9-6.1 1-0.7 1.8-1.6zM32 7.4q0 1.4-0.9 2.7t-2.2 2.2q-6.7 4.7-8.4 5.8-0.2 0.1-0.7 0.5t-1 0.7-0.9 0.6-1.1 0.5-0.9 0.2h-0.1q-0.4 0-0.9-0.2t-1.1-0.5-0.9-0.6-1-0.7-0.7-0.5q-1.6-1.1-4.7-3.2t-3.6-2.6q-1.1-0.7-2.1-2t-1-2.5q0-1.4 0.7-2.3t2.1-0.9h26.3q1.2 0 2 0.8t0.9 2z\"\/><\/svg><\/span><\/a><\/li><\/ul><\/div>","protected":false},"excerpt":{"rendered":"<p>Am Dienstag wird zweiter Teil des Fit-for-55-Pakets vorgelegt: EU-Kommission kann neuer Bundesregierung viel R\u00fcckenwind f\u00fcr h\u00f6heres [&hellip;]<\/p>\n","protected":false},"author":3,"featured_media":60266,"comment_status":"closed","ping_status":"closed","sticky":false,"template":"","format":"standard","meta":{"inline_featured_image":false,"footnotes":""},"categories":[21],"tags":[],"class_list":["post-77628","post","type-post","status-publish","format-standard","has-post-thumbnail","hentry","category-politik"],"yoast_head":"<!-- This site is optimized with the Yoast SEO plugin v26.5 - https:\/\/yoast.com\/wordpress\/plugins\/seo\/ -->\n<title>EU-Klimapaket: Germanwatch fordert Turbo f\u00fcr europaweiten Bahnverkehr und Ausrichtung des Gassektors an Klimazielen - Sonnenseite - \u00d6kologische Kommunikation mit Franz Alt<\/title>\n<meta name=\"description\" content=\"Am Dienstag wird zweiter Teil des Fit-for-55-Pakets vorgelegt: EU-Kommission kann neuer Bundesregierung viel R\u00fcckenwind f\u00fcr h\u00f6heres Tempo beim Klimaschutz\" \/>\n<meta name=\"robots\" content=\"index, follow, max-snippet:-1, max-image-preview:large, max-video-preview:-1\" \/>\n<link rel=\"canonical\" href=\"https:\/\/www.sonnenseite.com\/de\/politik\/eu-klimapaket-germanwatch-fordert-turbo-fuer-europaweiten-bahnverkehr-und-ausrichtung-des-gassektors-an-klimazielen\/\" \/>\n<meta property=\"og:locale\" content=\"de_DE\" \/>\n<meta property=\"og:type\" content=\"article\" \/>\n<meta property=\"og:title\" content=\"EU-Klimapaket: Germanwatch fordert Turbo f\u00fcr europaweiten Bahnverkehr und Ausrichtung des Gassektors an Klimazielen - Sonnenseite - \u00d6kologische Kommunikation mit Franz Alt\" \/>\n<meta property=\"og:description\" content=\"Am Dienstag wird zweiter Teil des Fit-for-55-Pakets vorgelegt: EU-Kommission kann neuer Bundesregierung viel R\u00fcckenwind f\u00fcr h\u00f6heres Tempo beim Klimaschutz\" \/>\n<meta property=\"og:url\" content=\"https:\/\/www.sonnenseite.com\/de\/politik\/eu-klimapaket-germanwatch-fordert-turbo-fuer-europaweiten-bahnverkehr-und-ausrichtung-des-gassektors-an-klimazielen\/\" \/>\n<meta property=\"og:site_name\" content=\"Sonnenseite\" \/>\n<meta property=\"article:publisher\" content=\"https:\/\/www.facebook.com\/pages\/Franz-Alt-SONNENSEITECOM\/221072987903953?fref=ts\" \/>\n<meta property=\"article:published_time\" content=\"2021-12-13T07:38:39+00:00\" \/>\n<meta property=\"article:modified_time\" content=\"2021-12-13T07:41:51+00:00\" \/>\n<meta property=\"og:image\" content=\"https:\/\/www.sonnenseite.com\/wp-content\/uploads\/2020\/06\/Europa01_Lupo.jpg\" \/>\n\t<meta property=\"og:image:width\" content=\"770\" \/>\n\t<meta property=\"og:image:height\" content=\"420\" \/>\n\t<meta property=\"og:image:type\" content=\"image\/jpeg\" \/>\n<meta name=\"author\" content=\"Bigi Alt\" \/>\n<meta name=\"twitter:card\" content=\"summary_large_image\" \/>\n<meta name=\"twitter:creator\" content=\"@franzalt\" \/>\n<meta name=\"twitter:site\" content=\"@franzalt\" \/>\n<meta name=\"twitter:label1\" content=\"Verfasst von\" \/>\n\t<meta name=\"twitter:data1\" content=\"Bigi Alt\" \/>\n\t<meta name=\"twitter:label2\" content=\"Gesch\u00e4tzte Lesezeit\" \/>\n\t<meta name=\"twitter:data2\" content=\"3\u00a0Minuten\" \/>\n<script type=\"application\/ld+json\" class=\"yoast-schema-graph\">{\"@context\":\"https:\/\/schema.org\",\"@graph\":[{\"@type\":\"Article\",\"@id\":\"https:\/\/www.sonnenseite.com\/de\/politik\/eu-klimapaket-germanwatch-fordert-turbo-fuer-europaweiten-bahnverkehr-und-ausrichtung-des-gassektors-an-klimazielen\/#article\",\"isPartOf\":{\"@id\":\"https:\/\/www.sonnenseite.com\/de\/politik\/eu-klimapaket-germanwatch-fordert-turbo-fuer-europaweiten-bahnverkehr-und-ausrichtung-des-gassektors-an-klimazielen\/\"},\"author\":{\"name\":\"Bigi Alt\",\"@id\":\"https:\/\/www.sonnenseite.com\/de\/#\/schema\/person\/50fda0e926597684c7cc6695238a4eb9\"},\"headline\":\"EU-Klimapaket: Germanwatch fordert Turbo f\u00fcr europaweiten Bahnverkehr und Ausrichtung des Gassektors an Klimazielen\",\"datePublished\":\"2021-12-13T07:38:39+00:00\",\"dateModified\":\"2021-12-13T07:41:51+00:00\",\"mainEntityOfPage\":{\"@id\":\"https:\/\/www.sonnenseite.com\/de\/politik\/eu-klimapaket-germanwatch-fordert-turbo-fuer-europaweiten-bahnverkehr-und-ausrichtung-des-gassektors-an-klimazielen\/\"},\"wordCount\":677,\"publisher\":{\"@id\":\"https:\/\/www.sonnenseite.com\/de\/#organization\"},\"image\":{\"@id\":\"https:\/\/www.sonnenseite.com\/de\/politik\/eu-klimapaket-germanwatch-fordert-turbo-fuer-europaweiten-bahnverkehr-und-ausrichtung-des-gassektors-an-klimazielen\/#primaryimage\"},\"thumbnailUrl\":\"https:\/\/www.sonnenseite.com\/wp-content\/uploads\/2020\/06\/Europa01_Lupo.jpg\",\"articleSection\":[\"Politik\"],\"inLanguage\":\"de\"},{\"@type\":\"WebPage\",\"@id\":\"https:\/\/www.sonnenseite.com\/de\/politik\/eu-klimapaket-germanwatch-fordert-turbo-fuer-europaweiten-bahnverkehr-und-ausrichtung-des-gassektors-an-klimazielen\/\",\"url\":\"https:\/\/www.sonnenseite.com\/de\/politik\/eu-klimapaket-germanwatch-fordert-turbo-fuer-europaweiten-bahnverkehr-und-ausrichtung-des-gassektors-an-klimazielen\/\",\"name\":\"EU-Klimapaket: Germanwatch fordert Turbo f\u00fcr europaweiten Bahnverkehr und Ausrichtung des Gassektors an Klimazielen - Sonnenseite - \u00d6kologische Kommunikation mit Franz Alt\",\"isPartOf\":{\"@id\":\"https:\/\/www.sonnenseite.com\/de\/#website\"},\"primaryImageOfPage\":{\"@id\":\"https:\/\/www.sonnenseite.com\/de\/politik\/eu-klimapaket-germanwatch-fordert-turbo-fuer-europaweiten-bahnverkehr-und-ausrichtung-des-gassektors-an-klimazielen\/#primaryimage\"},\"image\":{\"@id\":\"https:\/\/www.sonnenseite.com\/de\/politik\/eu-klimapaket-germanwatch-fordert-turbo-fuer-europaweiten-bahnverkehr-und-ausrichtung-des-gassektors-an-klimazielen\/#primaryimage\"},\"thumbnailUrl\":\"https:\/\/www.sonnenseite.com\/wp-content\/uploads\/2020\/06\/Europa01_Lupo.jpg\",\"datePublished\":\"2021-12-13T07:38:39+00:00\",\"dateModified\":\"2021-12-13T07:41:51+00:00\",\"description\":\"Am Dienstag wird zweiter Teil des Fit-for-55-Pakets vorgelegt: EU-Kommission kann neuer Bundesregierung viel R\u00fcckenwind f\u00fcr h\u00f6heres Tempo beim Klimaschutz\",\"breadcrumb\":{\"@id\":\"https:\/\/www.sonnenseite.com\/de\/politik\/eu-klimapaket-germanwatch-fordert-turbo-fuer-europaweiten-bahnverkehr-und-ausrichtung-des-gassektors-an-klimazielen\/#breadcrumb\"},\"inLanguage\":\"de\",\"potentialAction\":[{\"@type\":\"ReadAction\",\"target\":[\"https:\/\/www.sonnenseite.com\/de\/politik\/eu-klimapaket-germanwatch-fordert-turbo-fuer-europaweiten-bahnverkehr-und-ausrichtung-des-gassektors-an-klimazielen\/\"]}]},{\"@type\":\"ImageObject\",\"inLanguage\":\"de\",\"@id\":\"https:\/\/www.sonnenseite.com\/de\/politik\/eu-klimapaket-germanwatch-fordert-turbo-fuer-europaweiten-bahnverkehr-und-ausrichtung-des-gassektors-an-klimazielen\/#primaryimage\",\"url\":\"https:\/\/www.sonnenseite.com\/wp-content\/uploads\/2020\/06\/Europa01_Lupo.jpg\",\"contentUrl\":\"https:\/\/www.sonnenseite.com\/wp-content\/uploads\/2020\/06\/Europa01_Lupo.jpg\",\"width\":770,\"height\":420,\"caption\":\"pixelio.de | Lupo | Europa hat einmal mehr die Chance vertan, geschlossen und selbstbewusst aufzutreten.\"},{\"@type\":\"BreadcrumbList\",\"@id\":\"https:\/\/www.sonnenseite.com\/de\/politik\/eu-klimapaket-germanwatch-fordert-turbo-fuer-europaweiten-bahnverkehr-und-ausrichtung-des-gassektors-an-klimazielen\/#breadcrumb\",\"itemListElement\":[{\"@type\":\"ListItem\",\"position\":1,\"name\":\"Startseite\",\"item\":\"https:\/\/www.sonnenseite.com\/de\/\"},{\"@type\":\"ListItem\",\"position\":2,\"name\":\"EU-Klimapaket: Germanwatch fordert Turbo f\u00fcr europaweiten Bahnverkehr und Ausrichtung des Gassektors an Klimazielen\"}]},{\"@type\":\"WebSite\",\"@id\":\"https:\/\/www.sonnenseite.com\/de\/#website\",\"url\":\"https:\/\/www.sonnenseite.com\/de\/\",\"name\":\"Sonnenseite\",\"description\":\"\u00d6kologische Kommunikation mit Franz Alt\",\"publisher\":{\"@id\":\"https:\/\/www.sonnenseite.com\/de\/#organization\"},\"potentialAction\":[{\"@type\":\"SearchAction\",\"target\":{\"@type\":\"EntryPoint\",\"urlTemplate\":\"https:\/\/www.sonnenseite.com\/de\/?s={search_term_string}\"},\"query-input\":{\"@type\":\"PropertyValueSpecification\",\"valueRequired\":true,\"valueName\":\"search_term_string\"}}],\"inLanguage\":\"de\"},{\"@type\":\"Organization\",\"@id\":\"https:\/\/www.sonnenseite.com\/de\/#organization\",\"name\":\"Sonnenseite\",\"url\":\"https:\/\/www.sonnenseite.com\/de\/\",\"logo\":{\"@type\":\"ImageObject\",\"inLanguage\":\"de\",\"@id\":\"https:\/\/www.sonnenseite.com\/de\/#\/schema\/logo\/image\/\",\"url\":\"https:\/\/www.sonnenseite.com\/wp-content\/uploads\/2020\/05\/Sonnenseite_Logo.png\",\"contentUrl\":\"https:\/\/www.sonnenseite.com\/wp-content\/uploads\/2020\/05\/Sonnenseite_Logo.png\",\"width\":377,\"height\":90,\"caption\":\"Sonnenseite\"},\"image\":{\"@id\":\"https:\/\/www.sonnenseite.com\/de\/#\/schema\/logo\/image\/\"},\"sameAs\":[\"https:\/\/www.facebook.com\/pages\/Franz-Alt-SONNENSEITECOM\/221072987903953?fref=ts\",\"https:\/\/x.com\/franzalt\",\"http:\/\/www.youtube.com\/results?search_query&amp;amp;quot;franz_alt&amp;amp;quot;&amp;amp;amp;amp;search_type&amp;amp;amp;amp;aq=f\"]},{\"@type\":\"Person\",\"@id\":\"https:\/\/www.sonnenseite.com\/de\/#\/schema\/person\/50fda0e926597684c7cc6695238a4eb9\",\"name\":\"Bigi Alt\"}]}<\/script>\n<!-- \/ Yoast SEO plugin. -->","yoast_head_json":{"title":"EU-Klimapaket: Germanwatch fordert Turbo f\u00fcr europaweiten Bahnverkehr und Ausrichtung des Gassektors an Klimazielen - Sonnenseite - \u00d6kologische Kommunikation mit Franz Alt","description":"Am Dienstag wird zweiter Teil des Fit-for-55-Pakets vorgelegt: EU-Kommission kann neuer Bundesregierung viel R\u00fcckenwind f\u00fcr h\u00f6heres Tempo beim Klimaschutz","robots":{"index":"index","follow":"follow","max-snippet":"max-snippet:-1","max-image-preview":"max-image-preview:large","max-video-preview":"max-video-preview:-1"},"canonical":"https:\/\/www.sonnenseite.com\/de\/politik\/eu-klimapaket-germanwatch-fordert-turbo-fuer-europaweiten-bahnverkehr-und-ausrichtung-des-gassektors-an-klimazielen\/","og_locale":"de_DE","og_type":"article","og_title":"EU-Klimapaket: Germanwatch fordert Turbo f\u00fcr europaweiten Bahnverkehr und Ausrichtung des Gassektors an Klimazielen - Sonnenseite - \u00d6kologische Kommunikation mit Franz Alt","og_description":"Am Dienstag wird zweiter Teil des Fit-for-55-Pakets vorgelegt: EU-Kommission kann neuer Bundesregierung viel R\u00fcckenwind f\u00fcr h\u00f6heres Tempo beim Klimaschutz","og_url":"https:\/\/www.sonnenseite.com\/de\/politik\/eu-klimapaket-germanwatch-fordert-turbo-fuer-europaweiten-bahnverkehr-und-ausrichtung-des-gassektors-an-klimazielen\/","og_site_name":"Sonnenseite","article_publisher":"https:\/\/www.facebook.com\/pages\/Franz-Alt-SONNENSEITECOM\/221072987903953?fref=ts","article_published_time":"2021-12-13T07:38:39+00:00","article_modified_time":"2021-12-13T07:41:51+00:00","og_image":[{"width":770,"height":420,"url":"https:\/\/www.sonnenseite.com\/wp-content\/uploads\/2020\/06\/Europa01_Lupo.jpg","type":"image\/jpeg"}],"author":"Bigi Alt","twitter_card":"summary_large_image","twitter_creator":"@franzalt","twitter_site":"@franzalt","twitter_misc":{"Verfasst von":"Bigi Alt","Gesch\u00e4tzte Lesezeit":"3\u00a0Minuten"},"schema":{"@context":"https:\/\/schema.org","@graph":[{"@type":"Article","@id":"https:\/\/www.sonnenseite.com\/de\/politik\/eu-klimapaket-germanwatch-fordert-turbo-fuer-europaweiten-bahnverkehr-und-ausrichtung-des-gassektors-an-klimazielen\/#article","isPartOf":{"@id":"https:\/\/www.sonnenseite.com\/de\/politik\/eu-klimapaket-germanwatch-fordert-turbo-fuer-europaweiten-bahnverkehr-und-ausrichtung-des-gassektors-an-klimazielen\/"},"author":{"name":"Bigi Alt","@id":"https:\/\/www.sonnenseite.com\/de\/#\/schema\/person\/50fda0e926597684c7cc6695238a4eb9"},"headline":"EU-Klimapaket: Germanwatch fordert Turbo f\u00fcr europaweiten Bahnverkehr und Ausrichtung des Gassektors an Klimazielen","datePublished":"2021-12-13T07:38:39+00:00","dateModified":"2021-12-13T07:41:51+00:00","mainEntityOfPage":{"@id":"https:\/\/www.sonnenseite.com\/de\/politik\/eu-klimapaket-germanwatch-fordert-turbo-fuer-europaweiten-bahnverkehr-und-ausrichtung-des-gassektors-an-klimazielen\/"},"wordCount":677,"publisher":{"@id":"https:\/\/www.sonnenseite.com\/de\/#organization"},"image":{"@id":"https:\/\/www.sonnenseite.com\/de\/politik\/eu-klimapaket-germanwatch-fordert-turbo-fuer-europaweiten-bahnverkehr-und-ausrichtung-des-gassektors-an-klimazielen\/#primaryimage"},"thumbnailUrl":"https:\/\/www.sonnenseite.com\/wp-content\/uploads\/2020\/06\/Europa01_Lupo.jpg","articleSection":["Politik"],"inLanguage":"de"},{"@type":"WebPage","@id":"https:\/\/www.sonnenseite.com\/de\/politik\/eu-klimapaket-germanwatch-fordert-turbo-fuer-europaweiten-bahnverkehr-und-ausrichtung-des-gassektors-an-klimazielen\/","url":"https:\/\/www.sonnenseite.com\/de\/politik\/eu-klimapaket-germanwatch-fordert-turbo-fuer-europaweiten-bahnverkehr-und-ausrichtung-des-gassektors-an-klimazielen\/","name":"EU-Klimapaket: Germanwatch fordert Turbo f\u00fcr europaweiten Bahnverkehr und Ausrichtung des Gassektors an Klimazielen - Sonnenseite - \u00d6kologische Kommunikation mit Franz Alt","isPartOf":{"@id":"https:\/\/www.sonnenseite.com\/de\/#website"},"primaryImageOfPage":{"@id":"https:\/\/www.sonnenseite.com\/de\/politik\/eu-klimapaket-germanwatch-fordert-turbo-fuer-europaweiten-bahnverkehr-und-ausrichtung-des-gassektors-an-klimazielen\/#primaryimage"},"image":{"@id":"https:\/\/www.sonnenseite.com\/de\/politik\/eu-klimapaket-germanwatch-fordert-turbo-fuer-europaweiten-bahnverkehr-und-ausrichtung-des-gassektors-an-klimazielen\/#primaryimage"},"thumbnailUrl":"https:\/\/www.sonnenseite.com\/wp-content\/uploads\/2020\/06\/Europa01_Lupo.jpg","datePublished":"2021-12-13T07:38:39+00:00","dateModified":"2021-12-13T07:41:51+00:00","description":"Am Dienstag wird zweiter Teil des Fit-for-55-Pakets vorgelegt: EU-Kommission kann neuer Bundesregierung viel R\u00fcckenwind f\u00fcr h\u00f6heres Tempo beim Klimaschutz","breadcrumb":{"@id":"https:\/\/www.sonnenseite.com\/de\/politik\/eu-klimapaket-germanwatch-fordert-turbo-fuer-europaweiten-bahnverkehr-und-ausrichtung-des-gassektors-an-klimazielen\/#breadcrumb"},"inLanguage":"de","potentialAction":[{"@type":"ReadAction","target":["https:\/\/www.sonnenseite.com\/de\/politik\/eu-klimapaket-germanwatch-fordert-turbo-fuer-europaweiten-bahnverkehr-und-ausrichtung-des-gassektors-an-klimazielen\/"]}]},{"@type":"ImageObject","inLanguage":"de","@id":"https:\/\/www.sonnenseite.com\/de\/politik\/eu-klimapaket-germanwatch-fordert-turbo-fuer-europaweiten-bahnverkehr-und-ausrichtung-des-gassektors-an-klimazielen\/#primaryimage","url":"https:\/\/www.sonnenseite.com\/wp-content\/uploads\/2020\/06\/Europa01_Lupo.jpg","contentUrl":"https:\/\/www.sonnenseite.com\/wp-content\/uploads\/2020\/06\/Europa01_Lupo.jpg","width":770,"height":420,"caption":"pixelio.de | Lupo | Europa hat einmal mehr die Chance vertan, geschlossen und selbstbewusst aufzutreten."},{"@type":"BreadcrumbList","@id":"https:\/\/www.sonnenseite.com\/de\/politik\/eu-klimapaket-germanwatch-fordert-turbo-fuer-europaweiten-bahnverkehr-und-ausrichtung-des-gassektors-an-klimazielen\/#breadcrumb","itemListElement":[{"@type":"ListItem","position":1,"name":"Startseite","item":"https:\/\/www.sonnenseite.com\/de\/"},{"@type":"ListItem","position":2,"name":"EU-Klimapaket: Germanwatch fordert Turbo f\u00fcr europaweiten Bahnverkehr und Ausrichtung des Gassektors an Klimazielen"}]},{"@type":"WebSite","@id":"https:\/\/www.sonnenseite.com\/de\/#website","url":"https:\/\/www.sonnenseite.com\/de\/","name":"Sonnenseite","description":"\u00d6kologische Kommunikation mit Franz Alt","publisher":{"@id":"https:\/\/www.sonnenseite.com\/de\/#organization"},"potentialAction":[{"@type":"SearchAction","target":{"@type":"EntryPoint","urlTemplate":"https:\/\/www.sonnenseite.com\/de\/?s={search_term_string}"},"query-input":{"@type":"PropertyValueSpecification","valueRequired":true,"valueName":"search_term_string"}}],"inLanguage":"de"},{"@type":"Organization","@id":"https:\/\/www.sonnenseite.com\/de\/#organization","name":"Sonnenseite","url":"https:\/\/www.sonnenseite.com\/de\/","logo":{"@type":"ImageObject","inLanguage":"de","@id":"https:\/\/www.sonnenseite.com\/de\/#\/schema\/logo\/image\/","url":"https:\/\/www.sonnenseite.com\/wp-content\/uploads\/2020\/05\/Sonnenseite_Logo.png","contentUrl":"https:\/\/www.sonnenseite.com\/wp-content\/uploads\/2020\/05\/Sonnenseite_Logo.png","width":377,"height":90,"caption":"Sonnenseite"},"image":{"@id":"https:\/\/www.sonnenseite.com\/de\/#\/schema\/logo\/image\/"},"sameAs":["https:\/\/www.facebook.com\/pages\/Franz-Alt-SONNENSEITECOM\/221072987903953?fref=ts","https:\/\/x.com\/franzalt","http:\/\/www.youtube.com\/results?search_query&amp;amp;quot;franz_alt&amp;amp;quot;&amp;amp;amp;amp;search_type&amp;amp;amp;amp;aq=f"]},{"@type":"Person","@id":"https:\/\/www.sonnenseite.com\/de\/#\/schema\/person\/50fda0e926597684c7cc6695238a4eb9","name":"Bigi Alt"}]}},"_links":{"self":[{"href":"https:\/\/www.sonnenseite.com\/de\/wp-json\/wp\/v2\/posts\/77628","targetHints":{"allow":["GET"]}}],"collection":[{"href":"https:\/\/www.sonnenseite.com\/de\/wp-json\/wp\/v2\/posts"}],"about":[{"href":"https:\/\/www.sonnenseite.com\/de\/wp-json\/wp\/v2\/types\/post"}],"author":[{"embeddable":true,"href":"https:\/\/www.sonnenseite.com\/de\/wp-json\/wp\/v2\/users\/3"}],"replies":[{"embeddable":true,"href":"https:\/\/www.sonnenseite.com\/de\/wp-json\/wp\/v2\/comments?post=77628"}],"version-history":[{"count":2,"href":"https:\/\/www.sonnenseite.com\/de\/wp-json\/wp\/v2\/posts\/77628\/revisions"}],"predecessor-version":[{"id":77631,"href":"https:\/\/www.sonnenseite.com\/de\/wp-json\/wp\/v2\/posts\/77628\/revisions\/77631"}],"wp:featuredmedia":[{"embeddable":true,"href":"https:\/\/www.sonnenseite.com\/de\/wp-json\/wp\/v2\/media\/60266"}],"wp:attachment":[{"href":"https:\/\/www.sonnenseite.com\/de\/wp-json\/wp\/v2\/media?parent=77628"}],"wp:term":[{"taxonomy":"category","embeddable":true,"href":"https:\/\/www.sonnenseite.com\/de\/wp-json\/wp\/v2\/categories?post=77628"},{"taxonomy":"post_tag","embeddable":true,"href":"https:\/\/www.sonnenseite.com\/de\/wp-json\/wp\/v2\/tags?post=77628"}],"curies":[{"name":"wp","href":"https:\/\/api.w.org\/{rel}","templated":true}]}}