{"id":77680,"date":"2021-12-15T03:27:00","date_gmt":"2021-12-15T02:27:00","guid":{"rendered":"https:\/\/www.sonnenseite.com\/?p=77680"},"modified":"2021-12-14T17:28:46","modified_gmt":"2021-12-14T16:28:46","slug":"klimapolitik-buergerinnen-wollen-mehr-erneuerbare-energien","status":"publish","type":"post","link":"https:\/\/www.sonnenseite.com\/de\/energie\/klimapolitik-buergerinnen-wollen-mehr-erneuerbare-energien\/","title":{"rendered":"Klimapolitik &#8211; B\u00fcrgerInnen wollen mehr Erneuerbare Energien"},"content":{"rendered":"\n<p>Um das 1,5 Grad-Ziel einhalten zu k\u00f6nnen, hat die Ampel-Koalition die Erneuerbaren Energien nachhaltig im Koalitionsvertrag gest\u00e4rkt. Sie arbeitet damit im Sinne der Bev\u00f6lkerung: 83 Prozent der B\u00fcrger*innen w\u00fcnscht sich einen st\u00e4rkeren Ausbau dieser, wie die aktuelle Akzeptanzumfrage der Agentur f\u00fcr Erneuerbare Energien (AEE) zeigt. <\/p>\n\n\n\n<p>Umso wichtiger wird die Umsetzung des Koalitionsvertrages sein, denn mehr als ein Drittel der Befragten gaben zum Zeitpunkt der Umfrage, zu Beginn der Koalitionsverhandlungen an, sich nicht sicher zu sein, ob die k\u00fcnftige Regierung genug f\u00fcr das Erreichen der Klimaziele unternehmen werde.<\/p>\n\n\n\n<p>Im Jahr 2020 deckten Erneuerbare Energien mehr als 45 Prozent des Stromverbrauchs in Deutschland. In den Sektoren W\u00e4rme\/K\u00e4lte (15,2 %) und Verkehr (7,3 %) lagen diese deutlich darunter. \u201eDas Potential der Erneuerbaren Energien wird noch immer nicht voll ausgesch\u00f6pft\u201c, sagt Dr. Robert Brandt, Gesch\u00e4ftsf\u00fchrer der AEE. Um die Klimaziele zu erreichen, m\u00fcsse der Ausbau beschleunigt werden, das st\u00e4rke auch die regionale Wertsch\u00f6pfung und k\u00f6nne helfen, den steigenden Energiepreisen entgegenzuwirken. \u201eMit 83 Prozent der Bev\u00f6lkerung, die den Ausbau der Erneuerbaren bef\u00fcrworten, ist die notwendige Unterst\u00fctzung f\u00fcr einen neuen Aufschwung vorhanden\u201c, so Brandt weiter mit Blick auf die vom Meinungsforschungsinstitut YouGov durchgef\u00fchrte repr\u00e4sentative Umfrage.<\/p>\n\n\n\n<div class=\"wp-block-image\"><figure class=\"alignleft size-full is-resized\"><a href=\"https:\/\/www.sonnenseite.com\/wp-content\/uploads\/2021\/12\/AEE_Akzeptanzumfrage2021_Unterstuetzung_Ausbau.jpg\"><img loading=\"lazy\" decoding=\"async\" src=\"https:\/\/www.sonnenseite.com\/wp-content\/uploads\/2021\/12\/AEE_Akzeptanzumfrage2021_Unterstuetzung_Ausbau.jpg\" alt=\"\" class=\"wp-image-77681\" width=\"371\" height=\"279\" srcset=\"https:\/\/www.sonnenseite.com\/wp-content\/uploads\/2021\/12\/AEE_Akzeptanzumfrage2021_Unterstuetzung_Ausbau.jpg 933w, https:\/\/www.sonnenseite.com\/wp-content\/uploads\/2021\/12\/AEE_Akzeptanzumfrage2021_Unterstuetzung_Ausbau-300x225.jpg 300w, https:\/\/www.sonnenseite.com\/wp-content\/uploads\/2021\/12\/AEE_Akzeptanzumfrage2021_Unterstuetzung_Ausbau-768x576.jpg 768w\" sizes=\"auto, (max-width: 371px) 100vw, 371px\" \/><\/a><figcaption>\u00a9 unendlich-viel-energie.de \/ Zum Vergr\u00f6\u00dfern anklicken!<\/figcaption><\/figure><\/div>\n\n\n\n<p>Angesichts der Pandemie und ihren wirtschaftlichen und sozialen Folgen, mit denen sich die B\u00fcrger*innen seit fast zwei Jahren auseinandersetzen, ist die anhaltend hohe Zustimmung von 83 Prozent (2020: 86 %) f\u00fcr die Erneuerbaren Energien kaum zu untersch\u00e4tzen. Umso genauer schauen die Befragten auf die neue Regierung und die Umsetzung ihrer Pl\u00e4ne. 39 Prozent gaben zum Umfragezeitpunkt zu Beginn der Koalitionsverhandlungen an, sich nicht sicher zu sein, ob die k\u00fcnftige Regierung genug tun werde, um die Klimaziele f\u00fcr Deutschland zu erreichen. Lediglich vier Prozent waren sich \u201eganz sicher\u201c; 19 Prozent antworteten, dass sie glauben, die neue Regierung werde \u201ewahrscheinlich\u201c genug unternehmen.<\/p>\n\n\n\n<div style=\"height:13px\" aria-hidden=\"true\" class=\"wp-block-spacer\"><\/div>\n\n\n\n<div class=\"wp-block-image\"><figure class=\"alignright size-full is-resized\"><a href=\"https:\/\/www.sonnenseite.com\/wp-content\/uploads\/2021\/12\/AEE_Akzeptanzumfrage2021_Bundesregierung_Klimaziele.jpg\"><img loading=\"lazy\" decoding=\"async\" src=\"https:\/\/www.sonnenseite.com\/wp-content\/uploads\/2021\/12\/AEE_Akzeptanzumfrage2021_Bundesregierung_Klimaziele.jpg\" alt=\"\" class=\"wp-image-77683\" width=\"403\" height=\"303\" srcset=\"https:\/\/www.sonnenseite.com\/wp-content\/uploads\/2021\/12\/AEE_Akzeptanzumfrage2021_Bundesregierung_Klimaziele.jpg 931w, https:\/\/www.sonnenseite.com\/wp-content\/uploads\/2021\/12\/AEE_Akzeptanzumfrage2021_Bundesregierung_Klimaziele-300x226.jpg 300w, https:\/\/www.sonnenseite.com\/wp-content\/uploads\/2021\/12\/AEE_Akzeptanzumfrage2021_Bundesregierung_Klimaziele-768x577.jpg 768w\" sizes=\"auto, (max-width: 403px) 100vw, 403px\" \/><\/a><figcaption> \u00a9 unendlich-viel-energie.de \/ Zum Vergr\u00f6\u00dfern anklicken! <\/figcaption><\/figure><\/div>\n\n\n\n<p>Um die Ausbauziele zu erreichen, wird sich das neu geformte Bundesministerium f\u00fcr Wirtschaft und Klimaschutz verst\u00e4rkt mit schnelleren Genehmigungsverfahren und auch mehr B\u00fcrger<em>innenbeteiligung besch\u00e4ftigen m\u00fcssen. Letzteres ist ein wesentlicher Aspekt, wenn es um die Akzeptanz in der Bev\u00f6lkerung geht. \u201eDer Blick in die Lebenswelt der B\u00fcrger<\/em>innen zeigt, dass man einer neuen Anlage in der Nachbarschaft durchaus auch erstmal skeptisch gegen\u00fcber steht\u201c, wei\u00df Brandt. \u201eSpannend ist jedoch, dass die Befragten, die bereits konkrete Erfahrungen mit solchen Anlagen in ihrer Nachbarschaft gemacht haben, grunds\u00e4tzlich positiver gegen\u00fcber neuen Anlagen eingestellt sind.\u201c<\/p>\n\n\n\n<div style=\"height:17px\" aria-hidden=\"true\" class=\"wp-block-spacer\"><\/div>\n\n\n\n<div class=\"wp-block-image\"><figure class=\"alignright size-full is-resized\"><a href=\"https:\/\/www.sonnenseite.com\/wp-content\/uploads\/2021\/12\/AEE_Akzeptanzumfrage2021_Zustimmung_EE_in_Nachbarschaft.jpg\"><img loading=\"lazy\" decoding=\"async\" src=\"https:\/\/www.sonnenseite.com\/wp-content\/uploads\/2021\/12\/AEE_Akzeptanzumfrage2021_Zustimmung_EE_in_Nachbarschaft.jpg\" alt=\"\" class=\"wp-image-77685\" width=\"467\" height=\"350\" srcset=\"https:\/\/www.sonnenseite.com\/wp-content\/uploads\/2021\/12\/AEE_Akzeptanzumfrage2021_Zustimmung_EE_in_Nachbarschaft.jpg 931w, https:\/\/www.sonnenseite.com\/wp-content\/uploads\/2021\/12\/AEE_Akzeptanzumfrage2021_Zustimmung_EE_in_Nachbarschaft-300x226.jpg 300w, https:\/\/www.sonnenseite.com\/wp-content\/uploads\/2021\/12\/AEE_Akzeptanzumfrage2021_Zustimmung_EE_in_Nachbarschaft-768x577.jpg 768w\" sizes=\"auto, (max-width: 467px) 100vw, 467px\" \/><\/a><figcaption> \u00a9 unendlich-viel-energie.de \/ Zum Vergr\u00f6\u00dfern anklicken! <\/figcaption><\/figure><\/div>\n\n\n\n<p>So gaben beispielsweise 59 Prozent der Befragten an, einen Solarpark in ihrer Umgebung eher gut bzw. sehr gut zu finden. Mit Vorerfahrung liegt die Zustimmung mit 72 Prozent deutlich h\u00f6her. Bei den Windenergieanlagen steigt sie von 39 auf 51 Prozent und bei den Biogasanlagen von 26 auf 49 Prozent. Besonders positiv ist die Erfahrung mit Solard\u00e4chern. Hier gaben 90 Prozent der B\u00fcrger*innen mit Vorerfahrung an, neuen Anlagen im Umkreis von 5 km zuzustimmen. Auch unter Eigenheimbesitzer*innen sind diese sehr positiv besetzt. In einer <a href=\"https:\/\/www.unendlich-viel-energie.de\/jeder-dritte-eigenheimbesitzerin-plant-bis-2024-eine-solaranlage\" target=\"_blank\" rel=\"noreferrer noopener\">fr\u00fcheren Umfrage der AEE<\/a> gab jede*r Dritte an, in den kommenden drei Jahren eine Solaranlage installieren zu wollen.<\/p>\n\n\n\n<p>Alle Infografiken zur AEE-Akzeptanzumfrage 2020 finden Sie <a href=\"https:\/\/www.unendlich-viel-energie.de\/mediathek\/grafiken\/aee-akzeptanzumfrage-2021\">hier<\/a><br><\/p>\n\n\n<h5 class=\"green\">Quelle<\/h5>\r\n\n\n\n<p><a href=\"https:\/\/www.unendlich-viel-energie.de\/akzeptanzumfrage-2021-klimapolitik-%e2%80%93-buergerinnen-wollen-mehr-erneuerbare-energien\">Agentur f\u00fcr Erneuerbare Energien e.V. (AEE) 2021<\/a><\/p>\n<div class=\"shariff shariff-align-flex-start shariff-widget-align-flex-start\"><div class=\"ShariffHeadline\">Diese Meldung teilen<\/div><ul class=\"shariff-buttons theme-round orientation-horizontal buttonsize-medium\"><li class=\"shariff-button facebook shariff-nocustomcolor\" style=\"background-color:#4273c8;border-radius:1%\"><a href=\"https:\/\/www.facebook.com\/sharer\/sharer.php?u=https%3A%2F%2Fwww.sonnenseite.com%2Fde%2Fenergie%2Fklimapolitik-buergerinnen-wollen-mehr-erneuerbare-energien%2F\" title=\"Bei Facebook teilen\" aria-label=\"Bei Facebook teilen\" role=\"button\" rel=\"nofollow\" class=\"shariff-link\" style=\";border-radius:1%; background-color:#3b5998; color:#fff\" target=\"_blank\"><span class=\"shariff-icon\" style=\"\"><svg width=\"32px\" height=\"20px\" xmlns=\"http:\/\/www.w3.org\/2000\/svg\" viewBox=\"0 0 18 32\"><path fill=\"#3b5998\" d=\"M17.1 0.2v4.7h-2.8q-1.5 0-2.1 0.6t-0.5 1.9v3.4h5.2l-0.7 5.3h-4.5v13.6h-5.5v-13.6h-4.5v-5.3h4.5v-3.9q0-3.3 1.9-5.2t5-1.8q2.6 0 4.1 0.2z\"\/><\/svg><\/span><\/a><\/li><li class=\"shariff-button twitter shariff-nocustomcolor\" style=\"background-color:#595959;border-radius:1%\"><a href=\"https:\/\/twitter.com\/share?url=https%3A%2F%2Fwww.sonnenseite.com%2Fde%2Fenergie%2Fklimapolitik-buergerinnen-wollen-mehr-erneuerbare-energien%2F&text=Klimapolitik%20%E2%80%93%20B%C3%BCrgerInnen%20wollen%20mehr%20Erneuerbare%20Energien\" title=\"Bei X teilen\" aria-label=\"Bei X teilen\" role=\"button\" rel=\"noopener nofollow\" class=\"shariff-link\" style=\";border-radius:1%; background-color:#000; color:#fff\" target=\"_blank\"><span class=\"shariff-icon\" style=\"\"><svg width=\"32px\" height=\"20px\" xmlns=\"http:\/\/www.w3.org\/2000\/svg\" viewBox=\"0 0 24 24\"><path fill=\"#000\" d=\"M14.258 10.152L23.176 0h-2.113l-7.747 8.813L7.133 0H0l9.352 13.328L0 23.973h2.113l8.176-9.309 6.531 9.309h7.133zm-2.895 3.293l-.949-1.328L2.875 1.56h3.246l6.086 8.523.945 1.328 7.91 11.078h-3.246zm0 0\"\/><\/svg><\/span><\/a><\/li><li class=\"shariff-button xing shariff-nocustomcolor\" style=\"background-color:#29888a;border-radius:1%\"><a href=\"https:\/\/www.xing.com\/spi\/shares\/new?url=https%3A%2F%2Fwww.sonnenseite.com%2Fde%2Fenergie%2Fklimapolitik-buergerinnen-wollen-mehr-erneuerbare-energien%2F\" title=\"Bei XING teilen\" aria-label=\"Bei XING teilen\" role=\"button\" rel=\"noopener nofollow\" class=\"shariff-link\" style=\";border-radius:1%; background-color:#126567; color:#fff\" target=\"_blank\"><span class=\"shariff-icon\" style=\"\"><svg width=\"32px\" height=\"20px\" xmlns=\"http:\/\/www.w3.org\/2000\/svg\" viewBox=\"0 0 25 32\"><path fill=\"#126567\" d=\"M10.7 11.9q-0.2 0.3-4.6 8.2-0.5 0.8-1.2 0.8h-4.3q-0.4 0-0.5-0.3t0-0.6l4.5-8q0 0 0 0l-2.9-5q-0.2-0.4 0-0.7 0.2-0.3 0.5-0.3h4.3q0.7 0 1.2 0.8zM25.1 0.4q0.2 0.3 0 0.7l-9.4 16.7 6 11q0.2 0.4 0 0.6-0.2 0.3-0.6 0.3h-4.3q-0.7 0-1.2-0.8l-6-11.1q0.3-0.6 9.5-16.8 0.4-0.8 1.2-0.8h4.3q0.4 0 0.5 0.3z\"\/><\/svg><\/span><\/a><\/li><li class=\"shariff-button linkedin shariff-nocustomcolor\" style=\"background-color:#1488bf;border-radius:1%\"><a href=\"https:\/\/www.linkedin.com\/sharing\/share-offsite\/?url=https%3A%2F%2Fwww.sonnenseite.com%2Fde%2Fenergie%2Fklimapolitik-buergerinnen-wollen-mehr-erneuerbare-energien%2F\" title=\"Bei LinkedIn teilen\" aria-label=\"Bei LinkedIn teilen\" role=\"button\" rel=\"noopener nofollow\" class=\"shariff-link\" style=\";border-radius:1%; background-color:#0077b5; color:#fff\" target=\"_blank\"><span class=\"shariff-icon\" style=\"\"><svg width=\"32px\" height=\"20px\" xmlns=\"http:\/\/www.w3.org\/2000\/svg\" viewBox=\"0 0 27 32\"><path fill=\"#0077b5\" d=\"M6.2 11.2v17.7h-5.9v-17.7h5.9zM6.6 5.7q0 1.3-0.9 2.2t-2.4 0.9h0q-1.5 0-2.4-0.9t-0.9-2.2 0.9-2.2 2.4-0.9 2.4 0.9 0.9 2.2zM27.4 18.7v10.1h-5.9v-9.5q0-1.9-0.7-2.9t-2.3-1.1q-1.1 0-1.9 0.6t-1.2 1.5q-0.2 0.5-0.2 1.4v9.9h-5.9q0-7.1 0-11.6t0-5.3l0-0.9h5.9v2.6h0q0.4-0.6 0.7-1t1-0.9 1.6-0.8 2-0.3q3 0 4.9 2t1.9 6z\"\/><\/svg><\/span><\/a><\/li><li class=\"shariff-button printer shariff-nocustomcolor\" style=\"background-color:#a8a8a8;border-radius:1%\"><a href=\"javascript:window.print()\" title=\"drucken\" aria-label=\"drucken\" role=\"button\" rel=\"noopener nofollow\" class=\"shariff-link\" style=\";border-radius:1%; background-color:#999; color:#fff\"><span class=\"shariff-icon\" style=\"\"><svg width=\"32px\" height=\"20px\" xmlns=\"http:\/\/www.w3.org\/2000\/svg\" viewBox=\"0 0 30 32\"><path fill=\"#999\" d=\"M6.8 27.4h16v-4.6h-16v4.6zM6.8 16h16v-6.8h-2.8q-0.7 0-1.2-0.5t-0.5-1.2v-2.8h-11.4v11.4zM27.4 17.2q0-0.5-0.3-0.8t-0.8-0.4-0.8 0.4-0.3 0.8 0.3 0.8 0.8 0.3 0.8-0.3 0.3-0.8zM29.7 17.2v7.4q0 0.2-0.2 0.4t-0.4 0.2h-4v2.8q0 0.7-0.5 1.2t-1.2 0.5h-17.2q-0.7 0-1.2-0.5t-0.5-1.2v-2.8h-4q-0.2 0-0.4-0.2t-0.2-0.4v-7.4q0-1.4 1-2.4t2.4-1h1.2v-9.7q0-0.7 0.5-1.2t1.2-0.5h12q0.7 0 1.6 0.4t1.3 0.8l2.7 2.7q0.5 0.5 0.9 1.4t0.4 1.6v4.6h1.1q1.4 0 2.4 1t1 2.4z\"\/><\/svg><\/span><\/a><\/li><li class=\"shariff-button mailto shariff-nocustomcolor\" style=\"background-color:#a8a8a8;border-radius:1%\"><a href=\"mailto:?body=https%3A%2F%2Fwww.sonnenseite.com%2Fde%2Fenergie%2Fklimapolitik-buergerinnen-wollen-mehr-erneuerbare-energien%2F&subject=Klimapolitik%20%E2%80%93%20B%C3%BCrgerInnen%20wollen%20mehr%20Erneuerbare%20Energien\" title=\"Per E-Mail versenden\" aria-label=\"Per E-Mail versenden\" role=\"button\" rel=\"noopener nofollow\" class=\"shariff-link\" style=\";border-radius:1%; background-color:#999; color:#fff\"><span class=\"shariff-icon\" style=\"\"><svg width=\"32px\" height=\"20px\" xmlns=\"http:\/\/www.w3.org\/2000\/svg\" viewBox=\"0 0 32 32\"><path fill=\"#999\" d=\"M32 12.7v14.2q0 1.2-0.8 2t-2 0.9h-26.3q-1.2 0-2-0.9t-0.8-2v-14.2q0.8 0.9 1.8 1.6 6.5 4.4 8.9 6.1 1 0.8 1.6 1.2t1.7 0.9 2 0.4h0.1q0.9 0 2-0.4t1.7-0.9 1.6-1.2q3-2.2 8.9-6.1 1-0.7 1.8-1.6zM32 7.4q0 1.4-0.9 2.7t-2.2 2.2q-6.7 4.7-8.4 5.8-0.2 0.1-0.7 0.5t-1 0.7-0.9 0.6-1.1 0.5-0.9 0.2h-0.1q-0.4 0-0.9-0.2t-1.1-0.5-0.9-0.6-1-0.7-0.7-0.5q-1.6-1.1-4.7-3.2t-3.6-2.6q-1.1-0.7-2.1-2t-1-2.5q0-1.4 0.7-2.3t2.1-0.9h26.3q1.2 0 2 0.8t0.9 2z\"\/><\/svg><\/span><\/a><\/li><\/ul><\/div>","protected":false},"excerpt":{"rendered":"<p>Um das 1,5 Grad-Ziel einhalten zu k\u00f6nnen, hat die Ampel-Koalition die Erneuerbaren Energien nachhaltig im Koalitionsvertrag [&hellip;]<\/p>\n","protected":false},"author":3,"featured_media":26233,"comment_status":"closed","ping_status":"closed","sticky":false,"template":"","format":"standard","meta":{"inline_featured_image":false,"footnotes":""},"categories":[22],"tags":[],"class_list":["post-77680","post","type-post","status-publish","format-standard","has-post-thumbnail","hentry","category-energie"],"yoast_head":"<!-- This site is optimized with the Yoast SEO plugin v26.5 - https:\/\/yoast.com\/wordpress\/plugins\/seo\/ -->\n<title>Klimapolitik - B\u00fcrgerInnen wollen mehr Erneuerbare Energien - Sonnenseite - \u00d6kologische Kommunikation mit Franz Alt<\/title>\n<meta name=\"description\" content=\"Um das 1,5 Grad-Ziel einhalten zu k\u00f6nnen, hat die Ampel-Koalition die Erneuerbaren Energien nachhaltig im Koalitionsvertrag gest\u00e4rkt. Sie arbeitet damit\" \/>\n<meta name=\"robots\" content=\"index, follow, max-snippet:-1, max-image-preview:large, max-video-preview:-1\" \/>\n<link rel=\"canonical\" href=\"https:\/\/www.sonnenseite.com\/de\/energie\/klimapolitik-buergerinnen-wollen-mehr-erneuerbare-energien\/\" \/>\n<meta property=\"og:locale\" content=\"de_DE\" \/>\n<meta property=\"og:type\" content=\"article\" \/>\n<meta property=\"og:title\" content=\"Klimapolitik - B\u00fcrgerInnen wollen mehr Erneuerbare Energien - Sonnenseite - \u00d6kologische Kommunikation mit Franz Alt\" \/>\n<meta property=\"og:description\" content=\"Um das 1,5 Grad-Ziel einhalten zu k\u00f6nnen, hat die Ampel-Koalition die Erneuerbaren Energien nachhaltig im Koalitionsvertrag gest\u00e4rkt. Sie arbeitet damit\" \/>\n<meta property=\"og:url\" content=\"https:\/\/www.sonnenseite.com\/de\/energie\/klimapolitik-buergerinnen-wollen-mehr-erneuerbare-energien\/\" \/>\n<meta property=\"og:site_name\" content=\"Sonnenseite\" \/>\n<meta property=\"article:publisher\" content=\"https:\/\/www.facebook.com\/pages\/Franz-Alt-SONNENSEITECOM\/221072987903953?fref=ts\" \/>\n<meta property=\"article:published_time\" content=\"2021-12-15T02:27:00+00:00\" \/>\n<meta property=\"og:image\" content=\"https:\/\/www.sonnenseite.com\/wp-content\/uploads\/2017\/07\/ee_Coloures-pic.jpg\" \/>\n\t<meta property=\"og:image:width\" content=\"770\" \/>\n\t<meta property=\"og:image:height\" content=\"420\" \/>\n\t<meta property=\"og:image:type\" content=\"image\/jpeg\" \/>\n<meta name=\"author\" content=\"Bigi Alt\" \/>\n<meta name=\"twitter:card\" content=\"summary_large_image\" \/>\n<meta name=\"twitter:creator\" content=\"@franzalt\" \/>\n<meta name=\"twitter:site\" content=\"@franzalt\" \/>\n<meta name=\"twitter:label1\" content=\"Verfasst von\" \/>\n\t<meta name=\"twitter:data1\" content=\"Bigi Alt\" \/>\n\t<meta name=\"twitter:label2\" content=\"Gesch\u00e4tzte Lesezeit\" \/>\n\t<meta name=\"twitter:data2\" content=\"3\u00a0Minuten\" \/>\n<script type=\"application\/ld+json\" class=\"yoast-schema-graph\">{\"@context\":\"https:\/\/schema.org\",\"@graph\":[{\"@type\":\"Article\",\"@id\":\"https:\/\/www.sonnenseite.com\/de\/energie\/klimapolitik-buergerinnen-wollen-mehr-erneuerbare-energien\/#article\",\"isPartOf\":{\"@id\":\"https:\/\/www.sonnenseite.com\/de\/energie\/klimapolitik-buergerinnen-wollen-mehr-erneuerbare-energien\/\"},\"author\":{\"name\":\"Bigi Alt\",\"@id\":\"https:\/\/www.sonnenseite.com\/de\/#\/schema\/person\/50fda0e926597684c7cc6695238a4eb9\"},\"headline\":\"Klimapolitik &#8211; B\u00fcrgerInnen wollen mehr Erneuerbare Energien\",\"datePublished\":\"2021-12-15T02:27:00+00:00\",\"mainEntityOfPage\":{\"@id\":\"https:\/\/www.sonnenseite.com\/de\/energie\/klimapolitik-buergerinnen-wollen-mehr-erneuerbare-energien\/\"},\"wordCount\":546,\"publisher\":{\"@id\":\"https:\/\/www.sonnenseite.com\/de\/#organization\"},\"image\":{\"@id\":\"https:\/\/www.sonnenseite.com\/de\/energie\/klimapolitik-buergerinnen-wollen-mehr-erneuerbare-energien\/#primaryimage\"},\"thumbnailUrl\":\"https:\/\/www.sonnenseite.com\/wp-content\/uploads\/2017\/07\/ee_Coloures-pic.jpg\",\"articleSection\":[\"Energie\"],\"inLanguage\":\"de\"},{\"@type\":\"WebPage\",\"@id\":\"https:\/\/www.sonnenseite.com\/de\/energie\/klimapolitik-buergerinnen-wollen-mehr-erneuerbare-energien\/\",\"url\":\"https:\/\/www.sonnenseite.com\/de\/energie\/klimapolitik-buergerinnen-wollen-mehr-erneuerbare-energien\/\",\"name\":\"Klimapolitik - B\u00fcrgerInnen wollen mehr Erneuerbare Energien - Sonnenseite - \u00d6kologische Kommunikation mit Franz Alt\",\"isPartOf\":{\"@id\":\"https:\/\/www.sonnenseite.com\/de\/#website\"},\"primaryImageOfPage\":{\"@id\":\"https:\/\/www.sonnenseite.com\/de\/energie\/klimapolitik-buergerinnen-wollen-mehr-erneuerbare-energien\/#primaryimage\"},\"image\":{\"@id\":\"https:\/\/www.sonnenseite.com\/de\/energie\/klimapolitik-buergerinnen-wollen-mehr-erneuerbare-energien\/#primaryimage\"},\"thumbnailUrl\":\"https:\/\/www.sonnenseite.com\/wp-content\/uploads\/2017\/07\/ee_Coloures-pic.jpg\",\"datePublished\":\"2021-12-15T02:27:00+00:00\",\"description\":\"Um das 1,5 Grad-Ziel einhalten zu k\u00f6nnen, hat die Ampel-Koalition die Erneuerbaren Energien nachhaltig im Koalitionsvertrag gest\u00e4rkt. Sie arbeitet damit\",\"breadcrumb\":{\"@id\":\"https:\/\/www.sonnenseite.com\/de\/energie\/klimapolitik-buergerinnen-wollen-mehr-erneuerbare-energien\/#breadcrumb\"},\"inLanguage\":\"de\",\"potentialAction\":[{\"@type\":\"ReadAction\",\"target\":[\"https:\/\/www.sonnenseite.com\/de\/energie\/klimapolitik-buergerinnen-wollen-mehr-erneuerbare-energien\/\"]}]},{\"@type\":\"ImageObject\",\"inLanguage\":\"de\",\"@id\":\"https:\/\/www.sonnenseite.com\/de\/energie\/klimapolitik-buergerinnen-wollen-mehr-erneuerbare-energien\/#primaryimage\",\"url\":\"https:\/\/www.sonnenseite.com\/wp-content\/uploads\/2017\/07\/ee_Coloures-pic.jpg\",\"contentUrl\":\"https:\/\/www.sonnenseite.com\/wp-content\/uploads\/2017\/07\/ee_Coloures-pic.jpg\",\"width\":770,\"height\":420,\"caption\":\"Fotolia.com | Coloures\"},{\"@type\":\"BreadcrumbList\",\"@id\":\"https:\/\/www.sonnenseite.com\/de\/energie\/klimapolitik-buergerinnen-wollen-mehr-erneuerbare-energien\/#breadcrumb\",\"itemListElement\":[{\"@type\":\"ListItem\",\"position\":1,\"name\":\"Startseite\",\"item\":\"https:\/\/www.sonnenseite.com\/de\/\"},{\"@type\":\"ListItem\",\"position\":2,\"name\":\"Klimapolitik &#8211; B\u00fcrgerInnen wollen mehr Erneuerbare Energien\"}]},{\"@type\":\"WebSite\",\"@id\":\"https:\/\/www.sonnenseite.com\/de\/#website\",\"url\":\"https:\/\/www.sonnenseite.com\/de\/\",\"name\":\"Sonnenseite\",\"description\":\"\u00d6kologische Kommunikation mit Franz Alt\",\"publisher\":{\"@id\":\"https:\/\/www.sonnenseite.com\/de\/#organization\"},\"potentialAction\":[{\"@type\":\"SearchAction\",\"target\":{\"@type\":\"EntryPoint\",\"urlTemplate\":\"https:\/\/www.sonnenseite.com\/de\/?s={search_term_string}\"},\"query-input\":{\"@type\":\"PropertyValueSpecification\",\"valueRequired\":true,\"valueName\":\"search_term_string\"}}],\"inLanguage\":\"de\"},{\"@type\":\"Organization\",\"@id\":\"https:\/\/www.sonnenseite.com\/de\/#organization\",\"name\":\"Sonnenseite\",\"url\":\"https:\/\/www.sonnenseite.com\/de\/\",\"logo\":{\"@type\":\"ImageObject\",\"inLanguage\":\"de\",\"@id\":\"https:\/\/www.sonnenseite.com\/de\/#\/schema\/logo\/image\/\",\"url\":\"https:\/\/www.sonnenseite.com\/wp-content\/uploads\/2020\/05\/Sonnenseite_Logo.png\",\"contentUrl\":\"https:\/\/www.sonnenseite.com\/wp-content\/uploads\/2020\/05\/Sonnenseite_Logo.png\",\"width\":377,\"height\":90,\"caption\":\"Sonnenseite\"},\"image\":{\"@id\":\"https:\/\/www.sonnenseite.com\/de\/#\/schema\/logo\/image\/\"},\"sameAs\":[\"https:\/\/www.facebook.com\/pages\/Franz-Alt-SONNENSEITECOM\/221072987903953?fref=ts\",\"https:\/\/x.com\/franzalt\",\"http:\/\/www.youtube.com\/results?search_query&amp;amp;quot;franz_alt&amp;amp;quot;&amp;amp;amp;amp;search_type&amp;amp;amp;amp;aq=f\"]},{\"@type\":\"Person\",\"@id\":\"https:\/\/www.sonnenseite.com\/de\/#\/schema\/person\/50fda0e926597684c7cc6695238a4eb9\",\"name\":\"Bigi Alt\"}]}<\/script>\n<!-- \/ Yoast SEO plugin. -->","yoast_head_json":{"title":"Klimapolitik - B\u00fcrgerInnen wollen mehr Erneuerbare Energien - Sonnenseite - \u00d6kologische Kommunikation mit Franz Alt","description":"Um das 1,5 Grad-Ziel einhalten zu k\u00f6nnen, hat die Ampel-Koalition die Erneuerbaren Energien nachhaltig im Koalitionsvertrag gest\u00e4rkt. Sie arbeitet damit","robots":{"index":"index","follow":"follow","max-snippet":"max-snippet:-1","max-image-preview":"max-image-preview:large","max-video-preview":"max-video-preview:-1"},"canonical":"https:\/\/www.sonnenseite.com\/de\/energie\/klimapolitik-buergerinnen-wollen-mehr-erneuerbare-energien\/","og_locale":"de_DE","og_type":"article","og_title":"Klimapolitik - B\u00fcrgerInnen wollen mehr Erneuerbare Energien - Sonnenseite - \u00d6kologische Kommunikation mit Franz Alt","og_description":"Um das 1,5 Grad-Ziel einhalten zu k\u00f6nnen, hat die Ampel-Koalition die Erneuerbaren Energien nachhaltig im Koalitionsvertrag gest\u00e4rkt. Sie arbeitet damit","og_url":"https:\/\/www.sonnenseite.com\/de\/energie\/klimapolitik-buergerinnen-wollen-mehr-erneuerbare-energien\/","og_site_name":"Sonnenseite","article_publisher":"https:\/\/www.facebook.com\/pages\/Franz-Alt-SONNENSEITECOM\/221072987903953?fref=ts","article_published_time":"2021-12-15T02:27:00+00:00","og_image":[{"width":770,"height":420,"url":"https:\/\/www.sonnenseite.com\/wp-content\/uploads\/2017\/07\/ee_Coloures-pic.jpg","type":"image\/jpeg"}],"author":"Bigi Alt","twitter_card":"summary_large_image","twitter_creator":"@franzalt","twitter_site":"@franzalt","twitter_misc":{"Verfasst von":"Bigi Alt","Gesch\u00e4tzte Lesezeit":"3\u00a0Minuten"},"schema":{"@context":"https:\/\/schema.org","@graph":[{"@type":"Article","@id":"https:\/\/www.sonnenseite.com\/de\/energie\/klimapolitik-buergerinnen-wollen-mehr-erneuerbare-energien\/#article","isPartOf":{"@id":"https:\/\/www.sonnenseite.com\/de\/energie\/klimapolitik-buergerinnen-wollen-mehr-erneuerbare-energien\/"},"author":{"name":"Bigi Alt","@id":"https:\/\/www.sonnenseite.com\/de\/#\/schema\/person\/50fda0e926597684c7cc6695238a4eb9"},"headline":"Klimapolitik &#8211; B\u00fcrgerInnen wollen mehr Erneuerbare Energien","datePublished":"2021-12-15T02:27:00+00:00","mainEntityOfPage":{"@id":"https:\/\/www.sonnenseite.com\/de\/energie\/klimapolitik-buergerinnen-wollen-mehr-erneuerbare-energien\/"},"wordCount":546,"publisher":{"@id":"https:\/\/www.sonnenseite.com\/de\/#organization"},"image":{"@id":"https:\/\/www.sonnenseite.com\/de\/energie\/klimapolitik-buergerinnen-wollen-mehr-erneuerbare-energien\/#primaryimage"},"thumbnailUrl":"https:\/\/www.sonnenseite.com\/wp-content\/uploads\/2017\/07\/ee_Coloures-pic.jpg","articleSection":["Energie"],"inLanguage":"de"},{"@type":"WebPage","@id":"https:\/\/www.sonnenseite.com\/de\/energie\/klimapolitik-buergerinnen-wollen-mehr-erneuerbare-energien\/","url":"https:\/\/www.sonnenseite.com\/de\/energie\/klimapolitik-buergerinnen-wollen-mehr-erneuerbare-energien\/","name":"Klimapolitik - B\u00fcrgerInnen wollen mehr Erneuerbare Energien - Sonnenseite - \u00d6kologische Kommunikation mit Franz Alt","isPartOf":{"@id":"https:\/\/www.sonnenseite.com\/de\/#website"},"primaryImageOfPage":{"@id":"https:\/\/www.sonnenseite.com\/de\/energie\/klimapolitik-buergerinnen-wollen-mehr-erneuerbare-energien\/#primaryimage"},"image":{"@id":"https:\/\/www.sonnenseite.com\/de\/energie\/klimapolitik-buergerinnen-wollen-mehr-erneuerbare-energien\/#primaryimage"},"thumbnailUrl":"https:\/\/www.sonnenseite.com\/wp-content\/uploads\/2017\/07\/ee_Coloures-pic.jpg","datePublished":"2021-12-15T02:27:00+00:00","description":"Um das 1,5 Grad-Ziel einhalten zu k\u00f6nnen, hat die Ampel-Koalition die Erneuerbaren Energien nachhaltig im Koalitionsvertrag gest\u00e4rkt. Sie arbeitet damit","breadcrumb":{"@id":"https:\/\/www.sonnenseite.com\/de\/energie\/klimapolitik-buergerinnen-wollen-mehr-erneuerbare-energien\/#breadcrumb"},"inLanguage":"de","potentialAction":[{"@type":"ReadAction","target":["https:\/\/www.sonnenseite.com\/de\/energie\/klimapolitik-buergerinnen-wollen-mehr-erneuerbare-energien\/"]}]},{"@type":"ImageObject","inLanguage":"de","@id":"https:\/\/www.sonnenseite.com\/de\/energie\/klimapolitik-buergerinnen-wollen-mehr-erneuerbare-energien\/#primaryimage","url":"https:\/\/www.sonnenseite.com\/wp-content\/uploads\/2017\/07\/ee_Coloures-pic.jpg","contentUrl":"https:\/\/www.sonnenseite.com\/wp-content\/uploads\/2017\/07\/ee_Coloures-pic.jpg","width":770,"height":420,"caption":"Fotolia.com | Coloures"},{"@type":"BreadcrumbList","@id":"https:\/\/www.sonnenseite.com\/de\/energie\/klimapolitik-buergerinnen-wollen-mehr-erneuerbare-energien\/#breadcrumb","itemListElement":[{"@type":"ListItem","position":1,"name":"Startseite","item":"https:\/\/www.sonnenseite.com\/de\/"},{"@type":"ListItem","position":2,"name":"Klimapolitik &#8211; B\u00fcrgerInnen wollen mehr Erneuerbare Energien"}]},{"@type":"WebSite","@id":"https:\/\/www.sonnenseite.com\/de\/#website","url":"https:\/\/www.sonnenseite.com\/de\/","name":"Sonnenseite","description":"\u00d6kologische Kommunikation mit Franz Alt","publisher":{"@id":"https:\/\/www.sonnenseite.com\/de\/#organization"},"potentialAction":[{"@type":"SearchAction","target":{"@type":"EntryPoint","urlTemplate":"https:\/\/www.sonnenseite.com\/de\/?s={search_term_string}"},"query-input":{"@type":"PropertyValueSpecification","valueRequired":true,"valueName":"search_term_string"}}],"inLanguage":"de"},{"@type":"Organization","@id":"https:\/\/www.sonnenseite.com\/de\/#organization","name":"Sonnenseite","url":"https:\/\/www.sonnenseite.com\/de\/","logo":{"@type":"ImageObject","inLanguage":"de","@id":"https:\/\/www.sonnenseite.com\/de\/#\/schema\/logo\/image\/","url":"https:\/\/www.sonnenseite.com\/wp-content\/uploads\/2020\/05\/Sonnenseite_Logo.png","contentUrl":"https:\/\/www.sonnenseite.com\/wp-content\/uploads\/2020\/05\/Sonnenseite_Logo.png","width":377,"height":90,"caption":"Sonnenseite"},"image":{"@id":"https:\/\/www.sonnenseite.com\/de\/#\/schema\/logo\/image\/"},"sameAs":["https:\/\/www.facebook.com\/pages\/Franz-Alt-SONNENSEITECOM\/221072987903953?fref=ts","https:\/\/x.com\/franzalt","http:\/\/www.youtube.com\/results?search_query&amp;amp;quot;franz_alt&amp;amp;quot;&amp;amp;amp;amp;search_type&amp;amp;amp;amp;aq=f"]},{"@type":"Person","@id":"https:\/\/www.sonnenseite.com\/de\/#\/schema\/person\/50fda0e926597684c7cc6695238a4eb9","name":"Bigi Alt"}]}},"_links":{"self":[{"href":"https:\/\/www.sonnenseite.com\/de\/wp-json\/wp\/v2\/posts\/77680","targetHints":{"allow":["GET"]}}],"collection":[{"href":"https:\/\/www.sonnenseite.com\/de\/wp-json\/wp\/v2\/posts"}],"about":[{"href":"https:\/\/www.sonnenseite.com\/de\/wp-json\/wp\/v2\/types\/post"}],"author":[{"embeddable":true,"href":"https:\/\/www.sonnenseite.com\/de\/wp-json\/wp\/v2\/users\/3"}],"replies":[{"embeddable":true,"href":"https:\/\/www.sonnenseite.com\/de\/wp-json\/wp\/v2\/comments?post=77680"}],"version-history":[{"count":3,"href":"https:\/\/www.sonnenseite.com\/de\/wp-json\/wp\/v2\/posts\/77680\/revisions"}],"predecessor-version":[{"id":77689,"href":"https:\/\/www.sonnenseite.com\/de\/wp-json\/wp\/v2\/posts\/77680\/revisions\/77689"}],"wp:featuredmedia":[{"embeddable":true,"href":"https:\/\/www.sonnenseite.com\/de\/wp-json\/wp\/v2\/media\/26233"}],"wp:attachment":[{"href":"https:\/\/www.sonnenseite.com\/de\/wp-json\/wp\/v2\/media?parent=77680"}],"wp:term":[{"taxonomy":"category","embeddable":true,"href":"https:\/\/www.sonnenseite.com\/de\/wp-json\/wp\/v2\/categories?post=77680"},{"taxonomy":"post_tag","embeddable":true,"href":"https:\/\/www.sonnenseite.com\/de\/wp-json\/wp\/v2\/tags?post=77680"}],"curies":[{"name":"wp","href":"https:\/\/api.w.org\/{rel}","templated":true}]}}