{"id":77705,"date":"2021-12-16T02:27:00","date_gmt":"2021-12-16T01:27:00","guid":{"rendered":"https:\/\/www.sonnenseite.com\/?p=77705"},"modified":"2021-12-27T12:10:19","modified_gmt":"2021-12-27T11:10:19","slug":"unsere-strompreise-steigen-auch-durch-frankreichs-akw-probleme","status":"publish","type":"post","link":"https:\/\/www.sonnenseite.com\/de\/wirtschaft\/unsere-strompreise-steigen-auch-durch-frankreichs-akw-probleme\/","title":{"rendered":"Unsere Strompreise steigen auch durch Frankreichs AKW-Probleme"},"content":{"rendered":"\n<p>Von 56 franz\u00f6sischen Atomreaktoren waren im November 2021 rund ein Dutzend au\u00dfer Betrieb. Technische St\u00f6rungen und Wartungsprobleme haben das Atomland Frankreich wieder mal in Schwierigkeiten gebracht. <\/p>\n\n\n\n<p>Und das in einem Monat, in dem der Stromverbrauch wegen der unvern\u00fcnftig vielen Stromheizungen besonders hoch ist. Die Preise an der Stromb\u00f6rse sind f\u00fcr Frankreich exorbitant und deutlich h\u00f6her als die ohnehin schon hohen deutschen B\u00f6rsenpreise. Und die Franzosen kaufen \u201ekoste es was wolle\u201c Strom in Deutschland ein, so dass auch hier die Strompreise nochmal zus\u00e4tzlich gestiegen sind. Im November lagen in Frankreich die B\u00f6rsenstrompreise in der ma\u00dfgeblichen Day-ahead-Notierung bei 21,7 Cent je Kilowattstunde. In Deutschland bei 17,7 ct\/kWh. Quellen: Freiburger Fraunhofer-Institut ISE und Pariser Analyst Mycle Schneider.<\/p>\n\n\n\n<p>Die zw\u00f6lf Reaktoren Blayais 4, Bugey 5, Cattenom 2, Civaux 1, Dampierre 1, Dampierre 3, Golfech 2, Gravelines 1, Gravelines 6, Penly 1, St. Laurent 1 und Tricastin 1 haben im Monat November 2021 keinen Strom geliefert. <a href=\"https:\/\/energy-charts.info\/charts\/energy\/chart.htm?l=de&amp;c=FR&amp;year=2021&amp;source=nuclear_unit&amp;stacking=grouped&amp;interval=month&amp;month=11\">Quelle<\/a>. Deutschland hat im November wieder am meisten Strom mit Windkraft erzeugt und sogar fast 3 Milliarden Kilowattstunden mehr exportiert als importiert. Dies widerlegt \u00fcbrigens die immer wieder verbreiteten L\u00fcgen, dass Deutschland in Folge des Atomausstiegs von Atomstromimporten gerade aus Frankreich abh\u00e4ngig sei.<\/p>\n\n\n\n<p>Im Monat Dezember waren in Frankreich tageweise sogar noch mehr AKW au\u00dfer Betrieb und die Stromimporte steigen. Die B\u00f6rsenstrompreise liegen im Dezember bisher in Frankreich bei fast f\u00fcr unm\u00f6glich gehaltenen 27,4 ct\/kWh und in Deutschland bei 21,6 ct\/kWh.<\/p>\n\n\n\n<p>Zwei W\u00fcnsche einen uns Franzosen und Deutsche: Hoffentlich dr\u00fcckt man in Frankreich wegen des Strommangels und der extremen Strompreise bei der \u00dcberwachung der st\u00f6ranf\u00e4lligen alten AKW nicht \u201ebeide Augen\u201c zu. Und hoffentlich wird man insbesondere im gro\u00dfen Frankreich aber auch in Deutschland endlich die Solar- und Windenergie f\u00fcr die Stromerzeugung konsequent nutzen. Frankreich wie Deutschland k\u00f6nnen sich zu 100 Prozent aus Erneuerbaren Energien versorgen.<\/p>\n\n\n\n<p><strong>Auch die immer wieder verbreitete Behauptung, \u201eAlle Welt baue neue AKW \u2013 nur die Deutschen nicht\u201c wird erneut durch Fakten als T\u00e4uschung \u00fcberf\u00fchrt<\/strong><\/p>\n\n\n\n<p>Bisher wurden nach den Zahlen der International Atomic Energy Agency weltweit im Jahr 2021 f\u00fcnf AKW in Betrieb genommen und sechs stillgelegt. Neue AKW-Baustellen wurden ebenfalls f\u00fcnf begonnen. 3 in China, 1 in Russland und 1 in der T\u00fcrkei. Da der Strom aus neuen AKW erheblich teurer ist als aus neuen gro\u00dfen Solar- und Windkraftanlagen, setzen fast nur autorit\u00e4r regierte L\u00e4nder, die auch Atomwaffen haben oder anstreben und die nicht marktwirtschaftlich organisiert sind, auf neue AKW.<\/p>\n\n\n\n<p><strong>AKW Gundremmingen wird ein Tag vor Silvester abgeschaltet werden<\/strong><\/p>\n\n\n\n<p>Das AKW Gundremmingen wird laut Leipziger Stromb\u00f6rse einen Tag fr\u00fcher, als von der Werkleitung offiziell gesagt, abgeschaltet werden. Seine Leistung wird seit Wochen um t\u00e4glich etwa 6 MW (6000 kW) verringert.<\/p>\n\n\n<h5 class=\"green\">Quelle<\/h5>\r\n\n\n\n<p><a href=\"http:\/\/www.atommuell-lager.de\">FORUM Gemeinsam gegen das Zwischenlager und f\u00fcr eine verantwortbare Energiepolitik e.V. <\/a>| <a href=\"r.Kamm@anti-akw.de\">Raimund Kamm\u00a02021<\/a><\/p>\n<div class=\"shariff shariff-align-flex-start shariff-widget-align-flex-start\"><div class=\"ShariffHeadline\">Diese Meldung teilen<\/div><ul class=\"shariff-buttons theme-round orientation-horizontal buttonsize-medium\"><li class=\"shariff-button facebook shariff-nocustomcolor\" style=\"background-color:#4273c8;border-radius:1%\"><a href=\"https:\/\/www.facebook.com\/sharer\/sharer.php?u=https%3A%2F%2Fwww.sonnenseite.com%2Fde%2Fwirtschaft%2Funsere-strompreise-steigen-auch-durch-frankreichs-akw-probleme%2F\" title=\"Bei Facebook teilen\" aria-label=\"Bei Facebook teilen\" role=\"button\" rel=\"nofollow\" class=\"shariff-link\" style=\";border-radius:1%; background-color:#3b5998; color:#fff\" target=\"_blank\"><span class=\"shariff-icon\" style=\"\"><svg width=\"32px\" height=\"20px\" xmlns=\"http:\/\/www.w3.org\/2000\/svg\" viewBox=\"0 0 18 32\"><path fill=\"#3b5998\" d=\"M17.1 0.2v4.7h-2.8q-1.5 0-2.1 0.6t-0.5 1.9v3.4h5.2l-0.7 5.3h-4.5v13.6h-5.5v-13.6h-4.5v-5.3h4.5v-3.9q0-3.3 1.9-5.2t5-1.8q2.6 0 4.1 0.2z\"\/><\/svg><\/span><\/a><\/li><li class=\"shariff-button twitter shariff-nocustomcolor\" style=\"background-color:#595959;border-radius:1%\"><a href=\"https:\/\/twitter.com\/share?url=https%3A%2F%2Fwww.sonnenseite.com%2Fde%2Fwirtschaft%2Funsere-strompreise-steigen-auch-durch-frankreichs-akw-probleme%2F&text=Unsere%20Strompreise%20steigen%20auch%20durch%20Frankreichs%20AKW-Probleme\" title=\"Bei X teilen\" aria-label=\"Bei X teilen\" role=\"button\" rel=\"noopener nofollow\" class=\"shariff-link\" style=\";border-radius:1%; background-color:#000; color:#fff\" target=\"_blank\"><span class=\"shariff-icon\" style=\"\"><svg width=\"32px\" height=\"20px\" xmlns=\"http:\/\/www.w3.org\/2000\/svg\" viewBox=\"0 0 24 24\"><path fill=\"#000\" d=\"M14.258 10.152L23.176 0h-2.113l-7.747 8.813L7.133 0H0l9.352 13.328L0 23.973h2.113l8.176-9.309 6.531 9.309h7.133zm-2.895 3.293l-.949-1.328L2.875 1.56h3.246l6.086 8.523.945 1.328 7.91 11.078h-3.246zm0 0\"\/><\/svg><\/span><\/a><\/li><li class=\"shariff-button xing shariff-nocustomcolor\" style=\"background-color:#29888a;border-radius:1%\"><a href=\"https:\/\/www.xing.com\/spi\/shares\/new?url=https%3A%2F%2Fwww.sonnenseite.com%2Fde%2Fwirtschaft%2Funsere-strompreise-steigen-auch-durch-frankreichs-akw-probleme%2F\" title=\"Bei XING teilen\" aria-label=\"Bei XING teilen\" role=\"button\" rel=\"noopener nofollow\" class=\"shariff-link\" style=\";border-radius:1%; background-color:#126567; color:#fff\" target=\"_blank\"><span class=\"shariff-icon\" style=\"\"><svg width=\"32px\" height=\"20px\" xmlns=\"http:\/\/www.w3.org\/2000\/svg\" viewBox=\"0 0 25 32\"><path fill=\"#126567\" d=\"M10.7 11.9q-0.2 0.3-4.6 8.2-0.5 0.8-1.2 0.8h-4.3q-0.4 0-0.5-0.3t0-0.6l4.5-8q0 0 0 0l-2.9-5q-0.2-0.4 0-0.7 0.2-0.3 0.5-0.3h4.3q0.7 0 1.2 0.8zM25.1 0.4q0.2 0.3 0 0.7l-9.4 16.7 6 11q0.2 0.4 0 0.6-0.2 0.3-0.6 0.3h-4.3q-0.7 0-1.2-0.8l-6-11.1q0.3-0.6 9.5-16.8 0.4-0.8 1.2-0.8h4.3q0.4 0 0.5 0.3z\"\/><\/svg><\/span><\/a><\/li><li class=\"shariff-button linkedin shariff-nocustomcolor\" style=\"background-color:#1488bf;border-radius:1%\"><a href=\"https:\/\/www.linkedin.com\/sharing\/share-offsite\/?url=https%3A%2F%2Fwww.sonnenseite.com%2Fde%2Fwirtschaft%2Funsere-strompreise-steigen-auch-durch-frankreichs-akw-probleme%2F\" title=\"Bei LinkedIn teilen\" aria-label=\"Bei LinkedIn teilen\" role=\"button\" rel=\"noopener nofollow\" class=\"shariff-link\" style=\";border-radius:1%; background-color:#0077b5; color:#fff\" target=\"_blank\"><span class=\"shariff-icon\" style=\"\"><svg width=\"32px\" height=\"20px\" xmlns=\"http:\/\/www.w3.org\/2000\/svg\" viewBox=\"0 0 27 32\"><path fill=\"#0077b5\" d=\"M6.2 11.2v17.7h-5.9v-17.7h5.9zM6.6 5.7q0 1.3-0.9 2.2t-2.4 0.9h0q-1.5 0-2.4-0.9t-0.9-2.2 0.9-2.2 2.4-0.9 2.4 0.9 0.9 2.2zM27.4 18.7v10.1h-5.9v-9.5q0-1.9-0.7-2.9t-2.3-1.1q-1.1 0-1.9 0.6t-1.2 1.5q-0.2 0.5-0.2 1.4v9.9h-5.9q0-7.1 0-11.6t0-5.3l0-0.9h5.9v2.6h0q0.4-0.6 0.7-1t1-0.9 1.6-0.8 2-0.3q3 0 4.9 2t1.9 6z\"\/><\/svg><\/span><\/a><\/li><li class=\"shariff-button printer shariff-nocustomcolor\" style=\"background-color:#a8a8a8;border-radius:1%\"><a href=\"javascript:window.print()\" title=\"drucken\" aria-label=\"drucken\" role=\"button\" rel=\"noopener nofollow\" class=\"shariff-link\" style=\";border-radius:1%; background-color:#999; color:#fff\"><span class=\"shariff-icon\" style=\"\"><svg width=\"32px\" height=\"20px\" xmlns=\"http:\/\/www.w3.org\/2000\/svg\" viewBox=\"0 0 30 32\"><path fill=\"#999\" d=\"M6.8 27.4h16v-4.6h-16v4.6zM6.8 16h16v-6.8h-2.8q-0.7 0-1.2-0.5t-0.5-1.2v-2.8h-11.4v11.4zM27.4 17.2q0-0.5-0.3-0.8t-0.8-0.4-0.8 0.4-0.3 0.8 0.3 0.8 0.8 0.3 0.8-0.3 0.3-0.8zM29.7 17.2v7.4q0 0.2-0.2 0.4t-0.4 0.2h-4v2.8q0 0.7-0.5 1.2t-1.2 0.5h-17.2q-0.7 0-1.2-0.5t-0.5-1.2v-2.8h-4q-0.2 0-0.4-0.2t-0.2-0.4v-7.4q0-1.4 1-2.4t2.4-1h1.2v-9.7q0-0.7 0.5-1.2t1.2-0.5h12q0.7 0 1.6 0.4t1.3 0.8l2.7 2.7q0.5 0.5 0.9 1.4t0.4 1.6v4.6h1.1q1.4 0 2.4 1t1 2.4z\"\/><\/svg><\/span><\/a><\/li><li class=\"shariff-button mailto shariff-nocustomcolor\" style=\"background-color:#a8a8a8;border-radius:1%\"><a href=\"mailto:?body=https%3A%2F%2Fwww.sonnenseite.com%2Fde%2Fwirtschaft%2Funsere-strompreise-steigen-auch-durch-frankreichs-akw-probleme%2F&subject=Unsere%20Strompreise%20steigen%20auch%20durch%20Frankreichs%20AKW-Probleme\" title=\"Per E-Mail versenden\" aria-label=\"Per E-Mail versenden\" role=\"button\" rel=\"noopener nofollow\" class=\"shariff-link\" style=\";border-radius:1%; background-color:#999; color:#fff\"><span class=\"shariff-icon\" style=\"\"><svg width=\"32px\" height=\"20px\" xmlns=\"http:\/\/www.w3.org\/2000\/svg\" viewBox=\"0 0 32 32\"><path fill=\"#999\" d=\"M32 12.7v14.2q0 1.2-0.8 2t-2 0.9h-26.3q-1.2 0-2-0.9t-0.8-2v-14.2q0.8 0.9 1.8 1.6 6.5 4.4 8.9 6.1 1 0.8 1.6 1.2t1.7 0.9 2 0.4h0.1q0.9 0 2-0.4t1.7-0.9 1.6-1.2q3-2.2 8.9-6.1 1-0.7 1.8-1.6zM32 7.4q0 1.4-0.9 2.7t-2.2 2.2q-6.7 4.7-8.4 5.8-0.2 0.1-0.7 0.5t-1 0.7-0.9 0.6-1.1 0.5-0.9 0.2h-0.1q-0.4 0-0.9-0.2t-1.1-0.5-0.9-0.6-1-0.7-0.7-0.5q-1.6-1.1-4.7-3.2t-3.6-2.6q-1.1-0.7-2.1-2t-1-2.5q0-1.4 0.7-2.3t2.1-0.9h26.3q1.2 0 2 0.8t0.9 2z\"\/><\/svg><\/span><\/a><\/li><\/ul><\/div>","protected":false},"excerpt":{"rendered":"<p>Von 56 franz\u00f6sischen Atomreaktoren waren im November 2021 rund ein Dutzend au\u00dfer Betrieb. Technische St\u00f6rungen und [&hellip;]<\/p>\n","protected":false},"author":3,"featured_media":76888,"comment_status":"closed","ping_status":"closed","sticky":false,"template":"","format":"standard","meta":{"inline_featured_image":false,"footnotes":""},"categories":[24],"tags":[],"class_list":["post-77705","post","type-post","status-publish","format-standard","has-post-thumbnail","hentry","category-wirtschaft"],"yoast_head":"<!-- This site is optimized with the Yoast SEO plugin v26.5 - https:\/\/yoast.com\/wordpress\/plugins\/seo\/ -->\n<title>Unsere Strompreise steigen auch durch Frankreichs AKW-Probleme - Sonnenseite - \u00d6kologische Kommunikation mit Franz Alt<\/title>\n<meta name=\"description\" content=\"Von 56 franz\u00f6sischen Atomreaktoren waren im November 2021 rund ein Dutzend au\u00dfer Betrieb. Technische St\u00f6rungen und Wartungsprobleme haben das Atomland\" \/>\n<meta name=\"robots\" content=\"index, follow, max-snippet:-1, max-image-preview:large, max-video-preview:-1\" \/>\n<link rel=\"canonical\" href=\"https:\/\/www.sonnenseite.com\/de\/wirtschaft\/unsere-strompreise-steigen-auch-durch-frankreichs-akw-probleme\/\" \/>\n<meta property=\"og:locale\" content=\"de_DE\" \/>\n<meta property=\"og:type\" content=\"article\" \/>\n<meta property=\"og:title\" content=\"Unsere Strompreise steigen auch durch Frankreichs AKW-Probleme - Sonnenseite - \u00d6kologische Kommunikation mit Franz Alt\" \/>\n<meta property=\"og:description\" content=\"Von 56 franz\u00f6sischen Atomreaktoren waren im November 2021 rund ein Dutzend au\u00dfer Betrieb. Technische St\u00f6rungen und Wartungsprobleme haben das Atomland\" \/>\n<meta property=\"og:url\" content=\"https:\/\/www.sonnenseite.com\/de\/wirtschaft\/unsere-strompreise-steigen-auch-durch-frankreichs-akw-probleme\/\" \/>\n<meta property=\"og:site_name\" content=\"Sonnenseite\" \/>\n<meta property=\"article:publisher\" content=\"https:\/\/www.facebook.com\/pages\/Franz-Alt-SONNENSEITECOM\/221072987903953?fref=ts\" \/>\n<meta property=\"article:published_time\" content=\"2021-12-16T01:27:00+00:00\" \/>\n<meta property=\"article:modified_time\" content=\"2021-12-27T11:10:19+00:00\" \/>\n<meta property=\"og:image\" content=\"https:\/\/www.sonnenseite.com\/wp-content\/uploads\/2021\/11\/Frankreich_Atom-alexImx.jpg\" \/>\n\t<meta property=\"og:image:width\" content=\"770\" \/>\n\t<meta property=\"og:image:height\" content=\"420\" \/>\n\t<meta property=\"og:image:type\" content=\"image\/jpeg\" \/>\n<meta name=\"author\" content=\"Bigi Alt\" \/>\n<meta name=\"twitter:card\" content=\"summary_large_image\" \/>\n<meta name=\"twitter:creator\" content=\"@franzalt\" \/>\n<meta name=\"twitter:site\" content=\"@franzalt\" \/>\n<meta name=\"twitter:label1\" content=\"Verfasst von\" \/>\n\t<meta name=\"twitter:data1\" content=\"Bigi Alt\" \/>\n\t<meta name=\"twitter:label2\" content=\"Gesch\u00e4tzte Lesezeit\" \/>\n\t<meta name=\"twitter:data2\" content=\"2\u00a0Minuten\" \/>\n<script type=\"application\/ld+json\" class=\"yoast-schema-graph\">{\"@context\":\"https:\/\/schema.org\",\"@graph\":[{\"@type\":\"Article\",\"@id\":\"https:\/\/www.sonnenseite.com\/de\/wirtschaft\/unsere-strompreise-steigen-auch-durch-frankreichs-akw-probleme\/#article\",\"isPartOf\":{\"@id\":\"https:\/\/www.sonnenseite.com\/de\/wirtschaft\/unsere-strompreise-steigen-auch-durch-frankreichs-akw-probleme\/\"},\"author\":{\"name\":\"Bigi Alt\",\"@id\":\"https:\/\/www.sonnenseite.com\/de\/#\/schema\/person\/50fda0e926597684c7cc6695238a4eb9\"},\"headline\":\"Unsere Strompreise steigen auch durch Frankreichs AKW-Probleme\",\"datePublished\":\"2021-12-16T01:27:00+00:00\",\"dateModified\":\"2021-12-27T11:10:19+00:00\",\"mainEntityOfPage\":{\"@id\":\"https:\/\/www.sonnenseite.com\/de\/wirtschaft\/unsere-strompreise-steigen-auch-durch-frankreichs-akw-probleme\/\"},\"wordCount\":468,\"publisher\":{\"@id\":\"https:\/\/www.sonnenseite.com\/de\/#organization\"},\"image\":{\"@id\":\"https:\/\/www.sonnenseite.com\/de\/wirtschaft\/unsere-strompreise-steigen-auch-durch-frankreichs-akw-probleme\/#primaryimage\"},\"thumbnailUrl\":\"https:\/\/www.sonnenseite.com\/wp-content\/uploads\/2021\/11\/Frankreich_Atom-alexImx.jpg\",\"articleSection\":[\"Wirtschaft\"],\"inLanguage\":\"de\"},{\"@type\":\"WebPage\",\"@id\":\"https:\/\/www.sonnenseite.com\/de\/wirtschaft\/unsere-strompreise-steigen-auch-durch-frankreichs-akw-probleme\/\",\"url\":\"https:\/\/www.sonnenseite.com\/de\/wirtschaft\/unsere-strompreise-steigen-auch-durch-frankreichs-akw-probleme\/\",\"name\":\"Unsere Strompreise steigen auch durch Frankreichs AKW-Probleme - Sonnenseite - \u00d6kologische Kommunikation mit Franz Alt\",\"isPartOf\":{\"@id\":\"https:\/\/www.sonnenseite.com\/de\/#website\"},\"primaryImageOfPage\":{\"@id\":\"https:\/\/www.sonnenseite.com\/de\/wirtschaft\/unsere-strompreise-steigen-auch-durch-frankreichs-akw-probleme\/#primaryimage\"},\"image\":{\"@id\":\"https:\/\/www.sonnenseite.com\/de\/wirtschaft\/unsere-strompreise-steigen-auch-durch-frankreichs-akw-probleme\/#primaryimage\"},\"thumbnailUrl\":\"https:\/\/www.sonnenseite.com\/wp-content\/uploads\/2021\/11\/Frankreich_Atom-alexImx.jpg\",\"datePublished\":\"2021-12-16T01:27:00+00:00\",\"dateModified\":\"2021-12-27T11:10:19+00:00\",\"description\":\"Von 56 franz\u00f6sischen Atomreaktoren waren im November 2021 rund ein Dutzend au\u00dfer Betrieb. Technische St\u00f6rungen und Wartungsprobleme haben das Atomland\",\"breadcrumb\":{\"@id\":\"https:\/\/www.sonnenseite.com\/de\/wirtschaft\/unsere-strompreise-steigen-auch-durch-frankreichs-akw-probleme\/#breadcrumb\"},\"inLanguage\":\"de\",\"potentialAction\":[{\"@type\":\"ReadAction\",\"target\":[\"https:\/\/www.sonnenseite.com\/de\/wirtschaft\/unsere-strompreise-steigen-auch-durch-frankreichs-akw-probleme\/\"]}]},{\"@type\":\"ImageObject\",\"inLanguage\":\"de\",\"@id\":\"https:\/\/www.sonnenseite.com\/de\/wirtschaft\/unsere-strompreise-steigen-auch-durch-frankreichs-akw-probleme\/#primaryimage\",\"url\":\"https:\/\/www.sonnenseite.com\/wp-content\/uploads\/2021\/11\/Frankreich_Atom-alexImx.jpg\",\"contentUrl\":\"https:\/\/www.sonnenseite.com\/wp-content\/uploads\/2021\/11\/Frankreich_Atom-alexImx.jpg\",\"width\":770,\"height\":420,\"caption\":\"Depositphotos.com | alexImx\"},{\"@type\":\"BreadcrumbList\",\"@id\":\"https:\/\/www.sonnenseite.com\/de\/wirtschaft\/unsere-strompreise-steigen-auch-durch-frankreichs-akw-probleme\/#breadcrumb\",\"itemListElement\":[{\"@type\":\"ListItem\",\"position\":1,\"name\":\"Startseite\",\"item\":\"https:\/\/www.sonnenseite.com\/de\/\"},{\"@type\":\"ListItem\",\"position\":2,\"name\":\"Unsere Strompreise steigen auch durch Frankreichs AKW-Probleme\"}]},{\"@type\":\"WebSite\",\"@id\":\"https:\/\/www.sonnenseite.com\/de\/#website\",\"url\":\"https:\/\/www.sonnenseite.com\/de\/\",\"name\":\"Sonnenseite\",\"description\":\"\u00d6kologische Kommunikation mit Franz Alt\",\"publisher\":{\"@id\":\"https:\/\/www.sonnenseite.com\/de\/#organization\"},\"potentialAction\":[{\"@type\":\"SearchAction\",\"target\":{\"@type\":\"EntryPoint\",\"urlTemplate\":\"https:\/\/www.sonnenseite.com\/de\/?s={search_term_string}\"},\"query-input\":{\"@type\":\"PropertyValueSpecification\",\"valueRequired\":true,\"valueName\":\"search_term_string\"}}],\"inLanguage\":\"de\"},{\"@type\":\"Organization\",\"@id\":\"https:\/\/www.sonnenseite.com\/de\/#organization\",\"name\":\"Sonnenseite\",\"url\":\"https:\/\/www.sonnenseite.com\/de\/\",\"logo\":{\"@type\":\"ImageObject\",\"inLanguage\":\"de\",\"@id\":\"https:\/\/www.sonnenseite.com\/de\/#\/schema\/logo\/image\/\",\"url\":\"https:\/\/www.sonnenseite.com\/wp-content\/uploads\/2020\/05\/Sonnenseite_Logo.png\",\"contentUrl\":\"https:\/\/www.sonnenseite.com\/wp-content\/uploads\/2020\/05\/Sonnenseite_Logo.png\",\"width\":377,\"height\":90,\"caption\":\"Sonnenseite\"},\"image\":{\"@id\":\"https:\/\/www.sonnenseite.com\/de\/#\/schema\/logo\/image\/\"},\"sameAs\":[\"https:\/\/www.facebook.com\/pages\/Franz-Alt-SONNENSEITECOM\/221072987903953?fref=ts\",\"https:\/\/x.com\/franzalt\",\"http:\/\/www.youtube.com\/results?search_query&amp;amp;quot;franz_alt&amp;amp;quot;&amp;amp;amp;amp;search_type&amp;amp;amp;amp;aq=f\"]},{\"@type\":\"Person\",\"@id\":\"https:\/\/www.sonnenseite.com\/de\/#\/schema\/person\/50fda0e926597684c7cc6695238a4eb9\",\"name\":\"Bigi Alt\"}]}<\/script>\n<!-- \/ Yoast SEO plugin. -->","yoast_head_json":{"title":"Unsere Strompreise steigen auch durch Frankreichs AKW-Probleme - Sonnenseite - \u00d6kologische Kommunikation mit Franz Alt","description":"Von 56 franz\u00f6sischen Atomreaktoren waren im November 2021 rund ein Dutzend au\u00dfer Betrieb. Technische St\u00f6rungen und Wartungsprobleme haben das Atomland","robots":{"index":"index","follow":"follow","max-snippet":"max-snippet:-1","max-image-preview":"max-image-preview:large","max-video-preview":"max-video-preview:-1"},"canonical":"https:\/\/www.sonnenseite.com\/de\/wirtschaft\/unsere-strompreise-steigen-auch-durch-frankreichs-akw-probleme\/","og_locale":"de_DE","og_type":"article","og_title":"Unsere Strompreise steigen auch durch Frankreichs AKW-Probleme - Sonnenseite - \u00d6kologische Kommunikation mit Franz Alt","og_description":"Von 56 franz\u00f6sischen Atomreaktoren waren im November 2021 rund ein Dutzend au\u00dfer Betrieb. Technische St\u00f6rungen und Wartungsprobleme haben das Atomland","og_url":"https:\/\/www.sonnenseite.com\/de\/wirtschaft\/unsere-strompreise-steigen-auch-durch-frankreichs-akw-probleme\/","og_site_name":"Sonnenseite","article_publisher":"https:\/\/www.facebook.com\/pages\/Franz-Alt-SONNENSEITECOM\/221072987903953?fref=ts","article_published_time":"2021-12-16T01:27:00+00:00","article_modified_time":"2021-12-27T11:10:19+00:00","og_image":[{"width":770,"height":420,"url":"https:\/\/www.sonnenseite.com\/wp-content\/uploads\/2021\/11\/Frankreich_Atom-alexImx.jpg","type":"image\/jpeg"}],"author":"Bigi Alt","twitter_card":"summary_large_image","twitter_creator":"@franzalt","twitter_site":"@franzalt","twitter_misc":{"Verfasst von":"Bigi Alt","Gesch\u00e4tzte Lesezeit":"2\u00a0Minuten"},"schema":{"@context":"https:\/\/schema.org","@graph":[{"@type":"Article","@id":"https:\/\/www.sonnenseite.com\/de\/wirtschaft\/unsere-strompreise-steigen-auch-durch-frankreichs-akw-probleme\/#article","isPartOf":{"@id":"https:\/\/www.sonnenseite.com\/de\/wirtschaft\/unsere-strompreise-steigen-auch-durch-frankreichs-akw-probleme\/"},"author":{"name":"Bigi Alt","@id":"https:\/\/www.sonnenseite.com\/de\/#\/schema\/person\/50fda0e926597684c7cc6695238a4eb9"},"headline":"Unsere Strompreise steigen auch durch Frankreichs AKW-Probleme","datePublished":"2021-12-16T01:27:00+00:00","dateModified":"2021-12-27T11:10:19+00:00","mainEntityOfPage":{"@id":"https:\/\/www.sonnenseite.com\/de\/wirtschaft\/unsere-strompreise-steigen-auch-durch-frankreichs-akw-probleme\/"},"wordCount":468,"publisher":{"@id":"https:\/\/www.sonnenseite.com\/de\/#organization"},"image":{"@id":"https:\/\/www.sonnenseite.com\/de\/wirtschaft\/unsere-strompreise-steigen-auch-durch-frankreichs-akw-probleme\/#primaryimage"},"thumbnailUrl":"https:\/\/www.sonnenseite.com\/wp-content\/uploads\/2021\/11\/Frankreich_Atom-alexImx.jpg","articleSection":["Wirtschaft"],"inLanguage":"de"},{"@type":"WebPage","@id":"https:\/\/www.sonnenseite.com\/de\/wirtschaft\/unsere-strompreise-steigen-auch-durch-frankreichs-akw-probleme\/","url":"https:\/\/www.sonnenseite.com\/de\/wirtschaft\/unsere-strompreise-steigen-auch-durch-frankreichs-akw-probleme\/","name":"Unsere Strompreise steigen auch durch Frankreichs AKW-Probleme - Sonnenseite - \u00d6kologische Kommunikation mit Franz Alt","isPartOf":{"@id":"https:\/\/www.sonnenseite.com\/de\/#website"},"primaryImageOfPage":{"@id":"https:\/\/www.sonnenseite.com\/de\/wirtschaft\/unsere-strompreise-steigen-auch-durch-frankreichs-akw-probleme\/#primaryimage"},"image":{"@id":"https:\/\/www.sonnenseite.com\/de\/wirtschaft\/unsere-strompreise-steigen-auch-durch-frankreichs-akw-probleme\/#primaryimage"},"thumbnailUrl":"https:\/\/www.sonnenseite.com\/wp-content\/uploads\/2021\/11\/Frankreich_Atom-alexImx.jpg","datePublished":"2021-12-16T01:27:00+00:00","dateModified":"2021-12-27T11:10:19+00:00","description":"Von 56 franz\u00f6sischen Atomreaktoren waren im November 2021 rund ein Dutzend au\u00dfer Betrieb. Technische St\u00f6rungen und Wartungsprobleme haben das Atomland","breadcrumb":{"@id":"https:\/\/www.sonnenseite.com\/de\/wirtschaft\/unsere-strompreise-steigen-auch-durch-frankreichs-akw-probleme\/#breadcrumb"},"inLanguage":"de","potentialAction":[{"@type":"ReadAction","target":["https:\/\/www.sonnenseite.com\/de\/wirtschaft\/unsere-strompreise-steigen-auch-durch-frankreichs-akw-probleme\/"]}]},{"@type":"ImageObject","inLanguage":"de","@id":"https:\/\/www.sonnenseite.com\/de\/wirtschaft\/unsere-strompreise-steigen-auch-durch-frankreichs-akw-probleme\/#primaryimage","url":"https:\/\/www.sonnenseite.com\/wp-content\/uploads\/2021\/11\/Frankreich_Atom-alexImx.jpg","contentUrl":"https:\/\/www.sonnenseite.com\/wp-content\/uploads\/2021\/11\/Frankreich_Atom-alexImx.jpg","width":770,"height":420,"caption":"Depositphotos.com | alexImx"},{"@type":"BreadcrumbList","@id":"https:\/\/www.sonnenseite.com\/de\/wirtschaft\/unsere-strompreise-steigen-auch-durch-frankreichs-akw-probleme\/#breadcrumb","itemListElement":[{"@type":"ListItem","position":1,"name":"Startseite","item":"https:\/\/www.sonnenseite.com\/de\/"},{"@type":"ListItem","position":2,"name":"Unsere Strompreise steigen auch durch Frankreichs AKW-Probleme"}]},{"@type":"WebSite","@id":"https:\/\/www.sonnenseite.com\/de\/#website","url":"https:\/\/www.sonnenseite.com\/de\/","name":"Sonnenseite","description":"\u00d6kologische Kommunikation mit Franz Alt","publisher":{"@id":"https:\/\/www.sonnenseite.com\/de\/#organization"},"potentialAction":[{"@type":"SearchAction","target":{"@type":"EntryPoint","urlTemplate":"https:\/\/www.sonnenseite.com\/de\/?s={search_term_string}"},"query-input":{"@type":"PropertyValueSpecification","valueRequired":true,"valueName":"search_term_string"}}],"inLanguage":"de"},{"@type":"Organization","@id":"https:\/\/www.sonnenseite.com\/de\/#organization","name":"Sonnenseite","url":"https:\/\/www.sonnenseite.com\/de\/","logo":{"@type":"ImageObject","inLanguage":"de","@id":"https:\/\/www.sonnenseite.com\/de\/#\/schema\/logo\/image\/","url":"https:\/\/www.sonnenseite.com\/wp-content\/uploads\/2020\/05\/Sonnenseite_Logo.png","contentUrl":"https:\/\/www.sonnenseite.com\/wp-content\/uploads\/2020\/05\/Sonnenseite_Logo.png","width":377,"height":90,"caption":"Sonnenseite"},"image":{"@id":"https:\/\/www.sonnenseite.com\/de\/#\/schema\/logo\/image\/"},"sameAs":["https:\/\/www.facebook.com\/pages\/Franz-Alt-SONNENSEITECOM\/221072987903953?fref=ts","https:\/\/x.com\/franzalt","http:\/\/www.youtube.com\/results?search_query&amp;amp;quot;franz_alt&amp;amp;quot;&amp;amp;amp;amp;search_type&amp;amp;amp;amp;aq=f"]},{"@type":"Person","@id":"https:\/\/www.sonnenseite.com\/de\/#\/schema\/person\/50fda0e926597684c7cc6695238a4eb9","name":"Bigi Alt"}]}},"_links":{"self":[{"href":"https:\/\/www.sonnenseite.com\/de\/wp-json\/wp\/v2\/posts\/77705","targetHints":{"allow":["GET"]}}],"collection":[{"href":"https:\/\/www.sonnenseite.com\/de\/wp-json\/wp\/v2\/posts"}],"about":[{"href":"https:\/\/www.sonnenseite.com\/de\/wp-json\/wp\/v2\/types\/post"}],"author":[{"embeddable":true,"href":"https:\/\/www.sonnenseite.com\/de\/wp-json\/wp\/v2\/users\/3"}],"replies":[{"embeddable":true,"href":"https:\/\/www.sonnenseite.com\/de\/wp-json\/wp\/v2\/comments?post=77705"}],"version-history":[{"count":2,"href":"https:\/\/www.sonnenseite.com\/de\/wp-json\/wp\/v2\/posts\/77705\/revisions"}],"predecessor-version":[{"id":77707,"href":"https:\/\/www.sonnenseite.com\/de\/wp-json\/wp\/v2\/posts\/77705\/revisions\/77707"}],"wp:featuredmedia":[{"embeddable":true,"href":"https:\/\/www.sonnenseite.com\/de\/wp-json\/wp\/v2\/media\/76888"}],"wp:attachment":[{"href":"https:\/\/www.sonnenseite.com\/de\/wp-json\/wp\/v2\/media?parent=77705"}],"wp:term":[{"taxonomy":"category","embeddable":true,"href":"https:\/\/www.sonnenseite.com\/de\/wp-json\/wp\/v2\/categories?post=77705"},{"taxonomy":"post_tag","embeddable":true,"href":"https:\/\/www.sonnenseite.com\/de\/wp-json\/wp\/v2\/tags?post=77705"}],"curies":[{"name":"wp","href":"https:\/\/api.w.org\/{rel}","templated":true}]}}