{"id":77748,"date":"2021-12-17T10:53:25","date_gmt":"2021-12-17T09:53:25","guid":{"rendered":"https:\/\/www.sonnenseite.com\/?p=77748"},"modified":"2021-12-17T10:53:26","modified_gmt":"2021-12-17T09:53:26","slug":"eu-nimmt-sich-gebaeudesanierung-vor","status":"publish","type":"post","link":"https:\/\/www.sonnenseite.com\/de\/politik\/eu-nimmt-sich-gebaeudesanierung-vor\/","title":{"rendered":"EU nimmt sich Geb\u00e4udesanierung vor"},"content":{"rendered":"\n<p>2050 sollen alle Geb\u00e4ude in der Europ\u00e4ischen Union klimaneutral sein. Damit der Energiebedarf von Geb\u00e4uden sinkt, will die EU-Kommission Vorgaben zur Effizienz machen. Der Vorsto\u00df st\u00f6\u00dft bei Umwelt- und Effizienzverb\u00e4nden auf Zustimmung.<\/p>\n\n\n\n<p>Drei von vier Geb\u00e4uden in der EU verbrauchen zu viel Energie. Wenn die Bewohner:innen eines nicht sanierten Hauses die Heizung aufdrehen oder hei\u00df duschen gehen, wird daf\u00fcr weit mehr Energie verbraucht, als es in einem sanierten oder effizient gebauten Haus n\u00f6tig w\u00e4re.<\/p>\n\n\n\n<p>Doch gerade mal ein Prozent aller Geb\u00e4ude in der EU wird pro Jahr energetisch saniert \u2013 viel zu wenig. So l\u00e4sst sich der Geb\u00e4udebestand Europas nicht schnell genug <a href=\"https:\/\/www.energie-lexikon.info\/dekarbonisierung.html\" target=\"_blank\" rel=\"noreferrer noopener\">dekarbonisieren<\/a>.<\/p>\n\n\n\n<p>Die gesamte EU will aber Mitte des Jahrhunderts klimaneutral sein. Auch das Heizen oder K\u00fchlen von Geb\u00e4uden darf dann keine Treibhausgase mehr verursachen. <a href=\"https:\/\/www.klimareporter.de\/gebaude\/haus-aufgaben-fuer-die-bundesregierung\" target=\"_blank\" rel=\"noreferrer noopener\">Expert:innen mahnen<\/a> deshalb immer wieder, dass die Sanierungsrate deutlich erh\u00f6ht werden muss.<\/p>\n\n\n\n<p>Jetzt nimmt sich die EU den Geb\u00e4udesektor vor: Damit k\u00fcnftig mehr Geb\u00e4ude energiesaniert oder gleich effizient gebaut werden, hat die Europ\u00e4ische Kommission heute einen <a href=\"https:\/\/ec.europa.eu\/energy\/sites\/default\/files\/proposal-recast-energy-performance-buildings-directive.pdf\" target=\"_blank\" rel=\"noreferrer noopener\">Vorschlag<\/a> zur Neufassung der <a href=\"https:\/\/ec.europa.eu\/energy\/topics\/energy-efficiency\/energy-efficient-buildings\/energy-performance-buildings-directive_en\" target=\"_blank\" rel=\"noreferrer noopener\">Richtlinie \u00fcber die Gesamtenergieeffizienz von Geb\u00e4uden<\/a> (EPBD) vorgelegt. Damit soll der Geb\u00e4udebestand bis 2050 klimaneutral werden.<\/p>\n\n\n\n<p>Die geplante Reform ist Teil einer Reihe von Gesetzesvorschl\u00e4gen der Kommission, mit denen die EU ihren Treibhausgasaussto\u00df bis 2030 <a href=\"https:\/\/www.klimareporter.de\/europaische-union\/eu-einigung-auf-schwaches-55-prozent-klimaziel\" target=\"_blank\" rel=\"noreferrer noopener\">um 55 Prozent senken<\/a> will. Einen ersten Teil des sogenannten Fit-for-55-Pakets hatte die EU-Kommission bereits <a href=\"https:\/\/www.klimareporter.de\/europaische-union\/eu-paket-soll-green-deal-zum-laufen-bringen\" target=\"_blank\" rel=\"noreferrer noopener\">im Juli dieses Jahres<\/a> vorgelegt.<\/p>\n\n\n\n<p>In der EU entfallen derzeit rund 40 Prozent des Energieverbrauchs und 36 Prozent der Treibhausgasemissionen auf den Geb\u00e4udebereich. Klar ist: Ohne politische Vorgaben wird die Sanierung nicht im gro\u00dfen Stil vorankommen und der Treibhausgasaussto\u00df von Geb\u00e4uden nicht schnell genug sinken. Klimaneutralit\u00e4t bis zur Mitte des Jahrhunderts w\u00e4re dann nicht erreichbar.<\/p>\n\n\n\n<h5 class=\"wp-block-heading\">Schwerpunkt bei ineffizientesten Geb\u00e4uden<\/h5>\n\n\n\n<p>Herzst\u00fcck der \u00fcberarbeiteten Geb\u00e4uderichtlinie sind neue Mindeststandards f\u00fcr die Gesamtenergieeffizienz. Geb\u00e4ude sollen dann in unterschiedliche Effizienzklassen eingeordnet werden, die \u2013 wie <a href=\"https:\/\/www.klimareporter.de\/europaische-union\/stromsparende-geraete-sollen-besser-erkennbar-sein\" target=\"_blank\" rel=\"noreferrer noopener\">in der EU \u00fcblich<\/a> \u2013 mit Buchstaben gekennzeichnet sind. Vor allem f\u00fcr die unteren Effizienzklassen soll es dann Fristen f\u00fcr die energetische Modernisierung geben. Wie die Mitgliedsstaaten der EU die Mindeststandards durchsetzen wollen, entscheiden sie selbst.<\/p>\n\n\n\n<p>&#8222;Ein Geb\u00e4ude in der untersten Energieklasse verbraucht zehnmal mehr als ein Geb\u00e4ude in der obersten Klasse. Die Menschen, die dort leben \u2013 und das sind meist die \u00c4rmsten \u2013 zahlen also viel mehr, als sie k\u00f6nnten, wenn ihre Geb\u00e4ude nur besser w\u00e4ren&#8220;, sagte <a href=\"https:\/\/www.klimareporter.de\/europaische-union\/europas-neue-koepfe-fuers-klima\" target=\"_blank\" rel=\"noreferrer noopener\">Frans Timmermans<\/a>, Vizepr\u00e4sident der Europ\u00e4ischen Kommission, bei der Vorstellung der Richtlinie.<\/p>\n\n\n\n<p>So sollen etwa Geb\u00e4ude der schlechtesten Klasse G bis 2030 mit Sanierungsma\u00dfnahmen auf das Niveau F und bis 2033 auf E gebracht werden. Das w\u00fcrde in Deutschland wohl nur Bauten der Nachkriegsjahre treffen, die nicht teilmodernisiert wurden, hei\u00dft es bei der Deutschen Unternehmensinitiative Energieeffizienz (<a href=\"https:\/\/deneff.org\/\" target=\"_blank\" rel=\"noreferrer noopener\">Deneff<\/a>).<\/p>\n\n\n\n<p>&#8222;Die Idee ist es, bei den allerschlechtesten Geb\u00e4uden anzusetzen, also dort, wo mit einer Sanierung schnell ein hohes Ma\u00df an Energie und am allermeisten CO<sub>2<\/sub> eingespart werden kann&#8220;, sagt <a href=\"https:\/\/www.politik-kommunikation.de\/personalwechsel\/ellermann-wechselt-zur-deneff\/\" target=\"_blank\" rel=\"noreferrer noopener\">Henning Ellermann<\/a>, Geb\u00e4udeexperte bei der Deneff. In diesen F\u00e4llen sei die Sanierung besonders wirtschaftlich \u2013 und helfe auch Menschen, denen hohe Energierechnungen Sorgen bereiten.<\/p>\n\n\n\n<h5 class=\"wp-block-heading\">Kostenneutral sind nur die ersten Schritte<\/h5>\n\n\n\n<p>Die Sanierung von Geb\u00e4uden mit geringer Effizienz \u2013 in denen also bislang keine energiesparenden Ma\u00dfnahmen wie das D\u00e4mmen der Fassade oder der Austausch von Fenstern vorgenommen wurden \u2013 kann ohne zus\u00e4tzliche Kosten f\u00fcr Eigent\u00fcmer:innen oder Mieter:innen erfolgen, f\u00fcr letztere also warmmietenneutral. Die Investition lohnt sich wegen der geringeren Energiekosten.<\/p>\n\n\n\n<p><a href=\"https:\/\/www.klimareporter.de\/europaische-union\/eu-nimmt-sich-gebaeudesanierung-vor\">Hier k\u00f6nnen Sie den Artikel weiterlesen<\/a><\/p>\n\n\n<h5 class=\"green\">Quelle<\/h5>\r\n\n\n\n<p>Der Bericht wurde von der\u00a0<a href=\"https:\/\/www.klimareporter.de\/europaische-union\/eu-nimmt-sich-gebaeudesanierung-vor\">Redaktion \u201eklimareporter.de\u201c (Sandra Kirchner) 2021<\/a>\u00a0verfasst &#8211; der Artikel darf nicht ohne Genehmigung\u00a0(<a href=\"mailto:post@klimareporter.de\">post@klimareporter.de<\/a>) weiterverbreitet werden!\u00a0<\/p>\n<div class=\"shariff shariff-align-flex-start shariff-widget-align-flex-start\"><div class=\"ShariffHeadline\">Diese Meldung teilen<\/div><ul class=\"shariff-buttons theme-round orientation-horizontal buttonsize-medium\"><li class=\"shariff-button facebook shariff-nocustomcolor\" style=\"background-color:#4273c8;border-radius:1%\"><a href=\"https:\/\/www.facebook.com\/sharer\/sharer.php?u=https%3A%2F%2Fwww.sonnenseite.com%2Fde%2Fpolitik%2Feu-nimmt-sich-gebaeudesanierung-vor%2F\" title=\"Bei Facebook teilen\" aria-label=\"Bei Facebook teilen\" role=\"button\" rel=\"nofollow\" class=\"shariff-link\" style=\";border-radius:1%; background-color:#3b5998; color:#fff\" target=\"_blank\"><span class=\"shariff-icon\" style=\"\"><svg width=\"32px\" height=\"20px\" xmlns=\"http:\/\/www.w3.org\/2000\/svg\" viewBox=\"0 0 18 32\"><path fill=\"#3b5998\" d=\"M17.1 0.2v4.7h-2.8q-1.5 0-2.1 0.6t-0.5 1.9v3.4h5.2l-0.7 5.3h-4.5v13.6h-5.5v-13.6h-4.5v-5.3h4.5v-3.9q0-3.3 1.9-5.2t5-1.8q2.6 0 4.1 0.2z\"\/><\/svg><\/span><\/a><\/li><li class=\"shariff-button twitter shariff-nocustomcolor\" style=\"background-color:#595959;border-radius:1%\"><a href=\"https:\/\/twitter.com\/share?url=https%3A%2F%2Fwww.sonnenseite.com%2Fde%2Fpolitik%2Feu-nimmt-sich-gebaeudesanierung-vor%2F&text=EU%20nimmt%20sich%20Geb%C3%A4udesanierung%20vor\" title=\"Bei X teilen\" aria-label=\"Bei X teilen\" role=\"button\" rel=\"noopener nofollow\" class=\"shariff-link\" style=\";border-radius:1%; background-color:#000; color:#fff\" target=\"_blank\"><span class=\"shariff-icon\" style=\"\"><svg width=\"32px\" height=\"20px\" xmlns=\"http:\/\/www.w3.org\/2000\/svg\" viewBox=\"0 0 24 24\"><path fill=\"#000\" d=\"M14.258 10.152L23.176 0h-2.113l-7.747 8.813L7.133 0H0l9.352 13.328L0 23.973h2.113l8.176-9.309 6.531 9.309h7.133zm-2.895 3.293l-.949-1.328L2.875 1.56h3.246l6.086 8.523.945 1.328 7.91 11.078h-3.246zm0 0\"\/><\/svg><\/span><\/a><\/li><li class=\"shariff-button xing shariff-nocustomcolor\" style=\"background-color:#29888a;border-radius:1%\"><a href=\"https:\/\/www.xing.com\/spi\/shares\/new?url=https%3A%2F%2Fwww.sonnenseite.com%2Fde%2Fpolitik%2Feu-nimmt-sich-gebaeudesanierung-vor%2F\" title=\"Bei XING teilen\" aria-label=\"Bei XING teilen\" role=\"button\" rel=\"noopener nofollow\" class=\"shariff-link\" style=\";border-radius:1%; background-color:#126567; color:#fff\" target=\"_blank\"><span class=\"shariff-icon\" style=\"\"><svg width=\"32px\" height=\"20px\" xmlns=\"http:\/\/www.w3.org\/2000\/svg\" viewBox=\"0 0 25 32\"><path fill=\"#126567\" d=\"M10.7 11.9q-0.2 0.3-4.6 8.2-0.5 0.8-1.2 0.8h-4.3q-0.4 0-0.5-0.3t0-0.6l4.5-8q0 0 0 0l-2.9-5q-0.2-0.4 0-0.7 0.2-0.3 0.5-0.3h4.3q0.7 0 1.2 0.8zM25.1 0.4q0.2 0.3 0 0.7l-9.4 16.7 6 11q0.2 0.4 0 0.6-0.2 0.3-0.6 0.3h-4.3q-0.7 0-1.2-0.8l-6-11.1q0.3-0.6 9.5-16.8 0.4-0.8 1.2-0.8h4.3q0.4 0 0.5 0.3z\"\/><\/svg><\/span><\/a><\/li><li class=\"shariff-button linkedin shariff-nocustomcolor\" style=\"background-color:#1488bf;border-radius:1%\"><a href=\"https:\/\/www.linkedin.com\/sharing\/share-offsite\/?url=https%3A%2F%2Fwww.sonnenseite.com%2Fde%2Fpolitik%2Feu-nimmt-sich-gebaeudesanierung-vor%2F\" title=\"Bei LinkedIn teilen\" aria-label=\"Bei LinkedIn teilen\" role=\"button\" rel=\"noopener nofollow\" class=\"shariff-link\" style=\";border-radius:1%; background-color:#0077b5; color:#fff\" target=\"_blank\"><span class=\"shariff-icon\" style=\"\"><svg width=\"32px\" height=\"20px\" xmlns=\"http:\/\/www.w3.org\/2000\/svg\" viewBox=\"0 0 27 32\"><path fill=\"#0077b5\" d=\"M6.2 11.2v17.7h-5.9v-17.7h5.9zM6.6 5.7q0 1.3-0.9 2.2t-2.4 0.9h0q-1.5 0-2.4-0.9t-0.9-2.2 0.9-2.2 2.4-0.9 2.4 0.9 0.9 2.2zM27.4 18.7v10.1h-5.9v-9.5q0-1.9-0.7-2.9t-2.3-1.1q-1.1 0-1.9 0.6t-1.2 1.5q-0.2 0.5-0.2 1.4v9.9h-5.9q0-7.1 0-11.6t0-5.3l0-0.9h5.9v2.6h0q0.4-0.6 0.7-1t1-0.9 1.6-0.8 2-0.3q3 0 4.9 2t1.9 6z\"\/><\/svg><\/span><\/a><\/li><li class=\"shariff-button printer shariff-nocustomcolor\" style=\"background-color:#a8a8a8;border-radius:1%\"><a href=\"javascript:window.print()\" title=\"drucken\" aria-label=\"drucken\" role=\"button\" rel=\"noopener nofollow\" class=\"shariff-link\" style=\";border-radius:1%; background-color:#999; color:#fff\"><span class=\"shariff-icon\" style=\"\"><svg width=\"32px\" height=\"20px\" xmlns=\"http:\/\/www.w3.org\/2000\/svg\" viewBox=\"0 0 30 32\"><path fill=\"#999\" d=\"M6.8 27.4h16v-4.6h-16v4.6zM6.8 16h16v-6.8h-2.8q-0.7 0-1.2-0.5t-0.5-1.2v-2.8h-11.4v11.4zM27.4 17.2q0-0.5-0.3-0.8t-0.8-0.4-0.8 0.4-0.3 0.8 0.3 0.8 0.8 0.3 0.8-0.3 0.3-0.8zM29.7 17.2v7.4q0 0.2-0.2 0.4t-0.4 0.2h-4v2.8q0 0.7-0.5 1.2t-1.2 0.5h-17.2q-0.7 0-1.2-0.5t-0.5-1.2v-2.8h-4q-0.2 0-0.4-0.2t-0.2-0.4v-7.4q0-1.4 1-2.4t2.4-1h1.2v-9.7q0-0.7 0.5-1.2t1.2-0.5h12q0.7 0 1.6 0.4t1.3 0.8l2.7 2.7q0.5 0.5 0.9 1.4t0.4 1.6v4.6h1.1q1.4 0 2.4 1t1 2.4z\"\/><\/svg><\/span><\/a><\/li><li class=\"shariff-button mailto shariff-nocustomcolor\" style=\"background-color:#a8a8a8;border-radius:1%\"><a href=\"mailto:?body=https%3A%2F%2Fwww.sonnenseite.com%2Fde%2Fpolitik%2Feu-nimmt-sich-gebaeudesanierung-vor%2F&subject=EU%20nimmt%20sich%20Geb%C3%A4udesanierung%20vor\" title=\"Per E-Mail versenden\" aria-label=\"Per E-Mail versenden\" role=\"button\" rel=\"noopener nofollow\" class=\"shariff-link\" style=\";border-radius:1%; background-color:#999; color:#fff\"><span class=\"shariff-icon\" style=\"\"><svg width=\"32px\" height=\"20px\" xmlns=\"http:\/\/www.w3.org\/2000\/svg\" viewBox=\"0 0 32 32\"><path fill=\"#999\" d=\"M32 12.7v14.2q0 1.2-0.8 2t-2 0.9h-26.3q-1.2 0-2-0.9t-0.8-2v-14.2q0.8 0.9 1.8 1.6 6.5 4.4 8.9 6.1 1 0.8 1.6 1.2t1.7 0.9 2 0.4h0.1q0.9 0 2-0.4t1.7-0.9 1.6-1.2q3-2.2 8.9-6.1 1-0.7 1.8-1.6zM32 7.4q0 1.4-0.9 2.7t-2.2 2.2q-6.7 4.7-8.4 5.8-0.2 0.1-0.7 0.5t-1 0.7-0.9 0.6-1.1 0.5-0.9 0.2h-0.1q-0.4 0-0.9-0.2t-1.1-0.5-0.9-0.6-1-0.7-0.7-0.5q-1.6-1.1-4.7-3.2t-3.6-2.6q-1.1-0.7-2.1-2t-1-2.5q0-1.4 0.7-2.3t2.1-0.9h26.3q1.2 0 2 0.8t0.9 2z\"\/><\/svg><\/span><\/a><\/li><\/ul><\/div>","protected":false},"excerpt":{"rendered":"<p>2050 sollen alle Geb\u00e4ude in der Europ\u00e4ischen Union klimaneutral sein. Damit der Energiebedarf von Geb\u00e4uden sinkt, [&hellip;]<\/p>\n","protected":false},"author":3,"featured_media":5084,"comment_status":"closed","ping_status":"closed","sticky":false,"template":"","format":"standard","meta":{"inline_featured_image":false,"footnotes":""},"categories":[21],"tags":[],"class_list":["post-77748","post","type-post","status-publish","format-standard","has-post-thumbnail","hentry","category-politik"],"yoast_head":"<!-- This site is optimized with the Yoast SEO plugin v26.5 - https:\/\/yoast.com\/wordpress\/plugins\/seo\/ -->\n<title>EU nimmt sich Geb\u00e4udesanierung vor - Sonnenseite - \u00d6kologische Kommunikation mit Franz Alt<\/title>\n<meta name=\"description\" content=\"2050 sollen alle Geb\u00e4ude in der Europ\u00e4ischen Union klimaneutral sein. Damit der Energiebedarf von Geb\u00e4uden sinkt, will die EU-Kommission Vorgaben zur\" \/>\n<meta name=\"robots\" content=\"index, follow, max-snippet:-1, max-image-preview:large, max-video-preview:-1\" \/>\n<link rel=\"canonical\" href=\"https:\/\/www.sonnenseite.com\/de\/politik\/eu-nimmt-sich-gebaeudesanierung-vor\/\" \/>\n<meta property=\"og:locale\" content=\"de_DE\" \/>\n<meta property=\"og:type\" content=\"article\" \/>\n<meta property=\"og:title\" content=\"EU nimmt sich Geb\u00e4udesanierung vor - Sonnenseite - \u00d6kologische Kommunikation mit Franz Alt\" \/>\n<meta property=\"og:description\" content=\"2050 sollen alle Geb\u00e4ude in der Europ\u00e4ischen Union klimaneutral sein. Damit der Energiebedarf von Geb\u00e4uden sinkt, will die EU-Kommission Vorgaben zur\" \/>\n<meta property=\"og:url\" content=\"https:\/\/www.sonnenseite.com\/de\/politik\/eu-nimmt-sich-gebaeudesanierung-vor\/\" \/>\n<meta property=\"og:site_name\" content=\"Sonnenseite\" \/>\n<meta property=\"article:publisher\" content=\"https:\/\/www.facebook.com\/pages\/Franz-Alt-SONNENSEITECOM\/221072987903953?fref=ts\" \/>\n<meta property=\"article:published_time\" content=\"2021-12-17T09:53:25+00:00\" \/>\n<meta property=\"article:modified_time\" content=\"2021-12-17T09:53:26+00:00\" \/>\n<meta property=\"og:image\" content=\"https:\/\/www.sonnenseite.com\/wp-content\/uploads\/2019\/11\/sanieren_IngoBartussek.jpg\" \/>\n\t<meta property=\"og:image:width\" content=\"770\" \/>\n\t<meta property=\"og:image:height\" content=\"420\" \/>\n\t<meta property=\"og:image:type\" content=\"image\/jpeg\" \/>\n<meta name=\"author\" content=\"Bigi Alt\" \/>\n<meta name=\"twitter:card\" content=\"summary_large_image\" \/>\n<meta name=\"twitter:creator\" content=\"@franzalt\" \/>\n<meta name=\"twitter:site\" content=\"@franzalt\" \/>\n<meta name=\"twitter:label1\" content=\"Verfasst von\" \/>\n\t<meta name=\"twitter:data1\" content=\"Bigi Alt\" \/>\n\t<meta name=\"twitter:label2\" content=\"Gesch\u00e4tzte Lesezeit\" \/>\n\t<meta name=\"twitter:data2\" content=\"3\u00a0Minuten\" \/>\n<script type=\"application\/ld+json\" class=\"yoast-schema-graph\">{\"@context\":\"https:\/\/schema.org\",\"@graph\":[{\"@type\":\"Article\",\"@id\":\"https:\/\/www.sonnenseite.com\/de\/politik\/eu-nimmt-sich-gebaeudesanierung-vor\/#article\",\"isPartOf\":{\"@id\":\"https:\/\/www.sonnenseite.com\/de\/politik\/eu-nimmt-sich-gebaeudesanierung-vor\/\"},\"author\":{\"name\":\"Bigi Alt\",\"@id\":\"https:\/\/www.sonnenseite.com\/de\/#\/schema\/person\/50fda0e926597684c7cc6695238a4eb9\"},\"headline\":\"EU nimmt sich Geb\u00e4udesanierung vor\",\"datePublished\":\"2021-12-17T09:53:25+00:00\",\"dateModified\":\"2021-12-17T09:53:26+00:00\",\"mainEntityOfPage\":{\"@id\":\"https:\/\/www.sonnenseite.com\/de\/politik\/eu-nimmt-sich-gebaeudesanierung-vor\/\"},\"wordCount\":619,\"publisher\":{\"@id\":\"https:\/\/www.sonnenseite.com\/de\/#organization\"},\"image\":{\"@id\":\"https:\/\/www.sonnenseite.com\/de\/politik\/eu-nimmt-sich-gebaeudesanierung-vor\/#primaryimage\"},\"thumbnailUrl\":\"https:\/\/www.sonnenseite.com\/wp-content\/uploads\/2019\/11\/sanieren_IngoBartussek.jpg\",\"articleSection\":[\"Politik\"],\"inLanguage\":\"de\"},{\"@type\":\"WebPage\",\"@id\":\"https:\/\/www.sonnenseite.com\/de\/politik\/eu-nimmt-sich-gebaeudesanierung-vor\/\",\"url\":\"https:\/\/www.sonnenseite.com\/de\/politik\/eu-nimmt-sich-gebaeudesanierung-vor\/\",\"name\":\"EU nimmt sich Geb\u00e4udesanierung vor - Sonnenseite - \u00d6kologische Kommunikation mit Franz Alt\",\"isPartOf\":{\"@id\":\"https:\/\/www.sonnenseite.com\/de\/#website\"},\"primaryImageOfPage\":{\"@id\":\"https:\/\/www.sonnenseite.com\/de\/politik\/eu-nimmt-sich-gebaeudesanierung-vor\/#primaryimage\"},\"image\":{\"@id\":\"https:\/\/www.sonnenseite.com\/de\/politik\/eu-nimmt-sich-gebaeudesanierung-vor\/#primaryimage\"},\"thumbnailUrl\":\"https:\/\/www.sonnenseite.com\/wp-content\/uploads\/2019\/11\/sanieren_IngoBartussek.jpg\",\"datePublished\":\"2021-12-17T09:53:25+00:00\",\"dateModified\":\"2021-12-17T09:53:26+00:00\",\"description\":\"2050 sollen alle Geb\u00e4ude in der Europ\u00e4ischen Union klimaneutral sein. Damit der Energiebedarf von Geb\u00e4uden sinkt, will die EU-Kommission Vorgaben zur\",\"breadcrumb\":{\"@id\":\"https:\/\/www.sonnenseite.com\/de\/politik\/eu-nimmt-sich-gebaeudesanierung-vor\/#breadcrumb\"},\"inLanguage\":\"de\",\"potentialAction\":[{\"@type\":\"ReadAction\",\"target\":[\"https:\/\/www.sonnenseite.com\/de\/politik\/eu-nimmt-sich-gebaeudesanierung-vor\/\"]}]},{\"@type\":\"ImageObject\",\"inLanguage\":\"de\",\"@id\":\"https:\/\/www.sonnenseite.com\/de\/politik\/eu-nimmt-sich-gebaeudesanierung-vor\/#primaryimage\",\"url\":\"https:\/\/www.sonnenseite.com\/wp-content\/uploads\/2019\/11\/sanieren_IngoBartussek.jpg\",\"contentUrl\":\"https:\/\/www.sonnenseite.com\/wp-content\/uploads\/2019\/11\/sanieren_IngoBartussek.jpg\",\"width\":770,\"height\":420,\"caption\":\"Fotolia.com | IngoBartussek | Sorgenkind Geb\u00e4udesektor: Viele Geb\u00e4ude in Deutschland verlieren noch zu viel Energie. Das will die EU jetzt \u00e4ndern.\"},{\"@type\":\"BreadcrumbList\",\"@id\":\"https:\/\/www.sonnenseite.com\/de\/politik\/eu-nimmt-sich-gebaeudesanierung-vor\/#breadcrumb\",\"itemListElement\":[{\"@type\":\"ListItem\",\"position\":1,\"name\":\"Startseite\",\"item\":\"https:\/\/www.sonnenseite.com\/de\/\"},{\"@type\":\"ListItem\",\"position\":2,\"name\":\"EU nimmt sich Geb\u00e4udesanierung vor\"}]},{\"@type\":\"WebSite\",\"@id\":\"https:\/\/www.sonnenseite.com\/de\/#website\",\"url\":\"https:\/\/www.sonnenseite.com\/de\/\",\"name\":\"Sonnenseite\",\"description\":\"\u00d6kologische Kommunikation mit Franz Alt\",\"publisher\":{\"@id\":\"https:\/\/www.sonnenseite.com\/de\/#organization\"},\"potentialAction\":[{\"@type\":\"SearchAction\",\"target\":{\"@type\":\"EntryPoint\",\"urlTemplate\":\"https:\/\/www.sonnenseite.com\/de\/?s={search_term_string}\"},\"query-input\":{\"@type\":\"PropertyValueSpecification\",\"valueRequired\":true,\"valueName\":\"search_term_string\"}}],\"inLanguage\":\"de\"},{\"@type\":\"Organization\",\"@id\":\"https:\/\/www.sonnenseite.com\/de\/#organization\",\"name\":\"Sonnenseite\",\"url\":\"https:\/\/www.sonnenseite.com\/de\/\",\"logo\":{\"@type\":\"ImageObject\",\"inLanguage\":\"de\",\"@id\":\"https:\/\/www.sonnenseite.com\/de\/#\/schema\/logo\/image\/\",\"url\":\"https:\/\/www.sonnenseite.com\/wp-content\/uploads\/2020\/05\/Sonnenseite_Logo.png\",\"contentUrl\":\"https:\/\/www.sonnenseite.com\/wp-content\/uploads\/2020\/05\/Sonnenseite_Logo.png\",\"width\":377,\"height\":90,\"caption\":\"Sonnenseite\"},\"image\":{\"@id\":\"https:\/\/www.sonnenseite.com\/de\/#\/schema\/logo\/image\/\"},\"sameAs\":[\"https:\/\/www.facebook.com\/pages\/Franz-Alt-SONNENSEITECOM\/221072987903953?fref=ts\",\"https:\/\/x.com\/franzalt\",\"http:\/\/www.youtube.com\/results?search_query&amp;amp;quot;franz_alt&amp;amp;quot;&amp;amp;amp;amp;search_type&amp;amp;amp;amp;aq=f\"]},{\"@type\":\"Person\",\"@id\":\"https:\/\/www.sonnenseite.com\/de\/#\/schema\/person\/50fda0e926597684c7cc6695238a4eb9\",\"name\":\"Bigi Alt\"}]}<\/script>\n<!-- \/ Yoast SEO plugin. -->","yoast_head_json":{"title":"EU nimmt sich Geb\u00e4udesanierung vor - Sonnenseite - \u00d6kologische Kommunikation mit Franz Alt","description":"2050 sollen alle Geb\u00e4ude in der Europ\u00e4ischen Union klimaneutral sein. Damit der Energiebedarf von Geb\u00e4uden sinkt, will die EU-Kommission Vorgaben zur","robots":{"index":"index","follow":"follow","max-snippet":"max-snippet:-1","max-image-preview":"max-image-preview:large","max-video-preview":"max-video-preview:-1"},"canonical":"https:\/\/www.sonnenseite.com\/de\/politik\/eu-nimmt-sich-gebaeudesanierung-vor\/","og_locale":"de_DE","og_type":"article","og_title":"EU nimmt sich Geb\u00e4udesanierung vor - Sonnenseite - \u00d6kologische Kommunikation mit Franz Alt","og_description":"2050 sollen alle Geb\u00e4ude in der Europ\u00e4ischen Union klimaneutral sein. Damit der Energiebedarf von Geb\u00e4uden sinkt, will die EU-Kommission Vorgaben zur","og_url":"https:\/\/www.sonnenseite.com\/de\/politik\/eu-nimmt-sich-gebaeudesanierung-vor\/","og_site_name":"Sonnenseite","article_publisher":"https:\/\/www.facebook.com\/pages\/Franz-Alt-SONNENSEITECOM\/221072987903953?fref=ts","article_published_time":"2021-12-17T09:53:25+00:00","article_modified_time":"2021-12-17T09:53:26+00:00","og_image":[{"width":770,"height":420,"url":"https:\/\/www.sonnenseite.com\/wp-content\/uploads\/2019\/11\/sanieren_IngoBartussek.jpg","type":"image\/jpeg"}],"author":"Bigi Alt","twitter_card":"summary_large_image","twitter_creator":"@franzalt","twitter_site":"@franzalt","twitter_misc":{"Verfasst von":"Bigi Alt","Gesch\u00e4tzte Lesezeit":"3\u00a0Minuten"},"schema":{"@context":"https:\/\/schema.org","@graph":[{"@type":"Article","@id":"https:\/\/www.sonnenseite.com\/de\/politik\/eu-nimmt-sich-gebaeudesanierung-vor\/#article","isPartOf":{"@id":"https:\/\/www.sonnenseite.com\/de\/politik\/eu-nimmt-sich-gebaeudesanierung-vor\/"},"author":{"name":"Bigi Alt","@id":"https:\/\/www.sonnenseite.com\/de\/#\/schema\/person\/50fda0e926597684c7cc6695238a4eb9"},"headline":"EU nimmt sich Geb\u00e4udesanierung vor","datePublished":"2021-12-17T09:53:25+00:00","dateModified":"2021-12-17T09:53:26+00:00","mainEntityOfPage":{"@id":"https:\/\/www.sonnenseite.com\/de\/politik\/eu-nimmt-sich-gebaeudesanierung-vor\/"},"wordCount":619,"publisher":{"@id":"https:\/\/www.sonnenseite.com\/de\/#organization"},"image":{"@id":"https:\/\/www.sonnenseite.com\/de\/politik\/eu-nimmt-sich-gebaeudesanierung-vor\/#primaryimage"},"thumbnailUrl":"https:\/\/www.sonnenseite.com\/wp-content\/uploads\/2019\/11\/sanieren_IngoBartussek.jpg","articleSection":["Politik"],"inLanguage":"de"},{"@type":"WebPage","@id":"https:\/\/www.sonnenseite.com\/de\/politik\/eu-nimmt-sich-gebaeudesanierung-vor\/","url":"https:\/\/www.sonnenseite.com\/de\/politik\/eu-nimmt-sich-gebaeudesanierung-vor\/","name":"EU nimmt sich Geb\u00e4udesanierung vor - Sonnenseite - \u00d6kologische Kommunikation mit Franz Alt","isPartOf":{"@id":"https:\/\/www.sonnenseite.com\/de\/#website"},"primaryImageOfPage":{"@id":"https:\/\/www.sonnenseite.com\/de\/politik\/eu-nimmt-sich-gebaeudesanierung-vor\/#primaryimage"},"image":{"@id":"https:\/\/www.sonnenseite.com\/de\/politik\/eu-nimmt-sich-gebaeudesanierung-vor\/#primaryimage"},"thumbnailUrl":"https:\/\/www.sonnenseite.com\/wp-content\/uploads\/2019\/11\/sanieren_IngoBartussek.jpg","datePublished":"2021-12-17T09:53:25+00:00","dateModified":"2021-12-17T09:53:26+00:00","description":"2050 sollen alle Geb\u00e4ude in der Europ\u00e4ischen Union klimaneutral sein. Damit der Energiebedarf von Geb\u00e4uden sinkt, will die EU-Kommission Vorgaben zur","breadcrumb":{"@id":"https:\/\/www.sonnenseite.com\/de\/politik\/eu-nimmt-sich-gebaeudesanierung-vor\/#breadcrumb"},"inLanguage":"de","potentialAction":[{"@type":"ReadAction","target":["https:\/\/www.sonnenseite.com\/de\/politik\/eu-nimmt-sich-gebaeudesanierung-vor\/"]}]},{"@type":"ImageObject","inLanguage":"de","@id":"https:\/\/www.sonnenseite.com\/de\/politik\/eu-nimmt-sich-gebaeudesanierung-vor\/#primaryimage","url":"https:\/\/www.sonnenseite.com\/wp-content\/uploads\/2019\/11\/sanieren_IngoBartussek.jpg","contentUrl":"https:\/\/www.sonnenseite.com\/wp-content\/uploads\/2019\/11\/sanieren_IngoBartussek.jpg","width":770,"height":420,"caption":"Fotolia.com | IngoBartussek | Sorgenkind Geb\u00e4udesektor: Viele Geb\u00e4ude in Deutschland verlieren noch zu viel Energie. Das will die EU jetzt \u00e4ndern."},{"@type":"BreadcrumbList","@id":"https:\/\/www.sonnenseite.com\/de\/politik\/eu-nimmt-sich-gebaeudesanierung-vor\/#breadcrumb","itemListElement":[{"@type":"ListItem","position":1,"name":"Startseite","item":"https:\/\/www.sonnenseite.com\/de\/"},{"@type":"ListItem","position":2,"name":"EU nimmt sich Geb\u00e4udesanierung vor"}]},{"@type":"WebSite","@id":"https:\/\/www.sonnenseite.com\/de\/#website","url":"https:\/\/www.sonnenseite.com\/de\/","name":"Sonnenseite","description":"\u00d6kologische Kommunikation mit Franz Alt","publisher":{"@id":"https:\/\/www.sonnenseite.com\/de\/#organization"},"potentialAction":[{"@type":"SearchAction","target":{"@type":"EntryPoint","urlTemplate":"https:\/\/www.sonnenseite.com\/de\/?s={search_term_string}"},"query-input":{"@type":"PropertyValueSpecification","valueRequired":true,"valueName":"search_term_string"}}],"inLanguage":"de"},{"@type":"Organization","@id":"https:\/\/www.sonnenseite.com\/de\/#organization","name":"Sonnenseite","url":"https:\/\/www.sonnenseite.com\/de\/","logo":{"@type":"ImageObject","inLanguage":"de","@id":"https:\/\/www.sonnenseite.com\/de\/#\/schema\/logo\/image\/","url":"https:\/\/www.sonnenseite.com\/wp-content\/uploads\/2020\/05\/Sonnenseite_Logo.png","contentUrl":"https:\/\/www.sonnenseite.com\/wp-content\/uploads\/2020\/05\/Sonnenseite_Logo.png","width":377,"height":90,"caption":"Sonnenseite"},"image":{"@id":"https:\/\/www.sonnenseite.com\/de\/#\/schema\/logo\/image\/"},"sameAs":["https:\/\/www.facebook.com\/pages\/Franz-Alt-SONNENSEITECOM\/221072987903953?fref=ts","https:\/\/x.com\/franzalt","http:\/\/www.youtube.com\/results?search_query&amp;amp;quot;franz_alt&amp;amp;quot;&amp;amp;amp;amp;search_type&amp;amp;amp;amp;aq=f"]},{"@type":"Person","@id":"https:\/\/www.sonnenseite.com\/de\/#\/schema\/person\/50fda0e926597684c7cc6695238a4eb9","name":"Bigi Alt"}]}},"_links":{"self":[{"href":"https:\/\/www.sonnenseite.com\/de\/wp-json\/wp\/v2\/posts\/77748","targetHints":{"allow":["GET"]}}],"collection":[{"href":"https:\/\/www.sonnenseite.com\/de\/wp-json\/wp\/v2\/posts"}],"about":[{"href":"https:\/\/www.sonnenseite.com\/de\/wp-json\/wp\/v2\/types\/post"}],"author":[{"embeddable":true,"href":"https:\/\/www.sonnenseite.com\/de\/wp-json\/wp\/v2\/users\/3"}],"replies":[{"embeddable":true,"href":"https:\/\/www.sonnenseite.com\/de\/wp-json\/wp\/v2\/comments?post=77748"}],"version-history":[{"count":1,"href":"https:\/\/www.sonnenseite.com\/de\/wp-json\/wp\/v2\/posts\/77748\/revisions"}],"predecessor-version":[{"id":77749,"href":"https:\/\/www.sonnenseite.com\/de\/wp-json\/wp\/v2\/posts\/77748\/revisions\/77749"}],"wp:featuredmedia":[{"embeddable":true,"href":"https:\/\/www.sonnenseite.com\/de\/wp-json\/wp\/v2\/media\/5084"}],"wp:attachment":[{"href":"https:\/\/www.sonnenseite.com\/de\/wp-json\/wp\/v2\/media?parent=77748"}],"wp:term":[{"taxonomy":"category","embeddable":true,"href":"https:\/\/www.sonnenseite.com\/de\/wp-json\/wp\/v2\/categories?post=77748"},{"taxonomy":"post_tag","embeddable":true,"href":"https:\/\/www.sonnenseite.com\/de\/wp-json\/wp\/v2\/tags?post=77748"}],"curies":[{"name":"wp","href":"https:\/\/api.w.org\/{rel}","templated":true}]}}