{"id":77785,"date":"2021-12-18T14:00:00","date_gmt":"2021-12-18T13:00:00","guid":{"rendered":"https:\/\/www.sonnenseite.com\/?p=77785"},"modified":"2021-12-27T12:09:27","modified_gmt":"2021-12-27T11:09:27","slug":"klimaschutz-und-klimagerechtigkeit","status":"publish","type":"post","link":"https:\/\/www.sonnenseite.com\/de\/franz-alt\/kommentare-interviews\/klimaschutz-und-klimagerechtigkeit\/","title":{"rendered":"Klimaschutz und Klimagerechtigkeit"},"content":{"rendered":"\n<p>Die Bundesregierung will Klimaneutralit\u00e4t bis 2045, die EU erst 2050 erreichen. Und das ist noch umstritten. Unstrittig ist: Um klimaneutral zu werden, m\u00fcssen Millionen H\u00e4user, Schulen, Fabriken, B\u00fcros, Superm\u00e4rkte und Lagerh\u00e4user \u00f6kologischer werden.<\/p>\n\n\n\n<p>Klimawissenschaftler des <a href=\"https:\/\/www.sonnenseite.com\/de\/zukunft\/bis-2045-co2-neutraler-gebaeudebestand\/\">Wuppertal-Instituts<\/a> und des <a href=\"https:\/\/www.pik-potsdam.de\">Potsdam-Instituts f\u00fcr Klimafolgenforschung<\/a> sowie die <a href=\"http:\/\/www.fridays-for-future.de\">Fridays-for-Future<\/a>-Bewegung sowie St\u00e4dte wie Konstanz oder Wuppertal sind sich darin einig, dass wir bis 2035 klimaneutral sein m\u00fcssen, wenn Deutschland seinen Beitrag zum 1.5-Grad-Ziel von Paris leisten will. Die Klima-Union \u2013 eine Vereinigung von 1.000 CDU\/CSU-Mitgliedern \u2013 will Klimaneutralit\u00e4t sogar schon 2030.<\/p>\n\n\n\n<h5 class=\"wp-block-heading\">In Geb\u00e4uden der h\u00f6chste Energieverbrauch<\/h5>\n\n\n\n<p><strong>F\u00fcr 40% des Energieverbrauchs in der EU sind unsere Geb\u00e4ude verantwortlich. Deshalb will die Energie-Kommissarin der EU, Kadri Simson, eine rasche energetische Geb\u00e4udesanierung, die so aussehen soll:<\/strong><\/p>\n\n\n\n<ul class=\"wp-block-list\"><li>85% der heutigen Geb\u00e4ude stehen auch noch im Jahr 2050, bis die EU klimaneutral sein muss.<\/li><li>15% des Geb\u00e4udebestands mit der schlechtesten Klimabilanz m\u00fcssen bis 2030 komplett saniert und gut ged\u00e4mmt werden.<\/li><li>Ab 2030 m\u00fcssen alle Neubauten klimaneutral errichtet werden.<\/li><li>Neue \u00d6l- und Gaspipelines sollen von der EU nicht mehr finanziell gef\u00f6rdert werden.<\/li><li>Die EU will stattdessen gr\u00fcnen Wasserstoff f\u00f6rdern, der haupts\u00e4chlich beim Schiffs- und Luftverkehr eingesetzt werden soll.<\/li><li>\u00d6l-, Gas- und Kohleunternehmen sollen ihre Methan-Emissionen k\u00fcnftig stark reduzieren.<\/li><li>Die Land- und Forstwirtschaft sollen dabei unterst\u00fctzt werden, mehr CO<sub>2<\/sub> in Pflanzen und im Boden zu speichern.<\/li><\/ul>\n\n\n\n<p><a href=\"https:\/\/www.sonnenseite.com\/de\/politik\/eu-nimmt-sich-gebaeudesanierung-vor\/\">Bis 2050 sollen also alle Geb\u00e4ude in der EU klimaneutral sein<\/a>. Wie in Deutschland werden zur zeit auch in der gesamten EU aber lediglich ein Prozent der Geb\u00e4ude jedes Jahr energetisch saniert. Diese Zahl soll verdoppelt werden. Denn mit dem bisherigen Schneckentempo lassen sich die Klimaziele&nbsp; nicht erreichen.<\/p>\n\n\n\n<h5 class=\"wp-block-heading\">Klimagerechtigkeit f\u00fcr die Armen<\/h5>\n\n\n\n<p>In den klimasch\u00e4dlichsten Geb\u00e4uden wohnen oft die \u00c4rmsten. Sie k\u00f6nnen die hohen Sanierungskosen am wenigsten bezahlen. Hier wird bis zu zehnmal mehr Energie verbraucht wie in den effizientesten H\u00e4usern.<\/p>\n\n\n\n<p><strong>Der Sanierungszwang f\u00fcr alte H\u00e4user ist teuer. Je \u00e4lter, desto teurer. Wer aber soll das bezahlen?<\/strong><\/p>\n\n\n\n<p>Durch die steigenden CO<sub>2<\/sub>-Steuern nimmt der Staat k\u00fcnftig durch besseren Klimaschutz viel Geld ein. Mit diesem Geld kann f\u00fcr die \u00c4rmsten die Geb\u00e4udesanierung subventioniert werden. <\/p>\n\n\n\n<p>Die Reichen und <a href=\"https:\/\/www.tagesspiegel.de\/politik\/friedrich-merz-der-millionaer-aus-der-gehobenen-mittelschicht\/23634396.html\" rel=\"noreferrer noopener\" target=\"_blank\">je nach Definition auch die Mittelschicht<\/a> m\u00fcssen und k\u00f6nnen die energetische Sanierung ihrer H\u00e4user und Wohnungen selbst finanzieren. Sie sparen ja auch Heizkosten und viel Geld durch den Umstieg auf erneuerbare Energien.<\/p>\n\n\n\n<p>Allein in Deutschland wird die energetische Sanierung aller Geb\u00e4ude unterm Strich bis zu eine Billion Euro kosten \u2013 etwa die H\u00e4lfte dieses Betrags ist bereits seit 2010 geflossen. Nach <a href=\"https:\/\/www.deutscherpresseindex.de\/2020\/10\/07\/iw-berechnung-klimaneutralitaet-im-gebaeudesektor-mit-rund-500-mrd-euro-investitionen-erreichbar\/\" rel=\"noreferrer noopener\" target=\"_blank\">Berechnungen des Instituts der deutschen Wirtschaft (IW)<\/a> m\u00fcssten noch einmal rund 500 Milliarden investiert werden. Ein gigantisches Konjunkturprogramm und viele Jobs. Klimaschutz kostet. Aber kein Klimaschutz kostet noch viel mehr: die Zukunft. Das wichtigste Ziel der neuen Bundesregierung ist Klimagerechtigkeit.<\/p>\n\n\n<h5 class=\"green\">Quelle<\/h5>\r\n\n\n\n<p><a href=\"franzalt@sonnenseite.com\">FRANZ ALT 2021<\/a><\/p>\n<div class=\"shariff shariff-align-flex-start shariff-widget-align-flex-start\"><div class=\"ShariffHeadline\">Diese Meldung teilen<\/div><ul class=\"shariff-buttons theme-round orientation-horizontal buttonsize-medium\"><li class=\"shariff-button facebook shariff-nocustomcolor\" style=\"background-color:#4273c8;border-radius:1%\"><a href=\"https:\/\/www.facebook.com\/sharer\/sharer.php?u=https%3A%2F%2Fwww.sonnenseite.com%2Fde%2Ffranz-alt%2Fkommentare-interviews%2Fklimaschutz-und-klimagerechtigkeit%2F\" title=\"Bei Facebook teilen\" aria-label=\"Bei Facebook teilen\" role=\"button\" rel=\"nofollow\" class=\"shariff-link\" style=\";border-radius:1%; background-color:#3b5998; color:#fff\" target=\"_blank\"><span class=\"shariff-icon\" style=\"\"><svg width=\"32px\" height=\"20px\" xmlns=\"http:\/\/www.w3.org\/2000\/svg\" viewBox=\"0 0 18 32\"><path fill=\"#3b5998\" d=\"M17.1 0.2v4.7h-2.8q-1.5 0-2.1 0.6t-0.5 1.9v3.4h5.2l-0.7 5.3h-4.5v13.6h-5.5v-13.6h-4.5v-5.3h4.5v-3.9q0-3.3 1.9-5.2t5-1.8q2.6 0 4.1 0.2z\"\/><\/svg><\/span><\/a><\/li><li class=\"shariff-button twitter shariff-nocustomcolor\" style=\"background-color:#595959;border-radius:1%\"><a href=\"https:\/\/twitter.com\/share?url=https%3A%2F%2Fwww.sonnenseite.com%2Fde%2Ffranz-alt%2Fkommentare-interviews%2Fklimaschutz-und-klimagerechtigkeit%2F&text=Klimaschutz%20und%20Klimagerechtigkeit\" title=\"Bei X teilen\" aria-label=\"Bei X teilen\" role=\"button\" rel=\"noopener nofollow\" class=\"shariff-link\" style=\";border-radius:1%; background-color:#000; color:#fff\" target=\"_blank\"><span class=\"shariff-icon\" style=\"\"><svg width=\"32px\" height=\"20px\" xmlns=\"http:\/\/www.w3.org\/2000\/svg\" viewBox=\"0 0 24 24\"><path fill=\"#000\" d=\"M14.258 10.152L23.176 0h-2.113l-7.747 8.813L7.133 0H0l9.352 13.328L0 23.973h2.113l8.176-9.309 6.531 9.309h7.133zm-2.895 3.293l-.949-1.328L2.875 1.56h3.246l6.086 8.523.945 1.328 7.91 11.078h-3.246zm0 0\"\/><\/svg><\/span><\/a><\/li><li class=\"shariff-button xing shariff-nocustomcolor\" style=\"background-color:#29888a;border-radius:1%\"><a href=\"https:\/\/www.xing.com\/spi\/shares\/new?url=https%3A%2F%2Fwww.sonnenseite.com%2Fde%2Ffranz-alt%2Fkommentare-interviews%2Fklimaschutz-und-klimagerechtigkeit%2F\" title=\"Bei XING teilen\" aria-label=\"Bei XING teilen\" role=\"button\" rel=\"noopener nofollow\" class=\"shariff-link\" style=\";border-radius:1%; background-color:#126567; color:#fff\" target=\"_blank\"><span class=\"shariff-icon\" style=\"\"><svg width=\"32px\" height=\"20px\" xmlns=\"http:\/\/www.w3.org\/2000\/svg\" viewBox=\"0 0 25 32\"><path fill=\"#126567\" d=\"M10.7 11.9q-0.2 0.3-4.6 8.2-0.5 0.8-1.2 0.8h-4.3q-0.4 0-0.5-0.3t0-0.6l4.5-8q0 0 0 0l-2.9-5q-0.2-0.4 0-0.7 0.2-0.3 0.5-0.3h4.3q0.7 0 1.2 0.8zM25.1 0.4q0.2 0.3 0 0.7l-9.4 16.7 6 11q0.2 0.4 0 0.6-0.2 0.3-0.6 0.3h-4.3q-0.7 0-1.2-0.8l-6-11.1q0.3-0.6 9.5-16.8 0.4-0.8 1.2-0.8h4.3q0.4 0 0.5 0.3z\"\/><\/svg><\/span><\/a><\/li><li class=\"shariff-button linkedin shariff-nocustomcolor\" style=\"background-color:#1488bf;border-radius:1%\"><a href=\"https:\/\/www.linkedin.com\/sharing\/share-offsite\/?url=https%3A%2F%2Fwww.sonnenseite.com%2Fde%2Ffranz-alt%2Fkommentare-interviews%2Fklimaschutz-und-klimagerechtigkeit%2F\" title=\"Bei LinkedIn teilen\" aria-label=\"Bei LinkedIn teilen\" role=\"button\" rel=\"noopener nofollow\" class=\"shariff-link\" style=\";border-radius:1%; background-color:#0077b5; color:#fff\" target=\"_blank\"><span class=\"shariff-icon\" style=\"\"><svg width=\"32px\" height=\"20px\" xmlns=\"http:\/\/www.w3.org\/2000\/svg\" viewBox=\"0 0 27 32\"><path fill=\"#0077b5\" d=\"M6.2 11.2v17.7h-5.9v-17.7h5.9zM6.6 5.7q0 1.3-0.9 2.2t-2.4 0.9h0q-1.5 0-2.4-0.9t-0.9-2.2 0.9-2.2 2.4-0.9 2.4 0.9 0.9 2.2zM27.4 18.7v10.1h-5.9v-9.5q0-1.9-0.7-2.9t-2.3-1.1q-1.1 0-1.9 0.6t-1.2 1.5q-0.2 0.5-0.2 1.4v9.9h-5.9q0-7.1 0-11.6t0-5.3l0-0.9h5.9v2.6h0q0.4-0.6 0.7-1t1-0.9 1.6-0.8 2-0.3q3 0 4.9 2t1.9 6z\"\/><\/svg><\/span><\/a><\/li><li class=\"shariff-button printer shariff-nocustomcolor\" style=\"background-color:#a8a8a8;border-radius:1%\"><a href=\"javascript:window.print()\" title=\"drucken\" aria-label=\"drucken\" role=\"button\" rel=\"noopener nofollow\" class=\"shariff-link\" style=\";border-radius:1%; background-color:#999; color:#fff\"><span class=\"shariff-icon\" style=\"\"><svg width=\"32px\" height=\"20px\" xmlns=\"http:\/\/www.w3.org\/2000\/svg\" viewBox=\"0 0 30 32\"><path fill=\"#999\" d=\"M6.8 27.4h16v-4.6h-16v4.6zM6.8 16h16v-6.8h-2.8q-0.7 0-1.2-0.5t-0.5-1.2v-2.8h-11.4v11.4zM27.4 17.2q0-0.5-0.3-0.8t-0.8-0.4-0.8 0.4-0.3 0.8 0.3 0.8 0.8 0.3 0.8-0.3 0.3-0.8zM29.7 17.2v7.4q0 0.2-0.2 0.4t-0.4 0.2h-4v2.8q0 0.7-0.5 1.2t-1.2 0.5h-17.2q-0.7 0-1.2-0.5t-0.5-1.2v-2.8h-4q-0.2 0-0.4-0.2t-0.2-0.4v-7.4q0-1.4 1-2.4t2.4-1h1.2v-9.7q0-0.7 0.5-1.2t1.2-0.5h12q0.7 0 1.6 0.4t1.3 0.8l2.7 2.7q0.5 0.5 0.9 1.4t0.4 1.6v4.6h1.1q1.4 0 2.4 1t1 2.4z\"\/><\/svg><\/span><\/a><\/li><li class=\"shariff-button mailto shariff-nocustomcolor\" style=\"background-color:#a8a8a8;border-radius:1%\"><a href=\"mailto:?body=https%3A%2F%2Fwww.sonnenseite.com%2Fde%2Ffranz-alt%2Fkommentare-interviews%2Fklimaschutz-und-klimagerechtigkeit%2F&subject=Klimaschutz%20und%20Klimagerechtigkeit\" title=\"Per E-Mail versenden\" aria-label=\"Per E-Mail versenden\" role=\"button\" rel=\"noopener nofollow\" class=\"shariff-link\" style=\";border-radius:1%; background-color:#999; color:#fff\"><span class=\"shariff-icon\" style=\"\"><svg width=\"32px\" height=\"20px\" xmlns=\"http:\/\/www.w3.org\/2000\/svg\" viewBox=\"0 0 32 32\"><path fill=\"#999\" d=\"M32 12.7v14.2q0 1.2-0.8 2t-2 0.9h-26.3q-1.2 0-2-0.9t-0.8-2v-14.2q0.8 0.9 1.8 1.6 6.5 4.4 8.9 6.1 1 0.8 1.6 1.2t1.7 0.9 2 0.4h0.1q0.9 0 2-0.4t1.7-0.9 1.6-1.2q3-2.2 8.9-6.1 1-0.7 1.8-1.6zM32 7.4q0 1.4-0.9 2.7t-2.2 2.2q-6.7 4.7-8.4 5.8-0.2 0.1-0.7 0.5t-1 0.7-0.9 0.6-1.1 0.5-0.9 0.2h-0.1q-0.4 0-0.9-0.2t-1.1-0.5-0.9-0.6-1-0.7-0.7-0.5q-1.6-1.1-4.7-3.2t-3.6-2.6q-1.1-0.7-2.1-2t-1-2.5q0-1.4 0.7-2.3t2.1-0.9h26.3q1.2 0 2 0.8t0.9 2z\"\/><\/svg><\/span><\/a><\/li><\/ul><\/div>","protected":false},"excerpt":{"rendered":"<p>Die Bundesregierung will Klimaneutralit\u00e4t bis 2045, die EU erst 2050 erreichen. Und das ist noch umstritten. [&hellip;]<\/p>\n","protected":false},"author":3,"featured_media":77788,"comment_status":"closed","ping_status":"closed","sticky":false,"template":"","format":"standard","meta":{"inline_featured_image":false,"footnotes":""},"categories":[29],"tags":[],"class_list":["post-77785","post","type-post","status-publish","format-standard","has-post-thumbnail","hentry","category-kommentare-interviews"],"yoast_head":"<!-- This site is optimized with the Yoast SEO plugin v26.5 - https:\/\/yoast.com\/wordpress\/plugins\/seo\/ -->\n<title>Klimaschutz und Klimagerechtigkeit - Sonnenseite - \u00d6kologische Kommunikation mit Franz Alt<\/title>\n<meta name=\"description\" content=\"Die Bundesregierung will Klimaneutralit\u00e4t bis 2045, die EU erst 2050 erreichen. Und das ist noch umstritten. Unstrittig ist: Um klimaneutral zu werden,\" \/>\n<meta name=\"robots\" content=\"index, follow, max-snippet:-1, max-image-preview:large, max-video-preview:-1\" \/>\n<link rel=\"canonical\" href=\"https:\/\/www.sonnenseite.com\/de\/franz-alt\/kommentare-interviews\/klimaschutz-und-klimagerechtigkeit\/\" \/>\n<meta property=\"og:locale\" content=\"de_DE\" \/>\n<meta property=\"og:type\" content=\"article\" \/>\n<meta property=\"og:title\" content=\"Klimaschutz und Klimagerechtigkeit - Sonnenseite - \u00d6kologische Kommunikation mit Franz Alt\" \/>\n<meta property=\"og:description\" content=\"Die Bundesregierung will Klimaneutralit\u00e4t bis 2045, die EU erst 2050 erreichen. Und das ist noch umstritten. Unstrittig ist: Um klimaneutral zu werden,\" \/>\n<meta property=\"og:url\" content=\"https:\/\/www.sonnenseite.com\/de\/franz-alt\/kommentare-interviews\/klimaschutz-und-klimagerechtigkeit\/\" \/>\n<meta property=\"og:site_name\" content=\"Sonnenseite\" \/>\n<meta property=\"article:publisher\" content=\"https:\/\/www.facebook.com\/pages\/Franz-Alt-SONNENSEITECOM\/221072987903953?fref=ts\" \/>\n<meta property=\"article:published_time\" content=\"2021-12-18T13:00:00+00:00\" \/>\n<meta property=\"article:modified_time\" content=\"2021-12-27T11:09:27+00:00\" \/>\n<meta property=\"og:image\" content=\"https:\/\/www.sonnenseite.com\/wp-content\/uploads\/2021\/12\/Haus_Waermebild_ginasanders.jpg\" \/>\n\t<meta property=\"og:image:width\" content=\"770\" \/>\n\t<meta property=\"og:image:height\" content=\"420\" \/>\n\t<meta property=\"og:image:type\" content=\"image\/jpeg\" \/>\n<meta name=\"author\" content=\"Bigi Alt\" \/>\n<meta name=\"twitter:card\" content=\"summary_large_image\" \/>\n<meta name=\"twitter:creator\" content=\"@franzalt\" \/>\n<meta name=\"twitter:site\" content=\"@franzalt\" \/>\n<meta name=\"twitter:label1\" content=\"Verfasst von\" \/>\n\t<meta name=\"twitter:data1\" content=\"Bigi Alt\" \/>\n\t<meta name=\"twitter:label2\" content=\"Gesch\u00e4tzte Lesezeit\" \/>\n\t<meta name=\"twitter:data2\" content=\"2\u00a0Minuten\" \/>\n<script type=\"application\/ld+json\" class=\"yoast-schema-graph\">{\"@context\":\"https:\/\/schema.org\",\"@graph\":[{\"@type\":\"Article\",\"@id\":\"https:\/\/www.sonnenseite.com\/de\/franz-alt\/kommentare-interviews\/klimaschutz-und-klimagerechtigkeit\/#article\",\"isPartOf\":{\"@id\":\"https:\/\/www.sonnenseite.com\/de\/franz-alt\/kommentare-interviews\/klimaschutz-und-klimagerechtigkeit\/\"},\"author\":{\"name\":\"Bigi Alt\",\"@id\":\"https:\/\/www.sonnenseite.com\/de\/#\/schema\/person\/50fda0e926597684c7cc6695238a4eb9\"},\"headline\":\"Klimaschutz und Klimagerechtigkeit\",\"datePublished\":\"2021-12-18T13:00:00+00:00\",\"dateModified\":\"2021-12-27T11:09:27+00:00\",\"mainEntityOfPage\":{\"@id\":\"https:\/\/www.sonnenseite.com\/de\/franz-alt\/kommentare-interviews\/klimaschutz-und-klimagerechtigkeit\/\"},\"wordCount\":474,\"publisher\":{\"@id\":\"https:\/\/www.sonnenseite.com\/de\/#organization\"},\"image\":{\"@id\":\"https:\/\/www.sonnenseite.com\/de\/franz-alt\/kommentare-interviews\/klimaschutz-und-klimagerechtigkeit\/#primaryimage\"},\"thumbnailUrl\":\"https:\/\/www.sonnenseite.com\/wp-content\/uploads\/2021\/12\/Haus_Waermebild_ginasanders.jpg\",\"articleSection\":[\"Kommentare &amp; Interviews\"],\"inLanguage\":\"de\"},{\"@type\":\"WebPage\",\"@id\":\"https:\/\/www.sonnenseite.com\/de\/franz-alt\/kommentare-interviews\/klimaschutz-und-klimagerechtigkeit\/\",\"url\":\"https:\/\/www.sonnenseite.com\/de\/franz-alt\/kommentare-interviews\/klimaschutz-und-klimagerechtigkeit\/\",\"name\":\"Klimaschutz und Klimagerechtigkeit - Sonnenseite - \u00d6kologische Kommunikation mit Franz Alt\",\"isPartOf\":{\"@id\":\"https:\/\/www.sonnenseite.com\/de\/#website\"},\"primaryImageOfPage\":{\"@id\":\"https:\/\/www.sonnenseite.com\/de\/franz-alt\/kommentare-interviews\/klimaschutz-und-klimagerechtigkeit\/#primaryimage\"},\"image\":{\"@id\":\"https:\/\/www.sonnenseite.com\/de\/franz-alt\/kommentare-interviews\/klimaschutz-und-klimagerechtigkeit\/#primaryimage\"},\"thumbnailUrl\":\"https:\/\/www.sonnenseite.com\/wp-content\/uploads\/2021\/12\/Haus_Waermebild_ginasanders.jpg\",\"datePublished\":\"2021-12-18T13:00:00+00:00\",\"dateModified\":\"2021-12-27T11:09:27+00:00\",\"description\":\"Die Bundesregierung will Klimaneutralit\u00e4t bis 2045, die EU erst 2050 erreichen. Und das ist noch umstritten. Unstrittig ist: Um klimaneutral zu werden,\",\"breadcrumb\":{\"@id\":\"https:\/\/www.sonnenseite.com\/de\/franz-alt\/kommentare-interviews\/klimaschutz-und-klimagerechtigkeit\/#breadcrumb\"},\"inLanguage\":\"de\",\"potentialAction\":[{\"@type\":\"ReadAction\",\"target\":[\"https:\/\/www.sonnenseite.com\/de\/franz-alt\/kommentare-interviews\/klimaschutz-und-klimagerechtigkeit\/\"]}]},{\"@type\":\"ImageObject\",\"inLanguage\":\"de\",\"@id\":\"https:\/\/www.sonnenseite.com\/de\/franz-alt\/kommentare-interviews\/klimaschutz-und-klimagerechtigkeit\/#primaryimage\",\"url\":\"https:\/\/www.sonnenseite.com\/wp-content\/uploads\/2021\/12\/Haus_Waermebild_ginasanders.jpg\",\"contentUrl\":\"https:\/\/www.sonnenseite.com\/wp-content\/uploads\/2021\/12\/Haus_Waermebild_ginasanders.jpg\",\"width\":770,\"height\":420,\"caption\":\"Depositphotos.com | ginasanders | Franz Alt zu den EU-Klimavorschl\u00e4gen: wie Klimaschutz auch f\u00fcr die \u00c4rmsten finanziert werden.\"},{\"@type\":\"BreadcrumbList\",\"@id\":\"https:\/\/www.sonnenseite.com\/de\/franz-alt\/kommentare-interviews\/klimaschutz-und-klimagerechtigkeit\/#breadcrumb\",\"itemListElement\":[{\"@type\":\"ListItem\",\"position\":1,\"name\":\"Startseite\",\"item\":\"https:\/\/www.sonnenseite.com\/de\/\"},{\"@type\":\"ListItem\",\"position\":2,\"name\":\"Klimaschutz und Klimagerechtigkeit\"}]},{\"@type\":\"WebSite\",\"@id\":\"https:\/\/www.sonnenseite.com\/de\/#website\",\"url\":\"https:\/\/www.sonnenseite.com\/de\/\",\"name\":\"Sonnenseite\",\"description\":\"\u00d6kologische Kommunikation mit Franz Alt\",\"publisher\":{\"@id\":\"https:\/\/www.sonnenseite.com\/de\/#organization\"},\"potentialAction\":[{\"@type\":\"SearchAction\",\"target\":{\"@type\":\"EntryPoint\",\"urlTemplate\":\"https:\/\/www.sonnenseite.com\/de\/?s={search_term_string}\"},\"query-input\":{\"@type\":\"PropertyValueSpecification\",\"valueRequired\":true,\"valueName\":\"search_term_string\"}}],\"inLanguage\":\"de\"},{\"@type\":\"Organization\",\"@id\":\"https:\/\/www.sonnenseite.com\/de\/#organization\",\"name\":\"Sonnenseite\",\"url\":\"https:\/\/www.sonnenseite.com\/de\/\",\"logo\":{\"@type\":\"ImageObject\",\"inLanguage\":\"de\",\"@id\":\"https:\/\/www.sonnenseite.com\/de\/#\/schema\/logo\/image\/\",\"url\":\"https:\/\/www.sonnenseite.com\/wp-content\/uploads\/2020\/05\/Sonnenseite_Logo.png\",\"contentUrl\":\"https:\/\/www.sonnenseite.com\/wp-content\/uploads\/2020\/05\/Sonnenseite_Logo.png\",\"width\":377,\"height\":90,\"caption\":\"Sonnenseite\"},\"image\":{\"@id\":\"https:\/\/www.sonnenseite.com\/de\/#\/schema\/logo\/image\/\"},\"sameAs\":[\"https:\/\/www.facebook.com\/pages\/Franz-Alt-SONNENSEITECOM\/221072987903953?fref=ts\",\"https:\/\/x.com\/franzalt\",\"http:\/\/www.youtube.com\/results?search_query&amp;amp;quot;franz_alt&amp;amp;quot;&amp;amp;amp;amp;search_type&amp;amp;amp;amp;aq=f\"]},{\"@type\":\"Person\",\"@id\":\"https:\/\/www.sonnenseite.com\/de\/#\/schema\/person\/50fda0e926597684c7cc6695238a4eb9\",\"name\":\"Bigi Alt\"}]}<\/script>\n<!-- \/ Yoast SEO plugin. -->","yoast_head_json":{"title":"Klimaschutz und Klimagerechtigkeit - Sonnenseite - \u00d6kologische Kommunikation mit Franz Alt","description":"Die Bundesregierung will Klimaneutralit\u00e4t bis 2045, die EU erst 2050 erreichen. Und das ist noch umstritten. Unstrittig ist: Um klimaneutral zu werden,","robots":{"index":"index","follow":"follow","max-snippet":"max-snippet:-1","max-image-preview":"max-image-preview:large","max-video-preview":"max-video-preview:-1"},"canonical":"https:\/\/www.sonnenseite.com\/de\/franz-alt\/kommentare-interviews\/klimaschutz-und-klimagerechtigkeit\/","og_locale":"de_DE","og_type":"article","og_title":"Klimaschutz und Klimagerechtigkeit - Sonnenseite - \u00d6kologische Kommunikation mit Franz Alt","og_description":"Die Bundesregierung will Klimaneutralit\u00e4t bis 2045, die EU erst 2050 erreichen. Und das ist noch umstritten. Unstrittig ist: Um klimaneutral zu werden,","og_url":"https:\/\/www.sonnenseite.com\/de\/franz-alt\/kommentare-interviews\/klimaschutz-und-klimagerechtigkeit\/","og_site_name":"Sonnenseite","article_publisher":"https:\/\/www.facebook.com\/pages\/Franz-Alt-SONNENSEITECOM\/221072987903953?fref=ts","article_published_time":"2021-12-18T13:00:00+00:00","article_modified_time":"2021-12-27T11:09:27+00:00","og_image":[{"width":770,"height":420,"url":"https:\/\/www.sonnenseite.com\/wp-content\/uploads\/2021\/12\/Haus_Waermebild_ginasanders.jpg","type":"image\/jpeg"}],"author":"Bigi Alt","twitter_card":"summary_large_image","twitter_creator":"@franzalt","twitter_site":"@franzalt","twitter_misc":{"Verfasst von":"Bigi Alt","Gesch\u00e4tzte Lesezeit":"2\u00a0Minuten"},"schema":{"@context":"https:\/\/schema.org","@graph":[{"@type":"Article","@id":"https:\/\/www.sonnenseite.com\/de\/franz-alt\/kommentare-interviews\/klimaschutz-und-klimagerechtigkeit\/#article","isPartOf":{"@id":"https:\/\/www.sonnenseite.com\/de\/franz-alt\/kommentare-interviews\/klimaschutz-und-klimagerechtigkeit\/"},"author":{"name":"Bigi Alt","@id":"https:\/\/www.sonnenseite.com\/de\/#\/schema\/person\/50fda0e926597684c7cc6695238a4eb9"},"headline":"Klimaschutz und Klimagerechtigkeit","datePublished":"2021-12-18T13:00:00+00:00","dateModified":"2021-12-27T11:09:27+00:00","mainEntityOfPage":{"@id":"https:\/\/www.sonnenseite.com\/de\/franz-alt\/kommentare-interviews\/klimaschutz-und-klimagerechtigkeit\/"},"wordCount":474,"publisher":{"@id":"https:\/\/www.sonnenseite.com\/de\/#organization"},"image":{"@id":"https:\/\/www.sonnenseite.com\/de\/franz-alt\/kommentare-interviews\/klimaschutz-und-klimagerechtigkeit\/#primaryimage"},"thumbnailUrl":"https:\/\/www.sonnenseite.com\/wp-content\/uploads\/2021\/12\/Haus_Waermebild_ginasanders.jpg","articleSection":["Kommentare &amp; Interviews"],"inLanguage":"de"},{"@type":"WebPage","@id":"https:\/\/www.sonnenseite.com\/de\/franz-alt\/kommentare-interviews\/klimaschutz-und-klimagerechtigkeit\/","url":"https:\/\/www.sonnenseite.com\/de\/franz-alt\/kommentare-interviews\/klimaschutz-und-klimagerechtigkeit\/","name":"Klimaschutz und Klimagerechtigkeit - Sonnenseite - \u00d6kologische Kommunikation mit Franz Alt","isPartOf":{"@id":"https:\/\/www.sonnenseite.com\/de\/#website"},"primaryImageOfPage":{"@id":"https:\/\/www.sonnenseite.com\/de\/franz-alt\/kommentare-interviews\/klimaschutz-und-klimagerechtigkeit\/#primaryimage"},"image":{"@id":"https:\/\/www.sonnenseite.com\/de\/franz-alt\/kommentare-interviews\/klimaschutz-und-klimagerechtigkeit\/#primaryimage"},"thumbnailUrl":"https:\/\/www.sonnenseite.com\/wp-content\/uploads\/2021\/12\/Haus_Waermebild_ginasanders.jpg","datePublished":"2021-12-18T13:00:00+00:00","dateModified":"2021-12-27T11:09:27+00:00","description":"Die Bundesregierung will Klimaneutralit\u00e4t bis 2045, die EU erst 2050 erreichen. Und das ist noch umstritten. Unstrittig ist: Um klimaneutral zu werden,","breadcrumb":{"@id":"https:\/\/www.sonnenseite.com\/de\/franz-alt\/kommentare-interviews\/klimaschutz-und-klimagerechtigkeit\/#breadcrumb"},"inLanguage":"de","potentialAction":[{"@type":"ReadAction","target":["https:\/\/www.sonnenseite.com\/de\/franz-alt\/kommentare-interviews\/klimaschutz-und-klimagerechtigkeit\/"]}]},{"@type":"ImageObject","inLanguage":"de","@id":"https:\/\/www.sonnenseite.com\/de\/franz-alt\/kommentare-interviews\/klimaschutz-und-klimagerechtigkeit\/#primaryimage","url":"https:\/\/www.sonnenseite.com\/wp-content\/uploads\/2021\/12\/Haus_Waermebild_ginasanders.jpg","contentUrl":"https:\/\/www.sonnenseite.com\/wp-content\/uploads\/2021\/12\/Haus_Waermebild_ginasanders.jpg","width":770,"height":420,"caption":"Depositphotos.com | ginasanders | Franz Alt zu den EU-Klimavorschl\u00e4gen: wie Klimaschutz auch f\u00fcr die \u00c4rmsten finanziert werden."},{"@type":"BreadcrumbList","@id":"https:\/\/www.sonnenseite.com\/de\/franz-alt\/kommentare-interviews\/klimaschutz-und-klimagerechtigkeit\/#breadcrumb","itemListElement":[{"@type":"ListItem","position":1,"name":"Startseite","item":"https:\/\/www.sonnenseite.com\/de\/"},{"@type":"ListItem","position":2,"name":"Klimaschutz und Klimagerechtigkeit"}]},{"@type":"WebSite","@id":"https:\/\/www.sonnenseite.com\/de\/#website","url":"https:\/\/www.sonnenseite.com\/de\/","name":"Sonnenseite","description":"\u00d6kologische Kommunikation mit Franz Alt","publisher":{"@id":"https:\/\/www.sonnenseite.com\/de\/#organization"},"potentialAction":[{"@type":"SearchAction","target":{"@type":"EntryPoint","urlTemplate":"https:\/\/www.sonnenseite.com\/de\/?s={search_term_string}"},"query-input":{"@type":"PropertyValueSpecification","valueRequired":true,"valueName":"search_term_string"}}],"inLanguage":"de"},{"@type":"Organization","@id":"https:\/\/www.sonnenseite.com\/de\/#organization","name":"Sonnenseite","url":"https:\/\/www.sonnenseite.com\/de\/","logo":{"@type":"ImageObject","inLanguage":"de","@id":"https:\/\/www.sonnenseite.com\/de\/#\/schema\/logo\/image\/","url":"https:\/\/www.sonnenseite.com\/wp-content\/uploads\/2020\/05\/Sonnenseite_Logo.png","contentUrl":"https:\/\/www.sonnenseite.com\/wp-content\/uploads\/2020\/05\/Sonnenseite_Logo.png","width":377,"height":90,"caption":"Sonnenseite"},"image":{"@id":"https:\/\/www.sonnenseite.com\/de\/#\/schema\/logo\/image\/"},"sameAs":["https:\/\/www.facebook.com\/pages\/Franz-Alt-SONNENSEITECOM\/221072987903953?fref=ts","https:\/\/x.com\/franzalt","http:\/\/www.youtube.com\/results?search_query&amp;amp;quot;franz_alt&amp;amp;quot;&amp;amp;amp;amp;search_type&amp;amp;amp;amp;aq=f"]},{"@type":"Person","@id":"https:\/\/www.sonnenseite.com\/de\/#\/schema\/person\/50fda0e926597684c7cc6695238a4eb9","name":"Bigi Alt"}]}},"_links":{"self":[{"href":"https:\/\/www.sonnenseite.com\/de\/wp-json\/wp\/v2\/posts\/77785","targetHints":{"allow":["GET"]}}],"collection":[{"href":"https:\/\/www.sonnenseite.com\/de\/wp-json\/wp\/v2\/posts"}],"about":[{"href":"https:\/\/www.sonnenseite.com\/de\/wp-json\/wp\/v2\/types\/post"}],"author":[{"embeddable":true,"href":"https:\/\/www.sonnenseite.com\/de\/wp-json\/wp\/v2\/users\/3"}],"replies":[{"embeddable":true,"href":"https:\/\/www.sonnenseite.com\/de\/wp-json\/wp\/v2\/comments?post=77785"}],"version-history":[{"count":3,"href":"https:\/\/www.sonnenseite.com\/de\/wp-json\/wp\/v2\/posts\/77785\/revisions"}],"predecessor-version":[{"id":77826,"href":"https:\/\/www.sonnenseite.com\/de\/wp-json\/wp\/v2\/posts\/77785\/revisions\/77826"}],"wp:featuredmedia":[{"embeddable":true,"href":"https:\/\/www.sonnenseite.com\/de\/wp-json\/wp\/v2\/media\/77788"}],"wp:attachment":[{"href":"https:\/\/www.sonnenseite.com\/de\/wp-json\/wp\/v2\/media?parent=77785"}],"wp:term":[{"taxonomy":"category","embeddable":true,"href":"https:\/\/www.sonnenseite.com\/de\/wp-json\/wp\/v2\/categories?post=77785"},{"taxonomy":"post_tag","embeddable":true,"href":"https:\/\/www.sonnenseite.com\/de\/wp-json\/wp\/v2\/tags?post=77785"}],"curies":[{"name":"wp","href":"https:\/\/api.w.org\/{rel}","templated":true}]}}