{"id":77898,"date":"2021-12-23T08:47:33","date_gmt":"2021-12-23T07:47:33","guid":{"rendered":"https:\/\/www.sonnenseite.com\/?p=77898"},"modified":"2021-12-23T08:47:33","modified_gmt":"2021-12-23T07:47:33","slug":"niedersachsen-weitere-klage-fuer-mehr-klimaschutz","status":"publish","type":"post","link":"https:\/\/www.sonnenseite.com\/de\/politik\/niedersachsen-weitere-klage-fuer-mehr-klimaschutz\/","title":{"rendered":"Niedersachsen: weitere Klage f\u00fcr mehr Klimaschutz"},"content":{"rendered":"\n<p>Die Jugend will keine faulen Kompromisse mehr und fordert von Deutschlands Erdgas-Hochburg ein Klimagesetz, das seinen Namen verdient<\/p>\n\n\n\n<p>Alles redet \u00fcber Nord Stream 2, die Gaspipeline aus Russland, kaum einer \u00fcber die geplanten <a href=\"https:\/\/www.change.org\/p\/nofracking-keine-neuen-terminals-f%C3%BCr-klimakiller-gas-fridaysforfuture-nomorepillepalle-klimakrise-stephanweil-dguenther-cdush-tschenpe?source_location=topic_page\">Fl\u00fcssiggasterminals<\/a> an der Nordseek\u00fcste f\u00fcr Fracking-Gas aus den USA und noch weniger \u00fcber die einheimische <a href=\"https:\/\/www.erdoel-erdgas-deutschland.de\/erdgas\/\">Gas-<\/a> und <a href=\"https:\/\/www.erdoel-in-speyer.de\/index.php\/rund-ums-erdoel\/erdoelgewinnung-dtl.html\">Erd\u00f6lf\u00f6rderung<\/a>.<\/p>\n\n\n\n<p>Letzteres geschieht vor allem im <a href=\"https:\/\/www.heise.de\/tp\/features\/Erdoel-Teures-Erbe-3646717.html?seite=2\">schleswig-holsteinischen Wattenmeer<\/a>, ein f\u00fcr die Fischbest\u00e4nde besonders wichtiges, aber auch ohnehin durch mancherlei Faktoren bedrohtes \u00d6kosystem. Dennoch wurde 2011 die Verl\u00e4ngerung der dortigen F\u00f6rderung bis in die 2040er Jahre ger\u00e4uschlos und unter Ausschluss der Bev\u00f6lkerung genehmigt.<br><\/p>\n\n\n\n<p><em>Telepolis<\/em> hatte seinerzeit \u00fcber den Widerspruch im Kieler Landtag <a href=\"https:\/\/www.heise.de\/tp\/news\/Offshore-Plattformen-vor-den-deutschen-Kuesten-1988486.html\">berichtet<\/a>. Zur gleichen Zeit erteilte das zust\u00e4ndige Landesamt hinter dem R\u00fccken der Parlamentarier und mit Wissen der schwarz-gelben Kieler Regierung der RWE DEA AG und der Wintershall Holding AG die Erlaubnis, die <a href=\"https:\/\/www.bund.net\/meere\/belastungen\/oelfoerderung\/\">F\u00f6rderung bis 2041 zu verl\u00e4ngern<\/a>. (RWE hat seitdem DEA verkauft.)<br><\/p>\n\n\n\n<p>Die F\u00f6rderplattform <a href=\"https:\/\/wintershalldea.de\/de\/wo-wir-sind\/mittelplate\">Mittelplate<\/a> liegt in schleswig-holsteinischen Gew\u00e4ssern n\u00f6rdlich der Elbm\u00fcndung. Das hierzulande gef\u00f6rderte Erdgas kommt hingegen meist aus Niedersachsen. Die F\u00f6rderung ist allerdings <a href=\"https:\/\/www.erdoel-erdgas-deutschland.de\/erdgas\/\">nach Angaben<\/a> der Bundesanstalt f\u00fcr Geowissenschaften und Rohstoffe seit 18 Jahren r\u00fcckl\u00e4ufig und deckt inzwischen weniger als zehn Prozent des hiesigen Bedarfs.<\/p>\n\n\n\n<h5 class=\"wp-block-heading\">Flache Nordseek\u00fcsten durch Anstieg des Meeresspiegels bedroht<br><\/h5>\n\n\n\n<p>F\u00fcr Niedersachsen wie f\u00fcr die Nachbarn im Norden ist die Ausbeutung fossiler Brennstoffe wegen deren Beitrag zur Klimakrise ein wenig wie das S\u00e4gen am Ast, auf dem man sitzt. Die Nordseek\u00fcsten sind sehr flach und werden langfristig vom Anstieg des Meeresspiegels und damit h\u00f6her auflaufenden Sturmfluten bedroht.<br><\/p>\n\n\n\n<p>Aber die Folgen werden k\u00fcnftige Generationen zu tragen haben. Daher haben drei junge Erwachsene sowie ein Jugendlicher mit Unterst\u00fctzung der Deutschen Umwelthilfe (DUH) eine Klage gegen das Land Niedersachsen beim Bundesverfassungsgericht eingereicht. Die Landesregierung versuche, die Jugendlichen \u201emit einem v\u00f6llig unzureichenden Klimagesetz zu vertr\u00f6sten\u201c. \u201eAussitzen, Ignorieren und Wegsehen\u201c, seien ihre Methoden. (Hier geht es zur <a href=\"https:\/\/www.duh.de\/fileadmin\/user_upload\/download\/Projektinformation\/Klimaschutz\/VerfassungsbeschwerdeNKlimaGfinal_geschw%C3%A4rzt.pdf\">Klageschrift<\/a>.)<br><\/p>\n\n\n\n<p>Die Klage wird mit einer <a href=\"https:\/\/www.change.org\/p\/stephan-weil-ministerpr%C3%A4sident-von-niedersachsen-zeit-f%C3%BCr-unsere-klimaneutrale-zukunft-wir-verklagen-die-nieders%C3%A4chsische-landesregierung?utm_source=share_petition&amp;utm_medium=custom_url&amp;recruited_by_id=535151ee-83e7-4a30-9ea5-c7fefcf80ce8\">Online-Petition<\/a> begleitet. \u201eWir haben Angst um unsere Zukunft\u201c, hei\u00dft es darin. In Niedersachsen habe der VW-Konzern eine derartige Macht, \u201edass von jeglichen Klimaschutzma\u00dfnahmen abgesehen wird, sobald sie auch nur im Ansatz eine Verkehrswende einleiten k\u00f6nnten.\u201c<br><\/p>\n\n\n\n<blockquote class=\"wp-block-quote is-layout-flow wp-block-quote-is-layout-flow\"><p>\u201eWir leben in einem Bundesland, das mit am st\u00e4rksten von der Klimakrise bedroht ist und in dem dennoch immer noch Kohlekraftwerke laufen und Moore f\u00fcr Autobahnen zerst\u00f6rt werden, weiterhin Erdgas und Erd\u00f6l massiv gef\u00f6rdert und fossile Infrastruktur immer weiter ausgebaut wird. (\u2026) 2045 ist zu sp\u00e4t, um das Pariser Klimaschutzabkommen und die Einhaltung der 1,5 \u00b0C Grenze zu realisieren. Wenn das Land Niedersachsen so weiter macht, dann steuern wir auf einen Temperaturanstieg um 4-5 \u00b0C zu!\u201c<br><strong>Online-Petition von vier Kl\u00e4gern, die von der Hannoveraner Landesregierung ernsthaften Klimaschutz verlangen<\/strong><\/p><\/blockquote>\n\n\n\n<p>Niedersachsen ist eines von <a href=\"https:\/\/www.duh.de\/laenderklimaklagen\/\">zehn Bundesl\u00e4ndern<\/a>, in denen die DUH inzwischen Klimaklagen gegen die jeweiligen Landesregierungen unterst\u00fctzt. An den meisten dieser Landesregierungen ist die Partei B\u00fcndnis90\/Die Gr\u00fcnen beteiligt, die in der \u00d6ffentlichkeit noch immer als Klimaschutzpartei wahrgenommen wird.<br><br><\/p>\n\n\n<h5 class=\"green\">Quelle<\/h5>\r\n\n\n\n<p>Der Bericht wurde von der\u00a0Redaktion \u201eTELEPOLIS\u201c (Wolfgang Pomrehn) 2021\u00a0verfasst \u2013 der Artikel darf nicht ohne Genehmigung von\u00a0<a href=\"mailto:WPomrehn@gaarden.de\" target=\"_blank\" rel=\"noreferrer noopener\">Wolfgang Pomrehn 2021<\/a>\u00a0weiterverbreitet werden!\u00a0<\/p>\n<div class=\"shariff shariff-align-flex-start shariff-widget-align-flex-start\"><div class=\"ShariffHeadline\">Diese Meldung teilen<\/div><ul class=\"shariff-buttons theme-round orientation-horizontal buttonsize-medium\"><li class=\"shariff-button facebook shariff-nocustomcolor\" style=\"background-color:#4273c8;border-radius:1%\"><a href=\"https:\/\/www.facebook.com\/sharer\/sharer.php?u=https%3A%2F%2Fwww.sonnenseite.com%2Fde%2Fpolitik%2Fniedersachsen-weitere-klage-fuer-mehr-klimaschutz%2F\" title=\"Bei Facebook teilen\" aria-label=\"Bei Facebook teilen\" role=\"button\" rel=\"nofollow\" class=\"shariff-link\" style=\";border-radius:1%; background-color:#3b5998; color:#fff\" target=\"_blank\"><span class=\"shariff-icon\" style=\"\"><svg width=\"32px\" height=\"20px\" xmlns=\"http:\/\/www.w3.org\/2000\/svg\" viewBox=\"0 0 18 32\"><path fill=\"#3b5998\" d=\"M17.1 0.2v4.7h-2.8q-1.5 0-2.1 0.6t-0.5 1.9v3.4h5.2l-0.7 5.3h-4.5v13.6h-5.5v-13.6h-4.5v-5.3h4.5v-3.9q0-3.3 1.9-5.2t5-1.8q2.6 0 4.1 0.2z\"\/><\/svg><\/span><\/a><\/li><li class=\"shariff-button twitter shariff-nocustomcolor\" style=\"background-color:#595959;border-radius:1%\"><a href=\"https:\/\/twitter.com\/share?url=https%3A%2F%2Fwww.sonnenseite.com%2Fde%2Fpolitik%2Fniedersachsen-weitere-klage-fuer-mehr-klimaschutz%2F&text=Niedersachsen%3A%20weitere%20Klage%20f%C3%BCr%20mehr%20Klimaschutz\" title=\"Bei X teilen\" aria-label=\"Bei X teilen\" role=\"button\" rel=\"noopener nofollow\" class=\"shariff-link\" style=\";border-radius:1%; background-color:#000; color:#fff\" target=\"_blank\"><span class=\"shariff-icon\" style=\"\"><svg width=\"32px\" height=\"20px\" xmlns=\"http:\/\/www.w3.org\/2000\/svg\" viewBox=\"0 0 24 24\"><path fill=\"#000\" d=\"M14.258 10.152L23.176 0h-2.113l-7.747 8.813L7.133 0H0l9.352 13.328L0 23.973h2.113l8.176-9.309 6.531 9.309h7.133zm-2.895 3.293l-.949-1.328L2.875 1.56h3.246l6.086 8.523.945 1.328 7.91 11.078h-3.246zm0 0\"\/><\/svg><\/span><\/a><\/li><li class=\"shariff-button xing shariff-nocustomcolor\" style=\"background-color:#29888a;border-radius:1%\"><a href=\"https:\/\/www.xing.com\/spi\/shares\/new?url=https%3A%2F%2Fwww.sonnenseite.com%2Fde%2Fpolitik%2Fniedersachsen-weitere-klage-fuer-mehr-klimaschutz%2F\" title=\"Bei XING teilen\" aria-label=\"Bei XING teilen\" role=\"button\" rel=\"noopener nofollow\" class=\"shariff-link\" style=\";border-radius:1%; background-color:#126567; color:#fff\" target=\"_blank\"><span class=\"shariff-icon\" style=\"\"><svg width=\"32px\" height=\"20px\" xmlns=\"http:\/\/www.w3.org\/2000\/svg\" viewBox=\"0 0 25 32\"><path fill=\"#126567\" d=\"M10.7 11.9q-0.2 0.3-4.6 8.2-0.5 0.8-1.2 0.8h-4.3q-0.4 0-0.5-0.3t0-0.6l4.5-8q0 0 0 0l-2.9-5q-0.2-0.4 0-0.7 0.2-0.3 0.5-0.3h4.3q0.7 0 1.2 0.8zM25.1 0.4q0.2 0.3 0 0.7l-9.4 16.7 6 11q0.2 0.4 0 0.6-0.2 0.3-0.6 0.3h-4.3q-0.7 0-1.2-0.8l-6-11.1q0.3-0.6 9.5-16.8 0.4-0.8 1.2-0.8h4.3q0.4 0 0.5 0.3z\"\/><\/svg><\/span><\/a><\/li><li class=\"shariff-button linkedin shariff-nocustomcolor\" style=\"background-color:#1488bf;border-radius:1%\"><a href=\"https:\/\/www.linkedin.com\/sharing\/share-offsite\/?url=https%3A%2F%2Fwww.sonnenseite.com%2Fde%2Fpolitik%2Fniedersachsen-weitere-klage-fuer-mehr-klimaschutz%2F\" title=\"Bei LinkedIn teilen\" aria-label=\"Bei LinkedIn teilen\" role=\"button\" rel=\"noopener nofollow\" class=\"shariff-link\" style=\";border-radius:1%; background-color:#0077b5; color:#fff\" target=\"_blank\"><span class=\"shariff-icon\" style=\"\"><svg width=\"32px\" height=\"20px\" xmlns=\"http:\/\/www.w3.org\/2000\/svg\" viewBox=\"0 0 27 32\"><path fill=\"#0077b5\" d=\"M6.2 11.2v17.7h-5.9v-17.7h5.9zM6.6 5.7q0 1.3-0.9 2.2t-2.4 0.9h0q-1.5 0-2.4-0.9t-0.9-2.2 0.9-2.2 2.4-0.9 2.4 0.9 0.9 2.2zM27.4 18.7v10.1h-5.9v-9.5q0-1.9-0.7-2.9t-2.3-1.1q-1.1 0-1.9 0.6t-1.2 1.5q-0.2 0.5-0.2 1.4v9.9h-5.9q0-7.1 0-11.6t0-5.3l0-0.9h5.9v2.6h0q0.4-0.6 0.7-1t1-0.9 1.6-0.8 2-0.3q3 0 4.9 2t1.9 6z\"\/><\/svg><\/span><\/a><\/li><li class=\"shariff-button printer shariff-nocustomcolor\" style=\"background-color:#a8a8a8;border-radius:1%\"><a href=\"javascript:window.print()\" title=\"drucken\" aria-label=\"drucken\" role=\"button\" rel=\"noopener nofollow\" class=\"shariff-link\" style=\";border-radius:1%; background-color:#999; color:#fff\"><span class=\"shariff-icon\" style=\"\"><svg width=\"32px\" height=\"20px\" xmlns=\"http:\/\/www.w3.org\/2000\/svg\" viewBox=\"0 0 30 32\"><path fill=\"#999\" d=\"M6.8 27.4h16v-4.6h-16v4.6zM6.8 16h16v-6.8h-2.8q-0.7 0-1.2-0.5t-0.5-1.2v-2.8h-11.4v11.4zM27.4 17.2q0-0.5-0.3-0.8t-0.8-0.4-0.8 0.4-0.3 0.8 0.3 0.8 0.8 0.3 0.8-0.3 0.3-0.8zM29.7 17.2v7.4q0 0.2-0.2 0.4t-0.4 0.2h-4v2.8q0 0.7-0.5 1.2t-1.2 0.5h-17.2q-0.7 0-1.2-0.5t-0.5-1.2v-2.8h-4q-0.2 0-0.4-0.2t-0.2-0.4v-7.4q0-1.4 1-2.4t2.4-1h1.2v-9.7q0-0.7 0.5-1.2t1.2-0.5h12q0.7 0 1.6 0.4t1.3 0.8l2.7 2.7q0.5 0.5 0.9 1.4t0.4 1.6v4.6h1.1q1.4 0 2.4 1t1 2.4z\"\/><\/svg><\/span><\/a><\/li><li class=\"shariff-button mailto shariff-nocustomcolor\" style=\"background-color:#a8a8a8;border-radius:1%\"><a href=\"mailto:?body=https%3A%2F%2Fwww.sonnenseite.com%2Fde%2Fpolitik%2Fniedersachsen-weitere-klage-fuer-mehr-klimaschutz%2F&subject=Niedersachsen%3A%20weitere%20Klage%20f%C3%BCr%20mehr%20Klimaschutz\" title=\"Per E-Mail versenden\" aria-label=\"Per E-Mail versenden\" role=\"button\" rel=\"noopener nofollow\" class=\"shariff-link\" style=\";border-radius:1%; background-color:#999; color:#fff\"><span class=\"shariff-icon\" style=\"\"><svg width=\"32px\" height=\"20px\" xmlns=\"http:\/\/www.w3.org\/2000\/svg\" viewBox=\"0 0 32 32\"><path fill=\"#999\" d=\"M32 12.7v14.2q0 1.2-0.8 2t-2 0.9h-26.3q-1.2 0-2-0.9t-0.8-2v-14.2q0.8 0.9 1.8 1.6 6.5 4.4 8.9 6.1 1 0.8 1.6 1.2t1.7 0.9 2 0.4h0.1q0.9 0 2-0.4t1.7-0.9 1.6-1.2q3-2.2 8.9-6.1 1-0.7 1.8-1.6zM32 7.4q0 1.4-0.9 2.7t-2.2 2.2q-6.7 4.7-8.4 5.8-0.2 0.1-0.7 0.5t-1 0.7-0.9 0.6-1.1 0.5-0.9 0.2h-0.1q-0.4 0-0.9-0.2t-1.1-0.5-0.9-0.6-1-0.7-0.7-0.5q-1.6-1.1-4.7-3.2t-3.6-2.6q-1.1-0.7-2.1-2t-1-2.5q0-1.4 0.7-2.3t2.1-0.9h26.3q1.2 0 2 0.8t0.9 2z\"\/><\/svg><\/span><\/a><\/li><\/ul><\/div>","protected":false},"excerpt":{"rendered":"<p>Die Jugend will keine faulen Kompromisse mehr und fordert von Deutschlands Erdgas-Hochburg ein Klimagesetz, das seinen [&hellip;]<\/p>\n","protected":false},"author":3,"featured_media":77901,"comment_status":"closed","ping_status":"closed","sticky":false,"template":"","format":"standard","meta":{"inline_featured_image":false,"footnotes":""},"categories":[21],"tags":[],"class_list":["post-77898","post","type-post","status-publish","format-standard","has-post-thumbnail","hentry","category-politik"],"yoast_head":"<!-- This site is optimized with the Yoast SEO plugin v26.5 - https:\/\/yoast.com\/wordpress\/plugins\/seo\/ -->\n<title>Niedersachsen: weitere Klage f\u00fcr mehr Klimaschutz - Sonnenseite - \u00d6kologische Kommunikation mit Franz Alt<\/title>\n<meta name=\"description\" content=\"Die Jugend will keine faulen Kompromisse mehr und fordert von Deutschlands Erdgas-Hochburg ein Klimagesetz, das seinen Namen verdient Alles redet \u00fcber\" \/>\n<meta name=\"robots\" content=\"index, follow, max-snippet:-1, max-image-preview:large, max-video-preview:-1\" \/>\n<link rel=\"canonical\" href=\"https:\/\/www.sonnenseite.com\/de\/politik\/niedersachsen-weitere-klage-fuer-mehr-klimaschutz\/\" \/>\n<meta property=\"og:locale\" content=\"de_DE\" \/>\n<meta property=\"og:type\" content=\"article\" \/>\n<meta property=\"og:title\" content=\"Niedersachsen: weitere Klage f\u00fcr mehr Klimaschutz - Sonnenseite - \u00d6kologische Kommunikation mit Franz Alt\" \/>\n<meta property=\"og:description\" content=\"Die Jugend will keine faulen Kompromisse mehr und fordert von Deutschlands Erdgas-Hochburg ein Klimagesetz, das seinen Namen verdient Alles redet \u00fcber\" \/>\n<meta property=\"og:url\" content=\"https:\/\/www.sonnenseite.com\/de\/politik\/niedersachsen-weitere-klage-fuer-mehr-klimaschutz\/\" \/>\n<meta property=\"og:site_name\" content=\"Sonnenseite\" \/>\n<meta property=\"article:publisher\" content=\"https:\/\/www.facebook.com\/pages\/Franz-Alt-SONNENSEITECOM\/221072987903953?fref=ts\" \/>\n<meta property=\"article:published_time\" content=\"2021-12-23T07:47:33+00:00\" \/>\n<meta property=\"og:image\" content=\"https:\/\/www.sonnenseite.com\/wp-content\/uploads\/2021\/12\/Justiz_Umwelt_shuttersport.jpg\" \/>\n\t<meta property=\"og:image:width\" content=\"770\" \/>\n\t<meta property=\"og:image:height\" content=\"420\" \/>\n\t<meta property=\"og:image:type\" content=\"image\/jpeg\" \/>\n<meta name=\"author\" content=\"Bigi Alt\" \/>\n<meta name=\"twitter:card\" content=\"summary_large_image\" \/>\n<meta name=\"twitter:creator\" content=\"@franzalt\" \/>\n<meta name=\"twitter:site\" content=\"@franzalt\" \/>\n<meta name=\"twitter:label1\" content=\"Verfasst von\" \/>\n\t<meta name=\"twitter:data1\" content=\"Bigi Alt\" \/>\n\t<meta name=\"twitter:label2\" content=\"Gesch\u00e4tzte Lesezeit\" \/>\n\t<meta name=\"twitter:data2\" content=\"3\u00a0Minuten\" \/>\n<script type=\"application\/ld+json\" class=\"yoast-schema-graph\">{\"@context\":\"https:\/\/schema.org\",\"@graph\":[{\"@type\":\"Article\",\"@id\":\"https:\/\/www.sonnenseite.com\/de\/politik\/niedersachsen-weitere-klage-fuer-mehr-klimaschutz\/#article\",\"isPartOf\":{\"@id\":\"https:\/\/www.sonnenseite.com\/de\/politik\/niedersachsen-weitere-klage-fuer-mehr-klimaschutz\/\"},\"author\":{\"name\":\"Bigi Alt\",\"@id\":\"https:\/\/www.sonnenseite.com\/de\/#\/schema\/person\/50fda0e926597684c7cc6695238a4eb9\"},\"headline\":\"Niedersachsen: weitere Klage f\u00fcr mehr Klimaschutz\",\"datePublished\":\"2021-12-23T07:47:33+00:00\",\"mainEntityOfPage\":{\"@id\":\"https:\/\/www.sonnenseite.com\/de\/politik\/niedersachsen-weitere-klage-fuer-mehr-klimaschutz\/\"},\"wordCount\":534,\"publisher\":{\"@id\":\"https:\/\/www.sonnenseite.com\/de\/#organization\"},\"image\":{\"@id\":\"https:\/\/www.sonnenseite.com\/de\/politik\/niedersachsen-weitere-klage-fuer-mehr-klimaschutz\/#primaryimage\"},\"thumbnailUrl\":\"https:\/\/www.sonnenseite.com\/wp-content\/uploads\/2021\/12\/Justiz_Umwelt_shuttersport.jpg\",\"articleSection\":[\"Politik\"],\"inLanguage\":\"de\"},{\"@type\":\"WebPage\",\"@id\":\"https:\/\/www.sonnenseite.com\/de\/politik\/niedersachsen-weitere-klage-fuer-mehr-klimaschutz\/\",\"url\":\"https:\/\/www.sonnenseite.com\/de\/politik\/niedersachsen-weitere-klage-fuer-mehr-klimaschutz\/\",\"name\":\"Niedersachsen: weitere Klage f\u00fcr mehr Klimaschutz - Sonnenseite - \u00d6kologische Kommunikation mit Franz Alt\",\"isPartOf\":{\"@id\":\"https:\/\/www.sonnenseite.com\/de\/#website\"},\"primaryImageOfPage\":{\"@id\":\"https:\/\/www.sonnenseite.com\/de\/politik\/niedersachsen-weitere-klage-fuer-mehr-klimaschutz\/#primaryimage\"},\"image\":{\"@id\":\"https:\/\/www.sonnenseite.com\/de\/politik\/niedersachsen-weitere-klage-fuer-mehr-klimaschutz\/#primaryimage\"},\"thumbnailUrl\":\"https:\/\/www.sonnenseite.com\/wp-content\/uploads\/2021\/12\/Justiz_Umwelt_shuttersport.jpg\",\"datePublished\":\"2021-12-23T07:47:33+00:00\",\"description\":\"Die Jugend will keine faulen Kompromisse mehr und fordert von Deutschlands Erdgas-Hochburg ein Klimagesetz, das seinen Namen verdient Alles redet \u00fcber\",\"breadcrumb\":{\"@id\":\"https:\/\/www.sonnenseite.com\/de\/politik\/niedersachsen-weitere-klage-fuer-mehr-klimaschutz\/#breadcrumb\"},\"inLanguage\":\"de\",\"potentialAction\":[{\"@type\":\"ReadAction\",\"target\":[\"https:\/\/www.sonnenseite.com\/de\/politik\/niedersachsen-weitere-klage-fuer-mehr-klimaschutz\/\"]}]},{\"@type\":\"ImageObject\",\"inLanguage\":\"de\",\"@id\":\"https:\/\/www.sonnenseite.com\/de\/politik\/niedersachsen-weitere-klage-fuer-mehr-klimaschutz\/#primaryimage\",\"url\":\"https:\/\/www.sonnenseite.com\/wp-content\/uploads\/2021\/12\/Justiz_Umwelt_shuttersport.jpg\",\"contentUrl\":\"https:\/\/www.sonnenseite.com\/wp-content\/uploads\/2021\/12\/Justiz_Umwelt_shuttersport.jpg\",\"width\":770,\"height\":420,\"caption\":\"Depositphotos.com | shuttersport\"},{\"@type\":\"BreadcrumbList\",\"@id\":\"https:\/\/www.sonnenseite.com\/de\/politik\/niedersachsen-weitere-klage-fuer-mehr-klimaschutz\/#breadcrumb\",\"itemListElement\":[{\"@type\":\"ListItem\",\"position\":1,\"name\":\"Startseite\",\"item\":\"https:\/\/www.sonnenseite.com\/de\/\"},{\"@type\":\"ListItem\",\"position\":2,\"name\":\"Niedersachsen: weitere Klage f\u00fcr mehr Klimaschutz\"}]},{\"@type\":\"WebSite\",\"@id\":\"https:\/\/www.sonnenseite.com\/de\/#website\",\"url\":\"https:\/\/www.sonnenseite.com\/de\/\",\"name\":\"Sonnenseite\",\"description\":\"\u00d6kologische Kommunikation mit Franz Alt\",\"publisher\":{\"@id\":\"https:\/\/www.sonnenseite.com\/de\/#organization\"},\"potentialAction\":[{\"@type\":\"SearchAction\",\"target\":{\"@type\":\"EntryPoint\",\"urlTemplate\":\"https:\/\/www.sonnenseite.com\/de\/?s={search_term_string}\"},\"query-input\":{\"@type\":\"PropertyValueSpecification\",\"valueRequired\":true,\"valueName\":\"search_term_string\"}}],\"inLanguage\":\"de\"},{\"@type\":\"Organization\",\"@id\":\"https:\/\/www.sonnenseite.com\/de\/#organization\",\"name\":\"Sonnenseite\",\"url\":\"https:\/\/www.sonnenseite.com\/de\/\",\"logo\":{\"@type\":\"ImageObject\",\"inLanguage\":\"de\",\"@id\":\"https:\/\/www.sonnenseite.com\/de\/#\/schema\/logo\/image\/\",\"url\":\"https:\/\/www.sonnenseite.com\/wp-content\/uploads\/2020\/05\/Sonnenseite_Logo.png\",\"contentUrl\":\"https:\/\/www.sonnenseite.com\/wp-content\/uploads\/2020\/05\/Sonnenseite_Logo.png\",\"width\":377,\"height\":90,\"caption\":\"Sonnenseite\"},\"image\":{\"@id\":\"https:\/\/www.sonnenseite.com\/de\/#\/schema\/logo\/image\/\"},\"sameAs\":[\"https:\/\/www.facebook.com\/pages\/Franz-Alt-SONNENSEITECOM\/221072987903953?fref=ts\",\"https:\/\/x.com\/franzalt\",\"http:\/\/www.youtube.com\/results?search_query&amp;amp;quot;franz_alt&amp;amp;quot;&amp;amp;amp;amp;search_type&amp;amp;amp;amp;aq=f\"]},{\"@type\":\"Person\",\"@id\":\"https:\/\/www.sonnenseite.com\/de\/#\/schema\/person\/50fda0e926597684c7cc6695238a4eb9\",\"name\":\"Bigi Alt\"}]}<\/script>\n<!-- \/ Yoast SEO plugin. -->","yoast_head_json":{"title":"Niedersachsen: weitere Klage f\u00fcr mehr Klimaschutz - Sonnenseite - \u00d6kologische Kommunikation mit Franz Alt","description":"Die Jugend will keine faulen Kompromisse mehr und fordert von Deutschlands Erdgas-Hochburg ein Klimagesetz, das seinen Namen verdient Alles redet \u00fcber","robots":{"index":"index","follow":"follow","max-snippet":"max-snippet:-1","max-image-preview":"max-image-preview:large","max-video-preview":"max-video-preview:-1"},"canonical":"https:\/\/www.sonnenseite.com\/de\/politik\/niedersachsen-weitere-klage-fuer-mehr-klimaschutz\/","og_locale":"de_DE","og_type":"article","og_title":"Niedersachsen: weitere Klage f\u00fcr mehr Klimaschutz - Sonnenseite - \u00d6kologische Kommunikation mit Franz Alt","og_description":"Die Jugend will keine faulen Kompromisse mehr und fordert von Deutschlands Erdgas-Hochburg ein Klimagesetz, das seinen Namen verdient Alles redet \u00fcber","og_url":"https:\/\/www.sonnenseite.com\/de\/politik\/niedersachsen-weitere-klage-fuer-mehr-klimaschutz\/","og_site_name":"Sonnenseite","article_publisher":"https:\/\/www.facebook.com\/pages\/Franz-Alt-SONNENSEITECOM\/221072987903953?fref=ts","article_published_time":"2021-12-23T07:47:33+00:00","og_image":[{"width":770,"height":420,"url":"https:\/\/www.sonnenseite.com\/wp-content\/uploads\/2021\/12\/Justiz_Umwelt_shuttersport.jpg","type":"image\/jpeg"}],"author":"Bigi Alt","twitter_card":"summary_large_image","twitter_creator":"@franzalt","twitter_site":"@franzalt","twitter_misc":{"Verfasst von":"Bigi Alt","Gesch\u00e4tzte Lesezeit":"3\u00a0Minuten"},"schema":{"@context":"https:\/\/schema.org","@graph":[{"@type":"Article","@id":"https:\/\/www.sonnenseite.com\/de\/politik\/niedersachsen-weitere-klage-fuer-mehr-klimaschutz\/#article","isPartOf":{"@id":"https:\/\/www.sonnenseite.com\/de\/politik\/niedersachsen-weitere-klage-fuer-mehr-klimaschutz\/"},"author":{"name":"Bigi Alt","@id":"https:\/\/www.sonnenseite.com\/de\/#\/schema\/person\/50fda0e926597684c7cc6695238a4eb9"},"headline":"Niedersachsen: weitere Klage f\u00fcr mehr Klimaschutz","datePublished":"2021-12-23T07:47:33+00:00","mainEntityOfPage":{"@id":"https:\/\/www.sonnenseite.com\/de\/politik\/niedersachsen-weitere-klage-fuer-mehr-klimaschutz\/"},"wordCount":534,"publisher":{"@id":"https:\/\/www.sonnenseite.com\/de\/#organization"},"image":{"@id":"https:\/\/www.sonnenseite.com\/de\/politik\/niedersachsen-weitere-klage-fuer-mehr-klimaschutz\/#primaryimage"},"thumbnailUrl":"https:\/\/www.sonnenseite.com\/wp-content\/uploads\/2021\/12\/Justiz_Umwelt_shuttersport.jpg","articleSection":["Politik"],"inLanguage":"de"},{"@type":"WebPage","@id":"https:\/\/www.sonnenseite.com\/de\/politik\/niedersachsen-weitere-klage-fuer-mehr-klimaschutz\/","url":"https:\/\/www.sonnenseite.com\/de\/politik\/niedersachsen-weitere-klage-fuer-mehr-klimaschutz\/","name":"Niedersachsen: weitere Klage f\u00fcr mehr Klimaschutz - Sonnenseite - \u00d6kologische Kommunikation mit Franz Alt","isPartOf":{"@id":"https:\/\/www.sonnenseite.com\/de\/#website"},"primaryImageOfPage":{"@id":"https:\/\/www.sonnenseite.com\/de\/politik\/niedersachsen-weitere-klage-fuer-mehr-klimaschutz\/#primaryimage"},"image":{"@id":"https:\/\/www.sonnenseite.com\/de\/politik\/niedersachsen-weitere-klage-fuer-mehr-klimaschutz\/#primaryimage"},"thumbnailUrl":"https:\/\/www.sonnenseite.com\/wp-content\/uploads\/2021\/12\/Justiz_Umwelt_shuttersport.jpg","datePublished":"2021-12-23T07:47:33+00:00","description":"Die Jugend will keine faulen Kompromisse mehr und fordert von Deutschlands Erdgas-Hochburg ein Klimagesetz, das seinen Namen verdient Alles redet \u00fcber","breadcrumb":{"@id":"https:\/\/www.sonnenseite.com\/de\/politik\/niedersachsen-weitere-klage-fuer-mehr-klimaschutz\/#breadcrumb"},"inLanguage":"de","potentialAction":[{"@type":"ReadAction","target":["https:\/\/www.sonnenseite.com\/de\/politik\/niedersachsen-weitere-klage-fuer-mehr-klimaschutz\/"]}]},{"@type":"ImageObject","inLanguage":"de","@id":"https:\/\/www.sonnenseite.com\/de\/politik\/niedersachsen-weitere-klage-fuer-mehr-klimaschutz\/#primaryimage","url":"https:\/\/www.sonnenseite.com\/wp-content\/uploads\/2021\/12\/Justiz_Umwelt_shuttersport.jpg","contentUrl":"https:\/\/www.sonnenseite.com\/wp-content\/uploads\/2021\/12\/Justiz_Umwelt_shuttersport.jpg","width":770,"height":420,"caption":"Depositphotos.com | shuttersport"},{"@type":"BreadcrumbList","@id":"https:\/\/www.sonnenseite.com\/de\/politik\/niedersachsen-weitere-klage-fuer-mehr-klimaschutz\/#breadcrumb","itemListElement":[{"@type":"ListItem","position":1,"name":"Startseite","item":"https:\/\/www.sonnenseite.com\/de\/"},{"@type":"ListItem","position":2,"name":"Niedersachsen: weitere Klage f\u00fcr mehr Klimaschutz"}]},{"@type":"WebSite","@id":"https:\/\/www.sonnenseite.com\/de\/#website","url":"https:\/\/www.sonnenseite.com\/de\/","name":"Sonnenseite","description":"\u00d6kologische Kommunikation mit Franz Alt","publisher":{"@id":"https:\/\/www.sonnenseite.com\/de\/#organization"},"potentialAction":[{"@type":"SearchAction","target":{"@type":"EntryPoint","urlTemplate":"https:\/\/www.sonnenseite.com\/de\/?s={search_term_string}"},"query-input":{"@type":"PropertyValueSpecification","valueRequired":true,"valueName":"search_term_string"}}],"inLanguage":"de"},{"@type":"Organization","@id":"https:\/\/www.sonnenseite.com\/de\/#organization","name":"Sonnenseite","url":"https:\/\/www.sonnenseite.com\/de\/","logo":{"@type":"ImageObject","inLanguage":"de","@id":"https:\/\/www.sonnenseite.com\/de\/#\/schema\/logo\/image\/","url":"https:\/\/www.sonnenseite.com\/wp-content\/uploads\/2020\/05\/Sonnenseite_Logo.png","contentUrl":"https:\/\/www.sonnenseite.com\/wp-content\/uploads\/2020\/05\/Sonnenseite_Logo.png","width":377,"height":90,"caption":"Sonnenseite"},"image":{"@id":"https:\/\/www.sonnenseite.com\/de\/#\/schema\/logo\/image\/"},"sameAs":["https:\/\/www.facebook.com\/pages\/Franz-Alt-SONNENSEITECOM\/221072987903953?fref=ts","https:\/\/x.com\/franzalt","http:\/\/www.youtube.com\/results?search_query&amp;amp;quot;franz_alt&amp;amp;quot;&amp;amp;amp;amp;search_type&amp;amp;amp;amp;aq=f"]},{"@type":"Person","@id":"https:\/\/www.sonnenseite.com\/de\/#\/schema\/person\/50fda0e926597684c7cc6695238a4eb9","name":"Bigi Alt"}]}},"_links":{"self":[{"href":"https:\/\/www.sonnenseite.com\/de\/wp-json\/wp\/v2\/posts\/77898","targetHints":{"allow":["GET"]}}],"collection":[{"href":"https:\/\/www.sonnenseite.com\/de\/wp-json\/wp\/v2\/posts"}],"about":[{"href":"https:\/\/www.sonnenseite.com\/de\/wp-json\/wp\/v2\/types\/post"}],"author":[{"embeddable":true,"href":"https:\/\/www.sonnenseite.com\/de\/wp-json\/wp\/v2\/users\/3"}],"replies":[{"embeddable":true,"href":"https:\/\/www.sonnenseite.com\/de\/wp-json\/wp\/v2\/comments?post=77898"}],"version-history":[{"count":2,"href":"https:\/\/www.sonnenseite.com\/de\/wp-json\/wp\/v2\/posts\/77898\/revisions"}],"predecessor-version":[{"id":77900,"href":"https:\/\/www.sonnenseite.com\/de\/wp-json\/wp\/v2\/posts\/77898\/revisions\/77900"}],"wp:featuredmedia":[{"embeddable":true,"href":"https:\/\/www.sonnenseite.com\/de\/wp-json\/wp\/v2\/media\/77901"}],"wp:attachment":[{"href":"https:\/\/www.sonnenseite.com\/de\/wp-json\/wp\/v2\/media?parent=77898"}],"wp:term":[{"taxonomy":"category","embeddable":true,"href":"https:\/\/www.sonnenseite.com\/de\/wp-json\/wp\/v2\/categories?post=77898"},{"taxonomy":"post_tag","embeddable":true,"href":"https:\/\/www.sonnenseite.com\/de\/wp-json\/wp\/v2\/tags?post=77898"}],"curies":[{"name":"wp","href":"https:\/\/api.w.org\/{rel}","templated":true}]}}