{"id":77978,"date":"2021-12-28T02:15:00","date_gmt":"2021-12-28T01:15:00","guid":{"rendered":"https:\/\/www.sonnenseite.com\/?p=77978"},"modified":"2021-12-26T09:16:05","modified_gmt":"2021-12-26T08:16:05","slug":"lichtverschmutzung-bedroht-ernsthaft-biologische-vielfalt","status":"publish","type":"post","link":"https:\/\/www.sonnenseite.com\/de\/umwelt\/lichtverschmutzung-bedroht-ernsthaft-biologische-vielfalt\/","title":{"rendered":"Lichtverschmutzung bedroht ernsthaft biologische Vielfalt"},"content":{"rendered":"\n<p>Die dunkle Jahreszeit ist durch die Zunahme von k\u00fcnstlicher Beleuchtung lange nicht mehr so dunkel wie vordem. Lichtverschmutzung nennen Forschende das Problem. K\u00fcnstliche Beleuchtung sorgt f\u00fcr zu helle N\u00e4chte und Winter. Forschende vom <a href=\"https:\/\/www.leibniz-gemeinschaft.de\/ueber-uns\/neues\/forschungsnachrichten\/forschungsnachrichten-single\/newsdetails\/zu-helle-jahreszeit\" target=\"_blank\" rel=\"noreferrer noopener\">Leibniz-Institut f\u00fcr Gew\u00e4sser\u00f6kologie und Binnenfischerei IGB<\/a> haben zusammengetragen, was getan werden muss, um die Auswirkungen von Lichtverschmutzung auf die biologische Vielfalt zu mindern. Immer mehr wissenschaftliche Studien zeigen, dass Lichtverschmutzung eine ernsthafte Bedrohung f\u00fcr alle Ebenen der biologischen Vielfalt darstellt \u2013 von Genen bis zu \u00d6kosystemen.<\/p>\n\n\n\n<p>Die Forschenden untersuchten das Thema, geben einen \u00dcberblick und haben in einem internationalen Team 11 dringende Forschungsfragen identifiziert, die es zu l\u00f6sen gilt, um die Auswirkungen von Lichtverschmutzung auf die biologische Vielfalt zu mindern.<\/p>\n\n\n\n<p>K\u00fcnstliches Licht in der Nacht ist eng mit der modernen Gesellschaft verbunden und nimmt als Lichtverschmutzung weltweit rasch zu \u2013 pro Jahr um etwa 2 bis 6 Prozent. \u00d6kosysteme sind durch nat\u00fcrliche Hell-Dunkel-Zyklen strukturiert, also durch Tages-, Jahres- und Mondzyklen. Viele Lebewesen haben ihr Leben im Laufe der Evolution an diese Taktgeber angepasst. Lichtverschmutzung st\u00f6rt diese Zyklen, was sich auf&nbsp; allen Ebenen der biologischen Vielfalt auswirken kann, die wiederum eng miteinander verbunden sind.<\/p>\n\n\n\n<h5 class=\"wp-block-heading\">Ist es zu hell, fehlt das saisonale Signal: B\u00e4ume verlieren selbst im Winter ihre Bl\u00e4tter nicht<\/h5>\n\n\n\n<p>Die \u00dcbergangsphasen vom Herbst zum Winter und vom Winter zum Fr\u00fchjahr sind f\u00fcr viele Prozesse in der Natur wichtig. Ein Signal f\u00fcr den einsetzenden Winter ist, dass die Tage k\u00fcrzer werden \u2013 es also fr\u00fcher dunkel wird. \u201eLichtverschmutzung kann diesen Zeitgeber f\u00fcr den saisonalen Rhythmus st\u00f6ren. Ich habe das tats\u00e4chlich gerade direkt vor meiner Haust\u00fcr erlebt: Mehrere Robinien, die direkt an&nbsp; Stra\u00dfenlaternen stehen, tragen an der Seite, die der Leuchte zugewandt ist, selbst jetzt Anfang Dezember noch Bl\u00e4tter, w\u00e4hrend die auf der lichtabgewandten Seite kahl ist. Dies kann man oft an Stadtb\u00e4umen beobachten&nbsp; \u2013 und es ist nat\u00fcrlich problematisch, denn der Laubabwurf soll den Baum ja vor Frostsch\u00e4den sch\u00fctzen\u201c, erl\u00e4utert IGB-Forscher Franz H\u00f6lker. Der \u00d6kologe ist Experte f\u00fcr die \u00f6kologischen Auswirkungen von Lichtverschmutzung.<\/p>\n\n\n\n<h5 class=\"wp-block-heading\">Zugv\u00f6gel werden von ihrem Weg in die Winterquartiere abgelenkt<\/h5>\n\n\n\n<p>F\u00fcr Zugv\u00f6gel kann der Weg in die Winterruhe durch Lichtverschmutzung gest\u00f6rt werden. \u201eIn diesem Fall wirkt das k\u00fcnstliche Licht nicht als St\u00f6rfaktor f\u00fcr den saisonalen Rhythmus, sondern als Barriere und Ablenkung\u201c, erl\u00e4utert Franz H\u00f6lker. Wandernde Arten, wie Zugv\u00f6gel, zeigen erstaunliche Orientierungsleistungen bei ihren globalen Reisen. \u201eNoch sind die Mechanismen weitgehend unerforscht. Man wei\u00df aber, dass sich einige Arten neben dem Magnetfeld der Erde an den Gestirnen orientieren. Sie k\u00f6nnen dabei durch gro\u00dfe beleuchtete Geb\u00e4ude oder Skybeamer von ihrem Kurs abgebracht werden. Diese Lichtkegel von Skybeamern oder Geb\u00e4udebeleuchtungen k\u00f6nnen regelrecht als Staubsauger wirken, in die die Tiere hineingeraten, schwer wieder&nbsp; herausfinden und m\u00f6glicherweise verenden\u201c, stimmt der IGB-Forscher Gregor Kalinkat zu. Eine Studie unter Leitung des Forschers Travis Longcore von der Urban Wildlands Group \u00fcber die Todesf\u00e4lle von V\u00f6geln an Funkt\u00fcrmen in den USA und in Kanada zeigte, dass besonders neotropische Zugv\u00f6gel auf ihren Wanderungen in und von den Wintergebieten betroffen waren.<\/p>\n\n\n\n<h5 class=\"wp-block-heading\">Snowglow oder Schneegl\u00fchen \u2013 doppelt so hell wie beim hellstem Vollmond<\/h5>\n\n\n\n<p>Franz H\u00f6lker und sein IGB-Kollege, der Physiker Dr. Andreas Jechow, haben in einer weiteren Studie festgestellt, dass Winterwetter mit Schnee und Wolken das k\u00fcnstliche Himmelsleuchten (auf Englisch skyglow) verst\u00e4rken kann. Als Himmelsleuchten bezeichnet man den Anteil k\u00fcnstlichen Lichts, der nachts von der Erde nach oben abgestrahlt und anschlie\u00dfend in der Atmosph\u00e4re zur\u00fcckgestreut wird \u2013 oft als gro\u00dfe Lichtglocken \u00fcber St\u00e4dten zu sehen. Das Himmelsleuchten h\u00e4ngt von den atmosph\u00e4rischen Bedingungen, aber auch von der Reflexion von Licht am Boden ab. \u201eDer Himmel war bei den Messungen in einer mondlosen Nacht mit Wolken und Schnee um den Faktor 1.000 heller als der Wert bei klarem Himmel ohne Schnee und die Beleuchtungsst\u00e4rke war mit 0.8 Lux mehr als doppelt so hoch wie die des hellsten Vollmonds\u201c, erl\u00e4utert Andreas Jechow.<\/p>\n\n\n\n<h5 class=\"wp-block-heading\">Auswirkungen von Lichtverschmutzung auf die Artenvielfalt:\u00a0Ein Drittel aller Wirbeltiere nachtaktiv<\/h5>\n\n\n\n<p>Die Auswirkungen von Lichtverschmutzung auf die Biodiversit\u00e4t sind vielf\u00e4ltig \u2013 von der Genexpression bis hin zum Funktionieren des \u00d6kosystems. 30 Prozent aller Wirbeltiere und mehr als 60 Prozent aller Wirbellosen sind nachtaktiv und daher oft direkt von Lichtverschmutzung betroffen, denn f\u00fcr diese Tiere verschiebt sich die Zeit ihrer Aktivit\u00e4ten \u2013 wie Futtersuche, Fortpflanzung und R\u00e4ubervermeidung \u2013 ganz essenziell.<\/p>\n\n\n\n<p>Viele negative Effekte auf Lebewesen werden durch die Unterdr\u00fcckung des \u201eNachthormons\u201d Melatonins vermittelt. Vor allem kurzwelliges Licht, der blaue Anteil des sichtbaren Lichtes, unterdr\u00fcckt die k\u00f6rpereigene Bildung dieses Botenstoffs und st\u00f6rt damit zusammenh\u00e4ngende Stoffwechselprozesse wie die Immunabwehr, das Wachstum oder die Fortpflanzungsphysiologie. \u201eDie saisonale Fruchtbarkeit kann sich bei sensiblen Singvogelarten&nbsp; verfr\u00fchen. Bei Lachsen&nbsp; wurde durch Beleuchtung eine Verl\u00e4ngerung der Laichzeit festgestellt. Solche Verschiebungen der Reproduktionsphase k\u00f6nnen die Synchronisierung in \u00d6kosystemen st\u00f6ren und sich negativ auf&nbsp; die Populationen auswirken, beispielsweise wenn das Futterangebot nicht geeignet ist, oder wie bei den Lachsen, wenn der Druck durch R\u00e4uber zu hoch wird\u201c, erl\u00e4utert Gregor Kalinkat.<\/p>\n\n\n\n<p>Auch Kleinstlebewesen unterliegen tageszeitlichen&nbsp; Rhythmen. Das Zooplankton in Gew\u00e4ssern (beispielsweise Wasserfl\u00f6he) etwa, sucht den Schutz der Dunkelheit, um ungesehen von Fressfeinden, in oberen Gew\u00e4sserschichten Algen und andere Mikroorganismen zu fressen. Diese Kleinstlebewesen tragen damit wesentlich zur Selbstreinigung von Gew\u00e4ssern bei. Die tageszeitliche Wanderung des Zooplanktons kann schon durch geringes k\u00fcnstliches Himmelsleuchten beeinflusst werden und deshalb&nbsp; wird wahrscheinlich noch weit \u00fcber die Stadtgrenzen hinaus die \u00d6kosystemleistung der Gew\u00e4sserreinigung von Algen durch Zooplankton beeintr\u00e4chtigt.<\/p>\n\n\n\n<p>Lichtverschmutzung gilt auch als einer der Gr\u00fcnde f\u00fcr das weltweite Insektensterben. Denn nachtaktive Insekten wie Nachtfalter werden von Lichtquellen massenhaft angelockt, dort zur leichten Beute, oder sterben durch Hitze oder Ersch\u00f6pfung.<\/p>\n\n\n\n<h5 class=\"wp-block-heading\">Herausforderungen beim Schutz der Biodiversit\u00e4t<\/h5>\n\n\n\n<p>Die Regulierung von n\u00e4chtlicher k\u00fcnstlicher Beleuchtung h\u00e4ngt stark von den beteiligten politischen und administrativen Akteuren ab, die verschiedene Aspekte wie Sicherheit, Energieeffizienz, Design sowie Gesundheits- und Umweltbelange abw\u00e4gen m\u00fcssen. Ein gesetzgeberisches Manko im Umweltschutz ist, dass oft nur Arten mit besonderem Schutzstatus gesch\u00fctzt werden. Nachteilige Auswirkungen auf Arten und Landschaften ohne besonderen Schutzstatus werden von den bestehenden Regelungen selten ber\u00fccksichtigt. Dar\u00fcber hinaus sollte die Au\u00dfenbeleuchtungspolitik die gesamte Zusammensetzung der st\u00e4dtischen Beleuchtung (wie Werbung, architektonische Beleuchtung und Sportbeleuchtung) ber\u00fccksichtigen und sich nicht nur auf die Stra\u00dfenbeleuchtung konzentrieren.<\/p>\n\n\n\n<p>Ein vielversprechender Weg ist das deutsche \u201eInsektenschutz\u201c-Gesetz, eine Anpassung im Bundesnaturschutzgesetz, das eine Abstimmung der Regulierung von Lichtemissionen mit Immissionsschutz anstrebt. Ein weiterer interessanter Ansatz, um die Auswirkungen von Lichtverschmutzung auf der Landschaftsebene zu begrenzen, k\u00f6nnte die Einrichtung von \u201eDark Infrastructures \u2013 Dunklen Infrastrukturen\u201c sein. Das sind \u00f6kologische Netzwerke, die aus Kerngebieten, Korridoren und Pufferzonen bestehen.<\/p>\n\n\n\n<h5 class=\"wp-block-heading\">Potenziale und Risiken von LED<\/h5>\n\n\n\n<p>\u201eDie aktuellen technologischen Fortschritte bei der Au\u00dfenbeleuchtung, insbesondere bei LEDs, erm\u00f6glichen im Prinzip die Entwicklung von Beleuchtungen, die L\u00f6sungen im Interessenkonflikt zwischen dem menschlichen Bedarf an Licht und dem Schutz der biologischen Vielfalt bieten. Leider bleibt dieses Potenzial aber weitgehend ungenutzt\u201c, beklagt Andreas Jechow. LEDs sind zwar sehr energieeffizient, die Vergangenheit hat jedoch gezeigt, dass die Beleuchtung h\u00e4ufig einem starken Rebound-Effekt unterliegt, bei dem eine Erh\u00f6hung der Lichtausbeute zu einer h\u00f6heren Lichtemission und nicht zu den angestrebten Energieeinsparungen f\u00fchrt. \u201eLeider ist ein solcher Rebound-Effekt auch bei der Umr\u00fcstung auf LED-Technologie zu beobachten, was letztlich zu einem weiteren Verlust an nat\u00fcrlichen Nachtlandschaften f\u00fchren kann\u201c, sagt Franz H\u00f6lker.<\/p>\n\n\n\n<p>Neben den Herausforderungen bei der Umsetzung, bleiben auch noch viele Fragen zu den arten- und merkmalspezifischen Empfindlichkeiten gegen\u00fcber Lichtverschmutzung und den Auswirkungen auf die biologische Vielfalt auf verschiedenen Ebenen offen.<\/p>\n\n\n\n<h5 class=\"wp-block-heading\">11 Forschungsfragen f\u00fcr einen besseren Schutz der Biodiversit\u00e4t<\/h5>\n\n\n\n<p>\u201eUm den Biodiversit\u00e4tsverlust zu mindern, sind solide transdisziplin\u00e4re L\u00f6sungen, die aus einer Zusammenarbeit von Praxis, Forschung, Produktion, Entscheidungsfindung und Planung hervorgehen, entscheidend\u201c, stellt Franz H\u00f6lker fest. In einem internationalen Team haben er und seine Kollegen die wichtigsten offenen Forschungsfragen zusammengetragen. Das Ziel: m\u00f6glichst schnell die wissenschaftliche Basis f\u00fcr Handlungsempfehlungen f\u00fcr nachhaltige Beleuchtungskonzepte zu schaffen. Die Fragen fokussieren sich vor allem darauf, wie die Forschungsans\u00e4tze optimiert und harmonisiert werden k\u00f6nnen, wie Lichtverschmutzung auf h\u00f6heren Ebenen wie Lebensgemeinschaften, \u00d6kosystemen und der Landschaft wirkt, und wie wir k\u00fcnstliche Beleuchtung nachhaltiger managen k\u00f6nnen. K\u00fcnftig m\u00f6chte man etwa herausfinden, welche Arten am empfindlichsten auf Lichtverschmutzung reagieren, wie schnell sich Populationen an das Ph\u00e4nomen anpassen k\u00f6nnen oder oberhalb welcher Schwellenwerte k\u00fcnstliche Beleuchtung kritisch wird.<\/p>\n\n\n\n<ul class=\"wp-block-list\"><li><strong>Originalpublikation:<\/strong> Franz H\u00f6lker,\u00a0Janine Bolliger,\u00a0Thomas W. Davies,\u00a0Simone Giavi, Et al. (2021):\u00a0<a href=\"https:\/\/www.frontiersin.org\/articles\/10.3389\/fevo.2021.767177\/full\" target=\"_blank\" rel=\"noreferrer noopener\">11 Pressing Research Questions on How Light Pollution Affects Biodiversity<\/a>, in: <a href=\"https:\/\/www.frontiersin.org\/articles\/10.3389\/fevo.2021.767177\/full\" target=\"_blank\" rel=\"noreferrer noopener\">Front. Ecol. Evol.<\/a> \u2013 <a href=\"https:\/\/www.frontiersin.org\/articles\/10.3389\/fevo.2021.767177\/full\" target=\"_blank\" rel=\"noreferrer noopener\">frontiersin.org\/articles\/10.3389\/fevo.2021.767177\/full<\/a><\/li><\/ul>\n\n\n<h5 class=\"green\">Quelle<\/h5>\r\n\n\n\n<p><a href=\"https:\/\/www.leibniz-gemeinschaft.de\/ueber-uns\/neues\/forschungsnachrichten\/forschungsnachrichten-single\/newsdetails\/zu-helle-jahreszeit\" target=\"_blank\" rel=\"noreferrer noopener\">Leibniz-Institut f\u00fcr Gew\u00e4sser\u00f6kologie und Binnenfischerei IGB 2021<\/a> | Der Bericht wurde von der\u00a0<a href=\"https:\/\/www.solarify.eu\/2021\/12\/25\/452-schneegluehen\/\">Redaktion &#8222;SOLARIFY\u201c 2021<\/a>\u00a0verfasst!<\/p>\n<div class=\"shariff shariff-align-flex-start shariff-widget-align-flex-start\"><div class=\"ShariffHeadline\">Diese Meldung teilen<\/div><ul class=\"shariff-buttons theme-round orientation-horizontal buttonsize-medium\"><li class=\"shariff-button facebook shariff-nocustomcolor\" style=\"background-color:#4273c8;border-radius:1%\"><a href=\"https:\/\/www.facebook.com\/sharer\/sharer.php?u=https%3A%2F%2Fwww.sonnenseite.com%2Fde%2Fumwelt%2Flichtverschmutzung-bedroht-ernsthaft-biologische-vielfalt%2F\" title=\"Bei Facebook teilen\" aria-label=\"Bei Facebook teilen\" role=\"button\" rel=\"nofollow\" class=\"shariff-link\" style=\";border-radius:1%; background-color:#3b5998; color:#fff\" target=\"_blank\"><span class=\"shariff-icon\" style=\"\"><svg width=\"32px\" height=\"20px\" xmlns=\"http:\/\/www.w3.org\/2000\/svg\" viewBox=\"0 0 18 32\"><path fill=\"#3b5998\" d=\"M17.1 0.2v4.7h-2.8q-1.5 0-2.1 0.6t-0.5 1.9v3.4h5.2l-0.7 5.3h-4.5v13.6h-5.5v-13.6h-4.5v-5.3h4.5v-3.9q0-3.3 1.9-5.2t5-1.8q2.6 0 4.1 0.2z\"\/><\/svg><\/span><\/a><\/li><li class=\"shariff-button twitter shariff-nocustomcolor\" style=\"background-color:#595959;border-radius:1%\"><a href=\"https:\/\/twitter.com\/share?url=https%3A%2F%2Fwww.sonnenseite.com%2Fde%2Fumwelt%2Flichtverschmutzung-bedroht-ernsthaft-biologische-vielfalt%2F&text=Lichtverschmutzung%20bedroht%20ernsthaft%20biologische%20Vielfalt\" title=\"Bei X teilen\" aria-label=\"Bei X teilen\" role=\"button\" rel=\"noopener nofollow\" class=\"shariff-link\" style=\";border-radius:1%; background-color:#000; color:#fff\" target=\"_blank\"><span class=\"shariff-icon\" style=\"\"><svg width=\"32px\" height=\"20px\" xmlns=\"http:\/\/www.w3.org\/2000\/svg\" viewBox=\"0 0 24 24\"><path fill=\"#000\" d=\"M14.258 10.152L23.176 0h-2.113l-7.747 8.813L7.133 0H0l9.352 13.328L0 23.973h2.113l8.176-9.309 6.531 9.309h7.133zm-2.895 3.293l-.949-1.328L2.875 1.56h3.246l6.086 8.523.945 1.328 7.91 11.078h-3.246zm0 0\"\/><\/svg><\/span><\/a><\/li><li class=\"shariff-button xing shariff-nocustomcolor\" style=\"background-color:#29888a;border-radius:1%\"><a href=\"https:\/\/www.xing.com\/spi\/shares\/new?url=https%3A%2F%2Fwww.sonnenseite.com%2Fde%2Fumwelt%2Flichtverschmutzung-bedroht-ernsthaft-biologische-vielfalt%2F\" title=\"Bei XING teilen\" aria-label=\"Bei XING teilen\" role=\"button\" rel=\"noopener nofollow\" class=\"shariff-link\" style=\";border-radius:1%; background-color:#126567; color:#fff\" target=\"_blank\"><span class=\"shariff-icon\" style=\"\"><svg width=\"32px\" height=\"20px\" xmlns=\"http:\/\/www.w3.org\/2000\/svg\" viewBox=\"0 0 25 32\"><path fill=\"#126567\" d=\"M10.7 11.9q-0.2 0.3-4.6 8.2-0.5 0.8-1.2 0.8h-4.3q-0.4 0-0.5-0.3t0-0.6l4.5-8q0 0 0 0l-2.9-5q-0.2-0.4 0-0.7 0.2-0.3 0.5-0.3h4.3q0.7 0 1.2 0.8zM25.1 0.4q0.2 0.3 0 0.7l-9.4 16.7 6 11q0.2 0.4 0 0.6-0.2 0.3-0.6 0.3h-4.3q-0.7 0-1.2-0.8l-6-11.1q0.3-0.6 9.5-16.8 0.4-0.8 1.2-0.8h4.3q0.4 0 0.5 0.3z\"\/><\/svg><\/span><\/a><\/li><li class=\"shariff-button linkedin shariff-nocustomcolor\" style=\"background-color:#1488bf;border-radius:1%\"><a href=\"https:\/\/www.linkedin.com\/sharing\/share-offsite\/?url=https%3A%2F%2Fwww.sonnenseite.com%2Fde%2Fumwelt%2Flichtverschmutzung-bedroht-ernsthaft-biologische-vielfalt%2F\" title=\"Bei LinkedIn teilen\" aria-label=\"Bei LinkedIn teilen\" role=\"button\" rel=\"noopener nofollow\" class=\"shariff-link\" style=\";border-radius:1%; background-color:#0077b5; color:#fff\" target=\"_blank\"><span class=\"shariff-icon\" style=\"\"><svg width=\"32px\" height=\"20px\" xmlns=\"http:\/\/www.w3.org\/2000\/svg\" viewBox=\"0 0 27 32\"><path fill=\"#0077b5\" d=\"M6.2 11.2v17.7h-5.9v-17.7h5.9zM6.6 5.7q0 1.3-0.9 2.2t-2.4 0.9h0q-1.5 0-2.4-0.9t-0.9-2.2 0.9-2.2 2.4-0.9 2.4 0.9 0.9 2.2zM27.4 18.7v10.1h-5.9v-9.5q0-1.9-0.7-2.9t-2.3-1.1q-1.1 0-1.9 0.6t-1.2 1.5q-0.2 0.5-0.2 1.4v9.9h-5.9q0-7.1 0-11.6t0-5.3l0-0.9h5.9v2.6h0q0.4-0.6 0.7-1t1-0.9 1.6-0.8 2-0.3q3 0 4.9 2t1.9 6z\"\/><\/svg><\/span><\/a><\/li><li class=\"shariff-button printer shariff-nocustomcolor\" style=\"background-color:#a8a8a8;border-radius:1%\"><a href=\"javascript:window.print()\" title=\"drucken\" aria-label=\"drucken\" role=\"button\" rel=\"noopener nofollow\" class=\"shariff-link\" style=\";border-radius:1%; background-color:#999; color:#fff\"><span class=\"shariff-icon\" style=\"\"><svg width=\"32px\" height=\"20px\" xmlns=\"http:\/\/www.w3.org\/2000\/svg\" viewBox=\"0 0 30 32\"><path fill=\"#999\" d=\"M6.8 27.4h16v-4.6h-16v4.6zM6.8 16h16v-6.8h-2.8q-0.7 0-1.2-0.5t-0.5-1.2v-2.8h-11.4v11.4zM27.4 17.2q0-0.5-0.3-0.8t-0.8-0.4-0.8 0.4-0.3 0.8 0.3 0.8 0.8 0.3 0.8-0.3 0.3-0.8zM29.7 17.2v7.4q0 0.2-0.2 0.4t-0.4 0.2h-4v2.8q0 0.7-0.5 1.2t-1.2 0.5h-17.2q-0.7 0-1.2-0.5t-0.5-1.2v-2.8h-4q-0.2 0-0.4-0.2t-0.2-0.4v-7.4q0-1.4 1-2.4t2.4-1h1.2v-9.7q0-0.7 0.5-1.2t1.2-0.5h12q0.7 0 1.6 0.4t1.3 0.8l2.7 2.7q0.5 0.5 0.9 1.4t0.4 1.6v4.6h1.1q1.4 0 2.4 1t1 2.4z\"\/><\/svg><\/span><\/a><\/li><li class=\"shariff-button mailto shariff-nocustomcolor\" style=\"background-color:#a8a8a8;border-radius:1%\"><a href=\"mailto:?body=https%3A%2F%2Fwww.sonnenseite.com%2Fde%2Fumwelt%2Flichtverschmutzung-bedroht-ernsthaft-biologische-vielfalt%2F&subject=Lichtverschmutzung%20bedroht%20ernsthaft%20biologische%20Vielfalt\" title=\"Per E-Mail versenden\" aria-label=\"Per E-Mail versenden\" role=\"button\" rel=\"noopener nofollow\" class=\"shariff-link\" style=\";border-radius:1%; background-color:#999; color:#fff\"><span class=\"shariff-icon\" style=\"\"><svg width=\"32px\" height=\"20px\" xmlns=\"http:\/\/www.w3.org\/2000\/svg\" viewBox=\"0 0 32 32\"><path fill=\"#999\" d=\"M32 12.7v14.2q0 1.2-0.8 2t-2 0.9h-26.3q-1.2 0-2-0.9t-0.8-2v-14.2q0.8 0.9 1.8 1.6 6.5 4.4 8.9 6.1 1 0.8 1.6 1.2t1.7 0.9 2 0.4h0.1q0.9 0 2-0.4t1.7-0.9 1.6-1.2q3-2.2 8.9-6.1 1-0.7 1.8-1.6zM32 7.4q0 1.4-0.9 2.7t-2.2 2.2q-6.7 4.7-8.4 5.8-0.2 0.1-0.7 0.5t-1 0.7-0.9 0.6-1.1 0.5-0.9 0.2h-0.1q-0.4 0-0.9-0.2t-1.1-0.5-0.9-0.6-1-0.7-0.7-0.5q-1.6-1.1-4.7-3.2t-3.6-2.6q-1.1-0.7-2.1-2t-1-2.5q0-1.4 0.7-2.3t2.1-0.9h26.3q1.2 0 2 0.8t0.9 2z\"\/><\/svg><\/span><\/a><\/li><\/ul><\/div>","protected":false},"excerpt":{"rendered":"<p>Die dunkle Jahreszeit ist durch die Zunahme von k\u00fcnstlicher Beleuchtung lange nicht mehr so dunkel wie [&hellip;]<\/p>\n","protected":false},"author":3,"featured_media":77981,"comment_status":"closed","ping_status":"closed","sticky":false,"template":"","format":"standard","meta":{"inline_featured_image":false,"footnotes":""},"categories":[23],"tags":[],"class_list":["post-77978","post","type-post","status-publish","format-standard","has-post-thumbnail","hentry","category-umwelt"],"yoast_head":"<!-- This site is optimized with the Yoast SEO plugin v26.5 - https:\/\/yoast.com\/wordpress\/plugins\/seo\/ -->\n<title>Lichtverschmutzung bedroht ernsthaft biologische Vielfalt - Sonnenseite - \u00d6kologische Kommunikation mit Franz Alt<\/title>\n<meta name=\"description\" content=\"Die dunkle Jahreszeit ist durch die Zunahme von k\u00fcnstlicher Beleuchtung lange nicht mehr so dunkel wie vordem. Lichtverschmutzung nennen Forschende das\" \/>\n<meta name=\"robots\" content=\"index, follow, max-snippet:-1, max-image-preview:large, max-video-preview:-1\" \/>\n<link rel=\"canonical\" href=\"https:\/\/www.sonnenseite.com\/de\/umwelt\/lichtverschmutzung-bedroht-ernsthaft-biologische-vielfalt\/\" \/>\n<meta property=\"og:locale\" content=\"de_DE\" \/>\n<meta property=\"og:type\" content=\"article\" \/>\n<meta property=\"og:title\" content=\"Lichtverschmutzung bedroht ernsthaft biologische Vielfalt - Sonnenseite - \u00d6kologische Kommunikation mit Franz Alt\" \/>\n<meta property=\"og:description\" content=\"Die dunkle Jahreszeit ist durch die Zunahme von k\u00fcnstlicher Beleuchtung lange nicht mehr so dunkel wie vordem. Lichtverschmutzung nennen Forschende das\" \/>\n<meta property=\"og:url\" content=\"https:\/\/www.sonnenseite.com\/de\/umwelt\/lichtverschmutzung-bedroht-ernsthaft-biologische-vielfalt\/\" \/>\n<meta property=\"og:site_name\" content=\"Sonnenseite\" \/>\n<meta property=\"article:publisher\" content=\"https:\/\/www.facebook.com\/pages\/Franz-Alt-SONNENSEITECOM\/221072987903953?fref=ts\" \/>\n<meta property=\"article:published_time\" content=\"2021-12-28T01:15:00+00:00\" \/>\n<meta property=\"og:image\" content=\"https:\/\/www.sonnenseite.com\/wp-content\/uploads\/2021\/12\/Lichterketten_bluartpapelaria.jpg\" \/>\n\t<meta property=\"og:image:width\" content=\"770\" \/>\n\t<meta property=\"og:image:height\" content=\"420\" \/>\n\t<meta property=\"og:image:type\" content=\"image\/jpeg\" \/>\n<meta name=\"author\" content=\"Bigi Alt\" \/>\n<meta name=\"twitter:card\" content=\"summary_large_image\" \/>\n<meta name=\"twitter:creator\" content=\"@franzalt\" \/>\n<meta name=\"twitter:site\" content=\"@franzalt\" \/>\n<meta name=\"twitter:label1\" content=\"Verfasst von\" \/>\n\t<meta name=\"twitter:data1\" content=\"Bigi Alt\" \/>\n\t<meta name=\"twitter:label2\" content=\"Gesch\u00e4tzte Lesezeit\" \/>\n\t<meta name=\"twitter:data2\" content=\"6\u00a0Minuten\" \/>\n<script type=\"application\/ld+json\" class=\"yoast-schema-graph\">{\"@context\":\"https:\/\/schema.org\",\"@graph\":[{\"@type\":\"Article\",\"@id\":\"https:\/\/www.sonnenseite.com\/de\/umwelt\/lichtverschmutzung-bedroht-ernsthaft-biologische-vielfalt\/#article\",\"isPartOf\":{\"@id\":\"https:\/\/www.sonnenseite.com\/de\/umwelt\/lichtverschmutzung-bedroht-ernsthaft-biologische-vielfalt\/\"},\"author\":{\"name\":\"Bigi Alt\",\"@id\":\"https:\/\/www.sonnenseite.com\/de\/#\/schema\/person\/50fda0e926597684c7cc6695238a4eb9\"},\"headline\":\"Lichtverschmutzung bedroht ernsthaft biologische Vielfalt\",\"datePublished\":\"2021-12-28T01:15:00+00:00\",\"mainEntityOfPage\":{\"@id\":\"https:\/\/www.sonnenseite.com\/de\/umwelt\/lichtverschmutzung-bedroht-ernsthaft-biologische-vielfalt\/\"},\"wordCount\":1491,\"publisher\":{\"@id\":\"https:\/\/www.sonnenseite.com\/de\/#organization\"},\"image\":{\"@id\":\"https:\/\/www.sonnenseite.com\/de\/umwelt\/lichtverschmutzung-bedroht-ernsthaft-biologische-vielfalt\/#primaryimage\"},\"thumbnailUrl\":\"https:\/\/www.sonnenseite.com\/wp-content\/uploads\/2021\/12\/Lichterketten_bluartpapelaria.jpg\",\"articleSection\":[\"Umwelt\"],\"inLanguage\":\"de\"},{\"@type\":\"WebPage\",\"@id\":\"https:\/\/www.sonnenseite.com\/de\/umwelt\/lichtverschmutzung-bedroht-ernsthaft-biologische-vielfalt\/\",\"url\":\"https:\/\/www.sonnenseite.com\/de\/umwelt\/lichtverschmutzung-bedroht-ernsthaft-biologische-vielfalt\/\",\"name\":\"Lichtverschmutzung bedroht ernsthaft biologische Vielfalt - Sonnenseite - \u00d6kologische Kommunikation mit Franz Alt\",\"isPartOf\":{\"@id\":\"https:\/\/www.sonnenseite.com\/de\/#website\"},\"primaryImageOfPage\":{\"@id\":\"https:\/\/www.sonnenseite.com\/de\/umwelt\/lichtverschmutzung-bedroht-ernsthaft-biologische-vielfalt\/#primaryimage\"},\"image\":{\"@id\":\"https:\/\/www.sonnenseite.com\/de\/umwelt\/lichtverschmutzung-bedroht-ernsthaft-biologische-vielfalt\/#primaryimage\"},\"thumbnailUrl\":\"https:\/\/www.sonnenseite.com\/wp-content\/uploads\/2021\/12\/Lichterketten_bluartpapelaria.jpg\",\"datePublished\":\"2021-12-28T01:15:00+00:00\",\"description\":\"Die dunkle Jahreszeit ist durch die Zunahme von k\u00fcnstlicher Beleuchtung lange nicht mehr so dunkel wie vordem. Lichtverschmutzung nennen Forschende das\",\"breadcrumb\":{\"@id\":\"https:\/\/www.sonnenseite.com\/de\/umwelt\/lichtverschmutzung-bedroht-ernsthaft-biologische-vielfalt\/#breadcrumb\"},\"inLanguage\":\"de\",\"potentialAction\":[{\"@type\":\"ReadAction\",\"target\":[\"https:\/\/www.sonnenseite.com\/de\/umwelt\/lichtverschmutzung-bedroht-ernsthaft-biologische-vielfalt\/\"]}]},{\"@type\":\"ImageObject\",\"inLanguage\":\"de\",\"@id\":\"https:\/\/www.sonnenseite.com\/de\/umwelt\/lichtverschmutzung-bedroht-ernsthaft-biologische-vielfalt\/#primaryimage\",\"url\":\"https:\/\/www.sonnenseite.com\/wp-content\/uploads\/2021\/12\/Lichterketten_bluartpapelaria.jpg\",\"contentUrl\":\"https:\/\/www.sonnenseite.com\/wp-content\/uploads\/2021\/12\/Lichterketten_bluartpapelaria.jpg\",\"width\":770,\"height\":420,\"caption\":\"pixabay.com | bluartpapelaria | F\u00fcr die Adventszeit w\u00fcnschen sich nun 77 Prozent eine stimmungsvolle Weihnachtsbeleuchtung an \u00f6ffentlichen Pl\u00e4tzen und Geb\u00e4uden \u2013 und damit 10 Prozent mehr als im vergangenen Jahr.\"},{\"@type\":\"BreadcrumbList\",\"@id\":\"https:\/\/www.sonnenseite.com\/de\/umwelt\/lichtverschmutzung-bedroht-ernsthaft-biologische-vielfalt\/#breadcrumb\",\"itemListElement\":[{\"@type\":\"ListItem\",\"position\":1,\"name\":\"Startseite\",\"item\":\"https:\/\/www.sonnenseite.com\/de\/\"},{\"@type\":\"ListItem\",\"position\":2,\"name\":\"Lichtverschmutzung bedroht ernsthaft biologische Vielfalt\"}]},{\"@type\":\"WebSite\",\"@id\":\"https:\/\/www.sonnenseite.com\/de\/#website\",\"url\":\"https:\/\/www.sonnenseite.com\/de\/\",\"name\":\"Sonnenseite\",\"description\":\"\u00d6kologische Kommunikation mit Franz Alt\",\"publisher\":{\"@id\":\"https:\/\/www.sonnenseite.com\/de\/#organization\"},\"potentialAction\":[{\"@type\":\"SearchAction\",\"target\":{\"@type\":\"EntryPoint\",\"urlTemplate\":\"https:\/\/www.sonnenseite.com\/de\/?s={search_term_string}\"},\"query-input\":{\"@type\":\"PropertyValueSpecification\",\"valueRequired\":true,\"valueName\":\"search_term_string\"}}],\"inLanguage\":\"de\"},{\"@type\":\"Organization\",\"@id\":\"https:\/\/www.sonnenseite.com\/de\/#organization\",\"name\":\"Sonnenseite\",\"url\":\"https:\/\/www.sonnenseite.com\/de\/\",\"logo\":{\"@type\":\"ImageObject\",\"inLanguage\":\"de\",\"@id\":\"https:\/\/www.sonnenseite.com\/de\/#\/schema\/logo\/image\/\",\"url\":\"https:\/\/www.sonnenseite.com\/wp-content\/uploads\/2020\/05\/Sonnenseite_Logo.png\",\"contentUrl\":\"https:\/\/www.sonnenseite.com\/wp-content\/uploads\/2020\/05\/Sonnenseite_Logo.png\",\"width\":377,\"height\":90,\"caption\":\"Sonnenseite\"},\"image\":{\"@id\":\"https:\/\/www.sonnenseite.com\/de\/#\/schema\/logo\/image\/\"},\"sameAs\":[\"https:\/\/www.facebook.com\/pages\/Franz-Alt-SONNENSEITECOM\/221072987903953?fref=ts\",\"https:\/\/x.com\/franzalt\",\"http:\/\/www.youtube.com\/results?search_query&amp;amp;quot;franz_alt&amp;amp;quot;&amp;amp;amp;amp;search_type&amp;amp;amp;amp;aq=f\"]},{\"@type\":\"Person\",\"@id\":\"https:\/\/www.sonnenseite.com\/de\/#\/schema\/person\/50fda0e926597684c7cc6695238a4eb9\",\"name\":\"Bigi Alt\"}]}<\/script>\n<!-- \/ Yoast SEO plugin. -->","yoast_head_json":{"title":"Lichtverschmutzung bedroht ernsthaft biologische Vielfalt - Sonnenseite - \u00d6kologische Kommunikation mit Franz Alt","description":"Die dunkle Jahreszeit ist durch die Zunahme von k\u00fcnstlicher Beleuchtung lange nicht mehr so dunkel wie vordem. Lichtverschmutzung nennen Forschende das","robots":{"index":"index","follow":"follow","max-snippet":"max-snippet:-1","max-image-preview":"max-image-preview:large","max-video-preview":"max-video-preview:-1"},"canonical":"https:\/\/www.sonnenseite.com\/de\/umwelt\/lichtverschmutzung-bedroht-ernsthaft-biologische-vielfalt\/","og_locale":"de_DE","og_type":"article","og_title":"Lichtverschmutzung bedroht ernsthaft biologische Vielfalt - Sonnenseite - \u00d6kologische Kommunikation mit Franz Alt","og_description":"Die dunkle Jahreszeit ist durch die Zunahme von k\u00fcnstlicher Beleuchtung lange nicht mehr so dunkel wie vordem. Lichtverschmutzung nennen Forschende das","og_url":"https:\/\/www.sonnenseite.com\/de\/umwelt\/lichtverschmutzung-bedroht-ernsthaft-biologische-vielfalt\/","og_site_name":"Sonnenseite","article_publisher":"https:\/\/www.facebook.com\/pages\/Franz-Alt-SONNENSEITECOM\/221072987903953?fref=ts","article_published_time":"2021-12-28T01:15:00+00:00","og_image":[{"width":770,"height":420,"url":"https:\/\/www.sonnenseite.com\/wp-content\/uploads\/2021\/12\/Lichterketten_bluartpapelaria.jpg","type":"image\/jpeg"}],"author":"Bigi Alt","twitter_card":"summary_large_image","twitter_creator":"@franzalt","twitter_site":"@franzalt","twitter_misc":{"Verfasst von":"Bigi Alt","Gesch\u00e4tzte Lesezeit":"6\u00a0Minuten"},"schema":{"@context":"https:\/\/schema.org","@graph":[{"@type":"Article","@id":"https:\/\/www.sonnenseite.com\/de\/umwelt\/lichtverschmutzung-bedroht-ernsthaft-biologische-vielfalt\/#article","isPartOf":{"@id":"https:\/\/www.sonnenseite.com\/de\/umwelt\/lichtverschmutzung-bedroht-ernsthaft-biologische-vielfalt\/"},"author":{"name":"Bigi Alt","@id":"https:\/\/www.sonnenseite.com\/de\/#\/schema\/person\/50fda0e926597684c7cc6695238a4eb9"},"headline":"Lichtverschmutzung bedroht ernsthaft biologische Vielfalt","datePublished":"2021-12-28T01:15:00+00:00","mainEntityOfPage":{"@id":"https:\/\/www.sonnenseite.com\/de\/umwelt\/lichtverschmutzung-bedroht-ernsthaft-biologische-vielfalt\/"},"wordCount":1491,"publisher":{"@id":"https:\/\/www.sonnenseite.com\/de\/#organization"},"image":{"@id":"https:\/\/www.sonnenseite.com\/de\/umwelt\/lichtverschmutzung-bedroht-ernsthaft-biologische-vielfalt\/#primaryimage"},"thumbnailUrl":"https:\/\/www.sonnenseite.com\/wp-content\/uploads\/2021\/12\/Lichterketten_bluartpapelaria.jpg","articleSection":["Umwelt"],"inLanguage":"de"},{"@type":"WebPage","@id":"https:\/\/www.sonnenseite.com\/de\/umwelt\/lichtverschmutzung-bedroht-ernsthaft-biologische-vielfalt\/","url":"https:\/\/www.sonnenseite.com\/de\/umwelt\/lichtverschmutzung-bedroht-ernsthaft-biologische-vielfalt\/","name":"Lichtverschmutzung bedroht ernsthaft biologische Vielfalt - Sonnenseite - \u00d6kologische Kommunikation mit Franz Alt","isPartOf":{"@id":"https:\/\/www.sonnenseite.com\/de\/#website"},"primaryImageOfPage":{"@id":"https:\/\/www.sonnenseite.com\/de\/umwelt\/lichtverschmutzung-bedroht-ernsthaft-biologische-vielfalt\/#primaryimage"},"image":{"@id":"https:\/\/www.sonnenseite.com\/de\/umwelt\/lichtverschmutzung-bedroht-ernsthaft-biologische-vielfalt\/#primaryimage"},"thumbnailUrl":"https:\/\/www.sonnenseite.com\/wp-content\/uploads\/2021\/12\/Lichterketten_bluartpapelaria.jpg","datePublished":"2021-12-28T01:15:00+00:00","description":"Die dunkle Jahreszeit ist durch die Zunahme von k\u00fcnstlicher Beleuchtung lange nicht mehr so dunkel wie vordem. Lichtverschmutzung nennen Forschende das","breadcrumb":{"@id":"https:\/\/www.sonnenseite.com\/de\/umwelt\/lichtverschmutzung-bedroht-ernsthaft-biologische-vielfalt\/#breadcrumb"},"inLanguage":"de","potentialAction":[{"@type":"ReadAction","target":["https:\/\/www.sonnenseite.com\/de\/umwelt\/lichtverschmutzung-bedroht-ernsthaft-biologische-vielfalt\/"]}]},{"@type":"ImageObject","inLanguage":"de","@id":"https:\/\/www.sonnenseite.com\/de\/umwelt\/lichtverschmutzung-bedroht-ernsthaft-biologische-vielfalt\/#primaryimage","url":"https:\/\/www.sonnenseite.com\/wp-content\/uploads\/2021\/12\/Lichterketten_bluartpapelaria.jpg","contentUrl":"https:\/\/www.sonnenseite.com\/wp-content\/uploads\/2021\/12\/Lichterketten_bluartpapelaria.jpg","width":770,"height":420,"caption":"pixabay.com | bluartpapelaria | F\u00fcr die Adventszeit w\u00fcnschen sich nun 77 Prozent eine stimmungsvolle Weihnachtsbeleuchtung an \u00f6ffentlichen Pl\u00e4tzen und Geb\u00e4uden \u2013 und damit 10 Prozent mehr als im vergangenen Jahr."},{"@type":"BreadcrumbList","@id":"https:\/\/www.sonnenseite.com\/de\/umwelt\/lichtverschmutzung-bedroht-ernsthaft-biologische-vielfalt\/#breadcrumb","itemListElement":[{"@type":"ListItem","position":1,"name":"Startseite","item":"https:\/\/www.sonnenseite.com\/de\/"},{"@type":"ListItem","position":2,"name":"Lichtverschmutzung bedroht ernsthaft biologische Vielfalt"}]},{"@type":"WebSite","@id":"https:\/\/www.sonnenseite.com\/de\/#website","url":"https:\/\/www.sonnenseite.com\/de\/","name":"Sonnenseite","description":"\u00d6kologische Kommunikation mit Franz Alt","publisher":{"@id":"https:\/\/www.sonnenseite.com\/de\/#organization"},"potentialAction":[{"@type":"SearchAction","target":{"@type":"EntryPoint","urlTemplate":"https:\/\/www.sonnenseite.com\/de\/?s={search_term_string}"},"query-input":{"@type":"PropertyValueSpecification","valueRequired":true,"valueName":"search_term_string"}}],"inLanguage":"de"},{"@type":"Organization","@id":"https:\/\/www.sonnenseite.com\/de\/#organization","name":"Sonnenseite","url":"https:\/\/www.sonnenseite.com\/de\/","logo":{"@type":"ImageObject","inLanguage":"de","@id":"https:\/\/www.sonnenseite.com\/de\/#\/schema\/logo\/image\/","url":"https:\/\/www.sonnenseite.com\/wp-content\/uploads\/2020\/05\/Sonnenseite_Logo.png","contentUrl":"https:\/\/www.sonnenseite.com\/wp-content\/uploads\/2020\/05\/Sonnenseite_Logo.png","width":377,"height":90,"caption":"Sonnenseite"},"image":{"@id":"https:\/\/www.sonnenseite.com\/de\/#\/schema\/logo\/image\/"},"sameAs":["https:\/\/www.facebook.com\/pages\/Franz-Alt-SONNENSEITECOM\/221072987903953?fref=ts","https:\/\/x.com\/franzalt","http:\/\/www.youtube.com\/results?search_query&amp;amp;quot;franz_alt&amp;amp;quot;&amp;amp;amp;amp;search_type&amp;amp;amp;amp;aq=f"]},{"@type":"Person","@id":"https:\/\/www.sonnenseite.com\/de\/#\/schema\/person\/50fda0e926597684c7cc6695238a4eb9","name":"Bigi Alt"}]}},"_links":{"self":[{"href":"https:\/\/www.sonnenseite.com\/de\/wp-json\/wp\/v2\/posts\/77978","targetHints":{"allow":["GET"]}}],"collection":[{"href":"https:\/\/www.sonnenseite.com\/de\/wp-json\/wp\/v2\/posts"}],"about":[{"href":"https:\/\/www.sonnenseite.com\/de\/wp-json\/wp\/v2\/types\/post"}],"author":[{"embeddable":true,"href":"https:\/\/www.sonnenseite.com\/de\/wp-json\/wp\/v2\/users\/3"}],"replies":[{"embeddable":true,"href":"https:\/\/www.sonnenseite.com\/de\/wp-json\/wp\/v2\/comments?post=77978"}],"version-history":[{"count":2,"href":"https:\/\/www.sonnenseite.com\/de\/wp-json\/wp\/v2\/posts\/77978\/revisions"}],"predecessor-version":[{"id":77980,"href":"https:\/\/www.sonnenseite.com\/de\/wp-json\/wp\/v2\/posts\/77978\/revisions\/77980"}],"wp:featuredmedia":[{"embeddable":true,"href":"https:\/\/www.sonnenseite.com\/de\/wp-json\/wp\/v2\/media\/77981"}],"wp:attachment":[{"href":"https:\/\/www.sonnenseite.com\/de\/wp-json\/wp\/v2\/media?parent=77978"}],"wp:term":[{"taxonomy":"category","embeddable":true,"href":"https:\/\/www.sonnenseite.com\/de\/wp-json\/wp\/v2\/categories?post=77978"},{"taxonomy":"post_tag","embeddable":true,"href":"https:\/\/www.sonnenseite.com\/de\/wp-json\/wp\/v2\/tags?post=77978"}],"curies":[{"name":"wp","href":"https:\/\/api.w.org\/{rel}","templated":true}]}}