{"id":78318,"date":"2022-01-08T14:13:00","date_gmt":"2022-01-08T13:13:00","guid":{"rendered":"https:\/\/www.sonnenseite.com\/?p=78318"},"modified":"2022-01-19T10:52:54","modified_gmt":"2022-01-19T09:52:54","slug":"russland-ist-teil-im-gesamteuropaeischen-haus","status":"publish","type":"post","link":"https:\/\/www.sonnenseite.com\/de\/politik\/russland-ist-teil-im-gesamteuropaeischen-haus\/","title":{"rendered":"Russland ist Teil im \u201eGesamteurop\u00e4ischen Haus\u201c"},"content":{"rendered":"\n<p>Warum Br\u00fcssel und Berlin dringend eine neue Ostpolitik brauchen. Ein Kommentar von Georgios Zervas<\/p>\n\n\n\n<p>Anschuldigungen h\u00fcben wie dr\u00fcben, S\u00e4belrasseln auf beiden Seiten. Der Westen droht Russland, Russland droht dem Westen. Russische Truppenkonzentration im Donbass, Nato-\u00dcbungen im Baltikum, Nordstream 2 noch immer nicht im Einsatz, ein von Russland gedungener Killer wird in Berlin \u00fcberf\u00fchrt und verurteilt. Mittendrin die neue Bundesregierung: Bundeskanzler Olaf Scholz bekennt sich mantrahaft zum transatlantischen B\u00fcndnis, und Bundesverteidigungsministerin Christine Lambrecht m\u00f6chte den russischen Pr\u00e4sidenten Vladimir Putin pers\u00f6nlich \u201eins Visier\u201c nehmen, w\u00e4hrend dieser nach einem Videochat mit seinem Kollegen Xi Jinping ein \u201eneues Modell der Zusammenarbeit\u201c mit der Volksrepublik China vorstellt. Die Kommentatoren sind sich einig: Das Verh\u00e4ltnis vom Westen zu Russland war lange nicht so angespannt wie heute. Die Temperatur ist so tief gesunken, dass es nicht mehr abwegig scheint, von einem neuen Kalten Krieg zu sprechen. Doch was das eigentlich bedeutet, wird nur selten reflektiert.<\/p>\n\n\n\n<h5 class=\"wp-block-heading\">Europa auf dem Weg zur Marginalisierung<\/h5>\n\n\n\n<p>Dabei muss man kein Prophet sein, um vorauszusagen, wer der Verlierer bei alledem sein wird: Europa bzw. die Europ\u00e4ische Union. Und dabei ganz im Besonderen auch Deutschland. Schon jetzt ist Europa auf dem Weg zur Marginalisierung. Schon jetzt ist erkennbar, dass die gro\u00dfe Politik ohne die EU im Dreieck zwischen Washington, Moskau und Peking verhandelt wird. Und auch das ist schon erkennbar: dass vor allem Europas Wirtschaft dabei Schaden nehmen wird, denn seit 1990 hat sie sich aus guten Gr\u00fcnden immer mehr nach Osten orientiert. Ihre M\u00e4rkte beginnen bei den fr\u00fcheren Ostblockstaaten und reichen \u00fcber Russland bis Shanghai. Deshalb sind die europ\u00e4ischen Interessen durchaus nicht deckungsgleich mit denen der Vereinigten Staaten. Und deshalb t\u00e4ten Europa und die Vereinigten Staaten gut daran, sich mit unterschiedlichen Akzenten, aber doch als starke Partner auf dem Parkett der Weltpolitik zu pr\u00e4sentieren.<\/p>\n\n\n\n<p>Daf\u00fcr braucht es nicht allein die Bereitschaft der Vereinigten Staaten, Europas legitime Interessen \u2013 z. B. im Blick auf Nordstream 2 \u2013 anzuerkennen, sondern sehr viel mehr noch den Mut der Europ\u00e4ischen Union bzw. der Kommission, sich zu einer neuen Ostpolitik zu entschlie\u00dfen: einer Ostpolitik, die den geografischen Realit\u00e4ten in Europa Rechnung tr\u00e4gt, die Russland als Teil Europas anerkennt und Moskaus Sicherheitsinteressen im Blick auf die Ukraine ernstnimmt. Denn so viel sollte allen Verantwortlichen in Br\u00fcssel und Berlin klar sein: Russland ist ein Teil Europas und nicht der Feind Europas. Friedenssicherung in Europa geht immer nur mit Russland, niemals aber gegen Russland! Und schon gar nicht durch Drohgeb\u00e4rden seitens der NATO.<\/p>\n\n\n\n<h5 class=\"wp-block-heading\">\u201eWeltinnenpolitik\u201c im \u201eGesamteurop\u00e4ischen Haus\u201c<\/h5>\n\n\n\n<p>Wir waren schon einmal auf diesem Wege sehr weit gekommen. Als Michail Gorbatschow 1985 in seinem Land mit dem Projekt der Perestroika begann, sprach er als eines seiner Kernziele von Anfang an (3.10.1985) die \u201e\u00dcberwindung der Spaltung Europas in einander gegen\u00fcberstehenden Gruppierungen in mehr oder weniger \u00fcberschaubarer Zukunft\u201c an.<\/p>\n\n\n\n<p>Gemeinsam mit seinem engsten Berater Vadim Sagladin arbeitete er an dem Konzept eines \u201eGesamteurop\u00e4ischen Hauses\u201c, das er bei einer Rede am 11.7.1988 so umriss: \u201eDer Dialog und nicht gegenseitige Anschuldigungen, das Streben, die Interessen und Argumente der anderen Seite zu verstehen, und nicht ihr b\u00f6se Absichten zuzuschreiben \u2013 so begreifen wir die zivilisierten Beziehungen zwischen den Staaten. Davon gingen wir aus, als wir die Konzeption des Gesamteurop\u00e4ischen Hauses f\u00fcr die allgemeine Er\u00f6rterung unterbreiteten.\u201c F\u00fcr Gorbatschow war die EU ein einzigartiges historisches Vorbild f\u00fcr das, was er unter \u201eneuem Denken\u201c im transnationalen Zusammenwirken und im Sinne seines Konzepts eines \u201eGesamteurop\u00e4ischen Hauses\u201c verstand. Ein so gearteter \u201eFortschritt Europas w\u00fcrde es ihm erm\u00f6glichen, zum Fortschritt der ganzen \u00fcbrigen Welt einen noch gr\u00f6\u00dferen Beitrag zu leisten\u201c. Und: \u201eOhne Europa, das \u00fcber einmalige Erfahrungen \u2013 historische, intellektuelle, diplomatische und politische \u2013 verf\u00fcgt, kann ich mir die erfolgreiche L\u00f6sung der internationalen Probleme nicht denken.\u201c (2.6.1988)<\/p>\n\n\n\n<p>Anfang 1989 griff Hans-Dietrich Genscher dieses Denken auf, als er beim Weltwirtschaftsforum in Davos erstmals von \u201eWeltinnenpolitik\u201c sprach und diesen Begriff dann bei seiner Rede im selben Jahr vor der Vollversammlung der Vereinten Nationen in den Mittelpunkt r\u00fcckte.<\/p>\n\n\n\n<p>Ohne dieses konvergierende Denken und das darauf aufbauende Vertrauen und Handeln w\u00e4re weder die deutsche Einheit m\u00f6glich geworden noch der friedliche \u00dcbergang ehemaliger Sowjetrepubliken zur Unabh\u00e4ngigkeit. Diese haben ihren Status nicht zum geringen Teil dem Denken und der Perspektive der Gorbatschow-Regierung f\u00fcr ein \u201eGesamteurop\u00e4isches Haus\u201c zu verdanken sowie der passenden Resonanz darauf von Hans-Dietrich Genscher mit dem Konzept einer \u201eWelinnenpolitik\u201c.<\/p>\n\n\n\n<h5 class=\"wp-block-heading\">Vertrauensbildung statt Drohkulissen<\/h5>\n\n\n\n<p>Wollen wir wirklich das uralte, stets zerst\u00f6rerische Muster wiederholen: Angst soll durch potenzielle Zerst\u00f6rungsmacht in Schach gehalten werden. Gegenseitiges Machtgehabe und Muskelspielen soll der jeweils anderen Seite noch mehr Angst machen. Haben wir davon nicht genug gesehen? Ist dies nicht ein fl\u00e4chenbrandgef\u00e4hrliches Spiel mit dem Feuer? Haben wir vergessen, welch unermessliches Leid eine solch pr\u00e4pubert\u00e4re \u201ePolitik\u201c \u00fcber unz\u00e4hlige Generationen vor uns gebracht hat? Darf, oder besser: muss Politik im 21. Jahrhundert nicht endlich erwachsen werden?<\/p>\n\n\n\n<div class=\"wp-block-image\"><figure class=\"alignright size-full is-resized\"><a href=\"https:\/\/www.sonnenseite.com\/wp-content\/uploads\/2022\/01\/georgios-zervas-2015.jpg\"><img loading=\"lazy\" decoding=\"async\" src=\"https:\/\/www.sonnenseite.com\/wp-content\/uploads\/2022\/01\/georgios-zervas-2015.jpg\" alt=\"\" class=\"wp-image-78320\" width=\"243\" height=\"230\" srcset=\"https:\/\/www.sonnenseite.com\/wp-content\/uploads\/2022\/01\/georgios-zervas-2015.jpg 600w, https:\/\/www.sonnenseite.com\/wp-content\/uploads\/2022\/01\/georgios-zervas-2015-300x284.jpg 300w\" sizes=\"auto, (max-width: 243px) 100vw, 243px\" \/><\/a><figcaption>\u00a9 privat |  Georgios Zervas <\/figcaption><\/figure><\/div>\n\n\n\n<p>Angst mag aktuell und rational unbegr\u00fcndet sein, aber sie kann historisch und kollektivpsychologisch verst\u00e4ndlich sein. Dann gilt es, sie zu erkennen und mitf\u00fchlend anzuerkennen. Dann braucht es Heilung in Form von Vertrauensbildung durch vertrauensw\u00fcrdiges Verhalten und kontinuierliche, ehrliche, authentische Kommunikation in einem partnerschaftlichen Win-Win-Geist, der auf die Interessen aller betroffenen Parteien konstruktiv und kreativ eingeht. Kommunikation zwischen wem? Zwischen denjenigen, die f\u00fcr das Wohl und Weh von Millionen von Mitmenschen Verantwortung tragen, egal, auf welcher Seite sie sich als Verhandlungspartner befinden. Solches Gewinn-Gewinn-Verhandeln auf der Grundlage wachsenden wechselseitigen Vertrauens ist keine sch\u00f6ngeistige Utopie. Es existiert, ist erforscht und hat sich tausendfach bew\u00e4hrt. Jetzt in und f\u00fcr Europa ist es im w\u00f6rtlichen Sinne not-wendig.<\/p>\n\n\n\n<p>Frankreich und Deutschland, die beiden L\u00e4nder, durch deren Vers\u00f6hnung nach dem Zweiten Weltkrieg \u00fcberhaupt erst die Entstehung der Europ\u00e4ischen Union m\u00f6glich geworden ist, k\u00f6nnten in der Zeit der franz\u00f6sischen Ratspr\u00e4sidentschaft im 1. Halbjahr 2022 die Initiative ergreifen f\u00fcr eine offensive neue Ostpolitik im Sinne der Ideen vom \u201eGesamteurop\u00e4ischen Haus\u201c und einer \u201eWeltinnenpolitik\u201c. Es gibt viel zu tun. Es nicht anzupacken ist keine Option.<\/p>\n\n\n<h5 class=\"green\">Quelle<\/h5>\r\n\n\n\n<p> Georgios Zervas 2022 &#8211; selbstst\u00e4ndiger Unternehmensberater, Gesch\u00e4ftsf\u00fchrer der IMS Consulting GmbH&amp;Co KG in Stuttgart und Mitglied im Senate of Economy Europe.<\/p>\n<div class=\"shariff shariff-align-flex-start shariff-widget-align-flex-start\"><div class=\"ShariffHeadline\">Diese Meldung teilen<\/div><ul class=\"shariff-buttons theme-round orientation-horizontal buttonsize-medium\"><li class=\"shariff-button facebook shariff-nocustomcolor\" style=\"background-color:#4273c8;border-radius:1%\"><a href=\"https:\/\/www.facebook.com\/sharer\/sharer.php?u=https%3A%2F%2Fwww.sonnenseite.com%2Fde%2Fpolitik%2Frussland-ist-teil-im-gesamteuropaeischen-haus%2F\" title=\"Bei Facebook teilen\" aria-label=\"Bei Facebook teilen\" role=\"button\" rel=\"nofollow\" class=\"shariff-link\" style=\";border-radius:1%; background-color:#3b5998; color:#fff\" target=\"_blank\"><span class=\"shariff-icon\" style=\"\"><svg width=\"32px\" height=\"20px\" xmlns=\"http:\/\/www.w3.org\/2000\/svg\" viewBox=\"0 0 18 32\"><path fill=\"#3b5998\" d=\"M17.1 0.2v4.7h-2.8q-1.5 0-2.1 0.6t-0.5 1.9v3.4h5.2l-0.7 5.3h-4.5v13.6h-5.5v-13.6h-4.5v-5.3h4.5v-3.9q0-3.3 1.9-5.2t5-1.8q2.6 0 4.1 0.2z\"\/><\/svg><\/span><\/a><\/li><li class=\"shariff-button twitter shariff-nocustomcolor\" style=\"background-color:#595959;border-radius:1%\"><a href=\"https:\/\/twitter.com\/share?url=https%3A%2F%2Fwww.sonnenseite.com%2Fde%2Fpolitik%2Frussland-ist-teil-im-gesamteuropaeischen-haus%2F&text=Russland%20ist%20Teil%20im%20%E2%80%9EGesamteurop%C3%A4ischen%20Haus%E2%80%9C\" title=\"Bei X teilen\" aria-label=\"Bei X teilen\" role=\"button\" rel=\"noopener nofollow\" class=\"shariff-link\" style=\";border-radius:1%; background-color:#000; color:#fff\" target=\"_blank\"><span class=\"shariff-icon\" style=\"\"><svg width=\"32px\" height=\"20px\" xmlns=\"http:\/\/www.w3.org\/2000\/svg\" viewBox=\"0 0 24 24\"><path fill=\"#000\" d=\"M14.258 10.152L23.176 0h-2.113l-7.747 8.813L7.133 0H0l9.352 13.328L0 23.973h2.113l8.176-9.309 6.531 9.309h7.133zm-2.895 3.293l-.949-1.328L2.875 1.56h3.246l6.086 8.523.945 1.328 7.91 11.078h-3.246zm0 0\"\/><\/svg><\/span><\/a><\/li><li class=\"shariff-button xing shariff-nocustomcolor\" style=\"background-color:#29888a;border-radius:1%\"><a href=\"https:\/\/www.xing.com\/spi\/shares\/new?url=https%3A%2F%2Fwww.sonnenseite.com%2Fde%2Fpolitik%2Frussland-ist-teil-im-gesamteuropaeischen-haus%2F\" title=\"Bei XING teilen\" aria-label=\"Bei XING teilen\" role=\"button\" rel=\"noopener nofollow\" class=\"shariff-link\" style=\";border-radius:1%; background-color:#126567; color:#fff\" target=\"_blank\"><span class=\"shariff-icon\" style=\"\"><svg width=\"32px\" height=\"20px\" xmlns=\"http:\/\/www.w3.org\/2000\/svg\" viewBox=\"0 0 25 32\"><path fill=\"#126567\" d=\"M10.7 11.9q-0.2 0.3-4.6 8.2-0.5 0.8-1.2 0.8h-4.3q-0.4 0-0.5-0.3t0-0.6l4.5-8q0 0 0 0l-2.9-5q-0.2-0.4 0-0.7 0.2-0.3 0.5-0.3h4.3q0.7 0 1.2 0.8zM25.1 0.4q0.2 0.3 0 0.7l-9.4 16.7 6 11q0.2 0.4 0 0.6-0.2 0.3-0.6 0.3h-4.3q-0.7 0-1.2-0.8l-6-11.1q0.3-0.6 9.5-16.8 0.4-0.8 1.2-0.8h4.3q0.4 0 0.5 0.3z\"\/><\/svg><\/span><\/a><\/li><li class=\"shariff-button linkedin shariff-nocustomcolor\" style=\"background-color:#1488bf;border-radius:1%\"><a href=\"https:\/\/www.linkedin.com\/sharing\/share-offsite\/?url=https%3A%2F%2Fwww.sonnenseite.com%2Fde%2Fpolitik%2Frussland-ist-teil-im-gesamteuropaeischen-haus%2F\" title=\"Bei LinkedIn teilen\" aria-label=\"Bei LinkedIn teilen\" role=\"button\" rel=\"noopener nofollow\" class=\"shariff-link\" style=\";border-radius:1%; background-color:#0077b5; color:#fff\" target=\"_blank\"><span class=\"shariff-icon\" style=\"\"><svg width=\"32px\" height=\"20px\" xmlns=\"http:\/\/www.w3.org\/2000\/svg\" viewBox=\"0 0 27 32\"><path fill=\"#0077b5\" d=\"M6.2 11.2v17.7h-5.9v-17.7h5.9zM6.6 5.7q0 1.3-0.9 2.2t-2.4 0.9h0q-1.5 0-2.4-0.9t-0.9-2.2 0.9-2.2 2.4-0.9 2.4 0.9 0.9 2.2zM27.4 18.7v10.1h-5.9v-9.5q0-1.9-0.7-2.9t-2.3-1.1q-1.1 0-1.9 0.6t-1.2 1.5q-0.2 0.5-0.2 1.4v9.9h-5.9q0-7.1 0-11.6t0-5.3l0-0.9h5.9v2.6h0q0.4-0.6 0.7-1t1-0.9 1.6-0.8 2-0.3q3 0 4.9 2t1.9 6z\"\/><\/svg><\/span><\/a><\/li><li class=\"shariff-button printer shariff-nocustomcolor\" style=\"background-color:#a8a8a8;border-radius:1%\"><a href=\"javascript:window.print()\" title=\"drucken\" aria-label=\"drucken\" role=\"button\" rel=\"noopener nofollow\" class=\"shariff-link\" style=\";border-radius:1%; background-color:#999; color:#fff\"><span class=\"shariff-icon\" style=\"\"><svg width=\"32px\" height=\"20px\" xmlns=\"http:\/\/www.w3.org\/2000\/svg\" viewBox=\"0 0 30 32\"><path fill=\"#999\" d=\"M6.8 27.4h16v-4.6h-16v4.6zM6.8 16h16v-6.8h-2.8q-0.7 0-1.2-0.5t-0.5-1.2v-2.8h-11.4v11.4zM27.4 17.2q0-0.5-0.3-0.8t-0.8-0.4-0.8 0.4-0.3 0.8 0.3 0.8 0.8 0.3 0.8-0.3 0.3-0.8zM29.7 17.2v7.4q0 0.2-0.2 0.4t-0.4 0.2h-4v2.8q0 0.7-0.5 1.2t-1.2 0.5h-17.2q-0.7 0-1.2-0.5t-0.5-1.2v-2.8h-4q-0.2 0-0.4-0.2t-0.2-0.4v-7.4q0-1.4 1-2.4t2.4-1h1.2v-9.7q0-0.7 0.5-1.2t1.2-0.5h12q0.7 0 1.6 0.4t1.3 0.8l2.7 2.7q0.5 0.5 0.9 1.4t0.4 1.6v4.6h1.1q1.4 0 2.4 1t1 2.4z\"\/><\/svg><\/span><\/a><\/li><li class=\"shariff-button mailto shariff-nocustomcolor\" style=\"background-color:#a8a8a8;border-radius:1%\"><a href=\"mailto:?body=https%3A%2F%2Fwww.sonnenseite.com%2Fde%2Fpolitik%2Frussland-ist-teil-im-gesamteuropaeischen-haus%2F&subject=Russland%20ist%20Teil%20im%20%E2%80%9EGesamteurop%C3%A4ischen%20Haus%E2%80%9C\" title=\"Per E-Mail versenden\" aria-label=\"Per E-Mail versenden\" role=\"button\" rel=\"noopener nofollow\" class=\"shariff-link\" style=\";border-radius:1%; background-color:#999; color:#fff\"><span class=\"shariff-icon\" style=\"\"><svg width=\"32px\" height=\"20px\" xmlns=\"http:\/\/www.w3.org\/2000\/svg\" viewBox=\"0 0 32 32\"><path fill=\"#999\" d=\"M32 12.7v14.2q0 1.2-0.8 2t-2 0.9h-26.3q-1.2 0-2-0.9t-0.8-2v-14.2q0.8 0.9 1.8 1.6 6.5 4.4 8.9 6.1 1 0.8 1.6 1.2t1.7 0.9 2 0.4h0.1q0.9 0 2-0.4t1.7-0.9 1.6-1.2q3-2.2 8.9-6.1 1-0.7 1.8-1.6zM32 7.4q0 1.4-0.9 2.7t-2.2 2.2q-6.7 4.7-8.4 5.8-0.2 0.1-0.7 0.5t-1 0.7-0.9 0.6-1.1 0.5-0.9 0.2h-0.1q-0.4 0-0.9-0.2t-1.1-0.5-0.9-0.6-1-0.7-0.7-0.5q-1.6-1.1-4.7-3.2t-3.6-2.6q-1.1-0.7-2.1-2t-1-2.5q0-1.4 0.7-2.3t2.1-0.9h26.3q1.2 0 2 0.8t0.9 2z\"\/><\/svg><\/span><\/a><\/li><\/ul><\/div>","protected":false},"excerpt":{"rendered":"<p>Warum Br\u00fcssel und Berlin dringend eine neue Ostpolitik brauchen. Ein Kommentar von Georgios Zervas Anschuldigungen h\u00fcben [&hellip;]<\/p>\n","protected":false},"author":3,"featured_media":78325,"comment_status":"closed","ping_status":"closed","sticky":false,"template":"","format":"standard","meta":{"inline_featured_image":false,"footnotes":""},"categories":[21],"tags":[],"class_list":["post-78318","post","type-post","status-publish","format-standard","has-post-thumbnail","hentry","category-politik"],"yoast_head":"<!-- This site is optimized with the Yoast SEO plugin v26.5 - https:\/\/yoast.com\/wordpress\/plugins\/seo\/ -->\n<title>Russland ist Teil im \u201eGesamteurop\u00e4ischen Haus\u201c - Sonnenseite - \u00d6kologische Kommunikation mit Franz Alt<\/title>\n<meta name=\"description\" content=\"Warum Br\u00fcssel und Berlin dringend eine neue Ostpolitik brauchen. Ein Kommentar von Georgios Zervas Anschuldigungen h\u00fcben wie dr\u00fcben, S\u00e4belrasseln auf\" \/>\n<meta name=\"robots\" content=\"index, follow, max-snippet:-1, max-image-preview:large, max-video-preview:-1\" \/>\n<link rel=\"canonical\" href=\"https:\/\/www.sonnenseite.com\/de\/politik\/russland-ist-teil-im-gesamteuropaeischen-haus\/\" \/>\n<meta property=\"og:locale\" content=\"de_DE\" \/>\n<meta property=\"og:type\" content=\"article\" \/>\n<meta property=\"og:title\" content=\"Russland ist Teil im \u201eGesamteurop\u00e4ischen Haus\u201c - Sonnenseite - \u00d6kologische Kommunikation mit Franz Alt\" \/>\n<meta property=\"og:description\" content=\"Warum Br\u00fcssel und Berlin dringend eine neue Ostpolitik brauchen. Ein Kommentar von Georgios Zervas Anschuldigungen h\u00fcben wie dr\u00fcben, S\u00e4belrasseln auf\" \/>\n<meta property=\"og:url\" content=\"https:\/\/www.sonnenseite.com\/de\/politik\/russland-ist-teil-im-gesamteuropaeischen-haus\/\" \/>\n<meta property=\"og:site_name\" content=\"Sonnenseite\" \/>\n<meta property=\"article:publisher\" content=\"https:\/\/www.facebook.com\/pages\/Franz-Alt-SONNENSEITECOM\/221072987903953?fref=ts\" \/>\n<meta property=\"article:published_time\" content=\"2022-01-08T13:13:00+00:00\" \/>\n<meta property=\"article:modified_time\" content=\"2022-01-19T09:52:54+00:00\" \/>\n<meta property=\"og:image\" content=\"https:\/\/www.sonnenseite.com\/wp-content\/uploads\/2022\/01\/Russland_Europa_ruskpp.jpg\" \/>\n\t<meta property=\"og:image:width\" content=\"770\" \/>\n\t<meta property=\"og:image:height\" content=\"420\" \/>\n\t<meta property=\"og:image:type\" content=\"image\/jpeg\" \/>\n<meta name=\"author\" content=\"Bigi Alt\" \/>\n<meta name=\"twitter:card\" content=\"summary_large_image\" \/>\n<meta name=\"twitter:creator\" content=\"@franzalt\" \/>\n<meta name=\"twitter:site\" content=\"@franzalt\" \/>\n<meta name=\"twitter:label1\" content=\"Verfasst von\" \/>\n\t<meta name=\"twitter:data1\" content=\"Bigi Alt\" \/>\n\t<meta name=\"twitter:label2\" content=\"Gesch\u00e4tzte Lesezeit\" \/>\n\t<meta name=\"twitter:data2\" content=\"5\u00a0Minuten\" \/>\n<script type=\"application\/ld+json\" class=\"yoast-schema-graph\">{\"@context\":\"https:\/\/schema.org\",\"@graph\":[{\"@type\":\"Article\",\"@id\":\"https:\/\/www.sonnenseite.com\/de\/politik\/russland-ist-teil-im-gesamteuropaeischen-haus\/#article\",\"isPartOf\":{\"@id\":\"https:\/\/www.sonnenseite.com\/de\/politik\/russland-ist-teil-im-gesamteuropaeischen-haus\/\"},\"author\":{\"name\":\"Bigi Alt\",\"@id\":\"https:\/\/www.sonnenseite.com\/de\/#\/schema\/person\/50fda0e926597684c7cc6695238a4eb9\"},\"headline\":\"Russland ist Teil im \u201eGesamteurop\u00e4ischen Haus\u201c\",\"datePublished\":\"2022-01-08T13:13:00+00:00\",\"dateModified\":\"2022-01-19T09:52:54+00:00\",\"mainEntityOfPage\":{\"@id\":\"https:\/\/www.sonnenseite.com\/de\/politik\/russland-ist-teil-im-gesamteuropaeischen-haus\/\"},\"wordCount\":1048,\"publisher\":{\"@id\":\"https:\/\/www.sonnenseite.com\/de\/#organization\"},\"image\":{\"@id\":\"https:\/\/www.sonnenseite.com\/de\/politik\/russland-ist-teil-im-gesamteuropaeischen-haus\/#primaryimage\"},\"thumbnailUrl\":\"https:\/\/www.sonnenseite.com\/wp-content\/uploads\/2022\/01\/Russland_Europa_ruskpp.jpg\",\"articleSection\":[\"Politik\"],\"inLanguage\":\"de\"},{\"@type\":\"WebPage\",\"@id\":\"https:\/\/www.sonnenseite.com\/de\/politik\/russland-ist-teil-im-gesamteuropaeischen-haus\/\",\"url\":\"https:\/\/www.sonnenseite.com\/de\/politik\/russland-ist-teil-im-gesamteuropaeischen-haus\/\",\"name\":\"Russland ist Teil im \u201eGesamteurop\u00e4ischen Haus\u201c - Sonnenseite - \u00d6kologische Kommunikation mit Franz Alt\",\"isPartOf\":{\"@id\":\"https:\/\/www.sonnenseite.com\/de\/#website\"},\"primaryImageOfPage\":{\"@id\":\"https:\/\/www.sonnenseite.com\/de\/politik\/russland-ist-teil-im-gesamteuropaeischen-haus\/#primaryimage\"},\"image\":{\"@id\":\"https:\/\/www.sonnenseite.com\/de\/politik\/russland-ist-teil-im-gesamteuropaeischen-haus\/#primaryimage\"},\"thumbnailUrl\":\"https:\/\/www.sonnenseite.com\/wp-content\/uploads\/2022\/01\/Russland_Europa_ruskpp.jpg\",\"datePublished\":\"2022-01-08T13:13:00+00:00\",\"dateModified\":\"2022-01-19T09:52:54+00:00\",\"description\":\"Warum Br\u00fcssel und Berlin dringend eine neue Ostpolitik brauchen. Ein Kommentar von Georgios Zervas Anschuldigungen h\u00fcben wie dr\u00fcben, S\u00e4belrasseln auf\",\"breadcrumb\":{\"@id\":\"https:\/\/www.sonnenseite.com\/de\/politik\/russland-ist-teil-im-gesamteuropaeischen-haus\/#breadcrumb\"},\"inLanguage\":\"de\",\"potentialAction\":[{\"@type\":\"ReadAction\",\"target\":[\"https:\/\/www.sonnenseite.com\/de\/politik\/russland-ist-teil-im-gesamteuropaeischen-haus\/\"]}]},{\"@type\":\"ImageObject\",\"inLanguage\":\"de\",\"@id\":\"https:\/\/www.sonnenseite.com\/de\/politik\/russland-ist-teil-im-gesamteuropaeischen-haus\/#primaryimage\",\"url\":\"https:\/\/www.sonnenseite.com\/wp-content\/uploads\/2022\/01\/Russland_Europa_ruskpp.jpg\",\"contentUrl\":\"https:\/\/www.sonnenseite.com\/wp-content\/uploads\/2022\/01\/Russland_Europa_ruskpp.jpg\",\"width\":770,\"height\":420,\"caption\":\"Depositphotos.com | ruskpp | Russland Europa\"},{\"@type\":\"BreadcrumbList\",\"@id\":\"https:\/\/www.sonnenseite.com\/de\/politik\/russland-ist-teil-im-gesamteuropaeischen-haus\/#breadcrumb\",\"itemListElement\":[{\"@type\":\"ListItem\",\"position\":1,\"name\":\"Startseite\",\"item\":\"https:\/\/www.sonnenseite.com\/de\/\"},{\"@type\":\"ListItem\",\"position\":2,\"name\":\"Russland ist Teil im \u201eGesamteurop\u00e4ischen Haus\u201c\"}]},{\"@type\":\"WebSite\",\"@id\":\"https:\/\/www.sonnenseite.com\/de\/#website\",\"url\":\"https:\/\/www.sonnenseite.com\/de\/\",\"name\":\"Sonnenseite\",\"description\":\"\u00d6kologische Kommunikation mit Franz Alt\",\"publisher\":{\"@id\":\"https:\/\/www.sonnenseite.com\/de\/#organization\"},\"potentialAction\":[{\"@type\":\"SearchAction\",\"target\":{\"@type\":\"EntryPoint\",\"urlTemplate\":\"https:\/\/www.sonnenseite.com\/de\/?s={search_term_string}\"},\"query-input\":{\"@type\":\"PropertyValueSpecification\",\"valueRequired\":true,\"valueName\":\"search_term_string\"}}],\"inLanguage\":\"de\"},{\"@type\":\"Organization\",\"@id\":\"https:\/\/www.sonnenseite.com\/de\/#organization\",\"name\":\"Sonnenseite\",\"url\":\"https:\/\/www.sonnenseite.com\/de\/\",\"logo\":{\"@type\":\"ImageObject\",\"inLanguage\":\"de\",\"@id\":\"https:\/\/www.sonnenseite.com\/de\/#\/schema\/logo\/image\/\",\"url\":\"https:\/\/www.sonnenseite.com\/wp-content\/uploads\/2020\/05\/Sonnenseite_Logo.png\",\"contentUrl\":\"https:\/\/www.sonnenseite.com\/wp-content\/uploads\/2020\/05\/Sonnenseite_Logo.png\",\"width\":377,\"height\":90,\"caption\":\"Sonnenseite\"},\"image\":{\"@id\":\"https:\/\/www.sonnenseite.com\/de\/#\/schema\/logo\/image\/\"},\"sameAs\":[\"https:\/\/www.facebook.com\/pages\/Franz-Alt-SONNENSEITECOM\/221072987903953?fref=ts\",\"https:\/\/x.com\/franzalt\",\"http:\/\/www.youtube.com\/results?search_query&amp;amp;quot;franz_alt&amp;amp;quot;&amp;amp;amp;amp;search_type&amp;amp;amp;amp;aq=f\"]},{\"@type\":\"Person\",\"@id\":\"https:\/\/www.sonnenseite.com\/de\/#\/schema\/person\/50fda0e926597684c7cc6695238a4eb9\",\"name\":\"Bigi Alt\"}]}<\/script>\n<!-- \/ Yoast SEO plugin. -->","yoast_head_json":{"title":"Russland ist Teil im \u201eGesamteurop\u00e4ischen Haus\u201c - Sonnenseite - \u00d6kologische Kommunikation mit Franz Alt","description":"Warum Br\u00fcssel und Berlin dringend eine neue Ostpolitik brauchen. Ein Kommentar von Georgios Zervas Anschuldigungen h\u00fcben wie dr\u00fcben, S\u00e4belrasseln auf","robots":{"index":"index","follow":"follow","max-snippet":"max-snippet:-1","max-image-preview":"max-image-preview:large","max-video-preview":"max-video-preview:-1"},"canonical":"https:\/\/www.sonnenseite.com\/de\/politik\/russland-ist-teil-im-gesamteuropaeischen-haus\/","og_locale":"de_DE","og_type":"article","og_title":"Russland ist Teil im \u201eGesamteurop\u00e4ischen Haus\u201c - Sonnenseite - \u00d6kologische Kommunikation mit Franz Alt","og_description":"Warum Br\u00fcssel und Berlin dringend eine neue Ostpolitik brauchen. Ein Kommentar von Georgios Zervas Anschuldigungen h\u00fcben wie dr\u00fcben, S\u00e4belrasseln auf","og_url":"https:\/\/www.sonnenseite.com\/de\/politik\/russland-ist-teil-im-gesamteuropaeischen-haus\/","og_site_name":"Sonnenseite","article_publisher":"https:\/\/www.facebook.com\/pages\/Franz-Alt-SONNENSEITECOM\/221072987903953?fref=ts","article_published_time":"2022-01-08T13:13:00+00:00","article_modified_time":"2022-01-19T09:52:54+00:00","og_image":[{"width":770,"height":420,"url":"https:\/\/www.sonnenseite.com\/wp-content\/uploads\/2022\/01\/Russland_Europa_ruskpp.jpg","type":"image\/jpeg"}],"author":"Bigi Alt","twitter_card":"summary_large_image","twitter_creator":"@franzalt","twitter_site":"@franzalt","twitter_misc":{"Verfasst von":"Bigi Alt","Gesch\u00e4tzte Lesezeit":"5\u00a0Minuten"},"schema":{"@context":"https:\/\/schema.org","@graph":[{"@type":"Article","@id":"https:\/\/www.sonnenseite.com\/de\/politik\/russland-ist-teil-im-gesamteuropaeischen-haus\/#article","isPartOf":{"@id":"https:\/\/www.sonnenseite.com\/de\/politik\/russland-ist-teil-im-gesamteuropaeischen-haus\/"},"author":{"name":"Bigi Alt","@id":"https:\/\/www.sonnenseite.com\/de\/#\/schema\/person\/50fda0e926597684c7cc6695238a4eb9"},"headline":"Russland ist Teil im \u201eGesamteurop\u00e4ischen Haus\u201c","datePublished":"2022-01-08T13:13:00+00:00","dateModified":"2022-01-19T09:52:54+00:00","mainEntityOfPage":{"@id":"https:\/\/www.sonnenseite.com\/de\/politik\/russland-ist-teil-im-gesamteuropaeischen-haus\/"},"wordCount":1048,"publisher":{"@id":"https:\/\/www.sonnenseite.com\/de\/#organization"},"image":{"@id":"https:\/\/www.sonnenseite.com\/de\/politik\/russland-ist-teil-im-gesamteuropaeischen-haus\/#primaryimage"},"thumbnailUrl":"https:\/\/www.sonnenseite.com\/wp-content\/uploads\/2022\/01\/Russland_Europa_ruskpp.jpg","articleSection":["Politik"],"inLanguage":"de"},{"@type":"WebPage","@id":"https:\/\/www.sonnenseite.com\/de\/politik\/russland-ist-teil-im-gesamteuropaeischen-haus\/","url":"https:\/\/www.sonnenseite.com\/de\/politik\/russland-ist-teil-im-gesamteuropaeischen-haus\/","name":"Russland ist Teil im \u201eGesamteurop\u00e4ischen Haus\u201c - Sonnenseite - \u00d6kologische Kommunikation mit Franz Alt","isPartOf":{"@id":"https:\/\/www.sonnenseite.com\/de\/#website"},"primaryImageOfPage":{"@id":"https:\/\/www.sonnenseite.com\/de\/politik\/russland-ist-teil-im-gesamteuropaeischen-haus\/#primaryimage"},"image":{"@id":"https:\/\/www.sonnenseite.com\/de\/politik\/russland-ist-teil-im-gesamteuropaeischen-haus\/#primaryimage"},"thumbnailUrl":"https:\/\/www.sonnenseite.com\/wp-content\/uploads\/2022\/01\/Russland_Europa_ruskpp.jpg","datePublished":"2022-01-08T13:13:00+00:00","dateModified":"2022-01-19T09:52:54+00:00","description":"Warum Br\u00fcssel und Berlin dringend eine neue Ostpolitik brauchen. Ein Kommentar von Georgios Zervas Anschuldigungen h\u00fcben wie dr\u00fcben, S\u00e4belrasseln auf","breadcrumb":{"@id":"https:\/\/www.sonnenseite.com\/de\/politik\/russland-ist-teil-im-gesamteuropaeischen-haus\/#breadcrumb"},"inLanguage":"de","potentialAction":[{"@type":"ReadAction","target":["https:\/\/www.sonnenseite.com\/de\/politik\/russland-ist-teil-im-gesamteuropaeischen-haus\/"]}]},{"@type":"ImageObject","inLanguage":"de","@id":"https:\/\/www.sonnenseite.com\/de\/politik\/russland-ist-teil-im-gesamteuropaeischen-haus\/#primaryimage","url":"https:\/\/www.sonnenseite.com\/wp-content\/uploads\/2022\/01\/Russland_Europa_ruskpp.jpg","contentUrl":"https:\/\/www.sonnenseite.com\/wp-content\/uploads\/2022\/01\/Russland_Europa_ruskpp.jpg","width":770,"height":420,"caption":"Depositphotos.com | ruskpp | Russland Europa"},{"@type":"BreadcrumbList","@id":"https:\/\/www.sonnenseite.com\/de\/politik\/russland-ist-teil-im-gesamteuropaeischen-haus\/#breadcrumb","itemListElement":[{"@type":"ListItem","position":1,"name":"Startseite","item":"https:\/\/www.sonnenseite.com\/de\/"},{"@type":"ListItem","position":2,"name":"Russland ist Teil im \u201eGesamteurop\u00e4ischen Haus\u201c"}]},{"@type":"WebSite","@id":"https:\/\/www.sonnenseite.com\/de\/#website","url":"https:\/\/www.sonnenseite.com\/de\/","name":"Sonnenseite","description":"\u00d6kologische Kommunikation mit Franz Alt","publisher":{"@id":"https:\/\/www.sonnenseite.com\/de\/#organization"},"potentialAction":[{"@type":"SearchAction","target":{"@type":"EntryPoint","urlTemplate":"https:\/\/www.sonnenseite.com\/de\/?s={search_term_string}"},"query-input":{"@type":"PropertyValueSpecification","valueRequired":true,"valueName":"search_term_string"}}],"inLanguage":"de"},{"@type":"Organization","@id":"https:\/\/www.sonnenseite.com\/de\/#organization","name":"Sonnenseite","url":"https:\/\/www.sonnenseite.com\/de\/","logo":{"@type":"ImageObject","inLanguage":"de","@id":"https:\/\/www.sonnenseite.com\/de\/#\/schema\/logo\/image\/","url":"https:\/\/www.sonnenseite.com\/wp-content\/uploads\/2020\/05\/Sonnenseite_Logo.png","contentUrl":"https:\/\/www.sonnenseite.com\/wp-content\/uploads\/2020\/05\/Sonnenseite_Logo.png","width":377,"height":90,"caption":"Sonnenseite"},"image":{"@id":"https:\/\/www.sonnenseite.com\/de\/#\/schema\/logo\/image\/"},"sameAs":["https:\/\/www.facebook.com\/pages\/Franz-Alt-SONNENSEITECOM\/221072987903953?fref=ts","https:\/\/x.com\/franzalt","http:\/\/www.youtube.com\/results?search_query&amp;amp;quot;franz_alt&amp;amp;quot;&amp;amp;amp;amp;search_type&amp;amp;amp;amp;aq=f"]},{"@type":"Person","@id":"https:\/\/www.sonnenseite.com\/de\/#\/schema\/person\/50fda0e926597684c7cc6695238a4eb9","name":"Bigi Alt"}]}},"_links":{"self":[{"href":"https:\/\/www.sonnenseite.com\/de\/wp-json\/wp\/v2\/posts\/78318","targetHints":{"allow":["GET"]}}],"collection":[{"href":"https:\/\/www.sonnenseite.com\/de\/wp-json\/wp\/v2\/posts"}],"about":[{"href":"https:\/\/www.sonnenseite.com\/de\/wp-json\/wp\/v2\/types\/post"}],"author":[{"embeddable":true,"href":"https:\/\/www.sonnenseite.com\/de\/wp-json\/wp\/v2\/users\/3"}],"replies":[{"embeddable":true,"href":"https:\/\/www.sonnenseite.com\/de\/wp-json\/wp\/v2\/comments?post=78318"}],"version-history":[{"count":4,"href":"https:\/\/www.sonnenseite.com\/de\/wp-json\/wp\/v2\/posts\/78318\/revisions"}],"predecessor-version":[{"id":78324,"href":"https:\/\/www.sonnenseite.com\/de\/wp-json\/wp\/v2\/posts\/78318\/revisions\/78324"}],"wp:featuredmedia":[{"embeddable":true,"href":"https:\/\/www.sonnenseite.com\/de\/wp-json\/wp\/v2\/media\/78325"}],"wp:attachment":[{"href":"https:\/\/www.sonnenseite.com\/de\/wp-json\/wp\/v2\/media?parent=78318"}],"wp:term":[{"taxonomy":"category","embeddable":true,"href":"https:\/\/www.sonnenseite.com\/de\/wp-json\/wp\/v2\/categories?post=78318"},{"taxonomy":"post_tag","embeddable":true,"href":"https:\/\/www.sonnenseite.com\/de\/wp-json\/wp\/v2\/tags?post=78318"}],"curies":[{"name":"wp","href":"https:\/\/api.w.org\/{rel}","templated":true}]}}