{"id":78466,"date":"2022-01-13T08:55:44","date_gmt":"2022-01-13T07:55:44","guid":{"rendered":"https:\/\/www.sonnenseite.com\/?p=78466"},"modified":"2022-01-28T14:51:04","modified_gmt":"2022-01-28T13:51:04","slug":"vordenker-der-energiewende-100-prozent-oekostrom-bis-2030-sind-moeglich","status":"publish","type":"post","link":"https:\/\/www.sonnenseite.com\/de\/politik\/vordenker-der-energiewende-100-prozent-oekostrom-bis-2030-sind-moeglich\/","title":{"rendered":"Vordenker der Energiewende: &#8222;100 Prozent \u00d6kostrom bis 2030 sind m\u00f6glich&#8220;"},"content":{"rendered":"\n<p>&#8222;Solarpapst&#8220; <strong>Eicke Weber<\/strong> sieht gute Chancen, dass die Ampel-Koalition der Energiewende einen neuen gro\u00dfen Schub gibt. M\u00f6gliche H\u00fcrden seien dabei nicht die Technik oder der Naturschutz, sondern der Widerstand der alten fossilen Energiekonzerne. Interview: Joachim Wille<\/p>\n\n\n\n<p><strong><em>Klimareporter\u00b0<\/em>: Herr Weber, Bundeswirtschaftsminister Habeck hat Deutschland einen &#8222;drastischen R\u00fcckstand&#8220; beim Klimaschutz attestiert. Laut den <a href=\"https:\/\/www.klimareporter.de\/strom\/habeck-kuendigt-pakete-fuer-ostern-und-den-sommer-an\" target=\"_blank\" rel=\"noreferrer noopener\">Ampel-Pl\u00e4nen<\/a> muss die Stromproduktion aus erneuerbaren Energien schon bis 2030 mehr als verdoppelt werden. Ist das \u00fcberhaupt zu schaffen?<\/strong><\/p>\n\n\n\n<div class=\"wp-block-image\"><figure class=\"alignleft size-full is-resized\"><img loading=\"lazy\" decoding=\"async\" src=\"https:\/\/www.sonnenseite.com\/wp-content\/uploads\/2015\/06\/eicke_r_weber_Fraunhofer_ISE.jpg\" alt=\"Fraunhofer ISE | Prof. Eicke R. Weber\" class=\"wp-image-44412\" width=\"348\" height=\"190\" srcset=\"https:\/\/www.sonnenseite.com\/wp-content\/uploads\/2015\/06\/eicke_r_weber_Fraunhofer_ISE.jpg 770w, https:\/\/www.sonnenseite.com\/wp-content\/uploads\/2015\/06\/eicke_r_weber_Fraunhofer_ISE-300x164.jpg 300w, https:\/\/www.sonnenseite.com\/wp-content\/uploads\/2015\/06\/eicke_r_weber_Fraunhofer_ISE-768x419.jpg 768w\" sizes=\"auto, (max-width: 348px) 100vw, 348px\" \/><figcaption>Fraunhofer ISE | Prof. Eicke R. Weber<\/figcaption><\/figure><\/div>\n\n\n\n<p><strong>Eicke Weber:<\/strong> Ja, sicher. Wir haben bereits in den Jahren <a href=\"http:\/\/www.klimaretter.info\/energie\/hintergrund\/12757-7630-megawatt-neuer-solarrekord\" target=\"_blank\" rel=\"noreferrer noopener\">2012\/13 erlebt<\/a>, welch raschen Zubau wir realisieren k\u00f6nnen, besonders beim Solarstrom, wenn wir es nur erlauben und entsprechend anreizen. Im Unterschied zu konventionellen Kraftwerken l\u00e4sst sich der Ausbau bei Wind und Sonne sehr rasch realisieren, und wenn das <a href=\"https:\/\/www.klimareporter.de\/strom\/wie-die-buergerenergie-gerettet-werden-kann\" target=\"_blank\" rel=\"noreferrer noopener\">intelligent dezentral<\/a> gemacht wird, muss man sich im Wesentlichen nur noch um Speicher k\u00fcmmern und weniger um neue lange Stromtrassen.<\/p>\n\n\n\n<p><strong>Was muss dazu geschehen?<\/strong><\/p>\n\n\n\n<p>Wichtig w\u00e4re eine <a href=\"https:\/\/www.klimareporter.de\/energiewende\/wir-brauchen-eine-neue-vor-ort-welt-im-energiesystem\" target=\"_blank\" rel=\"noreferrer noopener\">Entfesselung des Energiemarktes<\/a>. Das hei\u00dft: Den Kunden muss erlaubt werden, von den niedrigen Kosten der erneuerbaren Energien auch wirklich zu profitieren. Dazu geh\u00f6rt nicht nur der abgabenfreie Selbstverbrauch, sondern auch die M\u00f6glichkeit der Bildung lokaler Versorgungseinheiten, Nachbarschaften, Stadtviertel, die sehr preisg\u00fcnstigen Strom selbst erzeugen und intern verteilen k\u00f6nnen.<\/p>\n\n\n\n<p><strong>Bei einem solchen Turbo-Ausbau sind aber Probleme mit dem Naturschutz programmiert.<\/strong><\/p>\n\n\n\n<p>Ich sehe das gr\u00f6\u00dfte Konfliktpotenzial bei den <a href=\"https:\/\/www.klimareporter.de\/tag\/rwe\" target=\"_blank\" rel=\"noreferrer noopener\">alten fossilen Energieversorgern<\/a>, die nat\u00fcrlich Zeter und Mordio schreien werden, da es um ihre Pfr\u00fcnden geht. Dem muss man politischen Widerstand leisten, sie haben lange genug den raschestm\u00f6glichen Ausbau der erneuerbaren Energien behindert.<\/p>\n\n\n\n<p>Solarenergie hat wenig Probleme mit Naturschutz, da Solarfl\u00e4chen oft sogar <a href=\"https:\/\/www.klimareporter.de\/landwirtschaft\/solarparks-beleben-agrar-wuesten\" target=\"_blank\" rel=\"noreferrer noopener\">Biotope unter den Modulen<\/a> erlauben, wenn diese Fl\u00e4chen nicht wie bei der <a href=\"https:\/\/www.klimareporter.de\/technik\/den-acker-doppelt-nutzen\" target=\"_blank\" rel=\"noreferrer noopener\">Agri-Photovoltaik<\/a> landwirtschaftlich genutzt werden.<\/p>\n\n\n\n<p>Ich halte die Einw\u00e4nde von Natursch\u00fctzern gegen Windkraft f\u00fcr \u00fcbertrieben. Die Zahl der V\u00f6gel, die durch Windr\u00e4der umkommen, <a href=\"https:\/\/www.klimareporter.de\/gesellschaft\/vogeltod-nicht-nur-windraeder\" target=\"_blank\" rel=\"noreferrer noopener\">ist sehr viel kleiner<\/a> als die Zahl der toten V\u00f6gel durch andere Gefahren wie Glasscheiben.<\/p>\n\n\n\n<p><strong>Und die Proteste von Windkraftgegnern?<\/strong><\/p>\n\n\n\n<p>Ich muss zugeben, dass eine gro\u00dfe Windanlage eine Beeintr\u00e4chtigung einer Nachbarschaft darstellt. Daher sollte versucht werden, die betroffene Nachbarschaft schon beim Planungsprozess mitzunehmen und sie wie <a href=\"https:\/\/www.klimareporter.de\/strom\/20-000-euro-akzeptanz-abgabe-fuer-kommunen\" target=\"_blank\" rel=\"noreferrer noopener\">auch die Gemeinde<\/a> am Projekt <a href=\"https:\/\/www.klimareporter.de\/gesellschaft\/beteiligen-statt-verbannen\" target=\"_blank\" rel=\"noreferrer noopener\">zu beteiligen<\/a>. Das ist keine Bestechung, sondern ein Ausgleich der Wertminderung durch den Bau einer Windanlage in der N\u00e4he.<\/p>\n\n\n\n<p>Ich halte \u00fcberhaupt nichts von <a href=\"https:\/\/www.klimareporter.de\/strom\/laender-koennen-bis-1000-meter-abstand-nehmen\" target=\"_blank\" rel=\"noreferrer noopener\">starren Abstandsregeln<\/a>, gar per Bundesgesetz. Entscheidend sollte die Zustimmung einer qualifizierten Mehrheit der betroffenen Anwohner nahe einer Windanlage oder eines Windparks sein.<\/p>\n\n\n\n<p><strong>Bis wann ist eine Vollversorgung mit \u00d6kostrom machbar?<\/strong><\/p>\n\n\n\n<p>Ohne weiteres bis 2030 \u2013 und bis 2035 die Umstellung praktisch <a href=\"https:\/\/www.klimareporter.de\/deutschland\/klimaschutz-vom-ziel-her-gedacht\" target=\"_blank\" rel=\"noreferrer noopener\">der gesamten Wirtschaft<\/a>.<\/p>\n\n\n\n<p><strong>Wie kann verhindert werden, dass bei Dunkelflaute die Lichter ausgehen?<\/strong><\/p>\n\n\n\n<p>Das kann durch Vernetzung, zum Beispiel mit Wasserkraft in den Alpenl\u00e4ndern <a href=\"https:\/\/www.klimareporter.de\/strom\/deutschland-legt-sich-stromspeicher-in-norwegen-zu\" target=\"_blank\" rel=\"noreferrer noopener\">und Norwegen<\/a>, durch <a href=\"https:\/\/www.klimareporter.de\/tag\/energiespeicherung\" target=\"_blank\" rel=\"noreferrer noopener\">Speicher<\/a>, durch intelligente <a href=\"https:\/\/www.energie-lexikon.info\/lastmanagement.html\" target=\"_blank\" rel=\"noreferrer noopener\">Laststeuerung<\/a> und auch durch Gaskraftwerke geschehen. Das ist f\u00fcr die Jahre bis 2050 bereits im Detail modelliert.<\/p>\n\n\n\n<p><strong>Die <a href=\"https:\/\/www.klimareporter.de\/strom\/um-die-kohle-abzuloesen-brauchen-wir-gaskraftwerke\" target=\"_blank\" rel=\"noreferrer noopener\">Ampel will<\/a> ja Erdgas-Kraftwerke bauen lassen, um die Stabilit\u00e4t des Stromsystems zu sichern. Die k\u00f6nnten sp\u00e4ter mit Wasserstoff laufen. Richtige Strategie?<\/strong><\/p>\n\n\n\n<p>Dagegen ist nichts zu sagen. Durch die Existenz der alten Kohle- und Kernkraftwerke sind Gaskraftwerke heute unwirtschaftlich. Wir sollten diese alten Grundlastwerke schnellstm\u00f6glich abschaffen und haben dann ein attraktives Gesch\u00e4ftsmodell f\u00fcr Gaskraftwerke und Speicher.<\/p>\n\n\n\n<p>Wir werden in Zukunft riesige Menge an \u00dcberschuss-Strom haben. Mit diesem \u00dcberschuss-Strom k\u00f6nnen wir bei uns gro\u00dfe Mengen gr\u00fcnen Wasserstoff herstellen \u2013 als Speicher und zur Dekarbonisierung <a href=\"https:\/\/www.klimareporter.de\/tag\/stahl\" target=\"_blank\" rel=\"noreferrer noopener\">der Stahl-<\/a> und <a href=\"https:\/\/www.klimareporter.de\/tag\/zement\" target=\"_blank\" rel=\"noreferrer noopener\">Zementproduktion<\/a>.<\/p>\n\n\n\n<p>Und <a href=\"https:\/\/www.klimareporter.de\/deutschland\/finanzminister-scholz-tausche-nord-stream-2-gegen-frackinggas\" target=\"_blank\" rel=\"noreferrer noopener\">Nord Stream 2<\/a> kann durchaus zu einer Pipeline f\u00fcr gr\u00fcnen Wasserstoff werden, da wir <a href=\"https:\/\/www.klimareporter.de\/international\/kollaps-statt-sanfter-uebergang\" target=\"_blank\" rel=\"noreferrer noopener\">im&nbsp;Osten Russlands<\/a> ein schier unendliches Potenzial f\u00fcr erneuerbare Energie aus Wind, Sonne und Wasserkraft haben, die in Form von gr\u00fcnem Wasserstoff zu uns geleitet werden kann.<\/p>\n\n\n\n<p><strong>W\u00e4ren die Kosten \u00fcberhaupt tragbar?<\/strong><\/p>\n\n\n\n<p>Die Kosten dieser Umstellung sind keine verlorenen Kosten, sondern Investitionen, die finanzwirtschaftlich rentabel sind. Ja, wir ben\u00f6tigen dazu Kapital, aber kein Steuergeld, wir m\u00fcssen nur die Randbedingungen f\u00fcr diese lukrativen Investitionen entsprechen gestalten \u2013 und da sehe ich in der <a href=\"https:\/\/www.klimareporter.de\/tag\/bundestagswahl\" target=\"_blank\" rel=\"noreferrer noopener\">neuen Ampel-Koalition<\/a> vielversprechende Ans\u00e4tze.<\/p>\n\n\n\n<p>Man muss wissen: Es gibt irrsinnige Kapitalmengen weltweit, Tausende Milliarden Dollar, die dringend nach lukrativen, sicheren Anlagen suchen. Wir m\u00fcssen lediglich die stabilen Rahmenbedingungen schaffen, die es <a href=\"https:\/\/www.klimareporter.de\/europaische-union\/gruene-deals-wer-bezahlt-und-wer-kassiert\" target=\"_blank\" rel=\"noreferrer noopener\">diesem Kapital attraktiv machen<\/a>, das Geld in die erw\u00fcnschten Investitionen zu leiten.<\/p>\n\n\n\n<p><strong>Die deutsche Solarindustrie, bis vor zehn Jahren weltweit f\u00fchrend, ist praktisch verschwunden. Ein neuer Photovoltaik-Boom hierzulande w\u00fcrde vor allem den chinesischen Herstellern n\u00fctzen&nbsp;&#8230;<\/strong><\/p>\n\n\n\n<p>Ich halte das f\u00fcr nicht diskutabel: Wir k\u00f6nnen doch nicht sehenden Auges von der Abh\u00e4ngigkeit von Importen fossiler Energietr\u00e4ger zu einer Abh\u00e4ngigkeit von chinesischen Solarzellen kommen. Wir haben noch immer weltbeste Solartechnologie anzubieten, die wir mit unseren <a href=\"https:\/\/de.wikipedia.org\/wiki\/Industrie_4.0\" target=\"_blank\" rel=\"noreferrer noopener\">Industrie-4.0-Methoden<\/a> auch vollkommen konkurrenzf\u00e4hig herstellen k\u00f6nnen.<\/p>\n\n\n\n<p>Als die Automobilindustrie die Gefahr erkannte, bei Batteriezellen von Importen \u2013 gerade auch aus China \u2013 abh\u00e4ngig zu werden, kamen die Bosse zu der damaligen Kanzlerin Merkel und forderten: Wir brauchen eine eigene Batteriezellen-Produktion. <a href=\"https:\/\/germany.representation.ec.europa.eu\/news\/kommission-genehmigt-milliardenforderung-durch-sieben-eu-staaten-fur-paneuropaische-innovationen-bei-2019-12-09_de\" target=\"_blank\" rel=\"noreferrer noopener\">Geschaffen wurde sofort<\/a> ein &#8222;Important Project of Common European Interest&#8220;, kurz <a href=\"https:\/\/de.wikipedia.org\/wiki\/Important_Project_of_Common_European_Interest\" target=\"_blank\" rel=\"noreferrer noopener\">IPCEI<\/a>, das es erlaubte, den Aufbau einer europ\u00e4ischen Batterieproduktion mit Milliarden Euro der beteiligten EU-L\u00e4nder zu unterst\u00fctzen.<\/p>\n\n\n\n<p>Ein solches IPCEI brauchen wir auch f\u00fcr die Produktion von Solarzellen und -modulen, und daran arbeiten wir zurzeit.<\/p>\n\n\n\n<p><strong>Aber gibt es \u00fcberhaupt gen\u00fcgend <a href=\"https:\/\/www.klimareporter.de\/deutschland\/bauleute-facharbeiterinnen-logistiker-klimaberufe-der-zukunft\" target=\"_blank\" rel=\"noreferrer noopener\">Fachkr\u00e4fte<\/a>, um einen Erneuerbaren-Boom zu stemmen?<\/strong><\/p>\n\n\n\n<p>Die Arbeit im Bereich der erneuerbaren Energien, eines sauberen Energiesystems, ist sicherlich attraktiver als Arbeit f\u00fcr fossile Energien, die von Abstiegssorgen gepr\u00e4gt ist. Ich sehe da \u00fcberhaupt keine Probleme.<\/p>\n\n\n\n<p><strong>Anderes Thema: Es mehren sich Stimmen, die eine Laufzeitverl\u00e4ngerung der noch am Netz befindlichen Atomkraftwerke fordern. Stimmen Sie zu?<\/strong><\/p>\n\n\n\n<p>\u00dcberhaupt nicht. Ich sage nach den Erfahrungen mit AKW-Neubauprojekten in anderen L\u00e4ndern in den letzten zehn Jahren: W\u00e4hrend wir hier diese Milliarden in die raschestm\u00f6gliche Transformation unseres Energiesystems stecken, <a href=\"https:\/\/www.klimareporter.de\/europaische-union\/machtinteressen-kurzsichtigkeit-dummheit\" target=\"_blank\" rel=\"noreferrer noopener\">vergeuden diese L\u00e4nder<\/a> wertvolle Ressourcen in Bauruinen. <a href=\"http:\/\/www.klimaretter.info\/protest\/hintergrund\/21879-der-erste-atom-aussteiger\" target=\"_blank\" rel=\"noreferrer noopener\">Kalkar l\u00e4sst gr\u00fc\u00dfen<\/a>.<\/p>\n\n\n\n<p>Ganz einfach, weil der Strom aus diesen Anlagen in der Konkurrenz mit Strom aus Wind und Sonne zu ein, zwei oder vier Cent pro Kilowattstunde, je nach Standort, viel zu teuer sein wird.<\/p>\n\n\n\n<p>Jetzt wird <a href=\"https:\/\/www.klimareporter.de\/strom\/die-zwei-welten-der-atomenergie\" target=\"_blank\" rel=\"noreferrer noopener\">\u00fcber kleine AKW<\/a> spekuliert. Nur, die Stromkosten werden hier noch h\u00f6her als bei gro\u00dfen AKW sein, die bereits heute deutlich \u00fcber zehn Cent pro Kilowattstunde liegen.<\/p>\n\n\n\n<p>Dazu kommt: Wenn diese L\u00e4nder auch Sonne und Wind ausbauen, werden sie bemerken, dass in einem System mit gro\u00dfem Anteil der fluktuierender Einspeisung von Sonnen- und Windenergie <a href=\"https:\/\/www.klimareporter.de\/strom\/ohne-atomausstieg-keine-energiewende\" target=\"_blank\" rel=\"noreferrer noopener\">kein Platz mehr ist<\/a> f\u00fcr Grundlast-Kraftwerke, die aus technischen Gr\u00fcnden am besten rund um die Uhr laufen m\u00fcssen.<\/p>\n\n\n\n<p><strong>Schlussfrage: Glauben Sie, Habeck kann die Energiewende 2.0 <a href=\"https:\/\/www.klimareporter.de\/strom\/habeck-kuendigt-pakete-fuer-ostern-und-den-sommer-an\" target=\"_blank\" rel=\"noreferrer noopener\">starten<\/a>?<\/strong><\/p>\n\n\n\n<p>Ja, gemeinsam mit Finanzminister Lindner. Die beiden k\u00f6nnten ein gro\u00dfartiges Paar werden. Das zeigt ja auch die <a href=\"https:\/\/www.welt.de\/politik\/deutschland\/article236074502\/Christian-Lindner-sieht-fuer-Atomenergie-keine-Option-mehr.html\" target=\"_blank\" rel=\"noreferrer noopener\">ablehnende Stellungnahme<\/a> von Linder zum Thema Kernkraft, wie auch seine <a href=\"https:\/\/www.fdp.de\/pressemitteilung\/lindner-rede-auf-dem-dreikoenigstreffen-2022\" target=\"_blank\" rel=\"noreferrer noopener\">ganze Rede<\/a> auf dem Dreik\u00f6nigsparteitag der FDP.<\/p>\n\n\n\n<p>Es ist halt einfach so: Die raschestm\u00f6gliche Umstellung auf erneuerbare Energien ist ein wirtschaftlich sinnvoller Prozess, der \u00d6kologie mit \u00d6konomie verbindet. Die Bremser sind nicht der Mittelstand, sondern die Vertreter der alten Industrie, die sowohl bei Habeck als auch bei Lindner schlechte Karten haben.<\/p>\n\n\n\n<blockquote class=\"wp-block-quote is-layout-flow wp-block-quote-is-layout-flow\"><p>Prof. Dr. <em>Eicke R. Weber<\/em> <em>ist einer der weltweit renommiertesten <a href=\"https:\/\/de.wikipedia.org\/wiki\/Eicke_Weber\" target=\"_blank\" rel=\"noreferrer noopener\">Solar\u00adforscher<\/a>. Der Physiker lehrte 23 Jahre als Professor an der Universit\u00e4t von Kalifornien und <a href=\"https:\/\/www.ise.fraunhofer.de\/de\/presse-und-medien\/presseinformationen\/2016\/globale-energiewende-als-berufung.html\" target=\"_blank\" rel=\"noreferrer noopener\">leitete von 2006 bis 2016<\/a> das Fraun\u00adhofer-Institut f\u00fcr Solare Energie\u00adforschung (ISE) in Freiburg. Heute ist er <a href=\"https:\/\/esmc.solar\/esmc-team\/eicke-weber\/\" target=\"_blank\" rel=\"noreferrer noopener\">Co-Pr\u00e4sident<\/a> des European Solar Manu\u00adfacturing Council, in dem Photo\u00advoltaik-Hersteller, Forschungs\u00adinstitute und Maschinen\u00adbauer vertreten sind.<\/em><\/p><\/blockquote>\n\n\n<h5 class=\"green\">Quelle<\/h5>\r\n\n\n\n<p>Das Interview wurde von Joachim Wille 2022 gef\u00fchrt (Redaktion \u201eklimareporter.de\u201c) und darf nicht ohne Genehmigung&nbsp;(<a href=\"mailto:post@klimareporter.de\">post@klimareporter.de<\/a>) weiterverbreitet werden!&nbsp;<\/p>\n<div class=\"shariff shariff-align-flex-start shariff-widget-align-flex-start\"><div class=\"ShariffHeadline\">Diese Meldung teilen<\/div><ul class=\"shariff-buttons theme-round orientation-horizontal buttonsize-medium\"><li class=\"shariff-button facebook shariff-nocustomcolor\" style=\"background-color:#4273c8;border-radius:1%\"><a href=\"https:\/\/www.facebook.com\/sharer\/sharer.php?u=https%3A%2F%2Fwww.sonnenseite.com%2Fde%2Fpolitik%2Fvordenker-der-energiewende-100-prozent-oekostrom-bis-2030-sind-moeglich%2F\" title=\"Bei Facebook teilen\" aria-label=\"Bei Facebook teilen\" role=\"button\" rel=\"nofollow\" class=\"shariff-link\" style=\";border-radius:1%; background-color:#3b5998; color:#fff\" target=\"_blank\"><span class=\"shariff-icon\" style=\"\"><svg width=\"32px\" height=\"20px\" xmlns=\"http:\/\/www.w3.org\/2000\/svg\" viewBox=\"0 0 18 32\"><path fill=\"#3b5998\" d=\"M17.1 0.2v4.7h-2.8q-1.5 0-2.1 0.6t-0.5 1.9v3.4h5.2l-0.7 5.3h-4.5v13.6h-5.5v-13.6h-4.5v-5.3h4.5v-3.9q0-3.3 1.9-5.2t5-1.8q2.6 0 4.1 0.2z\"\/><\/svg><\/span><\/a><\/li><li class=\"shariff-button twitter shariff-nocustomcolor\" style=\"background-color:#595959;border-radius:1%\"><a href=\"https:\/\/twitter.com\/share?url=https%3A%2F%2Fwww.sonnenseite.com%2Fde%2Fpolitik%2Fvordenker-der-energiewende-100-prozent-oekostrom-bis-2030-sind-moeglich%2F&text=Vordenker%20der%20Energiewende%3A%20%E2%80%9E100%20Prozent%20%C3%96kostrom%20bis%202030%20sind%20m%C3%B6glich%E2%80%9C\" title=\"Bei X teilen\" aria-label=\"Bei X teilen\" role=\"button\" rel=\"noopener nofollow\" class=\"shariff-link\" style=\";border-radius:1%; background-color:#000; color:#fff\" target=\"_blank\"><span class=\"shariff-icon\" style=\"\"><svg width=\"32px\" height=\"20px\" xmlns=\"http:\/\/www.w3.org\/2000\/svg\" viewBox=\"0 0 24 24\"><path fill=\"#000\" d=\"M14.258 10.152L23.176 0h-2.113l-7.747 8.813L7.133 0H0l9.352 13.328L0 23.973h2.113l8.176-9.309 6.531 9.309h7.133zm-2.895 3.293l-.949-1.328L2.875 1.56h3.246l6.086 8.523.945 1.328 7.91 11.078h-3.246zm0 0\"\/><\/svg><\/span><\/a><\/li><li class=\"shariff-button xing shariff-nocustomcolor\" style=\"background-color:#29888a;border-radius:1%\"><a href=\"https:\/\/www.xing.com\/spi\/shares\/new?url=https%3A%2F%2Fwww.sonnenseite.com%2Fde%2Fpolitik%2Fvordenker-der-energiewende-100-prozent-oekostrom-bis-2030-sind-moeglich%2F\" title=\"Bei XING teilen\" aria-label=\"Bei XING teilen\" role=\"button\" rel=\"noopener nofollow\" class=\"shariff-link\" style=\";border-radius:1%; background-color:#126567; color:#fff\" target=\"_blank\"><span class=\"shariff-icon\" style=\"\"><svg width=\"32px\" height=\"20px\" xmlns=\"http:\/\/www.w3.org\/2000\/svg\" viewBox=\"0 0 25 32\"><path fill=\"#126567\" d=\"M10.7 11.9q-0.2 0.3-4.6 8.2-0.5 0.8-1.2 0.8h-4.3q-0.4 0-0.5-0.3t0-0.6l4.5-8q0 0 0 0l-2.9-5q-0.2-0.4 0-0.7 0.2-0.3 0.5-0.3h4.3q0.7 0 1.2 0.8zM25.1 0.4q0.2 0.3 0 0.7l-9.4 16.7 6 11q0.2 0.4 0 0.6-0.2 0.3-0.6 0.3h-4.3q-0.7 0-1.2-0.8l-6-11.1q0.3-0.6 9.5-16.8 0.4-0.8 1.2-0.8h4.3q0.4 0 0.5 0.3z\"\/><\/svg><\/span><\/a><\/li><li class=\"shariff-button linkedin shariff-nocustomcolor\" style=\"background-color:#1488bf;border-radius:1%\"><a href=\"https:\/\/www.linkedin.com\/sharing\/share-offsite\/?url=https%3A%2F%2Fwww.sonnenseite.com%2Fde%2Fpolitik%2Fvordenker-der-energiewende-100-prozent-oekostrom-bis-2030-sind-moeglich%2F\" title=\"Bei LinkedIn teilen\" aria-label=\"Bei LinkedIn teilen\" role=\"button\" rel=\"noopener nofollow\" class=\"shariff-link\" style=\";border-radius:1%; background-color:#0077b5; color:#fff\" target=\"_blank\"><span class=\"shariff-icon\" style=\"\"><svg width=\"32px\" height=\"20px\" xmlns=\"http:\/\/www.w3.org\/2000\/svg\" viewBox=\"0 0 27 32\"><path fill=\"#0077b5\" d=\"M6.2 11.2v17.7h-5.9v-17.7h5.9zM6.6 5.7q0 1.3-0.9 2.2t-2.4 0.9h0q-1.5 0-2.4-0.9t-0.9-2.2 0.9-2.2 2.4-0.9 2.4 0.9 0.9 2.2zM27.4 18.7v10.1h-5.9v-9.5q0-1.9-0.7-2.9t-2.3-1.1q-1.1 0-1.9 0.6t-1.2 1.5q-0.2 0.5-0.2 1.4v9.9h-5.9q0-7.1 0-11.6t0-5.3l0-0.9h5.9v2.6h0q0.4-0.6 0.7-1t1-0.9 1.6-0.8 2-0.3q3 0 4.9 2t1.9 6z\"\/><\/svg><\/span><\/a><\/li><li class=\"shariff-button printer shariff-nocustomcolor\" style=\"background-color:#a8a8a8;border-radius:1%\"><a href=\"javascript:window.print()\" title=\"drucken\" aria-label=\"drucken\" role=\"button\" rel=\"noopener nofollow\" class=\"shariff-link\" style=\";border-radius:1%; background-color:#999; color:#fff\"><span class=\"shariff-icon\" style=\"\"><svg width=\"32px\" height=\"20px\" xmlns=\"http:\/\/www.w3.org\/2000\/svg\" viewBox=\"0 0 30 32\"><path fill=\"#999\" d=\"M6.8 27.4h16v-4.6h-16v4.6zM6.8 16h16v-6.8h-2.8q-0.7 0-1.2-0.5t-0.5-1.2v-2.8h-11.4v11.4zM27.4 17.2q0-0.5-0.3-0.8t-0.8-0.4-0.8 0.4-0.3 0.8 0.3 0.8 0.8 0.3 0.8-0.3 0.3-0.8zM29.7 17.2v7.4q0 0.2-0.2 0.4t-0.4 0.2h-4v2.8q0 0.7-0.5 1.2t-1.2 0.5h-17.2q-0.7 0-1.2-0.5t-0.5-1.2v-2.8h-4q-0.2 0-0.4-0.2t-0.2-0.4v-7.4q0-1.4 1-2.4t2.4-1h1.2v-9.7q0-0.7 0.5-1.2t1.2-0.5h12q0.7 0 1.6 0.4t1.3 0.8l2.7 2.7q0.5 0.5 0.9 1.4t0.4 1.6v4.6h1.1q1.4 0 2.4 1t1 2.4z\"\/><\/svg><\/span><\/a><\/li><li class=\"shariff-button mailto shariff-nocustomcolor\" style=\"background-color:#a8a8a8;border-radius:1%\"><a href=\"mailto:?body=https%3A%2F%2Fwww.sonnenseite.com%2Fde%2Fpolitik%2Fvordenker-der-energiewende-100-prozent-oekostrom-bis-2030-sind-moeglich%2F&subject=Vordenker%20der%20Energiewende%3A%20%E2%80%9E100%20Prozent%20%C3%96kostrom%20bis%202030%20sind%20m%C3%B6glich%E2%80%9C\" title=\"Per E-Mail versenden\" aria-label=\"Per E-Mail versenden\" role=\"button\" rel=\"noopener nofollow\" class=\"shariff-link\" style=\";border-radius:1%; background-color:#999; color:#fff\"><span class=\"shariff-icon\" style=\"\"><svg width=\"32px\" height=\"20px\" xmlns=\"http:\/\/www.w3.org\/2000\/svg\" viewBox=\"0 0 32 32\"><path fill=\"#999\" d=\"M32 12.7v14.2q0 1.2-0.8 2t-2 0.9h-26.3q-1.2 0-2-0.9t-0.8-2v-14.2q0.8 0.9 1.8 1.6 6.5 4.4 8.9 6.1 1 0.8 1.6 1.2t1.7 0.9 2 0.4h0.1q0.9 0 2-0.4t1.7-0.9 1.6-1.2q3-2.2 8.9-6.1 1-0.7 1.8-1.6zM32 7.4q0 1.4-0.9 2.7t-2.2 2.2q-6.7 4.7-8.4 5.8-0.2 0.1-0.7 0.5t-1 0.7-0.9 0.6-1.1 0.5-0.9 0.2h-0.1q-0.4 0-0.9-0.2t-1.1-0.5-0.9-0.6-1-0.7-0.7-0.5q-1.6-1.1-4.7-3.2t-3.6-2.6q-1.1-0.7-2.1-2t-1-2.5q0-1.4 0.7-2.3t2.1-0.9h26.3q1.2 0 2 0.8t0.9 2z\"\/><\/svg><\/span><\/a><\/li><\/ul><\/div>","protected":false},"excerpt":{"rendered":"<p>&#8222;Solarpapst&#8220; Eicke Weber sieht gute Chancen, dass die Ampel-Koalition der Energiewende einen neuen gro\u00dfen Schub gibt. [&hellip;]<\/p>\n","protected":false},"author":3,"featured_media":9725,"comment_status":"closed","ping_status":"closed","sticky":false,"template":"","format":"standard","meta":{"inline_featured_image":false,"footnotes":""},"categories":[22,21],"tags":[],"class_list":["post-78466","post","type-post","status-publish","format-standard","has-post-thumbnail","hentry","category-energie","category-politik"],"yoast_head":"<!-- This site is optimized with the Yoast SEO plugin v26.5 - https:\/\/yoast.com\/wordpress\/plugins\/seo\/ -->\n<title>Vordenker der Energiewende: &quot;100 Prozent \u00d6kostrom bis 2030 sind m\u00f6glich&quot; - Sonnenseite - \u00d6kologische Kommunikation mit Franz Alt<\/title>\n<meta name=\"description\" content=\"&quot;Solarpapst&quot; Eicke Weber sieht gute Chancen, dass die Ampel-Koalition der Energiewende einen neuen gro\u00dfen Schub gibt. M\u00f6gliche H\u00fcrden seien dabei nicht\" \/>\n<meta name=\"robots\" content=\"index, follow, max-snippet:-1, max-image-preview:large, max-video-preview:-1\" \/>\n<link rel=\"canonical\" href=\"https:\/\/www.sonnenseite.com\/de\/politik\/vordenker-der-energiewende-100-prozent-oekostrom-bis-2030-sind-moeglich\/\" \/>\n<meta property=\"og:locale\" content=\"de_DE\" \/>\n<meta property=\"og:type\" content=\"article\" \/>\n<meta property=\"og:title\" content=\"Vordenker der Energiewende: &quot;100 Prozent \u00d6kostrom bis 2030 sind m\u00f6glich&quot; - Sonnenseite - \u00d6kologische Kommunikation mit Franz Alt\" \/>\n<meta property=\"og:description\" content=\"&quot;Solarpapst&quot; Eicke Weber sieht gute Chancen, dass die Ampel-Koalition der Energiewende einen neuen gro\u00dfen Schub gibt. M\u00f6gliche H\u00fcrden seien dabei nicht\" \/>\n<meta property=\"og:url\" content=\"https:\/\/www.sonnenseite.com\/de\/politik\/vordenker-der-energiewende-100-prozent-oekostrom-bis-2030-sind-moeglich\/\" \/>\n<meta property=\"og:site_name\" content=\"Sonnenseite\" \/>\n<meta property=\"article:publisher\" content=\"https:\/\/www.facebook.com\/pages\/Franz-Alt-SONNENSEITECOM\/221072987903953?fref=ts\" \/>\n<meta property=\"article:published_time\" content=\"2022-01-13T07:55:44+00:00\" \/>\n<meta property=\"article:modified_time\" content=\"2022-01-28T13:51:04+00:00\" \/>\n<meta property=\"og:image\" content=\"https:\/\/www.sonnenseite.com\/wp-content\/uploads\/2019\/05\/Solar_Wind_buchachon_photo.jpg\" \/>\n\t<meta property=\"og:image:width\" content=\"770\" \/>\n\t<meta property=\"og:image:height\" content=\"420\" \/>\n\t<meta property=\"og:image:type\" content=\"image\/jpeg\" \/>\n<meta name=\"author\" content=\"Bigi Alt\" \/>\n<meta name=\"twitter:card\" content=\"summary_large_image\" \/>\n<meta name=\"twitter:creator\" content=\"@franzalt\" \/>\n<meta name=\"twitter:site\" content=\"@franzalt\" \/>\n<meta name=\"twitter:label1\" content=\"Verfasst von\" \/>\n\t<meta name=\"twitter:data1\" content=\"Bigi Alt\" \/>\n\t<meta name=\"twitter:label2\" content=\"Gesch\u00e4tzte Lesezeit\" \/>\n\t<meta name=\"twitter:data2\" content=\"6\u00a0Minuten\" \/>\n<script type=\"application\/ld+json\" class=\"yoast-schema-graph\">{\"@context\":\"https:\/\/schema.org\",\"@graph\":[{\"@type\":\"Article\",\"@id\":\"https:\/\/www.sonnenseite.com\/de\/politik\/vordenker-der-energiewende-100-prozent-oekostrom-bis-2030-sind-moeglich\/#article\",\"isPartOf\":{\"@id\":\"https:\/\/www.sonnenseite.com\/de\/politik\/vordenker-der-energiewende-100-prozent-oekostrom-bis-2030-sind-moeglich\/\"},\"author\":{\"name\":\"Bigi Alt\",\"@id\":\"https:\/\/www.sonnenseite.com\/de\/#\/schema\/person\/50fda0e926597684c7cc6695238a4eb9\"},\"headline\":\"Vordenker der Energiewende: &#8222;100 Prozent \u00d6kostrom bis 2030 sind m\u00f6glich&#8220;\",\"datePublished\":\"2022-01-13T07:55:44+00:00\",\"dateModified\":\"2022-01-28T13:51:04+00:00\",\"mainEntityOfPage\":{\"@id\":\"https:\/\/www.sonnenseite.com\/de\/politik\/vordenker-der-energiewende-100-prozent-oekostrom-bis-2030-sind-moeglich\/\"},\"wordCount\":1283,\"publisher\":{\"@id\":\"https:\/\/www.sonnenseite.com\/de\/#organization\"},\"image\":{\"@id\":\"https:\/\/www.sonnenseite.com\/de\/politik\/vordenker-der-energiewende-100-prozent-oekostrom-bis-2030-sind-moeglich\/#primaryimage\"},\"thumbnailUrl\":\"https:\/\/www.sonnenseite.com\/wp-content\/uploads\/2019\/05\/Solar_Wind_buchachon_photo.jpg\",\"articleSection\":[\"Energie\",\"Politik\"],\"inLanguage\":\"de\"},{\"@type\":\"WebPage\",\"@id\":\"https:\/\/www.sonnenseite.com\/de\/politik\/vordenker-der-energiewende-100-prozent-oekostrom-bis-2030-sind-moeglich\/\",\"url\":\"https:\/\/www.sonnenseite.com\/de\/politik\/vordenker-der-energiewende-100-prozent-oekostrom-bis-2030-sind-moeglich\/\",\"name\":\"Vordenker der Energiewende: \\\"100 Prozent \u00d6kostrom bis 2030 sind m\u00f6glich\\\" - Sonnenseite - \u00d6kologische Kommunikation mit Franz Alt\",\"isPartOf\":{\"@id\":\"https:\/\/www.sonnenseite.com\/de\/#website\"},\"primaryImageOfPage\":{\"@id\":\"https:\/\/www.sonnenseite.com\/de\/politik\/vordenker-der-energiewende-100-prozent-oekostrom-bis-2030-sind-moeglich\/#primaryimage\"},\"image\":{\"@id\":\"https:\/\/www.sonnenseite.com\/de\/politik\/vordenker-der-energiewende-100-prozent-oekostrom-bis-2030-sind-moeglich\/#primaryimage\"},\"thumbnailUrl\":\"https:\/\/www.sonnenseite.com\/wp-content\/uploads\/2019\/05\/Solar_Wind_buchachon_photo.jpg\",\"datePublished\":\"2022-01-13T07:55:44+00:00\",\"dateModified\":\"2022-01-28T13:51:04+00:00\",\"description\":\"\\\"Solarpapst\\\" Eicke Weber sieht gute Chancen, dass die Ampel-Koalition der Energiewende einen neuen gro\u00dfen Schub gibt. M\u00f6gliche H\u00fcrden seien dabei nicht\",\"breadcrumb\":{\"@id\":\"https:\/\/www.sonnenseite.com\/de\/politik\/vordenker-der-energiewende-100-prozent-oekostrom-bis-2030-sind-moeglich\/#breadcrumb\"},\"inLanguage\":\"de\",\"potentialAction\":[{\"@type\":\"ReadAction\",\"target\":[\"https:\/\/www.sonnenseite.com\/de\/politik\/vordenker-der-energiewende-100-prozent-oekostrom-bis-2030-sind-moeglich\/\"]}]},{\"@type\":\"ImageObject\",\"inLanguage\":\"de\",\"@id\":\"https:\/\/www.sonnenseite.com\/de\/politik\/vordenker-der-energiewende-100-prozent-oekostrom-bis-2030-sind-moeglich\/#primaryimage\",\"url\":\"https:\/\/www.sonnenseite.com\/wp-content\/uploads\/2019\/05\/Solar_Wind_buchachon_photo.jpg\",\"contentUrl\":\"https:\/\/www.sonnenseite.com\/wp-content\/uploads\/2019\/05\/Solar_Wind_buchachon_photo.jpg\",\"width\":770,\"height\":420,\"caption\":\"Depositphotos | buchachon_photo | Endlich wieder durchstarten bei Energiewende und Klimaschutz \u2013 die neue Bundesregierung kann das schaffen.\"},{\"@type\":\"BreadcrumbList\",\"@id\":\"https:\/\/www.sonnenseite.com\/de\/politik\/vordenker-der-energiewende-100-prozent-oekostrom-bis-2030-sind-moeglich\/#breadcrumb\",\"itemListElement\":[{\"@type\":\"ListItem\",\"position\":1,\"name\":\"Startseite\",\"item\":\"https:\/\/www.sonnenseite.com\/de\/\"},{\"@type\":\"ListItem\",\"position\":2,\"name\":\"Vordenker der Energiewende: &#8222;100 Prozent \u00d6kostrom bis 2030 sind m\u00f6glich&#8220;\"}]},{\"@type\":\"WebSite\",\"@id\":\"https:\/\/www.sonnenseite.com\/de\/#website\",\"url\":\"https:\/\/www.sonnenseite.com\/de\/\",\"name\":\"Sonnenseite\",\"description\":\"\u00d6kologische Kommunikation mit Franz Alt\",\"publisher\":{\"@id\":\"https:\/\/www.sonnenseite.com\/de\/#organization\"},\"potentialAction\":[{\"@type\":\"SearchAction\",\"target\":{\"@type\":\"EntryPoint\",\"urlTemplate\":\"https:\/\/www.sonnenseite.com\/de\/?s={search_term_string}\"},\"query-input\":{\"@type\":\"PropertyValueSpecification\",\"valueRequired\":true,\"valueName\":\"search_term_string\"}}],\"inLanguage\":\"de\"},{\"@type\":\"Organization\",\"@id\":\"https:\/\/www.sonnenseite.com\/de\/#organization\",\"name\":\"Sonnenseite\",\"url\":\"https:\/\/www.sonnenseite.com\/de\/\",\"logo\":{\"@type\":\"ImageObject\",\"inLanguage\":\"de\",\"@id\":\"https:\/\/www.sonnenseite.com\/de\/#\/schema\/logo\/image\/\",\"url\":\"https:\/\/www.sonnenseite.com\/wp-content\/uploads\/2020\/05\/Sonnenseite_Logo.png\",\"contentUrl\":\"https:\/\/www.sonnenseite.com\/wp-content\/uploads\/2020\/05\/Sonnenseite_Logo.png\",\"width\":377,\"height\":90,\"caption\":\"Sonnenseite\"},\"image\":{\"@id\":\"https:\/\/www.sonnenseite.com\/de\/#\/schema\/logo\/image\/\"},\"sameAs\":[\"https:\/\/www.facebook.com\/pages\/Franz-Alt-SONNENSEITECOM\/221072987903953?fref=ts\",\"https:\/\/x.com\/franzalt\",\"http:\/\/www.youtube.com\/results?search_query&amp;amp;quot;franz_alt&amp;amp;quot;&amp;amp;amp;amp;search_type&amp;amp;amp;amp;aq=f\"]},{\"@type\":\"Person\",\"@id\":\"https:\/\/www.sonnenseite.com\/de\/#\/schema\/person\/50fda0e926597684c7cc6695238a4eb9\",\"name\":\"Bigi Alt\"}]}<\/script>\n<!-- \/ Yoast SEO plugin. -->","yoast_head_json":{"title":"Vordenker der Energiewende: \"100 Prozent \u00d6kostrom bis 2030 sind m\u00f6glich\" - Sonnenseite - \u00d6kologische Kommunikation mit Franz Alt","description":"\"Solarpapst\" Eicke Weber sieht gute Chancen, dass die Ampel-Koalition der Energiewende einen neuen gro\u00dfen Schub gibt. M\u00f6gliche H\u00fcrden seien dabei nicht","robots":{"index":"index","follow":"follow","max-snippet":"max-snippet:-1","max-image-preview":"max-image-preview:large","max-video-preview":"max-video-preview:-1"},"canonical":"https:\/\/www.sonnenseite.com\/de\/politik\/vordenker-der-energiewende-100-prozent-oekostrom-bis-2030-sind-moeglich\/","og_locale":"de_DE","og_type":"article","og_title":"Vordenker der Energiewende: \"100 Prozent \u00d6kostrom bis 2030 sind m\u00f6glich\" - Sonnenseite - \u00d6kologische Kommunikation mit Franz Alt","og_description":"\"Solarpapst\" Eicke Weber sieht gute Chancen, dass die Ampel-Koalition der Energiewende einen neuen gro\u00dfen Schub gibt. M\u00f6gliche H\u00fcrden seien dabei nicht","og_url":"https:\/\/www.sonnenseite.com\/de\/politik\/vordenker-der-energiewende-100-prozent-oekostrom-bis-2030-sind-moeglich\/","og_site_name":"Sonnenseite","article_publisher":"https:\/\/www.facebook.com\/pages\/Franz-Alt-SONNENSEITECOM\/221072987903953?fref=ts","article_published_time":"2022-01-13T07:55:44+00:00","article_modified_time":"2022-01-28T13:51:04+00:00","og_image":[{"width":770,"height":420,"url":"https:\/\/www.sonnenseite.com\/wp-content\/uploads\/2019\/05\/Solar_Wind_buchachon_photo.jpg","type":"image\/jpeg"}],"author":"Bigi Alt","twitter_card":"summary_large_image","twitter_creator":"@franzalt","twitter_site":"@franzalt","twitter_misc":{"Verfasst von":"Bigi Alt","Gesch\u00e4tzte Lesezeit":"6\u00a0Minuten"},"schema":{"@context":"https:\/\/schema.org","@graph":[{"@type":"Article","@id":"https:\/\/www.sonnenseite.com\/de\/politik\/vordenker-der-energiewende-100-prozent-oekostrom-bis-2030-sind-moeglich\/#article","isPartOf":{"@id":"https:\/\/www.sonnenseite.com\/de\/politik\/vordenker-der-energiewende-100-prozent-oekostrom-bis-2030-sind-moeglich\/"},"author":{"name":"Bigi Alt","@id":"https:\/\/www.sonnenseite.com\/de\/#\/schema\/person\/50fda0e926597684c7cc6695238a4eb9"},"headline":"Vordenker der Energiewende: &#8222;100 Prozent \u00d6kostrom bis 2030 sind m\u00f6glich&#8220;","datePublished":"2022-01-13T07:55:44+00:00","dateModified":"2022-01-28T13:51:04+00:00","mainEntityOfPage":{"@id":"https:\/\/www.sonnenseite.com\/de\/politik\/vordenker-der-energiewende-100-prozent-oekostrom-bis-2030-sind-moeglich\/"},"wordCount":1283,"publisher":{"@id":"https:\/\/www.sonnenseite.com\/de\/#organization"},"image":{"@id":"https:\/\/www.sonnenseite.com\/de\/politik\/vordenker-der-energiewende-100-prozent-oekostrom-bis-2030-sind-moeglich\/#primaryimage"},"thumbnailUrl":"https:\/\/www.sonnenseite.com\/wp-content\/uploads\/2019\/05\/Solar_Wind_buchachon_photo.jpg","articleSection":["Energie","Politik"],"inLanguage":"de"},{"@type":"WebPage","@id":"https:\/\/www.sonnenseite.com\/de\/politik\/vordenker-der-energiewende-100-prozent-oekostrom-bis-2030-sind-moeglich\/","url":"https:\/\/www.sonnenseite.com\/de\/politik\/vordenker-der-energiewende-100-prozent-oekostrom-bis-2030-sind-moeglich\/","name":"Vordenker der Energiewende: \"100 Prozent \u00d6kostrom bis 2030 sind m\u00f6glich\" - Sonnenseite - \u00d6kologische Kommunikation mit Franz Alt","isPartOf":{"@id":"https:\/\/www.sonnenseite.com\/de\/#website"},"primaryImageOfPage":{"@id":"https:\/\/www.sonnenseite.com\/de\/politik\/vordenker-der-energiewende-100-prozent-oekostrom-bis-2030-sind-moeglich\/#primaryimage"},"image":{"@id":"https:\/\/www.sonnenseite.com\/de\/politik\/vordenker-der-energiewende-100-prozent-oekostrom-bis-2030-sind-moeglich\/#primaryimage"},"thumbnailUrl":"https:\/\/www.sonnenseite.com\/wp-content\/uploads\/2019\/05\/Solar_Wind_buchachon_photo.jpg","datePublished":"2022-01-13T07:55:44+00:00","dateModified":"2022-01-28T13:51:04+00:00","description":"\"Solarpapst\" Eicke Weber sieht gute Chancen, dass die Ampel-Koalition der Energiewende einen neuen gro\u00dfen Schub gibt. M\u00f6gliche H\u00fcrden seien dabei nicht","breadcrumb":{"@id":"https:\/\/www.sonnenseite.com\/de\/politik\/vordenker-der-energiewende-100-prozent-oekostrom-bis-2030-sind-moeglich\/#breadcrumb"},"inLanguage":"de","potentialAction":[{"@type":"ReadAction","target":["https:\/\/www.sonnenseite.com\/de\/politik\/vordenker-der-energiewende-100-prozent-oekostrom-bis-2030-sind-moeglich\/"]}]},{"@type":"ImageObject","inLanguage":"de","@id":"https:\/\/www.sonnenseite.com\/de\/politik\/vordenker-der-energiewende-100-prozent-oekostrom-bis-2030-sind-moeglich\/#primaryimage","url":"https:\/\/www.sonnenseite.com\/wp-content\/uploads\/2019\/05\/Solar_Wind_buchachon_photo.jpg","contentUrl":"https:\/\/www.sonnenseite.com\/wp-content\/uploads\/2019\/05\/Solar_Wind_buchachon_photo.jpg","width":770,"height":420,"caption":"Depositphotos | buchachon_photo | Endlich wieder durchstarten bei Energiewende und Klimaschutz \u2013 die neue Bundesregierung kann das schaffen."},{"@type":"BreadcrumbList","@id":"https:\/\/www.sonnenseite.com\/de\/politik\/vordenker-der-energiewende-100-prozent-oekostrom-bis-2030-sind-moeglich\/#breadcrumb","itemListElement":[{"@type":"ListItem","position":1,"name":"Startseite","item":"https:\/\/www.sonnenseite.com\/de\/"},{"@type":"ListItem","position":2,"name":"Vordenker der Energiewende: &#8222;100 Prozent \u00d6kostrom bis 2030 sind m\u00f6glich&#8220;"}]},{"@type":"WebSite","@id":"https:\/\/www.sonnenseite.com\/de\/#website","url":"https:\/\/www.sonnenseite.com\/de\/","name":"Sonnenseite","description":"\u00d6kologische Kommunikation mit Franz Alt","publisher":{"@id":"https:\/\/www.sonnenseite.com\/de\/#organization"},"potentialAction":[{"@type":"SearchAction","target":{"@type":"EntryPoint","urlTemplate":"https:\/\/www.sonnenseite.com\/de\/?s={search_term_string}"},"query-input":{"@type":"PropertyValueSpecification","valueRequired":true,"valueName":"search_term_string"}}],"inLanguage":"de"},{"@type":"Organization","@id":"https:\/\/www.sonnenseite.com\/de\/#organization","name":"Sonnenseite","url":"https:\/\/www.sonnenseite.com\/de\/","logo":{"@type":"ImageObject","inLanguage":"de","@id":"https:\/\/www.sonnenseite.com\/de\/#\/schema\/logo\/image\/","url":"https:\/\/www.sonnenseite.com\/wp-content\/uploads\/2020\/05\/Sonnenseite_Logo.png","contentUrl":"https:\/\/www.sonnenseite.com\/wp-content\/uploads\/2020\/05\/Sonnenseite_Logo.png","width":377,"height":90,"caption":"Sonnenseite"},"image":{"@id":"https:\/\/www.sonnenseite.com\/de\/#\/schema\/logo\/image\/"},"sameAs":["https:\/\/www.facebook.com\/pages\/Franz-Alt-SONNENSEITECOM\/221072987903953?fref=ts","https:\/\/x.com\/franzalt","http:\/\/www.youtube.com\/results?search_query&amp;amp;quot;franz_alt&amp;amp;quot;&amp;amp;amp;amp;search_type&amp;amp;amp;amp;aq=f"]},{"@type":"Person","@id":"https:\/\/www.sonnenseite.com\/de\/#\/schema\/person\/50fda0e926597684c7cc6695238a4eb9","name":"Bigi Alt"}]}},"_links":{"self":[{"href":"https:\/\/www.sonnenseite.com\/de\/wp-json\/wp\/v2\/posts\/78466","targetHints":{"allow":["GET"]}}],"collection":[{"href":"https:\/\/www.sonnenseite.com\/de\/wp-json\/wp\/v2\/posts"}],"about":[{"href":"https:\/\/www.sonnenseite.com\/de\/wp-json\/wp\/v2\/types\/post"}],"author":[{"embeddable":true,"href":"https:\/\/www.sonnenseite.com\/de\/wp-json\/wp\/v2\/users\/3"}],"replies":[{"embeddable":true,"href":"https:\/\/www.sonnenseite.com\/de\/wp-json\/wp\/v2\/comments?post=78466"}],"version-history":[{"count":5,"href":"https:\/\/www.sonnenseite.com\/de\/wp-json\/wp\/v2\/posts\/78466\/revisions"}],"predecessor-version":[{"id":78471,"href":"https:\/\/www.sonnenseite.com\/de\/wp-json\/wp\/v2\/posts\/78466\/revisions\/78471"}],"wp:featuredmedia":[{"embeddable":true,"href":"https:\/\/www.sonnenseite.com\/de\/wp-json\/wp\/v2\/media\/9725"}],"wp:attachment":[{"href":"https:\/\/www.sonnenseite.com\/de\/wp-json\/wp\/v2\/media?parent=78466"}],"wp:term":[{"taxonomy":"category","embeddable":true,"href":"https:\/\/www.sonnenseite.com\/de\/wp-json\/wp\/v2\/categories?post=78466"},{"taxonomy":"post_tag","embeddable":true,"href":"https:\/\/www.sonnenseite.com\/de\/wp-json\/wp\/v2\/tags?post=78466"}],"curies":[{"name":"wp","href":"https:\/\/api.w.org\/{rel}","templated":true}]}}