{"id":78553,"date":"2022-01-15T13:10:20","date_gmt":"2022-01-15T12:10:20","guid":{"rendered":"https:\/\/www.sonnenseite.com\/?p=78553"},"modified":"2022-01-28T14:50:33","modified_gmt":"2022-01-28T13:50:33","slug":"folterknechte-und-klimaschaender-muessen-bangen","status":"publish","type":"post","link":"https:\/\/www.sonnenseite.com\/de\/franz-alt\/kommentare-interviews\/folterknechte-und-klimaschaender-muessen-bangen\/","title":{"rendered":"Folterknechte und Klimasch\u00e4nder m\u00fcssen bangen"},"content":{"rendered":"\n<p>Darf ein deutsches Gericht einen syrischen Folterknecht verurteilen? Also Repr\u00e4sentanten des deutschen Staates den Repr\u00e4sentanten des syrischen Staates?\u00a0 Deutsche Rechtsprechung im Namen des syrischen Volkes? <\/p>\n\n\n\n<p><a href=\"https:\/\/olgko.justiz.rlp.de\/de\/startseite\/detail\/news\/News\/detail\/lebenslange-haft-ua-wegen-verbrechens-gegen-die-menschlichkeit-und-wegen-mordes-urteil-gegen-ein-1\/\">Das Oberlandesgericht in Koblenz hat genau das getan<\/a>. Der 58-j\u00e4hrige Anwar R., ehemaliger Oberst des syrischen Geheimdienstes, &nbsp;wurde f\u00fcr schuldig befunden, f\u00fcr die Folter an \u00fcber 4.000 Menschen und f\u00fcr den Tod von 27 Menschen wesentlich mitverantwortlich zu sein. Der Folterknecht wurde zu lebenslanger Haft verurteilt. Er legte Berufung ein. <\/p>\n\n\n\n<p><strong>Die einhellige Meinung zu diesem Urteil: Ein historischer Schuldspruch und berechtigt. Und: Endlich! Sind wir jetzt auf dem Weg zu einer Weltjustiz?<\/strong><\/p>\n\n\n\n<p>Die Bundesanwaltschaft sieht den weltweit ersten Strafprozess um Staatsfolter in einem B\u00fcrgerkriegsland. Und begr\u00fc\u00dft das Urteil.<\/p>\n\n\n\n<h5 class=\"wp-block-heading\">Der Angeklagte wurde verurteilt wegen Verbrechen gegen die Menschlichkeit<\/h5>\n\n\n\n<p><a href=\"https:\/\/www.tagesschau.de\/inland\/innenpolitik\/syrien-urteil-koblenz-101.html\"><strong>Konkret: <\/strong>Neben Mord und Folter auch wegen Vergewaltigung, sexueller N\u00f6tigung und wegen Freiheitsberaubung.<\/a> Bei den Folterungen seien Schl\u00e4ge, Tritte und Elektroschocks eingesetzt worden. Dies wurde an Hand von mehreren tausend schrecklichen Fotos nachgewiesen. R. habe, so das Gericht, diese Taten ma\u00dfgeblich angeordnet und \u00fcberwacht.<\/p>\n\n\n\n<p>Die UNO-Hochkommissarin f\u00fcr Menschenrechte, <a href=\"https:\/\/de.wikipedia.org\/wiki\/Michelle_Bachelet\">Michelle Bachelet<\/a>, begr\u00fc\u00dfte diesen <a href=\"https:\/\/www.sueddeutsche.de\/panorama\/urteile-koblenz-historischer-schuldspruch-lebenslang-fuer-staatsfolter-dpa.urn-newsml-dpa-com-20090101-220113-99-694801\">\u201ehistorischen Schuldspruch\u201c<\/a> ebenfalls. Er sei vorbildlich f\u00fcr andere Rechtsstaaten. Sie sollten ebenfalls gegen brutale staatliche Menschenrechtsverletzungen vorgehen. \u00c4hnlich \u00e4u\u00dferte sich der neue deutsche Justizminister Marco Buschmann.<\/p>\n\n\n\n<p>Der <a href=\"https:\/\/de.wikipedia.org\/wiki\/Rafik_Schami\">syrische Schriftsteller Rafik Schami<\/a>: \u201eHier hat ein Land gezeigt, was man von der eigenen Geschichte lernen kann, und solchen kaltbl\u00fctigen M\u00f6rdern gezeigt, dass sie, auch wenn sie fl\u00fcchten, bestraft werden k\u00f6nnen.\u201c Der T\u00e4ter war vor einigen Jahren aus Syrien nach Deutschland gefl\u00fcchtet und wurde hier von einigen seiner Opfer erkannt. Der syrische Menschenrechtsaktivist Rafik Schami: \u201eDieses Urteil gibt uns die Hoffnung, dass das Regime fallen und wir frei sein werden\u201c.<\/p>\n\n\n\n<p>In F\u00e4llen solch brutaler Menschenrechtsverletzungen d\u00fcrfen und sollten sich ausl\u00e4ndische Gerichte \u00f6fter einmischen. Dies sei, so die S\u00fcddeutsche Zeitung, \u201eein Gl\u00fcck\u201c. Syrien ist nat\u00fcrlich ein anderes Land und ein anderer Kulturkreis. Doch kein B\u00fcrgerkrieg der Welt rechtfertigt Menschenrechtsverletzungen wie sie leider auch in vielen anderen L\u00e4ndern t\u00e4glich passieren. Zum Beispiel in Vietnam, China, Russland, Kasachstan, Myanmar oder in \u00c4gypten. In einige dieser L\u00e4nder exportiert auch Deutschland Waffen, obwohl bekannt ist, dass solcher Waffenexport oft ein Beitrag zum Massenmord ist.<\/p>\n\n\n\n<p>Vieles darf ein Staat frei entscheiden. Folter nicht. Dies gilt auch f\u00fcr das US-Gefangenenlager Guantanamo. Die noch junge Idee des \u201eWeltrechtprinzips\u201c verbietet das. Auch in Deutschland ist dieses Prinzips erst 2002 in die Paragrafen des V\u00f6lkerstrafgesetzbuches gegossen worden. Und das war jetzt die Basis f\u00fcr das Koblenzer Urteil. <\/p>\n\n\n\n<p><strong>Doch nicht zu vergessen:<\/strong> Der&nbsp; Hauptt\u00e4ter, Syriens Pr\u00e4sident Assad, ist noch immer an der Macht. Millionen Syrer sind vor seiner Brutalit\u00e4t geflohen \u2013 auch nach Deutschland. Insofern gehen die Zust\u00e4nde im fernen Syrien auch uns etwas an. Folter und Mord sind bis heute zentrale Elemente des Assad-Regimes.<\/p>\n\n\n\n<h5 class=\"wp-block-heading\">Menschenrechte sind oberstes V\u00f6lkerrecht<\/h5>\n\n\n\n<p>Eine konsequente V\u00f6lkerstrafjustiz darf keine Grenzen mehr kennen. Auch Klimaschutz sollte k\u00fcnftig oberstes V\u00f6lkerrecht werden. Immerhin hat dazu das Bundesverfassungsgericht im April 2021 einen ersten Beitrag geleistet. Danach musste die Bundesregierung den deutschen Beitrag zum Klimaschutz deutlich versch\u00e4rfen, um die Freiheitsrechte der k\u00fcnftigen Generationen zu sch\u00fctzen. Beide Urteile zeigen, dass sich das V\u00f6lkerrecht in die richtige Richtung bewegt.<\/p>\n\n\n\n<p>F\u00fcr Folterknechte und f\u00fcr Klimasch\u00e4nder wird es k\u00fcnftig riskanter, sich frei und unbehelligt zu bewegen. Gut so! Das Koblenzer Gericht hat V\u00f6lkerrechtsgeschichte geschrieben. Ein schwacher, aber wichtiger Trost f\u00fcr die Opfer.<\/p>\n\n\n<h5 class=\"green\">Quelle<\/h5>\r\n\n\n\n<p><a href=\"franzalt@web.de\">FRANZ ALT 2022<\/a><\/p>\n<div class=\"shariff shariff-align-flex-start shariff-widget-align-flex-start\"><div class=\"ShariffHeadline\">Diese Meldung teilen<\/div><ul class=\"shariff-buttons theme-round orientation-horizontal buttonsize-medium\"><li class=\"shariff-button facebook shariff-nocustomcolor\" style=\"background-color:#4273c8;border-radius:1%\"><a href=\"https:\/\/www.facebook.com\/sharer\/sharer.php?u=https%3A%2F%2Fwww.sonnenseite.com%2Fde%2Ffranz-alt%2Fkommentare-interviews%2Ffolterknechte-und-klimaschaender-muessen-bangen%2F\" title=\"Bei Facebook teilen\" aria-label=\"Bei Facebook teilen\" role=\"button\" rel=\"nofollow\" class=\"shariff-link\" style=\";border-radius:1%; background-color:#3b5998; color:#fff\" target=\"_blank\"><span class=\"shariff-icon\" style=\"\"><svg width=\"32px\" height=\"20px\" xmlns=\"http:\/\/www.w3.org\/2000\/svg\" viewBox=\"0 0 18 32\"><path fill=\"#3b5998\" d=\"M17.1 0.2v4.7h-2.8q-1.5 0-2.1 0.6t-0.5 1.9v3.4h5.2l-0.7 5.3h-4.5v13.6h-5.5v-13.6h-4.5v-5.3h4.5v-3.9q0-3.3 1.9-5.2t5-1.8q2.6 0 4.1 0.2z\"\/><\/svg><\/span><\/a><\/li><li class=\"shariff-button twitter shariff-nocustomcolor\" style=\"background-color:#595959;border-radius:1%\"><a href=\"https:\/\/twitter.com\/share?url=https%3A%2F%2Fwww.sonnenseite.com%2Fde%2Ffranz-alt%2Fkommentare-interviews%2Ffolterknechte-und-klimaschaender-muessen-bangen%2F&text=Folterknechte%20und%20Klimasch%C3%A4nder%20m%C3%BCssen%20bangen\" title=\"Bei X teilen\" aria-label=\"Bei X teilen\" role=\"button\" rel=\"noopener nofollow\" class=\"shariff-link\" style=\";border-radius:1%; background-color:#000; color:#fff\" target=\"_blank\"><span class=\"shariff-icon\" style=\"\"><svg width=\"32px\" height=\"20px\" xmlns=\"http:\/\/www.w3.org\/2000\/svg\" viewBox=\"0 0 24 24\"><path fill=\"#000\" d=\"M14.258 10.152L23.176 0h-2.113l-7.747 8.813L7.133 0H0l9.352 13.328L0 23.973h2.113l8.176-9.309 6.531 9.309h7.133zm-2.895 3.293l-.949-1.328L2.875 1.56h3.246l6.086 8.523.945 1.328 7.91 11.078h-3.246zm0 0\"\/><\/svg><\/span><\/a><\/li><li class=\"shariff-button xing shariff-nocustomcolor\" style=\"background-color:#29888a;border-radius:1%\"><a href=\"https:\/\/www.xing.com\/spi\/shares\/new?url=https%3A%2F%2Fwww.sonnenseite.com%2Fde%2Ffranz-alt%2Fkommentare-interviews%2Ffolterknechte-und-klimaschaender-muessen-bangen%2F\" title=\"Bei XING teilen\" aria-label=\"Bei XING teilen\" role=\"button\" rel=\"noopener nofollow\" class=\"shariff-link\" style=\";border-radius:1%; background-color:#126567; color:#fff\" target=\"_blank\"><span class=\"shariff-icon\" style=\"\"><svg width=\"32px\" height=\"20px\" xmlns=\"http:\/\/www.w3.org\/2000\/svg\" viewBox=\"0 0 25 32\"><path fill=\"#126567\" d=\"M10.7 11.9q-0.2 0.3-4.6 8.2-0.5 0.8-1.2 0.8h-4.3q-0.4 0-0.5-0.3t0-0.6l4.5-8q0 0 0 0l-2.9-5q-0.2-0.4 0-0.7 0.2-0.3 0.5-0.3h4.3q0.7 0 1.2 0.8zM25.1 0.4q0.2 0.3 0 0.7l-9.4 16.7 6 11q0.2 0.4 0 0.6-0.2 0.3-0.6 0.3h-4.3q-0.7 0-1.2-0.8l-6-11.1q0.3-0.6 9.5-16.8 0.4-0.8 1.2-0.8h4.3q0.4 0 0.5 0.3z\"\/><\/svg><\/span><\/a><\/li><li class=\"shariff-button linkedin shariff-nocustomcolor\" style=\"background-color:#1488bf;border-radius:1%\"><a href=\"https:\/\/www.linkedin.com\/sharing\/share-offsite\/?url=https%3A%2F%2Fwww.sonnenseite.com%2Fde%2Ffranz-alt%2Fkommentare-interviews%2Ffolterknechte-und-klimaschaender-muessen-bangen%2F\" title=\"Bei LinkedIn teilen\" aria-label=\"Bei LinkedIn teilen\" role=\"button\" rel=\"noopener nofollow\" class=\"shariff-link\" style=\";border-radius:1%; background-color:#0077b5; color:#fff\" target=\"_blank\"><span class=\"shariff-icon\" style=\"\"><svg width=\"32px\" height=\"20px\" xmlns=\"http:\/\/www.w3.org\/2000\/svg\" viewBox=\"0 0 27 32\"><path fill=\"#0077b5\" d=\"M6.2 11.2v17.7h-5.9v-17.7h5.9zM6.6 5.7q0 1.3-0.9 2.2t-2.4 0.9h0q-1.5 0-2.4-0.9t-0.9-2.2 0.9-2.2 2.4-0.9 2.4 0.9 0.9 2.2zM27.4 18.7v10.1h-5.9v-9.5q0-1.9-0.7-2.9t-2.3-1.1q-1.1 0-1.9 0.6t-1.2 1.5q-0.2 0.5-0.2 1.4v9.9h-5.9q0-7.1 0-11.6t0-5.3l0-0.9h5.9v2.6h0q0.4-0.6 0.7-1t1-0.9 1.6-0.8 2-0.3q3 0 4.9 2t1.9 6z\"\/><\/svg><\/span><\/a><\/li><li class=\"shariff-button printer shariff-nocustomcolor\" style=\"background-color:#a8a8a8;border-radius:1%\"><a href=\"javascript:window.print()\" title=\"drucken\" aria-label=\"drucken\" role=\"button\" rel=\"noopener nofollow\" class=\"shariff-link\" style=\";border-radius:1%; background-color:#999; color:#fff\"><span class=\"shariff-icon\" style=\"\"><svg width=\"32px\" height=\"20px\" xmlns=\"http:\/\/www.w3.org\/2000\/svg\" viewBox=\"0 0 30 32\"><path fill=\"#999\" d=\"M6.8 27.4h16v-4.6h-16v4.6zM6.8 16h16v-6.8h-2.8q-0.7 0-1.2-0.5t-0.5-1.2v-2.8h-11.4v11.4zM27.4 17.2q0-0.5-0.3-0.8t-0.8-0.4-0.8 0.4-0.3 0.8 0.3 0.8 0.8 0.3 0.8-0.3 0.3-0.8zM29.7 17.2v7.4q0 0.2-0.2 0.4t-0.4 0.2h-4v2.8q0 0.7-0.5 1.2t-1.2 0.5h-17.2q-0.7 0-1.2-0.5t-0.5-1.2v-2.8h-4q-0.2 0-0.4-0.2t-0.2-0.4v-7.4q0-1.4 1-2.4t2.4-1h1.2v-9.7q0-0.7 0.5-1.2t1.2-0.5h12q0.7 0 1.6 0.4t1.3 0.8l2.7 2.7q0.5 0.5 0.9 1.4t0.4 1.6v4.6h1.1q1.4 0 2.4 1t1 2.4z\"\/><\/svg><\/span><\/a><\/li><li class=\"shariff-button mailto shariff-nocustomcolor\" style=\"background-color:#a8a8a8;border-radius:1%\"><a href=\"mailto:?body=https%3A%2F%2Fwww.sonnenseite.com%2Fde%2Ffranz-alt%2Fkommentare-interviews%2Ffolterknechte-und-klimaschaender-muessen-bangen%2F&subject=Folterknechte%20und%20Klimasch%C3%A4nder%20m%C3%BCssen%20bangen\" title=\"Per E-Mail versenden\" aria-label=\"Per E-Mail versenden\" role=\"button\" rel=\"noopener nofollow\" class=\"shariff-link\" style=\";border-radius:1%; background-color:#999; color:#fff\"><span class=\"shariff-icon\" style=\"\"><svg width=\"32px\" height=\"20px\" xmlns=\"http:\/\/www.w3.org\/2000\/svg\" viewBox=\"0 0 32 32\"><path fill=\"#999\" d=\"M32 12.7v14.2q0 1.2-0.8 2t-2 0.9h-26.3q-1.2 0-2-0.9t-0.8-2v-14.2q0.8 0.9 1.8 1.6 6.5 4.4 8.9 6.1 1 0.8 1.6 1.2t1.7 0.9 2 0.4h0.1q0.9 0 2-0.4t1.7-0.9 1.6-1.2q3-2.2 8.9-6.1 1-0.7 1.8-1.6zM32 7.4q0 1.4-0.9 2.7t-2.2 2.2q-6.7 4.7-8.4 5.8-0.2 0.1-0.7 0.5t-1 0.7-0.9 0.6-1.1 0.5-0.9 0.2h-0.1q-0.4 0-0.9-0.2t-1.1-0.5-0.9-0.6-1-0.7-0.7-0.5q-1.6-1.1-4.7-3.2t-3.6-2.6q-1.1-0.7-2.1-2t-1-2.5q0-1.4 0.7-2.3t2.1-0.9h26.3q1.2 0 2 0.8t0.9 2z\"\/><\/svg><\/span><\/a><\/li><\/ul><\/div>","protected":false},"excerpt":{"rendered":"<p>Darf ein deutsches Gericht einen syrischen Folterknecht verurteilen? Also Repr\u00e4sentanten des deutschen Staates den Repr\u00e4sentanten des [&hellip;]<\/p>\n","protected":false},"author":3,"featured_media":11694,"comment_status":"closed","ping_status":"closed","sticky":false,"template":"","format":"standard","meta":{"inline_featured_image":false,"footnotes":""},"categories":[29],"tags":[],"class_list":["post-78553","post","type-post","status-publish","format-standard","has-post-thumbnail","hentry","category-kommentare-interviews"],"yoast_head":"<!-- This site is optimized with the Yoast SEO plugin v26.5 - https:\/\/yoast.com\/wordpress\/plugins\/seo\/ -->\n<title>Folterknechte und Klimasch\u00e4nder m\u00fcssen bangen - Sonnenseite - \u00d6kologische Kommunikation mit Franz Alt<\/title>\n<meta name=\"description\" content=\"Darf ein deutsches Gericht einen syrischen Folterknecht verurteilen? Also Repr\u00e4sentanten des deutschen Staates den Repr\u00e4sentanten des syrischen Staates?\u00a0\" \/>\n<meta name=\"robots\" content=\"index, follow, max-snippet:-1, max-image-preview:large, max-video-preview:-1\" \/>\n<link rel=\"canonical\" href=\"https:\/\/www.sonnenseite.com\/de\/franz-alt\/kommentare-interviews\/folterknechte-und-klimaschaender-muessen-bangen\/\" \/>\n<meta property=\"og:locale\" content=\"de_DE\" \/>\n<meta property=\"og:type\" content=\"article\" \/>\n<meta property=\"og:title\" content=\"Folterknechte und Klimasch\u00e4nder m\u00fcssen bangen - Sonnenseite - \u00d6kologische Kommunikation mit Franz Alt\" \/>\n<meta property=\"og:description\" content=\"Darf ein deutsches Gericht einen syrischen Folterknecht verurteilen? Also Repr\u00e4sentanten des deutschen Staates den Repr\u00e4sentanten des syrischen Staates?\u00a0\" \/>\n<meta property=\"og:url\" content=\"https:\/\/www.sonnenseite.com\/de\/franz-alt\/kommentare-interviews\/folterknechte-und-klimaschaender-muessen-bangen\/\" \/>\n<meta property=\"og:site_name\" content=\"Sonnenseite\" \/>\n<meta property=\"article:publisher\" content=\"https:\/\/www.facebook.com\/pages\/Franz-Alt-SONNENSEITECOM\/221072987903953?fref=ts\" \/>\n<meta property=\"article:published_time\" content=\"2022-01-15T12:10:20+00:00\" \/>\n<meta property=\"article:modified_time\" content=\"2022-01-28T13:50:33+00:00\" \/>\n<meta property=\"og:image\" content=\"https:\/\/www.sonnenseite.com\/wp-content\/uploads\/2019\/02\/Justiz_Deutschland_andriano_cz.jpg\" \/>\n\t<meta property=\"og:image:width\" content=\"770\" \/>\n\t<meta property=\"og:image:height\" content=\"420\" \/>\n\t<meta property=\"og:image:type\" content=\"image\/jpeg\" \/>\n<meta name=\"author\" content=\"Bigi Alt\" \/>\n<meta name=\"twitter:card\" content=\"summary_large_image\" \/>\n<meta name=\"twitter:creator\" content=\"@franzalt\" \/>\n<meta name=\"twitter:site\" content=\"@franzalt\" \/>\n<meta name=\"twitter:label1\" content=\"Verfasst von\" \/>\n\t<meta name=\"twitter:data1\" content=\"Bigi Alt\" \/>\n\t<meta name=\"twitter:label2\" content=\"Gesch\u00e4tzte Lesezeit\" \/>\n\t<meta name=\"twitter:data2\" content=\"3\u00a0Minuten\" \/>\n<script type=\"application\/ld+json\" class=\"yoast-schema-graph\">{\"@context\":\"https:\/\/schema.org\",\"@graph\":[{\"@type\":\"Article\",\"@id\":\"https:\/\/www.sonnenseite.com\/de\/franz-alt\/kommentare-interviews\/folterknechte-und-klimaschaender-muessen-bangen\/#article\",\"isPartOf\":{\"@id\":\"https:\/\/www.sonnenseite.com\/de\/franz-alt\/kommentare-interviews\/folterknechte-und-klimaschaender-muessen-bangen\/\"},\"author\":{\"name\":\"Bigi Alt\",\"@id\":\"https:\/\/www.sonnenseite.com\/de\/#\/schema\/person\/50fda0e926597684c7cc6695238a4eb9\"},\"headline\":\"Folterknechte und Klimasch\u00e4nder m\u00fcssen bangen\",\"datePublished\":\"2022-01-15T12:10:20+00:00\",\"dateModified\":\"2022-01-28T13:50:33+00:00\",\"mainEntityOfPage\":{\"@id\":\"https:\/\/www.sonnenseite.com\/de\/franz-alt\/kommentare-interviews\/folterknechte-und-klimaschaender-muessen-bangen\/\"},\"wordCount\":596,\"publisher\":{\"@id\":\"https:\/\/www.sonnenseite.com\/de\/#organization\"},\"image\":{\"@id\":\"https:\/\/www.sonnenseite.com\/de\/franz-alt\/kommentare-interviews\/folterknechte-und-klimaschaender-muessen-bangen\/#primaryimage\"},\"thumbnailUrl\":\"https:\/\/www.sonnenseite.com\/wp-content\/uploads\/2019\/02\/Justiz_Deutschland_andriano_cz.jpg\",\"articleSection\":[\"Kommentare &amp; Interviews\"],\"inLanguage\":\"de\"},{\"@type\":\"WebPage\",\"@id\":\"https:\/\/www.sonnenseite.com\/de\/franz-alt\/kommentare-interviews\/folterknechte-und-klimaschaender-muessen-bangen\/\",\"url\":\"https:\/\/www.sonnenseite.com\/de\/franz-alt\/kommentare-interviews\/folterknechte-und-klimaschaender-muessen-bangen\/\",\"name\":\"Folterknechte und Klimasch\u00e4nder m\u00fcssen bangen - Sonnenseite - \u00d6kologische Kommunikation mit Franz Alt\",\"isPartOf\":{\"@id\":\"https:\/\/www.sonnenseite.com\/de\/#website\"},\"primaryImageOfPage\":{\"@id\":\"https:\/\/www.sonnenseite.com\/de\/franz-alt\/kommentare-interviews\/folterknechte-und-klimaschaender-muessen-bangen\/#primaryimage\"},\"image\":{\"@id\":\"https:\/\/www.sonnenseite.com\/de\/franz-alt\/kommentare-interviews\/folterknechte-und-klimaschaender-muessen-bangen\/#primaryimage\"},\"thumbnailUrl\":\"https:\/\/www.sonnenseite.com\/wp-content\/uploads\/2019\/02\/Justiz_Deutschland_andriano_cz.jpg\",\"datePublished\":\"2022-01-15T12:10:20+00:00\",\"dateModified\":\"2022-01-28T13:50:33+00:00\",\"description\":\"Darf ein deutsches Gericht einen syrischen Folterknecht verurteilen? Also Repr\u00e4sentanten des deutschen Staates den Repr\u00e4sentanten des syrischen Staates?\u00a0\",\"breadcrumb\":{\"@id\":\"https:\/\/www.sonnenseite.com\/de\/franz-alt\/kommentare-interviews\/folterknechte-und-klimaschaender-muessen-bangen\/#breadcrumb\"},\"inLanguage\":\"de\",\"potentialAction\":[{\"@type\":\"ReadAction\",\"target\":[\"https:\/\/www.sonnenseite.com\/de\/franz-alt\/kommentare-interviews\/folterknechte-und-klimaschaender-muessen-bangen\/\"]}]},{\"@type\":\"ImageObject\",\"inLanguage\":\"de\",\"@id\":\"https:\/\/www.sonnenseite.com\/de\/franz-alt\/kommentare-interviews\/folterknechte-und-klimaschaender-muessen-bangen\/#primaryimage\",\"url\":\"https:\/\/www.sonnenseite.com\/wp-content\/uploads\/2019\/02\/Justiz_Deutschland_andriano_cz.jpg\",\"contentUrl\":\"https:\/\/www.sonnenseite.com\/wp-content\/uploads\/2019\/02\/Justiz_Deutschland_andriano_cz.jpg\",\"width\":770,\"height\":420,\"caption\":\"Depositphotos | andriano_cz\"},{\"@type\":\"BreadcrumbList\",\"@id\":\"https:\/\/www.sonnenseite.com\/de\/franz-alt\/kommentare-interviews\/folterknechte-und-klimaschaender-muessen-bangen\/#breadcrumb\",\"itemListElement\":[{\"@type\":\"ListItem\",\"position\":1,\"name\":\"Startseite\",\"item\":\"https:\/\/www.sonnenseite.com\/de\/\"},{\"@type\":\"ListItem\",\"position\":2,\"name\":\"Folterknechte und Klimasch\u00e4nder m\u00fcssen bangen\"}]},{\"@type\":\"WebSite\",\"@id\":\"https:\/\/www.sonnenseite.com\/de\/#website\",\"url\":\"https:\/\/www.sonnenseite.com\/de\/\",\"name\":\"Sonnenseite\",\"description\":\"\u00d6kologische Kommunikation mit Franz Alt\",\"publisher\":{\"@id\":\"https:\/\/www.sonnenseite.com\/de\/#organization\"},\"potentialAction\":[{\"@type\":\"SearchAction\",\"target\":{\"@type\":\"EntryPoint\",\"urlTemplate\":\"https:\/\/www.sonnenseite.com\/de\/?s={search_term_string}\"},\"query-input\":{\"@type\":\"PropertyValueSpecification\",\"valueRequired\":true,\"valueName\":\"search_term_string\"}}],\"inLanguage\":\"de\"},{\"@type\":\"Organization\",\"@id\":\"https:\/\/www.sonnenseite.com\/de\/#organization\",\"name\":\"Sonnenseite\",\"url\":\"https:\/\/www.sonnenseite.com\/de\/\",\"logo\":{\"@type\":\"ImageObject\",\"inLanguage\":\"de\",\"@id\":\"https:\/\/www.sonnenseite.com\/de\/#\/schema\/logo\/image\/\",\"url\":\"https:\/\/www.sonnenseite.com\/wp-content\/uploads\/2020\/05\/Sonnenseite_Logo.png\",\"contentUrl\":\"https:\/\/www.sonnenseite.com\/wp-content\/uploads\/2020\/05\/Sonnenseite_Logo.png\",\"width\":377,\"height\":90,\"caption\":\"Sonnenseite\"},\"image\":{\"@id\":\"https:\/\/www.sonnenseite.com\/de\/#\/schema\/logo\/image\/\"},\"sameAs\":[\"https:\/\/www.facebook.com\/pages\/Franz-Alt-SONNENSEITECOM\/221072987903953?fref=ts\",\"https:\/\/x.com\/franzalt\",\"http:\/\/www.youtube.com\/results?search_query&amp;amp;quot;franz_alt&amp;amp;quot;&amp;amp;amp;amp;search_type&amp;amp;amp;amp;aq=f\"]},{\"@type\":\"Person\",\"@id\":\"https:\/\/www.sonnenseite.com\/de\/#\/schema\/person\/50fda0e926597684c7cc6695238a4eb9\",\"name\":\"Bigi Alt\"}]}<\/script>\n<!-- \/ Yoast SEO plugin. -->","yoast_head_json":{"title":"Folterknechte und Klimasch\u00e4nder m\u00fcssen bangen - Sonnenseite - \u00d6kologische Kommunikation mit Franz Alt","description":"Darf ein deutsches Gericht einen syrischen Folterknecht verurteilen? Also Repr\u00e4sentanten des deutschen Staates den Repr\u00e4sentanten des syrischen Staates?\u00a0","robots":{"index":"index","follow":"follow","max-snippet":"max-snippet:-1","max-image-preview":"max-image-preview:large","max-video-preview":"max-video-preview:-1"},"canonical":"https:\/\/www.sonnenseite.com\/de\/franz-alt\/kommentare-interviews\/folterknechte-und-klimaschaender-muessen-bangen\/","og_locale":"de_DE","og_type":"article","og_title":"Folterknechte und Klimasch\u00e4nder m\u00fcssen bangen - Sonnenseite - \u00d6kologische Kommunikation mit Franz Alt","og_description":"Darf ein deutsches Gericht einen syrischen Folterknecht verurteilen? Also Repr\u00e4sentanten des deutschen Staates den Repr\u00e4sentanten des syrischen Staates?\u00a0","og_url":"https:\/\/www.sonnenseite.com\/de\/franz-alt\/kommentare-interviews\/folterknechte-und-klimaschaender-muessen-bangen\/","og_site_name":"Sonnenseite","article_publisher":"https:\/\/www.facebook.com\/pages\/Franz-Alt-SONNENSEITECOM\/221072987903953?fref=ts","article_published_time":"2022-01-15T12:10:20+00:00","article_modified_time":"2022-01-28T13:50:33+00:00","og_image":[{"width":770,"height":420,"url":"https:\/\/www.sonnenseite.com\/wp-content\/uploads\/2019\/02\/Justiz_Deutschland_andriano_cz.jpg","type":"image\/jpeg"}],"author":"Bigi Alt","twitter_card":"summary_large_image","twitter_creator":"@franzalt","twitter_site":"@franzalt","twitter_misc":{"Verfasst von":"Bigi Alt","Gesch\u00e4tzte Lesezeit":"3\u00a0Minuten"},"schema":{"@context":"https:\/\/schema.org","@graph":[{"@type":"Article","@id":"https:\/\/www.sonnenseite.com\/de\/franz-alt\/kommentare-interviews\/folterknechte-und-klimaschaender-muessen-bangen\/#article","isPartOf":{"@id":"https:\/\/www.sonnenseite.com\/de\/franz-alt\/kommentare-interviews\/folterknechte-und-klimaschaender-muessen-bangen\/"},"author":{"name":"Bigi Alt","@id":"https:\/\/www.sonnenseite.com\/de\/#\/schema\/person\/50fda0e926597684c7cc6695238a4eb9"},"headline":"Folterknechte und Klimasch\u00e4nder m\u00fcssen bangen","datePublished":"2022-01-15T12:10:20+00:00","dateModified":"2022-01-28T13:50:33+00:00","mainEntityOfPage":{"@id":"https:\/\/www.sonnenseite.com\/de\/franz-alt\/kommentare-interviews\/folterknechte-und-klimaschaender-muessen-bangen\/"},"wordCount":596,"publisher":{"@id":"https:\/\/www.sonnenseite.com\/de\/#organization"},"image":{"@id":"https:\/\/www.sonnenseite.com\/de\/franz-alt\/kommentare-interviews\/folterknechte-und-klimaschaender-muessen-bangen\/#primaryimage"},"thumbnailUrl":"https:\/\/www.sonnenseite.com\/wp-content\/uploads\/2019\/02\/Justiz_Deutschland_andriano_cz.jpg","articleSection":["Kommentare &amp; Interviews"],"inLanguage":"de"},{"@type":"WebPage","@id":"https:\/\/www.sonnenseite.com\/de\/franz-alt\/kommentare-interviews\/folterknechte-und-klimaschaender-muessen-bangen\/","url":"https:\/\/www.sonnenseite.com\/de\/franz-alt\/kommentare-interviews\/folterknechte-und-klimaschaender-muessen-bangen\/","name":"Folterknechte und Klimasch\u00e4nder m\u00fcssen bangen - Sonnenseite - \u00d6kologische Kommunikation mit Franz Alt","isPartOf":{"@id":"https:\/\/www.sonnenseite.com\/de\/#website"},"primaryImageOfPage":{"@id":"https:\/\/www.sonnenseite.com\/de\/franz-alt\/kommentare-interviews\/folterknechte-und-klimaschaender-muessen-bangen\/#primaryimage"},"image":{"@id":"https:\/\/www.sonnenseite.com\/de\/franz-alt\/kommentare-interviews\/folterknechte-und-klimaschaender-muessen-bangen\/#primaryimage"},"thumbnailUrl":"https:\/\/www.sonnenseite.com\/wp-content\/uploads\/2019\/02\/Justiz_Deutschland_andriano_cz.jpg","datePublished":"2022-01-15T12:10:20+00:00","dateModified":"2022-01-28T13:50:33+00:00","description":"Darf ein deutsches Gericht einen syrischen Folterknecht verurteilen? Also Repr\u00e4sentanten des deutschen Staates den Repr\u00e4sentanten des syrischen Staates?\u00a0","breadcrumb":{"@id":"https:\/\/www.sonnenseite.com\/de\/franz-alt\/kommentare-interviews\/folterknechte-und-klimaschaender-muessen-bangen\/#breadcrumb"},"inLanguage":"de","potentialAction":[{"@type":"ReadAction","target":["https:\/\/www.sonnenseite.com\/de\/franz-alt\/kommentare-interviews\/folterknechte-und-klimaschaender-muessen-bangen\/"]}]},{"@type":"ImageObject","inLanguage":"de","@id":"https:\/\/www.sonnenseite.com\/de\/franz-alt\/kommentare-interviews\/folterknechte-und-klimaschaender-muessen-bangen\/#primaryimage","url":"https:\/\/www.sonnenseite.com\/wp-content\/uploads\/2019\/02\/Justiz_Deutschland_andriano_cz.jpg","contentUrl":"https:\/\/www.sonnenseite.com\/wp-content\/uploads\/2019\/02\/Justiz_Deutschland_andriano_cz.jpg","width":770,"height":420,"caption":"Depositphotos | andriano_cz"},{"@type":"BreadcrumbList","@id":"https:\/\/www.sonnenseite.com\/de\/franz-alt\/kommentare-interviews\/folterknechte-und-klimaschaender-muessen-bangen\/#breadcrumb","itemListElement":[{"@type":"ListItem","position":1,"name":"Startseite","item":"https:\/\/www.sonnenseite.com\/de\/"},{"@type":"ListItem","position":2,"name":"Folterknechte und Klimasch\u00e4nder m\u00fcssen bangen"}]},{"@type":"WebSite","@id":"https:\/\/www.sonnenseite.com\/de\/#website","url":"https:\/\/www.sonnenseite.com\/de\/","name":"Sonnenseite","description":"\u00d6kologische Kommunikation mit Franz Alt","publisher":{"@id":"https:\/\/www.sonnenseite.com\/de\/#organization"},"potentialAction":[{"@type":"SearchAction","target":{"@type":"EntryPoint","urlTemplate":"https:\/\/www.sonnenseite.com\/de\/?s={search_term_string}"},"query-input":{"@type":"PropertyValueSpecification","valueRequired":true,"valueName":"search_term_string"}}],"inLanguage":"de"},{"@type":"Organization","@id":"https:\/\/www.sonnenseite.com\/de\/#organization","name":"Sonnenseite","url":"https:\/\/www.sonnenseite.com\/de\/","logo":{"@type":"ImageObject","inLanguage":"de","@id":"https:\/\/www.sonnenseite.com\/de\/#\/schema\/logo\/image\/","url":"https:\/\/www.sonnenseite.com\/wp-content\/uploads\/2020\/05\/Sonnenseite_Logo.png","contentUrl":"https:\/\/www.sonnenseite.com\/wp-content\/uploads\/2020\/05\/Sonnenseite_Logo.png","width":377,"height":90,"caption":"Sonnenseite"},"image":{"@id":"https:\/\/www.sonnenseite.com\/de\/#\/schema\/logo\/image\/"},"sameAs":["https:\/\/www.facebook.com\/pages\/Franz-Alt-SONNENSEITECOM\/221072987903953?fref=ts","https:\/\/x.com\/franzalt","http:\/\/www.youtube.com\/results?search_query&amp;amp;quot;franz_alt&amp;amp;quot;&amp;amp;amp;amp;search_type&amp;amp;amp;amp;aq=f"]},{"@type":"Person","@id":"https:\/\/www.sonnenseite.com\/de\/#\/schema\/person\/50fda0e926597684c7cc6695238a4eb9","name":"Bigi Alt"}]}},"_links":{"self":[{"href":"https:\/\/www.sonnenseite.com\/de\/wp-json\/wp\/v2\/posts\/78553","targetHints":{"allow":["GET"]}}],"collection":[{"href":"https:\/\/www.sonnenseite.com\/de\/wp-json\/wp\/v2\/posts"}],"about":[{"href":"https:\/\/www.sonnenseite.com\/de\/wp-json\/wp\/v2\/types\/post"}],"author":[{"embeddable":true,"href":"https:\/\/www.sonnenseite.com\/de\/wp-json\/wp\/v2\/users\/3"}],"replies":[{"embeddable":true,"href":"https:\/\/www.sonnenseite.com\/de\/wp-json\/wp\/v2\/comments?post=78553"}],"version-history":[{"count":7,"href":"https:\/\/www.sonnenseite.com\/de\/wp-json\/wp\/v2\/posts\/78553\/revisions"}],"predecessor-version":[{"id":78571,"href":"https:\/\/www.sonnenseite.com\/de\/wp-json\/wp\/v2\/posts\/78553\/revisions\/78571"}],"wp:featuredmedia":[{"embeddable":true,"href":"https:\/\/www.sonnenseite.com\/de\/wp-json\/wp\/v2\/media\/11694"}],"wp:attachment":[{"href":"https:\/\/www.sonnenseite.com\/de\/wp-json\/wp\/v2\/media?parent=78553"}],"wp:term":[{"taxonomy":"category","embeddable":true,"href":"https:\/\/www.sonnenseite.com\/de\/wp-json\/wp\/v2\/categories?post=78553"},{"taxonomy":"post_tag","embeddable":true,"href":"https:\/\/www.sonnenseite.com\/de\/wp-json\/wp\/v2\/tags?post=78553"}],"curies":[{"name":"wp","href":"https:\/\/api.w.org\/{rel}","templated":true}]}}