{"id":78578,"date":"2022-01-17T09:07:09","date_gmt":"2022-01-17T08:07:09","guid":{"rendered":"https:\/\/www.sonnenseite.com\/?p=78578"},"modified":"2022-01-17T09:12:32","modified_gmt":"2022-01-17T08:12:32","slug":"die-reichsten-verdoppeln-ihr-vermoegen-waehrend-ueber-160-millionen-zusaetzlich-in-armut-leben","status":"publish","type":"post","link":"https:\/\/www.sonnenseite.com\/de\/politik\/die-reichsten-verdoppeln-ihr-vermoegen-waehrend-ueber-160-millionen-zusaetzlich-in-armut-leben\/","title":{"rendered":"Die Reichsten verdoppeln ihr Verm\u00f6gen \u2013 w\u00e4hrend \u00fcber 160 Millionen zus\u00e4tzlich in Armut leben"},"content":{"rendered":"\n<p>Oxfam-Bericht zur sozialen Ungleichheit. Die einen verdienen, die anderen sterben: Wie die Covid-19-Pandemie Ungleichheit befeuert. <\/p>\n\n\n\n<p>W\u00e4hrend der Covid-19-Pandemie konnten die zehn reichsten Milliard\u00e4re ihr Gesamtverm\u00f6gen verdoppeln, auf insgesamt 1,5 Billionen US-Dollar. Gleichzeitig leben \u00fcber 160 Millionen Menschen zus\u00e4tzlich in Armut. Ungleichheit ist zudem eine Frage von Leben und Tod: Jedes Jahr sterben Millionen Menschen, etwa weil sie keine ad\u00e4quate medizinische Versorgung bekommen. Das zeigt der Bericht \u201eInequality kills\u201c, den die Nothilfe- und Entwicklungsorganisation Oxfam anl\u00e4sslich der virtuellen \u201eDavos Agenda\u201c des Weltwirtschaftsforums ver\u00f6ffentlicht. Oxfam fordert von den Regierungen weltweit, Konzerne und Superreiche zur Finanzierung sozialer Grunddienste st\u00e4rker zu besteuern, f\u00fcr globale Impfgerechtigkeit zu sorgen und die Wirtschaft am Gemeinwohl auszurichten.<\/p>\n\n\n\n<p><\/p>\n\n\n\n<p>Als Ursache f\u00fcr die wachsende soziale Ungleichheit benennt der Bericht die Profitlogik unserer Wirtschaft: Gewinne f\u00fcr Konzerne und ihre Eigent\u00fcmer*innen z\u00e4hlen systematisch mehr als der Schutz der Menschenrechte und des Planeten. Politische Entscheidungen der vergangenen Jahrzehnte haben diese Tendenz versch\u00e4rft. <\/p>\n\n\n\n<p><strong>Die Folge davon ist strukturelle wirtschaftliche Gewalt, mit zum Teil t\u00f6dlichen Konsequenzen:<\/strong><\/p>\n\n\n\n<ul class=\"wp-block-list\"><li>Das kumulierte Verm\u00f6gen aller Milliard\u00e4r*innen ist seit Beginn der Pandemie nach Berechnungen von Forbes um beispiellose f\u00fcnf Billionen US-Dollar gestiegen. Das ist ein gr\u00f6\u00dferer Zuwachs als in den 14 Jahren vor der Pandemie zusammen. Gleichzeitig lebte bereits 2019 fast die H\u00e4lfte der Menschheit \u2013 3,2 Milliarden Menschen \u2013 unterhalb der von der Weltbank definierten Armutsgrenze von 5,50 Dollar pro Tag. Heute sind es 163 Millionen Menschen mehr als vor der Pandemie angenommen.<\/li><li>Mindestens 13 Millionen Frauen haben im Zuge der Pandemie Arbeit und Einkommen verloren, allein im Jahr 2020 belaufen sich ihre Verluste auf mindestens 800 Milliarden US-Dollar. \u00dcber 20 Millionen M\u00e4dchen zus\u00e4tzlich werden nie wieder eine Schule besuchen. Jeden Tag sterben mindestens 15.000 Menschen, weil ihnen eine ad\u00e4quate medizinische Versorgung verwehrt ist. F\u00fcr Menschen, die von Rassismus betroffen sind, ist das Risiko an Covid-19 zu sterben, bis zu drei Mal gr\u00f6\u00dfer als f\u00fcr <em>wei\u00dfe<\/em> Menschen. Und Menschen mit geringem Einkommen haben eine geringere Lebenserwartung als wohlhabende Menschen.<\/li><li>Mittlerweile sind \u00fcber drei Milliarden Menschen zweifach gegen Covid-19 geimpft, doch nur rund neun Prozent der Menschen in L\u00e4ndern mit niedrigem Einkommen haben mindestens eine Impfdosis erhalten. Millionen Menschen, die h\u00e4tten gerettet werden k\u00f6nnen, sind wegen der ungerechten Impfstoffverteilung an der Pandemie und ihren Folgen gestorben. Die Impfstoffe m\u00fcssen als \u00f6ffentliches Gut behandelt werden, auch weil Regierungen ihre Entwicklung mit viel Steuergeld gef\u00f6rdert haben. Mindestens 120 Unternehmen weltweit k\u00f6nnten in die Produktion einsteigen und ausreichend Impfstoffe zu erschwinglichen Preisen herstellen, w\u00fcrde die Technologie global geteilt. Doch das verhindert der internationale Patentschutz.<\/li><\/ul>\n\n\n\n<div style=\"height:30px\" aria-hidden=\"true\" class=\"wp-block-spacer\"><\/div>\n\n\n\n<div class=\"wp-block-image\"><figure class=\"alignleft size-full is-resized\"><img loading=\"lazy\" decoding=\"async\" src=\"https:\/\/www.sonnenseite.com\/wp-content\/uploads\/2022\/01\/OXFAM_Ungleichheit.jpg\" alt=\"\" class=\"wp-image-78582\" width=\"205\" height=\"288\" srcset=\"https:\/\/www.sonnenseite.com\/wp-content\/uploads\/2022\/01\/OXFAM_Ungleichheit.jpg 400w, https:\/\/www.sonnenseite.com\/wp-content\/uploads\/2022\/01\/OXFAM_Ungleichheit-213x300.jpg 213w\" sizes=\"auto, (max-width: 205px) 100vw, 205px\" \/><\/figure><\/div>\n\n\n\n<p>Manuel Schmitt, Referent f\u00fcr soziale Ungleichheit bei Oxfam Deutschland, kommentiert: \u201eF\u00fcr Milliard\u00e4re gleicht die Pandemie einem Goldrausch. Regierungen haben Milliarden in die Wirtschaft gepumpt, doch ein Gro\u00dfteil ist bei Menschen h\u00e4ngengeblieben, die von steigenden Aktienkursen besonders profitieren. W\u00e4hrend ihr Verm\u00f6gen so schnell w\u00e4chst wie nie zuvor und einige Ausfl\u00fcge ins All unternehmen, hat die weltweite Armut drastisch zugenommen. Soziale Ungleichheit ist eine schreiende Ungerechtigkeit, und sie t\u00f6tet Menschen. Das ist ein Zustand, den wir nicht l\u00e4nger hinnehmen d\u00fcrfen! Die Politik muss die Weichen hin zu einem gerechten und demokratischen Wirtschaftssystem stellen. Im Zentrum wirtschaftlicher Entscheidungen darf nicht l\u00e4nger nur der Profit, sondern muss vor allem das Gemeinwohl stehen.&#8220;<\/p>\n\n\n\n<div style=\"height:41px\" aria-hidden=\"true\" class=\"wp-block-spacer\"><\/div>\n\n\n\n<h5 class=\"wp-block-heading\">In diesem Sinne fordert Oxfam Deutschland von der Bundesregierung:<\/h5>\n\n\n\n<div class=\"wp-block-image\"><figure class=\"alignright size-full is-resized\"><img loading=\"lazy\" decoding=\"async\" src=\"https:\/\/www.sonnenseite.com\/wp-content\/uploads\/2022\/01\/OXFAM_InequalityKills.jpg\" alt=\"\" class=\"wp-image-78585\" width=\"268\" height=\"389\" srcset=\"https:\/\/www.sonnenseite.com\/wp-content\/uploads\/2022\/01\/OXFAM_InequalityKills.jpg 400w, https:\/\/www.sonnenseite.com\/wp-content\/uploads\/2022\/01\/OXFAM_InequalityKills-207x300.jpg 207w\" sizes=\"auto, (max-width: 268px) 100vw, 268px\" \/><\/figure><\/div>\n\n\n\n<ol class=\"wp-block-list\"><li><strong>Konzerne und sehr Verm\u00f6gende st\u00e4rker in die Verantwortung nehmen und in soziale Grunddienste investieren: <\/strong>Die Verm\u00f6genssteuer muss wieder eingef\u00fchrt werden und es braucht eine einmalige Abgabe auf sehr hohe Verm\u00f6gen. Zudem muss die globale Mindeststeuer auf 20 bis 25 Prozent angehoben und Steueroasen m\u00fcssen geschlossen werden.<\/li><li><strong>Patentschutz f\u00fcr Covid-19-Impfstoffe aussetzen und Marktmacht von Konzernen begrenzen: <\/strong>Die Bundesregierung muss den Antrag zur Aussetzung des Patentschutzes von Covid-19-Impfstoffen bei der WTO unterst\u00fctzen, um schnell eine fl\u00e4chendeckende Impfung aller Menschen zu erreichen. Nur so kann die Pandemie weltweit einged\u00e4mmt und das Risiko neuer, impfresistenter Virusvarianten beschr\u00e4nkt werden.<\/li><li><strong>Unternehmen demokratisieren und gemeinwohlorientiert ausrichten: <\/strong>Unternehmen m\u00fcssen verpflichtet werden, Ziele innerhalb der planetaren Grenzen und unter Beachtung der menschenrechtlichen Sorgfaltspflicht festzulegen und umzusetzen. Zudem sollten Unternehmen Strategien ver\u00f6ffentlichen m\u00fcssen, in denen sie den Investitionsbedarf zur Erf\u00fcllung ihrer menschenrechtlichen und \u00f6kologischen Verpflichtungen benennen.<\/li><\/ol>\n\n\n\n<ul class=\"wp-block-list\"><li><a href=\"https:\/\/www.oxfam.de\/system\/files\/documents\/oxfam_factsheet_gewaltige_ungleichheit_0.pdf\">Oxfam Factsheet: Gewaltige Ungleichheit PDF <\/a><\/li><li><a href=\"https:\/\/www.oxfam.de\/system\/files\/documents\/inequality_kills_designed_full_report_embargoed.pdf\">Oxfam Bericht: Inequality Kills PDF <\/a><\/li><\/ul>\n\n\n<h5 class=\"green\">Quelle<\/h5>\r\n\n\n\n<p><a href=\"https:\/\/www.oxfam.de\">OXFAM 2022<\/a><\/p>\n<div class=\"shariff shariff-align-flex-start shariff-widget-align-flex-start\"><div class=\"ShariffHeadline\">Diese Meldung teilen<\/div><ul class=\"shariff-buttons theme-round orientation-horizontal buttonsize-medium\"><li class=\"shariff-button facebook shariff-nocustomcolor\" style=\"background-color:#4273c8;border-radius:1%\"><a href=\"https:\/\/www.facebook.com\/sharer\/sharer.php?u=https%3A%2F%2Fwww.sonnenseite.com%2Fde%2Fpolitik%2Fdie-reichsten-verdoppeln-ihr-vermoegen-waehrend-ueber-160-millionen-zusaetzlich-in-armut-leben%2F\" title=\"Bei Facebook teilen\" aria-label=\"Bei Facebook teilen\" role=\"button\" rel=\"nofollow\" class=\"shariff-link\" style=\";border-radius:1%; background-color:#3b5998; color:#fff\" target=\"_blank\"><span class=\"shariff-icon\" style=\"\"><svg width=\"32px\" height=\"20px\" xmlns=\"http:\/\/www.w3.org\/2000\/svg\" viewBox=\"0 0 18 32\"><path fill=\"#3b5998\" d=\"M17.1 0.2v4.7h-2.8q-1.5 0-2.1 0.6t-0.5 1.9v3.4h5.2l-0.7 5.3h-4.5v13.6h-5.5v-13.6h-4.5v-5.3h4.5v-3.9q0-3.3 1.9-5.2t5-1.8q2.6 0 4.1 0.2z\"\/><\/svg><\/span><\/a><\/li><li class=\"shariff-button twitter shariff-nocustomcolor\" style=\"background-color:#595959;border-radius:1%\"><a href=\"https:\/\/twitter.com\/share?url=https%3A%2F%2Fwww.sonnenseite.com%2Fde%2Fpolitik%2Fdie-reichsten-verdoppeln-ihr-vermoegen-waehrend-ueber-160-millionen-zusaetzlich-in-armut-leben%2F&text=Die%20Reichsten%20verdoppeln%20ihr%20Verm%C3%B6gen%20%E2%80%93%20w%C3%A4hrend%20%C3%BCber%20160%20Millionen%20zus%C3%A4tzlich%20in%20Armut%20leben\" title=\"Bei X teilen\" aria-label=\"Bei X teilen\" role=\"button\" rel=\"noopener nofollow\" class=\"shariff-link\" style=\";border-radius:1%; background-color:#000; color:#fff\" target=\"_blank\"><span class=\"shariff-icon\" style=\"\"><svg width=\"32px\" height=\"20px\" xmlns=\"http:\/\/www.w3.org\/2000\/svg\" viewBox=\"0 0 24 24\"><path fill=\"#000\" d=\"M14.258 10.152L23.176 0h-2.113l-7.747 8.813L7.133 0H0l9.352 13.328L0 23.973h2.113l8.176-9.309 6.531 9.309h7.133zm-2.895 3.293l-.949-1.328L2.875 1.56h3.246l6.086 8.523.945 1.328 7.91 11.078h-3.246zm0 0\"\/><\/svg><\/span><\/a><\/li><li class=\"shariff-button xing shariff-nocustomcolor\" style=\"background-color:#29888a;border-radius:1%\"><a href=\"https:\/\/www.xing.com\/spi\/shares\/new?url=https%3A%2F%2Fwww.sonnenseite.com%2Fde%2Fpolitik%2Fdie-reichsten-verdoppeln-ihr-vermoegen-waehrend-ueber-160-millionen-zusaetzlich-in-armut-leben%2F\" title=\"Bei XING teilen\" aria-label=\"Bei XING teilen\" role=\"button\" rel=\"noopener nofollow\" class=\"shariff-link\" style=\";border-radius:1%; background-color:#126567; color:#fff\" target=\"_blank\"><span class=\"shariff-icon\" style=\"\"><svg width=\"32px\" height=\"20px\" xmlns=\"http:\/\/www.w3.org\/2000\/svg\" viewBox=\"0 0 25 32\"><path fill=\"#126567\" d=\"M10.7 11.9q-0.2 0.3-4.6 8.2-0.5 0.8-1.2 0.8h-4.3q-0.4 0-0.5-0.3t0-0.6l4.5-8q0 0 0 0l-2.9-5q-0.2-0.4 0-0.7 0.2-0.3 0.5-0.3h4.3q0.7 0 1.2 0.8zM25.1 0.4q0.2 0.3 0 0.7l-9.4 16.7 6 11q0.2 0.4 0 0.6-0.2 0.3-0.6 0.3h-4.3q-0.7 0-1.2-0.8l-6-11.1q0.3-0.6 9.5-16.8 0.4-0.8 1.2-0.8h4.3q0.4 0 0.5 0.3z\"\/><\/svg><\/span><\/a><\/li><li class=\"shariff-button linkedin shariff-nocustomcolor\" style=\"background-color:#1488bf;border-radius:1%\"><a href=\"https:\/\/www.linkedin.com\/sharing\/share-offsite\/?url=https%3A%2F%2Fwww.sonnenseite.com%2Fde%2Fpolitik%2Fdie-reichsten-verdoppeln-ihr-vermoegen-waehrend-ueber-160-millionen-zusaetzlich-in-armut-leben%2F\" title=\"Bei LinkedIn teilen\" aria-label=\"Bei LinkedIn teilen\" role=\"button\" rel=\"noopener nofollow\" class=\"shariff-link\" style=\";border-radius:1%; background-color:#0077b5; color:#fff\" target=\"_blank\"><span class=\"shariff-icon\" style=\"\"><svg width=\"32px\" height=\"20px\" xmlns=\"http:\/\/www.w3.org\/2000\/svg\" viewBox=\"0 0 27 32\"><path fill=\"#0077b5\" d=\"M6.2 11.2v17.7h-5.9v-17.7h5.9zM6.6 5.7q0 1.3-0.9 2.2t-2.4 0.9h0q-1.5 0-2.4-0.9t-0.9-2.2 0.9-2.2 2.4-0.9 2.4 0.9 0.9 2.2zM27.4 18.7v10.1h-5.9v-9.5q0-1.9-0.7-2.9t-2.3-1.1q-1.1 0-1.9 0.6t-1.2 1.5q-0.2 0.5-0.2 1.4v9.9h-5.9q0-7.1 0-11.6t0-5.3l0-0.9h5.9v2.6h0q0.4-0.6 0.7-1t1-0.9 1.6-0.8 2-0.3q3 0 4.9 2t1.9 6z\"\/><\/svg><\/span><\/a><\/li><li class=\"shariff-button printer shariff-nocustomcolor\" style=\"background-color:#a8a8a8;border-radius:1%\"><a href=\"javascript:window.print()\" title=\"drucken\" aria-label=\"drucken\" role=\"button\" rel=\"noopener nofollow\" class=\"shariff-link\" style=\";border-radius:1%; background-color:#999; color:#fff\"><span class=\"shariff-icon\" style=\"\"><svg width=\"32px\" height=\"20px\" xmlns=\"http:\/\/www.w3.org\/2000\/svg\" viewBox=\"0 0 30 32\"><path fill=\"#999\" d=\"M6.8 27.4h16v-4.6h-16v4.6zM6.8 16h16v-6.8h-2.8q-0.7 0-1.2-0.5t-0.5-1.2v-2.8h-11.4v11.4zM27.4 17.2q0-0.5-0.3-0.8t-0.8-0.4-0.8 0.4-0.3 0.8 0.3 0.8 0.8 0.3 0.8-0.3 0.3-0.8zM29.7 17.2v7.4q0 0.2-0.2 0.4t-0.4 0.2h-4v2.8q0 0.7-0.5 1.2t-1.2 0.5h-17.2q-0.7 0-1.2-0.5t-0.5-1.2v-2.8h-4q-0.2 0-0.4-0.2t-0.2-0.4v-7.4q0-1.4 1-2.4t2.4-1h1.2v-9.7q0-0.7 0.5-1.2t1.2-0.5h12q0.7 0 1.6 0.4t1.3 0.8l2.7 2.7q0.5 0.5 0.9 1.4t0.4 1.6v4.6h1.1q1.4 0 2.4 1t1 2.4z\"\/><\/svg><\/span><\/a><\/li><li class=\"shariff-button mailto shariff-nocustomcolor\" style=\"background-color:#a8a8a8;border-radius:1%\"><a href=\"mailto:?body=https%3A%2F%2Fwww.sonnenseite.com%2Fde%2Fpolitik%2Fdie-reichsten-verdoppeln-ihr-vermoegen-waehrend-ueber-160-millionen-zusaetzlich-in-armut-leben%2F&subject=Die%20Reichsten%20verdoppeln%20ihr%20Verm%C3%B6gen%20%E2%80%93%20w%C3%A4hrend%20%C3%BCber%20160%20Millionen%20zus%C3%A4tzlich%20in%20Armut%20leben\" title=\"Per E-Mail versenden\" aria-label=\"Per E-Mail versenden\" role=\"button\" rel=\"noopener nofollow\" class=\"shariff-link\" style=\";border-radius:1%; background-color:#999; color:#fff\"><span class=\"shariff-icon\" style=\"\"><svg width=\"32px\" height=\"20px\" xmlns=\"http:\/\/www.w3.org\/2000\/svg\" viewBox=\"0 0 32 32\"><path fill=\"#999\" d=\"M32 12.7v14.2q0 1.2-0.8 2t-2 0.9h-26.3q-1.2 0-2-0.9t-0.8-2v-14.2q0.8 0.9 1.8 1.6 6.5 4.4 8.9 6.1 1 0.8 1.6 1.2t1.7 0.9 2 0.4h0.1q0.9 0 2-0.4t1.7-0.9 1.6-1.2q3-2.2 8.9-6.1 1-0.7 1.8-1.6zM32 7.4q0 1.4-0.9 2.7t-2.2 2.2q-6.7 4.7-8.4 5.8-0.2 0.1-0.7 0.5t-1 0.7-0.9 0.6-1.1 0.5-0.9 0.2h-0.1q-0.4 0-0.9-0.2t-1.1-0.5-0.9-0.6-1-0.7-0.7-0.5q-1.6-1.1-4.7-3.2t-3.6-2.6q-1.1-0.7-2.1-2t-1-2.5q0-1.4 0.7-2.3t2.1-0.9h26.3q1.2 0 2 0.8t0.9 2z\"\/><\/svg><\/span><\/a><\/li><\/ul><\/div>","protected":false},"excerpt":{"rendered":"<p>Oxfam-Bericht zur sozialen Ungleichheit. Die einen verdienen, die anderen sterben: Wie die Covid-19-Pandemie Ungleichheit befeuert. W\u00e4hrend [&hellip;]<\/p>\n","protected":false},"author":3,"featured_media":78580,"comment_status":"closed","ping_status":"closed","sticky":false,"template":"","format":"standard","meta":{"inline_featured_image":false,"footnotes":""},"categories":[21],"tags":[],"class_list":["post-78578","post","type-post","status-publish","format-standard","has-post-thumbnail","hentry","category-politik"],"yoast_head":"<!-- This site is optimized with the Yoast SEO plugin v26.5 - https:\/\/yoast.com\/wordpress\/plugins\/seo\/ -->\n<title>Die Reichsten verdoppeln ihr Verm\u00f6gen \u2013 w\u00e4hrend \u00fcber 160 Millionen zus\u00e4tzlich in Armut leben - Sonnenseite - \u00d6kologische Kommunikation mit Franz Alt<\/title>\n<meta name=\"description\" content=\"Oxfam-Bericht zur sozialen Ungleichheit. Die einen verdienen, die anderen sterben: Wie die Covid-19-Pandemie Ungleichheit befeuert. W\u00e4hrend der\" \/>\n<meta name=\"robots\" content=\"index, follow, max-snippet:-1, max-image-preview:large, max-video-preview:-1\" \/>\n<link rel=\"canonical\" href=\"https:\/\/www.sonnenseite.com\/de\/politik\/die-reichsten-verdoppeln-ihr-vermoegen-waehrend-ueber-160-millionen-zusaetzlich-in-armut-leben\/\" \/>\n<meta property=\"og:locale\" content=\"de_DE\" \/>\n<meta property=\"og:type\" content=\"article\" \/>\n<meta property=\"og:title\" content=\"Die Reichsten verdoppeln ihr Verm\u00f6gen \u2013 w\u00e4hrend \u00fcber 160 Millionen zus\u00e4tzlich in Armut leben - Sonnenseite - \u00d6kologische Kommunikation mit Franz Alt\" \/>\n<meta property=\"og:description\" content=\"Oxfam-Bericht zur sozialen Ungleichheit. Die einen verdienen, die anderen sterben: Wie die Covid-19-Pandemie Ungleichheit befeuert. W\u00e4hrend der\" \/>\n<meta property=\"og:url\" content=\"https:\/\/www.sonnenseite.com\/de\/politik\/die-reichsten-verdoppeln-ihr-vermoegen-waehrend-ueber-160-millionen-zusaetzlich-in-armut-leben\/\" \/>\n<meta property=\"og:site_name\" content=\"Sonnenseite\" \/>\n<meta property=\"article:publisher\" content=\"https:\/\/www.facebook.com\/pages\/Franz-Alt-SONNENSEITECOM\/221072987903953?fref=ts\" \/>\n<meta property=\"article:published_time\" content=\"2022-01-17T08:07:09+00:00\" \/>\n<meta property=\"article:modified_time\" content=\"2022-01-17T08:12:32+00:00\" \/>\n<meta property=\"og:image\" content=\"https:\/\/www.sonnenseite.com\/wp-content\/uploads\/2022\/01\/OXFAM_InequalityKills770.jpg\" \/>\n\t<meta property=\"og:image:width\" content=\"770\" \/>\n\t<meta property=\"og:image:height\" content=\"420\" \/>\n\t<meta property=\"og:image:type\" content=\"image\/jpeg\" \/>\n<meta name=\"author\" content=\"Bigi Alt\" \/>\n<meta name=\"twitter:card\" content=\"summary_large_image\" \/>\n<meta name=\"twitter:creator\" content=\"@franzalt\" \/>\n<meta name=\"twitter:site\" content=\"@franzalt\" \/>\n<meta name=\"twitter:label1\" content=\"Verfasst von\" \/>\n\t<meta name=\"twitter:data1\" content=\"Bigi Alt\" \/>\n\t<meta name=\"twitter:label2\" content=\"Gesch\u00e4tzte Lesezeit\" \/>\n\t<meta name=\"twitter:data2\" content=\"4\u00a0Minuten\" \/>\n<script type=\"application\/ld+json\" class=\"yoast-schema-graph\">{\"@context\":\"https:\/\/schema.org\",\"@graph\":[{\"@type\":\"Article\",\"@id\":\"https:\/\/www.sonnenseite.com\/de\/politik\/die-reichsten-verdoppeln-ihr-vermoegen-waehrend-ueber-160-millionen-zusaetzlich-in-armut-leben\/#article\",\"isPartOf\":{\"@id\":\"https:\/\/www.sonnenseite.com\/de\/politik\/die-reichsten-verdoppeln-ihr-vermoegen-waehrend-ueber-160-millionen-zusaetzlich-in-armut-leben\/\"},\"author\":{\"name\":\"Bigi Alt\",\"@id\":\"https:\/\/www.sonnenseite.com\/de\/#\/schema\/person\/50fda0e926597684c7cc6695238a4eb9\"},\"headline\":\"Die Reichsten verdoppeln ihr Verm\u00f6gen \u2013 w\u00e4hrend \u00fcber 160 Millionen zus\u00e4tzlich in Armut leben\",\"datePublished\":\"2022-01-17T08:07:09+00:00\",\"dateModified\":\"2022-01-17T08:12:32+00:00\",\"mainEntityOfPage\":{\"@id\":\"https:\/\/www.sonnenseite.com\/de\/politik\/die-reichsten-verdoppeln-ihr-vermoegen-waehrend-ueber-160-millionen-zusaetzlich-in-armut-leben\/\"},\"wordCount\":740,\"publisher\":{\"@id\":\"https:\/\/www.sonnenseite.com\/de\/#organization\"},\"image\":{\"@id\":\"https:\/\/www.sonnenseite.com\/de\/politik\/die-reichsten-verdoppeln-ihr-vermoegen-waehrend-ueber-160-millionen-zusaetzlich-in-armut-leben\/#primaryimage\"},\"thumbnailUrl\":\"https:\/\/www.sonnenseite.com\/wp-content\/uploads\/2022\/01\/OXFAM_InequalityKills770.jpg\",\"articleSection\":[\"Politik\"],\"inLanguage\":\"de\"},{\"@type\":\"WebPage\",\"@id\":\"https:\/\/www.sonnenseite.com\/de\/politik\/die-reichsten-verdoppeln-ihr-vermoegen-waehrend-ueber-160-millionen-zusaetzlich-in-armut-leben\/\",\"url\":\"https:\/\/www.sonnenseite.com\/de\/politik\/die-reichsten-verdoppeln-ihr-vermoegen-waehrend-ueber-160-millionen-zusaetzlich-in-armut-leben\/\",\"name\":\"Die Reichsten verdoppeln ihr Verm\u00f6gen \u2013 w\u00e4hrend \u00fcber 160 Millionen zus\u00e4tzlich in Armut leben - Sonnenseite - \u00d6kologische Kommunikation mit Franz Alt\",\"isPartOf\":{\"@id\":\"https:\/\/www.sonnenseite.com\/de\/#website\"},\"primaryImageOfPage\":{\"@id\":\"https:\/\/www.sonnenseite.com\/de\/politik\/die-reichsten-verdoppeln-ihr-vermoegen-waehrend-ueber-160-millionen-zusaetzlich-in-armut-leben\/#primaryimage\"},\"image\":{\"@id\":\"https:\/\/www.sonnenseite.com\/de\/politik\/die-reichsten-verdoppeln-ihr-vermoegen-waehrend-ueber-160-millionen-zusaetzlich-in-armut-leben\/#primaryimage\"},\"thumbnailUrl\":\"https:\/\/www.sonnenseite.com\/wp-content\/uploads\/2022\/01\/OXFAM_InequalityKills770.jpg\",\"datePublished\":\"2022-01-17T08:07:09+00:00\",\"dateModified\":\"2022-01-17T08:12:32+00:00\",\"description\":\"Oxfam-Bericht zur sozialen Ungleichheit. Die einen verdienen, die anderen sterben: Wie die Covid-19-Pandemie Ungleichheit befeuert. W\u00e4hrend der\",\"breadcrumb\":{\"@id\":\"https:\/\/www.sonnenseite.com\/de\/politik\/die-reichsten-verdoppeln-ihr-vermoegen-waehrend-ueber-160-millionen-zusaetzlich-in-armut-leben\/#breadcrumb\"},\"inLanguage\":\"de\",\"potentialAction\":[{\"@type\":\"ReadAction\",\"target\":[\"https:\/\/www.sonnenseite.com\/de\/politik\/die-reichsten-verdoppeln-ihr-vermoegen-waehrend-ueber-160-millionen-zusaetzlich-in-armut-leben\/\"]}]},{\"@type\":\"ImageObject\",\"inLanguage\":\"de\",\"@id\":\"https:\/\/www.sonnenseite.com\/de\/politik\/die-reichsten-verdoppeln-ihr-vermoegen-waehrend-ueber-160-millionen-zusaetzlich-in-armut-leben\/#primaryimage\",\"url\":\"https:\/\/www.sonnenseite.com\/wp-content\/uploads\/2022\/01\/OXFAM_InequalityKills770.jpg\",\"contentUrl\":\"https:\/\/www.sonnenseite.com\/wp-content\/uploads\/2022\/01\/OXFAM_InequalityKills770.jpg\",\"width\":770,\"height\":420,\"caption\":\"OXFAM | Inequality Kills\"},{\"@type\":\"BreadcrumbList\",\"@id\":\"https:\/\/www.sonnenseite.com\/de\/politik\/die-reichsten-verdoppeln-ihr-vermoegen-waehrend-ueber-160-millionen-zusaetzlich-in-armut-leben\/#breadcrumb\",\"itemListElement\":[{\"@type\":\"ListItem\",\"position\":1,\"name\":\"Startseite\",\"item\":\"https:\/\/www.sonnenseite.com\/de\/\"},{\"@type\":\"ListItem\",\"position\":2,\"name\":\"Die Reichsten verdoppeln ihr Verm\u00f6gen \u2013 w\u00e4hrend \u00fcber 160 Millionen zus\u00e4tzlich in Armut leben\"}]},{\"@type\":\"WebSite\",\"@id\":\"https:\/\/www.sonnenseite.com\/de\/#website\",\"url\":\"https:\/\/www.sonnenseite.com\/de\/\",\"name\":\"Sonnenseite\",\"description\":\"\u00d6kologische Kommunikation mit Franz Alt\",\"publisher\":{\"@id\":\"https:\/\/www.sonnenseite.com\/de\/#organization\"},\"potentialAction\":[{\"@type\":\"SearchAction\",\"target\":{\"@type\":\"EntryPoint\",\"urlTemplate\":\"https:\/\/www.sonnenseite.com\/de\/?s={search_term_string}\"},\"query-input\":{\"@type\":\"PropertyValueSpecification\",\"valueRequired\":true,\"valueName\":\"search_term_string\"}}],\"inLanguage\":\"de\"},{\"@type\":\"Organization\",\"@id\":\"https:\/\/www.sonnenseite.com\/de\/#organization\",\"name\":\"Sonnenseite\",\"url\":\"https:\/\/www.sonnenseite.com\/de\/\",\"logo\":{\"@type\":\"ImageObject\",\"inLanguage\":\"de\",\"@id\":\"https:\/\/www.sonnenseite.com\/de\/#\/schema\/logo\/image\/\",\"url\":\"https:\/\/www.sonnenseite.com\/wp-content\/uploads\/2020\/05\/Sonnenseite_Logo.png\",\"contentUrl\":\"https:\/\/www.sonnenseite.com\/wp-content\/uploads\/2020\/05\/Sonnenseite_Logo.png\",\"width\":377,\"height\":90,\"caption\":\"Sonnenseite\"},\"image\":{\"@id\":\"https:\/\/www.sonnenseite.com\/de\/#\/schema\/logo\/image\/\"},\"sameAs\":[\"https:\/\/www.facebook.com\/pages\/Franz-Alt-SONNENSEITECOM\/221072987903953?fref=ts\",\"https:\/\/x.com\/franzalt\",\"http:\/\/www.youtube.com\/results?search_query&amp;amp;quot;franz_alt&amp;amp;quot;&amp;amp;amp;amp;search_type&amp;amp;amp;amp;aq=f\"]},{\"@type\":\"Person\",\"@id\":\"https:\/\/www.sonnenseite.com\/de\/#\/schema\/person\/50fda0e926597684c7cc6695238a4eb9\",\"name\":\"Bigi Alt\"}]}<\/script>\n<!-- \/ Yoast SEO plugin. -->","yoast_head_json":{"title":"Die Reichsten verdoppeln ihr Verm\u00f6gen \u2013 w\u00e4hrend \u00fcber 160 Millionen zus\u00e4tzlich in Armut leben - Sonnenseite - \u00d6kologische Kommunikation mit Franz Alt","description":"Oxfam-Bericht zur sozialen Ungleichheit. Die einen verdienen, die anderen sterben: Wie die Covid-19-Pandemie Ungleichheit befeuert. W\u00e4hrend der","robots":{"index":"index","follow":"follow","max-snippet":"max-snippet:-1","max-image-preview":"max-image-preview:large","max-video-preview":"max-video-preview:-1"},"canonical":"https:\/\/www.sonnenseite.com\/de\/politik\/die-reichsten-verdoppeln-ihr-vermoegen-waehrend-ueber-160-millionen-zusaetzlich-in-armut-leben\/","og_locale":"de_DE","og_type":"article","og_title":"Die Reichsten verdoppeln ihr Verm\u00f6gen \u2013 w\u00e4hrend \u00fcber 160 Millionen zus\u00e4tzlich in Armut leben - Sonnenseite - \u00d6kologische Kommunikation mit Franz Alt","og_description":"Oxfam-Bericht zur sozialen Ungleichheit. Die einen verdienen, die anderen sterben: Wie die Covid-19-Pandemie Ungleichheit befeuert. W\u00e4hrend der","og_url":"https:\/\/www.sonnenseite.com\/de\/politik\/die-reichsten-verdoppeln-ihr-vermoegen-waehrend-ueber-160-millionen-zusaetzlich-in-armut-leben\/","og_site_name":"Sonnenseite","article_publisher":"https:\/\/www.facebook.com\/pages\/Franz-Alt-SONNENSEITECOM\/221072987903953?fref=ts","article_published_time":"2022-01-17T08:07:09+00:00","article_modified_time":"2022-01-17T08:12:32+00:00","og_image":[{"width":770,"height":420,"url":"https:\/\/www.sonnenseite.com\/wp-content\/uploads\/2022\/01\/OXFAM_InequalityKills770.jpg","type":"image\/jpeg"}],"author":"Bigi Alt","twitter_card":"summary_large_image","twitter_creator":"@franzalt","twitter_site":"@franzalt","twitter_misc":{"Verfasst von":"Bigi Alt","Gesch\u00e4tzte Lesezeit":"4\u00a0Minuten"},"schema":{"@context":"https:\/\/schema.org","@graph":[{"@type":"Article","@id":"https:\/\/www.sonnenseite.com\/de\/politik\/die-reichsten-verdoppeln-ihr-vermoegen-waehrend-ueber-160-millionen-zusaetzlich-in-armut-leben\/#article","isPartOf":{"@id":"https:\/\/www.sonnenseite.com\/de\/politik\/die-reichsten-verdoppeln-ihr-vermoegen-waehrend-ueber-160-millionen-zusaetzlich-in-armut-leben\/"},"author":{"name":"Bigi Alt","@id":"https:\/\/www.sonnenseite.com\/de\/#\/schema\/person\/50fda0e926597684c7cc6695238a4eb9"},"headline":"Die Reichsten verdoppeln ihr Verm\u00f6gen \u2013 w\u00e4hrend \u00fcber 160 Millionen zus\u00e4tzlich in Armut leben","datePublished":"2022-01-17T08:07:09+00:00","dateModified":"2022-01-17T08:12:32+00:00","mainEntityOfPage":{"@id":"https:\/\/www.sonnenseite.com\/de\/politik\/die-reichsten-verdoppeln-ihr-vermoegen-waehrend-ueber-160-millionen-zusaetzlich-in-armut-leben\/"},"wordCount":740,"publisher":{"@id":"https:\/\/www.sonnenseite.com\/de\/#organization"},"image":{"@id":"https:\/\/www.sonnenseite.com\/de\/politik\/die-reichsten-verdoppeln-ihr-vermoegen-waehrend-ueber-160-millionen-zusaetzlich-in-armut-leben\/#primaryimage"},"thumbnailUrl":"https:\/\/www.sonnenseite.com\/wp-content\/uploads\/2022\/01\/OXFAM_InequalityKills770.jpg","articleSection":["Politik"],"inLanguage":"de"},{"@type":"WebPage","@id":"https:\/\/www.sonnenseite.com\/de\/politik\/die-reichsten-verdoppeln-ihr-vermoegen-waehrend-ueber-160-millionen-zusaetzlich-in-armut-leben\/","url":"https:\/\/www.sonnenseite.com\/de\/politik\/die-reichsten-verdoppeln-ihr-vermoegen-waehrend-ueber-160-millionen-zusaetzlich-in-armut-leben\/","name":"Die Reichsten verdoppeln ihr Verm\u00f6gen \u2013 w\u00e4hrend \u00fcber 160 Millionen zus\u00e4tzlich in Armut leben - Sonnenseite - \u00d6kologische Kommunikation mit Franz Alt","isPartOf":{"@id":"https:\/\/www.sonnenseite.com\/de\/#website"},"primaryImageOfPage":{"@id":"https:\/\/www.sonnenseite.com\/de\/politik\/die-reichsten-verdoppeln-ihr-vermoegen-waehrend-ueber-160-millionen-zusaetzlich-in-armut-leben\/#primaryimage"},"image":{"@id":"https:\/\/www.sonnenseite.com\/de\/politik\/die-reichsten-verdoppeln-ihr-vermoegen-waehrend-ueber-160-millionen-zusaetzlich-in-armut-leben\/#primaryimage"},"thumbnailUrl":"https:\/\/www.sonnenseite.com\/wp-content\/uploads\/2022\/01\/OXFAM_InequalityKills770.jpg","datePublished":"2022-01-17T08:07:09+00:00","dateModified":"2022-01-17T08:12:32+00:00","description":"Oxfam-Bericht zur sozialen Ungleichheit. Die einen verdienen, die anderen sterben: Wie die Covid-19-Pandemie Ungleichheit befeuert. W\u00e4hrend der","breadcrumb":{"@id":"https:\/\/www.sonnenseite.com\/de\/politik\/die-reichsten-verdoppeln-ihr-vermoegen-waehrend-ueber-160-millionen-zusaetzlich-in-armut-leben\/#breadcrumb"},"inLanguage":"de","potentialAction":[{"@type":"ReadAction","target":["https:\/\/www.sonnenseite.com\/de\/politik\/die-reichsten-verdoppeln-ihr-vermoegen-waehrend-ueber-160-millionen-zusaetzlich-in-armut-leben\/"]}]},{"@type":"ImageObject","inLanguage":"de","@id":"https:\/\/www.sonnenseite.com\/de\/politik\/die-reichsten-verdoppeln-ihr-vermoegen-waehrend-ueber-160-millionen-zusaetzlich-in-armut-leben\/#primaryimage","url":"https:\/\/www.sonnenseite.com\/wp-content\/uploads\/2022\/01\/OXFAM_InequalityKills770.jpg","contentUrl":"https:\/\/www.sonnenseite.com\/wp-content\/uploads\/2022\/01\/OXFAM_InequalityKills770.jpg","width":770,"height":420,"caption":"OXFAM | Inequality Kills"},{"@type":"BreadcrumbList","@id":"https:\/\/www.sonnenseite.com\/de\/politik\/die-reichsten-verdoppeln-ihr-vermoegen-waehrend-ueber-160-millionen-zusaetzlich-in-armut-leben\/#breadcrumb","itemListElement":[{"@type":"ListItem","position":1,"name":"Startseite","item":"https:\/\/www.sonnenseite.com\/de\/"},{"@type":"ListItem","position":2,"name":"Die Reichsten verdoppeln ihr Verm\u00f6gen \u2013 w\u00e4hrend \u00fcber 160 Millionen zus\u00e4tzlich in Armut leben"}]},{"@type":"WebSite","@id":"https:\/\/www.sonnenseite.com\/de\/#website","url":"https:\/\/www.sonnenseite.com\/de\/","name":"Sonnenseite","description":"\u00d6kologische Kommunikation mit Franz Alt","publisher":{"@id":"https:\/\/www.sonnenseite.com\/de\/#organization"},"potentialAction":[{"@type":"SearchAction","target":{"@type":"EntryPoint","urlTemplate":"https:\/\/www.sonnenseite.com\/de\/?s={search_term_string}"},"query-input":{"@type":"PropertyValueSpecification","valueRequired":true,"valueName":"search_term_string"}}],"inLanguage":"de"},{"@type":"Organization","@id":"https:\/\/www.sonnenseite.com\/de\/#organization","name":"Sonnenseite","url":"https:\/\/www.sonnenseite.com\/de\/","logo":{"@type":"ImageObject","inLanguage":"de","@id":"https:\/\/www.sonnenseite.com\/de\/#\/schema\/logo\/image\/","url":"https:\/\/www.sonnenseite.com\/wp-content\/uploads\/2020\/05\/Sonnenseite_Logo.png","contentUrl":"https:\/\/www.sonnenseite.com\/wp-content\/uploads\/2020\/05\/Sonnenseite_Logo.png","width":377,"height":90,"caption":"Sonnenseite"},"image":{"@id":"https:\/\/www.sonnenseite.com\/de\/#\/schema\/logo\/image\/"},"sameAs":["https:\/\/www.facebook.com\/pages\/Franz-Alt-SONNENSEITECOM\/221072987903953?fref=ts","https:\/\/x.com\/franzalt","http:\/\/www.youtube.com\/results?search_query&amp;amp;quot;franz_alt&amp;amp;quot;&amp;amp;amp;amp;search_type&amp;amp;amp;amp;aq=f"]},{"@type":"Person","@id":"https:\/\/www.sonnenseite.com\/de\/#\/schema\/person\/50fda0e926597684c7cc6695238a4eb9","name":"Bigi Alt"}]}},"_links":{"self":[{"href":"https:\/\/www.sonnenseite.com\/de\/wp-json\/wp\/v2\/posts\/78578","targetHints":{"allow":["GET"]}}],"collection":[{"href":"https:\/\/www.sonnenseite.com\/de\/wp-json\/wp\/v2\/posts"}],"about":[{"href":"https:\/\/www.sonnenseite.com\/de\/wp-json\/wp\/v2\/types\/post"}],"author":[{"embeddable":true,"href":"https:\/\/www.sonnenseite.com\/de\/wp-json\/wp\/v2\/users\/3"}],"replies":[{"embeddable":true,"href":"https:\/\/www.sonnenseite.com\/de\/wp-json\/wp\/v2\/comments?post=78578"}],"version-history":[{"count":4,"href":"https:\/\/www.sonnenseite.com\/de\/wp-json\/wp\/v2\/posts\/78578\/revisions"}],"predecessor-version":[{"id":78589,"href":"https:\/\/www.sonnenseite.com\/de\/wp-json\/wp\/v2\/posts\/78578\/revisions\/78589"}],"wp:featuredmedia":[{"embeddable":true,"href":"https:\/\/www.sonnenseite.com\/de\/wp-json\/wp\/v2\/media\/78580"}],"wp:attachment":[{"href":"https:\/\/www.sonnenseite.com\/de\/wp-json\/wp\/v2\/media?parent=78578"}],"wp:term":[{"taxonomy":"category","embeddable":true,"href":"https:\/\/www.sonnenseite.com\/de\/wp-json\/wp\/v2\/categories?post=78578"},{"taxonomy":"post_tag","embeddable":true,"href":"https:\/\/www.sonnenseite.com\/de\/wp-json\/wp\/v2\/tags?post=78578"}],"curies":[{"name":"wp","href":"https:\/\/api.w.org\/{rel}","templated":true}]}}