{"id":78766,"date":"2022-01-22T10:43:04","date_gmt":"2022-01-22T09:43:04","guid":{"rendered":"https:\/\/www.sonnenseite.com\/?p=78766"},"modified":"2022-01-22T10:43:46","modified_gmt":"2022-01-22T09:43:46","slug":"habeck-und-lemke-bekraeftigen-kritik-an-atomregeln-in-taxonomie","status":"publish","type":"post","link":"https:\/\/www.sonnenseite.com\/de\/politik\/habeck-und-lemke-bekraeftigen-kritik-an-atomregeln-in-taxonomie\/","title":{"rendered":"Habeck und Lemke bekr\u00e4ftigen Kritik an Atomregeln in Taxonomie"},"content":{"rendered":"\n<p>Die Taxonomie ist ein EU-weit g\u00fcltiges System zur Klassifizierung von Finanzprodukten. Sie soll Anlegerinnen und Anlegern Orientierung geben und Kapital in den gr\u00fcnen Umbau von Energieproduktion und Wirtschaft lenken. Im Konkreten geht es um den sogenannten zweiten delegierten Rechtsakt, mit dem die EU-Kommission Atomkraft und Gas mit in das Taxonomie-System aufnehmen will. Hierzu hatte sie einen Entwurf vorgelegt.<\/p>\n\n\n\n<p>Bundeswirtschafts- und Klimaschutzminister Robert Habeck sowie Umweltministerin Steffi Lemke erkl\u00e4ren: &#8222;Als Bundesregierung haben wir unsere Ablehnung zur Einbeziehung von Atomenergie noch einmal deutlich zum Ausdruck gebracht. Sie ist risikobehaftet und teuer. Auch neue Reaktorkonzepte wie Mini-Reaktoren bringen \u00e4hnliche Probleme mit sich und k\u00f6nnen nicht als nachhaltig eingestuft werden.&#8220;<\/p>\n\n\n\n<p>In der Stellungnahme weist die Bundesregierung zudem auf mangelnde Sicherheitsanforderungen im Bereich der Atomkraft hin. Au\u00dferdem bringt sie ihre Zweifel zum Ausdruck, dass die Aufnahme der Atomenergie mit den Vorgaben der Taxonomie-Verordnung vereinbar ist und macht damit auf rechtliche Bedenken aufmerksam.<\/p>\n\n\n\n<p>Im Bereich Gas gib es Pr\u00e4zisierungshinweise an die Kommission. So braucht es aus Sicht der Bundesregierung gesonderte Grenzwerte f\u00fcr Fernw\u00e4rmenetze und f\u00fcr den Ersatz von alten durch neue Gaskraftwerke. Weil die Wasserstoffproduktion in den ersten Jahren noch nicht im vollen Hochlauf ist und zudem der gr\u00fcne Wasserstoff auch f\u00fcr die Umstellung auf eine CO<sub>2<\/sub>-neutrale Industrieproduktion gebraucht wird, sollen die Bedingungen f\u00fcr die \u00dcbergangsphase noch angepasst werden.<\/p>\n\n\n\n<p>Habeck und Lemke betonen: &#8222;Sollte der delegierte Rechtsakt unver\u00e4ndert bleiben und die Kommission die kritischen Stellungnahmen etlicher Mitgliedstaaten und auch unsere unber\u00fccksichtigt lassen, sollte Deutschland ihn unserer Meinung nach ablehnen.&#8220;<\/p>\n\n\n\n<h4 class=\"wp-block-heading\">Weitergehende Informationen und weiteres Verfahren:<\/h4>\n\n\n\n<p><strong>1. Was ist die Taxonomie?<\/strong><\/p>\n\n\n\n<p>Die Taxonomie ist ein EU-weit g\u00fcltiges System zur Klassifizierung von Finanzprodukten. Sie soll Anlegerinnen und Anlegern Orientierung geben und Kapital in den gr\u00fcnen Umbau von Energieproduktion und Wirtschaft lenken. Das Finanzsystem spielt eine Schl\u00fcsselrolle im \u00dcbergang zu einer emissionsarmen, ressourcenschonenden Wirtschaft. Die Europ\u00e4ische Kommission hat daher bereits im Juni 2021 Kriterien vorgelegt, die dazu beitragen sollen, in der Europ\u00e4ischen Union mehr Geld in nachhaltige T\u00e4tigkeiten zu lenken und Klimarisiken in Unternehmensbilanzen sichtbar zu machen.<\/p>\n\n\n\n<p><strong>2. Wie funktioniert die Taxonomie?<\/strong><\/p>\n\n\n\n<p>Rechtlich bildet die sogenannte EU-Taxonomie-Verordnung die Grundlage. Sie st\u00e4rkt die Markttransparenz f\u00fcr private Investitionen in \u00f6kologisch nachhaltige Wirtschaftsaktivit\u00e4ten. Sie etabliert ein Klassifikationssystem f\u00fcr den Finanzmarktbereich f\u00fcr \u00f6kologisch nachhaltige Wirtschaftsaktivit\u00e4ten, um Anreize f\u00fcr private Investoren zu schaffen, die Transformation zu einer nachhaltigen Wirtschaft zu unterst\u00fctzen.<\/p>\n\n\n\n<p><strong>3. Was sagt der erste delegierte Rechtsakt?<\/strong><\/p>\n\n\n\n<p>Zur Konkretisierung der Taxonomie-Verordnung gab es einen ersten delegierten Rechtsakt der Europ\u00e4ischen Kommission, in dem die technischen Kriterien f\u00fcr die Ermittlung der T\u00e4tigkeiten festgelegt werden, die einen wesentlichen Beitrag zum Klimaschutz oder zur Anpassung an den Klimawandel leisten. Der erste delegierte Rechtsakt deckt wirtschaftliche T\u00e4tigkeiten von etwa 40 Prozent der b\u00f6rsennotierten Unternehmen in Sektoren ab, auf die knapp 80 Prozent der direkten Treibhausgasemissionen in Europa entfallen. Zu diesen Sektoren geh\u00f6ren Energie, Forstwirtschaft, Herstellung, Verkehr und Geb\u00e4ude. Ausgenommen aus dem ersten delegierten Rechtsakt wurde unter anderem die Energieerzeugung.<\/p>\n\n\n\n<p><strong>4. Warum gibt es \u00fcberhaupt einen zweiten erg\u00e4nzenden delegierten Rechtsakt?<\/strong><\/p>\n\n\n\n<p>Der erste delegierte Rechtsakt legt richtige, angemessene und strenge Ma\u00dfst\u00e4be an, um nachhaltige T\u00e4tigkeiten zu klassifizieren. Nach Einsch\u00e4tzung des BMWK und des BMUV h\u00e4tte es eines zweiten erg\u00e4nzenden delegierten Rechtsaktes nicht bedurft. Die EU-Kommission hatte sich aber bereits fr\u00fch im Verfahren \u00f6ffentlich festgelegt, in einem solchen erg\u00e4nzenden delegierten Rechtsakt Atomenergie und Gas aufzunehmen. Diesen zweiten delegierten Rechtsakts hat die Europ\u00e4ische Kommission am 31.12.2021 in die Konsultation gegeben. Die EU-Mitgliedstaaten und andere Akteure konnten bis zum 21.01.2022 Stellungnahmen dazu einreichen.<\/p>\n\n\n\n<p><strong>5. Wie ist jetzt das weitere Verfahren?<\/strong><\/p>\n\n\n\n<p>Die EU-Kommission wird die bis zum 21.01.2022 eingegangenen Stellungnahmen nun pr\u00fcfen und den erg\u00e4nzenden delegierten Rechtsakt finalisieren. Anschlie\u00dfend versendet die EU-Kommission den Rechtsakt an die EU-Mitgliedstaaten. Ab dann l\u00e4uft eine Frist von vier Monaten, verl\u00e4ngerbar auf sechs Monate, innerhalb derer die Mitgliedstaaten einen Einwand gegen den delegierten Rechtsakt erheben k\u00f6nnen. Der Rechtsakt gilt als angenommen, wenn es im Rat oder im Europ\u00e4ischen Parlament keine qualifizierte Mehrheit von 20 der 27 Mitgliedstaaten, die zudem f\u00fcr 65 Prozent der EU-Einwohner stehen, gegen ihn gibt. Die H\u00fcrden, den Rechtsakt zu stoppen, sind mithin hoch.<\/p>\n\n\n\n<ul class=\"wp-block-list\"><li><a href=\"https:\/\/www.bmuv.de\/fileadmin\/Daten_BMU\/Download_PDF\/Nukleare_Sicherheit\/bundesregierung_stellungnahme_taxonomie_bf.pdf\">Stellungnahme der Bundesregierung zur EU-Taxonomie<\/a><\/li><\/ul>\n\n\n<h5 class=\"green\">Quelle<\/h5>\r\n\n\n\n<p><\/p>\n<div class=\"shariff shariff-align-flex-start shariff-widget-align-flex-start\"><div class=\"ShariffHeadline\">Diese Meldung teilen<\/div><ul class=\"shariff-buttons theme-round orientation-horizontal buttonsize-medium\"><li class=\"shariff-button facebook shariff-nocustomcolor\" style=\"background-color:#4273c8;border-radius:1%\"><a href=\"https:\/\/www.facebook.com\/sharer\/sharer.php?u=https%3A%2F%2Fwww.sonnenseite.com%2Fde%2Fpolitik%2Fhabeck-und-lemke-bekraeftigen-kritik-an-atomregeln-in-taxonomie%2F\" title=\"Bei Facebook teilen\" aria-label=\"Bei Facebook teilen\" role=\"button\" rel=\"nofollow\" class=\"shariff-link\" style=\";border-radius:1%; background-color:#3b5998; color:#fff\" target=\"_blank\"><span class=\"shariff-icon\" style=\"\"><svg width=\"32px\" height=\"20px\" xmlns=\"http:\/\/www.w3.org\/2000\/svg\" viewBox=\"0 0 18 32\"><path fill=\"#3b5998\" d=\"M17.1 0.2v4.7h-2.8q-1.5 0-2.1 0.6t-0.5 1.9v3.4h5.2l-0.7 5.3h-4.5v13.6h-5.5v-13.6h-4.5v-5.3h4.5v-3.9q0-3.3 1.9-5.2t5-1.8q2.6 0 4.1 0.2z\"\/><\/svg><\/span><\/a><\/li><li class=\"shariff-button twitter shariff-nocustomcolor\" style=\"background-color:#595959;border-radius:1%\"><a href=\"https:\/\/twitter.com\/share?url=https%3A%2F%2Fwww.sonnenseite.com%2Fde%2Fpolitik%2Fhabeck-und-lemke-bekraeftigen-kritik-an-atomregeln-in-taxonomie%2F&text=Habeck%20und%20Lemke%20bekr%C3%A4ftigen%20Kritik%20an%20Atomregeln%20in%20Taxonomie\" title=\"Bei X teilen\" aria-label=\"Bei X teilen\" role=\"button\" rel=\"noopener nofollow\" class=\"shariff-link\" style=\";border-radius:1%; background-color:#000; color:#fff\" target=\"_blank\"><span class=\"shariff-icon\" style=\"\"><svg width=\"32px\" height=\"20px\" xmlns=\"http:\/\/www.w3.org\/2000\/svg\" viewBox=\"0 0 24 24\"><path fill=\"#000\" d=\"M14.258 10.152L23.176 0h-2.113l-7.747 8.813L7.133 0H0l9.352 13.328L0 23.973h2.113l8.176-9.309 6.531 9.309h7.133zm-2.895 3.293l-.949-1.328L2.875 1.56h3.246l6.086 8.523.945 1.328 7.91 11.078h-3.246zm0 0\"\/><\/svg><\/span><\/a><\/li><li class=\"shariff-button xing shariff-nocustomcolor\" style=\"background-color:#29888a;border-radius:1%\"><a href=\"https:\/\/www.xing.com\/spi\/shares\/new?url=https%3A%2F%2Fwww.sonnenseite.com%2Fde%2Fpolitik%2Fhabeck-und-lemke-bekraeftigen-kritik-an-atomregeln-in-taxonomie%2F\" title=\"Bei XING teilen\" aria-label=\"Bei XING teilen\" role=\"button\" rel=\"noopener nofollow\" class=\"shariff-link\" style=\";border-radius:1%; background-color:#126567; color:#fff\" target=\"_blank\"><span class=\"shariff-icon\" style=\"\"><svg width=\"32px\" height=\"20px\" xmlns=\"http:\/\/www.w3.org\/2000\/svg\" viewBox=\"0 0 25 32\"><path fill=\"#126567\" d=\"M10.7 11.9q-0.2 0.3-4.6 8.2-0.5 0.8-1.2 0.8h-4.3q-0.4 0-0.5-0.3t0-0.6l4.5-8q0 0 0 0l-2.9-5q-0.2-0.4 0-0.7 0.2-0.3 0.5-0.3h4.3q0.7 0 1.2 0.8zM25.1 0.4q0.2 0.3 0 0.7l-9.4 16.7 6 11q0.2 0.4 0 0.6-0.2 0.3-0.6 0.3h-4.3q-0.7 0-1.2-0.8l-6-11.1q0.3-0.6 9.5-16.8 0.4-0.8 1.2-0.8h4.3q0.4 0 0.5 0.3z\"\/><\/svg><\/span><\/a><\/li><li class=\"shariff-button linkedin shariff-nocustomcolor\" style=\"background-color:#1488bf;border-radius:1%\"><a href=\"https:\/\/www.linkedin.com\/sharing\/share-offsite\/?url=https%3A%2F%2Fwww.sonnenseite.com%2Fde%2Fpolitik%2Fhabeck-und-lemke-bekraeftigen-kritik-an-atomregeln-in-taxonomie%2F\" title=\"Bei LinkedIn teilen\" aria-label=\"Bei LinkedIn teilen\" role=\"button\" rel=\"noopener nofollow\" class=\"shariff-link\" style=\";border-radius:1%; background-color:#0077b5; color:#fff\" target=\"_blank\"><span class=\"shariff-icon\" style=\"\"><svg width=\"32px\" height=\"20px\" xmlns=\"http:\/\/www.w3.org\/2000\/svg\" viewBox=\"0 0 27 32\"><path fill=\"#0077b5\" d=\"M6.2 11.2v17.7h-5.9v-17.7h5.9zM6.6 5.7q0 1.3-0.9 2.2t-2.4 0.9h0q-1.5 0-2.4-0.9t-0.9-2.2 0.9-2.2 2.4-0.9 2.4 0.9 0.9 2.2zM27.4 18.7v10.1h-5.9v-9.5q0-1.9-0.7-2.9t-2.3-1.1q-1.1 0-1.9 0.6t-1.2 1.5q-0.2 0.5-0.2 1.4v9.9h-5.9q0-7.1 0-11.6t0-5.3l0-0.9h5.9v2.6h0q0.4-0.6 0.7-1t1-0.9 1.6-0.8 2-0.3q3 0 4.9 2t1.9 6z\"\/><\/svg><\/span><\/a><\/li><li class=\"shariff-button printer shariff-nocustomcolor\" style=\"background-color:#a8a8a8;border-radius:1%\"><a href=\"javascript:window.print()\" title=\"drucken\" aria-label=\"drucken\" role=\"button\" rel=\"noopener nofollow\" class=\"shariff-link\" style=\";border-radius:1%; background-color:#999; color:#fff\"><span class=\"shariff-icon\" style=\"\"><svg width=\"32px\" height=\"20px\" xmlns=\"http:\/\/www.w3.org\/2000\/svg\" viewBox=\"0 0 30 32\"><path fill=\"#999\" d=\"M6.8 27.4h16v-4.6h-16v4.6zM6.8 16h16v-6.8h-2.8q-0.7 0-1.2-0.5t-0.5-1.2v-2.8h-11.4v11.4zM27.4 17.2q0-0.5-0.3-0.8t-0.8-0.4-0.8 0.4-0.3 0.8 0.3 0.8 0.8 0.3 0.8-0.3 0.3-0.8zM29.7 17.2v7.4q0 0.2-0.2 0.4t-0.4 0.2h-4v2.8q0 0.7-0.5 1.2t-1.2 0.5h-17.2q-0.7 0-1.2-0.5t-0.5-1.2v-2.8h-4q-0.2 0-0.4-0.2t-0.2-0.4v-7.4q0-1.4 1-2.4t2.4-1h1.2v-9.7q0-0.7 0.5-1.2t1.2-0.5h12q0.7 0 1.6 0.4t1.3 0.8l2.7 2.7q0.5 0.5 0.9 1.4t0.4 1.6v4.6h1.1q1.4 0 2.4 1t1 2.4z\"\/><\/svg><\/span><\/a><\/li><li class=\"shariff-button mailto shariff-nocustomcolor\" style=\"background-color:#a8a8a8;border-radius:1%\"><a href=\"mailto:?body=https%3A%2F%2Fwww.sonnenseite.com%2Fde%2Fpolitik%2Fhabeck-und-lemke-bekraeftigen-kritik-an-atomregeln-in-taxonomie%2F&subject=Habeck%20und%20Lemke%20bekr%C3%A4ftigen%20Kritik%20an%20Atomregeln%20in%20Taxonomie\" title=\"Per E-Mail versenden\" aria-label=\"Per E-Mail versenden\" role=\"button\" rel=\"noopener nofollow\" class=\"shariff-link\" style=\";border-radius:1%; background-color:#999; color:#fff\"><span class=\"shariff-icon\" style=\"\"><svg width=\"32px\" height=\"20px\" xmlns=\"http:\/\/www.w3.org\/2000\/svg\" viewBox=\"0 0 32 32\"><path fill=\"#999\" d=\"M32 12.7v14.2q0 1.2-0.8 2t-2 0.9h-26.3q-1.2 0-2-0.9t-0.8-2v-14.2q0.8 0.9 1.8 1.6 6.5 4.4 8.9 6.1 1 0.8 1.6 1.2t1.7 0.9 2 0.4h0.1q0.9 0 2-0.4t1.7-0.9 1.6-1.2q3-2.2 8.9-6.1 1-0.7 1.8-1.6zM32 7.4q0 1.4-0.9 2.7t-2.2 2.2q-6.7 4.7-8.4 5.8-0.2 0.1-0.7 0.5t-1 0.7-0.9 0.6-1.1 0.5-0.9 0.2h-0.1q-0.4 0-0.9-0.2t-1.1-0.5-0.9-0.6-1-0.7-0.7-0.5q-1.6-1.1-4.7-3.2t-3.6-2.6q-1.1-0.7-2.1-2t-1-2.5q0-1.4 0.7-2.3t2.1-0.9h26.3q1.2 0 2 0.8t0.9 2z\"\/><\/svg><\/span><\/a><\/li><\/ul><\/div>","protected":false},"excerpt":{"rendered":"<p>Die Taxonomie ist ein EU-weit g\u00fcltiges System zur Klassifizierung von Finanzprodukten. Sie soll Anlegerinnen und Anlegern [&hellip;]<\/p>\n","protected":false},"author":3,"featured_media":60266,"comment_status":"closed","ping_status":"closed","sticky":false,"template":"","format":"standard","meta":{"inline_featured_image":false,"footnotes":""},"categories":[21],"tags":[],"class_list":["post-78766","post","type-post","status-publish","format-standard","has-post-thumbnail","hentry","category-politik"],"yoast_head":"<!-- This site is optimized with the Yoast SEO plugin v26.5 - https:\/\/yoast.com\/wordpress\/plugins\/seo\/ -->\n<title>Habeck und Lemke bekr\u00e4ftigen Kritik an Atomregeln in Taxonomie - Sonnenseite - \u00d6kologische Kommunikation mit Franz Alt<\/title>\n<meta name=\"description\" content=\"Die Taxonomie ist ein EU-weit g\u00fcltiges System zur Klassifizierung von Finanzprodukten. Sie soll Anlegerinnen und Anlegern Orientierung geben und Kapital\" \/>\n<meta name=\"robots\" content=\"index, follow, max-snippet:-1, max-image-preview:large, max-video-preview:-1\" \/>\n<link rel=\"canonical\" href=\"https:\/\/www.sonnenseite.com\/de\/politik\/habeck-und-lemke-bekraeftigen-kritik-an-atomregeln-in-taxonomie\/\" \/>\n<meta property=\"og:locale\" content=\"de_DE\" \/>\n<meta property=\"og:type\" content=\"article\" \/>\n<meta property=\"og:title\" content=\"Habeck und Lemke bekr\u00e4ftigen Kritik an Atomregeln in Taxonomie - Sonnenseite - \u00d6kologische Kommunikation mit Franz Alt\" \/>\n<meta property=\"og:description\" content=\"Die Taxonomie ist ein EU-weit g\u00fcltiges System zur Klassifizierung von Finanzprodukten. Sie soll Anlegerinnen und Anlegern Orientierung geben und Kapital\" \/>\n<meta property=\"og:url\" content=\"https:\/\/www.sonnenseite.com\/de\/politik\/habeck-und-lemke-bekraeftigen-kritik-an-atomregeln-in-taxonomie\/\" \/>\n<meta property=\"og:site_name\" content=\"Sonnenseite\" \/>\n<meta property=\"article:publisher\" content=\"https:\/\/www.facebook.com\/pages\/Franz-Alt-SONNENSEITECOM\/221072987903953?fref=ts\" \/>\n<meta property=\"article:published_time\" content=\"2022-01-22T09:43:04+00:00\" \/>\n<meta property=\"article:modified_time\" content=\"2022-01-22T09:43:46+00:00\" \/>\n<meta property=\"og:image\" content=\"https:\/\/www.sonnenseite.com\/wp-content\/uploads\/2020\/06\/Europa01_Lupo.jpg\" \/>\n\t<meta property=\"og:image:width\" content=\"770\" \/>\n\t<meta property=\"og:image:height\" content=\"420\" \/>\n\t<meta property=\"og:image:type\" content=\"image\/jpeg\" \/>\n<meta name=\"author\" content=\"Bigi Alt\" \/>\n<meta name=\"twitter:card\" content=\"summary_large_image\" \/>\n<meta name=\"twitter:creator\" content=\"@franzalt\" \/>\n<meta name=\"twitter:site\" content=\"@franzalt\" \/>\n<meta name=\"twitter:label1\" content=\"Verfasst von\" \/>\n\t<meta name=\"twitter:data1\" content=\"Bigi Alt\" \/>\n\t<meta name=\"twitter:label2\" content=\"Gesch\u00e4tzte Lesezeit\" \/>\n\t<meta name=\"twitter:data2\" content=\"3\u00a0Minuten\" \/>\n<script type=\"application\/ld+json\" class=\"yoast-schema-graph\">{\"@context\":\"https:\/\/schema.org\",\"@graph\":[{\"@type\":\"Article\",\"@id\":\"https:\/\/www.sonnenseite.com\/de\/politik\/habeck-und-lemke-bekraeftigen-kritik-an-atomregeln-in-taxonomie\/#article\",\"isPartOf\":{\"@id\":\"https:\/\/www.sonnenseite.com\/de\/politik\/habeck-und-lemke-bekraeftigen-kritik-an-atomregeln-in-taxonomie\/\"},\"author\":{\"name\":\"Bigi Alt\",\"@id\":\"https:\/\/www.sonnenseite.com\/de\/#\/schema\/person\/50fda0e926597684c7cc6695238a4eb9\"},\"headline\":\"Habeck und Lemke bekr\u00e4ftigen Kritik an Atomregeln in Taxonomie\",\"datePublished\":\"2022-01-22T09:43:04+00:00\",\"dateModified\":\"2022-01-22T09:43:46+00:00\",\"mainEntityOfPage\":{\"@id\":\"https:\/\/www.sonnenseite.com\/de\/politik\/habeck-und-lemke-bekraeftigen-kritik-an-atomregeln-in-taxonomie\/\"},\"wordCount\":713,\"publisher\":{\"@id\":\"https:\/\/www.sonnenseite.com\/de\/#organization\"},\"image\":{\"@id\":\"https:\/\/www.sonnenseite.com\/de\/politik\/habeck-und-lemke-bekraeftigen-kritik-an-atomregeln-in-taxonomie\/#primaryimage\"},\"thumbnailUrl\":\"https:\/\/www.sonnenseite.com\/wp-content\/uploads\/2020\/06\/Europa01_Lupo.jpg\",\"articleSection\":[\"Politik\"],\"inLanguage\":\"de\"},{\"@type\":\"WebPage\",\"@id\":\"https:\/\/www.sonnenseite.com\/de\/politik\/habeck-und-lemke-bekraeftigen-kritik-an-atomregeln-in-taxonomie\/\",\"url\":\"https:\/\/www.sonnenseite.com\/de\/politik\/habeck-und-lemke-bekraeftigen-kritik-an-atomregeln-in-taxonomie\/\",\"name\":\"Habeck und Lemke bekr\u00e4ftigen Kritik an Atomregeln in Taxonomie - Sonnenseite - \u00d6kologische Kommunikation mit Franz Alt\",\"isPartOf\":{\"@id\":\"https:\/\/www.sonnenseite.com\/de\/#website\"},\"primaryImageOfPage\":{\"@id\":\"https:\/\/www.sonnenseite.com\/de\/politik\/habeck-und-lemke-bekraeftigen-kritik-an-atomregeln-in-taxonomie\/#primaryimage\"},\"image\":{\"@id\":\"https:\/\/www.sonnenseite.com\/de\/politik\/habeck-und-lemke-bekraeftigen-kritik-an-atomregeln-in-taxonomie\/#primaryimage\"},\"thumbnailUrl\":\"https:\/\/www.sonnenseite.com\/wp-content\/uploads\/2020\/06\/Europa01_Lupo.jpg\",\"datePublished\":\"2022-01-22T09:43:04+00:00\",\"dateModified\":\"2022-01-22T09:43:46+00:00\",\"description\":\"Die Taxonomie ist ein EU-weit g\u00fcltiges System zur Klassifizierung von Finanzprodukten. Sie soll Anlegerinnen und Anlegern Orientierung geben und Kapital\",\"breadcrumb\":{\"@id\":\"https:\/\/www.sonnenseite.com\/de\/politik\/habeck-und-lemke-bekraeftigen-kritik-an-atomregeln-in-taxonomie\/#breadcrumb\"},\"inLanguage\":\"de\",\"potentialAction\":[{\"@type\":\"ReadAction\",\"target\":[\"https:\/\/www.sonnenseite.com\/de\/politik\/habeck-und-lemke-bekraeftigen-kritik-an-atomregeln-in-taxonomie\/\"]}]},{\"@type\":\"ImageObject\",\"inLanguage\":\"de\",\"@id\":\"https:\/\/www.sonnenseite.com\/de\/politik\/habeck-und-lemke-bekraeftigen-kritik-an-atomregeln-in-taxonomie\/#primaryimage\",\"url\":\"https:\/\/www.sonnenseite.com\/wp-content\/uploads\/2020\/06\/Europa01_Lupo.jpg\",\"contentUrl\":\"https:\/\/www.sonnenseite.com\/wp-content\/uploads\/2020\/06\/Europa01_Lupo.jpg\",\"width\":770,\"height\":420,\"caption\":\"pixelio.de | Lupo | Europa hat einmal mehr die Chance vertan, geschlossen und selbstbewusst aufzutreten.\"},{\"@type\":\"BreadcrumbList\",\"@id\":\"https:\/\/www.sonnenseite.com\/de\/politik\/habeck-und-lemke-bekraeftigen-kritik-an-atomregeln-in-taxonomie\/#breadcrumb\",\"itemListElement\":[{\"@type\":\"ListItem\",\"position\":1,\"name\":\"Startseite\",\"item\":\"https:\/\/www.sonnenseite.com\/de\/\"},{\"@type\":\"ListItem\",\"position\":2,\"name\":\"Habeck und Lemke bekr\u00e4ftigen Kritik an Atomregeln in Taxonomie\"}]},{\"@type\":\"WebSite\",\"@id\":\"https:\/\/www.sonnenseite.com\/de\/#website\",\"url\":\"https:\/\/www.sonnenseite.com\/de\/\",\"name\":\"Sonnenseite\",\"description\":\"\u00d6kologische Kommunikation mit Franz Alt\",\"publisher\":{\"@id\":\"https:\/\/www.sonnenseite.com\/de\/#organization\"},\"potentialAction\":[{\"@type\":\"SearchAction\",\"target\":{\"@type\":\"EntryPoint\",\"urlTemplate\":\"https:\/\/www.sonnenseite.com\/de\/?s={search_term_string}\"},\"query-input\":{\"@type\":\"PropertyValueSpecification\",\"valueRequired\":true,\"valueName\":\"search_term_string\"}}],\"inLanguage\":\"de\"},{\"@type\":\"Organization\",\"@id\":\"https:\/\/www.sonnenseite.com\/de\/#organization\",\"name\":\"Sonnenseite\",\"url\":\"https:\/\/www.sonnenseite.com\/de\/\",\"logo\":{\"@type\":\"ImageObject\",\"inLanguage\":\"de\",\"@id\":\"https:\/\/www.sonnenseite.com\/de\/#\/schema\/logo\/image\/\",\"url\":\"https:\/\/www.sonnenseite.com\/wp-content\/uploads\/2020\/05\/Sonnenseite_Logo.png\",\"contentUrl\":\"https:\/\/www.sonnenseite.com\/wp-content\/uploads\/2020\/05\/Sonnenseite_Logo.png\",\"width\":377,\"height\":90,\"caption\":\"Sonnenseite\"},\"image\":{\"@id\":\"https:\/\/www.sonnenseite.com\/de\/#\/schema\/logo\/image\/\"},\"sameAs\":[\"https:\/\/www.facebook.com\/pages\/Franz-Alt-SONNENSEITECOM\/221072987903953?fref=ts\",\"https:\/\/x.com\/franzalt\",\"http:\/\/www.youtube.com\/results?search_query&amp;amp;quot;franz_alt&amp;amp;quot;&amp;amp;amp;amp;search_type&amp;amp;amp;amp;aq=f\"]},{\"@type\":\"Person\",\"@id\":\"https:\/\/www.sonnenseite.com\/de\/#\/schema\/person\/50fda0e926597684c7cc6695238a4eb9\",\"name\":\"Bigi Alt\"}]}<\/script>\n<!-- \/ Yoast SEO plugin. -->","yoast_head_json":{"title":"Habeck und Lemke bekr\u00e4ftigen Kritik an Atomregeln in Taxonomie - Sonnenseite - \u00d6kologische Kommunikation mit Franz Alt","description":"Die Taxonomie ist ein EU-weit g\u00fcltiges System zur Klassifizierung von Finanzprodukten. Sie soll Anlegerinnen und Anlegern Orientierung geben und Kapital","robots":{"index":"index","follow":"follow","max-snippet":"max-snippet:-1","max-image-preview":"max-image-preview:large","max-video-preview":"max-video-preview:-1"},"canonical":"https:\/\/www.sonnenseite.com\/de\/politik\/habeck-und-lemke-bekraeftigen-kritik-an-atomregeln-in-taxonomie\/","og_locale":"de_DE","og_type":"article","og_title":"Habeck und Lemke bekr\u00e4ftigen Kritik an Atomregeln in Taxonomie - Sonnenseite - \u00d6kologische Kommunikation mit Franz Alt","og_description":"Die Taxonomie ist ein EU-weit g\u00fcltiges System zur Klassifizierung von Finanzprodukten. Sie soll Anlegerinnen und Anlegern Orientierung geben und Kapital","og_url":"https:\/\/www.sonnenseite.com\/de\/politik\/habeck-und-lemke-bekraeftigen-kritik-an-atomregeln-in-taxonomie\/","og_site_name":"Sonnenseite","article_publisher":"https:\/\/www.facebook.com\/pages\/Franz-Alt-SONNENSEITECOM\/221072987903953?fref=ts","article_published_time":"2022-01-22T09:43:04+00:00","article_modified_time":"2022-01-22T09:43:46+00:00","og_image":[{"width":770,"height":420,"url":"https:\/\/www.sonnenseite.com\/wp-content\/uploads\/2020\/06\/Europa01_Lupo.jpg","type":"image\/jpeg"}],"author":"Bigi Alt","twitter_card":"summary_large_image","twitter_creator":"@franzalt","twitter_site":"@franzalt","twitter_misc":{"Verfasst von":"Bigi Alt","Gesch\u00e4tzte Lesezeit":"3\u00a0Minuten"},"schema":{"@context":"https:\/\/schema.org","@graph":[{"@type":"Article","@id":"https:\/\/www.sonnenseite.com\/de\/politik\/habeck-und-lemke-bekraeftigen-kritik-an-atomregeln-in-taxonomie\/#article","isPartOf":{"@id":"https:\/\/www.sonnenseite.com\/de\/politik\/habeck-und-lemke-bekraeftigen-kritik-an-atomregeln-in-taxonomie\/"},"author":{"name":"Bigi Alt","@id":"https:\/\/www.sonnenseite.com\/de\/#\/schema\/person\/50fda0e926597684c7cc6695238a4eb9"},"headline":"Habeck und Lemke bekr\u00e4ftigen Kritik an Atomregeln in Taxonomie","datePublished":"2022-01-22T09:43:04+00:00","dateModified":"2022-01-22T09:43:46+00:00","mainEntityOfPage":{"@id":"https:\/\/www.sonnenseite.com\/de\/politik\/habeck-und-lemke-bekraeftigen-kritik-an-atomregeln-in-taxonomie\/"},"wordCount":713,"publisher":{"@id":"https:\/\/www.sonnenseite.com\/de\/#organization"},"image":{"@id":"https:\/\/www.sonnenseite.com\/de\/politik\/habeck-und-lemke-bekraeftigen-kritik-an-atomregeln-in-taxonomie\/#primaryimage"},"thumbnailUrl":"https:\/\/www.sonnenseite.com\/wp-content\/uploads\/2020\/06\/Europa01_Lupo.jpg","articleSection":["Politik"],"inLanguage":"de"},{"@type":"WebPage","@id":"https:\/\/www.sonnenseite.com\/de\/politik\/habeck-und-lemke-bekraeftigen-kritik-an-atomregeln-in-taxonomie\/","url":"https:\/\/www.sonnenseite.com\/de\/politik\/habeck-und-lemke-bekraeftigen-kritik-an-atomregeln-in-taxonomie\/","name":"Habeck und Lemke bekr\u00e4ftigen Kritik an Atomregeln in Taxonomie - Sonnenseite - \u00d6kologische Kommunikation mit Franz Alt","isPartOf":{"@id":"https:\/\/www.sonnenseite.com\/de\/#website"},"primaryImageOfPage":{"@id":"https:\/\/www.sonnenseite.com\/de\/politik\/habeck-und-lemke-bekraeftigen-kritik-an-atomregeln-in-taxonomie\/#primaryimage"},"image":{"@id":"https:\/\/www.sonnenseite.com\/de\/politik\/habeck-und-lemke-bekraeftigen-kritik-an-atomregeln-in-taxonomie\/#primaryimage"},"thumbnailUrl":"https:\/\/www.sonnenseite.com\/wp-content\/uploads\/2020\/06\/Europa01_Lupo.jpg","datePublished":"2022-01-22T09:43:04+00:00","dateModified":"2022-01-22T09:43:46+00:00","description":"Die Taxonomie ist ein EU-weit g\u00fcltiges System zur Klassifizierung von Finanzprodukten. Sie soll Anlegerinnen und Anlegern Orientierung geben und Kapital","breadcrumb":{"@id":"https:\/\/www.sonnenseite.com\/de\/politik\/habeck-und-lemke-bekraeftigen-kritik-an-atomregeln-in-taxonomie\/#breadcrumb"},"inLanguage":"de","potentialAction":[{"@type":"ReadAction","target":["https:\/\/www.sonnenseite.com\/de\/politik\/habeck-und-lemke-bekraeftigen-kritik-an-atomregeln-in-taxonomie\/"]}]},{"@type":"ImageObject","inLanguage":"de","@id":"https:\/\/www.sonnenseite.com\/de\/politik\/habeck-und-lemke-bekraeftigen-kritik-an-atomregeln-in-taxonomie\/#primaryimage","url":"https:\/\/www.sonnenseite.com\/wp-content\/uploads\/2020\/06\/Europa01_Lupo.jpg","contentUrl":"https:\/\/www.sonnenseite.com\/wp-content\/uploads\/2020\/06\/Europa01_Lupo.jpg","width":770,"height":420,"caption":"pixelio.de | Lupo | Europa hat einmal mehr die Chance vertan, geschlossen und selbstbewusst aufzutreten."},{"@type":"BreadcrumbList","@id":"https:\/\/www.sonnenseite.com\/de\/politik\/habeck-und-lemke-bekraeftigen-kritik-an-atomregeln-in-taxonomie\/#breadcrumb","itemListElement":[{"@type":"ListItem","position":1,"name":"Startseite","item":"https:\/\/www.sonnenseite.com\/de\/"},{"@type":"ListItem","position":2,"name":"Habeck und Lemke bekr\u00e4ftigen Kritik an Atomregeln in Taxonomie"}]},{"@type":"WebSite","@id":"https:\/\/www.sonnenseite.com\/de\/#website","url":"https:\/\/www.sonnenseite.com\/de\/","name":"Sonnenseite","description":"\u00d6kologische Kommunikation mit Franz Alt","publisher":{"@id":"https:\/\/www.sonnenseite.com\/de\/#organization"},"potentialAction":[{"@type":"SearchAction","target":{"@type":"EntryPoint","urlTemplate":"https:\/\/www.sonnenseite.com\/de\/?s={search_term_string}"},"query-input":{"@type":"PropertyValueSpecification","valueRequired":true,"valueName":"search_term_string"}}],"inLanguage":"de"},{"@type":"Organization","@id":"https:\/\/www.sonnenseite.com\/de\/#organization","name":"Sonnenseite","url":"https:\/\/www.sonnenseite.com\/de\/","logo":{"@type":"ImageObject","inLanguage":"de","@id":"https:\/\/www.sonnenseite.com\/de\/#\/schema\/logo\/image\/","url":"https:\/\/www.sonnenseite.com\/wp-content\/uploads\/2020\/05\/Sonnenseite_Logo.png","contentUrl":"https:\/\/www.sonnenseite.com\/wp-content\/uploads\/2020\/05\/Sonnenseite_Logo.png","width":377,"height":90,"caption":"Sonnenseite"},"image":{"@id":"https:\/\/www.sonnenseite.com\/de\/#\/schema\/logo\/image\/"},"sameAs":["https:\/\/www.facebook.com\/pages\/Franz-Alt-SONNENSEITECOM\/221072987903953?fref=ts","https:\/\/x.com\/franzalt","http:\/\/www.youtube.com\/results?search_query&amp;amp;quot;franz_alt&amp;amp;quot;&amp;amp;amp;amp;search_type&amp;amp;amp;amp;aq=f"]},{"@type":"Person","@id":"https:\/\/www.sonnenseite.com\/de\/#\/schema\/person\/50fda0e926597684c7cc6695238a4eb9","name":"Bigi Alt"}]}},"_links":{"self":[{"href":"https:\/\/www.sonnenseite.com\/de\/wp-json\/wp\/v2\/posts\/78766","targetHints":{"allow":["GET"]}}],"collection":[{"href":"https:\/\/www.sonnenseite.com\/de\/wp-json\/wp\/v2\/posts"}],"about":[{"href":"https:\/\/www.sonnenseite.com\/de\/wp-json\/wp\/v2\/types\/post"}],"author":[{"embeddable":true,"href":"https:\/\/www.sonnenseite.com\/de\/wp-json\/wp\/v2\/users\/3"}],"replies":[{"embeddable":true,"href":"https:\/\/www.sonnenseite.com\/de\/wp-json\/wp\/v2\/comments?post=78766"}],"version-history":[{"count":2,"href":"https:\/\/www.sonnenseite.com\/de\/wp-json\/wp\/v2\/posts\/78766\/revisions"}],"predecessor-version":[{"id":78768,"href":"https:\/\/www.sonnenseite.com\/de\/wp-json\/wp\/v2\/posts\/78766\/revisions\/78768"}],"wp:featuredmedia":[{"embeddable":true,"href":"https:\/\/www.sonnenseite.com\/de\/wp-json\/wp\/v2\/media\/60266"}],"wp:attachment":[{"href":"https:\/\/www.sonnenseite.com\/de\/wp-json\/wp\/v2\/media?parent=78766"}],"wp:term":[{"taxonomy":"category","embeddable":true,"href":"https:\/\/www.sonnenseite.com\/de\/wp-json\/wp\/v2\/categories?post=78766"},{"taxonomy":"post_tag","embeddable":true,"href":"https:\/\/www.sonnenseite.com\/de\/wp-json\/wp\/v2\/tags?post=78766"}],"curies":[{"name":"wp","href":"https:\/\/api.w.org\/{rel}","templated":true}]}}