{"id":78839,"date":"2022-01-25T02:15:00","date_gmt":"2022-01-25T01:15:00","guid":{"rendered":"https:\/\/www.sonnenseite.com\/?p=78839"},"modified":"2022-01-25T08:58:21","modified_gmt":"2022-01-25T07:58:21","slug":"studie-belegt-klimaschutzeffekte-durch-kreislaufwirtschaft","status":"publish","type":"post","link":"https:\/\/www.sonnenseite.com\/de\/umwelt\/studie-belegt-klimaschutzeffekte-durch-kreislaufwirtschaft\/","title":{"rendered":"Studie belegt Klimaschutzeffekte durch Kreislaufwirtschaft"},"content":{"rendered":"\n<p>Die Abfallwirtschaft tr\u00e4gt wesentlich zur CO2-Reduktion bei, das zeigt eine Studie des europ\u00e4ischen Abfallwirtschaftsverbands.<\/p>\n\n\n\n<p>Der BDE Bundesverband der Deutschen Entsorgungs- Wasser- und Rohstoffwirtschaft hat die Bundesregierung aufgefordert, ihren Einsatz f\u00fcr mehr Kreislaufwirtschaft in Europa zu verst\u00e4rken.<\/p>\n\n\n\n<p>\u201eIn ihrem Koalitionsvertrag haben die drei Partner dem Prinzip der Kreislaufwirtschaft ein eigenes Kapitel gewidmet. Die neue Bundesregierung hat es also in der Hand, in Fragen der CO2-Einsparung in Europa eigene Akzente zu setzen und daf\u00fcr die Kreislaufwirtschaft europaweit zu f\u00f6rdern. Zugleich muss sie den angek\u00fcndigten Einsatz f\u00fcr ein Verbot der Deponierung unbehandelter Siedlungsabf\u00e4lle in Europa verst\u00e4rken. Hier gibt es derzeit noch Widerstand aus den L\u00e4ndern mit einer wenig entwickelten Kreislaufwirtschaft,\u201c sagte BDE-Pr\u00e4sident Peter Kurth bei der Vorstellung einer Potenzialstudie zur CO2-Einsparung in Europa am Montag.&nbsp;<\/p>\n\n\n\n<p>F\u00fcr ihre Studie hatten die Agenturen Prognos und CE DELFT im Auftrag der vier europ\u00e4ische Abfallwirtschaftsverb\u00e4nde &#8211; die European Waste Management Association (FEAD), die Confederation of European Waste-to-Energy Plants (CEWEP), die RDF Industry Group und die Dutch Waste Management Association (DWMA) in einer 20-Jahres-Perspektive die CO2-Minderungspotenziale untersucht, die durch eine Verst\u00e4rkung des Recyclings und eine Verminderung der Deponierung genutzt werden k\u00f6nnen. So k\u00f6nnten in Europa durch mehr Kreislaufwirtschaft in Europa zus\u00e4tzlich mindestens 150 Millionen Tonnen CO2eq eingespart werden.<\/p>\n\n\n\n<p>Die selbstgesteckten Ziele der EU sehen hier eine Recyclingquote von 65 Prozent und eine Obergrenze f\u00fcr Deponien f\u00fcr Siedlungsabf\u00e4lle von 10 Prozent vor. Sollten diese Vorgaben eingehalten werden, k\u00e4me der Kreislaufwirtschaft in der Folge eine zentrale Rolle beim Erreichen der Ziele des Pariser Klimaabkommens zu.<\/p>\n\n\n\n<p>In ihrer Studie untersuchen die Experten auf Basis ermittelter Zahlen aus dem Jahr 2018 anhand zweier Projektionen das CO2-Reduktionspotenzial der EU im Jahr 2035, das sich aus der Leistung der Abfallwirtschaft in Bezug auf die Recycling- und Deponieziele in den EU-L\u00e4ndern und Gro\u00dfbritannien ergibt. Die Ergebnisse zeigen erhebliche Mengen an vermeidbaren CO2-Emissionen f\u00fcr die Abfallarten Papier, Glas, Kunststoffe, Eisenmetalle, Aluminium, Holz, Textilien, Altreifen, Bioabfall und Restm\u00fcll auf.<\/p>\n\n\n\n<p>Im Jahr 2018 war die Abfallwirtschaft f\u00fcr die oben genannten Abfallstr\u00f6me mit 13 Millionen t CO2eq Nettoemissionen pro Jahr nahezu CO2-neutral.<\/p>\n\n\n\n<p>Bei konsequenter Anwendung der aktuellen Rechtsvorschriften f\u00fcr Siedlungsabf\u00e4lle und der Beibehaltung gleicher Recycling- und Deponieziele f\u00fcr Industrie- und Gewerbeabf\u00e4lle (Projektion 1) bis 2035 in den EU-L\u00e4ndern und Gro\u00dfbritannien verbessert sich das Potenzial zur Vermeidung von CO2-Emissionen erheblich auf -137 Mio. t CO2eq, was eine Einsparung von 150 Mio. t CO2eq bedeutet.<\/p>\n\n\n\n<p>Bei der ehrgeizigeren Projektion 2 w\u00fcrde sich das Einsparpotenzial fast verdoppeln. Die derzeitige CO2-Nettoemissionsbelastung von 13 Mio. t CO2eq in der 20-Jahres-Perspektive k\u00f6nnte auf -283 Mio. t CO2eq Nettoemissionsvermeidung sinken, was zu Einsparungen von 296 Mio. t CO2eq f\u00fchrt.<\/p>\n\n\n\n<p>BDE-Pr\u00e4sident Peter Kurth, der auch der FEAD in Br\u00fcssel vorsteht, erkl\u00e4rte: \u201eDie Botschaft der Verfasser der Studie ist klar: politische Entscheider in Europa m\u00fcssen das Thema Kreislauflaufwirtschaft st\u00e4rker in den Mittelpunkt stellen. Die Zahlen sprechen f\u00fcr sich und belegen eindrucksvoll das Potenzial, das eine effiziente Abfallwirtschaft bei der CO2-Einsparung in Europa hat. Effektiver Klimaschutz ist die zentrale Herausforderung f\u00fcr die Welt, aber auch f\u00fcr unseren europ\u00e4ischen Kontinent. Deshalb muss die Politik in den L\u00e4ndern und auf europ\u00e4ischer Ebene die EU-Gesetzgebung umsetzen und so den EU Green Deal st\u00e4rken. Die Studie zeigt zudem, dass auch L\u00e4nder in Europa unterschiedliche Interessen haben und diese f\u00fcr eine funktionierende Kreislaufwirtschaft in Einklang gebracht werden m\u00fcssen.<\/p>\n\n\n\n<p>F\u00fcr die neue Bundesregierung sollten diese Studienergebnisse Ansporn sein, die eigenen Vorhaben aus dem Koalitionsvertrag in Sachen Klimaschutz und Kreislaufwirtschaft ernsthaft anzugehen. Dazu geh\u00f6rt insbesondere der verst\u00e4rkte Einsatz f\u00fcr ein europaweites Deponierungsverbot unbehandelter Siedlungsabf\u00e4lle, das in Deutschland seit 2006 besteht. N\u00f6tig sind auch weitere regulatorische Signale wie verpflichtende Recyclinganteile in Produkten, ein verst\u00e4rktes \u00d6kodesign, positive Taxonomieregeln f\u00fcr die energetische Verwertung von Restabf\u00e4llen sowie effiziente Regeln f\u00fcr die Verbringung von Abf\u00e4llen innerhalb der EU zur Verwertung und zum Recycling. Zudem muss sich die Politik f\u00fcr eine europaweite Verbesserung der Getrenntsammlung einsetzen und daf\u00fcr Regeln schaffen. Die gesamte Abfallwirtschaftskette in Europa, vertreten durch die vier Verb\u00e4nde, ist bereit, sich f\u00fcr verst\u00e4rkte Anstrengungen und Investitionen einzusetzen, um das CO2-Einsparungspotenzial einer st\u00e4rker kreislauforientierten Wirtschaft auf dem Kontinent zu realisieren.&#8220;<\/p>\n\n\n\n<ul class=\"wp-block-list\"><li>Die vollst\u00e4ndige Studie finden Sie hier: <a href=\"https:\/\/www.bde.de\/documents\/411\/2022-co2-saving-europe-waste-management-circular-economy.pdf\">Study &#8211; CO2 reduction potential in European waste management<\/a><\/li><\/ul>\n\n\n<h5 class=\"green\">Quelle<\/h5>\r\n\n\n\n<p><a href=\"https:\/\/www.bde.de\/presse\/studie-klimaschutzeffekte-durch-kreislaufwirtschaft-europa\/\">BDE | Bundesverband der Deutschen Entsorgungs-, Wasser- und Rohstoffwirtschaft e. V. 2022<\/a><\/p>\n<div class=\"shariff shariff-align-flex-start shariff-widget-align-flex-start\"><div class=\"ShariffHeadline\">Diese Meldung teilen<\/div><ul class=\"shariff-buttons theme-round orientation-horizontal buttonsize-medium\"><li class=\"shariff-button facebook shariff-nocustomcolor\" style=\"background-color:#4273c8;border-radius:1%\"><a href=\"https:\/\/www.facebook.com\/sharer\/sharer.php?u=https%3A%2F%2Fwww.sonnenseite.com%2Fde%2Fumwelt%2Fstudie-belegt-klimaschutzeffekte-durch-kreislaufwirtschaft%2F\" title=\"Bei Facebook teilen\" aria-label=\"Bei Facebook teilen\" role=\"button\" rel=\"nofollow\" class=\"shariff-link\" style=\";border-radius:1%; background-color:#3b5998; color:#fff\" target=\"_blank\"><span class=\"shariff-icon\" style=\"\"><svg width=\"32px\" height=\"20px\" xmlns=\"http:\/\/www.w3.org\/2000\/svg\" viewBox=\"0 0 18 32\"><path fill=\"#3b5998\" d=\"M17.1 0.2v4.7h-2.8q-1.5 0-2.1 0.6t-0.5 1.9v3.4h5.2l-0.7 5.3h-4.5v13.6h-5.5v-13.6h-4.5v-5.3h4.5v-3.9q0-3.3 1.9-5.2t5-1.8q2.6 0 4.1 0.2z\"\/><\/svg><\/span><\/a><\/li><li class=\"shariff-button twitter shariff-nocustomcolor\" style=\"background-color:#595959;border-radius:1%\"><a href=\"https:\/\/twitter.com\/share?url=https%3A%2F%2Fwww.sonnenseite.com%2Fde%2Fumwelt%2Fstudie-belegt-klimaschutzeffekte-durch-kreislaufwirtschaft%2F&text=Studie%20belegt%20Klimaschutzeffekte%20durch%20Kreislaufwirtschaft\" title=\"Bei X teilen\" aria-label=\"Bei X teilen\" role=\"button\" rel=\"noopener nofollow\" class=\"shariff-link\" style=\";border-radius:1%; background-color:#000; color:#fff\" target=\"_blank\"><span class=\"shariff-icon\" style=\"\"><svg width=\"32px\" height=\"20px\" xmlns=\"http:\/\/www.w3.org\/2000\/svg\" viewBox=\"0 0 24 24\"><path fill=\"#000\" d=\"M14.258 10.152L23.176 0h-2.113l-7.747 8.813L7.133 0H0l9.352 13.328L0 23.973h2.113l8.176-9.309 6.531 9.309h7.133zm-2.895 3.293l-.949-1.328L2.875 1.56h3.246l6.086 8.523.945 1.328 7.91 11.078h-3.246zm0 0\"\/><\/svg><\/span><\/a><\/li><li class=\"shariff-button xing shariff-nocustomcolor\" style=\"background-color:#29888a;border-radius:1%\"><a href=\"https:\/\/www.xing.com\/spi\/shares\/new?url=https%3A%2F%2Fwww.sonnenseite.com%2Fde%2Fumwelt%2Fstudie-belegt-klimaschutzeffekte-durch-kreislaufwirtschaft%2F\" title=\"Bei XING teilen\" aria-label=\"Bei XING teilen\" role=\"button\" rel=\"noopener nofollow\" class=\"shariff-link\" style=\";border-radius:1%; background-color:#126567; color:#fff\" target=\"_blank\"><span class=\"shariff-icon\" style=\"\"><svg width=\"32px\" height=\"20px\" xmlns=\"http:\/\/www.w3.org\/2000\/svg\" viewBox=\"0 0 25 32\"><path fill=\"#126567\" d=\"M10.7 11.9q-0.2 0.3-4.6 8.2-0.5 0.8-1.2 0.8h-4.3q-0.4 0-0.5-0.3t0-0.6l4.5-8q0 0 0 0l-2.9-5q-0.2-0.4 0-0.7 0.2-0.3 0.5-0.3h4.3q0.7 0 1.2 0.8zM25.1 0.4q0.2 0.3 0 0.7l-9.4 16.7 6 11q0.2 0.4 0 0.6-0.2 0.3-0.6 0.3h-4.3q-0.7 0-1.2-0.8l-6-11.1q0.3-0.6 9.5-16.8 0.4-0.8 1.2-0.8h4.3q0.4 0 0.5 0.3z\"\/><\/svg><\/span><\/a><\/li><li class=\"shariff-button linkedin shariff-nocustomcolor\" style=\"background-color:#1488bf;border-radius:1%\"><a href=\"https:\/\/www.linkedin.com\/sharing\/share-offsite\/?url=https%3A%2F%2Fwww.sonnenseite.com%2Fde%2Fumwelt%2Fstudie-belegt-klimaschutzeffekte-durch-kreislaufwirtschaft%2F\" title=\"Bei LinkedIn teilen\" aria-label=\"Bei LinkedIn teilen\" role=\"button\" rel=\"noopener nofollow\" class=\"shariff-link\" style=\";border-radius:1%; background-color:#0077b5; color:#fff\" target=\"_blank\"><span class=\"shariff-icon\" style=\"\"><svg width=\"32px\" height=\"20px\" xmlns=\"http:\/\/www.w3.org\/2000\/svg\" viewBox=\"0 0 27 32\"><path fill=\"#0077b5\" d=\"M6.2 11.2v17.7h-5.9v-17.7h5.9zM6.6 5.7q0 1.3-0.9 2.2t-2.4 0.9h0q-1.5 0-2.4-0.9t-0.9-2.2 0.9-2.2 2.4-0.9 2.4 0.9 0.9 2.2zM27.4 18.7v10.1h-5.9v-9.5q0-1.9-0.7-2.9t-2.3-1.1q-1.1 0-1.9 0.6t-1.2 1.5q-0.2 0.5-0.2 1.4v9.9h-5.9q0-7.1 0-11.6t0-5.3l0-0.9h5.9v2.6h0q0.4-0.6 0.7-1t1-0.9 1.6-0.8 2-0.3q3 0 4.9 2t1.9 6z\"\/><\/svg><\/span><\/a><\/li><li class=\"shariff-button printer shariff-nocustomcolor\" style=\"background-color:#a8a8a8;border-radius:1%\"><a href=\"javascript:window.print()\" title=\"drucken\" aria-label=\"drucken\" role=\"button\" rel=\"noopener nofollow\" class=\"shariff-link\" style=\";border-radius:1%; background-color:#999; color:#fff\"><span class=\"shariff-icon\" style=\"\"><svg width=\"32px\" height=\"20px\" xmlns=\"http:\/\/www.w3.org\/2000\/svg\" viewBox=\"0 0 30 32\"><path fill=\"#999\" d=\"M6.8 27.4h16v-4.6h-16v4.6zM6.8 16h16v-6.8h-2.8q-0.7 0-1.2-0.5t-0.5-1.2v-2.8h-11.4v11.4zM27.4 17.2q0-0.5-0.3-0.8t-0.8-0.4-0.8 0.4-0.3 0.8 0.3 0.8 0.8 0.3 0.8-0.3 0.3-0.8zM29.7 17.2v7.4q0 0.2-0.2 0.4t-0.4 0.2h-4v2.8q0 0.7-0.5 1.2t-1.2 0.5h-17.2q-0.7 0-1.2-0.5t-0.5-1.2v-2.8h-4q-0.2 0-0.4-0.2t-0.2-0.4v-7.4q0-1.4 1-2.4t2.4-1h1.2v-9.7q0-0.7 0.5-1.2t1.2-0.5h12q0.7 0 1.6 0.4t1.3 0.8l2.7 2.7q0.5 0.5 0.9 1.4t0.4 1.6v4.6h1.1q1.4 0 2.4 1t1 2.4z\"\/><\/svg><\/span><\/a><\/li><li class=\"shariff-button mailto shariff-nocustomcolor\" style=\"background-color:#a8a8a8;border-radius:1%\"><a href=\"mailto:?body=https%3A%2F%2Fwww.sonnenseite.com%2Fde%2Fumwelt%2Fstudie-belegt-klimaschutzeffekte-durch-kreislaufwirtschaft%2F&subject=Studie%20belegt%20Klimaschutzeffekte%20durch%20Kreislaufwirtschaft\" title=\"Per E-Mail versenden\" aria-label=\"Per E-Mail versenden\" role=\"button\" rel=\"noopener nofollow\" class=\"shariff-link\" style=\";border-radius:1%; background-color:#999; color:#fff\"><span class=\"shariff-icon\" style=\"\"><svg width=\"32px\" height=\"20px\" xmlns=\"http:\/\/www.w3.org\/2000\/svg\" viewBox=\"0 0 32 32\"><path fill=\"#999\" d=\"M32 12.7v14.2q0 1.2-0.8 2t-2 0.9h-26.3q-1.2 0-2-0.9t-0.8-2v-14.2q0.8 0.9 1.8 1.6 6.5 4.4 8.9 6.1 1 0.8 1.6 1.2t1.7 0.9 2 0.4h0.1q0.9 0 2-0.4t1.7-0.9 1.6-1.2q3-2.2 8.9-6.1 1-0.7 1.8-1.6zM32 7.4q0 1.4-0.9 2.7t-2.2 2.2q-6.7 4.7-8.4 5.8-0.2 0.1-0.7 0.5t-1 0.7-0.9 0.6-1.1 0.5-0.9 0.2h-0.1q-0.4 0-0.9-0.2t-1.1-0.5-0.9-0.6-1-0.7-0.7-0.5q-1.6-1.1-4.7-3.2t-3.6-2.6q-1.1-0.7-2.1-2t-1-2.5q0-1.4 0.7-2.3t2.1-0.9h26.3q1.2 0 2 0.8t0.9 2z\"\/><\/svg><\/span><\/a><\/li><\/ul><\/div>","protected":false},"excerpt":{"rendered":"<p>Die Abfallwirtschaft tr\u00e4gt wesentlich zur CO2-Reduktion bei, das zeigt eine Studie des europ\u00e4ischen Abfallwirtschaftsverbands. Der BDE [&hellip;]<\/p>\n","protected":false},"author":3,"featured_media":12614,"comment_status":"closed","ping_status":"closed","sticky":false,"template":"","format":"standard","meta":{"inline_featured_image":false,"footnotes":""},"categories":[23],"tags":[],"class_list":["post-78839","post","type-post","status-publish","format-standard","has-post-thumbnail","hentry","category-umwelt"],"yoast_head":"<!-- This site is optimized with the Yoast SEO plugin v26.5 - https:\/\/yoast.com\/wordpress\/plugins\/seo\/ -->\n<title>Studie belegt Klimaschutzeffekte durch Kreislaufwirtschaft - Sonnenseite - \u00d6kologische Kommunikation mit Franz Alt<\/title>\n<meta name=\"description\" content=\"Die Abfallwirtschaft tr\u00e4gt wesentlich zur CO2-Reduktion bei, das zeigt eine Studie des europ\u00e4ischen Abfallwirtschaftsverbands. Der BDE Bundesverband der\" \/>\n<meta name=\"robots\" content=\"index, follow, max-snippet:-1, max-image-preview:large, max-video-preview:-1\" \/>\n<link rel=\"canonical\" href=\"https:\/\/www.sonnenseite.com\/de\/umwelt\/studie-belegt-klimaschutzeffekte-durch-kreislaufwirtschaft\/\" \/>\n<meta property=\"og:locale\" content=\"de_DE\" \/>\n<meta property=\"og:type\" content=\"article\" \/>\n<meta property=\"og:title\" content=\"Studie belegt Klimaschutzeffekte durch Kreislaufwirtschaft - Sonnenseite - \u00d6kologische Kommunikation mit Franz Alt\" \/>\n<meta property=\"og:description\" content=\"Die Abfallwirtschaft tr\u00e4gt wesentlich zur CO2-Reduktion bei, das zeigt eine Studie des europ\u00e4ischen Abfallwirtschaftsverbands. Der BDE Bundesverband der\" \/>\n<meta property=\"og:url\" content=\"https:\/\/www.sonnenseite.com\/de\/umwelt\/studie-belegt-klimaschutzeffekte-durch-kreislaufwirtschaft\/\" \/>\n<meta property=\"og:site_name\" content=\"Sonnenseite\" \/>\n<meta property=\"article:publisher\" content=\"https:\/\/www.facebook.com\/pages\/Franz-Alt-SONNENSEITECOM\/221072987903953?fref=ts\" \/>\n<meta property=\"article:published_time\" content=\"2022-01-25T01:15:00+00:00\" \/>\n<meta property=\"article:modified_time\" content=\"2022-01-25T07:58:21+00:00\" \/>\n<meta property=\"og:image\" content=\"https:\/\/www.sonnenseite.com\/wp-content\/uploads\/2019\/01\/Recycling_Eray-Haciosmanogl.jpg\" \/>\n\t<meta property=\"og:image:width\" content=\"770\" \/>\n\t<meta property=\"og:image:height\" content=\"420\" \/>\n\t<meta property=\"og:image:type\" content=\"image\/jpeg\" \/>\n<meta name=\"author\" content=\"Bigi Alt\" \/>\n<meta name=\"twitter:card\" content=\"summary_large_image\" \/>\n<meta name=\"twitter:creator\" content=\"@franzalt\" \/>\n<meta name=\"twitter:site\" content=\"@franzalt\" \/>\n<meta name=\"twitter:label1\" content=\"Verfasst von\" \/>\n\t<meta name=\"twitter:data1\" content=\"Bigi Alt\" \/>\n\t<meta name=\"twitter:label2\" content=\"Gesch\u00e4tzte Lesezeit\" \/>\n\t<meta name=\"twitter:data2\" content=\"3\u00a0Minuten\" \/>\n<script type=\"application\/ld+json\" class=\"yoast-schema-graph\">{\"@context\":\"https:\/\/schema.org\",\"@graph\":[{\"@type\":\"Article\",\"@id\":\"https:\/\/www.sonnenseite.com\/de\/umwelt\/studie-belegt-klimaschutzeffekte-durch-kreislaufwirtschaft\/#article\",\"isPartOf\":{\"@id\":\"https:\/\/www.sonnenseite.com\/de\/umwelt\/studie-belegt-klimaschutzeffekte-durch-kreislaufwirtschaft\/\"},\"author\":{\"name\":\"Bigi Alt\",\"@id\":\"https:\/\/www.sonnenseite.com\/de\/#\/schema\/person\/50fda0e926597684c7cc6695238a4eb9\"},\"headline\":\"Studie belegt Klimaschutzeffekte durch Kreislaufwirtschaft\",\"datePublished\":\"2022-01-25T01:15:00+00:00\",\"dateModified\":\"2022-01-25T07:58:21+00:00\",\"mainEntityOfPage\":{\"@id\":\"https:\/\/www.sonnenseite.com\/de\/umwelt\/studie-belegt-klimaschutzeffekte-durch-kreislaufwirtschaft\/\"},\"wordCount\":765,\"publisher\":{\"@id\":\"https:\/\/www.sonnenseite.com\/de\/#organization\"},\"image\":{\"@id\":\"https:\/\/www.sonnenseite.com\/de\/umwelt\/studie-belegt-klimaschutzeffekte-durch-kreislaufwirtschaft\/#primaryimage\"},\"thumbnailUrl\":\"https:\/\/www.sonnenseite.com\/wp-content\/uploads\/2019\/01\/Recycling_Eray-Haciosmanogl.jpg\",\"articleSection\":[\"Umwelt\"],\"inLanguage\":\"de\"},{\"@type\":\"WebPage\",\"@id\":\"https:\/\/www.sonnenseite.com\/de\/umwelt\/studie-belegt-klimaschutzeffekte-durch-kreislaufwirtschaft\/\",\"url\":\"https:\/\/www.sonnenseite.com\/de\/umwelt\/studie-belegt-klimaschutzeffekte-durch-kreislaufwirtschaft\/\",\"name\":\"Studie belegt Klimaschutzeffekte durch Kreislaufwirtschaft - Sonnenseite - \u00d6kologische Kommunikation mit Franz Alt\",\"isPartOf\":{\"@id\":\"https:\/\/www.sonnenseite.com\/de\/#website\"},\"primaryImageOfPage\":{\"@id\":\"https:\/\/www.sonnenseite.com\/de\/umwelt\/studie-belegt-klimaschutzeffekte-durch-kreislaufwirtschaft\/#primaryimage\"},\"image\":{\"@id\":\"https:\/\/www.sonnenseite.com\/de\/umwelt\/studie-belegt-klimaschutzeffekte-durch-kreislaufwirtschaft\/#primaryimage\"},\"thumbnailUrl\":\"https:\/\/www.sonnenseite.com\/wp-content\/uploads\/2019\/01\/Recycling_Eray-Haciosmanogl.jpg\",\"datePublished\":\"2022-01-25T01:15:00+00:00\",\"dateModified\":\"2022-01-25T07:58:21+00:00\",\"description\":\"Die Abfallwirtschaft tr\u00e4gt wesentlich zur CO2-Reduktion bei, das zeigt eine Studie des europ\u00e4ischen Abfallwirtschaftsverbands. Der BDE Bundesverband der\",\"breadcrumb\":{\"@id\":\"https:\/\/www.sonnenseite.com\/de\/umwelt\/studie-belegt-klimaschutzeffekte-durch-kreislaufwirtschaft\/#breadcrumb\"},\"inLanguage\":\"de\",\"potentialAction\":[{\"@type\":\"ReadAction\",\"target\":[\"https:\/\/www.sonnenseite.com\/de\/umwelt\/studie-belegt-klimaschutzeffekte-durch-kreislaufwirtschaft\/\"]}]},{\"@type\":\"ImageObject\",\"inLanguage\":\"de\",\"@id\":\"https:\/\/www.sonnenseite.com\/de\/umwelt\/studie-belegt-klimaschutzeffekte-durch-kreislaufwirtschaft\/#primaryimage\",\"url\":\"https:\/\/www.sonnenseite.com\/wp-content\/uploads\/2019\/01\/Recycling_Eray-Haciosmanogl.jpg\",\"contentUrl\":\"https:\/\/www.sonnenseite.com\/wp-content\/uploads\/2019\/01\/Recycling_Eray-Haciosmanogl.jpg\",\"width\":770,\"height\":420,\"caption\":\"Fotolia.com | Eray-Haciosmanogl\"},{\"@type\":\"BreadcrumbList\",\"@id\":\"https:\/\/www.sonnenseite.com\/de\/umwelt\/studie-belegt-klimaschutzeffekte-durch-kreislaufwirtschaft\/#breadcrumb\",\"itemListElement\":[{\"@type\":\"ListItem\",\"position\":1,\"name\":\"Startseite\",\"item\":\"https:\/\/www.sonnenseite.com\/de\/\"},{\"@type\":\"ListItem\",\"position\":2,\"name\":\"Studie belegt Klimaschutzeffekte durch Kreislaufwirtschaft\"}]},{\"@type\":\"WebSite\",\"@id\":\"https:\/\/www.sonnenseite.com\/de\/#website\",\"url\":\"https:\/\/www.sonnenseite.com\/de\/\",\"name\":\"Sonnenseite\",\"description\":\"\u00d6kologische Kommunikation mit Franz Alt\",\"publisher\":{\"@id\":\"https:\/\/www.sonnenseite.com\/de\/#organization\"},\"potentialAction\":[{\"@type\":\"SearchAction\",\"target\":{\"@type\":\"EntryPoint\",\"urlTemplate\":\"https:\/\/www.sonnenseite.com\/de\/?s={search_term_string}\"},\"query-input\":{\"@type\":\"PropertyValueSpecification\",\"valueRequired\":true,\"valueName\":\"search_term_string\"}}],\"inLanguage\":\"de\"},{\"@type\":\"Organization\",\"@id\":\"https:\/\/www.sonnenseite.com\/de\/#organization\",\"name\":\"Sonnenseite\",\"url\":\"https:\/\/www.sonnenseite.com\/de\/\",\"logo\":{\"@type\":\"ImageObject\",\"inLanguage\":\"de\",\"@id\":\"https:\/\/www.sonnenseite.com\/de\/#\/schema\/logo\/image\/\",\"url\":\"https:\/\/www.sonnenseite.com\/wp-content\/uploads\/2020\/05\/Sonnenseite_Logo.png\",\"contentUrl\":\"https:\/\/www.sonnenseite.com\/wp-content\/uploads\/2020\/05\/Sonnenseite_Logo.png\",\"width\":377,\"height\":90,\"caption\":\"Sonnenseite\"},\"image\":{\"@id\":\"https:\/\/www.sonnenseite.com\/de\/#\/schema\/logo\/image\/\"},\"sameAs\":[\"https:\/\/www.facebook.com\/pages\/Franz-Alt-SONNENSEITECOM\/221072987903953?fref=ts\",\"https:\/\/x.com\/franzalt\",\"http:\/\/www.youtube.com\/results?search_query&amp;amp;quot;franz_alt&amp;amp;quot;&amp;amp;amp;amp;search_type&amp;amp;amp;amp;aq=f\"]},{\"@type\":\"Person\",\"@id\":\"https:\/\/www.sonnenseite.com\/de\/#\/schema\/person\/50fda0e926597684c7cc6695238a4eb9\",\"name\":\"Bigi Alt\"}]}<\/script>\n<!-- \/ Yoast SEO plugin. -->","yoast_head_json":{"title":"Studie belegt Klimaschutzeffekte durch Kreislaufwirtschaft - Sonnenseite - \u00d6kologische Kommunikation mit Franz Alt","description":"Die Abfallwirtschaft tr\u00e4gt wesentlich zur CO2-Reduktion bei, das zeigt eine Studie des europ\u00e4ischen Abfallwirtschaftsverbands. Der BDE Bundesverband der","robots":{"index":"index","follow":"follow","max-snippet":"max-snippet:-1","max-image-preview":"max-image-preview:large","max-video-preview":"max-video-preview:-1"},"canonical":"https:\/\/www.sonnenseite.com\/de\/umwelt\/studie-belegt-klimaschutzeffekte-durch-kreislaufwirtschaft\/","og_locale":"de_DE","og_type":"article","og_title":"Studie belegt Klimaschutzeffekte durch Kreislaufwirtschaft - Sonnenseite - \u00d6kologische Kommunikation mit Franz Alt","og_description":"Die Abfallwirtschaft tr\u00e4gt wesentlich zur CO2-Reduktion bei, das zeigt eine Studie des europ\u00e4ischen Abfallwirtschaftsverbands. Der BDE Bundesverband der","og_url":"https:\/\/www.sonnenseite.com\/de\/umwelt\/studie-belegt-klimaschutzeffekte-durch-kreislaufwirtschaft\/","og_site_name":"Sonnenseite","article_publisher":"https:\/\/www.facebook.com\/pages\/Franz-Alt-SONNENSEITECOM\/221072987903953?fref=ts","article_published_time":"2022-01-25T01:15:00+00:00","article_modified_time":"2022-01-25T07:58:21+00:00","og_image":[{"width":770,"height":420,"url":"https:\/\/www.sonnenseite.com\/wp-content\/uploads\/2019\/01\/Recycling_Eray-Haciosmanogl.jpg","type":"image\/jpeg"}],"author":"Bigi Alt","twitter_card":"summary_large_image","twitter_creator":"@franzalt","twitter_site":"@franzalt","twitter_misc":{"Verfasst von":"Bigi Alt","Gesch\u00e4tzte Lesezeit":"3\u00a0Minuten"},"schema":{"@context":"https:\/\/schema.org","@graph":[{"@type":"Article","@id":"https:\/\/www.sonnenseite.com\/de\/umwelt\/studie-belegt-klimaschutzeffekte-durch-kreislaufwirtschaft\/#article","isPartOf":{"@id":"https:\/\/www.sonnenseite.com\/de\/umwelt\/studie-belegt-klimaschutzeffekte-durch-kreislaufwirtschaft\/"},"author":{"name":"Bigi Alt","@id":"https:\/\/www.sonnenseite.com\/de\/#\/schema\/person\/50fda0e926597684c7cc6695238a4eb9"},"headline":"Studie belegt Klimaschutzeffekte durch Kreislaufwirtschaft","datePublished":"2022-01-25T01:15:00+00:00","dateModified":"2022-01-25T07:58:21+00:00","mainEntityOfPage":{"@id":"https:\/\/www.sonnenseite.com\/de\/umwelt\/studie-belegt-klimaschutzeffekte-durch-kreislaufwirtschaft\/"},"wordCount":765,"publisher":{"@id":"https:\/\/www.sonnenseite.com\/de\/#organization"},"image":{"@id":"https:\/\/www.sonnenseite.com\/de\/umwelt\/studie-belegt-klimaschutzeffekte-durch-kreislaufwirtschaft\/#primaryimage"},"thumbnailUrl":"https:\/\/www.sonnenseite.com\/wp-content\/uploads\/2019\/01\/Recycling_Eray-Haciosmanogl.jpg","articleSection":["Umwelt"],"inLanguage":"de"},{"@type":"WebPage","@id":"https:\/\/www.sonnenseite.com\/de\/umwelt\/studie-belegt-klimaschutzeffekte-durch-kreislaufwirtschaft\/","url":"https:\/\/www.sonnenseite.com\/de\/umwelt\/studie-belegt-klimaschutzeffekte-durch-kreislaufwirtschaft\/","name":"Studie belegt Klimaschutzeffekte durch Kreislaufwirtschaft - Sonnenseite - \u00d6kologische Kommunikation mit Franz Alt","isPartOf":{"@id":"https:\/\/www.sonnenseite.com\/de\/#website"},"primaryImageOfPage":{"@id":"https:\/\/www.sonnenseite.com\/de\/umwelt\/studie-belegt-klimaschutzeffekte-durch-kreislaufwirtschaft\/#primaryimage"},"image":{"@id":"https:\/\/www.sonnenseite.com\/de\/umwelt\/studie-belegt-klimaschutzeffekte-durch-kreislaufwirtschaft\/#primaryimage"},"thumbnailUrl":"https:\/\/www.sonnenseite.com\/wp-content\/uploads\/2019\/01\/Recycling_Eray-Haciosmanogl.jpg","datePublished":"2022-01-25T01:15:00+00:00","dateModified":"2022-01-25T07:58:21+00:00","description":"Die Abfallwirtschaft tr\u00e4gt wesentlich zur CO2-Reduktion bei, das zeigt eine Studie des europ\u00e4ischen Abfallwirtschaftsverbands. Der BDE Bundesverband der","breadcrumb":{"@id":"https:\/\/www.sonnenseite.com\/de\/umwelt\/studie-belegt-klimaschutzeffekte-durch-kreislaufwirtschaft\/#breadcrumb"},"inLanguage":"de","potentialAction":[{"@type":"ReadAction","target":["https:\/\/www.sonnenseite.com\/de\/umwelt\/studie-belegt-klimaschutzeffekte-durch-kreislaufwirtschaft\/"]}]},{"@type":"ImageObject","inLanguage":"de","@id":"https:\/\/www.sonnenseite.com\/de\/umwelt\/studie-belegt-klimaschutzeffekte-durch-kreislaufwirtschaft\/#primaryimage","url":"https:\/\/www.sonnenseite.com\/wp-content\/uploads\/2019\/01\/Recycling_Eray-Haciosmanogl.jpg","contentUrl":"https:\/\/www.sonnenseite.com\/wp-content\/uploads\/2019\/01\/Recycling_Eray-Haciosmanogl.jpg","width":770,"height":420,"caption":"Fotolia.com | Eray-Haciosmanogl"},{"@type":"BreadcrumbList","@id":"https:\/\/www.sonnenseite.com\/de\/umwelt\/studie-belegt-klimaschutzeffekte-durch-kreislaufwirtschaft\/#breadcrumb","itemListElement":[{"@type":"ListItem","position":1,"name":"Startseite","item":"https:\/\/www.sonnenseite.com\/de\/"},{"@type":"ListItem","position":2,"name":"Studie belegt Klimaschutzeffekte durch Kreislaufwirtschaft"}]},{"@type":"WebSite","@id":"https:\/\/www.sonnenseite.com\/de\/#website","url":"https:\/\/www.sonnenseite.com\/de\/","name":"Sonnenseite","description":"\u00d6kologische Kommunikation mit Franz Alt","publisher":{"@id":"https:\/\/www.sonnenseite.com\/de\/#organization"},"potentialAction":[{"@type":"SearchAction","target":{"@type":"EntryPoint","urlTemplate":"https:\/\/www.sonnenseite.com\/de\/?s={search_term_string}"},"query-input":{"@type":"PropertyValueSpecification","valueRequired":true,"valueName":"search_term_string"}}],"inLanguage":"de"},{"@type":"Organization","@id":"https:\/\/www.sonnenseite.com\/de\/#organization","name":"Sonnenseite","url":"https:\/\/www.sonnenseite.com\/de\/","logo":{"@type":"ImageObject","inLanguage":"de","@id":"https:\/\/www.sonnenseite.com\/de\/#\/schema\/logo\/image\/","url":"https:\/\/www.sonnenseite.com\/wp-content\/uploads\/2020\/05\/Sonnenseite_Logo.png","contentUrl":"https:\/\/www.sonnenseite.com\/wp-content\/uploads\/2020\/05\/Sonnenseite_Logo.png","width":377,"height":90,"caption":"Sonnenseite"},"image":{"@id":"https:\/\/www.sonnenseite.com\/de\/#\/schema\/logo\/image\/"},"sameAs":["https:\/\/www.facebook.com\/pages\/Franz-Alt-SONNENSEITECOM\/221072987903953?fref=ts","https:\/\/x.com\/franzalt","http:\/\/www.youtube.com\/results?search_query&amp;amp;quot;franz_alt&amp;amp;quot;&amp;amp;amp;amp;search_type&amp;amp;amp;amp;aq=f"]},{"@type":"Person","@id":"https:\/\/www.sonnenseite.com\/de\/#\/schema\/person\/50fda0e926597684c7cc6695238a4eb9","name":"Bigi Alt"}]}},"_links":{"self":[{"href":"https:\/\/www.sonnenseite.com\/de\/wp-json\/wp\/v2\/posts\/78839","targetHints":{"allow":["GET"]}}],"collection":[{"href":"https:\/\/www.sonnenseite.com\/de\/wp-json\/wp\/v2\/posts"}],"about":[{"href":"https:\/\/www.sonnenseite.com\/de\/wp-json\/wp\/v2\/types\/post"}],"author":[{"embeddable":true,"href":"https:\/\/www.sonnenseite.com\/de\/wp-json\/wp\/v2\/users\/3"}],"replies":[{"embeddable":true,"href":"https:\/\/www.sonnenseite.com\/de\/wp-json\/wp\/v2\/comments?post=78839"}],"version-history":[{"count":2,"href":"https:\/\/www.sonnenseite.com\/de\/wp-json\/wp\/v2\/posts\/78839\/revisions"}],"predecessor-version":[{"id":78841,"href":"https:\/\/www.sonnenseite.com\/de\/wp-json\/wp\/v2\/posts\/78839\/revisions\/78841"}],"wp:featuredmedia":[{"embeddable":true,"href":"https:\/\/www.sonnenseite.com\/de\/wp-json\/wp\/v2\/media\/12614"}],"wp:attachment":[{"href":"https:\/\/www.sonnenseite.com\/de\/wp-json\/wp\/v2\/media?parent=78839"}],"wp:term":[{"taxonomy":"category","embeddable":true,"href":"https:\/\/www.sonnenseite.com\/de\/wp-json\/wp\/v2\/categories?post=78839"},{"taxonomy":"post_tag","embeddable":true,"href":"https:\/\/www.sonnenseite.com\/de\/wp-json\/wp\/v2\/tags?post=78839"}],"curies":[{"name":"wp","href":"https:\/\/api.w.org\/{rel}","templated":true}]}}