{"id":78900,"date":"2022-01-26T10:16:12","date_gmt":"2022-01-26T09:16:12","guid":{"rendered":"https:\/\/www.sonnenseite.com\/?p=78900"},"modified":"2022-01-26T10:16:13","modified_gmt":"2022-01-26T09:16:13","slug":"optisch-perfektes-obst-und-gemuese-belastet-umwelt-und-klima","status":"publish","type":"post","link":"https:\/\/www.sonnenseite.com\/de\/umwelt\/optisch-perfektes-obst-und-gemuese-belastet-umwelt-und-klima\/","title":{"rendered":"Optisch perfektes Obst und Gem\u00fcse belastet Umwelt und Klima"},"content":{"rendered":"\n<p>Strenge Vorgaben des Handels an das Aussehen und die Gr\u00f6\u00dfe von Obst und Gem\u00fcse belasten die Umwelt, denn h\u00e4ufig m\u00fcssen daf\u00fcr zus\u00e4tzlich Pflanzenschutz- und D\u00fcngemittel eingesetzt werden. <\/p>\n\n\n\n<p>Au\u00dferdem entstehen unn\u00f6tige Lebensmittelverluste. Zwei aktuelle Ver\u00f6ffentlichungen besch\u00e4ftigen sich mit diesem Thema. Die Verbraucherzentralen bem\u00e4ngeln in ihrem Marktcheck die zu strikte Handhabung des Handels; das Umweltbundesamt (UBA) schl\u00e4gt L\u00f6sungen f\u00fcr umwelt- und klimafreundlichere Vorgaben vor. Verbraucherzentralen und UBA fordern den Handel auf, standardm\u00e4\u00dfig Obst und Gem\u00fcse in jeder Gr\u00f6\u00dfe und Optik anzubieten.<\/p>\n\n\n\n<p>Zahlreiche selbstgesetzte Vorgaben des Handels f\u00fcr Obst und Gem\u00fcse belasten die Umwelt und das \u2060Klima\u2060: Brokkoli wird beispielsweise nach Einheitsgewicht vermarktet, \u00c4pfel nur mit makelloser Schale und bei M\u00f6hren oder Kohlrabi dienen die frisch-gr\u00fcnen Bl\u00e4tter nur der Optik, lassen das Gem\u00fcse selbst aber schneller welk werden. Damit Obst und Gem\u00fcse besonders frisch und makellos aussehen kann, m\u00fcssen oft zus\u00e4tzliche Pflanzenschutz- und D\u00fcngemittel eingesetzt werden. Obst und Gem\u00fcse, das den Handelsvorgaben nicht entspricht, wird den Erzeugerbetrieben in der Regel nicht abgenommen. Im besten Fall wird es zu Saft weiterverarbeitet oder verf\u00fcttert, h\u00e4ufig aber untergepfl\u00fcgt oder anderweitig entsorgt.<\/p>\n\n\n\n<p>Verzichtet der Handel auf diese Vorgaben, profitieren neben der Umwelt auch Verbraucherinnen und Verbraucher sowie die Erzeugerbetriebe. Ohne Blattschmuck von Kohlrabi und Co. bleibt das Gem\u00fcse l\u00e4nger frisch, weil \u00fcber die Bl\u00e4tter kein Wasser mehr verdunsten kann. Wird unterschiedlich gro\u00dfes Obst und Gem\u00fcse angeboten, k\u00f6nnen Verbraucherinnen und Verbraucher besser nach Bedarf einkaufen und Lebensmittelabf\u00e4llen im Haushalt vorbeugen. Erzeugerbetriebe k\u00f6nnen ihren Einsatz an Pflanzenschutz- und D\u00fcngemitteln reduzieren und einen gr\u00f6\u00dferen Anteil ihrer Produkte an den Handel verkaufen. Dies zeigt das \u2060UBA\u2060 in seiner Ver\u00f6ffentlichung \u201eMehr Nat\u00fcrlichkeit im Obst- und Gem\u00fcseregal &#8211; gut f\u00fcr Umwelt und Klima\u201c, in der es\u00a0 zusammen mit Expertinnen und Experten L\u00f6sungsvorschl\u00e4ge entwickelt hat. UBA-Pr\u00e4sident Dirk Messner: \u201eDie gesetzlichen Vorgaben reichen aus f\u00fcr hochwertige Lebensmittel. Der Handel muss hier nicht noch unn\u00f6tig nachlegen. Damit die Umwelt beim Obst- und Gem\u00fcseanbau weniger belastet wird, m\u00fcssen alle aktiv werden \u2013 auch der Handel.\u201c<\/p>\n\n\n\n<p>Zu diesem Ergebnis kommt auch der Marktcheck der Verbraucherzentralen. Petra Kristandt, Gesch\u00e4ftsf\u00fchrerin der Verbraucherzentrale Niedersachsen: \u201eEs gibt noch gro\u00dfe Spielr\u00e4ume, frisches Obst und Gem\u00fcse so anzubieten, dass Verbraucherinnen und Verbraucher einen Beitrag zum Umwelt- und \u2060Klimaschutz\u2060 leisten k\u00f6nnen. Der Handel sollte diese nutzen.\u201c <\/p>\n\n\n\n<p><strong>Der bundesweite Marktcheck der Verbraucherzentralen hat das Angebot von ausgew\u00e4hltem Obst und Gem\u00fcse in 25 Superm\u00e4rkten, Biohandelsm\u00e4rkten und Discountern untersucht. Die Ergebnisse zeigen:<\/strong><\/p>\n\n\n\n<ul class=\"wp-block-list\"><li>Nur rund ein Viertel der angebotenen \u00c4pfel und 18 Prozent der M\u00f6hren wurden in Klasse II, also mit optischen Makeln und verschiedener Gr\u00f6\u00dfe, angeboten. In Discountern war dieses Angebot \u2013 im Vergleich zu Superm\u00e4rkten und Biom\u00e4rkten \u2013 noch geringer.<\/li><li>Kohlrabi, Blumenkohl, Eisbergsalat und Brokkoli wurden fast ausschlie\u00dflich zum St\u00fcckpreis statt nach Gewicht angeboten. Eine Verkaufspraxis, die wenig Anreiz bietet, auch zu kleinerem Gem\u00fcse zu greifen.<\/li><li>Kohlrabi und Radieschen wurden fast immer mit Bl\u00e4ttern verkauft, obwohl diese nur als \u2013 vermeintliches \u2013 Frischemerkmal dienen und meist schon im Handel von den Verbraucherinnen und Verbrauchern entfernt werden.<\/li><\/ul>\n\n\n\n<p>Au\u00dferdem analysierte der Marktcheck, inwieweit Obst und Gem\u00fcse preisreduziert angeboten wurde, wenn es durch l\u00e4ngere Lagerung im Markt an optischer Qualit\u00e4t verloren hatte. Es zeigte sich, dass es solche Angebote nur in rund einem Viertel (28 Prozent) der Gesch\u00e4fte gab.<\/p>\n\n\n\n<p><strong>Um Umwelt und Klima nicht weiter durch unn\u00f6tig strenge Vorgaben zu belasten, empfehlen UBA und Verbraucherzentralen:<\/strong><\/p>\n\n\n\n<ol class=\"wp-block-list\"><li>Der Handel sollte auf eigene Anforderungen an Gr\u00f6\u00dfe, Einheitlichkeit und Aussehen verzichten und die Spielr\u00e4ume der gesetzlichen Vermarktungsnormen nutzen. Wo eine Klassen-Kennzeichnung vorgeschrieben ist, sollte Klasse II zum neuen Standard werden.<\/li><li>Obst und Gem\u00fcse sollte grunds\u00e4tzlich nach Gewicht und nicht nach St\u00fcck verkauft werden. Um enge Vorgaben f\u00fcr einheitliche Gr\u00f6\u00dfen \u00fcberfl\u00fcssig zu machen, m\u00fcssen Verkaufsverpackungen und Packst\u00fcckgr\u00f6\u00dfen an die nat\u00fcrlichen Gr\u00f6\u00dfen und Gewichte von Obst und Gem\u00fcse angepasst werden.<\/li><li>Gem\u00fcse wie Kohlrabi, Radieschen und M\u00f6hren sollte ohne Bl\u00e4tter angeboten werden.<\/li><\/ol>\n\n\n\n<p>Damit der Handel seine Vorgaben dauerhaft senken kann, m\u00fcssen Verbraucherinnen und Verbraucher das Angebot auch annehmen. Daf\u00fcr braucht es leicht zug\u00e4ngliche und verst\u00e4ndliche Informationen, zum Beispiel in Kundenmagazinen oder direkt beim Einkauf.<\/p>\n\n\n\n<ul class=\"wp-block-list\"><li><a href=\"https:\/\/www.verbraucherzentrale.de\/marktcheck-obst-gemuese\" target=\"_blank\" rel=\"noreferrer noopener\">Marktcheck der Verbraucherzentralen<\/a><\/li><li><a href=\"https:\/\/www.youtube.com\/watch?v=ySP-UEsZbFM\" target=\"_blank\" rel=\"noreferrer noopener\">Video:Standards des Lebensmitteleinzelhandels belasten die Umwelt<\/a><\/li><\/ul>\n\n\n\n<ul class=\"wp-block-list\"><li><a href=\"https:\/\/www.umweltbundesamt.de\/publikationen\/mehr-natuerlichkeit-im-obst-gemueseregal-gut-fuer\">Mehr Nat\u00fcrlichkeit im Obst- und Gem\u00fcseregal \u2013 gut f\u00fcr Umwelt und Klima<\/a><\/li><\/ul>\n\n\n<h5 class=\"green\">Quelle<\/h5>\r\n\n\n\n<p><a href=\"https:\/\/www.umweltbundesamt.de\">Umweltbundesamt 2022<\/a><\/p>\n<div class=\"shariff shariff-align-flex-start shariff-widget-align-flex-start\"><div class=\"ShariffHeadline\">Diese Meldung teilen<\/div><ul class=\"shariff-buttons theme-round orientation-horizontal buttonsize-medium\"><li class=\"shariff-button facebook shariff-nocustomcolor\" style=\"background-color:#4273c8;border-radius:1%\"><a href=\"https:\/\/www.facebook.com\/sharer\/sharer.php?u=https%3A%2F%2Fwww.sonnenseite.com%2Fde%2Fumwelt%2Foptisch-perfektes-obst-und-gemuese-belastet-umwelt-und-klima%2F\" title=\"Bei Facebook teilen\" aria-label=\"Bei Facebook teilen\" role=\"button\" rel=\"nofollow\" class=\"shariff-link\" style=\";border-radius:1%; background-color:#3b5998; color:#fff\" target=\"_blank\"><span class=\"shariff-icon\" style=\"\"><svg width=\"32px\" height=\"20px\" xmlns=\"http:\/\/www.w3.org\/2000\/svg\" viewBox=\"0 0 18 32\"><path fill=\"#3b5998\" d=\"M17.1 0.2v4.7h-2.8q-1.5 0-2.1 0.6t-0.5 1.9v3.4h5.2l-0.7 5.3h-4.5v13.6h-5.5v-13.6h-4.5v-5.3h4.5v-3.9q0-3.3 1.9-5.2t5-1.8q2.6 0 4.1 0.2z\"\/><\/svg><\/span><\/a><\/li><li class=\"shariff-button twitter shariff-nocustomcolor\" style=\"background-color:#595959;border-radius:1%\"><a href=\"https:\/\/twitter.com\/share?url=https%3A%2F%2Fwww.sonnenseite.com%2Fde%2Fumwelt%2Foptisch-perfektes-obst-und-gemuese-belastet-umwelt-und-klima%2F&text=Optisch%20perfektes%20Obst%20und%20Gem%C3%BCse%20belastet%20Umwelt%20und%20Klima\" title=\"Bei X teilen\" aria-label=\"Bei X teilen\" role=\"button\" rel=\"noopener nofollow\" class=\"shariff-link\" style=\";border-radius:1%; background-color:#000; color:#fff\" target=\"_blank\"><span class=\"shariff-icon\" style=\"\"><svg width=\"32px\" height=\"20px\" xmlns=\"http:\/\/www.w3.org\/2000\/svg\" viewBox=\"0 0 24 24\"><path fill=\"#000\" d=\"M14.258 10.152L23.176 0h-2.113l-7.747 8.813L7.133 0H0l9.352 13.328L0 23.973h2.113l8.176-9.309 6.531 9.309h7.133zm-2.895 3.293l-.949-1.328L2.875 1.56h3.246l6.086 8.523.945 1.328 7.91 11.078h-3.246zm0 0\"\/><\/svg><\/span><\/a><\/li><li class=\"shariff-button xing shariff-nocustomcolor\" style=\"background-color:#29888a;border-radius:1%\"><a href=\"https:\/\/www.xing.com\/spi\/shares\/new?url=https%3A%2F%2Fwww.sonnenseite.com%2Fde%2Fumwelt%2Foptisch-perfektes-obst-und-gemuese-belastet-umwelt-und-klima%2F\" title=\"Bei XING teilen\" aria-label=\"Bei XING teilen\" role=\"button\" rel=\"noopener nofollow\" class=\"shariff-link\" style=\";border-radius:1%; background-color:#126567; color:#fff\" target=\"_blank\"><span class=\"shariff-icon\" style=\"\"><svg width=\"32px\" height=\"20px\" xmlns=\"http:\/\/www.w3.org\/2000\/svg\" viewBox=\"0 0 25 32\"><path fill=\"#126567\" d=\"M10.7 11.9q-0.2 0.3-4.6 8.2-0.5 0.8-1.2 0.8h-4.3q-0.4 0-0.5-0.3t0-0.6l4.5-8q0 0 0 0l-2.9-5q-0.2-0.4 0-0.7 0.2-0.3 0.5-0.3h4.3q0.7 0 1.2 0.8zM25.1 0.4q0.2 0.3 0 0.7l-9.4 16.7 6 11q0.2 0.4 0 0.6-0.2 0.3-0.6 0.3h-4.3q-0.7 0-1.2-0.8l-6-11.1q0.3-0.6 9.5-16.8 0.4-0.8 1.2-0.8h4.3q0.4 0 0.5 0.3z\"\/><\/svg><\/span><\/a><\/li><li class=\"shariff-button linkedin shariff-nocustomcolor\" style=\"background-color:#1488bf;border-radius:1%\"><a href=\"https:\/\/www.linkedin.com\/sharing\/share-offsite\/?url=https%3A%2F%2Fwww.sonnenseite.com%2Fde%2Fumwelt%2Foptisch-perfektes-obst-und-gemuese-belastet-umwelt-und-klima%2F\" title=\"Bei LinkedIn teilen\" aria-label=\"Bei LinkedIn teilen\" role=\"button\" rel=\"noopener nofollow\" class=\"shariff-link\" style=\";border-radius:1%; background-color:#0077b5; color:#fff\" target=\"_blank\"><span class=\"shariff-icon\" style=\"\"><svg width=\"32px\" height=\"20px\" xmlns=\"http:\/\/www.w3.org\/2000\/svg\" viewBox=\"0 0 27 32\"><path fill=\"#0077b5\" d=\"M6.2 11.2v17.7h-5.9v-17.7h5.9zM6.6 5.7q0 1.3-0.9 2.2t-2.4 0.9h0q-1.5 0-2.4-0.9t-0.9-2.2 0.9-2.2 2.4-0.9 2.4 0.9 0.9 2.2zM27.4 18.7v10.1h-5.9v-9.5q0-1.9-0.7-2.9t-2.3-1.1q-1.1 0-1.9 0.6t-1.2 1.5q-0.2 0.5-0.2 1.4v9.9h-5.9q0-7.1 0-11.6t0-5.3l0-0.9h5.9v2.6h0q0.4-0.6 0.7-1t1-0.9 1.6-0.8 2-0.3q3 0 4.9 2t1.9 6z\"\/><\/svg><\/span><\/a><\/li><li class=\"shariff-button printer shariff-nocustomcolor\" style=\"background-color:#a8a8a8;border-radius:1%\"><a href=\"javascript:window.print()\" title=\"drucken\" aria-label=\"drucken\" role=\"button\" rel=\"noopener nofollow\" class=\"shariff-link\" style=\";border-radius:1%; background-color:#999; color:#fff\"><span class=\"shariff-icon\" style=\"\"><svg width=\"32px\" height=\"20px\" xmlns=\"http:\/\/www.w3.org\/2000\/svg\" viewBox=\"0 0 30 32\"><path fill=\"#999\" d=\"M6.8 27.4h16v-4.6h-16v4.6zM6.8 16h16v-6.8h-2.8q-0.7 0-1.2-0.5t-0.5-1.2v-2.8h-11.4v11.4zM27.4 17.2q0-0.5-0.3-0.8t-0.8-0.4-0.8 0.4-0.3 0.8 0.3 0.8 0.8 0.3 0.8-0.3 0.3-0.8zM29.7 17.2v7.4q0 0.2-0.2 0.4t-0.4 0.2h-4v2.8q0 0.7-0.5 1.2t-1.2 0.5h-17.2q-0.7 0-1.2-0.5t-0.5-1.2v-2.8h-4q-0.2 0-0.4-0.2t-0.2-0.4v-7.4q0-1.4 1-2.4t2.4-1h1.2v-9.7q0-0.7 0.5-1.2t1.2-0.5h12q0.7 0 1.6 0.4t1.3 0.8l2.7 2.7q0.5 0.5 0.9 1.4t0.4 1.6v4.6h1.1q1.4 0 2.4 1t1 2.4z\"\/><\/svg><\/span><\/a><\/li><li class=\"shariff-button mailto shariff-nocustomcolor\" style=\"background-color:#a8a8a8;border-radius:1%\"><a href=\"mailto:?body=https%3A%2F%2Fwww.sonnenseite.com%2Fde%2Fumwelt%2Foptisch-perfektes-obst-und-gemuese-belastet-umwelt-und-klima%2F&subject=Optisch%20perfektes%20Obst%20und%20Gem%C3%BCse%20belastet%20Umwelt%20und%20Klima\" title=\"Per E-Mail versenden\" aria-label=\"Per E-Mail versenden\" role=\"button\" rel=\"noopener nofollow\" class=\"shariff-link\" style=\";border-radius:1%; background-color:#999; color:#fff\"><span class=\"shariff-icon\" style=\"\"><svg width=\"32px\" height=\"20px\" xmlns=\"http:\/\/www.w3.org\/2000\/svg\" viewBox=\"0 0 32 32\"><path fill=\"#999\" d=\"M32 12.7v14.2q0 1.2-0.8 2t-2 0.9h-26.3q-1.2 0-2-0.9t-0.8-2v-14.2q0.8 0.9 1.8 1.6 6.5 4.4 8.9 6.1 1 0.8 1.6 1.2t1.7 0.9 2 0.4h0.1q0.9 0 2-0.4t1.7-0.9 1.6-1.2q3-2.2 8.9-6.1 1-0.7 1.8-1.6zM32 7.4q0 1.4-0.9 2.7t-2.2 2.2q-6.7 4.7-8.4 5.8-0.2 0.1-0.7 0.5t-1 0.7-0.9 0.6-1.1 0.5-0.9 0.2h-0.1q-0.4 0-0.9-0.2t-1.1-0.5-0.9-0.6-1-0.7-0.7-0.5q-1.6-1.1-4.7-3.2t-3.6-2.6q-1.1-0.7-2.1-2t-1-2.5q0-1.4 0.7-2.3t2.1-0.9h26.3q1.2 0 2 0.8t0.9 2z\"\/><\/svg><\/span><\/a><\/li><\/ul><\/div>","protected":false},"excerpt":{"rendered":"<p>Strenge Vorgaben des Handels an das Aussehen und die Gr\u00f6\u00dfe von Obst und Gem\u00fcse belasten die [&hellip;]<\/p>\n","protected":false},"author":3,"featured_media":78903,"comment_status":"closed","ping_status":"closed","sticky":false,"template":"","format":"standard","meta":{"inline_featured_image":false,"footnotes":""},"categories":[23],"tags":[],"class_list":["post-78900","post","type-post","status-publish","format-standard","has-post-thumbnail","hentry","category-umwelt"],"yoast_head":"<!-- This site is optimized with the Yoast SEO plugin v26.5 - https:\/\/yoast.com\/wordpress\/plugins\/seo\/ -->\n<title>Optisch perfektes Obst und Gem\u00fcse belastet Umwelt und Klima - Sonnenseite - \u00d6kologische Kommunikation mit Franz Alt<\/title>\n<meta name=\"description\" content=\"Strenge Vorgaben des Handels an das Aussehen und die Gr\u00f6\u00dfe von Obst und Gem\u00fcse belasten die Umwelt, denn h\u00e4ufig m\u00fcssen daf\u00fcr zus\u00e4tzlich Pflanzenschutz-\" \/>\n<meta name=\"robots\" content=\"index, follow, max-snippet:-1, max-image-preview:large, max-video-preview:-1\" \/>\n<link rel=\"canonical\" href=\"https:\/\/www.sonnenseite.com\/de\/umwelt\/optisch-perfektes-obst-und-gemuese-belastet-umwelt-und-klima\/\" \/>\n<meta property=\"og:locale\" content=\"de_DE\" \/>\n<meta property=\"og:type\" content=\"article\" \/>\n<meta property=\"og:title\" content=\"Optisch perfektes Obst und Gem\u00fcse belastet Umwelt und Klima - Sonnenseite - \u00d6kologische Kommunikation mit Franz Alt\" \/>\n<meta property=\"og:description\" content=\"Strenge Vorgaben des Handels an das Aussehen und die Gr\u00f6\u00dfe von Obst und Gem\u00fcse belasten die Umwelt, denn h\u00e4ufig m\u00fcssen daf\u00fcr zus\u00e4tzlich Pflanzenschutz-\" \/>\n<meta property=\"og:url\" content=\"https:\/\/www.sonnenseite.com\/de\/umwelt\/optisch-perfektes-obst-und-gemuese-belastet-umwelt-und-klima\/\" \/>\n<meta property=\"og:site_name\" content=\"Sonnenseite\" \/>\n<meta property=\"article:publisher\" content=\"https:\/\/www.facebook.com\/pages\/Franz-Alt-SONNENSEITECOM\/221072987903953?fref=ts\" \/>\n<meta property=\"article:published_time\" content=\"2022-01-26T09:16:12+00:00\" \/>\n<meta property=\"article:modified_time\" content=\"2022-01-26T09:16:13+00:00\" \/>\n<meta property=\"og:image\" content=\"https:\/\/www.sonnenseite.com\/wp-content\/uploads\/2022\/01\/Karotten01_Holger-Grybsch.jpg\" \/>\n\t<meta property=\"og:image:width\" content=\"770\" \/>\n\t<meta property=\"og:image:height\" content=\"420\" \/>\n\t<meta property=\"og:image:type\" content=\"image\/jpeg\" \/>\n<meta name=\"author\" content=\"Bigi Alt\" \/>\n<meta name=\"twitter:card\" content=\"summary_large_image\" \/>\n<meta name=\"twitter:creator\" content=\"@franzalt\" \/>\n<meta name=\"twitter:site\" content=\"@franzalt\" \/>\n<meta name=\"twitter:label1\" content=\"Verfasst von\" \/>\n\t<meta name=\"twitter:data1\" content=\"Bigi Alt\" \/>\n\t<meta name=\"twitter:label2\" content=\"Gesch\u00e4tzte Lesezeit\" \/>\n\t<meta name=\"twitter:data2\" content=\"3\u00a0Minuten\" \/>\n<script type=\"application\/ld+json\" class=\"yoast-schema-graph\">{\"@context\":\"https:\/\/schema.org\",\"@graph\":[{\"@type\":\"Article\",\"@id\":\"https:\/\/www.sonnenseite.com\/de\/umwelt\/optisch-perfektes-obst-und-gemuese-belastet-umwelt-und-klima\/#article\",\"isPartOf\":{\"@id\":\"https:\/\/www.sonnenseite.com\/de\/umwelt\/optisch-perfektes-obst-und-gemuese-belastet-umwelt-und-klima\/\"},\"author\":{\"name\":\"Bigi Alt\",\"@id\":\"https:\/\/www.sonnenseite.com\/de\/#\/schema\/person\/50fda0e926597684c7cc6695238a4eb9\"},\"headline\":\"Optisch perfektes Obst und Gem\u00fcse belastet Umwelt und Klima\",\"datePublished\":\"2022-01-26T09:16:12+00:00\",\"dateModified\":\"2022-01-26T09:16:13+00:00\",\"mainEntityOfPage\":{\"@id\":\"https:\/\/www.sonnenseite.com\/de\/umwelt\/optisch-perfektes-obst-und-gemuese-belastet-umwelt-und-klima\/\"},\"wordCount\":772,\"publisher\":{\"@id\":\"https:\/\/www.sonnenseite.com\/de\/#organization\"},\"image\":{\"@id\":\"https:\/\/www.sonnenseite.com\/de\/umwelt\/optisch-perfektes-obst-und-gemuese-belastet-umwelt-und-klima\/#primaryimage\"},\"thumbnailUrl\":\"https:\/\/www.sonnenseite.com\/wp-content\/uploads\/2022\/01\/Karotten01_Holger-Grybsch.jpg\",\"articleSection\":[\"Umwelt\"],\"inLanguage\":\"de\"},{\"@type\":\"WebPage\",\"@id\":\"https:\/\/www.sonnenseite.com\/de\/umwelt\/optisch-perfektes-obst-und-gemuese-belastet-umwelt-und-klima\/\",\"url\":\"https:\/\/www.sonnenseite.com\/de\/umwelt\/optisch-perfektes-obst-und-gemuese-belastet-umwelt-und-klima\/\",\"name\":\"Optisch perfektes Obst und Gem\u00fcse belastet Umwelt und Klima - Sonnenseite - \u00d6kologische Kommunikation mit Franz Alt\",\"isPartOf\":{\"@id\":\"https:\/\/www.sonnenseite.com\/de\/#website\"},\"primaryImageOfPage\":{\"@id\":\"https:\/\/www.sonnenseite.com\/de\/umwelt\/optisch-perfektes-obst-und-gemuese-belastet-umwelt-und-klima\/#primaryimage\"},\"image\":{\"@id\":\"https:\/\/www.sonnenseite.com\/de\/umwelt\/optisch-perfektes-obst-und-gemuese-belastet-umwelt-und-klima\/#primaryimage\"},\"thumbnailUrl\":\"https:\/\/www.sonnenseite.com\/wp-content\/uploads\/2022\/01\/Karotten01_Holger-Grybsch.jpg\",\"datePublished\":\"2022-01-26T09:16:12+00:00\",\"dateModified\":\"2022-01-26T09:16:13+00:00\",\"description\":\"Strenge Vorgaben des Handels an das Aussehen und die Gr\u00f6\u00dfe von Obst und Gem\u00fcse belasten die Umwelt, denn h\u00e4ufig m\u00fcssen daf\u00fcr zus\u00e4tzlich Pflanzenschutz-\",\"breadcrumb\":{\"@id\":\"https:\/\/www.sonnenseite.com\/de\/umwelt\/optisch-perfektes-obst-und-gemuese-belastet-umwelt-und-klima\/#breadcrumb\"},\"inLanguage\":\"de\",\"potentialAction\":[{\"@type\":\"ReadAction\",\"target\":[\"https:\/\/www.sonnenseite.com\/de\/umwelt\/optisch-perfektes-obst-und-gemuese-belastet-umwelt-und-klima\/\"]}]},{\"@type\":\"ImageObject\",\"inLanguage\":\"de\",\"@id\":\"https:\/\/www.sonnenseite.com\/de\/umwelt\/optisch-perfektes-obst-und-gemuese-belastet-umwelt-und-klima\/#primaryimage\",\"url\":\"https:\/\/www.sonnenseite.com\/wp-content\/uploads\/2022\/01\/Karotten01_Holger-Grybsch.jpg\",\"contentUrl\":\"https:\/\/www.sonnenseite.com\/wp-content\/uploads\/2022\/01\/Karotten01_Holger-Grybsch.jpg\",\"width\":770,\"height\":420,\"caption\":\"pixabay.com | Holger Grybsch | Selbstgesetzte Vorgaben des Handels f\u00fcr Obst und Gem\u00fcse belasten die Umwelt und das \u2060Klima.\"},{\"@type\":\"BreadcrumbList\",\"@id\":\"https:\/\/www.sonnenseite.com\/de\/umwelt\/optisch-perfektes-obst-und-gemuese-belastet-umwelt-und-klima\/#breadcrumb\",\"itemListElement\":[{\"@type\":\"ListItem\",\"position\":1,\"name\":\"Startseite\",\"item\":\"https:\/\/www.sonnenseite.com\/de\/\"},{\"@type\":\"ListItem\",\"position\":2,\"name\":\"Optisch perfektes Obst und Gem\u00fcse belastet Umwelt und Klima\"}]},{\"@type\":\"WebSite\",\"@id\":\"https:\/\/www.sonnenseite.com\/de\/#website\",\"url\":\"https:\/\/www.sonnenseite.com\/de\/\",\"name\":\"Sonnenseite\",\"description\":\"\u00d6kologische Kommunikation mit Franz Alt\",\"publisher\":{\"@id\":\"https:\/\/www.sonnenseite.com\/de\/#organization\"},\"potentialAction\":[{\"@type\":\"SearchAction\",\"target\":{\"@type\":\"EntryPoint\",\"urlTemplate\":\"https:\/\/www.sonnenseite.com\/de\/?s={search_term_string}\"},\"query-input\":{\"@type\":\"PropertyValueSpecification\",\"valueRequired\":true,\"valueName\":\"search_term_string\"}}],\"inLanguage\":\"de\"},{\"@type\":\"Organization\",\"@id\":\"https:\/\/www.sonnenseite.com\/de\/#organization\",\"name\":\"Sonnenseite\",\"url\":\"https:\/\/www.sonnenseite.com\/de\/\",\"logo\":{\"@type\":\"ImageObject\",\"inLanguage\":\"de\",\"@id\":\"https:\/\/www.sonnenseite.com\/de\/#\/schema\/logo\/image\/\",\"url\":\"https:\/\/www.sonnenseite.com\/wp-content\/uploads\/2020\/05\/Sonnenseite_Logo.png\",\"contentUrl\":\"https:\/\/www.sonnenseite.com\/wp-content\/uploads\/2020\/05\/Sonnenseite_Logo.png\",\"width\":377,\"height\":90,\"caption\":\"Sonnenseite\"},\"image\":{\"@id\":\"https:\/\/www.sonnenseite.com\/de\/#\/schema\/logo\/image\/\"},\"sameAs\":[\"https:\/\/www.facebook.com\/pages\/Franz-Alt-SONNENSEITECOM\/221072987903953?fref=ts\",\"https:\/\/x.com\/franzalt\",\"http:\/\/www.youtube.com\/results?search_query&amp;amp;quot;franz_alt&amp;amp;quot;&amp;amp;amp;amp;search_type&amp;amp;amp;amp;aq=f\"]},{\"@type\":\"Person\",\"@id\":\"https:\/\/www.sonnenseite.com\/de\/#\/schema\/person\/50fda0e926597684c7cc6695238a4eb9\",\"name\":\"Bigi Alt\"}]}<\/script>\n<!-- \/ Yoast SEO plugin. -->","yoast_head_json":{"title":"Optisch perfektes Obst und Gem\u00fcse belastet Umwelt und Klima - Sonnenseite - \u00d6kologische Kommunikation mit Franz Alt","description":"Strenge Vorgaben des Handels an das Aussehen und die Gr\u00f6\u00dfe von Obst und Gem\u00fcse belasten die Umwelt, denn h\u00e4ufig m\u00fcssen daf\u00fcr zus\u00e4tzlich Pflanzenschutz-","robots":{"index":"index","follow":"follow","max-snippet":"max-snippet:-1","max-image-preview":"max-image-preview:large","max-video-preview":"max-video-preview:-1"},"canonical":"https:\/\/www.sonnenseite.com\/de\/umwelt\/optisch-perfektes-obst-und-gemuese-belastet-umwelt-und-klima\/","og_locale":"de_DE","og_type":"article","og_title":"Optisch perfektes Obst und Gem\u00fcse belastet Umwelt und Klima - Sonnenseite - \u00d6kologische Kommunikation mit Franz Alt","og_description":"Strenge Vorgaben des Handels an das Aussehen und die Gr\u00f6\u00dfe von Obst und Gem\u00fcse belasten die Umwelt, denn h\u00e4ufig m\u00fcssen daf\u00fcr zus\u00e4tzlich Pflanzenschutz-","og_url":"https:\/\/www.sonnenseite.com\/de\/umwelt\/optisch-perfektes-obst-und-gemuese-belastet-umwelt-und-klima\/","og_site_name":"Sonnenseite","article_publisher":"https:\/\/www.facebook.com\/pages\/Franz-Alt-SONNENSEITECOM\/221072987903953?fref=ts","article_published_time":"2022-01-26T09:16:12+00:00","article_modified_time":"2022-01-26T09:16:13+00:00","og_image":[{"width":770,"height":420,"url":"https:\/\/www.sonnenseite.com\/wp-content\/uploads\/2022\/01\/Karotten01_Holger-Grybsch.jpg","type":"image\/jpeg"}],"author":"Bigi Alt","twitter_card":"summary_large_image","twitter_creator":"@franzalt","twitter_site":"@franzalt","twitter_misc":{"Verfasst von":"Bigi Alt","Gesch\u00e4tzte Lesezeit":"3\u00a0Minuten"},"schema":{"@context":"https:\/\/schema.org","@graph":[{"@type":"Article","@id":"https:\/\/www.sonnenseite.com\/de\/umwelt\/optisch-perfektes-obst-und-gemuese-belastet-umwelt-und-klima\/#article","isPartOf":{"@id":"https:\/\/www.sonnenseite.com\/de\/umwelt\/optisch-perfektes-obst-und-gemuese-belastet-umwelt-und-klima\/"},"author":{"name":"Bigi Alt","@id":"https:\/\/www.sonnenseite.com\/de\/#\/schema\/person\/50fda0e926597684c7cc6695238a4eb9"},"headline":"Optisch perfektes Obst und Gem\u00fcse belastet Umwelt und Klima","datePublished":"2022-01-26T09:16:12+00:00","dateModified":"2022-01-26T09:16:13+00:00","mainEntityOfPage":{"@id":"https:\/\/www.sonnenseite.com\/de\/umwelt\/optisch-perfektes-obst-und-gemuese-belastet-umwelt-und-klima\/"},"wordCount":772,"publisher":{"@id":"https:\/\/www.sonnenseite.com\/de\/#organization"},"image":{"@id":"https:\/\/www.sonnenseite.com\/de\/umwelt\/optisch-perfektes-obst-und-gemuese-belastet-umwelt-und-klima\/#primaryimage"},"thumbnailUrl":"https:\/\/www.sonnenseite.com\/wp-content\/uploads\/2022\/01\/Karotten01_Holger-Grybsch.jpg","articleSection":["Umwelt"],"inLanguage":"de"},{"@type":"WebPage","@id":"https:\/\/www.sonnenseite.com\/de\/umwelt\/optisch-perfektes-obst-und-gemuese-belastet-umwelt-und-klima\/","url":"https:\/\/www.sonnenseite.com\/de\/umwelt\/optisch-perfektes-obst-und-gemuese-belastet-umwelt-und-klima\/","name":"Optisch perfektes Obst und Gem\u00fcse belastet Umwelt und Klima - Sonnenseite - \u00d6kologische Kommunikation mit Franz Alt","isPartOf":{"@id":"https:\/\/www.sonnenseite.com\/de\/#website"},"primaryImageOfPage":{"@id":"https:\/\/www.sonnenseite.com\/de\/umwelt\/optisch-perfektes-obst-und-gemuese-belastet-umwelt-und-klima\/#primaryimage"},"image":{"@id":"https:\/\/www.sonnenseite.com\/de\/umwelt\/optisch-perfektes-obst-und-gemuese-belastet-umwelt-und-klima\/#primaryimage"},"thumbnailUrl":"https:\/\/www.sonnenseite.com\/wp-content\/uploads\/2022\/01\/Karotten01_Holger-Grybsch.jpg","datePublished":"2022-01-26T09:16:12+00:00","dateModified":"2022-01-26T09:16:13+00:00","description":"Strenge Vorgaben des Handels an das Aussehen und die Gr\u00f6\u00dfe von Obst und Gem\u00fcse belasten die Umwelt, denn h\u00e4ufig m\u00fcssen daf\u00fcr zus\u00e4tzlich Pflanzenschutz-","breadcrumb":{"@id":"https:\/\/www.sonnenseite.com\/de\/umwelt\/optisch-perfektes-obst-und-gemuese-belastet-umwelt-und-klima\/#breadcrumb"},"inLanguage":"de","potentialAction":[{"@type":"ReadAction","target":["https:\/\/www.sonnenseite.com\/de\/umwelt\/optisch-perfektes-obst-und-gemuese-belastet-umwelt-und-klima\/"]}]},{"@type":"ImageObject","inLanguage":"de","@id":"https:\/\/www.sonnenseite.com\/de\/umwelt\/optisch-perfektes-obst-und-gemuese-belastet-umwelt-und-klima\/#primaryimage","url":"https:\/\/www.sonnenseite.com\/wp-content\/uploads\/2022\/01\/Karotten01_Holger-Grybsch.jpg","contentUrl":"https:\/\/www.sonnenseite.com\/wp-content\/uploads\/2022\/01\/Karotten01_Holger-Grybsch.jpg","width":770,"height":420,"caption":"pixabay.com | Holger Grybsch | Selbstgesetzte Vorgaben des Handels f\u00fcr Obst und Gem\u00fcse belasten die Umwelt und das \u2060Klima."},{"@type":"BreadcrumbList","@id":"https:\/\/www.sonnenseite.com\/de\/umwelt\/optisch-perfektes-obst-und-gemuese-belastet-umwelt-und-klima\/#breadcrumb","itemListElement":[{"@type":"ListItem","position":1,"name":"Startseite","item":"https:\/\/www.sonnenseite.com\/de\/"},{"@type":"ListItem","position":2,"name":"Optisch perfektes Obst und Gem\u00fcse belastet Umwelt und Klima"}]},{"@type":"WebSite","@id":"https:\/\/www.sonnenseite.com\/de\/#website","url":"https:\/\/www.sonnenseite.com\/de\/","name":"Sonnenseite","description":"\u00d6kologische Kommunikation mit Franz Alt","publisher":{"@id":"https:\/\/www.sonnenseite.com\/de\/#organization"},"potentialAction":[{"@type":"SearchAction","target":{"@type":"EntryPoint","urlTemplate":"https:\/\/www.sonnenseite.com\/de\/?s={search_term_string}"},"query-input":{"@type":"PropertyValueSpecification","valueRequired":true,"valueName":"search_term_string"}}],"inLanguage":"de"},{"@type":"Organization","@id":"https:\/\/www.sonnenseite.com\/de\/#organization","name":"Sonnenseite","url":"https:\/\/www.sonnenseite.com\/de\/","logo":{"@type":"ImageObject","inLanguage":"de","@id":"https:\/\/www.sonnenseite.com\/de\/#\/schema\/logo\/image\/","url":"https:\/\/www.sonnenseite.com\/wp-content\/uploads\/2020\/05\/Sonnenseite_Logo.png","contentUrl":"https:\/\/www.sonnenseite.com\/wp-content\/uploads\/2020\/05\/Sonnenseite_Logo.png","width":377,"height":90,"caption":"Sonnenseite"},"image":{"@id":"https:\/\/www.sonnenseite.com\/de\/#\/schema\/logo\/image\/"},"sameAs":["https:\/\/www.facebook.com\/pages\/Franz-Alt-SONNENSEITECOM\/221072987903953?fref=ts","https:\/\/x.com\/franzalt","http:\/\/www.youtube.com\/results?search_query&amp;amp;quot;franz_alt&amp;amp;quot;&amp;amp;amp;amp;search_type&amp;amp;amp;amp;aq=f"]},{"@type":"Person","@id":"https:\/\/www.sonnenseite.com\/de\/#\/schema\/person\/50fda0e926597684c7cc6695238a4eb9","name":"Bigi Alt"}]}},"_links":{"self":[{"href":"https:\/\/www.sonnenseite.com\/de\/wp-json\/wp\/v2\/posts\/78900","targetHints":{"allow":["GET"]}}],"collection":[{"href":"https:\/\/www.sonnenseite.com\/de\/wp-json\/wp\/v2\/posts"}],"about":[{"href":"https:\/\/www.sonnenseite.com\/de\/wp-json\/wp\/v2\/types\/post"}],"author":[{"embeddable":true,"href":"https:\/\/www.sonnenseite.com\/de\/wp-json\/wp\/v2\/users\/3"}],"replies":[{"embeddable":true,"href":"https:\/\/www.sonnenseite.com\/de\/wp-json\/wp\/v2\/comments?post=78900"}],"version-history":[{"count":2,"href":"https:\/\/www.sonnenseite.com\/de\/wp-json\/wp\/v2\/posts\/78900\/revisions"}],"predecessor-version":[{"id":78902,"href":"https:\/\/www.sonnenseite.com\/de\/wp-json\/wp\/v2\/posts\/78900\/revisions\/78902"}],"wp:featuredmedia":[{"embeddable":true,"href":"https:\/\/www.sonnenseite.com\/de\/wp-json\/wp\/v2\/media\/78903"}],"wp:attachment":[{"href":"https:\/\/www.sonnenseite.com\/de\/wp-json\/wp\/v2\/media?parent=78900"}],"wp:term":[{"taxonomy":"category","embeddable":true,"href":"https:\/\/www.sonnenseite.com\/de\/wp-json\/wp\/v2\/categories?post=78900"},{"taxonomy":"post_tag","embeddable":true,"href":"https:\/\/www.sonnenseite.com\/de\/wp-json\/wp\/v2\/tags?post=78900"}],"curies":[{"name":"wp","href":"https:\/\/api.w.org\/{rel}","templated":true}]}}