{"id":78905,"date":"2022-01-27T03:12:00","date_gmt":"2022-01-27T02:12:00","guid":{"rendered":"https:\/\/www.sonnenseite.com\/?p=78905"},"modified":"2022-02-05T11:45:49","modified_gmt":"2022-02-05T10:45:49","slug":"wir-produzieren-mehr-fleisch-als-wir-essen","status":"publish","type":"post","link":"https:\/\/www.sonnenseite.com\/de\/umwelt\/wir-produzieren-mehr-fleisch-als-wir-essen\/","title":{"rendered":"&#8222;Wir produzieren mehr Fleisch, als wir essen&#8220;"},"content":{"rendered":"\n<p>Es gibt zu viele Nutztiere in Deutschland. Das sch\u00e4digt das Klima und unsere Gesundheit. Ihre Zahl muss sinken, fordert der <a href=\"https:\/\/www.aktion-agrar.de\/\">Verein Aktion Agrar<\/a>. Interview mit Lena H\u00fcttmann in <a href=\"https:\/\/chrismon.evangelisch.de\">&#8222;chrismon&#8220;<\/a>.<\/p>\n\n\n\n<p><strong>Frau H\u00fcttmann, viele H\u00fchner werden nach wie vor in Massen in gro\u00dfen Hallen zusammengepfercht. Muss diese Art der&nbsp;<a href=\"https:\/\/chrismon.evangelisch.de\/artikel\/2021\/52179\/legehennen-in-massentierhaltung\" target=\"_blank\" rel=\"noreferrer noopener\">Tierhaltung<\/a> wirklich so sein?<\/strong><\/p>\n\n\n\n<p>Nein, das m\u00fcsste nicht so sein. Mit diesen St\u00e4llen verlieren leider alle: Die H\u00fchner leiden, das Klima und die Artenvielfalt gehen drauf &#8211; und niedrige Preise machen die kleinb\u00e4uerlichen Betriebe kaputt. Wir brauchen einen mutigen und konsequenten Dreh: endlich viel weniger Tiere, aber faire Preise und eine Unterst\u00fctzung beim Umbau der Tierhaltung f\u00fcr die Betriebe.<\/p>\n\n\n\n<p><strong>Laut den Zahlen im aktuellen <a href=\"https:\/\/www.boell.de\/de\/fleischatlas\" target=\"_blank\" rel=\"noreferrer noopener\">Fleischatlas<\/a> der Heinrich-B\u00f6ll-Stiftung<a href=\"https:\/\/de.statista.com\/statistik\/daten\/studie\/659045\/umfrage\/nutztierbestand-in-deutschland\/\" target=\"_blank\" rel=\"noreferrer noopener\"> <\/a>stagniert die Zahl der Nutztiere in Deutschland seit einigen Jahren, bei Schweinen sinkt sie sogar. Reicht das nicht?<\/strong><\/p>\n\n\n\n<p>Nein, das ist irref\u00fchrend, denn es suggeriert eine positive Entwicklung. Die absolute Zahl der in Deutschland gehaltenen Nutztiere ist immer noch viel zu hoch. 2016 wurden 190 Millionen Masth\u00fchner gez\u00e4hlt, hinzu kommen noch die Legehennen. Das sind mehrere Tiere f\u00fcr jeden Menschen in diesem Land.<\/p>\n\n\n\n<p><strong>Wo leben all diese Tiere?<\/strong><\/p>\n\n\n\n<p>Die meisten in gro\u00dfen Betrieben. Wir haben das mal f\u00fcr die Schweine <a href=\"https:\/\/www.aktion-agrar.de\/tierhaltung\/\" target=\"_blank\" rel=\"noreferrer noopener\">gez\u00e4hlt<\/a>: Zwar sinkt die absolute Zahl der Tiere, parallel haben in den vergangenen 20 Jahren viele schweinehaltende Betriebe in Deutschland aufgegeben, zugleich erh\u00f6hte sich der durchschnittliche Schweinebestand in den vergangenen zehn Jahren von 886 auf 1254 Schweine je Betrieb.&nbsp;Das hei\u00dft also: Es gibt immer weniger kleine Betriebe und immer mehr gro\u00dfe St\u00e4lle. So viele Nutztiere sch\u00e4digen unser Klima. Ihre G\u00fclle verschmutzt die Umwelt.&nbsp;Tats\u00e4chlich entstehen zwei Drittel der klimasch\u00e4dlichen Emissionen aus der Landwirtschaft in der Nutztierhaltung!&nbsp;<\/p>\n\n\n\n<p><strong>Aber wenn die Nachfrage nun mal so hoch ist?<\/strong><\/p>\n\n\n\n<p>Das ist komplexer, als es zun\u00e4chst scheint: Wir produzieren in Deutschland mehr Fleisch, als wir tats\u00e4chlich essen.&nbsp;Ein Teil der tierischen Produkte wird exportiert und als Billigfleisch in L\u00e4ndern des globalen S\u00fcdens verkauft. Und das ruiniert dort die kleinb\u00e4uerlich strukturierte Landwirtschaft. Masttiere in Deutschland sind auf die F\u00fctterung von Kraftfutter wie Soja angewiesen. Dieses wird vor&nbsp;allem in S\u00fcdamerika angebaut, wof\u00fcr Regenw\u00e4lder abgeholzt werden, Moore trockengelegt und Kleinb\u00e4uer*innen Land weggenommen wird.<\/p>\n\n\n\n<p><strong>Sie k\u00e4mpfen mit Ihrem Verein f\u00fcr eine grunds\u00e4tzliche Agrarwende. Welche Ver\u00e4nderung ist am dringlichsten?<\/strong><\/p>\n\n\n\n<p>Um Bauernh\u00f6fe und Klima zu retten, muss die Bundesregierung jetzt eine drastische Reduktion der Nutztierzahlen in die Wege leiten und H\u00f6fe gezielt f\u00fcr den notwendigen Umbau ihrer Betriebe unterst\u00fctzen. Doch dazu gibt es viel zu wenig gute Fachberatung. Wir sind im stetigen Kontakt mit Betrieben. Und dort h\u00f6ren wir immer wieder: Wenn wir Fachberatung bekommen, dann selten zum Transformationsprozess, sondern viel st\u00e4rker immer noch nach dem alten Mantra: Wenn du \u00fcberleben willst, musst du wachsen. Das ist aus unserer Sicht falsch.<\/p>\n\n\n\n<p>Seit einigen Jahren wird \u00fcber die Einf\u00fchrung eines staatlichen <a href=\"https:\/\/www.foodwatch.org\/de\/informieren\/tierhaltung\/empfehlungen-der-borchert-kommission-zur-nutztierhaltung-die-wichtigsten-fragen-antworten\/?cookieLevel=not-set\" target=\"_blank\" rel=\"noreferrer noopener\">Tierwohl-Labels<\/a> diskutiert: <strong>Lebensmittel sollen so gekennzeichnet werden, dass ich als Konsumentin auf den ersten Blick sehe, wie dieses Tier vor seiner Schlachtung gehalten wurde. Bei Eiern gibt es das schon l\u00e4nger. Wir sehen Sie das?<\/strong><\/p>\n\n\n\n<p>Nat\u00fcrlich ist es gut, wenn das einzelne Tier mehr Platz hat. Aber an dem grunds\u00e4tzlichen Problem \u00e4ndert das geplante Label nichts. Die Zahl der gehaltenen Nutztiere bleibt zu hoch. Schlimmer noch: Wenn mit hohen Investitionen St\u00e4lle um- oder neu gebaut werden, ohne die Zahl der Nutztiere zu verringern, sind diese St\u00e4lle auf eine volle Auslastung angewiesen, sonst kann sich der Betrieb wirtschaftlich nicht halten.<\/p>\n\n\n\n<p><strong>Was m\u00fcsste es statt des Labels geben?<\/strong><\/p>\n\n\n\n<p>Ich w\u00fcrde nicht von &#8222;statt&#8220; sprechen, sondern von einer zus\u00e4tzlichen Ma\u00dfnahme: Die Zahl der gehaltenen Tiere an die Gr\u00f6\u00dfe der landwirtschaftlichen Fl\u00e4chen eines Betriebes koppeln, eine sogenannte Fl\u00e4chenbindung auf Betriebsebene. Im n\u00e4chsten Schritt sollten dann die St\u00e4lle besser ausgestattet sein, damit sich die Tiere wohler f\u00fchlen. Nur so k\u00f6nnen wir die Gesamtzahl der gehaltenen Nutztiere mittel- und auch langfristig wirklich senken.<\/p>\n\n\n\n<p><strong>Wie berechnet sich das Verh\u00e4ltnis von der Gr\u00f6\u00dfe eines Betriebes, also seiner landwirtschaftlichen Nutzfl\u00e4che, und der Zahl der darauf gehaltenen Tiere?<\/strong><\/p>\n\n\n\n<p>In der Nutztierhaltung sprechen wir von einer &#8222;Gro\u00dfvieheinheit&#8220;, abgek\u00fcrzt GV. Die Berechnungen sind kompliziert: Eine GV entspricht etwa 500 Kilogramm, so viel wiegen in etwa ein Rind oder 320 Legehennen bzw. alle H\u00fchner, Schweine oder Schafe werden gleichsam in Rinder umgerechnet. Sehr vereinfacht gesagt fordern wir eine Begrenzung von unter 1,5 GV pro Hektar auf Betriebsebene, also maximal 1,5 K\u00fche pro Hektar Betriebsfl\u00e4che. Wichtig ist dabei: Betriebsfl\u00e4che hei\u00dft hier eben nicht nur Weide und Stall, sondern eben auch die Ackerfl\u00e4che, die n\u00f6tig ist, um Futtergetreide f\u00fcr dieses Tier anzubauen. Nur so werden wir unabh\u00e4ngig von Importen aus dem Ausland. Das Ziel sollte eine regionalnahe Kreislaufwirtschaft sein.<\/p>\n\n\n\n<p>&nbsp;<strong>Noch sind wir aber nicht so weit?<\/strong><\/p>\n\n\n\n<div class=\"wp-block-image\"><figure class=\"alignright size-full is-resized\"><img loading=\"lazy\" decoding=\"async\" src=\"https:\/\/www.sonnenseite.com\/wp-content\/uploads\/2022\/01\/LenaHuettmann_aktion-agrar-de.jpg\" alt=\"\" class=\"wp-image-78909\" width=\"172\" height=\"172\" srcset=\"https:\/\/www.sonnenseite.com\/wp-content\/uploads\/2022\/01\/LenaHuettmann_aktion-agrar-de.jpg 428w, https:\/\/www.sonnenseite.com\/wp-content\/uploads\/2022\/01\/LenaHuettmann_aktion-agrar-de-300x300.jpg 300w, https:\/\/www.sonnenseite.com\/wp-content\/uploads\/2022\/01\/LenaHuettmann_aktion-agrar-de-150x150.jpg 150w, https:\/\/www.sonnenseite.com\/wp-content\/uploads\/2022\/01\/LenaHuettmann_aktion-agrar-de-194x194.jpg 194w\" sizes=\"auto, (max-width: 172px) 100vw, 172px\" \/><figcaption>\u00a9 www.aktion-agrar.de | Lena H\u00fcttmann<\/figcaption><\/figure><\/div>\n\n\n\n<p>Auch B\u00e4uer*innen wollen gesunde und gl\u00fcckliche Tiere &#8211; es liegt nun bei uns, Druck daf\u00fcr zu machen, dass die Billigfleischlogik zu einem Ende kommt und dass weniger Tiere gehalten werden, denen es besser geht. Denn das ist auch f\u00fcr unsere Zukunft am besten.<\/p>\n\n\n\n<p><strong>Lena H\u00fcttmann<\/strong> ist Mitarbeiterin bei <a href=\"https:\/\/www.aktion-agrar.de\/\">Aktion Agrar<\/a> und setzt sich dort mit kreativen und durchdachten Aktionen f\u00fcr die Agrarwende ein. Sie hat im Bachelor und Master \u00d6kologische Agrarwissenschaften studiert. Lena ist selbst auf einem kleinb\u00e4uerlichen Bioland-Betrieb aufgewachsen. Ihr Fokus liegt heute auf agrarpolitischer Kampagnenarbeit sowie intersektionaler Bildungsarbeit zu \u00f6kologischer Landwirtschaft.<\/p>\n\n\n\n<ul class=\"wp-block-list\"><li><a href=\"https:\/\/www.sonnenseite.com\/de\/franz-alt\/kommentare-interviews\/biologische-agrarwende-jetzt-weniger-pestizide-mehr-artenvielfalt\/\">&#8222;Biologische Agrarwende jetzt: Weniger Pestizide \u2013 Mehr Artenvielfalt&#8220; Ein Kommentar von Franz Alt<\/a><\/li><\/ul>\n\n\n<h5 class=\"green\">Quelle<\/h5>\r\n\n\n\n<p><a href=\"https:\/\/chrismon.evangelisch.de\/artikel\/2022\/52252\/weniger-nutztiere-mehr-zukunft\">Erstver\u00f6ffentlichung &#8222;chrismon&#8220; 2022<\/a> \/ Das Evangelische Magazin | Das Interview f\u00fchrte <a href=\"https:\/\/chrismon.evangelisch.de\/personen\/dorothea-heintze-3616\">Dorothea Heintze<\/a> | Das Interview darf nicht <a href=\"kontakt@chrismon.de\">ohne Genehmigung von &#8222;chrismon&#8220;<\/a> weiter verbreitet werden!<\/p>\n<div class=\"shariff shariff-align-flex-start shariff-widget-align-flex-start\"><div class=\"ShariffHeadline\">Diese Meldung teilen<\/div><ul class=\"shariff-buttons theme-round orientation-horizontal buttonsize-medium\"><li class=\"shariff-button facebook shariff-nocustomcolor\" style=\"background-color:#4273c8;border-radius:1%\"><a href=\"https:\/\/www.facebook.com\/sharer\/sharer.php?u=https%3A%2F%2Fwww.sonnenseite.com%2Fde%2Fumwelt%2Fwir-produzieren-mehr-fleisch-als-wir-essen%2F\" title=\"Bei Facebook teilen\" aria-label=\"Bei Facebook teilen\" role=\"button\" rel=\"nofollow\" class=\"shariff-link\" style=\";border-radius:1%; background-color:#3b5998; color:#fff\" target=\"_blank\"><span class=\"shariff-icon\" style=\"\"><svg width=\"32px\" height=\"20px\" xmlns=\"http:\/\/www.w3.org\/2000\/svg\" viewBox=\"0 0 18 32\"><path fill=\"#3b5998\" d=\"M17.1 0.2v4.7h-2.8q-1.5 0-2.1 0.6t-0.5 1.9v3.4h5.2l-0.7 5.3h-4.5v13.6h-5.5v-13.6h-4.5v-5.3h4.5v-3.9q0-3.3 1.9-5.2t5-1.8q2.6 0 4.1 0.2z\"\/><\/svg><\/span><\/a><\/li><li class=\"shariff-button twitter shariff-nocustomcolor\" style=\"background-color:#595959;border-radius:1%\"><a href=\"https:\/\/twitter.com\/share?url=https%3A%2F%2Fwww.sonnenseite.com%2Fde%2Fumwelt%2Fwir-produzieren-mehr-fleisch-als-wir-essen%2F&text=%E2%80%9EWir%20produzieren%20mehr%20Fleisch%2C%20als%20wir%20essen%E2%80%9C\" title=\"Bei X teilen\" aria-label=\"Bei X teilen\" role=\"button\" rel=\"noopener nofollow\" class=\"shariff-link\" style=\";border-radius:1%; background-color:#000; color:#fff\" target=\"_blank\"><span class=\"shariff-icon\" style=\"\"><svg width=\"32px\" height=\"20px\" xmlns=\"http:\/\/www.w3.org\/2000\/svg\" viewBox=\"0 0 24 24\"><path fill=\"#000\" d=\"M14.258 10.152L23.176 0h-2.113l-7.747 8.813L7.133 0H0l9.352 13.328L0 23.973h2.113l8.176-9.309 6.531 9.309h7.133zm-2.895 3.293l-.949-1.328L2.875 1.56h3.246l6.086 8.523.945 1.328 7.91 11.078h-3.246zm0 0\"\/><\/svg><\/span><\/a><\/li><li class=\"shariff-button xing shariff-nocustomcolor\" style=\"background-color:#29888a;border-radius:1%\"><a href=\"https:\/\/www.xing.com\/spi\/shares\/new?url=https%3A%2F%2Fwww.sonnenseite.com%2Fde%2Fumwelt%2Fwir-produzieren-mehr-fleisch-als-wir-essen%2F\" title=\"Bei XING teilen\" aria-label=\"Bei XING teilen\" role=\"button\" rel=\"noopener nofollow\" class=\"shariff-link\" style=\";border-radius:1%; background-color:#126567; color:#fff\" target=\"_blank\"><span class=\"shariff-icon\" style=\"\"><svg width=\"32px\" height=\"20px\" xmlns=\"http:\/\/www.w3.org\/2000\/svg\" viewBox=\"0 0 25 32\"><path fill=\"#126567\" d=\"M10.7 11.9q-0.2 0.3-4.6 8.2-0.5 0.8-1.2 0.8h-4.3q-0.4 0-0.5-0.3t0-0.6l4.5-8q0 0 0 0l-2.9-5q-0.2-0.4 0-0.7 0.2-0.3 0.5-0.3h4.3q0.7 0 1.2 0.8zM25.1 0.4q0.2 0.3 0 0.7l-9.4 16.7 6 11q0.2 0.4 0 0.6-0.2 0.3-0.6 0.3h-4.3q-0.7 0-1.2-0.8l-6-11.1q0.3-0.6 9.5-16.8 0.4-0.8 1.2-0.8h4.3q0.4 0 0.5 0.3z\"\/><\/svg><\/span><\/a><\/li><li class=\"shariff-button linkedin shariff-nocustomcolor\" style=\"background-color:#1488bf;border-radius:1%\"><a href=\"https:\/\/www.linkedin.com\/sharing\/share-offsite\/?url=https%3A%2F%2Fwww.sonnenseite.com%2Fde%2Fumwelt%2Fwir-produzieren-mehr-fleisch-als-wir-essen%2F\" title=\"Bei LinkedIn teilen\" aria-label=\"Bei LinkedIn teilen\" role=\"button\" rel=\"noopener nofollow\" class=\"shariff-link\" style=\";border-radius:1%; background-color:#0077b5; color:#fff\" target=\"_blank\"><span class=\"shariff-icon\" style=\"\"><svg width=\"32px\" height=\"20px\" xmlns=\"http:\/\/www.w3.org\/2000\/svg\" viewBox=\"0 0 27 32\"><path fill=\"#0077b5\" d=\"M6.2 11.2v17.7h-5.9v-17.7h5.9zM6.6 5.7q0 1.3-0.9 2.2t-2.4 0.9h0q-1.5 0-2.4-0.9t-0.9-2.2 0.9-2.2 2.4-0.9 2.4 0.9 0.9 2.2zM27.4 18.7v10.1h-5.9v-9.5q0-1.9-0.7-2.9t-2.3-1.1q-1.1 0-1.9 0.6t-1.2 1.5q-0.2 0.5-0.2 1.4v9.9h-5.9q0-7.1 0-11.6t0-5.3l0-0.9h5.9v2.6h0q0.4-0.6 0.7-1t1-0.9 1.6-0.8 2-0.3q3 0 4.9 2t1.9 6z\"\/><\/svg><\/span><\/a><\/li><li class=\"shariff-button printer shariff-nocustomcolor\" style=\"background-color:#a8a8a8;border-radius:1%\"><a href=\"javascript:window.print()\" title=\"drucken\" aria-label=\"drucken\" role=\"button\" rel=\"noopener nofollow\" class=\"shariff-link\" style=\";border-radius:1%; background-color:#999; color:#fff\"><span class=\"shariff-icon\" style=\"\"><svg width=\"32px\" height=\"20px\" xmlns=\"http:\/\/www.w3.org\/2000\/svg\" viewBox=\"0 0 30 32\"><path fill=\"#999\" d=\"M6.8 27.4h16v-4.6h-16v4.6zM6.8 16h16v-6.8h-2.8q-0.7 0-1.2-0.5t-0.5-1.2v-2.8h-11.4v11.4zM27.4 17.2q0-0.5-0.3-0.8t-0.8-0.4-0.8 0.4-0.3 0.8 0.3 0.8 0.8 0.3 0.8-0.3 0.3-0.8zM29.7 17.2v7.4q0 0.2-0.2 0.4t-0.4 0.2h-4v2.8q0 0.7-0.5 1.2t-1.2 0.5h-17.2q-0.7 0-1.2-0.5t-0.5-1.2v-2.8h-4q-0.2 0-0.4-0.2t-0.2-0.4v-7.4q0-1.4 1-2.4t2.4-1h1.2v-9.7q0-0.7 0.5-1.2t1.2-0.5h12q0.7 0 1.6 0.4t1.3 0.8l2.7 2.7q0.5 0.5 0.9 1.4t0.4 1.6v4.6h1.1q1.4 0 2.4 1t1 2.4z\"\/><\/svg><\/span><\/a><\/li><li class=\"shariff-button mailto shariff-nocustomcolor\" style=\"background-color:#a8a8a8;border-radius:1%\"><a href=\"mailto:?body=https%3A%2F%2Fwww.sonnenseite.com%2Fde%2Fumwelt%2Fwir-produzieren-mehr-fleisch-als-wir-essen%2F&subject=%E2%80%9EWir%20produzieren%20mehr%20Fleisch%2C%20als%20wir%20essen%E2%80%9C\" title=\"Per E-Mail versenden\" aria-label=\"Per E-Mail versenden\" role=\"button\" rel=\"noopener nofollow\" class=\"shariff-link\" style=\";border-radius:1%; background-color:#999; color:#fff\"><span class=\"shariff-icon\" style=\"\"><svg width=\"32px\" height=\"20px\" xmlns=\"http:\/\/www.w3.org\/2000\/svg\" viewBox=\"0 0 32 32\"><path fill=\"#999\" d=\"M32 12.7v14.2q0 1.2-0.8 2t-2 0.9h-26.3q-1.2 0-2-0.9t-0.8-2v-14.2q0.8 0.9 1.8 1.6 6.5 4.4 8.9 6.1 1 0.8 1.6 1.2t1.7 0.9 2 0.4h0.1q0.9 0 2-0.4t1.7-0.9 1.6-1.2q3-2.2 8.9-6.1 1-0.7 1.8-1.6zM32 7.4q0 1.4-0.9 2.7t-2.2 2.2q-6.7 4.7-8.4 5.8-0.2 0.1-0.7 0.5t-1 0.7-0.9 0.6-1.1 0.5-0.9 0.2h-0.1q-0.4 0-0.9-0.2t-1.1-0.5-0.9-0.6-1-0.7-0.7-0.5q-1.6-1.1-4.7-3.2t-3.6-2.6q-1.1-0.7-2.1-2t-1-2.5q0-1.4 0.7-2.3t2.1-0.9h26.3q1.2 0 2 0.8t0.9 2z\"\/><\/svg><\/span><\/a><\/li><\/ul><\/div>","protected":false},"excerpt":{"rendered":"<p>Es gibt zu viele Nutztiere in Deutschland. Das sch\u00e4digt das Klima und unsere Gesundheit. Ihre Zahl [&hellip;]<\/p>\n","protected":false},"author":3,"featured_media":78907,"comment_status":"closed","ping_status":"closed","sticky":false,"template":"","format":"standard","meta":{"inline_featured_image":false,"footnotes":""},"categories":[23],"tags":[],"class_list":["post-78905","post","type-post","status-publish","format-standard","has-post-thumbnail","hentry","category-umwelt"],"yoast_head":"<!-- This site is optimized with the Yoast SEO plugin v26.5 - https:\/\/yoast.com\/wordpress\/plugins\/seo\/ -->\n<title>&quot;Wir produzieren mehr Fleisch, als wir essen&quot; - Sonnenseite - \u00d6kologische Kommunikation mit Franz Alt<\/title>\n<meta name=\"description\" content=\"Es gibt zu viele Nutztiere in Deutschland. Das sch\u00e4digt das Klima und unsere Gesundheit. Ihre Zahl muss sinken, fordert der Verein Aktion Agrar. Interview\" \/>\n<meta name=\"robots\" content=\"index, follow, max-snippet:-1, max-image-preview:large, max-video-preview:-1\" \/>\n<link rel=\"canonical\" href=\"https:\/\/www.sonnenseite.com\/de\/umwelt\/wir-produzieren-mehr-fleisch-als-wir-essen\/\" \/>\n<meta property=\"og:locale\" content=\"de_DE\" \/>\n<meta property=\"og:type\" content=\"article\" \/>\n<meta property=\"og:title\" content=\"&quot;Wir produzieren mehr Fleisch, als wir essen&quot; - Sonnenseite - \u00d6kologische Kommunikation mit Franz Alt\" \/>\n<meta property=\"og:description\" content=\"Es gibt zu viele Nutztiere in Deutschland. Das sch\u00e4digt das Klima und unsere Gesundheit. Ihre Zahl muss sinken, fordert der Verein Aktion Agrar. Interview\" \/>\n<meta property=\"og:url\" content=\"https:\/\/www.sonnenseite.com\/de\/umwelt\/wir-produzieren-mehr-fleisch-als-wir-essen\/\" \/>\n<meta property=\"og:site_name\" content=\"Sonnenseite\" \/>\n<meta property=\"article:publisher\" content=\"https:\/\/www.facebook.com\/pages\/Franz-Alt-SONNENSEITECOM\/221072987903953?fref=ts\" \/>\n<meta property=\"article:published_time\" content=\"2022-01-27T02:12:00+00:00\" \/>\n<meta property=\"article:modified_time\" content=\"2022-02-05T10:45:49+00:00\" \/>\n<meta property=\"og:image\" content=\"https:\/\/www.sonnenseite.com\/wp-content\/uploads\/2022\/01\/Huhn_Kaefig_carloscastilla.jpg\" \/>\n\t<meta property=\"og:image:width\" content=\"770\" \/>\n\t<meta property=\"og:image:height\" content=\"420\" \/>\n\t<meta property=\"og:image:type\" content=\"image\/jpeg\" \/>\n<meta name=\"author\" content=\"Bigi Alt\" \/>\n<meta name=\"twitter:card\" content=\"summary_large_image\" \/>\n<meta name=\"twitter:creator\" content=\"@franzalt\" \/>\n<meta name=\"twitter:site\" content=\"@franzalt\" \/>\n<meta name=\"twitter:label1\" content=\"Verfasst von\" \/>\n\t<meta name=\"twitter:data1\" content=\"Bigi Alt\" \/>\n\t<meta name=\"twitter:label2\" content=\"Gesch\u00e4tzte Lesezeit\" \/>\n\t<meta name=\"twitter:data2\" content=\"5\u00a0Minuten\" \/>\n<script type=\"application\/ld+json\" class=\"yoast-schema-graph\">{\"@context\":\"https:\/\/schema.org\",\"@graph\":[{\"@type\":\"Article\",\"@id\":\"https:\/\/www.sonnenseite.com\/de\/umwelt\/wir-produzieren-mehr-fleisch-als-wir-essen\/#article\",\"isPartOf\":{\"@id\":\"https:\/\/www.sonnenseite.com\/de\/umwelt\/wir-produzieren-mehr-fleisch-als-wir-essen\/\"},\"author\":{\"name\":\"Bigi Alt\",\"@id\":\"https:\/\/www.sonnenseite.com\/de\/#\/schema\/person\/50fda0e926597684c7cc6695238a4eb9\"},\"headline\":\"&#8222;Wir produzieren mehr Fleisch, als wir essen&#8220;\",\"datePublished\":\"2022-01-27T02:12:00+00:00\",\"dateModified\":\"2022-02-05T10:45:49+00:00\",\"mainEntityOfPage\":{\"@id\":\"https:\/\/www.sonnenseite.com\/de\/umwelt\/wir-produzieren-mehr-fleisch-als-wir-essen\/\"},\"wordCount\":982,\"publisher\":{\"@id\":\"https:\/\/www.sonnenseite.com\/de\/#organization\"},\"image\":{\"@id\":\"https:\/\/www.sonnenseite.com\/de\/umwelt\/wir-produzieren-mehr-fleisch-als-wir-essen\/#primaryimage\"},\"thumbnailUrl\":\"https:\/\/www.sonnenseite.com\/wp-content\/uploads\/2022\/01\/Huhn_Kaefig_carloscastilla.jpg\",\"articleSection\":[\"Umwelt\"],\"inLanguage\":\"de\"},{\"@type\":\"WebPage\",\"@id\":\"https:\/\/www.sonnenseite.com\/de\/umwelt\/wir-produzieren-mehr-fleisch-als-wir-essen\/\",\"url\":\"https:\/\/www.sonnenseite.com\/de\/umwelt\/wir-produzieren-mehr-fleisch-als-wir-essen\/\",\"name\":\"\\\"Wir produzieren mehr Fleisch, als wir essen\\\" - Sonnenseite - \u00d6kologische Kommunikation mit Franz Alt\",\"isPartOf\":{\"@id\":\"https:\/\/www.sonnenseite.com\/de\/#website\"},\"primaryImageOfPage\":{\"@id\":\"https:\/\/www.sonnenseite.com\/de\/umwelt\/wir-produzieren-mehr-fleisch-als-wir-essen\/#primaryimage\"},\"image\":{\"@id\":\"https:\/\/www.sonnenseite.com\/de\/umwelt\/wir-produzieren-mehr-fleisch-als-wir-essen\/#primaryimage\"},\"thumbnailUrl\":\"https:\/\/www.sonnenseite.com\/wp-content\/uploads\/2022\/01\/Huhn_Kaefig_carloscastilla.jpg\",\"datePublished\":\"2022-01-27T02:12:00+00:00\",\"dateModified\":\"2022-02-05T10:45:49+00:00\",\"description\":\"Es gibt zu viele Nutztiere in Deutschland. Das sch\u00e4digt das Klima und unsere Gesundheit. Ihre Zahl muss sinken, fordert der Verein Aktion Agrar. Interview\",\"breadcrumb\":{\"@id\":\"https:\/\/www.sonnenseite.com\/de\/umwelt\/wir-produzieren-mehr-fleisch-als-wir-essen\/#breadcrumb\"},\"inLanguage\":\"de\",\"potentialAction\":[{\"@type\":\"ReadAction\",\"target\":[\"https:\/\/www.sonnenseite.com\/de\/umwelt\/wir-produzieren-mehr-fleisch-als-wir-essen\/\"]}]},{\"@type\":\"ImageObject\",\"inLanguage\":\"de\",\"@id\":\"https:\/\/www.sonnenseite.com\/de\/umwelt\/wir-produzieren-mehr-fleisch-als-wir-essen\/#primaryimage\",\"url\":\"https:\/\/www.sonnenseite.com\/wp-content\/uploads\/2022\/01\/Huhn_Kaefig_carloscastilla.jpg\",\"contentUrl\":\"https:\/\/www.sonnenseite.com\/wp-content\/uploads\/2022\/01\/Huhn_Kaefig_carloscastilla.jpg\",\"width\":770,\"height\":420,\"caption\":\"Depositphotos.com | carloscastilla | Um Bauernh\u00f6fe und Klima zu retten, muss die Bundesregierung jetzt eine drastische Reduktion der Nutztierzahlen in die Wege leiten und H\u00f6fe gezielt f\u00fcr den notwendigen Umbau ihrer Betriebe unterst\u00fctzen.\"},{\"@type\":\"BreadcrumbList\",\"@id\":\"https:\/\/www.sonnenseite.com\/de\/umwelt\/wir-produzieren-mehr-fleisch-als-wir-essen\/#breadcrumb\",\"itemListElement\":[{\"@type\":\"ListItem\",\"position\":1,\"name\":\"Startseite\",\"item\":\"https:\/\/www.sonnenseite.com\/de\/\"},{\"@type\":\"ListItem\",\"position\":2,\"name\":\"&#8222;Wir produzieren mehr Fleisch, als wir essen&#8220;\"}]},{\"@type\":\"WebSite\",\"@id\":\"https:\/\/www.sonnenseite.com\/de\/#website\",\"url\":\"https:\/\/www.sonnenseite.com\/de\/\",\"name\":\"Sonnenseite\",\"description\":\"\u00d6kologische Kommunikation mit Franz Alt\",\"publisher\":{\"@id\":\"https:\/\/www.sonnenseite.com\/de\/#organization\"},\"potentialAction\":[{\"@type\":\"SearchAction\",\"target\":{\"@type\":\"EntryPoint\",\"urlTemplate\":\"https:\/\/www.sonnenseite.com\/de\/?s={search_term_string}\"},\"query-input\":{\"@type\":\"PropertyValueSpecification\",\"valueRequired\":true,\"valueName\":\"search_term_string\"}}],\"inLanguage\":\"de\"},{\"@type\":\"Organization\",\"@id\":\"https:\/\/www.sonnenseite.com\/de\/#organization\",\"name\":\"Sonnenseite\",\"url\":\"https:\/\/www.sonnenseite.com\/de\/\",\"logo\":{\"@type\":\"ImageObject\",\"inLanguage\":\"de\",\"@id\":\"https:\/\/www.sonnenseite.com\/de\/#\/schema\/logo\/image\/\",\"url\":\"https:\/\/www.sonnenseite.com\/wp-content\/uploads\/2020\/05\/Sonnenseite_Logo.png\",\"contentUrl\":\"https:\/\/www.sonnenseite.com\/wp-content\/uploads\/2020\/05\/Sonnenseite_Logo.png\",\"width\":377,\"height\":90,\"caption\":\"Sonnenseite\"},\"image\":{\"@id\":\"https:\/\/www.sonnenseite.com\/de\/#\/schema\/logo\/image\/\"},\"sameAs\":[\"https:\/\/www.facebook.com\/pages\/Franz-Alt-SONNENSEITECOM\/221072987903953?fref=ts\",\"https:\/\/x.com\/franzalt\",\"http:\/\/www.youtube.com\/results?search_query&amp;amp;quot;franz_alt&amp;amp;quot;&amp;amp;amp;amp;search_type&amp;amp;amp;amp;aq=f\"]},{\"@type\":\"Person\",\"@id\":\"https:\/\/www.sonnenseite.com\/de\/#\/schema\/person\/50fda0e926597684c7cc6695238a4eb9\",\"name\":\"Bigi Alt\"}]}<\/script>\n<!-- \/ Yoast SEO plugin. -->","yoast_head_json":{"title":"\"Wir produzieren mehr Fleisch, als wir essen\" - Sonnenseite - \u00d6kologische Kommunikation mit Franz Alt","description":"Es gibt zu viele Nutztiere in Deutschland. Das sch\u00e4digt das Klima und unsere Gesundheit. Ihre Zahl muss sinken, fordert der Verein Aktion Agrar. Interview","robots":{"index":"index","follow":"follow","max-snippet":"max-snippet:-1","max-image-preview":"max-image-preview:large","max-video-preview":"max-video-preview:-1"},"canonical":"https:\/\/www.sonnenseite.com\/de\/umwelt\/wir-produzieren-mehr-fleisch-als-wir-essen\/","og_locale":"de_DE","og_type":"article","og_title":"\"Wir produzieren mehr Fleisch, als wir essen\" - Sonnenseite - \u00d6kologische Kommunikation mit Franz Alt","og_description":"Es gibt zu viele Nutztiere in Deutschland. Das sch\u00e4digt das Klima und unsere Gesundheit. Ihre Zahl muss sinken, fordert der Verein Aktion Agrar. Interview","og_url":"https:\/\/www.sonnenseite.com\/de\/umwelt\/wir-produzieren-mehr-fleisch-als-wir-essen\/","og_site_name":"Sonnenseite","article_publisher":"https:\/\/www.facebook.com\/pages\/Franz-Alt-SONNENSEITECOM\/221072987903953?fref=ts","article_published_time":"2022-01-27T02:12:00+00:00","article_modified_time":"2022-02-05T10:45:49+00:00","og_image":[{"width":770,"height":420,"url":"https:\/\/www.sonnenseite.com\/wp-content\/uploads\/2022\/01\/Huhn_Kaefig_carloscastilla.jpg","type":"image\/jpeg"}],"author":"Bigi Alt","twitter_card":"summary_large_image","twitter_creator":"@franzalt","twitter_site":"@franzalt","twitter_misc":{"Verfasst von":"Bigi Alt","Gesch\u00e4tzte Lesezeit":"5\u00a0Minuten"},"schema":{"@context":"https:\/\/schema.org","@graph":[{"@type":"Article","@id":"https:\/\/www.sonnenseite.com\/de\/umwelt\/wir-produzieren-mehr-fleisch-als-wir-essen\/#article","isPartOf":{"@id":"https:\/\/www.sonnenseite.com\/de\/umwelt\/wir-produzieren-mehr-fleisch-als-wir-essen\/"},"author":{"name":"Bigi Alt","@id":"https:\/\/www.sonnenseite.com\/de\/#\/schema\/person\/50fda0e926597684c7cc6695238a4eb9"},"headline":"&#8222;Wir produzieren mehr Fleisch, als wir essen&#8220;","datePublished":"2022-01-27T02:12:00+00:00","dateModified":"2022-02-05T10:45:49+00:00","mainEntityOfPage":{"@id":"https:\/\/www.sonnenseite.com\/de\/umwelt\/wir-produzieren-mehr-fleisch-als-wir-essen\/"},"wordCount":982,"publisher":{"@id":"https:\/\/www.sonnenseite.com\/de\/#organization"},"image":{"@id":"https:\/\/www.sonnenseite.com\/de\/umwelt\/wir-produzieren-mehr-fleisch-als-wir-essen\/#primaryimage"},"thumbnailUrl":"https:\/\/www.sonnenseite.com\/wp-content\/uploads\/2022\/01\/Huhn_Kaefig_carloscastilla.jpg","articleSection":["Umwelt"],"inLanguage":"de"},{"@type":"WebPage","@id":"https:\/\/www.sonnenseite.com\/de\/umwelt\/wir-produzieren-mehr-fleisch-als-wir-essen\/","url":"https:\/\/www.sonnenseite.com\/de\/umwelt\/wir-produzieren-mehr-fleisch-als-wir-essen\/","name":"\"Wir produzieren mehr Fleisch, als wir essen\" - Sonnenseite - \u00d6kologische Kommunikation mit Franz Alt","isPartOf":{"@id":"https:\/\/www.sonnenseite.com\/de\/#website"},"primaryImageOfPage":{"@id":"https:\/\/www.sonnenseite.com\/de\/umwelt\/wir-produzieren-mehr-fleisch-als-wir-essen\/#primaryimage"},"image":{"@id":"https:\/\/www.sonnenseite.com\/de\/umwelt\/wir-produzieren-mehr-fleisch-als-wir-essen\/#primaryimage"},"thumbnailUrl":"https:\/\/www.sonnenseite.com\/wp-content\/uploads\/2022\/01\/Huhn_Kaefig_carloscastilla.jpg","datePublished":"2022-01-27T02:12:00+00:00","dateModified":"2022-02-05T10:45:49+00:00","description":"Es gibt zu viele Nutztiere in Deutschland. Das sch\u00e4digt das Klima und unsere Gesundheit. Ihre Zahl muss sinken, fordert der Verein Aktion Agrar. Interview","breadcrumb":{"@id":"https:\/\/www.sonnenseite.com\/de\/umwelt\/wir-produzieren-mehr-fleisch-als-wir-essen\/#breadcrumb"},"inLanguage":"de","potentialAction":[{"@type":"ReadAction","target":["https:\/\/www.sonnenseite.com\/de\/umwelt\/wir-produzieren-mehr-fleisch-als-wir-essen\/"]}]},{"@type":"ImageObject","inLanguage":"de","@id":"https:\/\/www.sonnenseite.com\/de\/umwelt\/wir-produzieren-mehr-fleisch-als-wir-essen\/#primaryimage","url":"https:\/\/www.sonnenseite.com\/wp-content\/uploads\/2022\/01\/Huhn_Kaefig_carloscastilla.jpg","contentUrl":"https:\/\/www.sonnenseite.com\/wp-content\/uploads\/2022\/01\/Huhn_Kaefig_carloscastilla.jpg","width":770,"height":420,"caption":"Depositphotos.com | carloscastilla | Um Bauernh\u00f6fe und Klima zu retten, muss die Bundesregierung jetzt eine drastische Reduktion der Nutztierzahlen in die Wege leiten und H\u00f6fe gezielt f\u00fcr den notwendigen Umbau ihrer Betriebe unterst\u00fctzen."},{"@type":"BreadcrumbList","@id":"https:\/\/www.sonnenseite.com\/de\/umwelt\/wir-produzieren-mehr-fleisch-als-wir-essen\/#breadcrumb","itemListElement":[{"@type":"ListItem","position":1,"name":"Startseite","item":"https:\/\/www.sonnenseite.com\/de\/"},{"@type":"ListItem","position":2,"name":"&#8222;Wir produzieren mehr Fleisch, als wir essen&#8220;"}]},{"@type":"WebSite","@id":"https:\/\/www.sonnenseite.com\/de\/#website","url":"https:\/\/www.sonnenseite.com\/de\/","name":"Sonnenseite","description":"\u00d6kologische Kommunikation mit Franz Alt","publisher":{"@id":"https:\/\/www.sonnenseite.com\/de\/#organization"},"potentialAction":[{"@type":"SearchAction","target":{"@type":"EntryPoint","urlTemplate":"https:\/\/www.sonnenseite.com\/de\/?s={search_term_string}"},"query-input":{"@type":"PropertyValueSpecification","valueRequired":true,"valueName":"search_term_string"}}],"inLanguage":"de"},{"@type":"Organization","@id":"https:\/\/www.sonnenseite.com\/de\/#organization","name":"Sonnenseite","url":"https:\/\/www.sonnenseite.com\/de\/","logo":{"@type":"ImageObject","inLanguage":"de","@id":"https:\/\/www.sonnenseite.com\/de\/#\/schema\/logo\/image\/","url":"https:\/\/www.sonnenseite.com\/wp-content\/uploads\/2020\/05\/Sonnenseite_Logo.png","contentUrl":"https:\/\/www.sonnenseite.com\/wp-content\/uploads\/2020\/05\/Sonnenseite_Logo.png","width":377,"height":90,"caption":"Sonnenseite"},"image":{"@id":"https:\/\/www.sonnenseite.com\/de\/#\/schema\/logo\/image\/"},"sameAs":["https:\/\/www.facebook.com\/pages\/Franz-Alt-SONNENSEITECOM\/221072987903953?fref=ts","https:\/\/x.com\/franzalt","http:\/\/www.youtube.com\/results?search_query&amp;amp;quot;franz_alt&amp;amp;quot;&amp;amp;amp;amp;search_type&amp;amp;amp;amp;aq=f"]},{"@type":"Person","@id":"https:\/\/www.sonnenseite.com\/de\/#\/schema\/person\/50fda0e926597684c7cc6695238a4eb9","name":"Bigi Alt"}]}},"_links":{"self":[{"href":"https:\/\/www.sonnenseite.com\/de\/wp-json\/wp\/v2\/posts\/78905","targetHints":{"allow":["GET"]}}],"collection":[{"href":"https:\/\/www.sonnenseite.com\/de\/wp-json\/wp\/v2\/posts"}],"about":[{"href":"https:\/\/www.sonnenseite.com\/de\/wp-json\/wp\/v2\/types\/post"}],"author":[{"embeddable":true,"href":"https:\/\/www.sonnenseite.com\/de\/wp-json\/wp\/v2\/users\/3"}],"replies":[{"embeddable":true,"href":"https:\/\/www.sonnenseite.com\/de\/wp-json\/wp\/v2\/comments?post=78905"}],"version-history":[{"count":6,"href":"https:\/\/www.sonnenseite.com\/de\/wp-json\/wp\/v2\/posts\/78905\/revisions"}],"predecessor-version":[{"id":78916,"href":"https:\/\/www.sonnenseite.com\/de\/wp-json\/wp\/v2\/posts\/78905\/revisions\/78916"}],"wp:featuredmedia":[{"embeddable":true,"href":"https:\/\/www.sonnenseite.com\/de\/wp-json\/wp\/v2\/media\/78907"}],"wp:attachment":[{"href":"https:\/\/www.sonnenseite.com\/de\/wp-json\/wp\/v2\/media?parent=78905"}],"wp:term":[{"taxonomy":"category","embeddable":true,"href":"https:\/\/www.sonnenseite.com\/de\/wp-json\/wp\/v2\/categories?post=78905"},{"taxonomy":"post_tag","embeddable":true,"href":"https:\/\/www.sonnenseite.com\/de\/wp-json\/wp\/v2\/tags?post=78905"}],"curies":[{"name":"wp","href":"https:\/\/api.w.org\/{rel}","templated":true}]}}