{"id":79345,"date":"2022-02-12T04:01:00","date_gmt":"2022-02-12T03:01:00","guid":{"rendered":"https:\/\/www.sonnenseite.com\/?p=79345"},"modified":"2022-02-20T09:50:16","modified_gmt":"2022-02-20T08:50:16","slug":"wie-viele-windra%cc%88der-braucht-deutschland","status":"publish","type":"post","link":"https:\/\/www.sonnenseite.com\/de\/energie\/wie-viele-windra%cc%88der-braucht-deutschland\/","title":{"rendered":"Wie viele Windra\u0308der braucht Deutschland?"},"content":{"rendered":"\n<p>Neue Kurzanalyse: Wie viele Windr\u00e4der braucht Deutschland f\u00fcr eine Vollversorgung mit 100% Erneuerbaren Energien?<\/p>\n\n\n\n<p>Um diese derzeit viel diskutierte Frage zu beantworten, hat die Energy Watch Group heute <a href=\"https:\/\/www.energywatchgroup.org\/wp-content\/uploads\/Windkraft-Analyse.pdf\">eine neue Kurzanalyse<\/a> ver\u00f6ffentlicht.<\/p>\n\n\n\n<p>Obwohl Gegner*innen der Erneuerbaren Energien stark in der Minderheit sind, dominieren ihre Argumente h\u00e4ufig die \u00f6ffentliche Debatte. <a href=\"https:\/\/www.unendlich-viel-energie.de\/themen\/akzeptanz-erneuerbarer\/akzeptanz-umfrage\/akzeptanzumfrage-2021-klimapolitik-%e2%80%93-buergerinnen-wollen-mehr-erneuerbare-energien\">So bef\u00fcrworten 83% der Bundesb\u00fcrger*innen den weiteren Ausbau der Erneuerbaren Energien. 51% der Befragten halten Windkraft in der Nachbarschaft sogar f\u00fcr \u201esehr gut\u201c oder \u201eeher gut\u201c<\/a>. Die \u00f6ffentliche Akzeptanz f\u00fcr Erneuerbare Energien ist somit deutlich gr\u00f6\u00dfer als der durch eine laute Minderheit von Windkraftgegner*innen gepr\u00e4gt Diskurs es vermuten lie\u00dfe.<\/p>\n\n\n\n<p>Eines der Hauptargumente der Windkraftgegner*innen ist meist die Angst vor einer \u201eVerschandelung\u201c der Landschaft. Weit verbreitet ist der Glaube, eine Vollversorgung mit 100 % Erneuerbaren Energien resultiere unweigerlich in einer erheblichen Zunahme der Anzahl von Windkraftanlagen. &nbsp;Um diesen diffusen \u00c4ngsten wissenschaftlich zu begegnen, hat die Energy Watch Group \u00fcberschl\u00e4gig berechnet, wie viele Windkraftanlagen an Land notwendig w\u00e4ren, um eine vollst\u00e4ndige Energieversorgung Deutschlands in den Sektoren, Strom, W\u00e4rme, Verkehr und Industrie zu jeder Jahresstunde nur aus Erneuerbaren Energien bis 2030 sicherzustellen. Das Ergebnis: Die Annahme, dass 2030 in Deutschland mehr Windr\u00e4der stehen als zum heutigen Zeitpunkt, ist nicht korrekt. Im Gegenteil \u2013 die Anzahl der Windkraftanlagen k\u00f6nnte sogar von derzeit rund 30.000 auf ca. 24.000 Anlagen sinken.<\/p>\n\n\n\n<p>Aus dem von der Energy Watch Group bereits im letzten Jahr vorgestelltem <a href=\"https:\/\/www.energywatchgroup.org\/wp-content\/uploads\/EWG_Studie_2021_100EE-fuer-Deutschland-bis-2030.pdf\">Deutschland-Szenario<\/a> ergibt sich eine zu installierende Windkraftleistung von etwa 110 GW bis 2030 zur Erzeugung von 300 TWh Strom. In der Studie bisher nicht ber\u00fccksichtigt wurde insbesondere das Potential von Biokraftstoffen f\u00fcr den Verkehrssektor sowie von oberfl\u00e4chennaher Erdw\u00e4rme. Diese Energiequellen k\u00f6nnten bis 2030 jedoch absehbar eine Einsparung von gut 100 TWh Strom aus Wind und Photovoltaik erm\u00f6glichen, sodass der tats\u00e4chliche Windstrombedarf im Jahr 2030 gegen\u00fcber dem Deutschland-Szenario auf etwa 250 TWh sinkt.<\/p>\n\n\n\n<p>Erforderlich sind hierf\u00fcr Anlagen mit einer Kapazit\u00e4t von rund 92 GW im Jahr 2030 bestehend aus 28 GW heute vorhandener Anlagen sowie 64 GW Neuanlagen, die einerseits auf bereits genutzten Windenergiefl\u00e4chen (28 GW) und andererseits auf neuen Windenergiefl\u00e4chen (36 GW) zu errichten sind.<\/p>\n\n\n\n<p><a href=\"https:\/\/de.statista.com\/statistik\/daten\/studie\/20116\/umfrage\/anzahl-der-windkraftanlagen-in-deutschland-seit-1993\/\">Heute drehen sich in Deutschland etwa 30.000 Windkraftanlagen an Land<\/a>. Die Offshore Windkraftanlagen sind hier nicht eingerechnet. Viele der heutigen On-Shore Windkraftanlagen sind zu einer Zeit gebaut worden, in der es die modernen, hochleistungsf\u00e4higen Windkraftanlagen noch nicht gab. Viele der \u00e4lteren Windm\u00fchlen leisten daher weniger als 1 MW, im Durchschnitt hat der in Deutschland im Jahre 2021 installierte Windpark eine mittlere Leistung von 1,8 MW pro Anlage.<\/p>\n\n\n\n<p>Den g\u00fcnstigsten Strom produzieren heute jedoch Anlagen mit einer Leistung um 5 MW. Bis 2030 wird daher ein erheblicher Teil der heute existierenden Windr\u00e4der \u201erepowert\u201c werden. Indem alte Anlagen durch leistungsst\u00e4rkere Nachfolgemodelle ersetzt werden, werden langfristig wesentlich weniger Windkraftanlagen ben\u00f6tigt, um die gleiche heutige Leistung zu erreichen. Wenn man davon ausgeht, dass bis 2030 nur besonders alte Windkraftanlagen ersetzt werden \u2013 diejenigen, bei denen es sich wirtschaftlich rentiert \u2013 werden anstelle der heute vorhandenen 30.000 Anlagen bereits 15.000 Anlagen die gleiche Leistung erbringen k\u00f6nnen.<\/p>\n\n\n\n<p>F\u00fcr den notwendigen Bedarf an neu gebauten und modernisierten Anlagen von 64 GW ergeben sich bei einer durchschnittlichen Leistung von 5 MW pro Anlage 11.140 neue und erneuerte Windkraftanlagen. In Summe m\u00fcssten demnach bei einer vollen Versorgung von ganz Deutschland in allen Energiesektoren (Strom, W\u00e4rme, Verkehr, Industrie) mit 100% Erneuerbaren Energien bis 2030 etwa 24.000 Windkraftanlagen installiert sein \u2013 wesentlich weniger als die heute installierten 30.000 Anlagen.<\/p>\n\n\n\n<p>Auch der hierf\u00fcr ben\u00f6tigte Fl\u00e4chenbedarf bewegt sich in einem vertretbaren Rahmen. Damit sich die leistungsstarken Windkraftanlagen nicht gegenseitig zu viel Wind wegnehmen, braucht jedes Windrad der 5-MW-Klasse in einem Windpark deutlich mehr Raum als die kleineren, \u00e4lteren Windkraftanlagen. &nbsp;Gleichzeitig ist, wie bereits erl\u00e4utert, auch der Ertrag dieser modernen Anlagen weitaus h\u00f6her, so dass sich der durchschnittliche Fl\u00e4chenbedarf im Ergebnis kaum \u00e4ndert. Die von der Bundesregierung anvisierte Ausweisung von 2,0% der Landesfl\u00e4che in Deutschland reicht f\u00fcr die beschriebenen 24 000 Windkraftanlagen aus und erm\u00f6glicht somit nicht nur das Regierungsziel von 80% \u00d6kostrom bis 2030, sondern sogar eine 100% Vollversorgung der gesamten Energieversorgung in Deutschland.<\/p>\n\n\n\n<ul class=\"wp-block-list\"><li><a href=\"https:\/\/www.klimareporter.de\/strom\/deutschland-braucht-nicht-mehr-windraeder\">klimareporter.de: &#8222;Deutschland braucht nicht mehr Windr\u00e4der&#8220;<\/a> | Wenn Deutschland sich zu 100 Prozent mit erneuerbaren Energien versorgen will, brauchen wir mehr Windstrom \u2013 aber auch mehr Windr\u00e4der? Nein, zeigt eine neue Analyse der Energy Watch Group. Das Lieblingsargument der Windkraftgegner:innen, die Energiewende &#8222;verschandele&#8220; die Landschaft immer weiter, stimmt nicht. Hier geht\u2019s zum zugeh\u00f6rigen <a href=\"https:\/\/www.klimareporter.de\/strom\/deutschland-braucht-nicht-mehr-windraeder\">Beitrag der Klimareporter<\/a> &#8211; Ein Gastbeitrag von Hans-Josef-Fell und Thure Traber.<\/li><li>Die ganze Analyse zum Download gibt es <a href=\"https:\/\/www.energywatchgroup.org\/wp-content\/uploads\/Windkraft-Analyse.pdf\">hier<\/a>.<\/li><\/ul>\n\n\n<h5 class=\"green\">Quelle<\/h5>\r\n\n\n\n<p><a href=\"http:\/\/www.hans-josef-fell.de\" target=\"_blank\" rel=\"noreferrer noopener\">Hans-Josef Fell 2022<\/a> |&nbsp;<a href=\"http:\/\/energywatchgroup.org\/\" target=\"_blank\" rel=\"noreferrer noopener\">Pr\u00e4sident der Energy Watch Group (EWG) und Autor des EEG<\/a><\/p>\n<div class=\"shariff shariff-align-flex-start shariff-widget-align-flex-start\"><div class=\"ShariffHeadline\">Diese Meldung teilen<\/div><ul class=\"shariff-buttons theme-round orientation-horizontal buttonsize-medium\"><li class=\"shariff-button facebook shariff-nocustomcolor\" style=\"background-color:#4273c8;border-radius:1%\"><a href=\"https:\/\/www.facebook.com\/sharer\/sharer.php?u=https%3A%2F%2Fwww.sonnenseite.com%2Fde%2Fenergie%2Fwie-viele-windra%25cc%2588der-braucht-deutschland%2F\" title=\"Bei Facebook teilen\" aria-label=\"Bei Facebook teilen\" role=\"button\" rel=\"nofollow\" class=\"shariff-link\" style=\";border-radius:1%; background-color:#3b5998; color:#fff\" target=\"_blank\"><span class=\"shariff-icon\" style=\"\"><svg width=\"32px\" height=\"20px\" xmlns=\"http:\/\/www.w3.org\/2000\/svg\" viewBox=\"0 0 18 32\"><path fill=\"#3b5998\" d=\"M17.1 0.2v4.7h-2.8q-1.5 0-2.1 0.6t-0.5 1.9v3.4h5.2l-0.7 5.3h-4.5v13.6h-5.5v-13.6h-4.5v-5.3h4.5v-3.9q0-3.3 1.9-5.2t5-1.8q2.6 0 4.1 0.2z\"\/><\/svg><\/span><\/a><\/li><li class=\"shariff-button twitter shariff-nocustomcolor\" style=\"background-color:#595959;border-radius:1%\"><a href=\"https:\/\/twitter.com\/share?url=https%3A%2F%2Fwww.sonnenseite.com%2Fde%2Fenergie%2Fwie-viele-windra%25cc%2588der-braucht-deutschland%2F&text=Wie%20viele%20Windra%CC%88der%20braucht%20Deutschland%3F\" title=\"Bei X teilen\" aria-label=\"Bei X teilen\" role=\"button\" rel=\"noopener nofollow\" class=\"shariff-link\" style=\";border-radius:1%; background-color:#000; color:#fff\" target=\"_blank\"><span class=\"shariff-icon\" style=\"\"><svg width=\"32px\" height=\"20px\" xmlns=\"http:\/\/www.w3.org\/2000\/svg\" viewBox=\"0 0 24 24\"><path fill=\"#000\" d=\"M14.258 10.152L23.176 0h-2.113l-7.747 8.813L7.133 0H0l9.352 13.328L0 23.973h2.113l8.176-9.309 6.531 9.309h7.133zm-2.895 3.293l-.949-1.328L2.875 1.56h3.246l6.086 8.523.945 1.328 7.91 11.078h-3.246zm0 0\"\/><\/svg><\/span><\/a><\/li><li class=\"shariff-button xing shariff-nocustomcolor\" style=\"background-color:#29888a;border-radius:1%\"><a href=\"https:\/\/www.xing.com\/spi\/shares\/new?url=https%3A%2F%2Fwww.sonnenseite.com%2Fde%2Fenergie%2Fwie-viele-windra%25cc%2588der-braucht-deutschland%2F\" title=\"Bei XING teilen\" aria-label=\"Bei XING teilen\" role=\"button\" rel=\"noopener nofollow\" class=\"shariff-link\" style=\";border-radius:1%; background-color:#126567; color:#fff\" target=\"_blank\"><span class=\"shariff-icon\" style=\"\"><svg width=\"32px\" height=\"20px\" xmlns=\"http:\/\/www.w3.org\/2000\/svg\" viewBox=\"0 0 25 32\"><path fill=\"#126567\" d=\"M10.7 11.9q-0.2 0.3-4.6 8.2-0.5 0.8-1.2 0.8h-4.3q-0.4 0-0.5-0.3t0-0.6l4.5-8q0 0 0 0l-2.9-5q-0.2-0.4 0-0.7 0.2-0.3 0.5-0.3h4.3q0.7 0 1.2 0.8zM25.1 0.4q0.2 0.3 0 0.7l-9.4 16.7 6 11q0.2 0.4 0 0.6-0.2 0.3-0.6 0.3h-4.3q-0.7 0-1.2-0.8l-6-11.1q0.3-0.6 9.5-16.8 0.4-0.8 1.2-0.8h4.3q0.4 0 0.5 0.3z\"\/><\/svg><\/span><\/a><\/li><li class=\"shariff-button linkedin shariff-nocustomcolor\" style=\"background-color:#1488bf;border-radius:1%\"><a href=\"https:\/\/www.linkedin.com\/sharing\/share-offsite\/?url=https%3A%2F%2Fwww.sonnenseite.com%2Fde%2Fenergie%2Fwie-viele-windra%25cc%2588der-braucht-deutschland%2F\" title=\"Bei LinkedIn teilen\" aria-label=\"Bei LinkedIn teilen\" role=\"button\" rel=\"noopener nofollow\" class=\"shariff-link\" style=\";border-radius:1%; background-color:#0077b5; color:#fff\" target=\"_blank\"><span class=\"shariff-icon\" style=\"\"><svg width=\"32px\" height=\"20px\" xmlns=\"http:\/\/www.w3.org\/2000\/svg\" viewBox=\"0 0 27 32\"><path fill=\"#0077b5\" d=\"M6.2 11.2v17.7h-5.9v-17.7h5.9zM6.6 5.7q0 1.3-0.9 2.2t-2.4 0.9h0q-1.5 0-2.4-0.9t-0.9-2.2 0.9-2.2 2.4-0.9 2.4 0.9 0.9 2.2zM27.4 18.7v10.1h-5.9v-9.5q0-1.9-0.7-2.9t-2.3-1.1q-1.1 0-1.9 0.6t-1.2 1.5q-0.2 0.5-0.2 1.4v9.9h-5.9q0-7.1 0-11.6t0-5.3l0-0.9h5.9v2.6h0q0.4-0.6 0.7-1t1-0.9 1.6-0.8 2-0.3q3 0 4.9 2t1.9 6z\"\/><\/svg><\/span><\/a><\/li><li class=\"shariff-button printer shariff-nocustomcolor\" style=\"background-color:#a8a8a8;border-radius:1%\"><a href=\"javascript:window.print()\" title=\"drucken\" aria-label=\"drucken\" role=\"button\" rel=\"noopener nofollow\" class=\"shariff-link\" style=\";border-radius:1%; background-color:#999; color:#fff\"><span class=\"shariff-icon\" style=\"\"><svg width=\"32px\" height=\"20px\" xmlns=\"http:\/\/www.w3.org\/2000\/svg\" viewBox=\"0 0 30 32\"><path fill=\"#999\" d=\"M6.8 27.4h16v-4.6h-16v4.6zM6.8 16h16v-6.8h-2.8q-0.7 0-1.2-0.5t-0.5-1.2v-2.8h-11.4v11.4zM27.4 17.2q0-0.5-0.3-0.8t-0.8-0.4-0.8 0.4-0.3 0.8 0.3 0.8 0.8 0.3 0.8-0.3 0.3-0.8zM29.7 17.2v7.4q0 0.2-0.2 0.4t-0.4 0.2h-4v2.8q0 0.7-0.5 1.2t-1.2 0.5h-17.2q-0.7 0-1.2-0.5t-0.5-1.2v-2.8h-4q-0.2 0-0.4-0.2t-0.2-0.4v-7.4q0-1.4 1-2.4t2.4-1h1.2v-9.7q0-0.7 0.5-1.2t1.2-0.5h12q0.7 0 1.6 0.4t1.3 0.8l2.7 2.7q0.5 0.5 0.9 1.4t0.4 1.6v4.6h1.1q1.4 0 2.4 1t1 2.4z\"\/><\/svg><\/span><\/a><\/li><li class=\"shariff-button mailto shariff-nocustomcolor\" style=\"background-color:#a8a8a8;border-radius:1%\"><a href=\"mailto:?body=https%3A%2F%2Fwww.sonnenseite.com%2Fde%2Fenergie%2Fwie-viele-windra%25cc%2588der-braucht-deutschland%2F&subject=Wie%20viele%20Windra%CC%88der%20braucht%20Deutschland%3F\" title=\"Per E-Mail versenden\" aria-label=\"Per E-Mail versenden\" role=\"button\" rel=\"noopener nofollow\" class=\"shariff-link\" style=\";border-radius:1%; background-color:#999; color:#fff\"><span class=\"shariff-icon\" style=\"\"><svg width=\"32px\" height=\"20px\" xmlns=\"http:\/\/www.w3.org\/2000\/svg\" viewBox=\"0 0 32 32\"><path fill=\"#999\" d=\"M32 12.7v14.2q0 1.2-0.8 2t-2 0.9h-26.3q-1.2 0-2-0.9t-0.8-2v-14.2q0.8 0.9 1.8 1.6 6.5 4.4 8.9 6.1 1 0.8 1.6 1.2t1.7 0.9 2 0.4h0.1q0.9 0 2-0.4t1.7-0.9 1.6-1.2q3-2.2 8.9-6.1 1-0.7 1.8-1.6zM32 7.4q0 1.4-0.9 2.7t-2.2 2.2q-6.7 4.7-8.4 5.8-0.2 0.1-0.7 0.5t-1 0.7-0.9 0.6-1.1 0.5-0.9 0.2h-0.1q-0.4 0-0.9-0.2t-1.1-0.5-0.9-0.6-1-0.7-0.7-0.5q-1.6-1.1-4.7-3.2t-3.6-2.6q-1.1-0.7-2.1-2t-1-2.5q0-1.4 0.7-2.3t2.1-0.9h26.3q1.2 0 2 0.8t0.9 2z\"\/><\/svg><\/span><\/a><\/li><\/ul><\/div>","protected":false},"excerpt":{"rendered":"<p>Neue Kurzanalyse: Wie viele Windr\u00e4der braucht Deutschland f\u00fcr eine Vollversorgung mit 100% Erneuerbaren Energien? Um diese [&hellip;]<\/p>\n","protected":false},"author":3,"featured_media":29966,"comment_status":"closed","ping_status":"closed","sticky":false,"template":"","format":"standard","meta":{"inline_featured_image":false,"footnotes":""},"categories":[22],"tags":[],"class_list":["post-79345","post","type-post","status-publish","format-standard","has-post-thumbnail","hentry","category-energie"],"yoast_head":"<!-- This site is optimized with the Yoast SEO plugin v26.5 - https:\/\/yoast.com\/wordpress\/plugins\/seo\/ -->\n<title>Wie viele Windra\u0308der braucht Deutschland? - Sonnenseite - \u00d6kologische Kommunikation mit Franz Alt<\/title>\n<meta name=\"description\" content=\"Neue Kurzanalyse: Wie viele Windr\u00e4der braucht Deutschland f\u00fcr eine Vollversorgung mit 100% Erneuerbaren Energien? Um diese derzeit viel diskutierte Frage\" \/>\n<meta name=\"robots\" content=\"index, follow, max-snippet:-1, max-image-preview:large, max-video-preview:-1\" \/>\n<link rel=\"canonical\" href=\"https:\/\/www.sonnenseite.com\/de\/energie\/wie-viele-windra%cc%88der-braucht-deutschland\/\" \/>\n<meta property=\"og:locale\" content=\"de_DE\" \/>\n<meta property=\"og:type\" content=\"article\" \/>\n<meta property=\"og:title\" content=\"Wie viele Windra\u0308der braucht Deutschland? - Sonnenseite - \u00d6kologische Kommunikation mit Franz Alt\" \/>\n<meta property=\"og:description\" content=\"Neue Kurzanalyse: Wie viele Windr\u00e4der braucht Deutschland f\u00fcr eine Vollversorgung mit 100% Erneuerbaren Energien? Um diese derzeit viel diskutierte Frage\" \/>\n<meta property=\"og:url\" content=\"https:\/\/www.sonnenseite.com\/de\/energie\/wie-viele-windra%cc%88der-braucht-deutschland\/\" \/>\n<meta property=\"og:site_name\" content=\"Sonnenseite\" \/>\n<meta property=\"article:publisher\" content=\"https:\/\/www.facebook.com\/pages\/Franz-Alt-SONNENSEITECOM\/221072987903953?fref=ts\" \/>\n<meta property=\"article:published_time\" content=\"2022-02-12T03:01:00+00:00\" \/>\n<meta property=\"article:modified_time\" content=\"2022-02-20T08:50:16+00:00\" \/>\n<meta property=\"og:image\" content=\"https:\/\/www.sonnenseite.com\/wp-content\/uploads\/2017\/02\/windrder_majaFOTO.jpg\" \/>\n\t<meta property=\"og:image:width\" content=\"770\" \/>\n\t<meta property=\"og:image:height\" content=\"420\" \/>\n\t<meta property=\"og:image:type\" content=\"image\/jpeg\" \/>\n<meta name=\"author\" content=\"Bigi Alt\" \/>\n<meta name=\"twitter:card\" content=\"summary_large_image\" \/>\n<meta name=\"twitter:creator\" content=\"@franzalt\" \/>\n<meta name=\"twitter:site\" content=\"@franzalt\" \/>\n<meta name=\"twitter:label1\" content=\"Verfasst von\" \/>\n\t<meta name=\"twitter:data1\" content=\"Bigi Alt\" \/>\n\t<meta name=\"twitter:label2\" content=\"Gesch\u00e4tzte Lesezeit\" \/>\n\t<meta name=\"twitter:data2\" content=\"4\u00a0Minuten\" \/>\n<script type=\"application\/ld+json\" class=\"yoast-schema-graph\">{\"@context\":\"https:\/\/schema.org\",\"@graph\":[{\"@type\":\"Article\",\"@id\":\"https:\/\/www.sonnenseite.com\/de\/energie\/wie-viele-windra%cc%88der-braucht-deutschland\/#article\",\"isPartOf\":{\"@id\":\"https:\/\/www.sonnenseite.com\/de\/energie\/wie-viele-windra%cc%88der-braucht-deutschland\/\"},\"author\":{\"name\":\"Bigi Alt\",\"@id\":\"https:\/\/www.sonnenseite.com\/de\/#\/schema\/person\/50fda0e926597684c7cc6695238a4eb9\"},\"headline\":\"Wie viele Windra\u0308der braucht Deutschland?\",\"datePublished\":\"2022-02-12T03:01:00+00:00\",\"dateModified\":\"2022-02-20T08:50:16+00:00\",\"mainEntityOfPage\":{\"@id\":\"https:\/\/www.sonnenseite.com\/de\/energie\/wie-viele-windra%cc%88der-braucht-deutschland\/\"},\"wordCount\":763,\"publisher\":{\"@id\":\"https:\/\/www.sonnenseite.com\/de\/#organization\"},\"image\":{\"@id\":\"https:\/\/www.sonnenseite.com\/de\/energie\/wie-viele-windra%cc%88der-braucht-deutschland\/#primaryimage\"},\"thumbnailUrl\":\"https:\/\/www.sonnenseite.com\/wp-content\/uploads\/2017\/02\/windrder_majaFOTO.jpg\",\"articleSection\":[\"Energie\"],\"inLanguage\":\"de\"},{\"@type\":\"WebPage\",\"@id\":\"https:\/\/www.sonnenseite.com\/de\/energie\/wie-viele-windra%cc%88der-braucht-deutschland\/\",\"url\":\"https:\/\/www.sonnenseite.com\/de\/energie\/wie-viele-windra%cc%88der-braucht-deutschland\/\",\"name\":\"Wie viele Windra\u0308der braucht Deutschland? - Sonnenseite - \u00d6kologische Kommunikation mit Franz Alt\",\"isPartOf\":{\"@id\":\"https:\/\/www.sonnenseite.com\/de\/#website\"},\"primaryImageOfPage\":{\"@id\":\"https:\/\/www.sonnenseite.com\/de\/energie\/wie-viele-windra%cc%88der-braucht-deutschland\/#primaryimage\"},\"image\":{\"@id\":\"https:\/\/www.sonnenseite.com\/de\/energie\/wie-viele-windra%cc%88der-braucht-deutschland\/#primaryimage\"},\"thumbnailUrl\":\"https:\/\/www.sonnenseite.com\/wp-content\/uploads\/2017\/02\/windrder_majaFOTO.jpg\",\"datePublished\":\"2022-02-12T03:01:00+00:00\",\"dateModified\":\"2022-02-20T08:50:16+00:00\",\"description\":\"Neue Kurzanalyse: Wie viele Windr\u00e4der braucht Deutschland f\u00fcr eine Vollversorgung mit 100% Erneuerbaren Energien? Um diese derzeit viel diskutierte Frage\",\"breadcrumb\":{\"@id\":\"https:\/\/www.sonnenseite.com\/de\/energie\/wie-viele-windra%cc%88der-braucht-deutschland\/#breadcrumb\"},\"inLanguage\":\"de\",\"potentialAction\":[{\"@type\":\"ReadAction\",\"target\":[\"https:\/\/www.sonnenseite.com\/de\/energie\/wie-viele-windra%cc%88der-braucht-deutschland\/\"]}]},{\"@type\":\"ImageObject\",\"inLanguage\":\"de\",\"@id\":\"https:\/\/www.sonnenseite.com\/de\/energie\/wie-viele-windra%cc%88der-braucht-deutschland\/#primaryimage\",\"url\":\"https:\/\/www.sonnenseite.com\/wp-content\/uploads\/2017\/02\/windrder_majaFOTO.jpg\",\"contentUrl\":\"https:\/\/www.sonnenseite.com\/wp-content\/uploads\/2017\/02\/windrder_majaFOTO.jpg\",\"width\":770,\"height\":420,\"caption\":\"Depositphotos | majaFOTO\"},{\"@type\":\"BreadcrumbList\",\"@id\":\"https:\/\/www.sonnenseite.com\/de\/energie\/wie-viele-windra%cc%88der-braucht-deutschland\/#breadcrumb\",\"itemListElement\":[{\"@type\":\"ListItem\",\"position\":1,\"name\":\"Startseite\",\"item\":\"https:\/\/www.sonnenseite.com\/de\/\"},{\"@type\":\"ListItem\",\"position\":2,\"name\":\"Wie viele Windra\u0308der braucht Deutschland?\"}]},{\"@type\":\"WebSite\",\"@id\":\"https:\/\/www.sonnenseite.com\/de\/#website\",\"url\":\"https:\/\/www.sonnenseite.com\/de\/\",\"name\":\"Sonnenseite\",\"description\":\"\u00d6kologische Kommunikation mit Franz Alt\",\"publisher\":{\"@id\":\"https:\/\/www.sonnenseite.com\/de\/#organization\"},\"potentialAction\":[{\"@type\":\"SearchAction\",\"target\":{\"@type\":\"EntryPoint\",\"urlTemplate\":\"https:\/\/www.sonnenseite.com\/de\/?s={search_term_string}\"},\"query-input\":{\"@type\":\"PropertyValueSpecification\",\"valueRequired\":true,\"valueName\":\"search_term_string\"}}],\"inLanguage\":\"de\"},{\"@type\":\"Organization\",\"@id\":\"https:\/\/www.sonnenseite.com\/de\/#organization\",\"name\":\"Sonnenseite\",\"url\":\"https:\/\/www.sonnenseite.com\/de\/\",\"logo\":{\"@type\":\"ImageObject\",\"inLanguage\":\"de\",\"@id\":\"https:\/\/www.sonnenseite.com\/de\/#\/schema\/logo\/image\/\",\"url\":\"https:\/\/www.sonnenseite.com\/wp-content\/uploads\/2020\/05\/Sonnenseite_Logo.png\",\"contentUrl\":\"https:\/\/www.sonnenseite.com\/wp-content\/uploads\/2020\/05\/Sonnenseite_Logo.png\",\"width\":377,\"height\":90,\"caption\":\"Sonnenseite\"},\"image\":{\"@id\":\"https:\/\/www.sonnenseite.com\/de\/#\/schema\/logo\/image\/\"},\"sameAs\":[\"https:\/\/www.facebook.com\/pages\/Franz-Alt-SONNENSEITECOM\/221072987903953?fref=ts\",\"https:\/\/x.com\/franzalt\",\"http:\/\/www.youtube.com\/results?search_query&amp;amp;quot;franz_alt&amp;amp;quot;&amp;amp;amp;amp;search_type&amp;amp;amp;amp;aq=f\"]},{\"@type\":\"Person\",\"@id\":\"https:\/\/www.sonnenseite.com\/de\/#\/schema\/person\/50fda0e926597684c7cc6695238a4eb9\",\"name\":\"Bigi Alt\"}]}<\/script>\n<!-- \/ Yoast SEO plugin. -->","yoast_head_json":{"title":"Wie viele Windra\u0308der braucht Deutschland? - Sonnenseite - \u00d6kologische Kommunikation mit Franz Alt","description":"Neue Kurzanalyse: Wie viele Windr\u00e4der braucht Deutschland f\u00fcr eine Vollversorgung mit 100% Erneuerbaren Energien? Um diese derzeit viel diskutierte Frage","robots":{"index":"index","follow":"follow","max-snippet":"max-snippet:-1","max-image-preview":"max-image-preview:large","max-video-preview":"max-video-preview:-1"},"canonical":"https:\/\/www.sonnenseite.com\/de\/energie\/wie-viele-windra%cc%88der-braucht-deutschland\/","og_locale":"de_DE","og_type":"article","og_title":"Wie viele Windra\u0308der braucht Deutschland? - Sonnenseite - \u00d6kologische Kommunikation mit Franz Alt","og_description":"Neue Kurzanalyse: Wie viele Windr\u00e4der braucht Deutschland f\u00fcr eine Vollversorgung mit 100% Erneuerbaren Energien? Um diese derzeit viel diskutierte Frage","og_url":"https:\/\/www.sonnenseite.com\/de\/energie\/wie-viele-windra%cc%88der-braucht-deutschland\/","og_site_name":"Sonnenseite","article_publisher":"https:\/\/www.facebook.com\/pages\/Franz-Alt-SONNENSEITECOM\/221072987903953?fref=ts","article_published_time":"2022-02-12T03:01:00+00:00","article_modified_time":"2022-02-20T08:50:16+00:00","og_image":[{"width":770,"height":420,"url":"https:\/\/www.sonnenseite.com\/wp-content\/uploads\/2017\/02\/windrder_majaFOTO.jpg","type":"image\/jpeg"}],"author":"Bigi Alt","twitter_card":"summary_large_image","twitter_creator":"@franzalt","twitter_site":"@franzalt","twitter_misc":{"Verfasst von":"Bigi Alt","Gesch\u00e4tzte Lesezeit":"4\u00a0Minuten"},"schema":{"@context":"https:\/\/schema.org","@graph":[{"@type":"Article","@id":"https:\/\/www.sonnenseite.com\/de\/energie\/wie-viele-windra%cc%88der-braucht-deutschland\/#article","isPartOf":{"@id":"https:\/\/www.sonnenseite.com\/de\/energie\/wie-viele-windra%cc%88der-braucht-deutschland\/"},"author":{"name":"Bigi Alt","@id":"https:\/\/www.sonnenseite.com\/de\/#\/schema\/person\/50fda0e926597684c7cc6695238a4eb9"},"headline":"Wie viele Windra\u0308der braucht Deutschland?","datePublished":"2022-02-12T03:01:00+00:00","dateModified":"2022-02-20T08:50:16+00:00","mainEntityOfPage":{"@id":"https:\/\/www.sonnenseite.com\/de\/energie\/wie-viele-windra%cc%88der-braucht-deutschland\/"},"wordCount":763,"publisher":{"@id":"https:\/\/www.sonnenseite.com\/de\/#organization"},"image":{"@id":"https:\/\/www.sonnenseite.com\/de\/energie\/wie-viele-windra%cc%88der-braucht-deutschland\/#primaryimage"},"thumbnailUrl":"https:\/\/www.sonnenseite.com\/wp-content\/uploads\/2017\/02\/windrder_majaFOTO.jpg","articleSection":["Energie"],"inLanguage":"de"},{"@type":"WebPage","@id":"https:\/\/www.sonnenseite.com\/de\/energie\/wie-viele-windra%cc%88der-braucht-deutschland\/","url":"https:\/\/www.sonnenseite.com\/de\/energie\/wie-viele-windra%cc%88der-braucht-deutschland\/","name":"Wie viele Windra\u0308der braucht Deutschland? - Sonnenseite - \u00d6kologische Kommunikation mit Franz Alt","isPartOf":{"@id":"https:\/\/www.sonnenseite.com\/de\/#website"},"primaryImageOfPage":{"@id":"https:\/\/www.sonnenseite.com\/de\/energie\/wie-viele-windra%cc%88der-braucht-deutschland\/#primaryimage"},"image":{"@id":"https:\/\/www.sonnenseite.com\/de\/energie\/wie-viele-windra%cc%88der-braucht-deutschland\/#primaryimage"},"thumbnailUrl":"https:\/\/www.sonnenseite.com\/wp-content\/uploads\/2017\/02\/windrder_majaFOTO.jpg","datePublished":"2022-02-12T03:01:00+00:00","dateModified":"2022-02-20T08:50:16+00:00","description":"Neue Kurzanalyse: Wie viele Windr\u00e4der braucht Deutschland f\u00fcr eine Vollversorgung mit 100% Erneuerbaren Energien? Um diese derzeit viel diskutierte Frage","breadcrumb":{"@id":"https:\/\/www.sonnenseite.com\/de\/energie\/wie-viele-windra%cc%88der-braucht-deutschland\/#breadcrumb"},"inLanguage":"de","potentialAction":[{"@type":"ReadAction","target":["https:\/\/www.sonnenseite.com\/de\/energie\/wie-viele-windra%cc%88der-braucht-deutschland\/"]}]},{"@type":"ImageObject","inLanguage":"de","@id":"https:\/\/www.sonnenseite.com\/de\/energie\/wie-viele-windra%cc%88der-braucht-deutschland\/#primaryimage","url":"https:\/\/www.sonnenseite.com\/wp-content\/uploads\/2017\/02\/windrder_majaFOTO.jpg","contentUrl":"https:\/\/www.sonnenseite.com\/wp-content\/uploads\/2017\/02\/windrder_majaFOTO.jpg","width":770,"height":420,"caption":"Depositphotos | majaFOTO"},{"@type":"BreadcrumbList","@id":"https:\/\/www.sonnenseite.com\/de\/energie\/wie-viele-windra%cc%88der-braucht-deutschland\/#breadcrumb","itemListElement":[{"@type":"ListItem","position":1,"name":"Startseite","item":"https:\/\/www.sonnenseite.com\/de\/"},{"@type":"ListItem","position":2,"name":"Wie viele Windra\u0308der braucht Deutschland?"}]},{"@type":"WebSite","@id":"https:\/\/www.sonnenseite.com\/de\/#website","url":"https:\/\/www.sonnenseite.com\/de\/","name":"Sonnenseite","description":"\u00d6kologische Kommunikation mit Franz Alt","publisher":{"@id":"https:\/\/www.sonnenseite.com\/de\/#organization"},"potentialAction":[{"@type":"SearchAction","target":{"@type":"EntryPoint","urlTemplate":"https:\/\/www.sonnenseite.com\/de\/?s={search_term_string}"},"query-input":{"@type":"PropertyValueSpecification","valueRequired":true,"valueName":"search_term_string"}}],"inLanguage":"de"},{"@type":"Organization","@id":"https:\/\/www.sonnenseite.com\/de\/#organization","name":"Sonnenseite","url":"https:\/\/www.sonnenseite.com\/de\/","logo":{"@type":"ImageObject","inLanguage":"de","@id":"https:\/\/www.sonnenseite.com\/de\/#\/schema\/logo\/image\/","url":"https:\/\/www.sonnenseite.com\/wp-content\/uploads\/2020\/05\/Sonnenseite_Logo.png","contentUrl":"https:\/\/www.sonnenseite.com\/wp-content\/uploads\/2020\/05\/Sonnenseite_Logo.png","width":377,"height":90,"caption":"Sonnenseite"},"image":{"@id":"https:\/\/www.sonnenseite.com\/de\/#\/schema\/logo\/image\/"},"sameAs":["https:\/\/www.facebook.com\/pages\/Franz-Alt-SONNENSEITECOM\/221072987903953?fref=ts","https:\/\/x.com\/franzalt","http:\/\/www.youtube.com\/results?search_query&amp;amp;quot;franz_alt&amp;amp;quot;&amp;amp;amp;amp;search_type&amp;amp;amp;amp;aq=f"]},{"@type":"Person","@id":"https:\/\/www.sonnenseite.com\/de\/#\/schema\/person\/50fda0e926597684c7cc6695238a4eb9","name":"Bigi Alt"}]}},"_links":{"self":[{"href":"https:\/\/www.sonnenseite.com\/de\/wp-json\/wp\/v2\/posts\/79345","targetHints":{"allow":["GET"]}}],"collection":[{"href":"https:\/\/www.sonnenseite.com\/de\/wp-json\/wp\/v2\/posts"}],"about":[{"href":"https:\/\/www.sonnenseite.com\/de\/wp-json\/wp\/v2\/types\/post"}],"author":[{"embeddable":true,"href":"https:\/\/www.sonnenseite.com\/de\/wp-json\/wp\/v2\/users\/3"}],"replies":[{"embeddable":true,"href":"https:\/\/www.sonnenseite.com\/de\/wp-json\/wp\/v2\/comments?post=79345"}],"version-history":[{"count":2,"href":"https:\/\/www.sonnenseite.com\/de\/wp-json\/wp\/v2\/posts\/79345\/revisions"}],"predecessor-version":[{"id":79347,"href":"https:\/\/www.sonnenseite.com\/de\/wp-json\/wp\/v2\/posts\/79345\/revisions\/79347"}],"wp:featuredmedia":[{"embeddable":true,"href":"https:\/\/www.sonnenseite.com\/de\/wp-json\/wp\/v2\/media\/29966"}],"wp:attachment":[{"href":"https:\/\/www.sonnenseite.com\/de\/wp-json\/wp\/v2\/media?parent=79345"}],"wp:term":[{"taxonomy":"category","embeddable":true,"href":"https:\/\/www.sonnenseite.com\/de\/wp-json\/wp\/v2\/categories?post=79345"},{"taxonomy":"post_tag","embeddable":true,"href":"https:\/\/www.sonnenseite.com\/de\/wp-json\/wp\/v2\/tags?post=79345"}],"curies":[{"name":"wp","href":"https:\/\/api.w.org\/{rel}","templated":true}]}}