{"id":79529,"date":"2022-02-18T09:09:00","date_gmt":"2022-02-18T08:09:00","guid":{"rendered":"https:\/\/www.sonnenseite.com\/?p=79529"},"modified":"2022-02-18T12:16:14","modified_gmt":"2022-02-18T11:16:14","slug":"frieden-und-gerechtigkeit-gestalten-nein-zum-krieg-2","status":"publish","type":"post","link":"https:\/\/www.sonnenseite.com\/de\/politik\/frieden-und-gerechtigkeit-gestalten-nein-zum-krieg-2\/","title":{"rendered":"Frieden und Gerechtigkeit gestalten \u2013 NEIN zum Krieg!"},"content":{"rendered":"\n<p>Parallel zur M\u00fcnchner Sicherheitskonferenz beginnt heute die <a href=\"https:\/\/friedenskonferenz.info\/\">20. M\u00fcnchner Friedenskonferenz<\/a> im Alten Rathaussaal.<\/p>\n\n\n\n<figure class=\"wp-block-table\"><table><tbody><tr><td>Zu diesem Anlass ver\u00f6ffentlichten die Veranstalter*innen einen gemeinsamen Appell zur Abschaffung von Atomwaffen, der vom Oberb\u00fcrgermeister von M\u00fcnchen Dieter Reiter unterst\u00fctzt wird. B\u00fcrgermeisterin Katrin Habenschaden wird die zweit\u00e4gige Veranstaltung heute um 19 Uhr er\u00f6ffnen. Unter der Permisse \u201eNie wieder Krieg \u2013 Schluss mit der Kriegstreiberei\u201c widmen sich Expert*innen aus der Friedens- und Umweltbewegung den Zusammenh\u00e4ngen von atomarer Aufr\u00fcstung, Ressourcenknappheit, Umweltschutz und Friedensarbeit.<\/td><\/tr><\/tbody><\/table><\/figure>\n\n\n\n<figure class=\"wp-block-table\"><table><tbody><tr><td>&#8222;Als M\u00fcnchner Oberb\u00fcrgermeister und als Mitglied der Mayors for Peace appelliere ich eindringlich an die Verantwortlichen, alles zu tun, um die generelle und weltweite Abschaffung von Nuklearwaffen zu erreichen. Jeder Einsatz von Atomwaffen, ob vors\u00e4tzlich oder versehentlich, w\u00fcrde katastrophale, weitreichende und langanhaltende Folgen f\u00fcr Mensch und Umwelt nach sich ziehen. Das gilt es unbedingt zu vermeiden!&#8220;, so der Oberb\u00fcrgermeister von M\u00fcnchen Dieter Reiter.<\/td><\/tr><\/tbody><\/table><\/figure>\n\n\n\n<figure class=\"wp-block-table\"><table><tbody><tr><td>Der Ruf der M\u00fcnchner Friedenskonferenz, das milit\u00e4rische Sicherheitsdenken zu \u00fcberwinden und eine gemeinsame Sicherheit durch Interessenausgleich und Kooperation zu bauen, ist mit der aktuellen Ukraine Krise existentiell. \u201eJETZT ist die Stunde der Diplomatie, der hohen Kunst der multilateralen Diplomatie!&#8220; unterstreicht Matthias Platzeck, Vorstandsvorsitzender des Deutsch-Russischen Forums in seinem Gastbeitrag auf der M\u00fcnchner Friedenskonferenz.<\/td><\/tr><\/tbody><\/table><\/figure>\n\n\n\n<figure class=\"wp-block-table\"><table><tbody><tr><td>Die Expert*innen der Friedenskonferenz besch\u00e4ftigen sich am Freitagabend im <em>Internationalen Forum<\/em> mit der nuklearen Abr\u00fcstung und einer neuen Ostpolitik ohne Feindbilder. Am Samstag zeigt der Workshop \u201eZukunftsf\u00e4hige Systeme gestalten\u201c<strong> <\/strong>von Peace for Future neue Wege auf, unsere Welt zukunftsf\u00e4hig und nachhaltig zu gestalten. Eine Expert*innenrunde mit namhaften Pers\u00f6nlichkeiten der Friedens- und Umweltbewegung beleuchtet am Abend die neue Regierungskoalition mit dem Fokus \u201eIst die Ampel friedens- und zukunftsf\u00e4hig?\u201c.<strong> <\/strong>Emily Z. Binding wird f\u00fcr<strong> <\/strong>Fridays for Future M\u00fcnchen auf dem Podium sprechen.<\/td><\/tr><\/tbody><\/table><\/figure>\n\n\n\n<div class=\"wp-block-image\"><figure class=\"alignright size-full is-resized\"><img loading=\"lazy\" decoding=\"async\" src=\"https:\/\/www.sonnenseite.com\/wp-content\/uploads\/2020\/06\/MichailGorbatschow_Appell770.jpg\" alt=\"Beneventro Verlag | Michail Gorbatschow\" class=\"wp-image-59059\" width=\"413\" height=\"225\" srcset=\"https:\/\/www.sonnenseite.com\/wp-content\/uploads\/2020\/06\/MichailGorbatschow_Appell770.jpg 770w, https:\/\/www.sonnenseite.com\/wp-content\/uploads\/2020\/06\/MichailGorbatschow_Appell770-300x164.jpg 300w, https:\/\/www.sonnenseite.com\/wp-content\/uploads\/2020\/06\/MichailGorbatschow_Appell770-768x419.jpg 768w\" sizes=\"auto, (max-width: 413px) 100vw, 413px\" \/><figcaption><a href=\"https:\/\/www.amazon.de\/gp\/product\/3710900166\/ref=as_li_tl?ie=UTF8&amp;camp=1638&amp;creative=6742&amp;creativeASIN=3710900166&amp;linkCode=as2&amp;tag=drfranzaltferns\">\u00a9 Beneventro Verlag | Ein Appell von Michail Gorbatschow an die Welt<\/a><\/figcaption><\/figure><\/div>\n\n\n\n<figure class=\"wp-block-table\"><table><tbody><tr><td>Zeitgleich tagt wenige Meter weiter im Luxushotel Bayerischen Hof die M\u00fcnchner Sicherheitskonferenz (MSC). Ziel der Friedenskonferenz ist es, einen Gegenpol aus der Zivilgesellschaft zum Treffen der Staatschefs und Minister*innen sowie den Vertretungen des Milit\u00e4rs und der R\u00fcstungsindustrie zu schaffen. Die Friedenskonferenz wird organisiert von\u2026 (Name der Organisationen + ggf. Unterst\u00fctzt durch weitere)\u2026<\/td><\/tr><\/tbody><\/table><\/figure>\n\n\n\n<figure class=\"wp-block-table\"><table><tbody><tr><td><em>Den Appell der Umwelt- und Friedensorganisationen zur 20. M\u00fcnchner Friedenskonferenz k\u00f6nnen Sie <a href=\"https:\/\/friedenskonferenz.info?mailpoet_router&amp;endpoint=track&amp;action=click&amp;data=WyIxODkiLCIxNGw4bTJkdmNodXN3Z29rY29vY2c4OGs0NDBrODBndyIsIjY1IiwiMDc5ZmIyY2NlNWY3IixmYWxzZV0\" target=\"_blank\" rel=\"noreferrer noopener\">hier <\/a>nachlesen.<\/em><\/td><\/tr><\/tbody><\/table><\/figure>\n\n\n\n<p>Andreas Zumach &#8222;Russland, die Ukraine und der Westen &#8211; Wege aus der Konfrontation, kurzfristig und auf l\u00e4ngere Sicht&#8220;<\/p>\n\n\n<h5 class=\"green\">Quelle<\/h5>\r\n\n\n\n<p><a href=\"https:\/\/friedenskonferenz.info\/\">Internationale M\u00fcnchner Friedenskonferenz 2022<\/a><\/p>\n<div class=\"shariff shariff-align-flex-start shariff-widget-align-flex-start\"><div class=\"ShariffHeadline\">Diese Meldung teilen<\/div><ul class=\"shariff-buttons theme-round orientation-horizontal buttonsize-medium\"><li class=\"shariff-button facebook shariff-nocustomcolor\" style=\"background-color:#4273c8;border-radius:1%\"><a href=\"https:\/\/www.facebook.com\/sharer\/sharer.php?u=https%3A%2F%2Fwww.sonnenseite.com%2Fde%2Fpolitik%2Ffrieden-und-gerechtigkeit-gestalten-nein-zum-krieg-2%2F\" title=\"Bei Facebook teilen\" aria-label=\"Bei Facebook teilen\" role=\"button\" rel=\"nofollow\" class=\"shariff-link\" style=\";border-radius:1%; background-color:#3b5998; color:#fff\" target=\"_blank\"><span class=\"shariff-icon\" style=\"\"><svg width=\"32px\" height=\"20px\" xmlns=\"http:\/\/www.w3.org\/2000\/svg\" viewBox=\"0 0 18 32\"><path fill=\"#3b5998\" d=\"M17.1 0.2v4.7h-2.8q-1.5 0-2.1 0.6t-0.5 1.9v3.4h5.2l-0.7 5.3h-4.5v13.6h-5.5v-13.6h-4.5v-5.3h4.5v-3.9q0-3.3 1.9-5.2t5-1.8q2.6 0 4.1 0.2z\"\/><\/svg><\/span><\/a><\/li><li class=\"shariff-button twitter shariff-nocustomcolor\" style=\"background-color:#595959;border-radius:1%\"><a href=\"https:\/\/twitter.com\/share?url=https%3A%2F%2Fwww.sonnenseite.com%2Fde%2Fpolitik%2Ffrieden-und-gerechtigkeit-gestalten-nein-zum-krieg-2%2F&text=Frieden%20und%20Gerechtigkeit%20gestalten%20%E2%80%93%20NEIN%20zum%20Krieg%21\" title=\"Bei X teilen\" aria-label=\"Bei X teilen\" role=\"button\" rel=\"noopener nofollow\" class=\"shariff-link\" style=\";border-radius:1%; background-color:#000; color:#fff\" target=\"_blank\"><span class=\"shariff-icon\" style=\"\"><svg width=\"32px\" height=\"20px\" xmlns=\"http:\/\/www.w3.org\/2000\/svg\" viewBox=\"0 0 24 24\"><path fill=\"#000\" d=\"M14.258 10.152L23.176 0h-2.113l-7.747 8.813L7.133 0H0l9.352 13.328L0 23.973h2.113l8.176-9.309 6.531 9.309h7.133zm-2.895 3.293l-.949-1.328L2.875 1.56h3.246l6.086 8.523.945 1.328 7.91 11.078h-3.246zm0 0\"\/><\/svg><\/span><\/a><\/li><li class=\"shariff-button xing shariff-nocustomcolor\" style=\"background-color:#29888a;border-radius:1%\"><a href=\"https:\/\/www.xing.com\/spi\/shares\/new?url=https%3A%2F%2Fwww.sonnenseite.com%2Fde%2Fpolitik%2Ffrieden-und-gerechtigkeit-gestalten-nein-zum-krieg-2%2F\" title=\"Bei XING teilen\" aria-label=\"Bei XING teilen\" role=\"button\" rel=\"noopener nofollow\" class=\"shariff-link\" style=\";border-radius:1%; background-color:#126567; color:#fff\" target=\"_blank\"><span class=\"shariff-icon\" style=\"\"><svg width=\"32px\" height=\"20px\" xmlns=\"http:\/\/www.w3.org\/2000\/svg\" viewBox=\"0 0 25 32\"><path fill=\"#126567\" d=\"M10.7 11.9q-0.2 0.3-4.6 8.2-0.5 0.8-1.2 0.8h-4.3q-0.4 0-0.5-0.3t0-0.6l4.5-8q0 0 0 0l-2.9-5q-0.2-0.4 0-0.7 0.2-0.3 0.5-0.3h4.3q0.7 0 1.2 0.8zM25.1 0.4q0.2 0.3 0 0.7l-9.4 16.7 6 11q0.2 0.4 0 0.6-0.2 0.3-0.6 0.3h-4.3q-0.7 0-1.2-0.8l-6-11.1q0.3-0.6 9.5-16.8 0.4-0.8 1.2-0.8h4.3q0.4 0 0.5 0.3z\"\/><\/svg><\/span><\/a><\/li><li class=\"shariff-button linkedin shariff-nocustomcolor\" style=\"background-color:#1488bf;border-radius:1%\"><a href=\"https:\/\/www.linkedin.com\/sharing\/share-offsite\/?url=https%3A%2F%2Fwww.sonnenseite.com%2Fde%2Fpolitik%2Ffrieden-und-gerechtigkeit-gestalten-nein-zum-krieg-2%2F\" title=\"Bei LinkedIn teilen\" aria-label=\"Bei LinkedIn teilen\" role=\"button\" rel=\"noopener nofollow\" class=\"shariff-link\" style=\";border-radius:1%; background-color:#0077b5; color:#fff\" target=\"_blank\"><span class=\"shariff-icon\" style=\"\"><svg width=\"32px\" height=\"20px\" xmlns=\"http:\/\/www.w3.org\/2000\/svg\" viewBox=\"0 0 27 32\"><path fill=\"#0077b5\" d=\"M6.2 11.2v17.7h-5.9v-17.7h5.9zM6.6 5.7q0 1.3-0.9 2.2t-2.4 0.9h0q-1.5 0-2.4-0.9t-0.9-2.2 0.9-2.2 2.4-0.9 2.4 0.9 0.9 2.2zM27.4 18.7v10.1h-5.9v-9.5q0-1.9-0.7-2.9t-2.3-1.1q-1.1 0-1.9 0.6t-1.2 1.5q-0.2 0.5-0.2 1.4v9.9h-5.9q0-7.1 0-11.6t0-5.3l0-0.9h5.9v2.6h0q0.4-0.6 0.7-1t1-0.9 1.6-0.8 2-0.3q3 0 4.9 2t1.9 6z\"\/><\/svg><\/span><\/a><\/li><li class=\"shariff-button printer shariff-nocustomcolor\" style=\"background-color:#a8a8a8;border-radius:1%\"><a href=\"javascript:window.print()\" title=\"drucken\" aria-label=\"drucken\" role=\"button\" rel=\"noopener nofollow\" class=\"shariff-link\" style=\";border-radius:1%; background-color:#999; color:#fff\"><span class=\"shariff-icon\" style=\"\"><svg width=\"32px\" height=\"20px\" xmlns=\"http:\/\/www.w3.org\/2000\/svg\" viewBox=\"0 0 30 32\"><path fill=\"#999\" d=\"M6.8 27.4h16v-4.6h-16v4.6zM6.8 16h16v-6.8h-2.8q-0.7 0-1.2-0.5t-0.5-1.2v-2.8h-11.4v11.4zM27.4 17.2q0-0.5-0.3-0.8t-0.8-0.4-0.8 0.4-0.3 0.8 0.3 0.8 0.8 0.3 0.8-0.3 0.3-0.8zM29.7 17.2v7.4q0 0.2-0.2 0.4t-0.4 0.2h-4v2.8q0 0.7-0.5 1.2t-1.2 0.5h-17.2q-0.7 0-1.2-0.5t-0.5-1.2v-2.8h-4q-0.2 0-0.4-0.2t-0.2-0.4v-7.4q0-1.4 1-2.4t2.4-1h1.2v-9.7q0-0.7 0.5-1.2t1.2-0.5h12q0.7 0 1.6 0.4t1.3 0.8l2.7 2.7q0.5 0.5 0.9 1.4t0.4 1.6v4.6h1.1q1.4 0 2.4 1t1 2.4z\"\/><\/svg><\/span><\/a><\/li><li class=\"shariff-button mailto shariff-nocustomcolor\" style=\"background-color:#a8a8a8;border-radius:1%\"><a href=\"mailto:?body=https%3A%2F%2Fwww.sonnenseite.com%2Fde%2Fpolitik%2Ffrieden-und-gerechtigkeit-gestalten-nein-zum-krieg-2%2F&subject=Frieden%20und%20Gerechtigkeit%20gestalten%20%E2%80%93%20NEIN%20zum%20Krieg%21\" title=\"Per E-Mail versenden\" aria-label=\"Per E-Mail versenden\" role=\"button\" rel=\"noopener nofollow\" class=\"shariff-link\" style=\";border-radius:1%; background-color:#999; color:#fff\"><span class=\"shariff-icon\" style=\"\"><svg width=\"32px\" height=\"20px\" xmlns=\"http:\/\/www.w3.org\/2000\/svg\" viewBox=\"0 0 32 32\"><path fill=\"#999\" d=\"M32 12.7v14.2q0 1.2-0.8 2t-2 0.9h-26.3q-1.2 0-2-0.9t-0.8-2v-14.2q0.8 0.9 1.8 1.6 6.5 4.4 8.9 6.1 1 0.8 1.6 1.2t1.7 0.9 2 0.4h0.1q0.9 0 2-0.4t1.7-0.9 1.6-1.2q3-2.2 8.9-6.1 1-0.7 1.8-1.6zM32 7.4q0 1.4-0.9 2.7t-2.2 2.2q-6.7 4.7-8.4 5.8-0.2 0.1-0.7 0.5t-1 0.7-0.9 0.6-1.1 0.5-0.9 0.2h-0.1q-0.4 0-0.9-0.2t-1.1-0.5-0.9-0.6-1-0.7-0.7-0.5q-1.6-1.1-4.7-3.2t-3.6-2.6q-1.1-0.7-2.1-2t-1-2.5q0-1.4 0.7-2.3t2.1-0.9h26.3q1.2 0 2 0.8t0.9 2z\"\/><\/svg><\/span><\/a><\/li><\/ul><\/div>","protected":false},"excerpt":{"rendered":"<p>Parallel zur M\u00fcnchner Sicherheitskonferenz beginnt heute die 20. M\u00fcnchner Friedenskonferenz im Alten Rathaussaal. Zu diesem Anlass [&hellip;]<\/p>\n","protected":false},"author":3,"featured_media":79533,"comment_status":"closed","ping_status":"closed","sticky":false,"template":"","format":"standard","meta":{"inline_featured_image":false,"footnotes":""},"categories":[21],"tags":[],"class_list":["post-79529","post","type-post","status-publish","format-standard","has-post-thumbnail","hentry","category-politik"],"yoast_head":"<!-- This site is optimized with the Yoast SEO plugin v26.5 - https:\/\/yoast.com\/wordpress\/plugins\/seo\/ -->\n<title>Frieden und Gerechtigkeit gestalten \u2013 NEIN zum Krieg! - Sonnenseite - \u00d6kologische Kommunikation mit Franz Alt<\/title>\n<meta name=\"description\" content=\"Parallel zur M\u00fcnchner Sicherheitskonferenz beginnt heute die 20. M\u00fcnchner Friedenskonferenz im Alten Rathaussaal. Zu diesem Anlass ver\u00f6ffentlichten die\" \/>\n<meta name=\"robots\" content=\"index, follow, max-snippet:-1, max-image-preview:large, max-video-preview:-1\" \/>\n<link rel=\"canonical\" href=\"https:\/\/www.sonnenseite.com\/de\/politik\/frieden-und-gerechtigkeit-gestalten-nein-zum-krieg-2\/\" \/>\n<meta property=\"og:locale\" content=\"de_DE\" \/>\n<meta property=\"og:type\" content=\"article\" \/>\n<meta property=\"og:title\" content=\"Frieden und Gerechtigkeit gestalten \u2013 NEIN zum Krieg! - Sonnenseite - \u00d6kologische Kommunikation mit Franz Alt\" \/>\n<meta property=\"og:description\" content=\"Parallel zur M\u00fcnchner Sicherheitskonferenz beginnt heute die 20. M\u00fcnchner Friedenskonferenz im Alten Rathaussaal. Zu diesem Anlass ver\u00f6ffentlichten die\" \/>\n<meta property=\"og:url\" content=\"https:\/\/www.sonnenseite.com\/de\/politik\/frieden-und-gerechtigkeit-gestalten-nein-zum-krieg-2\/\" \/>\n<meta property=\"og:site_name\" content=\"Sonnenseite\" \/>\n<meta property=\"article:publisher\" content=\"https:\/\/www.facebook.com\/pages\/Franz-Alt-SONNENSEITECOM\/221072987903953?fref=ts\" \/>\n<meta property=\"article:published_time\" content=\"2022-02-18T08:09:00+00:00\" \/>\n<meta property=\"article:modified_time\" content=\"2022-02-18T11:16:14+00:00\" \/>\n<meta property=\"og:image\" content=\"https:\/\/www.sonnenseite.com\/wp-content\/uploads\/2022\/02\/Internationale-Muenchner-Friedenskonferenz.jpg\" \/>\n\t<meta property=\"og:image:width\" content=\"770\" \/>\n\t<meta property=\"og:image:height\" content=\"420\" \/>\n\t<meta property=\"og:image:type\" content=\"image\/jpeg\" \/>\n<meta name=\"author\" content=\"Bigi Alt\" \/>\n<meta name=\"twitter:card\" content=\"summary_large_image\" \/>\n<meta name=\"twitter:creator\" content=\"@franzalt\" \/>\n<meta name=\"twitter:site\" content=\"@franzalt\" \/>\n<meta name=\"twitter:label1\" content=\"Verfasst von\" \/>\n\t<meta name=\"twitter:data1\" content=\"Bigi Alt\" \/>\n\t<meta name=\"twitter:label2\" content=\"Gesch\u00e4tzte Lesezeit\" \/>\n\t<meta name=\"twitter:data2\" content=\"3\u00a0Minuten\" \/>\n<script type=\"application\/ld+json\" class=\"yoast-schema-graph\">{\"@context\":\"https:\/\/schema.org\",\"@graph\":[{\"@type\":\"Article\",\"@id\":\"https:\/\/www.sonnenseite.com\/de\/politik\/frieden-und-gerechtigkeit-gestalten-nein-zum-krieg-2\/#article\",\"isPartOf\":{\"@id\":\"https:\/\/www.sonnenseite.com\/de\/politik\/frieden-und-gerechtigkeit-gestalten-nein-zum-krieg-2\/\"},\"author\":{\"name\":\"Bigi Alt\",\"@id\":\"https:\/\/www.sonnenseite.com\/de\/#\/schema\/person\/50fda0e926597684c7cc6695238a4eb9\"},\"headline\":\"Frieden und Gerechtigkeit gestalten \u2013 NEIN zum Krieg!\",\"datePublished\":\"2022-02-18T08:09:00+00:00\",\"dateModified\":\"2022-02-18T11:16:14+00:00\",\"mainEntityOfPage\":{\"@id\":\"https:\/\/www.sonnenseite.com\/de\/politik\/frieden-und-gerechtigkeit-gestalten-nein-zum-krieg-2\/\"},\"wordCount\":412,\"publisher\":{\"@id\":\"https:\/\/www.sonnenseite.com\/de\/#organization\"},\"image\":{\"@id\":\"https:\/\/www.sonnenseite.com\/de\/politik\/frieden-und-gerechtigkeit-gestalten-nein-zum-krieg-2\/#primaryimage\"},\"thumbnailUrl\":\"https:\/\/www.sonnenseite.com\/wp-content\/uploads\/2022\/02\/Internationale-Muenchner-Friedenskonferenz.jpg\",\"articleSection\":[\"Politik\"],\"inLanguage\":\"de\"},{\"@type\":\"WebPage\",\"@id\":\"https:\/\/www.sonnenseite.com\/de\/politik\/frieden-und-gerechtigkeit-gestalten-nein-zum-krieg-2\/\",\"url\":\"https:\/\/www.sonnenseite.com\/de\/politik\/frieden-und-gerechtigkeit-gestalten-nein-zum-krieg-2\/\",\"name\":\"Frieden und Gerechtigkeit gestalten \u2013 NEIN zum Krieg! - Sonnenseite - \u00d6kologische Kommunikation mit Franz Alt\",\"isPartOf\":{\"@id\":\"https:\/\/www.sonnenseite.com\/de\/#website\"},\"primaryImageOfPage\":{\"@id\":\"https:\/\/www.sonnenseite.com\/de\/politik\/frieden-und-gerechtigkeit-gestalten-nein-zum-krieg-2\/#primaryimage\"},\"image\":{\"@id\":\"https:\/\/www.sonnenseite.com\/de\/politik\/frieden-und-gerechtigkeit-gestalten-nein-zum-krieg-2\/#primaryimage\"},\"thumbnailUrl\":\"https:\/\/www.sonnenseite.com\/wp-content\/uploads\/2022\/02\/Internationale-Muenchner-Friedenskonferenz.jpg\",\"datePublished\":\"2022-02-18T08:09:00+00:00\",\"dateModified\":\"2022-02-18T11:16:14+00:00\",\"description\":\"Parallel zur M\u00fcnchner Sicherheitskonferenz beginnt heute die 20. M\u00fcnchner Friedenskonferenz im Alten Rathaussaal. Zu diesem Anlass ver\u00f6ffentlichten die\",\"breadcrumb\":{\"@id\":\"https:\/\/www.sonnenseite.com\/de\/politik\/frieden-und-gerechtigkeit-gestalten-nein-zum-krieg-2\/#breadcrumb\"},\"inLanguage\":\"de\",\"potentialAction\":[{\"@type\":\"ReadAction\",\"target\":[\"https:\/\/www.sonnenseite.com\/de\/politik\/frieden-und-gerechtigkeit-gestalten-nein-zum-krieg-2\/\"]}]},{\"@type\":\"ImageObject\",\"inLanguage\":\"de\",\"@id\":\"https:\/\/www.sonnenseite.com\/de\/politik\/frieden-und-gerechtigkeit-gestalten-nein-zum-krieg-2\/#primaryimage\",\"url\":\"https:\/\/www.sonnenseite.com\/wp-content\/uploads\/2022\/02\/Internationale-Muenchner-Friedenskonferenz.jpg\",\"contentUrl\":\"https:\/\/www.sonnenseite.com\/wp-content\/uploads\/2022\/02\/Internationale-Muenchner-Friedenskonferenz.jpg\",\"width\":770,\"height\":420,\"caption\":\"friedenskonferenz.info\"},{\"@type\":\"BreadcrumbList\",\"@id\":\"https:\/\/www.sonnenseite.com\/de\/politik\/frieden-und-gerechtigkeit-gestalten-nein-zum-krieg-2\/#breadcrumb\",\"itemListElement\":[{\"@type\":\"ListItem\",\"position\":1,\"name\":\"Startseite\",\"item\":\"https:\/\/www.sonnenseite.com\/de\/\"},{\"@type\":\"ListItem\",\"position\":2,\"name\":\"Frieden und Gerechtigkeit gestalten \u2013 NEIN zum Krieg!\"}]},{\"@type\":\"WebSite\",\"@id\":\"https:\/\/www.sonnenseite.com\/de\/#website\",\"url\":\"https:\/\/www.sonnenseite.com\/de\/\",\"name\":\"Sonnenseite\",\"description\":\"\u00d6kologische Kommunikation mit Franz Alt\",\"publisher\":{\"@id\":\"https:\/\/www.sonnenseite.com\/de\/#organization\"},\"potentialAction\":[{\"@type\":\"SearchAction\",\"target\":{\"@type\":\"EntryPoint\",\"urlTemplate\":\"https:\/\/www.sonnenseite.com\/de\/?s={search_term_string}\"},\"query-input\":{\"@type\":\"PropertyValueSpecification\",\"valueRequired\":true,\"valueName\":\"search_term_string\"}}],\"inLanguage\":\"de\"},{\"@type\":\"Organization\",\"@id\":\"https:\/\/www.sonnenseite.com\/de\/#organization\",\"name\":\"Sonnenseite\",\"url\":\"https:\/\/www.sonnenseite.com\/de\/\",\"logo\":{\"@type\":\"ImageObject\",\"inLanguage\":\"de\",\"@id\":\"https:\/\/www.sonnenseite.com\/de\/#\/schema\/logo\/image\/\",\"url\":\"https:\/\/www.sonnenseite.com\/wp-content\/uploads\/2020\/05\/Sonnenseite_Logo.png\",\"contentUrl\":\"https:\/\/www.sonnenseite.com\/wp-content\/uploads\/2020\/05\/Sonnenseite_Logo.png\",\"width\":377,\"height\":90,\"caption\":\"Sonnenseite\"},\"image\":{\"@id\":\"https:\/\/www.sonnenseite.com\/de\/#\/schema\/logo\/image\/\"},\"sameAs\":[\"https:\/\/www.facebook.com\/pages\/Franz-Alt-SONNENSEITECOM\/221072987903953?fref=ts\",\"https:\/\/x.com\/franzalt\",\"http:\/\/www.youtube.com\/results?search_query&amp;amp;quot;franz_alt&amp;amp;quot;&amp;amp;amp;amp;search_type&amp;amp;amp;amp;aq=f\"]},{\"@type\":\"Person\",\"@id\":\"https:\/\/www.sonnenseite.com\/de\/#\/schema\/person\/50fda0e926597684c7cc6695238a4eb9\",\"name\":\"Bigi Alt\"}]}<\/script>\n<!-- \/ Yoast SEO plugin. -->","yoast_head_json":{"title":"Frieden und Gerechtigkeit gestalten \u2013 NEIN zum Krieg! - Sonnenseite - \u00d6kologische Kommunikation mit Franz Alt","description":"Parallel zur M\u00fcnchner Sicherheitskonferenz beginnt heute die 20. M\u00fcnchner Friedenskonferenz im Alten Rathaussaal. Zu diesem Anlass ver\u00f6ffentlichten die","robots":{"index":"index","follow":"follow","max-snippet":"max-snippet:-1","max-image-preview":"max-image-preview:large","max-video-preview":"max-video-preview:-1"},"canonical":"https:\/\/www.sonnenseite.com\/de\/politik\/frieden-und-gerechtigkeit-gestalten-nein-zum-krieg-2\/","og_locale":"de_DE","og_type":"article","og_title":"Frieden und Gerechtigkeit gestalten \u2013 NEIN zum Krieg! - Sonnenseite - \u00d6kologische Kommunikation mit Franz Alt","og_description":"Parallel zur M\u00fcnchner Sicherheitskonferenz beginnt heute die 20. M\u00fcnchner Friedenskonferenz im Alten Rathaussaal. Zu diesem Anlass ver\u00f6ffentlichten die","og_url":"https:\/\/www.sonnenseite.com\/de\/politik\/frieden-und-gerechtigkeit-gestalten-nein-zum-krieg-2\/","og_site_name":"Sonnenseite","article_publisher":"https:\/\/www.facebook.com\/pages\/Franz-Alt-SONNENSEITECOM\/221072987903953?fref=ts","article_published_time":"2022-02-18T08:09:00+00:00","article_modified_time":"2022-02-18T11:16:14+00:00","og_image":[{"width":770,"height":420,"url":"https:\/\/www.sonnenseite.com\/wp-content\/uploads\/2022\/02\/Internationale-Muenchner-Friedenskonferenz.jpg","type":"image\/jpeg"}],"author":"Bigi Alt","twitter_card":"summary_large_image","twitter_creator":"@franzalt","twitter_site":"@franzalt","twitter_misc":{"Verfasst von":"Bigi Alt","Gesch\u00e4tzte Lesezeit":"3\u00a0Minuten"},"schema":{"@context":"https:\/\/schema.org","@graph":[{"@type":"Article","@id":"https:\/\/www.sonnenseite.com\/de\/politik\/frieden-und-gerechtigkeit-gestalten-nein-zum-krieg-2\/#article","isPartOf":{"@id":"https:\/\/www.sonnenseite.com\/de\/politik\/frieden-und-gerechtigkeit-gestalten-nein-zum-krieg-2\/"},"author":{"name":"Bigi Alt","@id":"https:\/\/www.sonnenseite.com\/de\/#\/schema\/person\/50fda0e926597684c7cc6695238a4eb9"},"headline":"Frieden und Gerechtigkeit gestalten \u2013 NEIN zum Krieg!","datePublished":"2022-02-18T08:09:00+00:00","dateModified":"2022-02-18T11:16:14+00:00","mainEntityOfPage":{"@id":"https:\/\/www.sonnenseite.com\/de\/politik\/frieden-und-gerechtigkeit-gestalten-nein-zum-krieg-2\/"},"wordCount":412,"publisher":{"@id":"https:\/\/www.sonnenseite.com\/de\/#organization"},"image":{"@id":"https:\/\/www.sonnenseite.com\/de\/politik\/frieden-und-gerechtigkeit-gestalten-nein-zum-krieg-2\/#primaryimage"},"thumbnailUrl":"https:\/\/www.sonnenseite.com\/wp-content\/uploads\/2022\/02\/Internationale-Muenchner-Friedenskonferenz.jpg","articleSection":["Politik"],"inLanguage":"de"},{"@type":"WebPage","@id":"https:\/\/www.sonnenseite.com\/de\/politik\/frieden-und-gerechtigkeit-gestalten-nein-zum-krieg-2\/","url":"https:\/\/www.sonnenseite.com\/de\/politik\/frieden-und-gerechtigkeit-gestalten-nein-zum-krieg-2\/","name":"Frieden und Gerechtigkeit gestalten \u2013 NEIN zum Krieg! - Sonnenseite - \u00d6kologische Kommunikation mit Franz Alt","isPartOf":{"@id":"https:\/\/www.sonnenseite.com\/de\/#website"},"primaryImageOfPage":{"@id":"https:\/\/www.sonnenseite.com\/de\/politik\/frieden-und-gerechtigkeit-gestalten-nein-zum-krieg-2\/#primaryimage"},"image":{"@id":"https:\/\/www.sonnenseite.com\/de\/politik\/frieden-und-gerechtigkeit-gestalten-nein-zum-krieg-2\/#primaryimage"},"thumbnailUrl":"https:\/\/www.sonnenseite.com\/wp-content\/uploads\/2022\/02\/Internationale-Muenchner-Friedenskonferenz.jpg","datePublished":"2022-02-18T08:09:00+00:00","dateModified":"2022-02-18T11:16:14+00:00","description":"Parallel zur M\u00fcnchner Sicherheitskonferenz beginnt heute die 20. M\u00fcnchner Friedenskonferenz im Alten Rathaussaal. Zu diesem Anlass ver\u00f6ffentlichten die","breadcrumb":{"@id":"https:\/\/www.sonnenseite.com\/de\/politik\/frieden-und-gerechtigkeit-gestalten-nein-zum-krieg-2\/#breadcrumb"},"inLanguage":"de","potentialAction":[{"@type":"ReadAction","target":["https:\/\/www.sonnenseite.com\/de\/politik\/frieden-und-gerechtigkeit-gestalten-nein-zum-krieg-2\/"]}]},{"@type":"ImageObject","inLanguage":"de","@id":"https:\/\/www.sonnenseite.com\/de\/politik\/frieden-und-gerechtigkeit-gestalten-nein-zum-krieg-2\/#primaryimage","url":"https:\/\/www.sonnenseite.com\/wp-content\/uploads\/2022\/02\/Internationale-Muenchner-Friedenskonferenz.jpg","contentUrl":"https:\/\/www.sonnenseite.com\/wp-content\/uploads\/2022\/02\/Internationale-Muenchner-Friedenskonferenz.jpg","width":770,"height":420,"caption":"friedenskonferenz.info"},{"@type":"BreadcrumbList","@id":"https:\/\/www.sonnenseite.com\/de\/politik\/frieden-und-gerechtigkeit-gestalten-nein-zum-krieg-2\/#breadcrumb","itemListElement":[{"@type":"ListItem","position":1,"name":"Startseite","item":"https:\/\/www.sonnenseite.com\/de\/"},{"@type":"ListItem","position":2,"name":"Frieden und Gerechtigkeit gestalten \u2013 NEIN zum Krieg!"}]},{"@type":"WebSite","@id":"https:\/\/www.sonnenseite.com\/de\/#website","url":"https:\/\/www.sonnenseite.com\/de\/","name":"Sonnenseite","description":"\u00d6kologische Kommunikation mit Franz Alt","publisher":{"@id":"https:\/\/www.sonnenseite.com\/de\/#organization"},"potentialAction":[{"@type":"SearchAction","target":{"@type":"EntryPoint","urlTemplate":"https:\/\/www.sonnenseite.com\/de\/?s={search_term_string}"},"query-input":{"@type":"PropertyValueSpecification","valueRequired":true,"valueName":"search_term_string"}}],"inLanguage":"de"},{"@type":"Organization","@id":"https:\/\/www.sonnenseite.com\/de\/#organization","name":"Sonnenseite","url":"https:\/\/www.sonnenseite.com\/de\/","logo":{"@type":"ImageObject","inLanguage":"de","@id":"https:\/\/www.sonnenseite.com\/de\/#\/schema\/logo\/image\/","url":"https:\/\/www.sonnenseite.com\/wp-content\/uploads\/2020\/05\/Sonnenseite_Logo.png","contentUrl":"https:\/\/www.sonnenseite.com\/wp-content\/uploads\/2020\/05\/Sonnenseite_Logo.png","width":377,"height":90,"caption":"Sonnenseite"},"image":{"@id":"https:\/\/www.sonnenseite.com\/de\/#\/schema\/logo\/image\/"},"sameAs":["https:\/\/www.facebook.com\/pages\/Franz-Alt-SONNENSEITECOM\/221072987903953?fref=ts","https:\/\/x.com\/franzalt","http:\/\/www.youtube.com\/results?search_query&amp;amp;quot;franz_alt&amp;amp;quot;&amp;amp;amp;amp;search_type&amp;amp;amp;amp;aq=f"]},{"@type":"Person","@id":"https:\/\/www.sonnenseite.com\/de\/#\/schema\/person\/50fda0e926597684c7cc6695238a4eb9","name":"Bigi Alt"}]}},"_links":{"self":[{"href":"https:\/\/www.sonnenseite.com\/de\/wp-json\/wp\/v2\/posts\/79529","targetHints":{"allow":["GET"]}}],"collection":[{"href":"https:\/\/www.sonnenseite.com\/de\/wp-json\/wp\/v2\/posts"}],"about":[{"href":"https:\/\/www.sonnenseite.com\/de\/wp-json\/wp\/v2\/types\/post"}],"author":[{"embeddable":true,"href":"https:\/\/www.sonnenseite.com\/de\/wp-json\/wp\/v2\/users\/3"}],"replies":[{"embeddable":true,"href":"https:\/\/www.sonnenseite.com\/de\/wp-json\/wp\/v2\/comments?post=79529"}],"version-history":[{"count":5,"href":"https:\/\/www.sonnenseite.com\/de\/wp-json\/wp\/v2\/posts\/79529\/revisions"}],"predecessor-version":[{"id":79537,"href":"https:\/\/www.sonnenseite.com\/de\/wp-json\/wp\/v2\/posts\/79529\/revisions\/79537"}],"wp:featuredmedia":[{"embeddable":true,"href":"https:\/\/www.sonnenseite.com\/de\/wp-json\/wp\/v2\/media\/79533"}],"wp:attachment":[{"href":"https:\/\/www.sonnenseite.com\/de\/wp-json\/wp\/v2\/media?parent=79529"}],"wp:term":[{"taxonomy":"category","embeddable":true,"href":"https:\/\/www.sonnenseite.com\/de\/wp-json\/wp\/v2\/categories?post=79529"},{"taxonomy":"post_tag","embeddable":true,"href":"https:\/\/www.sonnenseite.com\/de\/wp-json\/wp\/v2\/tags?post=79529"}],"curies":[{"name":"wp","href":"https:\/\/api.w.org\/{rel}","templated":true}]}}