{"id":79651,"date":"2022-02-23T03:12:00","date_gmt":"2022-02-23T02:12:00","guid":{"rendered":"https:\/\/www.sonnenseite.com\/?p=79651"},"modified":"2022-02-22T10:16:42","modified_gmt":"2022-02-22T09:16:42","slug":"sorge-um-den-deutschen-wald","status":"publish","type":"post","link":"https:\/\/www.sonnenseite.com\/de\/umwelt\/sorge-um-den-deutschen-wald\/","title":{"rendered":"Sor\u00adge um den deut\u00adschen Wald"},"content":{"rendered":"\n<p>Baumverluste erheblich h\u00f6her als angenommen<\/p>\n\n\n\n<p>Gesunde B\u00e4ume tragen eine satte dichte Krone. Beim Spazierengehen durch den Wald f\u00e4llt jedoch auf, dass die gr\u00fcnen D\u00e4cher insgesamt recht licht sind. In den letzten Jahren zeigen sich auch vermehrt kahlgeschlagene Fl\u00e4chen. W\u00e4lder sind unsere gr\u00fcne Lunge, bilden Lebenraum f\u00fcr eine reiche Tier- und Pflanzenwelt, liefern Nutzholz und sch\u00fctzen vor \u00dcberflutungen und Hangrutschungen. Wie gro\u00df ist also der Verlust durch abgestorbene und entnommene B\u00e4ume? <a href=\"https:\/\/www.dlr.de\/content\/de\/artikel\/news\/2022\/01\/20220221_sorge-um-den-deutschen-wald.html?s=09\" target=\"_blank\" rel=\"noreferrer noopener\">DLR-Forscher<\/a> des <a href=\"http:\/\/www.dlr.de\/eoc\/\">Earth Observation Center (EOC)<\/a> in Oberpfaffenhofen machten mit den Erdbeobachtungs-Satelliten Sentinel-2 und Landsat-8 erstmals das Ausma\u00df der Sch\u00e4den sichtbar: Nadelw\u00e4lder in der Mitte Deutschlands sind am st\u00e4rksten betroffen. Die Satelliten k\u00f6nnen Baumverluste fl\u00e4chendeckend im Monatsrhythmus erfassen.<\/p>\n\n\n\n<p>Forschende des Deutschen Zentrums f\u00fcr Luft- und Raumfahrt (DLR) machten zum ersten Mal deutschlandweit sichtbar, wie viel Baumbestand verloren gegangen ist. Die Ergebnisse sind alarmierend: Von Januar 2018 bis einschlie\u00dflich April 2021 wurden in Deutschland auf rund 501.000 Hektar Fl\u00e4che Baumverluste verzeichnet. Der Verlust entspricht fast f\u00fcnf Prozent der gesamten Waldfl\u00e4che und ist damit erheblich h\u00f6her als bisher angenommen. Als Ausl\u00f6ser gelten vor allem die ungew\u00f6hnlich starken Hitze- und D\u00fcrreperioden in diesen Jahren, die wiederum den Befall durch Schadinsekten beg\u00fcnstigt haben.<\/p>\n\n\n\n<h5 class=\"wp-block-heading\" id=\"unterstutzung-aus-dem-all\">Unterst\u00fctzung aus dem All<\/h5>\n\n\n\n<p>F\u00fcr Forstwirtschaftende sind umfassende Waldinformationen wichtig, um Baumarten zu kartieren, Schadursachen zu differenzieren oder negative Entwicklungen durch Fr\u00fcherkennung zu verhindern. Erdbeobachtungssatelliten bieten die daf\u00fcr notwendige r\u00e4umliche und zeitliche Aufl\u00f6sung. Das Potenzial von Satellitenaufnahmen wird von den Beh\u00f6rden aber noch nicht voll ausgesch\u00f6pft. Die DLR-Forschungsgruppe des <a href=\"http:\/\/www.dlr.de\/eoc\/\">Earth Observation Center (EOC)<\/a> brachte hier ihre Expertise ein. Um den Baumverlust genau zu beziffern, nutzten sie den Satelliten Sentinel-2 des europ\u00e4ischen Erdbeobachtungsprogramms Copernicus sowie den US-amerikanischen Satelliten Landsat-8 als Datenquelle.<\/p>\n\n\n\n<p>Die gegenw\u00e4rtig verf\u00fcgbaren Satellitendaten sind in der Lage, gro\u00dffl\u00e4chige Verluste im Oberstand von W\u00e4ldern genau zu erfassen. Die Aufnahmen machen auch drastische Sch\u00e4den wie zum Beispiel komplett abgestorbene Best\u00e4nde sehr gut sichtbar. Ein weiterer Vorteil liegt in der H\u00e4ufigkeit der Aktualisierungen. Die Satelliten k\u00f6nnen Daten in hoher zeitlicher Dichte liefern.<\/p>\n\n\n\n<div class=\"wp-block-image\"><figure class=\"aligncenter size-full is-resized\"><img loading=\"lazy\" decoding=\"async\" src=\"https:\/\/www.sonnenseite.com\/wp-content\/uploads\/2022\/02\/Wald_Borkenkaefer_Ulrich-Rueger.jpg\" alt=\"pixabay.com | Ulrich-Rueger | Wald Borkenk\u00e4fer\" class=\"wp-image-79663\" width=\"578\" height=\"315\" srcset=\"https:\/\/www.sonnenseite.com\/wp-content\/uploads\/2022\/02\/Wald_Borkenkaefer_Ulrich-Rueger.jpg 770w, https:\/\/www.sonnenseite.com\/wp-content\/uploads\/2022\/02\/Wald_Borkenkaefer_Ulrich-Rueger-300x164.jpg 300w, https:\/\/www.sonnenseite.com\/wp-content\/uploads\/2022\/02\/Wald_Borkenkaefer_Ulrich-Rueger-768x419.jpg 768w\" sizes=\"auto, (max-width: 578px) 100vw, 578px\" \/><figcaption>\u00a9 pixabay.com | Ulrich-Rueger | Wald Borkenk\u00e4fer<\/figcaption><\/figure><\/div>\n\n\n\n<p>Der Blick aus dem All zeigt, dass \u00fcberwiegend die Mitte Deutschlands mit ihren Nadelw\u00e4ldern betroffen ist \u2013 von der Eifel, \u00fcber Sauerland, Harz und Th\u00fcringer Wald, bis in die S\u00e4chsische Schweiz. Allein Nordrhein-Westfalen verlor innerhalb von drei Jahren mehr als ein Viertel seiner Fichtenw\u00e4lder, in einigen Landkreisen waren es sogar mehr als zwei Drittel. Die B\u00e4ume starben ab oder fielen gro\u00dffl\u00e4chigen Notf\u00e4llungen zum Opfer. Kahlschl\u00e4ge sind oft die letzte Ma\u00dfnahme bei massivem Sch\u00e4dlingsbefall, um \u2013 im Fall von Fichten \u2013 dem Borkenk\u00e4fer die Nahrung zu entziehen und dadurch seine weitere Ausbreitung zu verhindern.<\/p>\n\n\n\n<p>Forschende des Deutschen Zentrums f\u00fcr Luft- und Raumfahrt (DLR) machten zum ersten Mal deutschlandweit sichtbar, wie viel Baumbestand verloren gegangen ist. Die Ergebnisse sind alarmierend: Von Januar 2018 bis einschlie\u00dflich April 2021 wurden in Deutschland auf rund 501.000 Hektar Fl\u00e4che Baumverluste verzeichnet. Der Verlust entspricht fast f\u00fcnf Prozent der gesamten Waldfl\u00e4che und ist damit erheblich h\u00f6her als bisher angenommen. Als Ausl\u00f6ser gelten vor allem die ungew\u00f6hnlich starken Hitze- und D\u00fcrreperioden in diesen Jahren, die wiederum den Befall durch Schadinsekten beg\u00fcnstigt haben.<\/p>\n\n\n\n<h5 class=\"wp-block-heading\" id=\"unterstutzung-aus-dem-all-1\">Unterst\u00fctzung aus dem All<\/h5>\n\n\n\n<p>F\u00fcr Forstwirtschaftende sind umfassende Waldinformationen wichtig, um Baumarten zu kartieren, Schadursachen zu differenzieren oder negative Entwicklungen durch Fr\u00fcherkennung zu verhindern. Erdbeobachtungssatelliten bieten die daf\u00fcr notwendige r\u00e4umliche und zeitliche Aufl\u00f6sung. Das Potenzial von Satellitenaufnahmen wird von den Beh\u00f6rden aber noch nicht voll ausgesch\u00f6pft. Die DLR-Forschungsgruppe des <a href=\"http:\/\/www.dlr.de\/eoc\/\">Earth Observation Center (EOC)<\/a> brachte hier ihre Expertise ein. Um den Baumverlust genau zu beziffern, nutzten sie den Satelliten Sentinel-2 des europ\u00e4ischen Erdbeobachtungsprogramms Copernicus sowie den US-amerikanischen Satelliten Landsat-8 als Datenquelle.<\/p>\n\n\n\n<p>Die gegenw\u00e4rtig verf\u00fcgbaren Satellitendaten sind in der Lage, gro\u00dffl\u00e4chige Verluste im Oberstand von W\u00e4ldern genau zu erfassen. Die Aufnahmen machen auch drastische Sch\u00e4den wie zum Beispiel komplett abgestorbene Best\u00e4nde sehr gut sichtbar. Ein weiterer Vorteil liegt in der H\u00e4ufigkeit der Aktualisierungen. Die Satelliten k\u00f6nnen Daten in hoher zeitlicher Dichte liefern.<\/p>\n\n\n\n<div class=\"wp-block-image\"><figure class=\"alignright size-full is-resized\"><img loading=\"lazy\" decoding=\"async\" src=\"https:\/\/www.sonnenseite.com\/wp-content\/uploads\/2022\/02\/Borkenkaefer01_DavidHabluetzel.jpg\" alt=\"\" class=\"wp-image-79657\" width=\"398\" height=\"217\" srcset=\"https:\/\/www.sonnenseite.com\/wp-content\/uploads\/2022\/02\/Borkenkaefer01_DavidHabluetzel.jpg 770w, https:\/\/www.sonnenseite.com\/wp-content\/uploads\/2022\/02\/Borkenkaefer01_DavidHabluetzel-300x164.jpg 300w, https:\/\/www.sonnenseite.com\/wp-content\/uploads\/2022\/02\/Borkenkaefer01_DavidHabluetzel-768x419.jpg 768w\" sizes=\"auto, (max-width: 398px) 100vw, 398px\" \/><figcaption>\u00a9 pixabay.com | David Habl\u00fctzel | Borkenk\u00e4fer<\/figcaption><\/figure><\/div>\n\n\n\n<p>Der Blick aus dem All zeigt, dass \u00fcberwiegend die Mitte Deutschlands mit ihren Nadelw\u00e4ldern betroffen ist \u2013 von der Eifel, \u00fcber Sauerland, Harz und Th\u00fcringer Wald, bis in die S\u00e4chsische Schweiz. Allein Nordrhein-Westfalen verlor innerhalb von drei Jahren mehr als ein Viertel seiner Fichtenw\u00e4lder, in einigen Landkreisen waren es sogar mehr als zwei Drittel. Die B\u00e4ume starben ab oder fielen gro\u00dffl\u00e4chigen Notf\u00e4llungen zum Opfer. Kahlschl\u00e4ge sind oft die letzte Ma\u00dfnahme bei massivem Sch\u00e4dlingsbefall, um \u2013 im Fall von Fichten \u2013 dem Borkenk\u00e4fer die Nahrung zu entziehen und dadurch seine weitere Ausbreitung zu verhindern.<\/p>\n\n\n\n<p>W\u00e4hrend sich Laubb\u00e4ume wie die Eiche nach einem Insektenbefall wieder erholen k\u00f6nnen, gilt dies h\u00e4ufig nicht f\u00fcr Nadelb\u00e4ume. Nach dem Zweiten Weltkrieg wurden in Deutschland vorrangig Fichten als wichtigster Holzlieferant aufgeforstet, nicht selten standortfremd. Diese W\u00e4lder haben eine entsprechend \u00e4hnliche Alters- und Wuchsstruktur und sind als Monokultur weniger widerstandsf\u00e4hig. Zwischen 2018 und 2020 wurde ganz Mitteleuropa von mehreren ungew\u00f6hnlich starken D\u00fcrre- und Hitzeperioden heimgesucht. Dies schw\u00e4chte die gr\u00fcnen Riesen \u2013 die Defizite in der Bodenfeuchte sind bis heute messbar. Gleichzeitig schuf die trockene Hitze ideale Bedingungen f\u00fcr den Borkenk\u00e4fer, sodass sich die Populationen explosionsartig vermehrten.<\/p>\n\n\n\n<p>Von den Folgen der D\u00fcrre sind nicht nur Fichtenw\u00e4lder betroffen: \u201eUnsere Analysen zeigen, dass auch Eiche, Buche und Kiefer \u2013 neben der Fichte die h\u00e4ufigsten Baumarten in Deutschland \u2013 starke Sch\u00e4den aufweisen. Dasselbe gilt f\u00fcr seltenere Arten wie Bergahorn oder L\u00e4rche\u201c, sagt Frank Thonfeld vom EOC. \u201eDie j\u00e4hrlichen Waldzustandsberichte der Beh\u00f6rden machen bereits deutlich, dass sich der Zustand der deutschen W\u00e4lder schon seit l\u00e4ngerer Zeit kontinuierlich verschlechtert. Aber die Sch\u00e4den der letzten wenigen Jahre sind beispiellos\u201c.<\/p>\n\n\n\n<blockquote class=\"wp-block-quote is-layout-flow wp-block-quote-is-layout-flow\"><p><strong>Waldzustandsbericht<\/strong> \u2013 Der Wald steht in Deutschland seit 1984 unter Beobachtung, als die Bef\u00fcrchtungen f\u00fcr ein Waldsterben um sich griffen. Der j\u00e4hrliche \u201eWaldzustandsbericht\u201c des Bundesministeriums f\u00fcr Ern\u00e4hrung und Landwirtschaft (BMEL) dokumentiert den Kronenzustand der Hauptbaumarten Fichte, Kiefer, Buche und Eiche. Dies erfolgt stichprobenartig auf Basis festgelegter Beobachtungsfl\u00e4chen. Es sind somit Momentaufnahmen f\u00fcr eine \u00fcberschaubare Anzahl an Beobachtungspunkten. Die Berichte weisen bei den Verlusten dabei nur die Fl\u00e4chen aus, die wieder bewaldet werden m\u00fcssen. Zahlen \u00fcber die tats\u00e4chlich von Baumverlusten betroffenen Fl\u00e4chen findet man darin \u00fcblicherweise nicht. Erdbeobachtungssatelliten k\u00f6nnen hier erg\u00e4nzende Daten liefern.<\/p><\/blockquote>\n\n\n\n<div class=\"wp-block-image\"><figure class=\"alignleft size-full is-resized\"><img loading=\"lazy\" decoding=\"async\" src=\"https:\/\/www.sonnenseite.com\/wp-content\/uploads\/2020\/02\/Wald_Fichten_Goumbik.jpg\" alt=\"pixabay.com | Goumbik\" class=\"wp-image-3369\" width=\"388\" height=\"211\" srcset=\"https:\/\/www.sonnenseite.com\/wp-content\/uploads\/2020\/02\/Wald_Fichten_Goumbik.jpg 770w, https:\/\/www.sonnenseite.com\/wp-content\/uploads\/2020\/02\/Wald_Fichten_Goumbik-300x164.jpg 300w, https:\/\/www.sonnenseite.com\/wp-content\/uploads\/2020\/02\/Wald_Fichten_Goumbik-768x419.jpg 768w\" sizes=\"auto, (max-width: 388px) 100vw, 388px\" \/><figcaption>\u00a9 pixabay.com | Goumbik<\/figcaption><\/figure><\/div>\n\n\n\n<h5 class=\"wp-block-heading\" id=\"monokultur-extremwetter-und-insekten\">Monokultur, Extremwetter und Insekten<\/h5>\n\n\n\n<p>Neben dem Sch\u00e4dlingsbefall erlitt der deutsche Wald auch Verluste durch Windwurf. Das DLR-Forschungsteam identifizierte diese Fl\u00e4chen dank der hochgenauen Satellitenaufnahmen von Sentinel-2 und Landsat-8. Die Auswertungen offenbaren unter anderem das Ausma\u00df von Sturmereignissen in Ostbayern, Sachsen-Anhalt und Sachsen. Die aktuelle Sturmlage \u00fcber ganz Deutschland wird voraussichtlich wieder dazu f\u00fchren, dass vielerorts Schadholz entfernt werden muss.<\/p>\n\n\n\n<h5 class=\"wp-block-heading\" id=\"big-data-zur-waldentwicklung\">Big Data zur Waldentwicklung<\/h5>\n\n\n\n<p>Die Fernerkundungsexperten aus Oberpfaffenhofen werteten insgesamt mehr als 20.000 Datens\u00e4tze aus. Auf diese Weise konnten sie die abgestorbenen und neu eingeschlagenen Waldfl\u00e4chen im Monatsrhythmus erfassen. Entstanden ist ein differenziertes Waldbild f\u00fcr ganz Deutschland mit einer Aufl\u00f6sung von zehn Metern. Die Verarbeitung der Datenarchive von Sentinel-2 und Landsat-8 erfolgte vollautomatisch. Das hochkomplexe Verfahren wurde am EOC entwickelt und wird f\u00fcr weitere Anwendungen optimiert.<\/p>\n\n\n\n<h5 class=\"wp-block-heading\"><\/h5>\n\n\n\n<blockquote class=\"wp-block-quote is-layout-flow wp-block-quote-is-layout-flow\"><p><strong>MdEP Martin H\u00e4usling: \u201eErschreckendes Bild\u201c<\/strong><br>Fast f\u00fcnf Prozent der W\u00e4lder gingen zwischen 2018 und 2021 durch Hitze und D\u00fcrre verloren. , Der agrarpolitische Sprecher der Gr\u00fcnen im Europ\u00e4ischen Parlament und Mitglied im Umweltausschuss, kommentiert das Desaster: \u201eDie <a href=\"https:\/\/www.dlr.de\/content\/de\/artikel\/news\/2022\/01\/20220221_sorge-um-den-deutschen-wald.html?s=09\">aktuelle Auswertung der Daten durch das Deutschen Zentrum f\u00fcr Luft- und Raumfahrt<\/a> zeichnet ein erschreckendes Bild. Die Analyse \u00fcbertrifft in ihrer Dramatik alle bisherigen Aussagen. Der Deutsche Wald hat einen schier irreparablen Schaden erlitten. Die Bilder zeigen, dass vor allem in einem mittleren West-Ost-G\u00fcrtel Deutschlands die Verluste besonders hoch sind: Von der Eifel, \u00fcbers Sauerland, die nordhessischen W\u00e4lder sowie Harz und Th\u00fcringer Wald bis in die S\u00e4chsische Schweiz sind extrem betroffen. Insgesamt ging eine halbe Million Hektar Wald der 11,4 Millionen Hektar verloren. Dieser Katastrophe d\u00fcrfen wir nicht l\u00e4nger tatenlos zusehen oder sie als vor\u00fcbergehend, weniger wichtig betrachten! Zumal eines immer deutlicher wird: Wenn in der Klimadebatte der Wald als CO<sub>2<\/sub>-Speicher und damit als ein Rettungsanker betrachtet wird, so zeichnen die aktuellen Daten ein g\u00e4nzlich anderes Bild. L\u00e4ngst ist angesichts der gro\u00dffl\u00e4chigen Verluste der Wald zum Emittenten geworden, statt zum Puffer. Der k\u00fchle, das Klima bewahrende Wald: Das war einmal.\u201c<\/p><\/blockquote>\n\n\n\n<p>Die Auswertungsmethode f\u00fcr den Waldbestand l\u00e4sst sich auch f\u00fcr andere L\u00e4nder und Regionen anwenden. Denn gro\u00dffl\u00e4chige Waldsch\u00e4den sind nicht nur ein deutsches, sondern ein europ\u00e4isches Thema. Nachbarl\u00e4nder wie Tschechien oder \u00d6sterreich stehen \u00e4hnlichen Herausforderungen gegen\u00fcber. Mittelfristig setzt sich voraussichtlich die Tendenz fort, dass noch weitere Best\u00e4nde verloren gehen. Es wird Jahrzehnte dauern, bis die wirtschaftlichen Sch\u00e4den eingeholt sind. Bis sich das \u00d6kosystem Wald erholt, kann es noch l\u00e4nger dauern. F\u00fcr Deutschland und Europa ist es daher dringend notwendig, schnell effiziente Ma\u00dfnahmen zum Schutz der W\u00e4lder zu ergreifen. Satellitengest\u00fctzte Erdbeobachtung kann Forschenden und Entscheidungstragenden hierzu eine Datengrundlage bereitstellen.<\/p>\n\n\n\n<p>So wie das neue Verfahren nutzerspezifisch angepasst werden kann, l\u00e4sst sich auch die neue Waldkartierung jederzeit aktualisieren. K\u00fcnftig k\u00f6nnte das DLR-Forschungsteam Forstbeh\u00f6rden im monatlichen Rhythmus Satellitendaten zu Waldgebieten liefern und damit den operationellen Forstbetrieb in allen Regionen nachhaltig unterst\u00fctzen.<\/p>\n\n\n<h5 class=\"green\">Quelle<\/h5>\r\n\n\n\n<p><a href=\"https:\/\/www.dlr.de\/content\/de\/artikel\/news\/2022\/01\/20220221_sorge-um-den-deutschen-wald.html?s=09\">Deutsches Zentrum f\u00fcr Luft- u. Raumfahrt \/ DLR<\/a> |  Der Bericht wurde von der&nbsp;<a href=\"https:\/\/www.solarify.eu\/2022\/02\/21\/672-sorge-um-den-deutschen-wald\/\">Redaktion &#8222;SOLARIFY\u201c 2022<\/a>&nbsp;zusammen gestellt!&nbsp;<\/p>\n<div class=\"shariff shariff-align-flex-start shariff-widget-align-flex-start\"><div class=\"ShariffHeadline\">Diese Meldung teilen<\/div><ul class=\"shariff-buttons theme-round orientation-horizontal buttonsize-medium\"><li class=\"shariff-button facebook shariff-nocustomcolor\" style=\"background-color:#4273c8;border-radius:1%\"><a href=\"https:\/\/www.facebook.com\/sharer\/sharer.php?u=https%3A%2F%2Fwww.sonnenseite.com%2Fde%2Fumwelt%2Fsorge-um-den-deutschen-wald%2F\" title=\"Bei Facebook teilen\" aria-label=\"Bei Facebook teilen\" role=\"button\" rel=\"nofollow\" class=\"shariff-link\" style=\";border-radius:1%; background-color:#3b5998; color:#fff\" target=\"_blank\"><span class=\"shariff-icon\" style=\"\"><svg width=\"32px\" height=\"20px\" xmlns=\"http:\/\/www.w3.org\/2000\/svg\" viewBox=\"0 0 18 32\"><path fill=\"#3b5998\" d=\"M17.1 0.2v4.7h-2.8q-1.5 0-2.1 0.6t-0.5 1.9v3.4h5.2l-0.7 5.3h-4.5v13.6h-5.5v-13.6h-4.5v-5.3h4.5v-3.9q0-3.3 1.9-5.2t5-1.8q2.6 0 4.1 0.2z\"\/><\/svg><\/span><\/a><\/li><li class=\"shariff-button twitter shariff-nocustomcolor\" style=\"background-color:#595959;border-radius:1%\"><a href=\"https:\/\/twitter.com\/share?url=https%3A%2F%2Fwww.sonnenseite.com%2Fde%2Fumwelt%2Fsorge-um-den-deutschen-wald%2F&text=Sor%C2%ADge%20um%20den%20deut%C2%ADschen%20Wald\" title=\"Bei X teilen\" aria-label=\"Bei X teilen\" role=\"button\" rel=\"noopener nofollow\" class=\"shariff-link\" style=\";border-radius:1%; background-color:#000; color:#fff\" target=\"_blank\"><span class=\"shariff-icon\" style=\"\"><svg width=\"32px\" height=\"20px\" xmlns=\"http:\/\/www.w3.org\/2000\/svg\" viewBox=\"0 0 24 24\"><path fill=\"#000\" d=\"M14.258 10.152L23.176 0h-2.113l-7.747 8.813L7.133 0H0l9.352 13.328L0 23.973h2.113l8.176-9.309 6.531 9.309h7.133zm-2.895 3.293l-.949-1.328L2.875 1.56h3.246l6.086 8.523.945 1.328 7.91 11.078h-3.246zm0 0\"\/><\/svg><\/span><\/a><\/li><li class=\"shariff-button xing shariff-nocustomcolor\" style=\"background-color:#29888a;border-radius:1%\"><a href=\"https:\/\/www.xing.com\/spi\/shares\/new?url=https%3A%2F%2Fwww.sonnenseite.com%2Fde%2Fumwelt%2Fsorge-um-den-deutschen-wald%2F\" title=\"Bei XING teilen\" aria-label=\"Bei XING teilen\" role=\"button\" rel=\"noopener nofollow\" class=\"shariff-link\" style=\";border-radius:1%; background-color:#126567; color:#fff\" target=\"_blank\"><span class=\"shariff-icon\" style=\"\"><svg width=\"32px\" height=\"20px\" xmlns=\"http:\/\/www.w3.org\/2000\/svg\" viewBox=\"0 0 25 32\"><path fill=\"#126567\" d=\"M10.7 11.9q-0.2 0.3-4.6 8.2-0.5 0.8-1.2 0.8h-4.3q-0.4 0-0.5-0.3t0-0.6l4.5-8q0 0 0 0l-2.9-5q-0.2-0.4 0-0.7 0.2-0.3 0.5-0.3h4.3q0.7 0 1.2 0.8zM25.1 0.4q0.2 0.3 0 0.7l-9.4 16.7 6 11q0.2 0.4 0 0.6-0.2 0.3-0.6 0.3h-4.3q-0.7 0-1.2-0.8l-6-11.1q0.3-0.6 9.5-16.8 0.4-0.8 1.2-0.8h4.3q0.4 0 0.5 0.3z\"\/><\/svg><\/span><\/a><\/li><li class=\"shariff-button linkedin shariff-nocustomcolor\" style=\"background-color:#1488bf;border-radius:1%\"><a href=\"https:\/\/www.linkedin.com\/sharing\/share-offsite\/?url=https%3A%2F%2Fwww.sonnenseite.com%2Fde%2Fumwelt%2Fsorge-um-den-deutschen-wald%2F\" title=\"Bei LinkedIn teilen\" aria-label=\"Bei LinkedIn teilen\" role=\"button\" rel=\"noopener nofollow\" class=\"shariff-link\" style=\";border-radius:1%; background-color:#0077b5; color:#fff\" target=\"_blank\"><span class=\"shariff-icon\" style=\"\"><svg width=\"32px\" height=\"20px\" xmlns=\"http:\/\/www.w3.org\/2000\/svg\" viewBox=\"0 0 27 32\"><path fill=\"#0077b5\" d=\"M6.2 11.2v17.7h-5.9v-17.7h5.9zM6.6 5.7q0 1.3-0.9 2.2t-2.4 0.9h0q-1.5 0-2.4-0.9t-0.9-2.2 0.9-2.2 2.4-0.9 2.4 0.9 0.9 2.2zM27.4 18.7v10.1h-5.9v-9.5q0-1.9-0.7-2.9t-2.3-1.1q-1.1 0-1.9 0.6t-1.2 1.5q-0.2 0.5-0.2 1.4v9.9h-5.9q0-7.1 0-11.6t0-5.3l0-0.9h5.9v2.6h0q0.4-0.6 0.7-1t1-0.9 1.6-0.8 2-0.3q3 0 4.9 2t1.9 6z\"\/><\/svg><\/span><\/a><\/li><li class=\"shariff-button printer shariff-nocustomcolor\" style=\"background-color:#a8a8a8;border-radius:1%\"><a href=\"javascript:window.print()\" title=\"drucken\" aria-label=\"drucken\" role=\"button\" rel=\"noopener nofollow\" class=\"shariff-link\" style=\";border-radius:1%; background-color:#999; color:#fff\"><span class=\"shariff-icon\" style=\"\"><svg width=\"32px\" height=\"20px\" xmlns=\"http:\/\/www.w3.org\/2000\/svg\" viewBox=\"0 0 30 32\"><path fill=\"#999\" d=\"M6.8 27.4h16v-4.6h-16v4.6zM6.8 16h16v-6.8h-2.8q-0.7 0-1.2-0.5t-0.5-1.2v-2.8h-11.4v11.4zM27.4 17.2q0-0.5-0.3-0.8t-0.8-0.4-0.8 0.4-0.3 0.8 0.3 0.8 0.8 0.3 0.8-0.3 0.3-0.8zM29.7 17.2v7.4q0 0.2-0.2 0.4t-0.4 0.2h-4v2.8q0 0.7-0.5 1.2t-1.2 0.5h-17.2q-0.7 0-1.2-0.5t-0.5-1.2v-2.8h-4q-0.2 0-0.4-0.2t-0.2-0.4v-7.4q0-1.4 1-2.4t2.4-1h1.2v-9.7q0-0.7 0.5-1.2t1.2-0.5h12q0.7 0 1.6 0.4t1.3 0.8l2.7 2.7q0.5 0.5 0.9 1.4t0.4 1.6v4.6h1.1q1.4 0 2.4 1t1 2.4z\"\/><\/svg><\/span><\/a><\/li><li class=\"shariff-button mailto shariff-nocustomcolor\" style=\"background-color:#a8a8a8;border-radius:1%\"><a href=\"mailto:?body=https%3A%2F%2Fwww.sonnenseite.com%2Fde%2Fumwelt%2Fsorge-um-den-deutschen-wald%2F&subject=Sor%C2%ADge%20um%20den%20deut%C2%ADschen%20Wald\" title=\"Per E-Mail versenden\" aria-label=\"Per E-Mail versenden\" role=\"button\" rel=\"noopener nofollow\" class=\"shariff-link\" style=\";border-radius:1%; background-color:#999; color:#fff\"><span class=\"shariff-icon\" style=\"\"><svg width=\"32px\" height=\"20px\" xmlns=\"http:\/\/www.w3.org\/2000\/svg\" viewBox=\"0 0 32 32\"><path fill=\"#999\" d=\"M32 12.7v14.2q0 1.2-0.8 2t-2 0.9h-26.3q-1.2 0-2-0.9t-0.8-2v-14.2q0.8 0.9 1.8 1.6 6.5 4.4 8.9 6.1 1 0.8 1.6 1.2t1.7 0.9 2 0.4h0.1q0.9 0 2-0.4t1.7-0.9 1.6-1.2q3-2.2 8.9-6.1 1-0.7 1.8-1.6zM32 7.4q0 1.4-0.9 2.7t-2.2 2.2q-6.7 4.7-8.4 5.8-0.2 0.1-0.7 0.5t-1 0.7-0.9 0.6-1.1 0.5-0.9 0.2h-0.1q-0.4 0-0.9-0.2t-1.1-0.5-0.9-0.6-1-0.7-0.7-0.5q-1.6-1.1-4.7-3.2t-3.6-2.6q-1.1-0.7-2.1-2t-1-2.5q0-1.4 0.7-2.3t2.1-0.9h26.3q1.2 0 2 0.8t0.9 2z\"\/><\/svg><\/span><\/a><\/li><\/ul><\/div>","protected":false},"excerpt":{"rendered":"<p>Baumverluste erheblich h\u00f6her als angenommen Gesunde B\u00e4ume tragen eine satte dichte Krone. Beim Spazierengehen durch den [&hellip;]<\/p>\n","protected":false},"author":3,"featured_media":2965,"comment_status":"closed","ping_status":"closed","sticky":false,"template":"","format":"standard","meta":{"inline_featured_image":false,"footnotes":""},"categories":[23],"tags":[],"class_list":["post-79651","post","type-post","status-publish","format-standard","has-post-thumbnail","hentry","category-umwelt"],"yoast_head":"<!-- This site is optimized with the Yoast SEO plugin v26.5 - https:\/\/yoast.com\/wordpress\/plugins\/seo\/ -->\n<title>Sor\u00adge um den deut\u00adschen Wald - Sonnenseite - \u00d6kologische Kommunikation mit Franz Alt<\/title>\n<meta name=\"description\" content=\"Baumverluste erheblich h\u00f6her als angenommen Gesunde B\u00e4ume tragen eine satte dichte Krone. Beim Spazierengehen durch den Wald f\u00e4llt jedoch auf, dass die\" \/>\n<meta name=\"robots\" content=\"index, follow, max-snippet:-1, max-image-preview:large, max-video-preview:-1\" \/>\n<link rel=\"canonical\" href=\"https:\/\/www.sonnenseite.com\/de\/umwelt\/sorge-um-den-deutschen-wald\/\" \/>\n<meta property=\"og:locale\" content=\"de_DE\" \/>\n<meta property=\"og:type\" content=\"article\" \/>\n<meta property=\"og:title\" content=\"Sor\u00adge um den deut\u00adschen Wald - Sonnenseite - \u00d6kologische Kommunikation mit Franz Alt\" \/>\n<meta property=\"og:description\" content=\"Baumverluste erheblich h\u00f6her als angenommen Gesunde B\u00e4ume tragen eine satte dichte Krone. Beim Spazierengehen durch den Wald f\u00e4llt jedoch auf, dass die\" \/>\n<meta property=\"og:url\" content=\"https:\/\/www.sonnenseite.com\/de\/umwelt\/sorge-um-den-deutschen-wald\/\" \/>\n<meta property=\"og:site_name\" content=\"Sonnenseite\" \/>\n<meta property=\"article:publisher\" content=\"https:\/\/www.facebook.com\/pages\/Franz-Alt-SONNENSEITECOM\/221072987903953?fref=ts\" \/>\n<meta property=\"article:published_time\" content=\"2022-02-23T02:12:00+00:00\" \/>\n<meta property=\"og:image\" content=\"https:\/\/www.sonnenseite.com\/wp-content\/uploads\/2020\/02\/Wald_012.jpg\" \/>\n\t<meta property=\"og:image:width\" content=\"770\" \/>\n\t<meta property=\"og:image:height\" content=\"420\" \/>\n\t<meta property=\"og:image:type\" content=\"image\/jpeg\" \/>\n<meta name=\"author\" content=\"Bigi Alt\" \/>\n<meta name=\"twitter:card\" content=\"summary_large_image\" \/>\n<meta name=\"twitter:creator\" content=\"@franzalt\" \/>\n<meta name=\"twitter:site\" content=\"@franzalt\" \/>\n<meta name=\"twitter:label1\" content=\"Verfasst von\" \/>\n\t<meta name=\"twitter:data1\" content=\"Bigi Alt\" \/>\n\t<meta name=\"twitter:label2\" content=\"Gesch\u00e4tzte Lesezeit\" \/>\n\t<meta name=\"twitter:data2\" content=\"9\u00a0Minuten\" \/>\n<script type=\"application\/ld+json\" class=\"yoast-schema-graph\">{\"@context\":\"https:\/\/schema.org\",\"@graph\":[{\"@type\":\"Article\",\"@id\":\"https:\/\/www.sonnenseite.com\/de\/umwelt\/sorge-um-den-deutschen-wald\/#article\",\"isPartOf\":{\"@id\":\"https:\/\/www.sonnenseite.com\/de\/umwelt\/sorge-um-den-deutschen-wald\/\"},\"author\":{\"name\":\"Bigi Alt\",\"@id\":\"https:\/\/www.sonnenseite.com\/de\/#\/schema\/person\/50fda0e926597684c7cc6695238a4eb9\"},\"headline\":\"Sor\u00adge um den deut\u00adschen Wald\",\"datePublished\":\"2022-02-23T02:12:00+00:00\",\"mainEntityOfPage\":{\"@id\":\"https:\/\/www.sonnenseite.com\/de\/umwelt\/sorge-um-den-deutschen-wald\/\"},\"wordCount\":1630,\"publisher\":{\"@id\":\"https:\/\/www.sonnenseite.com\/de\/#organization\"},\"image\":{\"@id\":\"https:\/\/www.sonnenseite.com\/de\/umwelt\/sorge-um-den-deutschen-wald\/#primaryimage\"},\"thumbnailUrl\":\"https:\/\/www.sonnenseite.com\/wp-content\/uploads\/2020\/02\/Wald_012.jpg\",\"articleSection\":[\"Umwelt\"],\"inLanguage\":\"de\"},{\"@type\":\"WebPage\",\"@id\":\"https:\/\/www.sonnenseite.com\/de\/umwelt\/sorge-um-den-deutschen-wald\/\",\"url\":\"https:\/\/www.sonnenseite.com\/de\/umwelt\/sorge-um-den-deutschen-wald\/\",\"name\":\"Sor\u00adge um den deut\u00adschen Wald - Sonnenseite - \u00d6kologische Kommunikation mit Franz Alt\",\"isPartOf\":{\"@id\":\"https:\/\/www.sonnenseite.com\/de\/#website\"},\"primaryImageOfPage\":{\"@id\":\"https:\/\/www.sonnenseite.com\/de\/umwelt\/sorge-um-den-deutschen-wald\/#primaryimage\"},\"image\":{\"@id\":\"https:\/\/www.sonnenseite.com\/de\/umwelt\/sorge-um-den-deutschen-wald\/#primaryimage\"},\"thumbnailUrl\":\"https:\/\/www.sonnenseite.com\/wp-content\/uploads\/2020\/02\/Wald_012.jpg\",\"datePublished\":\"2022-02-23T02:12:00+00:00\",\"description\":\"Baumverluste erheblich h\u00f6her als angenommen Gesunde B\u00e4ume tragen eine satte dichte Krone. Beim Spazierengehen durch den Wald f\u00e4llt jedoch auf, dass die\",\"breadcrumb\":{\"@id\":\"https:\/\/www.sonnenseite.com\/de\/umwelt\/sorge-um-den-deutschen-wald\/#breadcrumb\"},\"inLanguage\":\"de\",\"potentialAction\":[{\"@type\":\"ReadAction\",\"target\":[\"https:\/\/www.sonnenseite.com\/de\/umwelt\/sorge-um-den-deutschen-wald\/\"]}]},{\"@type\":\"ImageObject\",\"inLanguage\":\"de\",\"@id\":\"https:\/\/www.sonnenseite.com\/de\/umwelt\/sorge-um-den-deutschen-wald\/#primaryimage\",\"url\":\"https:\/\/www.sonnenseite.com\/wp-content\/uploads\/2020\/02\/Wald_012.jpg\",\"contentUrl\":\"https:\/\/www.sonnenseite.com\/wp-content\/uploads\/2020\/02\/Wald_012.jpg\",\"width\":770,\"height\":420,\"caption\":\"pixabay.com | 012\"},{\"@type\":\"BreadcrumbList\",\"@id\":\"https:\/\/www.sonnenseite.com\/de\/umwelt\/sorge-um-den-deutschen-wald\/#breadcrumb\",\"itemListElement\":[{\"@type\":\"ListItem\",\"position\":1,\"name\":\"Startseite\",\"item\":\"https:\/\/www.sonnenseite.com\/de\/\"},{\"@type\":\"ListItem\",\"position\":2,\"name\":\"Sor\u00adge um den deut\u00adschen Wald\"}]},{\"@type\":\"WebSite\",\"@id\":\"https:\/\/www.sonnenseite.com\/de\/#website\",\"url\":\"https:\/\/www.sonnenseite.com\/de\/\",\"name\":\"Sonnenseite\",\"description\":\"\u00d6kologische Kommunikation mit Franz Alt\",\"publisher\":{\"@id\":\"https:\/\/www.sonnenseite.com\/de\/#organization\"},\"potentialAction\":[{\"@type\":\"SearchAction\",\"target\":{\"@type\":\"EntryPoint\",\"urlTemplate\":\"https:\/\/www.sonnenseite.com\/de\/?s={search_term_string}\"},\"query-input\":{\"@type\":\"PropertyValueSpecification\",\"valueRequired\":true,\"valueName\":\"search_term_string\"}}],\"inLanguage\":\"de\"},{\"@type\":\"Organization\",\"@id\":\"https:\/\/www.sonnenseite.com\/de\/#organization\",\"name\":\"Sonnenseite\",\"url\":\"https:\/\/www.sonnenseite.com\/de\/\",\"logo\":{\"@type\":\"ImageObject\",\"inLanguage\":\"de\",\"@id\":\"https:\/\/www.sonnenseite.com\/de\/#\/schema\/logo\/image\/\",\"url\":\"https:\/\/www.sonnenseite.com\/wp-content\/uploads\/2020\/05\/Sonnenseite_Logo.png\",\"contentUrl\":\"https:\/\/www.sonnenseite.com\/wp-content\/uploads\/2020\/05\/Sonnenseite_Logo.png\",\"width\":377,\"height\":90,\"caption\":\"Sonnenseite\"},\"image\":{\"@id\":\"https:\/\/www.sonnenseite.com\/de\/#\/schema\/logo\/image\/\"},\"sameAs\":[\"https:\/\/www.facebook.com\/pages\/Franz-Alt-SONNENSEITECOM\/221072987903953?fref=ts\",\"https:\/\/x.com\/franzalt\",\"http:\/\/www.youtube.com\/results?search_query&amp;amp;quot;franz_alt&amp;amp;quot;&amp;amp;amp;amp;search_type&amp;amp;amp;amp;aq=f\"]},{\"@type\":\"Person\",\"@id\":\"https:\/\/www.sonnenseite.com\/de\/#\/schema\/person\/50fda0e926597684c7cc6695238a4eb9\",\"name\":\"Bigi Alt\"}]}<\/script>\n<!-- \/ Yoast SEO plugin. -->","yoast_head_json":{"title":"Sor\u00adge um den deut\u00adschen Wald - Sonnenseite - \u00d6kologische Kommunikation mit Franz Alt","description":"Baumverluste erheblich h\u00f6her als angenommen Gesunde B\u00e4ume tragen eine satte dichte Krone. Beim Spazierengehen durch den Wald f\u00e4llt jedoch auf, dass die","robots":{"index":"index","follow":"follow","max-snippet":"max-snippet:-1","max-image-preview":"max-image-preview:large","max-video-preview":"max-video-preview:-1"},"canonical":"https:\/\/www.sonnenseite.com\/de\/umwelt\/sorge-um-den-deutschen-wald\/","og_locale":"de_DE","og_type":"article","og_title":"Sor\u00adge um den deut\u00adschen Wald - Sonnenseite - \u00d6kologische Kommunikation mit Franz Alt","og_description":"Baumverluste erheblich h\u00f6her als angenommen Gesunde B\u00e4ume tragen eine satte dichte Krone. Beim Spazierengehen durch den Wald f\u00e4llt jedoch auf, dass die","og_url":"https:\/\/www.sonnenseite.com\/de\/umwelt\/sorge-um-den-deutschen-wald\/","og_site_name":"Sonnenseite","article_publisher":"https:\/\/www.facebook.com\/pages\/Franz-Alt-SONNENSEITECOM\/221072987903953?fref=ts","article_published_time":"2022-02-23T02:12:00+00:00","og_image":[{"width":770,"height":420,"url":"https:\/\/www.sonnenseite.com\/wp-content\/uploads\/2020\/02\/Wald_012.jpg","type":"image\/jpeg"}],"author":"Bigi Alt","twitter_card":"summary_large_image","twitter_creator":"@franzalt","twitter_site":"@franzalt","twitter_misc":{"Verfasst von":"Bigi Alt","Gesch\u00e4tzte Lesezeit":"9\u00a0Minuten"},"schema":{"@context":"https:\/\/schema.org","@graph":[{"@type":"Article","@id":"https:\/\/www.sonnenseite.com\/de\/umwelt\/sorge-um-den-deutschen-wald\/#article","isPartOf":{"@id":"https:\/\/www.sonnenseite.com\/de\/umwelt\/sorge-um-den-deutschen-wald\/"},"author":{"name":"Bigi Alt","@id":"https:\/\/www.sonnenseite.com\/de\/#\/schema\/person\/50fda0e926597684c7cc6695238a4eb9"},"headline":"Sor\u00adge um den deut\u00adschen Wald","datePublished":"2022-02-23T02:12:00+00:00","mainEntityOfPage":{"@id":"https:\/\/www.sonnenseite.com\/de\/umwelt\/sorge-um-den-deutschen-wald\/"},"wordCount":1630,"publisher":{"@id":"https:\/\/www.sonnenseite.com\/de\/#organization"},"image":{"@id":"https:\/\/www.sonnenseite.com\/de\/umwelt\/sorge-um-den-deutschen-wald\/#primaryimage"},"thumbnailUrl":"https:\/\/www.sonnenseite.com\/wp-content\/uploads\/2020\/02\/Wald_012.jpg","articleSection":["Umwelt"],"inLanguage":"de"},{"@type":"WebPage","@id":"https:\/\/www.sonnenseite.com\/de\/umwelt\/sorge-um-den-deutschen-wald\/","url":"https:\/\/www.sonnenseite.com\/de\/umwelt\/sorge-um-den-deutschen-wald\/","name":"Sor\u00adge um den deut\u00adschen Wald - Sonnenseite - \u00d6kologische Kommunikation mit Franz Alt","isPartOf":{"@id":"https:\/\/www.sonnenseite.com\/de\/#website"},"primaryImageOfPage":{"@id":"https:\/\/www.sonnenseite.com\/de\/umwelt\/sorge-um-den-deutschen-wald\/#primaryimage"},"image":{"@id":"https:\/\/www.sonnenseite.com\/de\/umwelt\/sorge-um-den-deutschen-wald\/#primaryimage"},"thumbnailUrl":"https:\/\/www.sonnenseite.com\/wp-content\/uploads\/2020\/02\/Wald_012.jpg","datePublished":"2022-02-23T02:12:00+00:00","description":"Baumverluste erheblich h\u00f6her als angenommen Gesunde B\u00e4ume tragen eine satte dichte Krone. Beim Spazierengehen durch den Wald f\u00e4llt jedoch auf, dass die","breadcrumb":{"@id":"https:\/\/www.sonnenseite.com\/de\/umwelt\/sorge-um-den-deutschen-wald\/#breadcrumb"},"inLanguage":"de","potentialAction":[{"@type":"ReadAction","target":["https:\/\/www.sonnenseite.com\/de\/umwelt\/sorge-um-den-deutschen-wald\/"]}]},{"@type":"ImageObject","inLanguage":"de","@id":"https:\/\/www.sonnenseite.com\/de\/umwelt\/sorge-um-den-deutschen-wald\/#primaryimage","url":"https:\/\/www.sonnenseite.com\/wp-content\/uploads\/2020\/02\/Wald_012.jpg","contentUrl":"https:\/\/www.sonnenseite.com\/wp-content\/uploads\/2020\/02\/Wald_012.jpg","width":770,"height":420,"caption":"pixabay.com | 012"},{"@type":"BreadcrumbList","@id":"https:\/\/www.sonnenseite.com\/de\/umwelt\/sorge-um-den-deutschen-wald\/#breadcrumb","itemListElement":[{"@type":"ListItem","position":1,"name":"Startseite","item":"https:\/\/www.sonnenseite.com\/de\/"},{"@type":"ListItem","position":2,"name":"Sor\u00adge um den deut\u00adschen Wald"}]},{"@type":"WebSite","@id":"https:\/\/www.sonnenseite.com\/de\/#website","url":"https:\/\/www.sonnenseite.com\/de\/","name":"Sonnenseite","description":"\u00d6kologische Kommunikation mit Franz Alt","publisher":{"@id":"https:\/\/www.sonnenseite.com\/de\/#organization"},"potentialAction":[{"@type":"SearchAction","target":{"@type":"EntryPoint","urlTemplate":"https:\/\/www.sonnenseite.com\/de\/?s={search_term_string}"},"query-input":{"@type":"PropertyValueSpecification","valueRequired":true,"valueName":"search_term_string"}}],"inLanguage":"de"},{"@type":"Organization","@id":"https:\/\/www.sonnenseite.com\/de\/#organization","name":"Sonnenseite","url":"https:\/\/www.sonnenseite.com\/de\/","logo":{"@type":"ImageObject","inLanguage":"de","@id":"https:\/\/www.sonnenseite.com\/de\/#\/schema\/logo\/image\/","url":"https:\/\/www.sonnenseite.com\/wp-content\/uploads\/2020\/05\/Sonnenseite_Logo.png","contentUrl":"https:\/\/www.sonnenseite.com\/wp-content\/uploads\/2020\/05\/Sonnenseite_Logo.png","width":377,"height":90,"caption":"Sonnenseite"},"image":{"@id":"https:\/\/www.sonnenseite.com\/de\/#\/schema\/logo\/image\/"},"sameAs":["https:\/\/www.facebook.com\/pages\/Franz-Alt-SONNENSEITECOM\/221072987903953?fref=ts","https:\/\/x.com\/franzalt","http:\/\/www.youtube.com\/results?search_query&amp;amp;quot;franz_alt&amp;amp;quot;&amp;amp;amp;amp;search_type&amp;amp;amp;amp;aq=f"]},{"@type":"Person","@id":"https:\/\/www.sonnenseite.com\/de\/#\/schema\/person\/50fda0e926597684c7cc6695238a4eb9","name":"Bigi Alt"}]}},"_links":{"self":[{"href":"https:\/\/www.sonnenseite.com\/de\/wp-json\/wp\/v2\/posts\/79651","targetHints":{"allow":["GET"]}}],"collection":[{"href":"https:\/\/www.sonnenseite.com\/de\/wp-json\/wp\/v2\/posts"}],"about":[{"href":"https:\/\/www.sonnenseite.com\/de\/wp-json\/wp\/v2\/types\/post"}],"author":[{"embeddable":true,"href":"https:\/\/www.sonnenseite.com\/de\/wp-json\/wp\/v2\/users\/3"}],"replies":[{"embeddable":true,"href":"https:\/\/www.sonnenseite.com\/de\/wp-json\/wp\/v2\/comments?post=79651"}],"version-history":[{"count":10,"href":"https:\/\/www.sonnenseite.com\/de\/wp-json\/wp\/v2\/posts\/79651\/revisions"}],"predecessor-version":[{"id":79666,"href":"https:\/\/www.sonnenseite.com\/de\/wp-json\/wp\/v2\/posts\/79651\/revisions\/79666"}],"wp:featuredmedia":[{"embeddable":true,"href":"https:\/\/www.sonnenseite.com\/de\/wp-json\/wp\/v2\/media\/2965"}],"wp:attachment":[{"href":"https:\/\/www.sonnenseite.com\/de\/wp-json\/wp\/v2\/media?parent=79651"}],"wp:term":[{"taxonomy":"category","embeddable":true,"href":"https:\/\/www.sonnenseite.com\/de\/wp-json\/wp\/v2\/categories?post=79651"},{"taxonomy":"post_tag","embeddable":true,"href":"https:\/\/www.sonnenseite.com\/de\/wp-json\/wp\/v2\/tags?post=79651"}],"curies":[{"name":"wp","href":"https:\/\/api.w.org\/{rel}","templated":true}]}}