{"id":79861,"date":"2022-03-02T02:13:00","date_gmt":"2022-03-02T01:13:00","guid":{"rendered":"https:\/\/www.sonnenseite.com\/?p=79861"},"modified":"2022-02-28T10:54:24","modified_gmt":"2022-02-28T09:54:24","slug":"kaefer-im-klimawandel","status":"publish","type":"post","link":"https:\/\/www.sonnenseite.com\/de\/umwelt\/kaefer-im-klimawandel\/","title":{"rendered":"K\u00e4fer im Klimawandel"},"content":{"rendered":"\n<p>Wie reagieren Insekten, die in Baumkronen leben, wenn ihre angestammte Baumart pl\u00f6tzlich verschwindet? Eine Studie in den Auw\u00e4ldern der Elbe bringt \u00fcberraschende Erkenntnisse.<\/p>\n\n\n\n<p>Infolge der D\u00fcrreperioden der letzten Jahre wurde in Deutschland ein ausgepr\u00e4gtes Baumsterben beobachtet, das in W\u00e4ldern und Parks deutlich sichtbare L\u00fccken hinterlassen hat. Alle Klimaprojektionen deuten darauf hin, dass solche Ereignisse in Zukunft h\u00e4ufiger auftreten.<\/p>\n\n\n\n<p>Diese Entwicklung beeinflusst auch Insekten und andere Tiere in den Baumkronen, die einen wesentlichen Teil der Artenvielfalt ausmachen und viele Funktionen \u00fcbernehmen, ohne die kein Wald existieren kann.<\/p>\n\n\n\n<p>Als Reaktion auf das Baumsterben plant die Forstwissenschaft, Wirtschaftsw\u00e4lder in robustere Mischw\u00e4lder umzubauen. Dazu geh\u00f6rt auch die vermehrte Pflanzung hitze- und d\u00fcrreresistenter Baumarten aus anderen L\u00e4ndern.<\/p>\n\n\n\n<p>Doch diese Strategie birgt Risiken und ist umstritten: Werden Pflanzen oder Tiere in Regionen eingef\u00fchrt, in denen sie nicht heimisch sind, kann das die \u00d6kosysteme, deren Biodiversit\u00e4t und Funktion st\u00f6ren. \u201eArt und Ausma\u00df solcher St\u00f6rungen lassen sich aber mit dem derzeitigen Wissensstand nicht vorhersagen.\u201c Das schreiben die Wissenschaftler Andreas Floren und Tobias M\u00fcller von der \u00d6kologie und Bioinformatik der Julius-Maximilians-Universit\u00e4t W\u00fcrzburg (JMU) mit Peter Horchler von der Bundesanstalt f\u00fcr Gew\u00e4sserkunde in Koblenz im Fachjournal <em>Sustainability<\/em>.<\/p>\n\n\n\n<h5 class=\"wp-block-heading\">Exotische B\u00e4ume als Rettungsanker<\/h5>\n\n\n\n<p>Die Forscher zeigen nun, dass nicht-heimische B\u00e4ume in Zeiten des Klimawandels auch Chancen bieten \u2013 sie k\u00f6nnen zum Rettungsanker f\u00fcr Insekten werden, wenn deren angestammte Wirtsb\u00e4ume reihenweise absterben.<\/p>\n\n\n\n<p>Anzeichen daf\u00fcr haben die Biologen in den Auw\u00e4ldern des Biosph\u00e4renreservats Mittelelbe gefunden. Dort wachsen neben der einheimischen Esche (<em>Fraxinus excelsior<\/em>) auch Rot-Eschen (<em>Fraxinus pennsylvanica<\/em>), die aus Nordamerika stammen. Die Exoten wurden dort Anfang des 20. Jahrhunderts gezielt wegen ihrer hohen \u00dcberflutungstoleranz gepflanzt.<\/p>\n\n\n\n<p>\u201eWir haben 2016 und 2017 in den Kronen der beiden Baumarten die Biodiversit\u00e4t der K\u00e4fer analysiert\u201c, erz\u00e4hlt Andreas Floren von der JMU-Arbeitsgruppe System\u00f6kologie, die Tier\u00f6kologie und Bioinformatik vereint. Dabei zeigte sich: Die gr\u00f6\u00dfte K\u00e4fer-Diversit\u00e4t von allen untersuchten Baumarten war auf den heimischen Eschen zu finden. Und sie unterschied sich deutlich von den K\u00e4fergemeinschaften der Rot-Eschen.<\/p>\n\n\n\n<h5 class=\"wp-block-heading\">Heimische Eschen fast komplett abgestorben<\/h5>\n\n\n\n<p>Ein durch D\u00fcrrestress und Pilzinfektionen verursachtes Eschensterben war laut Floren in diesen beiden Jahren nicht erkennbar. Doch 2020, als das Team die Analysen wiederholte, war die Situation v\u00f6llig anders: Zu diesem Zeitpunkt waren mehr als 80 Prozent der heimischen Eschen abgestorben \u2013 was einem \u201eknock-out\u201c dieser Baumart nahekommt. Die Hitze und D\u00fcrre der Vorjahre hatten ihren Tribut gefordert. Die Eschen aus Nordamerika dagegen waren unversehrt geblieben.<\/p>\n\n\n\n<p>Drastisch ver\u00e4ndert hatte sich 2020 auch die K\u00e4ferfauna in den Baumkronen. \u201eDas weist auf eine funktionelle Umstrukturierung des \u00d6kosystems\u201c, erkl\u00e4rt Floren. Viele Arten waren auf die Rot-Esche gewechselt, und mehrere als gef\u00e4hrdet eingestufte Rote-Liste-Arten traten nun so h\u00e4ufig auf, dass sie zu Sch\u00e4dlingen wurden. Diese K\u00e4fer bohren sich in die Rinde der einheimischen Eschen und zerst\u00f6ren deren Bastschicht, so dass die B\u00e4ume sterben.<\/p>\n\n\n\n<p>Erstaunlicherweise fehlten in allen B\u00e4umen pflanzenfressende K\u00e4fer. Dagegen fanden sich mehr im Holz lebende und holzfressende K\u00e4fer. R\u00e4uberische K\u00e4fer und solche, die sich von Pilzen ern\u00e4hren, lebten nun vermehrt auf den nordamerikanischen Eschen.<\/p>\n\n\n\n<p>Die Ergebnisse basieren auf Untersuchungen mittels Insektizidvernebelung (\u201eFogging\u201c). Bei dieser in der Forschung g\u00e4ngigen Methode werden einzelne Baumkronen eingenebelt; K\u00e4fer und andere Insekten fallen in Fangplanen am Boden und k\u00f6nnen dann systematisch bestimmt werden. Das als Insektizid verwendete nat\u00fcrliche Pyrethrum zersetzt sich innerhalb weniger Stunden ohne R\u00fcckst\u00e4nde, so dass die St\u00f6rung f\u00fcr das \u00d6kosystem gering bleibt.<\/p>\n\n\n\n<h5 class=\"wp-block-heading\">Rot-Eschen bieten den zweitbesten Lebensraum<\/h5>\n\n\n\n<p>\u201eAlles in allem legen unsere Daten nahe, dass <em>Fraxinus pennsylvanica<\/em> zu einer Art Rettungsanker f\u00fcr die heimische Fauna werden k\u00f6nnte, wenn die einheimische Esche verschwindet. In diesem Fall bietet die Rot-Esche den zweitbesten Lebensraum\u201c, so Floren. \u201eDass Neophyten f\u00fcr den Erhalt der einheimischen Fauna wichtig werden, ist sehr ungew\u00f6hnlich und nur m\u00f6glich, weil die beiden Eschenarten eng miteinander verwandt sind.\u201c<\/p>\n\n\n\n<p>Als Neophyten bezeichnet man in der Biologie Pflanzen, die durch menschliche Aktivit\u00e4ten an nicht-heimischen Standorten eingef\u00fchrt wurden.<\/p>\n\n\n\n<p>Notwendig seien jetzt weitergehende Untersuchungen zur Diversit\u00e4t und Funktion der Baumkronenfauna inklusive der Neophyten, um auf m\u00f6gliche Folgen des Klimawandels vorbereitet zu sein. Denn: Was in den Auw\u00e4ldern passiert ist, k\u00f6nnte auch das Schicksal anderer W\u00e4lder werden.<\/p>\n\n\n\n<ul class=\"wp-block-list\"><li>The Impact of the Neophyte Tree Fraxinus pennsylvanica [Marshall] on Beetle Diversity under Climate Change. Andreas Floren, Peter J. Horchler, Tobias M\u00fcller. Open Access, 08.02.2022, Sustainability | <a href=\"https:\/\/www.mdpi.com\/2071-1050\/14\/3\/1914\">doi.org\/10.3390\/su14031914\u00a0<\/a><\/li><\/ul>\n\n\n<h5 class=\"green\">Quelle<\/h5>\r\n\n\n\n<p><a href=\"https:\/\/www.uni-wuerzburg.de\/aktuelles\/pressemitteilungen\/single\/news\/kaefer-im-klimawandel-1\/\">Universit\u00e4t W\u00fcrzburg \/ Robert Emmerich 2022<\/a><\/p>\n<div class=\"shariff shariff-align-flex-start shariff-widget-align-flex-start\"><div class=\"ShariffHeadline\">Diese Meldung teilen<\/div><ul class=\"shariff-buttons theme-round orientation-horizontal buttonsize-medium\"><li class=\"shariff-button facebook shariff-nocustomcolor\" style=\"background-color:#4273c8;border-radius:1%\"><a href=\"https:\/\/www.facebook.com\/sharer\/sharer.php?u=https%3A%2F%2Fwww.sonnenseite.com%2Fde%2Fumwelt%2Fkaefer-im-klimawandel%2F\" title=\"Bei Facebook teilen\" aria-label=\"Bei Facebook teilen\" role=\"button\" rel=\"nofollow\" class=\"shariff-link\" style=\";border-radius:1%; background-color:#3b5998; color:#fff\" target=\"_blank\"><span class=\"shariff-icon\" style=\"\"><svg width=\"32px\" height=\"20px\" xmlns=\"http:\/\/www.w3.org\/2000\/svg\" viewBox=\"0 0 18 32\"><path fill=\"#3b5998\" d=\"M17.1 0.2v4.7h-2.8q-1.5 0-2.1 0.6t-0.5 1.9v3.4h5.2l-0.7 5.3h-4.5v13.6h-5.5v-13.6h-4.5v-5.3h4.5v-3.9q0-3.3 1.9-5.2t5-1.8q2.6 0 4.1 0.2z\"\/><\/svg><\/span><\/a><\/li><li class=\"shariff-button twitter shariff-nocustomcolor\" style=\"background-color:#595959;border-radius:1%\"><a href=\"https:\/\/twitter.com\/share?url=https%3A%2F%2Fwww.sonnenseite.com%2Fde%2Fumwelt%2Fkaefer-im-klimawandel%2F&text=K%C3%A4fer%20im%20Klimawandel\" title=\"Bei X teilen\" aria-label=\"Bei X teilen\" role=\"button\" rel=\"noopener nofollow\" class=\"shariff-link\" style=\";border-radius:1%; background-color:#000; color:#fff\" target=\"_blank\"><span class=\"shariff-icon\" style=\"\"><svg width=\"32px\" height=\"20px\" xmlns=\"http:\/\/www.w3.org\/2000\/svg\" viewBox=\"0 0 24 24\"><path fill=\"#000\" d=\"M14.258 10.152L23.176 0h-2.113l-7.747 8.813L7.133 0H0l9.352 13.328L0 23.973h2.113l8.176-9.309 6.531 9.309h7.133zm-2.895 3.293l-.949-1.328L2.875 1.56h3.246l6.086 8.523.945 1.328 7.91 11.078h-3.246zm0 0\"\/><\/svg><\/span><\/a><\/li><li class=\"shariff-button xing shariff-nocustomcolor\" style=\"background-color:#29888a;border-radius:1%\"><a href=\"https:\/\/www.xing.com\/spi\/shares\/new?url=https%3A%2F%2Fwww.sonnenseite.com%2Fde%2Fumwelt%2Fkaefer-im-klimawandel%2F\" title=\"Bei XING teilen\" aria-label=\"Bei XING teilen\" role=\"button\" rel=\"noopener nofollow\" class=\"shariff-link\" style=\";border-radius:1%; background-color:#126567; color:#fff\" target=\"_blank\"><span class=\"shariff-icon\" style=\"\"><svg width=\"32px\" height=\"20px\" xmlns=\"http:\/\/www.w3.org\/2000\/svg\" viewBox=\"0 0 25 32\"><path fill=\"#126567\" d=\"M10.7 11.9q-0.2 0.3-4.6 8.2-0.5 0.8-1.2 0.8h-4.3q-0.4 0-0.5-0.3t0-0.6l4.5-8q0 0 0 0l-2.9-5q-0.2-0.4 0-0.7 0.2-0.3 0.5-0.3h4.3q0.7 0 1.2 0.8zM25.1 0.4q0.2 0.3 0 0.7l-9.4 16.7 6 11q0.2 0.4 0 0.6-0.2 0.3-0.6 0.3h-4.3q-0.7 0-1.2-0.8l-6-11.1q0.3-0.6 9.5-16.8 0.4-0.8 1.2-0.8h4.3q0.4 0 0.5 0.3z\"\/><\/svg><\/span><\/a><\/li><li class=\"shariff-button linkedin shariff-nocustomcolor\" style=\"background-color:#1488bf;border-radius:1%\"><a href=\"https:\/\/www.linkedin.com\/sharing\/share-offsite\/?url=https%3A%2F%2Fwww.sonnenseite.com%2Fde%2Fumwelt%2Fkaefer-im-klimawandel%2F\" title=\"Bei LinkedIn teilen\" aria-label=\"Bei LinkedIn teilen\" role=\"button\" rel=\"noopener nofollow\" class=\"shariff-link\" style=\";border-radius:1%; background-color:#0077b5; color:#fff\" target=\"_blank\"><span class=\"shariff-icon\" style=\"\"><svg width=\"32px\" height=\"20px\" xmlns=\"http:\/\/www.w3.org\/2000\/svg\" viewBox=\"0 0 27 32\"><path fill=\"#0077b5\" d=\"M6.2 11.2v17.7h-5.9v-17.7h5.9zM6.6 5.7q0 1.3-0.9 2.2t-2.4 0.9h0q-1.5 0-2.4-0.9t-0.9-2.2 0.9-2.2 2.4-0.9 2.4 0.9 0.9 2.2zM27.4 18.7v10.1h-5.9v-9.5q0-1.9-0.7-2.9t-2.3-1.1q-1.1 0-1.9 0.6t-1.2 1.5q-0.2 0.5-0.2 1.4v9.9h-5.9q0-7.1 0-11.6t0-5.3l0-0.9h5.9v2.6h0q0.4-0.6 0.7-1t1-0.9 1.6-0.8 2-0.3q3 0 4.9 2t1.9 6z\"\/><\/svg><\/span><\/a><\/li><li class=\"shariff-button printer shariff-nocustomcolor\" style=\"background-color:#a8a8a8;border-radius:1%\"><a href=\"javascript:window.print()\" title=\"drucken\" aria-label=\"drucken\" role=\"button\" rel=\"noopener nofollow\" class=\"shariff-link\" style=\";border-radius:1%; background-color:#999; color:#fff\"><span class=\"shariff-icon\" style=\"\"><svg width=\"32px\" height=\"20px\" xmlns=\"http:\/\/www.w3.org\/2000\/svg\" viewBox=\"0 0 30 32\"><path fill=\"#999\" d=\"M6.8 27.4h16v-4.6h-16v4.6zM6.8 16h16v-6.8h-2.8q-0.7 0-1.2-0.5t-0.5-1.2v-2.8h-11.4v11.4zM27.4 17.2q0-0.5-0.3-0.8t-0.8-0.4-0.8 0.4-0.3 0.8 0.3 0.8 0.8 0.3 0.8-0.3 0.3-0.8zM29.7 17.2v7.4q0 0.2-0.2 0.4t-0.4 0.2h-4v2.8q0 0.7-0.5 1.2t-1.2 0.5h-17.2q-0.7 0-1.2-0.5t-0.5-1.2v-2.8h-4q-0.2 0-0.4-0.2t-0.2-0.4v-7.4q0-1.4 1-2.4t2.4-1h1.2v-9.7q0-0.7 0.5-1.2t1.2-0.5h12q0.7 0 1.6 0.4t1.3 0.8l2.7 2.7q0.5 0.5 0.9 1.4t0.4 1.6v4.6h1.1q1.4 0 2.4 1t1 2.4z\"\/><\/svg><\/span><\/a><\/li><li class=\"shariff-button mailto shariff-nocustomcolor\" style=\"background-color:#a8a8a8;border-radius:1%\"><a href=\"mailto:?body=https%3A%2F%2Fwww.sonnenseite.com%2Fde%2Fumwelt%2Fkaefer-im-klimawandel%2F&subject=K%C3%A4fer%20im%20Klimawandel\" title=\"Per E-Mail versenden\" aria-label=\"Per E-Mail versenden\" role=\"button\" rel=\"noopener nofollow\" class=\"shariff-link\" style=\";border-radius:1%; background-color:#999; color:#fff\"><span class=\"shariff-icon\" style=\"\"><svg width=\"32px\" height=\"20px\" xmlns=\"http:\/\/www.w3.org\/2000\/svg\" viewBox=\"0 0 32 32\"><path fill=\"#999\" d=\"M32 12.7v14.2q0 1.2-0.8 2t-2 0.9h-26.3q-1.2 0-2-0.9t-0.8-2v-14.2q0.8 0.9 1.8 1.6 6.5 4.4 8.9 6.1 1 0.8 1.6 1.2t1.7 0.9 2 0.4h0.1q0.9 0 2-0.4t1.7-0.9 1.6-1.2q3-2.2 8.9-6.1 1-0.7 1.8-1.6zM32 7.4q0 1.4-0.9 2.7t-2.2 2.2q-6.7 4.7-8.4 5.8-0.2 0.1-0.7 0.5t-1 0.7-0.9 0.6-1.1 0.5-0.9 0.2h-0.1q-0.4 0-0.9-0.2t-1.1-0.5-0.9-0.6-1-0.7-0.7-0.5q-1.6-1.1-4.7-3.2t-3.6-2.6q-1.1-0.7-2.1-2t-1-2.5q0-1.4 0.7-2.3t2.1-0.9h26.3q1.2 0 2 0.8t0.9 2z\"\/><\/svg><\/span><\/a><\/li><\/ul><\/div>","protected":false},"excerpt":{"rendered":"<p>Wie reagieren Insekten, die in Baumkronen leben, wenn ihre angestammte Baumart pl\u00f6tzlich verschwindet? Eine Studie in [&hellip;]<\/p>\n","protected":false},"author":3,"featured_media":79865,"comment_status":"closed","ping_status":"closed","sticky":false,"template":"","format":"standard","meta":{"inline_featured_image":false,"footnotes":""},"categories":[23],"tags":[],"class_list":["post-79861","post","type-post","status-publish","format-standard","has-post-thumbnail","hentry","category-umwelt"],"yoast_head":"<!-- This site is optimized with the Yoast SEO plugin v26.5 - https:\/\/yoast.com\/wordpress\/plugins\/seo\/ -->\n<title>K\u00e4fer im Klimawandel - Sonnenseite - \u00d6kologische Kommunikation mit Franz Alt<\/title>\n<meta name=\"description\" content=\"Wie reagieren Insekten, die in Baumkronen leben, wenn ihre angestammte Baumart pl\u00f6tzlich verschwindet? Eine Studie in den Auw\u00e4ldern der Elbe bringt\" \/>\n<meta name=\"robots\" content=\"index, follow, max-snippet:-1, max-image-preview:large, max-video-preview:-1\" \/>\n<link rel=\"canonical\" href=\"https:\/\/www.sonnenseite.com\/de\/umwelt\/kaefer-im-klimawandel\/\" \/>\n<meta property=\"og:locale\" content=\"de_DE\" \/>\n<meta property=\"og:type\" content=\"article\" \/>\n<meta property=\"og:title\" content=\"K\u00e4fer im Klimawandel - Sonnenseite - \u00d6kologische Kommunikation mit Franz Alt\" \/>\n<meta property=\"og:description\" content=\"Wie reagieren Insekten, die in Baumkronen leben, wenn ihre angestammte Baumart pl\u00f6tzlich verschwindet? Eine Studie in den Auw\u00e4ldern der Elbe bringt\" \/>\n<meta property=\"og:url\" content=\"https:\/\/www.sonnenseite.com\/de\/umwelt\/kaefer-im-klimawandel\/\" \/>\n<meta property=\"og:site_name\" content=\"Sonnenseite\" \/>\n<meta property=\"article:publisher\" content=\"https:\/\/www.facebook.com\/pages\/Franz-Alt-SONNENSEITECOM\/221072987903953?fref=ts\" \/>\n<meta property=\"article:published_time\" content=\"2022-03-02T01:13:00+00:00\" \/>\n<meta property=\"og:image\" content=\"https:\/\/www.sonnenseite.com\/wp-content\/uploads\/2022\/02\/UniWuerzburg_Wald_AndreasFloren.jpg\" \/>\n\t<meta property=\"og:image:width\" content=\"770\" \/>\n\t<meta property=\"og:image:height\" content=\"420\" \/>\n\t<meta property=\"og:image:type\" content=\"image\/jpeg\" \/>\n<meta name=\"author\" content=\"Bigi Alt\" \/>\n<meta name=\"twitter:card\" content=\"summary_large_image\" \/>\n<meta name=\"twitter:creator\" content=\"@franzalt\" \/>\n<meta name=\"twitter:site\" content=\"@franzalt\" \/>\n<meta name=\"twitter:label1\" content=\"Verfasst von\" \/>\n\t<meta name=\"twitter:data1\" content=\"Bigi Alt\" \/>\n\t<meta name=\"twitter:label2\" content=\"Gesch\u00e4tzte Lesezeit\" \/>\n\t<meta name=\"twitter:data2\" content=\"4\u00a0Minuten\" \/>\n<script type=\"application\/ld+json\" class=\"yoast-schema-graph\">{\"@context\":\"https:\/\/schema.org\",\"@graph\":[{\"@type\":\"Article\",\"@id\":\"https:\/\/www.sonnenseite.com\/de\/umwelt\/kaefer-im-klimawandel\/#article\",\"isPartOf\":{\"@id\":\"https:\/\/www.sonnenseite.com\/de\/umwelt\/kaefer-im-klimawandel\/\"},\"author\":{\"name\":\"Bigi Alt\",\"@id\":\"https:\/\/www.sonnenseite.com\/de\/#\/schema\/person\/50fda0e926597684c7cc6695238a4eb9\"},\"headline\":\"K\u00e4fer im Klimawandel\",\"datePublished\":\"2022-03-02T01:13:00+00:00\",\"mainEntityOfPage\":{\"@id\":\"https:\/\/www.sonnenseite.com\/de\/umwelt\/kaefer-im-klimawandel\/\"},\"wordCount\":765,\"publisher\":{\"@id\":\"https:\/\/www.sonnenseite.com\/de\/#organization\"},\"image\":{\"@id\":\"https:\/\/www.sonnenseite.com\/de\/umwelt\/kaefer-im-klimawandel\/#primaryimage\"},\"thumbnailUrl\":\"https:\/\/www.sonnenseite.com\/wp-content\/uploads\/2022\/02\/UniWuerzburg_Wald_AndreasFloren.jpg\",\"articleSection\":[\"Umwelt\"],\"inLanguage\":\"de\"},{\"@type\":\"WebPage\",\"@id\":\"https:\/\/www.sonnenseite.com\/de\/umwelt\/kaefer-im-klimawandel\/\",\"url\":\"https:\/\/www.sonnenseite.com\/de\/umwelt\/kaefer-im-klimawandel\/\",\"name\":\"K\u00e4fer im Klimawandel - Sonnenseite - \u00d6kologische Kommunikation mit Franz Alt\",\"isPartOf\":{\"@id\":\"https:\/\/www.sonnenseite.com\/de\/#website\"},\"primaryImageOfPage\":{\"@id\":\"https:\/\/www.sonnenseite.com\/de\/umwelt\/kaefer-im-klimawandel\/#primaryimage\"},\"image\":{\"@id\":\"https:\/\/www.sonnenseite.com\/de\/umwelt\/kaefer-im-klimawandel\/#primaryimage\"},\"thumbnailUrl\":\"https:\/\/www.sonnenseite.com\/wp-content\/uploads\/2022\/02\/UniWuerzburg_Wald_AndreasFloren.jpg\",\"datePublished\":\"2022-03-02T01:13:00+00:00\",\"description\":\"Wie reagieren Insekten, die in Baumkronen leben, wenn ihre angestammte Baumart pl\u00f6tzlich verschwindet? Eine Studie in den Auw\u00e4ldern der Elbe bringt\",\"breadcrumb\":{\"@id\":\"https:\/\/www.sonnenseite.com\/de\/umwelt\/kaefer-im-klimawandel\/#breadcrumb\"},\"inLanguage\":\"de\",\"potentialAction\":[{\"@type\":\"ReadAction\",\"target\":[\"https:\/\/www.sonnenseite.com\/de\/umwelt\/kaefer-im-klimawandel\/\"]}]},{\"@type\":\"ImageObject\",\"inLanguage\":\"de\",\"@id\":\"https:\/\/www.sonnenseite.com\/de\/umwelt\/kaefer-im-klimawandel\/#primaryimage\",\"url\":\"https:\/\/www.sonnenseite.com\/wp-content\/uploads\/2022\/02\/UniWuerzburg_Wald_AndreasFloren.jpg\",\"contentUrl\":\"https:\/\/www.sonnenseite.com\/wp-content\/uploads\/2022\/02\/UniWuerzburg_Wald_AndreasFloren.jpg\",\"width\":770,\"height\":420,\"caption\":\"Universit\u00e4t W\u00fcrzburg | Andreas Floren | Mit der Fogging-Methode lassen sich Insekten und Spinnentiere aus Baumkronen ann\u00e4hernd vollst\u00e4ndig sammeln. Die Tiere werden auf Planen aufgefangen, eingesammelt und bestimmt. Rechts oben: In Folge der Trockenheit waren die meisten B\u00e4ume der einheimischen Esche 2020 abgestorben. Nach einer Massenvermehrung des Eschen-Borkenk\u00e4fers Hylesinus fraxini zerst\u00f6rten Spechte die Rinde der Eschen, was den toten St\u00e4mmen ihre markante Struktur verleiht.\"},{\"@type\":\"BreadcrumbList\",\"@id\":\"https:\/\/www.sonnenseite.com\/de\/umwelt\/kaefer-im-klimawandel\/#breadcrumb\",\"itemListElement\":[{\"@type\":\"ListItem\",\"position\":1,\"name\":\"Startseite\",\"item\":\"https:\/\/www.sonnenseite.com\/de\/\"},{\"@type\":\"ListItem\",\"position\":2,\"name\":\"K\u00e4fer im Klimawandel\"}]},{\"@type\":\"WebSite\",\"@id\":\"https:\/\/www.sonnenseite.com\/de\/#website\",\"url\":\"https:\/\/www.sonnenseite.com\/de\/\",\"name\":\"Sonnenseite\",\"description\":\"\u00d6kologische Kommunikation mit Franz Alt\",\"publisher\":{\"@id\":\"https:\/\/www.sonnenseite.com\/de\/#organization\"},\"potentialAction\":[{\"@type\":\"SearchAction\",\"target\":{\"@type\":\"EntryPoint\",\"urlTemplate\":\"https:\/\/www.sonnenseite.com\/de\/?s={search_term_string}\"},\"query-input\":{\"@type\":\"PropertyValueSpecification\",\"valueRequired\":true,\"valueName\":\"search_term_string\"}}],\"inLanguage\":\"de\"},{\"@type\":\"Organization\",\"@id\":\"https:\/\/www.sonnenseite.com\/de\/#organization\",\"name\":\"Sonnenseite\",\"url\":\"https:\/\/www.sonnenseite.com\/de\/\",\"logo\":{\"@type\":\"ImageObject\",\"inLanguage\":\"de\",\"@id\":\"https:\/\/www.sonnenseite.com\/de\/#\/schema\/logo\/image\/\",\"url\":\"https:\/\/www.sonnenseite.com\/wp-content\/uploads\/2020\/05\/Sonnenseite_Logo.png\",\"contentUrl\":\"https:\/\/www.sonnenseite.com\/wp-content\/uploads\/2020\/05\/Sonnenseite_Logo.png\",\"width\":377,\"height\":90,\"caption\":\"Sonnenseite\"},\"image\":{\"@id\":\"https:\/\/www.sonnenseite.com\/de\/#\/schema\/logo\/image\/\"},\"sameAs\":[\"https:\/\/www.facebook.com\/pages\/Franz-Alt-SONNENSEITECOM\/221072987903953?fref=ts\",\"https:\/\/x.com\/franzalt\",\"http:\/\/www.youtube.com\/results?search_query&amp;amp;quot;franz_alt&amp;amp;quot;&amp;amp;amp;amp;search_type&amp;amp;amp;amp;aq=f\"]},{\"@type\":\"Person\",\"@id\":\"https:\/\/www.sonnenseite.com\/de\/#\/schema\/person\/50fda0e926597684c7cc6695238a4eb9\",\"name\":\"Bigi Alt\"}]}<\/script>\n<!-- \/ Yoast SEO plugin. -->","yoast_head_json":{"title":"K\u00e4fer im Klimawandel - Sonnenseite - \u00d6kologische Kommunikation mit Franz Alt","description":"Wie reagieren Insekten, die in Baumkronen leben, wenn ihre angestammte Baumart pl\u00f6tzlich verschwindet? Eine Studie in den Auw\u00e4ldern der Elbe bringt","robots":{"index":"index","follow":"follow","max-snippet":"max-snippet:-1","max-image-preview":"max-image-preview:large","max-video-preview":"max-video-preview:-1"},"canonical":"https:\/\/www.sonnenseite.com\/de\/umwelt\/kaefer-im-klimawandel\/","og_locale":"de_DE","og_type":"article","og_title":"K\u00e4fer im Klimawandel - Sonnenseite - \u00d6kologische Kommunikation mit Franz Alt","og_description":"Wie reagieren Insekten, die in Baumkronen leben, wenn ihre angestammte Baumart pl\u00f6tzlich verschwindet? Eine Studie in den Auw\u00e4ldern der Elbe bringt","og_url":"https:\/\/www.sonnenseite.com\/de\/umwelt\/kaefer-im-klimawandel\/","og_site_name":"Sonnenseite","article_publisher":"https:\/\/www.facebook.com\/pages\/Franz-Alt-SONNENSEITECOM\/221072987903953?fref=ts","article_published_time":"2022-03-02T01:13:00+00:00","og_image":[{"width":770,"height":420,"url":"https:\/\/www.sonnenseite.com\/wp-content\/uploads\/2022\/02\/UniWuerzburg_Wald_AndreasFloren.jpg","type":"image\/jpeg"}],"author":"Bigi Alt","twitter_card":"summary_large_image","twitter_creator":"@franzalt","twitter_site":"@franzalt","twitter_misc":{"Verfasst von":"Bigi Alt","Gesch\u00e4tzte Lesezeit":"4\u00a0Minuten"},"schema":{"@context":"https:\/\/schema.org","@graph":[{"@type":"Article","@id":"https:\/\/www.sonnenseite.com\/de\/umwelt\/kaefer-im-klimawandel\/#article","isPartOf":{"@id":"https:\/\/www.sonnenseite.com\/de\/umwelt\/kaefer-im-klimawandel\/"},"author":{"name":"Bigi Alt","@id":"https:\/\/www.sonnenseite.com\/de\/#\/schema\/person\/50fda0e926597684c7cc6695238a4eb9"},"headline":"K\u00e4fer im Klimawandel","datePublished":"2022-03-02T01:13:00+00:00","mainEntityOfPage":{"@id":"https:\/\/www.sonnenseite.com\/de\/umwelt\/kaefer-im-klimawandel\/"},"wordCount":765,"publisher":{"@id":"https:\/\/www.sonnenseite.com\/de\/#organization"},"image":{"@id":"https:\/\/www.sonnenseite.com\/de\/umwelt\/kaefer-im-klimawandel\/#primaryimage"},"thumbnailUrl":"https:\/\/www.sonnenseite.com\/wp-content\/uploads\/2022\/02\/UniWuerzburg_Wald_AndreasFloren.jpg","articleSection":["Umwelt"],"inLanguage":"de"},{"@type":"WebPage","@id":"https:\/\/www.sonnenseite.com\/de\/umwelt\/kaefer-im-klimawandel\/","url":"https:\/\/www.sonnenseite.com\/de\/umwelt\/kaefer-im-klimawandel\/","name":"K\u00e4fer im Klimawandel - Sonnenseite - \u00d6kologische Kommunikation mit Franz Alt","isPartOf":{"@id":"https:\/\/www.sonnenseite.com\/de\/#website"},"primaryImageOfPage":{"@id":"https:\/\/www.sonnenseite.com\/de\/umwelt\/kaefer-im-klimawandel\/#primaryimage"},"image":{"@id":"https:\/\/www.sonnenseite.com\/de\/umwelt\/kaefer-im-klimawandel\/#primaryimage"},"thumbnailUrl":"https:\/\/www.sonnenseite.com\/wp-content\/uploads\/2022\/02\/UniWuerzburg_Wald_AndreasFloren.jpg","datePublished":"2022-03-02T01:13:00+00:00","description":"Wie reagieren Insekten, die in Baumkronen leben, wenn ihre angestammte Baumart pl\u00f6tzlich verschwindet? Eine Studie in den Auw\u00e4ldern der Elbe bringt","breadcrumb":{"@id":"https:\/\/www.sonnenseite.com\/de\/umwelt\/kaefer-im-klimawandel\/#breadcrumb"},"inLanguage":"de","potentialAction":[{"@type":"ReadAction","target":["https:\/\/www.sonnenseite.com\/de\/umwelt\/kaefer-im-klimawandel\/"]}]},{"@type":"ImageObject","inLanguage":"de","@id":"https:\/\/www.sonnenseite.com\/de\/umwelt\/kaefer-im-klimawandel\/#primaryimage","url":"https:\/\/www.sonnenseite.com\/wp-content\/uploads\/2022\/02\/UniWuerzburg_Wald_AndreasFloren.jpg","contentUrl":"https:\/\/www.sonnenseite.com\/wp-content\/uploads\/2022\/02\/UniWuerzburg_Wald_AndreasFloren.jpg","width":770,"height":420,"caption":"Universit\u00e4t W\u00fcrzburg | Andreas Floren | Mit der Fogging-Methode lassen sich Insekten und Spinnentiere aus Baumkronen ann\u00e4hernd vollst\u00e4ndig sammeln. Die Tiere werden auf Planen aufgefangen, eingesammelt und bestimmt. Rechts oben: In Folge der Trockenheit waren die meisten B\u00e4ume der einheimischen Esche 2020 abgestorben. Nach einer Massenvermehrung des Eschen-Borkenk\u00e4fers Hylesinus fraxini zerst\u00f6rten Spechte die Rinde der Eschen, was den toten St\u00e4mmen ihre markante Struktur verleiht."},{"@type":"BreadcrumbList","@id":"https:\/\/www.sonnenseite.com\/de\/umwelt\/kaefer-im-klimawandel\/#breadcrumb","itemListElement":[{"@type":"ListItem","position":1,"name":"Startseite","item":"https:\/\/www.sonnenseite.com\/de\/"},{"@type":"ListItem","position":2,"name":"K\u00e4fer im Klimawandel"}]},{"@type":"WebSite","@id":"https:\/\/www.sonnenseite.com\/de\/#website","url":"https:\/\/www.sonnenseite.com\/de\/","name":"Sonnenseite","description":"\u00d6kologische Kommunikation mit Franz Alt","publisher":{"@id":"https:\/\/www.sonnenseite.com\/de\/#organization"},"potentialAction":[{"@type":"SearchAction","target":{"@type":"EntryPoint","urlTemplate":"https:\/\/www.sonnenseite.com\/de\/?s={search_term_string}"},"query-input":{"@type":"PropertyValueSpecification","valueRequired":true,"valueName":"search_term_string"}}],"inLanguage":"de"},{"@type":"Organization","@id":"https:\/\/www.sonnenseite.com\/de\/#organization","name":"Sonnenseite","url":"https:\/\/www.sonnenseite.com\/de\/","logo":{"@type":"ImageObject","inLanguage":"de","@id":"https:\/\/www.sonnenseite.com\/de\/#\/schema\/logo\/image\/","url":"https:\/\/www.sonnenseite.com\/wp-content\/uploads\/2020\/05\/Sonnenseite_Logo.png","contentUrl":"https:\/\/www.sonnenseite.com\/wp-content\/uploads\/2020\/05\/Sonnenseite_Logo.png","width":377,"height":90,"caption":"Sonnenseite"},"image":{"@id":"https:\/\/www.sonnenseite.com\/de\/#\/schema\/logo\/image\/"},"sameAs":["https:\/\/www.facebook.com\/pages\/Franz-Alt-SONNENSEITECOM\/221072987903953?fref=ts","https:\/\/x.com\/franzalt","http:\/\/www.youtube.com\/results?search_query&amp;amp;quot;franz_alt&amp;amp;quot;&amp;amp;amp;amp;search_type&amp;amp;amp;amp;aq=f"]},{"@type":"Person","@id":"https:\/\/www.sonnenseite.com\/de\/#\/schema\/person\/50fda0e926597684c7cc6695238a4eb9","name":"Bigi Alt"}]}},"_links":{"self":[{"href":"https:\/\/www.sonnenseite.com\/de\/wp-json\/wp\/v2\/posts\/79861","targetHints":{"allow":["GET"]}}],"collection":[{"href":"https:\/\/www.sonnenseite.com\/de\/wp-json\/wp\/v2\/posts"}],"about":[{"href":"https:\/\/www.sonnenseite.com\/de\/wp-json\/wp\/v2\/types\/post"}],"author":[{"embeddable":true,"href":"https:\/\/www.sonnenseite.com\/de\/wp-json\/wp\/v2\/users\/3"}],"replies":[{"embeddable":true,"href":"https:\/\/www.sonnenseite.com\/de\/wp-json\/wp\/v2\/comments?post=79861"}],"version-history":[{"count":3,"href":"https:\/\/www.sonnenseite.com\/de\/wp-json\/wp\/v2\/posts\/79861\/revisions"}],"predecessor-version":[{"id":79864,"href":"https:\/\/www.sonnenseite.com\/de\/wp-json\/wp\/v2\/posts\/79861\/revisions\/79864"}],"wp:featuredmedia":[{"embeddable":true,"href":"https:\/\/www.sonnenseite.com\/de\/wp-json\/wp\/v2\/media\/79865"}],"wp:attachment":[{"href":"https:\/\/www.sonnenseite.com\/de\/wp-json\/wp\/v2\/media?parent=79861"}],"wp:term":[{"taxonomy":"category","embeddable":true,"href":"https:\/\/www.sonnenseite.com\/de\/wp-json\/wp\/v2\/categories?post=79861"},{"taxonomy":"post_tag","embeddable":true,"href":"https:\/\/www.sonnenseite.com\/de\/wp-json\/wp\/v2\/tags?post=79861"}],"curies":[{"name":"wp","href":"https:\/\/api.w.org\/{rel}","templated":true}]}}