{"id":79870,"date":"2022-03-01T08:30:00","date_gmt":"2022-03-01T07:30:00","guid":{"rendered":"https:\/\/www.sonnenseite.com\/?p=79870"},"modified":"2022-03-06T10:50:57","modified_gmt":"2022-03-06T09:50:57","slug":"die-welt-ist-bei-15-grad-verletzlicher-geworden","status":"publish","type":"post","link":"https:\/\/www.sonnenseite.com\/de\/wissenschaft\/die-welt-ist-bei-15-grad-verletzlicher-geworden\/","title":{"rendered":"Die Welt ist bei 1,5 Grad verletzlicher geworden"},"content":{"rendered":"\n<p><a href=\"https:\/\/www.de-ipcc.de\/354.php\">Teil zwei des sechsten IPCC-Berichts<\/a> &#8211; Im neuen IPCC-Teilbericht zeigen sich die Fortschritte der Klimawissenschaft. Selbst eine Begrenzung der Erw\u00e4rmung auf 1,5 Grad h\u00e4tte gravierende Folgen. <\/p>\n\n\n\n<p>Viel st\u00e4rker als zuvor stellt der Bericht heraus, wie sehr Klimaanpassung von der sozialen Lage gesellschaftlicher Gruppen oder ganzer L\u00e4nder abh\u00e4ngt.<\/p>\n\n\n\n<p>Die H\u00e4lfte der Menschheit lebt schon jetzt in Regionen, die durch den Klimawandel hoch verwundbar sind. Das ist eine der zentralen Aussagen im <a href=\"https:\/\/www.klimareporter.de\/erdsystem\/noch-ist-die-welt-unzureichend-auf-klimaerwaermung-vorbereitet\" target=\"_blank\" rel=\"noreferrer noopener\">neuen IPCC-Teilbericht<\/a>. Dieser betritt in mehrfacher Hinsicht Neuland f\u00fcr Berichte des Weltklimarates, wie die folgende Auswahl zeigt.<\/p>\n\n\n\n<h5 class=\"wp-block-heading\">Verluste und Sch\u00e4den bei 1,5 Grad<\/h5>\n\n\n\n<p>Schon eine globale Erw\u00e4rmung um 1,5 Grad Celsius f\u00fchrt zu einem Anstieg vielfacher Klimarisiken (<em>multiple climate hazards<\/em>) f\u00fcr \u00d6kosysteme und Menschen, stellt der Bericht fest.<\/p>\n\n\n\n<p>Selbst wenn es gel\u00e4nge, die globale Erw\u00e4rmung kurzfristig auf die 2015 <a href=\"https:\/\/www.klimareporter.de\/klimakonferenzen\/so-geht-klimaschutz-im-21-jahrhundert\" target=\"_blank\" rel=\"noreferrer noopener\">in&nbsp;Paris beschlossenen<\/a> 1,5 Grad zu begrenzen, w\u00fcrde das zwar die Verluste und Sch\u00e4den erheblich reduzieren, aber nicht vollst\u00e4ndig vermeiden. In Land\u00f6kosystemen w\u00e4ren dann drei bis 14 Prozent der Arten von einem &#8222;sehr hohen Aussterberisiko&#8220; betroffen, hei\u00dft es im Bericht.<\/p>\n\n\n\n<p>Auch f\u00fcr den Fall, dass die 1,5-Grad-Grenze nur zeitlich begrenzt und vor\u00fcbergehend \u00fcberschritten wird (<em>overshoot<\/em>), warnt der Bericht vor dem Eintreten zus\u00e4tzlicher und schwerwiegender Risiken. Bereits dann k\u00f6nnten Ver\u00e4nderungen eintreten, die unumkehrbar (<em>irreversible<\/em>) sind, selbst wenn die globale Erw\u00e4rmung sp\u00e4ter zur\u00fcckgeht.<\/p>\n\n\n\n<p>F\u00fcr <a href=\"https:\/\/www.geographie.uni-muenchen.de\/department\/fiona\/personen\/index.php?personen_details=1&amp;user_id=332\" target=\"_blank\" rel=\"noreferrer noopener\">Matthias Garschagen<\/a> von der Universit\u00e4t M\u00fcnchen liefert der Bericht gerade bei den Overshoot-Pfaden wichtige neue Erkenntnisse. Auch diese h\u00e4tten schwerwiegende und teilweise unwiderrufliche Sch\u00e4den f\u00fcr \u00d6kosysteme und Gesellschaften zur Folge, erkl\u00e4rt der Experte f\u00fcr Mensch-Umwelt-Beziehungen.<\/p>\n\n\n\n<div class=\"wp-block-image\"><figure class=\"alignleft size-full is-resized\"><img loading=\"lazy\" decoding=\"async\" src=\"https:\/\/www.sonnenseite.com\/wp-content\/uploads\/2022\/02\/Eis_Taken.jpg\" alt=\"pixabay.com | Taken | Eis schmilzt\" class=\"wp-image-79878\" width=\"349\" height=\"190\" srcset=\"https:\/\/www.sonnenseite.com\/wp-content\/uploads\/2022\/02\/Eis_Taken.jpg 770w, https:\/\/www.sonnenseite.com\/wp-content\/uploads\/2022\/02\/Eis_Taken-300x164.jpg 300w, https:\/\/www.sonnenseite.com\/wp-content\/uploads\/2022\/02\/Eis_Taken-768x419.jpg 768w\" sizes=\"auto, (max-width: 349px) 100vw, 349px\" \/><figcaption>\u00a9 pixabay.com | Taken <\/figcaption><\/figure><\/div>\n\n\n\n<p>Der Bericht selbst warnt vor irreversiblen Auswirkungen auf \u00d6kosysteme mit geringer Widerstandsf\u00e4higkeit \u2013 wie Polar-, Gebirgs- und K\u00fcsten\u00f6kosysteme. Diese k\u00f6nnen etwa von <a href=\"https:\/\/www.klimareporter.de\/tag\/eisschilde\" target=\"_blank\" rel=\"noreferrer noopener\">abschmelzenden Eisschilden<\/a> betroffen sein. In manchen kohlenstoffreichen \u00d6kosystemen seien solche Auswirkungen bereits beobachtet worden und sie w\u00fcrden voraussichtlich mit jedem weiteren Anstieg der globalen Erw\u00e4rmung zunehmen. Dazu geh\u00f6rten vermehrte Waldbr\u00e4nde, massenhaftes Baumsterben, austrocknende Torfgebiete und tauende Permafrostb\u00f6den.<\/p>\n\n\n\n<p>In der Klimaschutzdebatte herrscht aus Sicht von Garschagen &#8222;zu h\u00e4ufig&#8220; die Meinung vor, man k\u00f6nne sich f\u00fcr einen gewissen Zeitraum h\u00f6here Erw\u00e4rmungsgrade erlauben \u2013 in der Hoffnung, dass in Zukunft Technologien f\u00fcr besseren Klimaschutz und <a href=\"https:\/\/www.klimareporter.de\/erdsystem\/natuerliche-co2-speicher-sind-zu-unsicher\" target=\"_blank\" rel=\"noreferrer noopener\">&#8222;negative Emissionen&#8220;<\/a> zur Verf\u00fcgung st\u00fcnden.<\/p>\n\n\n\n<h5 class=\"wp-block-heading\">Steigende Risiken bei weiterer Erw\u00e4rmung<\/h5>\n\n\n\n<p>Der Bericht listet insgesamt 127 Schl\u00fcsselrisiken (<em>key risks<\/em>) auf, deren Auswirkungen mittel- und langfristig um ein Vielfaches h\u00f6her sein werden als heute. Hierzu z\u00e4hlen zum Beispiel die <a href=\"https:\/\/www.klimareporter.de\/gesellschaft\/hitze-toetet-hier-und-jetzt\" target=\"_blank\" rel=\"noreferrer noopener\">Zunahme an Hitzetoten<\/a>, der Anstieg der Sch\u00e4den durch Hochwasser und St\u00fcrme oder auch verminderte Bewohnbarkeit und m\u00f6gliche Verdr\u00e4ngung, etwa in <a href=\"https:\/\/www.klimareporter.de\/tag\/inselstaaten\" target=\"_blank\" rel=\"noreferrer noopener\">kleinen Inselstaaten<\/a>.<\/p>\n\n\n\n<p>Gegen\u00fcber dem f\u00fcnften Sachstandsbericht werden die Risikoschwellen schon bei einer jeweils geringeren Erderw\u00e4rmung erreicht, hebt <a href=\"https:\/\/www.awi.de\/ueber-uns\/service\/expertendatenbank\/hans-otto-poertner.html\" target=\"_blank\" rel=\"noreferrer noopener\">Hans-Otto P\u00f6rtner<\/a>, einer der beiden Co-Vorsitzenden der Arbeitsgruppe zwei, eines der zentralen Ergebnisse des neuen Berichts hervor. Die Datenbasis, um die Auswirkungen des Klimawandels zu beurteilen, sei wesentlich pr\u00e4ziser geworden, erl\u00e4utert der Biologe.<\/p>\n\n\n\n<p>Auch Matthias Garschagen betont: &#8222;Die zu erwartenden Sch\u00e4den steigen mit jedem bisschen Erw\u00e4rmung merkbar an und liegen in einer Welt mit zwei Grad Erw\u00e4rmung am Ende des Jahrhunderts deutlich \u00fcber denen bei einer Erw\u00e4rmung von nur 1,5 Grad.&#8220;<\/p>\n\n\n\n<h5 class=\"wp-block-heading\">Soziales Ma\u00df bei globaler Verwundbarkeit<\/h5>\n\n\n\n<p>Fast die H\u00e4lfte der Menschheit \u2013 3,3 bis 3,6 Milliarden Menschen \u2013 lebt gegenw\u00e4rtig in einem Umfeld, das hoch verletzlich (<em>highly vulnerable<\/em>) gegen\u00fcber den Folgen des Klimawandels ist, bilanziert der Bericht.<\/p>\n\n\n\n<p>Das Ma\u00df der Verletzlichkeit richtet sich dabei stark nach sozialen Kriterien. Es gebe globale &#8222;Hotspots&#8220; der Betroffenheit, erkl\u00e4rt <a href=\"https:\/\/www.ireus.uni-stuttgart.de\/institut\/team\/Birkmann\/\" target=\"_blank\" rel=\"noreferrer noopener\">J\u00f6rn Birkmann<\/a>, Chef des Instituts f\u00fcr Raumordnung und Entwicklungsplanung an der Uni Stuttgart. Der Bericht nennt hier vor allem Regionen in West-, Zentral- und Ostafrika, S\u00fcdasien, Mittel- und S\u00fcdamerika sowie die kleinen Inselentwicklungsstaaten und die Arktis.<\/p>\n\n\n\n<div class=\"wp-block-image\"><figure class=\"alignright size-full is-resized\"><img loading=\"lazy\" decoding=\"async\" src=\"https:\/\/www.sonnenseite.com\/wp-content\/uploads\/2019\/08\/Hitze_Regen_pixabay_fotolia.jpg\" alt=\"pixabay.com\/geralt | Fotolia.com\/Chris_trendobjects \" class=\"wp-image-7291\" width=\"409\" height=\"223\" srcset=\"https:\/\/www.sonnenseite.com\/wp-content\/uploads\/2019\/08\/Hitze_Regen_pixabay_fotolia.jpg 770w, https:\/\/www.sonnenseite.com\/wp-content\/uploads\/2019\/08\/Hitze_Regen_pixabay_fotolia-300x164.jpg 300w, https:\/\/www.sonnenseite.com\/wp-content\/uploads\/2019\/08\/Hitze_Regen_pixabay_fotolia-768x419.jpg 768w\" sizes=\"auto, (max-width: 409px) 100vw, 409px\" \/><figcaption>\u00a9 pixabay.com\/geralt | Fotolia.com\/Chris_trendobjects <\/figcaption><\/figure><\/div>\n\n\n\n<p>Der eigentliche Treiber der Verwundbarkeit sei dabei nicht die Hitzewelle selbst, sondern die Situation der Betroffenen, sagt Birkmann. Er hat dabei vor allem gesellschaftliche Destabilisierungsprozesse im Blick. &#8222;Arme Gruppen werden vor erhebliche Probleme gestellt, Anpassungskapazit\u00e4ten aufzubauen.&#8220;<\/p>\n\n\n\n<p>Auch die andere H\u00e4lfte der Menschheit k\u00f6nne durchaus betroffen sein, erl\u00e4utert Birkmann. In den letzten Jahren seien jedoch in den besonders verwundbaren Regionen durch St\u00fcrme und Hochwasser 15-mal mehr Menschen zu Tode gekommen als in den nur normal verwundbaren Gebieten, zitiert er aus der <a href=\"https:\/\/www.klimareporter.de\/images\/dokumente\/2022\/02\/embargoed-approved-summary-for-policymakers.pdf\" target=\"_blank\" rel=\"noreferrer noopener\">Zusammenfassung f\u00fcr Politiker<\/a> (<em>summary for policymakers<\/em>). Birkmann: &#8222;Dieser Unterschied l\u00e4sst sich nicht durch das Extremereignis selbst erkl\u00e4ren, sondern nur mit dem unterschiedlichen Ma\u00df an Verwundbarkeit.&#8220;<\/p>\n\n\n\n<h5 class=\"wp-block-heading\">Grenzen der Anpassung teilweise in Sicht<\/h5>\n\n\n\n<p>Mit zunehmender globaler Erw\u00e4rmung nehmen Verluste und Sch\u00e4den zu, stellt der Bericht fest. Menschliche und nat\u00fcrliche Systeme werden an die Grenzen der Anpassung sto\u00dfen.<\/p>\n\n\n\n<p>Viele Vorhaben zur Klimaanpassung richten sich auf die unmittelbare und kurzfristige Minderung von Klimarisiken, wird kritisiert. Das wiederum verringere die M\u00f6glichkeiten f\u00fcr eine &#8222;transformative Anpassung&#8220;.<\/p>\n\n\n\n<p>Mit transformativer Anpassung ist beispielsweise gemeint, dass K\u00fcstenregionen <a href=\"https:\/\/www.klimareporter.de\/erdsystem\/kurswechsel-kueste\" target=\"_blank\" rel=\"noreferrer noopener\">davon abkommen<\/a>, sich gegen den steigenden Meeresspiegel mit immer h\u00f6heren D\u00e4mmen zu wehren, und stattdessen mehr und mehr zum Leben mit und auf dem Wasser \u00fcbergehen.<\/p>\n\n\n\n<p>F\u00fcr die Geografin <a href=\"https:\/\/research.utwente.nl\/en\/persons\/diana-reckien\" target=\"_blank\" rel=\"noreferrer noopener\">Diana Reckien<\/a> von der Universit\u00e4t Twente in Enschede gibt es eine Reihe universeller Anpassungsma\u00dfnahmen. Dazu geh\u00f6ren der Zugang zu Basisinfrastrukturen wie Wasser, Verkehr, Telekommunikation und Gesundheit, aber auch soziale Sicherheit und der Zugang zu entsprechenden Netzwerken.<\/p>\n\n\n\n<p>Zwar werde in allen Weltregionen zu wenig f\u00fcr die Anpassung getan \u2013 die L\u00fccken zwischen den Auswirkungen des Klimawandels und dem, was durch Anpassung getan werden kann, seien aber unterschiedlich gro\u00df. Betroffen seien nicht nur die verletzlichen L\u00e4nder, sondern dort wie \u00fcberall die verletzlichen Gruppen der Gesellschaft.<\/p>\n\n\n\n<p>&#8222;Es h\u00e4tte den gr\u00f6\u00dften Effekt, wenn gerade diese Gruppen bei der Anpassung unterst\u00fctzt w\u00fcrden&#8220;, betont Reckien. Der Bericht selbst hebt hervor, dass mit zunehmender globaler Erw\u00e4rmung Verluste und Sch\u00e4den immer schwieriger zu vermeiden sein werden und sich zugleich stark auf die \u00e4rmsten Bev\u00f6lkerungsgruppen konzentrierten.<\/p>\n\n\n\n<p>Auch f\u00fcr <a href=\"https:\/\/www.leibniz-zmt.de\/de\/tropenforschung\/mitarbeiterinnen-mitarbeiter\/achim-schlueter.html\" target=\"_blank\" rel=\"noreferrer noopener\">Achim Schl\u00fcter<\/a> vom Leibniz-Zentrum f\u00fcr Marine Tropen\u00f6kologie in Bremen macht der neue Report sehr deutlich, dass die Effekte und die M\u00f6glichkeiten, mit dem Klimawandel umzugehen, sehr ungleich verteilt sind. &#8222;Daher kommen Fragen der Verteilungsgerechtigkeit, aber auch der Gerechtigkeit bei der Entscheidungsfindung \u00fcber Transformationspfade und eine gerechte Anerkennung von Rechten besonders benachteiligter Gruppen eine Schl\u00fcsselrolle zu&#8220;, bekr\u00e4ftigt Schl\u00fcter.<\/p>\n\n\n\n<h5 class=\"wp-block-heading\">Klimastabile Entwicklung immer dringlicher<\/h5>\n\n\n\n<div class=\"wp-block-image\"><figure class=\"alignright size-full is-resized\"><a href=\"https:\/\/www.sonnenseite.com\/wp-content\/uploads\/2022\/02\/IPCC-Titelseite-ipcc.jpg\"><img loading=\"lazy\" decoding=\"async\" src=\"https:\/\/www.sonnenseite.com\/wp-content\/uploads\/2022\/02\/IPCC-Titelseite-ipcc.jpg\" alt=\"\" class=\"wp-image-79874\" width=\"286\" height=\"370\" srcset=\"https:\/\/www.sonnenseite.com\/wp-content\/uploads\/2022\/02\/IPCC-Titelseite-ipcc.jpg 500w, https:\/\/www.sonnenseite.com\/wp-content\/uploads\/2022\/02\/IPCC-Titelseite-ipcc-231x300.jpg 231w\" sizes=\"auto, (max-width: 286px) 100vw, 286px\" \/><\/a><\/figure><\/div>\n\n\n\n<p>Erstmals beschreibt ein IPCC-Sachstandsbericht mit dem heute vorgelegten Dokument Interaktionen zwischen verschiedenen Bereichen. Dazu enth\u00e4lt der Bericht sogenannte Synthesekapitel, darunter auch eines zu Entscheidungsoptionen.<\/p>\n\n\n\n<p>Hier gehe es darum, welche M\u00f6glichkeiten und Instrumente f\u00fcr eine st\u00e4rkere Klimaanpassung es gibt und auf welche Akteure und Hilfen man zur\u00fcckgreifen kann, um &#8222;die Anpassung in die Breite zu streuen&#8220;, erl\u00e4utert Diana Reckien.<\/p>\n\n\n\n<p>&#8222;Sehr viel st\u00e4rker als fr\u00fchere Reporte schaut der Bericht auf L\u00f6sungsm\u00f6glichkeiten&#8220;, sagt die Geografin. Der Schwerpunkt habe dabei auf naturbasierten \u00d6kosystemleistungen gelegen. &#8222;Wie kann man <a href=\"https:\/\/www.klimareporter.de\/gesellschaft\/das-zeitfenster-fuer-eine-klimaresiliente-welt-schliesst-sich#integrierte-ansaetze\" target=\"_blank\" rel=\"noreferrer noopener\">Natur und Infrastruktur kombinieren<\/a>, gerade auch in den St\u00e4dten? Das ist ein Highlight des Berichts&#8220;, so Reckien.<\/p>\n\n\n\n<p><em>Alle im Text zitierten Wissenschaftlerinnen und Wissenschaftler haben an der Erarbeitung des zweiten Teilberichts mitgewirkt, ausgenommen Achim Schl\u00fcter.<\/em><\/p>\n\n\n\n<ul class=\"wp-block-list\"><li><a href=\"https:\/\/www.de-ipcc.de\/354.php\">IPCC &#8211; deutsch: Arbeitsgruppe II: Folgen, Anpassung und Verwundbarkeit<\/a> | <\/li><li><a href=\"https:\/\/www.ipcc.ch\/report\/sixth-assessment-report-working-group-ii\/\">Report: &#8222;Climate Change 2022: Impacts, Adaptation and Vulnerability&#8220;<\/a> | <a href=\"https:\/\/www.ipcc.ch\/report\/ar6\/wg2\/\">Read the report here<\/a><\/li><\/ul>\n\n\n\n<ul class=\"wp-block-list\"><li><a href=\"https:\/\/www.klimareporter.de\/gesellschaft\/das-anti-putin-klima\">Ein Kommentar von Joachim Wille &#8222;Das Ant-Putin-Klima&#8220; <\/a>&#8211; Die Energiewende darf nicht unter der Reaktion auf Putins Aggression leiden. Im Gegenteil, sie muss beschleunigt werden. Der neue Bericht des IPCC unterstreicht das auf dramatische Weise.<\/li><\/ul>\n\n\n<h5 class=\"green\">Quelle<\/h5>\r\n\n\n\n<p>Der Bericht wurde von der&nbsp;<a href=\"https:\/\/www.klimareporter.de\/erdsystem\/die-welt-ist-bei-1-5-grad-verletzlicher-geworden\">Redaktion \u201eklimareporter.de\u201c (J\u00f6rg Staude) 2022<\/a>&nbsp;verfasst &#8211; der Artikel darf nicht ohne Genehmigung&nbsp;(<a href=\"mailto:post@klimareporter.de\">post@klimareporter.de<\/a>) weiterverbreitet werden!&nbsp;<\/p>\n<div class=\"shariff shariff-align-flex-start shariff-widget-align-flex-start\"><div class=\"ShariffHeadline\">Diese Meldung teilen<\/div><ul class=\"shariff-buttons theme-round orientation-horizontal buttonsize-medium\"><li class=\"shariff-button facebook shariff-nocustomcolor\" style=\"background-color:#4273c8;border-radius:1%\"><a href=\"https:\/\/www.facebook.com\/sharer\/sharer.php?u=https%3A%2F%2Fwww.sonnenseite.com%2Fde%2Fwissenschaft%2Fdie-welt-ist-bei-15-grad-verletzlicher-geworden%2F\" title=\"Bei Facebook teilen\" aria-label=\"Bei Facebook teilen\" role=\"button\" rel=\"nofollow\" class=\"shariff-link\" style=\";border-radius:1%; background-color:#3b5998; color:#fff\" target=\"_blank\"><span class=\"shariff-icon\" style=\"\"><svg width=\"32px\" height=\"20px\" xmlns=\"http:\/\/www.w3.org\/2000\/svg\" viewBox=\"0 0 18 32\"><path fill=\"#3b5998\" d=\"M17.1 0.2v4.7h-2.8q-1.5 0-2.1 0.6t-0.5 1.9v3.4h5.2l-0.7 5.3h-4.5v13.6h-5.5v-13.6h-4.5v-5.3h4.5v-3.9q0-3.3 1.9-5.2t5-1.8q2.6 0 4.1 0.2z\"\/><\/svg><\/span><\/a><\/li><li class=\"shariff-button twitter shariff-nocustomcolor\" style=\"background-color:#595959;border-radius:1%\"><a href=\"https:\/\/twitter.com\/share?url=https%3A%2F%2Fwww.sonnenseite.com%2Fde%2Fwissenschaft%2Fdie-welt-ist-bei-15-grad-verletzlicher-geworden%2F&text=Die%20Welt%20ist%20bei%201%2C5%20Grad%20verletzlicher%20geworden\" title=\"Bei X teilen\" aria-label=\"Bei X teilen\" role=\"button\" rel=\"noopener nofollow\" class=\"shariff-link\" style=\";border-radius:1%; background-color:#000; color:#fff\" target=\"_blank\"><span class=\"shariff-icon\" style=\"\"><svg width=\"32px\" height=\"20px\" xmlns=\"http:\/\/www.w3.org\/2000\/svg\" viewBox=\"0 0 24 24\"><path fill=\"#000\" d=\"M14.258 10.152L23.176 0h-2.113l-7.747 8.813L7.133 0H0l9.352 13.328L0 23.973h2.113l8.176-9.309 6.531 9.309h7.133zm-2.895 3.293l-.949-1.328L2.875 1.56h3.246l6.086 8.523.945 1.328 7.91 11.078h-3.246zm0 0\"\/><\/svg><\/span><\/a><\/li><li class=\"shariff-button xing shariff-nocustomcolor\" style=\"background-color:#29888a;border-radius:1%\"><a href=\"https:\/\/www.xing.com\/spi\/shares\/new?url=https%3A%2F%2Fwww.sonnenseite.com%2Fde%2Fwissenschaft%2Fdie-welt-ist-bei-15-grad-verletzlicher-geworden%2F\" title=\"Bei XING teilen\" aria-label=\"Bei XING teilen\" role=\"button\" rel=\"noopener nofollow\" class=\"shariff-link\" style=\";border-radius:1%; background-color:#126567; color:#fff\" target=\"_blank\"><span class=\"shariff-icon\" style=\"\"><svg width=\"32px\" height=\"20px\" xmlns=\"http:\/\/www.w3.org\/2000\/svg\" viewBox=\"0 0 25 32\"><path fill=\"#126567\" d=\"M10.7 11.9q-0.2 0.3-4.6 8.2-0.5 0.8-1.2 0.8h-4.3q-0.4 0-0.5-0.3t0-0.6l4.5-8q0 0 0 0l-2.9-5q-0.2-0.4 0-0.7 0.2-0.3 0.5-0.3h4.3q0.7 0 1.2 0.8zM25.1 0.4q0.2 0.3 0 0.7l-9.4 16.7 6 11q0.2 0.4 0 0.6-0.2 0.3-0.6 0.3h-4.3q-0.7 0-1.2-0.8l-6-11.1q0.3-0.6 9.5-16.8 0.4-0.8 1.2-0.8h4.3q0.4 0 0.5 0.3z\"\/><\/svg><\/span><\/a><\/li><li class=\"shariff-button linkedin shariff-nocustomcolor\" style=\"background-color:#1488bf;border-radius:1%\"><a href=\"https:\/\/www.linkedin.com\/sharing\/share-offsite\/?url=https%3A%2F%2Fwww.sonnenseite.com%2Fde%2Fwissenschaft%2Fdie-welt-ist-bei-15-grad-verletzlicher-geworden%2F\" title=\"Bei LinkedIn teilen\" aria-label=\"Bei LinkedIn teilen\" role=\"button\" rel=\"noopener nofollow\" class=\"shariff-link\" style=\";border-radius:1%; background-color:#0077b5; color:#fff\" target=\"_blank\"><span class=\"shariff-icon\" style=\"\"><svg width=\"32px\" height=\"20px\" xmlns=\"http:\/\/www.w3.org\/2000\/svg\" viewBox=\"0 0 27 32\"><path fill=\"#0077b5\" d=\"M6.2 11.2v17.7h-5.9v-17.7h5.9zM6.6 5.7q0 1.3-0.9 2.2t-2.4 0.9h0q-1.5 0-2.4-0.9t-0.9-2.2 0.9-2.2 2.4-0.9 2.4 0.9 0.9 2.2zM27.4 18.7v10.1h-5.9v-9.5q0-1.9-0.7-2.9t-2.3-1.1q-1.1 0-1.9 0.6t-1.2 1.5q-0.2 0.5-0.2 1.4v9.9h-5.9q0-7.1 0-11.6t0-5.3l0-0.9h5.9v2.6h0q0.4-0.6 0.7-1t1-0.9 1.6-0.8 2-0.3q3 0 4.9 2t1.9 6z\"\/><\/svg><\/span><\/a><\/li><li class=\"shariff-button printer shariff-nocustomcolor\" style=\"background-color:#a8a8a8;border-radius:1%\"><a href=\"javascript:window.print()\" title=\"drucken\" aria-label=\"drucken\" role=\"button\" rel=\"noopener nofollow\" class=\"shariff-link\" style=\";border-radius:1%; background-color:#999; color:#fff\"><span class=\"shariff-icon\" style=\"\"><svg width=\"32px\" height=\"20px\" xmlns=\"http:\/\/www.w3.org\/2000\/svg\" viewBox=\"0 0 30 32\"><path fill=\"#999\" d=\"M6.8 27.4h16v-4.6h-16v4.6zM6.8 16h16v-6.8h-2.8q-0.7 0-1.2-0.5t-0.5-1.2v-2.8h-11.4v11.4zM27.4 17.2q0-0.5-0.3-0.8t-0.8-0.4-0.8 0.4-0.3 0.8 0.3 0.8 0.8 0.3 0.8-0.3 0.3-0.8zM29.7 17.2v7.4q0 0.2-0.2 0.4t-0.4 0.2h-4v2.8q0 0.7-0.5 1.2t-1.2 0.5h-17.2q-0.7 0-1.2-0.5t-0.5-1.2v-2.8h-4q-0.2 0-0.4-0.2t-0.2-0.4v-7.4q0-1.4 1-2.4t2.4-1h1.2v-9.7q0-0.7 0.5-1.2t1.2-0.5h12q0.7 0 1.6 0.4t1.3 0.8l2.7 2.7q0.5 0.5 0.9 1.4t0.4 1.6v4.6h1.1q1.4 0 2.4 1t1 2.4z\"\/><\/svg><\/span><\/a><\/li><li class=\"shariff-button mailto shariff-nocustomcolor\" style=\"background-color:#a8a8a8;border-radius:1%\"><a href=\"mailto:?body=https%3A%2F%2Fwww.sonnenseite.com%2Fde%2Fwissenschaft%2Fdie-welt-ist-bei-15-grad-verletzlicher-geworden%2F&subject=Die%20Welt%20ist%20bei%201%2C5%20Grad%20verletzlicher%20geworden\" title=\"Per E-Mail versenden\" aria-label=\"Per E-Mail versenden\" role=\"button\" rel=\"noopener nofollow\" class=\"shariff-link\" style=\";border-radius:1%; background-color:#999; color:#fff\"><span class=\"shariff-icon\" style=\"\"><svg width=\"32px\" height=\"20px\" xmlns=\"http:\/\/www.w3.org\/2000\/svg\" viewBox=\"0 0 32 32\"><path fill=\"#999\" d=\"M32 12.7v14.2q0 1.2-0.8 2t-2 0.9h-26.3q-1.2 0-2-0.9t-0.8-2v-14.2q0.8 0.9 1.8 1.6 6.5 4.4 8.9 6.1 1 0.8 1.6 1.2t1.7 0.9 2 0.4h0.1q0.9 0 2-0.4t1.7-0.9 1.6-1.2q3-2.2 8.9-6.1 1-0.7 1.8-1.6zM32 7.4q0 1.4-0.9 2.7t-2.2 2.2q-6.7 4.7-8.4 5.8-0.2 0.1-0.7 0.5t-1 0.7-0.9 0.6-1.1 0.5-0.9 0.2h-0.1q-0.4 0-0.9-0.2t-1.1-0.5-0.9-0.6-1-0.7-0.7-0.5q-1.6-1.1-4.7-3.2t-3.6-2.6q-1.1-0.7-2.1-2t-1-2.5q0-1.4 0.7-2.3t2.1-0.9h26.3q1.2 0 2 0.8t0.9 2z\"\/><\/svg><\/span><\/a><\/li><\/ul><\/div>","protected":false},"excerpt":{"rendered":"<p>Teil zwei des sechsten IPCC-Berichts &#8211; Im neuen IPCC-Teilbericht zeigen sich die Fortschritte der Klimawissenschaft. Selbst [&hellip;]<\/p>\n","protected":false},"author":3,"featured_media":73043,"comment_status":"closed","ping_status":"closed","sticky":false,"template":"","format":"standard","meta":{"inline_featured_image":false,"footnotes":""},"categories":[26],"tags":[],"class_list":["post-79870","post","type-post","status-publish","format-standard","has-post-thumbnail","hentry","category-wissenschaft"],"yoast_head":"<!-- This site is optimized with the Yoast SEO plugin v26.5 - https:\/\/yoast.com\/wordpress\/plugins\/seo\/ -->\n<title>Die Welt ist bei 1,5 Grad verletzlicher geworden - Sonnenseite - \u00d6kologische Kommunikation mit Franz Alt<\/title>\n<meta name=\"description\" content=\"Teil zwei des sechsten IPCC-Berichts - Im neuen IPCC-Teilbericht zeigen sich die Fortschritte der Klimawissenschaft. Selbst eine Begrenzung der Erw\u00e4rmung\" \/>\n<meta name=\"robots\" content=\"index, follow, max-snippet:-1, max-image-preview:large, max-video-preview:-1\" \/>\n<link rel=\"canonical\" href=\"https:\/\/www.sonnenseite.com\/de\/wissenschaft\/die-welt-ist-bei-15-grad-verletzlicher-geworden\/\" \/>\n<meta property=\"og:locale\" content=\"de_DE\" \/>\n<meta property=\"og:type\" content=\"article\" \/>\n<meta property=\"og:title\" content=\"Die Welt ist bei 1,5 Grad verletzlicher geworden - Sonnenseite - \u00d6kologische Kommunikation mit Franz Alt\" \/>\n<meta property=\"og:description\" content=\"Teil zwei des sechsten IPCC-Berichts - Im neuen IPCC-Teilbericht zeigen sich die Fortschritte der Klimawissenschaft. Selbst eine Begrenzung der Erw\u00e4rmung\" \/>\n<meta property=\"og:url\" content=\"https:\/\/www.sonnenseite.com\/de\/wissenschaft\/die-welt-ist-bei-15-grad-verletzlicher-geworden\/\" \/>\n<meta property=\"og:site_name\" content=\"Sonnenseite\" \/>\n<meta property=\"article:publisher\" content=\"https:\/\/www.facebook.com\/pages\/Franz-Alt-SONNENSEITECOM\/221072987903953?fref=ts\" \/>\n<meta property=\"article:published_time\" content=\"2022-03-01T07:30:00+00:00\" \/>\n<meta property=\"article:modified_time\" content=\"2022-03-06T09:50:57+00:00\" \/>\n<meta property=\"og:image\" content=\"https:\/\/www.sonnenseite.com\/wp-content\/uploads\/2021\/07\/Ueberschwemmung_DarioStudios.jpg\" \/>\n\t<meta property=\"og:image:width\" content=\"770\" \/>\n\t<meta property=\"og:image:height\" content=\"420\" \/>\n\t<meta property=\"og:image:type\" content=\"image\/jpeg\" \/>\n<meta name=\"author\" content=\"Bigi Alt\" \/>\n<meta name=\"twitter:card\" content=\"summary_large_image\" \/>\n<meta name=\"twitter:creator\" content=\"@franzalt\" \/>\n<meta name=\"twitter:site\" content=\"@franzalt\" \/>\n<meta name=\"twitter:label1\" content=\"Verfasst von\" \/>\n\t<meta name=\"twitter:data1\" content=\"Bigi Alt\" \/>\n\t<meta name=\"twitter:label2\" content=\"Gesch\u00e4tzte Lesezeit\" \/>\n\t<meta name=\"twitter:data2\" content=\"8\u00a0Minuten\" \/>\n<script type=\"application\/ld+json\" class=\"yoast-schema-graph\">{\"@context\":\"https:\/\/schema.org\",\"@graph\":[{\"@type\":\"Article\",\"@id\":\"https:\/\/www.sonnenseite.com\/de\/wissenschaft\/die-welt-ist-bei-15-grad-verletzlicher-geworden\/#article\",\"isPartOf\":{\"@id\":\"https:\/\/www.sonnenseite.com\/de\/wissenschaft\/die-welt-ist-bei-15-grad-verletzlicher-geworden\/\"},\"author\":{\"name\":\"Bigi Alt\",\"@id\":\"https:\/\/www.sonnenseite.com\/de\/#\/schema\/person\/50fda0e926597684c7cc6695238a4eb9\"},\"headline\":\"Die Welt ist bei 1,5 Grad verletzlicher geworden\",\"datePublished\":\"2022-03-01T07:30:00+00:00\",\"dateModified\":\"2022-03-06T09:50:57+00:00\",\"mainEntityOfPage\":{\"@id\":\"https:\/\/www.sonnenseite.com\/de\/wissenschaft\/die-welt-ist-bei-15-grad-verletzlicher-geworden\/\"},\"wordCount\":1295,\"publisher\":{\"@id\":\"https:\/\/www.sonnenseite.com\/de\/#organization\"},\"image\":{\"@id\":\"https:\/\/www.sonnenseite.com\/de\/wissenschaft\/die-welt-ist-bei-15-grad-verletzlicher-geworden\/#primaryimage\"},\"thumbnailUrl\":\"https:\/\/www.sonnenseite.com\/wp-content\/uploads\/2021\/07\/Ueberschwemmung_DarioStudios.jpg\",\"articleSection\":[\"Wissenschaft\"],\"inLanguage\":\"de\"},{\"@type\":\"WebPage\",\"@id\":\"https:\/\/www.sonnenseite.com\/de\/wissenschaft\/die-welt-ist-bei-15-grad-verletzlicher-geworden\/\",\"url\":\"https:\/\/www.sonnenseite.com\/de\/wissenschaft\/die-welt-ist-bei-15-grad-verletzlicher-geworden\/\",\"name\":\"Die Welt ist bei 1,5 Grad verletzlicher geworden - Sonnenseite - \u00d6kologische Kommunikation mit Franz Alt\",\"isPartOf\":{\"@id\":\"https:\/\/www.sonnenseite.com\/de\/#website\"},\"primaryImageOfPage\":{\"@id\":\"https:\/\/www.sonnenseite.com\/de\/wissenschaft\/die-welt-ist-bei-15-grad-verletzlicher-geworden\/#primaryimage\"},\"image\":{\"@id\":\"https:\/\/www.sonnenseite.com\/de\/wissenschaft\/die-welt-ist-bei-15-grad-verletzlicher-geworden\/#primaryimage\"},\"thumbnailUrl\":\"https:\/\/www.sonnenseite.com\/wp-content\/uploads\/2021\/07\/Ueberschwemmung_DarioStudios.jpg\",\"datePublished\":\"2022-03-01T07:30:00+00:00\",\"dateModified\":\"2022-03-06T09:50:57+00:00\",\"description\":\"Teil zwei des sechsten IPCC-Berichts - Im neuen IPCC-Teilbericht zeigen sich die Fortschritte der Klimawissenschaft. Selbst eine Begrenzung der Erw\u00e4rmung\",\"breadcrumb\":{\"@id\":\"https:\/\/www.sonnenseite.com\/de\/wissenschaft\/die-welt-ist-bei-15-grad-verletzlicher-geworden\/#breadcrumb\"},\"inLanguage\":\"de\",\"potentialAction\":[{\"@type\":\"ReadAction\",\"target\":[\"https:\/\/www.sonnenseite.com\/de\/wissenschaft\/die-welt-ist-bei-15-grad-verletzlicher-geworden\/\"]}]},{\"@type\":\"ImageObject\",\"inLanguage\":\"de\",\"@id\":\"https:\/\/www.sonnenseite.com\/de\/wissenschaft\/die-welt-ist-bei-15-grad-verletzlicher-geworden\/#primaryimage\",\"url\":\"https:\/\/www.sonnenseite.com\/wp-content\/uploads\/2021\/07\/Ueberschwemmung_DarioStudios.jpg\",\"contentUrl\":\"https:\/\/www.sonnenseite.com\/wp-content\/uploads\/2021\/07\/Ueberschwemmung_DarioStudios.jpg\",\"width\":770,\"height\":420,\"caption\":\"Depositphotos.com | DarioStudios | Viele Menschen sind skeptisch, dass sich die Folgen des Klimawandels noch eind\u00e4mmen lassen.\"},{\"@type\":\"BreadcrumbList\",\"@id\":\"https:\/\/www.sonnenseite.com\/de\/wissenschaft\/die-welt-ist-bei-15-grad-verletzlicher-geworden\/#breadcrumb\",\"itemListElement\":[{\"@type\":\"ListItem\",\"position\":1,\"name\":\"Startseite\",\"item\":\"https:\/\/www.sonnenseite.com\/de\/\"},{\"@type\":\"ListItem\",\"position\":2,\"name\":\"Die Welt ist bei 1,5 Grad verletzlicher geworden\"}]},{\"@type\":\"WebSite\",\"@id\":\"https:\/\/www.sonnenseite.com\/de\/#website\",\"url\":\"https:\/\/www.sonnenseite.com\/de\/\",\"name\":\"Sonnenseite\",\"description\":\"\u00d6kologische Kommunikation mit Franz Alt\",\"publisher\":{\"@id\":\"https:\/\/www.sonnenseite.com\/de\/#organization\"},\"potentialAction\":[{\"@type\":\"SearchAction\",\"target\":{\"@type\":\"EntryPoint\",\"urlTemplate\":\"https:\/\/www.sonnenseite.com\/de\/?s={search_term_string}\"},\"query-input\":{\"@type\":\"PropertyValueSpecification\",\"valueRequired\":true,\"valueName\":\"search_term_string\"}}],\"inLanguage\":\"de\"},{\"@type\":\"Organization\",\"@id\":\"https:\/\/www.sonnenseite.com\/de\/#organization\",\"name\":\"Sonnenseite\",\"url\":\"https:\/\/www.sonnenseite.com\/de\/\",\"logo\":{\"@type\":\"ImageObject\",\"inLanguage\":\"de\",\"@id\":\"https:\/\/www.sonnenseite.com\/de\/#\/schema\/logo\/image\/\",\"url\":\"https:\/\/www.sonnenseite.com\/wp-content\/uploads\/2020\/05\/Sonnenseite_Logo.png\",\"contentUrl\":\"https:\/\/www.sonnenseite.com\/wp-content\/uploads\/2020\/05\/Sonnenseite_Logo.png\",\"width\":377,\"height\":90,\"caption\":\"Sonnenseite\"},\"image\":{\"@id\":\"https:\/\/www.sonnenseite.com\/de\/#\/schema\/logo\/image\/\"},\"sameAs\":[\"https:\/\/www.facebook.com\/pages\/Franz-Alt-SONNENSEITECOM\/221072987903953?fref=ts\",\"https:\/\/x.com\/franzalt\",\"http:\/\/www.youtube.com\/results?search_query&amp;amp;quot;franz_alt&amp;amp;quot;&amp;amp;amp;amp;search_type&amp;amp;amp;amp;aq=f\"]},{\"@type\":\"Person\",\"@id\":\"https:\/\/www.sonnenseite.com\/de\/#\/schema\/person\/50fda0e926597684c7cc6695238a4eb9\",\"name\":\"Bigi Alt\"}]}<\/script>\n<!-- \/ Yoast SEO plugin. -->","yoast_head_json":{"title":"Die Welt ist bei 1,5 Grad verletzlicher geworden - Sonnenseite - \u00d6kologische Kommunikation mit Franz Alt","description":"Teil zwei des sechsten IPCC-Berichts - Im neuen IPCC-Teilbericht zeigen sich die Fortschritte der Klimawissenschaft. Selbst eine Begrenzung der Erw\u00e4rmung","robots":{"index":"index","follow":"follow","max-snippet":"max-snippet:-1","max-image-preview":"max-image-preview:large","max-video-preview":"max-video-preview:-1"},"canonical":"https:\/\/www.sonnenseite.com\/de\/wissenschaft\/die-welt-ist-bei-15-grad-verletzlicher-geworden\/","og_locale":"de_DE","og_type":"article","og_title":"Die Welt ist bei 1,5 Grad verletzlicher geworden - Sonnenseite - \u00d6kologische Kommunikation mit Franz Alt","og_description":"Teil zwei des sechsten IPCC-Berichts - Im neuen IPCC-Teilbericht zeigen sich die Fortschritte der Klimawissenschaft. Selbst eine Begrenzung der Erw\u00e4rmung","og_url":"https:\/\/www.sonnenseite.com\/de\/wissenschaft\/die-welt-ist-bei-15-grad-verletzlicher-geworden\/","og_site_name":"Sonnenseite","article_publisher":"https:\/\/www.facebook.com\/pages\/Franz-Alt-SONNENSEITECOM\/221072987903953?fref=ts","article_published_time":"2022-03-01T07:30:00+00:00","article_modified_time":"2022-03-06T09:50:57+00:00","og_image":[{"width":770,"height":420,"url":"https:\/\/www.sonnenseite.com\/wp-content\/uploads\/2021\/07\/Ueberschwemmung_DarioStudios.jpg","type":"image\/jpeg"}],"author":"Bigi Alt","twitter_card":"summary_large_image","twitter_creator":"@franzalt","twitter_site":"@franzalt","twitter_misc":{"Verfasst von":"Bigi Alt","Gesch\u00e4tzte Lesezeit":"8\u00a0Minuten"},"schema":{"@context":"https:\/\/schema.org","@graph":[{"@type":"Article","@id":"https:\/\/www.sonnenseite.com\/de\/wissenschaft\/die-welt-ist-bei-15-grad-verletzlicher-geworden\/#article","isPartOf":{"@id":"https:\/\/www.sonnenseite.com\/de\/wissenschaft\/die-welt-ist-bei-15-grad-verletzlicher-geworden\/"},"author":{"name":"Bigi Alt","@id":"https:\/\/www.sonnenseite.com\/de\/#\/schema\/person\/50fda0e926597684c7cc6695238a4eb9"},"headline":"Die Welt ist bei 1,5 Grad verletzlicher geworden","datePublished":"2022-03-01T07:30:00+00:00","dateModified":"2022-03-06T09:50:57+00:00","mainEntityOfPage":{"@id":"https:\/\/www.sonnenseite.com\/de\/wissenschaft\/die-welt-ist-bei-15-grad-verletzlicher-geworden\/"},"wordCount":1295,"publisher":{"@id":"https:\/\/www.sonnenseite.com\/de\/#organization"},"image":{"@id":"https:\/\/www.sonnenseite.com\/de\/wissenschaft\/die-welt-ist-bei-15-grad-verletzlicher-geworden\/#primaryimage"},"thumbnailUrl":"https:\/\/www.sonnenseite.com\/wp-content\/uploads\/2021\/07\/Ueberschwemmung_DarioStudios.jpg","articleSection":["Wissenschaft"],"inLanguage":"de"},{"@type":"WebPage","@id":"https:\/\/www.sonnenseite.com\/de\/wissenschaft\/die-welt-ist-bei-15-grad-verletzlicher-geworden\/","url":"https:\/\/www.sonnenseite.com\/de\/wissenschaft\/die-welt-ist-bei-15-grad-verletzlicher-geworden\/","name":"Die Welt ist bei 1,5 Grad verletzlicher geworden - Sonnenseite - \u00d6kologische Kommunikation mit Franz Alt","isPartOf":{"@id":"https:\/\/www.sonnenseite.com\/de\/#website"},"primaryImageOfPage":{"@id":"https:\/\/www.sonnenseite.com\/de\/wissenschaft\/die-welt-ist-bei-15-grad-verletzlicher-geworden\/#primaryimage"},"image":{"@id":"https:\/\/www.sonnenseite.com\/de\/wissenschaft\/die-welt-ist-bei-15-grad-verletzlicher-geworden\/#primaryimage"},"thumbnailUrl":"https:\/\/www.sonnenseite.com\/wp-content\/uploads\/2021\/07\/Ueberschwemmung_DarioStudios.jpg","datePublished":"2022-03-01T07:30:00+00:00","dateModified":"2022-03-06T09:50:57+00:00","description":"Teil zwei des sechsten IPCC-Berichts - Im neuen IPCC-Teilbericht zeigen sich die Fortschritte der Klimawissenschaft. Selbst eine Begrenzung der Erw\u00e4rmung","breadcrumb":{"@id":"https:\/\/www.sonnenseite.com\/de\/wissenschaft\/die-welt-ist-bei-15-grad-verletzlicher-geworden\/#breadcrumb"},"inLanguage":"de","potentialAction":[{"@type":"ReadAction","target":["https:\/\/www.sonnenseite.com\/de\/wissenschaft\/die-welt-ist-bei-15-grad-verletzlicher-geworden\/"]}]},{"@type":"ImageObject","inLanguage":"de","@id":"https:\/\/www.sonnenseite.com\/de\/wissenschaft\/die-welt-ist-bei-15-grad-verletzlicher-geworden\/#primaryimage","url":"https:\/\/www.sonnenseite.com\/wp-content\/uploads\/2021\/07\/Ueberschwemmung_DarioStudios.jpg","contentUrl":"https:\/\/www.sonnenseite.com\/wp-content\/uploads\/2021\/07\/Ueberschwemmung_DarioStudios.jpg","width":770,"height":420,"caption":"Depositphotos.com | DarioStudios | Viele Menschen sind skeptisch, dass sich die Folgen des Klimawandels noch eind\u00e4mmen lassen."},{"@type":"BreadcrumbList","@id":"https:\/\/www.sonnenseite.com\/de\/wissenschaft\/die-welt-ist-bei-15-grad-verletzlicher-geworden\/#breadcrumb","itemListElement":[{"@type":"ListItem","position":1,"name":"Startseite","item":"https:\/\/www.sonnenseite.com\/de\/"},{"@type":"ListItem","position":2,"name":"Die Welt ist bei 1,5 Grad verletzlicher geworden"}]},{"@type":"WebSite","@id":"https:\/\/www.sonnenseite.com\/de\/#website","url":"https:\/\/www.sonnenseite.com\/de\/","name":"Sonnenseite","description":"\u00d6kologische Kommunikation mit Franz Alt","publisher":{"@id":"https:\/\/www.sonnenseite.com\/de\/#organization"},"potentialAction":[{"@type":"SearchAction","target":{"@type":"EntryPoint","urlTemplate":"https:\/\/www.sonnenseite.com\/de\/?s={search_term_string}"},"query-input":{"@type":"PropertyValueSpecification","valueRequired":true,"valueName":"search_term_string"}}],"inLanguage":"de"},{"@type":"Organization","@id":"https:\/\/www.sonnenseite.com\/de\/#organization","name":"Sonnenseite","url":"https:\/\/www.sonnenseite.com\/de\/","logo":{"@type":"ImageObject","inLanguage":"de","@id":"https:\/\/www.sonnenseite.com\/de\/#\/schema\/logo\/image\/","url":"https:\/\/www.sonnenseite.com\/wp-content\/uploads\/2020\/05\/Sonnenseite_Logo.png","contentUrl":"https:\/\/www.sonnenseite.com\/wp-content\/uploads\/2020\/05\/Sonnenseite_Logo.png","width":377,"height":90,"caption":"Sonnenseite"},"image":{"@id":"https:\/\/www.sonnenseite.com\/de\/#\/schema\/logo\/image\/"},"sameAs":["https:\/\/www.facebook.com\/pages\/Franz-Alt-SONNENSEITECOM\/221072987903953?fref=ts","https:\/\/x.com\/franzalt","http:\/\/www.youtube.com\/results?search_query&amp;amp;quot;franz_alt&amp;amp;quot;&amp;amp;amp;amp;search_type&amp;amp;amp;amp;aq=f"]},{"@type":"Person","@id":"https:\/\/www.sonnenseite.com\/de\/#\/schema\/person\/50fda0e926597684c7cc6695238a4eb9","name":"Bigi Alt"}]}},"_links":{"self":[{"href":"https:\/\/www.sonnenseite.com\/de\/wp-json\/wp\/v2\/posts\/79870","targetHints":{"allow":["GET"]}}],"collection":[{"href":"https:\/\/www.sonnenseite.com\/de\/wp-json\/wp\/v2\/posts"}],"about":[{"href":"https:\/\/www.sonnenseite.com\/de\/wp-json\/wp\/v2\/types\/post"}],"author":[{"embeddable":true,"href":"https:\/\/www.sonnenseite.com\/de\/wp-json\/wp\/v2\/users\/3"}],"replies":[{"embeddable":true,"href":"https:\/\/www.sonnenseite.com\/de\/wp-json\/wp\/v2\/comments?post=79870"}],"version-history":[{"count":9,"href":"https:\/\/www.sonnenseite.com\/de\/wp-json\/wp\/v2\/posts\/79870\/revisions"}],"predecessor-version":[{"id":79919,"href":"https:\/\/www.sonnenseite.com\/de\/wp-json\/wp\/v2\/posts\/79870\/revisions\/79919"}],"wp:featuredmedia":[{"embeddable":true,"href":"https:\/\/www.sonnenseite.com\/de\/wp-json\/wp\/v2\/media\/73043"}],"wp:attachment":[{"href":"https:\/\/www.sonnenseite.com\/de\/wp-json\/wp\/v2\/media?parent=79870"}],"wp:term":[{"taxonomy":"category","embeddable":true,"href":"https:\/\/www.sonnenseite.com\/de\/wp-json\/wp\/v2\/categories?post=79870"},{"taxonomy":"post_tag","embeddable":true,"href":"https:\/\/www.sonnenseite.com\/de\/wp-json\/wp\/v2\/tags?post=79870"}],"curies":[{"name":"wp","href":"https:\/\/api.w.org\/{rel}","templated":true}]}}