{"id":80056,"date":"2022-03-04T08:27:51","date_gmt":"2022-03-04T07:27:51","guid":{"rendered":"https:\/\/www.sonnenseite.com\/?p=80056"},"modified":"2022-03-04T08:32:20","modified_gmt":"2022-03-04T07:32:20","slug":"atomare-bedrohung-kernkraftwerke-im-kriegsgebiet","status":"publish","type":"post","link":"https:\/\/www.sonnenseite.com\/de\/energie\/atomare-bedrohung-kernkraftwerke-im-kriegsgebiet\/","title":{"rendered":"Atomare Bedrohung: Kernkraftwerke im Kriegsgebiet"},"content":{"rendered":"\n<p>Der Krieg in der Ukraine hat einen nuklearen Unterton. Die ukrainischen Atomkraftwerke k\u00f6nnten dabei zur gr\u00f6\u00dften Gefahr werden. Denn die Nutzung von Atomkraft ist absurderweise auf Frieden angewiesen.<\/p>\n\n\n\n<p>Der russische Angriff auf die Ukraine hat schreckliche Konsequenzen f\u00fcr die Bev\u00f6lkerung. Die nukleare Bedrohung durch Russland schwingt dabei stets mit. Mit der \u00dcbernahme der Reaktorruine Tschernobyl durch russische Truppen Ende vergangener Woche wurde das Thema ebenso pr\u00e4sent wie durch Putins \u00c4u\u00dferungen zur Atommacht Russlands. Dabei stellen die ukrainischen Atomkraftwerke wahrscheinlich eine deutlich gr\u00f6\u00dfere Gefahr dar als ein gezielter Angriff. Denn die Ukraine ist Kernkraftland. Ukrainische Meiler sind alt und nicht f\u00fcr einen Krieg ausgelegt. K\u00e4mpfe in Gebieten um die Reaktoren k\u00f6nnten katastrophale Folgen haben.<\/p>\n\n\n\n<h5 class=\"wp-block-heading\">Ukrainische Atomkraftwerke nicht f\u00fcr Krieg ger\u00fcstet<\/h5>\n\n\n\n<p>Die Ukraine ist eines der am st\u00e4rksten von Atomenergie abh\u00e4ngigen L\u00e4nder der Welt. \u00dcber 50 Prozent des Stroms in der Ukraine werden aus nuklearen Anlagen erzeugt. Derzeit hat die Ukraine vier Atomkraftwerke mit insgesamt 15 Reaktoren. Auch das mit sechs Reaktoren gr\u00f6\u00dfte AKW Europas steht in der Ukraine, in Saporischja. Zum Zeitpunkt des russischen Angriffs waren 13 Reaktoren am Netz, zwei weitere wurden in den darauffolgen Tagen laut der ukrainischen Atomaufsichtsbeh\u00f6rde aus strategischen Gr\u00fcnden vom Netz genommen.<\/p>\n\n\n\n<p>Die <a href=\"https:\/\/www.energiezukunft.eu\/umweltschutz\/in-der-eu-laufen-18-akws-ohne-gueltige-genehmigung\/\" target=\"_blank\" rel=\"noreferrer noopener\">Mehrheit der Meiler hat ihre urspr\u00fcnglichen Laufzeiten bereits \u00fcberschritten<\/a> und wurde nach EU-Standards nicht ausreichend modernisiert. Auch ohne \u00e4u\u00dfere Einfl\u00fcsse war die Sicherheit der Reaktoren deshalb bereits seit Jahren zweifelhaft. Am AKW-Standort Khmelnitskyj entstehen zudem zwei neue Reaktorbl\u00f6cke, obwohl unklar ist, ob die in den 1980er Jahren errichteten Fundamente und Hochbauten daf\u00fcr geeignet sind und dies seit \u00fcber 10 Jahren nicht \u00fcberpr\u00fcft wurde.<\/p>\n\n\n\n<p>Nach dem Atomungl\u00fcck von Fukushima 2011 wurden AKW in ganz Europa Stresstests unterzogen, auch die Ukraine nahm teil. Die Sicherheit gegen\u00fcber terroristischen Anschl\u00e4gen und Flugzeugabst\u00fcrzen wurde ebenso getestet. Eine m\u00f6gliche <a href=\"https:\/\/www.energiezukunft.eu\/politik\/ukraine-experten-ueber-akws-in-kampfregion-besorgt\/\" target=\"_blank\" rel=\"noreferrer noopener\">Gef\u00e4hrdung durch die AKW in der Ukraine<\/a> wurde zudem 2014 bereits diskutiert, als russische Truppen die Krim besetzten. Daraufhin angestrebte Modernisierungsma\u00dfnahmen sind allerdings bis heute nicht abgeschlossen. Die Betreiber der ukrainischen Atomkraftwerke betonen hingegen aktuell, dass die Reaktoren grunds\u00e4tzlich gegen Flugzeugabst\u00fcrze gesichert seien. Ob sie auch starker Kriegsmunition standhalten w\u00fcrde, bleibt unklar.<\/p>\n\n\n\n<p>Das \u00d6ko-Institut warnte bereits 2017 vor der <a href=\"https:\/\/www.energiezukunft.eu\/politik\/gefahr-durch-atomenergie-in-krisengebieten-unterschaetzt\/\" target=\"_blank\" rel=\"noreferrer noopener\">nuklear hochgef\u00e4hrlichen Situation in der Ukraine<\/a>. Denn zu den gr\u00f6\u00dften Risiken, die von der sogenannten zivilen Nutzung der Kernenergie ausgehen, geh\u00f6ren politisch und wirtschaftlich instabile Verh\u00e4ltnisse. Atomkraftwerke ben\u00f6tigen eine ununterbrochene institutionelle und materielle Sicherheitsinfrastruktur. Kleinere St\u00f6rungen von Handlungsabl\u00e4ufen oder Kontrollverlust \u00fcber die nukleartechnische Infrastruktur k\u00f6nnen so schnell zu einer massiven Bedrohung werden.<\/p>\n\n\n\n<h5 class=\"wp-block-heading\">Gefahrenfaktor Stromversorgung<\/h5>\n\n\n\n<p>Ein Zwischenfall auf der Krim 2015 demonstrierte diese Gefahr eindr\u00fccklich. Gesprengte Strommasten schnitten damals einen Teil der Bev\u00f6lkerung von der Energieversorgung ab \u2013 auch der Kernreaktor Saporoschschje war betroffen. Der Betrieb des Reaktors wurde so stark beeintr\u00e4chtigt, dass die Betreiberfirma Ukrenergo die Situation als hochgef\u00e4hrlich einstufte.<\/p>\n\n\n\n<p>In der derzeitigen Kriegssituation in der Ukraine ist die Gefahr von Zwischenf\u00e4llen dieser Art noch einmal deutlich h\u00f6her. Darauf verwies in den vergangenen Tagen auch James Acton, der Co-Direktor des Nuklearpolitik-Programms der Carnegie Stiftung f\u00fcr Internationalen Frieden. Kernkraftwerke k\u00f6nnten gewollt oder ungewollt Ziel von Angriffen werden, schreibt Acton in einem <a href=\"https:\/\/carnegieendowment.org\/2022\/02\/24\/most-immediate-nuclear-danger-in-ukraine-isn-t-chernobyl-pub-86521\" target=\"_blank\" rel=\"noreferrer noopener\">Kommentar<\/a>. \u201eDiese Anlagen nutzen Strom aus dem staatlichen Stromnetz, um den Reaktor zu k\u00fchlen, falls dieser zur Abschaltung gezwungen wird. Auch wenn Notstromsysteme wie Dieselgeneratoren zur Verf\u00fcgung stehen, ist das Stromnetz eine wichtige Verteidigungslinie. Die Gefahr eines Stromausfalls in der Ukraine ist sehr gro\u00df, wenn russische Streitkr\u00e4fte die Strominfrastruktur des Landes angreifen.\u201c<\/p>\n\n\n\n<p>Die gro\u00dfe Abh\u00e4ngigkeit von Atomstrom stellt ein strukturelles Problem f\u00fcr die derzeitige Stromversorgung dar. Denn die Reaktoren entsprechen dem sowjetischen Kraftwerksdesign und der Gro\u00dfteil des Brennmaterials wird aus Russland importiert. Auch der Atomm\u00fcll geht dorthin zur\u00fcck. Die Stromversorgung der Ukraine ist in diesem Sinne hochgradig abh\u00e4ngig von Russland und k\u00f6nnte leicht zur gezielten oder unbeabsichtigten Gefahr werden. Die Europ\u00e4ische Union diskutiert auch deshalb aktuell, die Ukraine an das europ\u00e4ische Verbundnetz anzuschlie\u00dfen.<\/p>\n\n\n\n<h5 class=\"wp-block-heading\">Sperrzone Tschernobyl eingenommen<\/h5>\n\n\n\n<div class=\"wp-block-image\"><figure class=\"alignleft size-full\"><img loading=\"lazy\" decoding=\"async\" width=\"209\" height=\"300\" src=\"https:\/\/www.sonnenseite.com\/wp-content\/uploads\/2022\/03\/tschernobyl_1986.jpg\" alt=\"tschernobyl_1986\" class=\"wp-image-80059\"\/><figcaption>Tschernobyl 1986<\/figcaption><\/figure><\/div>\n\n\n\n<p>Die nukleare Gefahrenlage r\u00fcckte mit der russischen \u00dcbernahme der nuklearen Sperrzone Tschernobyl vergangene Woche verst\u00e4rkt ins Zentrum der Aufmerksamkeit. Russische Truppen besetzten Tschernobyl und nahmen Medienberichten zufolge die Besch\u00e4ftigten als Geisel. Der ukrainische Pr\u00e4sident Volodymyr Zelensky bezeichnet den Kampf um Tschernobyl als Kriegserkl\u00e4rung an ganz Europa. Tschernobyl lag zwar f\u00fcr die russischen Truppen auf direktem Weg zur Hauptstadt Kiew. Doch dass die Einnahme der Atomruine eine weitere Drohgeb\u00e4rde darstellt, wird auch von westlichen Medien angenommen. Die Internationale Atomenergiebeh\u00f6rde IAEA warnte am Wochenende wiederholt, die Sicherheit der Anlagen d\u00fcrfe nicht gef\u00e4hrdet werden. Generaldirektor Rafael Mariano Grossi wies zudem darauf hin, dass jeder Angriff auf zivile nukleare Anlagen gegen das V\u00f6lkerrecht und die Charta der Vereinten Nationen versto\u00dfe.<\/p>\n\n\n\n<p>Die staatliche Nuklearaufsichtsbeh\u00f6rde der Ukraine meldete nach den K\u00e4mpfen erh\u00f6hte Gammastrahlenwerte in der Sperrzone, die sich rund 30 Kilometer um Tschernobyl erstreckt. Experteneinsch\u00e4tzungen aus der Ukraine zufolge k\u00f6nnte der Anstieg der Werte mit dem Einsatz von schweren milit\u00e4rischen Ger\u00e4ten bei der \u00dcbernahme durch russische Truppen zusammenh\u00e4ngen. Durch die St\u00f6rung der obersten Bodenschicht habe die Luftverschmutzung mit kontaminierten Partikeln zugenommen, was den Anstieg der Strahlenwerte erkl\u00e4ren w\u00fcrde. Denn obwohl es sich um eine starke Erh\u00f6hung der Werte handelt, befindet sich die Strahlenkonzentration unterhalb der Grenzwerte der Europ\u00e4ischen Union. Die Internationale Atomaufsichtsbeh\u00f6rde hat bisher keine Besch\u00e4digung der Anlagen festgestellt.<\/p>\n\n\n\n<p>Neben den nun vor Ort stationierten russischen Truppen gehen laut russischen Angaben die Besch\u00e4ftigten der regul\u00e4ren Anlagensicherung weiter ihrer Arbeit nach. Eine akute Gef\u00e4hrdung der Menschen vor Ort und der umliegenden Gebiete sei derzeit nicht anzunehmen. <a href=\"https:\/\/www1.wdr.de\/nachrichten\/tschernobyl-akw-ukraine-krieg-russland-100.html\" target=\"_blank\" rel=\"noreferrer noopener\">Experten<\/a> sind sich einig, dass Tschernobyl zwar weiterhin eine Gefahr darstellt, die laufenden AKW in der Ukraine aber deutlich gr\u00f6\u00dfere Risiken bergen. In diesem Jahr sollte endlich die Demontage des Katastrophenreaktors beginnen. Insgesamt war geplant, die Atomkraftwerksruine bis 2065 zur\u00fcck zubauen.<\/p>\n\n\n<h5 class=\"green\">Quelle<\/h5>\r\n\n\n\n<p>Der Bericht wurde von der&nbsp;<a href=\"https:\/\/www.energiezukunft.eu\/politik\/kernkraftwerke-im-kriegsgebiet\/\">Redaktion \u201cenergiezukunft\u201c (Julia Broich) 2022<\/a>&nbsp;verfasst&nbsp;\u2013 der Artikel darf&nbsp;<a href=\"mailto:portal@energiezukunft.eu\" target=\"_blank\" rel=\"noreferrer noopener\">nicht ohne Genehmigung<\/a>&nbsp;weiterverbreitet werden!&nbsp;|&nbsp;<strong>energiezukunft<\/strong>&nbsp;| Heft 31\/2021 | \u201eDezentral Erneuerbar \u2013 ein Update\u201c&nbsp;|&nbsp;&nbsp;<a href=\"https:\/\/www.energiezukunft.eu\/service\/magazine\/\" target=\"_blank\" rel=\"noreferrer noopener\">Jetzt lesen<\/a>&nbsp;|&nbsp;<a href=\"https:\/\/www.energiezukunft.eu\/fileadmin\/user_upload\/Magazin-PDFs\/energiezukunft\/energiezukunft_2021-31.pdf\" target=\"_blank\" rel=\"noreferrer noopener\">Download<\/a><\/p>\n<div class=\"shariff shariff-align-flex-start shariff-widget-align-flex-start\"><div class=\"ShariffHeadline\">Diese Meldung teilen<\/div><ul class=\"shariff-buttons theme-round orientation-horizontal buttonsize-medium\"><li class=\"shariff-button facebook shariff-nocustomcolor\" style=\"background-color:#4273c8;border-radius:1%\"><a href=\"https:\/\/www.facebook.com\/sharer\/sharer.php?u=https%3A%2F%2Fwww.sonnenseite.com%2Fde%2Fenergie%2Fatomare-bedrohung-kernkraftwerke-im-kriegsgebiet%2F\" title=\"Bei Facebook teilen\" aria-label=\"Bei Facebook teilen\" role=\"button\" rel=\"nofollow\" class=\"shariff-link\" style=\";border-radius:1%; background-color:#3b5998; color:#fff\" target=\"_blank\"><span class=\"shariff-icon\" style=\"\"><svg width=\"32px\" height=\"20px\" xmlns=\"http:\/\/www.w3.org\/2000\/svg\" viewBox=\"0 0 18 32\"><path fill=\"#3b5998\" d=\"M17.1 0.2v4.7h-2.8q-1.5 0-2.1 0.6t-0.5 1.9v3.4h5.2l-0.7 5.3h-4.5v13.6h-5.5v-13.6h-4.5v-5.3h4.5v-3.9q0-3.3 1.9-5.2t5-1.8q2.6 0 4.1 0.2z\"\/><\/svg><\/span><\/a><\/li><li class=\"shariff-button twitter shariff-nocustomcolor\" style=\"background-color:#595959;border-radius:1%\"><a href=\"https:\/\/twitter.com\/share?url=https%3A%2F%2Fwww.sonnenseite.com%2Fde%2Fenergie%2Fatomare-bedrohung-kernkraftwerke-im-kriegsgebiet%2F&text=Atomare%20Bedrohung%3A%20Kernkraftwerke%20im%20Kriegsgebiet\" title=\"Bei X teilen\" aria-label=\"Bei X teilen\" role=\"button\" rel=\"noopener nofollow\" class=\"shariff-link\" style=\";border-radius:1%; background-color:#000; color:#fff\" target=\"_blank\"><span class=\"shariff-icon\" style=\"\"><svg width=\"32px\" height=\"20px\" xmlns=\"http:\/\/www.w3.org\/2000\/svg\" viewBox=\"0 0 24 24\"><path fill=\"#000\" d=\"M14.258 10.152L23.176 0h-2.113l-7.747 8.813L7.133 0H0l9.352 13.328L0 23.973h2.113l8.176-9.309 6.531 9.309h7.133zm-2.895 3.293l-.949-1.328L2.875 1.56h3.246l6.086 8.523.945 1.328 7.91 11.078h-3.246zm0 0\"\/><\/svg><\/span><\/a><\/li><li class=\"shariff-button xing shariff-nocustomcolor\" style=\"background-color:#29888a;border-radius:1%\"><a href=\"https:\/\/www.xing.com\/spi\/shares\/new?url=https%3A%2F%2Fwww.sonnenseite.com%2Fde%2Fenergie%2Fatomare-bedrohung-kernkraftwerke-im-kriegsgebiet%2F\" title=\"Bei XING teilen\" aria-label=\"Bei XING teilen\" role=\"button\" rel=\"noopener nofollow\" class=\"shariff-link\" style=\";border-radius:1%; background-color:#126567; color:#fff\" target=\"_blank\"><span class=\"shariff-icon\" style=\"\"><svg width=\"32px\" height=\"20px\" xmlns=\"http:\/\/www.w3.org\/2000\/svg\" viewBox=\"0 0 25 32\"><path fill=\"#126567\" d=\"M10.7 11.9q-0.2 0.3-4.6 8.2-0.5 0.8-1.2 0.8h-4.3q-0.4 0-0.5-0.3t0-0.6l4.5-8q0 0 0 0l-2.9-5q-0.2-0.4 0-0.7 0.2-0.3 0.5-0.3h4.3q0.7 0 1.2 0.8zM25.1 0.4q0.2 0.3 0 0.7l-9.4 16.7 6 11q0.2 0.4 0 0.6-0.2 0.3-0.6 0.3h-4.3q-0.7 0-1.2-0.8l-6-11.1q0.3-0.6 9.5-16.8 0.4-0.8 1.2-0.8h4.3q0.4 0 0.5 0.3z\"\/><\/svg><\/span><\/a><\/li><li class=\"shariff-button linkedin shariff-nocustomcolor\" style=\"background-color:#1488bf;border-radius:1%\"><a href=\"https:\/\/www.linkedin.com\/sharing\/share-offsite\/?url=https%3A%2F%2Fwww.sonnenseite.com%2Fde%2Fenergie%2Fatomare-bedrohung-kernkraftwerke-im-kriegsgebiet%2F\" title=\"Bei LinkedIn teilen\" aria-label=\"Bei LinkedIn teilen\" role=\"button\" rel=\"noopener nofollow\" class=\"shariff-link\" style=\";border-radius:1%; background-color:#0077b5; color:#fff\" target=\"_blank\"><span class=\"shariff-icon\" style=\"\"><svg width=\"32px\" height=\"20px\" xmlns=\"http:\/\/www.w3.org\/2000\/svg\" viewBox=\"0 0 27 32\"><path fill=\"#0077b5\" d=\"M6.2 11.2v17.7h-5.9v-17.7h5.9zM6.6 5.7q0 1.3-0.9 2.2t-2.4 0.9h0q-1.5 0-2.4-0.9t-0.9-2.2 0.9-2.2 2.4-0.9 2.4 0.9 0.9 2.2zM27.4 18.7v10.1h-5.9v-9.5q0-1.9-0.7-2.9t-2.3-1.1q-1.1 0-1.9 0.6t-1.2 1.5q-0.2 0.5-0.2 1.4v9.9h-5.9q0-7.1 0-11.6t0-5.3l0-0.9h5.9v2.6h0q0.4-0.6 0.7-1t1-0.9 1.6-0.8 2-0.3q3 0 4.9 2t1.9 6z\"\/><\/svg><\/span><\/a><\/li><li class=\"shariff-button printer shariff-nocustomcolor\" style=\"background-color:#a8a8a8;border-radius:1%\"><a href=\"javascript:window.print()\" title=\"drucken\" aria-label=\"drucken\" role=\"button\" rel=\"noopener nofollow\" class=\"shariff-link\" style=\";border-radius:1%; background-color:#999; color:#fff\"><span class=\"shariff-icon\" style=\"\"><svg width=\"32px\" height=\"20px\" xmlns=\"http:\/\/www.w3.org\/2000\/svg\" viewBox=\"0 0 30 32\"><path fill=\"#999\" d=\"M6.8 27.4h16v-4.6h-16v4.6zM6.8 16h16v-6.8h-2.8q-0.7 0-1.2-0.5t-0.5-1.2v-2.8h-11.4v11.4zM27.4 17.2q0-0.5-0.3-0.8t-0.8-0.4-0.8 0.4-0.3 0.8 0.3 0.8 0.8 0.3 0.8-0.3 0.3-0.8zM29.7 17.2v7.4q0 0.2-0.2 0.4t-0.4 0.2h-4v2.8q0 0.7-0.5 1.2t-1.2 0.5h-17.2q-0.7 0-1.2-0.5t-0.5-1.2v-2.8h-4q-0.2 0-0.4-0.2t-0.2-0.4v-7.4q0-1.4 1-2.4t2.4-1h1.2v-9.7q0-0.7 0.5-1.2t1.2-0.5h12q0.7 0 1.6 0.4t1.3 0.8l2.7 2.7q0.5 0.5 0.9 1.4t0.4 1.6v4.6h1.1q1.4 0 2.4 1t1 2.4z\"\/><\/svg><\/span><\/a><\/li><li class=\"shariff-button mailto shariff-nocustomcolor\" style=\"background-color:#a8a8a8;border-radius:1%\"><a href=\"mailto:?body=https%3A%2F%2Fwww.sonnenseite.com%2Fde%2Fenergie%2Fatomare-bedrohung-kernkraftwerke-im-kriegsgebiet%2F&subject=Atomare%20Bedrohung%3A%20Kernkraftwerke%20im%20Kriegsgebiet\" title=\"Per E-Mail versenden\" aria-label=\"Per E-Mail versenden\" role=\"button\" rel=\"noopener nofollow\" class=\"shariff-link\" style=\";border-radius:1%; background-color:#999; color:#fff\"><span class=\"shariff-icon\" style=\"\"><svg width=\"32px\" height=\"20px\" xmlns=\"http:\/\/www.w3.org\/2000\/svg\" viewBox=\"0 0 32 32\"><path fill=\"#999\" d=\"M32 12.7v14.2q0 1.2-0.8 2t-2 0.9h-26.3q-1.2 0-2-0.9t-0.8-2v-14.2q0.8 0.9 1.8 1.6 6.5 4.4 8.9 6.1 1 0.8 1.6 1.2t1.7 0.9 2 0.4h0.1q0.9 0 2-0.4t1.7-0.9 1.6-1.2q3-2.2 8.9-6.1 1-0.7 1.8-1.6zM32 7.4q0 1.4-0.9 2.7t-2.2 2.2q-6.7 4.7-8.4 5.8-0.2 0.1-0.7 0.5t-1 0.7-0.9 0.6-1.1 0.5-0.9 0.2h-0.1q-0.4 0-0.9-0.2t-1.1-0.5-0.9-0.6-1-0.7-0.7-0.5q-1.6-1.1-4.7-3.2t-3.6-2.6q-1.1-0.7-2.1-2t-1-2.5q0-1.4 0.7-2.3t2.1-0.9h26.3q1.2 0 2 0.8t0.9 2z\"\/><\/svg><\/span><\/a><\/li><\/ul><\/div>","protected":false},"excerpt":{"rendered":"<p>Der Krieg in der Ukraine hat einen nuklearen Unterton. Die ukrainischen Atomkraftwerke k\u00f6nnten dabei zur gr\u00f6\u00dften [&hellip;]<\/p>\n","protected":false},"author":3,"featured_media":45606,"comment_status":"closed","ping_status":"closed","sticky":false,"template":"","format":"standard","meta":{"inline_featured_image":false,"footnotes":""},"categories":[22],"tags":[],"class_list":["post-80056","post","type-post","status-publish","format-standard","has-post-thumbnail","hentry","category-energie"],"yoast_head":"<!-- This site is optimized with the Yoast SEO plugin v26.5 - https:\/\/yoast.com\/wordpress\/plugins\/seo\/ -->\n<title>Atomare Bedrohung: Kernkraftwerke im Kriegsgebiet - Sonnenseite - \u00d6kologische Kommunikation mit Franz Alt<\/title>\n<meta name=\"description\" content=\"Der Krieg in der Ukraine hat einen nuklearen Unterton. Die ukrainischen Atomkraftwerke k\u00f6nnten dabei zur gr\u00f6\u00dften Gefahr werden. Denn die Nutzung von\" \/>\n<meta name=\"robots\" content=\"index, follow, max-snippet:-1, max-image-preview:large, max-video-preview:-1\" \/>\n<link rel=\"canonical\" href=\"https:\/\/www.sonnenseite.com\/de\/energie\/atomare-bedrohung-kernkraftwerke-im-kriegsgebiet\/\" \/>\n<meta property=\"og:locale\" content=\"de_DE\" \/>\n<meta property=\"og:type\" content=\"article\" \/>\n<meta property=\"og:title\" content=\"Atomare Bedrohung: Kernkraftwerke im Kriegsgebiet - Sonnenseite - \u00d6kologische Kommunikation mit Franz Alt\" \/>\n<meta property=\"og:description\" content=\"Der Krieg in der Ukraine hat einen nuklearen Unterton. Die ukrainischen Atomkraftwerke k\u00f6nnten dabei zur gr\u00f6\u00dften Gefahr werden. Denn die Nutzung von\" \/>\n<meta property=\"og:url\" content=\"https:\/\/www.sonnenseite.com\/de\/energie\/atomare-bedrohung-kernkraftwerke-im-kriegsgebiet\/\" \/>\n<meta property=\"og:site_name\" content=\"Sonnenseite\" \/>\n<meta property=\"article:publisher\" content=\"https:\/\/www.facebook.com\/pages\/Franz-Alt-SONNENSEITECOM\/221072987903953?fref=ts\" \/>\n<meta property=\"article:published_time\" content=\"2022-03-04T07:27:51+00:00\" \/>\n<meta property=\"article:modified_time\" content=\"2022-03-04T07:32:20+00:00\" \/>\n<meta property=\"og:image\" content=\"https:\/\/www.sonnenseite.com\/wp-content\/uploads\/2015\/04\/tschernobyl_jah_unit.jpg\" \/>\n\t<meta property=\"og:image:width\" content=\"770\" \/>\n\t<meta property=\"og:image:height\" content=\"420\" \/>\n\t<meta property=\"og:image:type\" content=\"image\/jpeg\" \/>\n<meta name=\"author\" content=\"Bigi Alt\" \/>\n<meta name=\"twitter:card\" content=\"summary_large_image\" \/>\n<meta name=\"twitter:creator\" content=\"@franzalt\" \/>\n<meta name=\"twitter:site\" content=\"@franzalt\" \/>\n<meta name=\"twitter:label1\" content=\"Verfasst von\" \/>\n\t<meta name=\"twitter:data1\" content=\"Bigi Alt\" \/>\n\t<meta name=\"twitter:label2\" content=\"Gesch\u00e4tzte Lesezeit\" \/>\n\t<meta name=\"twitter:data2\" content=\"6\u00a0Minuten\" \/>\n<script type=\"application\/ld+json\" class=\"yoast-schema-graph\">{\"@context\":\"https:\/\/schema.org\",\"@graph\":[{\"@type\":\"Article\",\"@id\":\"https:\/\/www.sonnenseite.com\/de\/energie\/atomare-bedrohung-kernkraftwerke-im-kriegsgebiet\/#article\",\"isPartOf\":{\"@id\":\"https:\/\/www.sonnenseite.com\/de\/energie\/atomare-bedrohung-kernkraftwerke-im-kriegsgebiet\/\"},\"author\":{\"name\":\"Bigi Alt\",\"@id\":\"https:\/\/www.sonnenseite.com\/de\/#\/schema\/person\/50fda0e926597684c7cc6695238a4eb9\"},\"headline\":\"Atomare Bedrohung: Kernkraftwerke im Kriegsgebiet\",\"datePublished\":\"2022-03-04T07:27:51+00:00\",\"dateModified\":\"2022-03-04T07:32:20+00:00\",\"mainEntityOfPage\":{\"@id\":\"https:\/\/www.sonnenseite.com\/de\/energie\/atomare-bedrohung-kernkraftwerke-im-kriegsgebiet\/\"},\"wordCount\":1046,\"publisher\":{\"@id\":\"https:\/\/www.sonnenseite.com\/de\/#organization\"},\"image\":{\"@id\":\"https:\/\/www.sonnenseite.com\/de\/energie\/atomare-bedrohung-kernkraftwerke-im-kriegsgebiet\/#primaryimage\"},\"thumbnailUrl\":\"https:\/\/www.sonnenseite.com\/wp-content\/uploads\/2015\/04\/tschernobyl_jah_unit.jpg\",\"articleSection\":[\"Energie\"],\"inLanguage\":\"de\"},{\"@type\":\"WebPage\",\"@id\":\"https:\/\/www.sonnenseite.com\/de\/energie\/atomare-bedrohung-kernkraftwerke-im-kriegsgebiet\/\",\"url\":\"https:\/\/www.sonnenseite.com\/de\/energie\/atomare-bedrohung-kernkraftwerke-im-kriegsgebiet\/\",\"name\":\"Atomare Bedrohung: Kernkraftwerke im Kriegsgebiet - Sonnenseite - \u00d6kologische Kommunikation mit Franz Alt\",\"isPartOf\":{\"@id\":\"https:\/\/www.sonnenseite.com\/de\/#website\"},\"primaryImageOfPage\":{\"@id\":\"https:\/\/www.sonnenseite.com\/de\/energie\/atomare-bedrohung-kernkraftwerke-im-kriegsgebiet\/#primaryimage\"},\"image\":{\"@id\":\"https:\/\/www.sonnenseite.com\/de\/energie\/atomare-bedrohung-kernkraftwerke-im-kriegsgebiet\/#primaryimage\"},\"thumbnailUrl\":\"https:\/\/www.sonnenseite.com\/wp-content\/uploads\/2015\/04\/tschernobyl_jah_unit.jpg\",\"datePublished\":\"2022-03-04T07:27:51+00:00\",\"dateModified\":\"2022-03-04T07:32:20+00:00\",\"description\":\"Der Krieg in der Ukraine hat einen nuklearen Unterton. Die ukrainischen Atomkraftwerke k\u00f6nnten dabei zur gr\u00f6\u00dften Gefahr werden. Denn die Nutzung von\",\"breadcrumb\":{\"@id\":\"https:\/\/www.sonnenseite.com\/de\/energie\/atomare-bedrohung-kernkraftwerke-im-kriegsgebiet\/#breadcrumb\"},\"inLanguage\":\"de\",\"potentialAction\":[{\"@type\":\"ReadAction\",\"target\":[\"https:\/\/www.sonnenseite.com\/de\/energie\/atomare-bedrohung-kernkraftwerke-im-kriegsgebiet\/\"]}]},{\"@type\":\"ImageObject\",\"inLanguage\":\"de\",\"@id\":\"https:\/\/www.sonnenseite.com\/de\/energie\/atomare-bedrohung-kernkraftwerke-im-kriegsgebiet\/#primaryimage\",\"url\":\"https:\/\/www.sonnenseite.com\/wp-content\/uploads\/2015\/04\/tschernobyl_jah_unit.jpg\",\"contentUrl\":\"https:\/\/www.sonnenseite.com\/wp-content\/uploads\/2015\/04\/tschernobyl_jah_unit.jpg\",\"width\":770,\"height\":420,\"caption\":\"Fotolia.com | jah_unit | Tschernobyl\"},{\"@type\":\"BreadcrumbList\",\"@id\":\"https:\/\/www.sonnenseite.com\/de\/energie\/atomare-bedrohung-kernkraftwerke-im-kriegsgebiet\/#breadcrumb\",\"itemListElement\":[{\"@type\":\"ListItem\",\"position\":1,\"name\":\"Startseite\",\"item\":\"https:\/\/www.sonnenseite.com\/de\/\"},{\"@type\":\"ListItem\",\"position\":2,\"name\":\"Atomare Bedrohung: Kernkraftwerke im Kriegsgebiet\"}]},{\"@type\":\"WebSite\",\"@id\":\"https:\/\/www.sonnenseite.com\/de\/#website\",\"url\":\"https:\/\/www.sonnenseite.com\/de\/\",\"name\":\"Sonnenseite\",\"description\":\"\u00d6kologische Kommunikation mit Franz Alt\",\"publisher\":{\"@id\":\"https:\/\/www.sonnenseite.com\/de\/#organization\"},\"potentialAction\":[{\"@type\":\"SearchAction\",\"target\":{\"@type\":\"EntryPoint\",\"urlTemplate\":\"https:\/\/www.sonnenseite.com\/de\/?s={search_term_string}\"},\"query-input\":{\"@type\":\"PropertyValueSpecification\",\"valueRequired\":true,\"valueName\":\"search_term_string\"}}],\"inLanguage\":\"de\"},{\"@type\":\"Organization\",\"@id\":\"https:\/\/www.sonnenseite.com\/de\/#organization\",\"name\":\"Sonnenseite\",\"url\":\"https:\/\/www.sonnenseite.com\/de\/\",\"logo\":{\"@type\":\"ImageObject\",\"inLanguage\":\"de\",\"@id\":\"https:\/\/www.sonnenseite.com\/de\/#\/schema\/logo\/image\/\",\"url\":\"https:\/\/www.sonnenseite.com\/wp-content\/uploads\/2020\/05\/Sonnenseite_Logo.png\",\"contentUrl\":\"https:\/\/www.sonnenseite.com\/wp-content\/uploads\/2020\/05\/Sonnenseite_Logo.png\",\"width\":377,\"height\":90,\"caption\":\"Sonnenseite\"},\"image\":{\"@id\":\"https:\/\/www.sonnenseite.com\/de\/#\/schema\/logo\/image\/\"},\"sameAs\":[\"https:\/\/www.facebook.com\/pages\/Franz-Alt-SONNENSEITECOM\/221072987903953?fref=ts\",\"https:\/\/x.com\/franzalt\",\"http:\/\/www.youtube.com\/results?search_query&amp;amp;quot;franz_alt&amp;amp;quot;&amp;amp;amp;amp;search_type&amp;amp;amp;amp;aq=f\"]},{\"@type\":\"Person\",\"@id\":\"https:\/\/www.sonnenseite.com\/de\/#\/schema\/person\/50fda0e926597684c7cc6695238a4eb9\",\"name\":\"Bigi Alt\"}]}<\/script>\n<!-- \/ Yoast SEO plugin. -->","yoast_head_json":{"title":"Atomare Bedrohung: Kernkraftwerke im Kriegsgebiet - Sonnenseite - \u00d6kologische Kommunikation mit Franz Alt","description":"Der Krieg in der Ukraine hat einen nuklearen Unterton. Die ukrainischen Atomkraftwerke k\u00f6nnten dabei zur gr\u00f6\u00dften Gefahr werden. Denn die Nutzung von","robots":{"index":"index","follow":"follow","max-snippet":"max-snippet:-1","max-image-preview":"max-image-preview:large","max-video-preview":"max-video-preview:-1"},"canonical":"https:\/\/www.sonnenseite.com\/de\/energie\/atomare-bedrohung-kernkraftwerke-im-kriegsgebiet\/","og_locale":"de_DE","og_type":"article","og_title":"Atomare Bedrohung: Kernkraftwerke im Kriegsgebiet - Sonnenseite - \u00d6kologische Kommunikation mit Franz Alt","og_description":"Der Krieg in der Ukraine hat einen nuklearen Unterton. Die ukrainischen Atomkraftwerke k\u00f6nnten dabei zur gr\u00f6\u00dften Gefahr werden. Denn die Nutzung von","og_url":"https:\/\/www.sonnenseite.com\/de\/energie\/atomare-bedrohung-kernkraftwerke-im-kriegsgebiet\/","og_site_name":"Sonnenseite","article_publisher":"https:\/\/www.facebook.com\/pages\/Franz-Alt-SONNENSEITECOM\/221072987903953?fref=ts","article_published_time":"2022-03-04T07:27:51+00:00","article_modified_time":"2022-03-04T07:32:20+00:00","og_image":[{"width":770,"height":420,"url":"https:\/\/www.sonnenseite.com\/wp-content\/uploads\/2015\/04\/tschernobyl_jah_unit.jpg","type":"image\/jpeg"}],"author":"Bigi Alt","twitter_card":"summary_large_image","twitter_creator":"@franzalt","twitter_site":"@franzalt","twitter_misc":{"Verfasst von":"Bigi Alt","Gesch\u00e4tzte Lesezeit":"6\u00a0Minuten"},"schema":{"@context":"https:\/\/schema.org","@graph":[{"@type":"Article","@id":"https:\/\/www.sonnenseite.com\/de\/energie\/atomare-bedrohung-kernkraftwerke-im-kriegsgebiet\/#article","isPartOf":{"@id":"https:\/\/www.sonnenseite.com\/de\/energie\/atomare-bedrohung-kernkraftwerke-im-kriegsgebiet\/"},"author":{"name":"Bigi Alt","@id":"https:\/\/www.sonnenseite.com\/de\/#\/schema\/person\/50fda0e926597684c7cc6695238a4eb9"},"headline":"Atomare Bedrohung: Kernkraftwerke im Kriegsgebiet","datePublished":"2022-03-04T07:27:51+00:00","dateModified":"2022-03-04T07:32:20+00:00","mainEntityOfPage":{"@id":"https:\/\/www.sonnenseite.com\/de\/energie\/atomare-bedrohung-kernkraftwerke-im-kriegsgebiet\/"},"wordCount":1046,"publisher":{"@id":"https:\/\/www.sonnenseite.com\/de\/#organization"},"image":{"@id":"https:\/\/www.sonnenseite.com\/de\/energie\/atomare-bedrohung-kernkraftwerke-im-kriegsgebiet\/#primaryimage"},"thumbnailUrl":"https:\/\/www.sonnenseite.com\/wp-content\/uploads\/2015\/04\/tschernobyl_jah_unit.jpg","articleSection":["Energie"],"inLanguage":"de"},{"@type":"WebPage","@id":"https:\/\/www.sonnenseite.com\/de\/energie\/atomare-bedrohung-kernkraftwerke-im-kriegsgebiet\/","url":"https:\/\/www.sonnenseite.com\/de\/energie\/atomare-bedrohung-kernkraftwerke-im-kriegsgebiet\/","name":"Atomare Bedrohung: Kernkraftwerke im Kriegsgebiet - Sonnenseite - \u00d6kologische Kommunikation mit Franz Alt","isPartOf":{"@id":"https:\/\/www.sonnenseite.com\/de\/#website"},"primaryImageOfPage":{"@id":"https:\/\/www.sonnenseite.com\/de\/energie\/atomare-bedrohung-kernkraftwerke-im-kriegsgebiet\/#primaryimage"},"image":{"@id":"https:\/\/www.sonnenseite.com\/de\/energie\/atomare-bedrohung-kernkraftwerke-im-kriegsgebiet\/#primaryimage"},"thumbnailUrl":"https:\/\/www.sonnenseite.com\/wp-content\/uploads\/2015\/04\/tschernobyl_jah_unit.jpg","datePublished":"2022-03-04T07:27:51+00:00","dateModified":"2022-03-04T07:32:20+00:00","description":"Der Krieg in der Ukraine hat einen nuklearen Unterton. Die ukrainischen Atomkraftwerke k\u00f6nnten dabei zur gr\u00f6\u00dften Gefahr werden. Denn die Nutzung von","breadcrumb":{"@id":"https:\/\/www.sonnenseite.com\/de\/energie\/atomare-bedrohung-kernkraftwerke-im-kriegsgebiet\/#breadcrumb"},"inLanguage":"de","potentialAction":[{"@type":"ReadAction","target":["https:\/\/www.sonnenseite.com\/de\/energie\/atomare-bedrohung-kernkraftwerke-im-kriegsgebiet\/"]}]},{"@type":"ImageObject","inLanguage":"de","@id":"https:\/\/www.sonnenseite.com\/de\/energie\/atomare-bedrohung-kernkraftwerke-im-kriegsgebiet\/#primaryimage","url":"https:\/\/www.sonnenseite.com\/wp-content\/uploads\/2015\/04\/tschernobyl_jah_unit.jpg","contentUrl":"https:\/\/www.sonnenseite.com\/wp-content\/uploads\/2015\/04\/tschernobyl_jah_unit.jpg","width":770,"height":420,"caption":"Fotolia.com | jah_unit | Tschernobyl"},{"@type":"BreadcrumbList","@id":"https:\/\/www.sonnenseite.com\/de\/energie\/atomare-bedrohung-kernkraftwerke-im-kriegsgebiet\/#breadcrumb","itemListElement":[{"@type":"ListItem","position":1,"name":"Startseite","item":"https:\/\/www.sonnenseite.com\/de\/"},{"@type":"ListItem","position":2,"name":"Atomare Bedrohung: Kernkraftwerke im Kriegsgebiet"}]},{"@type":"WebSite","@id":"https:\/\/www.sonnenseite.com\/de\/#website","url":"https:\/\/www.sonnenseite.com\/de\/","name":"Sonnenseite","description":"\u00d6kologische Kommunikation mit Franz Alt","publisher":{"@id":"https:\/\/www.sonnenseite.com\/de\/#organization"},"potentialAction":[{"@type":"SearchAction","target":{"@type":"EntryPoint","urlTemplate":"https:\/\/www.sonnenseite.com\/de\/?s={search_term_string}"},"query-input":{"@type":"PropertyValueSpecification","valueRequired":true,"valueName":"search_term_string"}}],"inLanguage":"de"},{"@type":"Organization","@id":"https:\/\/www.sonnenseite.com\/de\/#organization","name":"Sonnenseite","url":"https:\/\/www.sonnenseite.com\/de\/","logo":{"@type":"ImageObject","inLanguage":"de","@id":"https:\/\/www.sonnenseite.com\/de\/#\/schema\/logo\/image\/","url":"https:\/\/www.sonnenseite.com\/wp-content\/uploads\/2020\/05\/Sonnenseite_Logo.png","contentUrl":"https:\/\/www.sonnenseite.com\/wp-content\/uploads\/2020\/05\/Sonnenseite_Logo.png","width":377,"height":90,"caption":"Sonnenseite"},"image":{"@id":"https:\/\/www.sonnenseite.com\/de\/#\/schema\/logo\/image\/"},"sameAs":["https:\/\/www.facebook.com\/pages\/Franz-Alt-SONNENSEITECOM\/221072987903953?fref=ts","https:\/\/x.com\/franzalt","http:\/\/www.youtube.com\/results?search_query&amp;amp;quot;franz_alt&amp;amp;quot;&amp;amp;amp;amp;search_type&amp;amp;amp;amp;aq=f"]},{"@type":"Person","@id":"https:\/\/www.sonnenseite.com\/de\/#\/schema\/person\/50fda0e926597684c7cc6695238a4eb9","name":"Bigi Alt"}]}},"_links":{"self":[{"href":"https:\/\/www.sonnenseite.com\/de\/wp-json\/wp\/v2\/posts\/80056","targetHints":{"allow":["GET"]}}],"collection":[{"href":"https:\/\/www.sonnenseite.com\/de\/wp-json\/wp\/v2\/posts"}],"about":[{"href":"https:\/\/www.sonnenseite.com\/de\/wp-json\/wp\/v2\/types\/post"}],"author":[{"embeddable":true,"href":"https:\/\/www.sonnenseite.com\/de\/wp-json\/wp\/v2\/users\/3"}],"replies":[{"embeddable":true,"href":"https:\/\/www.sonnenseite.com\/de\/wp-json\/wp\/v2\/comments?post=80056"}],"version-history":[{"count":2,"href":"https:\/\/www.sonnenseite.com\/de\/wp-json\/wp\/v2\/posts\/80056\/revisions"}],"predecessor-version":[{"id":80061,"href":"https:\/\/www.sonnenseite.com\/de\/wp-json\/wp\/v2\/posts\/80056\/revisions\/80061"}],"wp:featuredmedia":[{"embeddable":true,"href":"https:\/\/www.sonnenseite.com\/de\/wp-json\/wp\/v2\/media\/45606"}],"wp:attachment":[{"href":"https:\/\/www.sonnenseite.com\/de\/wp-json\/wp\/v2\/media?parent=80056"}],"wp:term":[{"taxonomy":"category","embeddable":true,"href":"https:\/\/www.sonnenseite.com\/de\/wp-json\/wp\/v2\/categories?post=80056"},{"taxonomy":"post_tag","embeddable":true,"href":"https:\/\/www.sonnenseite.com\/de\/wp-json\/wp\/v2\/tags?post=80056"}],"curies":[{"name":"wp","href":"https:\/\/api.w.org\/{rel}","templated":true}]}}