{"id":80531,"date":"2022-03-18T16:00:00","date_gmt":"2022-03-18T15:00:00","guid":{"rendered":"https:\/\/www.sonnenseite.com\/?p=80531"},"modified":"2022-03-18T15:58:48","modified_gmt":"2022-03-18T14:58:48","slug":"erdbeben-in-fukushima","status":"publish","type":"post","link":"https:\/\/www.sonnenseite.com\/de\/umwelt\/erdbeben-in-fukushima\/","title":{"rendered":"Erdbeben in Fukushima"},"content":{"rendered":"\n<p>Vor Japans K\u00fcste bebte mal wieder der Meeresboden mit gro\u00dfer Gewalt, ein Ereignis, das traumatische Erinnerungen wach rief<\/p>\n\n\n\n<p>Der Meeresboden vor der japanischen K\u00fcste ist am Mittwoch um 15:36 mitteleurop\u00e4ischer Zeit (23:36 Uhr Ortszeit) von einem schweren Beben ersch\u00fcttert worden. Der US Geological Survey hat eine St\u00e4rke von 7,3 auf der logarithmischen Erdbebenskala <a href=\"https:\/\/earthquake.usgs.gov\/earthquakes\/eventpage\/us6000h519\/executive\">registriert<\/a>.<\/p>\n\n\n\n<p>Erdbeben in <a href=\"https:\/\/earthquake.usgs.gov\/earthquakes\/browse\/significant.php?year=2021\">vergleichbarer Gr\u00f6\u00dfenordnung<\/a> (7 und mehr auf der internationalen Skala) hat es im vergangenen Jahr zw\u00f6lf gegeben, wovon vier st\u00e4rker als das jetzige waren. Das st\u00e4rkste lag bei 7,7 und ereignete sich am <a href=\"https:\/\/earthquake.usgs.gov\/earthquakes\/eventpage\/us6000dg77\/executive\">10. Februar 2021 s\u00fcd\u00f6stlich von Neukaledonien<\/a> in der S\u00fcdsee.<\/p>\n\n\n\n<h5 class=\"wp-block-heading\">Traumatische Erinnerungen<\/h5>\n\n\n\n<p>Das Besondere an diesem Beben war, dass es sich 57 Kilometer vor der K\u00fcste der Pr\u00e4fektur Fukushima ereignete. Der Ort ist ganz in der N\u00e4he der Stelle, an dem elf Jahre und sechs Tage zuvor das gro\u00dfe Tohoku-Erdbeben mit einer St\u00e4rke von 9,1 den Meeresboden ersch\u00fctterte und einen folgenschweren Tsunami ausl\u00f6ste.<\/p>\n\n\n\n<p>\u00dcber 18.000 Menschen wurden seinerzeit durch die Flutwelle get\u00f6tet, die mit gro\u00dfer Gewalt stellenweise bis zu zehn Kilometer ins Land eindrang. Die Ersch\u00fctterungen verursachten in den sechs Bl\u00f6cken des direkt an der K\u00fcste stehenden AKW Fukushima Daiichi schwere Sch\u00e4den, und der Tsunami tat ein \u00dcbriges.<\/p>\n\n\n\n<p>In drei der Bl\u00f6cken kam es zur Kernschmelze, nach dem die Reaktordruckbeh\u00e4lter explodiert und gro\u00dfe Mengen radioaktiven Materials weit heraus geschleuderte worden waren.<strong>*<\/strong> 150.000 Menschen wurden aus den Sicherheitszonen rund um die Reaktoren evakuiert, die bis heute gr\u00f6\u00dferen Teils unbewohnbar sind.<\/p>\n\n\n\n<p>Die japanische Regierung, die bem\u00fcht war, die Folgen herunterzuspielen, hatte die Evakuierungszonen auf einen Umkreis von 20 und 30 Kilometer begrenzt. Internationale Organisationen hatten jedoch einen gr\u00f6\u00dferen Radius gefordert. Unter anderem war schnell klar, dass es auch au\u00dferhalb der evakuierten Gebiete stark kontaminierte Regionen gab.<\/p>\n\n\n\n<h5 class=\"wp-block-heading\">Proteste<\/h5>\n\n\n\n<p><a href=\"https:\/\/www.heise.de\/tp\/features\/Dreifache-Kernschmelze-5077306.html\">Hier<\/a> gibt es eine ausf\u00fchrliche Darstellung der Ereignisse, die wir im vergangenen Jahr aus Anlass des zehnten Jahrestages auf <em>Telepolis<\/em> ver\u00f6ffentlicht hatten.<\/p>\n\n\n\n<p>In Japan gab es nach dem Reaktorungl\u00fcck diverse lokale und landesweite Proteste gegen den Weiterbetrieb von Atomkraftwerken und die allermeisten sind bis auf den heutigen Tag abgeschaltet. 2012 gab es auf einer Gro\u00dfkundgebung in Tokio einen bejubelten Auftritt der deutschen Band <a href=\"https:\/\/www.youtube.com\/watch?v=IWsQgmq-fNs\">Kraftwerk<\/a>.<\/p>\n\n\n\n<p>Wenige Tage vor dem jetzigen Beben gab es am Freitag letzter Woche, dem Jahrestag der Reaktorkatastrophe von 2011, eine <a href=\"https:\/\/www.labournet.de\/internationales\/japan\/erdbeben-japan\/500-menschen-aus-fukushima-und-aus-ganz-japan-bei-der-anti-akw-aktion-am-11-maerz-2022-gegen-verklappung-des-wassers-und-wiederinbetriebnahme-von-akws\/\">Demonstration<\/a> gegen die Verklappung radioaktiv verseuchten Wassers im Meer und f\u00fcr die sofortige Stilllegung aller Atomkraftwerke weltweit.<\/p>\n\n\n\n<h5 class=\"wp-block-heading\">Kein Tsunami<\/h5>\n\n\n\n<p>Diesmal blieb derweil der zun\u00e4chst bef\u00fcrchtete Tsunami aus. Die traditionsreiche japanische Zeitung <em>Asahi Shimbum<\/em> <a href=\"https:\/\/www.asahi.com\/ajw\/articles\/14575010\">berichtet<\/a> in ihrer englischsprachigen Ausgabe, dass viele Einwohner der K\u00fcstengebiete sich schon nach den ersten Vorbeben auf h\u00f6heren Grund in Sicherheit gebracht hatten.<\/p>\n\n\n\n<p>Obwohl das Epizentrum des Bebens fast 60 Kilometer von der K\u00fcste entfernt lag, richteten die Ersch\u00fctterungen auch an Land noch viele Sch\u00e4den an. Mindestens vier Tote habe es gegeben, berichten verschiedene Zeitungen.<\/p>\n\n\n\n<p>Mehrere <a href=\"https:\/\/www.asahi.com\/ajw\/articles\/14574760\">Halbleiterfabriken<\/a>, die Chips f\u00fcr die Automobilindustrie herstellen, mussten ihre Produktion zeitweise einstellen. Selbst im rund 260 Kilometer s\u00fcdlich gelegenen Gro\u00dfraum Tokio gab es noch f\u00fcr zwei Millionen Haushalte <a href=\"https:\/\/www.cbsnews.com\/newyork\/news\/japan-earthquake-tsunami-advisory-fukushima-tokyo-power-outages\/\">einen Stromausfall<\/a>.<\/p>\n\n\n\n<h3 class=\"wp-block-heading\">Tektonik<\/h3>\n\n\n\n<p>Erdbeben sind in Japan keine Seltenheit. <a href=\"https:\/\/www.data.jma.go.jp\/multi\/quake\/index.html?lang=en\">Hier<\/a> findet sich eine (lange) Liste der Beben der letzten Wochen, erstellt von der japanischen Erdbebenwarte.<\/p>\n\n\n\n<p>Das jetzige Beben sticht eindeutig durch seine St\u00e4rke heraus. Zuletzt gab es ein Beben mit vergleichbarer St\u00e4rke in der Region im Februar 2021.<\/p>\n\n\n\n<p>Das gro\u00dfe Tohoku-Erdbeben von 2011 war noch einmal eine ganz andere Klasse. Beben dieser St\u00e4rke kommen in Japan und auch anderswo nur alle paar Jahrhunderte vor.<\/p>\n\n\n\n<p>Bei Japan sto\u00dfen zwei Platten der Erdkruste aufeinander und verschieben sich best\u00e4ndig. Die schwerere Pazifikplatte taucht unter den asiatischen Kontinent ab, wobei sich die Platten immer wieder verhaken.<\/p>\n\n\n\n<p>Dadurch bauen sich Spannungen auf, die sich schlie\u00dflich in Erdbeben entladen. Auch der h\u00e4ufige Vulkanismus der japanischen Inseln ist ein Ergebnis dieser best\u00e4ndigen tektonischen Verschiebungen.<\/p>\n\n\n\n<p><strong>*Korrektur:<\/strong><\/p>\n\n\n\n<p>Ein Leser weist richtigerweise darauf hin, dass die Reaktordruckbeh\u00e4lter in Fukushima nicht explodiert sind. Wasserdampf und der im Beh\u00e4lter aufgrund der ausgefallenen K\u00fchlung entstandene Wasserstoff konnten rechtzeitig abgelassen werden.<\/p>\n\n\n\n<p>Es gab jedoch mindestens eine gro\u00dfe Wasserstoffexplosion, die erheblichen Schaden anrichtete. Die Druckbeh\u00e4lter wurden unter anderem durch die Kernschmelze zerst\u00f6rt, die einsetzte, als alle Versuche zur ausreichenden K\u00fchlung gescheitert waren.<\/p>\n\n\n\n<p>Bei der World Nuclear Association gibt es eine <a href=\"https:\/\/world-nuclear.org\/information-library\/safety-and-security\/safety-of-plants\/fukushima-daiichi-accident.aspx\">umfangreiche Darstellung<\/a> des Unfalls, die allerdings nicht ganz auf dem neuesten Stand ist. Die vom Erdbeben vor dem Eintreffen der beiden Tsunami wellen angerichteten Sch\u00e4den werden negiert.<\/p>\n\n\n\n<p>Wir bitten, den Fehler zu entschuldigen.<\/p>\n\n\n<h5 class=\"green\">Quelle<\/h5>\r\n\n\n\n<p>Der Bericht wurde von der\u00a0<a href=\"https:\/\/www.heise.de\/tp\/news\/Erdbeben-in-Fukushima-6586515.html\">Redaktion \u201eTELEPOLIS\u201c (Wolfgang Pomrehn) 2022<\/a>\u00a0verfasst \u2013 der Artikel darf nicht ohne Genehmigung von\u00a0<a href=\"mailto:WPomrehn@gaarden.de\" target=\"_blank\" rel=\"noreferrer noopener\">Wolfgang Pomrehn 2022<\/a>\u00a0weiterverbreitet werden!\u00a0Foto: Fukushima Daiichi. <a href=\"https:\/\/commons.wikimedia.org\/wiki\/File:Fukushima_Daiichi_04780015_(8388174045).jpg\" target=\"_blank\" rel=\"noreferrer noopener\">Archivbild<\/a> von 2007: TEPCO\/ <a href=\"https:\/\/creativecommons.org\/licenses\/by-sa\/2.0\/deed.en\" target=\"_blank\" rel=\"noreferrer noopener\">CC BY-SA 2.0<\/a><\/p>\n<div class=\"shariff shariff-align-flex-start shariff-widget-align-flex-start\"><div class=\"ShariffHeadline\">Diese Meldung teilen<\/div><ul class=\"shariff-buttons theme-round orientation-horizontal buttonsize-medium\"><li class=\"shariff-button facebook shariff-nocustomcolor\" style=\"background-color:#4273c8;border-radius:1%\"><a href=\"https:\/\/www.facebook.com\/sharer\/sharer.php?u=https%3A%2F%2Fwww.sonnenseite.com%2Fde%2Fumwelt%2Ferdbeben-in-fukushima%2F\" title=\"Bei Facebook teilen\" aria-label=\"Bei Facebook teilen\" role=\"button\" rel=\"nofollow\" class=\"shariff-link\" style=\";border-radius:1%; background-color:#3b5998; color:#fff\" target=\"_blank\"><span class=\"shariff-icon\" style=\"\"><svg width=\"32px\" height=\"20px\" xmlns=\"http:\/\/www.w3.org\/2000\/svg\" viewBox=\"0 0 18 32\"><path fill=\"#3b5998\" d=\"M17.1 0.2v4.7h-2.8q-1.5 0-2.1 0.6t-0.5 1.9v3.4h5.2l-0.7 5.3h-4.5v13.6h-5.5v-13.6h-4.5v-5.3h4.5v-3.9q0-3.3 1.9-5.2t5-1.8q2.6 0 4.1 0.2z\"\/><\/svg><\/span><\/a><\/li><li class=\"shariff-button twitter shariff-nocustomcolor\" style=\"background-color:#595959;border-radius:1%\"><a href=\"https:\/\/twitter.com\/share?url=https%3A%2F%2Fwww.sonnenseite.com%2Fde%2Fumwelt%2Ferdbeben-in-fukushima%2F&text=Erdbeben%20in%20Fukushima\" title=\"Bei X teilen\" aria-label=\"Bei X teilen\" role=\"button\" rel=\"noopener nofollow\" class=\"shariff-link\" style=\";border-radius:1%; background-color:#000; color:#fff\" target=\"_blank\"><span class=\"shariff-icon\" style=\"\"><svg width=\"32px\" height=\"20px\" xmlns=\"http:\/\/www.w3.org\/2000\/svg\" viewBox=\"0 0 24 24\"><path fill=\"#000\" d=\"M14.258 10.152L23.176 0h-2.113l-7.747 8.813L7.133 0H0l9.352 13.328L0 23.973h2.113l8.176-9.309 6.531 9.309h7.133zm-2.895 3.293l-.949-1.328L2.875 1.56h3.246l6.086 8.523.945 1.328 7.91 11.078h-3.246zm0 0\"\/><\/svg><\/span><\/a><\/li><li class=\"shariff-button xing shariff-nocustomcolor\" style=\"background-color:#29888a;border-radius:1%\"><a href=\"https:\/\/www.xing.com\/spi\/shares\/new?url=https%3A%2F%2Fwww.sonnenseite.com%2Fde%2Fumwelt%2Ferdbeben-in-fukushima%2F\" title=\"Bei XING teilen\" aria-label=\"Bei XING teilen\" role=\"button\" rel=\"noopener nofollow\" class=\"shariff-link\" style=\";border-radius:1%; background-color:#126567; color:#fff\" target=\"_blank\"><span class=\"shariff-icon\" style=\"\"><svg width=\"32px\" height=\"20px\" xmlns=\"http:\/\/www.w3.org\/2000\/svg\" viewBox=\"0 0 25 32\"><path fill=\"#126567\" d=\"M10.7 11.9q-0.2 0.3-4.6 8.2-0.5 0.8-1.2 0.8h-4.3q-0.4 0-0.5-0.3t0-0.6l4.5-8q0 0 0 0l-2.9-5q-0.2-0.4 0-0.7 0.2-0.3 0.5-0.3h4.3q0.7 0 1.2 0.8zM25.1 0.4q0.2 0.3 0 0.7l-9.4 16.7 6 11q0.2 0.4 0 0.6-0.2 0.3-0.6 0.3h-4.3q-0.7 0-1.2-0.8l-6-11.1q0.3-0.6 9.5-16.8 0.4-0.8 1.2-0.8h4.3q0.4 0 0.5 0.3z\"\/><\/svg><\/span><\/a><\/li><li class=\"shariff-button linkedin shariff-nocustomcolor\" style=\"background-color:#1488bf;border-radius:1%\"><a href=\"https:\/\/www.linkedin.com\/sharing\/share-offsite\/?url=https%3A%2F%2Fwww.sonnenseite.com%2Fde%2Fumwelt%2Ferdbeben-in-fukushima%2F\" title=\"Bei LinkedIn teilen\" aria-label=\"Bei LinkedIn teilen\" role=\"button\" rel=\"noopener nofollow\" class=\"shariff-link\" style=\";border-radius:1%; background-color:#0077b5; color:#fff\" target=\"_blank\"><span class=\"shariff-icon\" style=\"\"><svg width=\"32px\" height=\"20px\" xmlns=\"http:\/\/www.w3.org\/2000\/svg\" viewBox=\"0 0 27 32\"><path fill=\"#0077b5\" d=\"M6.2 11.2v17.7h-5.9v-17.7h5.9zM6.6 5.7q0 1.3-0.9 2.2t-2.4 0.9h0q-1.5 0-2.4-0.9t-0.9-2.2 0.9-2.2 2.4-0.9 2.4 0.9 0.9 2.2zM27.4 18.7v10.1h-5.9v-9.5q0-1.9-0.7-2.9t-2.3-1.1q-1.1 0-1.9 0.6t-1.2 1.5q-0.2 0.5-0.2 1.4v9.9h-5.9q0-7.1 0-11.6t0-5.3l0-0.9h5.9v2.6h0q0.4-0.6 0.7-1t1-0.9 1.6-0.8 2-0.3q3 0 4.9 2t1.9 6z\"\/><\/svg><\/span><\/a><\/li><li class=\"shariff-button printer shariff-nocustomcolor\" style=\"background-color:#a8a8a8;border-radius:1%\"><a href=\"javascript:window.print()\" title=\"drucken\" aria-label=\"drucken\" role=\"button\" rel=\"noopener nofollow\" class=\"shariff-link\" style=\";border-radius:1%; background-color:#999; color:#fff\"><span class=\"shariff-icon\" style=\"\"><svg width=\"32px\" height=\"20px\" xmlns=\"http:\/\/www.w3.org\/2000\/svg\" viewBox=\"0 0 30 32\"><path fill=\"#999\" d=\"M6.8 27.4h16v-4.6h-16v4.6zM6.8 16h16v-6.8h-2.8q-0.7 0-1.2-0.5t-0.5-1.2v-2.8h-11.4v11.4zM27.4 17.2q0-0.5-0.3-0.8t-0.8-0.4-0.8 0.4-0.3 0.8 0.3 0.8 0.8 0.3 0.8-0.3 0.3-0.8zM29.7 17.2v7.4q0 0.2-0.2 0.4t-0.4 0.2h-4v2.8q0 0.7-0.5 1.2t-1.2 0.5h-17.2q-0.7 0-1.2-0.5t-0.5-1.2v-2.8h-4q-0.2 0-0.4-0.2t-0.2-0.4v-7.4q0-1.4 1-2.4t2.4-1h1.2v-9.7q0-0.7 0.5-1.2t1.2-0.5h12q0.7 0 1.6 0.4t1.3 0.8l2.7 2.7q0.5 0.5 0.9 1.4t0.4 1.6v4.6h1.1q1.4 0 2.4 1t1 2.4z\"\/><\/svg><\/span><\/a><\/li><li class=\"shariff-button mailto shariff-nocustomcolor\" style=\"background-color:#a8a8a8;border-radius:1%\"><a href=\"mailto:?body=https%3A%2F%2Fwww.sonnenseite.com%2Fde%2Fumwelt%2Ferdbeben-in-fukushima%2F&subject=Erdbeben%20in%20Fukushima\" title=\"Per E-Mail versenden\" aria-label=\"Per E-Mail versenden\" role=\"button\" rel=\"noopener nofollow\" class=\"shariff-link\" style=\";border-radius:1%; background-color:#999; color:#fff\"><span class=\"shariff-icon\" style=\"\"><svg width=\"32px\" height=\"20px\" xmlns=\"http:\/\/www.w3.org\/2000\/svg\" viewBox=\"0 0 32 32\"><path fill=\"#999\" d=\"M32 12.7v14.2q0 1.2-0.8 2t-2 0.9h-26.3q-1.2 0-2-0.9t-0.8-2v-14.2q0.8 0.9 1.8 1.6 6.5 4.4 8.9 6.1 1 0.8 1.6 1.2t1.7 0.9 2 0.4h0.1q0.9 0 2-0.4t1.7-0.9 1.6-1.2q3-2.2 8.9-6.1 1-0.7 1.8-1.6zM32 7.4q0 1.4-0.9 2.7t-2.2 2.2q-6.7 4.7-8.4 5.8-0.2 0.1-0.7 0.5t-1 0.7-0.9 0.6-1.1 0.5-0.9 0.2h-0.1q-0.4 0-0.9-0.2t-1.1-0.5-0.9-0.6-1-0.7-0.7-0.5q-1.6-1.1-4.7-3.2t-3.6-2.6q-1.1-0.7-2.1-2t-1-2.5q0-1.4 0.7-2.3t2.1-0.9h26.3q1.2 0 2 0.8t0.9 2z\"\/><\/svg><\/span><\/a><\/li><\/ul><\/div>","protected":false},"excerpt":{"rendered":"<p>Vor Japans K\u00fcste bebte mal wieder der Meeresboden mit gro\u00dfer Gewalt, ein Ereignis, das traumatische Erinnerungen [&hellip;]<\/p>\n","protected":false},"author":3,"featured_media":80533,"comment_status":"closed","ping_status":"closed","sticky":false,"template":"","format":"standard","meta":{"inline_featured_image":false,"footnotes":""},"categories":[23],"tags":[],"class_list":["post-80531","post","type-post","status-publish","format-standard","has-post-thumbnail","hentry","category-umwelt"],"yoast_head":"<!-- This site is optimized with the Yoast SEO plugin v26.5 - https:\/\/yoast.com\/wordpress\/plugins\/seo\/ -->\n<title>Erdbeben in Fukushima - Sonnenseite - \u00d6kologische Kommunikation mit Franz Alt<\/title>\n<meta name=\"description\" content=\"Vor Japans K\u00fcste bebte mal wieder der Meeresboden mit gro\u00dfer Gewalt, ein Ereignis, das traumatische Erinnerungen wach rief Der Meeresboden vor der\" \/>\n<meta name=\"robots\" content=\"index, follow, max-snippet:-1, max-image-preview:large, max-video-preview:-1\" \/>\n<link rel=\"canonical\" href=\"https:\/\/www.sonnenseite.com\/de\/umwelt\/erdbeben-in-fukushima\/\" \/>\n<meta property=\"og:locale\" content=\"de_DE\" \/>\n<meta property=\"og:type\" content=\"article\" \/>\n<meta property=\"og:title\" content=\"Erdbeben in Fukushima - Sonnenseite - \u00d6kologische Kommunikation mit Franz Alt\" \/>\n<meta property=\"og:description\" content=\"Vor Japans K\u00fcste bebte mal wieder der Meeresboden mit gro\u00dfer Gewalt, ein Ereignis, das traumatische Erinnerungen wach rief Der Meeresboden vor der\" \/>\n<meta property=\"og:url\" content=\"https:\/\/www.sonnenseite.com\/de\/umwelt\/erdbeben-in-fukushima\/\" \/>\n<meta property=\"og:site_name\" content=\"Sonnenseite\" \/>\n<meta property=\"article:publisher\" content=\"https:\/\/www.facebook.com\/pages\/Franz-Alt-SONNENSEITECOM\/221072987903953?fref=ts\" \/>\n<meta property=\"article:published_time\" content=\"2022-03-18T15:00:00+00:00\" \/>\n<meta property=\"og:image\" content=\"https:\/\/www.sonnenseite.com\/wp-content\/uploads\/2022\/03\/Fukushima_Daiichi_Tepco_CC-BY-SA-2.0.jpg\" \/>\n\t<meta property=\"og:image:width\" content=\"770\" \/>\n\t<meta property=\"og:image:height\" content=\"420\" \/>\n\t<meta property=\"og:image:type\" content=\"image\/jpeg\" \/>\n<meta name=\"author\" content=\"Bigi Alt\" \/>\n<meta name=\"twitter:card\" content=\"summary_large_image\" \/>\n<meta name=\"twitter:creator\" content=\"@franzalt\" \/>\n<meta name=\"twitter:site\" content=\"@franzalt\" \/>\n<meta name=\"twitter:label1\" content=\"Verfasst von\" \/>\n\t<meta name=\"twitter:data1\" content=\"Bigi Alt\" \/>\n\t<meta name=\"twitter:label2\" content=\"Gesch\u00e4tzte Lesezeit\" \/>\n\t<meta name=\"twitter:data2\" content=\"5\u00a0Minuten\" \/>\n<script type=\"application\/ld+json\" class=\"yoast-schema-graph\">{\"@context\":\"https:\/\/schema.org\",\"@graph\":[{\"@type\":\"Article\",\"@id\":\"https:\/\/www.sonnenseite.com\/de\/umwelt\/erdbeben-in-fukushima\/#article\",\"isPartOf\":{\"@id\":\"https:\/\/www.sonnenseite.com\/de\/umwelt\/erdbeben-in-fukushima\/\"},\"author\":{\"name\":\"Bigi Alt\",\"@id\":\"https:\/\/www.sonnenseite.com\/de\/#\/schema\/person\/50fda0e926597684c7cc6695238a4eb9\"},\"headline\":\"Erdbeben in Fukushima\",\"datePublished\":\"2022-03-18T15:00:00+00:00\",\"mainEntityOfPage\":{\"@id\":\"https:\/\/www.sonnenseite.com\/de\/umwelt\/erdbeben-in-fukushima\/\"},\"wordCount\":789,\"publisher\":{\"@id\":\"https:\/\/www.sonnenseite.com\/de\/#organization\"},\"image\":{\"@id\":\"https:\/\/www.sonnenseite.com\/de\/umwelt\/erdbeben-in-fukushima\/#primaryimage\"},\"thumbnailUrl\":\"https:\/\/www.sonnenseite.com\/wp-content\/uploads\/2022\/03\/Fukushima_Daiichi_Tepco_CC-BY-SA-2.0.jpg\",\"articleSection\":[\"Umwelt\"],\"inLanguage\":\"de\"},{\"@type\":\"WebPage\",\"@id\":\"https:\/\/www.sonnenseite.com\/de\/umwelt\/erdbeben-in-fukushima\/\",\"url\":\"https:\/\/www.sonnenseite.com\/de\/umwelt\/erdbeben-in-fukushima\/\",\"name\":\"Erdbeben in Fukushima - Sonnenseite - \u00d6kologische Kommunikation mit Franz Alt\",\"isPartOf\":{\"@id\":\"https:\/\/www.sonnenseite.com\/de\/#website\"},\"primaryImageOfPage\":{\"@id\":\"https:\/\/www.sonnenseite.com\/de\/umwelt\/erdbeben-in-fukushima\/#primaryimage\"},\"image\":{\"@id\":\"https:\/\/www.sonnenseite.com\/de\/umwelt\/erdbeben-in-fukushima\/#primaryimage\"},\"thumbnailUrl\":\"https:\/\/www.sonnenseite.com\/wp-content\/uploads\/2022\/03\/Fukushima_Daiichi_Tepco_CC-BY-SA-2.0.jpg\",\"datePublished\":\"2022-03-18T15:00:00+00:00\",\"description\":\"Vor Japans K\u00fcste bebte mal wieder der Meeresboden mit gro\u00dfer Gewalt, ein Ereignis, das traumatische Erinnerungen wach rief Der Meeresboden vor der\",\"breadcrumb\":{\"@id\":\"https:\/\/www.sonnenseite.com\/de\/umwelt\/erdbeben-in-fukushima\/#breadcrumb\"},\"inLanguage\":\"de\",\"potentialAction\":[{\"@type\":\"ReadAction\",\"target\":[\"https:\/\/www.sonnenseite.com\/de\/umwelt\/erdbeben-in-fukushima\/\"]}]},{\"@type\":\"ImageObject\",\"inLanguage\":\"de\",\"@id\":\"https:\/\/www.sonnenseite.com\/de\/umwelt\/erdbeben-in-fukushima\/#primaryimage\",\"url\":\"https:\/\/www.sonnenseite.com\/wp-content\/uploads\/2022\/03\/Fukushima_Daiichi_Tepco_CC-BY-SA-2.0.jpg\",\"contentUrl\":\"https:\/\/www.sonnenseite.com\/wp-content\/uploads\/2022\/03\/Fukushima_Daiichi_Tepco_CC-BY-SA-2.0.jpg\",\"width\":770,\"height\":420,\"caption\":\"Fukushima Daiichi | Tepco_CC-BY-SA-2.0\"},{\"@type\":\"BreadcrumbList\",\"@id\":\"https:\/\/www.sonnenseite.com\/de\/umwelt\/erdbeben-in-fukushima\/#breadcrumb\",\"itemListElement\":[{\"@type\":\"ListItem\",\"position\":1,\"name\":\"Startseite\",\"item\":\"https:\/\/www.sonnenseite.com\/de\/\"},{\"@type\":\"ListItem\",\"position\":2,\"name\":\"Erdbeben in Fukushima\"}]},{\"@type\":\"WebSite\",\"@id\":\"https:\/\/www.sonnenseite.com\/de\/#website\",\"url\":\"https:\/\/www.sonnenseite.com\/de\/\",\"name\":\"Sonnenseite\",\"description\":\"\u00d6kologische Kommunikation mit Franz Alt\",\"publisher\":{\"@id\":\"https:\/\/www.sonnenseite.com\/de\/#organization\"},\"potentialAction\":[{\"@type\":\"SearchAction\",\"target\":{\"@type\":\"EntryPoint\",\"urlTemplate\":\"https:\/\/www.sonnenseite.com\/de\/?s={search_term_string}\"},\"query-input\":{\"@type\":\"PropertyValueSpecification\",\"valueRequired\":true,\"valueName\":\"search_term_string\"}}],\"inLanguage\":\"de\"},{\"@type\":\"Organization\",\"@id\":\"https:\/\/www.sonnenseite.com\/de\/#organization\",\"name\":\"Sonnenseite\",\"url\":\"https:\/\/www.sonnenseite.com\/de\/\",\"logo\":{\"@type\":\"ImageObject\",\"inLanguage\":\"de\",\"@id\":\"https:\/\/www.sonnenseite.com\/de\/#\/schema\/logo\/image\/\",\"url\":\"https:\/\/www.sonnenseite.com\/wp-content\/uploads\/2020\/05\/Sonnenseite_Logo.png\",\"contentUrl\":\"https:\/\/www.sonnenseite.com\/wp-content\/uploads\/2020\/05\/Sonnenseite_Logo.png\",\"width\":377,\"height\":90,\"caption\":\"Sonnenseite\"},\"image\":{\"@id\":\"https:\/\/www.sonnenseite.com\/de\/#\/schema\/logo\/image\/\"},\"sameAs\":[\"https:\/\/www.facebook.com\/pages\/Franz-Alt-SONNENSEITECOM\/221072987903953?fref=ts\",\"https:\/\/x.com\/franzalt\",\"http:\/\/www.youtube.com\/results?search_query&amp;amp;quot;franz_alt&amp;amp;quot;&amp;amp;amp;amp;search_type&amp;amp;amp;amp;aq=f\"]},{\"@type\":\"Person\",\"@id\":\"https:\/\/www.sonnenseite.com\/de\/#\/schema\/person\/50fda0e926597684c7cc6695238a4eb9\",\"name\":\"Bigi Alt\"}]}<\/script>\n<!-- \/ Yoast SEO plugin. -->","yoast_head_json":{"title":"Erdbeben in Fukushima - Sonnenseite - \u00d6kologische Kommunikation mit Franz Alt","description":"Vor Japans K\u00fcste bebte mal wieder der Meeresboden mit gro\u00dfer Gewalt, ein Ereignis, das traumatische Erinnerungen wach rief Der Meeresboden vor der","robots":{"index":"index","follow":"follow","max-snippet":"max-snippet:-1","max-image-preview":"max-image-preview:large","max-video-preview":"max-video-preview:-1"},"canonical":"https:\/\/www.sonnenseite.com\/de\/umwelt\/erdbeben-in-fukushima\/","og_locale":"de_DE","og_type":"article","og_title":"Erdbeben in Fukushima - Sonnenseite - \u00d6kologische Kommunikation mit Franz Alt","og_description":"Vor Japans K\u00fcste bebte mal wieder der Meeresboden mit gro\u00dfer Gewalt, ein Ereignis, das traumatische Erinnerungen wach rief Der Meeresboden vor der","og_url":"https:\/\/www.sonnenseite.com\/de\/umwelt\/erdbeben-in-fukushima\/","og_site_name":"Sonnenseite","article_publisher":"https:\/\/www.facebook.com\/pages\/Franz-Alt-SONNENSEITECOM\/221072987903953?fref=ts","article_published_time":"2022-03-18T15:00:00+00:00","og_image":[{"width":770,"height":420,"url":"https:\/\/www.sonnenseite.com\/wp-content\/uploads\/2022\/03\/Fukushima_Daiichi_Tepco_CC-BY-SA-2.0.jpg","type":"image\/jpeg"}],"author":"Bigi Alt","twitter_card":"summary_large_image","twitter_creator":"@franzalt","twitter_site":"@franzalt","twitter_misc":{"Verfasst von":"Bigi Alt","Gesch\u00e4tzte Lesezeit":"5\u00a0Minuten"},"schema":{"@context":"https:\/\/schema.org","@graph":[{"@type":"Article","@id":"https:\/\/www.sonnenseite.com\/de\/umwelt\/erdbeben-in-fukushima\/#article","isPartOf":{"@id":"https:\/\/www.sonnenseite.com\/de\/umwelt\/erdbeben-in-fukushima\/"},"author":{"name":"Bigi Alt","@id":"https:\/\/www.sonnenseite.com\/de\/#\/schema\/person\/50fda0e926597684c7cc6695238a4eb9"},"headline":"Erdbeben in Fukushima","datePublished":"2022-03-18T15:00:00+00:00","mainEntityOfPage":{"@id":"https:\/\/www.sonnenseite.com\/de\/umwelt\/erdbeben-in-fukushima\/"},"wordCount":789,"publisher":{"@id":"https:\/\/www.sonnenseite.com\/de\/#organization"},"image":{"@id":"https:\/\/www.sonnenseite.com\/de\/umwelt\/erdbeben-in-fukushima\/#primaryimage"},"thumbnailUrl":"https:\/\/www.sonnenseite.com\/wp-content\/uploads\/2022\/03\/Fukushima_Daiichi_Tepco_CC-BY-SA-2.0.jpg","articleSection":["Umwelt"],"inLanguage":"de"},{"@type":"WebPage","@id":"https:\/\/www.sonnenseite.com\/de\/umwelt\/erdbeben-in-fukushima\/","url":"https:\/\/www.sonnenseite.com\/de\/umwelt\/erdbeben-in-fukushima\/","name":"Erdbeben in Fukushima - Sonnenseite - \u00d6kologische Kommunikation mit Franz Alt","isPartOf":{"@id":"https:\/\/www.sonnenseite.com\/de\/#website"},"primaryImageOfPage":{"@id":"https:\/\/www.sonnenseite.com\/de\/umwelt\/erdbeben-in-fukushima\/#primaryimage"},"image":{"@id":"https:\/\/www.sonnenseite.com\/de\/umwelt\/erdbeben-in-fukushima\/#primaryimage"},"thumbnailUrl":"https:\/\/www.sonnenseite.com\/wp-content\/uploads\/2022\/03\/Fukushima_Daiichi_Tepco_CC-BY-SA-2.0.jpg","datePublished":"2022-03-18T15:00:00+00:00","description":"Vor Japans K\u00fcste bebte mal wieder der Meeresboden mit gro\u00dfer Gewalt, ein Ereignis, das traumatische Erinnerungen wach rief Der Meeresboden vor der","breadcrumb":{"@id":"https:\/\/www.sonnenseite.com\/de\/umwelt\/erdbeben-in-fukushima\/#breadcrumb"},"inLanguage":"de","potentialAction":[{"@type":"ReadAction","target":["https:\/\/www.sonnenseite.com\/de\/umwelt\/erdbeben-in-fukushima\/"]}]},{"@type":"ImageObject","inLanguage":"de","@id":"https:\/\/www.sonnenseite.com\/de\/umwelt\/erdbeben-in-fukushima\/#primaryimage","url":"https:\/\/www.sonnenseite.com\/wp-content\/uploads\/2022\/03\/Fukushima_Daiichi_Tepco_CC-BY-SA-2.0.jpg","contentUrl":"https:\/\/www.sonnenseite.com\/wp-content\/uploads\/2022\/03\/Fukushima_Daiichi_Tepco_CC-BY-SA-2.0.jpg","width":770,"height":420,"caption":"Fukushima Daiichi | Tepco_CC-BY-SA-2.0"},{"@type":"BreadcrumbList","@id":"https:\/\/www.sonnenseite.com\/de\/umwelt\/erdbeben-in-fukushima\/#breadcrumb","itemListElement":[{"@type":"ListItem","position":1,"name":"Startseite","item":"https:\/\/www.sonnenseite.com\/de\/"},{"@type":"ListItem","position":2,"name":"Erdbeben in Fukushima"}]},{"@type":"WebSite","@id":"https:\/\/www.sonnenseite.com\/de\/#website","url":"https:\/\/www.sonnenseite.com\/de\/","name":"Sonnenseite","description":"\u00d6kologische Kommunikation mit Franz Alt","publisher":{"@id":"https:\/\/www.sonnenseite.com\/de\/#organization"},"potentialAction":[{"@type":"SearchAction","target":{"@type":"EntryPoint","urlTemplate":"https:\/\/www.sonnenseite.com\/de\/?s={search_term_string}"},"query-input":{"@type":"PropertyValueSpecification","valueRequired":true,"valueName":"search_term_string"}}],"inLanguage":"de"},{"@type":"Organization","@id":"https:\/\/www.sonnenseite.com\/de\/#organization","name":"Sonnenseite","url":"https:\/\/www.sonnenseite.com\/de\/","logo":{"@type":"ImageObject","inLanguage":"de","@id":"https:\/\/www.sonnenseite.com\/de\/#\/schema\/logo\/image\/","url":"https:\/\/www.sonnenseite.com\/wp-content\/uploads\/2020\/05\/Sonnenseite_Logo.png","contentUrl":"https:\/\/www.sonnenseite.com\/wp-content\/uploads\/2020\/05\/Sonnenseite_Logo.png","width":377,"height":90,"caption":"Sonnenseite"},"image":{"@id":"https:\/\/www.sonnenseite.com\/de\/#\/schema\/logo\/image\/"},"sameAs":["https:\/\/www.facebook.com\/pages\/Franz-Alt-SONNENSEITECOM\/221072987903953?fref=ts","https:\/\/x.com\/franzalt","http:\/\/www.youtube.com\/results?search_query&amp;amp;quot;franz_alt&amp;amp;quot;&amp;amp;amp;amp;search_type&amp;amp;amp;amp;aq=f"]},{"@type":"Person","@id":"https:\/\/www.sonnenseite.com\/de\/#\/schema\/person\/50fda0e926597684c7cc6695238a4eb9","name":"Bigi Alt"}]}},"_links":{"self":[{"href":"https:\/\/www.sonnenseite.com\/de\/wp-json\/wp\/v2\/posts\/80531","targetHints":{"allow":["GET"]}}],"collection":[{"href":"https:\/\/www.sonnenseite.com\/de\/wp-json\/wp\/v2\/posts"}],"about":[{"href":"https:\/\/www.sonnenseite.com\/de\/wp-json\/wp\/v2\/types\/post"}],"author":[{"embeddable":true,"href":"https:\/\/www.sonnenseite.com\/de\/wp-json\/wp\/v2\/users\/3"}],"replies":[{"embeddable":true,"href":"https:\/\/www.sonnenseite.com\/de\/wp-json\/wp\/v2\/comments?post=80531"}],"version-history":[{"count":5,"href":"https:\/\/www.sonnenseite.com\/de\/wp-json\/wp\/v2\/posts\/80531\/revisions"}],"predecessor-version":[{"id":80540,"href":"https:\/\/www.sonnenseite.com\/de\/wp-json\/wp\/v2\/posts\/80531\/revisions\/80540"}],"wp:featuredmedia":[{"embeddable":true,"href":"https:\/\/www.sonnenseite.com\/de\/wp-json\/wp\/v2\/media\/80533"}],"wp:attachment":[{"href":"https:\/\/www.sonnenseite.com\/de\/wp-json\/wp\/v2\/media?parent=80531"}],"wp:term":[{"taxonomy":"category","embeddable":true,"href":"https:\/\/www.sonnenseite.com\/de\/wp-json\/wp\/v2\/categories?post=80531"},{"taxonomy":"post_tag","embeddable":true,"href":"https:\/\/www.sonnenseite.com\/de\/wp-json\/wp\/v2\/tags?post=80531"}],"curies":[{"name":"wp","href":"https:\/\/api.w.org\/{rel}","templated":true}]}}