{"id":80562,"date":"2022-03-19T02:35:00","date_gmt":"2022-03-19T01:35:00","guid":{"rendered":"https:\/\/www.sonnenseite.com\/?p=80562"},"modified":"2022-03-27T09:52:36","modified_gmt":"2022-03-27T07:52:36","slug":"wo-bleibt-die-heilkraft-der-religionen","status":"publish","type":"post","link":"https:\/\/www.sonnenseite.com\/de\/franz-alt\/kommentare-interviews\/wo-bleibt-die-heilkraft-der-religionen\/","title":{"rendered":"Wo bleibt die Heilkraft der Religionen?"},"content":{"rendered":"\n<p>\u201eWie viele Divisionen hat der Papst?\u201c soll Stalin mal gefragt haben. Papst Franziskus hat zwar keine Divisionen, aber Putin d\u00fcrfte die immer deutlicher werdende&nbsp; Kritik des Papstes am Ukraine-Krieg \u00e4hnlich f\u00fcrchten wie Chinas Gewaltherrscher Xi Jinping den Dalai Lama f\u00fcrchtet. <\/p>\n\n\n\n<p>Die chinesischen Kommunisten schreien jedes mal Zeder und Mordio, wenn irgendeine Regierung den Dalai Lama empf\u00e4ngt. Die Regierung in Peking verf\u00fcgt \u00fcber vier Millionen Soldaten, \u00fcber Panzer, Raketen und Atomwaffen, hat aber Angst vor der geistigen Macht eines einfachen M\u00f6nchs. Wie l\u00e4cherlich. Aber auch wie vielsagend.<\/p>\n\n\n\n<p>Jetzt hat der <a href=\"https:\/\/www.vaticannews.va\/de\/papst\/news\/2022-03\/papst-franziskus-botschaft-ukraine-krieg-ccee-comece-sozialtage.html\">Papst seine Kritik<\/a> am Putin-Krieg in der Ukraine versch\u00e4rft. Franziskus nannte diesen Krieg einen \u201eperversen Machtmissbrauch\u201c. Bei einer Kirchenkonferenz in der slowakischen Hauptstadt Bratislava sagte der Papst: \u201eEinmal mehr ist die Menschheit durch einen perversen Machtmissbrauch&nbsp; und parteiische Interessen bedroht, die wehrlose Menschen dazu verurteilen, jede Form von Gewalt zu erleiden\u201c.<\/p>\n\n\n\n<h5 class=\"wp-block-heading\"><a href=\"https:\/\/www.vaticannews.va\/de\/papst\/news\/2022-03\/papst-franziskus-krieg-ukraine-russland-audienz-bildung-frieden.html\">Papst: \u201eKrieg ist eine Niederlage der Menschheit\u201c<\/a><\/h5>\n\n\n\n<p>Putin ist ein Massenm\u00f6rder. Aber der christlich <a href=\"https:\/\/de.frwiki.wiki\/wiki\/Cyrille_de_Moscou\">orthodoxe Patriarch Cyrill<\/a> von Moskau \u00fcberh\u00f6ht diesen schrecklichen Massenmord in der Ukraine zu einem heiligen Krieg. Daf\u00fcr hat Franziskus seinem Moskauer Glaubensbruder jetzt am Telefon die Leviten gelesen und&nbsp; &#8211; laut Radio Vatikan \u2013 gesagt: \u201eFr\u00fcher sprach man von einem heiligen oder gerechten Krieg. Heute k\u00f6nnen wir so nicht mehr reden. Das christliche Bewusstsein hat sich entwickelt\u201c. <a href=\"https:\/\/www.vaticannews.va\/de\/papst\/news\/2022-03\/papst-franziskus-krieg-ukraine-russland-audienz-bildung-frieden.html\">Franziskus zu Cyrill: \u201eKriege sind immer ungerecht.\u201c<\/a><\/p>\n\n\n\n<p>Gegen die Putin-Unterst\u00fctzung durch Cyrill regt sich auch innerhalb der russisch-orthodoxen Kirche endlich Widerstand. 300 Geistliche dieser Kirche haben jetzt in einer Unterschriften-Aktion gegen den Krieg protestiert, aber auch gegen die Kriegsverherrlichung ihres Patriarchen.<\/p>\n\n\n\n<div class=\"wp-block-image\"><figure class=\"alignright size-full is-resized\"><img loading=\"lazy\" decoding=\"async\" src=\"https:\/\/www.sonnenseite.com\/wp-content\/uploads\/2022\/03\/Screenshot_NoWar.jpg\" alt=\"\" class=\"wp-image-80565\" width=\"316\" height=\"173\" srcset=\"https:\/\/www.sonnenseite.com\/wp-content\/uploads\/2022\/03\/Screenshot_NoWar.jpg 677w, https:\/\/www.sonnenseite.com\/wp-content\/uploads\/2022\/03\/Screenshot_NoWar-300x164.jpg 300w\" sizes=\"auto, (max-width: 316px) 100vw, 316px\" \/><figcaption>\u00a9 Screenshot &#8222;No War&#8220;<\/figcaption><\/figure><\/div>\n\n\n\n<p>Die mutige russische <a href=\"https:\/\/www.businessinsider.de\/politik\/deutschland\/marina-owsjannikowa-interview-anti-krieg-protest-im-russischen-fernsehen-angst-familie-a\/\">Fernsehjournalistin Marina Owsjannikowa<\/a> ist ihrem Gewissen gefolgt und hat die offizielle Nachrichtensendung des Staatsfernsehens gest\u00f6rt, ihr selbst gemaltes Schild \u201eNo war\u201c in die Live-Kamera gehalten und den \u00fcberraschten Fernsehzuschauern zugerufen: \u201eIhr werdet alle belogen.\u201c<\/p>\n\n\n\n<p>  Dem <a href=\"https:\/\/www.spiegel.de\/ausland\/russland-interview-mit-tv-journalistin-marina-owsjannikowa-ueber-ihren-protest-a-b596557d-8302-4e34-a88e-5c00d4a91b44\">\u201eSpiegel\u201c sagte<\/a> die neue russische Heldin danach: \u201eIch wollte zeigen, dass auch Russen gegen diesen Krieg sind.\u201c Sie sei jetzt die \u201eFeindin Nr. eins in Russland\u201c. F\u00fcr ihre mutige Tat drohen der Fernsehjournalistin viele Jahr Haft. Sie wusste das.<\/p>\n\n\n\n<p>Es w\u00e4re sehr hilfreich, wenn auch der Moskauer Patriarch und Putin-Freund endlich sein Gewissen entdecken und sich an die Bergpredigt Jesu erinnern w\u00fcrde. Hier hat der junge Mann aus Nazareth die Friedensstifter selig gepriesen und nicht die, welche die Gewalt verherrlichen und den Krieg anbeten.<\/p>\n\n\n\n<p>Die Heilkraft der Religionen kann erst dann wirkm\u00e4chtig werden, wenn ihr Bodenpersonal nicht nur fromme Spr\u00fcche dar\u00fcber macht, sondern sie auch wirklich lebt.<\/p>\n\n\n<h5 class=\"green\">Quelle<\/h5>\r\n\n\n\n<p><a href=\"mailto:franzalt@sonnenseite.com\">FRANZ ALT 2022<\/a><\/p>\n<div class=\"shariff shariff-align-flex-start shariff-widget-align-flex-start\"><div class=\"ShariffHeadline\">Diese Meldung teilen<\/div><ul class=\"shariff-buttons theme-round orientation-horizontal buttonsize-medium\"><li class=\"shariff-button facebook shariff-nocustomcolor\" style=\"background-color:#4273c8;border-radius:1%\"><a href=\"https:\/\/www.facebook.com\/sharer\/sharer.php?u=https%3A%2F%2Fwww.sonnenseite.com%2Fde%2Ffranz-alt%2Fkommentare-interviews%2Fwo-bleibt-die-heilkraft-der-religionen%2F\" title=\"Bei Facebook teilen\" aria-label=\"Bei Facebook teilen\" role=\"button\" rel=\"nofollow\" class=\"shariff-link\" style=\";border-radius:1%; background-color:#3b5998; color:#fff\" target=\"_blank\"><span class=\"shariff-icon\" style=\"\"><svg width=\"32px\" height=\"20px\" xmlns=\"http:\/\/www.w3.org\/2000\/svg\" viewBox=\"0 0 18 32\"><path fill=\"#3b5998\" d=\"M17.1 0.2v4.7h-2.8q-1.5 0-2.1 0.6t-0.5 1.9v3.4h5.2l-0.7 5.3h-4.5v13.6h-5.5v-13.6h-4.5v-5.3h4.5v-3.9q0-3.3 1.9-5.2t5-1.8q2.6 0 4.1 0.2z\"\/><\/svg><\/span><\/a><\/li><li class=\"shariff-button twitter shariff-nocustomcolor\" style=\"background-color:#595959;border-radius:1%\"><a href=\"https:\/\/twitter.com\/share?url=https%3A%2F%2Fwww.sonnenseite.com%2Fde%2Ffranz-alt%2Fkommentare-interviews%2Fwo-bleibt-die-heilkraft-der-religionen%2F&text=Wo%20bleibt%20die%20Heilkraft%20der%20Religionen%3F\" title=\"Bei X teilen\" aria-label=\"Bei X teilen\" role=\"button\" rel=\"noopener nofollow\" class=\"shariff-link\" style=\";border-radius:1%; background-color:#000; color:#fff\" target=\"_blank\"><span class=\"shariff-icon\" style=\"\"><svg width=\"32px\" height=\"20px\" xmlns=\"http:\/\/www.w3.org\/2000\/svg\" viewBox=\"0 0 24 24\"><path fill=\"#000\" d=\"M14.258 10.152L23.176 0h-2.113l-7.747 8.813L7.133 0H0l9.352 13.328L0 23.973h2.113l8.176-9.309 6.531 9.309h7.133zm-2.895 3.293l-.949-1.328L2.875 1.56h3.246l6.086 8.523.945 1.328 7.91 11.078h-3.246zm0 0\"\/><\/svg><\/span><\/a><\/li><li class=\"shariff-button xing shariff-nocustomcolor\" style=\"background-color:#29888a;border-radius:1%\"><a href=\"https:\/\/www.xing.com\/spi\/shares\/new?url=https%3A%2F%2Fwww.sonnenseite.com%2Fde%2Ffranz-alt%2Fkommentare-interviews%2Fwo-bleibt-die-heilkraft-der-religionen%2F\" title=\"Bei XING teilen\" aria-label=\"Bei XING teilen\" role=\"button\" rel=\"noopener nofollow\" class=\"shariff-link\" style=\";border-radius:1%; background-color:#126567; color:#fff\" target=\"_blank\"><span class=\"shariff-icon\" style=\"\"><svg width=\"32px\" height=\"20px\" xmlns=\"http:\/\/www.w3.org\/2000\/svg\" viewBox=\"0 0 25 32\"><path fill=\"#126567\" d=\"M10.7 11.9q-0.2 0.3-4.6 8.2-0.5 0.8-1.2 0.8h-4.3q-0.4 0-0.5-0.3t0-0.6l4.5-8q0 0 0 0l-2.9-5q-0.2-0.4 0-0.7 0.2-0.3 0.5-0.3h4.3q0.7 0 1.2 0.8zM25.1 0.4q0.2 0.3 0 0.7l-9.4 16.7 6 11q0.2 0.4 0 0.6-0.2 0.3-0.6 0.3h-4.3q-0.7 0-1.2-0.8l-6-11.1q0.3-0.6 9.5-16.8 0.4-0.8 1.2-0.8h4.3q0.4 0 0.5 0.3z\"\/><\/svg><\/span><\/a><\/li><li class=\"shariff-button linkedin shariff-nocustomcolor\" style=\"background-color:#1488bf;border-radius:1%\"><a href=\"https:\/\/www.linkedin.com\/sharing\/share-offsite\/?url=https%3A%2F%2Fwww.sonnenseite.com%2Fde%2Ffranz-alt%2Fkommentare-interviews%2Fwo-bleibt-die-heilkraft-der-religionen%2F\" title=\"Bei LinkedIn teilen\" aria-label=\"Bei LinkedIn teilen\" role=\"button\" rel=\"noopener nofollow\" class=\"shariff-link\" style=\";border-radius:1%; background-color:#0077b5; color:#fff\" target=\"_blank\"><span class=\"shariff-icon\" style=\"\"><svg width=\"32px\" height=\"20px\" xmlns=\"http:\/\/www.w3.org\/2000\/svg\" viewBox=\"0 0 27 32\"><path fill=\"#0077b5\" d=\"M6.2 11.2v17.7h-5.9v-17.7h5.9zM6.6 5.7q0 1.3-0.9 2.2t-2.4 0.9h0q-1.5 0-2.4-0.9t-0.9-2.2 0.9-2.2 2.4-0.9 2.4 0.9 0.9 2.2zM27.4 18.7v10.1h-5.9v-9.5q0-1.9-0.7-2.9t-2.3-1.1q-1.1 0-1.9 0.6t-1.2 1.5q-0.2 0.5-0.2 1.4v9.9h-5.9q0-7.1 0-11.6t0-5.3l0-0.9h5.9v2.6h0q0.4-0.6 0.7-1t1-0.9 1.6-0.8 2-0.3q3 0 4.9 2t1.9 6z\"\/><\/svg><\/span><\/a><\/li><li class=\"shariff-button printer shariff-nocustomcolor\" style=\"background-color:#a8a8a8;border-radius:1%\"><a href=\"javascript:window.print()\" title=\"drucken\" aria-label=\"drucken\" role=\"button\" rel=\"noopener nofollow\" class=\"shariff-link\" style=\";border-radius:1%; background-color:#999; color:#fff\"><span class=\"shariff-icon\" style=\"\"><svg width=\"32px\" height=\"20px\" xmlns=\"http:\/\/www.w3.org\/2000\/svg\" viewBox=\"0 0 30 32\"><path fill=\"#999\" d=\"M6.8 27.4h16v-4.6h-16v4.6zM6.8 16h16v-6.8h-2.8q-0.7 0-1.2-0.5t-0.5-1.2v-2.8h-11.4v11.4zM27.4 17.2q0-0.5-0.3-0.8t-0.8-0.4-0.8 0.4-0.3 0.8 0.3 0.8 0.8 0.3 0.8-0.3 0.3-0.8zM29.7 17.2v7.4q0 0.2-0.2 0.4t-0.4 0.2h-4v2.8q0 0.7-0.5 1.2t-1.2 0.5h-17.2q-0.7 0-1.2-0.5t-0.5-1.2v-2.8h-4q-0.2 0-0.4-0.2t-0.2-0.4v-7.4q0-1.4 1-2.4t2.4-1h1.2v-9.7q0-0.7 0.5-1.2t1.2-0.5h12q0.7 0 1.6 0.4t1.3 0.8l2.7 2.7q0.5 0.5 0.9 1.4t0.4 1.6v4.6h1.1q1.4 0 2.4 1t1 2.4z\"\/><\/svg><\/span><\/a><\/li><li class=\"shariff-button mailto shariff-nocustomcolor\" style=\"background-color:#a8a8a8;border-radius:1%\"><a href=\"mailto:?body=https%3A%2F%2Fwww.sonnenseite.com%2Fde%2Ffranz-alt%2Fkommentare-interviews%2Fwo-bleibt-die-heilkraft-der-religionen%2F&subject=Wo%20bleibt%20die%20Heilkraft%20der%20Religionen%3F\" title=\"Per E-Mail versenden\" aria-label=\"Per E-Mail versenden\" role=\"button\" rel=\"noopener nofollow\" class=\"shariff-link\" style=\";border-radius:1%; background-color:#999; color:#fff\"><span class=\"shariff-icon\" style=\"\"><svg width=\"32px\" height=\"20px\" xmlns=\"http:\/\/www.w3.org\/2000\/svg\" viewBox=\"0 0 32 32\"><path fill=\"#999\" d=\"M32 12.7v14.2q0 1.2-0.8 2t-2 0.9h-26.3q-1.2 0-2-0.9t-0.8-2v-14.2q0.8 0.9 1.8 1.6 6.5 4.4 8.9 6.1 1 0.8 1.6 1.2t1.7 0.9 2 0.4h0.1q0.9 0 2-0.4t1.7-0.9 1.6-1.2q3-2.2 8.9-6.1 1-0.7 1.8-1.6zM32 7.4q0 1.4-0.9 2.7t-2.2 2.2q-6.7 4.7-8.4 5.8-0.2 0.1-0.7 0.5t-1 0.7-0.9 0.6-1.1 0.5-0.9 0.2h-0.1q-0.4 0-0.9-0.2t-1.1-0.5-0.9-0.6-1-0.7-0.7-0.5q-1.6-1.1-4.7-3.2t-3.6-2.6q-1.1-0.7-2.1-2t-1-2.5q0-1.4 0.7-2.3t2.1-0.9h26.3q1.2 0 2 0.8t0.9 2z\"\/><\/svg><\/span><\/a><\/li><\/ul><\/div>","protected":false},"excerpt":{"rendered":"<p>\u201eWie viele Divisionen hat der Papst?\u201c soll Stalin mal gefragt haben. Papst Franziskus hat zwar keine [&hellip;]<\/p>\n","protected":false},"author":3,"featured_media":80569,"comment_status":"closed","ping_status":"closed","sticky":false,"template":"","format":"standard","meta":{"inline_featured_image":false,"footnotes":""},"categories":[29],"tags":[],"class_list":["post-80562","post","type-post","status-publish","format-standard","has-post-thumbnail","hentry","category-kommentare-interviews"],"yoast_head":"<!-- This site is optimized with the Yoast SEO plugin v26.5 - https:\/\/yoast.com\/wordpress\/plugins\/seo\/ -->\n<title>Wo bleibt die Heilkraft der Religionen? - Sonnenseite - \u00d6kologische Kommunikation mit Franz Alt<\/title>\n<meta name=\"description\" content=\"\u201eWie viele Divisionen hat der Papst?\u201c soll Stalin mal gefragt haben. Papst Franziskus hat zwar keine Divisionen, aber Putin d\u00fcrfte die immer deutlicher\" \/>\n<meta name=\"robots\" content=\"index, follow, max-snippet:-1, max-image-preview:large, max-video-preview:-1\" \/>\n<link rel=\"canonical\" href=\"https:\/\/www.sonnenseite.com\/de\/franz-alt\/kommentare-interviews\/wo-bleibt-die-heilkraft-der-religionen\/\" \/>\n<meta property=\"og:locale\" content=\"de_DE\" \/>\n<meta property=\"og:type\" content=\"article\" \/>\n<meta property=\"og:title\" content=\"Wo bleibt die Heilkraft der Religionen? - Sonnenseite - \u00d6kologische Kommunikation mit Franz Alt\" \/>\n<meta property=\"og:description\" content=\"\u201eWie viele Divisionen hat der Papst?\u201c soll Stalin mal gefragt haben. Papst Franziskus hat zwar keine Divisionen, aber Putin d\u00fcrfte die immer deutlicher\" \/>\n<meta property=\"og:url\" content=\"https:\/\/www.sonnenseite.com\/de\/franz-alt\/kommentare-interviews\/wo-bleibt-die-heilkraft-der-religionen\/\" \/>\n<meta property=\"og:site_name\" content=\"Sonnenseite\" \/>\n<meta property=\"article:publisher\" content=\"https:\/\/www.facebook.com\/pages\/Franz-Alt-SONNENSEITECOM\/221072987903953?fref=ts\" \/>\n<meta property=\"article:published_time\" content=\"2022-03-19T01:35:00+00:00\" \/>\n<meta property=\"article:modified_time\" content=\"2022-03-27T07:52:36+00:00\" \/>\n<meta property=\"og:image\" content=\"https:\/\/www.sonnenseite.com\/wp-content\/uploads\/2022\/03\/PatriarchCyrill_Moskau_Ale_Mi.jpg\" \/>\n\t<meta property=\"og:image:width\" content=\"770\" \/>\n\t<meta property=\"og:image:height\" content=\"420\" \/>\n\t<meta property=\"og:image:type\" content=\"image\/jpeg\" \/>\n<meta name=\"author\" content=\"Bigi Alt\" \/>\n<meta name=\"twitter:card\" content=\"summary_large_image\" \/>\n<meta name=\"twitter:creator\" content=\"@franzalt\" \/>\n<meta name=\"twitter:site\" content=\"@franzalt\" \/>\n<meta name=\"twitter:label1\" content=\"Verfasst von\" \/>\n\t<meta name=\"twitter:data1\" content=\"Bigi Alt\" \/>\n\t<meta name=\"twitter:label2\" content=\"Gesch\u00e4tzte Lesezeit\" \/>\n\t<meta name=\"twitter:data2\" content=\"3\u00a0Minuten\" \/>\n<script type=\"application\/ld+json\" class=\"yoast-schema-graph\">{\"@context\":\"https:\/\/schema.org\",\"@graph\":[{\"@type\":\"Article\",\"@id\":\"https:\/\/www.sonnenseite.com\/de\/franz-alt\/kommentare-interviews\/wo-bleibt-die-heilkraft-der-religionen\/#article\",\"isPartOf\":{\"@id\":\"https:\/\/www.sonnenseite.com\/de\/franz-alt\/kommentare-interviews\/wo-bleibt-die-heilkraft-der-religionen\/\"},\"author\":{\"name\":\"Bigi Alt\",\"@id\":\"https:\/\/www.sonnenseite.com\/de\/#\/schema\/person\/50fda0e926597684c7cc6695238a4eb9\"},\"headline\":\"Wo bleibt die Heilkraft der Religionen?\",\"datePublished\":\"2022-03-19T01:35:00+00:00\",\"dateModified\":\"2022-03-27T07:52:36+00:00\",\"mainEntityOfPage\":{\"@id\":\"https:\/\/www.sonnenseite.com\/de\/franz-alt\/kommentare-interviews\/wo-bleibt-die-heilkraft-der-religionen\/\"},\"wordCount\":430,\"publisher\":{\"@id\":\"https:\/\/www.sonnenseite.com\/de\/#organization\"},\"image\":{\"@id\":\"https:\/\/www.sonnenseite.com\/de\/franz-alt\/kommentare-interviews\/wo-bleibt-die-heilkraft-der-religionen\/#primaryimage\"},\"thumbnailUrl\":\"https:\/\/www.sonnenseite.com\/wp-content\/uploads\/2022\/03\/PatriarchCyrill_Moskau_Ale_Mi.jpg\",\"articleSection\":[\"Kommentare &amp; Interviews\"],\"inLanguage\":\"de\"},{\"@type\":\"WebPage\",\"@id\":\"https:\/\/www.sonnenseite.com\/de\/franz-alt\/kommentare-interviews\/wo-bleibt-die-heilkraft-der-religionen\/\",\"url\":\"https:\/\/www.sonnenseite.com\/de\/franz-alt\/kommentare-interviews\/wo-bleibt-die-heilkraft-der-religionen\/\",\"name\":\"Wo bleibt die Heilkraft der Religionen? - Sonnenseite - \u00d6kologische Kommunikation mit Franz Alt\",\"isPartOf\":{\"@id\":\"https:\/\/www.sonnenseite.com\/de\/#website\"},\"primaryImageOfPage\":{\"@id\":\"https:\/\/www.sonnenseite.com\/de\/franz-alt\/kommentare-interviews\/wo-bleibt-die-heilkraft-der-religionen\/#primaryimage\"},\"image\":{\"@id\":\"https:\/\/www.sonnenseite.com\/de\/franz-alt\/kommentare-interviews\/wo-bleibt-die-heilkraft-der-religionen\/#primaryimage\"},\"thumbnailUrl\":\"https:\/\/www.sonnenseite.com\/wp-content\/uploads\/2022\/03\/PatriarchCyrill_Moskau_Ale_Mi.jpg\",\"datePublished\":\"2022-03-19T01:35:00+00:00\",\"dateModified\":\"2022-03-27T07:52:36+00:00\",\"description\":\"\u201eWie viele Divisionen hat der Papst?\u201c soll Stalin mal gefragt haben. Papst Franziskus hat zwar keine Divisionen, aber Putin d\u00fcrfte die immer deutlicher\",\"breadcrumb\":{\"@id\":\"https:\/\/www.sonnenseite.com\/de\/franz-alt\/kommentare-interviews\/wo-bleibt-die-heilkraft-der-religionen\/#breadcrumb\"},\"inLanguage\":\"de\",\"potentialAction\":[{\"@type\":\"ReadAction\",\"target\":[\"https:\/\/www.sonnenseite.com\/de\/franz-alt\/kommentare-interviews\/wo-bleibt-die-heilkraft-der-religionen\/\"]}]},{\"@type\":\"ImageObject\",\"inLanguage\":\"de\",\"@id\":\"https:\/\/www.sonnenseite.com\/de\/franz-alt\/kommentare-interviews\/wo-bleibt-die-heilkraft-der-religionen\/#primaryimage\",\"url\":\"https:\/\/www.sonnenseite.com\/wp-content\/uploads\/2022\/03\/PatriarchCyrill_Moskau_Ale_Mi.jpg\",\"contentUrl\":\"https:\/\/www.sonnenseite.com\/wp-content\/uploads\/2022\/03\/PatriarchCyrill_Moskau_Ale_Mi.jpg\",\"width\":770,\"height\":420,\"caption\":\"Depositphotos.com | Ale_Mi | Patriarch Cyrill von Moskau\"},{\"@type\":\"BreadcrumbList\",\"@id\":\"https:\/\/www.sonnenseite.com\/de\/franz-alt\/kommentare-interviews\/wo-bleibt-die-heilkraft-der-religionen\/#breadcrumb\",\"itemListElement\":[{\"@type\":\"ListItem\",\"position\":1,\"name\":\"Startseite\",\"item\":\"https:\/\/www.sonnenseite.com\/de\/\"},{\"@type\":\"ListItem\",\"position\":2,\"name\":\"Wo bleibt die Heilkraft der Religionen?\"}]},{\"@type\":\"WebSite\",\"@id\":\"https:\/\/www.sonnenseite.com\/de\/#website\",\"url\":\"https:\/\/www.sonnenseite.com\/de\/\",\"name\":\"Sonnenseite\",\"description\":\"\u00d6kologische Kommunikation mit Franz Alt\",\"publisher\":{\"@id\":\"https:\/\/www.sonnenseite.com\/de\/#organization\"},\"potentialAction\":[{\"@type\":\"SearchAction\",\"target\":{\"@type\":\"EntryPoint\",\"urlTemplate\":\"https:\/\/www.sonnenseite.com\/de\/?s={search_term_string}\"},\"query-input\":{\"@type\":\"PropertyValueSpecification\",\"valueRequired\":true,\"valueName\":\"search_term_string\"}}],\"inLanguage\":\"de\"},{\"@type\":\"Organization\",\"@id\":\"https:\/\/www.sonnenseite.com\/de\/#organization\",\"name\":\"Sonnenseite\",\"url\":\"https:\/\/www.sonnenseite.com\/de\/\",\"logo\":{\"@type\":\"ImageObject\",\"inLanguage\":\"de\",\"@id\":\"https:\/\/www.sonnenseite.com\/de\/#\/schema\/logo\/image\/\",\"url\":\"https:\/\/www.sonnenseite.com\/wp-content\/uploads\/2020\/05\/Sonnenseite_Logo.png\",\"contentUrl\":\"https:\/\/www.sonnenseite.com\/wp-content\/uploads\/2020\/05\/Sonnenseite_Logo.png\",\"width\":377,\"height\":90,\"caption\":\"Sonnenseite\"},\"image\":{\"@id\":\"https:\/\/www.sonnenseite.com\/de\/#\/schema\/logo\/image\/\"},\"sameAs\":[\"https:\/\/www.facebook.com\/pages\/Franz-Alt-SONNENSEITECOM\/221072987903953?fref=ts\",\"https:\/\/x.com\/franzalt\",\"http:\/\/www.youtube.com\/results?search_query&amp;amp;quot;franz_alt&amp;amp;quot;&amp;amp;amp;amp;search_type&amp;amp;amp;amp;aq=f\"]},{\"@type\":\"Person\",\"@id\":\"https:\/\/www.sonnenseite.com\/de\/#\/schema\/person\/50fda0e926597684c7cc6695238a4eb9\",\"name\":\"Bigi Alt\"}]}<\/script>\n<!-- \/ Yoast SEO plugin. -->","yoast_head_json":{"title":"Wo bleibt die Heilkraft der Religionen? - Sonnenseite - \u00d6kologische Kommunikation mit Franz Alt","description":"\u201eWie viele Divisionen hat der Papst?\u201c soll Stalin mal gefragt haben. Papst Franziskus hat zwar keine Divisionen, aber Putin d\u00fcrfte die immer deutlicher","robots":{"index":"index","follow":"follow","max-snippet":"max-snippet:-1","max-image-preview":"max-image-preview:large","max-video-preview":"max-video-preview:-1"},"canonical":"https:\/\/www.sonnenseite.com\/de\/franz-alt\/kommentare-interviews\/wo-bleibt-die-heilkraft-der-religionen\/","og_locale":"de_DE","og_type":"article","og_title":"Wo bleibt die Heilkraft der Religionen? - Sonnenseite - \u00d6kologische Kommunikation mit Franz Alt","og_description":"\u201eWie viele Divisionen hat der Papst?\u201c soll Stalin mal gefragt haben. Papst Franziskus hat zwar keine Divisionen, aber Putin d\u00fcrfte die immer deutlicher","og_url":"https:\/\/www.sonnenseite.com\/de\/franz-alt\/kommentare-interviews\/wo-bleibt-die-heilkraft-der-religionen\/","og_site_name":"Sonnenseite","article_publisher":"https:\/\/www.facebook.com\/pages\/Franz-Alt-SONNENSEITECOM\/221072987903953?fref=ts","article_published_time":"2022-03-19T01:35:00+00:00","article_modified_time":"2022-03-27T07:52:36+00:00","og_image":[{"width":770,"height":420,"url":"https:\/\/www.sonnenseite.com\/wp-content\/uploads\/2022\/03\/PatriarchCyrill_Moskau_Ale_Mi.jpg","type":"image\/jpeg"}],"author":"Bigi Alt","twitter_card":"summary_large_image","twitter_creator":"@franzalt","twitter_site":"@franzalt","twitter_misc":{"Verfasst von":"Bigi Alt","Gesch\u00e4tzte Lesezeit":"3\u00a0Minuten"},"schema":{"@context":"https:\/\/schema.org","@graph":[{"@type":"Article","@id":"https:\/\/www.sonnenseite.com\/de\/franz-alt\/kommentare-interviews\/wo-bleibt-die-heilkraft-der-religionen\/#article","isPartOf":{"@id":"https:\/\/www.sonnenseite.com\/de\/franz-alt\/kommentare-interviews\/wo-bleibt-die-heilkraft-der-religionen\/"},"author":{"name":"Bigi Alt","@id":"https:\/\/www.sonnenseite.com\/de\/#\/schema\/person\/50fda0e926597684c7cc6695238a4eb9"},"headline":"Wo bleibt die Heilkraft der Religionen?","datePublished":"2022-03-19T01:35:00+00:00","dateModified":"2022-03-27T07:52:36+00:00","mainEntityOfPage":{"@id":"https:\/\/www.sonnenseite.com\/de\/franz-alt\/kommentare-interviews\/wo-bleibt-die-heilkraft-der-religionen\/"},"wordCount":430,"publisher":{"@id":"https:\/\/www.sonnenseite.com\/de\/#organization"},"image":{"@id":"https:\/\/www.sonnenseite.com\/de\/franz-alt\/kommentare-interviews\/wo-bleibt-die-heilkraft-der-religionen\/#primaryimage"},"thumbnailUrl":"https:\/\/www.sonnenseite.com\/wp-content\/uploads\/2022\/03\/PatriarchCyrill_Moskau_Ale_Mi.jpg","articleSection":["Kommentare &amp; Interviews"],"inLanguage":"de"},{"@type":"WebPage","@id":"https:\/\/www.sonnenseite.com\/de\/franz-alt\/kommentare-interviews\/wo-bleibt-die-heilkraft-der-religionen\/","url":"https:\/\/www.sonnenseite.com\/de\/franz-alt\/kommentare-interviews\/wo-bleibt-die-heilkraft-der-religionen\/","name":"Wo bleibt die Heilkraft der Religionen? - Sonnenseite - \u00d6kologische Kommunikation mit Franz Alt","isPartOf":{"@id":"https:\/\/www.sonnenseite.com\/de\/#website"},"primaryImageOfPage":{"@id":"https:\/\/www.sonnenseite.com\/de\/franz-alt\/kommentare-interviews\/wo-bleibt-die-heilkraft-der-religionen\/#primaryimage"},"image":{"@id":"https:\/\/www.sonnenseite.com\/de\/franz-alt\/kommentare-interviews\/wo-bleibt-die-heilkraft-der-religionen\/#primaryimage"},"thumbnailUrl":"https:\/\/www.sonnenseite.com\/wp-content\/uploads\/2022\/03\/PatriarchCyrill_Moskau_Ale_Mi.jpg","datePublished":"2022-03-19T01:35:00+00:00","dateModified":"2022-03-27T07:52:36+00:00","description":"\u201eWie viele Divisionen hat der Papst?\u201c soll Stalin mal gefragt haben. Papst Franziskus hat zwar keine Divisionen, aber Putin d\u00fcrfte die immer deutlicher","breadcrumb":{"@id":"https:\/\/www.sonnenseite.com\/de\/franz-alt\/kommentare-interviews\/wo-bleibt-die-heilkraft-der-religionen\/#breadcrumb"},"inLanguage":"de","potentialAction":[{"@type":"ReadAction","target":["https:\/\/www.sonnenseite.com\/de\/franz-alt\/kommentare-interviews\/wo-bleibt-die-heilkraft-der-religionen\/"]}]},{"@type":"ImageObject","inLanguage":"de","@id":"https:\/\/www.sonnenseite.com\/de\/franz-alt\/kommentare-interviews\/wo-bleibt-die-heilkraft-der-religionen\/#primaryimage","url":"https:\/\/www.sonnenseite.com\/wp-content\/uploads\/2022\/03\/PatriarchCyrill_Moskau_Ale_Mi.jpg","contentUrl":"https:\/\/www.sonnenseite.com\/wp-content\/uploads\/2022\/03\/PatriarchCyrill_Moskau_Ale_Mi.jpg","width":770,"height":420,"caption":"Depositphotos.com | Ale_Mi | Patriarch Cyrill von Moskau"},{"@type":"BreadcrumbList","@id":"https:\/\/www.sonnenseite.com\/de\/franz-alt\/kommentare-interviews\/wo-bleibt-die-heilkraft-der-religionen\/#breadcrumb","itemListElement":[{"@type":"ListItem","position":1,"name":"Startseite","item":"https:\/\/www.sonnenseite.com\/de\/"},{"@type":"ListItem","position":2,"name":"Wo bleibt die Heilkraft der Religionen?"}]},{"@type":"WebSite","@id":"https:\/\/www.sonnenseite.com\/de\/#website","url":"https:\/\/www.sonnenseite.com\/de\/","name":"Sonnenseite","description":"\u00d6kologische Kommunikation mit Franz Alt","publisher":{"@id":"https:\/\/www.sonnenseite.com\/de\/#organization"},"potentialAction":[{"@type":"SearchAction","target":{"@type":"EntryPoint","urlTemplate":"https:\/\/www.sonnenseite.com\/de\/?s={search_term_string}"},"query-input":{"@type":"PropertyValueSpecification","valueRequired":true,"valueName":"search_term_string"}}],"inLanguage":"de"},{"@type":"Organization","@id":"https:\/\/www.sonnenseite.com\/de\/#organization","name":"Sonnenseite","url":"https:\/\/www.sonnenseite.com\/de\/","logo":{"@type":"ImageObject","inLanguage":"de","@id":"https:\/\/www.sonnenseite.com\/de\/#\/schema\/logo\/image\/","url":"https:\/\/www.sonnenseite.com\/wp-content\/uploads\/2020\/05\/Sonnenseite_Logo.png","contentUrl":"https:\/\/www.sonnenseite.com\/wp-content\/uploads\/2020\/05\/Sonnenseite_Logo.png","width":377,"height":90,"caption":"Sonnenseite"},"image":{"@id":"https:\/\/www.sonnenseite.com\/de\/#\/schema\/logo\/image\/"},"sameAs":["https:\/\/www.facebook.com\/pages\/Franz-Alt-SONNENSEITECOM\/221072987903953?fref=ts","https:\/\/x.com\/franzalt","http:\/\/www.youtube.com\/results?search_query&amp;amp;quot;franz_alt&amp;amp;quot;&amp;amp;amp;amp;search_type&amp;amp;amp;amp;aq=f"]},{"@type":"Person","@id":"https:\/\/www.sonnenseite.com\/de\/#\/schema\/person\/50fda0e926597684c7cc6695238a4eb9","name":"Bigi Alt"}]}},"_links":{"self":[{"href":"https:\/\/www.sonnenseite.com\/de\/wp-json\/wp\/v2\/posts\/80562","targetHints":{"allow":["GET"]}}],"collection":[{"href":"https:\/\/www.sonnenseite.com\/de\/wp-json\/wp\/v2\/posts"}],"about":[{"href":"https:\/\/www.sonnenseite.com\/de\/wp-json\/wp\/v2\/types\/post"}],"author":[{"embeddable":true,"href":"https:\/\/www.sonnenseite.com\/de\/wp-json\/wp\/v2\/users\/3"}],"replies":[{"embeddable":true,"href":"https:\/\/www.sonnenseite.com\/de\/wp-json\/wp\/v2\/comments?post=80562"}],"version-history":[{"count":6,"href":"https:\/\/www.sonnenseite.com\/de\/wp-json\/wp\/v2\/posts\/80562\/revisions"}],"predecessor-version":[{"id":80736,"href":"https:\/\/www.sonnenseite.com\/de\/wp-json\/wp\/v2\/posts\/80562\/revisions\/80736"}],"wp:featuredmedia":[{"embeddable":true,"href":"https:\/\/www.sonnenseite.com\/de\/wp-json\/wp\/v2\/media\/80569"}],"wp:attachment":[{"href":"https:\/\/www.sonnenseite.com\/de\/wp-json\/wp\/v2\/media?parent=80562"}],"wp:term":[{"taxonomy":"category","embeddable":true,"href":"https:\/\/www.sonnenseite.com\/de\/wp-json\/wp\/v2\/categories?post=80562"},{"taxonomy":"post_tag","embeddable":true,"href":"https:\/\/www.sonnenseite.com\/de\/wp-json\/wp\/v2\/tags?post=80562"}],"curies":[{"name":"wp","href":"https:\/\/api.w.org\/{rel}","templated":true}]}}