{"id":80595,"date":"2022-03-21T02:17:00","date_gmt":"2022-03-21T01:17:00","guid":{"rendered":"https:\/\/www.sonnenseite.com\/?p=80595"},"modified":"2022-03-20T12:17:32","modified_gmt":"2022-03-20T11:17:32","slug":"nahrungsmittelkrise-durch-ukraine-krieg-erfordert-handeln-auf-der-nachfrageseite","status":"publish","type":"post","link":"https:\/\/www.sonnenseite.com\/de\/umwelt\/nahrungsmittelkrise-durch-ukraine-krieg-erfordert-handeln-auf-der-nachfrageseite\/","title":{"rendered":"Nahrungsmittelkrise durch  Ukraine-Krieg erfordert Handeln auf der Nachfrageseite"},"content":{"rendered":"\n<p>Weniger Tierprodukte, weniger Verschwendung und eine gr\u00fcnere EU-Agrarpolitik.<\/p>\n\n\n\n<p>Der Krieg in der Ukraine wirkt sich auf das weltweite Nahrungsmittelsystem aus, zus\u00e4tzlich zu der direkten humanit\u00e4ren und sicherheitspolitischen Krise durch die russische Aggression. Die Ukraine und Russland sind wichtige Erzeuger von Getreide und D\u00fcngemittel, doch ihre Exporte drohen unterbrochen zu werden. Die Entscheider und Entscheiderinnen in der Agrarpolitik &#8211; wie die am Montag tagenden EU-Ministerinnen und Minister &#8211; sollten jedoch nicht abr\u00fccken von einer nachhaltigeren Landwirtschaft, nur um die Getreideproduktion zu steigern, argumentiert ein Team von Forschenden in einer heute ver\u00f6ffentlichten Erkl\u00e4rung. Sie schlagen drei Schl\u00fcsselma\u00dfnahmen zur Bew\u00e4ltigung der aktuellen Krise vor und betonen, dass eine \u00c4nderung der Nachfrageseite zu einem widerstandsf\u00e4higeren und nachhaltigeren globalen Ern\u00e4hrungssystem f\u00fchren kann, anstatt sich nur auf die Angebotsseite &#8211; etwa f\u00fcr Tierfutter &#8211; zu konzentrieren.<\/p>\n\n\n\n<p>\u201cDie weltweite Ern\u00e4hrungsunsicherheit wird nicht durch eine Einschr\u00e4nkung des Nahrungsmittelangebots verursacht. Sie wird durch ungleiche Verteilung verursacht. Es gibt mehr als genug Nahrungsmittel, um die Welt zu ern\u00e4hren, auch jetzt bei diesem Krieg. Allerdings wird das Getreide an Tiere verf\u00fcttert, als Biokraftstoff verwendet oder einfach verschwendet, anstatt hungrige Menschen zu ern\u00e4hren&#8220;, so Sabine Gabrysch, Forscherin am Potsdam-Institut f\u00fcr Klimafolgenforschung (PIK) sowie an der Charit\u00e9 Berlin, eine der Mitautorinnen. \u201cJetzt Umweltvorschriften aufzuweichen, um die Lebensmittelproduktion zu steigern, w\u00fcrde die Krise nicht l\u00f6sen. Es w\u00fcrde uns vielmehr noch weiter von einem robusten Ern\u00e4hrungssystem entfernen, das gegen k\u00fcnftige Schocks gewappnet ist und eine gesunde und nachhaltige Ern\u00e4hrung erm\u00f6glicht.\u201d<\/p>\n\n\n\n<p>In einer Erkl\u00e4rung, die von mehr als 300 Experten und Expertinnen aus mehreren L\u00e4ndern unterzeichnet wurde, schlagen die Forschenden drei Hebel vor, um die kurzfristigen Schocks zu bew\u00e4ltigen und gleichzeitig die menschliche Gesundheit und eine langfristige nachhaltige Entwicklung zu gew\u00e4hrleisten:<\/p>\n\n\n\n<ol class=\"wp-block-list\"><li>Beschleunigung der Umstellung auf eine ges\u00fcndere Ern\u00e4hrung mit weniger tierischen Erzeugnissen in Europa und anderen L\u00e4ndern mit hohem Einkommen, wodurch sich die f\u00fcr Tierfutter ben\u00f6tigte Getreidemenge verringern w\u00fcrde;<\/li><li>Steigerung der Produktion von H\u00fclsenfr\u00fcchten und weitere \u00d6kologisierung der EU-Agrarpolitik, auch um die Abh\u00e4ngigkeit von russischem Stickstoffd\u00fcnger und Erdgas zu verringern;<\/li><li>Verringerung der Lebensmittelverschwendung, da beispielsweise die Menge an vergeudetem Weizen allein in der EU etwa der H\u00e4lfte der Weizenexporte der Ukraine entspricht.<\/li><\/ol>\n\n\n\n<p>Weitere kurzfristige Ma\u00dfnahmen der europ\u00e4ischen Regierungen sollten die Bereitstellung von Mitteln f\u00fcr das Weltern\u00e4hrungsprogramm zum Kauf von Getreide umfassen und die Aufrechterhaltung des Handels einschlie\u00dflich des Handels mit Lebensmitteln von und nach Russland, hei\u00dft es in der Erkl\u00e4rung. Die sozialen Sicherungssysteme sollten in der gesamten EU gest\u00e4rkt werden, um negative Auswirkungen der steigenden Lebensmittelpreise f\u00fcr arme Haushalte zu vermeiden.<br><br>&#8222;Dieser schreckliche Krieg zwingt uns, etablierte Praktiken zu \u00fcberdenken. Das gilt insbesondere auch im Ern\u00e4hrungssektor, der bereits jetzt Schockwellen erlebt, die von den M\u00e4rkten \u00fcbertragen und durch die Verwerfungen in der Ukraine und in Russland verursacht werden&#8220;, sagt Marco Springmann von der Universit\u00e4t Oxford, ebenfalls einer der Mitautoren. &#8222;Die Diskussion \u00fcber Ern\u00e4hrungsumstellungen angesichts des Krieges ist wichtiger, als es auf den ersten Blick scheinen mag, denn durch eine st\u00e4rker pflanzlich basierte Ern\u00e4hrung anstelle von Fleisch w\u00e4ren in der Welt letztlich mehr Nahrungsmittel verf\u00fcgbar, einfach weil die Tierproduktion ineffizient ist. Wir k\u00f6nnen und sollten auf die kurzfristige Krise in einer Weise reagieren, die auch geeignet ist, die langfristigen Krisen des Weltern\u00e4hrungssystems zu bew\u00e4ltigen.&#8220;<\/p>\n\n\n\n<ul class=\"wp-block-list\"><li><a href=\"https:\/\/zenodo.org\/record\/6369812#.YjW_nzUo_b0\">zenodo: &#8222;We need a food system transformation \u2013 in the face of the Ukraine war, now more than ever&#8220;<\/a><\/li><li>P\u00f6rtner, Lisa M., Lambrecht, Nathalie, Springmann, Marco, Bodirsky, Benjamin Leon, Gaupp, Franziska, Freund, Florian, Lotze-Campen, Hermann, &amp; Gabrysch, Sabine. (2022). We need a food system transformation \u2013 in the face of the Ukraine war, now more than ever. [DOI: <a href=\"https:\/\/doi.org\/10.5281\/zenodo.6366131\" target=\"_blank\" rel=\"noreferrer noopener\">10.5281\/zenodo.6366131<\/a>]<\/li><\/ul>\n\n\n<h5 class=\"green\">Quelle<\/h5>\r\n\n\n\n<p><a href=\"https:\/\/www.pik-potsdam.de\">Potsdam-Institut f\u00fcr Klimafolgenforschung 2022<\/a><\/p>\n<div class=\"shariff shariff-align-flex-start shariff-widget-align-flex-start\"><div class=\"ShariffHeadline\">Diese Meldung teilen<\/div><ul class=\"shariff-buttons theme-round orientation-horizontal buttonsize-medium\"><li class=\"shariff-button facebook shariff-nocustomcolor\" style=\"background-color:#4273c8;border-radius:1%\"><a href=\"https:\/\/www.facebook.com\/sharer\/sharer.php?u=https%3A%2F%2Fwww.sonnenseite.com%2Fde%2Fumwelt%2Fnahrungsmittelkrise-durch-ukraine-krieg-erfordert-handeln-auf-der-nachfrageseite%2F\" title=\"Bei Facebook teilen\" aria-label=\"Bei Facebook teilen\" role=\"button\" rel=\"nofollow\" class=\"shariff-link\" style=\";border-radius:1%; background-color:#3b5998; color:#fff\" target=\"_blank\"><span class=\"shariff-icon\" style=\"\"><svg width=\"32px\" height=\"20px\" xmlns=\"http:\/\/www.w3.org\/2000\/svg\" viewBox=\"0 0 18 32\"><path fill=\"#3b5998\" d=\"M17.1 0.2v4.7h-2.8q-1.5 0-2.1 0.6t-0.5 1.9v3.4h5.2l-0.7 5.3h-4.5v13.6h-5.5v-13.6h-4.5v-5.3h4.5v-3.9q0-3.3 1.9-5.2t5-1.8q2.6 0 4.1 0.2z\"\/><\/svg><\/span><\/a><\/li><li class=\"shariff-button twitter shariff-nocustomcolor\" style=\"background-color:#595959;border-radius:1%\"><a href=\"https:\/\/twitter.com\/share?url=https%3A%2F%2Fwww.sonnenseite.com%2Fde%2Fumwelt%2Fnahrungsmittelkrise-durch-ukraine-krieg-erfordert-handeln-auf-der-nachfrageseite%2F&text=Nahrungsmittelkrise%20durch%20%20Ukraine-Krieg%20erfordert%20Handeln%20auf%20der%20Nachfrageseite\" title=\"Bei X teilen\" aria-label=\"Bei X teilen\" role=\"button\" rel=\"noopener nofollow\" class=\"shariff-link\" style=\";border-radius:1%; background-color:#000; color:#fff\" target=\"_blank\"><span class=\"shariff-icon\" style=\"\"><svg width=\"32px\" height=\"20px\" xmlns=\"http:\/\/www.w3.org\/2000\/svg\" viewBox=\"0 0 24 24\"><path fill=\"#000\" d=\"M14.258 10.152L23.176 0h-2.113l-7.747 8.813L7.133 0H0l9.352 13.328L0 23.973h2.113l8.176-9.309 6.531 9.309h7.133zm-2.895 3.293l-.949-1.328L2.875 1.56h3.246l6.086 8.523.945 1.328 7.91 11.078h-3.246zm0 0\"\/><\/svg><\/span><\/a><\/li><li class=\"shariff-button xing shariff-nocustomcolor\" style=\"background-color:#29888a;border-radius:1%\"><a href=\"https:\/\/www.xing.com\/spi\/shares\/new?url=https%3A%2F%2Fwww.sonnenseite.com%2Fde%2Fumwelt%2Fnahrungsmittelkrise-durch-ukraine-krieg-erfordert-handeln-auf-der-nachfrageseite%2F\" title=\"Bei XING teilen\" aria-label=\"Bei XING teilen\" role=\"button\" rel=\"noopener nofollow\" class=\"shariff-link\" style=\";border-radius:1%; background-color:#126567; color:#fff\" target=\"_blank\"><span class=\"shariff-icon\" style=\"\"><svg width=\"32px\" height=\"20px\" xmlns=\"http:\/\/www.w3.org\/2000\/svg\" viewBox=\"0 0 25 32\"><path fill=\"#126567\" d=\"M10.7 11.9q-0.2 0.3-4.6 8.2-0.5 0.8-1.2 0.8h-4.3q-0.4 0-0.5-0.3t0-0.6l4.5-8q0 0 0 0l-2.9-5q-0.2-0.4 0-0.7 0.2-0.3 0.5-0.3h4.3q0.7 0 1.2 0.8zM25.1 0.4q0.2 0.3 0 0.7l-9.4 16.7 6 11q0.2 0.4 0 0.6-0.2 0.3-0.6 0.3h-4.3q-0.7 0-1.2-0.8l-6-11.1q0.3-0.6 9.5-16.8 0.4-0.8 1.2-0.8h4.3q0.4 0 0.5 0.3z\"\/><\/svg><\/span><\/a><\/li><li class=\"shariff-button linkedin shariff-nocustomcolor\" style=\"background-color:#1488bf;border-radius:1%\"><a href=\"https:\/\/www.linkedin.com\/sharing\/share-offsite\/?url=https%3A%2F%2Fwww.sonnenseite.com%2Fde%2Fumwelt%2Fnahrungsmittelkrise-durch-ukraine-krieg-erfordert-handeln-auf-der-nachfrageseite%2F\" title=\"Bei LinkedIn teilen\" aria-label=\"Bei LinkedIn teilen\" role=\"button\" rel=\"noopener nofollow\" class=\"shariff-link\" style=\";border-radius:1%; background-color:#0077b5; color:#fff\" target=\"_blank\"><span class=\"shariff-icon\" style=\"\"><svg width=\"32px\" height=\"20px\" xmlns=\"http:\/\/www.w3.org\/2000\/svg\" viewBox=\"0 0 27 32\"><path fill=\"#0077b5\" d=\"M6.2 11.2v17.7h-5.9v-17.7h5.9zM6.6 5.7q0 1.3-0.9 2.2t-2.4 0.9h0q-1.5 0-2.4-0.9t-0.9-2.2 0.9-2.2 2.4-0.9 2.4 0.9 0.9 2.2zM27.4 18.7v10.1h-5.9v-9.5q0-1.9-0.7-2.9t-2.3-1.1q-1.1 0-1.9 0.6t-1.2 1.5q-0.2 0.5-0.2 1.4v9.9h-5.9q0-7.1 0-11.6t0-5.3l0-0.9h5.9v2.6h0q0.4-0.6 0.7-1t1-0.9 1.6-0.8 2-0.3q3 0 4.9 2t1.9 6z\"\/><\/svg><\/span><\/a><\/li><li class=\"shariff-button printer shariff-nocustomcolor\" style=\"background-color:#a8a8a8;border-radius:1%\"><a href=\"javascript:window.print()\" title=\"drucken\" aria-label=\"drucken\" role=\"button\" rel=\"noopener nofollow\" class=\"shariff-link\" style=\";border-radius:1%; background-color:#999; color:#fff\"><span class=\"shariff-icon\" style=\"\"><svg width=\"32px\" height=\"20px\" xmlns=\"http:\/\/www.w3.org\/2000\/svg\" viewBox=\"0 0 30 32\"><path fill=\"#999\" d=\"M6.8 27.4h16v-4.6h-16v4.6zM6.8 16h16v-6.8h-2.8q-0.7 0-1.2-0.5t-0.5-1.2v-2.8h-11.4v11.4zM27.4 17.2q0-0.5-0.3-0.8t-0.8-0.4-0.8 0.4-0.3 0.8 0.3 0.8 0.8 0.3 0.8-0.3 0.3-0.8zM29.7 17.2v7.4q0 0.2-0.2 0.4t-0.4 0.2h-4v2.8q0 0.7-0.5 1.2t-1.2 0.5h-17.2q-0.7 0-1.2-0.5t-0.5-1.2v-2.8h-4q-0.2 0-0.4-0.2t-0.2-0.4v-7.4q0-1.4 1-2.4t2.4-1h1.2v-9.7q0-0.7 0.5-1.2t1.2-0.5h12q0.7 0 1.6 0.4t1.3 0.8l2.7 2.7q0.5 0.5 0.9 1.4t0.4 1.6v4.6h1.1q1.4 0 2.4 1t1 2.4z\"\/><\/svg><\/span><\/a><\/li><li class=\"shariff-button mailto shariff-nocustomcolor\" style=\"background-color:#a8a8a8;border-radius:1%\"><a href=\"mailto:?body=https%3A%2F%2Fwww.sonnenseite.com%2Fde%2Fumwelt%2Fnahrungsmittelkrise-durch-ukraine-krieg-erfordert-handeln-auf-der-nachfrageseite%2F&subject=Nahrungsmittelkrise%20durch%20%20Ukraine-Krieg%20erfordert%20Handeln%20auf%20der%20Nachfrageseite\" title=\"Per E-Mail versenden\" aria-label=\"Per E-Mail versenden\" role=\"button\" rel=\"noopener nofollow\" class=\"shariff-link\" style=\";border-radius:1%; background-color:#999; color:#fff\"><span class=\"shariff-icon\" style=\"\"><svg width=\"32px\" height=\"20px\" xmlns=\"http:\/\/www.w3.org\/2000\/svg\" viewBox=\"0 0 32 32\"><path fill=\"#999\" d=\"M32 12.7v14.2q0 1.2-0.8 2t-2 0.9h-26.3q-1.2 0-2-0.9t-0.8-2v-14.2q0.8 0.9 1.8 1.6 6.5 4.4 8.9 6.1 1 0.8 1.6 1.2t1.7 0.9 2 0.4h0.1q0.9 0 2-0.4t1.7-0.9 1.6-1.2q3-2.2 8.9-6.1 1-0.7 1.8-1.6zM32 7.4q0 1.4-0.9 2.7t-2.2 2.2q-6.7 4.7-8.4 5.8-0.2 0.1-0.7 0.5t-1 0.7-0.9 0.6-1.1 0.5-0.9 0.2h-0.1q-0.4 0-0.9-0.2t-1.1-0.5-0.9-0.6-1-0.7-0.7-0.5q-1.6-1.1-4.7-3.2t-3.6-2.6q-1.1-0.7-2.1-2t-1-2.5q0-1.4 0.7-2.3t2.1-0.9h26.3q1.2 0 2 0.8t0.9 2z\"\/><\/svg><\/span><\/a><\/li><\/ul><\/div>","protected":false},"excerpt":{"rendered":"<p>Weniger Tierprodukte, weniger Verschwendung und eine gr\u00fcnere EU-Agrarpolitik. Der Krieg in der Ukraine wirkt sich auf [&hellip;]<\/p>\n","protected":false},"author":3,"featured_media":17067,"comment_status":"closed","ping_status":"closed","sticky":false,"template":"","format":"standard","meta":{"inline_featured_image":false,"footnotes":""},"categories":[23],"tags":[],"class_list":["post-80595","post","type-post","status-publish","format-standard","has-post-thumbnail","hentry","category-umwelt"],"yoast_head":"<!-- This site is optimized with the Yoast SEO plugin v26.5 - https:\/\/yoast.com\/wordpress\/plugins\/seo\/ -->\n<title>Nahrungsmittelkrise durch Ukraine-Krieg erfordert Handeln auf der Nachfrageseite - Sonnenseite - \u00d6kologische Kommunikation mit Franz Alt<\/title>\n<meta name=\"description\" content=\"Weniger Tierprodukte, weniger Verschwendung und eine gr\u00fcnere EU-Agrarpolitik. Der Krieg in der Ukraine wirkt sich auf das weltweite Nahrungsmittelsystem\" \/>\n<meta name=\"robots\" content=\"index, follow, max-snippet:-1, max-image-preview:large, max-video-preview:-1\" \/>\n<link rel=\"canonical\" href=\"https:\/\/www.sonnenseite.com\/de\/umwelt\/nahrungsmittelkrise-durch-ukraine-krieg-erfordert-handeln-auf-der-nachfrageseite\/\" \/>\n<meta property=\"og:locale\" content=\"de_DE\" \/>\n<meta property=\"og:type\" content=\"article\" \/>\n<meta property=\"og:title\" content=\"Nahrungsmittelkrise durch Ukraine-Krieg erfordert Handeln auf der Nachfrageseite - Sonnenseite - \u00d6kologische Kommunikation mit Franz Alt\" \/>\n<meta property=\"og:description\" content=\"Weniger Tierprodukte, weniger Verschwendung und eine gr\u00fcnere EU-Agrarpolitik. Der Krieg in der Ukraine wirkt sich auf das weltweite Nahrungsmittelsystem\" \/>\n<meta property=\"og:url\" content=\"https:\/\/www.sonnenseite.com\/de\/umwelt\/nahrungsmittelkrise-durch-ukraine-krieg-erfordert-handeln-auf-der-nachfrageseite\/\" \/>\n<meta property=\"og:site_name\" content=\"Sonnenseite\" \/>\n<meta property=\"article:publisher\" content=\"https:\/\/www.facebook.com\/pages\/Franz-Alt-SONNENSEITECOM\/221072987903953?fref=ts\" \/>\n<meta property=\"article:published_time\" content=\"2022-03-21T01:17:00+00:00\" \/>\n<meta property=\"og:image\" content=\"https:\/\/www.sonnenseite.com\/wp-content\/uploads\/2018\/07\/Kornfeld_JakobEhrhardt.jpg\" \/>\n\t<meta property=\"og:image:width\" content=\"770\" \/>\n\t<meta property=\"og:image:height\" content=\"420\" \/>\n\t<meta property=\"og:image:type\" content=\"image\/jpeg\" \/>\n<meta name=\"author\" content=\"Bigi Alt\" \/>\n<meta name=\"twitter:card\" content=\"summary_large_image\" \/>\n<meta name=\"twitter:creator\" content=\"@franzalt\" \/>\n<meta name=\"twitter:site\" content=\"@franzalt\" \/>\n<meta name=\"twitter:label1\" content=\"Verfasst von\" \/>\n\t<meta name=\"twitter:data1\" content=\"Bigi Alt\" \/>\n\t<meta name=\"twitter:label2\" content=\"Gesch\u00e4tzte Lesezeit\" \/>\n\t<meta name=\"twitter:data2\" content=\"4\u00a0Minuten\" \/>\n<script type=\"application\/ld+json\" class=\"yoast-schema-graph\">{\"@context\":\"https:\/\/schema.org\",\"@graph\":[{\"@type\":\"Article\",\"@id\":\"https:\/\/www.sonnenseite.com\/de\/umwelt\/nahrungsmittelkrise-durch-ukraine-krieg-erfordert-handeln-auf-der-nachfrageseite\/#article\",\"isPartOf\":{\"@id\":\"https:\/\/www.sonnenseite.com\/de\/umwelt\/nahrungsmittelkrise-durch-ukraine-krieg-erfordert-handeln-auf-der-nachfrageseite\/\"},\"author\":{\"name\":\"Bigi Alt\",\"@id\":\"https:\/\/www.sonnenseite.com\/de\/#\/schema\/person\/50fda0e926597684c7cc6695238a4eb9\"},\"headline\":\"Nahrungsmittelkrise durch Ukraine-Krieg erfordert Handeln auf der Nachfrageseite\",\"datePublished\":\"2022-03-21T01:17:00+00:00\",\"mainEntityOfPage\":{\"@id\":\"https:\/\/www.sonnenseite.com\/de\/umwelt\/nahrungsmittelkrise-durch-ukraine-krieg-erfordert-handeln-auf-der-nachfrageseite\/\"},\"wordCount\":647,\"publisher\":{\"@id\":\"https:\/\/www.sonnenseite.com\/de\/#organization\"},\"image\":{\"@id\":\"https:\/\/www.sonnenseite.com\/de\/umwelt\/nahrungsmittelkrise-durch-ukraine-krieg-erfordert-handeln-auf-der-nachfrageseite\/#primaryimage\"},\"thumbnailUrl\":\"https:\/\/www.sonnenseite.com\/wp-content\/uploads\/2018\/07\/Kornfeld_JakobEhrhardt.jpg\",\"articleSection\":[\"Umwelt\"],\"inLanguage\":\"de\"},{\"@type\":\"WebPage\",\"@id\":\"https:\/\/www.sonnenseite.com\/de\/umwelt\/nahrungsmittelkrise-durch-ukraine-krieg-erfordert-handeln-auf-der-nachfrageseite\/\",\"url\":\"https:\/\/www.sonnenseite.com\/de\/umwelt\/nahrungsmittelkrise-durch-ukraine-krieg-erfordert-handeln-auf-der-nachfrageseite\/\",\"name\":\"Nahrungsmittelkrise durch Ukraine-Krieg erfordert Handeln auf der Nachfrageseite - Sonnenseite - \u00d6kologische Kommunikation mit Franz Alt\",\"isPartOf\":{\"@id\":\"https:\/\/www.sonnenseite.com\/de\/#website\"},\"primaryImageOfPage\":{\"@id\":\"https:\/\/www.sonnenseite.com\/de\/umwelt\/nahrungsmittelkrise-durch-ukraine-krieg-erfordert-handeln-auf-der-nachfrageseite\/#primaryimage\"},\"image\":{\"@id\":\"https:\/\/www.sonnenseite.com\/de\/umwelt\/nahrungsmittelkrise-durch-ukraine-krieg-erfordert-handeln-auf-der-nachfrageseite\/#primaryimage\"},\"thumbnailUrl\":\"https:\/\/www.sonnenseite.com\/wp-content\/uploads\/2018\/07\/Kornfeld_JakobEhrhardt.jpg\",\"datePublished\":\"2022-03-21T01:17:00+00:00\",\"description\":\"Weniger Tierprodukte, weniger Verschwendung und eine gr\u00fcnere EU-Agrarpolitik. Der Krieg in der Ukraine wirkt sich auf das weltweite Nahrungsmittelsystem\",\"breadcrumb\":{\"@id\":\"https:\/\/www.sonnenseite.com\/de\/umwelt\/nahrungsmittelkrise-durch-ukraine-krieg-erfordert-handeln-auf-der-nachfrageseite\/#breadcrumb\"},\"inLanguage\":\"de\",\"potentialAction\":[{\"@type\":\"ReadAction\",\"target\":[\"https:\/\/www.sonnenseite.com\/de\/umwelt\/nahrungsmittelkrise-durch-ukraine-krieg-erfordert-handeln-auf-der-nachfrageseite\/\"]}]},{\"@type\":\"ImageObject\",\"inLanguage\":\"de\",\"@id\":\"https:\/\/www.sonnenseite.com\/de\/umwelt\/nahrungsmittelkrise-durch-ukraine-krieg-erfordert-handeln-auf-der-nachfrageseite\/#primaryimage\",\"url\":\"https:\/\/www.sonnenseite.com\/wp-content\/uploads\/2018\/07\/Kornfeld_JakobEhrhardt.jpg\",\"contentUrl\":\"https:\/\/www.sonnenseite.com\/wp-content\/uploads\/2018\/07\/Kornfeld_JakobEhrhardt.jpg\",\"width\":770,\"height\":420,\"caption\":\"pixelio.de | JakobEhrhardt\"},{\"@type\":\"BreadcrumbList\",\"@id\":\"https:\/\/www.sonnenseite.com\/de\/umwelt\/nahrungsmittelkrise-durch-ukraine-krieg-erfordert-handeln-auf-der-nachfrageseite\/#breadcrumb\",\"itemListElement\":[{\"@type\":\"ListItem\",\"position\":1,\"name\":\"Startseite\",\"item\":\"https:\/\/www.sonnenseite.com\/de\/\"},{\"@type\":\"ListItem\",\"position\":2,\"name\":\"Nahrungsmittelkrise durch Ukraine-Krieg erfordert Handeln auf der Nachfrageseite\"}]},{\"@type\":\"WebSite\",\"@id\":\"https:\/\/www.sonnenseite.com\/de\/#website\",\"url\":\"https:\/\/www.sonnenseite.com\/de\/\",\"name\":\"Sonnenseite\",\"description\":\"\u00d6kologische Kommunikation mit Franz Alt\",\"publisher\":{\"@id\":\"https:\/\/www.sonnenseite.com\/de\/#organization\"},\"potentialAction\":[{\"@type\":\"SearchAction\",\"target\":{\"@type\":\"EntryPoint\",\"urlTemplate\":\"https:\/\/www.sonnenseite.com\/de\/?s={search_term_string}\"},\"query-input\":{\"@type\":\"PropertyValueSpecification\",\"valueRequired\":true,\"valueName\":\"search_term_string\"}}],\"inLanguage\":\"de\"},{\"@type\":\"Organization\",\"@id\":\"https:\/\/www.sonnenseite.com\/de\/#organization\",\"name\":\"Sonnenseite\",\"url\":\"https:\/\/www.sonnenseite.com\/de\/\",\"logo\":{\"@type\":\"ImageObject\",\"inLanguage\":\"de\",\"@id\":\"https:\/\/www.sonnenseite.com\/de\/#\/schema\/logo\/image\/\",\"url\":\"https:\/\/www.sonnenseite.com\/wp-content\/uploads\/2020\/05\/Sonnenseite_Logo.png\",\"contentUrl\":\"https:\/\/www.sonnenseite.com\/wp-content\/uploads\/2020\/05\/Sonnenseite_Logo.png\",\"width\":377,\"height\":90,\"caption\":\"Sonnenseite\"},\"image\":{\"@id\":\"https:\/\/www.sonnenseite.com\/de\/#\/schema\/logo\/image\/\"},\"sameAs\":[\"https:\/\/www.facebook.com\/pages\/Franz-Alt-SONNENSEITECOM\/221072987903953?fref=ts\",\"https:\/\/x.com\/franzalt\",\"http:\/\/www.youtube.com\/results?search_query&amp;amp;quot;franz_alt&amp;amp;quot;&amp;amp;amp;amp;search_type&amp;amp;amp;amp;aq=f\"]},{\"@type\":\"Person\",\"@id\":\"https:\/\/www.sonnenseite.com\/de\/#\/schema\/person\/50fda0e926597684c7cc6695238a4eb9\",\"name\":\"Bigi Alt\"}]}<\/script>\n<!-- \/ Yoast SEO plugin. -->","yoast_head_json":{"title":"Nahrungsmittelkrise durch Ukraine-Krieg erfordert Handeln auf der Nachfrageseite - Sonnenseite - \u00d6kologische Kommunikation mit Franz Alt","description":"Weniger Tierprodukte, weniger Verschwendung und eine gr\u00fcnere EU-Agrarpolitik. Der Krieg in der Ukraine wirkt sich auf das weltweite Nahrungsmittelsystem","robots":{"index":"index","follow":"follow","max-snippet":"max-snippet:-1","max-image-preview":"max-image-preview:large","max-video-preview":"max-video-preview:-1"},"canonical":"https:\/\/www.sonnenseite.com\/de\/umwelt\/nahrungsmittelkrise-durch-ukraine-krieg-erfordert-handeln-auf-der-nachfrageseite\/","og_locale":"de_DE","og_type":"article","og_title":"Nahrungsmittelkrise durch Ukraine-Krieg erfordert Handeln auf der Nachfrageseite - Sonnenseite - \u00d6kologische Kommunikation mit Franz Alt","og_description":"Weniger Tierprodukte, weniger Verschwendung und eine gr\u00fcnere EU-Agrarpolitik. Der Krieg in der Ukraine wirkt sich auf das weltweite Nahrungsmittelsystem","og_url":"https:\/\/www.sonnenseite.com\/de\/umwelt\/nahrungsmittelkrise-durch-ukraine-krieg-erfordert-handeln-auf-der-nachfrageseite\/","og_site_name":"Sonnenseite","article_publisher":"https:\/\/www.facebook.com\/pages\/Franz-Alt-SONNENSEITECOM\/221072987903953?fref=ts","article_published_time":"2022-03-21T01:17:00+00:00","og_image":[{"width":770,"height":420,"url":"https:\/\/www.sonnenseite.com\/wp-content\/uploads\/2018\/07\/Kornfeld_JakobEhrhardt.jpg","type":"image\/jpeg"}],"author":"Bigi Alt","twitter_card":"summary_large_image","twitter_creator":"@franzalt","twitter_site":"@franzalt","twitter_misc":{"Verfasst von":"Bigi Alt","Gesch\u00e4tzte Lesezeit":"4\u00a0Minuten"},"schema":{"@context":"https:\/\/schema.org","@graph":[{"@type":"Article","@id":"https:\/\/www.sonnenseite.com\/de\/umwelt\/nahrungsmittelkrise-durch-ukraine-krieg-erfordert-handeln-auf-der-nachfrageseite\/#article","isPartOf":{"@id":"https:\/\/www.sonnenseite.com\/de\/umwelt\/nahrungsmittelkrise-durch-ukraine-krieg-erfordert-handeln-auf-der-nachfrageseite\/"},"author":{"name":"Bigi Alt","@id":"https:\/\/www.sonnenseite.com\/de\/#\/schema\/person\/50fda0e926597684c7cc6695238a4eb9"},"headline":"Nahrungsmittelkrise durch Ukraine-Krieg erfordert Handeln auf der Nachfrageseite","datePublished":"2022-03-21T01:17:00+00:00","mainEntityOfPage":{"@id":"https:\/\/www.sonnenseite.com\/de\/umwelt\/nahrungsmittelkrise-durch-ukraine-krieg-erfordert-handeln-auf-der-nachfrageseite\/"},"wordCount":647,"publisher":{"@id":"https:\/\/www.sonnenseite.com\/de\/#organization"},"image":{"@id":"https:\/\/www.sonnenseite.com\/de\/umwelt\/nahrungsmittelkrise-durch-ukraine-krieg-erfordert-handeln-auf-der-nachfrageseite\/#primaryimage"},"thumbnailUrl":"https:\/\/www.sonnenseite.com\/wp-content\/uploads\/2018\/07\/Kornfeld_JakobEhrhardt.jpg","articleSection":["Umwelt"],"inLanguage":"de"},{"@type":"WebPage","@id":"https:\/\/www.sonnenseite.com\/de\/umwelt\/nahrungsmittelkrise-durch-ukraine-krieg-erfordert-handeln-auf-der-nachfrageseite\/","url":"https:\/\/www.sonnenseite.com\/de\/umwelt\/nahrungsmittelkrise-durch-ukraine-krieg-erfordert-handeln-auf-der-nachfrageseite\/","name":"Nahrungsmittelkrise durch Ukraine-Krieg erfordert Handeln auf der Nachfrageseite - Sonnenseite - \u00d6kologische Kommunikation mit Franz Alt","isPartOf":{"@id":"https:\/\/www.sonnenseite.com\/de\/#website"},"primaryImageOfPage":{"@id":"https:\/\/www.sonnenseite.com\/de\/umwelt\/nahrungsmittelkrise-durch-ukraine-krieg-erfordert-handeln-auf-der-nachfrageseite\/#primaryimage"},"image":{"@id":"https:\/\/www.sonnenseite.com\/de\/umwelt\/nahrungsmittelkrise-durch-ukraine-krieg-erfordert-handeln-auf-der-nachfrageseite\/#primaryimage"},"thumbnailUrl":"https:\/\/www.sonnenseite.com\/wp-content\/uploads\/2018\/07\/Kornfeld_JakobEhrhardt.jpg","datePublished":"2022-03-21T01:17:00+00:00","description":"Weniger Tierprodukte, weniger Verschwendung und eine gr\u00fcnere EU-Agrarpolitik. Der Krieg in der Ukraine wirkt sich auf das weltweite Nahrungsmittelsystem","breadcrumb":{"@id":"https:\/\/www.sonnenseite.com\/de\/umwelt\/nahrungsmittelkrise-durch-ukraine-krieg-erfordert-handeln-auf-der-nachfrageseite\/#breadcrumb"},"inLanguage":"de","potentialAction":[{"@type":"ReadAction","target":["https:\/\/www.sonnenseite.com\/de\/umwelt\/nahrungsmittelkrise-durch-ukraine-krieg-erfordert-handeln-auf-der-nachfrageseite\/"]}]},{"@type":"ImageObject","inLanguage":"de","@id":"https:\/\/www.sonnenseite.com\/de\/umwelt\/nahrungsmittelkrise-durch-ukraine-krieg-erfordert-handeln-auf-der-nachfrageseite\/#primaryimage","url":"https:\/\/www.sonnenseite.com\/wp-content\/uploads\/2018\/07\/Kornfeld_JakobEhrhardt.jpg","contentUrl":"https:\/\/www.sonnenseite.com\/wp-content\/uploads\/2018\/07\/Kornfeld_JakobEhrhardt.jpg","width":770,"height":420,"caption":"pixelio.de | JakobEhrhardt"},{"@type":"BreadcrumbList","@id":"https:\/\/www.sonnenseite.com\/de\/umwelt\/nahrungsmittelkrise-durch-ukraine-krieg-erfordert-handeln-auf-der-nachfrageseite\/#breadcrumb","itemListElement":[{"@type":"ListItem","position":1,"name":"Startseite","item":"https:\/\/www.sonnenseite.com\/de\/"},{"@type":"ListItem","position":2,"name":"Nahrungsmittelkrise durch Ukraine-Krieg erfordert Handeln auf der Nachfrageseite"}]},{"@type":"WebSite","@id":"https:\/\/www.sonnenseite.com\/de\/#website","url":"https:\/\/www.sonnenseite.com\/de\/","name":"Sonnenseite","description":"\u00d6kologische Kommunikation mit Franz Alt","publisher":{"@id":"https:\/\/www.sonnenseite.com\/de\/#organization"},"potentialAction":[{"@type":"SearchAction","target":{"@type":"EntryPoint","urlTemplate":"https:\/\/www.sonnenseite.com\/de\/?s={search_term_string}"},"query-input":{"@type":"PropertyValueSpecification","valueRequired":true,"valueName":"search_term_string"}}],"inLanguage":"de"},{"@type":"Organization","@id":"https:\/\/www.sonnenseite.com\/de\/#organization","name":"Sonnenseite","url":"https:\/\/www.sonnenseite.com\/de\/","logo":{"@type":"ImageObject","inLanguage":"de","@id":"https:\/\/www.sonnenseite.com\/de\/#\/schema\/logo\/image\/","url":"https:\/\/www.sonnenseite.com\/wp-content\/uploads\/2020\/05\/Sonnenseite_Logo.png","contentUrl":"https:\/\/www.sonnenseite.com\/wp-content\/uploads\/2020\/05\/Sonnenseite_Logo.png","width":377,"height":90,"caption":"Sonnenseite"},"image":{"@id":"https:\/\/www.sonnenseite.com\/de\/#\/schema\/logo\/image\/"},"sameAs":["https:\/\/www.facebook.com\/pages\/Franz-Alt-SONNENSEITECOM\/221072987903953?fref=ts","https:\/\/x.com\/franzalt","http:\/\/www.youtube.com\/results?search_query&amp;amp;quot;franz_alt&amp;amp;quot;&amp;amp;amp;amp;search_type&amp;amp;amp;amp;aq=f"]},{"@type":"Person","@id":"https:\/\/www.sonnenseite.com\/de\/#\/schema\/person\/50fda0e926597684c7cc6695238a4eb9","name":"Bigi Alt"}]}},"_links":{"self":[{"href":"https:\/\/www.sonnenseite.com\/de\/wp-json\/wp\/v2\/posts\/80595","targetHints":{"allow":["GET"]}}],"collection":[{"href":"https:\/\/www.sonnenseite.com\/de\/wp-json\/wp\/v2\/posts"}],"about":[{"href":"https:\/\/www.sonnenseite.com\/de\/wp-json\/wp\/v2\/types\/post"}],"author":[{"embeddable":true,"href":"https:\/\/www.sonnenseite.com\/de\/wp-json\/wp\/v2\/users\/3"}],"replies":[{"embeddable":true,"href":"https:\/\/www.sonnenseite.com\/de\/wp-json\/wp\/v2\/comments?post=80595"}],"version-history":[{"count":1,"href":"https:\/\/www.sonnenseite.com\/de\/wp-json\/wp\/v2\/posts\/80595\/revisions"}],"predecessor-version":[{"id":80596,"href":"https:\/\/www.sonnenseite.com\/de\/wp-json\/wp\/v2\/posts\/80595\/revisions\/80596"}],"wp:featuredmedia":[{"embeddable":true,"href":"https:\/\/www.sonnenseite.com\/de\/wp-json\/wp\/v2\/media\/17067"}],"wp:attachment":[{"href":"https:\/\/www.sonnenseite.com\/de\/wp-json\/wp\/v2\/media?parent=80595"}],"wp:term":[{"taxonomy":"category","embeddable":true,"href":"https:\/\/www.sonnenseite.com\/de\/wp-json\/wp\/v2\/categories?post=80595"},{"taxonomy":"post_tag","embeddable":true,"href":"https:\/\/www.sonnenseite.com\/de\/wp-json\/wp\/v2\/tags?post=80595"}],"curies":[{"name":"wp","href":"https:\/\/api.w.org\/{rel}","templated":true}]}}