{"id":81036,"date":"2022-04-04T11:37:14","date_gmt":"2022-04-04T09:37:14","guid":{"rendered":"https:\/\/www.sonnenseite.com\/?p=81036"},"modified":"2022-04-04T11:45:04","modified_gmt":"2022-04-04T09:45:04","slug":"einigung-bei-naturvertraeglichem-ausbau-der-windenergie-an-land-erzielt","status":"publish","type":"post","link":"https:\/\/www.sonnenseite.com\/de\/politik\/einigung-bei-naturvertraeglichem-ausbau-der-windenergie-an-land-erzielt\/","title":{"rendered":"Einigung bei naturvertr\u00e4glichem Ausbau der Windenergie an Land erzielt"},"content":{"rendered":"\n<p>Lemke und Habeck legen Eckpunkte f\u00fcr schnelleren Windkraft-Ausbau und einheitliche Artenschutzvorgaben vor<\/p>\n\n\n\n<p>Bundesumwelt- und Bundeswirtschaftsministerium wollen die artenschutzfachliche Pr\u00fcfung f\u00fcr Windenergieanlagen an Land vereinfachen und effizienter gestalten. Ziel ist es, unter Wahrung hoher und europarechtlich gebotener \u00f6kologischer Schutzstandards Windenergieanlagen z\u00fcgig und rechtssicher zu genehmigen. Dies ist eine wichtige Voraussetzung, um den Ausbau der Windenergie in Deutschland zu beschleunigen. Bundeswirtschafts- und Klimaschutzminister Robert Habeck und Bundesumweltministerin Steffi Lemke haben dazu heute ein gemeinsames Eckpunkte-Papier vorgestellt.<\/p>\n\n\n\n<p>Robert Habeck: \u201eIn Deutschland gelten zuk\u00fcnftig klare und verbindliche Regeln f\u00fcr den Artenschutz beim Windausbau. Jetzt ist der Weg frei f\u00fcr mehr Windenergie-Fl\u00e4chen an Land. Auf diese Einigung haben viele zu lange warten m\u00fcssen: Windm\u00fchlenbauer, Energieunternehmen, L\u00e4nder &amp; Kommunen. Und sie ist gerade heute so wichtig, wo wir uns z\u00fcgiger denn je aus der Klammer von \u00d6l- und Gas-Importen befreien m\u00fcssen und uns der aktuelle Weltklimabericht die Dringlichkeit beim Klimaschutz wieder deutlich vor Augen f\u00fchrt. Der Suchraum f\u00fcr geeignete Standorte wird nun erheblich vergr\u00f6\u00dfert. In den L\u00e4ndern schaffen wir mehr Rechtssicherheit bei Entscheidungen, und wir vereinfachen und beschleunigen die Genehmigungsverfahren. Abweichende Regelungen der L\u00e4nder sind bis auf wenige Ausnahmen nicht mehr m\u00f6glich.\u201c<\/p>\n\n\n\n<div class=\"wp-block-image\"><figure class=\"aligncenter size-full\"><img loading=\"lazy\" decoding=\"async\" width=\"600\" height=\"272\" src=\"https:\/\/www.sonnenseite.com\/wp-content\/uploads\/2022\/04\/bmuv_lemke_habeck_windenergie.jpg\" alt=\"\" class=\"wp-image-81041\" srcset=\"https:\/\/www.sonnenseite.com\/wp-content\/uploads\/2022\/04\/bmuv_lemke_habeck_windenergie.jpg 600w, https:\/\/www.sonnenseite.com\/wp-content\/uploads\/2022\/04\/bmuv_lemke_habeck_windenergie-300x136.jpg 300w\" sizes=\"auto, (max-width: 600px) 100vw, 600px\" \/><figcaption>\u00a9 bmuv.de <\/figcaption><\/figure><\/div>\n\n\n\n<p>Steffi Lemke: \u201eMit unserer Vereinbarung wird der notwendige schnelle Ausbau von Windkraft bei h\u00f6chsten \u00f6kologischen Schutzstandards erm\u00f6glicht. Wir gehen damit bei der Bek\u00e4mpfung der doppelten \u00f6kologischen Krise, der Klimakrise und dem Artenaussterben, entschlossen voran. Wir erm\u00f6glichen effiziente und rechtssichere Planungsverfahren und richten ein Artenhilfsprogramm zur St\u00e4rkung des Naturschutzes ein. Als n\u00e4chsten Schritt werden wir jetzt z\u00fcgig den im Koalitionsvertrag vereinbarten Pakt mit den L\u00e4ndern umsetzen, um die Beh\u00f6rden vor Ort besser mit Personal und technischer Infrastruktur auszustatten.\u201c<\/p>\n\n\n\n<p>Insbesondere werden damit erstmals bundeseinheitliche, gesetzliche Standards f\u00fcr die Pr\u00fcfung und Bewertung geregelt, inwieweit eine Windenergieanlage das Kollisionsrisiko f\u00fcr gef\u00e4hrdete Vogelarten signifikant erh\u00f6ht (sog. Signifikanzpr\u00fcfung). Diese Standards sollen im Bundesnaturschutzgesetz (BNatSchG) festgelegt werden. Unter anderem ist vorgesehen, dass die Bewertung des Kollisionsrisikos f\u00fcr gef\u00e4hrdete Vogelarten mit Windenergieanlagen anhand einer abschlie\u00dfenden bundeseinheitlichen Liste kollisionsgef\u00e4hrdeter Brutvogelarten erfolgt.<\/p>\n\n\n\n<p>Dar\u00fcber hinaus sollen zuk\u00fcnftig artspezifische Tabubereiche in genau definiertem Abstand zum Brutplatz sowie ein zus\u00e4tzlicher Pr\u00fcfbereich ber\u00fccksichtigt werden m\u00fcssen. Die Anforderungen an die Nachweise im Pr\u00fcfbereich werden vereinfacht. Au\u00dferhalb des Pr\u00fcfbereichs ist keine weitere Pr\u00fcfung mehr erforderlich. Mit Blick auf Vermeidungsma\u00dfnahmen wird eine Zumutbarkeitsschwelle f\u00fcr die Vorhabentr\u00e4ger festgelegt. Au\u00dferdem sollen artenschutzrechtliche Ausnahmen f\u00fcr die Genehmigung von Windenergieanlagen an Land zuk\u00fcnftig einfacher und rechtssicher erwirkt werden k\u00f6nnen. Liegen die daf\u00fcr festgelegten Anforderungen vor, ist dann eine Ausnahme ohne beh\u00f6rdliches Ermessen zu erteilen.<\/p>\n\n\n\n<p>Das Repowering von Windenergieanlagen an Land, d.h. der Ersatz alter durch neue und leistungsst\u00e4rkere Anlagen, soll erleichtert werden, indem bestehende Vereinfachungen aus dem Immissionsschutzrecht ins Naturschutzrecht \u00fcberf\u00fchrt und konkretisiert werden. Damit werden beim Repowering Erleichterungen geschaffen, indem f\u00fcr viele dieser Projekte die zeitaufwendige Alternativenpr\u00fcfung entfallen wird.<\/p>\n\n\n\n<div class=\"wp-block-image\"><figure class=\"alignright size-full is-resized\"><img loading=\"lazy\" decoding=\"async\" src=\"https:\/\/www.sonnenseite.com\/wp-content\/uploads\/2022\/04\/bmuv_windenergie.jpg\" alt=\"\" class=\"wp-image-81038\" width=\"224\" height=\"245\" srcset=\"https:\/\/www.sonnenseite.com\/wp-content\/uploads\/2022\/04\/bmuv_windenergie.jpg 400w, https:\/\/www.sonnenseite.com\/wp-content\/uploads\/2022\/04\/bmuv_windenergie-274x300.jpg 274w\" sizes=\"auto, (max-width: 224px) 100vw, 224px\" \/><figcaption>\u00a9 bmuv.de<\/figcaption><\/figure><\/div>\n\n\n\n<p>Abschlie\u00dfend macht das Papier wichtige Vorgaben zur Nutzung von Landschaftsschutzgebieten (LSGs) f\u00fcr die Windenergie an Land. Bis das im Koalitionsvertrag vorgesehene Fl\u00e4chenziels f\u00fcr Windenergie an Land in H\u00f6he von zwei Prozent der Bundesfl\u00e4che erf\u00fcllt ist, sollen Windenergieanlagen demnach grunds\u00e4tzlich innerhalb von Landschaftsschutzgebieten (LSG) zul\u00e4ssig sein. Die konkrete Fl\u00e4chenausweisung obliegt dabei nach wie vor den zust\u00e4ndigen Planungsbeh\u00f6rden.<\/p>\n\n\n\n<ul class=\"wp-block-list\"><li><a href=\"https:\/\/www.bmuv.de\/fileadmin\/Daten_BMU\/Download_PDF\/Artenschutz\/eckpunkte_windenergie_land_artenschutz_bf.pdf\">Eckpunktepapier &#8222;Beschleunigung des naturvertr\u00e4glichen Ausbaus der Windenergie an Land&#8220;<\/a><\/li><\/ul>\n\n\n\n<hr class=\"wp-block-separator\"\/>\n\n\n\n<p>\u201eDas Eckpunktepapier ist aus Sicht der Verb\u00e4nde ein erster, wichtiger Beitrag der beiden zust\u00e4ndigen Ministerien. Es ist noch nicht der im Koalitionsvertrag zugesagte Abbau aller Hemmnisse. Nun muss eine fokussierte Beteiligung der Verb\u00e4nde erfolgen. Die aktuelle geopolitische Situation zeigt sehr klar, dass es mehr Tempo f\u00fcr 100 Prozent Erneuerbare Energien erfordert, um die Abh\u00e4ngigkeit von russischen Energieimporten schnell zu reduzieren. Und auch mit der Abw\u00e4gung der Naturschutzinteressen darf die Genehmigung einer einfachen Windkraftanlage nicht l\u00e4nger dauern als neue LNG Standorte\u201c, so <a href=\"http:\/\/www.bee-ev.de\">Dr. Simone Peter<\/a> und <a href=\"https:\/\/www.wind-energie.de\">Hermann Albers<\/a> | <a href=\"https:\/\/www.bee-ev.de\/presse\/mitteilungen\/detailansicht\/gemeinsame-pm-von-bee-und-bwe-eckpunktepapier-zum-naturvertraeglichen-ausbau-der-windenergie-blockaden-jetzt-abraeumen\">zur Meldung<\/a><\/p>\n\n\n\n<hr class=\"wp-block-separator\"\/>\n\n\n\n<p>Deutsche Umwelthilfe: <a href=\"https:\/\/www.duh.de\/presse\/pressemitteilungen\/pressemitteilung\/artenschutz-und-windenergie-deutsche-umwelthilfe-begruesst-einigung-warnt-aber-vor-schnellschuss-mit\/\">Artenschutz und Windenergie: Deutsche Umwelthilfe begr\u00fc\u00dft Einigung, warnt aber vor Schnellschuss mit handwerklichen Fehlern<\/a> | <em>\u201eDer Ausbau der Windenergie muss dringend beschleunigt werden, um die Energiewende voranzubringen. Es liegt aber nicht am Artenschutz, sondern an unsinnigen Abstandsregeln und b\u00fcrokratischen Schikanen, dass der Windenergieausbau in Deutschland massiv ins Stocken geraten ist. Es ist zwar grunds\u00e4tzlich begr\u00fc\u00dfenswert, dass die neue Bundesregierung heute einheitliche Regeln f\u00fcr die Anwendung des Artenschutzrechtes beim Bau von Windkraftanlagen vorgeschlagen hat.<\/em>..&#8220;<\/p>\n\n\n<h5 class=\"green\">Quelle<\/h5>\r\n\n\n\n<p><a href=\"https:\/\/www.bmuv.de\/pressemitteilung\/einigung-bei-naturvertraeglichem-ausbau-der-windenergie-an-land-erzielt\">Bundesumwelt- und Bundeswirtschaftsministerium 2022<\/a><\/p>\n<div class=\"shariff shariff-align-flex-start shariff-widget-align-flex-start\"><div class=\"ShariffHeadline\">Diese Meldung teilen<\/div><ul class=\"shariff-buttons theme-round orientation-horizontal buttonsize-medium\"><li class=\"shariff-button facebook shariff-nocustomcolor\" style=\"background-color:#4273c8;border-radius:1%\"><a href=\"https:\/\/www.facebook.com\/sharer\/sharer.php?u=https%3A%2F%2Fwww.sonnenseite.com%2Fde%2Fpolitik%2Feinigung-bei-naturvertraeglichem-ausbau-der-windenergie-an-land-erzielt%2F\" title=\"Bei Facebook teilen\" aria-label=\"Bei Facebook teilen\" role=\"button\" rel=\"nofollow\" class=\"shariff-link\" style=\";border-radius:1%; background-color:#3b5998; color:#fff\" target=\"_blank\"><span class=\"shariff-icon\" style=\"\"><svg width=\"32px\" height=\"20px\" xmlns=\"http:\/\/www.w3.org\/2000\/svg\" viewBox=\"0 0 18 32\"><path fill=\"#3b5998\" d=\"M17.1 0.2v4.7h-2.8q-1.5 0-2.1 0.6t-0.5 1.9v3.4h5.2l-0.7 5.3h-4.5v13.6h-5.5v-13.6h-4.5v-5.3h4.5v-3.9q0-3.3 1.9-5.2t5-1.8q2.6 0 4.1 0.2z\"\/><\/svg><\/span><\/a><\/li><li class=\"shariff-button twitter shariff-nocustomcolor\" style=\"background-color:#595959;border-radius:1%\"><a href=\"https:\/\/twitter.com\/share?url=https%3A%2F%2Fwww.sonnenseite.com%2Fde%2Fpolitik%2Feinigung-bei-naturvertraeglichem-ausbau-der-windenergie-an-land-erzielt%2F&text=Einigung%20bei%20naturvertr%C3%A4glichem%20Ausbau%20der%20Windenergie%20an%20Land%20erzielt\" title=\"Bei X teilen\" aria-label=\"Bei X teilen\" role=\"button\" rel=\"noopener nofollow\" class=\"shariff-link\" style=\";border-radius:1%; background-color:#000; color:#fff\" target=\"_blank\"><span class=\"shariff-icon\" style=\"\"><svg width=\"32px\" height=\"20px\" xmlns=\"http:\/\/www.w3.org\/2000\/svg\" viewBox=\"0 0 24 24\"><path fill=\"#000\" d=\"M14.258 10.152L23.176 0h-2.113l-7.747 8.813L7.133 0H0l9.352 13.328L0 23.973h2.113l8.176-9.309 6.531 9.309h7.133zm-2.895 3.293l-.949-1.328L2.875 1.56h3.246l6.086 8.523.945 1.328 7.91 11.078h-3.246zm0 0\"\/><\/svg><\/span><\/a><\/li><li class=\"shariff-button xing shariff-nocustomcolor\" style=\"background-color:#29888a;border-radius:1%\"><a href=\"https:\/\/www.xing.com\/spi\/shares\/new?url=https%3A%2F%2Fwww.sonnenseite.com%2Fde%2Fpolitik%2Feinigung-bei-naturvertraeglichem-ausbau-der-windenergie-an-land-erzielt%2F\" title=\"Bei XING teilen\" aria-label=\"Bei XING teilen\" role=\"button\" rel=\"noopener nofollow\" class=\"shariff-link\" style=\";border-radius:1%; background-color:#126567; color:#fff\" target=\"_blank\"><span class=\"shariff-icon\" style=\"\"><svg width=\"32px\" height=\"20px\" xmlns=\"http:\/\/www.w3.org\/2000\/svg\" viewBox=\"0 0 25 32\"><path fill=\"#126567\" d=\"M10.7 11.9q-0.2 0.3-4.6 8.2-0.5 0.8-1.2 0.8h-4.3q-0.4 0-0.5-0.3t0-0.6l4.5-8q0 0 0 0l-2.9-5q-0.2-0.4 0-0.7 0.2-0.3 0.5-0.3h4.3q0.7 0 1.2 0.8zM25.1 0.4q0.2 0.3 0 0.7l-9.4 16.7 6 11q0.2 0.4 0 0.6-0.2 0.3-0.6 0.3h-4.3q-0.7 0-1.2-0.8l-6-11.1q0.3-0.6 9.5-16.8 0.4-0.8 1.2-0.8h4.3q0.4 0 0.5 0.3z\"\/><\/svg><\/span><\/a><\/li><li class=\"shariff-button linkedin shariff-nocustomcolor\" style=\"background-color:#1488bf;border-radius:1%\"><a href=\"https:\/\/www.linkedin.com\/sharing\/share-offsite\/?url=https%3A%2F%2Fwww.sonnenseite.com%2Fde%2Fpolitik%2Feinigung-bei-naturvertraeglichem-ausbau-der-windenergie-an-land-erzielt%2F\" title=\"Bei LinkedIn teilen\" aria-label=\"Bei LinkedIn teilen\" role=\"button\" rel=\"noopener nofollow\" class=\"shariff-link\" style=\";border-radius:1%; background-color:#0077b5; color:#fff\" target=\"_blank\"><span class=\"shariff-icon\" style=\"\"><svg width=\"32px\" height=\"20px\" xmlns=\"http:\/\/www.w3.org\/2000\/svg\" viewBox=\"0 0 27 32\"><path fill=\"#0077b5\" d=\"M6.2 11.2v17.7h-5.9v-17.7h5.9zM6.6 5.7q0 1.3-0.9 2.2t-2.4 0.9h0q-1.5 0-2.4-0.9t-0.9-2.2 0.9-2.2 2.4-0.9 2.4 0.9 0.9 2.2zM27.4 18.7v10.1h-5.9v-9.5q0-1.9-0.7-2.9t-2.3-1.1q-1.1 0-1.9 0.6t-1.2 1.5q-0.2 0.5-0.2 1.4v9.9h-5.9q0-7.1 0-11.6t0-5.3l0-0.9h5.9v2.6h0q0.4-0.6 0.7-1t1-0.9 1.6-0.8 2-0.3q3 0 4.9 2t1.9 6z\"\/><\/svg><\/span><\/a><\/li><li class=\"shariff-button printer shariff-nocustomcolor\" style=\"background-color:#a8a8a8;border-radius:1%\"><a href=\"javascript:window.print()\" title=\"drucken\" aria-label=\"drucken\" role=\"button\" rel=\"noopener nofollow\" class=\"shariff-link\" style=\";border-radius:1%; background-color:#999; color:#fff\"><span class=\"shariff-icon\" style=\"\"><svg width=\"32px\" height=\"20px\" xmlns=\"http:\/\/www.w3.org\/2000\/svg\" viewBox=\"0 0 30 32\"><path fill=\"#999\" d=\"M6.8 27.4h16v-4.6h-16v4.6zM6.8 16h16v-6.8h-2.8q-0.7 0-1.2-0.5t-0.5-1.2v-2.8h-11.4v11.4zM27.4 17.2q0-0.5-0.3-0.8t-0.8-0.4-0.8 0.4-0.3 0.8 0.3 0.8 0.8 0.3 0.8-0.3 0.3-0.8zM29.7 17.2v7.4q0 0.2-0.2 0.4t-0.4 0.2h-4v2.8q0 0.7-0.5 1.2t-1.2 0.5h-17.2q-0.7 0-1.2-0.5t-0.5-1.2v-2.8h-4q-0.2 0-0.4-0.2t-0.2-0.4v-7.4q0-1.4 1-2.4t2.4-1h1.2v-9.7q0-0.7 0.5-1.2t1.2-0.5h12q0.7 0 1.6 0.4t1.3 0.8l2.7 2.7q0.5 0.5 0.9 1.4t0.4 1.6v4.6h1.1q1.4 0 2.4 1t1 2.4z\"\/><\/svg><\/span><\/a><\/li><li class=\"shariff-button mailto shariff-nocustomcolor\" style=\"background-color:#a8a8a8;border-radius:1%\"><a href=\"mailto:?body=https%3A%2F%2Fwww.sonnenseite.com%2Fde%2Fpolitik%2Feinigung-bei-naturvertraeglichem-ausbau-der-windenergie-an-land-erzielt%2F&subject=Einigung%20bei%20naturvertr%C3%A4glichem%20Ausbau%20der%20Windenergie%20an%20Land%20erzielt\" title=\"Per E-Mail versenden\" aria-label=\"Per E-Mail versenden\" role=\"button\" rel=\"noopener nofollow\" class=\"shariff-link\" style=\";border-radius:1%; background-color:#999; color:#fff\"><span class=\"shariff-icon\" style=\"\"><svg width=\"32px\" height=\"20px\" xmlns=\"http:\/\/www.w3.org\/2000\/svg\" viewBox=\"0 0 32 32\"><path fill=\"#999\" d=\"M32 12.7v14.2q0 1.2-0.8 2t-2 0.9h-26.3q-1.2 0-2-0.9t-0.8-2v-14.2q0.8 0.9 1.8 1.6 6.5 4.4 8.9 6.1 1 0.8 1.6 1.2t1.7 0.9 2 0.4h0.1q0.9 0 2-0.4t1.7-0.9 1.6-1.2q3-2.2 8.9-6.1 1-0.7 1.8-1.6zM32 7.4q0 1.4-0.9 2.7t-2.2 2.2q-6.7 4.7-8.4 5.8-0.2 0.1-0.7 0.5t-1 0.7-0.9 0.6-1.1 0.5-0.9 0.2h-0.1q-0.4 0-0.9-0.2t-1.1-0.5-0.9-0.6-1-0.7-0.7-0.5q-1.6-1.1-4.7-3.2t-3.6-2.6q-1.1-0.7-2.1-2t-1-2.5q0-1.4 0.7-2.3t2.1-0.9h26.3q1.2 0 2 0.8t0.9 2z\"\/><\/svg><\/span><\/a><\/li><\/ul><\/div>","protected":false},"excerpt":{"rendered":"<p>Lemke und Habeck legen Eckpunkte f\u00fcr schnelleren Windkraft-Ausbau und einheitliche Artenschutzvorgaben vor Bundesumwelt- und Bundeswirtschaftsministerium wollen [&hellip;]<\/p>\n","protected":false},"author":3,"featured_media":3535,"comment_status":"closed","ping_status":"closed","sticky":false,"template":"","format":"standard","meta":{"inline_featured_image":false,"footnotes":""},"categories":[21],"tags":[],"class_list":["post-81036","post","type-post","status-publish","format-standard","has-post-thumbnail","hentry","category-politik"],"yoast_head":"<!-- This site is optimized with the Yoast SEO plugin v26.5 - https:\/\/yoast.com\/wordpress\/plugins\/seo\/ -->\n<title>Einigung bei naturvertr\u00e4glichem Ausbau der Windenergie an Land erzielt - Sonnenseite - \u00d6kologische Kommunikation mit Franz Alt<\/title>\n<meta name=\"description\" content=\"Lemke und Habeck legen Eckpunkte f\u00fcr schnelleren Windkraft-Ausbau und einheitliche Artenschutzvorgaben vor Bundesumwelt- und Bundeswirtschaftsministerium\" \/>\n<meta name=\"robots\" content=\"index, follow, max-snippet:-1, max-image-preview:large, max-video-preview:-1\" \/>\n<link rel=\"canonical\" href=\"https:\/\/www.sonnenseite.com\/de\/politik\/einigung-bei-naturvertraeglichem-ausbau-der-windenergie-an-land-erzielt\/\" \/>\n<meta property=\"og:locale\" content=\"de_DE\" \/>\n<meta property=\"og:type\" content=\"article\" \/>\n<meta property=\"og:title\" content=\"Einigung bei naturvertr\u00e4glichem Ausbau der Windenergie an Land erzielt - Sonnenseite - \u00d6kologische Kommunikation mit Franz Alt\" \/>\n<meta property=\"og:description\" content=\"Lemke und Habeck legen Eckpunkte f\u00fcr schnelleren Windkraft-Ausbau und einheitliche Artenschutzvorgaben vor Bundesumwelt- und Bundeswirtschaftsministerium\" \/>\n<meta property=\"og:url\" content=\"https:\/\/www.sonnenseite.com\/de\/politik\/einigung-bei-naturvertraeglichem-ausbau-der-windenergie-an-land-erzielt\/\" \/>\n<meta property=\"og:site_name\" content=\"Sonnenseite\" \/>\n<meta property=\"article:publisher\" content=\"https:\/\/www.facebook.com\/pages\/Franz-Alt-SONNENSEITECOM\/221072987903953?fref=ts\" \/>\n<meta property=\"article:published_time\" content=\"2022-04-04T09:37:14+00:00\" \/>\n<meta property=\"article:modified_time\" content=\"2022-04-04T09:45:04+00:00\" \/>\n<meta property=\"og:image\" content=\"https:\/\/www.sonnenseite.com\/wp-content\/uploads\/2020\/02\/Windenergie_DarioStudios.jpg\" \/>\n\t<meta property=\"og:image:width\" content=\"770\" \/>\n\t<meta property=\"og:image:height\" content=\"420\" \/>\n\t<meta property=\"og:image:type\" content=\"image\/jpeg\" \/>\n<meta name=\"author\" content=\"Bigi Alt\" \/>\n<meta name=\"twitter:card\" content=\"summary_large_image\" \/>\n<meta name=\"twitter:creator\" content=\"@franzalt\" \/>\n<meta name=\"twitter:site\" content=\"@franzalt\" \/>\n<meta name=\"twitter:label1\" content=\"Verfasst von\" \/>\n\t<meta name=\"twitter:data1\" content=\"Bigi Alt\" \/>\n\t<meta name=\"twitter:label2\" content=\"Gesch\u00e4tzte Lesezeit\" \/>\n\t<meta name=\"twitter:data2\" content=\"5\u00a0Minuten\" \/>\n<script type=\"application\/ld+json\" class=\"yoast-schema-graph\">{\"@context\":\"https:\/\/schema.org\",\"@graph\":[{\"@type\":\"Article\",\"@id\":\"https:\/\/www.sonnenseite.com\/de\/politik\/einigung-bei-naturvertraeglichem-ausbau-der-windenergie-an-land-erzielt\/#article\",\"isPartOf\":{\"@id\":\"https:\/\/www.sonnenseite.com\/de\/politik\/einigung-bei-naturvertraeglichem-ausbau-der-windenergie-an-land-erzielt\/\"},\"author\":{\"name\":\"Bigi Alt\",\"@id\":\"https:\/\/www.sonnenseite.com\/de\/#\/schema\/person\/50fda0e926597684c7cc6695238a4eb9\"},\"headline\":\"Einigung bei naturvertr\u00e4glichem Ausbau der Windenergie an Land erzielt\",\"datePublished\":\"2022-04-04T09:37:14+00:00\",\"dateModified\":\"2022-04-04T09:45:04+00:00\",\"mainEntityOfPage\":{\"@id\":\"https:\/\/www.sonnenseite.com\/de\/politik\/einigung-bei-naturvertraeglichem-ausbau-der-windenergie-an-land-erzielt\/\"},\"wordCount\":776,\"publisher\":{\"@id\":\"https:\/\/www.sonnenseite.com\/de\/#organization\"},\"image\":{\"@id\":\"https:\/\/www.sonnenseite.com\/de\/politik\/einigung-bei-naturvertraeglichem-ausbau-der-windenergie-an-land-erzielt\/#primaryimage\"},\"thumbnailUrl\":\"https:\/\/www.sonnenseite.com\/wp-content\/uploads\/2020\/02\/Windenergie_DarioStudios.jpg\",\"articleSection\":[\"Politik\"],\"inLanguage\":\"de\"},{\"@type\":\"WebPage\",\"@id\":\"https:\/\/www.sonnenseite.com\/de\/politik\/einigung-bei-naturvertraeglichem-ausbau-der-windenergie-an-land-erzielt\/\",\"url\":\"https:\/\/www.sonnenseite.com\/de\/politik\/einigung-bei-naturvertraeglichem-ausbau-der-windenergie-an-land-erzielt\/\",\"name\":\"Einigung bei naturvertr\u00e4glichem Ausbau der Windenergie an Land erzielt - Sonnenseite - \u00d6kologische Kommunikation mit Franz Alt\",\"isPartOf\":{\"@id\":\"https:\/\/www.sonnenseite.com\/de\/#website\"},\"primaryImageOfPage\":{\"@id\":\"https:\/\/www.sonnenseite.com\/de\/politik\/einigung-bei-naturvertraeglichem-ausbau-der-windenergie-an-land-erzielt\/#primaryimage\"},\"image\":{\"@id\":\"https:\/\/www.sonnenseite.com\/de\/politik\/einigung-bei-naturvertraeglichem-ausbau-der-windenergie-an-land-erzielt\/#primaryimage\"},\"thumbnailUrl\":\"https:\/\/www.sonnenseite.com\/wp-content\/uploads\/2020\/02\/Windenergie_DarioStudios.jpg\",\"datePublished\":\"2022-04-04T09:37:14+00:00\",\"dateModified\":\"2022-04-04T09:45:04+00:00\",\"description\":\"Lemke und Habeck legen Eckpunkte f\u00fcr schnelleren Windkraft-Ausbau und einheitliche Artenschutzvorgaben vor Bundesumwelt- und Bundeswirtschaftsministerium\",\"breadcrumb\":{\"@id\":\"https:\/\/www.sonnenseite.com\/de\/politik\/einigung-bei-naturvertraeglichem-ausbau-der-windenergie-an-land-erzielt\/#breadcrumb\"},\"inLanguage\":\"de\",\"potentialAction\":[{\"@type\":\"ReadAction\",\"target\":[\"https:\/\/www.sonnenseite.com\/de\/politik\/einigung-bei-naturvertraeglichem-ausbau-der-windenergie-an-land-erzielt\/\"]}]},{\"@type\":\"ImageObject\",\"inLanguage\":\"de\",\"@id\":\"https:\/\/www.sonnenseite.com\/de\/politik\/einigung-bei-naturvertraeglichem-ausbau-der-windenergie-an-land-erzielt\/#primaryimage\",\"url\":\"https:\/\/www.sonnenseite.com\/wp-content\/uploads\/2020\/02\/Windenergie_DarioStudios.jpg\",\"contentUrl\":\"https:\/\/www.sonnenseite.com\/wp-content\/uploads\/2020\/02\/Windenergie_DarioStudios.jpg\",\"width\":770,\"height\":420,\"caption\":\"Depositphotos | Dario Studios | Der Entscheid des Bundesgerichts st\u00fctzt sich auf den Willen des Parlaments, den es im am 1. April 2026 in Kraft tretenden Beschleunigungserlass zum Ausdruck gebracht hat.\"},{\"@type\":\"BreadcrumbList\",\"@id\":\"https:\/\/www.sonnenseite.com\/de\/politik\/einigung-bei-naturvertraeglichem-ausbau-der-windenergie-an-land-erzielt\/#breadcrumb\",\"itemListElement\":[{\"@type\":\"ListItem\",\"position\":1,\"name\":\"Startseite\",\"item\":\"https:\/\/www.sonnenseite.com\/de\/\"},{\"@type\":\"ListItem\",\"position\":2,\"name\":\"Einigung bei naturvertr\u00e4glichem Ausbau der Windenergie an Land erzielt\"}]},{\"@type\":\"WebSite\",\"@id\":\"https:\/\/www.sonnenseite.com\/de\/#website\",\"url\":\"https:\/\/www.sonnenseite.com\/de\/\",\"name\":\"Sonnenseite\",\"description\":\"\u00d6kologische Kommunikation mit Franz Alt\",\"publisher\":{\"@id\":\"https:\/\/www.sonnenseite.com\/de\/#organization\"},\"potentialAction\":[{\"@type\":\"SearchAction\",\"target\":{\"@type\":\"EntryPoint\",\"urlTemplate\":\"https:\/\/www.sonnenseite.com\/de\/?s={search_term_string}\"},\"query-input\":{\"@type\":\"PropertyValueSpecification\",\"valueRequired\":true,\"valueName\":\"search_term_string\"}}],\"inLanguage\":\"de\"},{\"@type\":\"Organization\",\"@id\":\"https:\/\/www.sonnenseite.com\/de\/#organization\",\"name\":\"Sonnenseite\",\"url\":\"https:\/\/www.sonnenseite.com\/de\/\",\"logo\":{\"@type\":\"ImageObject\",\"inLanguage\":\"de\",\"@id\":\"https:\/\/www.sonnenseite.com\/de\/#\/schema\/logo\/image\/\",\"url\":\"https:\/\/www.sonnenseite.com\/wp-content\/uploads\/2020\/05\/Sonnenseite_Logo.png\",\"contentUrl\":\"https:\/\/www.sonnenseite.com\/wp-content\/uploads\/2020\/05\/Sonnenseite_Logo.png\",\"width\":377,\"height\":90,\"caption\":\"Sonnenseite\"},\"image\":{\"@id\":\"https:\/\/www.sonnenseite.com\/de\/#\/schema\/logo\/image\/\"},\"sameAs\":[\"https:\/\/www.facebook.com\/pages\/Franz-Alt-SONNENSEITECOM\/221072987903953?fref=ts\",\"https:\/\/x.com\/franzalt\",\"http:\/\/www.youtube.com\/results?search_query&amp;amp;quot;franz_alt&amp;amp;quot;&amp;amp;amp;amp;search_type&amp;amp;amp;amp;aq=f\"]},{\"@type\":\"Person\",\"@id\":\"https:\/\/www.sonnenseite.com\/de\/#\/schema\/person\/50fda0e926597684c7cc6695238a4eb9\",\"name\":\"Bigi Alt\"}]}<\/script>\n<!-- \/ Yoast SEO plugin. -->","yoast_head_json":{"title":"Einigung bei naturvertr\u00e4glichem Ausbau der Windenergie an Land erzielt - Sonnenseite - \u00d6kologische Kommunikation mit Franz Alt","description":"Lemke und Habeck legen Eckpunkte f\u00fcr schnelleren Windkraft-Ausbau und einheitliche Artenschutzvorgaben vor Bundesumwelt- und Bundeswirtschaftsministerium","robots":{"index":"index","follow":"follow","max-snippet":"max-snippet:-1","max-image-preview":"max-image-preview:large","max-video-preview":"max-video-preview:-1"},"canonical":"https:\/\/www.sonnenseite.com\/de\/politik\/einigung-bei-naturvertraeglichem-ausbau-der-windenergie-an-land-erzielt\/","og_locale":"de_DE","og_type":"article","og_title":"Einigung bei naturvertr\u00e4glichem Ausbau der Windenergie an Land erzielt - Sonnenseite - \u00d6kologische Kommunikation mit Franz Alt","og_description":"Lemke und Habeck legen Eckpunkte f\u00fcr schnelleren Windkraft-Ausbau und einheitliche Artenschutzvorgaben vor Bundesumwelt- und Bundeswirtschaftsministerium","og_url":"https:\/\/www.sonnenseite.com\/de\/politik\/einigung-bei-naturvertraeglichem-ausbau-der-windenergie-an-land-erzielt\/","og_site_name":"Sonnenseite","article_publisher":"https:\/\/www.facebook.com\/pages\/Franz-Alt-SONNENSEITECOM\/221072987903953?fref=ts","article_published_time":"2022-04-04T09:37:14+00:00","article_modified_time":"2022-04-04T09:45:04+00:00","og_image":[{"width":770,"height":420,"url":"https:\/\/www.sonnenseite.com\/wp-content\/uploads\/2020\/02\/Windenergie_DarioStudios.jpg","type":"image\/jpeg"}],"author":"Bigi Alt","twitter_card":"summary_large_image","twitter_creator":"@franzalt","twitter_site":"@franzalt","twitter_misc":{"Verfasst von":"Bigi Alt","Gesch\u00e4tzte Lesezeit":"5\u00a0Minuten"},"schema":{"@context":"https:\/\/schema.org","@graph":[{"@type":"Article","@id":"https:\/\/www.sonnenseite.com\/de\/politik\/einigung-bei-naturvertraeglichem-ausbau-der-windenergie-an-land-erzielt\/#article","isPartOf":{"@id":"https:\/\/www.sonnenseite.com\/de\/politik\/einigung-bei-naturvertraeglichem-ausbau-der-windenergie-an-land-erzielt\/"},"author":{"name":"Bigi Alt","@id":"https:\/\/www.sonnenseite.com\/de\/#\/schema\/person\/50fda0e926597684c7cc6695238a4eb9"},"headline":"Einigung bei naturvertr\u00e4glichem Ausbau der Windenergie an Land erzielt","datePublished":"2022-04-04T09:37:14+00:00","dateModified":"2022-04-04T09:45:04+00:00","mainEntityOfPage":{"@id":"https:\/\/www.sonnenseite.com\/de\/politik\/einigung-bei-naturvertraeglichem-ausbau-der-windenergie-an-land-erzielt\/"},"wordCount":776,"publisher":{"@id":"https:\/\/www.sonnenseite.com\/de\/#organization"},"image":{"@id":"https:\/\/www.sonnenseite.com\/de\/politik\/einigung-bei-naturvertraeglichem-ausbau-der-windenergie-an-land-erzielt\/#primaryimage"},"thumbnailUrl":"https:\/\/www.sonnenseite.com\/wp-content\/uploads\/2020\/02\/Windenergie_DarioStudios.jpg","articleSection":["Politik"],"inLanguage":"de"},{"@type":"WebPage","@id":"https:\/\/www.sonnenseite.com\/de\/politik\/einigung-bei-naturvertraeglichem-ausbau-der-windenergie-an-land-erzielt\/","url":"https:\/\/www.sonnenseite.com\/de\/politik\/einigung-bei-naturvertraeglichem-ausbau-der-windenergie-an-land-erzielt\/","name":"Einigung bei naturvertr\u00e4glichem Ausbau der Windenergie an Land erzielt - Sonnenseite - \u00d6kologische Kommunikation mit Franz Alt","isPartOf":{"@id":"https:\/\/www.sonnenseite.com\/de\/#website"},"primaryImageOfPage":{"@id":"https:\/\/www.sonnenseite.com\/de\/politik\/einigung-bei-naturvertraeglichem-ausbau-der-windenergie-an-land-erzielt\/#primaryimage"},"image":{"@id":"https:\/\/www.sonnenseite.com\/de\/politik\/einigung-bei-naturvertraeglichem-ausbau-der-windenergie-an-land-erzielt\/#primaryimage"},"thumbnailUrl":"https:\/\/www.sonnenseite.com\/wp-content\/uploads\/2020\/02\/Windenergie_DarioStudios.jpg","datePublished":"2022-04-04T09:37:14+00:00","dateModified":"2022-04-04T09:45:04+00:00","description":"Lemke und Habeck legen Eckpunkte f\u00fcr schnelleren Windkraft-Ausbau und einheitliche Artenschutzvorgaben vor Bundesumwelt- und Bundeswirtschaftsministerium","breadcrumb":{"@id":"https:\/\/www.sonnenseite.com\/de\/politik\/einigung-bei-naturvertraeglichem-ausbau-der-windenergie-an-land-erzielt\/#breadcrumb"},"inLanguage":"de","potentialAction":[{"@type":"ReadAction","target":["https:\/\/www.sonnenseite.com\/de\/politik\/einigung-bei-naturvertraeglichem-ausbau-der-windenergie-an-land-erzielt\/"]}]},{"@type":"ImageObject","inLanguage":"de","@id":"https:\/\/www.sonnenseite.com\/de\/politik\/einigung-bei-naturvertraeglichem-ausbau-der-windenergie-an-land-erzielt\/#primaryimage","url":"https:\/\/www.sonnenseite.com\/wp-content\/uploads\/2020\/02\/Windenergie_DarioStudios.jpg","contentUrl":"https:\/\/www.sonnenseite.com\/wp-content\/uploads\/2020\/02\/Windenergie_DarioStudios.jpg","width":770,"height":420,"caption":"Depositphotos | Dario Studios | Der Entscheid des Bundesgerichts st\u00fctzt sich auf den Willen des Parlaments, den es im am 1. April 2026 in Kraft tretenden Beschleunigungserlass zum Ausdruck gebracht hat."},{"@type":"BreadcrumbList","@id":"https:\/\/www.sonnenseite.com\/de\/politik\/einigung-bei-naturvertraeglichem-ausbau-der-windenergie-an-land-erzielt\/#breadcrumb","itemListElement":[{"@type":"ListItem","position":1,"name":"Startseite","item":"https:\/\/www.sonnenseite.com\/de\/"},{"@type":"ListItem","position":2,"name":"Einigung bei naturvertr\u00e4glichem Ausbau der Windenergie an Land erzielt"}]},{"@type":"WebSite","@id":"https:\/\/www.sonnenseite.com\/de\/#website","url":"https:\/\/www.sonnenseite.com\/de\/","name":"Sonnenseite","description":"\u00d6kologische Kommunikation mit Franz Alt","publisher":{"@id":"https:\/\/www.sonnenseite.com\/de\/#organization"},"potentialAction":[{"@type":"SearchAction","target":{"@type":"EntryPoint","urlTemplate":"https:\/\/www.sonnenseite.com\/de\/?s={search_term_string}"},"query-input":{"@type":"PropertyValueSpecification","valueRequired":true,"valueName":"search_term_string"}}],"inLanguage":"de"},{"@type":"Organization","@id":"https:\/\/www.sonnenseite.com\/de\/#organization","name":"Sonnenseite","url":"https:\/\/www.sonnenseite.com\/de\/","logo":{"@type":"ImageObject","inLanguage":"de","@id":"https:\/\/www.sonnenseite.com\/de\/#\/schema\/logo\/image\/","url":"https:\/\/www.sonnenseite.com\/wp-content\/uploads\/2020\/05\/Sonnenseite_Logo.png","contentUrl":"https:\/\/www.sonnenseite.com\/wp-content\/uploads\/2020\/05\/Sonnenseite_Logo.png","width":377,"height":90,"caption":"Sonnenseite"},"image":{"@id":"https:\/\/www.sonnenseite.com\/de\/#\/schema\/logo\/image\/"},"sameAs":["https:\/\/www.facebook.com\/pages\/Franz-Alt-SONNENSEITECOM\/221072987903953?fref=ts","https:\/\/x.com\/franzalt","http:\/\/www.youtube.com\/results?search_query&amp;amp;quot;franz_alt&amp;amp;quot;&amp;amp;amp;amp;search_type&amp;amp;amp;amp;aq=f"]},{"@type":"Person","@id":"https:\/\/www.sonnenseite.com\/de\/#\/schema\/person\/50fda0e926597684c7cc6695238a4eb9","name":"Bigi Alt"}]}},"_links":{"self":[{"href":"https:\/\/www.sonnenseite.com\/de\/wp-json\/wp\/v2\/posts\/81036","targetHints":{"allow":["GET"]}}],"collection":[{"href":"https:\/\/www.sonnenseite.com\/de\/wp-json\/wp\/v2\/posts"}],"about":[{"href":"https:\/\/www.sonnenseite.com\/de\/wp-json\/wp\/v2\/types\/post"}],"author":[{"embeddable":true,"href":"https:\/\/www.sonnenseite.com\/de\/wp-json\/wp\/v2\/users\/3"}],"replies":[{"embeddable":true,"href":"https:\/\/www.sonnenseite.com\/de\/wp-json\/wp\/v2\/comments?post=81036"}],"version-history":[{"count":5,"href":"https:\/\/www.sonnenseite.com\/de\/wp-json\/wp\/v2\/posts\/81036\/revisions"}],"predecessor-version":[{"id":81046,"href":"https:\/\/www.sonnenseite.com\/de\/wp-json\/wp\/v2\/posts\/81036\/revisions\/81046"}],"wp:featuredmedia":[{"embeddable":true,"href":"https:\/\/www.sonnenseite.com\/de\/wp-json\/wp\/v2\/media\/3535"}],"wp:attachment":[{"href":"https:\/\/www.sonnenseite.com\/de\/wp-json\/wp\/v2\/media?parent=81036"}],"wp:term":[{"taxonomy":"category","embeddable":true,"href":"https:\/\/www.sonnenseite.com\/de\/wp-json\/wp\/v2\/categories?post=81036"},{"taxonomy":"post_tag","embeddable":true,"href":"https:\/\/www.sonnenseite.com\/de\/wp-json\/wp\/v2\/tags?post=81036"}],"curies":[{"name":"wp","href":"https:\/\/api.w.org\/{rel}","templated":true}]}}