{"id":8142,"date":"2019-07-19T08:17:02","date_gmt":"2019-07-19T06:17:02","guid":{"rendered":"https:\/\/www.sonnenseite.com\/politik\/faktencheck-der-12-fakten-zum-klimaschutz-der-initiative-neue-soziale-marktwirtschaft-insm15616.html"},"modified":"2020-07-27T16:43:39","modified_gmt":"2020-07-27T14:43:39","slug":"faktencheck-der-12-fakten-zum-klimaschutz-der-initiative-neue-soziale-marktwirtschaft-insm15616","status":"publish","type":"post","link":"https:\/\/www.sonnenseite.com\/de\/politik\/faktencheck-der-12-fakten-zum-klimaschutz-der-initiative-neue-soziale-marktwirtschaft-insm15616\/","title":{"rendered":"Faktencheck der \u201e12 Fakten zum Klimaschutz\u201c der Initiative Neue Soziale Marktwirtschaft INSM"},"content":{"rendered":"<p>In einer aktuellen Kampagne widmet sich die Initiative Neue Soziale Marktwirtschaft (INSM) der Klimapolitik und hat 12 INSM-Fakten zur Klimapolitik medienwirksam publiziert [INS19b]. Von Volker Quaschning<\/p>\n<p><!--more--><\/p>\n<p>F\u00fcr Laien klingen viele der Fakten schl\u00fcssig und nachvollziehbar. Dabei verfolgt die INSM mit der Publikation der INSM-Fakten in erster Linie ganz klar die Ziele ihrer Unternehmen und nicht unbedingt die des besseren Klimaschutzes. Grund genug, die INSM-Fakten einem Faktencheck zu unterziehen. Dabei werden besonders kritische S\u00e4tze der einzelnen Fakten zitiert und kommentiert.<\/p>\n<p>Die Initiative Neue Soziale Marktwirtschaft (INSM) ist eine vom Arbeitgeberverband Gesamtmetall gegr\u00fcndete Lobbyorganisation, mit dem Ziel unternehmensfreundliche Positionen durchzusetzen [Lob19, WIK19]. Die Organisation verf\u00fcgt \u00fcber einen Jahresetat von mehreren Millionen Euro, der \u00fcber die den tragenden Mitgliedsverb\u00e4nden zugeh\u00f6rigen Unternehmen wie VW, Daimler, BMW finanziert wird. Zu den bisherigen Kampagnen und Forderungen der INSM z\u00e4hlten unter anderem die Abschaffung des Erneuerbare Energien Gesetzes EEG. Die INSM hat sich auch gegen die Einf\u00fchrung eines Mindestlohns und gegen die M\u00fctterrente eingesetzt [INS19]. Grunds\u00e4tzlich fordert die Initiative eine langsamere Energiewende. Der Klimaschutz soll sich dabei den Interessen der Industrie unterordnen.<\/p>\n<p><img loading=\"lazy\" decoding=\"async\" class=\"alignleft size-full wp-image-60944\" src=\"https:\/\/www.sonnenseite.com\/wp-content\/uploads\/2020\/07\/VolkerQuaschning_CO2-Ziele.jpg\" alt=\"\" width=\"500\" height=\"500\" srcset=\"https:\/\/www.sonnenseite.com\/wp-content\/uploads\/2020\/07\/VolkerQuaschning_CO2-Ziele.jpg 500w, https:\/\/www.sonnenseite.com\/wp-content\/uploads\/2020\/07\/VolkerQuaschning_CO2-Ziele-300x300.jpg 300w, https:\/\/www.sonnenseite.com\/wp-content\/uploads\/2020\/07\/VolkerQuaschning_CO2-Ziele-150x150.jpg 150w, https:\/\/www.sonnenseite.com\/wp-content\/uploads\/2020\/07\/VolkerQuaschning_CO2-Ziele-60x60.jpg 60w, https:\/\/www.sonnenseite.com\/wp-content\/uploads\/2020\/07\/VolkerQuaschning_CO2-Ziele-194x194.jpg 194w\" sizes=\"auto, (max-width: 500px) 100vw, 500px\" \/><br \/>\nvolker-quaschning.de<\/p>\n<p><a href=\"https:\/\/www.volker-quaschning.de\/artikel\/Fakten-INSM\/index.php\" target=\"_blank\" rel=\"noopener noreferrer\">Den kompletten Faktencheck finden Sie hier<\/a><\/p>\n<ul>\n<li><a href=\"https:\/\/www.sonnenseite.com\/politik\/neue-insm-kampagne-will-die-starke-klimaschutzbewegung-der-jugend-aushebeln.html\" target=\"_blank\" rel=\"noopener noreferrer\">&#8222;Neue INSM-Kampagne will die starke Klimaschutzbewegung der Jugend aushebeln&#8220;<\/a> |\u00a0Die <a href=\"https:\/\/lobbypedia.de\/wiki\/Initiative_Neue_Soziale_Marktwirtschaft\" target=\"_blank\" rel=\"noopener noreferrer\">Initiative Neue Soziale Marktwirtschaft (INSM)<\/a>, eine einflussreiche Lobbyorganisation, die die Interessen der gro\u00dfen Konzerne der deutschen Wirtschaft vertritt, hat eine neue Kampagne gestartet: <a href=\"http:\/\/www.insm.de\/\" target=\"_blank\" rel=\"noopener noreferrer\">\u201eKlimaschutz\u201c<\/a>\u00a0| Von Hans-Josef-Fell<\/li>\n<\/ul>\n<div class=\"article-images\"><img loading=\"lazy\" decoding=\"async\" class=\"alignleft\" src=\"https:\/\/www.sonnenseite.com\/wp-content\/uploads\/2019\/07\/VolkerQuaschning_PV-Arbeitsplaetze.jpg\" sizes=\"auto, (max-width: 600px) 100vw, 600px\" srcset=\"https:\/\/www.sonnenseite.com\/wp-content\/uploads\/2019\/07\/VolkerQuaschning_PV-Arbeitsplaetze.jpg 600w, https:\/\/www.sonnenseite.com\/wp-content\/uploads\/2019\/07\/VolkerQuaschning_PV-Arbeitsplaetze-300x300.jpg 300w, https:\/\/www.sonnenseite.com\/wp-content\/uploads\/2019\/07\/VolkerQuaschning_PV-Arbeitsplaetze-150x150.jpg 150w, https:\/\/www.sonnenseite.com\/wp-content\/uploads\/2019\/07\/VolkerQuaschning_PV-Arbeitsplaetze-194x194.jpg 194w\" alt=\"volker-quaschning.de\" width=\"600\" height=\"600\" \/><\/div>\n<h5 class=\"green\">Quelle<\/h5>\n<p><a href=\"http:\/\/www.volker-quaschning.de\/\" target=\"_blank\" rel=\"noopener noreferrer\">Prof. Dr. Volker Quaschning<\/a> &#8211; <a href=\"https:\/\/www.htw-berlin.de\/\" target=\"_blank\" rel=\"noopener noreferrer\">Hochschule f\u00fcr Technik und Wirtschaft Berlin 2019<\/a><\/p>\n<div class=\"shariff shariff-align-flex-start shariff-widget-align-flex-start\"><div class=\"ShariffHeadline\">Diese Meldung teilen<\/div><ul class=\"shariff-buttons theme-round orientation-horizontal buttonsize-medium\"><li class=\"shariff-button facebook shariff-nocustomcolor\" style=\"background-color:#4273c8;border-radius:1%\"><a href=\"https:\/\/www.facebook.com\/sharer\/sharer.php?u=https%3A%2F%2Fwww.sonnenseite.com%2Fde%2Fpolitik%2Ffaktencheck-der-12-fakten-zum-klimaschutz-der-initiative-neue-soziale-marktwirtschaft-insm15616%2F\" title=\"Bei Facebook teilen\" aria-label=\"Bei Facebook teilen\" role=\"button\" rel=\"nofollow\" class=\"shariff-link\" style=\";border-radius:1%; background-color:#3b5998; color:#fff\" target=\"_blank\"><span class=\"shariff-icon\" style=\"\"><svg width=\"32px\" height=\"20px\" xmlns=\"http:\/\/www.w3.org\/2000\/svg\" viewBox=\"0 0 18 32\"><path fill=\"#3b5998\" d=\"M17.1 0.2v4.7h-2.8q-1.5 0-2.1 0.6t-0.5 1.9v3.4h5.2l-0.7 5.3h-4.5v13.6h-5.5v-13.6h-4.5v-5.3h4.5v-3.9q0-3.3 1.9-5.2t5-1.8q2.6 0 4.1 0.2z\"\/><\/svg><\/span><\/a><\/li><li class=\"shariff-button twitter shariff-nocustomcolor\" style=\"background-color:#595959;border-radius:1%\"><a href=\"https:\/\/twitter.com\/share?url=https%3A%2F%2Fwww.sonnenseite.com%2Fde%2Fpolitik%2Ffaktencheck-der-12-fakten-zum-klimaschutz-der-initiative-neue-soziale-marktwirtschaft-insm15616%2F&text=Faktencheck%20der%20%E2%80%9E12%20Fakten%20zum%20Klimaschutz%E2%80%9C%20der%20Initiative%20Neue%20Soziale%20Marktwirtschaft%20INSM\" title=\"Bei X teilen\" aria-label=\"Bei X teilen\" role=\"button\" rel=\"noopener nofollow\" class=\"shariff-link\" style=\";border-radius:1%; background-color:#000; color:#fff\" target=\"_blank\"><span class=\"shariff-icon\" style=\"\"><svg width=\"32px\" height=\"20px\" xmlns=\"http:\/\/www.w3.org\/2000\/svg\" viewBox=\"0 0 24 24\"><path fill=\"#000\" d=\"M14.258 10.152L23.176 0h-2.113l-7.747 8.813L7.133 0H0l9.352 13.328L0 23.973h2.113l8.176-9.309 6.531 9.309h7.133zm-2.895 3.293l-.949-1.328L2.875 1.56h3.246l6.086 8.523.945 1.328 7.91 11.078h-3.246zm0 0\"\/><\/svg><\/span><\/a><\/li><li class=\"shariff-button xing shariff-nocustomcolor\" style=\"background-color:#29888a;border-radius:1%\"><a href=\"https:\/\/www.xing.com\/spi\/shares\/new?url=https%3A%2F%2Fwww.sonnenseite.com%2Fde%2Fpolitik%2Ffaktencheck-der-12-fakten-zum-klimaschutz-der-initiative-neue-soziale-marktwirtschaft-insm15616%2F\" title=\"Bei XING teilen\" aria-label=\"Bei XING teilen\" role=\"button\" rel=\"noopener nofollow\" class=\"shariff-link\" style=\";border-radius:1%; background-color:#126567; color:#fff\" target=\"_blank\"><span class=\"shariff-icon\" style=\"\"><svg width=\"32px\" height=\"20px\" xmlns=\"http:\/\/www.w3.org\/2000\/svg\" viewBox=\"0 0 25 32\"><path fill=\"#126567\" d=\"M10.7 11.9q-0.2 0.3-4.6 8.2-0.5 0.8-1.2 0.8h-4.3q-0.4 0-0.5-0.3t0-0.6l4.5-8q0 0 0 0l-2.9-5q-0.2-0.4 0-0.7 0.2-0.3 0.5-0.3h4.3q0.7 0 1.2 0.8zM25.1 0.4q0.2 0.3 0 0.7l-9.4 16.7 6 11q0.2 0.4 0 0.6-0.2 0.3-0.6 0.3h-4.3q-0.7 0-1.2-0.8l-6-11.1q0.3-0.6 9.5-16.8 0.4-0.8 1.2-0.8h4.3q0.4 0 0.5 0.3z\"\/><\/svg><\/span><\/a><\/li><li class=\"shariff-button linkedin shariff-nocustomcolor\" style=\"background-color:#1488bf;border-radius:1%\"><a href=\"https:\/\/www.linkedin.com\/sharing\/share-offsite\/?url=https%3A%2F%2Fwww.sonnenseite.com%2Fde%2Fpolitik%2Ffaktencheck-der-12-fakten-zum-klimaschutz-der-initiative-neue-soziale-marktwirtschaft-insm15616%2F\" title=\"Bei LinkedIn teilen\" aria-label=\"Bei LinkedIn teilen\" role=\"button\" rel=\"noopener nofollow\" class=\"shariff-link\" style=\";border-radius:1%; background-color:#0077b5; color:#fff\" target=\"_blank\"><span class=\"shariff-icon\" style=\"\"><svg width=\"32px\" height=\"20px\" xmlns=\"http:\/\/www.w3.org\/2000\/svg\" viewBox=\"0 0 27 32\"><path fill=\"#0077b5\" d=\"M6.2 11.2v17.7h-5.9v-17.7h5.9zM6.6 5.7q0 1.3-0.9 2.2t-2.4 0.9h0q-1.5 0-2.4-0.9t-0.9-2.2 0.9-2.2 2.4-0.9 2.4 0.9 0.9 2.2zM27.4 18.7v10.1h-5.9v-9.5q0-1.9-0.7-2.9t-2.3-1.1q-1.1 0-1.9 0.6t-1.2 1.5q-0.2 0.5-0.2 1.4v9.9h-5.9q0-7.1 0-11.6t0-5.3l0-0.9h5.9v2.6h0q0.4-0.6 0.7-1t1-0.9 1.6-0.8 2-0.3q3 0 4.9 2t1.9 6z\"\/><\/svg><\/span><\/a><\/li><li class=\"shariff-button printer shariff-nocustomcolor\" style=\"background-color:#a8a8a8;border-radius:1%\"><a href=\"javascript:window.print()\" title=\"drucken\" aria-label=\"drucken\" role=\"button\" rel=\"noopener nofollow\" class=\"shariff-link\" style=\";border-radius:1%; background-color:#999; color:#fff\"><span class=\"shariff-icon\" style=\"\"><svg width=\"32px\" height=\"20px\" xmlns=\"http:\/\/www.w3.org\/2000\/svg\" viewBox=\"0 0 30 32\"><path fill=\"#999\" d=\"M6.8 27.4h16v-4.6h-16v4.6zM6.8 16h16v-6.8h-2.8q-0.7 0-1.2-0.5t-0.5-1.2v-2.8h-11.4v11.4zM27.4 17.2q0-0.5-0.3-0.8t-0.8-0.4-0.8 0.4-0.3 0.8 0.3 0.8 0.8 0.3 0.8-0.3 0.3-0.8zM29.7 17.2v7.4q0 0.2-0.2 0.4t-0.4 0.2h-4v2.8q0 0.7-0.5 1.2t-1.2 0.5h-17.2q-0.7 0-1.2-0.5t-0.5-1.2v-2.8h-4q-0.2 0-0.4-0.2t-0.2-0.4v-7.4q0-1.4 1-2.4t2.4-1h1.2v-9.7q0-0.7 0.5-1.2t1.2-0.5h12q0.7 0 1.6 0.4t1.3 0.8l2.7 2.7q0.5 0.5 0.9 1.4t0.4 1.6v4.6h1.1q1.4 0 2.4 1t1 2.4z\"\/><\/svg><\/span><\/a><\/li><li class=\"shariff-button mailto shariff-nocustomcolor\" style=\"background-color:#a8a8a8;border-radius:1%\"><a href=\"mailto:?body=https%3A%2F%2Fwww.sonnenseite.com%2Fde%2Fpolitik%2Ffaktencheck-der-12-fakten-zum-klimaschutz-der-initiative-neue-soziale-marktwirtschaft-insm15616%2F&subject=Faktencheck%20der%20%E2%80%9E12%20Fakten%20zum%20Klimaschutz%E2%80%9C%20der%20Initiative%20Neue%20Soziale%20Marktwirtschaft%20INSM\" title=\"Per E-Mail versenden\" aria-label=\"Per E-Mail versenden\" role=\"button\" rel=\"noopener nofollow\" class=\"shariff-link\" style=\";border-radius:1%; background-color:#999; color:#fff\"><span class=\"shariff-icon\" style=\"\"><svg width=\"32px\" height=\"20px\" xmlns=\"http:\/\/www.w3.org\/2000\/svg\" viewBox=\"0 0 32 32\"><path fill=\"#999\" d=\"M32 12.7v14.2q0 1.2-0.8 2t-2 0.9h-26.3q-1.2 0-2-0.9t-0.8-2v-14.2q0.8 0.9 1.8 1.6 6.5 4.4 8.9 6.1 1 0.8 1.6 1.2t1.7 0.9 2 0.4h0.1q0.9 0 2-0.4t1.7-0.9 1.6-1.2q3-2.2 8.9-6.1 1-0.7 1.8-1.6zM32 7.4q0 1.4-0.9 2.7t-2.2 2.2q-6.7 4.7-8.4 5.8-0.2 0.1-0.7 0.5t-1 0.7-0.9 0.6-1.1 0.5-0.9 0.2h-0.1q-0.4 0-0.9-0.2t-1.1-0.5-0.9-0.6-1-0.7-0.7-0.5q-1.6-1.1-4.7-3.2t-3.6-2.6q-1.1-0.7-2.1-2t-1-2.5q0-1.4 0.7-2.3t2.1-0.9h26.3q1.2 0 2 0.8t0.9 2z\"\/><\/svg><\/span><\/a><\/li><\/ul><\/div>","protected":false},"excerpt":{"rendered":"<p>In einer aktuellen Kampagne widmet sich die Initiative Neue Soziale Marktwirtschaft (INSM) der Klimapolitik und hat [&hellip;]<\/p>\n","protected":false},"author":1,"featured_media":7819,"comment_status":"closed","ping_status":"closed","sticky":false,"template":"","format":"standard","meta":{"inline_featured_image":false,"footnotes":""},"categories":[21],"tags":[],"class_list":["post-8142","post","type-post","status-publish","format-standard","has-post-thumbnail","hentry","category-politik"],"yoast_head":"<!-- This site is optimized with the Yoast SEO plugin v26.5 - https:\/\/yoast.com\/wordpress\/plugins\/seo\/ -->\n<title>Faktencheck der \u201e12 Fakten zum Klimaschutz\u201c der Initiative Neue Soziale Marktwirtschaft INSM - Sonnenseite - \u00d6kologische Kommunikation mit Franz Alt<\/title>\n<meta name=\"description\" content=\"In einer aktuellen Kampagne widmet sich die Initiative Neue Soziale Marktwirtschaft (INSM) der Klimapolitik und hat 12 INSM-Fakten zur Klimapolitik\" \/>\n<meta name=\"robots\" content=\"index, follow, max-snippet:-1, max-image-preview:large, max-video-preview:-1\" \/>\n<link rel=\"canonical\" href=\"https:\/\/www.sonnenseite.com\/de\/politik\/faktencheck-der-12-fakten-zum-klimaschutz-der-initiative-neue-soziale-marktwirtschaft-insm15616\/\" \/>\n<meta property=\"og:locale\" content=\"de_DE\" \/>\n<meta property=\"og:type\" content=\"article\" \/>\n<meta property=\"og:title\" content=\"Faktencheck der \u201e12 Fakten zum Klimaschutz\u201c der Initiative Neue Soziale Marktwirtschaft INSM - Sonnenseite - \u00d6kologische Kommunikation mit Franz Alt\" \/>\n<meta property=\"og:description\" content=\"In einer aktuellen Kampagne widmet sich die Initiative Neue Soziale Marktwirtschaft (INSM) der Klimapolitik und hat 12 INSM-Fakten zur Klimapolitik\" \/>\n<meta property=\"og:url\" content=\"https:\/\/www.sonnenseite.com\/de\/politik\/faktencheck-der-12-fakten-zum-klimaschutz-der-initiative-neue-soziale-marktwirtschaft-insm15616\/\" \/>\n<meta property=\"og:site_name\" content=\"Sonnenseite\" \/>\n<meta property=\"article:publisher\" content=\"https:\/\/www.facebook.com\/pages\/Franz-Alt-SONNENSEITECOM\/221072987903953?fref=ts\" \/>\n<meta property=\"article:published_time\" content=\"2019-07-19T06:17:02+00:00\" \/>\n<meta property=\"article:modified_time\" content=\"2020-07-27T14:43:39+00:00\" \/>\n<meta property=\"og:image\" content=\"https:\/\/www.sonnenseite.com\/wp-content\/uploads\/2019\/07\/VolkerQuaschning_PV-Preise.jpg\" \/>\n\t<meta property=\"og:image:width\" content=\"770\" \/>\n\t<meta property=\"og:image:height\" content=\"420\" \/>\n\t<meta property=\"og:image:type\" content=\"image\/jpeg\" \/>\n<meta name=\"author\" content=\"sbade\" \/>\n<meta name=\"twitter:card\" content=\"summary_large_image\" \/>\n<meta name=\"twitter:creator\" content=\"@franzalt\" \/>\n<meta name=\"twitter:site\" content=\"@franzalt\" \/>\n<meta name=\"twitter:label1\" content=\"Verfasst von\" \/>\n\t<meta name=\"twitter:data1\" content=\"sbade\" \/>\n\t<meta name=\"twitter:label2\" content=\"Gesch\u00e4tzte Lesezeit\" \/>\n\t<meta name=\"twitter:data2\" content=\"1\u00a0Minute\" \/>\n<script type=\"application\/ld+json\" class=\"yoast-schema-graph\">{\"@context\":\"https:\/\/schema.org\",\"@graph\":[{\"@type\":\"Article\",\"@id\":\"https:\/\/www.sonnenseite.com\/de\/politik\/faktencheck-der-12-fakten-zum-klimaschutz-der-initiative-neue-soziale-marktwirtschaft-insm15616\/#article\",\"isPartOf\":{\"@id\":\"https:\/\/www.sonnenseite.com\/de\/politik\/faktencheck-der-12-fakten-zum-klimaschutz-der-initiative-neue-soziale-marktwirtschaft-insm15616\/\"},\"author\":{\"name\":\"sbade\",\"@id\":\"https:\/\/www.sonnenseite.com\/de\/#\/schema\/person\/6df44691cd9a70d99e140e1116ee8771\"},\"headline\":\"Faktencheck der \u201e12 Fakten zum Klimaschutz\u201c der Initiative Neue Soziale Marktwirtschaft INSM\",\"datePublished\":\"2019-07-19T06:17:02+00:00\",\"dateModified\":\"2020-07-27T14:43:39+00:00\",\"mainEntityOfPage\":{\"@id\":\"https:\/\/www.sonnenseite.com\/de\/politik\/faktencheck-der-12-fakten-zum-klimaschutz-der-initiative-neue-soziale-marktwirtschaft-insm15616\/\"},\"wordCount\":255,\"publisher\":{\"@id\":\"https:\/\/www.sonnenseite.com\/de\/#organization\"},\"image\":{\"@id\":\"https:\/\/www.sonnenseite.com\/de\/politik\/faktencheck-der-12-fakten-zum-klimaschutz-der-initiative-neue-soziale-marktwirtschaft-insm15616\/#primaryimage\"},\"thumbnailUrl\":\"https:\/\/www.sonnenseite.com\/wp-content\/uploads\/2019\/07\/VolkerQuaschning_PV-Preise.jpg\",\"articleSection\":[\"Politik\"],\"inLanguage\":\"de\"},{\"@type\":\"WebPage\",\"@id\":\"https:\/\/www.sonnenseite.com\/de\/politik\/faktencheck-der-12-fakten-zum-klimaschutz-der-initiative-neue-soziale-marktwirtschaft-insm15616\/\",\"url\":\"https:\/\/www.sonnenseite.com\/de\/politik\/faktencheck-der-12-fakten-zum-klimaschutz-der-initiative-neue-soziale-marktwirtschaft-insm15616\/\",\"name\":\"Faktencheck der \u201e12 Fakten zum Klimaschutz\u201c der Initiative Neue Soziale Marktwirtschaft INSM - Sonnenseite - \u00d6kologische Kommunikation mit Franz Alt\",\"isPartOf\":{\"@id\":\"https:\/\/www.sonnenseite.com\/de\/#website\"},\"primaryImageOfPage\":{\"@id\":\"https:\/\/www.sonnenseite.com\/de\/politik\/faktencheck-der-12-fakten-zum-klimaschutz-der-initiative-neue-soziale-marktwirtschaft-insm15616\/#primaryimage\"},\"image\":{\"@id\":\"https:\/\/www.sonnenseite.com\/de\/politik\/faktencheck-der-12-fakten-zum-klimaschutz-der-initiative-neue-soziale-marktwirtschaft-insm15616\/#primaryimage\"},\"thumbnailUrl\":\"https:\/\/www.sonnenseite.com\/wp-content\/uploads\/2019\/07\/VolkerQuaschning_PV-Preise.jpg\",\"datePublished\":\"2019-07-19T06:17:02+00:00\",\"dateModified\":\"2020-07-27T14:43:39+00:00\",\"description\":\"In einer aktuellen Kampagne widmet sich die Initiative Neue Soziale Marktwirtschaft (INSM) der Klimapolitik und hat 12 INSM-Fakten zur Klimapolitik\",\"breadcrumb\":{\"@id\":\"https:\/\/www.sonnenseite.com\/de\/politik\/faktencheck-der-12-fakten-zum-klimaschutz-der-initiative-neue-soziale-marktwirtschaft-insm15616\/#breadcrumb\"},\"inLanguage\":\"de\",\"potentialAction\":[{\"@type\":\"ReadAction\",\"target\":[\"https:\/\/www.sonnenseite.com\/de\/politik\/faktencheck-der-12-fakten-zum-klimaschutz-der-initiative-neue-soziale-marktwirtschaft-insm15616\/\"]}]},{\"@type\":\"ImageObject\",\"inLanguage\":\"de\",\"@id\":\"https:\/\/www.sonnenseite.com\/de\/politik\/faktencheck-der-12-fakten-zum-klimaschutz-der-initiative-neue-soziale-marktwirtschaft-insm15616\/#primaryimage\",\"url\":\"https:\/\/www.sonnenseite.com\/wp-content\/uploads\/2019\/07\/VolkerQuaschning_PV-Preise.jpg\",\"contentUrl\":\"https:\/\/www.sonnenseite.com\/wp-content\/uploads\/2019\/07\/VolkerQuaschning_PV-Preise.jpg\",\"width\":770,\"height\":420,\"caption\":\"volker-quaschning.de | Photovoltaik-Kosten sind von 2006 bis 2018 um 75% gefallen. Durchschnittlicher Netto-Endkundenpreis f&uuml;r fertig installierte Aufdachanlagen von 10-100 kW.\"},{\"@type\":\"BreadcrumbList\",\"@id\":\"https:\/\/www.sonnenseite.com\/de\/politik\/faktencheck-der-12-fakten-zum-klimaschutz-der-initiative-neue-soziale-marktwirtschaft-insm15616\/#breadcrumb\",\"itemListElement\":[{\"@type\":\"ListItem\",\"position\":1,\"name\":\"Startseite\",\"item\":\"https:\/\/www.sonnenseite.com\/de\/\"},{\"@type\":\"ListItem\",\"position\":2,\"name\":\"Faktencheck der \u201e12 Fakten zum Klimaschutz\u201c der Initiative Neue Soziale Marktwirtschaft INSM\"}]},{\"@type\":\"WebSite\",\"@id\":\"https:\/\/www.sonnenseite.com\/de\/#website\",\"url\":\"https:\/\/www.sonnenseite.com\/de\/\",\"name\":\"Sonnenseite\",\"description\":\"\u00d6kologische Kommunikation mit Franz Alt\",\"publisher\":{\"@id\":\"https:\/\/www.sonnenseite.com\/de\/#organization\"},\"potentialAction\":[{\"@type\":\"SearchAction\",\"target\":{\"@type\":\"EntryPoint\",\"urlTemplate\":\"https:\/\/www.sonnenseite.com\/de\/?s={search_term_string}\"},\"query-input\":{\"@type\":\"PropertyValueSpecification\",\"valueRequired\":true,\"valueName\":\"search_term_string\"}}],\"inLanguage\":\"de\"},{\"@type\":\"Organization\",\"@id\":\"https:\/\/www.sonnenseite.com\/de\/#organization\",\"name\":\"Sonnenseite\",\"url\":\"https:\/\/www.sonnenseite.com\/de\/\",\"logo\":{\"@type\":\"ImageObject\",\"inLanguage\":\"de\",\"@id\":\"https:\/\/www.sonnenseite.com\/de\/#\/schema\/logo\/image\/\",\"url\":\"https:\/\/www.sonnenseite.com\/wp-content\/uploads\/2020\/05\/Sonnenseite_Logo.png\",\"contentUrl\":\"https:\/\/www.sonnenseite.com\/wp-content\/uploads\/2020\/05\/Sonnenseite_Logo.png\",\"width\":377,\"height\":90,\"caption\":\"Sonnenseite\"},\"image\":{\"@id\":\"https:\/\/www.sonnenseite.com\/de\/#\/schema\/logo\/image\/\"},\"sameAs\":[\"https:\/\/www.facebook.com\/pages\/Franz-Alt-SONNENSEITECOM\/221072987903953?fref=ts\",\"https:\/\/x.com\/franzalt\",\"http:\/\/www.youtube.com\/results?search_query&amp;amp;quot;franz_alt&amp;amp;quot;&amp;amp;amp;amp;search_type&amp;amp;amp;amp;aq=f\"]},{\"@type\":\"Person\",\"@id\":\"https:\/\/www.sonnenseite.com\/de\/#\/schema\/person\/6df44691cd9a70d99e140e1116ee8771\",\"name\":\"sbade\",\"sameAs\":[\"https:\/\/www.sonnenseite.com\"]}]}<\/script>\n<!-- \/ Yoast SEO plugin. -->","yoast_head_json":{"title":"Faktencheck der \u201e12 Fakten zum Klimaschutz\u201c der Initiative Neue Soziale Marktwirtschaft INSM - Sonnenseite - \u00d6kologische Kommunikation mit Franz Alt","description":"In einer aktuellen Kampagne widmet sich die Initiative Neue Soziale Marktwirtschaft (INSM) der Klimapolitik und hat 12 INSM-Fakten zur Klimapolitik","robots":{"index":"index","follow":"follow","max-snippet":"max-snippet:-1","max-image-preview":"max-image-preview:large","max-video-preview":"max-video-preview:-1"},"canonical":"https:\/\/www.sonnenseite.com\/de\/politik\/faktencheck-der-12-fakten-zum-klimaschutz-der-initiative-neue-soziale-marktwirtschaft-insm15616\/","og_locale":"de_DE","og_type":"article","og_title":"Faktencheck der \u201e12 Fakten zum Klimaschutz\u201c der Initiative Neue Soziale Marktwirtschaft INSM - Sonnenseite - \u00d6kologische Kommunikation mit Franz Alt","og_description":"In einer aktuellen Kampagne widmet sich die Initiative Neue Soziale Marktwirtschaft (INSM) der Klimapolitik und hat 12 INSM-Fakten zur Klimapolitik","og_url":"https:\/\/www.sonnenseite.com\/de\/politik\/faktencheck-der-12-fakten-zum-klimaschutz-der-initiative-neue-soziale-marktwirtschaft-insm15616\/","og_site_name":"Sonnenseite","article_publisher":"https:\/\/www.facebook.com\/pages\/Franz-Alt-SONNENSEITECOM\/221072987903953?fref=ts","article_published_time":"2019-07-19T06:17:02+00:00","article_modified_time":"2020-07-27T14:43:39+00:00","og_image":[{"width":770,"height":420,"url":"https:\/\/www.sonnenseite.com\/wp-content\/uploads\/2019\/07\/VolkerQuaschning_PV-Preise.jpg","type":"image\/jpeg"}],"author":"sbade","twitter_card":"summary_large_image","twitter_creator":"@franzalt","twitter_site":"@franzalt","twitter_misc":{"Verfasst von":"sbade","Gesch\u00e4tzte Lesezeit":"1\u00a0Minute"},"schema":{"@context":"https:\/\/schema.org","@graph":[{"@type":"Article","@id":"https:\/\/www.sonnenseite.com\/de\/politik\/faktencheck-der-12-fakten-zum-klimaschutz-der-initiative-neue-soziale-marktwirtschaft-insm15616\/#article","isPartOf":{"@id":"https:\/\/www.sonnenseite.com\/de\/politik\/faktencheck-der-12-fakten-zum-klimaschutz-der-initiative-neue-soziale-marktwirtschaft-insm15616\/"},"author":{"name":"sbade","@id":"https:\/\/www.sonnenseite.com\/de\/#\/schema\/person\/6df44691cd9a70d99e140e1116ee8771"},"headline":"Faktencheck der \u201e12 Fakten zum Klimaschutz\u201c der Initiative Neue Soziale Marktwirtschaft INSM","datePublished":"2019-07-19T06:17:02+00:00","dateModified":"2020-07-27T14:43:39+00:00","mainEntityOfPage":{"@id":"https:\/\/www.sonnenseite.com\/de\/politik\/faktencheck-der-12-fakten-zum-klimaschutz-der-initiative-neue-soziale-marktwirtschaft-insm15616\/"},"wordCount":255,"publisher":{"@id":"https:\/\/www.sonnenseite.com\/de\/#organization"},"image":{"@id":"https:\/\/www.sonnenseite.com\/de\/politik\/faktencheck-der-12-fakten-zum-klimaschutz-der-initiative-neue-soziale-marktwirtschaft-insm15616\/#primaryimage"},"thumbnailUrl":"https:\/\/www.sonnenseite.com\/wp-content\/uploads\/2019\/07\/VolkerQuaschning_PV-Preise.jpg","articleSection":["Politik"],"inLanguage":"de"},{"@type":"WebPage","@id":"https:\/\/www.sonnenseite.com\/de\/politik\/faktencheck-der-12-fakten-zum-klimaschutz-der-initiative-neue-soziale-marktwirtschaft-insm15616\/","url":"https:\/\/www.sonnenseite.com\/de\/politik\/faktencheck-der-12-fakten-zum-klimaschutz-der-initiative-neue-soziale-marktwirtschaft-insm15616\/","name":"Faktencheck der \u201e12 Fakten zum Klimaschutz\u201c der Initiative Neue Soziale Marktwirtschaft INSM - Sonnenseite - \u00d6kologische Kommunikation mit Franz Alt","isPartOf":{"@id":"https:\/\/www.sonnenseite.com\/de\/#website"},"primaryImageOfPage":{"@id":"https:\/\/www.sonnenseite.com\/de\/politik\/faktencheck-der-12-fakten-zum-klimaschutz-der-initiative-neue-soziale-marktwirtschaft-insm15616\/#primaryimage"},"image":{"@id":"https:\/\/www.sonnenseite.com\/de\/politik\/faktencheck-der-12-fakten-zum-klimaschutz-der-initiative-neue-soziale-marktwirtschaft-insm15616\/#primaryimage"},"thumbnailUrl":"https:\/\/www.sonnenseite.com\/wp-content\/uploads\/2019\/07\/VolkerQuaschning_PV-Preise.jpg","datePublished":"2019-07-19T06:17:02+00:00","dateModified":"2020-07-27T14:43:39+00:00","description":"In einer aktuellen Kampagne widmet sich die Initiative Neue Soziale Marktwirtschaft (INSM) der Klimapolitik und hat 12 INSM-Fakten zur Klimapolitik","breadcrumb":{"@id":"https:\/\/www.sonnenseite.com\/de\/politik\/faktencheck-der-12-fakten-zum-klimaschutz-der-initiative-neue-soziale-marktwirtschaft-insm15616\/#breadcrumb"},"inLanguage":"de","potentialAction":[{"@type":"ReadAction","target":["https:\/\/www.sonnenseite.com\/de\/politik\/faktencheck-der-12-fakten-zum-klimaschutz-der-initiative-neue-soziale-marktwirtschaft-insm15616\/"]}]},{"@type":"ImageObject","inLanguage":"de","@id":"https:\/\/www.sonnenseite.com\/de\/politik\/faktencheck-der-12-fakten-zum-klimaschutz-der-initiative-neue-soziale-marktwirtschaft-insm15616\/#primaryimage","url":"https:\/\/www.sonnenseite.com\/wp-content\/uploads\/2019\/07\/VolkerQuaschning_PV-Preise.jpg","contentUrl":"https:\/\/www.sonnenseite.com\/wp-content\/uploads\/2019\/07\/VolkerQuaschning_PV-Preise.jpg","width":770,"height":420,"caption":"volker-quaschning.de | Photovoltaik-Kosten sind von 2006 bis 2018 um 75% gefallen. Durchschnittlicher Netto-Endkundenpreis f&uuml;r fertig installierte Aufdachanlagen von 10-100 kW."},{"@type":"BreadcrumbList","@id":"https:\/\/www.sonnenseite.com\/de\/politik\/faktencheck-der-12-fakten-zum-klimaschutz-der-initiative-neue-soziale-marktwirtschaft-insm15616\/#breadcrumb","itemListElement":[{"@type":"ListItem","position":1,"name":"Startseite","item":"https:\/\/www.sonnenseite.com\/de\/"},{"@type":"ListItem","position":2,"name":"Faktencheck der \u201e12 Fakten zum Klimaschutz\u201c der Initiative Neue Soziale Marktwirtschaft INSM"}]},{"@type":"WebSite","@id":"https:\/\/www.sonnenseite.com\/de\/#website","url":"https:\/\/www.sonnenseite.com\/de\/","name":"Sonnenseite","description":"\u00d6kologische Kommunikation mit Franz Alt","publisher":{"@id":"https:\/\/www.sonnenseite.com\/de\/#organization"},"potentialAction":[{"@type":"SearchAction","target":{"@type":"EntryPoint","urlTemplate":"https:\/\/www.sonnenseite.com\/de\/?s={search_term_string}"},"query-input":{"@type":"PropertyValueSpecification","valueRequired":true,"valueName":"search_term_string"}}],"inLanguage":"de"},{"@type":"Organization","@id":"https:\/\/www.sonnenseite.com\/de\/#organization","name":"Sonnenseite","url":"https:\/\/www.sonnenseite.com\/de\/","logo":{"@type":"ImageObject","inLanguage":"de","@id":"https:\/\/www.sonnenseite.com\/de\/#\/schema\/logo\/image\/","url":"https:\/\/www.sonnenseite.com\/wp-content\/uploads\/2020\/05\/Sonnenseite_Logo.png","contentUrl":"https:\/\/www.sonnenseite.com\/wp-content\/uploads\/2020\/05\/Sonnenseite_Logo.png","width":377,"height":90,"caption":"Sonnenseite"},"image":{"@id":"https:\/\/www.sonnenseite.com\/de\/#\/schema\/logo\/image\/"},"sameAs":["https:\/\/www.facebook.com\/pages\/Franz-Alt-SONNENSEITECOM\/221072987903953?fref=ts","https:\/\/x.com\/franzalt","http:\/\/www.youtube.com\/results?search_query&amp;amp;quot;franz_alt&amp;amp;quot;&amp;amp;amp;amp;search_type&amp;amp;amp;amp;aq=f"]},{"@type":"Person","@id":"https:\/\/www.sonnenseite.com\/de\/#\/schema\/person\/6df44691cd9a70d99e140e1116ee8771","name":"sbade","sameAs":["https:\/\/www.sonnenseite.com"]}]}},"_links":{"self":[{"href":"https:\/\/www.sonnenseite.com\/de\/wp-json\/wp\/v2\/posts\/8142","targetHints":{"allow":["GET"]}}],"collection":[{"href":"https:\/\/www.sonnenseite.com\/de\/wp-json\/wp\/v2\/posts"}],"about":[{"href":"https:\/\/www.sonnenseite.com\/de\/wp-json\/wp\/v2\/types\/post"}],"author":[{"embeddable":true,"href":"https:\/\/www.sonnenseite.com\/de\/wp-json\/wp\/v2\/users\/1"}],"replies":[{"embeddable":true,"href":"https:\/\/www.sonnenseite.com\/de\/wp-json\/wp\/v2\/comments?post=8142"}],"version-history":[{"count":2,"href":"https:\/\/www.sonnenseite.com\/de\/wp-json\/wp\/v2\/posts\/8142\/revisions"}],"predecessor-version":[{"id":61020,"href":"https:\/\/www.sonnenseite.com\/de\/wp-json\/wp\/v2\/posts\/8142\/revisions\/61020"}],"wp:featuredmedia":[{"embeddable":true,"href":"https:\/\/www.sonnenseite.com\/de\/wp-json\/wp\/v2\/media\/7819"}],"wp:attachment":[{"href":"https:\/\/www.sonnenseite.com\/de\/wp-json\/wp\/v2\/media?parent=8142"}],"wp:term":[{"taxonomy":"category","embeddable":true,"href":"https:\/\/www.sonnenseite.com\/de\/wp-json\/wp\/v2\/categories?post=8142"},{"taxonomy":"post_tag","embeddable":true,"href":"https:\/\/www.sonnenseite.com\/de\/wp-json\/wp\/v2\/tags?post=8142"}],"curies":[{"name":"wp","href":"https:\/\/api.w.org\/{rel}","templated":true}]}}