{"id":82165,"date":"2022-05-14T03:43:00","date_gmt":"2022-05-14T01:43:00","guid":{"rendered":"https:\/\/www.sonnenseite.com\/?p=82165"},"modified":"2022-05-23T09:55:00","modified_gmt":"2022-05-23T07:55:00","slug":"symptom-jeglicher-diktatur-die-angst-vor-der-freiheit","status":"publish","type":"post","link":"https:\/\/www.sonnenseite.com\/de\/franz-alt\/kommentare-interviews\/symptom-jeglicher-diktatur-die-angst-vor-der-freiheit\/","title":{"rendered":"Symptom jeglicher Diktatur: Die Angst vor der Freiheit"},"content":{"rendered":"\n<p>Die Geschichte der Beziehungen zwischen Putins Russland und der Ukraine ist \u00e4hnlich komplex wie die Geschichte der Beziehungen zwischen China und Tibet. Von Franz Alt<\/p>\n\n\n\n<p>So kann man sich heute, im Fr\u00fchjahr 2022, fragen, ob es zwischen dem Putin-Krieg gegen die Ukraine und der chinesischen Unterdr\u00fcckung der Bev\u00f6lkerungen in Tibet, Ostturkestan und in Hongkong Parallelen gibt. Gibt es Parallelen zwischen dem Xi-Jinping-Regime in China und dem Putin-Regime in Moskau? Wie wehren sich die Tibeter gegen ihre Besatzer und wie die Ukrainer gegen ihre Aggressoren?<\/p>\n\n\n\n<p><strong>Haupts\u00e4chlich drei Traumata verfolgen die chinesische F\u00fchrung bis heute: <\/strong><\/p>\n\n\n\n<ul class=\"wp-block-list\"><li>Taiwan mit Beginn des kommunistischen China seit 1949<\/li><li>Tibet seit 1950 und 3. Tian\u2019anmen seit 1989, als Chinas Herrscher auf dem Platz des himmlischen Friedens in Peking im Sommer \u00fcber eintausend friedliche und Freiheit fordernde Studenten mit Panzern niederwalzen lie\u00dfen.<\/li><\/ul>\n\n\n\n<p>Putins Karriere in Russland hat viel mit dem zu tun, was sich fast zeitgleich im Jahr 1989 auf dem Tian\u2019anmen-Platz in Peking und unter der UdSSR-F\u00fchrung von Michail Gorbatschow in Deutschland vollzog. Im Gegensatz zu Chinas Kommunisten hatte Gorbatschow bei den friedlichen Demonstrationen in Ostberlin, Leipzig und Dresden nicht milit\u00e4risch eingegriffen. W\u00e4hrend die ostdeutschen kommunistischen Herrscher also von der Heilkraft der Gewaltlosigkeit durch die ostdeutsche B\u00fcrgerrechtsbewegung hinweggefegt wurden, hatte die KPCh ihr Imperium durch den Einsatz von Gewalt halten k\u00f6nnen. Diese doppelte Erfahrung, n\u00e4mlich wie gegens\u00e4tzlich auf Freiheitsproteste reagiert wurde, hat Putin wohl nie vergessen und seine Schl\u00fcsse daraus gezogen: Gewaltherrschaft l\u00e4sst sich nur durch Gewalt erhalten.<\/p>\n\n\n\n<div class=\"wp-block-image\"><figure class=\"alignleft size-full is-resized\"><img loading=\"lazy\" decoding=\"async\" src=\"https:\/\/www.sonnenseite.com\/wp-content\/uploads\/2022\/05\/WladimirPutin_NARegnum.jpg\" alt=\"Depositphotos.com | NARegnum | Wladimir Putin\" class=\"wp-image-82173\" width=\"438\" height=\"239\" srcset=\"https:\/\/www.sonnenseite.com\/wp-content\/uploads\/2022\/05\/WladimirPutin_NARegnum.jpg 770w, https:\/\/www.sonnenseite.com\/wp-content\/uploads\/2022\/05\/WladimirPutin_NARegnum-300x164.jpg 300w, https:\/\/www.sonnenseite.com\/wp-content\/uploads\/2022\/05\/WladimirPutin_NARegnum-768x419.jpg 768w\" sizes=\"auto, (max-width: 438px) 100vw, 438px\" \/><figcaption>\u00a9 Depositphotos.com | NARegnum | Wladimir Putin 2019<\/figcaption><\/figure><\/div>\n\n\n\n<p>Wladimir Putin war 1989 in Dresden Mitarbeiter des sowjetischen Geheimdienstes KGB und hat sich sp\u00e4ter immer wieder gefragt, warum die kommunistische Sowjetunion die Demonstrationen in Deutschland damals nicht mit \u00e4hnlicher Gewalt unterdr\u00fcckt hat wie die chinesische F\u00fchrung 1989 in Peking. Noch 2007 bezeichnete Putin auf der \u201eSicherheitskonferenz\u201c in M\u00fcnchen seine Erfahrung 1989 in Dresden als die \u201egr\u00f6\u00dfte Katastrophe des 20. Jahrhunderts\u201c. Bei diesem Trauma stand er den w\u00fctenden, aber friedlichen Demonstranten in Dresden direkt gegen\u00fcber. Er lebte damals in der Radeberger Stra\u00dfe im vierten Stock eines Dresdner Plattenbaus, aus dem er erst Ende M\u00e4rz 1990 verschwand nach Leningrad, sp\u00e4ter wieder St. Petersburg. Jetzt w\u00e4hrend des Ukraine-Kriegs sagte die Urenkelin des fr\u00fcheren Sowjet-Chefs Chruschtschow, die Politologin Nina Chruschtschowa, bei \u201eMaischberger\u201c: \u201ePutin ist wie Stalin. Er ist ein v\u00f6llig paranoider Diktator, der immer einsamer wird.\u201c Solange Putin in Moskau regiert, wird Europa keinen Frieden finden. Putin rehabilitiert in gewisser Weise Stalin.<\/p>\n\n\n\n<p>Die Trag\u00f6die der Besetzung und des chinesischen Imperialismus auf dem Dach der Welt nahm 1950 ihren Lauf \u2013 weitgehend unter Ausschluss der Welt\u00f6ffentlichkeit. Der junge Dalai Lama hatte sofort nach seiner \u00dcbernahme der Regierungsgesch\u00e4fte ein Reform-Programm f\u00fcr Tibet ausarbeiten lassen: Die Feudalherrschaft sollte beendet, Bauern sollten aus der altenSchuldknechtschaft entlassen und die Verwaltung demokratisiert werden. Doch China verhinderte alle eigenst\u00e4ndigen tibetischen Reformbestrebungen. Es gelang dem Dalai Lama noch, bis Anfang des Jahres 1959, die Tibeter von gewaltt\u00e4tigem Widerstand abzuhalten. Dann musste er jedoch vor chinesischen Truppen fliehen, die in Lhasa und in den gro\u00dfen Kl\u00f6stern Ganden, Sera und Drepung nach dem Volksaufstand ein Blutbad angerichtet hatten. Er floh nach Nordindien, und etwa 80.000 Tibeter begaben sich fast umgehend auch auf die Flucht. Chinesische Flugzeuge bombardierten die Fl\u00fcchtlingstrecks, viele Menschen starben auch durch Eis und Schnee im Himalaya. Am 20. M\u00e4rz 1959 bombardierten die Chinesen den Sommerpalast des Dalai Lama, wo sie ihn noch vermuteten und legten das Geb\u00e4ude in Schutt und Asche. Der Dalai Lama \u2013 damals 24 Jahre alt \u2013 sollte get\u00f6tet werden. In Indien bildete er eine Exilregierung, die jedoch bis heute von keinem Staat anerkannt wird.Wird es bald irgendwo in Europa ebenfalls eine Exilregierung f\u00fcr die Ukraine geben?<\/p>\n\n\n\n<h5 class=\"wp-block-heading\">Fl\u00fcchtlinge \u2013 und andere Folgen von Gewalt<\/h5>\n\n\n\n<p>Aktuell schauen wir in Westeuropa vor allem auf die Ukraine-Fl\u00fcchtlinge und den Genozid in diesem Land. Die Lage der Fl\u00fcchtlinge Tibets war vor Jahrzehnten vergleichbar mit dieser Situation. Circa 150.000 Tibeter leben heute in 16 L\u00e4ndern im Exil, davon die meisten in Indien, viele aber auch in Nepal, Kanada und in der Schweiz.<\/p>\n\n\n\n<p>Der Dalai Lama sch\u00e4tzt, dass in den letzten Jahrzehnten \u00fcber eine Million Tibeter der Gewalt Chinas zum Opfer gefallen sind. Diesen V\u00f6lkermord haben wir in Europa beinahe vergessen und verdr\u00e4ngt. So wie Putin nun die Ukrainer \u201ebefreien\u201c will, so will die kommunistische F\u00fchrung in Peking die Tibeter \u201ebefreien\u201c.<\/p>\n\n\n\n<p>Was die Chinesen \u201eBefreiung\u201c nennen, ist aber in Wahrheit Diktatur und Grausamkeit. Ein Arzt, der vor meiner Kamera anonym bleiben wollte, sagte: \u201eDie Chinesen unterdr\u00fccken das chinesische Volk. Wenn uns die Welt nicht hilft, bleibt uns wenig Hoffnung.\u201c Eine Frau, die ihr kleines Kind auf dem Arm hielt, sagte uns in Lhasa: \u201eWir Tibeter f\u00fcrchten die Ausrottung unseres Volkes. Kein Mittel ist der chinesischen Politik zu brutal, um die Tibeter zur Minderheit im eigenen Land zu machen. Viele tibetische Frauen werden zur Abtreibung gezwungen\u201c. Etwa 50 Tibeter, die meine Frau und ich auf den Stra\u00dfen Lhasas\u2013 abseits der chinesischen Aufpasser &#8211; befragen konnten, erz\u00e4hlten uns \u00e4hnliche Schicksale.<\/p>\n\n\n\n<ul class=\"wp-block-list\"><li><a href=\"https:\/\/www.youtube.com\/watch?v=eDC4xopRm1M\">YouTube &#8222;Tr\u00e4nen \u00fcber Tibet&#8220;<\/a><\/li><\/ul>\n\n\n\n<h5 class=\"wp-block-heading\">Gewaltherrschaft mit Hilfe von Angst<\/h5>\n\n\n\n<p>\u201eWie viele Divisionen hat der Papst?\u201c soll Stalin einmal gefragt haben. Papst Franziskus hat zwar keine Divisionen, aber Putin d\u00fcrfte die immer deutlicher werdende Kritik des Papstes am Ukraine-Krieg \u00e4hnlich f\u00fcrchten wie Chinas Gewaltherrscher XiJinping den Dalai Lama f\u00fcrchtet. Stalinismus, Maoismus und der Putinismus haben eines gemeinsam: Sie bauen ihre Gewaltherrschaft auf Angst auf. Nur durch die Verbreitung von Angst k\u00f6nnen sie sich an der Macht halten. Doch das funktioniert immer nur eine Zeit lang.<\/p>\n\n\n\n<p>Kriege waren immer das Resultat von nationalistischer Verblendung, m\u00e4nnlichem Gr\u00f6\u00dfenwahn oder religi\u00f6sem Fanatismus und sind heutzutage ein absoluter Anachronismus. Der Putin-Krieg kann zum Ende der Putin-Macht f\u00fchren so wie die friedliche Revolution 1989 zum Ende von Erich Honecker gef\u00fchrt hat, der kurz vor seinem Ende noch seine politischen Gegner einsperren lie\u00df. Bevor Putin Russland in ein zweites Nordkorea zwingt, wird er wohl eher das Schicksal Erich Honeckers erleben. Der russische Diktator will die Ukraine von \u2013 wie er sagt &#8211; \u201eNazis\u201c und \u201eMilitaristen\u201c befreien, doch diese wollen sich einfach nicht \u201ebefreien\u201c lassen.<\/p>\n\n\n\n<h5 class=\"wp-block-heading\">Der alles entscheidende Unterschied<\/h5>\n\n\n\n<p>Ist Pr\u00e4sident Wolodymyr Selenskyj der \u201eDalai Lama\u201c der Ukraine? Beide sind bei ihren V\u00f6lkern \u201eVolkshelden\u201c. Selenski hat gro\u00dfe Unterst\u00fctzung der Ukrainer, wenn er sagt: \u201eWir wollen nicht kapitulieren, wir wollen Frieden\u201c. In Tibet habe ich Dutzende Tibeter nach dem Dalai Lama gefragt und alle sagen: \u201eDer Dalai Lama soll aus seinem Zwangs-Exil zur\u00fcckkommen\u201c. Es gibt freilich auch fundamentale Unterschiede zwischen den beiden Leitfiguren und was sie ihren V\u00f6lkern raten.<\/p>\n\n\n\n<div class=\"wp-block-image\"><figure class=\"alignright size-full is-resized\"><img loading=\"lazy\" decoding=\"async\" src=\"https:\/\/www.sonnenseite.com\/wp-content\/uploads\/2022\/05\/Wolodymyr-Selenskyj_AnnaliseArt.jpg\" alt=\"\" class=\"wp-image-82175\" width=\"386\" height=\"211\" srcset=\"https:\/\/www.sonnenseite.com\/wp-content\/uploads\/2022\/05\/Wolodymyr-Selenskyj_AnnaliseArt.jpg 770w, https:\/\/www.sonnenseite.com\/wp-content\/uploads\/2022\/05\/Wolodymyr-Selenskyj_AnnaliseArt-300x164.jpg 300w, https:\/\/www.sonnenseite.com\/wp-content\/uploads\/2022\/05\/Wolodymyr-Selenskyj_AnnaliseArt-768x419.jpg 768w\" sizes=\"auto, (max-width: 386px) 100vw, 386px\" \/><figcaption>\u00a9 pixabay.com | AnnaliseArt | Pr\u00e4sident Wolodymyr Selenskyj<\/figcaption><\/figure><\/div>\n\n\n\n<p>Der Dalai Lama will gegen die Besatzer den gewaltfreien Widerstand. Pr\u00e4sident Selenski pl\u00e4diert wirbt auch f\u00fcr Dialog, will jedoch, dass sein Volk sich auch mit Gewalt den russischen Besatzern entgegenstellt. Er fordert st\u00e4ndig Waffenlieferungen von westlichen L\u00e4ndern. Das tut der Dalai Lama bewusst und seit 70 Jahren nicht. Im Gegenteil: Ich war Zeuge als er jungen ungeduldigen Tibetern gesagt hat: \u201eWenn ihr zur Gewalt greift, werde ich sofort als Euer Dalai Lama zur\u00fccktreten. Gewalt macht keinen Sinn, sondern erzeugt nur Gegengewalt\u201c. Er sagt auch: \u201eIch habe keine Feinde, es gibt nur Menschen, die ich noch nicht kennengelernt habe\u201c. F\u00fcr diese konsequente Haltung der Gewaltfreiheit erhielt der Dalai Lama 1989 den Friedensnobelpreis.<\/p>\n\n\n\n<h5 class=\"wp-block-heading\">Der Weg der Gewaltfreiheit<\/h5>\n\n\n\n<p>Tibets Weg der Gewaltfreiheit, davon ist der Dalai Lama bis heute \u00fcberzeugt, ist wichtig f\u00fcr die ganze Welt und f\u00fcr eine bessere Welt. Er sagt: \u201eIm Buddhismus gehen wir davon aus, dass alle f\u00fchlenden Wesen \u2013 an erster Stelle der Gattung Mensch \u2013 der spontane Wunsch angeboren ist, von Leiden frei zu sein und Gl\u00fcck zu erfahren. Der Mensch verf\u00fcgt auch \u00fcber die F\u00e4higkeit, Leiden zu beseitigen und Gl\u00fcck zu erlangen. Gl\u00fcck hei\u00dft Freiheit\u201c.<\/p>\n\n\n\n<p>Nach dem Sturz der Mandschu-Dynastie in China im Jahr 1912 erkl\u00e4rte sich Tibet f\u00fcr unabh\u00e4ngig, also zum eigenen souver\u00e4nen Staat.Diese de-facto-Unabh\u00e4ngigkeit Tibets wurde nach der Flucht des Dali Lama im Jahr 1959 nach Nordindien von einer internationalen Juristenkommission im Auftrag der UNO best\u00e4tigt. Doch China bestreitet bis heute die Eigenstaatlichkeit Tibets. Die Aussage des Historikers und Bundeskanzlers Helmut Kohl im Jahr 1987: \u201eTibet war schon immer ein Teil Chinas\u201c ist historisch falsch. Dieser fatale Satz war der Kohl\u00b4schen Machtpolitik und dem Export-Wohl der deutschen Wirtschaft geschuldet, aber nicht der historischen Wahrheit.<\/p>\n\n\n\n<p>Seit Jahrzehnten nun versucht der Dalai Lama, mit den chinesischen Machthabern in Dialog zu treten. Doch seine Delegationen stie\u00dfen bei einigen Treffen mit den chinesischen Abgesandten nur auf Ablehnung. Der Leiter der Tibet-Delegation, Kelsang Gyaltsen, berichtete mir: \u201eWir sa\u00dfen uns Tage lang gegen\u00fcber\u201c. Doch die Chinesen sagten immer wieder nur: \u201eEs gibt kein Tibet-Problem. Es gibt nichts zu besprechen\u201c.<\/p>\n\n\n\n<p>Als gewaltfreie L\u00f6sung des Konflikts schl\u00e4gt der Dalai Lama einen \u201eDritten Weg\u201c vor: Tibet soll danach v\u00f6lkerrechtlich bei China bleiben, erh\u00e4lt daf\u00fcr aber religi\u00f6se, kulturelle und sprachliche Autonomie. Eine zwischen Ost und West neutrale Ukraine k\u00f6nnte vielleicht auch die L\u00f6sung f\u00fcr den Ukraine-Konflikt sein. So wie es \u00d6sterreich lange war und ist. EU-Mitgliedschaft f\u00fcr die Ukraine ja, aber keine NATO-Mitgliedschaft.<\/p>\n\n\n\n<p>Die Heilkraft und die Wirkm\u00e4chtigkeit gewaltfreier Aktionen haben wir in Deutschland 1989 eindrucksvoll erlebt. Der damalige Stasi-Chef in Leipzig, Horst Sindermann, Mitglied im SED-Zentralkomitee, hat sie \u2013 wahrscheinlich unbeabsichtigt \u2013 am 9. November 1989 best\u00e4tigt: \u201eWir haben mit allem gerechnet \u2013 nur nicht mit Kerzen und Gebeten. Die friedlichen Demonstranten haben uns wehrlos gemacht\u201c. Wildfremde Menschen lagen sich in den Armen und sangen: \u201eSo ein Tag, so wundersch\u00f6n wie heute\u2026\u201c Hunderttausende hatten friedlich und gewaltfrei demonstriert, obwohl sie mit Gewalteinsatz des DDR-Regimes rechnen mussten. Ihre Losungen hie\u00dfen \u201eKeine Gewalt\u201c, \u201eFreiheit\u201c und \u201eWir sind das Volk\u201c. Und vor allem: Gorbatschow lehnte den vorbereiteten Gewalteinsatz des alten DDR-Regimes ab. Die in der DDR Herrschenden &#8211; Herr Putin und Herr XiJiping, Sie erinnern sich &#8211; waren sprach- und fassungslos.<\/p>\n\n\n\n<p>So k\u00f6nnte es in der Ukraine \u2013 der Maidan-Aufstand von 1914 l\u00e4sst gr\u00fc\u00dfen \u2013 und auch mittelfristig in Russland und in China sein oder werden. Unser gemeinsames Motto k\u00f6nnte bald hei\u00dfen: \u201eWar is over\u201c. Oder wie es Gorbatschow in unserem gemeinsam geschriebenen Buch schon 2017 sagte: \u201eNie wieder Krieg \u2013 Kommt endlich zur Vernunft\u201c. 1989 schon haben wir in Deutschland eine Haltung der Gewaltfreiheit erlebt, die ein Gl\u00fccksfall unserer Geschichte wurde. Warum soll es etwas Vergleichbares jetzt nicht auch in der Ukraine, und bald auch in Russland und in China geben? Der Geist weht, wo er will. Wir d\u00fcrfen ihm nur keine Grenzen setzen.<\/p>\n\n\n\n<p>Der \u201eSpiegel\u201c nannte die friedliche deutsche Wiedervereinigung ein \u201eWunder\u201c. Das war aber kein unerkl\u00e4rliches Wunder, sondern das logische Ergebnis einer gewaltfreien Revolution, bei der Hunderttausende ihre fr\u00fchere Angst \u00fcberwinden konnten. Der Mut zur Gewaltfreiheit und zum Widerstand hatte die Staatsmacht, die \u00fcber Panzer und gewaltbereite Soldaten verf\u00fcgte, besiegt.<\/p>\n\n\n\n<div class=\"wp-block-image\"><figure class=\"aligncenter size-full is-resized\"><img loading=\"lazy\" decoding=\"async\" src=\"https:\/\/www.sonnenseite.com\/wp-content\/uploads\/2022\/05\/TibetInitiative_BrennpunktTibet02.jpg\" alt=\"\" class=\"wp-image-82181\" width=\"578\" height=\"315\" srcset=\"https:\/\/www.sonnenseite.com\/wp-content\/uploads\/2022\/05\/TibetInitiative_BrennpunktTibet02.jpg 770w, https:\/\/www.sonnenseite.com\/wp-content\/uploads\/2022\/05\/TibetInitiative_BrennpunktTibet02-300x164.jpg 300w, https:\/\/www.sonnenseite.com\/wp-content\/uploads\/2022\/05\/TibetInitiative_BrennpunktTibet02-768x419.jpg 768w\" sizes=\"auto, (max-width: 578px) 100vw, 578px\" \/><figcaption>\u00a9 www.tibet-initiative.de<\/figcaption><\/figure><\/div>\n\n\n\n<h5 class=\"wp-block-heading\">Wer Frieden will, muss den Frieden vorbereiten<\/h5>\n\n\n\n<p>Seit 2000 Jahren wird Politik nach dem altr\u00f6mischen Motto \u201eWer Frieden will, muss den Krieg vorbereiten\u201c gemacht. Doch diese Politik f\u00fchrte immer nur zu Massenmord, Elend und Zerst\u00f6rung. Kriege k\u00f6nnen milit\u00e4risch nicht gewonnen werden, aber Millionen Menschen sterben. Wir m\u00fcssen dieses altr\u00f6mische Motto endlich vom Kopf auf die F\u00fc\u00dfe stellen. Dann lautet es so: \u201eWer Frieden will, muss den Frieden vorbereiten\u201c. Nicht Krieg ist dann der \u201eVater aller Dinge\u201c wie die Menschheit lange geglaubt hat, sondern der Frieden wie wir noch lernen m\u00fcssen. Aber auch lernen k\u00f6nnen. Die Friedensforschung hat vor allem in den letzten Jahrzehnten viele Strategien des gewaltfreien Widerstandes entwickelt.<\/p>\n\n\n\n<p>Der Dalai Lama ruft uns auf, \u201eRebellen des Friedens\u201c zu sein. Das ist nicht naiv oder banal. Er sagt: \u201eIch trage die \u00dcberzeugung in mir, dass eure Generation in der Lage ist, das 21. Jahrhundert in ein Jahrhundert des Friedens und des Dialogs zu \u00fcberf\u00fchren. Dass ihr in der Lage seid, die Menschheit wieder zu einen, mit sich selbst und mit ihrer Umwelt\u201c. Sein gro\u00dfes Vorbild dabei ist die damals 15-j\u00e4hrige Greta Thunberg, die es mit einer gewaltfreien Aktion vor dem schwedischen Reichstag geschafft hat, eine globale Jugendbewegung f\u00fcr Klima- und Umweltschutz und f\u00fcr Frieden auf die Beine zu stellen. \u201eFridaysfor Future\u201c macht der Politik auf der ganzen Welt Beine.<\/p>\n\n\n\n<p>Was ist denn die Alternative zum gewaltfreien Widerstand? Diese sehen wir in China, in Russland und in der Ukraine 2022 jeden Tag: Der Putin-Krieg ist ebenso ein Verbrechen wie das, was die kommunistische Partei Chinas den Tibetern seit Jahrzehnten und den Uiguren seit einigen Jahren antut. Im April 2022 steuert der grausame Ukraine-Krieg auf ein blutiges Patt zu. Im Krieg haben schon immer alle verloren. Im Krieg gibt es keine wirklichen Sieger.<\/p>\n\n\n\n<p>Doch die Menschheitsgeschichte zeigt auch, dass Gewalt, Sklaverei und Kolonialismus besiegt werden k\u00f6nnen. Warum also nicht auch Krieg und Nationalismus? Die Erfolgsgeschichte der Europ\u00e4ischen Union \u2013 \u00fcber 70 Jahre hat noch nie ein EU-Land gegen ein anderes Krieg gef\u00fchrt \u2013 beweist, dass Kriege kein Naturereignis sind. Sie wurden immer von Menschen gef\u00fchrt und k\u00f6nnen logischerweise auch von Menschen endg\u00fcltig beendet werden.<\/p>\n\n\n\n<p>Die alles entscheidende Frage hei\u00dft: In wessen Schule wollen wir lernen? in der Schule der Gewaltfreiheit von Vorbildern wie Jesus, Buddha, Dalai Lama, Mahatma Ghandi, Martin Luther King, Nelson Mandela sowie ostdeutschen und anderen B\u00fcrgerrechtlern oder wollen wir uns einsch\u00fcchtern lassen von Gewalt-Potentaten wie Stalin, Hitler, Mao Tsetung, Mussolini, Trump, Kim in Nordkorea, Franco und Putin? Ausschlie\u00dflich M\u00e4nner \u00fcbrigens. Es f\u00e4llt auf, dass In den Friedensbewegungen der ganzen Welt mehrheitlich Frauen aktiv sind. In Belarus haben wir das im Jahr 2021 besonders deutlich gesehen.<\/p>\n\n\n\n<p>Unsere bisherige Hochr\u00fcstung ist nichts anderes als unausgesetzter Mord an den Hungernden und Elenden unserer Zeit. Michail Gorbatschow sagte mir einmal: \u201eWas h\u00e4tten wir Geld f\u00fcr soziale und \u00f6kologische Projekte einsetzen k\u00f6nnen, wenn wir nicht erst nach 1989 80 Prozent aller Atombomben verschrottet, sondern sie zuvor gar nicht gebaut h\u00e4tten\u201c.<\/p>\n\n\n\n<h5 class=\"wp-block-heading\">Freiheitstr\u00e4ume verbinden die Menschheit<\/h5>\n\n\n\n<div class=\"wp-block-image\"><figure class=\"alignleft size-full is-resized\"><img loading=\"lazy\" decoding=\"async\" src=\"https:\/\/www.sonnenseite.com\/wp-content\/uploads\/2022\/02\/Ukraine_stopWar_belchonock.jpg\" alt=\"Depositphotos.com | belchonock | Ukraine Stop War\" class=\"wp-image-79802\" width=\"344\" height=\"187\" srcset=\"https:\/\/www.sonnenseite.com\/wp-content\/uploads\/2022\/02\/Ukraine_stopWar_belchonock.jpg 770w, https:\/\/www.sonnenseite.com\/wp-content\/uploads\/2022\/02\/Ukraine_stopWar_belchonock-300x164.jpg 300w, https:\/\/www.sonnenseite.com\/wp-content\/uploads\/2022\/02\/Ukraine_stopWar_belchonock-768x419.jpg 768w\" sizes=\"auto, (max-width: 344px) 100vw, 344px\" \/><figcaption>\u00a9 Depositphotos.com | belchonock | Ukraine Stop War<\/figcaption><\/figure><\/div>\n\n\n\n<p>In China und Russland tr\u00e4umen heute vor allem junge Menschen von Freiheit und Demokratie. Im Internetzeitalter sind die Chancen f\u00fcr demokratischen Fortschritt und mehr Freiheit gr\u00f6\u00dfer als in fr\u00fcheren Jahrhunderten. Freiheits-Tr\u00e4ume verbinden die ganze Menschheit.Auch die \u00c4lteren in Russland und China haben nicht vergessen, was unter Gorbatschow Glasnost und Perestroika bedeuteten: Offen diskutieren, Reisen, W\u00e4hlen, Glaubensfreiheit und Kritisieren. Es war die Geburtsstunde der Nawalny-Generation. Alles schien m\u00f6glich. Russland ist nicht Putin-Land und der Putin-Krieg kein Krieg Russlands. Dieser Krieg st\u00e4rkt eher die russische Friedensbewegung.<\/p>\n\n\n\n<p>Realistischer Weise m\u00fcssen wir anerkennen, dass ein Diktator wie Wladimir Putin von etwas ganz anderem tr\u00e4umt. Er ist davon \u00fcberzeugt, dass Russen und Ukrainer zwar zur selben Nation geh\u00f6ren, aber die Ukrainer jetzt mit ihrem Streben zum Westen einen falschen Weg gehen. Sp\u00e4testens seit der Maidan-Revolution im Jahr 2014 haben die Ukrainer bewiesen, dass auch sie von Freiheit, von Menschenrechten und Demokratie tr\u00e4umen. Das k\u00f6nnte nat\u00fcrlich auch f\u00fcr Putins autorit\u00e4re Herrschaft in Moskau gef\u00e4hrlich werden. Westliche Demokratie hei\u00dft Freiheit, Internationalismus und Individualismus. Putins Herrschafts-Traum aber meint Gro\u00df-Russland, Diktatur, Zwang und Unterdr\u00fcckung.<\/p>\n\n\n\n<p>Die Parallele in China: Der Dalai Lama hat in vielen meiner Fernsehsendungen gesagt, dass er f\u00fcr Tibet freie Wahlen, Menschenrechte und Entmilitarisierung anstrebe. Doch Pekings Kommunisten wollen wie Putin eine Alleinherrschaft, Gro\u00dfchina mit Hongkong, Taiwan und Tibet und auf gar keinen Fall ein Mehrparteiensystem wie in westlichen L\u00e4ndern mit freien Wahlen. Putin tr\u00e4umt von einem Gro\u00dfrussland, zu dem neben Russland auch Wei\u00dfrussland und die Ukraine als \u201eKleinrussland\u201c geh\u00f6ren.<\/p>\n\n\n\n<p>Zur Geschichte Russlands geh\u00f6ren Lenins Oktober-Revolution von 1917, die Stalin-Herrschaft mit Millionen Toten bei den Landwirtschaftsreformen sowie Millionen Zwangsdeportationen nach Sibirien, Atombomben und Putin, aber auch Gorbatschow, Glasnost und Perestroika. Zur Geschichte Chinas geh\u00f6ren der brutale B\u00fcrgerkrieg in den Vierzigern des letzten Jahrhunderts, die Mao-Gewaltherrschaft, die schreckliche Kulturrevolution, der kulturelle V\u00f6lkermord in Tibet und Zwangslager f\u00fcr \u00fcber eine Million Uiguren in Sinkiang, Atombomben und ein bereits erkl\u00e4rter Krieg gegen Taiwan, aber auch tausende mutiger Studenten auf dem Tien\u00b4anmen.<\/p>\n\n\n\n<p>Vor einem demokratischen Tibet f\u00fcrchtet sich die kommunistische Regierung in Peking genauso, wie sich Putin vor einer demokratischen und souver\u00e4nen Ukraine f\u00fcrchtet. Zu Recht. Denn Freiheit ist immer ansteckend. Alle Menschen wollen in Freiheit leben.<\/p>\n\n\n\n<p>Die russischen B\u00fcrgerinnen und B\u00fcrger werden in den offiziellen Staatsmedien \u00fcber diesen Krieg belogen wie Putin zuvor westliche Politiker reihenweise \u00fcber seine Absichten belogen hat. Tausende Anti-Kriegsdemonstranten wurden schon in den ersten Tagen des Krieges eingesperrt. In Tibet haben sich in den letzten Jahren 158 Menschen aus Protest gegen die chinesische Gewaltherrschaft selbst verbrannt.<\/p>\n\n\n\n<div class=\"wp-block-image\"><figure class=\"aligncenter size-full is-resized\"><a href=\"https:\/\/www.sonnenseite.com\/wp-content\/uploads\/2020\/06\/MichailGorbatschow_Appell770.jpg\"><img loading=\"lazy\" decoding=\"async\" src=\"https:\/\/www.sonnenseite.com\/wp-content\/uploads\/2020\/06\/MichailGorbatschow_Appell770.jpg\" alt=\"Beneventro Verlag | Michail Gorbatschow\" class=\"wp-image-59059\" width=\"578\" height=\"315\" srcset=\"https:\/\/www.sonnenseite.com\/wp-content\/uploads\/2020\/06\/MichailGorbatschow_Appell770.jpg 770w, https:\/\/www.sonnenseite.com\/wp-content\/uploads\/2020\/06\/MichailGorbatschow_Appell770-300x164.jpg 300w, https:\/\/www.sonnenseite.com\/wp-content\/uploads\/2020\/06\/MichailGorbatschow_Appell770-768x419.jpg 768w\" sizes=\"auto, (max-width: 578px) 100vw, 578px\" \/><\/a><figcaption>\u00a9 Benevento Verlag | Ein Appell von Michail Gorbatschow an die Welt<\/figcaption><\/figure><\/div>\n\n\n\n<p>Als ich 2017 in Moskau Michail Gorbatschow in seiner Stiftung besuchte, waren von der einzigen noch unabh\u00e4ngigen Zeitung in Russland, der von Gorbatschow mitbegr\u00fcndeten und von ihm unterst\u00fctzten \u201eNowajaGazeta\u201c bereits f\u00fcnf Redakteurinnen und Redakteure ermordet, unter ihnen die popul\u00e4re Kollegin Anna Politkowskaja. 2021 war ihr Chefredakteur und Kremlkritiker Dimitri Muratow mit dem Friedensnobelpreis ausgezeichnet worden.Im M\u00e4rz 2022 hat es diese Zeitung gewagt, die mutige Fernsehjournalistin Marina Owssjannikowa auf ihrer Titelseite abzubilden. Sie hatte wenige Tage zuvor im Staatsfernsehen ihr Plakat \u201eNo War\u201c in die Live-Kamera gehalten und den Zuschauern \u00fcber den Putin-Krieg in der Ukraine zugerufen: \u201eIhr werdet alle belogen\u201c. Die couragierte Fernsehjournalistin muss mit vielen Jahren Gef\u00e4ngnis rechnen. Dem US-Fernsehsender sagte sie: \u201eIch habe mit meiner Aktion zeigen wollen, dass die Mehrheit der Russen gegen diesen Krieg ist. Doch f\u00fcr den Massenm\u00f6rder Putin sind couragierte Journalisten oder Friedensfreunde \u201eVerr\u00e4ter\u201c. Mutige B\u00fcrgerrechtler, mutige Journalisten und mutige Friedensfreunde sind der Beweis f\u00fcr ein anderes Russland.<\/p>\n\n\n\n<h5 class=\"wp-block-heading\">Zu einer friedlichen und kosmopolitischen Welt<\/h5>\n\n\n\n<div class=\"wp-block-image\"><figure class=\"alignleft size-large is-resized\"><img loading=\"lazy\" decoding=\"async\" src=\"https:\/\/www.sonnenseite.com\/wp-content\/uploads\/2022\/05\/TibetInitiative_BrennpunktTibet01-736x1024.jpg\" alt=\"\" class=\"wp-image-82178\" width=\"308\" height=\"429\" srcset=\"https:\/\/www.sonnenseite.com\/wp-content\/uploads\/2022\/05\/TibetInitiative_BrennpunktTibet01-736x1024.jpg 736w, https:\/\/www.sonnenseite.com\/wp-content\/uploads\/2022\/05\/TibetInitiative_BrennpunktTibet01-216x300.jpg 216w, https:\/\/www.sonnenseite.com\/wp-content\/uploads\/2022\/05\/TibetInitiative_BrennpunktTibet01.jpg 763w\" sizes=\"auto, (max-width: 308px) 100vw, 308px\" \/><figcaption>\u00a9 www.tibet-initiative.de<\/figcaption><\/figure><\/div>\n\n\n\n<p>Mit dem Verstand allein kommen wir Menschen freilich nicht zur Vernunft. Eines unserer Hauptprobleme ist die Verstandeseinseitigkeit unserer Zeit. Wir sind Weltmeister bei materiellen Fortschritten. Aber zur\u00fcckgeblieben sind wir in unserer seelischen und geistigen Entwicklung. Deshalb brauchen wir eine Art zweiter Aufkl\u00e4rung, eine Aufkl\u00e4rung der Aufkl\u00e4rung. Der Dalai Lama nennt es \u201eeine Weltrevolution des Mitgef\u00fchls\u201c.Dabei ist Ethik wichtiger als Religion. Das hei\u00dft: Ethisches Handeln ist wichtiger als religi\u00f6se Lippenbekenntnisse oder fromme Spr\u00fcche.<\/p>\n\n\n\n<p>Wie k\u00f6nnen wir unserer immer noch streits\u00fcchtigen Welt Frieden bringen? Indem wir lernen, dass nicht die Gewalt und nicht der Tod, sondern einzig die Liebe die st\u00e4rkste Kraft im Universum ist.Unser Herz ist viel mehr als ein Organ. Es ist der Spiegel unserer Wirklichkeit und das Symbol der Liebe, des Mitgef\u00fchls und der Dankbarkeit.<\/p>\n\n\n\n<div class=\"wp-block-image\"><figure class=\"alignright size-full is-resized\"><img loading=\"lazy\" decoding=\"async\" src=\"https:\/\/www.sonnenseite.com\/wp-content\/uploads\/2018\/04\/FA_DalaiLama.jpg\" alt=\"Bigi Alt\" class=\"wp-image-18661\" width=\"427\" height=\"233\" srcset=\"https:\/\/www.sonnenseite.com\/wp-content\/uploads\/2018\/04\/FA_DalaiLama.jpg 770w, https:\/\/www.sonnenseite.com\/wp-content\/uploads\/2018\/04\/FA_DalaiLama-300x164.jpg 300w, https:\/\/www.sonnenseite.com\/wp-content\/uploads\/2018\/04\/FA_DalaiLama-768x419.jpg 768w\" sizes=\"auto, (max-width: 427px) 100vw, 427px\" \/><figcaption>\u00a9 Bigi Alt<\/figcaption><\/figure><\/div>\n\n\n\n<p>40mal habe ich seit 1982 den Dalai Lama getroffen. Einen Satz sagte er immer und immer wieder: \u201eDie Geschichte lehrt uns, dass milit\u00e4rische Siege und Niederlagen nie von langer Dauer sind\u201c. Wie Michail Gorbatschow ist auch der Dalai Lama \u00fcberzeugt: Sieger ist nicht, wer Schlachten in einem Krieg gewinnt, sondern wer Frieden stiftet. Der Dalai Lama kann sich vorstellen, dass eine Demokratisierung Chinas den Durchbruch zu einer friedlicheren und kosmopolitischen Welt bedeutet. Er setzt dabei auf die chinesische Jugend und auf die Jugend der ganzen Welt. 1989 standen wir an der Berliner Mauer. Die \u201eMauer-Spechte\u201c hatten bereits L\u00f6cher in das schreckliche Gewaltsymbol geschlagen. Menschen auf beiden Seiten der Mauer hievten Seine Heiligkeit auf die Reste dieses Mauer-Monsters. Da stand er nun mit einer brennenden Kerze in der Hand und sagte den unvergesslichen Satz: \u201eSo sicher wie diese Mauer fallen wird, wird auch Tibet eines Tages frei sein\u201c. Die Mauer ist gefallen. Doch Tibet ist immer noch nicht frei. Geduld ist im Buddhismus eine Friedens-Tugend. Der Dalai Lama lebt sie beispielhaft vor.<\/p>\n\n\n\n<ul class=\"wp-block-list\"><li><a href=\"https:\/\/www.amazon.de\/gp\/product\/3710901014\/ref=as_li_tl?ie=UTF8&amp;camp=1638&amp;creative=6742&amp;creativeASIN=3710901014&amp;linkCode=as2&amp;tag=drfranzaltferns&amp;linkId=44a1bfb48f898dde1976b94a6ea98df5\" target=\"_blank\" rel=\"noreferrer noopener\">Dalai Lama und Franz Alt \u201eSch\u00fctzt die Umwelt \u2013 Der Klima-Appell des Dalai Lama an die Welt\u201c<\/a><\/li><li><a href=\"http:\/\/www.amazon.de\/gp\/product\/371090000X\/ref=as_li_tl?ie=UTF8&amp;camp=1638&amp;creative=6742&amp;creativeASIN=371090000X&amp;linkCode=as2&amp;tag=drfranzaltferns\">Dalai Lama und Franz Alt \u201eEthik ist wichtiger als Religion \u2013 Der Appell des Dalai Lama an die Welt\u201c<\/a><\/li><li><a href=\"https:\/\/www.amazon.de\/gp\/product\/3710900166\/ref=as_li_tl?ie=UTF8&amp;camp=1638&amp;creative=6742&amp;creativeASIN=3710900166&amp;linkCode=as2&amp;tag=drfranzaltferns\">&#8222;Kommt endlich zur Vernunft &#8211; Nie wieder Krieg!&#8220; Ein Appell von Michail Gorbatschow an die Welt | Franz Alt (Herausgeber) | Michail Gorbatschow (Autor)<\/a><\/li><\/ul>\n\n\n<h5 class=\"green\">Quelle<\/h5>\r\n\n\n\n<p><a href=\"mailto:franzalt@sonnenseite.com\">FRANZ ALT 2022<\/a> \/ Erstver\u00f6ffentlichung <a href=\"https:\/\/www.tibet-initiative.de\/\">TIBET INITIATIVE DEUTSCHLAND<\/a> | <a href=\"https:\/\/www.tibet-online-shop.de\/epages\/62560063.sf\/de_DE\/?ObjectPath=\/Shops\/62560063\/Products\/BPT_00050\">&#8222;Brennpunkt Tibet&#8220; \/ Ausgabe 01\/2022<\/a><\/p>\n<div class=\"shariff shariff-align-flex-start shariff-widget-align-flex-start\"><div class=\"ShariffHeadline\">Diese Meldung teilen<\/div><ul class=\"shariff-buttons theme-round orientation-horizontal buttonsize-medium\"><li class=\"shariff-button facebook shariff-nocustomcolor\" style=\"background-color:#4273c8;border-radius:1%\"><a href=\"https:\/\/www.facebook.com\/sharer\/sharer.php?u=https%3A%2F%2Fwww.sonnenseite.com%2Fde%2Ffranz-alt%2Fkommentare-interviews%2Fsymptom-jeglicher-diktatur-die-angst-vor-der-freiheit%2F\" title=\"Bei Facebook teilen\" aria-label=\"Bei Facebook teilen\" role=\"button\" rel=\"nofollow\" class=\"shariff-link\" style=\";border-radius:1%; background-color:#3b5998; color:#fff\" target=\"_blank\"><span class=\"shariff-icon\" style=\"\"><svg width=\"32px\" height=\"20px\" xmlns=\"http:\/\/www.w3.org\/2000\/svg\" viewBox=\"0 0 18 32\"><path fill=\"#3b5998\" d=\"M17.1 0.2v4.7h-2.8q-1.5 0-2.1 0.6t-0.5 1.9v3.4h5.2l-0.7 5.3h-4.5v13.6h-5.5v-13.6h-4.5v-5.3h4.5v-3.9q0-3.3 1.9-5.2t5-1.8q2.6 0 4.1 0.2z\"\/><\/svg><\/span><\/a><\/li><li class=\"shariff-button twitter shariff-nocustomcolor\" style=\"background-color:#595959;border-radius:1%\"><a href=\"https:\/\/twitter.com\/share?url=https%3A%2F%2Fwww.sonnenseite.com%2Fde%2Ffranz-alt%2Fkommentare-interviews%2Fsymptom-jeglicher-diktatur-die-angst-vor-der-freiheit%2F&text=Symptom%20jeglicher%20Diktatur%3A%20Die%20Angst%20vor%20der%20Freiheit\" title=\"Bei X teilen\" aria-label=\"Bei X teilen\" role=\"button\" rel=\"noopener nofollow\" class=\"shariff-link\" style=\";border-radius:1%; background-color:#000; color:#fff\" target=\"_blank\"><span class=\"shariff-icon\" style=\"\"><svg width=\"32px\" height=\"20px\" xmlns=\"http:\/\/www.w3.org\/2000\/svg\" viewBox=\"0 0 24 24\"><path fill=\"#000\" d=\"M14.258 10.152L23.176 0h-2.113l-7.747 8.813L7.133 0H0l9.352 13.328L0 23.973h2.113l8.176-9.309 6.531 9.309h7.133zm-2.895 3.293l-.949-1.328L2.875 1.56h3.246l6.086 8.523.945 1.328 7.91 11.078h-3.246zm0 0\"\/><\/svg><\/span><\/a><\/li><li class=\"shariff-button xing shariff-nocustomcolor\" style=\"background-color:#29888a;border-radius:1%\"><a href=\"https:\/\/www.xing.com\/spi\/shares\/new?url=https%3A%2F%2Fwww.sonnenseite.com%2Fde%2Ffranz-alt%2Fkommentare-interviews%2Fsymptom-jeglicher-diktatur-die-angst-vor-der-freiheit%2F\" title=\"Bei XING teilen\" aria-label=\"Bei XING teilen\" role=\"button\" rel=\"noopener nofollow\" class=\"shariff-link\" style=\";border-radius:1%; background-color:#126567; color:#fff\" target=\"_blank\"><span class=\"shariff-icon\" style=\"\"><svg width=\"32px\" height=\"20px\" xmlns=\"http:\/\/www.w3.org\/2000\/svg\" viewBox=\"0 0 25 32\"><path fill=\"#126567\" d=\"M10.7 11.9q-0.2 0.3-4.6 8.2-0.5 0.8-1.2 0.8h-4.3q-0.4 0-0.5-0.3t0-0.6l4.5-8q0 0 0 0l-2.9-5q-0.2-0.4 0-0.7 0.2-0.3 0.5-0.3h4.3q0.7 0 1.2 0.8zM25.1 0.4q0.2 0.3 0 0.7l-9.4 16.7 6 11q0.2 0.4 0 0.6-0.2 0.3-0.6 0.3h-4.3q-0.7 0-1.2-0.8l-6-11.1q0.3-0.6 9.5-16.8 0.4-0.8 1.2-0.8h4.3q0.4 0 0.5 0.3z\"\/><\/svg><\/span><\/a><\/li><li class=\"shariff-button linkedin shariff-nocustomcolor\" style=\"background-color:#1488bf;border-radius:1%\"><a href=\"https:\/\/www.linkedin.com\/sharing\/share-offsite\/?url=https%3A%2F%2Fwww.sonnenseite.com%2Fde%2Ffranz-alt%2Fkommentare-interviews%2Fsymptom-jeglicher-diktatur-die-angst-vor-der-freiheit%2F\" title=\"Bei LinkedIn teilen\" aria-label=\"Bei LinkedIn teilen\" role=\"button\" rel=\"noopener nofollow\" class=\"shariff-link\" style=\";border-radius:1%; background-color:#0077b5; color:#fff\" target=\"_blank\"><span class=\"shariff-icon\" style=\"\"><svg width=\"32px\" height=\"20px\" xmlns=\"http:\/\/www.w3.org\/2000\/svg\" viewBox=\"0 0 27 32\"><path fill=\"#0077b5\" d=\"M6.2 11.2v17.7h-5.9v-17.7h5.9zM6.6 5.7q0 1.3-0.9 2.2t-2.4 0.9h0q-1.5 0-2.4-0.9t-0.9-2.2 0.9-2.2 2.4-0.9 2.4 0.9 0.9 2.2zM27.4 18.7v10.1h-5.9v-9.5q0-1.9-0.7-2.9t-2.3-1.1q-1.1 0-1.9 0.6t-1.2 1.5q-0.2 0.5-0.2 1.4v9.9h-5.9q0-7.1 0-11.6t0-5.3l0-0.9h5.9v2.6h0q0.4-0.6 0.7-1t1-0.9 1.6-0.8 2-0.3q3 0 4.9 2t1.9 6z\"\/><\/svg><\/span><\/a><\/li><li class=\"shariff-button printer shariff-nocustomcolor\" style=\"background-color:#a8a8a8;border-radius:1%\"><a href=\"javascript:window.print()\" title=\"drucken\" aria-label=\"drucken\" role=\"button\" rel=\"noopener nofollow\" class=\"shariff-link\" style=\";border-radius:1%; background-color:#999; color:#fff\"><span class=\"shariff-icon\" style=\"\"><svg width=\"32px\" height=\"20px\" xmlns=\"http:\/\/www.w3.org\/2000\/svg\" viewBox=\"0 0 30 32\"><path fill=\"#999\" d=\"M6.8 27.4h16v-4.6h-16v4.6zM6.8 16h16v-6.8h-2.8q-0.7 0-1.2-0.5t-0.5-1.2v-2.8h-11.4v11.4zM27.4 17.2q0-0.5-0.3-0.8t-0.8-0.4-0.8 0.4-0.3 0.8 0.3 0.8 0.8 0.3 0.8-0.3 0.3-0.8zM29.7 17.2v7.4q0 0.2-0.2 0.4t-0.4 0.2h-4v2.8q0 0.7-0.5 1.2t-1.2 0.5h-17.2q-0.7 0-1.2-0.5t-0.5-1.2v-2.8h-4q-0.2 0-0.4-0.2t-0.2-0.4v-7.4q0-1.4 1-2.4t2.4-1h1.2v-9.7q0-0.7 0.5-1.2t1.2-0.5h12q0.7 0 1.6 0.4t1.3 0.8l2.7 2.7q0.5 0.5 0.9 1.4t0.4 1.6v4.6h1.1q1.4 0 2.4 1t1 2.4z\"\/><\/svg><\/span><\/a><\/li><li class=\"shariff-button mailto shariff-nocustomcolor\" style=\"background-color:#a8a8a8;border-radius:1%\"><a href=\"mailto:?body=https%3A%2F%2Fwww.sonnenseite.com%2Fde%2Ffranz-alt%2Fkommentare-interviews%2Fsymptom-jeglicher-diktatur-die-angst-vor-der-freiheit%2F&subject=Symptom%20jeglicher%20Diktatur%3A%20Die%20Angst%20vor%20der%20Freiheit\" title=\"Per E-Mail versenden\" aria-label=\"Per E-Mail versenden\" role=\"button\" rel=\"noopener nofollow\" class=\"shariff-link\" style=\";border-radius:1%; background-color:#999; color:#fff\"><span class=\"shariff-icon\" style=\"\"><svg width=\"32px\" height=\"20px\" xmlns=\"http:\/\/www.w3.org\/2000\/svg\" viewBox=\"0 0 32 32\"><path fill=\"#999\" d=\"M32 12.7v14.2q0 1.2-0.8 2t-2 0.9h-26.3q-1.2 0-2-0.9t-0.8-2v-14.2q0.8 0.9 1.8 1.6 6.5 4.4 8.9 6.1 1 0.8 1.6 1.2t1.7 0.9 2 0.4h0.1q0.9 0 2-0.4t1.7-0.9 1.6-1.2q3-2.2 8.9-6.1 1-0.7 1.8-1.6zM32 7.4q0 1.4-0.9 2.7t-2.2 2.2q-6.7 4.7-8.4 5.8-0.2 0.1-0.7 0.5t-1 0.7-0.9 0.6-1.1 0.5-0.9 0.2h-0.1q-0.4 0-0.9-0.2t-1.1-0.5-0.9-0.6-1-0.7-0.7-0.5q-1.6-1.1-4.7-3.2t-3.6-2.6q-1.1-0.7-2.1-2t-1-2.5q0-1.4 0.7-2.3t2.1-0.9h26.3q1.2 0 2 0.8t0.9 2z\"\/><\/svg><\/span><\/a><\/li><\/ul><\/div>","protected":false},"excerpt":{"rendered":"<p>Die Geschichte der Beziehungen zwischen Putins Russland und der Ukraine ist \u00e4hnlich komplex wie die Geschichte [&hellip;]<\/p>\n","protected":false},"author":3,"featured_media":82171,"comment_status":"closed","ping_status":"closed","sticky":false,"template":"","format":"standard","meta":{"inline_featured_image":false,"footnotes":""},"categories":[29],"tags":[],"class_list":["post-82165","post","type-post","status-publish","format-standard","has-post-thumbnail","hentry","category-kommentare-interviews"],"yoast_head":"<!-- This site is optimized with the Yoast SEO plugin v26.5 - https:\/\/yoast.com\/wordpress\/plugins\/seo\/ -->\n<title>Symptom jeglicher Diktatur: Die Angst vor der Freiheit - Sonnenseite - \u00d6kologische Kommunikation mit Franz Alt<\/title>\n<meta name=\"description\" content=\"Die Geschichte der Beziehungen zwischen Putins Russland und der Ukraine ist \u00e4hnlich komplex wie die Geschichte der Beziehungen zwischen China und Tibet.\" \/>\n<meta name=\"robots\" content=\"index, follow, max-snippet:-1, max-image-preview:large, max-video-preview:-1\" \/>\n<link rel=\"canonical\" href=\"https:\/\/www.sonnenseite.com\/de\/franz-alt\/kommentare-interviews\/symptom-jeglicher-diktatur-die-angst-vor-der-freiheit\/\" \/>\n<meta property=\"og:locale\" content=\"de_DE\" \/>\n<meta property=\"og:type\" content=\"article\" \/>\n<meta property=\"og:title\" content=\"Symptom jeglicher Diktatur: Die Angst vor der Freiheit - Sonnenseite - \u00d6kologische Kommunikation mit Franz Alt\" \/>\n<meta property=\"og:description\" content=\"Die Geschichte der Beziehungen zwischen Putins Russland und der Ukraine ist \u00e4hnlich komplex wie die Geschichte der Beziehungen zwischen China und Tibet.\" \/>\n<meta property=\"og:url\" content=\"https:\/\/www.sonnenseite.com\/de\/franz-alt\/kommentare-interviews\/symptom-jeglicher-diktatur-die-angst-vor-der-freiheit\/\" \/>\n<meta property=\"og:site_name\" content=\"Sonnenseite\" \/>\n<meta property=\"article:publisher\" content=\"https:\/\/www.facebook.com\/pages\/Franz-Alt-SONNENSEITECOM\/221072987903953?fref=ts\" \/>\n<meta property=\"article:published_time\" content=\"2022-05-14T01:43:00+00:00\" \/>\n<meta property=\"article:modified_time\" content=\"2022-05-23T07:55:00+00:00\" \/>\n<meta property=\"og:image\" content=\"https:\/\/www.sonnenseite.com\/wp-content\/uploads\/2022\/05\/Tibet_free_enolabrain.jpg\" \/>\n\t<meta property=\"og:image:width\" content=\"770\" \/>\n\t<meta property=\"og:image:height\" content=\"420\" \/>\n\t<meta property=\"og:image:type\" content=\"image\/jpeg\" \/>\n<meta name=\"author\" content=\"Bigi Alt\" \/>\n<meta name=\"twitter:card\" content=\"summary_large_image\" \/>\n<meta name=\"twitter:creator\" content=\"@franzalt\" \/>\n<meta name=\"twitter:site\" content=\"@franzalt\" \/>\n<meta name=\"twitter:label1\" content=\"Verfasst von\" \/>\n\t<meta name=\"twitter:data1\" content=\"Bigi Alt\" \/>\n\t<meta name=\"twitter:label2\" content=\"Gesch\u00e4tzte Lesezeit\" \/>\n\t<meta name=\"twitter:data2\" content=\"20\u00a0Minuten\" \/>\n<script type=\"application\/ld+json\" class=\"yoast-schema-graph\">{\"@context\":\"https:\/\/schema.org\",\"@graph\":[{\"@type\":\"Article\",\"@id\":\"https:\/\/www.sonnenseite.com\/de\/franz-alt\/kommentare-interviews\/symptom-jeglicher-diktatur-die-angst-vor-der-freiheit\/#article\",\"isPartOf\":{\"@id\":\"https:\/\/www.sonnenseite.com\/de\/franz-alt\/kommentare-interviews\/symptom-jeglicher-diktatur-die-angst-vor-der-freiheit\/\"},\"author\":{\"name\":\"Bigi Alt\",\"@id\":\"https:\/\/www.sonnenseite.com\/de\/#\/schema\/person\/50fda0e926597684c7cc6695238a4eb9\"},\"headline\":\"Symptom jeglicher Diktatur: Die Angst vor der Freiheit\",\"datePublished\":\"2022-05-14T01:43:00+00:00\",\"dateModified\":\"2022-05-23T07:55:00+00:00\",\"mainEntityOfPage\":{\"@id\":\"https:\/\/www.sonnenseite.com\/de\/franz-alt\/kommentare-interviews\/symptom-jeglicher-diktatur-die-angst-vor-der-freiheit\/\"},\"wordCount\":3361,\"publisher\":{\"@id\":\"https:\/\/www.sonnenseite.com\/de\/#organization\"},\"image\":{\"@id\":\"https:\/\/www.sonnenseite.com\/de\/franz-alt\/kommentare-interviews\/symptom-jeglicher-diktatur-die-angst-vor-der-freiheit\/#primaryimage\"},\"thumbnailUrl\":\"https:\/\/www.sonnenseite.com\/wp-content\/uploads\/2022\/05\/Tibet_free_enolabrain.jpg\",\"articleSection\":[\"Kommentare &amp; Interviews\"],\"inLanguage\":\"de\"},{\"@type\":\"WebPage\",\"@id\":\"https:\/\/www.sonnenseite.com\/de\/franz-alt\/kommentare-interviews\/symptom-jeglicher-diktatur-die-angst-vor-der-freiheit\/\",\"url\":\"https:\/\/www.sonnenseite.com\/de\/franz-alt\/kommentare-interviews\/symptom-jeglicher-diktatur-die-angst-vor-der-freiheit\/\",\"name\":\"Symptom jeglicher Diktatur: Die Angst vor der Freiheit - Sonnenseite - \u00d6kologische Kommunikation mit Franz Alt\",\"isPartOf\":{\"@id\":\"https:\/\/www.sonnenseite.com\/de\/#website\"},\"primaryImageOfPage\":{\"@id\":\"https:\/\/www.sonnenseite.com\/de\/franz-alt\/kommentare-interviews\/symptom-jeglicher-diktatur-die-angst-vor-der-freiheit\/#primaryimage\"},\"image\":{\"@id\":\"https:\/\/www.sonnenseite.com\/de\/franz-alt\/kommentare-interviews\/symptom-jeglicher-diktatur-die-angst-vor-der-freiheit\/#primaryimage\"},\"thumbnailUrl\":\"https:\/\/www.sonnenseite.com\/wp-content\/uploads\/2022\/05\/Tibet_free_enolabrain.jpg\",\"datePublished\":\"2022-05-14T01:43:00+00:00\",\"dateModified\":\"2022-05-23T07:55:00+00:00\",\"description\":\"Die Geschichte der Beziehungen zwischen Putins Russland und der Ukraine ist \u00e4hnlich komplex wie die Geschichte der Beziehungen zwischen China und Tibet.\",\"breadcrumb\":{\"@id\":\"https:\/\/www.sonnenseite.com\/de\/franz-alt\/kommentare-interviews\/symptom-jeglicher-diktatur-die-angst-vor-der-freiheit\/#breadcrumb\"},\"inLanguage\":\"de\",\"potentialAction\":[{\"@type\":\"ReadAction\",\"target\":[\"https:\/\/www.sonnenseite.com\/de\/franz-alt\/kommentare-interviews\/symptom-jeglicher-diktatur-die-angst-vor-der-freiheit\/\"]}]},{\"@type\":\"ImageObject\",\"inLanguage\":\"de\",\"@id\":\"https:\/\/www.sonnenseite.com\/de\/franz-alt\/kommentare-interviews\/symptom-jeglicher-diktatur-die-angst-vor-der-freiheit\/#primaryimage\",\"url\":\"https:\/\/www.sonnenseite.com\/wp-content\/uploads\/2022\/05\/Tibet_free_enolabrain.jpg\",\"contentUrl\":\"https:\/\/www.sonnenseite.com\/wp-content\/uploads\/2022\/05\/Tibet_free_enolabrain.jpg\",\"width\":770,\"height\":420,\"caption\":\"Depositphotos.com | enolabrain | FREE TIBET\"},{\"@type\":\"BreadcrumbList\",\"@id\":\"https:\/\/www.sonnenseite.com\/de\/franz-alt\/kommentare-interviews\/symptom-jeglicher-diktatur-die-angst-vor-der-freiheit\/#breadcrumb\",\"itemListElement\":[{\"@type\":\"ListItem\",\"position\":1,\"name\":\"Startseite\",\"item\":\"https:\/\/www.sonnenseite.com\/de\/\"},{\"@type\":\"ListItem\",\"position\":2,\"name\":\"Symptom jeglicher Diktatur: Die Angst vor der Freiheit\"}]},{\"@type\":\"WebSite\",\"@id\":\"https:\/\/www.sonnenseite.com\/de\/#website\",\"url\":\"https:\/\/www.sonnenseite.com\/de\/\",\"name\":\"Sonnenseite\",\"description\":\"\u00d6kologische Kommunikation mit Franz Alt\",\"publisher\":{\"@id\":\"https:\/\/www.sonnenseite.com\/de\/#organization\"},\"potentialAction\":[{\"@type\":\"SearchAction\",\"target\":{\"@type\":\"EntryPoint\",\"urlTemplate\":\"https:\/\/www.sonnenseite.com\/de\/?s={search_term_string}\"},\"query-input\":{\"@type\":\"PropertyValueSpecification\",\"valueRequired\":true,\"valueName\":\"search_term_string\"}}],\"inLanguage\":\"de\"},{\"@type\":\"Organization\",\"@id\":\"https:\/\/www.sonnenseite.com\/de\/#organization\",\"name\":\"Sonnenseite\",\"url\":\"https:\/\/www.sonnenseite.com\/de\/\",\"logo\":{\"@type\":\"ImageObject\",\"inLanguage\":\"de\",\"@id\":\"https:\/\/www.sonnenseite.com\/de\/#\/schema\/logo\/image\/\",\"url\":\"https:\/\/www.sonnenseite.com\/wp-content\/uploads\/2020\/05\/Sonnenseite_Logo.png\",\"contentUrl\":\"https:\/\/www.sonnenseite.com\/wp-content\/uploads\/2020\/05\/Sonnenseite_Logo.png\",\"width\":377,\"height\":90,\"caption\":\"Sonnenseite\"},\"image\":{\"@id\":\"https:\/\/www.sonnenseite.com\/de\/#\/schema\/logo\/image\/\"},\"sameAs\":[\"https:\/\/www.facebook.com\/pages\/Franz-Alt-SONNENSEITECOM\/221072987903953?fref=ts\",\"https:\/\/x.com\/franzalt\",\"http:\/\/www.youtube.com\/results?search_query&amp;amp;quot;franz_alt&amp;amp;quot;&amp;amp;amp;amp;search_type&amp;amp;amp;amp;aq=f\"]},{\"@type\":\"Person\",\"@id\":\"https:\/\/www.sonnenseite.com\/de\/#\/schema\/person\/50fda0e926597684c7cc6695238a4eb9\",\"name\":\"Bigi Alt\"}]}<\/script>\n<!-- \/ Yoast SEO plugin. -->","yoast_head_json":{"title":"Symptom jeglicher Diktatur: Die Angst vor der Freiheit - Sonnenseite - \u00d6kologische Kommunikation mit Franz Alt","description":"Die Geschichte der Beziehungen zwischen Putins Russland und der Ukraine ist \u00e4hnlich komplex wie die Geschichte der Beziehungen zwischen China und Tibet.","robots":{"index":"index","follow":"follow","max-snippet":"max-snippet:-1","max-image-preview":"max-image-preview:large","max-video-preview":"max-video-preview:-1"},"canonical":"https:\/\/www.sonnenseite.com\/de\/franz-alt\/kommentare-interviews\/symptom-jeglicher-diktatur-die-angst-vor-der-freiheit\/","og_locale":"de_DE","og_type":"article","og_title":"Symptom jeglicher Diktatur: Die Angst vor der Freiheit - Sonnenseite - \u00d6kologische Kommunikation mit Franz Alt","og_description":"Die Geschichte der Beziehungen zwischen Putins Russland und der Ukraine ist \u00e4hnlich komplex wie die Geschichte der Beziehungen zwischen China und Tibet.","og_url":"https:\/\/www.sonnenseite.com\/de\/franz-alt\/kommentare-interviews\/symptom-jeglicher-diktatur-die-angst-vor-der-freiheit\/","og_site_name":"Sonnenseite","article_publisher":"https:\/\/www.facebook.com\/pages\/Franz-Alt-SONNENSEITECOM\/221072987903953?fref=ts","article_published_time":"2022-05-14T01:43:00+00:00","article_modified_time":"2022-05-23T07:55:00+00:00","og_image":[{"width":770,"height":420,"url":"https:\/\/www.sonnenseite.com\/wp-content\/uploads\/2022\/05\/Tibet_free_enolabrain.jpg","type":"image\/jpeg"}],"author":"Bigi Alt","twitter_card":"summary_large_image","twitter_creator":"@franzalt","twitter_site":"@franzalt","twitter_misc":{"Verfasst von":"Bigi Alt","Gesch\u00e4tzte Lesezeit":"20\u00a0Minuten"},"schema":{"@context":"https:\/\/schema.org","@graph":[{"@type":"Article","@id":"https:\/\/www.sonnenseite.com\/de\/franz-alt\/kommentare-interviews\/symptom-jeglicher-diktatur-die-angst-vor-der-freiheit\/#article","isPartOf":{"@id":"https:\/\/www.sonnenseite.com\/de\/franz-alt\/kommentare-interviews\/symptom-jeglicher-diktatur-die-angst-vor-der-freiheit\/"},"author":{"name":"Bigi Alt","@id":"https:\/\/www.sonnenseite.com\/de\/#\/schema\/person\/50fda0e926597684c7cc6695238a4eb9"},"headline":"Symptom jeglicher Diktatur: Die Angst vor der Freiheit","datePublished":"2022-05-14T01:43:00+00:00","dateModified":"2022-05-23T07:55:00+00:00","mainEntityOfPage":{"@id":"https:\/\/www.sonnenseite.com\/de\/franz-alt\/kommentare-interviews\/symptom-jeglicher-diktatur-die-angst-vor-der-freiheit\/"},"wordCount":3361,"publisher":{"@id":"https:\/\/www.sonnenseite.com\/de\/#organization"},"image":{"@id":"https:\/\/www.sonnenseite.com\/de\/franz-alt\/kommentare-interviews\/symptom-jeglicher-diktatur-die-angst-vor-der-freiheit\/#primaryimage"},"thumbnailUrl":"https:\/\/www.sonnenseite.com\/wp-content\/uploads\/2022\/05\/Tibet_free_enolabrain.jpg","articleSection":["Kommentare &amp; Interviews"],"inLanguage":"de"},{"@type":"WebPage","@id":"https:\/\/www.sonnenseite.com\/de\/franz-alt\/kommentare-interviews\/symptom-jeglicher-diktatur-die-angst-vor-der-freiheit\/","url":"https:\/\/www.sonnenseite.com\/de\/franz-alt\/kommentare-interviews\/symptom-jeglicher-diktatur-die-angst-vor-der-freiheit\/","name":"Symptom jeglicher Diktatur: Die Angst vor der Freiheit - Sonnenseite - \u00d6kologische Kommunikation mit Franz Alt","isPartOf":{"@id":"https:\/\/www.sonnenseite.com\/de\/#website"},"primaryImageOfPage":{"@id":"https:\/\/www.sonnenseite.com\/de\/franz-alt\/kommentare-interviews\/symptom-jeglicher-diktatur-die-angst-vor-der-freiheit\/#primaryimage"},"image":{"@id":"https:\/\/www.sonnenseite.com\/de\/franz-alt\/kommentare-interviews\/symptom-jeglicher-diktatur-die-angst-vor-der-freiheit\/#primaryimage"},"thumbnailUrl":"https:\/\/www.sonnenseite.com\/wp-content\/uploads\/2022\/05\/Tibet_free_enolabrain.jpg","datePublished":"2022-05-14T01:43:00+00:00","dateModified":"2022-05-23T07:55:00+00:00","description":"Die Geschichte der Beziehungen zwischen Putins Russland und der Ukraine ist \u00e4hnlich komplex wie die Geschichte der Beziehungen zwischen China und Tibet.","breadcrumb":{"@id":"https:\/\/www.sonnenseite.com\/de\/franz-alt\/kommentare-interviews\/symptom-jeglicher-diktatur-die-angst-vor-der-freiheit\/#breadcrumb"},"inLanguage":"de","potentialAction":[{"@type":"ReadAction","target":["https:\/\/www.sonnenseite.com\/de\/franz-alt\/kommentare-interviews\/symptom-jeglicher-diktatur-die-angst-vor-der-freiheit\/"]}]},{"@type":"ImageObject","inLanguage":"de","@id":"https:\/\/www.sonnenseite.com\/de\/franz-alt\/kommentare-interviews\/symptom-jeglicher-diktatur-die-angst-vor-der-freiheit\/#primaryimage","url":"https:\/\/www.sonnenseite.com\/wp-content\/uploads\/2022\/05\/Tibet_free_enolabrain.jpg","contentUrl":"https:\/\/www.sonnenseite.com\/wp-content\/uploads\/2022\/05\/Tibet_free_enolabrain.jpg","width":770,"height":420,"caption":"Depositphotos.com | enolabrain | FREE TIBET"},{"@type":"BreadcrumbList","@id":"https:\/\/www.sonnenseite.com\/de\/franz-alt\/kommentare-interviews\/symptom-jeglicher-diktatur-die-angst-vor-der-freiheit\/#breadcrumb","itemListElement":[{"@type":"ListItem","position":1,"name":"Startseite","item":"https:\/\/www.sonnenseite.com\/de\/"},{"@type":"ListItem","position":2,"name":"Symptom jeglicher Diktatur: Die Angst vor der Freiheit"}]},{"@type":"WebSite","@id":"https:\/\/www.sonnenseite.com\/de\/#website","url":"https:\/\/www.sonnenseite.com\/de\/","name":"Sonnenseite","description":"\u00d6kologische Kommunikation mit Franz Alt","publisher":{"@id":"https:\/\/www.sonnenseite.com\/de\/#organization"},"potentialAction":[{"@type":"SearchAction","target":{"@type":"EntryPoint","urlTemplate":"https:\/\/www.sonnenseite.com\/de\/?s={search_term_string}"},"query-input":{"@type":"PropertyValueSpecification","valueRequired":true,"valueName":"search_term_string"}}],"inLanguage":"de"},{"@type":"Organization","@id":"https:\/\/www.sonnenseite.com\/de\/#organization","name":"Sonnenseite","url":"https:\/\/www.sonnenseite.com\/de\/","logo":{"@type":"ImageObject","inLanguage":"de","@id":"https:\/\/www.sonnenseite.com\/de\/#\/schema\/logo\/image\/","url":"https:\/\/www.sonnenseite.com\/wp-content\/uploads\/2020\/05\/Sonnenseite_Logo.png","contentUrl":"https:\/\/www.sonnenseite.com\/wp-content\/uploads\/2020\/05\/Sonnenseite_Logo.png","width":377,"height":90,"caption":"Sonnenseite"},"image":{"@id":"https:\/\/www.sonnenseite.com\/de\/#\/schema\/logo\/image\/"},"sameAs":["https:\/\/www.facebook.com\/pages\/Franz-Alt-SONNENSEITECOM\/221072987903953?fref=ts","https:\/\/x.com\/franzalt","http:\/\/www.youtube.com\/results?search_query&amp;amp;quot;franz_alt&amp;amp;quot;&amp;amp;amp;amp;search_type&amp;amp;amp;amp;aq=f"]},{"@type":"Person","@id":"https:\/\/www.sonnenseite.com\/de\/#\/schema\/person\/50fda0e926597684c7cc6695238a4eb9","name":"Bigi Alt"}]}},"_links":{"self":[{"href":"https:\/\/www.sonnenseite.com\/de\/wp-json\/wp\/v2\/posts\/82165","targetHints":{"allow":["GET"]}}],"collection":[{"href":"https:\/\/www.sonnenseite.com\/de\/wp-json\/wp\/v2\/posts"}],"about":[{"href":"https:\/\/www.sonnenseite.com\/de\/wp-json\/wp\/v2\/types\/post"}],"author":[{"embeddable":true,"href":"https:\/\/www.sonnenseite.com\/de\/wp-json\/wp\/v2\/users\/3"}],"replies":[{"embeddable":true,"href":"https:\/\/www.sonnenseite.com\/de\/wp-json\/wp\/v2\/comments?post=82165"}],"version-history":[{"count":8,"href":"https:\/\/www.sonnenseite.com\/de\/wp-json\/wp\/v2\/posts\/82165\/revisions"}],"predecessor-version":[{"id":82183,"href":"https:\/\/www.sonnenseite.com\/de\/wp-json\/wp\/v2\/posts\/82165\/revisions\/82183"}],"wp:featuredmedia":[{"embeddable":true,"href":"https:\/\/www.sonnenseite.com\/de\/wp-json\/wp\/v2\/media\/82171"}],"wp:attachment":[{"href":"https:\/\/www.sonnenseite.com\/de\/wp-json\/wp\/v2\/media?parent=82165"}],"wp:term":[{"taxonomy":"category","embeddable":true,"href":"https:\/\/www.sonnenseite.com\/de\/wp-json\/wp\/v2\/categories?post=82165"},{"taxonomy":"post_tag","embeddable":true,"href":"https:\/\/www.sonnenseite.com\/de\/wp-json\/wp\/v2\/tags?post=82165"}],"curies":[{"name":"wp","href":"https:\/\/api.w.org\/{rel}","templated":true}]}}