{"id":82277,"date":"2022-05-18T14:26:28","date_gmt":"2022-05-18T12:26:28","guid":{"rendered":"https:\/\/www.sonnenseite.com\/?p=82277"},"modified":"2022-05-29T10:20:52","modified_gmt":"2022-05-29T08:20:52","slug":"europas-solarbranche-abhaengig-von-chinas-sonne","status":"publish","type":"post","link":"https:\/\/www.sonnenseite.com\/de\/wirtschaft\/europas-solarbranche-abhaengig-von-chinas-sonne\/","title":{"rendered":"Europas Solarbranche: Abh\u00e4ngig von Chinas Sonne"},"content":{"rendered":"\n<p>Ohne Asien l\u00e4uft beim Ausbau der Photovoltaik kaum etwas \u2013 dabei waren es deutsche Unternehmen, die der Solarindustrie zum globalen Durchbruch verhalfen. Fachleute fordern, massiv in den Aufbau einer europ\u00e4ischen Fertigung zu investieren.<\/p>\n\n\n\n<p>Putin hat mit seinem Ukraine-Krieg unfreiwillig <a href=\"https:\/\/www.klimareporter.de\/finanzen-wirtschaft\/putins-ukrainekrieg-als-katalysator-fuer-die-energiewende\" target=\"_blank\" rel=\"noreferrer noopener\">einen Schub<\/a> f\u00fcr die Energiepolitik erzeugt. Deutschland und die Europ\u00e4ische Union setzen alle m\u00f6glichen Hebel in Bewegung, um von Kohle, Erd\u00f6l und Erdgas aus Russland unabh\u00e4ngig zu werden.<\/p>\n\n\n\n<p>Klar ist dabei: Der Ausbau der erneuerbaren Energien muss forciert werden, und die Bundesregierung stellt daf\u00fcr <a href=\"https:\/\/www.klimareporter.de\/deutschland\/sonne-wind-und-sicherheit\" target=\"_blank\" rel=\"noreferrer noopener\">mit ihrem &#8222;Osterpaket&#8220;<\/a> die Weichen.<\/p>\n\n\n\n<p>Doch gerade mit dem Bau von Solaranlagen im Multi-Gigawatt-Ma\u00dfstab droht eine neue Abh\u00e4ngigkeit \u2013 <a href=\"https:\/\/www.heise.de\/tp\/features\/Abkehr-von-Russland-Wen-wir-nun-fuer-unsere-Energiewende-brauchen-7092172.html?seite=all\" target=\"_blank\" rel=\"noreferrer noopener\">n\u00e4mlich von China<\/a>. Um das zu verhindern, muss in Europa wieder eine eigene Solarindustrie entstehen. Initiativen dazu gibt es.<\/p>\n\n\n\n<p>Ohne China l\u00e4uft kaum etwas: Wenn Privatleute sich heute eine Solaranlage f\u00fcr Strom aufs Hausdach schrauben lassen oder ein Energiekonzern ein gro\u00dfes Photovoltaik-Kraftwerk baut, dann kommen zumeist Produkte von dort zum Einsatz. Der zentralistisch regierte Staat dominiert den Weltmarkt f\u00fcr Solarzellen und -module. Rund zwei Drittel der heute standardm\u00e4\u00dfig eingesetzten Silizium-Solarzellen sind &#8222;made in China &#8222;.  <a href=\"https:\/\/www.klimareporter.de\/banners\/click30\" target=\"_blank\" rel=\"noreferrer noopener\"><\/a><\/p>\n\n\n\n<p>Asien insgesamt, inklusive der weiteren Herstellerl\u00e4nder Japan, Malaysia, S\u00fcdkorea und Vietnam, erreicht sogar einen Anteil von 95 Prozent. Gr\u00f6\u00dfere Solarproduzenten gibt es ansonsten nur in Nordamerika. Europa kommt auf besch\u00e4mend geringe 0,4 Prozent Marktanteil.<\/p>\n\n\n\n<p>Dabei sind es deutsche Unternehmen gewesen, die der Solarindustrie zum globalen Erfolg verhalfen. Firmen wie Solarworld, Q-Cells und Centrotherm dominierten den Markt in den 2000er Jahren, nachdem die damalige rot-gr\u00fcne Bundesregierung mit dem <a href=\"https:\/\/www.klimareporter.de\/strom\/15-jahre-energierevolution\" target=\"_blank\" rel=\"noreferrer noopener\">Erneuerbare-Energien-Gesetz<\/a> (EEG) eine kostendeckende Verg\u00fctung f\u00fcr den Sonnenstrom eingef\u00fchrt hatte.<\/p>\n\n\n\n<p>Die Photovoltaik-Industrie begann rasant zu wachsen, und auch ausl\u00e4ndische Mitbewerber stiegen in die M\u00e4rkte ein \u2013 vor allem aus China. Sie produzierten preiswerter als die heimischen Hersteller, dank Staatshilfen, niedriger Arbeitsl\u00f6hne, billigerer Energie und gr\u00f6\u00dferer Fabriken.<\/p>\n\n\n\n<p>Hinzu kam, dass die Merkel-Regierungen den Solarausbau nach 2012 <a href=\"https:\/\/www.klimareporter.de\/strom\/ausgebremst-gedeckelt-und-pleite\" target=\"_blank\" rel=\"noreferrer noopener\">drastisch herunterbremsten<\/a>. Die deutsche Solarindustrie verschwand fast komplett, rund 80.000 Jobs gingen verloren.<\/p>\n\n\n\n<h5 class=\"wp-block-heading\">&#8222;Ohne China keine Energiewende&#8220;<\/h5>\n\n\n\n<p>Nun, da die Solarpl\u00e4ne nicht nur in Deutschland, sondern weltweit stark anziehen, droht Chinas Bedeutung f\u00fcr deren Umsetzung sogar noch gr\u00f6\u00dfer zu werden. &#8222;Ohne das Reich der Mitte ist die globale Energiewende derzeit nicht machbar&#8220;, sagt der Berliner Energieforscher <a href=\"https:\/\/www.htw-berlin.de\/hochschule\/personen\/person\/?eid=1363\" target=\"_blank\" rel=\"noreferrer noopener\">Volker Quaschning<\/a>. Das Land sei in der Lage, neue Mega-Solarfabriken innerhalb von einem oder anderthalb Jahren aus dem Boden zu stampfen.<\/p>\n\n\n\n<p>Ein solches Tempo scheint auch notwendig. Im vergangenen Jahr wurden weltweit Solaranlagen mit gut 180 <a href=\"https:\/\/de.wikipedia.org\/wiki\/Gigawatt\" target=\"_blank\" rel=\"noreferrer noopener\">Gigawatt<\/a> Nennleistung installiert, f\u00fcr dieses Jahr erwarten Experten bereits, dass diese Marke um 50 Gigawatt \u00fcbertroffen wird. F\u00fcr 2030 gehen manche Prognosen sogar bis auf 1.000 Gigawatt.<\/p>\n\n\n\n<p>Bei der Vorstellung, dass diese gigantischen Modul-Mengen zum gr\u00f6\u00dften Teil aus China kommen w\u00fcrden, gehen die Warnlampen an. Dazu muss man nicht einmal das Extremszenario eines Wirtschaftsembargos wie im Falle Russlands bem\u00fchen. Dazu k\u00f6nnte der Westen greifen, falls China das von ihm als abtr\u00fcnnige Provinz betrachtete <a href=\"https:\/\/de.wikipedia.org\/wiki\/Republik_China_(Taiwan)\" target=\"_blank\" rel=\"noreferrer noopener\">Taiwan<\/a> mit Milit\u00e4r annektieren w\u00fcrde.<\/p>\n\n\n\n<p>Europa, die USA und andere westliche Industriestaaten w\u00e4ren generell nicht gut beraten, wenn sie sich beim Ausbau eines zentralen Pfeilers der Energieversorgung vom Pekinger Goodwill abh\u00e4ngig machen w\u00fcrden.<\/p>\n\n\n\n<p>China k\u00f6nnte ihnen zwar nicht den Solarstrom aus bereits installierten Solarmodulen abschalten (wie Russland die Erdgas-Lieferungen), aber ihre Energiewende-Pl\u00e4ne doch torpedieren. Quaschning sagt: &#8222;Ich rate dringend, die Solarproduktion in Deutschland und in der EU hochzufahren.&#8220;<\/p>\n\n\n\n<p>Es gibt zwar erste <a href=\"https:\/\/www.klimareporter.de\/strom\/die-deutsche-solarbranche-boomt-wieder\" target=\"_blank\" rel=\"noreferrer noopener\">Ans\u00e4tze zur Reanimation<\/a> der europ\u00e4ischen Solarindustrie. So hat das schweizerische Unternehmen Meyer Burger in Sachsen eine Zell- und Modulfabrik f\u00fcr in der Endstufe j\u00e4hrlich 1,4 Gigawatt Nennleistung aufgebaut, zum Teil in der alten Solarworld-Produktionsst\u00e4tte. Andere Firmen planen Fabriken ebenfalls in Deutschland, aber auch in Frankreich, den Niederlanden, Spanien, Polen und Rum\u00e4nien.<\/p>\n\n\n\n<p>Allerdings reichen die geplanten Kapazit\u00e4ten auch bei einer erfolgreichen Umsetzung bei Weitem noch nicht aus, den absehbaren Bedarf in Europa zu decken.<\/p>\n\n\n\n<h5 class=\"wp-block-heading\">Neuartige Solarzellen in Europa produzieren<\/h5>\n\n\n\n<p>Der renommierte Solarforscher <a href=\"https:\/\/www.klimareporter.de\/strom\/100-prozent-oekostrom-bis-2030-sind-moeglich\" target=\"_blank\" rel=\"noreferrer noopener\">Eicke Weber<\/a> h\u00e4lt es f\u00fcr angezeigt, rund zwei Drittel des k\u00fcnftigen Bedarfs in der EU auch dort zu produzieren und nur noch den Rest zu importieren. &#8222;In f\u00fcnf Jahren wird die j\u00e4hrliche Installation in der EU nach Prognosen von heute 20 auf 50 Gigawatt angestiegen sein&#8220;, erl\u00e4utert er. &#8222;35 Gigawatt sollten auch hier produziert werden. Dazu brauchen wir mindestens zwei oder drei richtig gro\u00dfe Solarfabriken.&#8220;<\/p>\n\n\n\n<ul class=\"wp-block-list\"><li><a href=\"https:\/\/www.klimareporter.de\/finanzen-wirtschaft\/abhaengig-von-chinas-sonne\">Hier k\u00f6nnen Sie den Bericht weiterlesen<\/a><\/li><\/ul>\n\n\n\n<ul class=\"wp-block-list\"><li><strong>vimeo:<\/strong> <a href=\"https:\/\/vimeo.com\/709918206\">Photovoltaics &#8211; Made in Europe<\/a> (englisch) | Der Film beschreibt sehr gut die Gr\u00fcnde,\u00a0 warum wir rasch eine heimische PV Industrie aufbauen m\u00fcssen.<\/li><\/ul>\n\n\n<h5 class=\"green\">Quelle<\/h5>\r\n\n\n\n<p>Der Bericht wurde von der\u00a0<a href=\"https:\/\/www.klimareporter.de\/finanzen-wirtschaft\/abhaengig-von-chinas-sonne\">Redaktion \u201eklimareporter.de\u201c (Joachim Wille) 2022<\/a>\u00a0verfasst &#8211; der Artikel darf nicht ohne Genehmigung\u00a0(<a href=\"mailto:post@klimareporter.de\">post@klimareporter.de<\/a>) weiterverbreitet werden!\u00a0<\/p>\n<div class=\"shariff shariff-align-flex-start shariff-widget-align-flex-start\"><div class=\"ShariffHeadline\">Diese Meldung teilen<\/div><ul class=\"shariff-buttons theme-round orientation-horizontal buttonsize-medium\"><li class=\"shariff-button facebook shariff-nocustomcolor\" style=\"background-color:#4273c8;border-radius:1%\"><a href=\"https:\/\/www.facebook.com\/sharer\/sharer.php?u=https%3A%2F%2Fwww.sonnenseite.com%2Fde%2Fwirtschaft%2Feuropas-solarbranche-abhaengig-von-chinas-sonne%2F\" title=\"Bei Facebook teilen\" aria-label=\"Bei Facebook teilen\" role=\"button\" rel=\"nofollow\" class=\"shariff-link\" style=\";border-radius:1%; background-color:#3b5998; color:#fff\" target=\"_blank\"><span class=\"shariff-icon\" style=\"\"><svg width=\"32px\" height=\"20px\" xmlns=\"http:\/\/www.w3.org\/2000\/svg\" viewBox=\"0 0 18 32\"><path fill=\"#3b5998\" d=\"M17.1 0.2v4.7h-2.8q-1.5 0-2.1 0.6t-0.5 1.9v3.4h5.2l-0.7 5.3h-4.5v13.6h-5.5v-13.6h-4.5v-5.3h4.5v-3.9q0-3.3 1.9-5.2t5-1.8q2.6 0 4.1 0.2z\"\/><\/svg><\/span><\/a><\/li><li class=\"shariff-button twitter shariff-nocustomcolor\" style=\"background-color:#595959;border-radius:1%\"><a href=\"https:\/\/twitter.com\/share?url=https%3A%2F%2Fwww.sonnenseite.com%2Fde%2Fwirtschaft%2Feuropas-solarbranche-abhaengig-von-chinas-sonne%2F&text=Europas%20Solarbranche%3A%20Abh%C3%A4ngig%20von%20Chinas%20Sonne\" title=\"Bei X teilen\" aria-label=\"Bei X teilen\" role=\"button\" rel=\"noopener nofollow\" class=\"shariff-link\" style=\";border-radius:1%; background-color:#000; color:#fff\" target=\"_blank\"><span class=\"shariff-icon\" style=\"\"><svg width=\"32px\" height=\"20px\" xmlns=\"http:\/\/www.w3.org\/2000\/svg\" viewBox=\"0 0 24 24\"><path fill=\"#000\" d=\"M14.258 10.152L23.176 0h-2.113l-7.747 8.813L7.133 0H0l9.352 13.328L0 23.973h2.113l8.176-9.309 6.531 9.309h7.133zm-2.895 3.293l-.949-1.328L2.875 1.56h3.246l6.086 8.523.945 1.328 7.91 11.078h-3.246zm0 0\"\/><\/svg><\/span><\/a><\/li><li class=\"shariff-button xing shariff-nocustomcolor\" style=\"background-color:#29888a;border-radius:1%\"><a href=\"https:\/\/www.xing.com\/spi\/shares\/new?url=https%3A%2F%2Fwww.sonnenseite.com%2Fde%2Fwirtschaft%2Feuropas-solarbranche-abhaengig-von-chinas-sonne%2F\" title=\"Bei XING teilen\" aria-label=\"Bei XING teilen\" role=\"button\" rel=\"noopener nofollow\" class=\"shariff-link\" style=\";border-radius:1%; background-color:#126567; color:#fff\" target=\"_blank\"><span class=\"shariff-icon\" style=\"\"><svg width=\"32px\" height=\"20px\" xmlns=\"http:\/\/www.w3.org\/2000\/svg\" viewBox=\"0 0 25 32\"><path fill=\"#126567\" d=\"M10.7 11.9q-0.2 0.3-4.6 8.2-0.5 0.8-1.2 0.8h-4.3q-0.4 0-0.5-0.3t0-0.6l4.5-8q0 0 0 0l-2.9-5q-0.2-0.4 0-0.7 0.2-0.3 0.5-0.3h4.3q0.7 0 1.2 0.8zM25.1 0.4q0.2 0.3 0 0.7l-9.4 16.7 6 11q0.2 0.4 0 0.6-0.2 0.3-0.6 0.3h-4.3q-0.7 0-1.2-0.8l-6-11.1q0.3-0.6 9.5-16.8 0.4-0.8 1.2-0.8h4.3q0.4 0 0.5 0.3z\"\/><\/svg><\/span><\/a><\/li><li class=\"shariff-button linkedin shariff-nocustomcolor\" style=\"background-color:#1488bf;border-radius:1%\"><a href=\"https:\/\/www.linkedin.com\/sharing\/share-offsite\/?url=https%3A%2F%2Fwww.sonnenseite.com%2Fde%2Fwirtschaft%2Feuropas-solarbranche-abhaengig-von-chinas-sonne%2F\" title=\"Bei LinkedIn teilen\" aria-label=\"Bei LinkedIn teilen\" role=\"button\" rel=\"noopener nofollow\" class=\"shariff-link\" style=\";border-radius:1%; background-color:#0077b5; color:#fff\" target=\"_blank\"><span class=\"shariff-icon\" style=\"\"><svg width=\"32px\" height=\"20px\" xmlns=\"http:\/\/www.w3.org\/2000\/svg\" viewBox=\"0 0 27 32\"><path fill=\"#0077b5\" d=\"M6.2 11.2v17.7h-5.9v-17.7h5.9zM6.6 5.7q0 1.3-0.9 2.2t-2.4 0.9h0q-1.5 0-2.4-0.9t-0.9-2.2 0.9-2.2 2.4-0.9 2.4 0.9 0.9 2.2zM27.4 18.7v10.1h-5.9v-9.5q0-1.9-0.7-2.9t-2.3-1.1q-1.1 0-1.9 0.6t-1.2 1.5q-0.2 0.5-0.2 1.4v9.9h-5.9q0-7.1 0-11.6t0-5.3l0-0.9h5.9v2.6h0q0.4-0.6 0.7-1t1-0.9 1.6-0.8 2-0.3q3 0 4.9 2t1.9 6z\"\/><\/svg><\/span><\/a><\/li><li class=\"shariff-button printer shariff-nocustomcolor\" style=\"background-color:#a8a8a8;border-radius:1%\"><a href=\"javascript:window.print()\" title=\"drucken\" aria-label=\"drucken\" role=\"button\" rel=\"noopener nofollow\" class=\"shariff-link\" style=\";border-radius:1%; background-color:#999; color:#fff\"><span class=\"shariff-icon\" style=\"\"><svg width=\"32px\" height=\"20px\" xmlns=\"http:\/\/www.w3.org\/2000\/svg\" viewBox=\"0 0 30 32\"><path fill=\"#999\" d=\"M6.8 27.4h16v-4.6h-16v4.6zM6.8 16h16v-6.8h-2.8q-0.7 0-1.2-0.5t-0.5-1.2v-2.8h-11.4v11.4zM27.4 17.2q0-0.5-0.3-0.8t-0.8-0.4-0.8 0.4-0.3 0.8 0.3 0.8 0.8 0.3 0.8-0.3 0.3-0.8zM29.7 17.2v7.4q0 0.2-0.2 0.4t-0.4 0.2h-4v2.8q0 0.7-0.5 1.2t-1.2 0.5h-17.2q-0.7 0-1.2-0.5t-0.5-1.2v-2.8h-4q-0.2 0-0.4-0.2t-0.2-0.4v-7.4q0-1.4 1-2.4t2.4-1h1.2v-9.7q0-0.7 0.5-1.2t1.2-0.5h12q0.7 0 1.6 0.4t1.3 0.8l2.7 2.7q0.5 0.5 0.9 1.4t0.4 1.6v4.6h1.1q1.4 0 2.4 1t1 2.4z\"\/><\/svg><\/span><\/a><\/li><li class=\"shariff-button mailto shariff-nocustomcolor\" style=\"background-color:#a8a8a8;border-radius:1%\"><a href=\"mailto:?body=https%3A%2F%2Fwww.sonnenseite.com%2Fde%2Fwirtschaft%2Feuropas-solarbranche-abhaengig-von-chinas-sonne%2F&subject=Europas%20Solarbranche%3A%20Abh%C3%A4ngig%20von%20Chinas%20Sonne\" title=\"Per E-Mail versenden\" aria-label=\"Per E-Mail versenden\" role=\"button\" rel=\"noopener nofollow\" class=\"shariff-link\" style=\";border-radius:1%; background-color:#999; color:#fff\"><span class=\"shariff-icon\" style=\"\"><svg width=\"32px\" height=\"20px\" xmlns=\"http:\/\/www.w3.org\/2000\/svg\" viewBox=\"0 0 32 32\"><path fill=\"#999\" d=\"M32 12.7v14.2q0 1.2-0.8 2t-2 0.9h-26.3q-1.2 0-2-0.9t-0.8-2v-14.2q0.8 0.9 1.8 1.6 6.5 4.4 8.9 6.1 1 0.8 1.6 1.2t1.7 0.9 2 0.4h0.1q0.9 0 2-0.4t1.7-0.9 1.6-1.2q3-2.2 8.9-6.1 1-0.7 1.8-1.6zM32 7.4q0 1.4-0.9 2.7t-2.2 2.2q-6.7 4.7-8.4 5.8-0.2 0.1-0.7 0.5t-1 0.7-0.9 0.6-1.1 0.5-0.9 0.2h-0.1q-0.4 0-0.9-0.2t-1.1-0.5-0.9-0.6-1-0.7-0.7-0.5q-1.6-1.1-4.7-3.2t-3.6-2.6q-1.1-0.7-2.1-2t-1-2.5q0-1.4 0.7-2.3t2.1-0.9h26.3q1.2 0 2 0.8t0.9 2z\"\/><\/svg><\/span><\/a><\/li><\/ul><\/div>","protected":false},"excerpt":{"rendered":"<p>Ohne Asien l\u00e4uft beim Ausbau der Photovoltaik kaum etwas \u2013 dabei waren es deutsche Unternehmen, die [&hellip;]<\/p>\n","protected":false},"author":3,"featured_media":82279,"comment_status":"closed","ping_status":"closed","sticky":false,"template":"","format":"standard","meta":{"inline_featured_image":false,"footnotes":""},"categories":[24],"tags":[],"class_list":["post-82277","post","type-post","status-publish","format-standard","has-post-thumbnail","hentry","category-wirtschaft"],"yoast_head":"<!-- This site is optimized with the Yoast SEO plugin v26.5 - https:\/\/yoast.com\/wordpress\/plugins\/seo\/ -->\n<title>Europas Solarbranche: Abh\u00e4ngig von Chinas Sonne - Sonnenseite - \u00d6kologische Kommunikation mit Franz Alt<\/title>\n<meta name=\"description\" content=\"Ohne Asien l\u00e4uft beim Ausbau der Photovoltaik kaum etwas \u2013 dabei waren es deutsche Unternehmen, die der Solarindustrie zum globalen Durchbruch verhalfen.\" \/>\n<meta name=\"robots\" content=\"index, follow, max-snippet:-1, max-image-preview:large, max-video-preview:-1\" \/>\n<link rel=\"canonical\" href=\"https:\/\/www.sonnenseite.com\/de\/wirtschaft\/europas-solarbranche-abhaengig-von-chinas-sonne\/\" \/>\n<meta property=\"og:locale\" content=\"de_DE\" \/>\n<meta property=\"og:type\" content=\"article\" \/>\n<meta property=\"og:title\" content=\"Europas Solarbranche: Abh\u00e4ngig von Chinas Sonne - Sonnenseite - \u00d6kologische Kommunikation mit Franz Alt\" \/>\n<meta property=\"og:description\" content=\"Ohne Asien l\u00e4uft beim Ausbau der Photovoltaik kaum etwas \u2013 dabei waren es deutsche Unternehmen, die der Solarindustrie zum globalen Durchbruch verhalfen.\" \/>\n<meta property=\"og:url\" content=\"https:\/\/www.sonnenseite.com\/de\/wirtschaft\/europas-solarbranche-abhaengig-von-chinas-sonne\/\" \/>\n<meta property=\"og:site_name\" content=\"Sonnenseite\" \/>\n<meta property=\"article:publisher\" content=\"https:\/\/www.facebook.com\/pages\/Franz-Alt-SONNENSEITECOM\/221072987903953?fref=ts\" \/>\n<meta property=\"article:published_time\" content=\"2022-05-18T12:26:28+00:00\" \/>\n<meta property=\"article:modified_time\" content=\"2022-05-29T08:20:52+00:00\" \/>\n<meta property=\"og:image\" content=\"https:\/\/www.sonnenseite.com\/wp-content\/uploads\/2022\/05\/AE_Solar_Factory_China.jpg\" \/>\n\t<meta property=\"og:image:width\" content=\"770\" \/>\n\t<meta property=\"og:image:height\" content=\"420\" \/>\n\t<meta property=\"og:image:type\" content=\"image\/jpeg\" \/>\n<meta name=\"author\" content=\"Bigi Alt\" \/>\n<meta name=\"twitter:card\" content=\"summary_large_image\" \/>\n<meta name=\"twitter:creator\" content=\"@franzalt\" \/>\n<meta name=\"twitter:site\" content=\"@franzalt\" \/>\n<meta name=\"twitter:label1\" content=\"Verfasst von\" \/>\n\t<meta name=\"twitter:data1\" content=\"Bigi Alt\" \/>\n\t<meta name=\"twitter:label2\" content=\"Gesch\u00e4tzte Lesezeit\" \/>\n\t<meta name=\"twitter:data2\" content=\"5\u00a0Minuten\" \/>\n<script type=\"application\/ld+json\" class=\"yoast-schema-graph\">{\"@context\":\"https:\/\/schema.org\",\"@graph\":[{\"@type\":\"Article\",\"@id\":\"https:\/\/www.sonnenseite.com\/de\/wirtschaft\/europas-solarbranche-abhaengig-von-chinas-sonne\/#article\",\"isPartOf\":{\"@id\":\"https:\/\/www.sonnenseite.com\/de\/wirtschaft\/europas-solarbranche-abhaengig-von-chinas-sonne\/\"},\"author\":{\"name\":\"Bigi Alt\",\"@id\":\"https:\/\/www.sonnenseite.com\/de\/#\/schema\/person\/50fda0e926597684c7cc6695238a4eb9\"},\"headline\":\"Europas Solarbranche: Abh\u00e4ngig von Chinas Sonne\",\"datePublished\":\"2022-05-18T12:26:28+00:00\",\"dateModified\":\"2022-05-29T08:20:52+00:00\",\"mainEntityOfPage\":{\"@id\":\"https:\/\/www.sonnenseite.com\/de\/wirtschaft\/europas-solarbranche-abhaengig-von-chinas-sonne\/\"},\"wordCount\":787,\"publisher\":{\"@id\":\"https:\/\/www.sonnenseite.com\/de\/#organization\"},\"image\":{\"@id\":\"https:\/\/www.sonnenseite.com\/de\/wirtschaft\/europas-solarbranche-abhaengig-von-chinas-sonne\/#primaryimage\"},\"thumbnailUrl\":\"https:\/\/www.sonnenseite.com\/wp-content\/uploads\/2022\/05\/AE_Solar_Factory_China.jpg\",\"articleSection\":[\"Wirtschaft\"],\"inLanguage\":\"de\"},{\"@type\":\"WebPage\",\"@id\":\"https:\/\/www.sonnenseite.com\/de\/wirtschaft\/europas-solarbranche-abhaengig-von-chinas-sonne\/\",\"url\":\"https:\/\/www.sonnenseite.com\/de\/wirtschaft\/europas-solarbranche-abhaengig-von-chinas-sonne\/\",\"name\":\"Europas Solarbranche: Abh\u00e4ngig von Chinas Sonne - Sonnenseite - \u00d6kologische Kommunikation mit Franz Alt\",\"isPartOf\":{\"@id\":\"https:\/\/www.sonnenseite.com\/de\/#website\"},\"primaryImageOfPage\":{\"@id\":\"https:\/\/www.sonnenseite.com\/de\/wirtschaft\/europas-solarbranche-abhaengig-von-chinas-sonne\/#primaryimage\"},\"image\":{\"@id\":\"https:\/\/www.sonnenseite.com\/de\/wirtschaft\/europas-solarbranche-abhaengig-von-chinas-sonne\/#primaryimage\"},\"thumbnailUrl\":\"https:\/\/www.sonnenseite.com\/wp-content\/uploads\/2022\/05\/AE_Solar_Factory_China.jpg\",\"datePublished\":\"2022-05-18T12:26:28+00:00\",\"dateModified\":\"2022-05-29T08:20:52+00:00\",\"description\":\"Ohne Asien l\u00e4uft beim Ausbau der Photovoltaik kaum etwas \u2013 dabei waren es deutsche Unternehmen, die der Solarindustrie zum globalen Durchbruch verhalfen.\",\"breadcrumb\":{\"@id\":\"https:\/\/www.sonnenseite.com\/de\/wirtschaft\/europas-solarbranche-abhaengig-von-chinas-sonne\/#breadcrumb\"},\"inLanguage\":\"de\",\"potentialAction\":[{\"@type\":\"ReadAction\",\"target\":[\"https:\/\/www.sonnenseite.com\/de\/wirtschaft\/europas-solarbranche-abhaengig-von-chinas-sonne\/\"]}]},{\"@type\":\"ImageObject\",\"inLanguage\":\"de\",\"@id\":\"https:\/\/www.sonnenseite.com\/de\/wirtschaft\/europas-solarbranche-abhaengig-von-chinas-sonne\/#primaryimage\",\"url\":\"https:\/\/www.sonnenseite.com\/wp-content\/uploads\/2022\/05\/AE_Solar_Factory_China.jpg\",\"contentUrl\":\"https:\/\/www.sonnenseite.com\/wp-content\/uploads\/2022\/05\/AE_Solar_Factory_China.jpg\",\"width\":770,\"height\":420,\"caption\":\"AE Solar | Factory China | Diese Solarfabrik in China geh\u00f6rt einem bayerischen Unternehmen, die meisten haben chinesische Eigent\u00fcmer.\"},{\"@type\":\"BreadcrumbList\",\"@id\":\"https:\/\/www.sonnenseite.com\/de\/wirtschaft\/europas-solarbranche-abhaengig-von-chinas-sonne\/#breadcrumb\",\"itemListElement\":[{\"@type\":\"ListItem\",\"position\":1,\"name\":\"Startseite\",\"item\":\"https:\/\/www.sonnenseite.com\/de\/\"},{\"@type\":\"ListItem\",\"position\":2,\"name\":\"Europas Solarbranche: Abh\u00e4ngig von Chinas Sonne\"}]},{\"@type\":\"WebSite\",\"@id\":\"https:\/\/www.sonnenseite.com\/de\/#website\",\"url\":\"https:\/\/www.sonnenseite.com\/de\/\",\"name\":\"Sonnenseite\",\"description\":\"\u00d6kologische Kommunikation mit Franz Alt\",\"publisher\":{\"@id\":\"https:\/\/www.sonnenseite.com\/de\/#organization\"},\"potentialAction\":[{\"@type\":\"SearchAction\",\"target\":{\"@type\":\"EntryPoint\",\"urlTemplate\":\"https:\/\/www.sonnenseite.com\/de\/?s={search_term_string}\"},\"query-input\":{\"@type\":\"PropertyValueSpecification\",\"valueRequired\":true,\"valueName\":\"search_term_string\"}}],\"inLanguage\":\"de\"},{\"@type\":\"Organization\",\"@id\":\"https:\/\/www.sonnenseite.com\/de\/#organization\",\"name\":\"Sonnenseite\",\"url\":\"https:\/\/www.sonnenseite.com\/de\/\",\"logo\":{\"@type\":\"ImageObject\",\"inLanguage\":\"de\",\"@id\":\"https:\/\/www.sonnenseite.com\/de\/#\/schema\/logo\/image\/\",\"url\":\"https:\/\/www.sonnenseite.com\/wp-content\/uploads\/2020\/05\/Sonnenseite_Logo.png\",\"contentUrl\":\"https:\/\/www.sonnenseite.com\/wp-content\/uploads\/2020\/05\/Sonnenseite_Logo.png\",\"width\":377,\"height\":90,\"caption\":\"Sonnenseite\"},\"image\":{\"@id\":\"https:\/\/www.sonnenseite.com\/de\/#\/schema\/logo\/image\/\"},\"sameAs\":[\"https:\/\/www.facebook.com\/pages\/Franz-Alt-SONNENSEITECOM\/221072987903953?fref=ts\",\"https:\/\/x.com\/franzalt\",\"http:\/\/www.youtube.com\/results?search_query&amp;amp;quot;franz_alt&amp;amp;quot;&amp;amp;amp;amp;search_type&amp;amp;amp;amp;aq=f\"]},{\"@type\":\"Person\",\"@id\":\"https:\/\/www.sonnenseite.com\/de\/#\/schema\/person\/50fda0e926597684c7cc6695238a4eb9\",\"name\":\"Bigi Alt\"}]}<\/script>\n<!-- \/ Yoast SEO plugin. -->","yoast_head_json":{"title":"Europas Solarbranche: Abh\u00e4ngig von Chinas Sonne - Sonnenseite - \u00d6kologische Kommunikation mit Franz Alt","description":"Ohne Asien l\u00e4uft beim Ausbau der Photovoltaik kaum etwas \u2013 dabei waren es deutsche Unternehmen, die der Solarindustrie zum globalen Durchbruch verhalfen.","robots":{"index":"index","follow":"follow","max-snippet":"max-snippet:-1","max-image-preview":"max-image-preview:large","max-video-preview":"max-video-preview:-1"},"canonical":"https:\/\/www.sonnenseite.com\/de\/wirtschaft\/europas-solarbranche-abhaengig-von-chinas-sonne\/","og_locale":"de_DE","og_type":"article","og_title":"Europas Solarbranche: Abh\u00e4ngig von Chinas Sonne - Sonnenseite - \u00d6kologische Kommunikation mit Franz Alt","og_description":"Ohne Asien l\u00e4uft beim Ausbau der Photovoltaik kaum etwas \u2013 dabei waren es deutsche Unternehmen, die der Solarindustrie zum globalen Durchbruch verhalfen.","og_url":"https:\/\/www.sonnenseite.com\/de\/wirtschaft\/europas-solarbranche-abhaengig-von-chinas-sonne\/","og_site_name":"Sonnenseite","article_publisher":"https:\/\/www.facebook.com\/pages\/Franz-Alt-SONNENSEITECOM\/221072987903953?fref=ts","article_published_time":"2022-05-18T12:26:28+00:00","article_modified_time":"2022-05-29T08:20:52+00:00","og_image":[{"width":770,"height":420,"url":"https:\/\/www.sonnenseite.com\/wp-content\/uploads\/2022\/05\/AE_Solar_Factory_China.jpg","type":"image\/jpeg"}],"author":"Bigi Alt","twitter_card":"summary_large_image","twitter_creator":"@franzalt","twitter_site":"@franzalt","twitter_misc":{"Verfasst von":"Bigi Alt","Gesch\u00e4tzte Lesezeit":"5\u00a0Minuten"},"schema":{"@context":"https:\/\/schema.org","@graph":[{"@type":"Article","@id":"https:\/\/www.sonnenseite.com\/de\/wirtschaft\/europas-solarbranche-abhaengig-von-chinas-sonne\/#article","isPartOf":{"@id":"https:\/\/www.sonnenseite.com\/de\/wirtschaft\/europas-solarbranche-abhaengig-von-chinas-sonne\/"},"author":{"name":"Bigi Alt","@id":"https:\/\/www.sonnenseite.com\/de\/#\/schema\/person\/50fda0e926597684c7cc6695238a4eb9"},"headline":"Europas Solarbranche: Abh\u00e4ngig von Chinas Sonne","datePublished":"2022-05-18T12:26:28+00:00","dateModified":"2022-05-29T08:20:52+00:00","mainEntityOfPage":{"@id":"https:\/\/www.sonnenseite.com\/de\/wirtschaft\/europas-solarbranche-abhaengig-von-chinas-sonne\/"},"wordCount":787,"publisher":{"@id":"https:\/\/www.sonnenseite.com\/de\/#organization"},"image":{"@id":"https:\/\/www.sonnenseite.com\/de\/wirtschaft\/europas-solarbranche-abhaengig-von-chinas-sonne\/#primaryimage"},"thumbnailUrl":"https:\/\/www.sonnenseite.com\/wp-content\/uploads\/2022\/05\/AE_Solar_Factory_China.jpg","articleSection":["Wirtschaft"],"inLanguage":"de"},{"@type":"WebPage","@id":"https:\/\/www.sonnenseite.com\/de\/wirtschaft\/europas-solarbranche-abhaengig-von-chinas-sonne\/","url":"https:\/\/www.sonnenseite.com\/de\/wirtschaft\/europas-solarbranche-abhaengig-von-chinas-sonne\/","name":"Europas Solarbranche: Abh\u00e4ngig von Chinas Sonne - Sonnenseite - \u00d6kologische Kommunikation mit Franz Alt","isPartOf":{"@id":"https:\/\/www.sonnenseite.com\/de\/#website"},"primaryImageOfPage":{"@id":"https:\/\/www.sonnenseite.com\/de\/wirtschaft\/europas-solarbranche-abhaengig-von-chinas-sonne\/#primaryimage"},"image":{"@id":"https:\/\/www.sonnenseite.com\/de\/wirtschaft\/europas-solarbranche-abhaengig-von-chinas-sonne\/#primaryimage"},"thumbnailUrl":"https:\/\/www.sonnenseite.com\/wp-content\/uploads\/2022\/05\/AE_Solar_Factory_China.jpg","datePublished":"2022-05-18T12:26:28+00:00","dateModified":"2022-05-29T08:20:52+00:00","description":"Ohne Asien l\u00e4uft beim Ausbau der Photovoltaik kaum etwas \u2013 dabei waren es deutsche Unternehmen, die der Solarindustrie zum globalen Durchbruch verhalfen.","breadcrumb":{"@id":"https:\/\/www.sonnenseite.com\/de\/wirtschaft\/europas-solarbranche-abhaengig-von-chinas-sonne\/#breadcrumb"},"inLanguage":"de","potentialAction":[{"@type":"ReadAction","target":["https:\/\/www.sonnenseite.com\/de\/wirtschaft\/europas-solarbranche-abhaengig-von-chinas-sonne\/"]}]},{"@type":"ImageObject","inLanguage":"de","@id":"https:\/\/www.sonnenseite.com\/de\/wirtschaft\/europas-solarbranche-abhaengig-von-chinas-sonne\/#primaryimage","url":"https:\/\/www.sonnenseite.com\/wp-content\/uploads\/2022\/05\/AE_Solar_Factory_China.jpg","contentUrl":"https:\/\/www.sonnenseite.com\/wp-content\/uploads\/2022\/05\/AE_Solar_Factory_China.jpg","width":770,"height":420,"caption":"AE Solar | Factory China | Diese Solarfabrik in China geh\u00f6rt einem bayerischen Unternehmen, die meisten haben chinesische Eigent\u00fcmer."},{"@type":"BreadcrumbList","@id":"https:\/\/www.sonnenseite.com\/de\/wirtschaft\/europas-solarbranche-abhaengig-von-chinas-sonne\/#breadcrumb","itemListElement":[{"@type":"ListItem","position":1,"name":"Startseite","item":"https:\/\/www.sonnenseite.com\/de\/"},{"@type":"ListItem","position":2,"name":"Europas Solarbranche: Abh\u00e4ngig von Chinas Sonne"}]},{"@type":"WebSite","@id":"https:\/\/www.sonnenseite.com\/de\/#website","url":"https:\/\/www.sonnenseite.com\/de\/","name":"Sonnenseite","description":"\u00d6kologische Kommunikation mit Franz Alt","publisher":{"@id":"https:\/\/www.sonnenseite.com\/de\/#organization"},"potentialAction":[{"@type":"SearchAction","target":{"@type":"EntryPoint","urlTemplate":"https:\/\/www.sonnenseite.com\/de\/?s={search_term_string}"},"query-input":{"@type":"PropertyValueSpecification","valueRequired":true,"valueName":"search_term_string"}}],"inLanguage":"de"},{"@type":"Organization","@id":"https:\/\/www.sonnenseite.com\/de\/#organization","name":"Sonnenseite","url":"https:\/\/www.sonnenseite.com\/de\/","logo":{"@type":"ImageObject","inLanguage":"de","@id":"https:\/\/www.sonnenseite.com\/de\/#\/schema\/logo\/image\/","url":"https:\/\/www.sonnenseite.com\/wp-content\/uploads\/2020\/05\/Sonnenseite_Logo.png","contentUrl":"https:\/\/www.sonnenseite.com\/wp-content\/uploads\/2020\/05\/Sonnenseite_Logo.png","width":377,"height":90,"caption":"Sonnenseite"},"image":{"@id":"https:\/\/www.sonnenseite.com\/de\/#\/schema\/logo\/image\/"},"sameAs":["https:\/\/www.facebook.com\/pages\/Franz-Alt-SONNENSEITECOM\/221072987903953?fref=ts","https:\/\/x.com\/franzalt","http:\/\/www.youtube.com\/results?search_query&amp;amp;quot;franz_alt&amp;amp;quot;&amp;amp;amp;amp;search_type&amp;amp;amp;amp;aq=f"]},{"@type":"Person","@id":"https:\/\/www.sonnenseite.com\/de\/#\/schema\/person\/50fda0e926597684c7cc6695238a4eb9","name":"Bigi Alt"}]}},"_links":{"self":[{"href":"https:\/\/www.sonnenseite.com\/de\/wp-json\/wp\/v2\/posts\/82277","targetHints":{"allow":["GET"]}}],"collection":[{"href":"https:\/\/www.sonnenseite.com\/de\/wp-json\/wp\/v2\/posts"}],"about":[{"href":"https:\/\/www.sonnenseite.com\/de\/wp-json\/wp\/v2\/types\/post"}],"author":[{"embeddable":true,"href":"https:\/\/www.sonnenseite.com\/de\/wp-json\/wp\/v2\/users\/3"}],"replies":[{"embeddable":true,"href":"https:\/\/www.sonnenseite.com\/de\/wp-json\/wp\/v2\/comments?post=82277"}],"version-history":[{"count":4,"href":"https:\/\/www.sonnenseite.com\/de\/wp-json\/wp\/v2\/posts\/82277\/revisions"}],"predecessor-version":[{"id":82284,"href":"https:\/\/www.sonnenseite.com\/de\/wp-json\/wp\/v2\/posts\/82277\/revisions\/82284"}],"wp:featuredmedia":[{"embeddable":true,"href":"https:\/\/www.sonnenseite.com\/de\/wp-json\/wp\/v2\/media\/82279"}],"wp:attachment":[{"href":"https:\/\/www.sonnenseite.com\/de\/wp-json\/wp\/v2\/media?parent=82277"}],"wp:term":[{"taxonomy":"category","embeddable":true,"href":"https:\/\/www.sonnenseite.com\/de\/wp-json\/wp\/v2\/categories?post=82277"},{"taxonomy":"post_tag","embeddable":true,"href":"https:\/\/www.sonnenseite.com\/de\/wp-json\/wp\/v2\/tags?post=82277"}],"curies":[{"name":"wp","href":"https:\/\/api.w.org\/{rel}","templated":true}]}}