{"id":82439,"date":"2022-05-26T02:12:00","date_gmt":"2022-05-26T00:12:00","guid":{"rendered":"https:\/\/www.sonnenseite.com\/?p=82439"},"modified":"2022-05-25T16:02:14","modified_gmt":"2022-05-25T14:02:14","slug":"oesterreich-volle-auslastung-der-photovoltaik-branche","status":"publish","type":"post","link":"https:\/\/www.sonnenseite.com\/de\/wirtschaft\/oesterreich-volle-auslastung-der-photovoltaik-branche\/","title":{"rendered":"\u00d6sterreich: Volle Auslastung der Photovoltaik-Branche"},"content":{"rendered":"\n<p>Mitgliederbefragung des <a href=\"https:\/\/pvaustria.at\">Bundesverband Photovoltaic Austria<\/a> offenbart aktuelle Stimmung und Herausforderungen im Ausbau der Sonnenstromgewinnung.<\/p>\n\n\n\n<p>Eine Mitgliederbefragung unter den 300 Mitgliedern zeigt die Stimmungslage in der Branche und eruiert die dringlichsten Hemmnisse. Die Unternehmen erfreuen sich am Photovoltaik-Boom, die Auslastung f\u00fcr das Jahr 2021 war durchwegs sehr stark. Gleichzeitig sieht sich die Branche mit gro\u00dfen Herausforderungen konfrontiert. \u201eWir f\u00fchrten die Mitgliederbefragung kurz vor Ausbruch des Ukraine-Kriegs durch, wir gehen davon aus, dass aufgrund der aktuellen energiepolitischen Entwicklungen einige Ergebnisse heute ein wenig anders ausfallen w\u00fcrden\u201c, sagt Vera Immitzer, Gesch\u00e4ftsf\u00fchrerin des PV Austria. \u201eDie Erwartungen f\u00fcr die diesj\u00e4hrige Auslastungen waren bereits vor dem Krieg sehr hoch\u201c,erkl\u00e4rt Immitzer, die nun mit einer noch st\u00e4rkeren Nachfrage rechnet.<\/p>\n\n\n\n<h5 class=\"wp-block-heading\">Preissteigerungen, Lieferengp\u00e4sse und Hindernisse beim Netzzugang<\/h5>\n\n\n\n<p>Wurden PV-Module und Komponenten im letzten Jahrzehnt stetig g\u00fcnstiger, sind<br>diese Zeiten nun endg\u00fcltig vorbei. \u201eWir gehen davon aus, dass nach den aktuellen Preissteigerungen, aufgrund der hohen weltweiten Nachfrage, den fehlenden Bestandteilen und den reduzierten Produktionskapazit\u00e4ten, sowie Logistik-Ausf\u00e4lle, langfristig der Preis auf einem h\u00f6herem Niveau als zuletzt bleiben wird.\u201c, schildert Immitzer die zuk\u00fcnftigen Kosten der PV-Technologie. \u201eEs ist sicherlich m\u00f6glich die europ\u00e4ische Produktion wieder anzukurbeln, diese Frage muss jedoch gesamteurop\u00e4isch beantwortet werden. Die Nachfrageseite ist hier ganz entscheidend.\u201c, f\u00fchrt Immitzer aus.<\/p>\n\n\n\n<p>Knapp zwei Drittel der Mitgliedsunternehmen beklagen bei der Mitgliederbefragung vom Bundesverband Photovoltaic Austria die Hindernisse beim Netzzugang geplanter Anlagen. \u201eDiese H\u00fcrde f\u00fcr den PV-Ausbau ist rein hausgemacht. Als Verband kritisieren wir die Unzul\u00e4nglichkeiten rund um das Thema Stromnetz bereits seit Jahren. Jetzt werden sie immer eklatanter und zum gr\u00f6\u00dften Hindernis der Energiewende mit Solarstrom\u201c, skizziert Immitzer ein Schwerpunktthema des Verbands.<\/p>\n\n\n\n<div class=\"wp-block-image\"><figure class=\"aligncenter size-full is-resized\"><a href=\"https:\/\/www.sonnenseite.com\/wp-content\/uploads\/2022\/05\/Mitgliederbefragung_Bundesverband_Photovoltaic_Austria.jpg\"><img loading=\"lazy\" decoding=\"async\" src=\"https:\/\/www.sonnenseite.com\/wp-content\/uploads\/2022\/05\/Mitgliederbefragung_Bundesverband_Photovoltaic_Austria.jpg\" alt=\"\" class=\"wp-image-82441\" width=\"669\" height=\"335\" srcset=\"https:\/\/www.sonnenseite.com\/wp-content\/uploads\/2022\/05\/Mitgliederbefragung_Bundesverband_Photovoltaic_Austria.jpg 892w, https:\/\/www.sonnenseite.com\/wp-content\/uploads\/2022\/05\/Mitgliederbefragung_Bundesverband_Photovoltaic_Austria-300x150.jpg 300w, https:\/\/www.sonnenseite.com\/wp-content\/uploads\/2022\/05\/Mitgliederbefragung_Bundesverband_Photovoltaic_Austria-768x385.jpg 768w\" sizes=\"auto, (max-width: 669px) 100vw, 669px\" \/><\/a><figcaption>\u00a9 pvaustria.at | Herausforderungen f\u00fcr den PV-Ausbau im Unternehmen. Quelle: Mitgliederbefragung<br>Bundesverband Photovoltaic Austria. 2022.<\/figcaption><\/figure><\/div>\n\n\n\n<h5 class=\"wp-block-heading\">Bundesverband Photovoltaic ist mit Unabh\u00e4ngigkeit gut positioniert<\/h5>\n\n\n\n<p>\u201eAls unabh\u00e4ngige und freiwillige Interessensvertretung sind wir einerseits wertvolle Drehscheibe innerhalb der Branche und andererseits wichtiges Korrektiv f\u00fcr die Interessen der Branche\u201c, sagt Immitzer. F\u00fcr alle befragten Mitglieder sind die exklusiven tagesaktuellen Mitglieder-Informationen am relevantesten, neben der klassischen Interessensvertretung. \u201eJe mehr Unternehmen wir vertreten, desto gewichtiger wird auch unsere Stimme in den Verhandlungen, das merken wir deutlich\u201c, so Immitzer.<\/p>\n\n\n<h5 class=\"green\">Quelle<\/h5>\r\n\n\n\n<p><a href=\"https:\/\/pvaustria.at\">Bundesverband Photovoltaic Austria. 2022<\/a> <\/p>\n<div class=\"shariff shariff-align-flex-start shariff-widget-align-flex-start\"><div class=\"ShariffHeadline\">Diese Meldung teilen<\/div><ul class=\"shariff-buttons theme-round orientation-horizontal buttonsize-medium\"><li class=\"shariff-button facebook shariff-nocustomcolor\" style=\"background-color:#4273c8;border-radius:1%\"><a href=\"https:\/\/www.facebook.com\/sharer\/sharer.php?u=https%3A%2F%2Fwww.sonnenseite.com%2Fde%2Fwirtschaft%2Foesterreich-volle-auslastung-der-photovoltaik-branche%2F\" title=\"Bei Facebook teilen\" aria-label=\"Bei Facebook teilen\" role=\"button\" rel=\"nofollow\" class=\"shariff-link\" style=\";border-radius:1%; background-color:#3b5998; color:#fff\" target=\"_blank\"><span class=\"shariff-icon\" style=\"\"><svg width=\"32px\" height=\"20px\" xmlns=\"http:\/\/www.w3.org\/2000\/svg\" viewBox=\"0 0 18 32\"><path fill=\"#3b5998\" d=\"M17.1 0.2v4.7h-2.8q-1.5 0-2.1 0.6t-0.5 1.9v3.4h5.2l-0.7 5.3h-4.5v13.6h-5.5v-13.6h-4.5v-5.3h4.5v-3.9q0-3.3 1.9-5.2t5-1.8q2.6 0 4.1 0.2z\"\/><\/svg><\/span><\/a><\/li><li class=\"shariff-button twitter shariff-nocustomcolor\" style=\"background-color:#595959;border-radius:1%\"><a href=\"https:\/\/twitter.com\/share?url=https%3A%2F%2Fwww.sonnenseite.com%2Fde%2Fwirtschaft%2Foesterreich-volle-auslastung-der-photovoltaik-branche%2F&text=%C3%96sterreich%3A%20Volle%20Auslastung%20der%20Photovoltaik-Branche\" title=\"Bei X teilen\" aria-label=\"Bei X teilen\" role=\"button\" rel=\"noopener nofollow\" class=\"shariff-link\" style=\";border-radius:1%; background-color:#000; color:#fff\" target=\"_blank\"><span class=\"shariff-icon\" style=\"\"><svg width=\"32px\" height=\"20px\" xmlns=\"http:\/\/www.w3.org\/2000\/svg\" viewBox=\"0 0 24 24\"><path fill=\"#000\" d=\"M14.258 10.152L23.176 0h-2.113l-7.747 8.813L7.133 0H0l9.352 13.328L0 23.973h2.113l8.176-9.309 6.531 9.309h7.133zm-2.895 3.293l-.949-1.328L2.875 1.56h3.246l6.086 8.523.945 1.328 7.91 11.078h-3.246zm0 0\"\/><\/svg><\/span><\/a><\/li><li class=\"shariff-button xing shariff-nocustomcolor\" style=\"background-color:#29888a;border-radius:1%\"><a href=\"https:\/\/www.xing.com\/spi\/shares\/new?url=https%3A%2F%2Fwww.sonnenseite.com%2Fde%2Fwirtschaft%2Foesterreich-volle-auslastung-der-photovoltaik-branche%2F\" title=\"Bei XING teilen\" aria-label=\"Bei XING teilen\" role=\"button\" rel=\"noopener nofollow\" class=\"shariff-link\" style=\";border-radius:1%; background-color:#126567; color:#fff\" target=\"_blank\"><span class=\"shariff-icon\" style=\"\"><svg width=\"32px\" height=\"20px\" xmlns=\"http:\/\/www.w3.org\/2000\/svg\" viewBox=\"0 0 25 32\"><path fill=\"#126567\" d=\"M10.7 11.9q-0.2 0.3-4.6 8.2-0.5 0.8-1.2 0.8h-4.3q-0.4 0-0.5-0.3t0-0.6l4.5-8q0 0 0 0l-2.9-5q-0.2-0.4 0-0.7 0.2-0.3 0.5-0.3h4.3q0.7 0 1.2 0.8zM25.1 0.4q0.2 0.3 0 0.7l-9.4 16.7 6 11q0.2 0.4 0 0.6-0.2 0.3-0.6 0.3h-4.3q-0.7 0-1.2-0.8l-6-11.1q0.3-0.6 9.5-16.8 0.4-0.8 1.2-0.8h4.3q0.4 0 0.5 0.3z\"\/><\/svg><\/span><\/a><\/li><li class=\"shariff-button linkedin shariff-nocustomcolor\" style=\"background-color:#1488bf;border-radius:1%\"><a href=\"https:\/\/www.linkedin.com\/sharing\/share-offsite\/?url=https%3A%2F%2Fwww.sonnenseite.com%2Fde%2Fwirtschaft%2Foesterreich-volle-auslastung-der-photovoltaik-branche%2F\" title=\"Bei LinkedIn teilen\" aria-label=\"Bei LinkedIn teilen\" role=\"button\" rel=\"noopener nofollow\" class=\"shariff-link\" style=\";border-radius:1%; background-color:#0077b5; color:#fff\" target=\"_blank\"><span class=\"shariff-icon\" style=\"\"><svg width=\"32px\" height=\"20px\" xmlns=\"http:\/\/www.w3.org\/2000\/svg\" viewBox=\"0 0 27 32\"><path fill=\"#0077b5\" d=\"M6.2 11.2v17.7h-5.9v-17.7h5.9zM6.6 5.7q0 1.3-0.9 2.2t-2.4 0.9h0q-1.5 0-2.4-0.9t-0.9-2.2 0.9-2.2 2.4-0.9 2.4 0.9 0.9 2.2zM27.4 18.7v10.1h-5.9v-9.5q0-1.9-0.7-2.9t-2.3-1.1q-1.1 0-1.9 0.6t-1.2 1.5q-0.2 0.5-0.2 1.4v9.9h-5.9q0-7.1 0-11.6t0-5.3l0-0.9h5.9v2.6h0q0.4-0.6 0.7-1t1-0.9 1.6-0.8 2-0.3q3 0 4.9 2t1.9 6z\"\/><\/svg><\/span><\/a><\/li><li class=\"shariff-button printer shariff-nocustomcolor\" style=\"background-color:#a8a8a8;border-radius:1%\"><a href=\"javascript:window.print()\" title=\"drucken\" aria-label=\"drucken\" role=\"button\" rel=\"noopener nofollow\" class=\"shariff-link\" style=\";border-radius:1%; background-color:#999; color:#fff\"><span class=\"shariff-icon\" style=\"\"><svg width=\"32px\" height=\"20px\" xmlns=\"http:\/\/www.w3.org\/2000\/svg\" viewBox=\"0 0 30 32\"><path fill=\"#999\" d=\"M6.8 27.4h16v-4.6h-16v4.6zM6.8 16h16v-6.8h-2.8q-0.7 0-1.2-0.5t-0.5-1.2v-2.8h-11.4v11.4zM27.4 17.2q0-0.5-0.3-0.8t-0.8-0.4-0.8 0.4-0.3 0.8 0.3 0.8 0.8 0.3 0.8-0.3 0.3-0.8zM29.7 17.2v7.4q0 0.2-0.2 0.4t-0.4 0.2h-4v2.8q0 0.7-0.5 1.2t-1.2 0.5h-17.2q-0.7 0-1.2-0.5t-0.5-1.2v-2.8h-4q-0.2 0-0.4-0.2t-0.2-0.4v-7.4q0-1.4 1-2.4t2.4-1h1.2v-9.7q0-0.7 0.5-1.2t1.2-0.5h12q0.7 0 1.6 0.4t1.3 0.8l2.7 2.7q0.5 0.5 0.9 1.4t0.4 1.6v4.6h1.1q1.4 0 2.4 1t1 2.4z\"\/><\/svg><\/span><\/a><\/li><li class=\"shariff-button mailto shariff-nocustomcolor\" style=\"background-color:#a8a8a8;border-radius:1%\"><a href=\"mailto:?body=https%3A%2F%2Fwww.sonnenseite.com%2Fde%2Fwirtschaft%2Foesterreich-volle-auslastung-der-photovoltaik-branche%2F&subject=%C3%96sterreich%3A%20Volle%20Auslastung%20der%20Photovoltaik-Branche\" title=\"Per E-Mail versenden\" aria-label=\"Per E-Mail versenden\" role=\"button\" rel=\"noopener nofollow\" class=\"shariff-link\" style=\";border-radius:1%; background-color:#999; color:#fff\"><span class=\"shariff-icon\" style=\"\"><svg width=\"32px\" height=\"20px\" xmlns=\"http:\/\/www.w3.org\/2000\/svg\" viewBox=\"0 0 32 32\"><path fill=\"#999\" d=\"M32 12.7v14.2q0 1.2-0.8 2t-2 0.9h-26.3q-1.2 0-2-0.9t-0.8-2v-14.2q0.8 0.9 1.8 1.6 6.5 4.4 8.9 6.1 1 0.8 1.6 1.2t1.7 0.9 2 0.4h0.1q0.9 0 2-0.4t1.7-0.9 1.6-1.2q3-2.2 8.9-6.1 1-0.7 1.8-1.6zM32 7.4q0 1.4-0.9 2.7t-2.2 2.2q-6.7 4.7-8.4 5.8-0.2 0.1-0.7 0.5t-1 0.7-0.9 0.6-1.1 0.5-0.9 0.2h-0.1q-0.4 0-0.9-0.2t-1.1-0.5-0.9-0.6-1-0.7-0.7-0.5q-1.6-1.1-4.7-3.2t-3.6-2.6q-1.1-0.7-2.1-2t-1-2.5q0-1.4 0.7-2.3t2.1-0.9h26.3q1.2 0 2 0.8t0.9 2z\"\/><\/svg><\/span><\/a><\/li><\/ul><\/div>","protected":false},"excerpt":{"rendered":"<p>Mitgliederbefragung des Bundesverband Photovoltaic Austria offenbart aktuelle Stimmung und Herausforderungen im Ausbau der Sonnenstromgewinnung. Eine Mitgliederbefragung [&hellip;]<\/p>\n","protected":false},"author":3,"featured_media":2581,"comment_status":"closed","ping_status":"closed","sticky":false,"template":"","format":"standard","meta":{"inline_featured_image":false,"footnotes":""},"categories":[24],"tags":[],"class_list":["post-82439","post","type-post","status-publish","format-standard","has-post-thumbnail","hentry","category-wirtschaft"],"yoast_head":"<!-- This site is optimized with the Yoast SEO plugin v26.5 - https:\/\/yoast.com\/wordpress\/plugins\/seo\/ -->\n<title>\u00d6sterreich: Volle Auslastung der Photovoltaik-Branche - Sonnenseite - \u00d6kologische Kommunikation mit Franz Alt<\/title>\n<meta name=\"description\" content=\"Mitgliederbefragung des Bundesverband Photovoltaic Austria offenbart aktuelle Stimmung und Herausforderungen im Ausbau der Sonnenstromgewinnung. Eine\" \/>\n<meta name=\"robots\" content=\"index, follow, max-snippet:-1, max-image-preview:large, max-video-preview:-1\" \/>\n<link rel=\"canonical\" href=\"https:\/\/www.sonnenseite.com\/de\/wirtschaft\/oesterreich-volle-auslastung-der-photovoltaik-branche\/\" \/>\n<meta property=\"og:locale\" content=\"de_DE\" \/>\n<meta property=\"og:type\" content=\"article\" \/>\n<meta property=\"og:title\" content=\"\u00d6sterreich: Volle Auslastung der Photovoltaik-Branche - Sonnenseite - \u00d6kologische Kommunikation mit Franz Alt\" \/>\n<meta property=\"og:description\" content=\"Mitgliederbefragung des Bundesverband Photovoltaic Austria offenbart aktuelle Stimmung und Herausforderungen im Ausbau der Sonnenstromgewinnung. Eine\" \/>\n<meta property=\"og:url\" content=\"https:\/\/www.sonnenseite.com\/de\/wirtschaft\/oesterreich-volle-auslastung-der-photovoltaik-branche\/\" \/>\n<meta property=\"og:site_name\" content=\"Sonnenseite\" \/>\n<meta property=\"article:publisher\" content=\"https:\/\/www.facebook.com\/pages\/Franz-Alt-SONNENSEITECOM\/221072987903953?fref=ts\" \/>\n<meta property=\"article:published_time\" content=\"2022-05-26T00:12:00+00:00\" \/>\n<meta property=\"og:image\" content=\"https:\/\/www.sonnenseite.com\/wp-content\/uploads\/2020\/03\/Oesterreich_Flagge_JuergenSieber.jpg\" \/>\n\t<meta property=\"og:image:width\" content=\"770\" \/>\n\t<meta property=\"og:image:height\" content=\"420\" \/>\n\t<meta property=\"og:image:type\" content=\"image\/jpeg\" \/>\n<meta name=\"author\" content=\"Bigi Alt\" \/>\n<meta name=\"twitter:card\" content=\"summary_large_image\" \/>\n<meta name=\"twitter:creator\" content=\"@franzalt\" \/>\n<meta name=\"twitter:site\" content=\"@franzalt\" \/>\n<meta name=\"twitter:label1\" content=\"Verfasst von\" \/>\n\t<meta name=\"twitter:data1\" content=\"Bigi Alt\" \/>\n\t<meta name=\"twitter:label2\" content=\"Gesch\u00e4tzte Lesezeit\" \/>\n\t<meta name=\"twitter:data2\" content=\"3\u00a0Minuten\" \/>\n<script type=\"application\/ld+json\" class=\"yoast-schema-graph\">{\"@context\":\"https:\/\/schema.org\",\"@graph\":[{\"@type\":\"Article\",\"@id\":\"https:\/\/www.sonnenseite.com\/de\/wirtschaft\/oesterreich-volle-auslastung-der-photovoltaik-branche\/#article\",\"isPartOf\":{\"@id\":\"https:\/\/www.sonnenseite.com\/de\/wirtschaft\/oesterreich-volle-auslastung-der-photovoltaik-branche\/\"},\"author\":{\"name\":\"Bigi Alt\",\"@id\":\"https:\/\/www.sonnenseite.com\/de\/#\/schema\/person\/50fda0e926597684c7cc6695238a4eb9\"},\"headline\":\"\u00d6sterreich: Volle Auslastung der Photovoltaik-Branche\",\"datePublished\":\"2022-05-26T00:12:00+00:00\",\"mainEntityOfPage\":{\"@id\":\"https:\/\/www.sonnenseite.com\/de\/wirtschaft\/oesterreich-volle-auslastung-der-photovoltaik-branche\/\"},\"wordCount\":374,\"publisher\":{\"@id\":\"https:\/\/www.sonnenseite.com\/de\/#organization\"},\"image\":{\"@id\":\"https:\/\/www.sonnenseite.com\/de\/wirtschaft\/oesterreich-volle-auslastung-der-photovoltaik-branche\/#primaryimage\"},\"thumbnailUrl\":\"https:\/\/www.sonnenseite.com\/wp-content\/uploads\/2020\/03\/Oesterreich_Flagge_JuergenSieber.jpg\",\"articleSection\":[\"Wirtschaft\"],\"inLanguage\":\"de\"},{\"@type\":\"WebPage\",\"@id\":\"https:\/\/www.sonnenseite.com\/de\/wirtschaft\/oesterreich-volle-auslastung-der-photovoltaik-branche\/\",\"url\":\"https:\/\/www.sonnenseite.com\/de\/wirtschaft\/oesterreich-volle-auslastung-der-photovoltaik-branche\/\",\"name\":\"\u00d6sterreich: Volle Auslastung der Photovoltaik-Branche - Sonnenseite - \u00d6kologische Kommunikation mit Franz Alt\",\"isPartOf\":{\"@id\":\"https:\/\/www.sonnenseite.com\/de\/#website\"},\"primaryImageOfPage\":{\"@id\":\"https:\/\/www.sonnenseite.com\/de\/wirtschaft\/oesterreich-volle-auslastung-der-photovoltaik-branche\/#primaryimage\"},\"image\":{\"@id\":\"https:\/\/www.sonnenseite.com\/de\/wirtschaft\/oesterreich-volle-auslastung-der-photovoltaik-branche\/#primaryimage\"},\"thumbnailUrl\":\"https:\/\/www.sonnenseite.com\/wp-content\/uploads\/2020\/03\/Oesterreich_Flagge_JuergenSieber.jpg\",\"datePublished\":\"2022-05-26T00:12:00+00:00\",\"description\":\"Mitgliederbefragung des Bundesverband Photovoltaic Austria offenbart aktuelle Stimmung und Herausforderungen im Ausbau der Sonnenstromgewinnung. Eine\",\"breadcrumb\":{\"@id\":\"https:\/\/www.sonnenseite.com\/de\/wirtschaft\/oesterreich-volle-auslastung-der-photovoltaik-branche\/#breadcrumb\"},\"inLanguage\":\"de\",\"potentialAction\":[{\"@type\":\"ReadAction\",\"target\":[\"https:\/\/www.sonnenseite.com\/de\/wirtschaft\/oesterreich-volle-auslastung-der-photovoltaik-branche\/\"]}]},{\"@type\":\"ImageObject\",\"inLanguage\":\"de\",\"@id\":\"https:\/\/www.sonnenseite.com\/de\/wirtschaft\/oesterreich-volle-auslastung-der-photovoltaik-branche\/#primaryimage\",\"url\":\"https:\/\/www.sonnenseite.com\/wp-content\/uploads\/2020\/03\/Oesterreich_Flagge_JuergenSieber.jpg\",\"contentUrl\":\"https:\/\/www.sonnenseite.com\/wp-content\/uploads\/2020\/03\/Oesterreich_Flagge_JuergenSieber.jpg\",\"width\":770,\"height\":420,\"caption\":\"pixabay.com | JuergenSieber\"},{\"@type\":\"BreadcrumbList\",\"@id\":\"https:\/\/www.sonnenseite.com\/de\/wirtschaft\/oesterreich-volle-auslastung-der-photovoltaik-branche\/#breadcrumb\",\"itemListElement\":[{\"@type\":\"ListItem\",\"position\":1,\"name\":\"Startseite\",\"item\":\"https:\/\/www.sonnenseite.com\/de\/\"},{\"@type\":\"ListItem\",\"position\":2,\"name\":\"\u00d6sterreich: Volle Auslastung der Photovoltaik-Branche\"}]},{\"@type\":\"WebSite\",\"@id\":\"https:\/\/www.sonnenseite.com\/de\/#website\",\"url\":\"https:\/\/www.sonnenseite.com\/de\/\",\"name\":\"Sonnenseite\",\"description\":\"\u00d6kologische Kommunikation mit Franz Alt\",\"publisher\":{\"@id\":\"https:\/\/www.sonnenseite.com\/de\/#organization\"},\"potentialAction\":[{\"@type\":\"SearchAction\",\"target\":{\"@type\":\"EntryPoint\",\"urlTemplate\":\"https:\/\/www.sonnenseite.com\/de\/?s={search_term_string}\"},\"query-input\":{\"@type\":\"PropertyValueSpecification\",\"valueRequired\":true,\"valueName\":\"search_term_string\"}}],\"inLanguage\":\"de\"},{\"@type\":\"Organization\",\"@id\":\"https:\/\/www.sonnenseite.com\/de\/#organization\",\"name\":\"Sonnenseite\",\"url\":\"https:\/\/www.sonnenseite.com\/de\/\",\"logo\":{\"@type\":\"ImageObject\",\"inLanguage\":\"de\",\"@id\":\"https:\/\/www.sonnenseite.com\/de\/#\/schema\/logo\/image\/\",\"url\":\"https:\/\/www.sonnenseite.com\/wp-content\/uploads\/2020\/05\/Sonnenseite_Logo.png\",\"contentUrl\":\"https:\/\/www.sonnenseite.com\/wp-content\/uploads\/2020\/05\/Sonnenseite_Logo.png\",\"width\":377,\"height\":90,\"caption\":\"Sonnenseite\"},\"image\":{\"@id\":\"https:\/\/www.sonnenseite.com\/de\/#\/schema\/logo\/image\/\"},\"sameAs\":[\"https:\/\/www.facebook.com\/pages\/Franz-Alt-SONNENSEITECOM\/221072987903953?fref=ts\",\"https:\/\/x.com\/franzalt\",\"http:\/\/www.youtube.com\/results?search_query&amp;amp;quot;franz_alt&amp;amp;quot;&amp;amp;amp;amp;search_type&amp;amp;amp;amp;aq=f\"]},{\"@type\":\"Person\",\"@id\":\"https:\/\/www.sonnenseite.com\/de\/#\/schema\/person\/50fda0e926597684c7cc6695238a4eb9\",\"name\":\"Bigi Alt\"}]}<\/script>\n<!-- \/ Yoast SEO plugin. -->","yoast_head_json":{"title":"\u00d6sterreich: Volle Auslastung der Photovoltaik-Branche - Sonnenseite - \u00d6kologische Kommunikation mit Franz Alt","description":"Mitgliederbefragung des Bundesverband Photovoltaic Austria offenbart aktuelle Stimmung und Herausforderungen im Ausbau der Sonnenstromgewinnung. Eine","robots":{"index":"index","follow":"follow","max-snippet":"max-snippet:-1","max-image-preview":"max-image-preview:large","max-video-preview":"max-video-preview:-1"},"canonical":"https:\/\/www.sonnenseite.com\/de\/wirtschaft\/oesterreich-volle-auslastung-der-photovoltaik-branche\/","og_locale":"de_DE","og_type":"article","og_title":"\u00d6sterreich: Volle Auslastung der Photovoltaik-Branche - Sonnenseite - \u00d6kologische Kommunikation mit Franz Alt","og_description":"Mitgliederbefragung des Bundesverband Photovoltaic Austria offenbart aktuelle Stimmung und Herausforderungen im Ausbau der Sonnenstromgewinnung. Eine","og_url":"https:\/\/www.sonnenseite.com\/de\/wirtschaft\/oesterreich-volle-auslastung-der-photovoltaik-branche\/","og_site_name":"Sonnenseite","article_publisher":"https:\/\/www.facebook.com\/pages\/Franz-Alt-SONNENSEITECOM\/221072987903953?fref=ts","article_published_time":"2022-05-26T00:12:00+00:00","og_image":[{"width":770,"height":420,"url":"https:\/\/www.sonnenseite.com\/wp-content\/uploads\/2020\/03\/Oesterreich_Flagge_JuergenSieber.jpg","type":"image\/jpeg"}],"author":"Bigi Alt","twitter_card":"summary_large_image","twitter_creator":"@franzalt","twitter_site":"@franzalt","twitter_misc":{"Verfasst von":"Bigi Alt","Gesch\u00e4tzte Lesezeit":"3\u00a0Minuten"},"schema":{"@context":"https:\/\/schema.org","@graph":[{"@type":"Article","@id":"https:\/\/www.sonnenseite.com\/de\/wirtschaft\/oesterreich-volle-auslastung-der-photovoltaik-branche\/#article","isPartOf":{"@id":"https:\/\/www.sonnenseite.com\/de\/wirtschaft\/oesterreich-volle-auslastung-der-photovoltaik-branche\/"},"author":{"name":"Bigi Alt","@id":"https:\/\/www.sonnenseite.com\/de\/#\/schema\/person\/50fda0e926597684c7cc6695238a4eb9"},"headline":"\u00d6sterreich: Volle Auslastung der Photovoltaik-Branche","datePublished":"2022-05-26T00:12:00+00:00","mainEntityOfPage":{"@id":"https:\/\/www.sonnenseite.com\/de\/wirtschaft\/oesterreich-volle-auslastung-der-photovoltaik-branche\/"},"wordCount":374,"publisher":{"@id":"https:\/\/www.sonnenseite.com\/de\/#organization"},"image":{"@id":"https:\/\/www.sonnenseite.com\/de\/wirtschaft\/oesterreich-volle-auslastung-der-photovoltaik-branche\/#primaryimage"},"thumbnailUrl":"https:\/\/www.sonnenseite.com\/wp-content\/uploads\/2020\/03\/Oesterreich_Flagge_JuergenSieber.jpg","articleSection":["Wirtschaft"],"inLanguage":"de"},{"@type":"WebPage","@id":"https:\/\/www.sonnenseite.com\/de\/wirtschaft\/oesterreich-volle-auslastung-der-photovoltaik-branche\/","url":"https:\/\/www.sonnenseite.com\/de\/wirtschaft\/oesterreich-volle-auslastung-der-photovoltaik-branche\/","name":"\u00d6sterreich: Volle Auslastung der Photovoltaik-Branche - Sonnenseite - \u00d6kologische Kommunikation mit Franz Alt","isPartOf":{"@id":"https:\/\/www.sonnenseite.com\/de\/#website"},"primaryImageOfPage":{"@id":"https:\/\/www.sonnenseite.com\/de\/wirtschaft\/oesterreich-volle-auslastung-der-photovoltaik-branche\/#primaryimage"},"image":{"@id":"https:\/\/www.sonnenseite.com\/de\/wirtschaft\/oesterreich-volle-auslastung-der-photovoltaik-branche\/#primaryimage"},"thumbnailUrl":"https:\/\/www.sonnenseite.com\/wp-content\/uploads\/2020\/03\/Oesterreich_Flagge_JuergenSieber.jpg","datePublished":"2022-05-26T00:12:00+00:00","description":"Mitgliederbefragung des Bundesverband Photovoltaic Austria offenbart aktuelle Stimmung und Herausforderungen im Ausbau der Sonnenstromgewinnung. Eine","breadcrumb":{"@id":"https:\/\/www.sonnenseite.com\/de\/wirtschaft\/oesterreich-volle-auslastung-der-photovoltaik-branche\/#breadcrumb"},"inLanguage":"de","potentialAction":[{"@type":"ReadAction","target":["https:\/\/www.sonnenseite.com\/de\/wirtschaft\/oesterreich-volle-auslastung-der-photovoltaik-branche\/"]}]},{"@type":"ImageObject","inLanguage":"de","@id":"https:\/\/www.sonnenseite.com\/de\/wirtschaft\/oesterreich-volle-auslastung-der-photovoltaik-branche\/#primaryimage","url":"https:\/\/www.sonnenseite.com\/wp-content\/uploads\/2020\/03\/Oesterreich_Flagge_JuergenSieber.jpg","contentUrl":"https:\/\/www.sonnenseite.com\/wp-content\/uploads\/2020\/03\/Oesterreich_Flagge_JuergenSieber.jpg","width":770,"height":420,"caption":"pixabay.com | JuergenSieber"},{"@type":"BreadcrumbList","@id":"https:\/\/www.sonnenseite.com\/de\/wirtschaft\/oesterreich-volle-auslastung-der-photovoltaik-branche\/#breadcrumb","itemListElement":[{"@type":"ListItem","position":1,"name":"Startseite","item":"https:\/\/www.sonnenseite.com\/de\/"},{"@type":"ListItem","position":2,"name":"\u00d6sterreich: Volle Auslastung der Photovoltaik-Branche"}]},{"@type":"WebSite","@id":"https:\/\/www.sonnenseite.com\/de\/#website","url":"https:\/\/www.sonnenseite.com\/de\/","name":"Sonnenseite","description":"\u00d6kologische Kommunikation mit Franz Alt","publisher":{"@id":"https:\/\/www.sonnenseite.com\/de\/#organization"},"potentialAction":[{"@type":"SearchAction","target":{"@type":"EntryPoint","urlTemplate":"https:\/\/www.sonnenseite.com\/de\/?s={search_term_string}"},"query-input":{"@type":"PropertyValueSpecification","valueRequired":true,"valueName":"search_term_string"}}],"inLanguage":"de"},{"@type":"Organization","@id":"https:\/\/www.sonnenseite.com\/de\/#organization","name":"Sonnenseite","url":"https:\/\/www.sonnenseite.com\/de\/","logo":{"@type":"ImageObject","inLanguage":"de","@id":"https:\/\/www.sonnenseite.com\/de\/#\/schema\/logo\/image\/","url":"https:\/\/www.sonnenseite.com\/wp-content\/uploads\/2020\/05\/Sonnenseite_Logo.png","contentUrl":"https:\/\/www.sonnenseite.com\/wp-content\/uploads\/2020\/05\/Sonnenseite_Logo.png","width":377,"height":90,"caption":"Sonnenseite"},"image":{"@id":"https:\/\/www.sonnenseite.com\/de\/#\/schema\/logo\/image\/"},"sameAs":["https:\/\/www.facebook.com\/pages\/Franz-Alt-SONNENSEITECOM\/221072987903953?fref=ts","https:\/\/x.com\/franzalt","http:\/\/www.youtube.com\/results?search_query&amp;amp;quot;franz_alt&amp;amp;quot;&amp;amp;amp;amp;search_type&amp;amp;amp;amp;aq=f"]},{"@type":"Person","@id":"https:\/\/www.sonnenseite.com\/de\/#\/schema\/person\/50fda0e926597684c7cc6695238a4eb9","name":"Bigi Alt"}]}},"_links":{"self":[{"href":"https:\/\/www.sonnenseite.com\/de\/wp-json\/wp\/v2\/posts\/82439","targetHints":{"allow":["GET"]}}],"collection":[{"href":"https:\/\/www.sonnenseite.com\/de\/wp-json\/wp\/v2\/posts"}],"about":[{"href":"https:\/\/www.sonnenseite.com\/de\/wp-json\/wp\/v2\/types\/post"}],"author":[{"embeddable":true,"href":"https:\/\/www.sonnenseite.com\/de\/wp-json\/wp\/v2\/users\/3"}],"replies":[{"embeddable":true,"href":"https:\/\/www.sonnenseite.com\/de\/wp-json\/wp\/v2\/comments?post=82439"}],"version-history":[{"count":3,"href":"https:\/\/www.sonnenseite.com\/de\/wp-json\/wp\/v2\/posts\/82439\/revisions"}],"predecessor-version":[{"id":82444,"href":"https:\/\/www.sonnenseite.com\/de\/wp-json\/wp\/v2\/posts\/82439\/revisions\/82444"}],"wp:featuredmedia":[{"embeddable":true,"href":"https:\/\/www.sonnenseite.com\/de\/wp-json\/wp\/v2\/media\/2581"}],"wp:attachment":[{"href":"https:\/\/www.sonnenseite.com\/de\/wp-json\/wp\/v2\/media?parent=82439"}],"wp:term":[{"taxonomy":"category","embeddable":true,"href":"https:\/\/www.sonnenseite.com\/de\/wp-json\/wp\/v2\/categories?post=82439"},{"taxonomy":"post_tag","embeddable":true,"href":"https:\/\/www.sonnenseite.com\/de\/wp-json\/wp\/v2\/tags?post=82439"}],"curies":[{"name":"wp","href":"https:\/\/api.w.org\/{rel}","templated":true}]}}