{"id":82551,"date":"2022-05-29T13:48:49","date_gmt":"2022-05-29T11:48:49","guid":{"rendered":"https:\/\/www.sonnenseite.com\/?p=82551"},"modified":"2022-06-19T09:20:20","modified_gmt":"2022-06-19T07:20:20","slug":"wer-frieden-will-muss-den-frieden-vorbereiten","status":"publish","type":"post","link":"https:\/\/www.sonnenseite.com\/de\/franz-alt\/kommentare-interviews\/wer-frieden-will-muss-den-frieden-vorbereiten\/","title":{"rendered":"Wer Frieden will, muss den Frieden vorbereiten"},"content":{"rendered":"\n<p>Franz Alts Rede&nbsp; auf dem Katholikentag vor dem <a href=\"https:\/\/de.wikipedia.org\/wiki\/United_States_Africa_Command\">Africom<\/a> in Stuttgart.<\/p>\n\n\n\n<p>Die FAZ vom 28. Mai 20 erschien mit der \u00dcberschrift \u201eFrieden schaffen mit mehr Waffen\u201c. Das ist die Antwort in Kriegszeiten auf das Motto der Friedensbewegung \u201eFrieden schaffen ohne Waffen\u201c.<\/p>\n\n\n\n<p>Seit mehr als 2000 Jahren gilt der altr\u00f6mische Grundsatz \u201eWer Frieden will, muss den Krieg vorbereiten\u201c. Ergebnis: 2000 Jahre immer wieder Kriege. Ganz in diesem Geist fordern die Verteidigungsminister aller NATO-Staaten immer wieder: \u201eMehr Geld f\u00fcrs Milit\u00e4r\u201c. Wir stecken noch immer in der Kriegsfalle, die uns zufl\u00fcstert: \u201eFrieden schaffen mit immer mehr Waffen\u201c. Das gilt f\u00fcr die NATO, aber auch f\u00fcr Russland und f\u00fcr China.<\/p>\n\n\n\n<p>Wohin diese unreflektierte Politik f\u00fchrt, haben wir zuletzt in Afghanistan gesehen. Der Westen ist in Afghanistan &nbsp;gescheitert, weil er wieder einmal einen Krieg gewinnen wollte, aber nicht den Frieden. Heute ist Afghanistan ein Friedhof der Gro\u00dfm\u00e4chte. Auch der Ukraine-Krieg kann nur gef\u00fchrt werden, weil Putin ihn vorbereitet hat.<\/p>\n\n\n\n<p>Was und wie w\u00e4re eine neue Kultur des Friedens anstatt der alten Kriegslogik? Wie k\u00f6nnte die Alternative aussehen? Wie w\u00e4re es mit dem Motto \u201eWer Frieden will, muss den Frieden vorbereiten\u201c? Und wie ginge das konkret und praktisch? Wir br\u00e4uchten in Europa heute viel Geld f\u00fcr Schienen und Schulen, f\u00fcr Klimaschutz und Kitas und f\u00fcr viele Sozialwohnungen. So wie fast alle anderen L\u00e4nder auch. Also Geld f\u00fcr zivile Sicherheitspolitik.<\/p>\n\n\n\n<p>Das hei\u00dft ganz konkret und praktisch: Beide US-Kommandozentralen hier, das Africom und das Eucom, &nbsp;zu Friedenszentralen umwidmen. Von hier aus werden n\u00e4mlich die Drohnenkriege der USA in Afrika und Arabien geplant und dies widerspricht ganz eindeutig dem deutschen Grundgesetz, wonach von deutschem Boden aus keine Kriege ausgehen werden d\u00fcrfen.<\/p>\n\n\n\n<h5 class=\"wp-block-heading\">Eine neue Politik beginnt mit neuem Denken<\/h5>\n\n\n\n<p>Dass auch Abr\u00fcstung m\u00f6glich ist, hat uns vor \u00fcber 30 Jahren Michail Gorbatschow erfolgreich vorgemacht, ein Realpolitiker mit Visionen. Weil einer den Mut hatte voranzugehen und in einem Umfeld von Hardlinern auf realisierbare Visionen zu setzen, konnten erstmals in der Menschheitsgeschichte ganze Waffensysteme einfach verschrottet werden. Kontrolliert verschrottet. Es wurde tats\u00e4chlich abger\u00fcstet anstatt aufger\u00fcstet. Europa wurde sicherer&nbsp; und die friedliche deutsche Einheit m\u00f6glich. Weil Gorbatschow der gr\u00f6\u00dfte Abr\u00fcster aller Zeiten war. Auf seine Initiative hin wurden in Europa 80 Prozent aller Atomwaffen verschrottet.<\/p>\n\n\n\n<p>Und wie sieht es heute aus, nachdem der alte Wahnsinn des atomaren Wettr\u00fcstens gerade wieder von vorne beginnt? Kein Gorbatschow weit und breit. Aber schon wieder ein Denken in der alten Kriegslogik. Steigende&nbsp;<a href=\"https:\/\/www.welt.de\/politik\/deutschland\/article197265297.ece\" target=\"_blank\" rel=\"noreferrer noopener\">R\u00fcstungsetats<\/a>&nbsp;\u00fcberall. Waren wir nur kurzfristig lernf\u00e4hig? Haben wir wirklich keine anderen Sorgen, als schon wieder aufzur\u00fcsten?<\/p>\n\n\n\n<h5 class=\"wp-block-heading\">Es gibt immer Alternativen<\/h5>\n\n\n\n<div class=\"wp-block-image\"><figure class=\"aligncenter size-full is-resized\"><img loading=\"lazy\" decoding=\"async\" src=\"https:\/\/www.sonnenseite.com\/wp-content\/uploads\/2019\/07\/FA_MGorbatschow_DmitrijBelanowskij770.jpg\" alt=\"Dmitrij Belanowskij | Franz Alt und Michail Gorbatschow 2016\" class=\"wp-image-7966\" width=\"578\" height=\"315\" srcset=\"https:\/\/www.sonnenseite.com\/wp-content\/uploads\/2019\/07\/FA_MGorbatschow_DmitrijBelanowskij770.jpg 770w, https:\/\/www.sonnenseite.com\/wp-content\/uploads\/2019\/07\/FA_MGorbatschow_DmitrijBelanowskij770-300x164.jpg 300w, https:\/\/www.sonnenseite.com\/wp-content\/uploads\/2019\/07\/FA_MGorbatschow_DmitrijBelanowskij770-768x419.jpg 768w\" sizes=\"auto, (max-width: 578px) 100vw, 578px\" \/><figcaption>\u00a9 Dmitrij Belanowskij | Franz Alt und Michail Gorbatschow 2016<\/figcaption><\/figure><\/div>\n\n\n\n<p>Was w\u00e4re ein Atomkrieg, fragte ich einst den Fachmann Gorbatschow. Seine Antwort: \u201eEin Atomkrieg w\u00e4re wahrscheinlich der letzte Krieg der Menschheitsgeschichte, weil es danach keine Menschen mehr g\u00e4be, die noch einen Krieg f\u00fchren k\u00f6nnten. Lasst uns diesen Wahnsinn endlich stoppen.\u201c<\/p>\n\n\n\n<p>Die russische und die chinesische F\u00fchrung &nbsp;zeigen uns gerade wieder, dass und wie Feindbilder aufgebaut und gepflegt werden. In dieser gef\u00e4hrlichen Situation k\u00f6nnte Deutschland vormachen, dass es auch anders geht. Die evangelische Kirche Badens hat dazu ein realistisches und realisierbares Friedenspapier vorgelegt: \u201eSicherheit neu denken\u201c. Danach soll bis 2040 Jahr f\u00fcr Jahr f\u00fcnf Prozent weniger Geld f\u00fcr R\u00fcstung und Milit\u00e4r ausgegeben und in zivile und \u00f6kologische Projekte gesteckt werden.<\/p>\n\n\n\n<p>Es gibt immer Alternativen. Finanziell geben die NATO-Staaten ohnehin weit mehr Geld f\u00fcrs Milit\u00e4r aus als Russland.<\/p>\n\n\n\n<p>Die USA finanzieren mit ihren \u00fcber 700 Milliarden Dollar jedes Jahr allein 40 Prozent aller weltweiten R\u00fcstungsausgaben. Das muss wirklich nicht sein. Also runter mit den US-Milit\u00e4rausgaben.<\/p>\n\n\n\n<p>Alle V\u00f6lker der Welt w\u00fcrden es ihren Regierenden danken, weil alle V\u00f6lker der Welt eher Abr\u00fcstung als Aufr\u00fcstung w\u00fcnschen. Nach diesem ersten US-Schritt w\u00e4re das Vertrauen in weitere Abr\u00fcstungsschritte gegeben. Der einzige Verlierer w\u00e4re die R\u00fcstungsindustrie. Aber w\u00e4re das wirklich ein Verlust? Nein, es w\u00e4re ein Gewinn f\u00fcr alle, auch f\u00fcr die Mitarbeiter der R\u00fcstungsindustrie, denn auch sie lebten sicherer in einer Welt mit weniger Waffen.<\/p>\n\n\n\n<h5 class=\"wp-block-heading\">Warum soll heute nicht klappen, was unter Gorbatschow gelang?<\/h5>\n\n\n\n<p>Weniger Waffen bedeuten mehr Sicherheit f\u00fcr alle. Aber die Jobs in der R\u00fcstungsindustrie?<\/p>\n\n\n\n<p>Mit Jobs werden auch in Deutschland oft Waffenexporte gerechtfertigt. Wir geh\u00f6ren zu den gr\u00f6\u00dften Waffenexporteuren der Welt. Allein mit dem deutschen G3-Gewehr der Waffenschmiede&nbsp;<a href=\"https:\/\/www.welt.de\/wirtschaft\/article196791195\/Heckler-Koch-Waffenhersteller-verspricht-mehr-Transparenz.html\" target=\"_blank\" rel=\"noreferrer noopener\">Heckler und Koch<\/a>&nbsp;am Bodensee wurden nach den Recherchen des renommierten R\u00fcstungskritikers J\u00fcrgen Gr\u00e4sslin in den letzten Jahrzehnten zwei Millionen Menschen get\u00f6tet. Waffenexport ist oft Beihilfe zum Massenmord.<\/p>\n\n\n\n<div class=\"wp-block-image\"><figure class=\"aligncenter size-full is-resized\"><img loading=\"lazy\" decoding=\"async\" src=\"https:\/\/www.sonnenseite.com\/wp-content\/uploads\/2020\/06\/MichailGorbatschow_Appell770.jpg\" alt=\"Beneventro Verlag | Michail Gorbatschow\" class=\"wp-image-59059\" width=\"578\" height=\"315\" srcset=\"https:\/\/www.sonnenseite.com\/wp-content\/uploads\/2020\/06\/MichailGorbatschow_Appell770.jpg 770w, https:\/\/www.sonnenseite.com\/wp-content\/uploads\/2020\/06\/MichailGorbatschow_Appell770-300x164.jpg 300w, https:\/\/www.sonnenseite.com\/wp-content\/uploads\/2020\/06\/MichailGorbatschow_Appell770-768x419.jpg 768w\" sizes=\"auto, (max-width: 578px) 100vw, 578px\" \/><figcaption>\u00a9 Beneventro Verlag | Ein Appell von Michail Gorbatschow an die Welt<\/figcaption><\/figure><\/div>\n\n\n\n<p>Warum aber sollte heute nicht klappen, was unter Michail Gorbatschow geklappt hat und zur friedlichen deutschen Wiedervereinigung f\u00fchrte? Vor 30 Jahren wurden immerhin 80 Prozent aller Atomwaffen verschrottet, und wir alle tr\u00e4umten von der \u201eFriedensdividende\u201c f\u00fcr soziale und \u00f6kologische Projekte. Das muss kein einmaliger Traum bleiben. Eine Kultur des Friedens und der Abr\u00fcstung ist auch heute m\u00f6glich. Doch es fehlt noch immer der politische Wille hinzu.<\/p>\n\n\n\n<p>Vielleicht darf ich auf einem Katholikentag noch an den wunderbaren jungen Mann aus Nazareth erinnern. Jesus hat uns in seiner Bergpredigt \u201eFeindesliebe\u201c empfohlen. Ist das naiv? War Jesus ein Spinner?<\/p>\n\n\n\n<p>Feindesliebe hei\u00dft ja nicht: Lass dir alles bieten. Sondern: Sei kl\u00fcger als dein Feind. Hab den Mut zum ersten Schritt. Die Bergpredigt ist kein Heimatroman, sondern \u201eim Atomzeitalter das \u00dcberlebensprogramm der Menschheit\u201c, sagte mir Michail Gorbatschow vor vier Jahren in Moskau. Die regierenden Christen im Westen haben das nie gesagt.<\/p>\n\n\n\n<p>Lasst uns Sicherheit doch mal ganz neu denken. Mit der Bergpredigt kann man Politik machen, Ihr lieben Christen in der Politik! Wirkliche Friedenspolitik. Die Bergpredigt ist eine Frohbotschaft und keine Drohbotschaft. Jesus war ein Realist.<\/p>\n\n\n\n<p>Und denen, die sagen, mit der Bergpredigt kann man nicht regieren, meine Gegenfrage: Habt Ihr es je probiert? Gorbatschow hat\u00b4s doch vorgemacht.<\/p>\n\n\n\n<p>Putins Vor-Vorg\u00e4nger in Moskau, Michail Gorbatschow, sagt in unserem Buch <a href=\"https:\/\/www.amazon.de\/gp\/product\/3710900166\/ref=as_li_tl?ie=UTF8&amp;camp=1638&amp;creative=6742&amp;creativeASIN=3710900166&amp;linkCode=as2&amp;tag=drfranzaltferns\">\u201eNie wieder Krieg \u2013 Kommt endlich zur Vernunft\u201c<\/a>, das wir gemeinsam geschrieben haben: \u201eFrieden kann nur unter den Bedingungen demilitarisierter Politik und demilitarisierter internationaler Beziehungen gewonnen werden. Politiker, die meinen, Probleme und Streitigkeiten k\u00f6nnten durch die Anwendung durch milit\u00e4rischer Gewalt gel\u00f6st werden \u2013 uns ei es nur als letztes Mittel \u2013 sollten von der Gesellschaft abgelehnt werden. Diese Politiker sollten die politische B\u00fchne r\u00e4umen\u201c<\/p>\n\n\n\n<h5 class=\"wp-block-heading\">Was jetzt tun? Was k\u00f6nnte all das aktuell im Ukraine \u2013Krieg hei\u00dfen?<\/h5>\n\n\n\n<ul class=\"wp-block-list\"><li>Erstens: Der Westen und die NATO-Staaten m\u00fcssen offen bekennen, dass sie die Sicherheitsinteressen Russlands nach 1990 nicht gen\u00fcgend ber\u00fccksichtigt haben. Der Westen hat sich als Sieger im Kalten Krieg aufgespielt.<\/li><li>Zweitens:\u00a0 Die Ukraine und der Westen sollten Putin ein Gespr\u00e4chsangebot machen, das dem Kremlchef so lukrativ erscheint, dass er auf Verhandlungen eingeht.<\/li><li>Drittens: Im Kern muss es bei Friedensverhandlungen um eine neue europ\u00e4ische Friedensordnung gehen, die nach wie vor ohne Einbeziehung Russlands nicht m\u00f6glich ist. F\u00fcr eine Friedenspolitik in Europa ist seit Jahrhunderten entscheidend, dass die Sicherheitsinteressen verschiedener Nationen halbwegs &#8222;in Balance&#8220; sind. F\u00fcr Bismarck, Adenauer, Brandt, Schmidt, Kohl, Genscher und Henry Kissinger war dieses Denken &#8222;in Balance&#8220; die Basis ihrer Au\u00dfen- und Sicherheitspolitik.<\/li><li>Viertens: Paris und Berlin haben Moskau und Kiew schon einmal an einen Tisch gebracht, um Schlimmeres zu verhindern. Paris und Berlin sollten deshalb auch jetzt ein Verhandlungsangebot schn\u00fcren, mit ihren Partnern abstimmen und es Putin \u00fcbermitteln.<\/li><\/ul>\n\n\n\n<p>Es geht schlie\u00dflich um unser gemeinsames \u00dcberleben als <strong>eine<\/strong> Menschheit auf <strong>einem<\/strong> Planeten unter <strong>einer<\/strong> Sonne in unserem gemeinsamen Haus Europa.<\/p>\n\n\n\n<p>Der gro\u00dfe <a href=\"https:\/\/www.kulturdesfriedens.de\/\">Friedensfreund Henning Zierock<\/a> hat es so formuliert: Unser Bestreben muss sein, den Frieden zu gewinnen und nicht den Krieg.<\/p>\n\n\n\n<ul class=\"wp-block-list\"><li><a href=\"https:\/\/www.africom.mil\/\">United States Africa Command<\/a><\/li><li>Franz Alt ist Journalist und Bestseller-Autor. Zusammen mit Michail Gorbatschow ver\u00f6ffentlichte er das Buch&nbsp;<a href=\"https:\/\/www.amazon.de\/gp\/product\/3710900166\/ref=as_li_tl?ie=UTF8&amp;camp=1638&amp;creative=6742&amp;creativeASIN=3710900166&amp;linkCode=as2&amp;tag=drfranzaltferns\" target=\"_blank\" rel=\"noreferrer noopener\">\u201eNie wieder Krieg \u2013 Kommt endlich zur Vernunft\u201c<\/a> im Benevento-Verlag<\/li><\/ul>\n\n\n<h5 class=\"green\">Quelle<\/h5>\r\n\n\n\n<p><a href=\"mailto:franzalt@sonnenseite.com\">Franz Alt 2022<\/a><\/p>\n<div class=\"shariff shariff-align-flex-start shariff-widget-align-flex-start\"><div class=\"ShariffHeadline\">Diese Meldung teilen<\/div><ul class=\"shariff-buttons theme-round orientation-horizontal buttonsize-medium\"><li class=\"shariff-button facebook shariff-nocustomcolor\" style=\"background-color:#4273c8;border-radius:1%\"><a href=\"https:\/\/www.facebook.com\/sharer\/sharer.php?u=https%3A%2F%2Fwww.sonnenseite.com%2Fde%2Ffranz-alt%2Fkommentare-interviews%2Fwer-frieden-will-muss-den-frieden-vorbereiten%2F\" title=\"Bei Facebook teilen\" aria-label=\"Bei Facebook teilen\" role=\"button\" rel=\"nofollow\" class=\"shariff-link\" style=\";border-radius:1%; background-color:#3b5998; color:#fff\" target=\"_blank\"><span class=\"shariff-icon\" style=\"\"><svg width=\"32px\" height=\"20px\" xmlns=\"http:\/\/www.w3.org\/2000\/svg\" viewBox=\"0 0 18 32\"><path fill=\"#3b5998\" d=\"M17.1 0.2v4.7h-2.8q-1.5 0-2.1 0.6t-0.5 1.9v3.4h5.2l-0.7 5.3h-4.5v13.6h-5.5v-13.6h-4.5v-5.3h4.5v-3.9q0-3.3 1.9-5.2t5-1.8q2.6 0 4.1 0.2z\"\/><\/svg><\/span><\/a><\/li><li class=\"shariff-button twitter shariff-nocustomcolor\" style=\"background-color:#595959;border-radius:1%\"><a href=\"https:\/\/twitter.com\/share?url=https%3A%2F%2Fwww.sonnenseite.com%2Fde%2Ffranz-alt%2Fkommentare-interviews%2Fwer-frieden-will-muss-den-frieden-vorbereiten%2F&text=Wer%20Frieden%20will%2C%20muss%20den%20Frieden%20vorbereiten\" title=\"Bei X teilen\" aria-label=\"Bei X teilen\" role=\"button\" rel=\"noopener nofollow\" class=\"shariff-link\" style=\";border-radius:1%; background-color:#000; color:#fff\" target=\"_blank\"><span class=\"shariff-icon\" style=\"\"><svg width=\"32px\" height=\"20px\" xmlns=\"http:\/\/www.w3.org\/2000\/svg\" viewBox=\"0 0 24 24\"><path fill=\"#000\" d=\"M14.258 10.152L23.176 0h-2.113l-7.747 8.813L7.133 0H0l9.352 13.328L0 23.973h2.113l8.176-9.309 6.531 9.309h7.133zm-2.895 3.293l-.949-1.328L2.875 1.56h3.246l6.086 8.523.945 1.328 7.91 11.078h-3.246zm0 0\"\/><\/svg><\/span><\/a><\/li><li class=\"shariff-button xing shariff-nocustomcolor\" style=\"background-color:#29888a;border-radius:1%\"><a href=\"https:\/\/www.xing.com\/spi\/shares\/new?url=https%3A%2F%2Fwww.sonnenseite.com%2Fde%2Ffranz-alt%2Fkommentare-interviews%2Fwer-frieden-will-muss-den-frieden-vorbereiten%2F\" title=\"Bei XING teilen\" aria-label=\"Bei XING teilen\" role=\"button\" rel=\"noopener nofollow\" class=\"shariff-link\" style=\";border-radius:1%; background-color:#126567; color:#fff\" target=\"_blank\"><span class=\"shariff-icon\" style=\"\"><svg width=\"32px\" height=\"20px\" xmlns=\"http:\/\/www.w3.org\/2000\/svg\" viewBox=\"0 0 25 32\"><path fill=\"#126567\" d=\"M10.7 11.9q-0.2 0.3-4.6 8.2-0.5 0.8-1.2 0.8h-4.3q-0.4 0-0.5-0.3t0-0.6l4.5-8q0 0 0 0l-2.9-5q-0.2-0.4 0-0.7 0.2-0.3 0.5-0.3h4.3q0.7 0 1.2 0.8zM25.1 0.4q0.2 0.3 0 0.7l-9.4 16.7 6 11q0.2 0.4 0 0.6-0.2 0.3-0.6 0.3h-4.3q-0.7 0-1.2-0.8l-6-11.1q0.3-0.6 9.5-16.8 0.4-0.8 1.2-0.8h4.3q0.4 0 0.5 0.3z\"\/><\/svg><\/span><\/a><\/li><li class=\"shariff-button linkedin shariff-nocustomcolor\" style=\"background-color:#1488bf;border-radius:1%\"><a href=\"https:\/\/www.linkedin.com\/sharing\/share-offsite\/?url=https%3A%2F%2Fwww.sonnenseite.com%2Fde%2Ffranz-alt%2Fkommentare-interviews%2Fwer-frieden-will-muss-den-frieden-vorbereiten%2F\" title=\"Bei LinkedIn teilen\" aria-label=\"Bei LinkedIn teilen\" role=\"button\" rel=\"noopener nofollow\" class=\"shariff-link\" style=\";border-radius:1%; background-color:#0077b5; color:#fff\" target=\"_blank\"><span class=\"shariff-icon\" style=\"\"><svg width=\"32px\" height=\"20px\" xmlns=\"http:\/\/www.w3.org\/2000\/svg\" viewBox=\"0 0 27 32\"><path fill=\"#0077b5\" d=\"M6.2 11.2v17.7h-5.9v-17.7h5.9zM6.6 5.7q0 1.3-0.9 2.2t-2.4 0.9h0q-1.5 0-2.4-0.9t-0.9-2.2 0.9-2.2 2.4-0.9 2.4 0.9 0.9 2.2zM27.4 18.7v10.1h-5.9v-9.5q0-1.9-0.7-2.9t-2.3-1.1q-1.1 0-1.9 0.6t-1.2 1.5q-0.2 0.5-0.2 1.4v9.9h-5.9q0-7.1 0-11.6t0-5.3l0-0.9h5.9v2.6h0q0.4-0.6 0.7-1t1-0.9 1.6-0.8 2-0.3q3 0 4.9 2t1.9 6z\"\/><\/svg><\/span><\/a><\/li><li class=\"shariff-button printer shariff-nocustomcolor\" style=\"background-color:#a8a8a8;border-radius:1%\"><a href=\"javascript:window.print()\" title=\"drucken\" aria-label=\"drucken\" role=\"button\" rel=\"noopener nofollow\" class=\"shariff-link\" style=\";border-radius:1%; background-color:#999; color:#fff\"><span class=\"shariff-icon\" style=\"\"><svg width=\"32px\" height=\"20px\" xmlns=\"http:\/\/www.w3.org\/2000\/svg\" viewBox=\"0 0 30 32\"><path fill=\"#999\" d=\"M6.8 27.4h16v-4.6h-16v4.6zM6.8 16h16v-6.8h-2.8q-0.7 0-1.2-0.5t-0.5-1.2v-2.8h-11.4v11.4zM27.4 17.2q0-0.5-0.3-0.8t-0.8-0.4-0.8 0.4-0.3 0.8 0.3 0.8 0.8 0.3 0.8-0.3 0.3-0.8zM29.7 17.2v7.4q0 0.2-0.2 0.4t-0.4 0.2h-4v2.8q0 0.7-0.5 1.2t-1.2 0.5h-17.2q-0.7 0-1.2-0.5t-0.5-1.2v-2.8h-4q-0.2 0-0.4-0.2t-0.2-0.4v-7.4q0-1.4 1-2.4t2.4-1h1.2v-9.7q0-0.7 0.5-1.2t1.2-0.5h12q0.7 0 1.6 0.4t1.3 0.8l2.7 2.7q0.5 0.5 0.9 1.4t0.4 1.6v4.6h1.1q1.4 0 2.4 1t1 2.4z\"\/><\/svg><\/span><\/a><\/li><li class=\"shariff-button mailto shariff-nocustomcolor\" style=\"background-color:#a8a8a8;border-radius:1%\"><a href=\"mailto:?body=https%3A%2F%2Fwww.sonnenseite.com%2Fde%2Ffranz-alt%2Fkommentare-interviews%2Fwer-frieden-will-muss-den-frieden-vorbereiten%2F&subject=Wer%20Frieden%20will%2C%20muss%20den%20Frieden%20vorbereiten\" title=\"Per E-Mail versenden\" aria-label=\"Per E-Mail versenden\" role=\"button\" rel=\"noopener nofollow\" class=\"shariff-link\" style=\";border-radius:1%; background-color:#999; color:#fff\"><span class=\"shariff-icon\" style=\"\"><svg width=\"32px\" height=\"20px\" xmlns=\"http:\/\/www.w3.org\/2000\/svg\" viewBox=\"0 0 32 32\"><path fill=\"#999\" d=\"M32 12.7v14.2q0 1.2-0.8 2t-2 0.9h-26.3q-1.2 0-2-0.9t-0.8-2v-14.2q0.8 0.9 1.8 1.6 6.5 4.4 8.9 6.1 1 0.8 1.6 1.2t1.7 0.9 2 0.4h0.1q0.9 0 2-0.4t1.7-0.9 1.6-1.2q3-2.2 8.9-6.1 1-0.7 1.8-1.6zM32 7.4q0 1.4-0.9 2.7t-2.2 2.2q-6.7 4.7-8.4 5.8-0.2 0.1-0.7 0.5t-1 0.7-0.9 0.6-1.1 0.5-0.9 0.2h-0.1q-0.4 0-0.9-0.2t-1.1-0.5-0.9-0.6-1-0.7-0.7-0.5q-1.6-1.1-4.7-3.2t-3.6-2.6q-1.1-0.7-2.1-2t-1-2.5q0-1.4 0.7-2.3t2.1-0.9h26.3q1.2 0 2 0.8t0.9 2z\"\/><\/svg><\/span><\/a><\/li><\/ul><\/div>","protected":false},"excerpt":{"rendered":"<p>Franz Alts Rede&nbsp; auf dem Katholikentag vor dem Africom in Stuttgart. Die FAZ vom 28. Mai [&hellip;]<\/p>\n","protected":false},"author":3,"featured_media":81292,"comment_status":"closed","ping_status":"closed","sticky":false,"template":"","format":"standard","meta":{"inline_featured_image":false,"footnotes":""},"categories":[29],"tags":[],"class_list":["post-82551","post","type-post","status-publish","format-standard","has-post-thumbnail","hentry","category-kommentare-interviews"],"yoast_head":"<!-- This site is optimized with the Yoast SEO plugin v26.5 - https:\/\/yoast.com\/wordpress\/plugins\/seo\/ -->\n<title>Wer Frieden will, muss den Frieden vorbereiten - Sonnenseite - \u00d6kologische Kommunikation mit Franz Alt<\/title>\n<meta name=\"description\" content=\"Franz Alts Rede&nbsp; auf dem Katholikentag vor dem Africom in Stuttgart. Die FAZ vom 28. Mai 20 erschien mit der \u00dcberschrift \u201eFrieden schaffen mit mehr\" \/>\n<meta name=\"robots\" content=\"index, follow, max-snippet:-1, max-image-preview:large, max-video-preview:-1\" \/>\n<link rel=\"canonical\" href=\"https:\/\/www.sonnenseite.com\/de\/franz-alt\/kommentare-interviews\/wer-frieden-will-muss-den-frieden-vorbereiten\/\" \/>\n<meta property=\"og:locale\" content=\"de_DE\" \/>\n<meta property=\"og:type\" content=\"article\" \/>\n<meta property=\"og:title\" content=\"Wer Frieden will, muss den Frieden vorbereiten - Sonnenseite - \u00d6kologische Kommunikation mit Franz Alt\" \/>\n<meta property=\"og:description\" content=\"Franz Alts Rede&nbsp; auf dem Katholikentag vor dem Africom in Stuttgart. Die FAZ vom 28. Mai 20 erschien mit der \u00dcberschrift \u201eFrieden schaffen mit mehr\" \/>\n<meta property=\"og:url\" content=\"https:\/\/www.sonnenseite.com\/de\/franz-alt\/kommentare-interviews\/wer-frieden-will-muss-den-frieden-vorbereiten\/\" \/>\n<meta property=\"og:site_name\" content=\"Sonnenseite\" \/>\n<meta property=\"article:publisher\" content=\"https:\/\/www.facebook.com\/pages\/Franz-Alt-SONNENSEITECOM\/221072987903953?fref=ts\" \/>\n<meta property=\"article:published_time\" content=\"2022-05-29T11:48:49+00:00\" \/>\n<meta property=\"article:modified_time\" content=\"2022-06-19T07:20:20+00:00\" \/>\n<meta property=\"og:image\" content=\"https:\/\/www.sonnenseite.com\/wp-content\/uploads\/2022\/04\/Krieg_VadimVasenin.jpg\" \/>\n\t<meta property=\"og:image:width\" content=\"770\" \/>\n\t<meta property=\"og:image:height\" content=\"420\" \/>\n\t<meta property=\"og:image:type\" content=\"image\/jpeg\" \/>\n<meta name=\"author\" content=\"Bigi Alt\" \/>\n<meta name=\"twitter:card\" content=\"summary_large_image\" \/>\n<meta name=\"twitter:creator\" content=\"@franzalt\" \/>\n<meta name=\"twitter:site\" content=\"@franzalt\" \/>\n<meta name=\"twitter:label1\" content=\"Verfasst von\" \/>\n\t<meta name=\"twitter:data1\" content=\"Bigi Alt\" \/>\n\t<meta name=\"twitter:label2\" content=\"Gesch\u00e4tzte Lesezeit\" \/>\n\t<meta name=\"twitter:data2\" content=\"8\u00a0Minuten\" \/>\n<script type=\"application\/ld+json\" class=\"yoast-schema-graph\">{\"@context\":\"https:\/\/schema.org\",\"@graph\":[{\"@type\":\"Article\",\"@id\":\"https:\/\/www.sonnenseite.com\/de\/franz-alt\/kommentare-interviews\/wer-frieden-will-muss-den-frieden-vorbereiten\/#article\",\"isPartOf\":{\"@id\":\"https:\/\/www.sonnenseite.com\/de\/franz-alt\/kommentare-interviews\/wer-frieden-will-muss-den-frieden-vorbereiten\/\"},\"author\":{\"name\":\"Bigi Alt\",\"@id\":\"https:\/\/www.sonnenseite.com\/de\/#\/schema\/person\/50fda0e926597684c7cc6695238a4eb9\"},\"headline\":\"Wer Frieden will, muss den Frieden vorbereiten\",\"datePublished\":\"2022-05-29T11:48:49+00:00\",\"dateModified\":\"2022-06-19T07:20:20+00:00\",\"mainEntityOfPage\":{\"@id\":\"https:\/\/www.sonnenseite.com\/de\/franz-alt\/kommentare-interviews\/wer-frieden-will-muss-den-frieden-vorbereiten\/\"},\"wordCount\":1343,\"publisher\":{\"@id\":\"https:\/\/www.sonnenseite.com\/de\/#organization\"},\"image\":{\"@id\":\"https:\/\/www.sonnenseite.com\/de\/franz-alt\/kommentare-interviews\/wer-frieden-will-muss-den-frieden-vorbereiten\/#primaryimage\"},\"thumbnailUrl\":\"https:\/\/www.sonnenseite.com\/wp-content\/uploads\/2022\/04\/Krieg_VadimVasenin.jpg\",\"articleSection\":[\"Kommentare &amp; Interviews\"],\"inLanguage\":\"de\"},{\"@type\":\"WebPage\",\"@id\":\"https:\/\/www.sonnenseite.com\/de\/franz-alt\/kommentare-interviews\/wer-frieden-will-muss-den-frieden-vorbereiten\/\",\"url\":\"https:\/\/www.sonnenseite.com\/de\/franz-alt\/kommentare-interviews\/wer-frieden-will-muss-den-frieden-vorbereiten\/\",\"name\":\"Wer Frieden will, muss den Frieden vorbereiten - Sonnenseite - \u00d6kologische Kommunikation mit Franz Alt\",\"isPartOf\":{\"@id\":\"https:\/\/www.sonnenseite.com\/de\/#website\"},\"primaryImageOfPage\":{\"@id\":\"https:\/\/www.sonnenseite.com\/de\/franz-alt\/kommentare-interviews\/wer-frieden-will-muss-den-frieden-vorbereiten\/#primaryimage\"},\"image\":{\"@id\":\"https:\/\/www.sonnenseite.com\/de\/franz-alt\/kommentare-interviews\/wer-frieden-will-muss-den-frieden-vorbereiten\/#primaryimage\"},\"thumbnailUrl\":\"https:\/\/www.sonnenseite.com\/wp-content\/uploads\/2022\/04\/Krieg_VadimVasenin.jpg\",\"datePublished\":\"2022-05-29T11:48:49+00:00\",\"dateModified\":\"2022-06-19T07:20:20+00:00\",\"description\":\"Franz Alts Rede&nbsp; auf dem Katholikentag vor dem Africom in Stuttgart. Die FAZ vom 28. Mai 20 erschien mit der \u00dcberschrift \u201eFrieden schaffen mit mehr\",\"breadcrumb\":{\"@id\":\"https:\/\/www.sonnenseite.com\/de\/franz-alt\/kommentare-interviews\/wer-frieden-will-muss-den-frieden-vorbereiten\/#breadcrumb\"},\"inLanguage\":\"de\",\"potentialAction\":[{\"@type\":\"ReadAction\",\"target\":[\"https:\/\/www.sonnenseite.com\/de\/franz-alt\/kommentare-interviews\/wer-frieden-will-muss-den-frieden-vorbereiten\/\"]}]},{\"@type\":\"ImageObject\",\"inLanguage\":\"de\",\"@id\":\"https:\/\/www.sonnenseite.com\/de\/franz-alt\/kommentare-interviews\/wer-frieden-will-muss-den-frieden-vorbereiten\/#primaryimage\",\"url\":\"https:\/\/www.sonnenseite.com\/wp-content\/uploads\/2022\/04\/Krieg_VadimVasenin.jpg\",\"contentUrl\":\"https:\/\/www.sonnenseite.com\/wp-content\/uploads\/2022\/04\/Krieg_VadimVasenin.jpg\",\"width\":770,\"height\":420,\"caption\":\"Depositphotos.com | Vadim Vasenin | Krieg - No War\"},{\"@type\":\"BreadcrumbList\",\"@id\":\"https:\/\/www.sonnenseite.com\/de\/franz-alt\/kommentare-interviews\/wer-frieden-will-muss-den-frieden-vorbereiten\/#breadcrumb\",\"itemListElement\":[{\"@type\":\"ListItem\",\"position\":1,\"name\":\"Startseite\",\"item\":\"https:\/\/www.sonnenseite.com\/de\/\"},{\"@type\":\"ListItem\",\"position\":2,\"name\":\"Wer Frieden will, muss den Frieden vorbereiten\"}]},{\"@type\":\"WebSite\",\"@id\":\"https:\/\/www.sonnenseite.com\/de\/#website\",\"url\":\"https:\/\/www.sonnenseite.com\/de\/\",\"name\":\"Sonnenseite\",\"description\":\"\u00d6kologische Kommunikation mit Franz Alt\",\"publisher\":{\"@id\":\"https:\/\/www.sonnenseite.com\/de\/#organization\"},\"potentialAction\":[{\"@type\":\"SearchAction\",\"target\":{\"@type\":\"EntryPoint\",\"urlTemplate\":\"https:\/\/www.sonnenseite.com\/de\/?s={search_term_string}\"},\"query-input\":{\"@type\":\"PropertyValueSpecification\",\"valueRequired\":true,\"valueName\":\"search_term_string\"}}],\"inLanguage\":\"de\"},{\"@type\":\"Organization\",\"@id\":\"https:\/\/www.sonnenseite.com\/de\/#organization\",\"name\":\"Sonnenseite\",\"url\":\"https:\/\/www.sonnenseite.com\/de\/\",\"logo\":{\"@type\":\"ImageObject\",\"inLanguage\":\"de\",\"@id\":\"https:\/\/www.sonnenseite.com\/de\/#\/schema\/logo\/image\/\",\"url\":\"https:\/\/www.sonnenseite.com\/wp-content\/uploads\/2020\/05\/Sonnenseite_Logo.png\",\"contentUrl\":\"https:\/\/www.sonnenseite.com\/wp-content\/uploads\/2020\/05\/Sonnenseite_Logo.png\",\"width\":377,\"height\":90,\"caption\":\"Sonnenseite\"},\"image\":{\"@id\":\"https:\/\/www.sonnenseite.com\/de\/#\/schema\/logo\/image\/\"},\"sameAs\":[\"https:\/\/www.facebook.com\/pages\/Franz-Alt-SONNENSEITECOM\/221072987903953?fref=ts\",\"https:\/\/x.com\/franzalt\",\"http:\/\/www.youtube.com\/results?search_query&amp;amp;quot;franz_alt&amp;amp;quot;&amp;amp;amp;amp;search_type&amp;amp;amp;amp;aq=f\"]},{\"@type\":\"Person\",\"@id\":\"https:\/\/www.sonnenseite.com\/de\/#\/schema\/person\/50fda0e926597684c7cc6695238a4eb9\",\"name\":\"Bigi Alt\"}]}<\/script>\n<!-- \/ Yoast SEO plugin. -->","yoast_head_json":{"title":"Wer Frieden will, muss den Frieden vorbereiten - Sonnenseite - \u00d6kologische Kommunikation mit Franz Alt","description":"Franz Alts Rede&nbsp; auf dem Katholikentag vor dem Africom in Stuttgart. Die FAZ vom 28. Mai 20 erschien mit der \u00dcberschrift \u201eFrieden schaffen mit mehr","robots":{"index":"index","follow":"follow","max-snippet":"max-snippet:-1","max-image-preview":"max-image-preview:large","max-video-preview":"max-video-preview:-1"},"canonical":"https:\/\/www.sonnenseite.com\/de\/franz-alt\/kommentare-interviews\/wer-frieden-will-muss-den-frieden-vorbereiten\/","og_locale":"de_DE","og_type":"article","og_title":"Wer Frieden will, muss den Frieden vorbereiten - Sonnenseite - \u00d6kologische Kommunikation mit Franz Alt","og_description":"Franz Alts Rede&nbsp; auf dem Katholikentag vor dem Africom in Stuttgart. Die FAZ vom 28. Mai 20 erschien mit der \u00dcberschrift \u201eFrieden schaffen mit mehr","og_url":"https:\/\/www.sonnenseite.com\/de\/franz-alt\/kommentare-interviews\/wer-frieden-will-muss-den-frieden-vorbereiten\/","og_site_name":"Sonnenseite","article_publisher":"https:\/\/www.facebook.com\/pages\/Franz-Alt-SONNENSEITECOM\/221072987903953?fref=ts","article_published_time":"2022-05-29T11:48:49+00:00","article_modified_time":"2022-06-19T07:20:20+00:00","og_image":[{"width":770,"height":420,"url":"https:\/\/www.sonnenseite.com\/wp-content\/uploads\/2022\/04\/Krieg_VadimVasenin.jpg","type":"image\/jpeg"}],"author":"Bigi Alt","twitter_card":"summary_large_image","twitter_creator":"@franzalt","twitter_site":"@franzalt","twitter_misc":{"Verfasst von":"Bigi Alt","Gesch\u00e4tzte Lesezeit":"8\u00a0Minuten"},"schema":{"@context":"https:\/\/schema.org","@graph":[{"@type":"Article","@id":"https:\/\/www.sonnenseite.com\/de\/franz-alt\/kommentare-interviews\/wer-frieden-will-muss-den-frieden-vorbereiten\/#article","isPartOf":{"@id":"https:\/\/www.sonnenseite.com\/de\/franz-alt\/kommentare-interviews\/wer-frieden-will-muss-den-frieden-vorbereiten\/"},"author":{"name":"Bigi Alt","@id":"https:\/\/www.sonnenseite.com\/de\/#\/schema\/person\/50fda0e926597684c7cc6695238a4eb9"},"headline":"Wer Frieden will, muss den Frieden vorbereiten","datePublished":"2022-05-29T11:48:49+00:00","dateModified":"2022-06-19T07:20:20+00:00","mainEntityOfPage":{"@id":"https:\/\/www.sonnenseite.com\/de\/franz-alt\/kommentare-interviews\/wer-frieden-will-muss-den-frieden-vorbereiten\/"},"wordCount":1343,"publisher":{"@id":"https:\/\/www.sonnenseite.com\/de\/#organization"},"image":{"@id":"https:\/\/www.sonnenseite.com\/de\/franz-alt\/kommentare-interviews\/wer-frieden-will-muss-den-frieden-vorbereiten\/#primaryimage"},"thumbnailUrl":"https:\/\/www.sonnenseite.com\/wp-content\/uploads\/2022\/04\/Krieg_VadimVasenin.jpg","articleSection":["Kommentare &amp; Interviews"],"inLanguage":"de"},{"@type":"WebPage","@id":"https:\/\/www.sonnenseite.com\/de\/franz-alt\/kommentare-interviews\/wer-frieden-will-muss-den-frieden-vorbereiten\/","url":"https:\/\/www.sonnenseite.com\/de\/franz-alt\/kommentare-interviews\/wer-frieden-will-muss-den-frieden-vorbereiten\/","name":"Wer Frieden will, muss den Frieden vorbereiten - Sonnenseite - \u00d6kologische Kommunikation mit Franz Alt","isPartOf":{"@id":"https:\/\/www.sonnenseite.com\/de\/#website"},"primaryImageOfPage":{"@id":"https:\/\/www.sonnenseite.com\/de\/franz-alt\/kommentare-interviews\/wer-frieden-will-muss-den-frieden-vorbereiten\/#primaryimage"},"image":{"@id":"https:\/\/www.sonnenseite.com\/de\/franz-alt\/kommentare-interviews\/wer-frieden-will-muss-den-frieden-vorbereiten\/#primaryimage"},"thumbnailUrl":"https:\/\/www.sonnenseite.com\/wp-content\/uploads\/2022\/04\/Krieg_VadimVasenin.jpg","datePublished":"2022-05-29T11:48:49+00:00","dateModified":"2022-06-19T07:20:20+00:00","description":"Franz Alts Rede&nbsp; auf dem Katholikentag vor dem Africom in Stuttgart. Die FAZ vom 28. Mai 20 erschien mit der \u00dcberschrift \u201eFrieden schaffen mit mehr","breadcrumb":{"@id":"https:\/\/www.sonnenseite.com\/de\/franz-alt\/kommentare-interviews\/wer-frieden-will-muss-den-frieden-vorbereiten\/#breadcrumb"},"inLanguage":"de","potentialAction":[{"@type":"ReadAction","target":["https:\/\/www.sonnenseite.com\/de\/franz-alt\/kommentare-interviews\/wer-frieden-will-muss-den-frieden-vorbereiten\/"]}]},{"@type":"ImageObject","inLanguage":"de","@id":"https:\/\/www.sonnenseite.com\/de\/franz-alt\/kommentare-interviews\/wer-frieden-will-muss-den-frieden-vorbereiten\/#primaryimage","url":"https:\/\/www.sonnenseite.com\/wp-content\/uploads\/2022\/04\/Krieg_VadimVasenin.jpg","contentUrl":"https:\/\/www.sonnenseite.com\/wp-content\/uploads\/2022\/04\/Krieg_VadimVasenin.jpg","width":770,"height":420,"caption":"Depositphotos.com | Vadim Vasenin | Krieg - No War"},{"@type":"BreadcrumbList","@id":"https:\/\/www.sonnenseite.com\/de\/franz-alt\/kommentare-interviews\/wer-frieden-will-muss-den-frieden-vorbereiten\/#breadcrumb","itemListElement":[{"@type":"ListItem","position":1,"name":"Startseite","item":"https:\/\/www.sonnenseite.com\/de\/"},{"@type":"ListItem","position":2,"name":"Wer Frieden will, muss den Frieden vorbereiten"}]},{"@type":"WebSite","@id":"https:\/\/www.sonnenseite.com\/de\/#website","url":"https:\/\/www.sonnenseite.com\/de\/","name":"Sonnenseite","description":"\u00d6kologische Kommunikation mit Franz Alt","publisher":{"@id":"https:\/\/www.sonnenseite.com\/de\/#organization"},"potentialAction":[{"@type":"SearchAction","target":{"@type":"EntryPoint","urlTemplate":"https:\/\/www.sonnenseite.com\/de\/?s={search_term_string}"},"query-input":{"@type":"PropertyValueSpecification","valueRequired":true,"valueName":"search_term_string"}}],"inLanguage":"de"},{"@type":"Organization","@id":"https:\/\/www.sonnenseite.com\/de\/#organization","name":"Sonnenseite","url":"https:\/\/www.sonnenseite.com\/de\/","logo":{"@type":"ImageObject","inLanguage":"de","@id":"https:\/\/www.sonnenseite.com\/de\/#\/schema\/logo\/image\/","url":"https:\/\/www.sonnenseite.com\/wp-content\/uploads\/2020\/05\/Sonnenseite_Logo.png","contentUrl":"https:\/\/www.sonnenseite.com\/wp-content\/uploads\/2020\/05\/Sonnenseite_Logo.png","width":377,"height":90,"caption":"Sonnenseite"},"image":{"@id":"https:\/\/www.sonnenseite.com\/de\/#\/schema\/logo\/image\/"},"sameAs":["https:\/\/www.facebook.com\/pages\/Franz-Alt-SONNENSEITECOM\/221072987903953?fref=ts","https:\/\/x.com\/franzalt","http:\/\/www.youtube.com\/results?search_query&amp;amp;quot;franz_alt&amp;amp;quot;&amp;amp;amp;amp;search_type&amp;amp;amp;amp;aq=f"]},{"@type":"Person","@id":"https:\/\/www.sonnenseite.com\/de\/#\/schema\/person\/50fda0e926597684c7cc6695238a4eb9","name":"Bigi Alt"}]}},"_links":{"self":[{"href":"https:\/\/www.sonnenseite.com\/de\/wp-json\/wp\/v2\/posts\/82551","targetHints":{"allow":["GET"]}}],"collection":[{"href":"https:\/\/www.sonnenseite.com\/de\/wp-json\/wp\/v2\/posts"}],"about":[{"href":"https:\/\/www.sonnenseite.com\/de\/wp-json\/wp\/v2\/types\/post"}],"author":[{"embeddable":true,"href":"https:\/\/www.sonnenseite.com\/de\/wp-json\/wp\/v2\/users\/3"}],"replies":[{"embeddable":true,"href":"https:\/\/www.sonnenseite.com\/de\/wp-json\/wp\/v2\/comments?post=82551"}],"version-history":[{"count":9,"href":"https:\/\/www.sonnenseite.com\/de\/wp-json\/wp\/v2\/posts\/82551\/revisions"}],"predecessor-version":[{"id":82587,"href":"https:\/\/www.sonnenseite.com\/de\/wp-json\/wp\/v2\/posts\/82551\/revisions\/82587"}],"wp:featuredmedia":[{"embeddable":true,"href":"https:\/\/www.sonnenseite.com\/de\/wp-json\/wp\/v2\/media\/81292"}],"wp:attachment":[{"href":"https:\/\/www.sonnenseite.com\/de\/wp-json\/wp\/v2\/media?parent=82551"}],"wp:term":[{"taxonomy":"category","embeddable":true,"href":"https:\/\/www.sonnenseite.com\/de\/wp-json\/wp\/v2\/categories?post=82551"},{"taxonomy":"post_tag","embeddable":true,"href":"https:\/\/www.sonnenseite.com\/de\/wp-json\/wp\/v2\/tags?post=82551"}],"curies":[{"name":"wp","href":"https:\/\/api.w.org\/{rel}","templated":true}]}}