{"id":82735,"date":"2022-06-04T10:08:24","date_gmt":"2022-06-04T08:08:24","guid":{"rendered":"https:\/\/www.sonnenseite.com\/?p=82735"},"modified":"2022-06-19T09:19:08","modified_gmt":"2022-06-19T07:19:08","slug":"sicherheitsbedenken-halten-menschen-vom-radfahren-ab","status":"publish","type":"post","link":"https:\/\/www.sonnenseite.com\/de\/mobilitaet\/sicherheitsbedenken-halten-menschen-vom-radfahren-ab\/","title":{"rendered":"Sicherheitsbedenken halten Menschen vom Radfahren ab"},"content":{"rendered":"\n<p>Drei Viertel aller Deutschen sind der Ansicht, dass dem Fahrrad eine wichtige Rolle bei der der Reduzierung des Verkehrsaufkommens (75%) und der Verringerung von Treibhausgasen (77%) zukommt. <\/p>\n\n\n\n<p>Das ist das Ergebnis einer aktuellen Umfrage des Markt- und Meinungsforschungsinstituts Ipsos, die anl\u00e4sslich des Weltfahrradtages in 28 L\u00e4ndern durchgef\u00fchrt wurde. Weltweit ist der Anteil derjenigen, f\u00fcr die Radfahren eine wichtige Rolle bei der Verkehrs- (80%) und Emissionsreduktion (86%) spielt, sogar noch etwas gr\u00f6\u00dfer. Trotzdem wird das Fahrrad in den meisten L\u00e4ndern selbst f\u00fcr kurze Strecken erstaunlich selten als bevorzugtes Fortbewegungsmittel genutzt. Wohl auch, weil viele Menschen das Radfahren in ihrer n\u00e4heren Umgebung f\u00fcr zu gef\u00e4hrlich erachten.<\/p>\n\n\n\n<h5 class=\"wp-block-heading\">Auto sogar bei kurzen Strecken beliebter als das Fahrrad&nbsp;<\/h5>\n\n\n\n<p>Weltweit nutzen lediglich 14 Prozent der Befragten am h\u00e4ufigsten das Fahrrad, um in ihrer Wohngegend kurze Strecken bis zu 2 Kilometern zur\u00fcckzulegen. Die Unterschiede im Mobilit\u00e4tsverhalten der Menschen zwischen den untersuchten L\u00e4ndern sind allerdings erheblich. W\u00e4hrend das Fahrrad in den Niederlanden (45%) und in China (33%) das mit Abstand am h\u00e4ufigsten genutzte Verkehrsmittel f\u00fcr kurze Strecken ist, greift in Deutschland nur jeder F\u00fcnfte bevorzugt zum Fahrradlenker (21%). Jeder dritte Deutsche legt kurze Entfernungen stattdessen lieber zu Fu\u00df (33%) oder mit dem Auto (31%) zur\u00fcck. In anderen europ\u00e4ischen L\u00e4ndern wie Spanien (6%) und Gro\u00dfbritannien (6%) oder den USA (6%) wird das Rad jedoch noch deutlich seltener genutzt.<\/p>\n\n\n\n<div class=\"wp-block-image\"><figure class=\"alignleft size-full is-resized\"><img loading=\"lazy\" decoding=\"async\" src=\"https:\/\/www.sonnenseite.com\/wp-content\/uploads\/2022\/06\/Ipsos_Radfahren-in-Deutschland_2022.jpg\" alt=\"\" class=\"wp-image-82737\" width=\"349\" height=\"457\" srcset=\"https:\/\/www.sonnenseite.com\/wp-content\/uploads\/2022\/06\/Ipsos_Radfahren-in-Deutschland_2022.jpg 700w, https:\/\/www.sonnenseite.com\/wp-content\/uploads\/2022\/06\/Ipsos_Radfahren-in-Deutschland_2022-229x300.jpg 229w\" sizes=\"auto, (max-width: 349px) 100vw, 349px\" \/><figcaption>\u00a9 Ipsos \/ ipsos.com<\/figcaption><\/figure><\/div>\n\n\n\n<h5 class=\"wp-block-heading\">Je sicherer die Infrastruktur, desto h\u00e4ufiger wird das Rad genutzt<\/h5>\n\n\n\n<p>Auff\u00e4llig ist, dass die Fahrradnutzung f\u00fcr Besorgungen oder den Arbeitsweg in solchen L\u00e4ndern am h\u00f6chsten ist, in denen es als sicheres Verkehrsmittel wahrgenommen wird, so z. B. in China oder den Niederlanden. Weltweit gibt mehr als die H\u00e4lfte (52%) der Befragten an, dass Radfahren am eigenen Wohnort zu gef\u00e4hrlich sei. W\u00e4hrend dies nur auf einen geringen Anteil der Niederl\u00e4nder (14%) und Chinesen (34%) zutrifft, ist das Unsicherheitsgef\u00fchl in Lateinamerika, aber auch in einigen europ\u00e4ischen L\u00e4ndern wie Italien (62%), Frankreich (61%), Spanien (60%) oder Gro\u00dfbritannien (57%) deutlich gr\u00f6\u00dfer. Deutschland rangiert bei dieser Frage im oberen Mittelfeld: 42 Prozent der Bundesb\u00fcrger bem\u00e4ngeln die Sicherheit f\u00fcr Radfahrer in ihrer Wohngegend.&nbsp;<br>&nbsp;<\/p>\n\n\n\n<h5 class=\"wp-block-heading\">Verkehrsplanung: Radverkehr sollte priorisiert werden<\/h5>\n\n\n\n<p>In den meisten untersuchten L\u00e4ndern spricht sich daher auch eine deutliche Mehrheit (weltweit 64%) daf\u00fcr aus, Fahrr\u00e4dern bei neuen Infrastrukturprojekten gegen\u00fcber Autos den Vorrang zu geben. Auch in Deutschland sind 53 Prozent der Befragten der Meinung, dass der Radverkehr bei neuen Stra\u00dfen- und Verkehrsinfrastrukturprojekten in der eigenen Region priorisiert werden sollte. Erneut zeigt sich: Die Unterst\u00fctzung f\u00fcr die Bevorzugung von Fahrr\u00e4dern in der Verkehrsplanung \u00fcberwiegt \u00fcberall dort, wo eine klare Mehrheit die Auffassung teilt, dass Radfahren in der n\u00e4heren Umgebung zu gef\u00e4hrlich ist.\u00a0<\/p>\n\n\n\n<ul class=\"wp-block-list\"><li><a href=\"https:\/\/www.ipsos.com\/sites\/default\/files\/2022-05\/IPSOS_Global%20Advisor-Cycling%20Across%20the%20World-2022-Graphic%20Report_0.pdf\" target=\"_blank\" rel=\"noreferrer noopener\">Studienbericht &#8222;Cycling across the world&#8220; zum Download.<\/a><\/li><\/ul>\n\n\n<h5 class=\"green\">Quelle<\/h5>\r\n\n\n\n<p><a href=\"https:\/\/www.ipsos.com\">Ipsos Institut f\u00fcr Politik- und Sozialforschung 2022<\/a><\/p>\n<div class=\"shariff shariff-align-flex-start shariff-widget-align-flex-start\"><div class=\"ShariffHeadline\">Diese Meldung teilen<\/div><ul class=\"shariff-buttons theme-round orientation-horizontal buttonsize-medium\"><li class=\"shariff-button facebook shariff-nocustomcolor\" style=\"background-color:#4273c8;border-radius:1%\"><a href=\"https:\/\/www.facebook.com\/sharer\/sharer.php?u=https%3A%2F%2Fwww.sonnenseite.com%2Fde%2Fmobilitaet%2Fsicherheitsbedenken-halten-menschen-vom-radfahren-ab%2F\" title=\"Bei Facebook teilen\" aria-label=\"Bei Facebook teilen\" role=\"button\" rel=\"nofollow\" class=\"shariff-link\" style=\";border-radius:1%; background-color:#3b5998; color:#fff\" target=\"_blank\"><span class=\"shariff-icon\" style=\"\"><svg width=\"32px\" height=\"20px\" xmlns=\"http:\/\/www.w3.org\/2000\/svg\" viewBox=\"0 0 18 32\"><path fill=\"#3b5998\" d=\"M17.1 0.2v4.7h-2.8q-1.5 0-2.1 0.6t-0.5 1.9v3.4h5.2l-0.7 5.3h-4.5v13.6h-5.5v-13.6h-4.5v-5.3h4.5v-3.9q0-3.3 1.9-5.2t5-1.8q2.6 0 4.1 0.2z\"\/><\/svg><\/span><\/a><\/li><li class=\"shariff-button twitter shariff-nocustomcolor\" style=\"background-color:#595959;border-radius:1%\"><a href=\"https:\/\/twitter.com\/share?url=https%3A%2F%2Fwww.sonnenseite.com%2Fde%2Fmobilitaet%2Fsicherheitsbedenken-halten-menschen-vom-radfahren-ab%2F&text=Sicherheitsbedenken%20halten%20Menschen%20vom%20Radfahren%20ab\" title=\"Bei X teilen\" aria-label=\"Bei X teilen\" role=\"button\" rel=\"noopener nofollow\" class=\"shariff-link\" style=\";border-radius:1%; background-color:#000; color:#fff\" target=\"_blank\"><span class=\"shariff-icon\" style=\"\"><svg width=\"32px\" height=\"20px\" xmlns=\"http:\/\/www.w3.org\/2000\/svg\" viewBox=\"0 0 24 24\"><path fill=\"#000\" d=\"M14.258 10.152L23.176 0h-2.113l-7.747 8.813L7.133 0H0l9.352 13.328L0 23.973h2.113l8.176-9.309 6.531 9.309h7.133zm-2.895 3.293l-.949-1.328L2.875 1.56h3.246l6.086 8.523.945 1.328 7.91 11.078h-3.246zm0 0\"\/><\/svg><\/span><\/a><\/li><li class=\"shariff-button xing shariff-nocustomcolor\" style=\"background-color:#29888a;border-radius:1%\"><a href=\"https:\/\/www.xing.com\/spi\/shares\/new?url=https%3A%2F%2Fwww.sonnenseite.com%2Fde%2Fmobilitaet%2Fsicherheitsbedenken-halten-menschen-vom-radfahren-ab%2F\" title=\"Bei XING teilen\" aria-label=\"Bei XING teilen\" role=\"button\" rel=\"noopener nofollow\" class=\"shariff-link\" style=\";border-radius:1%; background-color:#126567; color:#fff\" target=\"_blank\"><span class=\"shariff-icon\" style=\"\"><svg width=\"32px\" height=\"20px\" xmlns=\"http:\/\/www.w3.org\/2000\/svg\" viewBox=\"0 0 25 32\"><path fill=\"#126567\" d=\"M10.7 11.9q-0.2 0.3-4.6 8.2-0.5 0.8-1.2 0.8h-4.3q-0.4 0-0.5-0.3t0-0.6l4.5-8q0 0 0 0l-2.9-5q-0.2-0.4 0-0.7 0.2-0.3 0.5-0.3h4.3q0.7 0 1.2 0.8zM25.1 0.4q0.2 0.3 0 0.7l-9.4 16.7 6 11q0.2 0.4 0 0.6-0.2 0.3-0.6 0.3h-4.3q-0.7 0-1.2-0.8l-6-11.1q0.3-0.6 9.5-16.8 0.4-0.8 1.2-0.8h4.3q0.4 0 0.5 0.3z\"\/><\/svg><\/span><\/a><\/li><li class=\"shariff-button linkedin shariff-nocustomcolor\" style=\"background-color:#1488bf;border-radius:1%\"><a href=\"https:\/\/www.linkedin.com\/sharing\/share-offsite\/?url=https%3A%2F%2Fwww.sonnenseite.com%2Fde%2Fmobilitaet%2Fsicherheitsbedenken-halten-menschen-vom-radfahren-ab%2F\" title=\"Bei LinkedIn teilen\" aria-label=\"Bei LinkedIn teilen\" role=\"button\" rel=\"noopener nofollow\" class=\"shariff-link\" style=\";border-radius:1%; background-color:#0077b5; color:#fff\" target=\"_blank\"><span class=\"shariff-icon\" style=\"\"><svg width=\"32px\" height=\"20px\" xmlns=\"http:\/\/www.w3.org\/2000\/svg\" viewBox=\"0 0 27 32\"><path fill=\"#0077b5\" d=\"M6.2 11.2v17.7h-5.9v-17.7h5.9zM6.6 5.7q0 1.3-0.9 2.2t-2.4 0.9h0q-1.5 0-2.4-0.9t-0.9-2.2 0.9-2.2 2.4-0.9 2.4 0.9 0.9 2.2zM27.4 18.7v10.1h-5.9v-9.5q0-1.9-0.7-2.9t-2.3-1.1q-1.1 0-1.9 0.6t-1.2 1.5q-0.2 0.5-0.2 1.4v9.9h-5.9q0-7.1 0-11.6t0-5.3l0-0.9h5.9v2.6h0q0.4-0.6 0.7-1t1-0.9 1.6-0.8 2-0.3q3 0 4.9 2t1.9 6z\"\/><\/svg><\/span><\/a><\/li><li class=\"shariff-button printer shariff-nocustomcolor\" style=\"background-color:#a8a8a8;border-radius:1%\"><a href=\"javascript:window.print()\" title=\"drucken\" aria-label=\"drucken\" role=\"button\" rel=\"noopener nofollow\" class=\"shariff-link\" style=\";border-radius:1%; background-color:#999; color:#fff\"><span class=\"shariff-icon\" style=\"\"><svg width=\"32px\" height=\"20px\" xmlns=\"http:\/\/www.w3.org\/2000\/svg\" viewBox=\"0 0 30 32\"><path fill=\"#999\" d=\"M6.8 27.4h16v-4.6h-16v4.6zM6.8 16h16v-6.8h-2.8q-0.7 0-1.2-0.5t-0.5-1.2v-2.8h-11.4v11.4zM27.4 17.2q0-0.5-0.3-0.8t-0.8-0.4-0.8 0.4-0.3 0.8 0.3 0.8 0.8 0.3 0.8-0.3 0.3-0.8zM29.7 17.2v7.4q0 0.2-0.2 0.4t-0.4 0.2h-4v2.8q0 0.7-0.5 1.2t-1.2 0.5h-17.2q-0.7 0-1.2-0.5t-0.5-1.2v-2.8h-4q-0.2 0-0.4-0.2t-0.2-0.4v-7.4q0-1.4 1-2.4t2.4-1h1.2v-9.7q0-0.7 0.5-1.2t1.2-0.5h12q0.7 0 1.6 0.4t1.3 0.8l2.7 2.7q0.5 0.5 0.9 1.4t0.4 1.6v4.6h1.1q1.4 0 2.4 1t1 2.4z\"\/><\/svg><\/span><\/a><\/li><li class=\"shariff-button mailto shariff-nocustomcolor\" style=\"background-color:#a8a8a8;border-radius:1%\"><a href=\"mailto:?body=https%3A%2F%2Fwww.sonnenseite.com%2Fde%2Fmobilitaet%2Fsicherheitsbedenken-halten-menschen-vom-radfahren-ab%2F&subject=Sicherheitsbedenken%20halten%20Menschen%20vom%20Radfahren%20ab\" title=\"Per E-Mail versenden\" aria-label=\"Per E-Mail versenden\" role=\"button\" rel=\"noopener nofollow\" class=\"shariff-link\" style=\";border-radius:1%; background-color:#999; color:#fff\"><span class=\"shariff-icon\" style=\"\"><svg width=\"32px\" height=\"20px\" xmlns=\"http:\/\/www.w3.org\/2000\/svg\" viewBox=\"0 0 32 32\"><path fill=\"#999\" d=\"M32 12.7v14.2q0 1.2-0.8 2t-2 0.9h-26.3q-1.2 0-2-0.9t-0.8-2v-14.2q0.8 0.9 1.8 1.6 6.5 4.4 8.9 6.1 1 0.8 1.6 1.2t1.7 0.9 2 0.4h0.1q0.9 0 2-0.4t1.7-0.9 1.6-1.2q3-2.2 8.9-6.1 1-0.7 1.8-1.6zM32 7.4q0 1.4-0.9 2.7t-2.2 2.2q-6.7 4.7-8.4 5.8-0.2 0.1-0.7 0.5t-1 0.7-0.9 0.6-1.1 0.5-0.9 0.2h-0.1q-0.4 0-0.9-0.2t-1.1-0.5-0.9-0.6-1-0.7-0.7-0.5q-1.6-1.1-4.7-3.2t-3.6-2.6q-1.1-0.7-2.1-2t-1-2.5q0-1.4 0.7-2.3t2.1-0.9h26.3q1.2 0 2 0.8t0.9 2z\"\/><\/svg><\/span><\/a><\/li><\/ul><\/div>","protected":false},"excerpt":{"rendered":"<p>Drei Viertel aller Deutschen sind der Ansicht, dass dem Fahrrad eine wichtige Rolle bei der der [&hellip;]<\/p>\n","protected":false},"author":3,"featured_media":82740,"comment_status":"closed","ping_status":"closed","sticky":false,"template":"","format":"standard","meta":{"inline_featured_image":false,"footnotes":""},"categories":[25],"tags":[],"class_list":["post-82735","post","type-post","status-publish","format-standard","has-post-thumbnail","hentry","category-mobilitaet"],"yoast_head":"<!-- This site is optimized with the Yoast SEO plugin v26.5 - https:\/\/yoast.com\/wordpress\/plugins\/seo\/ -->\n<title>Sicherheitsbedenken halten Menschen vom Radfahren ab - Sonnenseite - \u00d6kologische Kommunikation mit Franz Alt<\/title>\n<meta name=\"description\" content=\"Drei Viertel aller Deutschen sind der Ansicht, dass dem Fahrrad eine wichtige Rolle bei der der Reduzierung des Verkehrsaufkommens (75%) und der\" \/>\n<meta name=\"robots\" content=\"index, follow, max-snippet:-1, max-image-preview:large, max-video-preview:-1\" \/>\n<link rel=\"canonical\" href=\"https:\/\/www.sonnenseite.com\/de\/mobilitaet\/sicherheitsbedenken-halten-menschen-vom-radfahren-ab\/\" \/>\n<meta property=\"og:locale\" content=\"de_DE\" \/>\n<meta property=\"og:type\" content=\"article\" \/>\n<meta property=\"og:title\" content=\"Sicherheitsbedenken halten Menschen vom Radfahren ab - Sonnenseite - \u00d6kologische Kommunikation mit Franz Alt\" \/>\n<meta property=\"og:description\" content=\"Drei Viertel aller Deutschen sind der Ansicht, dass dem Fahrrad eine wichtige Rolle bei der der Reduzierung des Verkehrsaufkommens (75%) und der\" \/>\n<meta property=\"og:url\" content=\"https:\/\/www.sonnenseite.com\/de\/mobilitaet\/sicherheitsbedenken-halten-menschen-vom-radfahren-ab\/\" \/>\n<meta property=\"og:site_name\" content=\"Sonnenseite\" \/>\n<meta property=\"article:publisher\" content=\"https:\/\/www.facebook.com\/pages\/Franz-Alt-SONNENSEITECOM\/221072987903953?fref=ts\" \/>\n<meta property=\"article:published_time\" content=\"2022-06-04T08:08:24+00:00\" \/>\n<meta property=\"article:modified_time\" content=\"2022-06-19T07:19:08+00:00\" \/>\n<meta property=\"og:image\" content=\"https:\/\/www.sonnenseite.com\/wp-content\/uploads\/2022\/06\/Fahrradweg_mikdam.jpg\" \/>\n\t<meta property=\"og:image:width\" content=\"770\" \/>\n\t<meta property=\"og:image:height\" content=\"420\" \/>\n\t<meta property=\"og:image:type\" content=\"image\/jpeg\" \/>\n<meta name=\"author\" content=\"Bigi Alt\" \/>\n<meta name=\"twitter:card\" content=\"summary_large_image\" \/>\n<meta name=\"twitter:creator\" content=\"@franzalt\" \/>\n<meta name=\"twitter:site\" content=\"@franzalt\" \/>\n<meta name=\"twitter:label1\" content=\"Verfasst von\" \/>\n\t<meta name=\"twitter:data1\" content=\"Bigi Alt\" \/>\n\t<meta name=\"twitter:label2\" content=\"Gesch\u00e4tzte Lesezeit\" \/>\n\t<meta name=\"twitter:data2\" content=\"3\u00a0Minuten\" \/>\n<script type=\"application\/ld+json\" class=\"yoast-schema-graph\">{\"@context\":\"https:\/\/schema.org\",\"@graph\":[{\"@type\":\"Article\",\"@id\":\"https:\/\/www.sonnenseite.com\/de\/mobilitaet\/sicherheitsbedenken-halten-menschen-vom-radfahren-ab\/#article\",\"isPartOf\":{\"@id\":\"https:\/\/www.sonnenseite.com\/de\/mobilitaet\/sicherheitsbedenken-halten-menschen-vom-radfahren-ab\/\"},\"author\":{\"name\":\"Bigi Alt\",\"@id\":\"https:\/\/www.sonnenseite.com\/de\/#\/schema\/person\/50fda0e926597684c7cc6695238a4eb9\"},\"headline\":\"Sicherheitsbedenken halten Menschen vom Radfahren ab\",\"datePublished\":\"2022-06-04T08:08:24+00:00\",\"dateModified\":\"2022-06-19T07:19:08+00:00\",\"mainEntityOfPage\":{\"@id\":\"https:\/\/www.sonnenseite.com\/de\/mobilitaet\/sicherheitsbedenken-halten-menschen-vom-radfahren-ab\/\"},\"wordCount\":474,\"publisher\":{\"@id\":\"https:\/\/www.sonnenseite.com\/de\/#organization\"},\"image\":{\"@id\":\"https:\/\/www.sonnenseite.com\/de\/mobilitaet\/sicherheitsbedenken-halten-menschen-vom-radfahren-ab\/#primaryimage\"},\"thumbnailUrl\":\"https:\/\/www.sonnenseite.com\/wp-content\/uploads\/2022\/06\/Fahrradweg_mikdam.jpg\",\"articleSection\":[\"Mobilit\u00e4t\"],\"inLanguage\":\"de\"},{\"@type\":\"WebPage\",\"@id\":\"https:\/\/www.sonnenseite.com\/de\/mobilitaet\/sicherheitsbedenken-halten-menschen-vom-radfahren-ab\/\",\"url\":\"https:\/\/www.sonnenseite.com\/de\/mobilitaet\/sicherheitsbedenken-halten-menschen-vom-radfahren-ab\/\",\"name\":\"Sicherheitsbedenken halten Menschen vom Radfahren ab - Sonnenseite - \u00d6kologische Kommunikation mit Franz Alt\",\"isPartOf\":{\"@id\":\"https:\/\/www.sonnenseite.com\/de\/#website\"},\"primaryImageOfPage\":{\"@id\":\"https:\/\/www.sonnenseite.com\/de\/mobilitaet\/sicherheitsbedenken-halten-menschen-vom-radfahren-ab\/#primaryimage\"},\"image\":{\"@id\":\"https:\/\/www.sonnenseite.com\/de\/mobilitaet\/sicherheitsbedenken-halten-menschen-vom-radfahren-ab\/#primaryimage\"},\"thumbnailUrl\":\"https:\/\/www.sonnenseite.com\/wp-content\/uploads\/2022\/06\/Fahrradweg_mikdam.jpg\",\"datePublished\":\"2022-06-04T08:08:24+00:00\",\"dateModified\":\"2022-06-19T07:19:08+00:00\",\"description\":\"Drei Viertel aller Deutschen sind der Ansicht, dass dem Fahrrad eine wichtige Rolle bei der der Reduzierung des Verkehrsaufkommens (75%) und der\",\"breadcrumb\":{\"@id\":\"https:\/\/www.sonnenseite.com\/de\/mobilitaet\/sicherheitsbedenken-halten-menschen-vom-radfahren-ab\/#breadcrumb\"},\"inLanguage\":\"de\",\"potentialAction\":[{\"@type\":\"ReadAction\",\"target\":[\"https:\/\/www.sonnenseite.com\/de\/mobilitaet\/sicherheitsbedenken-halten-menschen-vom-radfahren-ab\/\"]}]},{\"@type\":\"ImageObject\",\"inLanguage\":\"de\",\"@id\":\"https:\/\/www.sonnenseite.com\/de\/mobilitaet\/sicherheitsbedenken-halten-menschen-vom-radfahren-ab\/#primaryimage\",\"url\":\"https:\/\/www.sonnenseite.com\/wp-content\/uploads\/2022\/06\/Fahrradweg_mikdam.jpg\",\"contentUrl\":\"https:\/\/www.sonnenseite.com\/wp-content\/uploads\/2022\/06\/Fahrradweg_mikdam.jpg\",\"width\":770,\"height\":420,\"caption\":\"Depositphotos.com | mikdam\"},{\"@type\":\"BreadcrumbList\",\"@id\":\"https:\/\/www.sonnenseite.com\/de\/mobilitaet\/sicherheitsbedenken-halten-menschen-vom-radfahren-ab\/#breadcrumb\",\"itemListElement\":[{\"@type\":\"ListItem\",\"position\":1,\"name\":\"Startseite\",\"item\":\"https:\/\/www.sonnenseite.com\/de\/\"},{\"@type\":\"ListItem\",\"position\":2,\"name\":\"Sicherheitsbedenken halten Menschen vom Radfahren ab\"}]},{\"@type\":\"WebSite\",\"@id\":\"https:\/\/www.sonnenseite.com\/de\/#website\",\"url\":\"https:\/\/www.sonnenseite.com\/de\/\",\"name\":\"Sonnenseite\",\"description\":\"\u00d6kologische Kommunikation mit Franz Alt\",\"publisher\":{\"@id\":\"https:\/\/www.sonnenseite.com\/de\/#organization\"},\"potentialAction\":[{\"@type\":\"SearchAction\",\"target\":{\"@type\":\"EntryPoint\",\"urlTemplate\":\"https:\/\/www.sonnenseite.com\/de\/?s={search_term_string}\"},\"query-input\":{\"@type\":\"PropertyValueSpecification\",\"valueRequired\":true,\"valueName\":\"search_term_string\"}}],\"inLanguage\":\"de\"},{\"@type\":\"Organization\",\"@id\":\"https:\/\/www.sonnenseite.com\/de\/#organization\",\"name\":\"Sonnenseite\",\"url\":\"https:\/\/www.sonnenseite.com\/de\/\",\"logo\":{\"@type\":\"ImageObject\",\"inLanguage\":\"de\",\"@id\":\"https:\/\/www.sonnenseite.com\/de\/#\/schema\/logo\/image\/\",\"url\":\"https:\/\/www.sonnenseite.com\/wp-content\/uploads\/2020\/05\/Sonnenseite_Logo.png\",\"contentUrl\":\"https:\/\/www.sonnenseite.com\/wp-content\/uploads\/2020\/05\/Sonnenseite_Logo.png\",\"width\":377,\"height\":90,\"caption\":\"Sonnenseite\"},\"image\":{\"@id\":\"https:\/\/www.sonnenseite.com\/de\/#\/schema\/logo\/image\/\"},\"sameAs\":[\"https:\/\/www.facebook.com\/pages\/Franz-Alt-SONNENSEITECOM\/221072987903953?fref=ts\",\"https:\/\/x.com\/franzalt\",\"http:\/\/www.youtube.com\/results?search_query&amp;amp;quot;franz_alt&amp;amp;quot;&amp;amp;amp;amp;search_type&amp;amp;amp;amp;aq=f\"]},{\"@type\":\"Person\",\"@id\":\"https:\/\/www.sonnenseite.com\/de\/#\/schema\/person\/50fda0e926597684c7cc6695238a4eb9\",\"name\":\"Bigi Alt\"}]}<\/script>\n<!-- \/ Yoast SEO plugin. -->","yoast_head_json":{"title":"Sicherheitsbedenken halten Menschen vom Radfahren ab - Sonnenseite - \u00d6kologische Kommunikation mit Franz Alt","description":"Drei Viertel aller Deutschen sind der Ansicht, dass dem Fahrrad eine wichtige Rolle bei der der Reduzierung des Verkehrsaufkommens (75%) und der","robots":{"index":"index","follow":"follow","max-snippet":"max-snippet:-1","max-image-preview":"max-image-preview:large","max-video-preview":"max-video-preview:-1"},"canonical":"https:\/\/www.sonnenseite.com\/de\/mobilitaet\/sicherheitsbedenken-halten-menschen-vom-radfahren-ab\/","og_locale":"de_DE","og_type":"article","og_title":"Sicherheitsbedenken halten Menschen vom Radfahren ab - Sonnenseite - \u00d6kologische Kommunikation mit Franz Alt","og_description":"Drei Viertel aller Deutschen sind der Ansicht, dass dem Fahrrad eine wichtige Rolle bei der der Reduzierung des Verkehrsaufkommens (75%) und der","og_url":"https:\/\/www.sonnenseite.com\/de\/mobilitaet\/sicherheitsbedenken-halten-menschen-vom-radfahren-ab\/","og_site_name":"Sonnenseite","article_publisher":"https:\/\/www.facebook.com\/pages\/Franz-Alt-SONNENSEITECOM\/221072987903953?fref=ts","article_published_time":"2022-06-04T08:08:24+00:00","article_modified_time":"2022-06-19T07:19:08+00:00","og_image":[{"width":770,"height":420,"url":"https:\/\/www.sonnenseite.com\/wp-content\/uploads\/2022\/06\/Fahrradweg_mikdam.jpg","type":"image\/jpeg"}],"author":"Bigi Alt","twitter_card":"summary_large_image","twitter_creator":"@franzalt","twitter_site":"@franzalt","twitter_misc":{"Verfasst von":"Bigi Alt","Gesch\u00e4tzte Lesezeit":"3\u00a0Minuten"},"schema":{"@context":"https:\/\/schema.org","@graph":[{"@type":"Article","@id":"https:\/\/www.sonnenseite.com\/de\/mobilitaet\/sicherheitsbedenken-halten-menschen-vom-radfahren-ab\/#article","isPartOf":{"@id":"https:\/\/www.sonnenseite.com\/de\/mobilitaet\/sicherheitsbedenken-halten-menschen-vom-radfahren-ab\/"},"author":{"name":"Bigi Alt","@id":"https:\/\/www.sonnenseite.com\/de\/#\/schema\/person\/50fda0e926597684c7cc6695238a4eb9"},"headline":"Sicherheitsbedenken halten Menschen vom Radfahren ab","datePublished":"2022-06-04T08:08:24+00:00","dateModified":"2022-06-19T07:19:08+00:00","mainEntityOfPage":{"@id":"https:\/\/www.sonnenseite.com\/de\/mobilitaet\/sicherheitsbedenken-halten-menschen-vom-radfahren-ab\/"},"wordCount":474,"publisher":{"@id":"https:\/\/www.sonnenseite.com\/de\/#organization"},"image":{"@id":"https:\/\/www.sonnenseite.com\/de\/mobilitaet\/sicherheitsbedenken-halten-menschen-vom-radfahren-ab\/#primaryimage"},"thumbnailUrl":"https:\/\/www.sonnenseite.com\/wp-content\/uploads\/2022\/06\/Fahrradweg_mikdam.jpg","articleSection":["Mobilit\u00e4t"],"inLanguage":"de"},{"@type":"WebPage","@id":"https:\/\/www.sonnenseite.com\/de\/mobilitaet\/sicherheitsbedenken-halten-menschen-vom-radfahren-ab\/","url":"https:\/\/www.sonnenseite.com\/de\/mobilitaet\/sicherheitsbedenken-halten-menschen-vom-radfahren-ab\/","name":"Sicherheitsbedenken halten Menschen vom Radfahren ab - Sonnenseite - \u00d6kologische Kommunikation mit Franz Alt","isPartOf":{"@id":"https:\/\/www.sonnenseite.com\/de\/#website"},"primaryImageOfPage":{"@id":"https:\/\/www.sonnenseite.com\/de\/mobilitaet\/sicherheitsbedenken-halten-menschen-vom-radfahren-ab\/#primaryimage"},"image":{"@id":"https:\/\/www.sonnenseite.com\/de\/mobilitaet\/sicherheitsbedenken-halten-menschen-vom-radfahren-ab\/#primaryimage"},"thumbnailUrl":"https:\/\/www.sonnenseite.com\/wp-content\/uploads\/2022\/06\/Fahrradweg_mikdam.jpg","datePublished":"2022-06-04T08:08:24+00:00","dateModified":"2022-06-19T07:19:08+00:00","description":"Drei Viertel aller Deutschen sind der Ansicht, dass dem Fahrrad eine wichtige Rolle bei der der Reduzierung des Verkehrsaufkommens (75%) und der","breadcrumb":{"@id":"https:\/\/www.sonnenseite.com\/de\/mobilitaet\/sicherheitsbedenken-halten-menschen-vom-radfahren-ab\/#breadcrumb"},"inLanguage":"de","potentialAction":[{"@type":"ReadAction","target":["https:\/\/www.sonnenseite.com\/de\/mobilitaet\/sicherheitsbedenken-halten-menschen-vom-radfahren-ab\/"]}]},{"@type":"ImageObject","inLanguage":"de","@id":"https:\/\/www.sonnenseite.com\/de\/mobilitaet\/sicherheitsbedenken-halten-menschen-vom-radfahren-ab\/#primaryimage","url":"https:\/\/www.sonnenseite.com\/wp-content\/uploads\/2022\/06\/Fahrradweg_mikdam.jpg","contentUrl":"https:\/\/www.sonnenseite.com\/wp-content\/uploads\/2022\/06\/Fahrradweg_mikdam.jpg","width":770,"height":420,"caption":"Depositphotos.com | mikdam"},{"@type":"BreadcrumbList","@id":"https:\/\/www.sonnenseite.com\/de\/mobilitaet\/sicherheitsbedenken-halten-menschen-vom-radfahren-ab\/#breadcrumb","itemListElement":[{"@type":"ListItem","position":1,"name":"Startseite","item":"https:\/\/www.sonnenseite.com\/de\/"},{"@type":"ListItem","position":2,"name":"Sicherheitsbedenken halten Menschen vom Radfahren ab"}]},{"@type":"WebSite","@id":"https:\/\/www.sonnenseite.com\/de\/#website","url":"https:\/\/www.sonnenseite.com\/de\/","name":"Sonnenseite","description":"\u00d6kologische Kommunikation mit Franz Alt","publisher":{"@id":"https:\/\/www.sonnenseite.com\/de\/#organization"},"potentialAction":[{"@type":"SearchAction","target":{"@type":"EntryPoint","urlTemplate":"https:\/\/www.sonnenseite.com\/de\/?s={search_term_string}"},"query-input":{"@type":"PropertyValueSpecification","valueRequired":true,"valueName":"search_term_string"}}],"inLanguage":"de"},{"@type":"Organization","@id":"https:\/\/www.sonnenseite.com\/de\/#organization","name":"Sonnenseite","url":"https:\/\/www.sonnenseite.com\/de\/","logo":{"@type":"ImageObject","inLanguage":"de","@id":"https:\/\/www.sonnenseite.com\/de\/#\/schema\/logo\/image\/","url":"https:\/\/www.sonnenseite.com\/wp-content\/uploads\/2020\/05\/Sonnenseite_Logo.png","contentUrl":"https:\/\/www.sonnenseite.com\/wp-content\/uploads\/2020\/05\/Sonnenseite_Logo.png","width":377,"height":90,"caption":"Sonnenseite"},"image":{"@id":"https:\/\/www.sonnenseite.com\/de\/#\/schema\/logo\/image\/"},"sameAs":["https:\/\/www.facebook.com\/pages\/Franz-Alt-SONNENSEITECOM\/221072987903953?fref=ts","https:\/\/x.com\/franzalt","http:\/\/www.youtube.com\/results?search_query&amp;amp;quot;franz_alt&amp;amp;quot;&amp;amp;amp;amp;search_type&amp;amp;amp;amp;aq=f"]},{"@type":"Person","@id":"https:\/\/www.sonnenseite.com\/de\/#\/schema\/person\/50fda0e926597684c7cc6695238a4eb9","name":"Bigi Alt"}]}},"_links":{"self":[{"href":"https:\/\/www.sonnenseite.com\/de\/wp-json\/wp\/v2\/posts\/82735","targetHints":{"allow":["GET"]}}],"collection":[{"href":"https:\/\/www.sonnenseite.com\/de\/wp-json\/wp\/v2\/posts"}],"about":[{"href":"https:\/\/www.sonnenseite.com\/de\/wp-json\/wp\/v2\/types\/post"}],"author":[{"embeddable":true,"href":"https:\/\/www.sonnenseite.com\/de\/wp-json\/wp\/v2\/users\/3"}],"replies":[{"embeddable":true,"href":"https:\/\/www.sonnenseite.com\/de\/wp-json\/wp\/v2\/comments?post=82735"}],"version-history":[{"count":2,"href":"https:\/\/www.sonnenseite.com\/de\/wp-json\/wp\/v2\/posts\/82735\/revisions"}],"predecessor-version":[{"id":82739,"href":"https:\/\/www.sonnenseite.com\/de\/wp-json\/wp\/v2\/posts\/82735\/revisions\/82739"}],"wp:featuredmedia":[{"embeddable":true,"href":"https:\/\/www.sonnenseite.com\/de\/wp-json\/wp\/v2\/media\/82740"}],"wp:attachment":[{"href":"https:\/\/www.sonnenseite.com\/de\/wp-json\/wp\/v2\/media?parent=82735"}],"wp:term":[{"taxonomy":"category","embeddable":true,"href":"https:\/\/www.sonnenseite.com\/de\/wp-json\/wp\/v2\/categories?post=82735"},{"taxonomy":"post_tag","embeddable":true,"href":"https:\/\/www.sonnenseite.com\/de\/wp-json\/wp\/v2\/tags?post=82735"}],"curies":[{"name":"wp","href":"https:\/\/api.w.org\/{rel}","templated":true}]}}