{"id":83129,"date":"2022-06-21T02:37:00","date_gmt":"2022-06-21T00:37:00","guid":{"rendered":"https:\/\/www.sonnenseite.com\/?p=83129"},"modified":"2022-06-20T17:41:02","modified_gmt":"2022-06-20T15:41:02","slug":"oesterreich-absolutes-photovoltaik-rekordjahr-2021-zubau-verdoppelt%ef%bf%bc%ef%bf%bc","status":"publish","type":"post","link":"https:\/\/www.sonnenseite.com\/de\/energie\/oesterreich-absolutes-photovoltaik-rekordjahr-2021-zubau-verdoppelt%ef%bf%bc%ef%bf%bc\/","title":{"rendered":"\u00d6sterreich: Photovoltaik-Zubau hat sich 2021 verdoppelt"},"content":{"rendered":"\n<p>Der <a href=\"https:\/\/nachhaltigwirtschaften.at\/de\/iea\/publikationen\/schriftenreihe-2022-21-marktstatistik.php#downloads\">j\u00e4hrliche Bericht &#8222;Innovative Energietechnologien in \u00d6sterreich, Marktentwicklung 2021&#8220;<\/a> des Klimaschutzministeriums belegt, was die R\u00fcckmeldungen aus der Branche bereits vermuten lie\u00dfen. <\/p>\n\n\n\n<p>2021 wurden so viele Photovoltaik (PV)-Anlagen zugebaut wie nie zuvor. 740 Megawattpeak (MWp) kamen im vergangenen Jahr neu hinzu &#8211; damit wurde der PV-Zubau des Jahres davor (2020) mehr als verdoppelt. Dieser Rekordzubau stellt eine gute und wichtige Ausgangsbasis f\u00fcr den Weg zur Energieunabh\u00e4ngigkeit dar. Der Fortschritt bei der Sonnenstromerzeugung in den Bundesl\u00e4ndern ist jedoch sehr unterschiedlich.<\/p>\n\n\n\n<p>&#8222;Die R\u00fcckmeldungen der Unternehmen lie\u00dfen bereits erwarten, dass 2021 ein ausgesprochen erfolgreiches PV-Jahr war. Die Branche hat im vergangenen Jahr Unglaubliches geleistet!&#8220;, zeigt sich Herbert <strong>Paierl<\/strong>, Vorstandsvorsitzender des Bundesverband Photovoltaic Austria, best\u00e4tigt. &#8222;Das Rekordjahr 2021 muss nun als Grundlage und Motivation f\u00fcr den weiteren Ausbau genommen werden &#8211; die Leistung weiter auszubauen wird f\u00fcr alle fordernd. Das EAG allein ist kein Heilsbringer. Ohne massiven Netzausbau, bef\u00fcrchte ich, werden wir im fossilen Zeitalter stecken bleiben. Dazu fehlen noch wichtige Begleitma\u00dfnahmen wie etwa ausreichend ausgewiesene Fl\u00e4chen f\u00fcr Photovoltaik oder die Beschleunigung der Genehmigungsverfahren&#8220;, verweist <strong>Paierl<\/strong> einmal mehr auf die nach wie vor hinderlichen Rahmenbedingungen.<\/p>\n\n\n<div class=\"wp-block-image\">\n<figure class=\"alignleft size-full is-resized\"><a href=\"https:\/\/www.sonnenseite.com\/wp-content\/uploads\/2022\/06\/pvaustria-at-PV-Zubau-2010-2021-Rekordzubau.jpg\"><img loading=\"lazy\" decoding=\"async\" src=\"https:\/\/www.sonnenseite.com\/wp-content\/uploads\/2022\/06\/pvaustria-at-PV-Zubau-2010-2021-Rekordzubau.jpg\" alt=\"\" class=\"wp-image-83134\" width=\"455\" height=\"322\" srcset=\"https:\/\/www.sonnenseite.com\/wp-content\/uploads\/2022\/06\/pvaustria-at-PV-Zubau-2010-2021-Rekordzubau.jpg 990w, https:\/\/www.sonnenseite.com\/wp-content\/uploads\/2022\/06\/pvaustria-at-PV-Zubau-2010-2021-Rekordzubau-300x212.jpg 300w, https:\/\/www.sonnenseite.com\/wp-content\/uploads\/2022\/06\/pvaustria-at-PV-Zubau-2010-2021-Rekordzubau-768x543.jpg 768w\" sizes=\"auto, (max-width: 455px) 100vw, 455px\" \/><\/a><figcaption>\u00a9 www.pvaustria.at | Zum Vergr\u00f6\u00dfern anklicken!<\/figcaption><\/figure>\n<\/div>\n\n\n<h5 class=\"wp-block-heading\">Das PV-Jahr in Zahlen<\/h5>\n\n\n\n<p>Stolze 740 MWp PV-Leistung wurde 2021 neu installiert. Das ist eine Steigerung des j\u00e4hrlichen Zubaus um 117 % gegen\u00fcber dem Vorjahr (340 MWp in 2020). Mit der bisher gesamt installierten PV-Leistung von 2.783 MWp k\u00f6nnen knapp 5 % der \u00f6sterreichischen Stromnachfrage gedeckt werden. F\u00fcr den enormen Zuwachs spielten besonders die weitreichende F\u00f6rderlandschaft in \u00d6sterreich eine Rolle. Neben der bew\u00e4hrten und kontinuierlichen F\u00f6rderung des Klima- und Energiefonds, stand ungeplanter weise erneut eine Tariff\u00f6rderung der OeMAG sowie erstmalig eine F\u00f6rderung \u00fcber das AWS zur Verf\u00fcgung. So positiv der Bericht auch ausf\u00e4llt &#8211; wir sind noch lange nicht am Ziel. Denn bis 2030 muss diese Leistung verf\u00fcnffacht und der Zubau auf durchschnittlich 1.000 MWp pro Jahr gehoben werden.<\/p>\n\n\n<div class=\"wp-block-image\">\n<figure class=\"alignright size-full is-resized\"><a href=\"https:\/\/www.sonnenseite.com\/wp-content\/uploads\/2022\/06\/pvaustria-at-AktuelleNotwendige-PV-Leistung-20212030.jpg\"><img loading=\"lazy\" decoding=\"async\" src=\"https:\/\/www.sonnenseite.com\/wp-content\/uploads\/2022\/06\/pvaustria-at-AktuelleNotwendige-PV-Leistung-20212030.jpg\" alt=\"\" class=\"wp-image-83132\" width=\"531\" height=\"375\" srcset=\"https:\/\/www.sonnenseite.com\/wp-content\/uploads\/2022\/06\/pvaustria-at-AktuelleNotwendige-PV-Leistung-20212030.jpg 990w, https:\/\/www.sonnenseite.com\/wp-content\/uploads\/2022\/06\/pvaustria-at-AktuelleNotwendige-PV-Leistung-20212030-300x212.jpg 300w, https:\/\/www.sonnenseite.com\/wp-content\/uploads\/2022\/06\/pvaustria-at-AktuelleNotwendige-PV-Leistung-20212030-768x543.jpg 768w\" sizes=\"auto, (max-width: 531px) 100vw, 531px\" \/><\/a><figcaption> \u00a9 www.pvaustria.at | Zum Vergr\u00f6\u00dfern anklicken!<\/figcaption><\/figure>\n<\/div>\n\n\n<h5 class=\"wp-block-heading\">Performance in den Bundesl\u00e4ndern jedoch sehr unterschiedlich<\/h5>\n\n\n\n<p>Die meisten PV-Anlagen wurden in jenen Bundesl\u00e4ndern zugebaut, die auch auf Grund der Fl\u00e4chen- und Bev\u00f6lkerungsgr\u00f6\u00dfe den gr\u00f6\u00dften Ausbau zu stemmen haben. Die Top-L\u00e4nder sind Nieder\u00f6sterreich (+195 MWp) gefolgt von Ober\u00f6sterreich (+177 MWp). Die Steiermark ist vom Frontrunner leider zur\u00fcckgefallen. In den westlichen Bundesl\u00e4ndern tut sich PV m\u00e4\u00dfig \u00fcberhaupt sehr wenig, doch alle Bundesl\u00e4nder m\u00fcssen ihren Beitrag leisten, damit in \u00d6sterreich bis 2030 vollst\u00e4ndig erneuerbarer Strom flie\u00dft.<\/p>\n\n\n\n<p><strong>Fakten:<\/strong><br>PV-Zubau 2021: 740 MW<br>Gesamte installierte PV-Leistung 2021: 2.783 MW<br>Erforderliche installierte PV-Leistung 2030: 13.000 MW<br>Erforderliche installierte PV-Leistung 2040: 30.000 MW<br>Anteil PV-Strom an der Stromnachfrage 2021: 4,7 %<\/p>\n\n\n\n<ul class=\"wp-block-list\"><li>Der <a href=\"https:\/\/nachhaltigwirtschaften.at\/de\/iea\/publikationen\/schriftenreihe-2022-21-marktstatistik.php#downloads\">j\u00e4hrliche Bericht &#8222;Innovative Energietechnologien in \u00d6sterreich, Marktentwicklung 2021&#8220;<\/a><\/li><li>Grafiken sowie weitere Informationen zur Photovoltaik finden Sie <a href=\"https:\/\/pvaustria.at\/presseberichte\">hier<\/a><\/li><\/ul>\n\n\n<h5 class=\"green\">Quelle<\/h5>\r\n\n\n\n<p><a href=\"http:\/\/www.pvaustria.at\">Photovoltaic Austria Bundesverband 2022<\/a><\/p>\n<div class=\"shariff shariff-align-flex-start shariff-widget-align-flex-start\"><div class=\"ShariffHeadline\">Diese Meldung teilen<\/div><ul class=\"shariff-buttons theme-round orientation-horizontal buttonsize-medium\"><li class=\"shariff-button facebook shariff-nocustomcolor\" style=\"background-color:#4273c8;border-radius:1%\"><a href=\"https:\/\/www.facebook.com\/sharer\/sharer.php?u=https%3A%2F%2Fwww.sonnenseite.com%2Fde%2Fenergie%2Foesterreich-absolutes-photovoltaik-rekordjahr-2021-zubau-verdoppelt%25ef%25bf%25bc%25ef%25bf%25bc%2F\" title=\"Bei Facebook teilen\" aria-label=\"Bei Facebook teilen\" role=\"button\" rel=\"nofollow\" class=\"shariff-link\" style=\";border-radius:1%; background-color:#3b5998; color:#fff\" target=\"_blank\"><span class=\"shariff-icon\" style=\"\"><svg width=\"32px\" height=\"20px\" xmlns=\"http:\/\/www.w3.org\/2000\/svg\" viewBox=\"0 0 18 32\"><path fill=\"#3b5998\" d=\"M17.1 0.2v4.7h-2.8q-1.5 0-2.1 0.6t-0.5 1.9v3.4h5.2l-0.7 5.3h-4.5v13.6h-5.5v-13.6h-4.5v-5.3h4.5v-3.9q0-3.3 1.9-5.2t5-1.8q2.6 0 4.1 0.2z\"\/><\/svg><\/span><\/a><\/li><li class=\"shariff-button twitter shariff-nocustomcolor\" style=\"background-color:#595959;border-radius:1%\"><a href=\"https:\/\/twitter.com\/share?url=https%3A%2F%2Fwww.sonnenseite.com%2Fde%2Fenergie%2Foesterreich-absolutes-photovoltaik-rekordjahr-2021-zubau-verdoppelt%25ef%25bf%25bc%25ef%25bf%25bc%2F&text=%C3%96sterreich%3A%20Photovoltaik-Zubau%20hat%20sich%202021%20verdoppelt\" title=\"Bei X teilen\" aria-label=\"Bei X teilen\" role=\"button\" rel=\"noopener nofollow\" class=\"shariff-link\" style=\";border-radius:1%; background-color:#000; color:#fff\" target=\"_blank\"><span class=\"shariff-icon\" style=\"\"><svg width=\"32px\" height=\"20px\" xmlns=\"http:\/\/www.w3.org\/2000\/svg\" viewBox=\"0 0 24 24\"><path fill=\"#000\" d=\"M14.258 10.152L23.176 0h-2.113l-7.747 8.813L7.133 0H0l9.352 13.328L0 23.973h2.113l8.176-9.309 6.531 9.309h7.133zm-2.895 3.293l-.949-1.328L2.875 1.56h3.246l6.086 8.523.945 1.328 7.91 11.078h-3.246zm0 0\"\/><\/svg><\/span><\/a><\/li><li class=\"shariff-button xing shariff-nocustomcolor\" style=\"background-color:#29888a;border-radius:1%\"><a href=\"https:\/\/www.xing.com\/spi\/shares\/new?url=https%3A%2F%2Fwww.sonnenseite.com%2Fde%2Fenergie%2Foesterreich-absolutes-photovoltaik-rekordjahr-2021-zubau-verdoppelt%25ef%25bf%25bc%25ef%25bf%25bc%2F\" title=\"Bei XING teilen\" aria-label=\"Bei XING teilen\" role=\"button\" rel=\"noopener nofollow\" class=\"shariff-link\" style=\";border-radius:1%; background-color:#126567; color:#fff\" target=\"_blank\"><span class=\"shariff-icon\" style=\"\"><svg width=\"32px\" height=\"20px\" xmlns=\"http:\/\/www.w3.org\/2000\/svg\" viewBox=\"0 0 25 32\"><path fill=\"#126567\" d=\"M10.7 11.9q-0.2 0.3-4.6 8.2-0.5 0.8-1.2 0.8h-4.3q-0.4 0-0.5-0.3t0-0.6l4.5-8q0 0 0 0l-2.9-5q-0.2-0.4 0-0.7 0.2-0.3 0.5-0.3h4.3q0.7 0 1.2 0.8zM25.1 0.4q0.2 0.3 0 0.7l-9.4 16.7 6 11q0.2 0.4 0 0.6-0.2 0.3-0.6 0.3h-4.3q-0.7 0-1.2-0.8l-6-11.1q0.3-0.6 9.5-16.8 0.4-0.8 1.2-0.8h4.3q0.4 0 0.5 0.3z\"\/><\/svg><\/span><\/a><\/li><li class=\"shariff-button linkedin shariff-nocustomcolor\" style=\"background-color:#1488bf;border-radius:1%\"><a href=\"https:\/\/www.linkedin.com\/sharing\/share-offsite\/?url=https%3A%2F%2Fwww.sonnenseite.com%2Fde%2Fenergie%2Foesterreich-absolutes-photovoltaik-rekordjahr-2021-zubau-verdoppelt%25ef%25bf%25bc%25ef%25bf%25bc%2F\" title=\"Bei LinkedIn teilen\" aria-label=\"Bei LinkedIn teilen\" role=\"button\" rel=\"noopener nofollow\" class=\"shariff-link\" style=\";border-radius:1%; background-color:#0077b5; color:#fff\" target=\"_blank\"><span class=\"shariff-icon\" style=\"\"><svg width=\"32px\" height=\"20px\" xmlns=\"http:\/\/www.w3.org\/2000\/svg\" viewBox=\"0 0 27 32\"><path fill=\"#0077b5\" d=\"M6.2 11.2v17.7h-5.9v-17.7h5.9zM6.6 5.7q0 1.3-0.9 2.2t-2.4 0.9h0q-1.5 0-2.4-0.9t-0.9-2.2 0.9-2.2 2.4-0.9 2.4 0.9 0.9 2.2zM27.4 18.7v10.1h-5.9v-9.5q0-1.9-0.7-2.9t-2.3-1.1q-1.1 0-1.9 0.6t-1.2 1.5q-0.2 0.5-0.2 1.4v9.9h-5.9q0-7.1 0-11.6t0-5.3l0-0.9h5.9v2.6h0q0.4-0.6 0.7-1t1-0.9 1.6-0.8 2-0.3q3 0 4.9 2t1.9 6z\"\/><\/svg><\/span><\/a><\/li><li class=\"shariff-button printer shariff-nocustomcolor\" style=\"background-color:#a8a8a8;border-radius:1%\"><a href=\"javascript:window.print()\" title=\"drucken\" aria-label=\"drucken\" role=\"button\" rel=\"noopener nofollow\" class=\"shariff-link\" style=\";border-radius:1%; background-color:#999; color:#fff\"><span class=\"shariff-icon\" style=\"\"><svg width=\"32px\" height=\"20px\" xmlns=\"http:\/\/www.w3.org\/2000\/svg\" viewBox=\"0 0 30 32\"><path fill=\"#999\" d=\"M6.8 27.4h16v-4.6h-16v4.6zM6.8 16h16v-6.8h-2.8q-0.7 0-1.2-0.5t-0.5-1.2v-2.8h-11.4v11.4zM27.4 17.2q0-0.5-0.3-0.8t-0.8-0.4-0.8 0.4-0.3 0.8 0.3 0.8 0.8 0.3 0.8-0.3 0.3-0.8zM29.7 17.2v7.4q0 0.2-0.2 0.4t-0.4 0.2h-4v2.8q0 0.7-0.5 1.2t-1.2 0.5h-17.2q-0.7 0-1.2-0.5t-0.5-1.2v-2.8h-4q-0.2 0-0.4-0.2t-0.2-0.4v-7.4q0-1.4 1-2.4t2.4-1h1.2v-9.7q0-0.7 0.5-1.2t1.2-0.5h12q0.7 0 1.6 0.4t1.3 0.8l2.7 2.7q0.5 0.5 0.9 1.4t0.4 1.6v4.6h1.1q1.4 0 2.4 1t1 2.4z\"\/><\/svg><\/span><\/a><\/li><li class=\"shariff-button mailto shariff-nocustomcolor\" style=\"background-color:#a8a8a8;border-radius:1%\"><a href=\"mailto:?body=https%3A%2F%2Fwww.sonnenseite.com%2Fde%2Fenergie%2Foesterreich-absolutes-photovoltaik-rekordjahr-2021-zubau-verdoppelt%25ef%25bf%25bc%25ef%25bf%25bc%2F&subject=%C3%96sterreich%3A%20Photovoltaik-Zubau%20hat%20sich%202021%20verdoppelt\" title=\"Per E-Mail versenden\" aria-label=\"Per E-Mail versenden\" role=\"button\" rel=\"noopener nofollow\" class=\"shariff-link\" style=\";border-radius:1%; background-color:#999; color:#fff\"><span class=\"shariff-icon\" style=\"\"><svg width=\"32px\" height=\"20px\" xmlns=\"http:\/\/www.w3.org\/2000\/svg\" viewBox=\"0 0 32 32\"><path fill=\"#999\" d=\"M32 12.7v14.2q0 1.2-0.8 2t-2 0.9h-26.3q-1.2 0-2-0.9t-0.8-2v-14.2q0.8 0.9 1.8 1.6 6.5 4.4 8.9 6.1 1 0.8 1.6 1.2t1.7 0.9 2 0.4h0.1q0.9 0 2-0.4t1.7-0.9 1.6-1.2q3-2.2 8.9-6.1 1-0.7 1.8-1.6zM32 7.4q0 1.4-0.9 2.7t-2.2 2.2q-6.7 4.7-8.4 5.8-0.2 0.1-0.7 0.5t-1 0.7-0.9 0.6-1.1 0.5-0.9 0.2h-0.1q-0.4 0-0.9-0.2t-1.1-0.5-0.9-0.6-1-0.7-0.7-0.5q-1.6-1.1-4.7-3.2t-3.6-2.6q-1.1-0.7-2.1-2t-1-2.5q0-1.4 0.7-2.3t2.1-0.9h26.3q1.2 0 2 0.8t0.9 2z\"\/><\/svg><\/span><\/a><\/li><\/ul><\/div>","protected":false},"excerpt":{"rendered":"<p>Der j\u00e4hrliche Bericht &#8222;Innovative Energietechnologien in \u00d6sterreich, Marktentwicklung 2021&#8220; des Klimaschutzministeriums belegt, was die R\u00fcckmeldungen aus [&hellip;]<\/p>\n","protected":false},"author":3,"featured_media":60242,"comment_status":"closed","ping_status":"closed","sticky":false,"template":"","format":"standard","meta":{"inline_featured_image":false,"footnotes":""},"categories":[22],"tags":[],"class_list":["post-83129","post","type-post","status-publish","format-standard","has-post-thumbnail","hentry","category-energie"],"yoast_head":"<!-- This site is optimized with the Yoast SEO plugin v26.5 - https:\/\/yoast.com\/wordpress\/plugins\/seo\/ -->\n<title>\u00d6sterreich: Photovoltaik-Zubau hat sich 2021 verdoppelt - Sonnenseite - \u00d6kologische Kommunikation mit Franz Alt<\/title>\n<meta name=\"description\" content=\"Der j\u00e4hrliche Bericht &quot;Innovative Energietechnologien in \u00d6sterreich, Marktentwicklung 2021&quot; des Klimaschutzministeriums belegt, was die R\u00fcckmeldungen aus\" \/>\n<meta name=\"robots\" content=\"index, follow, max-snippet:-1, max-image-preview:large, max-video-preview:-1\" \/>\n<link rel=\"canonical\" href=\"https:\/\/www.sonnenseite.com\/de\/energie\/oesterreich-absolutes-photovoltaik-rekordjahr-2021-zubau-verdoppelt%ef%bf%bc%ef%bf%bc\/\" \/>\n<meta property=\"og:locale\" content=\"de_DE\" \/>\n<meta property=\"og:type\" content=\"article\" \/>\n<meta property=\"og:title\" content=\"\u00d6sterreich: Photovoltaik-Zubau hat sich 2021 verdoppelt - Sonnenseite - \u00d6kologische Kommunikation mit Franz Alt\" \/>\n<meta property=\"og:description\" content=\"Der j\u00e4hrliche Bericht &quot;Innovative Energietechnologien in \u00d6sterreich, Marktentwicklung 2021&quot; des Klimaschutzministeriums belegt, was die R\u00fcckmeldungen aus\" \/>\n<meta property=\"og:url\" content=\"https:\/\/www.sonnenseite.com\/de\/energie\/oesterreich-absolutes-photovoltaik-rekordjahr-2021-zubau-verdoppelt%ef%bf%bc%ef%bf%bc\/\" \/>\n<meta property=\"og:site_name\" content=\"Sonnenseite\" \/>\n<meta property=\"article:publisher\" content=\"https:\/\/www.facebook.com\/pages\/Franz-Alt-SONNENSEITECOM\/221072987903953?fref=ts\" \/>\n<meta property=\"article:published_time\" content=\"2022-06-21T00:37:00+00:00\" \/>\n<meta property=\"og:image\" content=\"https:\/\/www.sonnenseite.com\/wp-content\/uploads\/2020\/06\/Oesterreich_Flagge_JuergenSieber.jpg\" \/>\n\t<meta property=\"og:image:width\" content=\"770\" \/>\n\t<meta property=\"og:image:height\" content=\"420\" \/>\n\t<meta property=\"og:image:type\" content=\"image\/jpeg\" \/>\n<meta name=\"author\" content=\"Bigi Alt\" \/>\n<meta name=\"twitter:card\" content=\"summary_large_image\" \/>\n<meta name=\"twitter:creator\" content=\"@franzalt\" \/>\n<meta name=\"twitter:site\" content=\"@franzalt\" \/>\n<meta name=\"twitter:label1\" content=\"Verfasst von\" \/>\n\t<meta name=\"twitter:data1\" content=\"Bigi Alt\" \/>\n\t<meta name=\"twitter:label2\" content=\"Gesch\u00e4tzte Lesezeit\" \/>\n\t<meta name=\"twitter:data2\" content=\"3\u00a0Minuten\" \/>\n<script type=\"application\/ld+json\" class=\"yoast-schema-graph\">{\"@context\":\"https:\/\/schema.org\",\"@graph\":[{\"@type\":\"Article\",\"@id\":\"https:\/\/www.sonnenseite.com\/de\/energie\/oesterreich-absolutes-photovoltaik-rekordjahr-2021-zubau-verdoppelt%ef%bf%bc%ef%bf%bc\/#article\",\"isPartOf\":{\"@id\":\"https:\/\/www.sonnenseite.com\/de\/energie\/oesterreich-absolutes-photovoltaik-rekordjahr-2021-zubau-verdoppelt%ef%bf%bc%ef%bf%bc\/\"},\"author\":{\"name\":\"Bigi Alt\",\"@id\":\"https:\/\/www.sonnenseite.com\/de\/#\/schema\/person\/50fda0e926597684c7cc6695238a4eb9\"},\"headline\":\"\u00d6sterreich: Photovoltaik-Zubau hat sich 2021 verdoppelt\",\"datePublished\":\"2022-06-21T00:37:00+00:00\",\"mainEntityOfPage\":{\"@id\":\"https:\/\/www.sonnenseite.com\/de\/energie\/oesterreich-absolutes-photovoltaik-rekordjahr-2021-zubau-verdoppelt%ef%bf%bc%ef%bf%bc\/\"},\"wordCount\":453,\"publisher\":{\"@id\":\"https:\/\/www.sonnenseite.com\/de\/#organization\"},\"image\":{\"@id\":\"https:\/\/www.sonnenseite.com\/de\/energie\/oesterreich-absolutes-photovoltaik-rekordjahr-2021-zubau-verdoppelt%ef%bf%bc%ef%bf%bc\/#primaryimage\"},\"thumbnailUrl\":\"https:\/\/www.sonnenseite.com\/wp-content\/uploads\/2020\/06\/Oesterreich_Flagge_JuergenSieber.jpg\",\"articleSection\":[\"Energie\"],\"inLanguage\":\"de\"},{\"@type\":\"WebPage\",\"@id\":\"https:\/\/www.sonnenseite.com\/de\/energie\/oesterreich-absolutes-photovoltaik-rekordjahr-2021-zubau-verdoppelt%ef%bf%bc%ef%bf%bc\/\",\"url\":\"https:\/\/www.sonnenseite.com\/de\/energie\/oesterreich-absolutes-photovoltaik-rekordjahr-2021-zubau-verdoppelt%ef%bf%bc%ef%bf%bc\/\",\"name\":\"\u00d6sterreich: Photovoltaik-Zubau hat sich 2021 verdoppelt - Sonnenseite - \u00d6kologische Kommunikation mit Franz Alt\",\"isPartOf\":{\"@id\":\"https:\/\/www.sonnenseite.com\/de\/#website\"},\"primaryImageOfPage\":{\"@id\":\"https:\/\/www.sonnenseite.com\/de\/energie\/oesterreich-absolutes-photovoltaik-rekordjahr-2021-zubau-verdoppelt%ef%bf%bc%ef%bf%bc\/#primaryimage\"},\"image\":{\"@id\":\"https:\/\/www.sonnenseite.com\/de\/energie\/oesterreich-absolutes-photovoltaik-rekordjahr-2021-zubau-verdoppelt%ef%bf%bc%ef%bf%bc\/#primaryimage\"},\"thumbnailUrl\":\"https:\/\/www.sonnenseite.com\/wp-content\/uploads\/2020\/06\/Oesterreich_Flagge_JuergenSieber.jpg\",\"datePublished\":\"2022-06-21T00:37:00+00:00\",\"description\":\"Der j\u00e4hrliche Bericht \\\"Innovative Energietechnologien in \u00d6sterreich, Marktentwicklung 2021\\\" des Klimaschutzministeriums belegt, was die R\u00fcckmeldungen aus\",\"breadcrumb\":{\"@id\":\"https:\/\/www.sonnenseite.com\/de\/energie\/oesterreich-absolutes-photovoltaik-rekordjahr-2021-zubau-verdoppelt%ef%bf%bc%ef%bf%bc\/#breadcrumb\"},\"inLanguage\":\"de\",\"potentialAction\":[{\"@type\":\"ReadAction\",\"target\":[\"https:\/\/www.sonnenseite.com\/de\/energie\/oesterreich-absolutes-photovoltaik-rekordjahr-2021-zubau-verdoppelt%ef%bf%bc%ef%bf%bc\/\"]}]},{\"@type\":\"ImageObject\",\"inLanguage\":\"de\",\"@id\":\"https:\/\/www.sonnenseite.com\/de\/energie\/oesterreich-absolutes-photovoltaik-rekordjahr-2021-zubau-verdoppelt%ef%bf%bc%ef%bf%bc\/#primaryimage\",\"url\":\"https:\/\/www.sonnenseite.com\/wp-content\/uploads\/2020\/06\/Oesterreich_Flagge_JuergenSieber.jpg\",\"contentUrl\":\"https:\/\/www.sonnenseite.com\/wp-content\/uploads\/2020\/06\/Oesterreich_Flagge_JuergenSieber.jpg\",\"width\":770,\"height\":420,\"caption\":\"pixabay.com | Juergen Sieber\"},{\"@type\":\"BreadcrumbList\",\"@id\":\"https:\/\/www.sonnenseite.com\/de\/energie\/oesterreich-absolutes-photovoltaik-rekordjahr-2021-zubau-verdoppelt%ef%bf%bc%ef%bf%bc\/#breadcrumb\",\"itemListElement\":[{\"@type\":\"ListItem\",\"position\":1,\"name\":\"Startseite\",\"item\":\"https:\/\/www.sonnenseite.com\/de\/\"},{\"@type\":\"ListItem\",\"position\":2,\"name\":\"\u00d6sterreich: Photovoltaik-Zubau hat sich 2021 verdoppelt\"}]},{\"@type\":\"WebSite\",\"@id\":\"https:\/\/www.sonnenseite.com\/de\/#website\",\"url\":\"https:\/\/www.sonnenseite.com\/de\/\",\"name\":\"Sonnenseite\",\"description\":\"\u00d6kologische Kommunikation mit Franz Alt\",\"publisher\":{\"@id\":\"https:\/\/www.sonnenseite.com\/de\/#organization\"},\"potentialAction\":[{\"@type\":\"SearchAction\",\"target\":{\"@type\":\"EntryPoint\",\"urlTemplate\":\"https:\/\/www.sonnenseite.com\/de\/?s={search_term_string}\"},\"query-input\":{\"@type\":\"PropertyValueSpecification\",\"valueRequired\":true,\"valueName\":\"search_term_string\"}}],\"inLanguage\":\"de\"},{\"@type\":\"Organization\",\"@id\":\"https:\/\/www.sonnenseite.com\/de\/#organization\",\"name\":\"Sonnenseite\",\"url\":\"https:\/\/www.sonnenseite.com\/de\/\",\"logo\":{\"@type\":\"ImageObject\",\"inLanguage\":\"de\",\"@id\":\"https:\/\/www.sonnenseite.com\/de\/#\/schema\/logo\/image\/\",\"url\":\"https:\/\/www.sonnenseite.com\/wp-content\/uploads\/2020\/05\/Sonnenseite_Logo.png\",\"contentUrl\":\"https:\/\/www.sonnenseite.com\/wp-content\/uploads\/2020\/05\/Sonnenseite_Logo.png\",\"width\":377,\"height\":90,\"caption\":\"Sonnenseite\"},\"image\":{\"@id\":\"https:\/\/www.sonnenseite.com\/de\/#\/schema\/logo\/image\/\"},\"sameAs\":[\"https:\/\/www.facebook.com\/pages\/Franz-Alt-SONNENSEITECOM\/221072987903953?fref=ts\",\"https:\/\/x.com\/franzalt\",\"http:\/\/www.youtube.com\/results?search_query&amp;amp;quot;franz_alt&amp;amp;quot;&amp;amp;amp;amp;search_type&amp;amp;amp;amp;aq=f\"]},{\"@type\":\"Person\",\"@id\":\"https:\/\/www.sonnenseite.com\/de\/#\/schema\/person\/50fda0e926597684c7cc6695238a4eb9\",\"name\":\"Bigi Alt\"}]}<\/script>\n<!-- \/ Yoast SEO plugin. -->","yoast_head_json":{"title":"\u00d6sterreich: Photovoltaik-Zubau hat sich 2021 verdoppelt - Sonnenseite - \u00d6kologische Kommunikation mit Franz Alt","description":"Der j\u00e4hrliche Bericht \"Innovative Energietechnologien in \u00d6sterreich, Marktentwicklung 2021\" des Klimaschutzministeriums belegt, was die R\u00fcckmeldungen aus","robots":{"index":"index","follow":"follow","max-snippet":"max-snippet:-1","max-image-preview":"max-image-preview:large","max-video-preview":"max-video-preview:-1"},"canonical":"https:\/\/www.sonnenseite.com\/de\/energie\/oesterreich-absolutes-photovoltaik-rekordjahr-2021-zubau-verdoppelt%ef%bf%bc%ef%bf%bc\/","og_locale":"de_DE","og_type":"article","og_title":"\u00d6sterreich: Photovoltaik-Zubau hat sich 2021 verdoppelt - Sonnenseite - \u00d6kologische Kommunikation mit Franz Alt","og_description":"Der j\u00e4hrliche Bericht \"Innovative Energietechnologien in \u00d6sterreich, Marktentwicklung 2021\" des Klimaschutzministeriums belegt, was die R\u00fcckmeldungen aus","og_url":"https:\/\/www.sonnenseite.com\/de\/energie\/oesterreich-absolutes-photovoltaik-rekordjahr-2021-zubau-verdoppelt%ef%bf%bc%ef%bf%bc\/","og_site_name":"Sonnenseite","article_publisher":"https:\/\/www.facebook.com\/pages\/Franz-Alt-SONNENSEITECOM\/221072987903953?fref=ts","article_published_time":"2022-06-21T00:37:00+00:00","og_image":[{"width":770,"height":420,"url":"https:\/\/www.sonnenseite.com\/wp-content\/uploads\/2020\/06\/Oesterreich_Flagge_JuergenSieber.jpg","type":"image\/jpeg"}],"author":"Bigi Alt","twitter_card":"summary_large_image","twitter_creator":"@franzalt","twitter_site":"@franzalt","twitter_misc":{"Verfasst von":"Bigi Alt","Gesch\u00e4tzte Lesezeit":"3\u00a0Minuten"},"schema":{"@context":"https:\/\/schema.org","@graph":[{"@type":"Article","@id":"https:\/\/www.sonnenseite.com\/de\/energie\/oesterreich-absolutes-photovoltaik-rekordjahr-2021-zubau-verdoppelt%ef%bf%bc%ef%bf%bc\/#article","isPartOf":{"@id":"https:\/\/www.sonnenseite.com\/de\/energie\/oesterreich-absolutes-photovoltaik-rekordjahr-2021-zubau-verdoppelt%ef%bf%bc%ef%bf%bc\/"},"author":{"name":"Bigi Alt","@id":"https:\/\/www.sonnenseite.com\/de\/#\/schema\/person\/50fda0e926597684c7cc6695238a4eb9"},"headline":"\u00d6sterreich: Photovoltaik-Zubau hat sich 2021 verdoppelt","datePublished":"2022-06-21T00:37:00+00:00","mainEntityOfPage":{"@id":"https:\/\/www.sonnenseite.com\/de\/energie\/oesterreich-absolutes-photovoltaik-rekordjahr-2021-zubau-verdoppelt%ef%bf%bc%ef%bf%bc\/"},"wordCount":453,"publisher":{"@id":"https:\/\/www.sonnenseite.com\/de\/#organization"},"image":{"@id":"https:\/\/www.sonnenseite.com\/de\/energie\/oesterreich-absolutes-photovoltaik-rekordjahr-2021-zubau-verdoppelt%ef%bf%bc%ef%bf%bc\/#primaryimage"},"thumbnailUrl":"https:\/\/www.sonnenseite.com\/wp-content\/uploads\/2020\/06\/Oesterreich_Flagge_JuergenSieber.jpg","articleSection":["Energie"],"inLanguage":"de"},{"@type":"WebPage","@id":"https:\/\/www.sonnenseite.com\/de\/energie\/oesterreich-absolutes-photovoltaik-rekordjahr-2021-zubau-verdoppelt%ef%bf%bc%ef%bf%bc\/","url":"https:\/\/www.sonnenseite.com\/de\/energie\/oesterreich-absolutes-photovoltaik-rekordjahr-2021-zubau-verdoppelt%ef%bf%bc%ef%bf%bc\/","name":"\u00d6sterreich: Photovoltaik-Zubau hat sich 2021 verdoppelt - Sonnenseite - \u00d6kologische Kommunikation mit Franz Alt","isPartOf":{"@id":"https:\/\/www.sonnenseite.com\/de\/#website"},"primaryImageOfPage":{"@id":"https:\/\/www.sonnenseite.com\/de\/energie\/oesterreich-absolutes-photovoltaik-rekordjahr-2021-zubau-verdoppelt%ef%bf%bc%ef%bf%bc\/#primaryimage"},"image":{"@id":"https:\/\/www.sonnenseite.com\/de\/energie\/oesterreich-absolutes-photovoltaik-rekordjahr-2021-zubau-verdoppelt%ef%bf%bc%ef%bf%bc\/#primaryimage"},"thumbnailUrl":"https:\/\/www.sonnenseite.com\/wp-content\/uploads\/2020\/06\/Oesterreich_Flagge_JuergenSieber.jpg","datePublished":"2022-06-21T00:37:00+00:00","description":"Der j\u00e4hrliche Bericht \"Innovative Energietechnologien in \u00d6sterreich, Marktentwicklung 2021\" des Klimaschutzministeriums belegt, was die R\u00fcckmeldungen aus","breadcrumb":{"@id":"https:\/\/www.sonnenseite.com\/de\/energie\/oesterreich-absolutes-photovoltaik-rekordjahr-2021-zubau-verdoppelt%ef%bf%bc%ef%bf%bc\/#breadcrumb"},"inLanguage":"de","potentialAction":[{"@type":"ReadAction","target":["https:\/\/www.sonnenseite.com\/de\/energie\/oesterreich-absolutes-photovoltaik-rekordjahr-2021-zubau-verdoppelt%ef%bf%bc%ef%bf%bc\/"]}]},{"@type":"ImageObject","inLanguage":"de","@id":"https:\/\/www.sonnenseite.com\/de\/energie\/oesterreich-absolutes-photovoltaik-rekordjahr-2021-zubau-verdoppelt%ef%bf%bc%ef%bf%bc\/#primaryimage","url":"https:\/\/www.sonnenseite.com\/wp-content\/uploads\/2020\/06\/Oesterreich_Flagge_JuergenSieber.jpg","contentUrl":"https:\/\/www.sonnenseite.com\/wp-content\/uploads\/2020\/06\/Oesterreich_Flagge_JuergenSieber.jpg","width":770,"height":420,"caption":"pixabay.com | Juergen Sieber"},{"@type":"BreadcrumbList","@id":"https:\/\/www.sonnenseite.com\/de\/energie\/oesterreich-absolutes-photovoltaik-rekordjahr-2021-zubau-verdoppelt%ef%bf%bc%ef%bf%bc\/#breadcrumb","itemListElement":[{"@type":"ListItem","position":1,"name":"Startseite","item":"https:\/\/www.sonnenseite.com\/de\/"},{"@type":"ListItem","position":2,"name":"\u00d6sterreich: Photovoltaik-Zubau hat sich 2021 verdoppelt"}]},{"@type":"WebSite","@id":"https:\/\/www.sonnenseite.com\/de\/#website","url":"https:\/\/www.sonnenseite.com\/de\/","name":"Sonnenseite","description":"\u00d6kologische Kommunikation mit Franz Alt","publisher":{"@id":"https:\/\/www.sonnenseite.com\/de\/#organization"},"potentialAction":[{"@type":"SearchAction","target":{"@type":"EntryPoint","urlTemplate":"https:\/\/www.sonnenseite.com\/de\/?s={search_term_string}"},"query-input":{"@type":"PropertyValueSpecification","valueRequired":true,"valueName":"search_term_string"}}],"inLanguage":"de"},{"@type":"Organization","@id":"https:\/\/www.sonnenseite.com\/de\/#organization","name":"Sonnenseite","url":"https:\/\/www.sonnenseite.com\/de\/","logo":{"@type":"ImageObject","inLanguage":"de","@id":"https:\/\/www.sonnenseite.com\/de\/#\/schema\/logo\/image\/","url":"https:\/\/www.sonnenseite.com\/wp-content\/uploads\/2020\/05\/Sonnenseite_Logo.png","contentUrl":"https:\/\/www.sonnenseite.com\/wp-content\/uploads\/2020\/05\/Sonnenseite_Logo.png","width":377,"height":90,"caption":"Sonnenseite"},"image":{"@id":"https:\/\/www.sonnenseite.com\/de\/#\/schema\/logo\/image\/"},"sameAs":["https:\/\/www.facebook.com\/pages\/Franz-Alt-SONNENSEITECOM\/221072987903953?fref=ts","https:\/\/x.com\/franzalt","http:\/\/www.youtube.com\/results?search_query&amp;amp;quot;franz_alt&amp;amp;quot;&amp;amp;amp;amp;search_type&amp;amp;amp;amp;aq=f"]},{"@type":"Person","@id":"https:\/\/www.sonnenseite.com\/de\/#\/schema\/person\/50fda0e926597684c7cc6695238a4eb9","name":"Bigi Alt"}]}},"_links":{"self":[{"href":"https:\/\/www.sonnenseite.com\/de\/wp-json\/wp\/v2\/posts\/83129","targetHints":{"allow":["GET"]}}],"collection":[{"href":"https:\/\/www.sonnenseite.com\/de\/wp-json\/wp\/v2\/posts"}],"about":[{"href":"https:\/\/www.sonnenseite.com\/de\/wp-json\/wp\/v2\/types\/post"}],"author":[{"embeddable":true,"href":"https:\/\/www.sonnenseite.com\/de\/wp-json\/wp\/v2\/users\/3"}],"replies":[{"embeddable":true,"href":"https:\/\/www.sonnenseite.com\/de\/wp-json\/wp\/v2\/comments?post=83129"}],"version-history":[{"count":6,"href":"https:\/\/www.sonnenseite.com\/de\/wp-json\/wp\/v2\/posts\/83129\/revisions"}],"predecessor-version":[{"id":83140,"href":"https:\/\/www.sonnenseite.com\/de\/wp-json\/wp\/v2\/posts\/83129\/revisions\/83140"}],"wp:featuredmedia":[{"embeddable":true,"href":"https:\/\/www.sonnenseite.com\/de\/wp-json\/wp\/v2\/media\/60242"}],"wp:attachment":[{"href":"https:\/\/www.sonnenseite.com\/de\/wp-json\/wp\/v2\/media?parent=83129"}],"wp:term":[{"taxonomy":"category","embeddable":true,"href":"https:\/\/www.sonnenseite.com\/de\/wp-json\/wp\/v2\/categories?post=83129"},{"taxonomy":"post_tag","embeddable":true,"href":"https:\/\/www.sonnenseite.com\/de\/wp-json\/wp\/v2\/tags?post=83129"}],"curies":[{"name":"wp","href":"https:\/\/api.w.org\/{rel}","templated":true}]}}