{"id":83388,"date":"2022-06-29T13:02:06","date_gmt":"2022-06-29T11:02:06","guid":{"rendered":"https:\/\/www.sonnenseite.com\/?p=83388"},"modified":"2022-06-29T13:02:06","modified_gmt":"2022-06-29T11:02:06","slug":"eu-energieminister-wollen-erneuerbaren-ausbau-beschleunigen","status":"publish","type":"post","link":"https:\/\/www.sonnenseite.com\/de\/politik\/eu-energieminister-wollen-erneuerbaren-ausbau-beschleunigen\/","title":{"rendered":"EU-Energieminister wollen Erneuerbaren-Ausbau beschleunigen"},"content":{"rendered":"\n<p><a href=\"https:\/\/www.consilium.europa.eu\/de\/\">EU-Umweltrat<\/a> ebnet Weg f\u00fcr wichtiges Klimapaket &#8211; trotz \u00e4rgerlicher Verw\u00e4sserungen<\/p>\n\n\n\n<ul class=\"wp-block-list\"><li>Klimasozialfonds mit Abschw\u00e4chungen gerettet  <\/li><li>Reform des Emissionshandels durchwachsen <\/li><li>R\u00fcckschritt bei Klimaschutzverordnung  <\/li><li>Germanwatch fordert Bundesregierung auf, ab jetzt konstruktivere Haltung einzunehmen<\/li><\/ul>\n\n\n\n<p>Die Umwelt- und Entwicklungsorganisation Germanwatch zeigt sich nach dem in der Nacht zu Ende gegangenen Rat der EU-Umwelt- und Klimaminister:innen erleichtert, dass die Bundesregierung ihre anf\u00e4ngliche Blockadehaltung zumindest teilweise aufgegeben hat. \u201eWir haben ein eher entt\u00e4uschendes Ergebnis, weil Deutschland das EU-Klimapaket an mehreren Stellen stark verw\u00e4ssert hat. Aber immerhin hat es eine Einigung gegeben und das Schlimmste wurde abgewendet\u201c, sagt Christoph Bals, Politischer Gesch\u00e4ftsf\u00fchrer von Germanwatch.<br><br>\u201eDie Hoffnung vieler Akteure, dass Deutschland bei den Verhandlungen um das Fit-for-55-Paket eine F\u00fchrungsrolle \u00fcbernimmt und die EU fit f\u00fcr den n\u00f6tigen Turbo beim Klimaschutz macht, hat sich leider nicht erf\u00fcllt.\u201c Jetzt bieten die Verhandlungen zwischen Mitgliedsstaaten und EU-Parlament die letzte Chance f\u00fcr die Bundesregierung, eine mutige Verhandlungsf\u00fchrung durch die Ratspr\u00e4sidentschaft zu unterst\u00fctzen.<\/p>\n\n\n\n<h5 class=\"wp-block-heading\">Deutsche Blockade beim Klimasozialfonds<\/h5>\n\n\n\n<p>Einer der gr\u00f6\u00dften Streitpunkte war der Klimasozialfonds, der B\u00fcrger:innen EU-weit bei steigenden Preisen f\u00fcrs Heizen und Tanken entlasten soll. Deutschland und einige andere Mitgliedsstaaten wollten das Volumen des Fonds stark verkleinern anstatt f\u00fcr die notwendige Solidarit\u00e4t zu sorgen. \u201eDeutschlands lang anhaltende Blockade hat hier beinahe das gesamte Paket gef\u00e4hrdet. Der nun gefundene Kompromiss ist unzureichend und muss dringend nachgebessert werden. Aber immerhin konnte sich die Bundesregierung mit ihrem besch\u00e4menden Vorschlag nicht durchsetzen\u201c, so Bals.<br><br>Desweiteren hat der <a href=\"https:\/\/www.consilium.europa.eu\/de\/\">Umweltrat<\/a> die Reform des bestehenden Emissionshandels beschlossen, wobei die Mitgliedsstaaten im Gro\u00dfen und Ganzen den mittelm\u00e4\u00dfigen Vorschlag der Kommission unterst\u00fctzten. Bei der Ambition des Emissionshandels fehlte den Umweltminister:innen der Mut, \u00fcber den Vorschlag der Kommission hinauszugehen, kritisiert Germanwatch. Unternehmen aus der Industrie sollen zudem noch bis 2035 kostenlose Zertifikate erhalten, w\u00e4hrend der CO<sub>2<\/sub>-Grenzausgleich nur langsam anl\u00e4uft. Bals: \u201eBei der kostenlosen Zuteilung wurde der bereits unzureichende Vorschlag der Kommission und der franz\u00f6sischen Ratspr\u00e4sidentschaft auf Druck der Bundesregierung noch weiter verw\u00e4ssert. Deutschland nimmt hier zu viel R\u00fccksicht auf die Industrie anstatt das Erreichen der Klimaziele ganz oben auf die Agenda zu setzen.\u201c<\/p>\n\n\n\n<h5 class=\"wp-block-heading\">Aufgeweichte Klimaschutzverordnung<\/h5>\n\n\n\n<p>Die vom Rat beschlossene Position zu 2030-Klimazielen der einzelnen Staaten und deren Einhaltungsmechanismus &#8211; unter anderem f\u00fcr die Sektoren Verkehr und Geb\u00e4ude &#8211; im Rahmen der EU-Klimaschutzverordnung ist f\u00fcr Germanwatch eine Entt\u00e4uschung. Bals: \u201eDie weltpolitische Lage verlangt mehr denn je, dass die Klimagesetzgebung sowohl auf EU- als auch auf nationaler Ebene gest\u00e4rkt wird. Klare Rahmensetzungen f\u00fcr die Einhaltung ambitionierter und verbindlicher nationaler Klimaziele f\u00fcr 2030 spielen hier eine Schl\u00fcsselrolle. Die heutige Entscheidung ist eindeutig ein R\u00fcckschritt.\u201c Der Rat will die Flexibilit\u00e4t ausweiten und Staaten k\u00f6nnten ihre Emissionsziele unter Umst\u00e4nden sogar abschw\u00e4chen, aber nicht verbessern. Christoph Bals weiter: \u201eEs w\u00e4re notwendig gewesen, die Staaten zu verpflichten, sich verbindliche Klimaneutralit\u00e4tsziele zu setzen. In der aktuellen Form kann die Klimaschutzverordnung ihrer Rolle als Treiberin und Garantin f\u00fcr das Erreichen der EU-Klimaziele nicht gerecht werden.\u201c<\/p>\n\n\n\n<h5 class=\"wp-block-heading\">Verantwortung der Bundesregierung in den weiteren Verhandlungen<\/h5>\n\n\n\n<p>Germanwatch fordert die Bundesregierung auf, nun zumindest in den anstehenden Trilog-Verhandlungen mit dem EU-Parlament der Verhandlungsf\u00fchrung den R\u00fccken f\u00fcr mutige Beschl\u00fcsse zu st\u00e4rken. \u201eDie Koalition sollte in der EU klimapolitisches Zugpferd und nicht Bremser sein. In dieser f\u00fcr den Klimaschutz so kritischen Phase sind viele Blicke auf die EU gerichtet. Die EU erwartet von den Schwellenl\u00e4ndern besseren Klimaschutz &#8211; Grundlage f\u00fcr erfolgversprechende Verhandlungen kann nur eine ernsthafte Klimapolitik der EU sein\u201c, betont Bals.<\/p>\n\n\n\n<ul class=\"wp-block-list\"><li><a href=\"https:\/\/www.bmuv.de\/pressemitteilung\/energie-und-umweltraete-stellen-die-weichen-fuer-eine-klimaneutrale-europaeische-wirtschaft\">Bundesumweltministerium: &#8222;Energie- und Umweltr\u00e4te stellen die Weichen f\u00fcr eine klimaneutrale europ\u00e4ische Wirtschaft&#8220;<\/a><\/li><\/ul>\n\n\n<h5 class=\"green\">Quelle<\/h5>\r\n\n\n\n<p><a href=\"https:\/\/www.germanwatch.org\/de\">GERMANWATCH 2022<\/a><\/p>\n<div class=\"shariff shariff-align-flex-start shariff-widget-align-flex-start\"><div class=\"ShariffHeadline\">Diese Meldung teilen<\/div><ul class=\"shariff-buttons theme-round orientation-horizontal buttonsize-medium\"><li class=\"shariff-button facebook shariff-nocustomcolor\" style=\"background-color:#4273c8;border-radius:1%\"><a href=\"https:\/\/www.facebook.com\/sharer\/sharer.php?u=https%3A%2F%2Fwww.sonnenseite.com%2Fde%2Fpolitik%2Feu-energieminister-wollen-erneuerbaren-ausbau-beschleunigen%2F\" title=\"Bei Facebook teilen\" aria-label=\"Bei Facebook teilen\" role=\"button\" rel=\"nofollow\" class=\"shariff-link\" style=\";border-radius:1%; background-color:#3b5998; color:#fff\" target=\"_blank\"><span class=\"shariff-icon\" style=\"\"><svg width=\"32px\" height=\"20px\" xmlns=\"http:\/\/www.w3.org\/2000\/svg\" viewBox=\"0 0 18 32\"><path fill=\"#3b5998\" d=\"M17.1 0.2v4.7h-2.8q-1.5 0-2.1 0.6t-0.5 1.9v3.4h5.2l-0.7 5.3h-4.5v13.6h-5.5v-13.6h-4.5v-5.3h4.5v-3.9q0-3.3 1.9-5.2t5-1.8q2.6 0 4.1 0.2z\"\/><\/svg><\/span><\/a><\/li><li class=\"shariff-button twitter shariff-nocustomcolor\" style=\"background-color:#595959;border-radius:1%\"><a href=\"https:\/\/twitter.com\/share?url=https%3A%2F%2Fwww.sonnenseite.com%2Fde%2Fpolitik%2Feu-energieminister-wollen-erneuerbaren-ausbau-beschleunigen%2F&text=EU-Energieminister%20wollen%20Erneuerbaren-Ausbau%20beschleunigen\" title=\"Bei X teilen\" aria-label=\"Bei X teilen\" role=\"button\" rel=\"noopener nofollow\" class=\"shariff-link\" style=\";border-radius:1%; background-color:#000; color:#fff\" target=\"_blank\"><span class=\"shariff-icon\" style=\"\"><svg width=\"32px\" height=\"20px\" xmlns=\"http:\/\/www.w3.org\/2000\/svg\" viewBox=\"0 0 24 24\"><path fill=\"#000\" d=\"M14.258 10.152L23.176 0h-2.113l-7.747 8.813L7.133 0H0l9.352 13.328L0 23.973h2.113l8.176-9.309 6.531 9.309h7.133zm-2.895 3.293l-.949-1.328L2.875 1.56h3.246l6.086 8.523.945 1.328 7.91 11.078h-3.246zm0 0\"\/><\/svg><\/span><\/a><\/li><li class=\"shariff-button xing shariff-nocustomcolor\" style=\"background-color:#29888a;border-radius:1%\"><a href=\"https:\/\/www.xing.com\/spi\/shares\/new?url=https%3A%2F%2Fwww.sonnenseite.com%2Fde%2Fpolitik%2Feu-energieminister-wollen-erneuerbaren-ausbau-beschleunigen%2F\" title=\"Bei XING teilen\" aria-label=\"Bei XING teilen\" role=\"button\" rel=\"noopener nofollow\" class=\"shariff-link\" style=\";border-radius:1%; background-color:#126567; color:#fff\" target=\"_blank\"><span class=\"shariff-icon\" style=\"\"><svg width=\"32px\" height=\"20px\" xmlns=\"http:\/\/www.w3.org\/2000\/svg\" viewBox=\"0 0 25 32\"><path fill=\"#126567\" d=\"M10.7 11.9q-0.2 0.3-4.6 8.2-0.5 0.8-1.2 0.8h-4.3q-0.4 0-0.5-0.3t0-0.6l4.5-8q0 0 0 0l-2.9-5q-0.2-0.4 0-0.7 0.2-0.3 0.5-0.3h4.3q0.7 0 1.2 0.8zM25.1 0.4q0.2 0.3 0 0.7l-9.4 16.7 6 11q0.2 0.4 0 0.6-0.2 0.3-0.6 0.3h-4.3q-0.7 0-1.2-0.8l-6-11.1q0.3-0.6 9.5-16.8 0.4-0.8 1.2-0.8h4.3q0.4 0 0.5 0.3z\"\/><\/svg><\/span><\/a><\/li><li class=\"shariff-button linkedin shariff-nocustomcolor\" style=\"background-color:#1488bf;border-radius:1%\"><a href=\"https:\/\/www.linkedin.com\/sharing\/share-offsite\/?url=https%3A%2F%2Fwww.sonnenseite.com%2Fde%2Fpolitik%2Feu-energieminister-wollen-erneuerbaren-ausbau-beschleunigen%2F\" title=\"Bei LinkedIn teilen\" aria-label=\"Bei LinkedIn teilen\" role=\"button\" rel=\"noopener nofollow\" class=\"shariff-link\" style=\";border-radius:1%; background-color:#0077b5; color:#fff\" target=\"_blank\"><span class=\"shariff-icon\" style=\"\"><svg width=\"32px\" height=\"20px\" xmlns=\"http:\/\/www.w3.org\/2000\/svg\" viewBox=\"0 0 27 32\"><path fill=\"#0077b5\" d=\"M6.2 11.2v17.7h-5.9v-17.7h5.9zM6.6 5.7q0 1.3-0.9 2.2t-2.4 0.9h0q-1.5 0-2.4-0.9t-0.9-2.2 0.9-2.2 2.4-0.9 2.4 0.9 0.9 2.2zM27.4 18.7v10.1h-5.9v-9.5q0-1.9-0.7-2.9t-2.3-1.1q-1.1 0-1.9 0.6t-1.2 1.5q-0.2 0.5-0.2 1.4v9.9h-5.9q0-7.1 0-11.6t0-5.3l0-0.9h5.9v2.6h0q0.4-0.6 0.7-1t1-0.9 1.6-0.8 2-0.3q3 0 4.9 2t1.9 6z\"\/><\/svg><\/span><\/a><\/li><li class=\"shariff-button printer shariff-nocustomcolor\" style=\"background-color:#a8a8a8;border-radius:1%\"><a href=\"javascript:window.print()\" title=\"drucken\" aria-label=\"drucken\" role=\"button\" rel=\"noopener nofollow\" class=\"shariff-link\" style=\";border-radius:1%; background-color:#999; color:#fff\"><span class=\"shariff-icon\" style=\"\"><svg width=\"32px\" height=\"20px\" xmlns=\"http:\/\/www.w3.org\/2000\/svg\" viewBox=\"0 0 30 32\"><path fill=\"#999\" d=\"M6.8 27.4h16v-4.6h-16v4.6zM6.8 16h16v-6.8h-2.8q-0.7 0-1.2-0.5t-0.5-1.2v-2.8h-11.4v11.4zM27.4 17.2q0-0.5-0.3-0.8t-0.8-0.4-0.8 0.4-0.3 0.8 0.3 0.8 0.8 0.3 0.8-0.3 0.3-0.8zM29.7 17.2v7.4q0 0.2-0.2 0.4t-0.4 0.2h-4v2.8q0 0.7-0.5 1.2t-1.2 0.5h-17.2q-0.7 0-1.2-0.5t-0.5-1.2v-2.8h-4q-0.2 0-0.4-0.2t-0.2-0.4v-7.4q0-1.4 1-2.4t2.4-1h1.2v-9.7q0-0.7 0.5-1.2t1.2-0.5h12q0.7 0 1.6 0.4t1.3 0.8l2.7 2.7q0.5 0.5 0.9 1.4t0.4 1.6v4.6h1.1q1.4 0 2.4 1t1 2.4z\"\/><\/svg><\/span><\/a><\/li><li class=\"shariff-button mailto shariff-nocustomcolor\" style=\"background-color:#a8a8a8;border-radius:1%\"><a href=\"mailto:?body=https%3A%2F%2Fwww.sonnenseite.com%2Fde%2Fpolitik%2Feu-energieminister-wollen-erneuerbaren-ausbau-beschleunigen%2F&subject=EU-Energieminister%20wollen%20Erneuerbaren-Ausbau%20beschleunigen\" title=\"Per E-Mail versenden\" aria-label=\"Per E-Mail versenden\" role=\"button\" rel=\"noopener nofollow\" class=\"shariff-link\" style=\";border-radius:1%; background-color:#999; color:#fff\"><span class=\"shariff-icon\" style=\"\"><svg width=\"32px\" height=\"20px\" xmlns=\"http:\/\/www.w3.org\/2000\/svg\" viewBox=\"0 0 32 32\"><path fill=\"#999\" d=\"M32 12.7v14.2q0 1.2-0.8 2t-2 0.9h-26.3q-1.2 0-2-0.9t-0.8-2v-14.2q0.8 0.9 1.8 1.6 6.5 4.4 8.9 6.1 1 0.8 1.6 1.2t1.7 0.9 2 0.4h0.1q0.9 0 2-0.4t1.7-0.9 1.6-1.2q3-2.2 8.9-6.1 1-0.7 1.8-1.6zM32 7.4q0 1.4-0.9 2.7t-2.2 2.2q-6.7 4.7-8.4 5.8-0.2 0.1-0.7 0.5t-1 0.7-0.9 0.6-1.1 0.5-0.9 0.2h-0.1q-0.4 0-0.9-0.2t-1.1-0.5-0.9-0.6-1-0.7-0.7-0.5q-1.6-1.1-4.7-3.2t-3.6-2.6q-1.1-0.7-2.1-2t-1-2.5q0-1.4 0.7-2.3t2.1-0.9h26.3q1.2 0 2 0.8t0.9 2z\"\/><\/svg><\/span><\/a><\/li><\/ul><\/div>","protected":false},"excerpt":{"rendered":"<p>EU-Umweltrat ebnet Weg f\u00fcr wichtiges Klimapaket &#8211; trotz \u00e4rgerlicher Verw\u00e4sserungen Klimasozialfonds mit Abschw\u00e4chungen gerettet Reform des [&hellip;]<\/p>\n","protected":false},"author":3,"featured_media":80276,"comment_status":"closed","ping_status":"closed","sticky":false,"template":"","format":"standard","meta":{"inline_featured_image":false,"footnotes":""},"categories":[21],"tags":[],"class_list":["post-83388","post","type-post","status-publish","format-standard","has-post-thumbnail","hentry","category-politik"],"yoast_head":"<!-- This site is optimized with the Yoast SEO plugin v26.5 - https:\/\/yoast.com\/wordpress\/plugins\/seo\/ -->\n<title>EU-Energieminister wollen Erneuerbaren-Ausbau beschleunigen - Sonnenseite - \u00d6kologische Kommunikation mit Franz Alt<\/title>\n<meta name=\"description\" content=\"EU-Umweltrat ebnet Weg f\u00fcr wichtiges Klimapaket - trotz \u00e4rgerlicher Verw\u00e4sserungen Klimasozialfonds mit Abschw\u00e4chungen gerettet Reform des\" \/>\n<meta name=\"robots\" content=\"index, follow, max-snippet:-1, max-image-preview:large, max-video-preview:-1\" \/>\n<link rel=\"canonical\" href=\"https:\/\/www.sonnenseite.com\/de\/politik\/eu-energieminister-wollen-erneuerbaren-ausbau-beschleunigen\/\" \/>\n<meta property=\"og:locale\" content=\"de_DE\" \/>\n<meta property=\"og:type\" content=\"article\" \/>\n<meta property=\"og:title\" content=\"EU-Energieminister wollen Erneuerbaren-Ausbau beschleunigen - Sonnenseite - \u00d6kologische Kommunikation mit Franz Alt\" \/>\n<meta property=\"og:description\" content=\"EU-Umweltrat ebnet Weg f\u00fcr wichtiges Klimapaket - trotz \u00e4rgerlicher Verw\u00e4sserungen Klimasozialfonds mit Abschw\u00e4chungen gerettet Reform des\" \/>\n<meta property=\"og:url\" content=\"https:\/\/www.sonnenseite.com\/de\/politik\/eu-energieminister-wollen-erneuerbaren-ausbau-beschleunigen\/\" \/>\n<meta property=\"og:site_name\" content=\"Sonnenseite\" \/>\n<meta property=\"article:publisher\" content=\"https:\/\/www.facebook.com\/pages\/Franz-Alt-SONNENSEITECOM\/221072987903953?fref=ts\" \/>\n<meta property=\"article:published_time\" content=\"2022-06-29T11:02:06+00:00\" \/>\n<meta property=\"og:image\" content=\"https:\/\/www.sonnenseite.com\/wp-content\/uploads\/2022\/03\/Europa_8926.jpg\" \/>\n\t<meta property=\"og:image:width\" content=\"770\" \/>\n\t<meta property=\"og:image:height\" content=\"420\" \/>\n\t<meta property=\"og:image:type\" content=\"image\/jpeg\" \/>\n<meta name=\"author\" content=\"Bigi Alt\" \/>\n<meta name=\"twitter:card\" content=\"summary_large_image\" \/>\n<meta name=\"twitter:creator\" content=\"@franzalt\" \/>\n<meta name=\"twitter:site\" content=\"@franzalt\" \/>\n<meta name=\"twitter:label1\" content=\"Verfasst von\" \/>\n\t<meta name=\"twitter:data1\" content=\"Bigi Alt\" \/>\n\t<meta name=\"twitter:label2\" content=\"Gesch\u00e4tzte Lesezeit\" \/>\n\t<meta name=\"twitter:data2\" content=\"4\u00a0Minuten\" \/>\n<script type=\"application\/ld+json\" class=\"yoast-schema-graph\">{\"@context\":\"https:\/\/schema.org\",\"@graph\":[{\"@type\":\"Article\",\"@id\":\"https:\/\/www.sonnenseite.com\/de\/politik\/eu-energieminister-wollen-erneuerbaren-ausbau-beschleunigen\/#article\",\"isPartOf\":{\"@id\":\"https:\/\/www.sonnenseite.com\/de\/politik\/eu-energieminister-wollen-erneuerbaren-ausbau-beschleunigen\/\"},\"author\":{\"name\":\"Bigi Alt\",\"@id\":\"https:\/\/www.sonnenseite.com\/de\/#\/schema\/person\/50fda0e926597684c7cc6695238a4eb9\"},\"headline\":\"EU-Energieminister wollen Erneuerbaren-Ausbau beschleunigen\",\"datePublished\":\"2022-06-29T11:02:06+00:00\",\"mainEntityOfPage\":{\"@id\":\"https:\/\/www.sonnenseite.com\/de\/politik\/eu-energieminister-wollen-erneuerbaren-ausbau-beschleunigen\/\"},\"wordCount\":623,\"publisher\":{\"@id\":\"https:\/\/www.sonnenseite.com\/de\/#organization\"},\"image\":{\"@id\":\"https:\/\/www.sonnenseite.com\/de\/politik\/eu-energieminister-wollen-erneuerbaren-ausbau-beschleunigen\/#primaryimage\"},\"thumbnailUrl\":\"https:\/\/www.sonnenseite.com\/wp-content\/uploads\/2022\/03\/Europa_8926.jpg\",\"articleSection\":[\"Politik\"],\"inLanguage\":\"de\"},{\"@type\":\"WebPage\",\"@id\":\"https:\/\/www.sonnenseite.com\/de\/politik\/eu-energieminister-wollen-erneuerbaren-ausbau-beschleunigen\/\",\"url\":\"https:\/\/www.sonnenseite.com\/de\/politik\/eu-energieminister-wollen-erneuerbaren-ausbau-beschleunigen\/\",\"name\":\"EU-Energieminister wollen Erneuerbaren-Ausbau beschleunigen - Sonnenseite - \u00d6kologische Kommunikation mit Franz Alt\",\"isPartOf\":{\"@id\":\"https:\/\/www.sonnenseite.com\/de\/#website\"},\"primaryImageOfPage\":{\"@id\":\"https:\/\/www.sonnenseite.com\/de\/politik\/eu-energieminister-wollen-erneuerbaren-ausbau-beschleunigen\/#primaryimage\"},\"image\":{\"@id\":\"https:\/\/www.sonnenseite.com\/de\/politik\/eu-energieminister-wollen-erneuerbaren-ausbau-beschleunigen\/#primaryimage\"},\"thumbnailUrl\":\"https:\/\/www.sonnenseite.com\/wp-content\/uploads\/2022\/03\/Europa_8926.jpg\",\"datePublished\":\"2022-06-29T11:02:06+00:00\",\"description\":\"EU-Umweltrat ebnet Weg f\u00fcr wichtiges Klimapaket - trotz \u00e4rgerlicher Verw\u00e4sserungen Klimasozialfonds mit Abschw\u00e4chungen gerettet Reform des\",\"breadcrumb\":{\"@id\":\"https:\/\/www.sonnenseite.com\/de\/politik\/eu-energieminister-wollen-erneuerbaren-ausbau-beschleunigen\/#breadcrumb\"},\"inLanguage\":\"de\",\"potentialAction\":[{\"@type\":\"ReadAction\",\"target\":[\"https:\/\/www.sonnenseite.com\/de\/politik\/eu-energieminister-wollen-erneuerbaren-ausbau-beschleunigen\/\"]}]},{\"@type\":\"ImageObject\",\"inLanguage\":\"de\",\"@id\":\"https:\/\/www.sonnenseite.com\/de\/politik\/eu-energieminister-wollen-erneuerbaren-ausbau-beschleunigen\/#primaryimage\",\"url\":\"https:\/\/www.sonnenseite.com\/wp-content\/uploads\/2022\/03\/Europa_8926.jpg\",\"contentUrl\":\"https:\/\/www.sonnenseite.com\/wp-content\/uploads\/2022\/03\/Europa_8926.jpg\",\"width\":770,\"height\":420,\"caption\":\"Depositphotos.com | 8926 | Europa\"},{\"@type\":\"BreadcrumbList\",\"@id\":\"https:\/\/www.sonnenseite.com\/de\/politik\/eu-energieminister-wollen-erneuerbaren-ausbau-beschleunigen\/#breadcrumb\",\"itemListElement\":[{\"@type\":\"ListItem\",\"position\":1,\"name\":\"Startseite\",\"item\":\"https:\/\/www.sonnenseite.com\/de\/\"},{\"@type\":\"ListItem\",\"position\":2,\"name\":\"EU-Energieminister wollen Erneuerbaren-Ausbau beschleunigen\"}]},{\"@type\":\"WebSite\",\"@id\":\"https:\/\/www.sonnenseite.com\/de\/#website\",\"url\":\"https:\/\/www.sonnenseite.com\/de\/\",\"name\":\"Sonnenseite\",\"description\":\"\u00d6kologische Kommunikation mit Franz Alt\",\"publisher\":{\"@id\":\"https:\/\/www.sonnenseite.com\/de\/#organization\"},\"potentialAction\":[{\"@type\":\"SearchAction\",\"target\":{\"@type\":\"EntryPoint\",\"urlTemplate\":\"https:\/\/www.sonnenseite.com\/de\/?s={search_term_string}\"},\"query-input\":{\"@type\":\"PropertyValueSpecification\",\"valueRequired\":true,\"valueName\":\"search_term_string\"}}],\"inLanguage\":\"de\"},{\"@type\":\"Organization\",\"@id\":\"https:\/\/www.sonnenseite.com\/de\/#organization\",\"name\":\"Sonnenseite\",\"url\":\"https:\/\/www.sonnenseite.com\/de\/\",\"logo\":{\"@type\":\"ImageObject\",\"inLanguage\":\"de\",\"@id\":\"https:\/\/www.sonnenseite.com\/de\/#\/schema\/logo\/image\/\",\"url\":\"https:\/\/www.sonnenseite.com\/wp-content\/uploads\/2020\/05\/Sonnenseite_Logo.png\",\"contentUrl\":\"https:\/\/www.sonnenseite.com\/wp-content\/uploads\/2020\/05\/Sonnenseite_Logo.png\",\"width\":377,\"height\":90,\"caption\":\"Sonnenseite\"},\"image\":{\"@id\":\"https:\/\/www.sonnenseite.com\/de\/#\/schema\/logo\/image\/\"},\"sameAs\":[\"https:\/\/www.facebook.com\/pages\/Franz-Alt-SONNENSEITECOM\/221072987903953?fref=ts\",\"https:\/\/x.com\/franzalt\",\"http:\/\/www.youtube.com\/results?search_query&amp;amp;quot;franz_alt&amp;amp;quot;&amp;amp;amp;amp;search_type&amp;amp;amp;amp;aq=f\"]},{\"@type\":\"Person\",\"@id\":\"https:\/\/www.sonnenseite.com\/de\/#\/schema\/person\/50fda0e926597684c7cc6695238a4eb9\",\"name\":\"Bigi Alt\"}]}<\/script>\n<!-- \/ Yoast SEO plugin. -->","yoast_head_json":{"title":"EU-Energieminister wollen Erneuerbaren-Ausbau beschleunigen - Sonnenseite - \u00d6kologische Kommunikation mit Franz Alt","description":"EU-Umweltrat ebnet Weg f\u00fcr wichtiges Klimapaket - trotz \u00e4rgerlicher Verw\u00e4sserungen Klimasozialfonds mit Abschw\u00e4chungen gerettet Reform des","robots":{"index":"index","follow":"follow","max-snippet":"max-snippet:-1","max-image-preview":"max-image-preview:large","max-video-preview":"max-video-preview:-1"},"canonical":"https:\/\/www.sonnenseite.com\/de\/politik\/eu-energieminister-wollen-erneuerbaren-ausbau-beschleunigen\/","og_locale":"de_DE","og_type":"article","og_title":"EU-Energieminister wollen Erneuerbaren-Ausbau beschleunigen - Sonnenseite - \u00d6kologische Kommunikation mit Franz Alt","og_description":"EU-Umweltrat ebnet Weg f\u00fcr wichtiges Klimapaket - trotz \u00e4rgerlicher Verw\u00e4sserungen Klimasozialfonds mit Abschw\u00e4chungen gerettet Reform des","og_url":"https:\/\/www.sonnenseite.com\/de\/politik\/eu-energieminister-wollen-erneuerbaren-ausbau-beschleunigen\/","og_site_name":"Sonnenseite","article_publisher":"https:\/\/www.facebook.com\/pages\/Franz-Alt-SONNENSEITECOM\/221072987903953?fref=ts","article_published_time":"2022-06-29T11:02:06+00:00","og_image":[{"width":770,"height":420,"url":"https:\/\/www.sonnenseite.com\/wp-content\/uploads\/2022\/03\/Europa_8926.jpg","type":"image\/jpeg"}],"author":"Bigi Alt","twitter_card":"summary_large_image","twitter_creator":"@franzalt","twitter_site":"@franzalt","twitter_misc":{"Verfasst von":"Bigi Alt","Gesch\u00e4tzte Lesezeit":"4\u00a0Minuten"},"schema":{"@context":"https:\/\/schema.org","@graph":[{"@type":"Article","@id":"https:\/\/www.sonnenseite.com\/de\/politik\/eu-energieminister-wollen-erneuerbaren-ausbau-beschleunigen\/#article","isPartOf":{"@id":"https:\/\/www.sonnenseite.com\/de\/politik\/eu-energieminister-wollen-erneuerbaren-ausbau-beschleunigen\/"},"author":{"name":"Bigi Alt","@id":"https:\/\/www.sonnenseite.com\/de\/#\/schema\/person\/50fda0e926597684c7cc6695238a4eb9"},"headline":"EU-Energieminister wollen Erneuerbaren-Ausbau beschleunigen","datePublished":"2022-06-29T11:02:06+00:00","mainEntityOfPage":{"@id":"https:\/\/www.sonnenseite.com\/de\/politik\/eu-energieminister-wollen-erneuerbaren-ausbau-beschleunigen\/"},"wordCount":623,"publisher":{"@id":"https:\/\/www.sonnenseite.com\/de\/#organization"},"image":{"@id":"https:\/\/www.sonnenseite.com\/de\/politik\/eu-energieminister-wollen-erneuerbaren-ausbau-beschleunigen\/#primaryimage"},"thumbnailUrl":"https:\/\/www.sonnenseite.com\/wp-content\/uploads\/2022\/03\/Europa_8926.jpg","articleSection":["Politik"],"inLanguage":"de"},{"@type":"WebPage","@id":"https:\/\/www.sonnenseite.com\/de\/politik\/eu-energieminister-wollen-erneuerbaren-ausbau-beschleunigen\/","url":"https:\/\/www.sonnenseite.com\/de\/politik\/eu-energieminister-wollen-erneuerbaren-ausbau-beschleunigen\/","name":"EU-Energieminister wollen Erneuerbaren-Ausbau beschleunigen - Sonnenseite - \u00d6kologische Kommunikation mit Franz Alt","isPartOf":{"@id":"https:\/\/www.sonnenseite.com\/de\/#website"},"primaryImageOfPage":{"@id":"https:\/\/www.sonnenseite.com\/de\/politik\/eu-energieminister-wollen-erneuerbaren-ausbau-beschleunigen\/#primaryimage"},"image":{"@id":"https:\/\/www.sonnenseite.com\/de\/politik\/eu-energieminister-wollen-erneuerbaren-ausbau-beschleunigen\/#primaryimage"},"thumbnailUrl":"https:\/\/www.sonnenseite.com\/wp-content\/uploads\/2022\/03\/Europa_8926.jpg","datePublished":"2022-06-29T11:02:06+00:00","description":"EU-Umweltrat ebnet Weg f\u00fcr wichtiges Klimapaket - trotz \u00e4rgerlicher Verw\u00e4sserungen Klimasozialfonds mit Abschw\u00e4chungen gerettet Reform des","breadcrumb":{"@id":"https:\/\/www.sonnenseite.com\/de\/politik\/eu-energieminister-wollen-erneuerbaren-ausbau-beschleunigen\/#breadcrumb"},"inLanguage":"de","potentialAction":[{"@type":"ReadAction","target":["https:\/\/www.sonnenseite.com\/de\/politik\/eu-energieminister-wollen-erneuerbaren-ausbau-beschleunigen\/"]}]},{"@type":"ImageObject","inLanguage":"de","@id":"https:\/\/www.sonnenseite.com\/de\/politik\/eu-energieminister-wollen-erneuerbaren-ausbau-beschleunigen\/#primaryimage","url":"https:\/\/www.sonnenseite.com\/wp-content\/uploads\/2022\/03\/Europa_8926.jpg","contentUrl":"https:\/\/www.sonnenseite.com\/wp-content\/uploads\/2022\/03\/Europa_8926.jpg","width":770,"height":420,"caption":"Depositphotos.com | 8926 | Europa"},{"@type":"BreadcrumbList","@id":"https:\/\/www.sonnenseite.com\/de\/politik\/eu-energieminister-wollen-erneuerbaren-ausbau-beschleunigen\/#breadcrumb","itemListElement":[{"@type":"ListItem","position":1,"name":"Startseite","item":"https:\/\/www.sonnenseite.com\/de\/"},{"@type":"ListItem","position":2,"name":"EU-Energieminister wollen Erneuerbaren-Ausbau beschleunigen"}]},{"@type":"WebSite","@id":"https:\/\/www.sonnenseite.com\/de\/#website","url":"https:\/\/www.sonnenseite.com\/de\/","name":"Sonnenseite","description":"\u00d6kologische Kommunikation mit Franz Alt","publisher":{"@id":"https:\/\/www.sonnenseite.com\/de\/#organization"},"potentialAction":[{"@type":"SearchAction","target":{"@type":"EntryPoint","urlTemplate":"https:\/\/www.sonnenseite.com\/de\/?s={search_term_string}"},"query-input":{"@type":"PropertyValueSpecification","valueRequired":true,"valueName":"search_term_string"}}],"inLanguage":"de"},{"@type":"Organization","@id":"https:\/\/www.sonnenseite.com\/de\/#organization","name":"Sonnenseite","url":"https:\/\/www.sonnenseite.com\/de\/","logo":{"@type":"ImageObject","inLanguage":"de","@id":"https:\/\/www.sonnenseite.com\/de\/#\/schema\/logo\/image\/","url":"https:\/\/www.sonnenseite.com\/wp-content\/uploads\/2020\/05\/Sonnenseite_Logo.png","contentUrl":"https:\/\/www.sonnenseite.com\/wp-content\/uploads\/2020\/05\/Sonnenseite_Logo.png","width":377,"height":90,"caption":"Sonnenseite"},"image":{"@id":"https:\/\/www.sonnenseite.com\/de\/#\/schema\/logo\/image\/"},"sameAs":["https:\/\/www.facebook.com\/pages\/Franz-Alt-SONNENSEITECOM\/221072987903953?fref=ts","https:\/\/x.com\/franzalt","http:\/\/www.youtube.com\/results?search_query&amp;amp;quot;franz_alt&amp;amp;quot;&amp;amp;amp;amp;search_type&amp;amp;amp;amp;aq=f"]},{"@type":"Person","@id":"https:\/\/www.sonnenseite.com\/de\/#\/schema\/person\/50fda0e926597684c7cc6695238a4eb9","name":"Bigi Alt"}]}},"_links":{"self":[{"href":"https:\/\/www.sonnenseite.com\/de\/wp-json\/wp\/v2\/posts\/83388","targetHints":{"allow":["GET"]}}],"collection":[{"href":"https:\/\/www.sonnenseite.com\/de\/wp-json\/wp\/v2\/posts"}],"about":[{"href":"https:\/\/www.sonnenseite.com\/de\/wp-json\/wp\/v2\/types\/post"}],"author":[{"embeddable":true,"href":"https:\/\/www.sonnenseite.com\/de\/wp-json\/wp\/v2\/users\/3"}],"replies":[{"embeddable":true,"href":"https:\/\/www.sonnenseite.com\/de\/wp-json\/wp\/v2\/comments?post=83388"}],"version-history":[{"count":2,"href":"https:\/\/www.sonnenseite.com\/de\/wp-json\/wp\/v2\/posts\/83388\/revisions"}],"predecessor-version":[{"id":83390,"href":"https:\/\/www.sonnenseite.com\/de\/wp-json\/wp\/v2\/posts\/83388\/revisions\/83390"}],"wp:featuredmedia":[{"embeddable":true,"href":"https:\/\/www.sonnenseite.com\/de\/wp-json\/wp\/v2\/media\/80276"}],"wp:attachment":[{"href":"https:\/\/www.sonnenseite.com\/de\/wp-json\/wp\/v2\/media?parent=83388"}],"wp:term":[{"taxonomy":"category","embeddable":true,"href":"https:\/\/www.sonnenseite.com\/de\/wp-json\/wp\/v2\/categories?post=83388"},{"taxonomy":"post_tag","embeddable":true,"href":"https:\/\/www.sonnenseite.com\/de\/wp-json\/wp\/v2\/tags?post=83388"}],"curies":[{"name":"wp","href":"https:\/\/api.w.org\/{rel}","templated":true}]}}