{"id":84043,"date":"2022-07-28T02:45:00","date_gmt":"2022-07-28T00:45:00","guid":{"rendered":"https:\/\/www.sonnenseite.com\/?p=84043"},"modified":"2022-07-26T14:03:49","modified_gmt":"2022-07-26T12:03:49","slug":"wechselakkus-oder-ladesaeulen","status":"publish","type":"post","link":"https:\/\/www.sonnenseite.com\/de\/mobilitaet\/wechselakkus-oder-ladesaeulen\/","title":{"rendered":"Wechselakkus oder Lades\u00e4ulen?"},"content":{"rendered":"\n<p>Studie zum ressourcenschonenden Ausbau der E-Mobilit\u00e4t gestartet<\/p>\n\n\n\n<ul class=\"wp-block-list\"><li>Elektromobilit\u00e4t: Kritische Fahrzeugkomponente f\u00fcr Rohstoff- und Energieverbrauch ist die Antriebsbatterie&nbsp;<\/li><li>Forschungsprojekt: K\u00f6nnen Wechselakkusysteme f\u00fcr Elektrofahrzeuge eine Alternative zu Lades\u00e4ulen sein und zur effizienten Ressourcennutzung und Akzeptanz beitragen?<\/li><li>Grundlegende Richtungsentscheidungen f\u00fcr den Aufbau von Infrastrukturen und Standardisierung bei der Elektromobilit\u00e4t brauchen jetzt Orientierungswissen<\/li><\/ul>\n\n\n\n<p>Elektromobilit\u00e4t ist der Megatrend im Fahrzeug- und Antriebsbereich und wird mit dem k\u00fcrzlich von den europ\u00e4ischen L\u00e4ndern beschlossenen Verbrenner-Verbot ab 2035 zum zentralen Baustein der Verkehrswende. Ein gemeinsames Forschungsprojekt des Instituts f\u00fcr Stromrichtertechnik und Elektrische Antriebe (ISEA) der RWTH Aachen und des Instituts f\u00fcr \u00f6kologische Wirtschaftsforschung (I\u00d6W) nimmt nun die f\u00fcr den Rohstoff- und Energieverbrauch kritische Fahrzeugkomponente in den Blick: die Antriebsbatterie. Im Projekt \u201eKreislaufAkkus\u201c vergleichen die Wissenschaftler*innen Wechselakkusysteme mit vollintegrierten Batteriesystemen, also solchen mit fest eingebauten Akkus. Was ist besser f\u00fcr Umwelt und Akzeptanz \u2013 Lades\u00e4ulen, mit denen alle Elektrofahrzeuge dezentral geladen werden, oder Elektro-\u201eTankstellen\u201c, wo leere gegen volle Akkus ausgetauscht werden? Die Forschenden bewerten in dem Projekt mit F\u00f6rderung durch das Bundeswirtschafts- und Klimaschutzministerium die \u00f6kologische Wirkung und Kreislaufeigenschaften sowie soziale und \u00f6konomische Aspekte der verschiedenen Ladeinfrastrukturen.<\/p>\n\n\n\n<h5 class=\"wp-block-heading\">Batterierohstoffe im Kreislauf f\u00fchren<\/h5>\n\n\n\n<p>\u201eBatterien werden aus wertvollen Ressourcen hergestellt. Daher ist es hochrelevant, die Ressourcen effizient einzusetzen, Komponenten lange im System zu halten und die Rohstoffe nach der Nutzung durch Recycling wieder in den Kreislauf zur\u00fcckzuf\u00fchren\u201c, so Energieexperte Jan Wiesenthal vom I\u00d6W. Das hei\u00dft, dass in allen Phasen des Batterielebens eine Weiter- oder Wiederverwendung mitgedacht wird und Batterien schon bei der Herstellung entsprechend konzipiert werden. \u201eDer Markt f\u00fcr Elektrofahrzeuge wird in den n\u00e4chsten Jahren stark wachsen. Daher braucht es jetzt Antworten auf die Frage, welches Batteriesystem am besten zu den dr\u00e4ngenden Zielen der Energie- und Ressourcenwende passt. Denn daraus ergeben sich grundlegende Richtungsentscheidungen f\u00fcr den Aufbau der Ladeinfrastruktur.\u201c<\/p>\n\n\n\n<h5 class=\"wp-block-heading\">Fest verbaute Batterien im Trend<\/h5>\n\n\n\n<p>Derzeit liegt der Fokus bei der E-Mobilit\u00e4t auf vollintegrierten Batterien, die im Fahrzeug an Lades\u00e4ulen geladen werden. Hierbei sind allerdings noch nicht alle Hemmnisse gekl\u00e4rt, die ein schnelles Wachstum des Markts f\u00fcr Elektrofahrzeuge behindern. Wie lassen sich etwa wechselseitige Abh\u00e4ngigkeiten l\u00f6sen zwischen der Wirtschaftlichkeit der Lades\u00e4ulenerrichtung und der Anzahl von E-Fahrzeugen im Stra\u00dfenverkehr? Wie k\u00f6nnen hochverdichtete St\u00e4dte mit knappen Fl\u00e4chen ein ausreichendes \u00f6ffentliches Lades\u00e4ulenangebot gew\u00e4hrleisten, sodass auch Menschen ohne eigene Lades\u00e4ule, bereit sind auf ein E-Fahrzeug umzusteigen? Auch haben Autofahrer*innen weiterhin Bedenken hinsichtlich Reichweite und Ladegeschwindigkeit und es braucht Konzepte, um eine \u00dcberlastung des Stromnetzes durch gleichzeitiges und schnelles Laden zu verhindern.<\/p>\n\n\n\n<h5 class=\"wp-block-heading\">Wechselakkus: Missing-Link der Mobilit\u00e4tswende?<\/h5>\n\n\n\n<p>Als ein m\u00f6glicher L\u00f6sungsbeitrag gelten seit einigen Jahren Wechselakkus. Diese k\u00f6nnen, anders als fest verbaute Batterien, in kurzer Zeit entnommen und durch vollgeladene Akkus getauscht werden. F\u00fcr die Nutzenden hat dies den Vorteil, dass es schnell geht. Ladezeit und tats\u00e4chliche Nutzung des Fahrzeugs k\u00f6nnen voneinander entkoppelt und das Stromnetz so entlastet werden. Tauschbare Akkus k\u00f6nnen auch f\u00fcr die Ressourceneffizienz einen positiven Effekt haben, denn ihre Lebensdauer lie\u00dfe sich durch ein gesteuertes und schonenderes Laden erh\u00f6hen. Auch w\u00fcrde die Lebensdauer der Fahrzeuge unabh\u00e4ngig von der des Akkus. Ungekl\u00e4rt sind allerdings noch zentrale Fragen wie die ben\u00f6tigte Anzahl an Batterien, Anforderungen an die Fahrzeugkonstruktion und Notwendigkeiten bei der Standardisierung. Zudem werden bei diesem Ansatz im gesamten System mehr Fahrzeugbatterien ben\u00f6tigt, die f\u00fcr den Wechsel bereitstehen.<\/p>\n\n\n\n<h5 class=\"wp-block-heading\">Effiziente Akkusysteme: Wissenschaftliche Grundlage jetzt schaffen<\/h5>\n\n\n\n<p>Damit Wirtschaft und Politik diese wegweisenden Richtungsentscheidungen treffen k\u00f6nnen, muss nun wissenschaftlich fundiertes Orientierungswissen geschaffen werden, das aufzeigt, wie die Rohstoffe von Akkus in einem Ressourcenkreislauf gef\u00fchrt werden k\u00f6nnen und wie die Systeme daf\u00fcr designt sein m\u00fcssen. Auch m\u00fcssen m\u00f6gliche Rahmenbedingungen f\u00fcr verschiedene Akkusysteme entwickelt werden, damit strategische Diskussionen \u00fcber fest verbaute Akkus versus Tauschsysteme \u00fcberhaupt erst erm\u00f6glicht werden. Hierf\u00fcr vergleicht und bewertet das Projekt \u201eKreislaufAkkus\u201c mit enger Einbeziehung von Praxisakteuren und unter Ber\u00fccksichtigung sozialer Aspekte vollintegrierte und Wechselakkusysteme hinsichtlich ihrer \u00f6kologischen Wirkungen, Ressourcenintensit\u00e4t und Kreislaufeigenschaften sowie technischer und \u00f6konomischer Umsetzbarkeit.<\/p>\n\n\n<h5 class=\"green\">Quelle<\/h5>\r\n\n\n\n<p><a href=\"https:\/\/www.ioew.de\">Institut f\u00fcr \u00f6kologische Wirtschaftsforschung (I\u00d6W) 2022<\/a><\/p>\n<div class=\"shariff shariff-align-flex-start shariff-widget-align-flex-start\"><div class=\"ShariffHeadline\">Diese Meldung teilen<\/div><ul class=\"shariff-buttons theme-round orientation-horizontal buttonsize-medium\"><li class=\"shariff-button facebook shariff-nocustomcolor\" style=\"background-color:#4273c8;border-radius:1%\"><a href=\"https:\/\/www.facebook.com\/sharer\/sharer.php?u=https%3A%2F%2Fwww.sonnenseite.com%2Fde%2Fmobilitaet%2Fwechselakkus-oder-ladesaeulen%2F\" title=\"Bei Facebook teilen\" aria-label=\"Bei Facebook teilen\" role=\"button\" rel=\"nofollow\" class=\"shariff-link\" style=\";border-radius:1%; background-color:#3b5998; color:#fff\" target=\"_blank\"><span class=\"shariff-icon\" style=\"\"><svg width=\"32px\" height=\"20px\" xmlns=\"http:\/\/www.w3.org\/2000\/svg\" viewBox=\"0 0 18 32\"><path fill=\"#3b5998\" d=\"M17.1 0.2v4.7h-2.8q-1.5 0-2.1 0.6t-0.5 1.9v3.4h5.2l-0.7 5.3h-4.5v13.6h-5.5v-13.6h-4.5v-5.3h4.5v-3.9q0-3.3 1.9-5.2t5-1.8q2.6 0 4.1 0.2z\"\/><\/svg><\/span><\/a><\/li><li class=\"shariff-button twitter shariff-nocustomcolor\" style=\"background-color:#595959;border-radius:1%\"><a href=\"https:\/\/twitter.com\/share?url=https%3A%2F%2Fwww.sonnenseite.com%2Fde%2Fmobilitaet%2Fwechselakkus-oder-ladesaeulen%2F&text=Wechselakkus%20oder%20Lades%C3%A4ulen%3F\" title=\"Bei X teilen\" aria-label=\"Bei X teilen\" role=\"button\" rel=\"noopener nofollow\" class=\"shariff-link\" style=\";border-radius:1%; background-color:#000; color:#fff\" target=\"_blank\"><span class=\"shariff-icon\" style=\"\"><svg width=\"32px\" height=\"20px\" xmlns=\"http:\/\/www.w3.org\/2000\/svg\" viewBox=\"0 0 24 24\"><path fill=\"#000\" d=\"M14.258 10.152L23.176 0h-2.113l-7.747 8.813L7.133 0H0l9.352 13.328L0 23.973h2.113l8.176-9.309 6.531 9.309h7.133zm-2.895 3.293l-.949-1.328L2.875 1.56h3.246l6.086 8.523.945 1.328 7.91 11.078h-3.246zm0 0\"\/><\/svg><\/span><\/a><\/li><li class=\"shariff-button xing shariff-nocustomcolor\" style=\"background-color:#29888a;border-radius:1%\"><a href=\"https:\/\/www.xing.com\/spi\/shares\/new?url=https%3A%2F%2Fwww.sonnenseite.com%2Fde%2Fmobilitaet%2Fwechselakkus-oder-ladesaeulen%2F\" title=\"Bei XING teilen\" aria-label=\"Bei XING teilen\" role=\"button\" rel=\"noopener nofollow\" class=\"shariff-link\" style=\";border-radius:1%; background-color:#126567; color:#fff\" target=\"_blank\"><span class=\"shariff-icon\" style=\"\"><svg width=\"32px\" height=\"20px\" xmlns=\"http:\/\/www.w3.org\/2000\/svg\" viewBox=\"0 0 25 32\"><path fill=\"#126567\" d=\"M10.7 11.9q-0.2 0.3-4.6 8.2-0.5 0.8-1.2 0.8h-4.3q-0.4 0-0.5-0.3t0-0.6l4.5-8q0 0 0 0l-2.9-5q-0.2-0.4 0-0.7 0.2-0.3 0.5-0.3h4.3q0.7 0 1.2 0.8zM25.1 0.4q0.2 0.3 0 0.7l-9.4 16.7 6 11q0.2 0.4 0 0.6-0.2 0.3-0.6 0.3h-4.3q-0.7 0-1.2-0.8l-6-11.1q0.3-0.6 9.5-16.8 0.4-0.8 1.2-0.8h4.3q0.4 0 0.5 0.3z\"\/><\/svg><\/span><\/a><\/li><li class=\"shariff-button linkedin shariff-nocustomcolor\" style=\"background-color:#1488bf;border-radius:1%\"><a href=\"https:\/\/www.linkedin.com\/sharing\/share-offsite\/?url=https%3A%2F%2Fwww.sonnenseite.com%2Fde%2Fmobilitaet%2Fwechselakkus-oder-ladesaeulen%2F\" title=\"Bei LinkedIn teilen\" aria-label=\"Bei LinkedIn teilen\" role=\"button\" rel=\"noopener nofollow\" class=\"shariff-link\" style=\";border-radius:1%; background-color:#0077b5; color:#fff\" target=\"_blank\"><span class=\"shariff-icon\" style=\"\"><svg width=\"32px\" height=\"20px\" xmlns=\"http:\/\/www.w3.org\/2000\/svg\" viewBox=\"0 0 27 32\"><path fill=\"#0077b5\" d=\"M6.2 11.2v17.7h-5.9v-17.7h5.9zM6.6 5.7q0 1.3-0.9 2.2t-2.4 0.9h0q-1.5 0-2.4-0.9t-0.9-2.2 0.9-2.2 2.4-0.9 2.4 0.9 0.9 2.2zM27.4 18.7v10.1h-5.9v-9.5q0-1.9-0.7-2.9t-2.3-1.1q-1.1 0-1.9 0.6t-1.2 1.5q-0.2 0.5-0.2 1.4v9.9h-5.9q0-7.1 0-11.6t0-5.3l0-0.9h5.9v2.6h0q0.4-0.6 0.7-1t1-0.9 1.6-0.8 2-0.3q3 0 4.9 2t1.9 6z\"\/><\/svg><\/span><\/a><\/li><li class=\"shariff-button printer shariff-nocustomcolor\" style=\"background-color:#a8a8a8;border-radius:1%\"><a href=\"javascript:window.print()\" title=\"drucken\" aria-label=\"drucken\" role=\"button\" rel=\"noopener nofollow\" class=\"shariff-link\" style=\";border-radius:1%; background-color:#999; color:#fff\"><span class=\"shariff-icon\" style=\"\"><svg width=\"32px\" height=\"20px\" xmlns=\"http:\/\/www.w3.org\/2000\/svg\" viewBox=\"0 0 30 32\"><path fill=\"#999\" d=\"M6.8 27.4h16v-4.6h-16v4.6zM6.8 16h16v-6.8h-2.8q-0.7 0-1.2-0.5t-0.5-1.2v-2.8h-11.4v11.4zM27.4 17.2q0-0.5-0.3-0.8t-0.8-0.4-0.8 0.4-0.3 0.8 0.3 0.8 0.8 0.3 0.8-0.3 0.3-0.8zM29.7 17.2v7.4q0 0.2-0.2 0.4t-0.4 0.2h-4v2.8q0 0.7-0.5 1.2t-1.2 0.5h-17.2q-0.7 0-1.2-0.5t-0.5-1.2v-2.8h-4q-0.2 0-0.4-0.2t-0.2-0.4v-7.4q0-1.4 1-2.4t2.4-1h1.2v-9.7q0-0.7 0.5-1.2t1.2-0.5h12q0.7 0 1.6 0.4t1.3 0.8l2.7 2.7q0.5 0.5 0.9 1.4t0.4 1.6v4.6h1.1q1.4 0 2.4 1t1 2.4z\"\/><\/svg><\/span><\/a><\/li><li class=\"shariff-button mailto shariff-nocustomcolor\" style=\"background-color:#a8a8a8;border-radius:1%\"><a href=\"mailto:?body=https%3A%2F%2Fwww.sonnenseite.com%2Fde%2Fmobilitaet%2Fwechselakkus-oder-ladesaeulen%2F&subject=Wechselakkus%20oder%20Lades%C3%A4ulen%3F\" title=\"Per E-Mail versenden\" aria-label=\"Per E-Mail versenden\" role=\"button\" rel=\"noopener nofollow\" class=\"shariff-link\" style=\";border-radius:1%; background-color:#999; color:#fff\"><span class=\"shariff-icon\" style=\"\"><svg width=\"32px\" height=\"20px\" xmlns=\"http:\/\/www.w3.org\/2000\/svg\" viewBox=\"0 0 32 32\"><path fill=\"#999\" d=\"M32 12.7v14.2q0 1.2-0.8 2t-2 0.9h-26.3q-1.2 0-2-0.9t-0.8-2v-14.2q0.8 0.9 1.8 1.6 6.5 4.4 8.9 6.1 1 0.8 1.6 1.2t1.7 0.9 2 0.4h0.1q0.9 0 2-0.4t1.7-0.9 1.6-1.2q3-2.2 8.9-6.1 1-0.7 1.8-1.6zM32 7.4q0 1.4-0.9 2.7t-2.2 2.2q-6.7 4.7-8.4 5.8-0.2 0.1-0.7 0.5t-1 0.7-0.9 0.6-1.1 0.5-0.9 0.2h-0.1q-0.4 0-0.9-0.2t-1.1-0.5-0.9-0.6-1-0.7-0.7-0.5q-1.6-1.1-4.7-3.2t-3.6-2.6q-1.1-0.7-2.1-2t-1-2.5q0-1.4 0.7-2.3t2.1-0.9h26.3q1.2 0 2 0.8t0.9 2z\"\/><\/svg><\/span><\/a><\/li><\/ul><\/div>","protected":false},"excerpt":{"rendered":"<p>Studie zum ressourcenschonenden Ausbau der E-Mobilit\u00e4t gestartet Elektromobilit\u00e4t: Kritische Fahrzeugkomponente f\u00fcr Rohstoff- und Energieverbrauch ist die [&hellip;]<\/p>\n","protected":false},"author":3,"featured_media":84045,"comment_status":"closed","ping_status":"closed","sticky":false,"template":"","format":"standard","meta":{"inline_featured_image":false,"footnotes":""},"categories":[25],"tags":[],"class_list":["post-84043","post","type-post","status-publish","format-standard","has-post-thumbnail","hentry","category-mobilitaet"],"yoast_head":"<!-- This site is optimized with the Yoast SEO plugin v26.5 - https:\/\/yoast.com\/wordpress\/plugins\/seo\/ -->\n<title>Wechselakkus oder Lades\u00e4ulen? - Sonnenseite - \u00d6kologische Kommunikation mit Franz Alt<\/title>\n<meta name=\"description\" content=\"Studie zum ressourcenschonenden Ausbau der E-Mobilit\u00e4t gestartet Elektromobilit\u00e4t: Kritische Fahrzeugkomponente f\u00fcr Rohstoff- und Energieverbrauch ist die\" \/>\n<meta name=\"robots\" content=\"index, follow, max-snippet:-1, max-image-preview:large, max-video-preview:-1\" \/>\n<link rel=\"canonical\" href=\"https:\/\/www.sonnenseite.com\/de\/mobilitaet\/wechselakkus-oder-ladesaeulen\/\" \/>\n<meta property=\"og:locale\" content=\"de_DE\" \/>\n<meta property=\"og:type\" content=\"article\" \/>\n<meta property=\"og:title\" content=\"Wechselakkus oder Lades\u00e4ulen? - Sonnenseite - \u00d6kologische Kommunikation mit Franz Alt\" \/>\n<meta property=\"og:description\" content=\"Studie zum ressourcenschonenden Ausbau der E-Mobilit\u00e4t gestartet Elektromobilit\u00e4t: Kritische Fahrzeugkomponente f\u00fcr Rohstoff- und Energieverbrauch ist die\" \/>\n<meta property=\"og:url\" content=\"https:\/\/www.sonnenseite.com\/de\/mobilitaet\/wechselakkus-oder-ladesaeulen\/\" \/>\n<meta property=\"og:site_name\" content=\"Sonnenseite\" \/>\n<meta property=\"article:publisher\" content=\"https:\/\/www.facebook.com\/pages\/Franz-Alt-SONNENSEITECOM\/221072987903953?fref=ts\" \/>\n<meta property=\"article:published_time\" content=\"2022-07-28T00:45:00+00:00\" \/>\n<meta property=\"og:image\" content=\"https:\/\/www.sonnenseite.com\/wp-content\/uploads\/2022\/07\/E-Auto_Ladesaeule_A.jpg\" \/>\n\t<meta property=\"og:image:width\" content=\"770\" \/>\n\t<meta property=\"og:image:height\" content=\"420\" \/>\n\t<meta property=\"og:image:type\" content=\"image\/jpeg\" \/>\n<meta name=\"author\" content=\"Bigi Alt\" \/>\n<meta name=\"twitter:card\" content=\"summary_large_image\" \/>\n<meta name=\"twitter:creator\" content=\"@franzalt\" \/>\n<meta name=\"twitter:site\" content=\"@franzalt\" \/>\n<meta name=\"twitter:label1\" content=\"Verfasst von\" \/>\n\t<meta name=\"twitter:data1\" content=\"Bigi Alt\" \/>\n\t<meta name=\"twitter:label2\" content=\"Gesch\u00e4tzte Lesezeit\" \/>\n\t<meta name=\"twitter:data2\" content=\"4\u00a0Minuten\" \/>\n<script type=\"application\/ld+json\" class=\"yoast-schema-graph\">{\"@context\":\"https:\/\/schema.org\",\"@graph\":[{\"@type\":\"Article\",\"@id\":\"https:\/\/www.sonnenseite.com\/de\/mobilitaet\/wechselakkus-oder-ladesaeulen\/#article\",\"isPartOf\":{\"@id\":\"https:\/\/www.sonnenseite.com\/de\/mobilitaet\/wechselakkus-oder-ladesaeulen\/\"},\"author\":{\"name\":\"Bigi Alt\",\"@id\":\"https:\/\/www.sonnenseite.com\/de\/#\/schema\/person\/50fda0e926597684c7cc6695238a4eb9\"},\"headline\":\"Wechselakkus oder Lades\u00e4ulen?\",\"datePublished\":\"2022-07-28T00:45:00+00:00\",\"mainEntityOfPage\":{\"@id\":\"https:\/\/www.sonnenseite.com\/de\/mobilitaet\/wechselakkus-oder-ladesaeulen\/\"},\"wordCount\":702,\"publisher\":{\"@id\":\"https:\/\/www.sonnenseite.com\/de\/#organization\"},\"image\":{\"@id\":\"https:\/\/www.sonnenseite.com\/de\/mobilitaet\/wechselakkus-oder-ladesaeulen\/#primaryimage\"},\"thumbnailUrl\":\"https:\/\/www.sonnenseite.com\/wp-content\/uploads\/2022\/07\/E-Auto_Ladesaeule_A.jpg\",\"articleSection\":[\"Mobilit\u00e4t\"],\"inLanguage\":\"de\"},{\"@type\":\"WebPage\",\"@id\":\"https:\/\/www.sonnenseite.com\/de\/mobilitaet\/wechselakkus-oder-ladesaeulen\/\",\"url\":\"https:\/\/www.sonnenseite.com\/de\/mobilitaet\/wechselakkus-oder-ladesaeulen\/\",\"name\":\"Wechselakkus oder Lades\u00e4ulen? - Sonnenseite - \u00d6kologische Kommunikation mit Franz Alt\",\"isPartOf\":{\"@id\":\"https:\/\/www.sonnenseite.com\/de\/#website\"},\"primaryImageOfPage\":{\"@id\":\"https:\/\/www.sonnenseite.com\/de\/mobilitaet\/wechselakkus-oder-ladesaeulen\/#primaryimage\"},\"image\":{\"@id\":\"https:\/\/www.sonnenseite.com\/de\/mobilitaet\/wechselakkus-oder-ladesaeulen\/#primaryimage\"},\"thumbnailUrl\":\"https:\/\/www.sonnenseite.com\/wp-content\/uploads\/2022\/07\/E-Auto_Ladesaeule_A.jpg\",\"datePublished\":\"2022-07-28T00:45:00+00:00\",\"description\":\"Studie zum ressourcenschonenden Ausbau der E-Mobilit\u00e4t gestartet Elektromobilit\u00e4t: Kritische Fahrzeugkomponente f\u00fcr Rohstoff- und Energieverbrauch ist die\",\"breadcrumb\":{\"@id\":\"https:\/\/www.sonnenseite.com\/de\/mobilitaet\/wechselakkus-oder-ladesaeulen\/#breadcrumb\"},\"inLanguage\":\"de\",\"potentialAction\":[{\"@type\":\"ReadAction\",\"target\":[\"https:\/\/www.sonnenseite.com\/de\/mobilitaet\/wechselakkus-oder-ladesaeulen\/\"]}]},{\"@type\":\"ImageObject\",\"inLanguage\":\"de\",\"@id\":\"https:\/\/www.sonnenseite.com\/de\/mobilitaet\/wechselakkus-oder-ladesaeulen\/#primaryimage\",\"url\":\"https:\/\/www.sonnenseite.com\/wp-content\/uploads\/2022\/07\/E-Auto_Ladesaeule_A.jpg\",\"contentUrl\":\"https:\/\/www.sonnenseite.com\/wp-content\/uploads\/2022\/07\/E-Auto_Ladesaeule_A.jpg\",\"width\":770,\"height\":420,\"caption\":\"pixabay.vom | A | E-Auto Lades\u00e4ule\"},{\"@type\":\"BreadcrumbList\",\"@id\":\"https:\/\/www.sonnenseite.com\/de\/mobilitaet\/wechselakkus-oder-ladesaeulen\/#breadcrumb\",\"itemListElement\":[{\"@type\":\"ListItem\",\"position\":1,\"name\":\"Startseite\",\"item\":\"https:\/\/www.sonnenseite.com\/de\/\"},{\"@type\":\"ListItem\",\"position\":2,\"name\":\"Wechselakkus oder Lades\u00e4ulen?\"}]},{\"@type\":\"WebSite\",\"@id\":\"https:\/\/www.sonnenseite.com\/de\/#website\",\"url\":\"https:\/\/www.sonnenseite.com\/de\/\",\"name\":\"Sonnenseite\",\"description\":\"\u00d6kologische Kommunikation mit Franz Alt\",\"publisher\":{\"@id\":\"https:\/\/www.sonnenseite.com\/de\/#organization\"},\"potentialAction\":[{\"@type\":\"SearchAction\",\"target\":{\"@type\":\"EntryPoint\",\"urlTemplate\":\"https:\/\/www.sonnenseite.com\/de\/?s={search_term_string}\"},\"query-input\":{\"@type\":\"PropertyValueSpecification\",\"valueRequired\":true,\"valueName\":\"search_term_string\"}}],\"inLanguage\":\"de\"},{\"@type\":\"Organization\",\"@id\":\"https:\/\/www.sonnenseite.com\/de\/#organization\",\"name\":\"Sonnenseite\",\"url\":\"https:\/\/www.sonnenseite.com\/de\/\",\"logo\":{\"@type\":\"ImageObject\",\"inLanguage\":\"de\",\"@id\":\"https:\/\/www.sonnenseite.com\/de\/#\/schema\/logo\/image\/\",\"url\":\"https:\/\/www.sonnenseite.com\/wp-content\/uploads\/2020\/05\/Sonnenseite_Logo.png\",\"contentUrl\":\"https:\/\/www.sonnenseite.com\/wp-content\/uploads\/2020\/05\/Sonnenseite_Logo.png\",\"width\":377,\"height\":90,\"caption\":\"Sonnenseite\"},\"image\":{\"@id\":\"https:\/\/www.sonnenseite.com\/de\/#\/schema\/logo\/image\/\"},\"sameAs\":[\"https:\/\/www.facebook.com\/pages\/Franz-Alt-SONNENSEITECOM\/221072987903953?fref=ts\",\"https:\/\/x.com\/franzalt\",\"http:\/\/www.youtube.com\/results?search_query&amp;amp;quot;franz_alt&amp;amp;quot;&amp;amp;amp;amp;search_type&amp;amp;amp;amp;aq=f\"]},{\"@type\":\"Person\",\"@id\":\"https:\/\/www.sonnenseite.com\/de\/#\/schema\/person\/50fda0e926597684c7cc6695238a4eb9\",\"name\":\"Bigi Alt\"}]}<\/script>\n<!-- \/ Yoast SEO plugin. -->","yoast_head_json":{"title":"Wechselakkus oder Lades\u00e4ulen? - Sonnenseite - \u00d6kologische Kommunikation mit Franz Alt","description":"Studie zum ressourcenschonenden Ausbau der E-Mobilit\u00e4t gestartet Elektromobilit\u00e4t: Kritische Fahrzeugkomponente f\u00fcr Rohstoff- und Energieverbrauch ist die","robots":{"index":"index","follow":"follow","max-snippet":"max-snippet:-1","max-image-preview":"max-image-preview:large","max-video-preview":"max-video-preview:-1"},"canonical":"https:\/\/www.sonnenseite.com\/de\/mobilitaet\/wechselakkus-oder-ladesaeulen\/","og_locale":"de_DE","og_type":"article","og_title":"Wechselakkus oder Lades\u00e4ulen? - Sonnenseite - \u00d6kologische Kommunikation mit Franz Alt","og_description":"Studie zum ressourcenschonenden Ausbau der E-Mobilit\u00e4t gestartet Elektromobilit\u00e4t: Kritische Fahrzeugkomponente f\u00fcr Rohstoff- und Energieverbrauch ist die","og_url":"https:\/\/www.sonnenseite.com\/de\/mobilitaet\/wechselakkus-oder-ladesaeulen\/","og_site_name":"Sonnenseite","article_publisher":"https:\/\/www.facebook.com\/pages\/Franz-Alt-SONNENSEITECOM\/221072987903953?fref=ts","article_published_time":"2022-07-28T00:45:00+00:00","og_image":[{"width":770,"height":420,"url":"https:\/\/www.sonnenseite.com\/wp-content\/uploads\/2022\/07\/E-Auto_Ladesaeule_A.jpg","type":"image\/jpeg"}],"author":"Bigi Alt","twitter_card":"summary_large_image","twitter_creator":"@franzalt","twitter_site":"@franzalt","twitter_misc":{"Verfasst von":"Bigi Alt","Gesch\u00e4tzte Lesezeit":"4\u00a0Minuten"},"schema":{"@context":"https:\/\/schema.org","@graph":[{"@type":"Article","@id":"https:\/\/www.sonnenseite.com\/de\/mobilitaet\/wechselakkus-oder-ladesaeulen\/#article","isPartOf":{"@id":"https:\/\/www.sonnenseite.com\/de\/mobilitaet\/wechselakkus-oder-ladesaeulen\/"},"author":{"name":"Bigi Alt","@id":"https:\/\/www.sonnenseite.com\/de\/#\/schema\/person\/50fda0e926597684c7cc6695238a4eb9"},"headline":"Wechselakkus oder Lades\u00e4ulen?","datePublished":"2022-07-28T00:45:00+00:00","mainEntityOfPage":{"@id":"https:\/\/www.sonnenseite.com\/de\/mobilitaet\/wechselakkus-oder-ladesaeulen\/"},"wordCount":702,"publisher":{"@id":"https:\/\/www.sonnenseite.com\/de\/#organization"},"image":{"@id":"https:\/\/www.sonnenseite.com\/de\/mobilitaet\/wechselakkus-oder-ladesaeulen\/#primaryimage"},"thumbnailUrl":"https:\/\/www.sonnenseite.com\/wp-content\/uploads\/2022\/07\/E-Auto_Ladesaeule_A.jpg","articleSection":["Mobilit\u00e4t"],"inLanguage":"de"},{"@type":"WebPage","@id":"https:\/\/www.sonnenseite.com\/de\/mobilitaet\/wechselakkus-oder-ladesaeulen\/","url":"https:\/\/www.sonnenseite.com\/de\/mobilitaet\/wechselakkus-oder-ladesaeulen\/","name":"Wechselakkus oder Lades\u00e4ulen? - Sonnenseite - \u00d6kologische Kommunikation mit Franz Alt","isPartOf":{"@id":"https:\/\/www.sonnenseite.com\/de\/#website"},"primaryImageOfPage":{"@id":"https:\/\/www.sonnenseite.com\/de\/mobilitaet\/wechselakkus-oder-ladesaeulen\/#primaryimage"},"image":{"@id":"https:\/\/www.sonnenseite.com\/de\/mobilitaet\/wechselakkus-oder-ladesaeulen\/#primaryimage"},"thumbnailUrl":"https:\/\/www.sonnenseite.com\/wp-content\/uploads\/2022\/07\/E-Auto_Ladesaeule_A.jpg","datePublished":"2022-07-28T00:45:00+00:00","description":"Studie zum ressourcenschonenden Ausbau der E-Mobilit\u00e4t gestartet Elektromobilit\u00e4t: Kritische Fahrzeugkomponente f\u00fcr Rohstoff- und Energieverbrauch ist die","breadcrumb":{"@id":"https:\/\/www.sonnenseite.com\/de\/mobilitaet\/wechselakkus-oder-ladesaeulen\/#breadcrumb"},"inLanguage":"de","potentialAction":[{"@type":"ReadAction","target":["https:\/\/www.sonnenseite.com\/de\/mobilitaet\/wechselakkus-oder-ladesaeulen\/"]}]},{"@type":"ImageObject","inLanguage":"de","@id":"https:\/\/www.sonnenseite.com\/de\/mobilitaet\/wechselakkus-oder-ladesaeulen\/#primaryimage","url":"https:\/\/www.sonnenseite.com\/wp-content\/uploads\/2022\/07\/E-Auto_Ladesaeule_A.jpg","contentUrl":"https:\/\/www.sonnenseite.com\/wp-content\/uploads\/2022\/07\/E-Auto_Ladesaeule_A.jpg","width":770,"height":420,"caption":"pixabay.vom | A | E-Auto Lades\u00e4ule"},{"@type":"BreadcrumbList","@id":"https:\/\/www.sonnenseite.com\/de\/mobilitaet\/wechselakkus-oder-ladesaeulen\/#breadcrumb","itemListElement":[{"@type":"ListItem","position":1,"name":"Startseite","item":"https:\/\/www.sonnenseite.com\/de\/"},{"@type":"ListItem","position":2,"name":"Wechselakkus oder Lades\u00e4ulen?"}]},{"@type":"WebSite","@id":"https:\/\/www.sonnenseite.com\/de\/#website","url":"https:\/\/www.sonnenseite.com\/de\/","name":"Sonnenseite","description":"\u00d6kologische Kommunikation mit Franz Alt","publisher":{"@id":"https:\/\/www.sonnenseite.com\/de\/#organization"},"potentialAction":[{"@type":"SearchAction","target":{"@type":"EntryPoint","urlTemplate":"https:\/\/www.sonnenseite.com\/de\/?s={search_term_string}"},"query-input":{"@type":"PropertyValueSpecification","valueRequired":true,"valueName":"search_term_string"}}],"inLanguage":"de"},{"@type":"Organization","@id":"https:\/\/www.sonnenseite.com\/de\/#organization","name":"Sonnenseite","url":"https:\/\/www.sonnenseite.com\/de\/","logo":{"@type":"ImageObject","inLanguage":"de","@id":"https:\/\/www.sonnenseite.com\/de\/#\/schema\/logo\/image\/","url":"https:\/\/www.sonnenseite.com\/wp-content\/uploads\/2020\/05\/Sonnenseite_Logo.png","contentUrl":"https:\/\/www.sonnenseite.com\/wp-content\/uploads\/2020\/05\/Sonnenseite_Logo.png","width":377,"height":90,"caption":"Sonnenseite"},"image":{"@id":"https:\/\/www.sonnenseite.com\/de\/#\/schema\/logo\/image\/"},"sameAs":["https:\/\/www.facebook.com\/pages\/Franz-Alt-SONNENSEITECOM\/221072987903953?fref=ts","https:\/\/x.com\/franzalt","http:\/\/www.youtube.com\/results?search_query&amp;amp;quot;franz_alt&amp;amp;quot;&amp;amp;amp;amp;search_type&amp;amp;amp;amp;aq=f"]},{"@type":"Person","@id":"https:\/\/www.sonnenseite.com\/de\/#\/schema\/person\/50fda0e926597684c7cc6695238a4eb9","name":"Bigi Alt"}]}},"_links":{"self":[{"href":"https:\/\/www.sonnenseite.com\/de\/wp-json\/wp\/v2\/posts\/84043","targetHints":{"allow":["GET"]}}],"collection":[{"href":"https:\/\/www.sonnenseite.com\/de\/wp-json\/wp\/v2\/posts"}],"about":[{"href":"https:\/\/www.sonnenseite.com\/de\/wp-json\/wp\/v2\/types\/post"}],"author":[{"embeddable":true,"href":"https:\/\/www.sonnenseite.com\/de\/wp-json\/wp\/v2\/users\/3"}],"replies":[{"embeddable":true,"href":"https:\/\/www.sonnenseite.com\/de\/wp-json\/wp\/v2\/comments?post=84043"}],"version-history":[{"count":1,"href":"https:\/\/www.sonnenseite.com\/de\/wp-json\/wp\/v2\/posts\/84043\/revisions"}],"predecessor-version":[{"id":84044,"href":"https:\/\/www.sonnenseite.com\/de\/wp-json\/wp\/v2\/posts\/84043\/revisions\/84044"}],"wp:featuredmedia":[{"embeddable":true,"href":"https:\/\/www.sonnenseite.com\/de\/wp-json\/wp\/v2\/media\/84045"}],"wp:attachment":[{"href":"https:\/\/www.sonnenseite.com\/de\/wp-json\/wp\/v2\/media?parent=84043"}],"wp:term":[{"taxonomy":"category","embeddable":true,"href":"https:\/\/www.sonnenseite.com\/de\/wp-json\/wp\/v2\/categories?post=84043"},{"taxonomy":"post_tag","embeddable":true,"href":"https:\/\/www.sonnenseite.com\/de\/wp-json\/wp\/v2\/tags?post=84043"}],"curies":[{"name":"wp","href":"https:\/\/api.w.org\/{rel}","templated":true}]}}