{"id":84158,"date":"2022-07-31T10:23:37","date_gmt":"2022-07-31T08:23:37","guid":{"rendered":"https:\/\/www.sonnenseite.com\/?p=84158"},"modified":"2022-07-31T10:23:38","modified_gmt":"2022-07-31T08:23:38","slug":"hitze-in-der-stadt-in-bayerns-staedten-werden-hunderttausende-baeume-gefaellt","status":"publish","type":"post","link":"https:\/\/www.sonnenseite.com\/de\/umwelt\/hitze-in-der-stadt-in-bayerns-staedten-werden-hunderttausende-baeume-gefaellt\/","title":{"rendered":"Hitze in der Stadt: In Bayerns St\u00e4dten werden hunderttausende B\u00e4ume gef\u00e4llt"},"content":{"rendered":"\n<p>Der BUND Naturschutz hat eine breit angelegte Befragung in den gr\u00f6\u00dften St\u00e4dten Bayerns durchgef\u00fchrt, um Baumf\u00e4llungen zu erfassen. Das Ergebnis unserer Erhebung ist erschreckend. <\/p>\n\n\n\n<p>Zudem zeigen Temperaturmessungen erhebliche Unterschiede zwischen Betonw\u00fcste und Gr\u00fcnfl\u00e4che. Der BUND Naturschutz pl\u00e4diert deshalb daf\u00fcr, <a href=\"https:\/\/de.wikipedia.org\/wiki\/Baumschutzsatzung\">Baumschutzverordnungen<\/a> gesetzlich zu verankern.<\/p>\n\n\n\n<p>Der BUND Naturschutz in Bayern hat bei den 15 gr\u00f6\u00dften St\u00e4dten in Bayern und den Hauptst\u00e4dten der sieben Regierungsbezirke abgefragt, wie viele B\u00e4ume in den vergangenen zehn Jahren gef\u00e4llt und wie viele B\u00e4ume nachgepflanzt worden sind. Insgesamt sind mindestens 165.000 B\u00e4ume der Motors\u00e4ge zum Opfer gefallen (brutto), zieht man die Nachpflanzungen ab sind es immer noch mindestens 34.560 B\u00e4ume (netto) &#8211; die Aufschl\u00fcsselung nach St\u00e4dten befindet sich im Anhang. Da die St\u00e4dte teilweise nur sehr l\u00fcckenhaftes Zahlenmaterial liefern konnten, liegen die tats\u00e4chlichen Zahlen deutlich h\u00f6her. Nach Sch\u00e4tzungen des BN sind brutto 250.000 bis 300.000 und netto 45.000 bis 50.000 B\u00e4ume gef\u00e4llt worden.<\/p>\n\n\n\n<p>\u201eDas Ergebnis unserer Erhebung ist erschreckend. Dass in Zeiten des Klimawandels so viele zum Teil sehr alte und gro\u00dfe B\u00e4ume weichen m\u00fcssen ist dramatisch\u201c, erkl\u00e4rt der BN-Vorsitzende Richard Mergner. \u201eNachpflanzungen k\u00f6nnen den Verlust eines alten Baumes nur schwer kompensieren. Eine Linde, der Symbolbaum des BN, w\u00e4chst beispielsweise 25 bis maximal 50 Zentimeter im Jahr. Es dauert also durchschnittlich rund 25 Jahre bis eine neu gepflanzte Linde eine mittlere Gr\u00f6\u00dfe von zehn Meter erreicht. In der Stadt wachsen die B\u00e4ume meist sogar nur wenige Zentimeter im Jahr, weil sie vom Wurzelwerk her keinen Platz haben, sich zu entfalten.\u201c &nbsp;&nbsp;&nbsp;<\/p>\n\n\n\n<h5 class=\"wp-block-heading\">F\u00e4llen oder nicht? Baumschutzverordnung muss verpflichtend werden!<\/h5>\n\n\n\n<p>Der BUND Naturschutz fordert, dem Baumerhalt oberste Priorit\u00e4t einzur\u00e4umen. Derzeit haben nur knapp 100 der 2.056 St\u00e4dte und Gemeinden in Bayern eine Baumschutzverordnung. \u201eDas muss sich \u00e4ndern, eine Baumschutzverordnung muss gesetzlich verankert werden. Viele St\u00e4dte f\u00fchren zudem nur sehr l\u00fcckenhafte Statistiken \u00fcber ihren Baumbestand und die F\u00e4llungen. Hier muss es verpflichtende Vorgaben geben, ein Baumkataster sollte obligatorisch sein\u201c, fordert Mergner. \u201eAu\u00dferdem fordern wir die Bayerische Staatsregierung auf, die Bayerische Bauordnung so zu \u00e4ndern, dass die B\u00e4ume besser gesch\u00fctzt werden.\u201c<br>\u00a0<br>Welche B\u00e4ume sch\u00fctzenswert sind regelt die <a href=\"https:\/\/de.wikipedia.org\/wiki\/Baumschutzsatzung\">Baumschutzverordnung<\/a>. Anlehnend daran kann in den Bebauungspl\u00e4nen f\u00fcr jeden einzelnen Baum festgelegt werden, ob er gef\u00e4llt wird oder nicht. Gibt es keine Baumschutzverordnung oder keinen Bebauungsplan greift die Bayerische Bauordnung, die dem Baurecht aber immer Vorrang gew\u00e4hrt \u2013 das hei\u00dft die B\u00e4ume m\u00fcssen in den allermeisten F\u00e4llen weichen.<\/p>\n\n\n\n<h5 class=\"wp-block-heading\">B\u00e4ume sind die Klimaanlage der Stadt<\/h5>\n\n\n<div class=\"wp-block-image\">\n<figure class=\"alignleft size-full\"><img loading=\"lazy\" decoding=\"async\" width=\"320\" height=\"240\" src=\"https:\/\/www.sonnenseite.com\/wp-content\/uploads\/2022\/07\/BN_Baumfaellungen_Waermebildkamera_Marienplatz.jpg\" alt=\"W\u00e4rmebildkamera Marienplatz, Foto: BN\" class=\"wp-image-84160\" srcset=\"https:\/\/www.sonnenseite.com\/wp-content\/uploads\/2022\/07\/BN_Baumfaellungen_Waermebildkamera_Marienplatz.jpg 320w, https:\/\/www.sonnenseite.com\/wp-content\/uploads\/2022\/07\/BN_Baumfaellungen_Waermebildkamera_Marienplatz-300x225.jpg 300w\" sizes=\"auto, (max-width: 320px) 100vw, 320px\" \/><figcaption>W\u00e4rmebildkamera Marienplatz, Foto: BN<\/figcaption><\/figure>\n<\/div>\n\n\n<p>Der BUND Naturschutz hat in M\u00fcnchen am hei\u00dfesten Tag des Jahres in Bayern au\u00dferdem exemplarisch die Temperatur am Marienplatz, in der baumreichen Valleystra\u00dfe im Stadtteil Sendling und im Englischen Garten (N\u00e4he Monopteros) gemessen. Die Messungen wurden mit einem Aspirationspsychrometer nach A\u00dfmann durchgef\u00fchrt. Mit diesem Messinstrument l\u00e4sst sich die wahre, nicht durch die Sonneneinstrahlung verf\u00e4lschte Temperatur ermitteln. Am baumlosen Marienplatz betrug die Temperatur 35,1 Grad, in der Valleystra\u00dfe 33,4 Grad und im Englischen Garten 32,1 Grad. Der BN-Baumexperte Christopher Busch unterstreicht in diesem Zusammenhang: &#8222;Gr\u00fcnfl\u00e4chen und B\u00e4ume spielen f\u00fcr die Klimatisierung einer Stadt eine wichtige Rolle. Ein ausgewachsener Laubbaum verdunstet an einem hei\u00dfen Sommertag locker 400 Liter Wasser und k\u00fchlt somit seine Umgebung ab. Ein Laubbaum mit 15 Meter Kronendurchmesser k\u00fchlt zus\u00e4tzlich \u2013 je nach Sonnenstand &#8211; eine Fl\u00e4che von mindestens 170 m\u00b2 mit seinem Schatten&#8220;.<\/p>\n\n\n\n<p>Richard Mergner abschlie\u00dfend: \u201eUm Fl\u00e4chen zuzubauen und zuzupflastern werden immer mehr B\u00e4ume gef\u00e4llt. Die St\u00e4dte heizen sich dadurch stark auf, eine enorme Belastung f\u00fcr Mensch und Natur. Wir m\u00fcssen hier schnell die Rei\u00dfleine ziehen, ansonsten wird das Leben in den St\u00e4dten in nicht allzu ferner Zukunft unertr\u00e4glich.\u201c<\/p>\n\n\n\n<h5 class=\"wp-block-heading\">Liste der Baumf\u00e4llungen<\/h5>\n\n\n\n<p><strong>Bei den Z\u00e4hlungen sind folgende Punkte zu beachten:<\/strong><\/p>\n\n\n\n<ul class=\"wp-block-list\"><li>Abgefragt wurden die Zahlen von 2011 bis 2021. Wenn in den St\u00e4dten \u00e4ltere Jahrg\u00e4nge nicht erfasst wurden, sind die Zahlen auf den Zehn-Jahres-Zeitraum hochgerechnet worden (gerundet).<\/li><li>Es handelt sich immer nur um B\u00e4ume, die unter die Baumschutzverordnung fallen.<\/li><li>Die St\u00e4dte f\u00fchren leider sehr unterschiedliche oder nur rudiment\u00e4re Statistiken: Manche St\u00e4dte erfassen nur die \u00f6ffentlichen oder nur die privaten B\u00e4ume, andere St\u00e4dte haben keine Daten \u00fcber Baumf\u00e4llungen aus privaten Bauantr\u00e4gen oder konnten nur Statistiken \u00fcber Stra\u00dfenb\u00e4ume liefern. Auch Zahlen \u00fcber Nachpflanzungen konnten teilweise nicht geliefert werden.<\/li><li>Netto-Zahl: gef\u00e4llte B\u00e4ume abz\u00fcglich Nachpflanzungen<\/li><li>Brutto-Zahl: absolute Zahl der gef\u00e4llten B\u00e4ume<\/li><\/ul>\n\n\n\n<h3 class=\"wp-block-heading\">Einzelauflistung (nach Einwohnerzahl geordnet)<\/h3>\n\n\n\n<ul class=\"wp-block-list\"><li>M\u00fcnchen (Regierungssitz Oberbayern): 21.600 B\u00e4ume netto \/ 98.270 B\u00e4ume brutto<\/li><li>N\u00fcrnberg:\u00a09.942 B\u00e4ume netto \/ 17.931 B\u00e4ume brutto<br>Nur Stra\u00dfenb\u00e4ume + private B\u00e4ume exklusive Bauma\u00dfnahmen<\/li><li>Augsburg (Regierungssitz Schwaben):\u00a04.870 B\u00e4ume brutto<br>Nur private B\u00e4ume, keine Nettozahlen<\/li><li>Regensburg (Regierungssitz Oberpfalz):\u00a02.680 B\u00e4ume netto \/ 4.500 B\u00e4ume brutto<\/li><li>Ingolstadt:\u00a0+3.790 B\u00e4ume netto \/ 1.960 B\u00e4ume brutto<br>Nur \u00f6ffentliche B\u00e4ume<\/li><li>F\u00fcrth:\u00a0+1.783 B\u00e4ume netto \/ 4.312 B\u00e4ume brutto<br>Ohne Stra\u00dfenb\u00e4ume<\/li><li>W\u00fcrzburg (Regierungssitz Unterfranken):\u00a010.660 B\u00e4ume brutto<br>Ohne private Bauma\u00dfnahmen, keine Netto-Zahlen<\/li><li>Erlangen:\u00a0+680 B\u00e4ume netto \/ 2.760 B\u00e4ume brutto<br>Nur \u00f6ffentliche B\u00e4ume<\/li><li>Bamberg: 0 B\u00e4ume netto \/ 3.000 B\u00e4ume brutto<\/li><li>Bayreuth (Regierungssitz Oberfranken):\u00a0+360 B\u00e4ume netto \/ 3.280 B\u00e4ume brutto<\/li><li>Rosenheim:\u00a0678 B\u00e4ume netto \/ 3.363 B\u00e4ume brutto<br>Ohne private Bauma\u00dfnahmen<\/li><li>Hof:\u00a0+83 B\u00e4ume netto \/ 638 B\u00e4ume brutto<br>Ausschlie\u00dflich Stra\u00dfenb\u00e4ume<\/li><li>Straubing:\u00a00 B\u00e4ume netto \/ 1.325 B\u00e4ume brutto<br>Ohne private und \u00f6ffentliche Bauma\u00dfnahmen<\/li><li>Amberg:\u00a01.150 B\u00e4ume netto \/ 1.800 B\u00e4ume brutto<\/li><li>Memmingen:\u00a0Anfrage konnte nicht beantwortet werden<\/li><li>Landshut (Regierungssitz Niederbayern):\u00a02.075 B\u00e4ume netto \/ 6.839 B\u00e4ume brutto<\/li><li>Ansbach (Regierungssitz Mittelfranken):\u00a0Anfrage konnte nicht beantwortet werden, da es keine Baumschutzverordnung gibt.<\/li><\/ul>\n\n\n\n<p><strong>Gesamtzahl netto: 34.560 B\u00e4ume<br>Gesamtzahl brutto: 165.500 B\u00e4ume<\/strong><\/p>\n\n\n\n<p>Da das Zahlenmaterial sehr l\u00fcckenhaft ist, liegen die tats\u00e4chlichen Zahlen deutlich h\u00f6her. Nach  Sch\u00e4tzungen des Bund Naturschutz in Bayern sind diese Zahlen realistisch:<\/p>\n\n\n\n<p><strong>Tats\u00e4chliche Gesamtzahl netto: 45.000 bis 50.000 B\u00e4ume<br>Tats\u00e4chliche Gesamtzahl brutto. 250.000 bis 300.000 B\u00e4ume<\/strong><\/p>\n\n\n\n<hr class=\"wp-block-separator has-alpha-channel-opacity\"\/>\n\n\n\n<h5 class=\"wp-block-heading\"><strong>Downloads<\/strong><\/h5>\n\n\n\n<ul class=\"wp-block-list\"><li><a href=\"https:\/\/www.bund-naturschutz.de\/fileadmin\/Bilder_und_Dokumente\/Presse_und_Aktuelles\/2022\/Tiere_und_Pflanzen\/PM_LFGM_66_22_Baumfaellungen.pdf\" target=\"_blank\" rel=\"noreferrer noopener\">\u203aPM_LFGM_66_22_Baumfaellungen.pdf<\/a><\/li><li><a href=\"https:\/\/www.bund-naturschutz.de\/fileadmin\/Bilder_und_Dokumente\/Presse_und_Aktuelles\/2022\/Tiere_und_Pflanzen\/PM_LFGM_66_22_Baumfaellungen_Anhang.pdf\" target=\"_blank\" rel=\"noreferrer noopener\">\u203aPM_LFGM_66_22_Baumfaellungen_Anhang.pdf<\/a><\/li><li><a href=\"https:\/\/www.bund-naturschutz.de\/fileadmin\/Bilder_und_Dokumente\/Presse_und_Aktuelles\/2022\/Tiere_und_Pflanzen\/PM_LFGM_66_22_Baumfaellungen_Messung_Englischer_Garten.jpg\" target=\"_blank\" rel=\"noreferrer noopener\">\u203aPM_LFGM_66_22_Baumfaellungen_Messung_Englischer_Garten.jpg<\/a><\/li><li><a href=\"https:\/\/www.bund-naturschutz.de\/fileadmin\/Bilder_und_Dokumente\/Presse_und_Aktuelles\/2022\/Tiere_und_Pflanzen\/PM_LFGM_66_22_Baumfaellungen_Messung_Marienplatz.jpg\" target=\"_blank\" rel=\"noreferrer noopener\">\u203aPM_LFGM_66_22_Baumfaellungen_Messung_Marienplatz.jpg<\/a><\/li><li><a href=\"https:\/\/www.bund-naturschutz.de\/fileadmin\/Bilder_und_Dokumente\/Presse_und_Aktuelles\/2022\/Tiere_und_Pflanzen\/PM_LFGM_66_22_Baumfaellungen_Waermebildkamera_Englischer_Garten.jpg\" target=\"_blank\" rel=\"noreferrer noopener\">\u203aPM_LFGM_66_22_Baumfaellungen_Waermebildkamera_Englischer_Garten.jpg<\/a><\/li><li><a href=\"https:\/\/www.bund-naturschutz.de\/fileadmin\/Bilder_und_Dokumente\/Presse_und_Aktuelles\/2022\/Tiere_und_Pflanzen\/PM_LFGM_66_22_Baumfaellungen_Waermebildkamera_Marienplatz.jpg\" target=\"_blank\" rel=\"noreferrer noopener\">\u203aPM_LFGM_66_22_Baumfaellungen_Waermebildkamera_Marienplatz.jpg<\/a><\/li><li><a href=\"https:\/\/www.bund-naturschutz.de\/fileadmin\/Bilder_und_Dokumente\/Presse_und_Aktuelles\/2022\/Tiere_und_Pflanzen\/PM_LFGM_66_22_Baumfaellungen_Waermebildkamera_Valleystra%C3%9Fe.jpg\" target=\"_blank\" rel=\"noreferrer noopener\">\u203aPM_LFGM_66_22_Baumfaellungen_Waermebildkamera_Valleystra\u00dfe.jpg<\/a><\/li><\/ul>\n\n\n<h5 class=\"green\">Quelle<\/h5>\r\n\n\n\n<p><a href=\"https:\/\/www.bund-naturschutz.de\/pressemitteilungen\/hitze-in-der-stadt-in-bayerns-staedten-werden-hunderttausende-baeume-gefaellt\">Bund Naturschutz in Bayern e.V. 2022<\/a><\/p>\n<div class=\"shariff shariff-align-flex-start shariff-widget-align-flex-start\"><div class=\"ShariffHeadline\">Diese Meldung teilen<\/div><ul class=\"shariff-buttons theme-round orientation-horizontal buttonsize-medium\"><li class=\"shariff-button facebook shariff-nocustomcolor\" style=\"background-color:#4273c8;border-radius:1%\"><a href=\"https:\/\/www.facebook.com\/sharer\/sharer.php?u=https%3A%2F%2Fwww.sonnenseite.com%2Fde%2Fumwelt%2Fhitze-in-der-stadt-in-bayerns-staedten-werden-hunderttausende-baeume-gefaellt%2F\" title=\"Bei Facebook teilen\" aria-label=\"Bei Facebook teilen\" role=\"button\" rel=\"nofollow\" class=\"shariff-link\" style=\";border-radius:1%; background-color:#3b5998; color:#fff\" target=\"_blank\"><span class=\"shariff-icon\" style=\"\"><svg width=\"32px\" height=\"20px\" xmlns=\"http:\/\/www.w3.org\/2000\/svg\" viewBox=\"0 0 18 32\"><path fill=\"#3b5998\" d=\"M17.1 0.2v4.7h-2.8q-1.5 0-2.1 0.6t-0.5 1.9v3.4h5.2l-0.7 5.3h-4.5v13.6h-5.5v-13.6h-4.5v-5.3h4.5v-3.9q0-3.3 1.9-5.2t5-1.8q2.6 0 4.1 0.2z\"\/><\/svg><\/span><\/a><\/li><li class=\"shariff-button twitter shariff-nocustomcolor\" style=\"background-color:#595959;border-radius:1%\"><a href=\"https:\/\/twitter.com\/share?url=https%3A%2F%2Fwww.sonnenseite.com%2Fde%2Fumwelt%2Fhitze-in-der-stadt-in-bayerns-staedten-werden-hunderttausende-baeume-gefaellt%2F&text=Hitze%20in%20der%20Stadt%3A%20In%20Bayerns%20St%C3%A4dten%20werden%20hunderttausende%20B%C3%A4ume%20gef%C3%A4llt\" title=\"Bei X teilen\" aria-label=\"Bei X teilen\" role=\"button\" rel=\"noopener nofollow\" class=\"shariff-link\" style=\";border-radius:1%; background-color:#000; color:#fff\" target=\"_blank\"><span class=\"shariff-icon\" style=\"\"><svg width=\"32px\" height=\"20px\" xmlns=\"http:\/\/www.w3.org\/2000\/svg\" viewBox=\"0 0 24 24\"><path fill=\"#000\" d=\"M14.258 10.152L23.176 0h-2.113l-7.747 8.813L7.133 0H0l9.352 13.328L0 23.973h2.113l8.176-9.309 6.531 9.309h7.133zm-2.895 3.293l-.949-1.328L2.875 1.56h3.246l6.086 8.523.945 1.328 7.91 11.078h-3.246zm0 0\"\/><\/svg><\/span><\/a><\/li><li class=\"shariff-button xing shariff-nocustomcolor\" style=\"background-color:#29888a;border-radius:1%\"><a href=\"https:\/\/www.xing.com\/spi\/shares\/new?url=https%3A%2F%2Fwww.sonnenseite.com%2Fde%2Fumwelt%2Fhitze-in-der-stadt-in-bayerns-staedten-werden-hunderttausende-baeume-gefaellt%2F\" title=\"Bei XING teilen\" aria-label=\"Bei XING teilen\" role=\"button\" rel=\"noopener nofollow\" class=\"shariff-link\" style=\";border-radius:1%; background-color:#126567; color:#fff\" target=\"_blank\"><span class=\"shariff-icon\" style=\"\"><svg width=\"32px\" height=\"20px\" xmlns=\"http:\/\/www.w3.org\/2000\/svg\" viewBox=\"0 0 25 32\"><path fill=\"#126567\" d=\"M10.7 11.9q-0.2 0.3-4.6 8.2-0.5 0.8-1.2 0.8h-4.3q-0.4 0-0.5-0.3t0-0.6l4.5-8q0 0 0 0l-2.9-5q-0.2-0.4 0-0.7 0.2-0.3 0.5-0.3h4.3q0.7 0 1.2 0.8zM25.1 0.4q0.2 0.3 0 0.7l-9.4 16.7 6 11q0.2 0.4 0 0.6-0.2 0.3-0.6 0.3h-4.3q-0.7 0-1.2-0.8l-6-11.1q0.3-0.6 9.5-16.8 0.4-0.8 1.2-0.8h4.3q0.4 0 0.5 0.3z\"\/><\/svg><\/span><\/a><\/li><li class=\"shariff-button linkedin shariff-nocustomcolor\" style=\"background-color:#1488bf;border-radius:1%\"><a href=\"https:\/\/www.linkedin.com\/sharing\/share-offsite\/?url=https%3A%2F%2Fwww.sonnenseite.com%2Fde%2Fumwelt%2Fhitze-in-der-stadt-in-bayerns-staedten-werden-hunderttausende-baeume-gefaellt%2F\" title=\"Bei LinkedIn teilen\" aria-label=\"Bei LinkedIn teilen\" role=\"button\" rel=\"noopener nofollow\" class=\"shariff-link\" style=\";border-radius:1%; background-color:#0077b5; color:#fff\" target=\"_blank\"><span class=\"shariff-icon\" style=\"\"><svg width=\"32px\" height=\"20px\" xmlns=\"http:\/\/www.w3.org\/2000\/svg\" viewBox=\"0 0 27 32\"><path fill=\"#0077b5\" d=\"M6.2 11.2v17.7h-5.9v-17.7h5.9zM6.6 5.7q0 1.3-0.9 2.2t-2.4 0.9h0q-1.5 0-2.4-0.9t-0.9-2.2 0.9-2.2 2.4-0.9 2.4 0.9 0.9 2.2zM27.4 18.7v10.1h-5.9v-9.5q0-1.9-0.7-2.9t-2.3-1.1q-1.1 0-1.9 0.6t-1.2 1.5q-0.2 0.5-0.2 1.4v9.9h-5.9q0-7.1 0-11.6t0-5.3l0-0.9h5.9v2.6h0q0.4-0.6 0.7-1t1-0.9 1.6-0.8 2-0.3q3 0 4.9 2t1.9 6z\"\/><\/svg><\/span><\/a><\/li><li class=\"shariff-button printer shariff-nocustomcolor\" style=\"background-color:#a8a8a8;border-radius:1%\"><a href=\"javascript:window.print()\" title=\"drucken\" aria-label=\"drucken\" role=\"button\" rel=\"noopener nofollow\" class=\"shariff-link\" style=\";border-radius:1%; background-color:#999; color:#fff\"><span class=\"shariff-icon\" style=\"\"><svg width=\"32px\" height=\"20px\" xmlns=\"http:\/\/www.w3.org\/2000\/svg\" viewBox=\"0 0 30 32\"><path fill=\"#999\" d=\"M6.8 27.4h16v-4.6h-16v4.6zM6.8 16h16v-6.8h-2.8q-0.7 0-1.2-0.5t-0.5-1.2v-2.8h-11.4v11.4zM27.4 17.2q0-0.5-0.3-0.8t-0.8-0.4-0.8 0.4-0.3 0.8 0.3 0.8 0.8 0.3 0.8-0.3 0.3-0.8zM29.7 17.2v7.4q0 0.2-0.2 0.4t-0.4 0.2h-4v2.8q0 0.7-0.5 1.2t-1.2 0.5h-17.2q-0.7 0-1.2-0.5t-0.5-1.2v-2.8h-4q-0.2 0-0.4-0.2t-0.2-0.4v-7.4q0-1.4 1-2.4t2.4-1h1.2v-9.7q0-0.7 0.5-1.2t1.2-0.5h12q0.7 0 1.6 0.4t1.3 0.8l2.7 2.7q0.5 0.5 0.9 1.4t0.4 1.6v4.6h1.1q1.4 0 2.4 1t1 2.4z\"\/><\/svg><\/span><\/a><\/li><li class=\"shariff-button mailto shariff-nocustomcolor\" style=\"background-color:#a8a8a8;border-radius:1%\"><a href=\"mailto:?body=https%3A%2F%2Fwww.sonnenseite.com%2Fde%2Fumwelt%2Fhitze-in-der-stadt-in-bayerns-staedten-werden-hunderttausende-baeume-gefaellt%2F&subject=Hitze%20in%20der%20Stadt%3A%20In%20Bayerns%20St%C3%A4dten%20werden%20hunderttausende%20B%C3%A4ume%20gef%C3%A4llt\" title=\"Per E-Mail versenden\" aria-label=\"Per E-Mail versenden\" role=\"button\" rel=\"noopener nofollow\" class=\"shariff-link\" style=\";border-radius:1%; background-color:#999; color:#fff\"><span class=\"shariff-icon\" style=\"\"><svg width=\"32px\" height=\"20px\" xmlns=\"http:\/\/www.w3.org\/2000\/svg\" viewBox=\"0 0 32 32\"><path fill=\"#999\" d=\"M32 12.7v14.2q0 1.2-0.8 2t-2 0.9h-26.3q-1.2 0-2-0.9t-0.8-2v-14.2q0.8 0.9 1.8 1.6 6.5 4.4 8.9 6.1 1 0.8 1.6 1.2t1.7 0.9 2 0.4h0.1q0.9 0 2-0.4t1.7-0.9 1.6-1.2q3-2.2 8.9-6.1 1-0.7 1.8-1.6zM32 7.4q0 1.4-0.9 2.7t-2.2 2.2q-6.7 4.7-8.4 5.8-0.2 0.1-0.7 0.5t-1 0.7-0.9 0.6-1.1 0.5-0.9 0.2h-0.1q-0.4 0-0.9-0.2t-1.1-0.5-0.9-0.6-1-0.7-0.7-0.5q-1.6-1.1-4.7-3.2t-3.6-2.6q-1.1-0.7-2.1-2t-1-2.5q0-1.4 0.7-2.3t2.1-0.9h26.3q1.2 0 2 0.8t0.9 2z\"\/><\/svg><\/span><\/a><\/li><\/ul><\/div>","protected":false},"excerpt":{"rendered":"<p>Der BUND Naturschutz hat eine breit angelegte Befragung in den gr\u00f6\u00dften St\u00e4dten Bayerns durchgef\u00fchrt, um Baumf\u00e4llungen [&hellip;]<\/p>\n","protected":false},"author":3,"featured_media":16856,"comment_status":"closed","ping_status":"closed","sticky":false,"template":"","format":"standard","meta":{"inline_featured_image":false,"footnotes":""},"categories":[23],"tags":[],"class_list":["post-84158","post","type-post","status-publish","format-standard","has-post-thumbnail","hentry","category-umwelt"],"yoast_head":"<!-- This site is optimized with the Yoast SEO plugin v26.5 - https:\/\/yoast.com\/wordpress\/plugins\/seo\/ -->\n<title>Hitze in der Stadt: In Bayerns St\u00e4dten werden hunderttausende B\u00e4ume gef\u00e4llt - Sonnenseite - \u00d6kologische Kommunikation mit Franz Alt<\/title>\n<meta name=\"description\" content=\"Der BUND Naturschutz hat eine breit angelegte Befragung in den gr\u00f6\u00dften St\u00e4dten Bayerns durchgef\u00fchrt, um Baumf\u00e4llungen zu erfassen. Das Ergebnis unserer\" \/>\n<meta name=\"robots\" content=\"index, follow, max-snippet:-1, max-image-preview:large, max-video-preview:-1\" \/>\n<link rel=\"canonical\" href=\"https:\/\/www.sonnenseite.com\/de\/umwelt\/hitze-in-der-stadt-in-bayerns-staedten-werden-hunderttausende-baeume-gefaellt\/\" \/>\n<meta property=\"og:locale\" content=\"de_DE\" \/>\n<meta property=\"og:type\" content=\"article\" \/>\n<meta property=\"og:title\" content=\"Hitze in der Stadt: In Bayerns St\u00e4dten werden hunderttausende B\u00e4ume gef\u00e4llt - Sonnenseite - \u00d6kologische Kommunikation mit Franz Alt\" \/>\n<meta property=\"og:description\" content=\"Der BUND Naturschutz hat eine breit angelegte Befragung in den gr\u00f6\u00dften St\u00e4dten Bayerns durchgef\u00fchrt, um Baumf\u00e4llungen zu erfassen. Das Ergebnis unserer\" \/>\n<meta property=\"og:url\" content=\"https:\/\/www.sonnenseite.com\/de\/umwelt\/hitze-in-der-stadt-in-bayerns-staedten-werden-hunderttausende-baeume-gefaellt\/\" \/>\n<meta property=\"og:site_name\" content=\"Sonnenseite\" \/>\n<meta property=\"article:publisher\" content=\"https:\/\/www.facebook.com\/pages\/Franz-Alt-SONNENSEITECOM\/221072987903953?fref=ts\" \/>\n<meta property=\"article:published_time\" content=\"2022-07-31T08:23:37+00:00\" \/>\n<meta property=\"article:modified_time\" content=\"2022-07-31T08:23:38+00:00\" \/>\n<meta property=\"og:image\" content=\"https:\/\/www.sonnenseite.com\/wp-content\/uploads\/2018\/07\/Muenchen_Park_designerpoint.jpg\" \/>\n\t<meta property=\"og:image:width\" content=\"770\" \/>\n\t<meta property=\"og:image:height\" content=\"420\" \/>\n\t<meta property=\"og:image:type\" content=\"image\/jpeg\" \/>\n<meta name=\"author\" content=\"Bigi Alt\" \/>\n<meta name=\"twitter:card\" content=\"summary_large_image\" \/>\n<meta name=\"twitter:creator\" content=\"@franzalt\" \/>\n<meta name=\"twitter:site\" content=\"@franzalt\" \/>\n<meta name=\"twitter:label1\" content=\"Verfasst von\" \/>\n\t<meta name=\"twitter:data1\" content=\"Bigi Alt\" \/>\n\t<meta name=\"twitter:label2\" content=\"Gesch\u00e4tzte Lesezeit\" \/>\n\t<meta name=\"twitter:data2\" content=\"6\u00a0Minuten\" \/>\n<script type=\"application\/ld+json\" class=\"yoast-schema-graph\">{\"@context\":\"https:\/\/schema.org\",\"@graph\":[{\"@type\":\"Article\",\"@id\":\"https:\/\/www.sonnenseite.com\/de\/umwelt\/hitze-in-der-stadt-in-bayerns-staedten-werden-hunderttausende-baeume-gefaellt\/#article\",\"isPartOf\":{\"@id\":\"https:\/\/www.sonnenseite.com\/de\/umwelt\/hitze-in-der-stadt-in-bayerns-staedten-werden-hunderttausende-baeume-gefaellt\/\"},\"author\":{\"name\":\"Bigi Alt\",\"@id\":\"https:\/\/www.sonnenseite.com\/de\/#\/schema\/person\/50fda0e926597684c7cc6695238a4eb9\"},\"headline\":\"Hitze in der Stadt: In Bayerns St\u00e4dten werden hunderttausende B\u00e4ume gef\u00e4llt\",\"datePublished\":\"2022-07-31T08:23:37+00:00\",\"dateModified\":\"2022-07-31T08:23:38+00:00\",\"mainEntityOfPage\":{\"@id\":\"https:\/\/www.sonnenseite.com\/de\/umwelt\/hitze-in-der-stadt-in-bayerns-staedten-werden-hunderttausende-baeume-gefaellt\/\"},\"wordCount\":1057,\"publisher\":{\"@id\":\"https:\/\/www.sonnenseite.com\/de\/#organization\"},\"image\":{\"@id\":\"https:\/\/www.sonnenseite.com\/de\/umwelt\/hitze-in-der-stadt-in-bayerns-staedten-werden-hunderttausende-baeume-gefaellt\/#primaryimage\"},\"thumbnailUrl\":\"https:\/\/www.sonnenseite.com\/wp-content\/uploads\/2018\/07\/Muenchen_Park_designerpoint.jpg\",\"articleSection\":[\"Umwelt\"],\"inLanguage\":\"de\"},{\"@type\":\"WebPage\",\"@id\":\"https:\/\/www.sonnenseite.com\/de\/umwelt\/hitze-in-der-stadt-in-bayerns-staedten-werden-hunderttausende-baeume-gefaellt\/\",\"url\":\"https:\/\/www.sonnenseite.com\/de\/umwelt\/hitze-in-der-stadt-in-bayerns-staedten-werden-hunderttausende-baeume-gefaellt\/\",\"name\":\"Hitze in der Stadt: In Bayerns St\u00e4dten werden hunderttausende B\u00e4ume gef\u00e4llt - Sonnenseite - \u00d6kologische Kommunikation mit Franz Alt\",\"isPartOf\":{\"@id\":\"https:\/\/www.sonnenseite.com\/de\/#website\"},\"primaryImageOfPage\":{\"@id\":\"https:\/\/www.sonnenseite.com\/de\/umwelt\/hitze-in-der-stadt-in-bayerns-staedten-werden-hunderttausende-baeume-gefaellt\/#primaryimage\"},\"image\":{\"@id\":\"https:\/\/www.sonnenseite.com\/de\/umwelt\/hitze-in-der-stadt-in-bayerns-staedten-werden-hunderttausende-baeume-gefaellt\/#primaryimage\"},\"thumbnailUrl\":\"https:\/\/www.sonnenseite.com\/wp-content\/uploads\/2018\/07\/Muenchen_Park_designerpoint.jpg\",\"datePublished\":\"2022-07-31T08:23:37+00:00\",\"dateModified\":\"2022-07-31T08:23:38+00:00\",\"description\":\"Der BUND Naturschutz hat eine breit angelegte Befragung in den gr\u00f6\u00dften St\u00e4dten Bayerns durchgef\u00fchrt, um Baumf\u00e4llungen zu erfassen. Das Ergebnis unserer\",\"breadcrumb\":{\"@id\":\"https:\/\/www.sonnenseite.com\/de\/umwelt\/hitze-in-der-stadt-in-bayerns-staedten-werden-hunderttausende-baeume-gefaellt\/#breadcrumb\"},\"inLanguage\":\"de\",\"potentialAction\":[{\"@type\":\"ReadAction\",\"target\":[\"https:\/\/www.sonnenseite.com\/de\/umwelt\/hitze-in-der-stadt-in-bayerns-staedten-werden-hunderttausende-baeume-gefaellt\/\"]}]},{\"@type\":\"ImageObject\",\"inLanguage\":\"de\",\"@id\":\"https:\/\/www.sonnenseite.com\/de\/umwelt\/hitze-in-der-stadt-in-bayerns-staedten-werden-hunderttausende-baeume-gefaellt\/#primaryimage\",\"url\":\"https:\/\/www.sonnenseite.com\/wp-content\/uploads\/2018\/07\/Muenchen_Park_designerpoint.jpg\",\"contentUrl\":\"https:\/\/www.sonnenseite.com\/wp-content\/uploads\/2018\/07\/Muenchen_Park_designerpoint.jpg\",\"width\":770,\"height\":420,\"caption\":\"pixabay.com | designerpoint\"},{\"@type\":\"BreadcrumbList\",\"@id\":\"https:\/\/www.sonnenseite.com\/de\/umwelt\/hitze-in-der-stadt-in-bayerns-staedten-werden-hunderttausende-baeume-gefaellt\/#breadcrumb\",\"itemListElement\":[{\"@type\":\"ListItem\",\"position\":1,\"name\":\"Startseite\",\"item\":\"https:\/\/www.sonnenseite.com\/de\/\"},{\"@type\":\"ListItem\",\"position\":2,\"name\":\"Hitze in der Stadt: In Bayerns St\u00e4dten werden hunderttausende B\u00e4ume gef\u00e4llt\"}]},{\"@type\":\"WebSite\",\"@id\":\"https:\/\/www.sonnenseite.com\/de\/#website\",\"url\":\"https:\/\/www.sonnenseite.com\/de\/\",\"name\":\"Sonnenseite\",\"description\":\"\u00d6kologische Kommunikation mit Franz Alt\",\"publisher\":{\"@id\":\"https:\/\/www.sonnenseite.com\/de\/#organization\"},\"potentialAction\":[{\"@type\":\"SearchAction\",\"target\":{\"@type\":\"EntryPoint\",\"urlTemplate\":\"https:\/\/www.sonnenseite.com\/de\/?s={search_term_string}\"},\"query-input\":{\"@type\":\"PropertyValueSpecification\",\"valueRequired\":true,\"valueName\":\"search_term_string\"}}],\"inLanguage\":\"de\"},{\"@type\":\"Organization\",\"@id\":\"https:\/\/www.sonnenseite.com\/de\/#organization\",\"name\":\"Sonnenseite\",\"url\":\"https:\/\/www.sonnenseite.com\/de\/\",\"logo\":{\"@type\":\"ImageObject\",\"inLanguage\":\"de\",\"@id\":\"https:\/\/www.sonnenseite.com\/de\/#\/schema\/logo\/image\/\",\"url\":\"https:\/\/www.sonnenseite.com\/wp-content\/uploads\/2020\/05\/Sonnenseite_Logo.png\",\"contentUrl\":\"https:\/\/www.sonnenseite.com\/wp-content\/uploads\/2020\/05\/Sonnenseite_Logo.png\",\"width\":377,\"height\":90,\"caption\":\"Sonnenseite\"},\"image\":{\"@id\":\"https:\/\/www.sonnenseite.com\/de\/#\/schema\/logo\/image\/\"},\"sameAs\":[\"https:\/\/www.facebook.com\/pages\/Franz-Alt-SONNENSEITECOM\/221072987903953?fref=ts\",\"https:\/\/x.com\/franzalt\",\"http:\/\/www.youtube.com\/results?search_query&amp;amp;quot;franz_alt&amp;amp;quot;&amp;amp;amp;amp;search_type&amp;amp;amp;amp;aq=f\"]},{\"@type\":\"Person\",\"@id\":\"https:\/\/www.sonnenseite.com\/de\/#\/schema\/person\/50fda0e926597684c7cc6695238a4eb9\",\"name\":\"Bigi Alt\"}]}<\/script>\n<!-- \/ Yoast SEO plugin. -->","yoast_head_json":{"title":"Hitze in der Stadt: In Bayerns St\u00e4dten werden hunderttausende B\u00e4ume gef\u00e4llt - Sonnenseite - \u00d6kologische Kommunikation mit Franz Alt","description":"Der BUND Naturschutz hat eine breit angelegte Befragung in den gr\u00f6\u00dften St\u00e4dten Bayerns durchgef\u00fchrt, um Baumf\u00e4llungen zu erfassen. Das Ergebnis unserer","robots":{"index":"index","follow":"follow","max-snippet":"max-snippet:-1","max-image-preview":"max-image-preview:large","max-video-preview":"max-video-preview:-1"},"canonical":"https:\/\/www.sonnenseite.com\/de\/umwelt\/hitze-in-der-stadt-in-bayerns-staedten-werden-hunderttausende-baeume-gefaellt\/","og_locale":"de_DE","og_type":"article","og_title":"Hitze in der Stadt: In Bayerns St\u00e4dten werden hunderttausende B\u00e4ume gef\u00e4llt - Sonnenseite - \u00d6kologische Kommunikation mit Franz Alt","og_description":"Der BUND Naturschutz hat eine breit angelegte Befragung in den gr\u00f6\u00dften St\u00e4dten Bayerns durchgef\u00fchrt, um Baumf\u00e4llungen zu erfassen. Das Ergebnis unserer","og_url":"https:\/\/www.sonnenseite.com\/de\/umwelt\/hitze-in-der-stadt-in-bayerns-staedten-werden-hunderttausende-baeume-gefaellt\/","og_site_name":"Sonnenseite","article_publisher":"https:\/\/www.facebook.com\/pages\/Franz-Alt-SONNENSEITECOM\/221072987903953?fref=ts","article_published_time":"2022-07-31T08:23:37+00:00","article_modified_time":"2022-07-31T08:23:38+00:00","og_image":[{"width":770,"height":420,"url":"https:\/\/www.sonnenseite.com\/wp-content\/uploads\/2018\/07\/Muenchen_Park_designerpoint.jpg","type":"image\/jpeg"}],"author":"Bigi Alt","twitter_card":"summary_large_image","twitter_creator":"@franzalt","twitter_site":"@franzalt","twitter_misc":{"Verfasst von":"Bigi Alt","Gesch\u00e4tzte Lesezeit":"6\u00a0Minuten"},"schema":{"@context":"https:\/\/schema.org","@graph":[{"@type":"Article","@id":"https:\/\/www.sonnenseite.com\/de\/umwelt\/hitze-in-der-stadt-in-bayerns-staedten-werden-hunderttausende-baeume-gefaellt\/#article","isPartOf":{"@id":"https:\/\/www.sonnenseite.com\/de\/umwelt\/hitze-in-der-stadt-in-bayerns-staedten-werden-hunderttausende-baeume-gefaellt\/"},"author":{"name":"Bigi Alt","@id":"https:\/\/www.sonnenseite.com\/de\/#\/schema\/person\/50fda0e926597684c7cc6695238a4eb9"},"headline":"Hitze in der Stadt: In Bayerns St\u00e4dten werden hunderttausende B\u00e4ume gef\u00e4llt","datePublished":"2022-07-31T08:23:37+00:00","dateModified":"2022-07-31T08:23:38+00:00","mainEntityOfPage":{"@id":"https:\/\/www.sonnenseite.com\/de\/umwelt\/hitze-in-der-stadt-in-bayerns-staedten-werden-hunderttausende-baeume-gefaellt\/"},"wordCount":1057,"publisher":{"@id":"https:\/\/www.sonnenseite.com\/de\/#organization"},"image":{"@id":"https:\/\/www.sonnenseite.com\/de\/umwelt\/hitze-in-der-stadt-in-bayerns-staedten-werden-hunderttausende-baeume-gefaellt\/#primaryimage"},"thumbnailUrl":"https:\/\/www.sonnenseite.com\/wp-content\/uploads\/2018\/07\/Muenchen_Park_designerpoint.jpg","articleSection":["Umwelt"],"inLanguage":"de"},{"@type":"WebPage","@id":"https:\/\/www.sonnenseite.com\/de\/umwelt\/hitze-in-der-stadt-in-bayerns-staedten-werden-hunderttausende-baeume-gefaellt\/","url":"https:\/\/www.sonnenseite.com\/de\/umwelt\/hitze-in-der-stadt-in-bayerns-staedten-werden-hunderttausende-baeume-gefaellt\/","name":"Hitze in der Stadt: In Bayerns St\u00e4dten werden hunderttausende B\u00e4ume gef\u00e4llt - Sonnenseite - \u00d6kologische Kommunikation mit Franz Alt","isPartOf":{"@id":"https:\/\/www.sonnenseite.com\/de\/#website"},"primaryImageOfPage":{"@id":"https:\/\/www.sonnenseite.com\/de\/umwelt\/hitze-in-der-stadt-in-bayerns-staedten-werden-hunderttausende-baeume-gefaellt\/#primaryimage"},"image":{"@id":"https:\/\/www.sonnenseite.com\/de\/umwelt\/hitze-in-der-stadt-in-bayerns-staedten-werden-hunderttausende-baeume-gefaellt\/#primaryimage"},"thumbnailUrl":"https:\/\/www.sonnenseite.com\/wp-content\/uploads\/2018\/07\/Muenchen_Park_designerpoint.jpg","datePublished":"2022-07-31T08:23:37+00:00","dateModified":"2022-07-31T08:23:38+00:00","description":"Der BUND Naturschutz hat eine breit angelegte Befragung in den gr\u00f6\u00dften St\u00e4dten Bayerns durchgef\u00fchrt, um Baumf\u00e4llungen zu erfassen. Das Ergebnis unserer","breadcrumb":{"@id":"https:\/\/www.sonnenseite.com\/de\/umwelt\/hitze-in-der-stadt-in-bayerns-staedten-werden-hunderttausende-baeume-gefaellt\/#breadcrumb"},"inLanguage":"de","potentialAction":[{"@type":"ReadAction","target":["https:\/\/www.sonnenseite.com\/de\/umwelt\/hitze-in-der-stadt-in-bayerns-staedten-werden-hunderttausende-baeume-gefaellt\/"]}]},{"@type":"ImageObject","inLanguage":"de","@id":"https:\/\/www.sonnenseite.com\/de\/umwelt\/hitze-in-der-stadt-in-bayerns-staedten-werden-hunderttausende-baeume-gefaellt\/#primaryimage","url":"https:\/\/www.sonnenseite.com\/wp-content\/uploads\/2018\/07\/Muenchen_Park_designerpoint.jpg","contentUrl":"https:\/\/www.sonnenseite.com\/wp-content\/uploads\/2018\/07\/Muenchen_Park_designerpoint.jpg","width":770,"height":420,"caption":"pixabay.com | designerpoint"},{"@type":"BreadcrumbList","@id":"https:\/\/www.sonnenseite.com\/de\/umwelt\/hitze-in-der-stadt-in-bayerns-staedten-werden-hunderttausende-baeume-gefaellt\/#breadcrumb","itemListElement":[{"@type":"ListItem","position":1,"name":"Startseite","item":"https:\/\/www.sonnenseite.com\/de\/"},{"@type":"ListItem","position":2,"name":"Hitze in der Stadt: In Bayerns St\u00e4dten werden hunderttausende B\u00e4ume gef\u00e4llt"}]},{"@type":"WebSite","@id":"https:\/\/www.sonnenseite.com\/de\/#website","url":"https:\/\/www.sonnenseite.com\/de\/","name":"Sonnenseite","description":"\u00d6kologische Kommunikation mit Franz Alt","publisher":{"@id":"https:\/\/www.sonnenseite.com\/de\/#organization"},"potentialAction":[{"@type":"SearchAction","target":{"@type":"EntryPoint","urlTemplate":"https:\/\/www.sonnenseite.com\/de\/?s={search_term_string}"},"query-input":{"@type":"PropertyValueSpecification","valueRequired":true,"valueName":"search_term_string"}}],"inLanguage":"de"},{"@type":"Organization","@id":"https:\/\/www.sonnenseite.com\/de\/#organization","name":"Sonnenseite","url":"https:\/\/www.sonnenseite.com\/de\/","logo":{"@type":"ImageObject","inLanguage":"de","@id":"https:\/\/www.sonnenseite.com\/de\/#\/schema\/logo\/image\/","url":"https:\/\/www.sonnenseite.com\/wp-content\/uploads\/2020\/05\/Sonnenseite_Logo.png","contentUrl":"https:\/\/www.sonnenseite.com\/wp-content\/uploads\/2020\/05\/Sonnenseite_Logo.png","width":377,"height":90,"caption":"Sonnenseite"},"image":{"@id":"https:\/\/www.sonnenseite.com\/de\/#\/schema\/logo\/image\/"},"sameAs":["https:\/\/www.facebook.com\/pages\/Franz-Alt-SONNENSEITECOM\/221072987903953?fref=ts","https:\/\/x.com\/franzalt","http:\/\/www.youtube.com\/results?search_query&amp;amp;quot;franz_alt&amp;amp;quot;&amp;amp;amp;amp;search_type&amp;amp;amp;amp;aq=f"]},{"@type":"Person","@id":"https:\/\/www.sonnenseite.com\/de\/#\/schema\/person\/50fda0e926597684c7cc6695238a4eb9","name":"Bigi Alt"}]}},"_links":{"self":[{"href":"https:\/\/www.sonnenseite.com\/de\/wp-json\/wp\/v2\/posts\/84158","targetHints":{"allow":["GET"]}}],"collection":[{"href":"https:\/\/www.sonnenseite.com\/de\/wp-json\/wp\/v2\/posts"}],"about":[{"href":"https:\/\/www.sonnenseite.com\/de\/wp-json\/wp\/v2\/types\/post"}],"author":[{"embeddable":true,"href":"https:\/\/www.sonnenseite.com\/de\/wp-json\/wp\/v2\/users\/3"}],"replies":[{"embeddable":true,"href":"https:\/\/www.sonnenseite.com\/de\/wp-json\/wp\/v2\/comments?post=84158"}],"version-history":[{"count":2,"href":"https:\/\/www.sonnenseite.com\/de\/wp-json\/wp\/v2\/posts\/84158\/revisions"}],"predecessor-version":[{"id":84162,"href":"https:\/\/www.sonnenseite.com\/de\/wp-json\/wp\/v2\/posts\/84158\/revisions\/84162"}],"wp:featuredmedia":[{"embeddable":true,"href":"https:\/\/www.sonnenseite.com\/de\/wp-json\/wp\/v2\/media\/16856"}],"wp:attachment":[{"href":"https:\/\/www.sonnenseite.com\/de\/wp-json\/wp\/v2\/media?parent=84158"}],"wp:term":[{"taxonomy":"category","embeddable":true,"href":"https:\/\/www.sonnenseite.com\/de\/wp-json\/wp\/v2\/categories?post=84158"},{"taxonomy":"post_tag","embeddable":true,"href":"https:\/\/www.sonnenseite.com\/de\/wp-json\/wp\/v2\/tags?post=84158"}],"curies":[{"name":"wp","href":"https:\/\/api.w.org\/{rel}","templated":true}]}}