{"id":84190,"date":"2022-08-02T02:51:00","date_gmt":"2022-08-02T00:51:00","guid":{"rendered":"https:\/\/www.sonnenseite.com\/?p=84190"},"modified":"2022-08-01T16:52:07","modified_gmt":"2022-08-01T14:52:07","slug":"dreckige-luft-toetet-jaehrlich-10-millionen-menschen","status":"publish","type":"post","link":"https:\/\/www.sonnenseite.com\/de\/umwelt\/dreckige-luft-toetet-jaehrlich-10-millionen-menschen\/","title":{"rendered":"Dreckige Luft t\u00f6tet j\u00e4hrlich 10 Millionen Menschen"},"content":{"rendered":"\n<p>Fast niemand kann der Luftverschmutzung entgehen. Sie ist eine der h\u00e4ufigsten Todesursachen weltweit.<\/p>\n\n\n\n<p>Die Zahlen sind atemberaubend \u2013 im wahrsten Sinn des Wortes: 973 von 1\u2019000 Menschen auf der Erde atmen regelm\u00e4\u00dfig Schadstoffe ein. Diese Statistik hat das\u00a0<a href=\"https:\/\/aqli.epic.uchicago.edu\/the-index\/\">\u00abAir Quality Life Index\u00bb<\/a>-Projekt der Universit\u00e4t von Chicago letzten Monat ver\u00f6ffentlicht. Und dieser AQLI gilt als der Goldstandard der weltweiten Luftqualit\u00e4ts-Forschung. Die neusten Ergebnisse ber\u00fccksichtigen die von der Weltgesundheitsorganisation im letzten Herbst abgesenkten Grenzwerte von zehn auf f\u00fcnf Mikrogramme Partikel Feinststaub pro Kubikmeter Luft.<\/p>\n\n\n\n<p>Es \u00fcberrascht nicht, dass die Luftqualit\u00e4t in armen L\u00e4ndern, wo sich die Industrialisierung erst im Aufbau befindet, schlechter ist. Doch auch in wohlhabenderen Gegenden ist der Anstieg dramatisch. In den USA etwa lagen die Zahlen vor der neuen WHO-Regelung bei rund acht Prozent, neu sind es 93 Prozent. Und in Europa stieg die Zahl von 47 auf 95,5 Prozent. Kein einziges Land der Welt gen\u00fcgt heute den WHO-Standards, einzig drei kleinere Inseln verf\u00fcgen \u00fcber das, was als gesunde Luft gilt.<\/p>\n\n\n\n<h5 class=\"wp-block-heading\">Aber wie ungesund ist ungesunde Luft wirklich? <\/h5>\n\n\n\n<p>Die Luft ist nicht \u00fcberall gleich ungesund, aber global gesehen sind die Auswirkungen besorgniserregend.\u00a0<\/p>\n\n\n\n<ul class=\"wp-block-list\"><li>Gesch\u00e4tzte zehn Millionen Menschen sterben jedes Jahr daran.&nbsp;<\/li><li>Gegen acht Millionen dieser Todesf\u00e4lle werden der Luftverschmutzung aufgrund fossiler Brennstoffe zugeschrieben. Das ist jeder f\u00fcnfte Todesfall.&nbsp;<\/li><\/ul>\n\n\n\n<p>Auch wenn sich die Sch\u00e4tzungen unterscheiden, kommen alle auf Millionen. Jedes Jahr fordert schlechte Luft um die zehn Millionen Opfer, das sind 100 Millionen in einem Jahrzehnt und 400 Millionen w\u00e4hrend einer durchschnittlichen Lebenszeit. \u00abEs sind unfassbare Zahlen\u00bb, schreibt David Wallace-Wells in der \u00abNew York Times\u00bb. Wallace ist Autor des Buches&nbsp;<a href=\"https:\/\/www.orellfuessli.ch\/shop\/home\/artikeldetails\/A1055905247?ProvID=10917751&amp;gclid=Cj0KCQjw8uOWBhDXARIsAOxKJ2G7gJIZrz28zX3ADIAa2e_IBfTIvIZ39t88_POJutLNpI_kRxRMzWoaAqfjEALw_wcB\">\u00abThe uninhabitable Earth\u00bb<\/a>.<\/p>\n\n\n\n<p>Dennoch taucht Luftverschmutzung kaum je als offizielle Todesursache in den Statistiken auf. Kein Arzt schreibt \u00abLuftverschmutzung\u00bb als Todesursache auf die Todesbescheinigung. In Gro\u00dfbritannien, wo j\u00e4hrlich gesch\u00e4tzte 40\u2019000 Menschen an den Folgen schlechter Luft sterben, wurde Luftverschmutzung im Jahr 2020 zum ersten Mal als Todesursache bei der neunj\u00e4hrigen Ella Adoo-Kissi-Debrah festgehalten, die an Asthma starb. Der Tod dieses M\u00e4dchens hat ein neues Gesetz angesto\u00dfen.\u00a0<a href=\"https:\/\/www.theguardian.com\/environment\/2022\/may\/20\/ellas-law-bill-right-to-clean-air-uk-pollution-jenny-jones\">Ellas Gesetz<\/a>\u00a0gesteht jetzt Britinnen und Briten das Recht auf gesunde Luft zu.<\/p>\n\n\n\n<p>Zwei Drittel der Weltbev\u00f6lkerung atmen Luft, die mit mehr als 25 Mikrogramm Schadstoffen per Kubikmeter belastet ist. Das ist f\u00fcnf Mal h\u00f6her als der neue WHO-Grenzwert. In Indien w\u00fcrde laut AQLI die Einhaltung der neuen Werte die Lebenserwartung einer Milliarde Menschen um mehr als f\u00fcnf Jahre verl\u00e4ngern. In Delhi sogar um zehn Jahre.&nbsp;<\/p>\n\n\n\n<p>Wie bei allen Schadstoffbelastungen geht es auch bei schlechter Luft nicht nur um die Letalit\u00e4tsrate. Belastete Luft verursacht eine ganze Reihe von Leiden: Atemwegserkrankungen, Herzkrankheiten, Krebs, Schlaganf\u00e4lle, Alzheimer, Parkinson, Demenz\u2026 Die Liste ist lang. Dazu kommen kognitive Defizite,&nbsp;&nbsp;eingeschr\u00e4nktes Erinnerungsverm\u00f6gen und Sprache, Fr\u00fchgeburten und niedrige Geburtsgewichte, ADHS und Autismus, Geisteskrankheiten, Depressionen, Selbstmorde.&nbsp;<\/p>\n\n\n\n<p>Laut dem&nbsp;<a href=\"https:\/\/www.healtheffects.org\/annual-report-2021\">\u00abState Global Air Report 2021\u00bb<\/a>, sterben j\u00e4hrlich eine halbe Million Neugeborene an Luftverschmutzung. Das entspricht einem F\u00fcnftel aller Todesf\u00e4lle. In S\u00fcdasien fordert sie laut dem Wissenschaftsmagazin The Lancet gesch\u00e4tzte 349\u2019000 Totgeburten und Fehlgeburten pro Jahr, mehr als eine in 15 Schwangerschaften. In Indien werden rund 100\u2019000 Todesf\u00e4lle bei Neugeborenen der Luftverschmutzung zugeschrieben. Es gibt andere Studien, die rund sechs Millionen Fr\u00fchgeburten berechnen und gegen drei Millionen untergewichtige Neugeborene pro Jahr.<\/p>\n\n\n\n<p>Dass Gegenma\u00dfnahmen durchaus etwas bewirken, zeigt Der\u00a0<a href=\"https:\/\/www.epa.gov\/clean-air-act-overview\/clean-air-act-text\">\u00abClean Air Act\u00bb<\/a>, der in den USA aufgrund der Luftverschmutzung eingef\u00fchrt wurde. Er rettet gesch\u00e4tzte 370\u2019000 Leben j\u00e4hrlich. Und China, wo zwischen 2000 und 2016 \u00fcber 30 Millionen Todesf\u00e4lle der extrem schmutzigen Luft zugeschrieben wurden, hat die Verschmutzung um fast die H\u00e4lfte gesenkt. Damit ist die durchschnittliche Lebenserwartung um rund zwei Jahre gestiegen. Dennoch stirbt immer noch etwa eine Million Menschen jedes Jahr daran. \u00c4hnliche Zahlen gelten f\u00fcr den Afrikanischen Kontinent, der wesentlich weniger dicht bev\u00f6lkert ist.<\/p>\n\n\n\n<p>Der Ausstieg aus der Verbrennung fossiler Treibstoffe d\u00fcrfte gro\u00dfe Wirkung zeigen. Luftverschmutzung scheint etwa gleich viele Todesf\u00e4lle zu verursachen wie Krebs, zu dem sie beitr\u00e4gt. Aber weniger als Herzkrankheiten, die sie ebenfalls mit verursacht. Anders als gesundheitssch\u00e4digenden Faktoren wie Alkohol oder Tabak kann ihr fast niemand entgehen.<\/p>\n\n\n<h5 class=\"green\">Quelle<\/h5>\r\n\n\n\n<p>Der Bericht wurde von der\u00a0<a href=\"https:\/\/www.infosperber.ch\/umwelt\/luft-klima\/dreckige-luft-toetet-jaehrlich-10-millionen-menschen\/\">Redaktion \u201eINFOsperber.ch\u201c 2022<\/a>\u00a0verfasst\u00a0\u2013 der Artikel darf\u00a0nicht ohne\u00a0<a href=\"mailto:kontakt@infosperber.ch\" target=\"_blank\" rel=\"noreferrer noopener\">Genehmigung\u00a0weiterverbreitet<\/a>\u00a0werden!\u00a0<em><a href=\"mailto:c.dettwiler@bluewin.ch\">Christa Dettwiler<\/a> | 1.08.2022<\/em> <strong>\u00a0<\/strong>| <em>Dieser Artikel fasst einen Beitrag von David Wallace-Wells in der \u00abNew York Times\u00bb zusammen.<\/em><\/p>\n<div class=\"shariff shariff-align-flex-start shariff-widget-align-flex-start\"><div class=\"ShariffHeadline\">Diese Meldung teilen<\/div><ul class=\"shariff-buttons theme-round orientation-horizontal buttonsize-medium\"><li class=\"shariff-button facebook shariff-nocustomcolor\" style=\"background-color:#4273c8;border-radius:1%\"><a href=\"https:\/\/www.facebook.com\/sharer\/sharer.php?u=https%3A%2F%2Fwww.sonnenseite.com%2Fde%2Fumwelt%2Fdreckige-luft-toetet-jaehrlich-10-millionen-menschen%2F\" title=\"Bei Facebook teilen\" aria-label=\"Bei Facebook teilen\" role=\"button\" rel=\"nofollow\" class=\"shariff-link\" style=\";border-radius:1%; background-color:#3b5998; color:#fff\" target=\"_blank\"><span class=\"shariff-icon\" style=\"\"><svg width=\"32px\" height=\"20px\" xmlns=\"http:\/\/www.w3.org\/2000\/svg\" viewBox=\"0 0 18 32\"><path fill=\"#3b5998\" d=\"M17.1 0.2v4.7h-2.8q-1.5 0-2.1 0.6t-0.5 1.9v3.4h5.2l-0.7 5.3h-4.5v13.6h-5.5v-13.6h-4.5v-5.3h4.5v-3.9q0-3.3 1.9-5.2t5-1.8q2.6 0 4.1 0.2z\"\/><\/svg><\/span><\/a><\/li><li class=\"shariff-button twitter shariff-nocustomcolor\" style=\"background-color:#595959;border-radius:1%\"><a href=\"https:\/\/twitter.com\/share?url=https%3A%2F%2Fwww.sonnenseite.com%2Fde%2Fumwelt%2Fdreckige-luft-toetet-jaehrlich-10-millionen-menschen%2F&text=Dreckige%20Luft%20t%C3%B6tet%20j%C3%A4hrlich%2010%20Millionen%20Menschen\" title=\"Bei X teilen\" aria-label=\"Bei X teilen\" role=\"button\" rel=\"noopener nofollow\" class=\"shariff-link\" style=\";border-radius:1%; background-color:#000; color:#fff\" target=\"_blank\"><span class=\"shariff-icon\" style=\"\"><svg width=\"32px\" height=\"20px\" xmlns=\"http:\/\/www.w3.org\/2000\/svg\" viewBox=\"0 0 24 24\"><path fill=\"#000\" d=\"M14.258 10.152L23.176 0h-2.113l-7.747 8.813L7.133 0H0l9.352 13.328L0 23.973h2.113l8.176-9.309 6.531 9.309h7.133zm-2.895 3.293l-.949-1.328L2.875 1.56h3.246l6.086 8.523.945 1.328 7.91 11.078h-3.246zm0 0\"\/><\/svg><\/span><\/a><\/li><li class=\"shariff-button xing shariff-nocustomcolor\" style=\"background-color:#29888a;border-radius:1%\"><a href=\"https:\/\/www.xing.com\/spi\/shares\/new?url=https%3A%2F%2Fwww.sonnenseite.com%2Fde%2Fumwelt%2Fdreckige-luft-toetet-jaehrlich-10-millionen-menschen%2F\" title=\"Bei XING teilen\" aria-label=\"Bei XING teilen\" role=\"button\" rel=\"noopener nofollow\" class=\"shariff-link\" style=\";border-radius:1%; background-color:#126567; color:#fff\" target=\"_blank\"><span class=\"shariff-icon\" style=\"\"><svg width=\"32px\" height=\"20px\" xmlns=\"http:\/\/www.w3.org\/2000\/svg\" viewBox=\"0 0 25 32\"><path fill=\"#126567\" d=\"M10.7 11.9q-0.2 0.3-4.6 8.2-0.5 0.8-1.2 0.8h-4.3q-0.4 0-0.5-0.3t0-0.6l4.5-8q0 0 0 0l-2.9-5q-0.2-0.4 0-0.7 0.2-0.3 0.5-0.3h4.3q0.7 0 1.2 0.8zM25.1 0.4q0.2 0.3 0 0.7l-9.4 16.7 6 11q0.2 0.4 0 0.6-0.2 0.3-0.6 0.3h-4.3q-0.7 0-1.2-0.8l-6-11.1q0.3-0.6 9.5-16.8 0.4-0.8 1.2-0.8h4.3q0.4 0 0.5 0.3z\"\/><\/svg><\/span><\/a><\/li><li class=\"shariff-button linkedin shariff-nocustomcolor\" style=\"background-color:#1488bf;border-radius:1%\"><a href=\"https:\/\/www.linkedin.com\/sharing\/share-offsite\/?url=https%3A%2F%2Fwww.sonnenseite.com%2Fde%2Fumwelt%2Fdreckige-luft-toetet-jaehrlich-10-millionen-menschen%2F\" title=\"Bei LinkedIn teilen\" aria-label=\"Bei LinkedIn teilen\" role=\"button\" rel=\"noopener nofollow\" class=\"shariff-link\" style=\";border-radius:1%; background-color:#0077b5; color:#fff\" target=\"_blank\"><span class=\"shariff-icon\" style=\"\"><svg width=\"32px\" height=\"20px\" xmlns=\"http:\/\/www.w3.org\/2000\/svg\" viewBox=\"0 0 27 32\"><path fill=\"#0077b5\" d=\"M6.2 11.2v17.7h-5.9v-17.7h5.9zM6.6 5.7q0 1.3-0.9 2.2t-2.4 0.9h0q-1.5 0-2.4-0.9t-0.9-2.2 0.9-2.2 2.4-0.9 2.4 0.9 0.9 2.2zM27.4 18.7v10.1h-5.9v-9.5q0-1.9-0.7-2.9t-2.3-1.1q-1.1 0-1.9 0.6t-1.2 1.5q-0.2 0.5-0.2 1.4v9.9h-5.9q0-7.1 0-11.6t0-5.3l0-0.9h5.9v2.6h0q0.4-0.6 0.7-1t1-0.9 1.6-0.8 2-0.3q3 0 4.9 2t1.9 6z\"\/><\/svg><\/span><\/a><\/li><li class=\"shariff-button printer shariff-nocustomcolor\" style=\"background-color:#a8a8a8;border-radius:1%\"><a href=\"javascript:window.print()\" title=\"drucken\" aria-label=\"drucken\" role=\"button\" rel=\"noopener nofollow\" class=\"shariff-link\" style=\";border-radius:1%; background-color:#999; color:#fff\"><span class=\"shariff-icon\" style=\"\"><svg width=\"32px\" height=\"20px\" xmlns=\"http:\/\/www.w3.org\/2000\/svg\" viewBox=\"0 0 30 32\"><path fill=\"#999\" d=\"M6.8 27.4h16v-4.6h-16v4.6zM6.8 16h16v-6.8h-2.8q-0.7 0-1.2-0.5t-0.5-1.2v-2.8h-11.4v11.4zM27.4 17.2q0-0.5-0.3-0.8t-0.8-0.4-0.8 0.4-0.3 0.8 0.3 0.8 0.8 0.3 0.8-0.3 0.3-0.8zM29.7 17.2v7.4q0 0.2-0.2 0.4t-0.4 0.2h-4v2.8q0 0.7-0.5 1.2t-1.2 0.5h-17.2q-0.7 0-1.2-0.5t-0.5-1.2v-2.8h-4q-0.2 0-0.4-0.2t-0.2-0.4v-7.4q0-1.4 1-2.4t2.4-1h1.2v-9.7q0-0.7 0.5-1.2t1.2-0.5h12q0.7 0 1.6 0.4t1.3 0.8l2.7 2.7q0.5 0.5 0.9 1.4t0.4 1.6v4.6h1.1q1.4 0 2.4 1t1 2.4z\"\/><\/svg><\/span><\/a><\/li><li class=\"shariff-button mailto shariff-nocustomcolor\" style=\"background-color:#a8a8a8;border-radius:1%\"><a href=\"mailto:?body=https%3A%2F%2Fwww.sonnenseite.com%2Fde%2Fumwelt%2Fdreckige-luft-toetet-jaehrlich-10-millionen-menschen%2F&subject=Dreckige%20Luft%20t%C3%B6tet%20j%C3%A4hrlich%2010%20Millionen%20Menschen\" title=\"Per E-Mail versenden\" aria-label=\"Per E-Mail versenden\" role=\"button\" rel=\"noopener nofollow\" class=\"shariff-link\" style=\";border-radius:1%; background-color:#999; color:#fff\"><span class=\"shariff-icon\" style=\"\"><svg width=\"32px\" height=\"20px\" xmlns=\"http:\/\/www.w3.org\/2000\/svg\" viewBox=\"0 0 32 32\"><path fill=\"#999\" d=\"M32 12.7v14.2q0 1.2-0.8 2t-2 0.9h-26.3q-1.2 0-2-0.9t-0.8-2v-14.2q0.8 0.9 1.8 1.6 6.5 4.4 8.9 6.1 1 0.8 1.6 1.2t1.7 0.9 2 0.4h0.1q0.9 0 2-0.4t1.7-0.9 1.6-1.2q3-2.2 8.9-6.1 1-0.7 1.8-1.6zM32 7.4q0 1.4-0.9 2.7t-2.2 2.2q-6.7 4.7-8.4 5.8-0.2 0.1-0.7 0.5t-1 0.7-0.9 0.6-1.1 0.5-0.9 0.2h-0.1q-0.4 0-0.9-0.2t-1.1-0.5-0.9-0.6-1-0.7-0.7-0.5q-1.6-1.1-4.7-3.2t-3.6-2.6q-1.1-0.7-2.1-2t-1-2.5q0-1.4 0.7-2.3t2.1-0.9h26.3q1.2 0 2 0.8t0.9 2z\"\/><\/svg><\/span><\/a><\/li><\/ul><\/div>","protected":false},"excerpt":{"rendered":"<p>Fast niemand kann der Luftverschmutzung entgehen. Sie ist eine der h\u00e4ufigsten Todesursachen weltweit. Die Zahlen sind [&hellip;]<\/p>\n","protected":false},"author":3,"featured_media":7283,"comment_status":"closed","ping_status":"closed","sticky":false,"template":"","format":"standard","meta":{"inline_featured_image":false,"footnotes":""},"categories":[23],"tags":[],"class_list":["post-84190","post","type-post","status-publish","format-standard","has-post-thumbnail","hentry","category-umwelt"],"yoast_head":"<!-- This site is optimized with the Yoast SEO plugin v26.5 - https:\/\/yoast.com\/wordpress\/plugins\/seo\/ -->\n<title>Dreckige Luft t\u00f6tet j\u00e4hrlich 10 Millionen Menschen - Sonnenseite - \u00d6kologische Kommunikation mit Franz Alt<\/title>\n<meta name=\"description\" content=\"Fast niemand kann der Luftverschmutzung entgehen. Sie ist eine der h\u00e4ufigsten Todesursachen weltweit. Die Zahlen sind atemberaubend \u2013 im wahrsten Sinn des\" \/>\n<meta name=\"robots\" content=\"index, follow, max-snippet:-1, max-image-preview:large, max-video-preview:-1\" \/>\n<link rel=\"canonical\" href=\"https:\/\/www.sonnenseite.com\/de\/umwelt\/dreckige-luft-toetet-jaehrlich-10-millionen-menschen\/\" \/>\n<meta property=\"og:locale\" content=\"de_DE\" \/>\n<meta property=\"og:type\" content=\"article\" \/>\n<meta property=\"og:title\" content=\"Dreckige Luft t\u00f6tet j\u00e4hrlich 10 Millionen Menschen - Sonnenseite - \u00d6kologische Kommunikation mit Franz Alt\" \/>\n<meta property=\"og:description\" content=\"Fast niemand kann der Luftverschmutzung entgehen. Sie ist eine der h\u00e4ufigsten Todesursachen weltweit. Die Zahlen sind atemberaubend \u2013 im wahrsten Sinn des\" \/>\n<meta property=\"og:url\" content=\"https:\/\/www.sonnenseite.com\/de\/umwelt\/dreckige-luft-toetet-jaehrlich-10-millionen-menschen\/\" \/>\n<meta property=\"og:site_name\" content=\"Sonnenseite\" \/>\n<meta property=\"article:publisher\" content=\"https:\/\/www.facebook.com\/pages\/Franz-Alt-SONNENSEITECOM\/221072987903953?fref=ts\" \/>\n<meta property=\"article:published_time\" content=\"2022-08-02T00:51:00+00:00\" \/>\n<meta property=\"og:image\" content=\"https:\/\/www.sonnenseite.com\/wp-content\/uploads\/2019\/08\/Luftverschmutzung_SergeyNivens.jpg\" \/>\n\t<meta property=\"og:image:width\" content=\"770\" \/>\n\t<meta property=\"og:image:height\" content=\"420\" \/>\n\t<meta property=\"og:image:type\" content=\"image\/jpeg\" \/>\n<meta name=\"author\" content=\"Bigi Alt\" \/>\n<meta name=\"twitter:card\" content=\"summary_large_image\" \/>\n<meta name=\"twitter:creator\" content=\"@franzalt\" \/>\n<meta name=\"twitter:site\" content=\"@franzalt\" \/>\n<meta name=\"twitter:label1\" content=\"Verfasst von\" \/>\n\t<meta name=\"twitter:data1\" content=\"Bigi Alt\" \/>\n\t<meta name=\"twitter:label2\" content=\"Gesch\u00e4tzte Lesezeit\" \/>\n\t<meta name=\"twitter:data2\" content=\"4\u00a0Minuten\" \/>\n<script type=\"application\/ld+json\" class=\"yoast-schema-graph\">{\"@context\":\"https:\/\/schema.org\",\"@graph\":[{\"@type\":\"Article\",\"@id\":\"https:\/\/www.sonnenseite.com\/de\/umwelt\/dreckige-luft-toetet-jaehrlich-10-millionen-menschen\/#article\",\"isPartOf\":{\"@id\":\"https:\/\/www.sonnenseite.com\/de\/umwelt\/dreckige-luft-toetet-jaehrlich-10-millionen-menschen\/\"},\"author\":{\"name\":\"Bigi Alt\",\"@id\":\"https:\/\/www.sonnenseite.com\/de\/#\/schema\/person\/50fda0e926597684c7cc6695238a4eb9\"},\"headline\":\"Dreckige Luft t\u00f6tet j\u00e4hrlich 10 Millionen Menschen\",\"datePublished\":\"2022-08-02T00:51:00+00:00\",\"mainEntityOfPage\":{\"@id\":\"https:\/\/www.sonnenseite.com\/de\/umwelt\/dreckige-luft-toetet-jaehrlich-10-millionen-menschen\/\"},\"wordCount\":730,\"publisher\":{\"@id\":\"https:\/\/www.sonnenseite.com\/de\/#organization\"},\"image\":{\"@id\":\"https:\/\/www.sonnenseite.com\/de\/umwelt\/dreckige-luft-toetet-jaehrlich-10-millionen-menschen\/#primaryimage\"},\"thumbnailUrl\":\"https:\/\/www.sonnenseite.com\/wp-content\/uploads\/2019\/08\/Luftverschmutzung_SergeyNivens.jpg\",\"articleSection\":[\"Umwelt\"],\"inLanguage\":\"de\"},{\"@type\":\"WebPage\",\"@id\":\"https:\/\/www.sonnenseite.com\/de\/umwelt\/dreckige-luft-toetet-jaehrlich-10-millionen-menschen\/\",\"url\":\"https:\/\/www.sonnenseite.com\/de\/umwelt\/dreckige-luft-toetet-jaehrlich-10-millionen-menschen\/\",\"name\":\"Dreckige Luft t\u00f6tet j\u00e4hrlich 10 Millionen Menschen - Sonnenseite - \u00d6kologische Kommunikation mit Franz Alt\",\"isPartOf\":{\"@id\":\"https:\/\/www.sonnenseite.com\/de\/#website\"},\"primaryImageOfPage\":{\"@id\":\"https:\/\/www.sonnenseite.com\/de\/umwelt\/dreckige-luft-toetet-jaehrlich-10-millionen-menschen\/#primaryimage\"},\"image\":{\"@id\":\"https:\/\/www.sonnenseite.com\/de\/umwelt\/dreckige-luft-toetet-jaehrlich-10-millionen-menschen\/#primaryimage\"},\"thumbnailUrl\":\"https:\/\/www.sonnenseite.com\/wp-content\/uploads\/2019\/08\/Luftverschmutzung_SergeyNivens.jpg\",\"datePublished\":\"2022-08-02T00:51:00+00:00\",\"description\":\"Fast niemand kann der Luftverschmutzung entgehen. Sie ist eine der h\u00e4ufigsten Todesursachen weltweit. Die Zahlen sind atemberaubend \u2013 im wahrsten Sinn des\",\"breadcrumb\":{\"@id\":\"https:\/\/www.sonnenseite.com\/de\/umwelt\/dreckige-luft-toetet-jaehrlich-10-millionen-menschen\/#breadcrumb\"},\"inLanguage\":\"de\",\"potentialAction\":[{\"@type\":\"ReadAction\",\"target\":[\"https:\/\/www.sonnenseite.com\/de\/umwelt\/dreckige-luft-toetet-jaehrlich-10-millionen-menschen\/\"]}]},{\"@type\":\"ImageObject\",\"inLanguage\":\"de\",\"@id\":\"https:\/\/www.sonnenseite.com\/de\/umwelt\/dreckige-luft-toetet-jaehrlich-10-millionen-menschen\/#primaryimage\",\"url\":\"https:\/\/www.sonnenseite.com\/wp-content\/uploads\/2019\/08\/Luftverschmutzung_SergeyNivens.jpg\",\"contentUrl\":\"https:\/\/www.sonnenseite.com\/wp-content\/uploads\/2019\/08\/Luftverschmutzung_SergeyNivens.jpg\",\"width\":770,\"height\":420,\"caption\":\"Depositphotos | SergeyNivens\"},{\"@type\":\"BreadcrumbList\",\"@id\":\"https:\/\/www.sonnenseite.com\/de\/umwelt\/dreckige-luft-toetet-jaehrlich-10-millionen-menschen\/#breadcrumb\",\"itemListElement\":[{\"@type\":\"ListItem\",\"position\":1,\"name\":\"Startseite\",\"item\":\"https:\/\/www.sonnenseite.com\/de\/\"},{\"@type\":\"ListItem\",\"position\":2,\"name\":\"Dreckige Luft t\u00f6tet j\u00e4hrlich 10 Millionen Menschen\"}]},{\"@type\":\"WebSite\",\"@id\":\"https:\/\/www.sonnenseite.com\/de\/#website\",\"url\":\"https:\/\/www.sonnenseite.com\/de\/\",\"name\":\"Sonnenseite\",\"description\":\"\u00d6kologische Kommunikation mit Franz Alt\",\"publisher\":{\"@id\":\"https:\/\/www.sonnenseite.com\/de\/#organization\"},\"potentialAction\":[{\"@type\":\"SearchAction\",\"target\":{\"@type\":\"EntryPoint\",\"urlTemplate\":\"https:\/\/www.sonnenseite.com\/de\/?s={search_term_string}\"},\"query-input\":{\"@type\":\"PropertyValueSpecification\",\"valueRequired\":true,\"valueName\":\"search_term_string\"}}],\"inLanguage\":\"de\"},{\"@type\":\"Organization\",\"@id\":\"https:\/\/www.sonnenseite.com\/de\/#organization\",\"name\":\"Sonnenseite\",\"url\":\"https:\/\/www.sonnenseite.com\/de\/\",\"logo\":{\"@type\":\"ImageObject\",\"inLanguage\":\"de\",\"@id\":\"https:\/\/www.sonnenseite.com\/de\/#\/schema\/logo\/image\/\",\"url\":\"https:\/\/www.sonnenseite.com\/wp-content\/uploads\/2020\/05\/Sonnenseite_Logo.png\",\"contentUrl\":\"https:\/\/www.sonnenseite.com\/wp-content\/uploads\/2020\/05\/Sonnenseite_Logo.png\",\"width\":377,\"height\":90,\"caption\":\"Sonnenseite\"},\"image\":{\"@id\":\"https:\/\/www.sonnenseite.com\/de\/#\/schema\/logo\/image\/\"},\"sameAs\":[\"https:\/\/www.facebook.com\/pages\/Franz-Alt-SONNENSEITECOM\/221072987903953?fref=ts\",\"https:\/\/x.com\/franzalt\",\"http:\/\/www.youtube.com\/results?search_query&amp;amp;quot;franz_alt&amp;amp;quot;&amp;amp;amp;amp;search_type&amp;amp;amp;amp;aq=f\"]},{\"@type\":\"Person\",\"@id\":\"https:\/\/www.sonnenseite.com\/de\/#\/schema\/person\/50fda0e926597684c7cc6695238a4eb9\",\"name\":\"Bigi Alt\"}]}<\/script>\n<!-- \/ Yoast SEO plugin. -->","yoast_head_json":{"title":"Dreckige Luft t\u00f6tet j\u00e4hrlich 10 Millionen Menschen - Sonnenseite - \u00d6kologische Kommunikation mit Franz Alt","description":"Fast niemand kann der Luftverschmutzung entgehen. Sie ist eine der h\u00e4ufigsten Todesursachen weltweit. Die Zahlen sind atemberaubend \u2013 im wahrsten Sinn des","robots":{"index":"index","follow":"follow","max-snippet":"max-snippet:-1","max-image-preview":"max-image-preview:large","max-video-preview":"max-video-preview:-1"},"canonical":"https:\/\/www.sonnenseite.com\/de\/umwelt\/dreckige-luft-toetet-jaehrlich-10-millionen-menschen\/","og_locale":"de_DE","og_type":"article","og_title":"Dreckige Luft t\u00f6tet j\u00e4hrlich 10 Millionen Menschen - Sonnenseite - \u00d6kologische Kommunikation mit Franz Alt","og_description":"Fast niemand kann der Luftverschmutzung entgehen. Sie ist eine der h\u00e4ufigsten Todesursachen weltweit. Die Zahlen sind atemberaubend \u2013 im wahrsten Sinn des","og_url":"https:\/\/www.sonnenseite.com\/de\/umwelt\/dreckige-luft-toetet-jaehrlich-10-millionen-menschen\/","og_site_name":"Sonnenseite","article_publisher":"https:\/\/www.facebook.com\/pages\/Franz-Alt-SONNENSEITECOM\/221072987903953?fref=ts","article_published_time":"2022-08-02T00:51:00+00:00","og_image":[{"width":770,"height":420,"url":"https:\/\/www.sonnenseite.com\/wp-content\/uploads\/2019\/08\/Luftverschmutzung_SergeyNivens.jpg","type":"image\/jpeg"}],"author":"Bigi Alt","twitter_card":"summary_large_image","twitter_creator":"@franzalt","twitter_site":"@franzalt","twitter_misc":{"Verfasst von":"Bigi Alt","Gesch\u00e4tzte Lesezeit":"4\u00a0Minuten"},"schema":{"@context":"https:\/\/schema.org","@graph":[{"@type":"Article","@id":"https:\/\/www.sonnenseite.com\/de\/umwelt\/dreckige-luft-toetet-jaehrlich-10-millionen-menschen\/#article","isPartOf":{"@id":"https:\/\/www.sonnenseite.com\/de\/umwelt\/dreckige-luft-toetet-jaehrlich-10-millionen-menschen\/"},"author":{"name":"Bigi Alt","@id":"https:\/\/www.sonnenseite.com\/de\/#\/schema\/person\/50fda0e926597684c7cc6695238a4eb9"},"headline":"Dreckige Luft t\u00f6tet j\u00e4hrlich 10 Millionen Menschen","datePublished":"2022-08-02T00:51:00+00:00","mainEntityOfPage":{"@id":"https:\/\/www.sonnenseite.com\/de\/umwelt\/dreckige-luft-toetet-jaehrlich-10-millionen-menschen\/"},"wordCount":730,"publisher":{"@id":"https:\/\/www.sonnenseite.com\/de\/#organization"},"image":{"@id":"https:\/\/www.sonnenseite.com\/de\/umwelt\/dreckige-luft-toetet-jaehrlich-10-millionen-menschen\/#primaryimage"},"thumbnailUrl":"https:\/\/www.sonnenseite.com\/wp-content\/uploads\/2019\/08\/Luftverschmutzung_SergeyNivens.jpg","articleSection":["Umwelt"],"inLanguage":"de"},{"@type":"WebPage","@id":"https:\/\/www.sonnenseite.com\/de\/umwelt\/dreckige-luft-toetet-jaehrlich-10-millionen-menschen\/","url":"https:\/\/www.sonnenseite.com\/de\/umwelt\/dreckige-luft-toetet-jaehrlich-10-millionen-menschen\/","name":"Dreckige Luft t\u00f6tet j\u00e4hrlich 10 Millionen Menschen - Sonnenseite - \u00d6kologische Kommunikation mit Franz Alt","isPartOf":{"@id":"https:\/\/www.sonnenseite.com\/de\/#website"},"primaryImageOfPage":{"@id":"https:\/\/www.sonnenseite.com\/de\/umwelt\/dreckige-luft-toetet-jaehrlich-10-millionen-menschen\/#primaryimage"},"image":{"@id":"https:\/\/www.sonnenseite.com\/de\/umwelt\/dreckige-luft-toetet-jaehrlich-10-millionen-menschen\/#primaryimage"},"thumbnailUrl":"https:\/\/www.sonnenseite.com\/wp-content\/uploads\/2019\/08\/Luftverschmutzung_SergeyNivens.jpg","datePublished":"2022-08-02T00:51:00+00:00","description":"Fast niemand kann der Luftverschmutzung entgehen. Sie ist eine der h\u00e4ufigsten Todesursachen weltweit. Die Zahlen sind atemberaubend \u2013 im wahrsten Sinn des","breadcrumb":{"@id":"https:\/\/www.sonnenseite.com\/de\/umwelt\/dreckige-luft-toetet-jaehrlich-10-millionen-menschen\/#breadcrumb"},"inLanguage":"de","potentialAction":[{"@type":"ReadAction","target":["https:\/\/www.sonnenseite.com\/de\/umwelt\/dreckige-luft-toetet-jaehrlich-10-millionen-menschen\/"]}]},{"@type":"ImageObject","inLanguage":"de","@id":"https:\/\/www.sonnenseite.com\/de\/umwelt\/dreckige-luft-toetet-jaehrlich-10-millionen-menschen\/#primaryimage","url":"https:\/\/www.sonnenseite.com\/wp-content\/uploads\/2019\/08\/Luftverschmutzung_SergeyNivens.jpg","contentUrl":"https:\/\/www.sonnenseite.com\/wp-content\/uploads\/2019\/08\/Luftverschmutzung_SergeyNivens.jpg","width":770,"height":420,"caption":"Depositphotos | SergeyNivens"},{"@type":"BreadcrumbList","@id":"https:\/\/www.sonnenseite.com\/de\/umwelt\/dreckige-luft-toetet-jaehrlich-10-millionen-menschen\/#breadcrumb","itemListElement":[{"@type":"ListItem","position":1,"name":"Startseite","item":"https:\/\/www.sonnenseite.com\/de\/"},{"@type":"ListItem","position":2,"name":"Dreckige Luft t\u00f6tet j\u00e4hrlich 10 Millionen Menschen"}]},{"@type":"WebSite","@id":"https:\/\/www.sonnenseite.com\/de\/#website","url":"https:\/\/www.sonnenseite.com\/de\/","name":"Sonnenseite","description":"\u00d6kologische Kommunikation mit Franz Alt","publisher":{"@id":"https:\/\/www.sonnenseite.com\/de\/#organization"},"potentialAction":[{"@type":"SearchAction","target":{"@type":"EntryPoint","urlTemplate":"https:\/\/www.sonnenseite.com\/de\/?s={search_term_string}"},"query-input":{"@type":"PropertyValueSpecification","valueRequired":true,"valueName":"search_term_string"}}],"inLanguage":"de"},{"@type":"Organization","@id":"https:\/\/www.sonnenseite.com\/de\/#organization","name":"Sonnenseite","url":"https:\/\/www.sonnenseite.com\/de\/","logo":{"@type":"ImageObject","inLanguage":"de","@id":"https:\/\/www.sonnenseite.com\/de\/#\/schema\/logo\/image\/","url":"https:\/\/www.sonnenseite.com\/wp-content\/uploads\/2020\/05\/Sonnenseite_Logo.png","contentUrl":"https:\/\/www.sonnenseite.com\/wp-content\/uploads\/2020\/05\/Sonnenseite_Logo.png","width":377,"height":90,"caption":"Sonnenseite"},"image":{"@id":"https:\/\/www.sonnenseite.com\/de\/#\/schema\/logo\/image\/"},"sameAs":["https:\/\/www.facebook.com\/pages\/Franz-Alt-SONNENSEITECOM\/221072987903953?fref=ts","https:\/\/x.com\/franzalt","http:\/\/www.youtube.com\/results?search_query&amp;amp;quot;franz_alt&amp;amp;quot;&amp;amp;amp;amp;search_type&amp;amp;amp;amp;aq=f"]},{"@type":"Person","@id":"https:\/\/www.sonnenseite.com\/de\/#\/schema\/person\/50fda0e926597684c7cc6695238a4eb9","name":"Bigi Alt"}]}},"_links":{"self":[{"href":"https:\/\/www.sonnenseite.com\/de\/wp-json\/wp\/v2\/posts\/84190","targetHints":{"allow":["GET"]}}],"collection":[{"href":"https:\/\/www.sonnenseite.com\/de\/wp-json\/wp\/v2\/posts"}],"about":[{"href":"https:\/\/www.sonnenseite.com\/de\/wp-json\/wp\/v2\/types\/post"}],"author":[{"embeddable":true,"href":"https:\/\/www.sonnenseite.com\/de\/wp-json\/wp\/v2\/users\/3"}],"replies":[{"embeddable":true,"href":"https:\/\/www.sonnenseite.com\/de\/wp-json\/wp\/v2\/comments?post=84190"}],"version-history":[{"count":1,"href":"https:\/\/www.sonnenseite.com\/de\/wp-json\/wp\/v2\/posts\/84190\/revisions"}],"predecessor-version":[{"id":84191,"href":"https:\/\/www.sonnenseite.com\/de\/wp-json\/wp\/v2\/posts\/84190\/revisions\/84191"}],"wp:featuredmedia":[{"embeddable":true,"href":"https:\/\/www.sonnenseite.com\/de\/wp-json\/wp\/v2\/media\/7283"}],"wp:attachment":[{"href":"https:\/\/www.sonnenseite.com\/de\/wp-json\/wp\/v2\/media?parent=84190"}],"wp:term":[{"taxonomy":"category","embeddable":true,"href":"https:\/\/www.sonnenseite.com\/de\/wp-json\/wp\/v2\/categories?post=84190"},{"taxonomy":"post_tag","embeddable":true,"href":"https:\/\/www.sonnenseite.com\/de\/wp-json\/wp\/v2\/tags?post=84190"}],"curies":[{"name":"wp","href":"https:\/\/api.w.org\/{rel}","templated":true}]}}